{"id":35302,"date":"2022-10-19T11:19:01","date_gmt":"2022-10-19T14:19:01","guid":{"rendered":"https:\/\/jornalfatosenoticias.com.br\/?p=35302"},"modified":"2022-10-19T11:19:03","modified_gmt":"2022-10-19T14:19:03","slug":"nev-o-primeiro-patinete-inteligente-com-tecnologia-de-carro-de-luxo","status":"publish","type":"post","link":"https:\/\/jornalfatosenoticias.com.br\/index.php\/2022\/10\/19\/nev-o-primeiro-patinete-inteligente-com-tecnologia-de-carro-de-luxo\/","title":{"rendered":"NEV, o primeiro patinete inteligente com tecnologia de carro de luxo"},"content":{"rendered":"\n<div class=\"wp-block-image\"><figure class=\"aligncenter size-large\"><img loading=\"lazy\" decoding=\"async\" width=\"1024\" height=\"100\" src=\"https:\/\/jornalfatosenoticias.com.br\/wp-content\/uploads\/2020\/02\/banner_ferramentas-1024x100.jpg\" alt=\"\" class=\"wp-image-1258\" srcset=\"https:\/\/jornalfatosenoticias.com.br\/wp-content\/uploads\/2020\/02\/banner_ferramentas-1024x100.jpg 1024w, https:\/\/jornalfatosenoticias.com.br\/wp-content\/uploads\/2020\/02\/banner_ferramentas-300x29.jpg 300w, https:\/\/jornalfatosenoticias.com.br\/wp-content\/uploads\/2020\/02\/banner_ferramentas-768x75.jpg 768w, https:\/\/jornalfatosenoticias.com.br\/wp-content\/uploads\/2020\/02\/banner_ferramentas.jpg 1227w\" sizes=\"auto, (max-width: 1024px) 100vw, 1024px\" \/><\/figure><\/div>\n\n\n\n<p>Anunciado como o \u201cpatinete mais avan\u00e7ado do mundo\u201d pela Segem Micromobility, o NEV \u00e9 o primeiro <a href=\"https:\/\/olhardigital.com.br\/2022\/10\/10\/carros-e-tecnologia\/adocao-de-carros-eletricos-pode-demorar\/amp\/\" target=\"_blank\" rel=\"noreferrer noopener\">ve\u00edculo el\u00e9trico<\/a>\u00a0de duas rodas equipado com um sistema avan\u00e7ado de assist\u00eancia ao motorista (\u201c<em>Advanced Driver-Assistance Systems<\/em>\u201d ou ADAS), algo normalmente visto apenas em\u00a0<a href=\"https:\/\/olhardigital.com.br\/2022\/05\/06\/carros-e-tecnologia\/mustang-mach-e-premium-4x4-e-eleito-carro-do-ano-pela-associacao-automotiva-americana\/amp\/\" target=\"_blank\" rel=\"noreferrer noopener\">carros de \u00faltima gera\u00e7\u00e3o<\/a>.<\/p>\n\n\n\n<div class=\"wp-block-image\"><figure class=\"aligncenter size-large is-resized\"><img loading=\"lazy\" decoding=\"async\" src=\"https:\/\/jornalfatosenoticias.com.br\/wp-content\/uploads\/2022\/08\/logo-locau-veiculos-1024x573.png\" alt=\"\" class=\"wp-image-33078\" width=\"350\" height=\"195\"\/><\/figure><\/div>\n\n\n\n<p>O recurso \u00e9 uma das inova\u00e7\u00f5es mais importantes do mundo automotivo em termos de seguran\u00e7a e funciona assim: um radar de alta precis\u00e3o \u00e9 instalado na frente do ve\u00edculo e monitora uma s\u00e9rie de par\u00e2metros, como dist\u00e2ncia, velocidade e movimentos de outros objetos \u00e0 frente.<\/p>\n\n\n\n<div class=\"wp-block-image\"><figure class=\"aligncenter size-large\"><img loading=\"lazy\" decoding=\"async\" width=\"1024\" height=\"103\" src=\"https:\/\/jornalfatosenoticias.com.br\/wp-content\/uploads\/2022\/02\/Arte-Autoescola-Galatas_endereco_portal-1024x103.png\" alt=\"\" class=\"wp-image-27869\" srcset=\"https:\/\/jornalfatosenoticias.com.br\/wp-content\/uploads\/2022\/02\/Arte-Autoescola-Galatas_endereco_portal-1024x103.png 1024w, https:\/\/jornalfatosenoticias.com.br\/wp-content\/uploads\/2022\/02\/Arte-Autoescola-Galatas_endereco_portal-300x30.png 300w, https:\/\/jornalfatosenoticias.com.br\/wp-content\/uploads\/2022\/02\/Arte-Autoescola-Galatas_endereco_portal-768x77.png 768w, https:\/\/jornalfatosenoticias.com.br\/wp-content\/uploads\/2022\/02\/Arte-Autoescola-Galatas_endereco_portal.png 1223w\" sizes=\"auto, (max-width: 1024px) 100vw, 1024px\" \/><\/figure><\/div>\n\n\n\n<p>O NEV conta ainda com outras fun\u00e7\u00f5es de assist\u00eancia, como controle de cruzeiro adaptativo para manter uma dist\u00e2ncia segura de outros ve\u00edculos e detec\u00e7\u00e3o de colis\u00e3o. Uma tela de 7\u201d tamb\u00e9m exibe ao condutor dados do percurso em tempo real fornecidos pelo Google.<\/p>\n\n\n\n<div class=\"wp-block-image\"><figure class=\"aligncenter size-large\"><img decoding=\"async\" src=\"https:\/\/jornalfatosenoticias.com.br\/wp-content\/uploads\/2020\/02\/logo_esteio.jpg\" alt=\"\" class=\"wp-image-1214\"\/><\/figure><\/div>\n\n\n\n<p>O modelo movido a bateria tamb\u00e9m promete se destacar dos demais em outros quesitos. Seu quadro, por exemplo, \u00e9 feito de uma pe\u00e7a \u00fanica fundida e mais dur\u00e1vel, j\u00e1 que n\u00e3o h\u00e1 juntas de solda. Com 33kg, o NEV tamb\u00e9m \u00e9 f\u00e1cil e r\u00e1pido de montar, diz a fabricante.<\/p>\n\n\n\n<div class=\"wp-block-image\"><figure class=\"aligncenter size-large\"><img decoding=\"async\" src=\"https:\/\/jornalfatosenoticias.com.br\/wp-content\/uploads\/2020\/02\/logo-embacia-1-1024x110.jpg\" alt=\"\" class=\"wp-image-33954\"\/><\/figure><\/div>\n\n\n\n<figure class=\"wp-block-embed-youtube wp-block-embed is-type-video is-provider-youtube wp-embed-aspect-16-9 wp-has-aspect-ratio\"><div class=\"wp-block-embed__wrapper\">\n<iframe loading=\"lazy\" title=\"NEV: patinete inteligente \u00e9 o 1\u00ba com tecnologia de carro de luxo\" width=\"660\" height=\"371\" src=\"https:\/\/www.youtube.com\/embed\/lJvnFp7jkXk?feature=oembed\" frameborder=\"0\" allow=\"accelerometer; autoplay; clipboard-write; encrypted-media; gyroscope; picture-in-picture; web-share\" referrerpolicy=\"strict-origin-when-cross-origin\" allowfullscreen><\/iframe>\n<\/div><\/figure>\n\n\n\n<div class=\"wp-block-image\"><figure class=\"aligncenter size-large is-resized\"><img loading=\"lazy\" decoding=\"async\" src=\"https:\/\/jornalfatosenoticias.com.br\/wp-content\/uploads\/2020\/02\/casa-do-torresmo_portal.jpg\" alt=\"\" class=\"wp-image-34472\" width=\"291\" height=\"291\" srcset=\"https:\/\/jornalfatosenoticias.com.br\/wp-content\/uploads\/2020\/02\/casa-do-torresmo_portal.jpg 300w, https:\/\/jornalfatosenoticias.com.br\/wp-content\/uploads\/2020\/02\/casa-do-torresmo_portal-150x150.jpg 150w\" sizes=\"auto, (max-width: 291px) 100vw, 291px\" \/><\/figure><\/div>\n\n\n\n<p>Equipado com rodas de 11\u201d, pneus sem c\u00e2mara, sistema duplo de freios el\u00e9tricos EBS e alavanca de frenagem de emerg\u00eancia, o patinete vem ainda com aceler\u00f4metro e uma c\u00e2mera de r\u00e9 que o monitora enquanto est\u00e1 estacionado. Sempre que o aceler\u00f4metro detecta algum movimento, o NEV envia alertas no celular do propriet\u00e1rio por meio de um app que tamb\u00e9m permite rastrear e bloquear o ve\u00edculo remotamente.<\/p>\n\n\n\n<div class=\"wp-block-image\"><figure class=\"aligncenter size-large\"><img loading=\"lazy\" decoding=\"async\" width=\"1024\" height=\"100\" src=\"https:\/\/jornalfatosenoticias.com.br\/wp-content\/uploads\/2022\/05\/NOVA-LOGO-CESCONETTO-1024x100.jpg\" alt=\"\" class=\"wp-image-30792\" srcset=\"https:\/\/jornalfatosenoticias.com.br\/wp-content\/uploads\/2022\/05\/NOVA-LOGO-CESCONETTO-1024x100.jpg 1024w, https:\/\/jornalfatosenoticias.com.br\/wp-content\/uploads\/2022\/05\/NOVA-LOGO-CESCONETTO-300x29.jpg 300w, https:\/\/jornalfatosenoticias.com.br\/wp-content\/uploads\/2022\/05\/NOVA-LOGO-CESCONETTO-768x75.jpg 768w, https:\/\/jornalfatosenoticias.com.br\/wp-content\/uploads\/2022\/05\/NOVA-LOGO-CESCONETTO.jpg 1280w\" sizes=\"auto, (max-width: 1024px) 100vw, 1024px\" \/><\/figure><\/div>\n\n\n\n<p>O NEV vem de f\u00e1brica com dois motores el\u00e9tricos de 600 W e pode atingir uma velocidade m\u00e1xima de 44 km\/h. Com uma bateria de 26 Ah\/1100 Wh, seu alcance estimado \u00e9 de 120 km. Por ora, a novidade est\u00e1 dispon\u00edvel para compra no Indiegogo por 1,9 mil euros (cerca de R$ 9,7 mil) e pode ser enviado apenas para pa\u00edses da Uni\u00e3o Europeia. A previs\u00e3o de entrega \u00e9 mar\u00e7o de 2023.<\/p>\n\n\n\n<div class=\"wp-block-image\"><figure class=\"aligncenter size-large\"><img loading=\"lazy\" decoding=\"async\" width=\"300\" height=\"250\" src=\"https:\/\/jornalfatosenoticias.com.br\/wp-content\/uploads\/2022\/08\/arte-Casarao.jpg\" alt=\"\" class=\"wp-image-33178\"\/><\/figure><\/div>\n\n\n\n<p><strong><em>Fonte: <a href=\"https:\/\/olhardigital.com.br\/2022\/10\/13\/carros-e-tecnologia\/nev-primeiro-patinete-inteligente-com-tecnologia-de-carro-de-luxo\/amp\/\">Olhar Digital<\/a><\/em><\/strong><\/p>\n","protected":false},"excerpt":{"rendered":"<p>Anunciado como o \u201cpatinete mais avan\u00e7ado do mundo\u201d pela Segem Micromobility, o NEV \u00e9 o primeiro ve\u00edculo el\u00e9trico\u00a0de duas rodas equipado com um sistema avan\u00e7ado de assist\u00eancia ao motorista (\u201cAdvanced Driver-Assistance Systems\u201d ou ADAS), algo normalmente visto apenas em\u00a0carros de \u00faltima gera\u00e7\u00e3o. O recurso \u00e9 uma das inova\u00e7\u00f5es mais importantes do mundo automotivo em termos [&hellip;]<\/p>\n","protected":false},"author":2,"featured_media":35303,"comment_status":"open","ping_status":"open","sticky":false,"template":"","format":"standard","meta":{"footnotes":""},"categories":[3],"tags":[16564,16562,16559,16563,16561,2705],"class_list":["post-35302","post","type-post","status-publish","format-standard","has-post-thumbnail","hentry","category-tecnologia","tag-carro-de-luxo","tag-nev","tag-patinete","tag-patinete-inteligente","tag-patinetes-eletricos","tag-veiculos-eletricos"],"yoast_head":"<!-- This site is optimized with the Yoast SEO plugin v26.5 - https:\/\/yoast.com\/wordpress\/plugins\/seo\/ -->\n<title>NEV, o primeiro patinete inteligente com tecnologia de carro de luxo - Jornal Fatos e Not\u00edcias<\/title>\n<meta name=\"robots\" content=\"index, follow, max-snippet:-1, max-image-preview:large, max-video-preview:-1\" \/>\n<link rel=\"canonical\" href=\"https:\/\/jornalfatosenoticias.com.br\/index.php\/2022\/10\/19\/nev-o-primeiro-patinete-inteligente-com-tecnologia-de-carro-de-luxo\/\" \/>\n<meta property=\"og:locale\" content=\"pt_BR\" \/>\n<meta property=\"og:type\" content=\"article\" \/>\n<meta property=\"og:title\" content=\"NEV, o primeiro patinete inteligente com tecnologia de carro de luxo - Jornal Fatos e Not\u00edcias\" \/>\n<meta property=\"og:description\" content=\"Anunciado como o \u201cpatinete mais avan\u00e7ado do mundo\u201d pela Segem Micromobility, o NEV \u00e9 o primeiro ve\u00edculo el\u00e9trico\u00a0de duas rodas equipado com um sistema avan\u00e7ado de assist\u00eancia ao motorista (\u201cAdvanced Driver-Assistance Systems\u201d ou ADAS), algo normalmente visto apenas em\u00a0carros de \u00faltima gera\u00e7\u00e3o. O recurso \u00e9 uma das inova\u00e7\u00f5es mais importantes do mundo automotivo em termos [&hellip;]\" \/>\n<meta property=\"og:url\" content=\"https:\/\/jornalfatosenoticias.com.br\/index.php\/2022\/10\/19\/nev-o-primeiro-patinete-inteligente-com-tecnologia-de-carro-de-luxo\/\" \/>\n<meta property=\"og:site_name\" content=\"Jornal Fatos e Not\u00edcias\" \/>\n<meta property=\"article:published_time\" content=\"2022-10-19T14:19:01+00:00\" \/>\n<meta property=\"article:modified_time\" content=\"2022-10-19T14:19:03+00:00\" \/>\n<meta property=\"og:image\" content=\"https:\/\/jornalfatosenoticias.com.br\/wp-content\/uploads\/2022\/10\/nev-adas-scooter_1.jpg\" \/>\n\t<meta property=\"og:image:width\" content=\"1000\" \/>\n\t<meta property=\"og:image:height\" content=\"455\" \/>\n\t<meta property=\"og:image:type\" content=\"image\/jpeg\" \/>\n<meta name=\"author\" content=\"Luzimara Fernandes\" \/>\n<meta name=\"twitter:card\" content=\"summary_large_image\" \/>\n<meta name=\"twitter:label1\" content=\"Escrito por\" \/>\n\t<meta name=\"twitter:data1\" content=\"Luzimara Fernandes\" \/>\n\t<meta name=\"twitter:label2\" content=\"Est. tempo de leitura\" \/>\n\t<meta name=\"twitter:data2\" content=\"2 minutos\" \/>\n<script type=\"application\/ld+json\" class=\"yoast-schema-graph\">{\"@context\":\"https:\/\/schema.org\",\"@graph\":[{\"@type\":\"Article\",\"@id\":\"https:\/\/jornalfatosenoticias.com.br\/index.php\/2022\/10\/19\/nev-o-primeiro-patinete-inteligente-com-tecnologia-de-carro-de-luxo\/#article\",\"isPartOf\":{\"@id\":\"https:\/\/jornalfatosenoticias.com.br\/index.php\/2022\/10\/19\/nev-o-primeiro-patinete-inteligente-com-tecnologia-de-carro-de-luxo\/\"},\"author\":{\"name\":\"Luzimara Fernandes\",\"@id\":\"https:\/\/jornalfatosenoticias.com.br\/#\/schema\/person\/d63837fa13ac8666eb9e74e0985d6f81\"},\"headline\":\"NEV, o primeiro patinete inteligente com tecnologia de carro de luxo\",\"datePublished\":\"2022-10-19T14:19:01+00:00\",\"dateModified\":\"2022-10-19T14:19:03+00:00\",\"mainEntityOfPage\":{\"@id\":\"https:\/\/jornalfatosenoticias.com.br\/index.php\/2022\/10\/19\/nev-o-primeiro-patinete-inteligente-com-tecnologia-de-carro-de-luxo\/\"},\"wordCount\":374,\"commentCount\":0,\"publisher\":{\"@id\":\"https:\/\/jornalfatosenoticias.com.br\/#organization\"},\"image\":{\"@id\":\"https:\/\/jornalfatosenoticias.com.br\/index.php\/2022\/10\/19\/nev-o-primeiro-patinete-inteligente-com-tecnologia-de-carro-de-luxo\/#primaryimage\"},\"thumbnailUrl\":\"https:\/\/jornalfatosenoticias.com.br\/wp-content\/uploads\/2022\/10\/nev-adas-scooter_1.jpg\",\"keywords\":[\"carro de luxo\",\"NEV\",\"patinete\",\"patinete inteligente\",\"patinetes el\u00e9tricos\",\"ve\u00edculos el\u00e9tricos\"],\"articleSection\":[\"Tecnologia &amp; Inova\u00e7\u00e3o\"],\"inLanguage\":\"pt-BR\",\"potentialAction\":[{\"@type\":\"CommentAction\",\"name\":\"Comment\",\"target\":[\"https:\/\/jornalfatosenoticias.com.br\/index.php\/2022\/10\/19\/nev-o-primeiro-patinete-inteligente-com-tecnologia-de-carro-de-luxo\/#respond\"]}]},{\"@type\":\"WebPage\",\"@id\":\"https:\/\/jornalfatosenoticias.com.br\/index.php\/2022\/10\/19\/nev-o-primeiro-patinete-inteligente-com-tecnologia-de-carro-de-luxo\/\",\"url\":\"https:\/\/jornalfatosenoticias.com.br\/index.php\/2022\/10\/19\/nev-o-primeiro-patinete-inteligente-com-tecnologia-de-carro-de-luxo\/\",\"name\":\"NEV, o primeiro patinete inteligente com tecnologia de carro de luxo - Jornal Fatos e Not\u00edcias\",\"isPartOf\":{\"@id\":\"https:\/\/jornalfatosenoticias.com.br\/#website\"},\"primaryImageOfPage\":{\"@id\":\"https:\/\/jornalfatosenoticias.com.br\/index.php\/2022\/10\/19\/nev-o-primeiro-patinete-inteligente-com-tecnologia-de-carro-de-luxo\/#primaryimage\"},\"image\":{\"@id\":\"https:\/\/jornalfatosenoticias.com.br\/index.php\/2022\/10\/19\/nev-o-primeiro-patinete-inteligente-com-tecnologia-de-carro-de-luxo\/#primaryimage\"},\"thumbnailUrl\":\"https:\/\/jornalfatosenoticias.com.br\/wp-content\/uploads\/2022\/10\/nev-adas-scooter_1.jpg\",\"datePublished\":\"2022-10-19T14:19:01+00:00\",\"dateModified\":\"2022-10-19T14:19:03+00:00\",\"breadcrumb\":{\"@id\":\"https:\/\/jornalfatosenoticias.com.br\/index.php\/2022\/10\/19\/nev-o-primeiro-patinete-inteligente-com-tecnologia-de-carro-de-luxo\/#breadcrumb\"},\"inLanguage\":\"pt-BR\",\"potentialAction\":[{\"@type\":\"ReadAction\",\"target\":[\"https:\/\/jornalfatosenoticias.com.br\/index.php\/2022\/10\/19\/nev-o-primeiro-patinete-inteligente-com-tecnologia-de-carro-de-luxo\/\"]}]},{\"@type\":\"ImageObject\",\"inLanguage\":\"pt-BR\",\"@id\":\"https:\/\/jornalfatosenoticias.com.br\/index.php\/2022\/10\/19\/nev-o-primeiro-patinete-inteligente-com-tecnologia-de-carro-de-luxo\/#primaryimage\",\"url\":\"https:\/\/jornalfatosenoticias.com.br\/wp-content\/uploads\/2022\/10\/nev-adas-scooter_1.jpg\",\"contentUrl\":\"https:\/\/jornalfatosenoticias.com.br\/wp-content\/uploads\/2022\/10\/nev-adas-scooter_1.jpg\",\"width\":1000,\"height\":455},{\"@type\":\"BreadcrumbList\",\"@id\":\"https:\/\/jornalfatosenoticias.com.br\/index.php\/2022\/10\/19\/nev-o-primeiro-patinete-inteligente-com-tecnologia-de-carro-de-luxo\/#breadcrumb\",\"itemListElement\":[{\"@type\":\"ListItem\",\"position\":1,\"name\":\"In\u00edcio\",\"item\":\"https:\/\/jornalfatosenoticias.com.br\/\"},{\"@type\":\"ListItem\",\"position\":2,\"name\":\"NEV, o primeiro patinete inteligente com tecnologia de carro de luxo\"}]},{\"@type\":\"WebSite\",\"@id\":\"https:\/\/jornalfatosenoticias.com.br\/#website\",\"url\":\"https:\/\/jornalfatosenoticias.com.br\/\",\"name\":\"Jornal Fatos e Not\u00edcias\",\"description\":\"Not\u00edcias em geral\",\"publisher\":{\"@id\":\"https:\/\/jornalfatosenoticias.com.br\/#organization\"},\"potentialAction\":[{\"@type\":\"SearchAction\",\"target\":{\"@type\":\"EntryPoint\",\"urlTemplate\":\"https:\/\/jornalfatosenoticias.com.br\/?s={search_term_string}\"},\"query-input\":{\"@type\":\"PropertyValueSpecification\",\"valueRequired\":true,\"valueName\":\"search_term_string\"}}],\"inLanguage\":\"pt-BR\"},{\"@type\":\"Organization\",\"@id\":\"https:\/\/jornalfatosenoticias.com.br\/#organization\",\"name\":\"Jornal Fatos e Not\u00edcias\",\"url\":\"https:\/\/jornalfatosenoticias.com.br\/\",\"logo\":{\"@type\":\"ImageObject\",\"inLanguage\":\"pt-BR\",\"@id\":\"https:\/\/jornalfatosenoticias.com.br\/#\/schema\/logo\/image\/\",\"url\":\"https:\/\/jornalfatosenoticias.com.br\/wp-content\/uploads\/2020\/02\/logo120.png\",\"contentUrl\":\"https:\/\/jornalfatosenoticias.com.br\/wp-content\/uploads\/2020\/02\/logo120.png\",\"width\":1227,\"height\":120,\"caption\":\"Jornal Fatos e Not\u00edcias\"},\"image\":{\"@id\":\"https:\/\/jornalfatosenoticias.com.br\/#\/schema\/logo\/image\/\"}},{\"@type\":\"Person\",\"@id\":\"https:\/\/jornalfatosenoticias.com.br\/#\/schema\/person\/d63837fa13ac8666eb9e74e0985d6f81\",\"name\":\"Luzimara Fernandes\",\"image\":{\"@type\":\"ImageObject\",\"inLanguage\":\"pt-BR\",\"@id\":\"https:\/\/jornalfatosenoticias.com.br\/#\/schema\/person\/image\/\",\"url\":\"https:\/\/jornalfatosenoticias.com.br\/wp-content\/uploads\/2025\/05\/EU_portal.jpg\",\"contentUrl\":\"https:\/\/jornalfatosenoticias.com.br\/wp-content\/uploads\/2025\/05\/EU_portal.jpg\",\"caption\":\"Luzimara Fernandes\"},\"description\":\"Jornalista MTB 2358-ES\",\"sameAs\":[\"https:\/\/jornalfatosenoticias.com.br\"],\"url\":\"https:\/\/jornalfatosenoticias.com.br\/index.php\/author\/luzimara\/\"}]}<\/script>\n<!-- \/ Yoast SEO plugin. -->","yoast_head_json":{"title":"NEV, o primeiro patinete inteligente com tecnologia de carro de luxo - Jornal Fatos e Not\u00edcias","robots":{"index":"index","follow":"follow","max-snippet":"max-snippet:-1","max-image-preview":"max-image-preview:large","max-video-preview":"max-video-preview:-1"},"canonical":"https:\/\/jornalfatosenoticias.com.br\/index.php\/2022\/10\/19\/nev-o-primeiro-patinete-inteligente-com-tecnologia-de-carro-de-luxo\/","og_locale":"pt_BR","og_type":"article","og_title":"NEV, o primeiro patinete inteligente com tecnologia de carro de luxo - Jornal Fatos e Not\u00edcias","og_description":"Anunciado como o \u201cpatinete mais avan\u00e7ado do mundo\u201d pela Segem Micromobility, o NEV \u00e9 o primeiro ve\u00edculo el\u00e9trico\u00a0de duas rodas equipado com um sistema avan\u00e7ado de assist\u00eancia ao motorista (\u201cAdvanced Driver-Assistance Systems\u201d ou ADAS), algo normalmente visto apenas em\u00a0carros de \u00faltima gera\u00e7\u00e3o. O recurso \u00e9 uma das inova\u00e7\u00f5es mais importantes do mundo automotivo em termos [&hellip;]","og_url":"https:\/\/jornalfatosenoticias.com.br\/index.php\/2022\/10\/19\/nev-o-primeiro-patinete-inteligente-com-tecnologia-de-carro-de-luxo\/","og_site_name":"Jornal Fatos e Not\u00edcias","article_published_time":"2022-10-19T14:19:01+00:00","article_modified_time":"2022-10-19T14:19:03+00:00","og_image":[{"width":1000,"height":455,"url":"https:\/\/jornalfatosenoticias.com.br\/wp-content\/uploads\/2022\/10\/nev-adas-scooter_1.jpg","type":"image\/jpeg"}],"author":"Luzimara Fernandes","twitter_card":"summary_large_image","twitter_misc":{"Escrito por":"Luzimara Fernandes","Est. tempo de leitura":"2 minutos"},"schema":{"@context":"https:\/\/schema.org","@graph":[{"@type":"Article","@id":"https:\/\/jornalfatosenoticias.com.br\/index.php\/2022\/10\/19\/nev-o-primeiro-patinete-inteligente-com-tecnologia-de-carro-de-luxo\/#article","isPartOf":{"@id":"https:\/\/jornalfatosenoticias.com.br\/index.php\/2022\/10\/19\/nev-o-primeiro-patinete-inteligente-com-tecnologia-de-carro-de-luxo\/"},"author":{"name":"Luzimara Fernandes","@id":"https:\/\/jornalfatosenoticias.com.br\/#\/schema\/person\/d63837fa13ac8666eb9e74e0985d6f81"},"headline":"NEV, o primeiro patinete inteligente com tecnologia de carro de luxo","datePublished":"2022-10-19T14:19:01+00:00","dateModified":"2022-10-19T14:19:03+00:00","mainEntityOfPage":{"@id":"https:\/\/jornalfatosenoticias.com.br\/index.php\/2022\/10\/19\/nev-o-primeiro-patinete-inteligente-com-tecnologia-de-carro-de-luxo\/"},"wordCount":374,"commentCount":0,"publisher":{"@id":"https:\/\/jornalfatosenoticias.com.br\/#organization"},"image":{"@id":"https:\/\/jornalfatosenoticias.com.br\/index.php\/2022\/10\/19\/nev-o-primeiro-patinete-inteligente-com-tecnologia-de-carro-de-luxo\/#primaryimage"},"thumbnailUrl":"https:\/\/jornalfatosenoticias.com.br\/wp-content\/uploads\/2022\/10\/nev-adas-scooter_1.jpg","keywords":["carro de luxo","NEV","patinete","patinete inteligente","patinetes el\u00e9tricos","ve\u00edculos el\u00e9tricos"],"articleSection":["Tecnologia &amp; Inova\u00e7\u00e3o"],"inLanguage":"pt-BR","potentialAction":[{"@type":"CommentAction","name":"Comment","target":["https:\/\/jornalfatosenoticias.com.br\/index.php\/2022\/10\/19\/nev-o-primeiro-patinete-inteligente-com-tecnologia-de-carro-de-luxo\/#respond"]}]},{"@type":"WebPage","@id":"https:\/\/jornalfatosenoticias.com.br\/index.php\/2022\/10\/19\/nev-o-primeiro-patinete-inteligente-com-tecnologia-de-carro-de-luxo\/","url":"https:\/\/jornalfatosenoticias.com.br\/index.php\/2022\/10\/19\/nev-o-primeiro-patinete-inteligente-com-tecnologia-de-carro-de-luxo\/","name":"NEV, o primeiro patinete inteligente com tecnologia de carro de luxo - Jornal Fatos e Not\u00edcias","isPartOf":{"@id":"https:\/\/jornalfatosenoticias.com.br\/#website"},"primaryImageOfPage":{"@id":"https:\/\/jornalfatosenoticias.com.br\/index.php\/2022\/10\/19\/nev-o-primeiro-patinete-inteligente-com-tecnologia-de-carro-de-luxo\/#primaryimage"},"image":{"@id":"https:\/\/jornalfatosenoticias.com.br\/index.php\/2022\/10\/19\/nev-o-primeiro-patinete-inteligente-com-tecnologia-de-carro-de-luxo\/#primaryimage"},"thumbnailUrl":"https:\/\/jornalfatosenoticias.com.br\/wp-content\/uploads\/2022\/10\/nev-adas-scooter_1.jpg","datePublished":"2022-10-19T14:19:01+00:00","dateModified":"2022-10-19T14:19:03+00:00","breadcrumb":{"@id":"https:\/\/jornalfatosenoticias.com.br\/index.php\/2022\/10\/19\/nev-o-primeiro-patinete-inteligente-com-tecnologia-de-carro-de-luxo\/#breadcrumb"},"inLanguage":"pt-BR","potentialAction":[{"@type":"ReadAction","target":["https:\/\/jornalfatosenoticias.com.br\/index.php\/2022\/10\/19\/nev-o-primeiro-patinete-inteligente-com-tecnologia-de-carro-de-luxo\/"]}]},{"@type":"ImageObject","inLanguage":"pt-BR","@id":"https:\/\/jornalfatosenoticias.com.br\/index.php\/2022\/10\/19\/nev-o-primeiro-patinete-inteligente-com-tecnologia-de-carro-de-luxo\/#primaryimage","url":"https:\/\/jornalfatosenoticias.com.br\/wp-content\/uploads\/2022\/10\/nev-adas-scooter_1.jpg","contentUrl":"https:\/\/jornalfatosenoticias.com.br\/wp-content\/uploads\/2022\/10\/nev-adas-scooter_1.jpg","width":1000,"height":455},{"@type":"BreadcrumbList","@id":"https:\/\/jornalfatosenoticias.com.br\/index.php\/2022\/10\/19\/nev-o-primeiro-patinete-inteligente-com-tecnologia-de-carro-de-luxo\/#breadcrumb","itemListElement":[{"@type":"ListItem","position":1,"name":"In\u00edcio","item":"https:\/\/jornalfatosenoticias.com.br\/"},{"@type":"ListItem","position":2,"name":"NEV, o primeiro patinete inteligente com tecnologia de carro de luxo"}]},{"@type":"WebSite","@id":"https:\/\/jornalfatosenoticias.com.br\/#website","url":"https:\/\/jornalfatosenoticias.com.br\/","name":"Jornal Fatos e Not\u00edcias","description":"Not\u00edcias em geral","publisher":{"@id":"https:\/\/jornalfatosenoticias.com.br\/#organization"},"potentialAction":[{"@type":"SearchAction","target":{"@type":"EntryPoint","urlTemplate":"https:\/\/jornalfatosenoticias.com.br\/?s={search_term_string}"},"query-input":{"@type":"PropertyValueSpecification","valueRequired":true,"valueName":"search_term_string"}}],"inLanguage":"pt-BR"},{"@type":"Organization","@id":"https:\/\/jornalfatosenoticias.com.br\/#organization","name":"Jornal Fatos e Not\u00edcias","url":"https:\/\/jornalfatosenoticias.com.br\/","logo":{"@type":"ImageObject","inLanguage":"pt-BR","@id":"https:\/\/jornalfatosenoticias.com.br\/#\/schema\/logo\/image\/","url":"https:\/\/jornalfatosenoticias.com.br\/wp-content\/uploads\/2020\/02\/logo120.png","contentUrl":"https:\/\/jornalfatosenoticias.com.br\/wp-content\/uploads\/2020\/02\/logo120.png","width":1227,"height":120,"caption":"Jornal Fatos e Not\u00edcias"},"image":{"@id":"https:\/\/jornalfatosenoticias.com.br\/#\/schema\/logo\/image\/"}},{"@type":"Person","@id":"https:\/\/jornalfatosenoticias.com.br\/#\/schema\/person\/d63837fa13ac8666eb9e74e0985d6f81","name":"Luzimara Fernandes","image":{"@type":"ImageObject","inLanguage":"pt-BR","@id":"https:\/\/jornalfatosenoticias.com.br\/#\/schema\/person\/image\/","url":"https:\/\/jornalfatosenoticias.com.br\/wp-content\/uploads\/2025\/05\/EU_portal.jpg","contentUrl":"https:\/\/jornalfatosenoticias.com.br\/wp-content\/uploads\/2025\/05\/EU_portal.jpg","caption":"Luzimara Fernandes"},"description":"Jornalista MTB 2358-ES","sameAs":["https:\/\/jornalfatosenoticias.com.br"],"url":"https:\/\/jornalfatosenoticias.com.br\/index.php\/author\/luzimara\/"}]}},"cc_featured_image_caption":{"caption_text":"(Foto: Segem Micromobility\/Divulga\u00e7\u00e3o) ","source_text":"","source_url":""},"jetpack_featured_media_url":"https:\/\/jornalfatosenoticias.com.br\/wp-content\/uploads\/2022\/10\/nev-adas-scooter_1.jpg","_links":{"self":[{"href":"https:\/\/jornalfatosenoticias.com.br\/index.php\/wp-json\/wp\/v2\/posts\/35302","targetHints":{"allow":["GET"]}}],"collection":[{"href":"https:\/\/jornalfatosenoticias.com.br\/index.php\/wp-json\/wp\/v2\/posts"}],"about":[{"href":"https:\/\/jornalfatosenoticias.com.br\/index.php\/wp-json\/wp\/v2\/types\/post"}],"author":[{"embeddable":true,"href":"https:\/\/jornalfatosenoticias.com.br\/index.php\/wp-json\/wp\/v2\/users\/2"}],"replies":[{"embeddable":true,"href":"https:\/\/jornalfatosenoticias.com.br\/index.php\/wp-json\/wp\/v2\/comments?post=35302"}],"version-history":[{"count":0,"href":"https:\/\/jornalfatosenoticias.com.br\/index.php\/wp-json\/wp\/v2\/posts\/35302\/revisions"}],"wp:featuredmedia":[{"embeddable":true,"href":"https:\/\/jornalfatosenoticias.com.br\/index.php\/wp-json\/wp\/v2\/media\/35303"}],"wp:attachment":[{"href":"https:\/\/jornalfatosenoticias.com.br\/index.php\/wp-json\/wp\/v2\/media?parent=35302"}],"wp:term":[{"taxonomy":"category","embeddable":true,"href":"https:\/\/jornalfatosenoticias.com.br\/index.php\/wp-json\/wp\/v2\/categories?post=35302"},{"taxonomy":"post_tag","embeddable":true,"href":"https:\/\/jornalfatosenoticias.com.br\/index.php\/wp-json\/wp\/v2\/tags?post=35302"}],"curies":[{"name":"wp","href":"https:\/\/api.w.org\/{rel}","templated":true}]}}