{"id":35329,"date":"2022-10-19T12:27:58","date_gmt":"2022-10-19T15:27:58","guid":{"rendered":"https:\/\/jornalfatosenoticias.com.br\/?p=35329"},"modified":"2022-10-19T12:28:00","modified_gmt":"2022-10-19T15:28:00","slug":"pela-1a-vez-grecia-e-100-abastecida-por-energia-renovavel","status":"publish","type":"post","link":"https:\/\/jornalfatosenoticias.com.br\/index.php\/2022\/10\/19\/pela-1a-vez-grecia-e-100-abastecida-por-energia-renovavel\/","title":{"rendered":"Pela 1\u00aa vez, Gr\u00e9cia \u00e9 100% abastecida por energia renov\u00e1vel"},"content":{"rendered":"\n<p><em><span class=\"has-inline-color has-black-color\">Por cinco horas no dia 7 de outubro, o pa\u00eds atingiu um marco que o mundo todo busca com cada vez mais urg\u00eancia \u2014 e isso em plena crise do g\u00e1s na Europa. Ambientalistas celebraram feito<\/span><\/em><\/p>\n\n\n\n<div class=\"wp-block-image\"><figure class=\"aligncenter size-large\"><img loading=\"lazy\" decoding=\"async\" width=\"1024\" height=\"100\" src=\"https:\/\/jornalfatosenoticias.com.br\/wp-content\/uploads\/2020\/02\/banner_ferramentas-1024x100.jpg\" alt=\"\" class=\"wp-image-1258\" srcset=\"https:\/\/jornalfatosenoticias.com.br\/wp-content\/uploads\/2020\/02\/banner_ferramentas-1024x100.jpg 1024w, https:\/\/jornalfatosenoticias.com.br\/wp-content\/uploads\/2020\/02\/banner_ferramentas-300x29.jpg 300w, https:\/\/jornalfatosenoticias.com.br\/wp-content\/uploads\/2020\/02\/banner_ferramentas-768x75.jpg 768w, https:\/\/jornalfatosenoticias.com.br\/wp-content\/uploads\/2020\/02\/banner_ferramentas.jpg 1227w\" sizes=\"auto, (max-width: 1024px) 100vw, 1024px\" \/><\/figure><\/div>\n\n\n\n<p>Atualmente, cerca de metade da energia consumida na Gr\u00e9cia tem origem em fontes renov\u00e1veis, como solar e e\u00f3lica. Mas no dia 7 de outubro, o pa\u00eds atingiu um feito hist\u00f3rico: a gera\u00e7\u00e3o de uma pot\u00eancia sem precedentes de 3.106 megawatts por hora foi suficiente para abastecer toda a na\u00e7\u00e3o com energia limpa durante cinco horas.<\/p>\n\n\n\n<div class=\"wp-block-image\"><figure class=\"aligncenter size-large is-resized\"><img loading=\"lazy\" decoding=\"async\" src=\"https:\/\/jornalfatosenoticias.com.br\/wp-content\/uploads\/2020\/02\/logo-embacia.jpg\" alt=\"\" class=\"wp-image-33905\" width=\"225\" height=\"225\"\/><\/figure><\/div>\n\n\n\n<p>O marco ocorre em meio \u00e0 crise energ\u00e9tica na Europa, deflagrada pela guerra entre R\u00fassia e Ucr\u00e2nia, que afetou o fornecimento de g\u00e1s para o bloco. Cerca de 40% do g\u00e1s que a Gr\u00e9cia utiliza no seu suprimento de energia vem da R\u00fassia. Embora o pa\u00eds venha reduzindo a depend\u00eancia de importa\u00e7\u00e3o russa, o governo grego tem incrementado a compra do combust\u00edvel f\u00f3ssil para afastar o risco de desabastecimento interno.<\/p>\n\n\n\n<div class=\"wp-block-image\"><figure class=\"aligncenter size-large\"><img loading=\"lazy\" decoding=\"async\" width=\"1024\" height=\"99\" src=\"https:\/\/jornalfatosenoticias.com.br\/wp-content\/uploads\/2020\/02\/Logo-Mizu-segunda-2-1024x99.png\" alt=\"\" class=\"wp-image-2353\" srcset=\"https:\/\/jornalfatosenoticias.com.br\/wp-content\/uploads\/2020\/02\/Logo-Mizu-segunda-2-1024x99.png 1024w, https:\/\/jornalfatosenoticias.com.br\/wp-content\/uploads\/2020\/02\/Logo-Mizu-segunda-2-300x29.png 300w, https:\/\/jornalfatosenoticias.com.br\/wp-content\/uploads\/2020\/02\/Logo-Mizu-segunda-2-768x74.png 768w, https:\/\/jornalfatosenoticias.com.br\/wp-content\/uploads\/2020\/02\/Logo-Mizu-segunda-2.png 1240w\" sizes=\"auto, (max-width: 1024px) 100vw, 1024px\" \/><\/figure><\/div>\n\n\n\n<p>Por isso, ambientalistas celebraram o marco atingido no \u00faltimo dia 7. O <strong><a href=\"https:\/\/greensavers.sapo.pt\/energia-pela-primeira-vez-grecia-e-totalmente-alimentada-por-renovaveis\/\" target=\"_blank\" rel=\"noreferrer noopener\">grupo\u00a0<em>The Green Tank<\/em><\/a><\/strong> classificou-o como \u201cum recorde de otimismo para a transi\u00e7\u00e3o do pa\u00eds para a energia limpa, abandonando os combust\u00edveis f\u00f3sseis e assegurando a seguran\u00e7a energ\u00e9tica\u201d.<\/p>\n\n\n\n<div class=\"wp-block-image\"><figure class=\"aligncenter size-large\"><img loading=\"lazy\" decoding=\"async\" width=\"300\" height=\"250\" src=\"https:\/\/jornalfatosenoticias.com.br\/wp-content\/uploads\/2022\/08\/arte-Casarao.jpg\" alt=\"\" class=\"wp-image-33178\"\/><\/figure><\/div>\n\n\n\n<p>Em um <strong><a href=\"https:\/\/twitter.com\/PrimeministerGR\/status\/1579765248810450945?ref_src=twsrc%5Etfw%7Ctwcamp%5Etweetembed%7Ctwterm%5E1579765248810450945%7Ctwgr%5E35d8dc23855d00c8c780194199aed5a3982d8922%7Ctwcon%5Es1_&amp;ref_url=https%3A%2F%2Fgreensavers.sapo.pt%2Fenergia-pela-primeira-vez-grecia-e-totalmente-alimentada-por-renovaveis%2F\" target=\"_blank\" rel=\"noreferrer noopener\">post no Twitter<\/a>,<\/strong> o primeiro-ministro grego, Kyri\u00e1kos Mitsot\u00e1kis, disse que o recorde \u00e9 \u201cum marco significativo, \u00e0 medida que a Gr\u00e9cia emerge rapidamente como um l\u00edder nas renov\u00e1veis\u201d, recordando que, em 2021, o pa\u00eds ficou em s\u00e9timo lugar no ranking global de produ\u00e7\u00e3o de energias solar e e\u00f3lica. <\/p>\n\n\n\n<div class=\"wp-block-image\"><figure class=\"aligncenter size-large is-resized\"><img loading=\"lazy\" decoding=\"async\" src=\"https:\/\/jornalfatosenoticias.com.br\/wp-content\/uploads\/2022\/07\/Logo-Grupo-SEI.jpg\" alt=\"\" class=\"wp-image-31973\" width=\"303\" height=\"159\" srcset=\"https:\/\/jornalfatosenoticias.com.br\/wp-content\/uploads\/2022\/07\/Logo-Grupo-SEI.jpg 713w, https:\/\/jornalfatosenoticias.com.br\/wp-content\/uploads\/2022\/07\/Logo-Grupo-SEI-300x158.jpg 300w\" sizes=\"auto, (max-width: 303px) 100vw, 303px\" \/><\/figure><\/div>\n\n\n\n<figure class=\"wp-block-pullquote\"><blockquote><p><span class=\"has-inline-color has-luminous-vivid-orange-color\">Perante uma crise energ\u00e9tica global sem precedentes, o caminho em frente \u00e9 claro: precisamos de acelerar em dire\u00e7\u00e3o \u00e0s renov\u00e1veis para podermos fornecer energia mais barata aos nossos cidad\u00e3os\u201d, acrescenta.<\/span><\/p><\/blockquote><\/figure>\n\n\n\n<div class=\"wp-block-image\"><figure class=\"aligncenter size-large is-resized\"><img loading=\"lazy\" decoding=\"async\" src=\"https:\/\/jornalfatosenoticias.com.br\/wp-content\/uploads\/2020\/02\/casa-do-torresmo_portal.jpg\" alt=\"\" class=\"wp-image-34472\" width=\"265\" height=\"265\" srcset=\"https:\/\/jornalfatosenoticias.com.br\/wp-content\/uploads\/2020\/02\/casa-do-torresmo_portal.jpg 300w, https:\/\/jornalfatosenoticias.com.br\/wp-content\/uploads\/2020\/02\/casa-do-torresmo_portal-150x150.jpg 150w\" sizes=\"auto, (max-width: 265px) 100vw, 265px\" \/><\/figure><\/div>\n\n\n\n<figure class=\"wp-block-image size-large\"><img loading=\"lazy\" decoding=\"async\" width=\"1000\" height=\"667\" src=\"https:\/\/jornalfatosenoticias.com.br\/wp-content\/uploads\/2022\/10\/grecia-energia-solar.gif\" alt=\"\" class=\"wp-image-35330\"\/><figcaption><em><span class=\"has-inline-color has-black-color\">Instala\u00e7\u00f5es de energia solar na Gr\u00e9cia (Foto: Getty Images)<\/span><\/em><\/figcaption><\/figure>\n\n\n\n<div class=\"wp-block-image\"><figure class=\"aligncenter size-large\"><img loading=\"lazy\" decoding=\"async\" width=\"1024\" height=\"110\" src=\"https:\/\/jornalfatosenoticias.com.br\/wp-content\/uploads\/2022\/10\/Arte-jornal-Zucchi-1120x120_Prancheta-1-1024x110.jpg\" alt=\"\" class=\"wp-image-34772\" srcset=\"https:\/\/jornalfatosenoticias.com.br\/wp-content\/uploads\/2022\/10\/Arte-jornal-Zucchi-1120x120_Prancheta-1-1024x110.jpg 1024w, https:\/\/jornalfatosenoticias.com.br\/wp-content\/uploads\/2022\/10\/Arte-jornal-Zucchi-1120x120_Prancheta-1-300x32.jpg 300w, https:\/\/jornalfatosenoticias.com.br\/wp-content\/uploads\/2022\/10\/Arte-jornal-Zucchi-1120x120_Prancheta-1-768x82.jpg 768w, https:\/\/jornalfatosenoticias.com.br\/wp-content\/uploads\/2022\/10\/Arte-jornal-Zucchi-1120x120_Prancheta-1-1536x165.jpg 1536w, https:\/\/jornalfatosenoticias.com.br\/wp-content\/uploads\/2022\/10\/Arte-jornal-Zucchi-1120x120_Prancheta-1-2048x219.jpg 2048w\" sizes=\"auto, (max-width: 1024px) 100vw, 1024px\" \/><\/figure><\/div>\n\n\n\n<p>N\u00fameros positivos devem se repetir. Segundo analistas, o mercado solar grego est\u00e1 <strong><a href=\"https:\/\/www.pv-tech.org\/greek-solar-market-about-to-take-off\/\" target=\"_blank\" rel=\"noreferrer noopener\">\u201cprestes a decolar\u201d<\/a>,<\/strong> com um setor fotovoltaico que se beneficia da crescente demanda por acordos de energia renov\u00e1vel entre empresas e pelas pol\u00edticas de energia limpa da Uni\u00e3o Europeia (UE), que destina recursos para sistemas mais verdes. O pa\u00eds tem como meta atingir 25 GW de capacidade instalada de energia renov\u00e1vel at\u00e9 2030, acima dos cerca de 10 GW atuais.<\/p>\n\n\n\n<div class=\"wp-block-image\"><figure class=\"aligncenter size-large\"><img loading=\"lazy\" decoding=\"async\" width=\"1024\" height=\"109\" src=\"https:\/\/jornalfatosenoticias.com.br\/wp-content\/uploads\/2020\/02\/Propaganda-RC-Radiadores-Jornal_page-0001-1024x109.jpg\" alt=\"\" class=\"wp-image-35278\" srcset=\"https:\/\/jornalfatosenoticias.com.br\/wp-content\/uploads\/2020\/02\/Propaganda-RC-Radiadores-Jornal_page-0001-1024x109.jpg 1024w, https:\/\/jornalfatosenoticias.com.br\/wp-content\/uploads\/2020\/02\/Propaganda-RC-Radiadores-Jornal_page-0001-300x32.jpg 300w, https:\/\/jornalfatosenoticias.com.br\/wp-content\/uploads\/2020\/02\/Propaganda-RC-Radiadores-Jornal_page-0001-768x82.jpg 768w, https:\/\/jornalfatosenoticias.com.br\/wp-content\/uploads\/2020\/02\/Propaganda-RC-Radiadores-Jornal_page-0001.jpg 1220w\" sizes=\"auto, (max-width: 1024px) 100vw, 1024px\" \/><\/figure><\/div>\n\n\n\n<p><strong><em>Fonte: <a href=\"https:\/\/umsoplaneta.globo.com\/energia\/noticia\/2022\/10\/12\/pela-1a-vez-grecia-e-100percent-abastecida-por-energia-renovavel-um-recorde-de-otimismo-disse-grupo-ambiental.ghtml\">Um S\u00f3 Planeta<\/a><\/em><\/strong><\/p>\n","protected":false},"excerpt":{"rendered":"<p>Por cinco horas no dia 7 de outubro, o pa\u00eds atingiu um marco que o mundo todo busca com cada vez mais urg\u00eancia \u2014 e isso em plena crise do g\u00e1s na Europa. Ambientalistas celebraram feito Atualmente, cerca de metade da energia consumida na Gr\u00e9cia tem origem em fontes renov\u00e1veis, como solar e e\u00f3lica. Mas [&hellip;]<\/p>\n","protected":false},"author":2,"featured_media":35330,"comment_status":"open","ping_status":"open","sticky":false,"template":"","format":"standard","meta":{"footnotes":""},"categories":[8],"tags":[16574,13338,16575,2938,599,668],"class_list":["post-35329","post","type-post","status-publish","format-standard","has-post-thumbnail","hentry","category-meio-ambiente","tag-abastecida","tag-ambientalistas","tag-crise-do-gas-na-europa","tag-energia-renovavel","tag-energia-solar","tag-grecia"],"yoast_head":"<!-- This site is optimized with the Yoast SEO plugin v26.5 - https:\/\/yoast.com\/wordpress\/plugins\/seo\/ -->\n<title>Pela 1\u00aa vez, Gr\u00e9cia \u00e9 100% abastecida por energia renov\u00e1vel - Jornal Fatos e Not\u00edcias<\/title>\n<meta name=\"robots\" content=\"index, follow, max-snippet:-1, max-image-preview:large, max-video-preview:-1\" \/>\n<link rel=\"canonical\" href=\"https:\/\/jornalfatosenoticias.com.br\/index.php\/2022\/10\/19\/pela-1a-vez-grecia-e-100-abastecida-por-energia-renovavel\/\" \/>\n<meta property=\"og:locale\" content=\"pt_BR\" \/>\n<meta property=\"og:type\" content=\"article\" \/>\n<meta property=\"og:title\" content=\"Pela 1\u00aa vez, Gr\u00e9cia \u00e9 100% abastecida por energia renov\u00e1vel - Jornal Fatos e Not\u00edcias\" \/>\n<meta property=\"og:description\" content=\"Por cinco horas no dia 7 de outubro, o pa\u00eds atingiu um marco que o mundo todo busca com cada vez mais urg\u00eancia \u2014 e isso em plena crise do g\u00e1s na Europa. Ambientalistas celebraram feito Atualmente, cerca de metade da energia consumida na Gr\u00e9cia tem origem em fontes renov\u00e1veis, como solar e e\u00f3lica. Mas [&hellip;]\" \/>\n<meta property=\"og:url\" content=\"https:\/\/jornalfatosenoticias.com.br\/index.php\/2022\/10\/19\/pela-1a-vez-grecia-e-100-abastecida-por-energia-renovavel\/\" \/>\n<meta property=\"og:site_name\" content=\"Jornal Fatos e Not\u00edcias\" \/>\n<meta property=\"article:published_time\" content=\"2022-10-19T15:27:58+00:00\" \/>\n<meta property=\"article:modified_time\" content=\"2022-10-19T15:28:00+00:00\" \/>\n<meta property=\"og:image\" content=\"https:\/\/jornalfatosenoticias.com.br\/wp-content\/uploads\/2022\/10\/grecia-energia-solar.gif\" \/>\n\t<meta property=\"og:image:width\" content=\"1000\" \/>\n\t<meta property=\"og:image:height\" content=\"667\" \/>\n\t<meta property=\"og:image:type\" content=\"image\/gif\" \/>\n<meta name=\"author\" content=\"Luzimara Fernandes\" \/>\n<meta name=\"twitter:card\" content=\"summary_large_image\" \/>\n<meta name=\"twitter:label1\" content=\"Escrito por\" \/>\n\t<meta name=\"twitter:data1\" content=\"Luzimara Fernandes\" \/>\n\t<meta name=\"twitter:label2\" content=\"Est. tempo de leitura\" \/>\n\t<meta name=\"twitter:data2\" content=\"2 minutos\" \/>\n<script type=\"application\/ld+json\" class=\"yoast-schema-graph\">{\"@context\":\"https:\/\/schema.org\",\"@graph\":[{\"@type\":\"Article\",\"@id\":\"https:\/\/jornalfatosenoticias.com.br\/index.php\/2022\/10\/19\/pela-1a-vez-grecia-e-100-abastecida-por-energia-renovavel\/#article\",\"isPartOf\":{\"@id\":\"https:\/\/jornalfatosenoticias.com.br\/index.php\/2022\/10\/19\/pela-1a-vez-grecia-e-100-abastecida-por-energia-renovavel\/\"},\"author\":{\"name\":\"Luzimara Fernandes\",\"@id\":\"https:\/\/jornalfatosenoticias.com.br\/#\/schema\/person\/d63837fa13ac8666eb9e74e0985d6f81\"},\"headline\":\"Pela 1\u00aa vez, Gr\u00e9cia \u00e9 100% abastecida por energia renov\u00e1vel\",\"datePublished\":\"2022-10-19T15:27:58+00:00\",\"dateModified\":\"2022-10-19T15:28:00+00:00\",\"mainEntityOfPage\":{\"@id\":\"https:\/\/jornalfatosenoticias.com.br\/index.php\/2022\/10\/19\/pela-1a-vez-grecia-e-100-abastecida-por-energia-renovavel\/\"},\"wordCount\":411,\"commentCount\":0,\"publisher\":{\"@id\":\"https:\/\/jornalfatosenoticias.com.br\/#organization\"},\"image\":{\"@id\":\"https:\/\/jornalfatosenoticias.com.br\/index.php\/2022\/10\/19\/pela-1a-vez-grecia-e-100-abastecida-por-energia-renovavel\/#primaryimage\"},\"thumbnailUrl\":\"https:\/\/jornalfatosenoticias.com.br\/wp-content\/uploads\/2022\/10\/grecia-energia-solar.gif\",\"keywords\":[\"abastecida\",\"ambientalistas\",\"crise do g\u00e1s na Europa\",\"energia renov\u00e1vel\",\"energia solar\",\"Gr\u00e9cia\"],\"articleSection\":[\"Meio ambiente\"],\"inLanguage\":\"pt-BR\",\"potentialAction\":[{\"@type\":\"CommentAction\",\"name\":\"Comment\",\"target\":[\"https:\/\/jornalfatosenoticias.com.br\/index.php\/2022\/10\/19\/pela-1a-vez-grecia-e-100-abastecida-por-energia-renovavel\/#respond\"]}]},{\"@type\":\"WebPage\",\"@id\":\"https:\/\/jornalfatosenoticias.com.br\/index.php\/2022\/10\/19\/pela-1a-vez-grecia-e-100-abastecida-por-energia-renovavel\/\",\"url\":\"https:\/\/jornalfatosenoticias.com.br\/index.php\/2022\/10\/19\/pela-1a-vez-grecia-e-100-abastecida-por-energia-renovavel\/\",\"name\":\"Pela 1\u00aa vez, Gr\u00e9cia \u00e9 100% abastecida por energia renov\u00e1vel - Jornal Fatos e Not\u00edcias\",\"isPartOf\":{\"@id\":\"https:\/\/jornalfatosenoticias.com.br\/#website\"},\"primaryImageOfPage\":{\"@id\":\"https:\/\/jornalfatosenoticias.com.br\/index.php\/2022\/10\/19\/pela-1a-vez-grecia-e-100-abastecida-por-energia-renovavel\/#primaryimage\"},\"image\":{\"@id\":\"https:\/\/jornalfatosenoticias.com.br\/index.php\/2022\/10\/19\/pela-1a-vez-grecia-e-100-abastecida-por-energia-renovavel\/#primaryimage\"},\"thumbnailUrl\":\"https:\/\/jornalfatosenoticias.com.br\/wp-content\/uploads\/2022\/10\/grecia-energia-solar.gif\",\"datePublished\":\"2022-10-19T15:27:58+00:00\",\"dateModified\":\"2022-10-19T15:28:00+00:00\",\"breadcrumb\":{\"@id\":\"https:\/\/jornalfatosenoticias.com.br\/index.php\/2022\/10\/19\/pela-1a-vez-grecia-e-100-abastecida-por-energia-renovavel\/#breadcrumb\"},\"inLanguage\":\"pt-BR\",\"potentialAction\":[{\"@type\":\"ReadAction\",\"target\":[\"https:\/\/jornalfatosenoticias.com.br\/index.php\/2022\/10\/19\/pela-1a-vez-grecia-e-100-abastecida-por-energia-renovavel\/\"]}]},{\"@type\":\"ImageObject\",\"inLanguage\":\"pt-BR\",\"@id\":\"https:\/\/jornalfatosenoticias.com.br\/index.php\/2022\/10\/19\/pela-1a-vez-grecia-e-100-abastecida-por-energia-renovavel\/#primaryimage\",\"url\":\"https:\/\/jornalfatosenoticias.com.br\/wp-content\/uploads\/2022\/10\/grecia-energia-solar.gif\",\"contentUrl\":\"https:\/\/jornalfatosenoticias.com.br\/wp-content\/uploads\/2022\/10\/grecia-energia-solar.gif\",\"width\":1000,\"height\":667},{\"@type\":\"BreadcrumbList\",\"@id\":\"https:\/\/jornalfatosenoticias.com.br\/index.php\/2022\/10\/19\/pela-1a-vez-grecia-e-100-abastecida-por-energia-renovavel\/#breadcrumb\",\"itemListElement\":[{\"@type\":\"ListItem\",\"position\":1,\"name\":\"In\u00edcio\",\"item\":\"https:\/\/jornalfatosenoticias.com.br\/\"},{\"@type\":\"ListItem\",\"position\":2,\"name\":\"Pela 1\u00aa vez, Gr\u00e9cia \u00e9 100% abastecida por energia renov\u00e1vel\"}]},{\"@type\":\"WebSite\",\"@id\":\"https:\/\/jornalfatosenoticias.com.br\/#website\",\"url\":\"https:\/\/jornalfatosenoticias.com.br\/\",\"name\":\"Jornal Fatos e Not\u00edcias\",\"description\":\"Not\u00edcias em geral\",\"publisher\":{\"@id\":\"https:\/\/jornalfatosenoticias.com.br\/#organization\"},\"potentialAction\":[{\"@type\":\"SearchAction\",\"target\":{\"@type\":\"EntryPoint\",\"urlTemplate\":\"https:\/\/jornalfatosenoticias.com.br\/?s={search_term_string}\"},\"query-input\":{\"@type\":\"PropertyValueSpecification\",\"valueRequired\":true,\"valueName\":\"search_term_string\"}}],\"inLanguage\":\"pt-BR\"},{\"@type\":\"Organization\",\"@id\":\"https:\/\/jornalfatosenoticias.com.br\/#organization\",\"name\":\"Jornal Fatos e Not\u00edcias\",\"url\":\"https:\/\/jornalfatosenoticias.com.br\/\",\"logo\":{\"@type\":\"ImageObject\",\"inLanguage\":\"pt-BR\",\"@id\":\"https:\/\/jornalfatosenoticias.com.br\/#\/schema\/logo\/image\/\",\"url\":\"https:\/\/jornalfatosenoticias.com.br\/wp-content\/uploads\/2020\/02\/logo120.png\",\"contentUrl\":\"https:\/\/jornalfatosenoticias.com.br\/wp-content\/uploads\/2020\/02\/logo120.png\",\"width\":1227,\"height\":120,\"caption\":\"Jornal Fatos e Not\u00edcias\"},\"image\":{\"@id\":\"https:\/\/jornalfatosenoticias.com.br\/#\/schema\/logo\/image\/\"}},{\"@type\":\"Person\",\"@id\":\"https:\/\/jornalfatosenoticias.com.br\/#\/schema\/person\/d63837fa13ac8666eb9e74e0985d6f81\",\"name\":\"Luzimara Fernandes\",\"image\":{\"@type\":\"ImageObject\",\"inLanguage\":\"pt-BR\",\"@id\":\"https:\/\/jornalfatosenoticias.com.br\/#\/schema\/person\/image\/\",\"url\":\"https:\/\/jornalfatosenoticias.com.br\/wp-content\/uploads\/2025\/05\/EU_portal.jpg\",\"contentUrl\":\"https:\/\/jornalfatosenoticias.com.br\/wp-content\/uploads\/2025\/05\/EU_portal.jpg\",\"caption\":\"Luzimara Fernandes\"},\"description\":\"Jornalista MTB 2358-ES\",\"sameAs\":[\"https:\/\/jornalfatosenoticias.com.br\"],\"url\":\"https:\/\/jornalfatosenoticias.com.br\/index.php\/author\/luzimara\/\"}]}<\/script>\n<!-- \/ Yoast SEO plugin. -->","yoast_head_json":{"title":"Pela 1\u00aa vez, Gr\u00e9cia \u00e9 100% abastecida por energia renov\u00e1vel - Jornal Fatos e Not\u00edcias","robots":{"index":"index","follow":"follow","max-snippet":"max-snippet:-1","max-image-preview":"max-image-preview:large","max-video-preview":"max-video-preview:-1"},"canonical":"https:\/\/jornalfatosenoticias.com.br\/index.php\/2022\/10\/19\/pela-1a-vez-grecia-e-100-abastecida-por-energia-renovavel\/","og_locale":"pt_BR","og_type":"article","og_title":"Pela 1\u00aa vez, Gr\u00e9cia \u00e9 100% abastecida por energia renov\u00e1vel - Jornal Fatos e Not\u00edcias","og_description":"Por cinco horas no dia 7 de outubro, o pa\u00eds atingiu um marco que o mundo todo busca com cada vez mais urg\u00eancia \u2014 e isso em plena crise do g\u00e1s na Europa. Ambientalistas celebraram feito Atualmente, cerca de metade da energia consumida na Gr\u00e9cia tem origem em fontes renov\u00e1veis, como solar e e\u00f3lica. Mas [&hellip;]","og_url":"https:\/\/jornalfatosenoticias.com.br\/index.php\/2022\/10\/19\/pela-1a-vez-grecia-e-100-abastecida-por-energia-renovavel\/","og_site_name":"Jornal Fatos e Not\u00edcias","article_published_time":"2022-10-19T15:27:58+00:00","article_modified_time":"2022-10-19T15:28:00+00:00","og_image":[{"width":1000,"height":667,"url":"https:\/\/jornalfatosenoticias.com.br\/wp-content\/uploads\/2022\/10\/grecia-energia-solar.gif","type":"image\/gif"}],"author":"Luzimara Fernandes","twitter_card":"summary_large_image","twitter_misc":{"Escrito por":"Luzimara Fernandes","Est. tempo de leitura":"2 minutos"},"schema":{"@context":"https:\/\/schema.org","@graph":[{"@type":"Article","@id":"https:\/\/jornalfatosenoticias.com.br\/index.php\/2022\/10\/19\/pela-1a-vez-grecia-e-100-abastecida-por-energia-renovavel\/#article","isPartOf":{"@id":"https:\/\/jornalfatosenoticias.com.br\/index.php\/2022\/10\/19\/pela-1a-vez-grecia-e-100-abastecida-por-energia-renovavel\/"},"author":{"name":"Luzimara Fernandes","@id":"https:\/\/jornalfatosenoticias.com.br\/#\/schema\/person\/d63837fa13ac8666eb9e74e0985d6f81"},"headline":"Pela 1\u00aa vez, Gr\u00e9cia \u00e9 100% abastecida por energia renov\u00e1vel","datePublished":"2022-10-19T15:27:58+00:00","dateModified":"2022-10-19T15:28:00+00:00","mainEntityOfPage":{"@id":"https:\/\/jornalfatosenoticias.com.br\/index.php\/2022\/10\/19\/pela-1a-vez-grecia-e-100-abastecida-por-energia-renovavel\/"},"wordCount":411,"commentCount":0,"publisher":{"@id":"https:\/\/jornalfatosenoticias.com.br\/#organization"},"image":{"@id":"https:\/\/jornalfatosenoticias.com.br\/index.php\/2022\/10\/19\/pela-1a-vez-grecia-e-100-abastecida-por-energia-renovavel\/#primaryimage"},"thumbnailUrl":"https:\/\/jornalfatosenoticias.com.br\/wp-content\/uploads\/2022\/10\/grecia-energia-solar.gif","keywords":["abastecida","ambientalistas","crise do g\u00e1s na Europa","energia renov\u00e1vel","energia solar","Gr\u00e9cia"],"articleSection":["Meio ambiente"],"inLanguage":"pt-BR","potentialAction":[{"@type":"CommentAction","name":"Comment","target":["https:\/\/jornalfatosenoticias.com.br\/index.php\/2022\/10\/19\/pela-1a-vez-grecia-e-100-abastecida-por-energia-renovavel\/#respond"]}]},{"@type":"WebPage","@id":"https:\/\/jornalfatosenoticias.com.br\/index.php\/2022\/10\/19\/pela-1a-vez-grecia-e-100-abastecida-por-energia-renovavel\/","url":"https:\/\/jornalfatosenoticias.com.br\/index.php\/2022\/10\/19\/pela-1a-vez-grecia-e-100-abastecida-por-energia-renovavel\/","name":"Pela 1\u00aa vez, Gr\u00e9cia \u00e9 100% abastecida por energia renov\u00e1vel - Jornal Fatos e Not\u00edcias","isPartOf":{"@id":"https:\/\/jornalfatosenoticias.com.br\/#website"},"primaryImageOfPage":{"@id":"https:\/\/jornalfatosenoticias.com.br\/index.php\/2022\/10\/19\/pela-1a-vez-grecia-e-100-abastecida-por-energia-renovavel\/#primaryimage"},"image":{"@id":"https:\/\/jornalfatosenoticias.com.br\/index.php\/2022\/10\/19\/pela-1a-vez-grecia-e-100-abastecida-por-energia-renovavel\/#primaryimage"},"thumbnailUrl":"https:\/\/jornalfatosenoticias.com.br\/wp-content\/uploads\/2022\/10\/grecia-energia-solar.gif","datePublished":"2022-10-19T15:27:58+00:00","dateModified":"2022-10-19T15:28:00+00:00","breadcrumb":{"@id":"https:\/\/jornalfatosenoticias.com.br\/index.php\/2022\/10\/19\/pela-1a-vez-grecia-e-100-abastecida-por-energia-renovavel\/#breadcrumb"},"inLanguage":"pt-BR","potentialAction":[{"@type":"ReadAction","target":["https:\/\/jornalfatosenoticias.com.br\/index.php\/2022\/10\/19\/pela-1a-vez-grecia-e-100-abastecida-por-energia-renovavel\/"]}]},{"@type":"ImageObject","inLanguage":"pt-BR","@id":"https:\/\/jornalfatosenoticias.com.br\/index.php\/2022\/10\/19\/pela-1a-vez-grecia-e-100-abastecida-por-energia-renovavel\/#primaryimage","url":"https:\/\/jornalfatosenoticias.com.br\/wp-content\/uploads\/2022\/10\/grecia-energia-solar.gif","contentUrl":"https:\/\/jornalfatosenoticias.com.br\/wp-content\/uploads\/2022\/10\/grecia-energia-solar.gif","width":1000,"height":667},{"@type":"BreadcrumbList","@id":"https:\/\/jornalfatosenoticias.com.br\/index.php\/2022\/10\/19\/pela-1a-vez-grecia-e-100-abastecida-por-energia-renovavel\/#breadcrumb","itemListElement":[{"@type":"ListItem","position":1,"name":"In\u00edcio","item":"https:\/\/jornalfatosenoticias.com.br\/"},{"@type":"ListItem","position":2,"name":"Pela 1\u00aa vez, Gr\u00e9cia \u00e9 100% abastecida por energia renov\u00e1vel"}]},{"@type":"WebSite","@id":"https:\/\/jornalfatosenoticias.com.br\/#website","url":"https:\/\/jornalfatosenoticias.com.br\/","name":"Jornal Fatos e Not\u00edcias","description":"Not\u00edcias em geral","publisher":{"@id":"https:\/\/jornalfatosenoticias.com.br\/#organization"},"potentialAction":[{"@type":"SearchAction","target":{"@type":"EntryPoint","urlTemplate":"https:\/\/jornalfatosenoticias.com.br\/?s={search_term_string}"},"query-input":{"@type":"PropertyValueSpecification","valueRequired":true,"valueName":"search_term_string"}}],"inLanguage":"pt-BR"},{"@type":"Organization","@id":"https:\/\/jornalfatosenoticias.com.br\/#organization","name":"Jornal Fatos e Not\u00edcias","url":"https:\/\/jornalfatosenoticias.com.br\/","logo":{"@type":"ImageObject","inLanguage":"pt-BR","@id":"https:\/\/jornalfatosenoticias.com.br\/#\/schema\/logo\/image\/","url":"https:\/\/jornalfatosenoticias.com.br\/wp-content\/uploads\/2020\/02\/logo120.png","contentUrl":"https:\/\/jornalfatosenoticias.com.br\/wp-content\/uploads\/2020\/02\/logo120.png","width":1227,"height":120,"caption":"Jornal Fatos e Not\u00edcias"},"image":{"@id":"https:\/\/jornalfatosenoticias.com.br\/#\/schema\/logo\/image\/"}},{"@type":"Person","@id":"https:\/\/jornalfatosenoticias.com.br\/#\/schema\/person\/d63837fa13ac8666eb9e74e0985d6f81","name":"Luzimara Fernandes","image":{"@type":"ImageObject","inLanguage":"pt-BR","@id":"https:\/\/jornalfatosenoticias.com.br\/#\/schema\/person\/image\/","url":"https:\/\/jornalfatosenoticias.com.br\/wp-content\/uploads\/2025\/05\/EU_portal.jpg","contentUrl":"https:\/\/jornalfatosenoticias.com.br\/wp-content\/uploads\/2025\/05\/EU_portal.jpg","caption":"Luzimara Fernandes"},"description":"Jornalista MTB 2358-ES","sameAs":["https:\/\/jornalfatosenoticias.com.br"],"url":"https:\/\/jornalfatosenoticias.com.br\/index.php\/author\/luzimara\/"}]}},"cc_featured_image_caption":{"caption_text":"","source_text":"","source_url":""},"jetpack_featured_media_url":"https:\/\/jornalfatosenoticias.com.br\/wp-content\/uploads\/2022\/10\/grecia-energia-solar.gif","_links":{"self":[{"href":"https:\/\/jornalfatosenoticias.com.br\/index.php\/wp-json\/wp\/v2\/posts\/35329","targetHints":{"allow":["GET"]}}],"collection":[{"href":"https:\/\/jornalfatosenoticias.com.br\/index.php\/wp-json\/wp\/v2\/posts"}],"about":[{"href":"https:\/\/jornalfatosenoticias.com.br\/index.php\/wp-json\/wp\/v2\/types\/post"}],"author":[{"embeddable":true,"href":"https:\/\/jornalfatosenoticias.com.br\/index.php\/wp-json\/wp\/v2\/users\/2"}],"replies":[{"embeddable":true,"href":"https:\/\/jornalfatosenoticias.com.br\/index.php\/wp-json\/wp\/v2\/comments?post=35329"}],"version-history":[{"count":0,"href":"https:\/\/jornalfatosenoticias.com.br\/index.php\/wp-json\/wp\/v2\/posts\/35329\/revisions"}],"wp:featuredmedia":[{"embeddable":true,"href":"https:\/\/jornalfatosenoticias.com.br\/index.php\/wp-json\/wp\/v2\/media\/35330"}],"wp:attachment":[{"href":"https:\/\/jornalfatosenoticias.com.br\/index.php\/wp-json\/wp\/v2\/media?parent=35329"}],"wp:term":[{"taxonomy":"category","embeddable":true,"href":"https:\/\/jornalfatosenoticias.com.br\/index.php\/wp-json\/wp\/v2\/categories?post=35329"},{"taxonomy":"post_tag","embeddable":true,"href":"https:\/\/jornalfatosenoticias.com.br\/index.php\/wp-json\/wp\/v2\/tags?post=35329"}],"curies":[{"name":"wp","href":"https:\/\/api.w.org\/{rel}","templated":true}]}}