{"id":35374,"date":"2022-10-20T11:12:28","date_gmt":"2022-10-20T14:12:28","guid":{"rendered":"https:\/\/jornalfatosenoticias.com.br\/?p=35374"},"modified":"2022-10-20T11:12:30","modified_gmt":"2022-10-20T14:12:30","slug":"literacia-familiar-como-meio-de-aproximacao-entre-pais-e-filhos","status":"publish","type":"post","link":"https:\/\/jornalfatosenoticias.com.br\/index.php\/2022\/10\/20\/literacia-familiar-como-meio-de-aproximacao-entre-pais-e-filhos\/","title":{"rendered":"Literacia familiar como meio de aproxima\u00e7\u00e3o entre pais e filhos"},"content":{"rendered":"\n<p><em><span class=\"has-inline-color has-black-color\">O Programa Conta pra Mim auxilia no desenvolvimento do processo de aprendizagem de crian\u00e7as na primeira inf\u00e2ncia<\/span><\/em><\/p>\n\n\n\n<div class=\"wp-block-image\"><figure class=\"aligncenter size-large\"><img loading=\"lazy\" decoding=\"async\" width=\"1024\" height=\"100\" src=\"https:\/\/jornalfatosenoticias.com.br\/wp-content\/uploads\/2022\/05\/NOVA-LOGO-CESCONETTO-1024x100.jpg\" alt=\"\" class=\"wp-image-30792\" srcset=\"https:\/\/jornalfatosenoticias.com.br\/wp-content\/uploads\/2022\/05\/NOVA-LOGO-CESCONETTO-1024x100.jpg 1024w, https:\/\/jornalfatosenoticias.com.br\/wp-content\/uploads\/2022\/05\/NOVA-LOGO-CESCONETTO-300x29.jpg 300w, https:\/\/jornalfatosenoticias.com.br\/wp-content\/uploads\/2022\/05\/NOVA-LOGO-CESCONETTO-768x75.jpg 768w, https:\/\/jornalfatosenoticias.com.br\/wp-content\/uploads\/2022\/05\/NOVA-LOGO-CESCONETTO.jpg 1280w\" sizes=\"auto, (max-width: 1024px) 100vw, 1024px\" \/><\/figure><\/div>\n\n\n\n<p>O dia 12 de outubro combina duas celebra\u00e7\u00f5es que se complementam \u2014 o Dia das Crian\u00e7as e o Dia Nacional da Leitura. Atendendo ao p\u00fablico de ambas as ocasi\u00f5es, o Programa Conta pra Mim, do Minist\u00e9rio da Educa\u00e7\u00e3o (MEC), promove amplamente as pr\u00e1ticas de literacia familiar, que contribuem por meio de estrat\u00e9gias simples para o desenvolvimento de quatro habilidades fundamentais dos pequenos: ouvir, falar, ler e escrever.<\/p>\n\n\n\n<div class=\"wp-block-image\"><figure class=\"aligncenter size-large is-resized\"><img loading=\"lazy\" decoding=\"async\" src=\"https:\/\/jornalfatosenoticias.com.br\/wp-content\/uploads\/2020\/02\/logo-Panper_portal.jpg\" alt=\"\" class=\"wp-image-34474\" width=\"293\" height=\"203\" srcset=\"https:\/\/jornalfatosenoticias.com.br\/wp-content\/uploads\/2020\/02\/logo-Panper_portal.jpg 400w, https:\/\/jornalfatosenoticias.com.br\/wp-content\/uploads\/2020\/02\/logo-Panper_portal-300x208.jpg 300w\" sizes=\"auto, (max-width: 293px) 100vw, 293px\" \/><\/figure><\/div>\n\n\n\n<p>A iniciativa traz a influ\u00eancia e o ambiente familiar ao contexto de desenvolvimento lingu\u00edstico da crian\u00e7a, ao processo de aprendizagem e ao fortalecimento emocional dos meninos e das meninas na primeira inf\u00e2ncia. A Secretaria de Alfabetiza\u00e7\u00e3o (Sealf) do MEC produziu materiais gratuitos virtuais, que est\u00e3o dispon\u00edveis para <em>download<\/em>, a fim de incentivar e orientar os pais, familiares e demais interessados em aplicar pr\u00e1ticas da literacia familiar.<\/p>\n\n\n\n<div class=\"wp-block-image\"><figure class=\"aligncenter size-large\"><img loading=\"lazy\" decoding=\"async\" width=\"1024\" height=\"103\" src=\"https:\/\/jornalfatosenoticias.com.br\/wp-content\/uploads\/2022\/02\/Arte-Autoescola-Galatas_endereco_portal-1024x103.png\" alt=\"\" class=\"wp-image-27869\" srcset=\"https:\/\/jornalfatosenoticias.com.br\/wp-content\/uploads\/2022\/02\/Arte-Autoescola-Galatas_endereco_portal-1024x103.png 1024w, https:\/\/jornalfatosenoticias.com.br\/wp-content\/uploads\/2022\/02\/Arte-Autoescola-Galatas_endereco_portal-300x30.png 300w, https:\/\/jornalfatosenoticias.com.br\/wp-content\/uploads\/2022\/02\/Arte-Autoescola-Galatas_endereco_portal-768x77.png 768w, https:\/\/jornalfatosenoticias.com.br\/wp-content\/uploads\/2022\/02\/Arte-Autoescola-Galatas_endereco_portal.png 1223w\" sizes=\"auto, (max-width: 1024px) 100vw, 1024px\" \/><\/figure><\/div>\n\n\n\n<p>Considerado o primeiro programa do segmento no Brasil, o Conta pra Mim contabiliza 44 livros \u2014 entre obras de fic\u00e7\u00e3o, poesia, informativos, biografias e edi\u00e7\u00f5es para beb\u00eas, al\u00e9m de publica\u00e7\u00f5es somente com imagens \u2014 e oito v\u00eddeos de f\u00e1bulas animadas e cantigas. Mais de 30 mil fam\u00edlias em situa\u00e7\u00e3o de vulnerabilidade socioecon\u00f4mica, de 26 munic\u00edpios, de todas as unidades da federa\u00e7\u00e3o, foram beneficiadas com o recebimento de <em>kits <\/em>de literacia familiar.<\/p>\n\n\n\n<div class=\"wp-block-image\"><figure class=\"aligncenter size-large is-resized\"><img loading=\"lazy\" decoding=\"async\" src=\"https:\/\/jornalfatosenoticias.com.br\/wp-content\/uploads\/2022\/02\/Precisao-Contabilidade-1024x724.jpg\" alt=\"\" class=\"wp-image-28088\" width=\"300\" height=\"212\"\/><\/figure><\/div>\n\n\n\n<p>H\u00e1 tamb\u00e9m dispon\u00edveis narra\u00e7\u00f5es de hist\u00f3rias infantis em aplicativos de m\u00fasica e cantigas populares em v\u00eddeo no canal do MEC, no YouTube, que completam a cole\u00e7\u00e3o de possibilidades para que pais e filhos aprendam e se divirtam juntos.<br>Quer saber mais? Acesse o portal: <a href=\"https:\/\/alfabetizacao.mec.gov.br\/contapramim\">https:\/\/alfabetizacao.mec.gov.br\/contapramim<\/a>.<\/p>\n\n\n\n<div class=\"wp-block-image\"><figure class=\"aligncenter size-large\"><img loading=\"lazy\" decoding=\"async\" width=\"1024\" height=\"100\" src=\"https:\/\/jornalfatosenoticias.com.br\/wp-content\/uploads\/2020\/02\/banner_ferramentas-1024x100.jpg\" alt=\"\" class=\"wp-image-1258\" srcset=\"https:\/\/jornalfatosenoticias.com.br\/wp-content\/uploads\/2020\/02\/banner_ferramentas-1024x100.jpg 1024w, https:\/\/jornalfatosenoticias.com.br\/wp-content\/uploads\/2020\/02\/banner_ferramentas-300x29.jpg 300w, https:\/\/jornalfatosenoticias.com.br\/wp-content\/uploads\/2020\/02\/banner_ferramentas-768x75.jpg 768w, https:\/\/jornalfatosenoticias.com.br\/wp-content\/uploads\/2020\/02\/banner_ferramentas.jpg 1227w\" sizes=\"auto, (max-width: 1024px) 100vw, 1024px\" \/><\/figure><\/div>\n\n\n\n<p><strong><em>Fonte: <a href=\"https:\/\/www.gov.br\/mec\/pt-br\/assuntos\/noticias\/literacia-familiar-como-meio-de-aproximacao-entre-pais-e-filhos\">MEC<\/a><\/em><\/strong><\/p>\n","protected":false},"excerpt":{"rendered":"<p>O Programa Conta pra Mim auxilia no desenvolvimento do processo de aprendizagem de crian\u00e7as na primeira inf\u00e2ncia O dia 12 de outubro combina duas celebra\u00e7\u00f5es que se complementam \u2014 o Dia das Crian\u00e7as e o Dia Nacional da Leitura. Atendendo ao p\u00fablico de ambas as ocasi\u00f5es, o Programa Conta pra Mim, do Minist\u00e9rio da Educa\u00e7\u00e3o [&hellip;]<\/p>\n","protected":false},"author":2,"featured_media":35375,"comment_status":"open","ping_status":"open","sticky":false,"template":"","format":"standard","meta":{"footnotes":""},"categories":[7],"tags":[16600,16599,11337,16601,16598],"class_list":["post-35374","post","type-post","status-publish","format-standard","has-post-thumbnail","hentry","category-educacao","tag-aproximacao-entre-pais-e-filhos","tag-literacia-familiar","tag-primeira-infancia","tag-processo-de-aprendizagem","tag-programa-conta-pra-mim"],"yoast_head":"<!-- This site is optimized with the Yoast SEO plugin v26.5 - https:\/\/yoast.com\/wordpress\/plugins\/seo\/ -->\n<title>Literacia familiar como meio de aproxima\u00e7\u00e3o entre pais e filhos - Jornal Fatos e Not\u00edcias<\/title>\n<meta name=\"robots\" content=\"index, follow, max-snippet:-1, max-image-preview:large, max-video-preview:-1\" \/>\n<link rel=\"canonical\" href=\"https:\/\/jornalfatosenoticias.com.br\/index.php\/2022\/10\/20\/literacia-familiar-como-meio-de-aproximacao-entre-pais-e-filhos\/\" \/>\n<meta property=\"og:locale\" content=\"pt_BR\" \/>\n<meta property=\"og:type\" content=\"article\" \/>\n<meta property=\"og:title\" content=\"Literacia familiar como meio de aproxima\u00e7\u00e3o entre pais e filhos - Jornal Fatos e Not\u00edcias\" \/>\n<meta property=\"og:description\" content=\"O Programa Conta pra Mim auxilia no desenvolvimento do processo de aprendizagem de crian\u00e7as na primeira inf\u00e2ncia O dia 12 de outubro combina duas celebra\u00e7\u00f5es que se complementam \u2014 o Dia das Crian\u00e7as e o Dia Nacional da Leitura. Atendendo ao p\u00fablico de ambas as ocasi\u00f5es, o Programa Conta pra Mim, do Minist\u00e9rio da Educa\u00e7\u00e3o [&hellip;]\" \/>\n<meta property=\"og:url\" content=\"https:\/\/jornalfatosenoticias.com.br\/index.php\/2022\/10\/20\/literacia-familiar-como-meio-de-aproximacao-entre-pais-e-filhos\/\" \/>\n<meta property=\"og:site_name\" content=\"Jornal Fatos e Not\u00edcias\" \/>\n<meta property=\"article:published_time\" content=\"2022-10-20T14:12:28+00:00\" \/>\n<meta property=\"article:modified_time\" content=\"2022-10-20T14:12:30+00:00\" \/>\n<meta property=\"og:image\" content=\"https:\/\/jornalfatosenoticias.com.br\/wp-content\/uploads\/2022\/10\/LITERACIA-FAMILIAR.jpeg\" \/>\n\t<meta property=\"og:image:width\" content=\"1000\" \/>\n\t<meta property=\"og:image:height\" content=\"652\" \/>\n\t<meta property=\"og:image:type\" content=\"image\/jpeg\" \/>\n<meta name=\"author\" content=\"Luzimara Fernandes\" \/>\n<meta name=\"twitter:card\" content=\"summary_large_image\" \/>\n<meta name=\"twitter:label1\" content=\"Escrito por\" \/>\n\t<meta name=\"twitter:data1\" content=\"Luzimara Fernandes\" \/>\n\t<meta name=\"twitter:label2\" content=\"Est. tempo de leitura\" \/>\n\t<meta name=\"twitter:data2\" content=\"2 minutos\" \/>\n<script type=\"application\/ld+json\" class=\"yoast-schema-graph\">{\"@context\":\"https:\/\/schema.org\",\"@graph\":[{\"@type\":\"Article\",\"@id\":\"https:\/\/jornalfatosenoticias.com.br\/index.php\/2022\/10\/20\/literacia-familiar-como-meio-de-aproximacao-entre-pais-e-filhos\/#article\",\"isPartOf\":{\"@id\":\"https:\/\/jornalfatosenoticias.com.br\/index.php\/2022\/10\/20\/literacia-familiar-como-meio-de-aproximacao-entre-pais-e-filhos\/\"},\"author\":{\"name\":\"Luzimara Fernandes\",\"@id\":\"https:\/\/jornalfatosenoticias.com.br\/#\/schema\/person\/d63837fa13ac8666eb9e74e0985d6f81\"},\"headline\":\"Literacia familiar como meio de aproxima\u00e7\u00e3o entre pais e filhos\",\"datePublished\":\"2022-10-20T14:12:28+00:00\",\"dateModified\":\"2022-10-20T14:12:30+00:00\",\"mainEntityOfPage\":{\"@id\":\"https:\/\/jornalfatosenoticias.com.br\/index.php\/2022\/10\/20\/literacia-familiar-como-meio-de-aproximacao-entre-pais-e-filhos\/\"},\"wordCount\":314,\"commentCount\":0,\"publisher\":{\"@id\":\"https:\/\/jornalfatosenoticias.com.br\/#organization\"},\"image\":{\"@id\":\"https:\/\/jornalfatosenoticias.com.br\/index.php\/2022\/10\/20\/literacia-familiar-como-meio-de-aproximacao-entre-pais-e-filhos\/#primaryimage\"},\"thumbnailUrl\":\"https:\/\/jornalfatosenoticias.com.br\/wp-content\/uploads\/2022\/10\/LITERACIA-FAMILIAR.jpeg\",\"keywords\":[\"aproxima\u00e7\u00e3o entre pais e filhos\",\"literacia familiar\",\"primeira inf\u00e2ncia\",\"processo de aprendizagem\",\"Programa Conta pra Mim\"],\"articleSection\":[\"Educa\u00e7\u00e3o\"],\"inLanguage\":\"pt-BR\",\"potentialAction\":[{\"@type\":\"CommentAction\",\"name\":\"Comment\",\"target\":[\"https:\/\/jornalfatosenoticias.com.br\/index.php\/2022\/10\/20\/literacia-familiar-como-meio-de-aproximacao-entre-pais-e-filhos\/#respond\"]}]},{\"@type\":\"WebPage\",\"@id\":\"https:\/\/jornalfatosenoticias.com.br\/index.php\/2022\/10\/20\/literacia-familiar-como-meio-de-aproximacao-entre-pais-e-filhos\/\",\"url\":\"https:\/\/jornalfatosenoticias.com.br\/index.php\/2022\/10\/20\/literacia-familiar-como-meio-de-aproximacao-entre-pais-e-filhos\/\",\"name\":\"Literacia familiar como meio de aproxima\u00e7\u00e3o entre pais e filhos - Jornal Fatos e Not\u00edcias\",\"isPartOf\":{\"@id\":\"https:\/\/jornalfatosenoticias.com.br\/#website\"},\"primaryImageOfPage\":{\"@id\":\"https:\/\/jornalfatosenoticias.com.br\/index.php\/2022\/10\/20\/literacia-familiar-como-meio-de-aproximacao-entre-pais-e-filhos\/#primaryimage\"},\"image\":{\"@id\":\"https:\/\/jornalfatosenoticias.com.br\/index.php\/2022\/10\/20\/literacia-familiar-como-meio-de-aproximacao-entre-pais-e-filhos\/#primaryimage\"},\"thumbnailUrl\":\"https:\/\/jornalfatosenoticias.com.br\/wp-content\/uploads\/2022\/10\/LITERACIA-FAMILIAR.jpeg\",\"datePublished\":\"2022-10-20T14:12:28+00:00\",\"dateModified\":\"2022-10-20T14:12:30+00:00\",\"breadcrumb\":{\"@id\":\"https:\/\/jornalfatosenoticias.com.br\/index.php\/2022\/10\/20\/literacia-familiar-como-meio-de-aproximacao-entre-pais-e-filhos\/#breadcrumb\"},\"inLanguage\":\"pt-BR\",\"potentialAction\":[{\"@type\":\"ReadAction\",\"target\":[\"https:\/\/jornalfatosenoticias.com.br\/index.php\/2022\/10\/20\/literacia-familiar-como-meio-de-aproximacao-entre-pais-e-filhos\/\"]}]},{\"@type\":\"ImageObject\",\"inLanguage\":\"pt-BR\",\"@id\":\"https:\/\/jornalfatosenoticias.com.br\/index.php\/2022\/10\/20\/literacia-familiar-como-meio-de-aproximacao-entre-pais-e-filhos\/#primaryimage\",\"url\":\"https:\/\/jornalfatosenoticias.com.br\/wp-content\/uploads\/2022\/10\/LITERACIA-FAMILIAR.jpeg\",\"contentUrl\":\"https:\/\/jornalfatosenoticias.com.br\/wp-content\/uploads\/2022\/10\/LITERACIA-FAMILIAR.jpeg\",\"width\":1000,\"height\":652},{\"@type\":\"BreadcrumbList\",\"@id\":\"https:\/\/jornalfatosenoticias.com.br\/index.php\/2022\/10\/20\/literacia-familiar-como-meio-de-aproximacao-entre-pais-e-filhos\/#breadcrumb\",\"itemListElement\":[{\"@type\":\"ListItem\",\"position\":1,\"name\":\"In\u00edcio\",\"item\":\"https:\/\/jornalfatosenoticias.com.br\/\"},{\"@type\":\"ListItem\",\"position\":2,\"name\":\"Literacia familiar como meio de aproxima\u00e7\u00e3o entre pais e filhos\"}]},{\"@type\":\"WebSite\",\"@id\":\"https:\/\/jornalfatosenoticias.com.br\/#website\",\"url\":\"https:\/\/jornalfatosenoticias.com.br\/\",\"name\":\"Jornal Fatos e Not\u00edcias\",\"description\":\"Not\u00edcias em geral\",\"publisher\":{\"@id\":\"https:\/\/jornalfatosenoticias.com.br\/#organization\"},\"potentialAction\":[{\"@type\":\"SearchAction\",\"target\":{\"@type\":\"EntryPoint\",\"urlTemplate\":\"https:\/\/jornalfatosenoticias.com.br\/?s={search_term_string}\"},\"query-input\":{\"@type\":\"PropertyValueSpecification\",\"valueRequired\":true,\"valueName\":\"search_term_string\"}}],\"inLanguage\":\"pt-BR\"},{\"@type\":\"Organization\",\"@id\":\"https:\/\/jornalfatosenoticias.com.br\/#organization\",\"name\":\"Jornal Fatos e Not\u00edcias\",\"url\":\"https:\/\/jornalfatosenoticias.com.br\/\",\"logo\":{\"@type\":\"ImageObject\",\"inLanguage\":\"pt-BR\",\"@id\":\"https:\/\/jornalfatosenoticias.com.br\/#\/schema\/logo\/image\/\",\"url\":\"https:\/\/jornalfatosenoticias.com.br\/wp-content\/uploads\/2020\/02\/logo120.png\",\"contentUrl\":\"https:\/\/jornalfatosenoticias.com.br\/wp-content\/uploads\/2020\/02\/logo120.png\",\"width\":1227,\"height\":120,\"caption\":\"Jornal Fatos e Not\u00edcias\"},\"image\":{\"@id\":\"https:\/\/jornalfatosenoticias.com.br\/#\/schema\/logo\/image\/\"}},{\"@type\":\"Person\",\"@id\":\"https:\/\/jornalfatosenoticias.com.br\/#\/schema\/person\/d63837fa13ac8666eb9e74e0985d6f81\",\"name\":\"Luzimara Fernandes\",\"image\":{\"@type\":\"ImageObject\",\"inLanguage\":\"pt-BR\",\"@id\":\"https:\/\/jornalfatosenoticias.com.br\/#\/schema\/person\/image\/\",\"url\":\"https:\/\/jornalfatosenoticias.com.br\/wp-content\/uploads\/2025\/05\/EU_portal.jpg\",\"contentUrl\":\"https:\/\/jornalfatosenoticias.com.br\/wp-content\/uploads\/2025\/05\/EU_portal.jpg\",\"caption\":\"Luzimara Fernandes\"},\"description\":\"Jornalista MTB 2358-ES\",\"sameAs\":[\"https:\/\/jornalfatosenoticias.com.br\"],\"url\":\"https:\/\/jornalfatosenoticias.com.br\/index.php\/author\/luzimara\/\"}]}<\/script>\n<!-- \/ Yoast SEO plugin. -->","yoast_head_json":{"title":"Literacia familiar como meio de aproxima\u00e7\u00e3o entre pais e filhos - Jornal Fatos e Not\u00edcias","robots":{"index":"index","follow":"follow","max-snippet":"max-snippet:-1","max-image-preview":"max-image-preview:large","max-video-preview":"max-video-preview:-1"},"canonical":"https:\/\/jornalfatosenoticias.com.br\/index.php\/2022\/10\/20\/literacia-familiar-como-meio-de-aproximacao-entre-pais-e-filhos\/","og_locale":"pt_BR","og_type":"article","og_title":"Literacia familiar como meio de aproxima\u00e7\u00e3o entre pais e filhos - Jornal Fatos e Not\u00edcias","og_description":"O Programa Conta pra Mim auxilia no desenvolvimento do processo de aprendizagem de crian\u00e7as na primeira inf\u00e2ncia O dia 12 de outubro combina duas celebra\u00e7\u00f5es que se complementam \u2014 o Dia das Crian\u00e7as e o Dia Nacional da Leitura. Atendendo ao p\u00fablico de ambas as ocasi\u00f5es, o Programa Conta pra Mim, do Minist\u00e9rio da Educa\u00e7\u00e3o [&hellip;]","og_url":"https:\/\/jornalfatosenoticias.com.br\/index.php\/2022\/10\/20\/literacia-familiar-como-meio-de-aproximacao-entre-pais-e-filhos\/","og_site_name":"Jornal Fatos e Not\u00edcias","article_published_time":"2022-10-20T14:12:28+00:00","article_modified_time":"2022-10-20T14:12:30+00:00","og_image":[{"width":1000,"height":652,"url":"https:\/\/jornalfatosenoticias.com.br\/wp-content\/uploads\/2022\/10\/LITERACIA-FAMILIAR.jpeg","type":"image\/jpeg"}],"author":"Luzimara Fernandes","twitter_card":"summary_large_image","twitter_misc":{"Escrito por":"Luzimara Fernandes","Est. tempo de leitura":"2 minutos"},"schema":{"@context":"https:\/\/schema.org","@graph":[{"@type":"Article","@id":"https:\/\/jornalfatosenoticias.com.br\/index.php\/2022\/10\/20\/literacia-familiar-como-meio-de-aproximacao-entre-pais-e-filhos\/#article","isPartOf":{"@id":"https:\/\/jornalfatosenoticias.com.br\/index.php\/2022\/10\/20\/literacia-familiar-como-meio-de-aproximacao-entre-pais-e-filhos\/"},"author":{"name":"Luzimara Fernandes","@id":"https:\/\/jornalfatosenoticias.com.br\/#\/schema\/person\/d63837fa13ac8666eb9e74e0985d6f81"},"headline":"Literacia familiar como meio de aproxima\u00e7\u00e3o entre pais e filhos","datePublished":"2022-10-20T14:12:28+00:00","dateModified":"2022-10-20T14:12:30+00:00","mainEntityOfPage":{"@id":"https:\/\/jornalfatosenoticias.com.br\/index.php\/2022\/10\/20\/literacia-familiar-como-meio-de-aproximacao-entre-pais-e-filhos\/"},"wordCount":314,"commentCount":0,"publisher":{"@id":"https:\/\/jornalfatosenoticias.com.br\/#organization"},"image":{"@id":"https:\/\/jornalfatosenoticias.com.br\/index.php\/2022\/10\/20\/literacia-familiar-como-meio-de-aproximacao-entre-pais-e-filhos\/#primaryimage"},"thumbnailUrl":"https:\/\/jornalfatosenoticias.com.br\/wp-content\/uploads\/2022\/10\/LITERACIA-FAMILIAR.jpeg","keywords":["aproxima\u00e7\u00e3o entre pais e filhos","literacia familiar","primeira inf\u00e2ncia","processo de aprendizagem","Programa Conta pra Mim"],"articleSection":["Educa\u00e7\u00e3o"],"inLanguage":"pt-BR","potentialAction":[{"@type":"CommentAction","name":"Comment","target":["https:\/\/jornalfatosenoticias.com.br\/index.php\/2022\/10\/20\/literacia-familiar-como-meio-de-aproximacao-entre-pais-e-filhos\/#respond"]}]},{"@type":"WebPage","@id":"https:\/\/jornalfatosenoticias.com.br\/index.php\/2022\/10\/20\/literacia-familiar-como-meio-de-aproximacao-entre-pais-e-filhos\/","url":"https:\/\/jornalfatosenoticias.com.br\/index.php\/2022\/10\/20\/literacia-familiar-como-meio-de-aproximacao-entre-pais-e-filhos\/","name":"Literacia familiar como meio de aproxima\u00e7\u00e3o entre pais e filhos - Jornal Fatos e Not\u00edcias","isPartOf":{"@id":"https:\/\/jornalfatosenoticias.com.br\/#website"},"primaryImageOfPage":{"@id":"https:\/\/jornalfatosenoticias.com.br\/index.php\/2022\/10\/20\/literacia-familiar-como-meio-de-aproximacao-entre-pais-e-filhos\/#primaryimage"},"image":{"@id":"https:\/\/jornalfatosenoticias.com.br\/index.php\/2022\/10\/20\/literacia-familiar-como-meio-de-aproximacao-entre-pais-e-filhos\/#primaryimage"},"thumbnailUrl":"https:\/\/jornalfatosenoticias.com.br\/wp-content\/uploads\/2022\/10\/LITERACIA-FAMILIAR.jpeg","datePublished":"2022-10-20T14:12:28+00:00","dateModified":"2022-10-20T14:12:30+00:00","breadcrumb":{"@id":"https:\/\/jornalfatosenoticias.com.br\/index.php\/2022\/10\/20\/literacia-familiar-como-meio-de-aproximacao-entre-pais-e-filhos\/#breadcrumb"},"inLanguage":"pt-BR","potentialAction":[{"@type":"ReadAction","target":["https:\/\/jornalfatosenoticias.com.br\/index.php\/2022\/10\/20\/literacia-familiar-como-meio-de-aproximacao-entre-pais-e-filhos\/"]}]},{"@type":"ImageObject","inLanguage":"pt-BR","@id":"https:\/\/jornalfatosenoticias.com.br\/index.php\/2022\/10\/20\/literacia-familiar-como-meio-de-aproximacao-entre-pais-e-filhos\/#primaryimage","url":"https:\/\/jornalfatosenoticias.com.br\/wp-content\/uploads\/2022\/10\/LITERACIA-FAMILIAR.jpeg","contentUrl":"https:\/\/jornalfatosenoticias.com.br\/wp-content\/uploads\/2022\/10\/LITERACIA-FAMILIAR.jpeg","width":1000,"height":652},{"@type":"BreadcrumbList","@id":"https:\/\/jornalfatosenoticias.com.br\/index.php\/2022\/10\/20\/literacia-familiar-como-meio-de-aproximacao-entre-pais-e-filhos\/#breadcrumb","itemListElement":[{"@type":"ListItem","position":1,"name":"In\u00edcio","item":"https:\/\/jornalfatosenoticias.com.br\/"},{"@type":"ListItem","position":2,"name":"Literacia familiar como meio de aproxima\u00e7\u00e3o entre pais e filhos"}]},{"@type":"WebSite","@id":"https:\/\/jornalfatosenoticias.com.br\/#website","url":"https:\/\/jornalfatosenoticias.com.br\/","name":"Jornal Fatos e Not\u00edcias","description":"Not\u00edcias em geral","publisher":{"@id":"https:\/\/jornalfatosenoticias.com.br\/#organization"},"potentialAction":[{"@type":"SearchAction","target":{"@type":"EntryPoint","urlTemplate":"https:\/\/jornalfatosenoticias.com.br\/?s={search_term_string}"},"query-input":{"@type":"PropertyValueSpecification","valueRequired":true,"valueName":"search_term_string"}}],"inLanguage":"pt-BR"},{"@type":"Organization","@id":"https:\/\/jornalfatosenoticias.com.br\/#organization","name":"Jornal Fatos e Not\u00edcias","url":"https:\/\/jornalfatosenoticias.com.br\/","logo":{"@type":"ImageObject","inLanguage":"pt-BR","@id":"https:\/\/jornalfatosenoticias.com.br\/#\/schema\/logo\/image\/","url":"https:\/\/jornalfatosenoticias.com.br\/wp-content\/uploads\/2020\/02\/logo120.png","contentUrl":"https:\/\/jornalfatosenoticias.com.br\/wp-content\/uploads\/2020\/02\/logo120.png","width":1227,"height":120,"caption":"Jornal Fatos e Not\u00edcias"},"image":{"@id":"https:\/\/jornalfatosenoticias.com.br\/#\/schema\/logo\/image\/"}},{"@type":"Person","@id":"https:\/\/jornalfatosenoticias.com.br\/#\/schema\/person\/d63837fa13ac8666eb9e74e0985d6f81","name":"Luzimara Fernandes","image":{"@type":"ImageObject","inLanguage":"pt-BR","@id":"https:\/\/jornalfatosenoticias.com.br\/#\/schema\/person\/image\/","url":"https:\/\/jornalfatosenoticias.com.br\/wp-content\/uploads\/2025\/05\/EU_portal.jpg","contentUrl":"https:\/\/jornalfatosenoticias.com.br\/wp-content\/uploads\/2025\/05\/EU_portal.jpg","caption":"Luzimara Fernandes"},"description":"Jornalista MTB 2358-ES","sameAs":["https:\/\/jornalfatosenoticias.com.br"],"url":"https:\/\/jornalfatosenoticias.com.br\/index.php\/author\/luzimara\/"}]}},"cc_featured_image_caption":{"caption_text":"(Foto: Divulga\u00e7\u00e3o) ","source_text":"","source_url":""},"jetpack_featured_media_url":"https:\/\/jornalfatosenoticias.com.br\/wp-content\/uploads\/2022\/10\/LITERACIA-FAMILIAR.jpeg","_links":{"self":[{"href":"https:\/\/jornalfatosenoticias.com.br\/index.php\/wp-json\/wp\/v2\/posts\/35374","targetHints":{"allow":["GET"]}}],"collection":[{"href":"https:\/\/jornalfatosenoticias.com.br\/index.php\/wp-json\/wp\/v2\/posts"}],"about":[{"href":"https:\/\/jornalfatosenoticias.com.br\/index.php\/wp-json\/wp\/v2\/types\/post"}],"author":[{"embeddable":true,"href":"https:\/\/jornalfatosenoticias.com.br\/index.php\/wp-json\/wp\/v2\/users\/2"}],"replies":[{"embeddable":true,"href":"https:\/\/jornalfatosenoticias.com.br\/index.php\/wp-json\/wp\/v2\/comments?post=35374"}],"version-history":[{"count":0,"href":"https:\/\/jornalfatosenoticias.com.br\/index.php\/wp-json\/wp\/v2\/posts\/35374\/revisions"}],"wp:featuredmedia":[{"embeddable":true,"href":"https:\/\/jornalfatosenoticias.com.br\/index.php\/wp-json\/wp\/v2\/media\/35375"}],"wp:attachment":[{"href":"https:\/\/jornalfatosenoticias.com.br\/index.php\/wp-json\/wp\/v2\/media?parent=35374"}],"wp:term":[{"taxonomy":"category","embeddable":true,"href":"https:\/\/jornalfatosenoticias.com.br\/index.php\/wp-json\/wp\/v2\/categories?post=35374"},{"taxonomy":"post_tag","embeddable":true,"href":"https:\/\/jornalfatosenoticias.com.br\/index.php\/wp-json\/wp\/v2\/tags?post=35374"}],"curies":[{"name":"wp","href":"https:\/\/api.w.org\/{rel}","templated":true}]}}