{"id":35420,"date":"2022-10-21T12:42:10","date_gmt":"2022-10-21T15:42:10","guid":{"rendered":"https:\/\/jornalfatosenoticias.com.br\/?p=35420"},"modified":"2022-10-21T12:42:11","modified_gmt":"2022-10-21T15:42:11","slug":"pesquisa-sugere-que-meditacao-pode-prevenir-alzheimer","status":"publish","type":"post","link":"https:\/\/jornalfatosenoticias.com.br\/index.php\/2022\/10\/21\/pesquisa-sugere-que-meditacao-pode-prevenir-alzheimer\/","title":{"rendered":"Pesquisa sugere que medita\u00e7\u00e3o pode prevenir Alzheimer"},"content":{"rendered":"\n<p><span class=\"has-inline-color has-black-color\"><em>Pr\u00e1tica da medita\u00e7\u00e3o pode aumentar a aten\u00e7\u00e3o, a consci\u00eancia e a sa\u00fade emocional<\/em><\/span><\/p>\n\n\n\n<div class=\"wp-block-image\"><figure class=\"aligncenter size-large\"><img loading=\"lazy\" decoding=\"async\" width=\"1024\" height=\"111\" src=\"https:\/\/jornalfatosenoticias.com.br\/wp-content\/uploads\/2020\/02\/WhatsApp-Image-2022-09-23-at-12.09.18-1024x111.jpeg\" alt=\"\" class=\"wp-image-34527\" srcset=\"https:\/\/jornalfatosenoticias.com.br\/wp-content\/uploads\/2020\/02\/WhatsApp-Image-2022-09-23-at-12.09.18-1024x111.jpeg 1024w, https:\/\/jornalfatosenoticias.com.br\/wp-content\/uploads\/2020\/02\/WhatsApp-Image-2022-09-23-at-12.09.18-300x32.jpeg 300w, https:\/\/jornalfatosenoticias.com.br\/wp-content\/uploads\/2020\/02\/WhatsApp-Image-2022-09-23-at-12.09.18-768x83.jpeg 768w, https:\/\/jornalfatosenoticias.com.br\/wp-content\/uploads\/2020\/02\/WhatsApp-Image-2022-09-23-at-12.09.18.jpeg 1121w\" sizes=\"auto, (max-width: 1024px) 100vw, 1024px\" \/><\/figure><\/div>\n\n\n\n<p>Focar no presente e deixar que as preocupa\u00e7\u00f5es fluam na mente sem ret\u00ea-las. Esta \u00e9 uma das primeiras li\u00e7\u00f5es passadas aos iniciantes na medita\u00e7\u00e3o. Uma pr\u00e1tica reconhecidamente ben\u00e9fica para a sa\u00fade mental, de acordo com v\u00e1rios estudos, ganha mais um refor\u00e7o: a tese de que quem medita possa talvez estar prevenindo a doen\u00e7a de Alzheimer.<\/p>\n\n\n\n<div class=\"wp-block-image\"><figure class=\"aligncenter size-large is-resized\"><img loading=\"lazy\" decoding=\"async\" src=\"https:\/\/jornalfatosenoticias.com.br\/wp-content\/uploads\/2020\/02\/logo-clinica-limoeiro.jpg\" alt=\"\" class=\"wp-image-34610\" width=\"280\" height=\"199\"\/><\/figure><\/div>\n\n\n\n<p>A investiga\u00e7\u00e3o \u00e9 realizada por pesquisadores da Universit\u00e9 de Caen Normandie e do Inserm (Institut National de la Sant\u00e9 et de la Recherche M\u00e9dicale), ambas da Fran\u00e7a. Em colabora\u00e7\u00e3o com outras equipes, as institui\u00e7\u00f5es analisaram o impacto de 18 meses de treinamento em <a href=\"https:\/\/ciclovivo.com.br\/vida-sustentavel\/equilibrio\/9-dicas-para-meditar-mais-e-melhor\/\" target=\"_blank\" rel=\"noreferrer noopener\">medita\u00e7\u00e3o<\/a>\u00a0em pessoas saud\u00e1veis \u200b\u200bcom mais de 65 anos. Entre as descobertas positivas, percebeu-se que a medita\u00e7\u00e3o pode aumentar a aten\u00e7\u00e3o, a consci\u00eancia e a sa\u00fade emocional.<\/p>\n\n\n\n<div class=\"wp-block-image\"><figure class=\"alignleft size-large\"><img decoding=\"async\" src=\"https:\/\/jornalfatosenoticias.com.br\/wp-content\/uploads\/2020\/02\/barao-das-carnes-300x164-1.jpg\" alt=\"\" class=\"wp-image-34339\"\/><\/figure><\/div>\n\n\n\n<p>O ensaio, que envolveu 136 pessoas, buscou entender o potencial benef\u00edcio fisiol\u00f3gico, cognitivo e emocional da medita\u00e7\u00e3o. Os participantes foram divididos em tr\u00eas grupos: um deles seguiu a medita\u00e7\u00e3o de aten\u00e7\u00e3o plena e medita\u00e7\u00e3o compassiva, outro seguiu um per\u00edodo de treinamento em ingl\u00eas (intitulado grupo \u201ccontrole ativo\u201d) e o terceiro grupo (o grupo \u201ccontrole passivo\u201d) n\u00e3o seguiu nenhuma interven\u00e7\u00e3o.<\/p>\n\n\n\n<div class=\"wp-block-image\"><figure class=\"aligncenter size-large\"><img loading=\"lazy\" decoding=\"async\" width=\"1024\" height=\"100\" src=\"https:\/\/jornalfatosenoticias.com.br\/wp-content\/uploads\/2022\/05\/NOVA-LOGO-CESCONETTO-1024x100.jpg\" alt=\"\" class=\"wp-image-30792\" srcset=\"https:\/\/jornalfatosenoticias.com.br\/wp-content\/uploads\/2022\/05\/NOVA-LOGO-CESCONETTO-1024x100.jpg 1024w, https:\/\/jornalfatosenoticias.com.br\/wp-content\/uploads\/2022\/05\/NOVA-LOGO-CESCONETTO-300x29.jpg 300w, https:\/\/jornalfatosenoticias.com.br\/wp-content\/uploads\/2022\/05\/NOVA-LOGO-CESCONETTO-768x75.jpg 768w, https:\/\/jornalfatosenoticias.com.br\/wp-content\/uploads\/2022\/05\/NOVA-LOGO-CESCONETTO.jpg 1280w\" sizes=\"auto, (max-width: 1024px) 100vw, 1024px\" \/><\/figure><\/div>\n\n\n\n<p>Em rela\u00e7\u00e3o \u00e0s partes do c\u00e9rebro analisadas (como a \u00ednsula e o c\u00f3rtex cingulado), n\u00e3o foram identificadas mudan\u00e7as significativas. Ga\u00ebl Ch\u00e9telat, um dos principais autores, acredita que \u201cembora a medita\u00e7\u00e3o possa modificar o volume de c\u00e9rebros mais jovens e mais pl\u00e1sticos, 18 meses de treinamento em medita\u00e7\u00e3o n\u00e3o s\u00e3o suficientes para modificar os efeitos do envelhecimento\u201d.<\/p>\n\n\n\n<div class=\"wp-block-image\"><figure class=\"aligncenter size-large\"><img loading=\"lazy\" decoding=\"async\" width=\"729\" height=\"90\" src=\"https:\/\/jornalfatosenoticias.com.br\/wp-content\/uploads\/2020\/02\/Logo_Mizu.png\" alt=\"\" class=\"wp-image-1441\" srcset=\"https:\/\/jornalfatosenoticias.com.br\/wp-content\/uploads\/2020\/02\/Logo_Mizu.png 729w, https:\/\/jornalfatosenoticias.com.br\/wp-content\/uploads\/2020\/02\/Logo_Mizu-300x37.png 300w\" sizes=\"auto, (max-width: 729px) 100vw, 729px\" \/><\/figure><\/div>\n\n\n\n<p>Em contrapartida, diferen\u00e7as significativas foram observadas entre o grupo de medita\u00e7\u00e3o em compara\u00e7\u00e3o com o grupo de aprendizagem de ingl\u00eas, tais como melhor regula\u00e7\u00e3o da aten\u00e7\u00e3o e das capacidades socioemocionais nos participantes que meditaram durante o estudo.<\/p>\n\n\n\n<div class=\"wp-block-image\"><figure class=\"aligncenter size-large is-resized\"><img loading=\"lazy\" decoding=\"async\" src=\"https:\/\/jornalfatosenoticias.com.br\/wp-content\/uploads\/2020\/02\/casa-do-torresmo_portal.jpg\" alt=\"\" class=\"wp-image-34472\" width=\"266\" height=\"266\" srcset=\"https:\/\/jornalfatosenoticias.com.br\/wp-content\/uploads\/2020\/02\/casa-do-torresmo_portal.jpg 300w, https:\/\/jornalfatosenoticias.com.br\/wp-content\/uploads\/2020\/02\/casa-do-torresmo_portal-150x150.jpg 150w\" sizes=\"auto, (max-width: 266px) 100vw, 266px\" \/><\/figure><\/div>\n\n\n\n<figure class=\"wp-block-pullquote\"><blockquote><p><span class=\"has-inline-color has-luminous-vivid-orange-color\">Aqui a pr\u00e1tica da medita\u00e7\u00e3o mostra o seu real benef\u00edcio na sa\u00fade mental das pessoas idosas, com uma melhoria significativa em par\u00e2metros espec\u00edficos de bem-estar e realiza\u00e7\u00e3o, mas tamb\u00e9m na manuten\u00e7\u00e3o das capacidades atencionais e socioemocionais, conforme relatado pelos participantes\u201d, explica o pesquisador Antoine Lutz.<\/span><\/p><\/blockquote><\/figure>\n\n\n\n<div class=\"wp-block-image\"><figure class=\"aligncenter size-large is-resized\"><img loading=\"lazy\" decoding=\"async\" src=\"https:\/\/jornalfatosenoticias.com.br\/wp-content\/uploads\/2020\/02\/nova-logo-Marquetti.jpg\" alt=\"\" class=\"wp-image-22331\" width=\"279\" height=\"187\" srcset=\"https:\/\/jornalfatosenoticias.com.br\/wp-content\/uploads\/2020\/02\/nova-logo-Marquetti.jpg 643w, https:\/\/jornalfatosenoticias.com.br\/wp-content\/uploads\/2020\/02\/nova-logo-Marquetti-300x202.jpg 300w\" sizes=\"auto, (max-width: 279px) 100vw, 279px\" \/><\/figure><\/div>\n\n\n\n<p>Ch\u00e9telat afirma que a medita\u00e7\u00e3o parece ser uma abordagem promissora para preservar a estrutura e a fun\u00e7\u00e3o do c\u00e9rebro, bem como a cogni\u00e7\u00e3o e, assim, reduzir o risco de dem\u00eancia. Por\u00e9m, somente \u201can\u00e1lises futuras sobre resultados secund\u00e1rios determinar\u00e3o as medidas mais sens\u00edveis ao treinamento de medita\u00e7\u00e3o e os fatores associados \u00e0 capacidade de resposta \u00e0 interven\u00e7\u00e3o\u201d, conclui.<\/p>\n\n\n\n<div class=\"wp-block-image\"><figure class=\"aligncenter size-large\"><img decoding=\"async\" src=\"https:\/\/jornalfatosenoticias.com.br\/wp-content\/uploads\/2020\/02\/logo-embacia-1-1024x110.jpg\" alt=\"\" class=\"wp-image-33954\"\/><\/figure><\/div>\n\n\n\n<p>Confira o\u00a0<a href=\"https:\/\/link.springer.com\/article\/10.1186\/s13195-022-01057-w\" target=\"_blank\" rel=\"noreferrer noopener\">estudo na \u00edntegra, em ingl\u00eas<\/a>.<\/p>\n\n\n\n<figure class=\"wp-block-image size-large\"><img loading=\"lazy\" decoding=\"async\" width=\"1000\" height=\"664\" src=\"https:\/\/jornalfatosenoticias.com.br\/wp-content\/uploads\/2022\/10\/alzheimer-meditacao_iStock.jpg\" alt=\"\" class=\"wp-image-35421\" srcset=\"https:\/\/jornalfatosenoticias.com.br\/wp-content\/uploads\/2022\/10\/alzheimer-meditacao_iStock.jpg 1000w, https:\/\/jornalfatosenoticias.com.br\/wp-content\/uploads\/2022\/10\/alzheimer-meditacao_iStock-300x199.jpg 300w, https:\/\/jornalfatosenoticias.com.br\/wp-content\/uploads\/2022\/10\/alzheimer-meditacao_iStock-768x510.jpg 768w\" sizes=\"auto, (max-width: 1000px) 100vw, 1000px\" \/><figcaption><em><span class=\"has-inline-color has-black-color\">Pr\u00e1tica da medita\u00e7\u00e3o pode aumentar a aten\u00e7\u00e3o, a consci\u00eancia e a sa\u00fade emocional (Foto: iStock)<\/span><\/em><\/figcaption><\/figure>\n\n\n\n<div class=\"wp-block-image\"><figure class=\"alignright size-large\"><img loading=\"lazy\" decoding=\"async\" width=\"300\" height=\"250\" src=\"https:\/\/jornalfatosenoticias.com.br\/wp-content\/uploads\/2022\/08\/arte-Casarao.jpg\" alt=\"\" class=\"wp-image-33178\"\/><\/figure><\/div>\n\n\n\n<p><strong><span class=\"has-inline-color has-vivid-purple-color\">Alzheimer<\/span><\/strong><br>No Brasil, dados do Minist\u00e9rio da Sa\u00fade indicam que em torno de 1,2 milh\u00e3o de pessoas vivem com alguma forma de dem\u00eancia e 100 mil novos casos s\u00e3o diagnosticados por ano. O Alzheimer, em espec\u00edfico, \u00e9 uma doen\u00e7a neurodegenerativa, progressiva e sem cura, portanto tentar prevenir \u00e9 ainda o melhor rem\u00e9dio. Entre as dicas de preven\u00e7\u00e3o, o \u00f3rg\u00e3o de sa\u00fade brasileiro indica:<\/p>\n\n\n\n<ul class=\"wp-block-list\"><li>Ter uma vida ativa e com objetivos;<\/li><li>Praticar atividade f\u00edsica regular por pelo menos por 150 minutos por semana;<\/li><li>Controlar os fatores de risco cardiovascular, como hipertens\u00e3o e diabetes;<\/li><li>Procurar estudar e adquirir conhecimento;<\/li><li>Trabalhar sua capacidade de concentra\u00e7\u00e3o;<\/li><li>Dormir bem.<\/li><\/ul>\n\n\n\n<div class=\"wp-block-image\"><figure class=\"aligncenter size-large\"><img decoding=\"async\" src=\"https:\/\/jornalfatosenoticias.com.br\/wp-content\/uploads\/2020\/02\/logo_esteio.jpg\" alt=\"\" class=\"wp-image-1214\"\/><\/figure><\/div>\n\n\n\n<p>Ainda que n\u00e3o tenha cura, \u00e9 importante saber que j\u00e1 existem op\u00e7\u00f5es de tratamento, como medicamentos (dispon\u00edveis nas farm\u00e1cias do SUS), reabilita\u00e7\u00e3o cognitiva e terapia ocupacional. Desconfia quem algu\u00e9m da sua fam\u00edlia possa ter a doen\u00e7a? Confira abaixo 10 sinais de alerta para o Alzheimer:<\/p>\n\n\n\n<ol class=\"wp-block-list\"><li>Problema de mem\u00f3ria que afeta as atividades e o trabalho;<\/li><li>Dificuldade para realizar tarefas habituais;<\/li><li>Dificuldade para comunicar-se;<\/li><li>Desorienta\u00e7\u00e3o no tempo e no espa\u00e7o;<\/li><li>Diminui\u00e7\u00e3o da capacidade de ju\u00edzo e de cr\u00edtica;<\/li><li>Dificuldade de racioc\u00ednio;<\/li><li>Colocar coisas no lugar errado, muito frequentemente;<\/li><li>Altera\u00e7\u00f5es frequentes do humor e do comportamento;<\/li><li>Mudan\u00e7as na personalidade;<\/li><li>Perda da iniciativa para realizar atividades.<\/li><\/ol>\n\n\n\n<p><strong><em>Fonte: <a href=\"https:\/\/ciclovivo.com.br\/vida-sustentavel\/equilibrio\/pesquisa-sugere-que-meditacao-pode-prevenir-alzheimer\/\">CicloVivo<\/a><\/em><\/strong><\/p>\n","protected":false},"excerpt":{"rendered":"<p>Pr\u00e1tica da medita\u00e7\u00e3o pode aumentar a aten\u00e7\u00e3o, a consci\u00eancia e a sa\u00fade emocional Focar no presente e deixar que as preocupa\u00e7\u00f5es fluam na mente sem ret\u00ea-las. Esta \u00e9 uma das primeiras li\u00e7\u00f5es passadas aos iniciantes na medita\u00e7\u00e3o. Uma pr\u00e1tica reconhecidamente ben\u00e9fica para a sa\u00fade mental, de acordo com v\u00e1rios estudos, ganha mais um refor\u00e7o: a [&hellip;]<\/p>\n","protected":false},"author":2,"featured_media":35422,"comment_status":"open","ping_status":"open","sticky":false,"template":"","format":"standard","meta":{"footnotes":""},"categories":[2522],"tags":[2501,850,2281,6658,3659,8452],"class_list":["post-35420","post","type-post","status-publish","format-standard","has-post-thumbnail","hentry","category-comportamento","tag-alzheimer","tag-idosos","tag-meditacao","tag-neurociencia","tag-qualidade-de-vida","tag-saude-emocional"],"yoast_head":"<!-- This site is optimized with the Yoast SEO plugin v26.5 - https:\/\/yoast.com\/wordpress\/plugins\/seo\/ -->\n<title>Pesquisa sugere que medita\u00e7\u00e3o pode prevenir Alzheimer - Jornal Fatos e Not\u00edcias<\/title>\n<meta name=\"robots\" content=\"index, follow, max-snippet:-1, max-image-preview:large, max-video-preview:-1\" \/>\n<link rel=\"canonical\" href=\"https:\/\/jornalfatosenoticias.com.br\/index.php\/2022\/10\/21\/pesquisa-sugere-que-meditacao-pode-prevenir-alzheimer\/\" \/>\n<meta property=\"og:locale\" content=\"pt_BR\" \/>\n<meta property=\"og:type\" content=\"article\" \/>\n<meta property=\"og:title\" content=\"Pesquisa sugere que medita\u00e7\u00e3o pode prevenir Alzheimer - Jornal Fatos e Not\u00edcias\" \/>\n<meta property=\"og:description\" content=\"Pr\u00e1tica da medita\u00e7\u00e3o pode aumentar a aten\u00e7\u00e3o, a consci\u00eancia e a sa\u00fade emocional Focar no presente e deixar que as preocupa\u00e7\u00f5es fluam na mente sem ret\u00ea-las. Esta \u00e9 uma das primeiras li\u00e7\u00f5es passadas aos iniciantes na medita\u00e7\u00e3o. Uma pr\u00e1tica reconhecidamente ben\u00e9fica para a sa\u00fade mental, de acordo com v\u00e1rios estudos, ganha mais um refor\u00e7o: a [&hellip;]\" \/>\n<meta property=\"og:url\" content=\"https:\/\/jornalfatosenoticias.com.br\/index.php\/2022\/10\/21\/pesquisa-sugere-que-meditacao-pode-prevenir-alzheimer\/\" \/>\n<meta property=\"og:site_name\" content=\"Jornal Fatos e Not\u00edcias\" \/>\n<meta property=\"article:published_time\" content=\"2022-10-21T15:42:10+00:00\" \/>\n<meta property=\"article:modified_time\" content=\"2022-10-21T15:42:11+00:00\" \/>\n<meta property=\"og:image\" content=\"https:\/\/jornalfatosenoticias.com.br\/wp-content\/uploads\/2022\/10\/Alzheimer-meditacao.jpg\" \/>\n\t<meta property=\"og:image:width\" content=\"1000\" \/>\n\t<meta property=\"og:image:height\" content=\"666\" \/>\n\t<meta property=\"og:image:type\" content=\"image\/jpeg\" \/>\n<meta name=\"author\" content=\"Luzimara Fernandes\" \/>\n<meta name=\"twitter:card\" content=\"summary_large_image\" \/>\n<meta name=\"twitter:label1\" content=\"Escrito por\" \/>\n\t<meta name=\"twitter:data1\" content=\"Luzimara Fernandes\" \/>\n\t<meta name=\"twitter:label2\" content=\"Est. tempo de leitura\" \/>\n\t<meta name=\"twitter:data2\" content=\"4 minutos\" \/>\n<script type=\"application\/ld+json\" class=\"yoast-schema-graph\">{\"@context\":\"https:\/\/schema.org\",\"@graph\":[{\"@type\":\"Article\",\"@id\":\"https:\/\/jornalfatosenoticias.com.br\/index.php\/2022\/10\/21\/pesquisa-sugere-que-meditacao-pode-prevenir-alzheimer\/#article\",\"isPartOf\":{\"@id\":\"https:\/\/jornalfatosenoticias.com.br\/index.php\/2022\/10\/21\/pesquisa-sugere-que-meditacao-pode-prevenir-alzheimer\/\"},\"author\":{\"name\":\"Luzimara Fernandes\",\"@id\":\"https:\/\/jornalfatosenoticias.com.br\/#\/schema\/person\/d63837fa13ac8666eb9e74e0985d6f81\"},\"headline\":\"Pesquisa sugere que medita\u00e7\u00e3o pode prevenir Alzheimer\",\"datePublished\":\"2022-10-21T15:42:10+00:00\",\"dateModified\":\"2022-10-21T15:42:11+00:00\",\"mainEntityOfPage\":{\"@id\":\"https:\/\/jornalfatosenoticias.com.br\/index.php\/2022\/10\/21\/pesquisa-sugere-que-meditacao-pode-prevenir-alzheimer\/\"},\"wordCount\":731,\"commentCount\":0,\"publisher\":{\"@id\":\"https:\/\/jornalfatosenoticias.com.br\/#organization\"},\"image\":{\"@id\":\"https:\/\/jornalfatosenoticias.com.br\/index.php\/2022\/10\/21\/pesquisa-sugere-que-meditacao-pode-prevenir-alzheimer\/#primaryimage\"},\"thumbnailUrl\":\"https:\/\/jornalfatosenoticias.com.br\/wp-content\/uploads\/2022\/10\/Alzheimer-meditacao.jpg\",\"keywords\":[\"Alzheimer\",\"idosos\",\"medita\u00e7\u00e3o\",\"neuroci\u00eancia\",\"qualidade de vida\",\"sa\u00fade emocional\"],\"articleSection\":[\"Comportamento &amp; Equil\u00edbrio\"],\"inLanguage\":\"pt-BR\",\"potentialAction\":[{\"@type\":\"CommentAction\",\"name\":\"Comment\",\"target\":[\"https:\/\/jornalfatosenoticias.com.br\/index.php\/2022\/10\/21\/pesquisa-sugere-que-meditacao-pode-prevenir-alzheimer\/#respond\"]}]},{\"@type\":\"WebPage\",\"@id\":\"https:\/\/jornalfatosenoticias.com.br\/index.php\/2022\/10\/21\/pesquisa-sugere-que-meditacao-pode-prevenir-alzheimer\/\",\"url\":\"https:\/\/jornalfatosenoticias.com.br\/index.php\/2022\/10\/21\/pesquisa-sugere-que-meditacao-pode-prevenir-alzheimer\/\",\"name\":\"Pesquisa sugere que medita\u00e7\u00e3o pode prevenir Alzheimer - Jornal Fatos e Not\u00edcias\",\"isPartOf\":{\"@id\":\"https:\/\/jornalfatosenoticias.com.br\/#website\"},\"primaryImageOfPage\":{\"@id\":\"https:\/\/jornalfatosenoticias.com.br\/index.php\/2022\/10\/21\/pesquisa-sugere-que-meditacao-pode-prevenir-alzheimer\/#primaryimage\"},\"image\":{\"@id\":\"https:\/\/jornalfatosenoticias.com.br\/index.php\/2022\/10\/21\/pesquisa-sugere-que-meditacao-pode-prevenir-alzheimer\/#primaryimage\"},\"thumbnailUrl\":\"https:\/\/jornalfatosenoticias.com.br\/wp-content\/uploads\/2022\/10\/Alzheimer-meditacao.jpg\",\"datePublished\":\"2022-10-21T15:42:10+00:00\",\"dateModified\":\"2022-10-21T15:42:11+00:00\",\"breadcrumb\":{\"@id\":\"https:\/\/jornalfatosenoticias.com.br\/index.php\/2022\/10\/21\/pesquisa-sugere-que-meditacao-pode-prevenir-alzheimer\/#breadcrumb\"},\"inLanguage\":\"pt-BR\",\"potentialAction\":[{\"@type\":\"ReadAction\",\"target\":[\"https:\/\/jornalfatosenoticias.com.br\/index.php\/2022\/10\/21\/pesquisa-sugere-que-meditacao-pode-prevenir-alzheimer\/\"]}]},{\"@type\":\"ImageObject\",\"inLanguage\":\"pt-BR\",\"@id\":\"https:\/\/jornalfatosenoticias.com.br\/index.php\/2022\/10\/21\/pesquisa-sugere-que-meditacao-pode-prevenir-alzheimer\/#primaryimage\",\"url\":\"https:\/\/jornalfatosenoticias.com.br\/wp-content\/uploads\/2022\/10\/Alzheimer-meditacao.jpg\",\"contentUrl\":\"https:\/\/jornalfatosenoticias.com.br\/wp-content\/uploads\/2022\/10\/Alzheimer-meditacao.jpg\",\"width\":1000,\"height\":666},{\"@type\":\"BreadcrumbList\",\"@id\":\"https:\/\/jornalfatosenoticias.com.br\/index.php\/2022\/10\/21\/pesquisa-sugere-que-meditacao-pode-prevenir-alzheimer\/#breadcrumb\",\"itemListElement\":[{\"@type\":\"ListItem\",\"position\":1,\"name\":\"In\u00edcio\",\"item\":\"https:\/\/jornalfatosenoticias.com.br\/\"},{\"@type\":\"ListItem\",\"position\":2,\"name\":\"Pesquisa sugere que medita\u00e7\u00e3o pode prevenir Alzheimer\"}]},{\"@type\":\"WebSite\",\"@id\":\"https:\/\/jornalfatosenoticias.com.br\/#website\",\"url\":\"https:\/\/jornalfatosenoticias.com.br\/\",\"name\":\"Jornal Fatos e Not\u00edcias\",\"description\":\"Not\u00edcias em geral\",\"publisher\":{\"@id\":\"https:\/\/jornalfatosenoticias.com.br\/#organization\"},\"potentialAction\":[{\"@type\":\"SearchAction\",\"target\":{\"@type\":\"EntryPoint\",\"urlTemplate\":\"https:\/\/jornalfatosenoticias.com.br\/?s={search_term_string}\"},\"query-input\":{\"@type\":\"PropertyValueSpecification\",\"valueRequired\":true,\"valueName\":\"search_term_string\"}}],\"inLanguage\":\"pt-BR\"},{\"@type\":\"Organization\",\"@id\":\"https:\/\/jornalfatosenoticias.com.br\/#organization\",\"name\":\"Jornal Fatos e Not\u00edcias\",\"url\":\"https:\/\/jornalfatosenoticias.com.br\/\",\"logo\":{\"@type\":\"ImageObject\",\"inLanguage\":\"pt-BR\",\"@id\":\"https:\/\/jornalfatosenoticias.com.br\/#\/schema\/logo\/image\/\",\"url\":\"https:\/\/jornalfatosenoticias.com.br\/wp-content\/uploads\/2020\/02\/logo120.png\",\"contentUrl\":\"https:\/\/jornalfatosenoticias.com.br\/wp-content\/uploads\/2020\/02\/logo120.png\",\"width\":1227,\"height\":120,\"caption\":\"Jornal Fatos e Not\u00edcias\"},\"image\":{\"@id\":\"https:\/\/jornalfatosenoticias.com.br\/#\/schema\/logo\/image\/\"}},{\"@type\":\"Person\",\"@id\":\"https:\/\/jornalfatosenoticias.com.br\/#\/schema\/person\/d63837fa13ac8666eb9e74e0985d6f81\",\"name\":\"Luzimara Fernandes\",\"image\":{\"@type\":\"ImageObject\",\"inLanguage\":\"pt-BR\",\"@id\":\"https:\/\/jornalfatosenoticias.com.br\/#\/schema\/person\/image\/\",\"url\":\"https:\/\/jornalfatosenoticias.com.br\/wp-content\/uploads\/2025\/05\/EU_portal.jpg\",\"contentUrl\":\"https:\/\/jornalfatosenoticias.com.br\/wp-content\/uploads\/2025\/05\/EU_portal.jpg\",\"caption\":\"Luzimara Fernandes\"},\"description\":\"Jornalista MTB 2358-ES\",\"sameAs\":[\"https:\/\/jornalfatosenoticias.com.br\"],\"url\":\"https:\/\/jornalfatosenoticias.com.br\/index.php\/author\/luzimara\/\"}]}<\/script>\n<!-- \/ Yoast SEO plugin. -->","yoast_head_json":{"title":"Pesquisa sugere que medita\u00e7\u00e3o pode prevenir Alzheimer - Jornal Fatos e Not\u00edcias","robots":{"index":"index","follow":"follow","max-snippet":"max-snippet:-1","max-image-preview":"max-image-preview:large","max-video-preview":"max-video-preview:-1"},"canonical":"https:\/\/jornalfatosenoticias.com.br\/index.php\/2022\/10\/21\/pesquisa-sugere-que-meditacao-pode-prevenir-alzheimer\/","og_locale":"pt_BR","og_type":"article","og_title":"Pesquisa sugere que medita\u00e7\u00e3o pode prevenir Alzheimer - Jornal Fatos e Not\u00edcias","og_description":"Pr\u00e1tica da medita\u00e7\u00e3o pode aumentar a aten\u00e7\u00e3o, a consci\u00eancia e a sa\u00fade emocional Focar no presente e deixar que as preocupa\u00e7\u00f5es fluam na mente sem ret\u00ea-las. Esta \u00e9 uma das primeiras li\u00e7\u00f5es passadas aos iniciantes na medita\u00e7\u00e3o. Uma pr\u00e1tica reconhecidamente ben\u00e9fica para a sa\u00fade mental, de acordo com v\u00e1rios estudos, ganha mais um refor\u00e7o: a [&hellip;]","og_url":"https:\/\/jornalfatosenoticias.com.br\/index.php\/2022\/10\/21\/pesquisa-sugere-que-meditacao-pode-prevenir-alzheimer\/","og_site_name":"Jornal Fatos e Not\u00edcias","article_published_time":"2022-10-21T15:42:10+00:00","article_modified_time":"2022-10-21T15:42:11+00:00","og_image":[{"width":1000,"height":666,"url":"https:\/\/jornalfatosenoticias.com.br\/wp-content\/uploads\/2022\/10\/Alzheimer-meditacao.jpg","type":"image\/jpeg"}],"author":"Luzimara Fernandes","twitter_card":"summary_large_image","twitter_misc":{"Escrito por":"Luzimara Fernandes","Est. tempo de leitura":"4 minutos"},"schema":{"@context":"https:\/\/schema.org","@graph":[{"@type":"Article","@id":"https:\/\/jornalfatosenoticias.com.br\/index.php\/2022\/10\/21\/pesquisa-sugere-que-meditacao-pode-prevenir-alzheimer\/#article","isPartOf":{"@id":"https:\/\/jornalfatosenoticias.com.br\/index.php\/2022\/10\/21\/pesquisa-sugere-que-meditacao-pode-prevenir-alzheimer\/"},"author":{"name":"Luzimara Fernandes","@id":"https:\/\/jornalfatosenoticias.com.br\/#\/schema\/person\/d63837fa13ac8666eb9e74e0985d6f81"},"headline":"Pesquisa sugere que medita\u00e7\u00e3o pode prevenir Alzheimer","datePublished":"2022-10-21T15:42:10+00:00","dateModified":"2022-10-21T15:42:11+00:00","mainEntityOfPage":{"@id":"https:\/\/jornalfatosenoticias.com.br\/index.php\/2022\/10\/21\/pesquisa-sugere-que-meditacao-pode-prevenir-alzheimer\/"},"wordCount":731,"commentCount":0,"publisher":{"@id":"https:\/\/jornalfatosenoticias.com.br\/#organization"},"image":{"@id":"https:\/\/jornalfatosenoticias.com.br\/index.php\/2022\/10\/21\/pesquisa-sugere-que-meditacao-pode-prevenir-alzheimer\/#primaryimage"},"thumbnailUrl":"https:\/\/jornalfatosenoticias.com.br\/wp-content\/uploads\/2022\/10\/Alzheimer-meditacao.jpg","keywords":["Alzheimer","idosos","medita\u00e7\u00e3o","neuroci\u00eancia","qualidade de vida","sa\u00fade emocional"],"articleSection":["Comportamento &amp; Equil\u00edbrio"],"inLanguage":"pt-BR","potentialAction":[{"@type":"CommentAction","name":"Comment","target":["https:\/\/jornalfatosenoticias.com.br\/index.php\/2022\/10\/21\/pesquisa-sugere-que-meditacao-pode-prevenir-alzheimer\/#respond"]}]},{"@type":"WebPage","@id":"https:\/\/jornalfatosenoticias.com.br\/index.php\/2022\/10\/21\/pesquisa-sugere-que-meditacao-pode-prevenir-alzheimer\/","url":"https:\/\/jornalfatosenoticias.com.br\/index.php\/2022\/10\/21\/pesquisa-sugere-que-meditacao-pode-prevenir-alzheimer\/","name":"Pesquisa sugere que medita\u00e7\u00e3o pode prevenir Alzheimer - Jornal Fatos e Not\u00edcias","isPartOf":{"@id":"https:\/\/jornalfatosenoticias.com.br\/#website"},"primaryImageOfPage":{"@id":"https:\/\/jornalfatosenoticias.com.br\/index.php\/2022\/10\/21\/pesquisa-sugere-que-meditacao-pode-prevenir-alzheimer\/#primaryimage"},"image":{"@id":"https:\/\/jornalfatosenoticias.com.br\/index.php\/2022\/10\/21\/pesquisa-sugere-que-meditacao-pode-prevenir-alzheimer\/#primaryimage"},"thumbnailUrl":"https:\/\/jornalfatosenoticias.com.br\/wp-content\/uploads\/2022\/10\/Alzheimer-meditacao.jpg","datePublished":"2022-10-21T15:42:10+00:00","dateModified":"2022-10-21T15:42:11+00:00","breadcrumb":{"@id":"https:\/\/jornalfatosenoticias.com.br\/index.php\/2022\/10\/21\/pesquisa-sugere-que-meditacao-pode-prevenir-alzheimer\/#breadcrumb"},"inLanguage":"pt-BR","potentialAction":[{"@type":"ReadAction","target":["https:\/\/jornalfatosenoticias.com.br\/index.php\/2022\/10\/21\/pesquisa-sugere-que-meditacao-pode-prevenir-alzheimer\/"]}]},{"@type":"ImageObject","inLanguage":"pt-BR","@id":"https:\/\/jornalfatosenoticias.com.br\/index.php\/2022\/10\/21\/pesquisa-sugere-que-meditacao-pode-prevenir-alzheimer\/#primaryimage","url":"https:\/\/jornalfatosenoticias.com.br\/wp-content\/uploads\/2022\/10\/Alzheimer-meditacao.jpg","contentUrl":"https:\/\/jornalfatosenoticias.com.br\/wp-content\/uploads\/2022\/10\/Alzheimer-meditacao.jpg","width":1000,"height":666},{"@type":"BreadcrumbList","@id":"https:\/\/jornalfatosenoticias.com.br\/index.php\/2022\/10\/21\/pesquisa-sugere-que-meditacao-pode-prevenir-alzheimer\/#breadcrumb","itemListElement":[{"@type":"ListItem","position":1,"name":"In\u00edcio","item":"https:\/\/jornalfatosenoticias.com.br\/"},{"@type":"ListItem","position":2,"name":"Pesquisa sugere que medita\u00e7\u00e3o pode prevenir Alzheimer"}]},{"@type":"WebSite","@id":"https:\/\/jornalfatosenoticias.com.br\/#website","url":"https:\/\/jornalfatosenoticias.com.br\/","name":"Jornal Fatos e Not\u00edcias","description":"Not\u00edcias em geral","publisher":{"@id":"https:\/\/jornalfatosenoticias.com.br\/#organization"},"potentialAction":[{"@type":"SearchAction","target":{"@type":"EntryPoint","urlTemplate":"https:\/\/jornalfatosenoticias.com.br\/?s={search_term_string}"},"query-input":{"@type":"PropertyValueSpecification","valueRequired":true,"valueName":"search_term_string"}}],"inLanguage":"pt-BR"},{"@type":"Organization","@id":"https:\/\/jornalfatosenoticias.com.br\/#organization","name":"Jornal Fatos e Not\u00edcias","url":"https:\/\/jornalfatosenoticias.com.br\/","logo":{"@type":"ImageObject","inLanguage":"pt-BR","@id":"https:\/\/jornalfatosenoticias.com.br\/#\/schema\/logo\/image\/","url":"https:\/\/jornalfatosenoticias.com.br\/wp-content\/uploads\/2020\/02\/logo120.png","contentUrl":"https:\/\/jornalfatosenoticias.com.br\/wp-content\/uploads\/2020\/02\/logo120.png","width":1227,"height":120,"caption":"Jornal Fatos e Not\u00edcias"},"image":{"@id":"https:\/\/jornalfatosenoticias.com.br\/#\/schema\/logo\/image\/"}},{"@type":"Person","@id":"https:\/\/jornalfatosenoticias.com.br\/#\/schema\/person\/d63837fa13ac8666eb9e74e0985d6f81","name":"Luzimara Fernandes","image":{"@type":"ImageObject","inLanguage":"pt-BR","@id":"https:\/\/jornalfatosenoticias.com.br\/#\/schema\/person\/image\/","url":"https:\/\/jornalfatosenoticias.com.br\/wp-content\/uploads\/2025\/05\/EU_portal.jpg","contentUrl":"https:\/\/jornalfatosenoticias.com.br\/wp-content\/uploads\/2025\/05\/EU_portal.jpg","caption":"Luzimara Fernandes"},"description":"Jornalista MTB 2358-ES","sameAs":["https:\/\/jornalfatosenoticias.com.br"],"url":"https:\/\/jornalfatosenoticias.com.br\/index.php\/author\/luzimara\/"}]}},"cc_featured_image_caption":{"caption_text":"(Foto: Amy Elting\/Unsplash)","source_text":"","source_url":""},"jetpack_featured_media_url":"https:\/\/jornalfatosenoticias.com.br\/wp-content\/uploads\/2022\/10\/Alzheimer-meditacao.jpg","_links":{"self":[{"href":"https:\/\/jornalfatosenoticias.com.br\/index.php\/wp-json\/wp\/v2\/posts\/35420","targetHints":{"allow":["GET"]}}],"collection":[{"href":"https:\/\/jornalfatosenoticias.com.br\/index.php\/wp-json\/wp\/v2\/posts"}],"about":[{"href":"https:\/\/jornalfatosenoticias.com.br\/index.php\/wp-json\/wp\/v2\/types\/post"}],"author":[{"embeddable":true,"href":"https:\/\/jornalfatosenoticias.com.br\/index.php\/wp-json\/wp\/v2\/users\/2"}],"replies":[{"embeddable":true,"href":"https:\/\/jornalfatosenoticias.com.br\/index.php\/wp-json\/wp\/v2\/comments?post=35420"}],"version-history":[{"count":0,"href":"https:\/\/jornalfatosenoticias.com.br\/index.php\/wp-json\/wp\/v2\/posts\/35420\/revisions"}],"wp:featuredmedia":[{"embeddable":true,"href":"https:\/\/jornalfatosenoticias.com.br\/index.php\/wp-json\/wp\/v2\/media\/35422"}],"wp:attachment":[{"href":"https:\/\/jornalfatosenoticias.com.br\/index.php\/wp-json\/wp\/v2\/media?parent=35420"}],"wp:term":[{"taxonomy":"category","embeddable":true,"href":"https:\/\/jornalfatosenoticias.com.br\/index.php\/wp-json\/wp\/v2\/categories?post=35420"},{"taxonomy":"post_tag","embeddable":true,"href":"https:\/\/jornalfatosenoticias.com.br\/index.php\/wp-json\/wp\/v2\/tags?post=35420"}],"curies":[{"name":"wp","href":"https:\/\/api.w.org\/{rel}","templated":true}]}}