{"id":35424,"date":"2022-10-21T13:36:12","date_gmt":"2022-10-21T16:36:12","guid":{"rendered":"https:\/\/jornalfatosenoticias.com.br\/?p=35424"},"modified":"2022-10-21T13:36:15","modified_gmt":"2022-10-21T16:36:15","slug":"pavimentacao-com-plastico-reciclado-chega-as-estradas-do-brasil","status":"publish","type":"post","link":"https:\/\/jornalfatosenoticias.com.br\/index.php\/2022\/10\/21\/pavimentacao-com-plastico-reciclado-chega-as-estradas-do-brasil\/","title":{"rendered":"Pavimenta\u00e7\u00e3o com pl\u00e1stico reciclado chega \u00e0s estradas do Brasil"},"content":{"rendered":"\n<p><span class=\"has-inline-color has-black-color\"><em>Material que reaproveita pl\u00e1stico p\u00f3s-consumo foi usado em teste na Rodovia Washington Lu\u00eds<\/em><\/span><\/p>\n\n\n\n<div class=\"wp-block-image\"><figure class=\"aligncenter size-large\"><img loading=\"lazy\" decoding=\"async\" width=\"1024\" height=\"109\" src=\"https:\/\/jornalfatosenoticias.com.br\/wp-content\/uploads\/2020\/02\/Propaganda-RC-Radiadores-Jornal_page-0001-1024x109.jpg\" alt=\"\" class=\"wp-image-35278\" srcset=\"https:\/\/jornalfatosenoticias.com.br\/wp-content\/uploads\/2020\/02\/Propaganda-RC-Radiadores-Jornal_page-0001-1024x109.jpg 1024w, https:\/\/jornalfatosenoticias.com.br\/wp-content\/uploads\/2020\/02\/Propaganda-RC-Radiadores-Jornal_page-0001-300x32.jpg 300w, https:\/\/jornalfatosenoticias.com.br\/wp-content\/uploads\/2020\/02\/Propaganda-RC-Radiadores-Jornal_page-0001-768x82.jpg 768w, https:\/\/jornalfatosenoticias.com.br\/wp-content\/uploads\/2020\/02\/Propaganda-RC-Radiadores-Jornal_page-0001.jpg 1220w\" sizes=\"auto, (max-width: 1024px) 100vw, 1024px\" \/><\/figure><\/div>\n\n\n\n<p>Um trecho de um quil\u00f4metro da Rodovia Washington Lu\u00eds, em Rio Claro, no sentido capital interior foi o primeiro no Brasil a receber pavimenta\u00e7\u00e3o para estradas que usa pl\u00e1stico p\u00f3s-consumo em sua composi\u00e7\u00e3o. Este \u00e9 um projeto-piloto que pode significar um grande avan\u00e7o no reaproveitamento de <a href=\"https:\/\/ciclovivo.com.br\/arq-urb\/design\/solucoes-ajudam-a-conter-lixo-plastico-em-rios-e-oceanos\/\" target=\"_blank\" rel=\"noreferrer noopener\">res\u00edduos pl\u00e1sticos<\/a>\u00a0e melhoria das condi\u00e7\u00f5es das estradas no Pa\u00eds.<\/p>\n\n\n\n<div class=\"wp-block-image\"><figure class=\"aligncenter size-large is-resized\"><img loading=\"lazy\" decoding=\"async\" src=\"https:\/\/jornalfatosenoticias.com.br\/wp-content\/uploads\/2022\/08\/logo-locau-veiculos-1024x573.png\" alt=\"\" class=\"wp-image-33078\" width=\"338\" height=\"188\"\/><\/figure><\/div>\n\n\n\n<p>Apesar de ser um trecho curto, nesse primeiro quil\u00f4metro de teste em campo, foram usadas cerca de 200 mil embalagens pl\u00e1sticas, o que demonstra claramente o tamanho do impacto positivo que a aplica\u00e7\u00e3o dessa tecnologia pode gerar. As estradas de asfalto s\u00e3o uma parte vital da nossa infraestrutura. O Brasil possui mais de 1,7 milh\u00e3o de <a href=\"https:\/\/ciclovivo.com.br\/inovacao\/tecnologia\/eua-planeja-primeira-estrada-de-recarga-para-veiculos-eletricos\/\" target=\"_blank\" rel=\"noreferrer noopener\">estradas<\/a>, dos quais somente 211.468 km s\u00e3o pavimentados, o que representa 12,3% do total.<\/p>\n\n\n\n<div class=\"wp-block-image\"><figure class=\"aligncenter size-large\"><img loading=\"lazy\" decoding=\"async\" width=\"300\" height=\"250\" src=\"https:\/\/jornalfatosenoticias.com.br\/wp-content\/uploads\/2022\/08\/arte-Casarao.jpg\" alt=\"\" class=\"wp-image-33178\"\/><\/figure><\/div>\n\n\n\n<figure class=\"wp-block-pullquote\"><blockquote><p><span class=\"has-inline-color has-luminous-vivid-orange-color\">Se esta tecnologia fosse utilizada em todas as rodovias asfaltadas do Brasil, mais de 80 bilh\u00f5es de embalagens pl\u00e1sticas de alimentos poderiam ser eliminadas do meio ambiente\u201d afirma Assis Villela, gerente de pavimenta\u00e7\u00e3o da Eixo SP, uma das empresas respons\u00e1veis pela iniciativa.<\/span><\/p><\/blockquote><\/figure>\n\n\n\n<div class=\"wp-block-image\"><figure class=\"aligncenter size-large is-resized\"><img loading=\"lazy\" decoding=\"async\" src=\"https:\/\/jornalfatosenoticias.com.br\/wp-content\/uploads\/2022\/07\/Logo-Grupo-SEI.jpg\" alt=\"\" class=\"wp-image-31973\" width=\"363\" height=\"191\" srcset=\"https:\/\/jornalfatosenoticias.com.br\/wp-content\/uploads\/2022\/07\/Logo-Grupo-SEI.jpg 713w, https:\/\/jornalfatosenoticias.com.br\/wp-content\/uploads\/2022\/07\/Logo-Grupo-SEI-300x158.jpg 300w\" sizes=\"auto, (max-width: 363px) 100vw, 363px\" \/><\/figure><\/div>\n\n\n\n<p>O uso do pl\u00e1stico reciclado para <a href=\"https:\/\/ciclovivo.com.br\/inovacao\/tecnologia\/california-asfalto-garrafa-pet-reciclada\/\" target=\"_blank\" rel=\"noreferrer noopener\">pavimenta\u00e7\u00e3o<\/a> de estradas \u00e9 uma tecnologia desenvolvida pela Dow, empresa de ci\u00eancia de materiais, em parceria com a Eixo SP Concession\u00e1ria de Rodovias S.A, do Grupo Ecological, e da Stratura Asfaltos S.A. O uso neste primeiro trecho acontece depois de um ano de estudos e testes em laborat\u00f3rio.<\/p>\n\n\n\n<div class=\"wp-block-image\"><figure class=\"aligncenter size-large\"><img loading=\"lazy\" decoding=\"async\" width=\"1024\" height=\"100\" src=\"https:\/\/jornalfatosenoticias.com.br\/wp-content\/uploads\/2020\/02\/banner_ferramentas-1024x100.jpg\" alt=\"\" class=\"wp-image-1258\" srcset=\"https:\/\/jornalfatosenoticias.com.br\/wp-content\/uploads\/2020\/02\/banner_ferramentas-1024x100.jpg 1024w, https:\/\/jornalfatosenoticias.com.br\/wp-content\/uploads\/2020\/02\/banner_ferramentas-300x29.jpg 300w, https:\/\/jornalfatosenoticias.com.br\/wp-content\/uploads\/2020\/02\/banner_ferramentas-768x75.jpg 768w, https:\/\/jornalfatosenoticias.com.br\/wp-content\/uploads\/2020\/02\/banner_ferramentas.jpg 1227w\" sizes=\"auto, (max-width: 1024px) 100vw, 1024px\" \/><\/figure><\/div>\n\n\n\n<p>A formula\u00e7\u00e3o asf\u00e1ltica modificada d\u00e1 uma nova vida \u00fatil \u00e0s embalagens pl\u00e1sticas flex\u00edveis, evitando que acabem como res\u00edduos em um aterro sanit\u00e1rio, ou no pior dos casos no meio ambiente. Al\u00e9m de oferecer uma solu\u00e7\u00e3o poss\u00edvel para o gerenciamento de res\u00edduos pl\u00e1sticos, o material aumenta a vida \u00fatil das estradas em compara\u00e7\u00e3o ao asfalto convencional.<\/p>\n\n\n\n<div class=\"wp-block-image\"><figure class=\"aligncenter size-large is-resized\"><img loading=\"lazy\" decoding=\"async\" src=\"https:\/\/jornalfatosenoticias.com.br\/wp-content\/uploads\/2020\/02\/casa-do-torresmo_portal.jpg\" alt=\"\" class=\"wp-image-34472\" width=\"276\" height=\"276\" srcset=\"https:\/\/jornalfatosenoticias.com.br\/wp-content\/uploads\/2020\/02\/casa-do-torresmo_portal.jpg 300w, https:\/\/jornalfatosenoticias.com.br\/wp-content\/uploads\/2020\/02\/casa-do-torresmo_portal-150x150.jpg 150w\" sizes=\"auto, (max-width: 276px) 100vw, 276px\" \/><\/figure><\/div>\n\n\n\n<figure class=\"wp-block-pullquote\"><blockquote><p><span class=\"has-inline-color has-luminous-vivid-orange-color\">Aproveitamos o pl\u00e1stico p\u00f3s-consumo produzido, coletado e reciclado em um trecho de rodovia que apresentar\u00e1 melhor desempenho em rela\u00e7\u00e3o ao asfalto convencional. Assim, estamos dando uma segunda vida ao pl\u00e1stico e gerando valor por meio de sua aplica\u00e7\u00e3o\u201d, ressalta Ivan Trillo, Gerente de Sustentabilidade da Dow.<\/span><\/p><\/blockquote><\/figure>\n\n\n\n<div class=\"wp-block-image\"><figure class=\"aligncenter size-large\"><img loading=\"lazy\" decoding=\"async\" width=\"1024\" height=\"103\" src=\"https:\/\/jornalfatosenoticias.com.br\/wp-content\/uploads\/2022\/02\/Arte-Autoescola-Galatas_endereco_portal-1024x103.png\" alt=\"\" class=\"wp-image-27869\" srcset=\"https:\/\/jornalfatosenoticias.com.br\/wp-content\/uploads\/2022\/02\/Arte-Autoescola-Galatas_endereco_portal-1024x103.png 1024w, https:\/\/jornalfatosenoticias.com.br\/wp-content\/uploads\/2022\/02\/Arte-Autoescola-Galatas_endereco_portal-300x30.png 300w, https:\/\/jornalfatosenoticias.com.br\/wp-content\/uploads\/2022\/02\/Arte-Autoescola-Galatas_endereco_portal-768x77.png 768w, https:\/\/jornalfatosenoticias.com.br\/wp-content\/uploads\/2022\/02\/Arte-Autoescola-Galatas_endereco_portal.png 1223w\" sizes=\"auto, (max-width: 1024px) 100vw, 1024px\" \/><\/figure><\/div>\n\n\n\n<p><strong><span class=\"has-inline-color has-vivid-green-cyan-color\">Mercado potencial<br><\/span><\/strong>Ao mesmo tempo que o uso pesado e os desafios ambientais amea\u00e7am a integridade das estradas e a seguran\u00e7a dos motoristas, os res\u00edduos pl\u00e1sticos s\u00e3o uma amea\u00e7a ao equil\u00edbrio ambiental do planeta. O uso de res\u00edduos pl\u00e1sticos para uma pavimenta\u00e7\u00e3o de melhor qualidade ajuda a solucionar estes dois desafios.<\/p>\n\n\n\n<div class=\"wp-block-image\"><figure class=\"aligncenter size-large\"><img loading=\"lazy\" decoding=\"async\" width=\"729\" height=\"90\" src=\"https:\/\/jornalfatosenoticias.com.br\/wp-content\/uploads\/2020\/02\/Logo_Mizu.png\" alt=\"\" class=\"wp-image-1441\" srcset=\"https:\/\/jornalfatosenoticias.com.br\/wp-content\/uploads\/2020\/02\/Logo_Mizu.png 729w, https:\/\/jornalfatosenoticias.com.br\/wp-content\/uploads\/2020\/02\/Logo_Mizu-300x37.png 300w\" sizes=\"auto, (max-width: 729px) 100vw, 729px\" \/><\/figure><\/div>\n\n\n\n<figure class=\"wp-block-image size-large\"><img loading=\"lazy\" decoding=\"async\" width=\"1000\" height=\"714\" src=\"https:\/\/jornalfatosenoticias.com.br\/wp-content\/uploads\/2022\/10\/asfalto-plastico-reciclado-2.jpeg\" alt=\"\" class=\"wp-image-35426\" srcset=\"https:\/\/jornalfatosenoticias.com.br\/wp-content\/uploads\/2022\/10\/asfalto-plastico-reciclado-2.jpeg 1000w, https:\/\/jornalfatosenoticias.com.br\/wp-content\/uploads\/2022\/10\/asfalto-plastico-reciclado-2-300x214.jpeg 300w, https:\/\/jornalfatosenoticias.com.br\/wp-content\/uploads\/2022\/10\/asfalto-plastico-reciclado-2-768x548.jpeg 768w\" sizes=\"auto, (max-width: 1000px) 100vw, 1000px\" \/><figcaption><em><span class=\"has-inline-color has-black-color\">(Foto: Divulga\u00e7\u00e3o\/Dow)<\/span><\/em><\/figcaption><\/figure>\n\n\n\n<div class=\"wp-block-image\"><figure class=\"aligncenter size-large\"><img decoding=\"async\" src=\"https:\/\/jornalfatosenoticias.com.br\/wp-content\/uploads\/2020\/02\/logo_esteio.jpg\" alt=\"\" class=\"wp-image-1214\"\/><\/figure><\/div>\n\n\n\n<figure class=\"wp-block-pullquote\"><blockquote><p><span class=\"has-inline-color has-luminous-vivid-orange-color\">As misturas asf\u00e1lticas foram avaliadas por meio de ensaios laboratoriais e mec\u00e2nicos de alta performance, atestando que o novo Asfalto com\u00a0<a href=\"https:\/\/ciclovivo.com.br\/inovacao\/inspiracao\/projeto-na-rocinha-fabrica-skates-usando-tampinhas-plasticas\/\" target=\"_blank\" rel=\"noreferrer noopener\">Pl\u00e1stico Reciclado<\/a> \u00e9 uma alternativa altamente vi\u00e1vel para aplica\u00e7\u00e3o em rodovias\u201d, garante Emerson Maciel, Gerente de Solu\u00e7\u00f5es de Engenharia da Stratura Asfaltos.<\/span><\/p><\/blockquote><\/figure>\n\n\n\n<div class=\"wp-block-image\"><figure class=\"aligncenter size-large\"><img decoding=\"async\" src=\"https:\/\/jornalfatosenoticias.com.br\/wp-content\/uploads\/2020\/02\/logo-embacia-1-1024x110.jpg\" alt=\"\" class=\"wp-image-33954\"\/><\/figure><\/div>\n\n\n\n<p>Al\u00e9m de dar bom uso aos res\u00edduos pl\u00e1sticos e mant\u00ea-los fora dos aterros, o pavimento modificado com pl\u00e1stico p\u00f3s consumo pode ajudar a reduzir: emiss\u00e3o de gases de efeito estufa, consumo de energia e necessidades de recapeamento.<\/p>\n\n\n\n<div class=\"wp-block-image\"><figure class=\"aligncenter size-large is-resized\"><img loading=\"lazy\" decoding=\"async\" src=\"https:\/\/jornalfatosenoticias.com.br\/wp-content\/uploads\/2020\/02\/logo-clinica-limoeiro.jpg\" alt=\"\" class=\"wp-image-34610\" width=\"310\" height=\"220\"\/><\/figure><\/div>\n\n\n\n<p>Segundo Renata Pimentel, Cientista de Servi\u00e7o T\u00e9cnico e Desenvolvimento da Dow, a pavimenta\u00e7\u00e3o com a tecnologia Elvaloy, nome dado ao asfalto que usa pl\u00e1stico reciclado em sua composi\u00e7\u00e3o, pode melhorar o desempenho do asfalto em condi\u00e7\u00f5es extremas de alta e baixa temperatura para ajudar a evitar deforma\u00e7\u00f5es permanentes e rachaduras, fazendo com que as estradas durem mais tempo, com mais resist\u00eancia.<\/p>\n\n\n\n<div class=\"wp-block-image\"><figure class=\"aligncenter size-large\"><img loading=\"lazy\" decoding=\"async\" width=\"1024\" height=\"110\" src=\"https:\/\/jornalfatosenoticias.com.br\/wp-content\/uploads\/2022\/10\/Arte-jornal-Zucchi-1120x120_Prancheta-1-1024x110.jpg\" alt=\"\" class=\"wp-image-34772\" srcset=\"https:\/\/jornalfatosenoticias.com.br\/wp-content\/uploads\/2022\/10\/Arte-jornal-Zucchi-1120x120_Prancheta-1-1024x110.jpg 1024w, https:\/\/jornalfatosenoticias.com.br\/wp-content\/uploads\/2022\/10\/Arte-jornal-Zucchi-1120x120_Prancheta-1-300x32.jpg 300w, https:\/\/jornalfatosenoticias.com.br\/wp-content\/uploads\/2022\/10\/Arte-jornal-Zucchi-1120x120_Prancheta-1-768x82.jpg 768w, https:\/\/jornalfatosenoticias.com.br\/wp-content\/uploads\/2022\/10\/Arte-jornal-Zucchi-1120x120_Prancheta-1-1536x165.jpg 1536w, https:\/\/jornalfatosenoticias.com.br\/wp-content\/uploads\/2022\/10\/Arte-jornal-Zucchi-1120x120_Prancheta-1-2048x219.jpg 2048w\" sizes=\"auto, (max-width: 1024px) 100vw, 1024px\" \/><\/figure><\/div>\n\n\n\n<p>Ao redor do mundo a aplica\u00e7\u00e3o de pavimenta\u00e7\u00e3o com a tecnologia Elvaloy j\u00e1 resultou em mais de 100 toneladas m\u00e9tricas de res\u00edduos o desviadas dos <a href=\"https:\/\/ciclovivo.com.br\/planeta\/desenvolvimento\/usina-em-sp-transforma-lixo-organico-de-aterro-em-energia\/\" target=\"_blank\" rel=\"noreferrer noopener\">aterros sanit\u00e1rios<\/a>, em mais de 600 km de pistas no total de 11 pa\u00edses, incluindo agora o Brasil.<\/p>\n\n\n\n<div class=\"wp-block-image\"><figure class=\"aligncenter size-large\"><img decoding=\"async\" src=\"https:\/\/jornalfatosenoticias.com.br\/wp-content\/uploads\/2020\/02\/barao-das-carnes-300x164-1.jpg\" alt=\"\" class=\"wp-image-34339\"\/><\/figure><\/div>\n\n\n\n<p><strong><em>Fonte: <a href=\"https:\/\/ciclovivo.com.br\/inovacao\/tecnologia\/pavimentacao-com-plastico-reciclado-chega-as-estradas-do-brasil\/\">CicloVivo<\/a><\/em><\/strong><\/p>\n","protected":false},"excerpt":{"rendered":"<p>Material que reaproveita pl\u00e1stico p\u00f3s-consumo foi usado em teste na Rodovia Washington Lu\u00eds Um trecho de um quil\u00f4metro da Rodovia Washington Lu\u00eds, em Rio Claro, no sentido capital interior foi o primeiro no Brasil a receber pavimenta\u00e7\u00e3o para estradas que usa pl\u00e1stico p\u00f3s-consumo em sua composi\u00e7\u00e3o. Este \u00e9 um projeto-piloto que pode significar um grande [&hellip;]<\/p>\n","protected":false},"author":2,"featured_media":35425,"comment_status":"open","ping_status":"open","sticky":false,"template":"","format":"standard","meta":{"footnotes":""},"categories":[8,3],"tags":[16617,16618,16619,16620,6385],"class_list":["post-35424","post","type-post","status-publish","format-standard","has-post-thumbnail","hentry","category-meio-ambiente","category-tecnologia","tag-asfalto-de-plastico","tag-estrada","tag-estrada-de-plastico","tag-pavimentacao-com-plastico-reciclado","tag-plastico-reciclado"],"yoast_head":"<!-- This site is optimized with the Yoast SEO plugin v26.5 - https:\/\/yoast.com\/wordpress\/plugins\/seo\/ -->\n<title>Pavimenta\u00e7\u00e3o com pl\u00e1stico reciclado chega \u00e0s estradas do Brasil - Jornal Fatos e Not\u00edcias<\/title>\n<meta name=\"robots\" content=\"index, follow, max-snippet:-1, max-image-preview:large, max-video-preview:-1\" \/>\n<link rel=\"canonical\" href=\"https:\/\/jornalfatosenoticias.com.br\/index.php\/2022\/10\/21\/pavimentacao-com-plastico-reciclado-chega-as-estradas-do-brasil\/\" \/>\n<meta property=\"og:locale\" content=\"pt_BR\" \/>\n<meta property=\"og:type\" content=\"article\" \/>\n<meta property=\"og:title\" content=\"Pavimenta\u00e7\u00e3o com pl\u00e1stico reciclado chega \u00e0s estradas do Brasil - Jornal Fatos e Not\u00edcias\" \/>\n<meta property=\"og:description\" content=\"Material que reaproveita pl\u00e1stico p\u00f3s-consumo foi usado em teste na Rodovia Washington Lu\u00eds Um trecho de um quil\u00f4metro da Rodovia Washington Lu\u00eds, em Rio Claro, no sentido capital interior foi o primeiro no Brasil a receber pavimenta\u00e7\u00e3o para estradas que usa pl\u00e1stico p\u00f3s-consumo em sua composi\u00e7\u00e3o. Este \u00e9 um projeto-piloto que pode significar um grande [&hellip;]\" \/>\n<meta property=\"og:url\" content=\"https:\/\/jornalfatosenoticias.com.br\/index.php\/2022\/10\/21\/pavimentacao-com-plastico-reciclado-chega-as-estradas-do-brasil\/\" \/>\n<meta property=\"og:site_name\" content=\"Jornal Fatos e Not\u00edcias\" \/>\n<meta property=\"article:published_time\" content=\"2022-10-21T16:36:12+00:00\" \/>\n<meta property=\"article:modified_time\" content=\"2022-10-21T16:36:15+00:00\" \/>\n<meta property=\"og:image\" content=\"https:\/\/jornalfatosenoticias.com.br\/wp-content\/uploads\/2022\/10\/asfalto-plastico-reciclado-1.jpg\" \/>\n\t<meta property=\"og:image:width\" content=\"1000\" \/>\n\t<meta property=\"og:image:height\" content=\"653\" \/>\n\t<meta property=\"og:image:type\" content=\"image\/jpeg\" \/>\n<meta name=\"author\" content=\"Luzimara Fernandes\" \/>\n<meta name=\"twitter:card\" content=\"summary_large_image\" \/>\n<meta name=\"twitter:label1\" content=\"Escrito por\" \/>\n\t<meta name=\"twitter:data1\" content=\"Luzimara Fernandes\" \/>\n\t<meta name=\"twitter:label2\" content=\"Est. tempo de leitura\" \/>\n\t<meta name=\"twitter:data2\" content=\"3 minutos\" \/>\n<script type=\"application\/ld+json\" class=\"yoast-schema-graph\">{\"@context\":\"https:\/\/schema.org\",\"@graph\":[{\"@type\":\"Article\",\"@id\":\"https:\/\/jornalfatosenoticias.com.br\/index.php\/2022\/10\/21\/pavimentacao-com-plastico-reciclado-chega-as-estradas-do-brasil\/#article\",\"isPartOf\":{\"@id\":\"https:\/\/jornalfatosenoticias.com.br\/index.php\/2022\/10\/21\/pavimentacao-com-plastico-reciclado-chega-as-estradas-do-brasil\/\"},\"author\":{\"name\":\"Luzimara Fernandes\",\"@id\":\"https:\/\/jornalfatosenoticias.com.br\/#\/schema\/person\/d63837fa13ac8666eb9e74e0985d6f81\"},\"headline\":\"Pavimenta\u00e7\u00e3o com pl\u00e1stico reciclado chega \u00e0s estradas do Brasil\",\"datePublished\":\"2022-10-21T16:36:12+00:00\",\"dateModified\":\"2022-10-21T16:36:15+00:00\",\"mainEntityOfPage\":{\"@id\":\"https:\/\/jornalfatosenoticias.com.br\/index.php\/2022\/10\/21\/pavimentacao-com-plastico-reciclado-chega-as-estradas-do-brasil\/\"},\"wordCount\":662,\"commentCount\":0,\"publisher\":{\"@id\":\"https:\/\/jornalfatosenoticias.com.br\/#organization\"},\"image\":{\"@id\":\"https:\/\/jornalfatosenoticias.com.br\/index.php\/2022\/10\/21\/pavimentacao-com-plastico-reciclado-chega-as-estradas-do-brasil\/#primaryimage\"},\"thumbnailUrl\":\"https:\/\/jornalfatosenoticias.com.br\/wp-content\/uploads\/2022\/10\/asfalto-plastico-reciclado-1.jpg\",\"keywords\":[\"asfalto de pl\u00e1stico\",\"estrada\",\"estrada de pl\u00e1stico\",\"pavimenta\u00e7\u00e3o com pl\u00e1stico reciclado\",\"pl\u00e1stico reciclado\"],\"articleSection\":[\"Meio ambiente\",\"Tecnologia &amp; Inova\u00e7\u00e3o\"],\"inLanguage\":\"pt-BR\",\"potentialAction\":[{\"@type\":\"CommentAction\",\"name\":\"Comment\",\"target\":[\"https:\/\/jornalfatosenoticias.com.br\/index.php\/2022\/10\/21\/pavimentacao-com-plastico-reciclado-chega-as-estradas-do-brasil\/#respond\"]}]},{\"@type\":\"WebPage\",\"@id\":\"https:\/\/jornalfatosenoticias.com.br\/index.php\/2022\/10\/21\/pavimentacao-com-plastico-reciclado-chega-as-estradas-do-brasil\/\",\"url\":\"https:\/\/jornalfatosenoticias.com.br\/index.php\/2022\/10\/21\/pavimentacao-com-plastico-reciclado-chega-as-estradas-do-brasil\/\",\"name\":\"Pavimenta\u00e7\u00e3o com pl\u00e1stico reciclado chega \u00e0s estradas do Brasil - Jornal Fatos e Not\u00edcias\",\"isPartOf\":{\"@id\":\"https:\/\/jornalfatosenoticias.com.br\/#website\"},\"primaryImageOfPage\":{\"@id\":\"https:\/\/jornalfatosenoticias.com.br\/index.php\/2022\/10\/21\/pavimentacao-com-plastico-reciclado-chega-as-estradas-do-brasil\/#primaryimage\"},\"image\":{\"@id\":\"https:\/\/jornalfatosenoticias.com.br\/index.php\/2022\/10\/21\/pavimentacao-com-plastico-reciclado-chega-as-estradas-do-brasil\/#primaryimage\"},\"thumbnailUrl\":\"https:\/\/jornalfatosenoticias.com.br\/wp-content\/uploads\/2022\/10\/asfalto-plastico-reciclado-1.jpg\",\"datePublished\":\"2022-10-21T16:36:12+00:00\",\"dateModified\":\"2022-10-21T16:36:15+00:00\",\"breadcrumb\":{\"@id\":\"https:\/\/jornalfatosenoticias.com.br\/index.php\/2022\/10\/21\/pavimentacao-com-plastico-reciclado-chega-as-estradas-do-brasil\/#breadcrumb\"},\"inLanguage\":\"pt-BR\",\"potentialAction\":[{\"@type\":\"ReadAction\",\"target\":[\"https:\/\/jornalfatosenoticias.com.br\/index.php\/2022\/10\/21\/pavimentacao-com-plastico-reciclado-chega-as-estradas-do-brasil\/\"]}]},{\"@type\":\"ImageObject\",\"inLanguage\":\"pt-BR\",\"@id\":\"https:\/\/jornalfatosenoticias.com.br\/index.php\/2022\/10\/21\/pavimentacao-com-plastico-reciclado-chega-as-estradas-do-brasil\/#primaryimage\",\"url\":\"https:\/\/jornalfatosenoticias.com.br\/wp-content\/uploads\/2022\/10\/asfalto-plastico-reciclado-1.jpg\",\"contentUrl\":\"https:\/\/jornalfatosenoticias.com.br\/wp-content\/uploads\/2022\/10\/asfalto-plastico-reciclado-1.jpg\",\"width\":1000,\"height\":653},{\"@type\":\"BreadcrumbList\",\"@id\":\"https:\/\/jornalfatosenoticias.com.br\/index.php\/2022\/10\/21\/pavimentacao-com-plastico-reciclado-chega-as-estradas-do-brasil\/#breadcrumb\",\"itemListElement\":[{\"@type\":\"ListItem\",\"position\":1,\"name\":\"In\u00edcio\",\"item\":\"https:\/\/jornalfatosenoticias.com.br\/\"},{\"@type\":\"ListItem\",\"position\":2,\"name\":\"Pavimenta\u00e7\u00e3o com pl\u00e1stico reciclado chega \u00e0s estradas do Brasil\"}]},{\"@type\":\"WebSite\",\"@id\":\"https:\/\/jornalfatosenoticias.com.br\/#website\",\"url\":\"https:\/\/jornalfatosenoticias.com.br\/\",\"name\":\"Jornal Fatos e Not\u00edcias\",\"description\":\"Not\u00edcias em geral\",\"publisher\":{\"@id\":\"https:\/\/jornalfatosenoticias.com.br\/#organization\"},\"potentialAction\":[{\"@type\":\"SearchAction\",\"target\":{\"@type\":\"EntryPoint\",\"urlTemplate\":\"https:\/\/jornalfatosenoticias.com.br\/?s={search_term_string}\"},\"query-input\":{\"@type\":\"PropertyValueSpecification\",\"valueRequired\":true,\"valueName\":\"search_term_string\"}}],\"inLanguage\":\"pt-BR\"},{\"@type\":\"Organization\",\"@id\":\"https:\/\/jornalfatosenoticias.com.br\/#organization\",\"name\":\"Jornal Fatos e Not\u00edcias\",\"url\":\"https:\/\/jornalfatosenoticias.com.br\/\",\"logo\":{\"@type\":\"ImageObject\",\"inLanguage\":\"pt-BR\",\"@id\":\"https:\/\/jornalfatosenoticias.com.br\/#\/schema\/logo\/image\/\",\"url\":\"https:\/\/jornalfatosenoticias.com.br\/wp-content\/uploads\/2020\/02\/logo120.png\",\"contentUrl\":\"https:\/\/jornalfatosenoticias.com.br\/wp-content\/uploads\/2020\/02\/logo120.png\",\"width\":1227,\"height\":120,\"caption\":\"Jornal Fatos e Not\u00edcias\"},\"image\":{\"@id\":\"https:\/\/jornalfatosenoticias.com.br\/#\/schema\/logo\/image\/\"}},{\"@type\":\"Person\",\"@id\":\"https:\/\/jornalfatosenoticias.com.br\/#\/schema\/person\/d63837fa13ac8666eb9e74e0985d6f81\",\"name\":\"Luzimara Fernandes\",\"image\":{\"@type\":\"ImageObject\",\"inLanguage\":\"pt-BR\",\"@id\":\"https:\/\/jornalfatosenoticias.com.br\/#\/schema\/person\/image\/\",\"url\":\"https:\/\/jornalfatosenoticias.com.br\/wp-content\/uploads\/2025\/05\/EU_portal.jpg\",\"contentUrl\":\"https:\/\/jornalfatosenoticias.com.br\/wp-content\/uploads\/2025\/05\/EU_portal.jpg\",\"caption\":\"Luzimara Fernandes\"},\"description\":\"Jornalista MTB 2358-ES\",\"sameAs\":[\"https:\/\/jornalfatosenoticias.com.br\"],\"url\":\"https:\/\/jornalfatosenoticias.com.br\/index.php\/author\/luzimara\/\"}]}<\/script>\n<!-- \/ Yoast SEO plugin. -->","yoast_head_json":{"title":"Pavimenta\u00e7\u00e3o com pl\u00e1stico reciclado chega \u00e0s estradas do Brasil - Jornal Fatos e Not\u00edcias","robots":{"index":"index","follow":"follow","max-snippet":"max-snippet:-1","max-image-preview":"max-image-preview:large","max-video-preview":"max-video-preview:-1"},"canonical":"https:\/\/jornalfatosenoticias.com.br\/index.php\/2022\/10\/21\/pavimentacao-com-plastico-reciclado-chega-as-estradas-do-brasil\/","og_locale":"pt_BR","og_type":"article","og_title":"Pavimenta\u00e7\u00e3o com pl\u00e1stico reciclado chega \u00e0s estradas do Brasil - Jornal Fatos e Not\u00edcias","og_description":"Material que reaproveita pl\u00e1stico p\u00f3s-consumo foi usado em teste na Rodovia Washington Lu\u00eds Um trecho de um quil\u00f4metro da Rodovia Washington Lu\u00eds, em Rio Claro, no sentido capital interior foi o primeiro no Brasil a receber pavimenta\u00e7\u00e3o para estradas que usa pl\u00e1stico p\u00f3s-consumo em sua composi\u00e7\u00e3o. Este \u00e9 um projeto-piloto que pode significar um grande [&hellip;]","og_url":"https:\/\/jornalfatosenoticias.com.br\/index.php\/2022\/10\/21\/pavimentacao-com-plastico-reciclado-chega-as-estradas-do-brasil\/","og_site_name":"Jornal Fatos e Not\u00edcias","article_published_time":"2022-10-21T16:36:12+00:00","article_modified_time":"2022-10-21T16:36:15+00:00","og_image":[{"width":1000,"height":653,"url":"https:\/\/jornalfatosenoticias.com.br\/wp-content\/uploads\/2022\/10\/asfalto-plastico-reciclado-1.jpg","type":"image\/jpeg"}],"author":"Luzimara Fernandes","twitter_card":"summary_large_image","twitter_misc":{"Escrito por":"Luzimara Fernandes","Est. tempo de leitura":"3 minutos"},"schema":{"@context":"https:\/\/schema.org","@graph":[{"@type":"Article","@id":"https:\/\/jornalfatosenoticias.com.br\/index.php\/2022\/10\/21\/pavimentacao-com-plastico-reciclado-chega-as-estradas-do-brasil\/#article","isPartOf":{"@id":"https:\/\/jornalfatosenoticias.com.br\/index.php\/2022\/10\/21\/pavimentacao-com-plastico-reciclado-chega-as-estradas-do-brasil\/"},"author":{"name":"Luzimara Fernandes","@id":"https:\/\/jornalfatosenoticias.com.br\/#\/schema\/person\/d63837fa13ac8666eb9e74e0985d6f81"},"headline":"Pavimenta\u00e7\u00e3o com pl\u00e1stico reciclado chega \u00e0s estradas do Brasil","datePublished":"2022-10-21T16:36:12+00:00","dateModified":"2022-10-21T16:36:15+00:00","mainEntityOfPage":{"@id":"https:\/\/jornalfatosenoticias.com.br\/index.php\/2022\/10\/21\/pavimentacao-com-plastico-reciclado-chega-as-estradas-do-brasil\/"},"wordCount":662,"commentCount":0,"publisher":{"@id":"https:\/\/jornalfatosenoticias.com.br\/#organization"},"image":{"@id":"https:\/\/jornalfatosenoticias.com.br\/index.php\/2022\/10\/21\/pavimentacao-com-plastico-reciclado-chega-as-estradas-do-brasil\/#primaryimage"},"thumbnailUrl":"https:\/\/jornalfatosenoticias.com.br\/wp-content\/uploads\/2022\/10\/asfalto-plastico-reciclado-1.jpg","keywords":["asfalto de pl\u00e1stico","estrada","estrada de pl\u00e1stico","pavimenta\u00e7\u00e3o com pl\u00e1stico reciclado","pl\u00e1stico reciclado"],"articleSection":["Meio ambiente","Tecnologia &amp; Inova\u00e7\u00e3o"],"inLanguage":"pt-BR","potentialAction":[{"@type":"CommentAction","name":"Comment","target":["https:\/\/jornalfatosenoticias.com.br\/index.php\/2022\/10\/21\/pavimentacao-com-plastico-reciclado-chega-as-estradas-do-brasil\/#respond"]}]},{"@type":"WebPage","@id":"https:\/\/jornalfatosenoticias.com.br\/index.php\/2022\/10\/21\/pavimentacao-com-plastico-reciclado-chega-as-estradas-do-brasil\/","url":"https:\/\/jornalfatosenoticias.com.br\/index.php\/2022\/10\/21\/pavimentacao-com-plastico-reciclado-chega-as-estradas-do-brasil\/","name":"Pavimenta\u00e7\u00e3o com pl\u00e1stico reciclado chega \u00e0s estradas do Brasil - Jornal Fatos e Not\u00edcias","isPartOf":{"@id":"https:\/\/jornalfatosenoticias.com.br\/#website"},"primaryImageOfPage":{"@id":"https:\/\/jornalfatosenoticias.com.br\/index.php\/2022\/10\/21\/pavimentacao-com-plastico-reciclado-chega-as-estradas-do-brasil\/#primaryimage"},"image":{"@id":"https:\/\/jornalfatosenoticias.com.br\/index.php\/2022\/10\/21\/pavimentacao-com-plastico-reciclado-chega-as-estradas-do-brasil\/#primaryimage"},"thumbnailUrl":"https:\/\/jornalfatosenoticias.com.br\/wp-content\/uploads\/2022\/10\/asfalto-plastico-reciclado-1.jpg","datePublished":"2022-10-21T16:36:12+00:00","dateModified":"2022-10-21T16:36:15+00:00","breadcrumb":{"@id":"https:\/\/jornalfatosenoticias.com.br\/index.php\/2022\/10\/21\/pavimentacao-com-plastico-reciclado-chega-as-estradas-do-brasil\/#breadcrumb"},"inLanguage":"pt-BR","potentialAction":[{"@type":"ReadAction","target":["https:\/\/jornalfatosenoticias.com.br\/index.php\/2022\/10\/21\/pavimentacao-com-plastico-reciclado-chega-as-estradas-do-brasil\/"]}]},{"@type":"ImageObject","inLanguage":"pt-BR","@id":"https:\/\/jornalfatosenoticias.com.br\/index.php\/2022\/10\/21\/pavimentacao-com-plastico-reciclado-chega-as-estradas-do-brasil\/#primaryimage","url":"https:\/\/jornalfatosenoticias.com.br\/wp-content\/uploads\/2022\/10\/asfalto-plastico-reciclado-1.jpg","contentUrl":"https:\/\/jornalfatosenoticias.com.br\/wp-content\/uploads\/2022\/10\/asfalto-plastico-reciclado-1.jpg","width":1000,"height":653},{"@type":"BreadcrumbList","@id":"https:\/\/jornalfatosenoticias.com.br\/index.php\/2022\/10\/21\/pavimentacao-com-plastico-reciclado-chega-as-estradas-do-brasil\/#breadcrumb","itemListElement":[{"@type":"ListItem","position":1,"name":"In\u00edcio","item":"https:\/\/jornalfatosenoticias.com.br\/"},{"@type":"ListItem","position":2,"name":"Pavimenta\u00e7\u00e3o com pl\u00e1stico reciclado chega \u00e0s estradas do Brasil"}]},{"@type":"WebSite","@id":"https:\/\/jornalfatosenoticias.com.br\/#website","url":"https:\/\/jornalfatosenoticias.com.br\/","name":"Jornal Fatos e Not\u00edcias","description":"Not\u00edcias em geral","publisher":{"@id":"https:\/\/jornalfatosenoticias.com.br\/#organization"},"potentialAction":[{"@type":"SearchAction","target":{"@type":"EntryPoint","urlTemplate":"https:\/\/jornalfatosenoticias.com.br\/?s={search_term_string}"},"query-input":{"@type":"PropertyValueSpecification","valueRequired":true,"valueName":"search_term_string"}}],"inLanguage":"pt-BR"},{"@type":"Organization","@id":"https:\/\/jornalfatosenoticias.com.br\/#organization","name":"Jornal Fatos e Not\u00edcias","url":"https:\/\/jornalfatosenoticias.com.br\/","logo":{"@type":"ImageObject","inLanguage":"pt-BR","@id":"https:\/\/jornalfatosenoticias.com.br\/#\/schema\/logo\/image\/","url":"https:\/\/jornalfatosenoticias.com.br\/wp-content\/uploads\/2020\/02\/logo120.png","contentUrl":"https:\/\/jornalfatosenoticias.com.br\/wp-content\/uploads\/2020\/02\/logo120.png","width":1227,"height":120,"caption":"Jornal Fatos e Not\u00edcias"},"image":{"@id":"https:\/\/jornalfatosenoticias.com.br\/#\/schema\/logo\/image\/"}},{"@type":"Person","@id":"https:\/\/jornalfatosenoticias.com.br\/#\/schema\/person\/d63837fa13ac8666eb9e74e0985d6f81","name":"Luzimara Fernandes","image":{"@type":"ImageObject","inLanguage":"pt-BR","@id":"https:\/\/jornalfatosenoticias.com.br\/#\/schema\/person\/image\/","url":"https:\/\/jornalfatosenoticias.com.br\/wp-content\/uploads\/2025\/05\/EU_portal.jpg","contentUrl":"https:\/\/jornalfatosenoticias.com.br\/wp-content\/uploads\/2025\/05\/EU_portal.jpg","caption":"Luzimara Fernandes"},"description":"Jornalista MTB 2358-ES","sameAs":["https:\/\/jornalfatosenoticias.com.br"],"url":"https:\/\/jornalfatosenoticias.com.br\/index.php\/author\/luzimara\/"}]}},"cc_featured_image_caption":{"caption_text":"(Foto: Divulga\u00e7\u00e3o\/Dow) ","source_text":"","source_url":""},"jetpack_featured_media_url":"https:\/\/jornalfatosenoticias.com.br\/wp-content\/uploads\/2022\/10\/asfalto-plastico-reciclado-1.jpg","_links":{"self":[{"href":"https:\/\/jornalfatosenoticias.com.br\/index.php\/wp-json\/wp\/v2\/posts\/35424","targetHints":{"allow":["GET"]}}],"collection":[{"href":"https:\/\/jornalfatosenoticias.com.br\/index.php\/wp-json\/wp\/v2\/posts"}],"about":[{"href":"https:\/\/jornalfatosenoticias.com.br\/index.php\/wp-json\/wp\/v2\/types\/post"}],"author":[{"embeddable":true,"href":"https:\/\/jornalfatosenoticias.com.br\/index.php\/wp-json\/wp\/v2\/users\/2"}],"replies":[{"embeddable":true,"href":"https:\/\/jornalfatosenoticias.com.br\/index.php\/wp-json\/wp\/v2\/comments?post=35424"}],"version-history":[{"count":0,"href":"https:\/\/jornalfatosenoticias.com.br\/index.php\/wp-json\/wp\/v2\/posts\/35424\/revisions"}],"wp:featuredmedia":[{"embeddable":true,"href":"https:\/\/jornalfatosenoticias.com.br\/index.php\/wp-json\/wp\/v2\/media\/35425"}],"wp:attachment":[{"href":"https:\/\/jornalfatosenoticias.com.br\/index.php\/wp-json\/wp\/v2\/media?parent=35424"}],"wp:term":[{"taxonomy":"category","embeddable":true,"href":"https:\/\/jornalfatosenoticias.com.br\/index.php\/wp-json\/wp\/v2\/categories?post=35424"},{"taxonomy":"post_tag","embeddable":true,"href":"https:\/\/jornalfatosenoticias.com.br\/index.php\/wp-json\/wp\/v2\/tags?post=35424"}],"curies":[{"name":"wp","href":"https:\/\/api.w.org\/{rel}","templated":true}]}}