{"id":35446,"date":"2022-10-24T11:40:50","date_gmt":"2022-10-24T14:40:50","guid":{"rendered":"https:\/\/jornalfatosenoticias.com.br\/?p=35446"},"modified":"2022-10-24T11:40:52","modified_gmt":"2022-10-24T14:40:52","slug":"estudante-indigena-pesquisa-importancia-da-lingua-materna-em-conclusao-de-curso","status":"publish","type":"post","link":"https:\/\/jornalfatosenoticias.com.br\/index.php\/2022\/10\/24\/estudante-indigena-pesquisa-importancia-da-lingua-materna-em-conclusao-de-curso\/","title":{"rendered":"Estudante ind\u00edgena pesquisa import\u00e2ncia da l\u00edngua materna em conclus\u00e3o de curso"},"content":{"rendered":"\n<p><em><span class=\"has-inline-color has-black-color\">O universit\u00e1rio Tukura Asurini, que cursa etnodesenvolvimento, tamb\u00e9m defende o fortalecimento cultural ind\u00edgena<\/span><\/em><\/p>\n\n\n\n<div class=\"wp-block-image\"><figure class=\"aligncenter size-large\"><img loading=\"lazy\" decoding=\"async\" width=\"1024\" height=\"100\" src=\"https:\/\/jornalfatosenoticias.com.br\/wp-content\/uploads\/2022\/05\/NOVA-LOGO-CESCONETTO-1024x100.jpg\" alt=\"\" class=\"wp-image-30792\" srcset=\"https:\/\/jornalfatosenoticias.com.br\/wp-content\/uploads\/2022\/05\/NOVA-LOGO-CESCONETTO-1024x100.jpg 1024w, https:\/\/jornalfatosenoticias.com.br\/wp-content\/uploads\/2022\/05\/NOVA-LOGO-CESCONETTO-300x29.jpg 300w, https:\/\/jornalfatosenoticias.com.br\/wp-content\/uploads\/2022\/05\/NOVA-LOGO-CESCONETTO-768x75.jpg 768w, https:\/\/jornalfatosenoticias.com.br\/wp-content\/uploads\/2022\/05\/NOVA-LOGO-CESCONETTO.jpg 1280w\" sizes=\"auto, (max-width: 1024px) 100vw, 1024px\" \/><\/figure><\/div>\n\n\n\n<p>O estudante do curso de Etnodesenvolvimento, do Campus Universit\u00e1rio de Altamira da Universidade Federal do Par\u00e1 (UFPA), Tukura Asurini defendeu seu Trabalho de Conclus\u00e3o de Curso intitulado &#8216;Cultura e L\u00edngua Materna entre os Asurini do Xingu&#8217;, no \u00faltimo dia 30 de agosto. A abordagem faz uma reflex\u00e3o sobre a import\u00e2ncia da l\u00edngua e da cultura ind\u00edgenas e apresenta propostas para a sua preserva\u00e7\u00e3o e fortalecimento. <\/p>\n\n\n\n<div class=\"wp-block-image\"><figure class=\"aligncenter size-large\"><img loading=\"lazy\" decoding=\"async\" width=\"300\" height=\"300\" src=\"https:\/\/jornalfatosenoticias.com.br\/wp-content\/uploads\/2020\/02\/casa-do-torresmo_portal.jpg\" alt=\"\" class=\"wp-image-34472\" srcset=\"https:\/\/jornalfatosenoticias.com.br\/wp-content\/uploads\/2020\/02\/casa-do-torresmo_portal.jpg 300w, https:\/\/jornalfatosenoticias.com.br\/wp-content\/uploads\/2020\/02\/casa-do-torresmo_portal-150x150.jpg 150w\" sizes=\"auto, (max-width: 300px) 100vw, 300px\" \/><\/figure><\/div>\n\n\n\n<p>O trabalho teve orienta\u00e7\u00e3o do professor ind\u00edgena da UFPA, Uwira Xakriab\u00e1, cujo nome civil \u00e9 Willian Domingues. Tukura \u00e9 origin\u00e1rio da aldeia Ita-aka, do Territ\u00f3rio Ind\u00edgena Asurini do Koetinemo, e foi o primeiro do seu povo a se formar em n\u00edvel superior. Tukura Asurini agora buscar\u00e1 ingressar no mestrado, forma\u00e7\u00e3o que vai ajud\u00e1-lo a fortalecer a cultura do seu povo.<\/p>\n\n\n\n<div class=\"wp-block-image\"><figure class=\"aligncenter size-large\"><img loading=\"lazy\" decoding=\"async\" width=\"300\" height=\"250\" src=\"https:\/\/jornalfatosenoticias.com.br\/wp-content\/uploads\/2022\/08\/arte-Casarao.jpg\" alt=\"\" class=\"wp-image-33178\"\/><\/figure><\/div>\n\n\n\n<figure class=\"wp-block-pullquote\"><blockquote><p><span class=\"has-inline-color has-luminous-vivid-orange-color\">Nos dias de hoje, existem muitos costumes novos chegando nas nossas aldeias. O medo tamb\u00e9m pode enfraquecer nossa cultura. Mas, com esse meu trabalho, fiz bastante pesquisa para saber como manter nossa cultura, que \u00e9 sempre muito valiosa para n\u00f3s&#8221;, explica.<\/span><\/p><\/blockquote><\/figure>\n\n\n\n<div class=\"wp-block-image\"><figure class=\"aligncenter size-large is-resized\"><img loading=\"lazy\" decoding=\"async\" src=\"https:\/\/jornalfatosenoticias.com.br\/wp-content\/uploads\/2022\/10\/Arte-jornal-Zucchi-600x600_Prancheta-1-1024x1024.jpg\" alt=\"\" class=\"wp-image-34782\" width=\"283\" height=\"283\" srcset=\"https:\/\/jornalfatosenoticias.com.br\/wp-content\/uploads\/2022\/10\/Arte-jornal-Zucchi-600x600_Prancheta-1-1024x1024.jpg 1024w, https:\/\/jornalfatosenoticias.com.br\/wp-content\/uploads\/2022\/10\/Arte-jornal-Zucchi-600x600_Prancheta-1-300x300.jpg 300w, https:\/\/jornalfatosenoticias.com.br\/wp-content\/uploads\/2022\/10\/Arte-jornal-Zucchi-600x600_Prancheta-1-150x150.jpg 150w, https:\/\/jornalfatosenoticias.com.br\/wp-content\/uploads\/2022\/10\/Arte-jornal-Zucchi-600x600_Prancheta-1-768x768.jpg 768w, https:\/\/jornalfatosenoticias.com.br\/wp-content\/uploads\/2022\/10\/Arte-jornal-Zucchi-600x600_Prancheta-1.jpg 1250w\" sizes=\"auto, (max-width: 283px) 100vw, 283px\" \/><\/figure><\/div>\n\n\n\n<p>O orientador do TCC, professor Uwira Xacriab\u00e1, explica que a pesquisa realizada por Tukura traz uma reflex\u00e3o importante sobre a indissociabilidade da l\u00edngua e da cultura e, ainda, a proposta de um projeto de revitaliza\u00e7\u00e3o do uso da l\u00edngua materna e de fortalecimento cultural por meio da produ\u00e7\u00e3o de artefatos da cultura material de seu povo.<\/p>\n\n\n\n<div class=\"wp-block-image\"><figure class=\"aligncenter size-large is-resized\"><img loading=\"lazy\" decoding=\"async\" src=\"https:\/\/jornalfatosenoticias.com.br\/wp-content\/uploads\/2022\/07\/Logo-Grupo-SEI.jpg\" alt=\"\" class=\"wp-image-31973\" width=\"320\" height=\"168\" srcset=\"https:\/\/jornalfatosenoticias.com.br\/wp-content\/uploads\/2022\/07\/Logo-Grupo-SEI.jpg 713w, https:\/\/jornalfatosenoticias.com.br\/wp-content\/uploads\/2022\/07\/Logo-Grupo-SEI-300x158.jpg 300w\" sizes=\"auto, (max-width: 320px) 100vw, 320px\" \/><\/figure><\/div>\n\n\n\n<figure class=\"wp-block-pullquote\"><blockquote><p><span class=\"has-inline-color has-luminous-vivid-orange-color\">Eu fui professor do Tukura ainda na educa\u00e7\u00e3o b\u00e1sica, na l\u00edngua materna, na aldeia, no in\u00edcio dos anos 2000. Naquele tempo, a oferta de ensino era monol\u00edngue, em portugu\u00eas, e ia apenas at\u00e9 o quinto ano. O trabalho com a l\u00edngua materna n\u00e3o tinha o devido apoio do munic\u00edpio, n\u00e3o havia cursos superiores voltados para nosso povo nem pol\u00edticas afirmativas. Ent\u00e3o, resolvemos demandar \u00e0 UFPA a necessidade de cria\u00e7\u00e3o de um curso voltado aos povos ind\u00edgenas, quilombolas e povos tradicionais. Desafio aceito, surgiu o curso de Etnodesenvolvimento, do qual vim a me tornar professor posteriormente. Tukura foi aprovado no PSE, quando j\u00e1 era um dos caciques de nossa aldeia e uma das principais lideran\u00e7as do povo Asurini do Xingu&#8221;, conta Uwira Xacriab\u00e1.<\/span><\/p><\/blockquote><\/figure>\n\n\n\n<div class=\"wp-block-image\"><figure class=\"alignleft size-large is-resized\"><img loading=\"lazy\" decoding=\"async\" src=\"https:\/\/jornalfatosenoticias.com.br\/wp-content\/uploads\/2020\/02\/logo-Panper_portal.jpg\" alt=\"\" class=\"wp-image-34474\" width=\"296\" height=\"205\" srcset=\"https:\/\/jornalfatosenoticias.com.br\/wp-content\/uploads\/2020\/02\/logo-Panper_portal.jpg 400w, https:\/\/jornalfatosenoticias.com.br\/wp-content\/uploads\/2020\/02\/logo-Panper_portal-300x208.jpg 300w\" sizes=\"auto, (max-width: 296px) 100vw, 296px\" \/><\/figure><\/div>\n\n\n\n<p>O professor ressaltou , ainda, que o acesso ind\u00edgena \u00e0 universidade \u00e9 fundamental: &#8220;n\u00e3o apenas para n\u00f3s ind\u00edgenas, que estamos em busca de uma emancipa\u00e7\u00e3o social que nos possibilite vencer as mazelas do colonialismo do passado e fazer frente \u00e0s investidas de um novo\/velho processo civilizat\u00f3rio, mas tamb\u00e9m, sobretudo, \u00e9 importante para a pr\u00f3pria universidade , na medida em que nossa entrada traz a possibilidade e a necessidade de revis\u00e3o dos c\u00e2nones epistemol\u00f3gicos ocidentais e de mudan\u00e7as em rela\u00e7\u00e3o ao preconceito e \u00e0 discrimina\u00e7\u00e3o que ainda enfrentamos em um pa\u00eds contrassensualmente t\u00e3o cultural e racialmente miscigenado&#8221;.<\/p>\n\n\n\n<div class=\"wp-block-image\"><figure class=\"aligncenter size-large\"><img loading=\"lazy\" decoding=\"async\" width=\"1024\" height=\"103\" src=\"https:\/\/jornalfatosenoticias.com.br\/wp-content\/uploads\/2022\/02\/Arte-Autoescola-Galatas_endereco_portal-1024x103.png\" alt=\"\" class=\"wp-image-27869\" srcset=\"https:\/\/jornalfatosenoticias.com.br\/wp-content\/uploads\/2022\/02\/Arte-Autoescola-Galatas_endereco_portal-1024x103.png 1024w, https:\/\/jornalfatosenoticias.com.br\/wp-content\/uploads\/2022\/02\/Arte-Autoescola-Galatas_endereco_portal-300x30.png 300w, https:\/\/jornalfatosenoticias.com.br\/wp-content\/uploads\/2022\/02\/Arte-Autoescola-Galatas_endereco_portal-768x77.png 768w, https:\/\/jornalfatosenoticias.com.br\/wp-content\/uploads\/2022\/02\/Arte-Autoescola-Galatas_endereco_portal.png 1223w\" sizes=\"auto, (max-width: 1024px) 100vw, 1024px\" \/><\/figure><\/div>\n\n\n\n<p>O desejo \u00e9 de que Tukura Asurini possa seguir agora autonomamente, estudando a rela\u00e7\u00e3o entre a l\u00edngua materna e a cultura, mesmo sendo cacique de sua aldeia. <\/p>\n\n\n\n<div class=\"wp-block-image\"><figure class=\"aligncenter size-large\"><img loading=\"lazy\" decoding=\"async\" width=\"721\" height=\"902\" src=\"https:\/\/jornalfatosenoticias.com.br\/wp-content\/uploads\/2022\/10\/Estudante-indigena2.jpg\" alt=\"\" class=\"wp-image-35447\" srcset=\"https:\/\/jornalfatosenoticias.com.br\/wp-content\/uploads\/2022\/10\/Estudante-indigena2.jpg 721w, https:\/\/jornalfatosenoticias.com.br\/wp-content\/uploads\/2022\/10\/Estudante-indigena2-240x300.jpg 240w\" sizes=\"auto, (max-width: 721px) 100vw, 721px\" \/><figcaption><em><span class=\"has-inline-color has-black-color\">Tukura Asurini destacou a l\u00edngua ind\u00edgena em seu TCC (Foto: Divulga\u00e7\u00e3o\/UFPA)<\/span><\/em><\/figcaption><\/figure><\/div>\n\n\n\n<div class=\"wp-block-image\"><figure class=\"aligncenter size-large\"><img loading=\"lazy\" decoding=\"async\" width=\"1024\" height=\"100\" src=\"https:\/\/jornalfatosenoticias.com.br\/wp-content\/uploads\/2020\/02\/banner_ferramentas-1024x100.jpg\" alt=\"\" class=\"wp-image-1258\" srcset=\"https:\/\/jornalfatosenoticias.com.br\/wp-content\/uploads\/2020\/02\/banner_ferramentas-1024x100.jpg 1024w, https:\/\/jornalfatosenoticias.com.br\/wp-content\/uploads\/2020\/02\/banner_ferramentas-300x29.jpg 300w, https:\/\/jornalfatosenoticias.com.br\/wp-content\/uploads\/2020\/02\/banner_ferramentas-768x75.jpg 768w, https:\/\/jornalfatosenoticias.com.br\/wp-content\/uploads\/2020\/02\/banner_ferramentas.jpg 1227w\" sizes=\"auto, (max-width: 1024px) 100vw, 1024px\" \/><\/figure><\/div>\n\n\n\n<figure class=\"wp-block-pullquote\"><blockquote><p><span class=\"has-inline-color has-luminous-vivid-orange-color\">Meu desejo \u00e9 que ele siga como exemplo, como cacique e como um pesquisador de sensibilidade agu\u00e7ada e grande capacidade orat\u00f3ria em sua l\u00edngua materna, seu exemplo certamente ser\u00e1 seguido por muitos jovens de nosso povo&#8221;, resumiu o professor orientador.<\/span><\/p><\/blockquote><\/figure>\n\n\n\n<div class=\"wp-block-image\"><figure class=\"aligncenter size-large is-resized\"><img loading=\"lazy\" decoding=\"async\" src=\"https:\/\/jornalfatosenoticias.com.br\/wp-content\/uploads\/2022\/08\/logo-locau-veiculos-1024x573.png\" alt=\"\" class=\"wp-image-33078\" width=\"314\" height=\"175\"\/><\/figure><\/div>\n\n\n\n<p>Tukura, por sua vez, afirmou n\u00e3o ter sido f\u00e1cil e que enfrentou muitas dificuldades para alcan\u00e7ar sua forma\u00e7\u00e3o, inclusive com a l\u00edngua portuguesa, que \u00e9 uma segunda l\u00edngua para seu povo. Mas a meta agora, segundo ele, &#8220;\u00e9 sonhar alto&#8221; e se tornar um pesquisador Asurini, na p\u00f3s-gradua\u00e7\u00e3o.<\/p>\n\n\n\n<div class=\"wp-block-image\"><figure class=\"aligncenter size-large\"><img loading=\"lazy\" decoding=\"async\" width=\"729\" height=\"90\" src=\"https:\/\/jornalfatosenoticias.com.br\/wp-content\/uploads\/2020\/02\/Logo_Mizu.png\" alt=\"\" class=\"wp-image-1441\" srcset=\"https:\/\/jornalfatosenoticias.com.br\/wp-content\/uploads\/2020\/02\/Logo_Mizu.png 729w, https:\/\/jornalfatosenoticias.com.br\/wp-content\/uploads\/2020\/02\/Logo_Mizu-300x37.png 300w\" sizes=\"auto, (max-width: 729px) 100vw, 729px\" \/><\/figure><\/div>\n\n\n\n<p><strong><em>Fonte: <a href=\"https:\/\/portalamazonia.com\/noticias\/educacao\/estudante-indigena-paraense-pesquisa-importancia-da-lingua-materna-em-conclusao-de-curso\">Portal Amaz\u00f4nia<\/a><\/em><\/strong><\/p>\n","protected":false},"excerpt":{"rendered":"<p>O universit\u00e1rio Tukura Asurini, que cursa etnodesenvolvimento, tamb\u00e9m defende o fortalecimento cultural ind\u00edgena O estudante do curso de Etnodesenvolvimento, do Campus Universit\u00e1rio de Altamira da Universidade Federal do Par\u00e1 (UFPA), Tukura Asurini defendeu seu Trabalho de Conclus\u00e3o de Curso intitulado &#8216;Cultura e L\u00edngua Materna entre os Asurini do Xingu&#8217;, no \u00faltimo dia 30 de agosto. [&hellip;]<\/p>\n","protected":false},"author":2,"featured_media":35448,"comment_status":"open","ping_status":"open","sticky":false,"template":"","format":"standard","meta":{"footnotes":""},"categories":[7],"tags":[345,13230,1609,16633,940,16632,16631,2064],"class_list":["post-35446","post","type-post","status-publish","format-standard","has-post-thumbnail","hentry","category-educacao","tag-educacao","tag-educacao-indigena","tag-indigena","tag-lingua-indigena","tag-para","tag-tcc","tag-trabalho-de-conclusao-de-curso","tag-ufpa"],"yoast_head":"<!-- This site is optimized with the Yoast SEO plugin v26.5 - https:\/\/yoast.com\/wordpress\/plugins\/seo\/ -->\n<title>Estudante ind\u00edgena pesquisa import\u00e2ncia da l\u00edngua materna em conclus\u00e3o de curso - Jornal Fatos e Not\u00edcias<\/title>\n<meta name=\"robots\" content=\"index, follow, max-snippet:-1, max-image-preview:large, max-video-preview:-1\" \/>\n<link rel=\"canonical\" href=\"https:\/\/jornalfatosenoticias.com.br\/index.php\/2022\/10\/24\/estudante-indigena-pesquisa-importancia-da-lingua-materna-em-conclusao-de-curso\/\" \/>\n<meta property=\"og:locale\" content=\"pt_BR\" \/>\n<meta property=\"og:type\" content=\"article\" \/>\n<meta property=\"og:title\" content=\"Estudante ind\u00edgena pesquisa import\u00e2ncia da l\u00edngua materna em conclus\u00e3o de curso - Jornal Fatos e Not\u00edcias\" \/>\n<meta property=\"og:description\" content=\"O universit\u00e1rio Tukura Asurini, que cursa etnodesenvolvimento, tamb\u00e9m defende o fortalecimento cultural ind\u00edgena O estudante do curso de Etnodesenvolvimento, do Campus Universit\u00e1rio de Altamira da Universidade Federal do Par\u00e1 (UFPA), Tukura Asurini defendeu seu Trabalho de Conclus\u00e3o de Curso intitulado &#8216;Cultura e L\u00edngua Materna entre os Asurini do Xingu&#8217;, no \u00faltimo dia 30 de agosto. [&hellip;]\" \/>\n<meta property=\"og:url\" content=\"https:\/\/jornalfatosenoticias.com.br\/index.php\/2022\/10\/24\/estudante-indigena-pesquisa-importancia-da-lingua-materna-em-conclusao-de-curso\/\" \/>\n<meta property=\"og:site_name\" content=\"Jornal Fatos e Not\u00edcias\" \/>\n<meta property=\"article:published_time\" content=\"2022-10-24T14:40:50+00:00\" \/>\n<meta property=\"article:modified_time\" content=\"2022-10-24T14:40:52+00:00\" \/>\n<meta property=\"og:image\" content=\"https:\/\/jornalfatosenoticias.com.br\/wp-content\/uploads\/2022\/10\/Estudante-indigena1.png\" \/>\n\t<meta property=\"og:image:width\" content=\"1000\" \/>\n\t<meta property=\"og:image:height\" content=\"567\" \/>\n\t<meta property=\"og:image:type\" content=\"image\/png\" \/>\n<meta name=\"author\" content=\"Luzimara Fernandes\" \/>\n<meta name=\"twitter:card\" content=\"summary_large_image\" \/>\n<meta name=\"twitter:label1\" content=\"Escrito por\" \/>\n\t<meta name=\"twitter:data1\" content=\"Luzimara Fernandes\" \/>\n\t<meta name=\"twitter:label2\" content=\"Est. tempo de leitura\" \/>\n\t<meta name=\"twitter:data2\" content=\"3 minutos\" \/>\n<script type=\"application\/ld+json\" class=\"yoast-schema-graph\">{\"@context\":\"https:\/\/schema.org\",\"@graph\":[{\"@type\":\"Article\",\"@id\":\"https:\/\/jornalfatosenoticias.com.br\/index.php\/2022\/10\/24\/estudante-indigena-pesquisa-importancia-da-lingua-materna-em-conclusao-de-curso\/#article\",\"isPartOf\":{\"@id\":\"https:\/\/jornalfatosenoticias.com.br\/index.php\/2022\/10\/24\/estudante-indigena-pesquisa-importancia-da-lingua-materna-em-conclusao-de-curso\/\"},\"author\":{\"name\":\"Luzimara Fernandes\",\"@id\":\"https:\/\/jornalfatosenoticias.com.br\/#\/schema\/person\/d63837fa13ac8666eb9e74e0985d6f81\"},\"headline\":\"Estudante ind\u00edgena pesquisa import\u00e2ncia da l\u00edngua materna em conclus\u00e3o de curso\",\"datePublished\":\"2022-10-24T14:40:50+00:00\",\"dateModified\":\"2022-10-24T14:40:52+00:00\",\"mainEntityOfPage\":{\"@id\":\"https:\/\/jornalfatosenoticias.com.br\/index.php\/2022\/10\/24\/estudante-indigena-pesquisa-importancia-da-lingua-materna-em-conclusao-de-curso\/\"},\"wordCount\":657,\"commentCount\":0,\"publisher\":{\"@id\":\"https:\/\/jornalfatosenoticias.com.br\/#organization\"},\"image\":{\"@id\":\"https:\/\/jornalfatosenoticias.com.br\/index.php\/2022\/10\/24\/estudante-indigena-pesquisa-importancia-da-lingua-materna-em-conclusao-de-curso\/#primaryimage\"},\"thumbnailUrl\":\"https:\/\/jornalfatosenoticias.com.br\/wp-content\/uploads\/2022\/10\/Estudante-indigena1.png\",\"keywords\":[\"educa\u00e7\u00e3o\",\"educa\u00e7\u00e3o ind\u00edgena\",\"ind\u00edgena\",\"l\u00edngua ind\u00edgena\",\"Par\u00e1\",\"TCC\",\"Trabalho de Conclus\u00e3o de Curso\",\"UFPA\"],\"articleSection\":[\"Educa\u00e7\u00e3o\"],\"inLanguage\":\"pt-BR\",\"potentialAction\":[{\"@type\":\"CommentAction\",\"name\":\"Comment\",\"target\":[\"https:\/\/jornalfatosenoticias.com.br\/index.php\/2022\/10\/24\/estudante-indigena-pesquisa-importancia-da-lingua-materna-em-conclusao-de-curso\/#respond\"]}]},{\"@type\":\"WebPage\",\"@id\":\"https:\/\/jornalfatosenoticias.com.br\/index.php\/2022\/10\/24\/estudante-indigena-pesquisa-importancia-da-lingua-materna-em-conclusao-de-curso\/\",\"url\":\"https:\/\/jornalfatosenoticias.com.br\/index.php\/2022\/10\/24\/estudante-indigena-pesquisa-importancia-da-lingua-materna-em-conclusao-de-curso\/\",\"name\":\"Estudante ind\u00edgena pesquisa import\u00e2ncia da l\u00edngua materna em conclus\u00e3o de curso - Jornal Fatos e Not\u00edcias\",\"isPartOf\":{\"@id\":\"https:\/\/jornalfatosenoticias.com.br\/#website\"},\"primaryImageOfPage\":{\"@id\":\"https:\/\/jornalfatosenoticias.com.br\/index.php\/2022\/10\/24\/estudante-indigena-pesquisa-importancia-da-lingua-materna-em-conclusao-de-curso\/#primaryimage\"},\"image\":{\"@id\":\"https:\/\/jornalfatosenoticias.com.br\/index.php\/2022\/10\/24\/estudante-indigena-pesquisa-importancia-da-lingua-materna-em-conclusao-de-curso\/#primaryimage\"},\"thumbnailUrl\":\"https:\/\/jornalfatosenoticias.com.br\/wp-content\/uploads\/2022\/10\/Estudante-indigena1.png\",\"datePublished\":\"2022-10-24T14:40:50+00:00\",\"dateModified\":\"2022-10-24T14:40:52+00:00\",\"breadcrumb\":{\"@id\":\"https:\/\/jornalfatosenoticias.com.br\/index.php\/2022\/10\/24\/estudante-indigena-pesquisa-importancia-da-lingua-materna-em-conclusao-de-curso\/#breadcrumb\"},\"inLanguage\":\"pt-BR\",\"potentialAction\":[{\"@type\":\"ReadAction\",\"target\":[\"https:\/\/jornalfatosenoticias.com.br\/index.php\/2022\/10\/24\/estudante-indigena-pesquisa-importancia-da-lingua-materna-em-conclusao-de-curso\/\"]}]},{\"@type\":\"ImageObject\",\"inLanguage\":\"pt-BR\",\"@id\":\"https:\/\/jornalfatosenoticias.com.br\/index.php\/2022\/10\/24\/estudante-indigena-pesquisa-importancia-da-lingua-materna-em-conclusao-de-curso\/#primaryimage\",\"url\":\"https:\/\/jornalfatosenoticias.com.br\/wp-content\/uploads\/2022\/10\/Estudante-indigena1.png\",\"contentUrl\":\"https:\/\/jornalfatosenoticias.com.br\/wp-content\/uploads\/2022\/10\/Estudante-indigena1.png\",\"width\":1000,\"height\":567},{\"@type\":\"BreadcrumbList\",\"@id\":\"https:\/\/jornalfatosenoticias.com.br\/index.php\/2022\/10\/24\/estudante-indigena-pesquisa-importancia-da-lingua-materna-em-conclusao-de-curso\/#breadcrumb\",\"itemListElement\":[{\"@type\":\"ListItem\",\"position\":1,\"name\":\"In\u00edcio\",\"item\":\"https:\/\/jornalfatosenoticias.com.br\/\"},{\"@type\":\"ListItem\",\"position\":2,\"name\":\"Estudante ind\u00edgena pesquisa import\u00e2ncia da l\u00edngua materna em conclus\u00e3o de curso\"}]},{\"@type\":\"WebSite\",\"@id\":\"https:\/\/jornalfatosenoticias.com.br\/#website\",\"url\":\"https:\/\/jornalfatosenoticias.com.br\/\",\"name\":\"Jornal Fatos e Not\u00edcias\",\"description\":\"Not\u00edcias em geral\",\"publisher\":{\"@id\":\"https:\/\/jornalfatosenoticias.com.br\/#organization\"},\"potentialAction\":[{\"@type\":\"SearchAction\",\"target\":{\"@type\":\"EntryPoint\",\"urlTemplate\":\"https:\/\/jornalfatosenoticias.com.br\/?s={search_term_string}\"},\"query-input\":{\"@type\":\"PropertyValueSpecification\",\"valueRequired\":true,\"valueName\":\"search_term_string\"}}],\"inLanguage\":\"pt-BR\"},{\"@type\":\"Organization\",\"@id\":\"https:\/\/jornalfatosenoticias.com.br\/#organization\",\"name\":\"Jornal Fatos e Not\u00edcias\",\"url\":\"https:\/\/jornalfatosenoticias.com.br\/\",\"logo\":{\"@type\":\"ImageObject\",\"inLanguage\":\"pt-BR\",\"@id\":\"https:\/\/jornalfatosenoticias.com.br\/#\/schema\/logo\/image\/\",\"url\":\"https:\/\/jornalfatosenoticias.com.br\/wp-content\/uploads\/2020\/02\/logo120.png\",\"contentUrl\":\"https:\/\/jornalfatosenoticias.com.br\/wp-content\/uploads\/2020\/02\/logo120.png\",\"width\":1227,\"height\":120,\"caption\":\"Jornal Fatos e Not\u00edcias\"},\"image\":{\"@id\":\"https:\/\/jornalfatosenoticias.com.br\/#\/schema\/logo\/image\/\"}},{\"@type\":\"Person\",\"@id\":\"https:\/\/jornalfatosenoticias.com.br\/#\/schema\/person\/d63837fa13ac8666eb9e74e0985d6f81\",\"name\":\"Luzimara Fernandes\",\"image\":{\"@type\":\"ImageObject\",\"inLanguage\":\"pt-BR\",\"@id\":\"https:\/\/jornalfatosenoticias.com.br\/#\/schema\/person\/image\/\",\"url\":\"https:\/\/jornalfatosenoticias.com.br\/wp-content\/uploads\/2025\/05\/EU_portal.jpg\",\"contentUrl\":\"https:\/\/jornalfatosenoticias.com.br\/wp-content\/uploads\/2025\/05\/EU_portal.jpg\",\"caption\":\"Luzimara Fernandes\"},\"description\":\"Jornalista MTB 2358-ES\",\"sameAs\":[\"https:\/\/jornalfatosenoticias.com.br\"],\"url\":\"https:\/\/jornalfatosenoticias.com.br\/index.php\/author\/luzimara\/\"}]}<\/script>\n<!-- \/ Yoast SEO plugin. -->","yoast_head_json":{"title":"Estudante ind\u00edgena pesquisa import\u00e2ncia da l\u00edngua materna em conclus\u00e3o de curso - Jornal Fatos e Not\u00edcias","robots":{"index":"index","follow":"follow","max-snippet":"max-snippet:-1","max-image-preview":"max-image-preview:large","max-video-preview":"max-video-preview:-1"},"canonical":"https:\/\/jornalfatosenoticias.com.br\/index.php\/2022\/10\/24\/estudante-indigena-pesquisa-importancia-da-lingua-materna-em-conclusao-de-curso\/","og_locale":"pt_BR","og_type":"article","og_title":"Estudante ind\u00edgena pesquisa import\u00e2ncia da l\u00edngua materna em conclus\u00e3o de curso - Jornal Fatos e Not\u00edcias","og_description":"O universit\u00e1rio Tukura Asurini, que cursa etnodesenvolvimento, tamb\u00e9m defende o fortalecimento cultural ind\u00edgena O estudante do curso de Etnodesenvolvimento, do Campus Universit\u00e1rio de Altamira da Universidade Federal do Par\u00e1 (UFPA), Tukura Asurini defendeu seu Trabalho de Conclus\u00e3o de Curso intitulado &#8216;Cultura e L\u00edngua Materna entre os Asurini do Xingu&#8217;, no \u00faltimo dia 30 de agosto. [&hellip;]","og_url":"https:\/\/jornalfatosenoticias.com.br\/index.php\/2022\/10\/24\/estudante-indigena-pesquisa-importancia-da-lingua-materna-em-conclusao-de-curso\/","og_site_name":"Jornal Fatos e Not\u00edcias","article_published_time":"2022-10-24T14:40:50+00:00","article_modified_time":"2022-10-24T14:40:52+00:00","og_image":[{"width":1000,"height":567,"url":"https:\/\/jornalfatosenoticias.com.br\/wp-content\/uploads\/2022\/10\/Estudante-indigena1.png","type":"image\/png"}],"author":"Luzimara Fernandes","twitter_card":"summary_large_image","twitter_misc":{"Escrito por":"Luzimara Fernandes","Est. tempo de leitura":"3 minutos"},"schema":{"@context":"https:\/\/schema.org","@graph":[{"@type":"Article","@id":"https:\/\/jornalfatosenoticias.com.br\/index.php\/2022\/10\/24\/estudante-indigena-pesquisa-importancia-da-lingua-materna-em-conclusao-de-curso\/#article","isPartOf":{"@id":"https:\/\/jornalfatosenoticias.com.br\/index.php\/2022\/10\/24\/estudante-indigena-pesquisa-importancia-da-lingua-materna-em-conclusao-de-curso\/"},"author":{"name":"Luzimara Fernandes","@id":"https:\/\/jornalfatosenoticias.com.br\/#\/schema\/person\/d63837fa13ac8666eb9e74e0985d6f81"},"headline":"Estudante ind\u00edgena pesquisa import\u00e2ncia da l\u00edngua materna em conclus\u00e3o de curso","datePublished":"2022-10-24T14:40:50+00:00","dateModified":"2022-10-24T14:40:52+00:00","mainEntityOfPage":{"@id":"https:\/\/jornalfatosenoticias.com.br\/index.php\/2022\/10\/24\/estudante-indigena-pesquisa-importancia-da-lingua-materna-em-conclusao-de-curso\/"},"wordCount":657,"commentCount":0,"publisher":{"@id":"https:\/\/jornalfatosenoticias.com.br\/#organization"},"image":{"@id":"https:\/\/jornalfatosenoticias.com.br\/index.php\/2022\/10\/24\/estudante-indigena-pesquisa-importancia-da-lingua-materna-em-conclusao-de-curso\/#primaryimage"},"thumbnailUrl":"https:\/\/jornalfatosenoticias.com.br\/wp-content\/uploads\/2022\/10\/Estudante-indigena1.png","keywords":["educa\u00e7\u00e3o","educa\u00e7\u00e3o ind\u00edgena","ind\u00edgena","l\u00edngua ind\u00edgena","Par\u00e1","TCC","Trabalho de Conclus\u00e3o de Curso","UFPA"],"articleSection":["Educa\u00e7\u00e3o"],"inLanguage":"pt-BR","potentialAction":[{"@type":"CommentAction","name":"Comment","target":["https:\/\/jornalfatosenoticias.com.br\/index.php\/2022\/10\/24\/estudante-indigena-pesquisa-importancia-da-lingua-materna-em-conclusao-de-curso\/#respond"]}]},{"@type":"WebPage","@id":"https:\/\/jornalfatosenoticias.com.br\/index.php\/2022\/10\/24\/estudante-indigena-pesquisa-importancia-da-lingua-materna-em-conclusao-de-curso\/","url":"https:\/\/jornalfatosenoticias.com.br\/index.php\/2022\/10\/24\/estudante-indigena-pesquisa-importancia-da-lingua-materna-em-conclusao-de-curso\/","name":"Estudante ind\u00edgena pesquisa import\u00e2ncia da l\u00edngua materna em conclus\u00e3o de curso - Jornal Fatos e Not\u00edcias","isPartOf":{"@id":"https:\/\/jornalfatosenoticias.com.br\/#website"},"primaryImageOfPage":{"@id":"https:\/\/jornalfatosenoticias.com.br\/index.php\/2022\/10\/24\/estudante-indigena-pesquisa-importancia-da-lingua-materna-em-conclusao-de-curso\/#primaryimage"},"image":{"@id":"https:\/\/jornalfatosenoticias.com.br\/index.php\/2022\/10\/24\/estudante-indigena-pesquisa-importancia-da-lingua-materna-em-conclusao-de-curso\/#primaryimage"},"thumbnailUrl":"https:\/\/jornalfatosenoticias.com.br\/wp-content\/uploads\/2022\/10\/Estudante-indigena1.png","datePublished":"2022-10-24T14:40:50+00:00","dateModified":"2022-10-24T14:40:52+00:00","breadcrumb":{"@id":"https:\/\/jornalfatosenoticias.com.br\/index.php\/2022\/10\/24\/estudante-indigena-pesquisa-importancia-da-lingua-materna-em-conclusao-de-curso\/#breadcrumb"},"inLanguage":"pt-BR","potentialAction":[{"@type":"ReadAction","target":["https:\/\/jornalfatosenoticias.com.br\/index.php\/2022\/10\/24\/estudante-indigena-pesquisa-importancia-da-lingua-materna-em-conclusao-de-curso\/"]}]},{"@type":"ImageObject","inLanguage":"pt-BR","@id":"https:\/\/jornalfatosenoticias.com.br\/index.php\/2022\/10\/24\/estudante-indigena-pesquisa-importancia-da-lingua-materna-em-conclusao-de-curso\/#primaryimage","url":"https:\/\/jornalfatosenoticias.com.br\/wp-content\/uploads\/2022\/10\/Estudante-indigena1.png","contentUrl":"https:\/\/jornalfatosenoticias.com.br\/wp-content\/uploads\/2022\/10\/Estudante-indigena1.png","width":1000,"height":567},{"@type":"BreadcrumbList","@id":"https:\/\/jornalfatosenoticias.com.br\/index.php\/2022\/10\/24\/estudante-indigena-pesquisa-importancia-da-lingua-materna-em-conclusao-de-curso\/#breadcrumb","itemListElement":[{"@type":"ListItem","position":1,"name":"In\u00edcio","item":"https:\/\/jornalfatosenoticias.com.br\/"},{"@type":"ListItem","position":2,"name":"Estudante ind\u00edgena pesquisa import\u00e2ncia da l\u00edngua materna em conclus\u00e3o de curso"}]},{"@type":"WebSite","@id":"https:\/\/jornalfatosenoticias.com.br\/#website","url":"https:\/\/jornalfatosenoticias.com.br\/","name":"Jornal Fatos e Not\u00edcias","description":"Not\u00edcias em geral","publisher":{"@id":"https:\/\/jornalfatosenoticias.com.br\/#organization"},"potentialAction":[{"@type":"SearchAction","target":{"@type":"EntryPoint","urlTemplate":"https:\/\/jornalfatosenoticias.com.br\/?s={search_term_string}"},"query-input":{"@type":"PropertyValueSpecification","valueRequired":true,"valueName":"search_term_string"}}],"inLanguage":"pt-BR"},{"@type":"Organization","@id":"https:\/\/jornalfatosenoticias.com.br\/#organization","name":"Jornal Fatos e Not\u00edcias","url":"https:\/\/jornalfatosenoticias.com.br\/","logo":{"@type":"ImageObject","inLanguage":"pt-BR","@id":"https:\/\/jornalfatosenoticias.com.br\/#\/schema\/logo\/image\/","url":"https:\/\/jornalfatosenoticias.com.br\/wp-content\/uploads\/2020\/02\/logo120.png","contentUrl":"https:\/\/jornalfatosenoticias.com.br\/wp-content\/uploads\/2020\/02\/logo120.png","width":1227,"height":120,"caption":"Jornal Fatos e Not\u00edcias"},"image":{"@id":"https:\/\/jornalfatosenoticias.com.br\/#\/schema\/logo\/image\/"}},{"@type":"Person","@id":"https:\/\/jornalfatosenoticias.com.br\/#\/schema\/person\/d63837fa13ac8666eb9e74e0985d6f81","name":"Luzimara Fernandes","image":{"@type":"ImageObject","inLanguage":"pt-BR","@id":"https:\/\/jornalfatosenoticias.com.br\/#\/schema\/person\/image\/","url":"https:\/\/jornalfatosenoticias.com.br\/wp-content\/uploads\/2025\/05\/EU_portal.jpg","contentUrl":"https:\/\/jornalfatosenoticias.com.br\/wp-content\/uploads\/2025\/05\/EU_portal.jpg","caption":"Luzimara Fernandes"},"description":"Jornalista MTB 2358-ES","sameAs":["https:\/\/jornalfatosenoticias.com.br"],"url":"https:\/\/jornalfatosenoticias.com.br\/index.php\/author\/luzimara\/"}]}},"cc_featured_image_caption":{"caption_text":"(Foto: Divulga\u00e7\u00e3o\/UFPA) ","source_text":"","source_url":""},"jetpack_featured_media_url":"https:\/\/jornalfatosenoticias.com.br\/wp-content\/uploads\/2022\/10\/Estudante-indigena1.png","_links":{"self":[{"href":"https:\/\/jornalfatosenoticias.com.br\/index.php\/wp-json\/wp\/v2\/posts\/35446","targetHints":{"allow":["GET"]}}],"collection":[{"href":"https:\/\/jornalfatosenoticias.com.br\/index.php\/wp-json\/wp\/v2\/posts"}],"about":[{"href":"https:\/\/jornalfatosenoticias.com.br\/index.php\/wp-json\/wp\/v2\/types\/post"}],"author":[{"embeddable":true,"href":"https:\/\/jornalfatosenoticias.com.br\/index.php\/wp-json\/wp\/v2\/users\/2"}],"replies":[{"embeddable":true,"href":"https:\/\/jornalfatosenoticias.com.br\/index.php\/wp-json\/wp\/v2\/comments?post=35446"}],"version-history":[{"count":0,"href":"https:\/\/jornalfatosenoticias.com.br\/index.php\/wp-json\/wp\/v2\/posts\/35446\/revisions"}],"wp:featuredmedia":[{"embeddable":true,"href":"https:\/\/jornalfatosenoticias.com.br\/index.php\/wp-json\/wp\/v2\/media\/35448"}],"wp:attachment":[{"href":"https:\/\/jornalfatosenoticias.com.br\/index.php\/wp-json\/wp\/v2\/media?parent=35446"}],"wp:term":[{"taxonomy":"category","embeddable":true,"href":"https:\/\/jornalfatosenoticias.com.br\/index.php\/wp-json\/wp\/v2\/categories?post=35446"},{"taxonomy":"post_tag","embeddable":true,"href":"https:\/\/jornalfatosenoticias.com.br\/index.php\/wp-json\/wp\/v2\/tags?post=35446"}],"curies":[{"name":"wp","href":"https:\/\/api.w.org\/{rel}","templated":true}]}}