{"id":35494,"date":"2022-10-25T10:07:20","date_gmt":"2022-10-25T13:07:20","guid":{"rendered":"https:\/\/jornalfatosenoticias.com.br\/?p=35494"},"modified":"2022-10-25T10:07:48","modified_gmt":"2022-10-25T13:07:48","slug":"festival-de-teatro-promove-encontro-de-idosos-com-o-riso-e-grandes-emocoes","status":"publish","type":"post","link":"https:\/\/jornalfatosenoticias.com.br\/index.php\/2022\/10\/25\/festival-de-teatro-promove-encontro-de-idosos-com-o-riso-e-grandes-emocoes\/","title":{"rendered":"Festival de teatro promove encontro de idosos com o riso e grandes emo\u00e7\u00f5es"},"content":{"rendered":"\n<div class=\"wp-block-image\"><figure class=\"aligncenter size-large\"><img loading=\"lazy\" decoding=\"async\" width=\"1024\" height=\"99\" src=\"https:\/\/jornalfatosenoticias.com.br\/wp-content\/uploads\/2020\/02\/Logo-Mizu-segunda-2-1024x99.png\" alt=\"\" class=\"wp-image-2353\" srcset=\"https:\/\/jornalfatosenoticias.com.br\/wp-content\/uploads\/2020\/02\/Logo-Mizu-segunda-2-1024x99.png 1024w, https:\/\/jornalfatosenoticias.com.br\/wp-content\/uploads\/2020\/02\/Logo-Mizu-segunda-2-300x29.png 300w, https:\/\/jornalfatosenoticias.com.br\/wp-content\/uploads\/2020\/02\/Logo-Mizu-segunda-2-768x74.png 768w, https:\/\/jornalfatosenoticias.com.br\/wp-content\/uploads\/2020\/02\/Logo-Mizu-segunda-2.png 1240w\" sizes=\"auto, (max-width: 1024px) 100vw, 1024px\" \/><\/figure><\/div>\n\n\n\n<p>Emo\u00e7\u00f5es, risos, abra\u00e7os, encontros e reencontros marcaram a 13\u00aa edi\u00e7\u00e3o do Encontro de Teatro do Servi\u00e7o de Conviv\u00eancia e Fortalecimento de V\u00ednculos (SCFV) para a Pessoa Idosa de Vit\u00f3ria, na sexta-feira (21). Em cena, pessoas idosas mostraram que talento pode vir de ber\u00e7o ou ser adquirido ao longo dos anos nas oficinas de teatro ofertadas nos espa\u00e7os de conviv\u00eancia de Vit\u00f3ria.<br>Um deles foi Jo\u00e3o Manoel Antunes, de 73 anos, que interpretou o cantor Roberto Carlos na pe\u00e7a &#8220;Quem n\u00e3o se comunica se trumbica&#8221;, ao lado de outros usu\u00e1rios do Servi\u00e7o de Conviv\u00eancia do Centro.<\/p>\n\n\n\n<div class=\"wp-block-image\"><figure class=\"aligncenter size-large is-resized\"><img loading=\"lazy\" decoding=\"async\" src=\"https:\/\/jornalfatosenoticias.com.br\/wp-content\/uploads\/2020\/02\/logo-clinica-limoeiro.jpg\" alt=\"\" class=\"wp-image-34610\" width=\"319\" height=\"226\"\/><\/figure><\/div>\n\n\n\n<figure class=\"wp-block-pullquote\"><blockquote><p><span class=\"has-inline-color has-luminous-vivid-orange-color\">Estar no palco \u00e9 uma emo\u00e7\u00e3o indescrit\u00edvel. Esque\u00e7o tudo. Alivia o estresse. Tenho cinco stents (aparelho usado para restaurar o fluxo sangu\u00edneo na art\u00e9ria coron\u00e1ria e trazer um ritmo normal), mas me sinto muito bem. O teatro faz parte do meu pacote de sobreviv\u00eancia&#8221;, disse Jo\u00e3o Manoel. Sobre o talento, seu Jo\u00e3o contou que desde pequeno foi o &#8220;palha\u00e7o&#8221; da fam\u00edlia. &#8220;Acho que tenho alma de artista. Acho que tenho um talento que estava adormecido, que aflorou nas oficinas de teatro&#8221;, contou Jo\u00e3o Manoel.<\/span><\/p><\/blockquote><\/figure>\n\n\n\n<div class=\"wp-block-image\"><figure class=\"aligncenter size-large\"><img loading=\"lazy\" decoding=\"async\" width=\"1024\" height=\"100\" src=\"https:\/\/jornalfatosenoticias.com.br\/wp-content\/uploads\/2022\/05\/NOVA-LOGO-CESCONETTO-1024x100.jpg\" alt=\"\" class=\"wp-image-30792\" srcset=\"https:\/\/jornalfatosenoticias.com.br\/wp-content\/uploads\/2022\/05\/NOVA-LOGO-CESCONETTO-1024x100.jpg 1024w, https:\/\/jornalfatosenoticias.com.br\/wp-content\/uploads\/2022\/05\/NOVA-LOGO-CESCONETTO-300x29.jpg 300w, https:\/\/jornalfatosenoticias.com.br\/wp-content\/uploads\/2022\/05\/NOVA-LOGO-CESCONETTO-768x75.jpg 768w, https:\/\/jornalfatosenoticias.com.br\/wp-content\/uploads\/2022\/05\/NOVA-LOGO-CESCONETTO.jpg 1280w\" sizes=\"auto, (max-width: 1024px) 100vw, 1024px\" \/><\/figure><\/div>\n\n\n\n<p>Na primeira fila do audit\u00f3rio, F\u00e1tima Marangoni, usu\u00e1ria do CCTI de Jardim da Penha, que estava acompanhada do neto Bernardo Luiz (9), deixava transparecer a alegria a cada pe\u00e7a encenada no palco. &#8220;\u00c9 a primeira vez que venho assistir. Estou maravilhada. Estou adorando. Estou surpresa com a riqueza dos trabalhos e com as encena\u00e7\u00f5es&#8221;, comentou ela.<\/p>\n\n\n\n<div class=\"wp-block-image\"><figure class=\"aligncenter size-large is-resized\"><img loading=\"lazy\" decoding=\"async\" src=\"https:\/\/jornalfatosenoticias.com.br\/wp-content\/uploads\/2022\/10\/RC_800x750_page-0001.jpg\" alt=\"\" class=\"wp-image-35338\" width=\"258\" height=\"242\" srcset=\"https:\/\/jornalfatosenoticias.com.br\/wp-content\/uploads\/2022\/10\/RC_800x750_page-0001.jpg 400w, https:\/\/jornalfatosenoticias.com.br\/wp-content\/uploads\/2022\/10\/RC_800x750_page-0001-300x281.jpg 300w\" sizes=\"auto, (max-width: 258px) 100vw, 258px\" \/><\/figure><\/div>\n\n\n\n<p>Dona Jacinta Araribe Pinto, integrante do grupo de teatro Alegria (de Jaguar\u00e9) era outra que transbordava felicidade ao lado das colegas. Ela contou que estava emocionada por poder se apresentar na d\u00e9cima terceira edi\u00e7\u00e3o do Encontro um dia ap\u00f3s completar 80 anos. &#8220;A gente se dedica muito e receber os aplausos traz muita alegria. No palco, esque\u00e7o os problemas&#8221;, contou dona Jacinta, que para chegar a vit\u00f3ria, percorreu mais de 204 quil\u00f4metros.<\/p>\n\n\n\n<div class=\"wp-block-image\"><figure class=\"aligncenter size-large\"><img loading=\"lazy\" decoding=\"async\" width=\"1024\" height=\"100\" src=\"https:\/\/jornalfatosenoticias.com.br\/wp-content\/uploads\/2020\/02\/banner_ferramentas-1024x100.jpg\" alt=\"\" class=\"wp-image-1258\" srcset=\"https:\/\/jornalfatosenoticias.com.br\/wp-content\/uploads\/2020\/02\/banner_ferramentas-1024x100.jpg 1024w, https:\/\/jornalfatosenoticias.com.br\/wp-content\/uploads\/2020\/02\/banner_ferramentas-300x29.jpg 300w, https:\/\/jornalfatosenoticias.com.br\/wp-content\/uploads\/2020\/02\/banner_ferramentas-768x75.jpg 768w, https:\/\/jornalfatosenoticias.com.br\/wp-content\/uploads\/2020\/02\/banner_ferramentas.jpg 1227w\" sizes=\"auto, (max-width: 1024px) 100vw, 1024px\" \/><\/figure><\/div>\n\n\n\n<figure class=\"wp-block-image size-large\"><img loading=\"lazy\" decoding=\"async\" width=\"1000\" height=\"666\" src=\"https:\/\/jornalfatosenoticias.com.br\/wp-content\/uploads\/2022\/10\/ENCONTRO-DE-TEATRO2.jpg\" alt=\"\" class=\"wp-image-35495\" srcset=\"https:\/\/jornalfatosenoticias.com.br\/wp-content\/uploads\/2022\/10\/ENCONTRO-DE-TEATRO2.jpg 1000w, https:\/\/jornalfatosenoticias.com.br\/wp-content\/uploads\/2022\/10\/ENCONTRO-DE-TEATRO2-300x200.jpg 300w, https:\/\/jornalfatosenoticias.com.br\/wp-content\/uploads\/2022\/10\/ENCONTRO-DE-TEATRO2-768x511.jpg 768w\" sizes=\"auto, (max-width: 1000px) 100vw, 1000px\" \/><figcaption><em><span class=\"has-inline-color has-black-color\">XIII Encontro de Teatro (Foto: Radan Brendon)<\/span><\/em><\/figcaption><\/figure>\n\n\n\n<div class=\"wp-block-image\"><figure class=\"aligncenter size-large\"><img decoding=\"async\" src=\"https:\/\/jornalfatosenoticias.com.br\/wp-content\/uploads\/2020\/02\/barao-das-carnes-300x164-1.jpg\" alt=\"\" class=\"wp-image-34339\"\/><\/figure><\/div>\n\n\n\n<p><strong><span class=\"has-inline-color has-vivid-purple-color\">O Festival<br><\/span><\/strong>O festival \u00e9 o resultado do trabalho desenvolvido com os grupos de pessoas idosas dentro do eixo participa\u00e7\u00e3o social. O Encontro reuniu 250 pessoas idosas que participam de atividades no SCFV de Vit\u00f3ria. Ao todo, s\u00e3o 69 grupos de conviv\u00eancia distribu\u00eddos nos sete equipamentos de conviv\u00eancia voltados para esse p\u00fablico na capital.<\/p>\n\n\n\n<div class=\"wp-block-image\"><figure class=\"alignright size-large is-resized\"><img loading=\"lazy\" decoding=\"async\" src=\"https:\/\/jornalfatosenoticias.com.br\/wp-content\/uploads\/2020\/02\/nova-logo-Marquetti.jpg\" alt=\"\" class=\"wp-image-22331\" width=\"295\" height=\"198\" srcset=\"https:\/\/jornalfatosenoticias.com.br\/wp-content\/uploads\/2020\/02\/nova-logo-Marquetti.jpg 643w, https:\/\/jornalfatosenoticias.com.br\/wp-content\/uploads\/2020\/02\/nova-logo-Marquetti-300x202.jpg 300w\" sizes=\"auto, (max-width: 295px) 100vw, 295px\" \/><\/figure><\/div>\n\n\n\n<p>O XIII Encontro de Teatro, promovido pela Secretaria de Assist\u00eancia Social, por meio da Ger\u00eancia de Servi\u00e7os de Conviv\u00eancia, contou tamb\u00e9m com a presen\u00e7a de um grupo de Jaguar\u00e9 e outro da Serra.<br>Para a gerente do Servi\u00e7o de Conviv\u00eancia, Cristina Silva, o evento \u00e9 mais uma a\u00e7\u00e3o focada no fortalecimento de v\u00ednculos, promo\u00e7\u00e3o da melhoria da qualidade de vida e a celebra\u00e7\u00e3o do protagonismo da pessoa idosa.<\/p>\n\n\n\n<div class=\"wp-block-image\"><figure class=\"aligncenter size-large\"><img loading=\"lazy\" decoding=\"async\" width=\"300\" height=\"250\" src=\"https:\/\/jornalfatosenoticias.com.br\/wp-content\/uploads\/2022\/08\/arte-Casarao.jpg\" alt=\"\" class=\"wp-image-33178\"\/><\/figure><\/div>\n\n\n\n<figure class=\"wp-block-pullquote\"><blockquote><p><span class=\"has-inline-color has-luminous-vivid-orange-color\">O teatro \u00e9 uma importante ferramenta para o crescimento da autoestima, a socializa\u00e7\u00e3o, o treinamento da mem\u00f3ria da pessoa idosa&#8221;, destacou Cristina.<\/span><\/p><\/blockquote><\/figure>\n\n\n\n<div class=\"wp-block-image\"><figure class=\"aligncenter size-large\"><img loading=\"lazy\" decoding=\"async\" width=\"1024\" height=\"111\" src=\"https:\/\/jornalfatosenoticias.com.br\/wp-content\/uploads\/2020\/02\/WhatsApp-Image-2022-09-23-at-12.09.18-1024x111.jpeg\" alt=\"\" class=\"wp-image-34527\" srcset=\"https:\/\/jornalfatosenoticias.com.br\/wp-content\/uploads\/2020\/02\/WhatsApp-Image-2022-09-23-at-12.09.18-1024x111.jpeg 1024w, https:\/\/jornalfatosenoticias.com.br\/wp-content\/uploads\/2020\/02\/WhatsApp-Image-2022-09-23-at-12.09.18-300x32.jpeg 300w, https:\/\/jornalfatosenoticias.com.br\/wp-content\/uploads\/2020\/02\/WhatsApp-Image-2022-09-23-at-12.09.18-768x83.jpeg 768w, https:\/\/jornalfatosenoticias.com.br\/wp-content\/uploads\/2020\/02\/WhatsApp-Image-2022-09-23-at-12.09.18.jpeg 1121w\" sizes=\"auto, (max-width: 1024px) 100vw, 1024px\" \/><\/figure><\/div>\n\n\n\n<p>A secret\u00e1ria de Assist\u00eancia Social, Cintya Schulz, destacou que o encontro \u00e9 mais uma demonstra\u00e7\u00e3o do que o trabalho da Assist\u00eancia Social promove na vida dos idosos e de suas fam\u00edlias. Trabalhamos com foco no fortalecimento v\u00ednculos familiares e comunit\u00e1rios, e com p\u00fablico priorit\u00e1rio a ser atendido. Em 2020 a edi\u00e7\u00e3o foi de forma remota e no ano passado n\u00e3o houve a Mostra de Teatro devido a pandemia, ver o audit\u00f3rio da prefeitura lotado e os idosos se encontrando e refletindo sobre temas do dia a dia foi gratificante.<\/p>\n\n\n\n<div class=\"wp-block-image\"><figure class=\"aligncenter size-large is-resized\"><img loading=\"lazy\" decoding=\"async\" src=\"https:\/\/jornalfatosenoticias.com.br\/wp-content\/uploads\/2022\/07\/Logo-Grupo-SEI.jpg\" alt=\"\" class=\"wp-image-31973\" width=\"322\" height=\"169\" srcset=\"https:\/\/jornalfatosenoticias.com.br\/wp-content\/uploads\/2022\/07\/Logo-Grupo-SEI.jpg 713w, https:\/\/jornalfatosenoticias.com.br\/wp-content\/uploads\/2022\/07\/Logo-Grupo-SEI-300x158.jpg 300w\" sizes=\"auto, (max-width: 322px) 100vw, 322px\" \/><\/figure><\/div>\n\n\n\n<p><strong><em>Fonte:<a href=\"https:\/\/www.vitoria.es.gov.br\/noticia\/festival-de-teatro-promove-encontro-de-idosos-com-o-riso-e-grandes-emocoes-46261\"> PMV<\/a><\/em><\/strong><\/p>\n","protected":false},"excerpt":{"rendered":"<p>Emo\u00e7\u00f5es, risos, abra\u00e7os, encontros e reencontros marcaram a 13\u00aa edi\u00e7\u00e3o do Encontro de Teatro do Servi\u00e7o de Conviv\u00eancia e Fortalecimento de V\u00ednculos (SCFV) para a Pessoa Idosa de Vit\u00f3ria, na sexta-feira (21). Em cena, pessoas idosas mostraram que talento pode vir de ber\u00e7o ou ser adquirido ao longo dos anos nas oficinas de teatro ofertadas [&hellip;]<\/p>\n","protected":false},"author":2,"featured_media":35496,"comment_status":"open","ping_status":"open","sticky":false,"template":"","format":"standard","meta":{"footnotes":""},"categories":[5],"tags":[16656,16657,850,2308],"class_list":["post-35494","post","type-post","status-publish","format-standard","has-post-thumbnail","hentry","category-geral","tag-festival-de-teatro","tag-grandes-emocoes","tag-idosos","tag-riso"],"yoast_head":"<!-- This site is optimized with the Yoast SEO plugin v26.5 - https:\/\/yoast.com\/wordpress\/plugins\/seo\/ -->\n<title>Festival de teatro promove encontro de idosos com o riso e grandes emo\u00e7\u00f5es - Jornal Fatos e Not\u00edcias<\/title>\n<meta name=\"robots\" content=\"index, follow, max-snippet:-1, max-image-preview:large, max-video-preview:-1\" \/>\n<link rel=\"canonical\" href=\"https:\/\/jornalfatosenoticias.com.br\/index.php\/2022\/10\/25\/festival-de-teatro-promove-encontro-de-idosos-com-o-riso-e-grandes-emocoes\/\" \/>\n<meta property=\"og:locale\" content=\"pt_BR\" \/>\n<meta property=\"og:type\" content=\"article\" \/>\n<meta property=\"og:title\" content=\"Festival de teatro promove encontro de idosos com o riso e grandes emo\u00e7\u00f5es - Jornal Fatos e Not\u00edcias\" \/>\n<meta property=\"og:description\" content=\"Emo\u00e7\u00f5es, risos, abra\u00e7os, encontros e reencontros marcaram a 13\u00aa edi\u00e7\u00e3o do Encontro de Teatro do Servi\u00e7o de Conviv\u00eancia e Fortalecimento de V\u00ednculos (SCFV) para a Pessoa Idosa de Vit\u00f3ria, na sexta-feira (21). Em cena, pessoas idosas mostraram que talento pode vir de ber\u00e7o ou ser adquirido ao longo dos anos nas oficinas de teatro ofertadas [&hellip;]\" \/>\n<meta property=\"og:url\" content=\"https:\/\/jornalfatosenoticias.com.br\/index.php\/2022\/10\/25\/festival-de-teatro-promove-encontro-de-idosos-com-o-riso-e-grandes-emocoes\/\" \/>\n<meta property=\"og:site_name\" content=\"Jornal Fatos e Not\u00edcias\" \/>\n<meta property=\"article:published_time\" content=\"2022-10-25T13:07:20+00:00\" \/>\n<meta property=\"article:modified_time\" content=\"2022-10-25T13:07:48+00:00\" \/>\n<meta property=\"og:image\" content=\"https:\/\/jornalfatosenoticias.com.br\/wp-content\/uploads\/2022\/10\/ENCONTRO-DE-TEATRO1.jpg\" \/>\n\t<meta property=\"og:image:width\" content=\"1000\" \/>\n\t<meta property=\"og:image:height\" content=\"638\" \/>\n\t<meta property=\"og:image:type\" content=\"image\/jpeg\" \/>\n<meta name=\"author\" content=\"Luzimara Fernandes\" \/>\n<meta name=\"twitter:card\" content=\"summary_large_image\" \/>\n<meta name=\"twitter:label1\" content=\"Escrito por\" \/>\n\t<meta name=\"twitter:data1\" content=\"Luzimara Fernandes\" \/>\n\t<meta name=\"twitter:label2\" content=\"Est. tempo de leitura\" \/>\n\t<meta name=\"twitter:data2\" content=\"3 minutos\" \/>\n<script type=\"application\/ld+json\" class=\"yoast-schema-graph\">{\"@context\":\"https:\/\/schema.org\",\"@graph\":[{\"@type\":\"Article\",\"@id\":\"https:\/\/jornalfatosenoticias.com.br\/index.php\/2022\/10\/25\/festival-de-teatro-promove-encontro-de-idosos-com-o-riso-e-grandes-emocoes\/#article\",\"isPartOf\":{\"@id\":\"https:\/\/jornalfatosenoticias.com.br\/index.php\/2022\/10\/25\/festival-de-teatro-promove-encontro-de-idosos-com-o-riso-e-grandes-emocoes\/\"},\"author\":{\"name\":\"Luzimara Fernandes\",\"@id\":\"https:\/\/jornalfatosenoticias.com.br\/#\/schema\/person\/d63837fa13ac8666eb9e74e0985d6f81\"},\"headline\":\"Festival de teatro promove encontro de idosos com o riso e grandes emo\u00e7\u00f5es\",\"datePublished\":\"2022-10-25T13:07:20+00:00\",\"dateModified\":\"2022-10-25T13:07:48+00:00\",\"mainEntityOfPage\":{\"@id\":\"https:\/\/jornalfatosenoticias.com.br\/index.php\/2022\/10\/25\/festival-de-teatro-promove-encontro-de-idosos-com-o-riso-e-grandes-emocoes\/\"},\"wordCount\":621,\"commentCount\":0,\"publisher\":{\"@id\":\"https:\/\/jornalfatosenoticias.com.br\/#organization\"},\"image\":{\"@id\":\"https:\/\/jornalfatosenoticias.com.br\/index.php\/2022\/10\/25\/festival-de-teatro-promove-encontro-de-idosos-com-o-riso-e-grandes-emocoes\/#primaryimage\"},\"thumbnailUrl\":\"https:\/\/jornalfatosenoticias.com.br\/wp-content\/uploads\/2022\/10\/ENCONTRO-DE-TEATRO1.jpg\",\"keywords\":[\"festival de teatro\",\"grandes emo\u00e7\u00f5es\",\"idosos\",\"riso\"],\"articleSection\":[\"Geral\"],\"inLanguage\":\"pt-BR\",\"potentialAction\":[{\"@type\":\"CommentAction\",\"name\":\"Comment\",\"target\":[\"https:\/\/jornalfatosenoticias.com.br\/index.php\/2022\/10\/25\/festival-de-teatro-promove-encontro-de-idosos-com-o-riso-e-grandes-emocoes\/#respond\"]}]},{\"@type\":\"WebPage\",\"@id\":\"https:\/\/jornalfatosenoticias.com.br\/index.php\/2022\/10\/25\/festival-de-teatro-promove-encontro-de-idosos-com-o-riso-e-grandes-emocoes\/\",\"url\":\"https:\/\/jornalfatosenoticias.com.br\/index.php\/2022\/10\/25\/festival-de-teatro-promove-encontro-de-idosos-com-o-riso-e-grandes-emocoes\/\",\"name\":\"Festival de teatro promove encontro de idosos com o riso e grandes emo\u00e7\u00f5es - Jornal Fatos e Not\u00edcias\",\"isPartOf\":{\"@id\":\"https:\/\/jornalfatosenoticias.com.br\/#website\"},\"primaryImageOfPage\":{\"@id\":\"https:\/\/jornalfatosenoticias.com.br\/index.php\/2022\/10\/25\/festival-de-teatro-promove-encontro-de-idosos-com-o-riso-e-grandes-emocoes\/#primaryimage\"},\"image\":{\"@id\":\"https:\/\/jornalfatosenoticias.com.br\/index.php\/2022\/10\/25\/festival-de-teatro-promove-encontro-de-idosos-com-o-riso-e-grandes-emocoes\/#primaryimage\"},\"thumbnailUrl\":\"https:\/\/jornalfatosenoticias.com.br\/wp-content\/uploads\/2022\/10\/ENCONTRO-DE-TEATRO1.jpg\",\"datePublished\":\"2022-10-25T13:07:20+00:00\",\"dateModified\":\"2022-10-25T13:07:48+00:00\",\"breadcrumb\":{\"@id\":\"https:\/\/jornalfatosenoticias.com.br\/index.php\/2022\/10\/25\/festival-de-teatro-promove-encontro-de-idosos-com-o-riso-e-grandes-emocoes\/#breadcrumb\"},\"inLanguage\":\"pt-BR\",\"potentialAction\":[{\"@type\":\"ReadAction\",\"target\":[\"https:\/\/jornalfatosenoticias.com.br\/index.php\/2022\/10\/25\/festival-de-teatro-promove-encontro-de-idosos-com-o-riso-e-grandes-emocoes\/\"]}]},{\"@type\":\"ImageObject\",\"inLanguage\":\"pt-BR\",\"@id\":\"https:\/\/jornalfatosenoticias.com.br\/index.php\/2022\/10\/25\/festival-de-teatro-promove-encontro-de-idosos-com-o-riso-e-grandes-emocoes\/#primaryimage\",\"url\":\"https:\/\/jornalfatosenoticias.com.br\/wp-content\/uploads\/2022\/10\/ENCONTRO-DE-TEATRO1.jpg\",\"contentUrl\":\"https:\/\/jornalfatosenoticias.com.br\/wp-content\/uploads\/2022\/10\/ENCONTRO-DE-TEATRO1.jpg\",\"width\":1000,\"height\":638,\"caption\":\"Encontro de Teatro do SCFV para a Pessoa Idosa de Vit\u00f3ria\"},{\"@type\":\"BreadcrumbList\",\"@id\":\"https:\/\/jornalfatosenoticias.com.br\/index.php\/2022\/10\/25\/festival-de-teatro-promove-encontro-de-idosos-com-o-riso-e-grandes-emocoes\/#breadcrumb\",\"itemListElement\":[{\"@type\":\"ListItem\",\"position\":1,\"name\":\"In\u00edcio\",\"item\":\"https:\/\/jornalfatosenoticias.com.br\/\"},{\"@type\":\"ListItem\",\"position\":2,\"name\":\"Festival de teatro promove encontro de idosos com o riso e grandes emo\u00e7\u00f5es\"}]},{\"@type\":\"WebSite\",\"@id\":\"https:\/\/jornalfatosenoticias.com.br\/#website\",\"url\":\"https:\/\/jornalfatosenoticias.com.br\/\",\"name\":\"Jornal Fatos e Not\u00edcias\",\"description\":\"Not\u00edcias em geral\",\"publisher\":{\"@id\":\"https:\/\/jornalfatosenoticias.com.br\/#organization\"},\"potentialAction\":[{\"@type\":\"SearchAction\",\"target\":{\"@type\":\"EntryPoint\",\"urlTemplate\":\"https:\/\/jornalfatosenoticias.com.br\/?s={search_term_string}\"},\"query-input\":{\"@type\":\"PropertyValueSpecification\",\"valueRequired\":true,\"valueName\":\"search_term_string\"}}],\"inLanguage\":\"pt-BR\"},{\"@type\":\"Organization\",\"@id\":\"https:\/\/jornalfatosenoticias.com.br\/#organization\",\"name\":\"Jornal Fatos e Not\u00edcias\",\"url\":\"https:\/\/jornalfatosenoticias.com.br\/\",\"logo\":{\"@type\":\"ImageObject\",\"inLanguage\":\"pt-BR\",\"@id\":\"https:\/\/jornalfatosenoticias.com.br\/#\/schema\/logo\/image\/\",\"url\":\"https:\/\/jornalfatosenoticias.com.br\/wp-content\/uploads\/2020\/02\/logo120.png\",\"contentUrl\":\"https:\/\/jornalfatosenoticias.com.br\/wp-content\/uploads\/2020\/02\/logo120.png\",\"width\":1227,\"height\":120,\"caption\":\"Jornal Fatos e Not\u00edcias\"},\"image\":{\"@id\":\"https:\/\/jornalfatosenoticias.com.br\/#\/schema\/logo\/image\/\"}},{\"@type\":\"Person\",\"@id\":\"https:\/\/jornalfatosenoticias.com.br\/#\/schema\/person\/d63837fa13ac8666eb9e74e0985d6f81\",\"name\":\"Luzimara Fernandes\",\"image\":{\"@type\":\"ImageObject\",\"inLanguage\":\"pt-BR\",\"@id\":\"https:\/\/jornalfatosenoticias.com.br\/#\/schema\/person\/image\/\",\"url\":\"https:\/\/jornalfatosenoticias.com.br\/wp-content\/uploads\/2025\/05\/EU_portal.jpg\",\"contentUrl\":\"https:\/\/jornalfatosenoticias.com.br\/wp-content\/uploads\/2025\/05\/EU_portal.jpg\",\"caption\":\"Luzimara Fernandes\"},\"description\":\"Jornalista MTB 2358-ES\",\"sameAs\":[\"https:\/\/jornalfatosenoticias.com.br\"],\"url\":\"https:\/\/jornalfatosenoticias.com.br\/index.php\/author\/luzimara\/\"}]}<\/script>\n<!-- \/ Yoast SEO plugin. -->","yoast_head_json":{"title":"Festival de teatro promove encontro de idosos com o riso e grandes emo\u00e7\u00f5es - Jornal Fatos e Not\u00edcias","robots":{"index":"index","follow":"follow","max-snippet":"max-snippet:-1","max-image-preview":"max-image-preview:large","max-video-preview":"max-video-preview:-1"},"canonical":"https:\/\/jornalfatosenoticias.com.br\/index.php\/2022\/10\/25\/festival-de-teatro-promove-encontro-de-idosos-com-o-riso-e-grandes-emocoes\/","og_locale":"pt_BR","og_type":"article","og_title":"Festival de teatro promove encontro de idosos com o riso e grandes emo\u00e7\u00f5es - Jornal Fatos e Not\u00edcias","og_description":"Emo\u00e7\u00f5es, risos, abra\u00e7os, encontros e reencontros marcaram a 13\u00aa edi\u00e7\u00e3o do Encontro de Teatro do Servi\u00e7o de Conviv\u00eancia e Fortalecimento de V\u00ednculos (SCFV) para a Pessoa Idosa de Vit\u00f3ria, na sexta-feira (21). Em cena, pessoas idosas mostraram que talento pode vir de ber\u00e7o ou ser adquirido ao longo dos anos nas oficinas de teatro ofertadas [&hellip;]","og_url":"https:\/\/jornalfatosenoticias.com.br\/index.php\/2022\/10\/25\/festival-de-teatro-promove-encontro-de-idosos-com-o-riso-e-grandes-emocoes\/","og_site_name":"Jornal Fatos e Not\u00edcias","article_published_time":"2022-10-25T13:07:20+00:00","article_modified_time":"2022-10-25T13:07:48+00:00","og_image":[{"width":1000,"height":638,"url":"https:\/\/jornalfatosenoticias.com.br\/wp-content\/uploads\/2022\/10\/ENCONTRO-DE-TEATRO1.jpg","type":"image\/jpeg"}],"author":"Luzimara Fernandes","twitter_card":"summary_large_image","twitter_misc":{"Escrito por":"Luzimara Fernandes","Est. tempo de leitura":"3 minutos"},"schema":{"@context":"https:\/\/schema.org","@graph":[{"@type":"Article","@id":"https:\/\/jornalfatosenoticias.com.br\/index.php\/2022\/10\/25\/festival-de-teatro-promove-encontro-de-idosos-com-o-riso-e-grandes-emocoes\/#article","isPartOf":{"@id":"https:\/\/jornalfatosenoticias.com.br\/index.php\/2022\/10\/25\/festival-de-teatro-promove-encontro-de-idosos-com-o-riso-e-grandes-emocoes\/"},"author":{"name":"Luzimara Fernandes","@id":"https:\/\/jornalfatosenoticias.com.br\/#\/schema\/person\/d63837fa13ac8666eb9e74e0985d6f81"},"headline":"Festival de teatro promove encontro de idosos com o riso e grandes emo\u00e7\u00f5es","datePublished":"2022-10-25T13:07:20+00:00","dateModified":"2022-10-25T13:07:48+00:00","mainEntityOfPage":{"@id":"https:\/\/jornalfatosenoticias.com.br\/index.php\/2022\/10\/25\/festival-de-teatro-promove-encontro-de-idosos-com-o-riso-e-grandes-emocoes\/"},"wordCount":621,"commentCount":0,"publisher":{"@id":"https:\/\/jornalfatosenoticias.com.br\/#organization"},"image":{"@id":"https:\/\/jornalfatosenoticias.com.br\/index.php\/2022\/10\/25\/festival-de-teatro-promove-encontro-de-idosos-com-o-riso-e-grandes-emocoes\/#primaryimage"},"thumbnailUrl":"https:\/\/jornalfatosenoticias.com.br\/wp-content\/uploads\/2022\/10\/ENCONTRO-DE-TEATRO1.jpg","keywords":["festival de teatro","grandes emo\u00e7\u00f5es","idosos","riso"],"articleSection":["Geral"],"inLanguage":"pt-BR","potentialAction":[{"@type":"CommentAction","name":"Comment","target":["https:\/\/jornalfatosenoticias.com.br\/index.php\/2022\/10\/25\/festival-de-teatro-promove-encontro-de-idosos-com-o-riso-e-grandes-emocoes\/#respond"]}]},{"@type":"WebPage","@id":"https:\/\/jornalfatosenoticias.com.br\/index.php\/2022\/10\/25\/festival-de-teatro-promove-encontro-de-idosos-com-o-riso-e-grandes-emocoes\/","url":"https:\/\/jornalfatosenoticias.com.br\/index.php\/2022\/10\/25\/festival-de-teatro-promove-encontro-de-idosos-com-o-riso-e-grandes-emocoes\/","name":"Festival de teatro promove encontro de idosos com o riso e grandes emo\u00e7\u00f5es - Jornal Fatos e Not\u00edcias","isPartOf":{"@id":"https:\/\/jornalfatosenoticias.com.br\/#website"},"primaryImageOfPage":{"@id":"https:\/\/jornalfatosenoticias.com.br\/index.php\/2022\/10\/25\/festival-de-teatro-promove-encontro-de-idosos-com-o-riso-e-grandes-emocoes\/#primaryimage"},"image":{"@id":"https:\/\/jornalfatosenoticias.com.br\/index.php\/2022\/10\/25\/festival-de-teatro-promove-encontro-de-idosos-com-o-riso-e-grandes-emocoes\/#primaryimage"},"thumbnailUrl":"https:\/\/jornalfatosenoticias.com.br\/wp-content\/uploads\/2022\/10\/ENCONTRO-DE-TEATRO1.jpg","datePublished":"2022-10-25T13:07:20+00:00","dateModified":"2022-10-25T13:07:48+00:00","breadcrumb":{"@id":"https:\/\/jornalfatosenoticias.com.br\/index.php\/2022\/10\/25\/festival-de-teatro-promove-encontro-de-idosos-com-o-riso-e-grandes-emocoes\/#breadcrumb"},"inLanguage":"pt-BR","potentialAction":[{"@type":"ReadAction","target":["https:\/\/jornalfatosenoticias.com.br\/index.php\/2022\/10\/25\/festival-de-teatro-promove-encontro-de-idosos-com-o-riso-e-grandes-emocoes\/"]}]},{"@type":"ImageObject","inLanguage":"pt-BR","@id":"https:\/\/jornalfatosenoticias.com.br\/index.php\/2022\/10\/25\/festival-de-teatro-promove-encontro-de-idosos-com-o-riso-e-grandes-emocoes\/#primaryimage","url":"https:\/\/jornalfatosenoticias.com.br\/wp-content\/uploads\/2022\/10\/ENCONTRO-DE-TEATRO1.jpg","contentUrl":"https:\/\/jornalfatosenoticias.com.br\/wp-content\/uploads\/2022\/10\/ENCONTRO-DE-TEATRO1.jpg","width":1000,"height":638,"caption":"Encontro de Teatro do SCFV para a Pessoa Idosa de Vit\u00f3ria"},{"@type":"BreadcrumbList","@id":"https:\/\/jornalfatosenoticias.com.br\/index.php\/2022\/10\/25\/festival-de-teatro-promove-encontro-de-idosos-com-o-riso-e-grandes-emocoes\/#breadcrumb","itemListElement":[{"@type":"ListItem","position":1,"name":"In\u00edcio","item":"https:\/\/jornalfatosenoticias.com.br\/"},{"@type":"ListItem","position":2,"name":"Festival de teatro promove encontro de idosos com o riso e grandes emo\u00e7\u00f5es"}]},{"@type":"WebSite","@id":"https:\/\/jornalfatosenoticias.com.br\/#website","url":"https:\/\/jornalfatosenoticias.com.br\/","name":"Jornal Fatos e Not\u00edcias","description":"Not\u00edcias em geral","publisher":{"@id":"https:\/\/jornalfatosenoticias.com.br\/#organization"},"potentialAction":[{"@type":"SearchAction","target":{"@type":"EntryPoint","urlTemplate":"https:\/\/jornalfatosenoticias.com.br\/?s={search_term_string}"},"query-input":{"@type":"PropertyValueSpecification","valueRequired":true,"valueName":"search_term_string"}}],"inLanguage":"pt-BR"},{"@type":"Organization","@id":"https:\/\/jornalfatosenoticias.com.br\/#organization","name":"Jornal Fatos e Not\u00edcias","url":"https:\/\/jornalfatosenoticias.com.br\/","logo":{"@type":"ImageObject","inLanguage":"pt-BR","@id":"https:\/\/jornalfatosenoticias.com.br\/#\/schema\/logo\/image\/","url":"https:\/\/jornalfatosenoticias.com.br\/wp-content\/uploads\/2020\/02\/logo120.png","contentUrl":"https:\/\/jornalfatosenoticias.com.br\/wp-content\/uploads\/2020\/02\/logo120.png","width":1227,"height":120,"caption":"Jornal Fatos e Not\u00edcias"},"image":{"@id":"https:\/\/jornalfatosenoticias.com.br\/#\/schema\/logo\/image\/"}},{"@type":"Person","@id":"https:\/\/jornalfatosenoticias.com.br\/#\/schema\/person\/d63837fa13ac8666eb9e74e0985d6f81","name":"Luzimara Fernandes","image":{"@type":"ImageObject","inLanguage":"pt-BR","@id":"https:\/\/jornalfatosenoticias.com.br\/#\/schema\/person\/image\/","url":"https:\/\/jornalfatosenoticias.com.br\/wp-content\/uploads\/2025\/05\/EU_portal.jpg","contentUrl":"https:\/\/jornalfatosenoticias.com.br\/wp-content\/uploads\/2025\/05\/EU_portal.jpg","caption":"Luzimara Fernandes"},"description":"Jornalista MTB 2358-ES","sameAs":["https:\/\/jornalfatosenoticias.com.br"],"url":"https:\/\/jornalfatosenoticias.com.br\/index.php\/author\/luzimara\/"}]}},"cc_featured_image_caption":{"caption_text":"(Foto: Divulga\u00e7\u00e3o) ","source_text":"","source_url":""},"jetpack_featured_media_url":"https:\/\/jornalfatosenoticias.com.br\/wp-content\/uploads\/2022\/10\/ENCONTRO-DE-TEATRO1.jpg","_links":{"self":[{"href":"https:\/\/jornalfatosenoticias.com.br\/index.php\/wp-json\/wp\/v2\/posts\/35494","targetHints":{"allow":["GET"]}}],"collection":[{"href":"https:\/\/jornalfatosenoticias.com.br\/index.php\/wp-json\/wp\/v2\/posts"}],"about":[{"href":"https:\/\/jornalfatosenoticias.com.br\/index.php\/wp-json\/wp\/v2\/types\/post"}],"author":[{"embeddable":true,"href":"https:\/\/jornalfatosenoticias.com.br\/index.php\/wp-json\/wp\/v2\/users\/2"}],"replies":[{"embeddable":true,"href":"https:\/\/jornalfatosenoticias.com.br\/index.php\/wp-json\/wp\/v2\/comments?post=35494"}],"version-history":[{"count":0,"href":"https:\/\/jornalfatosenoticias.com.br\/index.php\/wp-json\/wp\/v2\/posts\/35494\/revisions"}],"wp:featuredmedia":[{"embeddable":true,"href":"https:\/\/jornalfatosenoticias.com.br\/index.php\/wp-json\/wp\/v2\/media\/35496"}],"wp:attachment":[{"href":"https:\/\/jornalfatosenoticias.com.br\/index.php\/wp-json\/wp\/v2\/media?parent=35494"}],"wp:term":[{"taxonomy":"category","embeddable":true,"href":"https:\/\/jornalfatosenoticias.com.br\/index.php\/wp-json\/wp\/v2\/categories?post=35494"},{"taxonomy":"post_tag","embeddable":true,"href":"https:\/\/jornalfatosenoticias.com.br\/index.php\/wp-json\/wp\/v2\/tags?post=35494"}],"curies":[{"name":"wp","href":"https:\/\/api.w.org\/{rel}","templated":true}]}}