{"id":35498,"date":"2022-10-25T10:21:31","date_gmt":"2022-10-25T13:21:31","guid":{"rendered":"https:\/\/jornalfatosenoticias.com.br\/?p=35498"},"modified":"2022-10-25T10:21:31","modified_gmt":"2022-10-25T13:21:31","slug":"casa-e-impressa-com-terra-babosa-e-clara-de-ovo-em-sete-semanas","status":"publish","type":"post","link":"https:\/\/jornalfatosenoticias.com.br\/index.php\/2022\/10\/25\/casa-e-impressa-com-terra-babosa-e-clara-de-ovo-em-sete-semanas\/","title":{"rendered":"Casa \u00e9 impressa com terra, babosa e clara de ovo em sete semanas"},"content":{"rendered":"\n<p><em><span class=\"has-inline-color has-black-color\">Projeto usou 100% de materiais locais, com desperd\u00edcio zero e com a emiss\u00e3o de carbono praticamente nula<\/span><\/em><\/p>\n\n\n\n<div class=\"wp-block-image\"><figure class=\"aligncenter size-large\"><img loading=\"lazy\" decoding=\"async\" width=\"1024\" height=\"99\" src=\"https:\/\/jornalfatosenoticias.com.br\/wp-content\/uploads\/2020\/02\/Logo-Mizu-segunda-2-1024x99.png\" alt=\"\" class=\"wp-image-2353\" srcset=\"https:\/\/jornalfatosenoticias.com.br\/wp-content\/uploads\/2020\/02\/Logo-Mizu-segunda-2-1024x99.png 1024w, https:\/\/jornalfatosenoticias.com.br\/wp-content\/uploads\/2020\/02\/Logo-Mizu-segunda-2-300x29.png 300w, https:\/\/jornalfatosenoticias.com.br\/wp-content\/uploads\/2020\/02\/Logo-Mizu-segunda-2-768x74.png 768w, https:\/\/jornalfatosenoticias.com.br\/wp-content\/uploads\/2020\/02\/Logo-Mizu-segunda-2.png 1240w\" sizes=\"auto, (max-width: 1024px) 100vw, 1024px\" \/><\/figure><\/div>\n\n\n\n<p>Unindo novas e velhas t\u00e9cnicas construtivas, os pesquisadores do Instituto de Arquitetura Avan\u00e7ada da Catalunha (IAAC) ergueram uma pequena estrutura de terra com impress\u00e3o 3D. \u00c9 o primeiro projeto do tipo realizado na Espanha.<\/p>\n\n\n\n<div class=\"wp-block-image\"><figure class=\"aligncenter size-large is-resized\"><img loading=\"lazy\" decoding=\"async\" src=\"https:\/\/jornalfatosenoticias.com.br\/wp-content\/uploads\/2020\/02\/logo-Panper_portal.jpg\" alt=\"\" class=\"wp-image-34474\" width=\"315\" height=\"218\" srcset=\"https:\/\/jornalfatosenoticias.com.br\/wp-content\/uploads\/2020\/02\/logo-Panper_portal.jpg 400w, https:\/\/jornalfatosenoticias.com.br\/wp-content\/uploads\/2020\/02\/logo-Panper_portal-300x208.jpg 300w\" sizes=\"auto, (max-width: 315px) 100vw, 315px\" \/><\/figure><\/div>\n\n\n\n<figure class=\"wp-block-pullquote\"><blockquote><p><span class=\"has-inline-color has-luminous-vivid-orange-color\">Trata-se de um prot\u00f3tipo que representa a ponte entre o passado \u2013 arquitetura vernacular de barro \u2014 e o futuro \u2014 tecnologia de impress\u00e3o 3D em larga escala \u2014 que n\u00e3o s\u00f3 servir\u00e1 para mudar a arquitetura do futuro, mas tamb\u00e9m ser\u00e1 muito \u00fatil para enfrentar o clima atual e a crise habitacional em todo o mundo\u201d, afirma o Instituto.<\/span><\/p><\/blockquote><\/figure>\n\n\n\n<div class=\"wp-block-image\"><figure class=\"alignleft size-large is-resized\"><img loading=\"lazy\" decoding=\"async\" src=\"https:\/\/jornalfatosenoticias.com.br\/wp-content\/uploads\/2022\/02\/Precisao-Contabilidade-1024x724.jpg\" alt=\"\" class=\"wp-image-28088\" width=\"327\" height=\"230\"\/><\/figure><\/div>\n\n\n\n<p>Apelidado de TOVA, a constru\u00e7\u00e3o \u00e9 composta por terra e \u00e1gua obtidos no local, misturados com aditivos e enzimas. Segundo a equipe respons\u00e1vel, foi realizada uma investiga\u00e7\u00e3o das propriedades do solo para atingir a mistura adequada em percentuais de argila e \u00e1gua. Desta forma, se garantiu a integridade estrutural e a elasticidade do material necess\u00e1rias para a <a href=\"https:\/\/ciclovivo.com.br\/inovacao\/inspiracao\/projeto-transforma-bitucas-de-praias-em-filamentos-compostaveis\/\" target=\"_blank\" rel=\"noreferrer noopener\">impress\u00e3o<\/a>\u00a03D otimizada.<br>J\u00e1 a funda\u00e7\u00e3o foi feita de geopol\u00edmero e o telhado de madeira. Para garantir a durabilidade e resist\u00eancia \u00e0s diferentes condi\u00e7\u00f5es ambientais, foi adicionado um revestimento <a href=\"https:\/\/ciclovivo.com.br\/arq-urb\/design\/xpresole-bota-impermeavel-borra-de-cafe\/\" target=\"_blank\" rel=\"noreferrer noopener\">imperme\u00e1vel<\/a>, utilizando mat\u00e9rias-primas como babosa e clara de ovo.<\/p>\n\n\n\n<div class=\"wp-block-image\"><figure class=\"aligncenter size-large\"><img loading=\"lazy\" decoding=\"async\" width=\"1024\" height=\"110\" src=\"https:\/\/jornalfatosenoticias.com.br\/wp-content\/uploads\/2022\/10\/Arte-jornal-Zucchi-1120x120_Prancheta-1-1024x110.jpg\" alt=\"\" class=\"wp-image-34772\" srcset=\"https:\/\/jornalfatosenoticias.com.br\/wp-content\/uploads\/2022\/10\/Arte-jornal-Zucchi-1120x120_Prancheta-1-1024x110.jpg 1024w, https:\/\/jornalfatosenoticias.com.br\/wp-content\/uploads\/2022\/10\/Arte-jornal-Zucchi-1120x120_Prancheta-1-300x32.jpg 300w, https:\/\/jornalfatosenoticias.com.br\/wp-content\/uploads\/2022\/10\/Arte-jornal-Zucchi-1120x120_Prancheta-1-768x82.jpg 768w, https:\/\/jornalfatosenoticias.com.br\/wp-content\/uploads\/2022\/10\/Arte-jornal-Zucchi-1120x120_Prancheta-1-1536x165.jpg 1536w, https:\/\/jornalfatosenoticias.com.br\/wp-content\/uploads\/2022\/10\/Arte-jornal-Zucchi-1120x120_Prancheta-1-2048x219.jpg 2048w\" sizes=\"auto, (max-width: 1024px) 100vw, 1024px\" \/><\/figure><\/div>\n\n\n\n<figure class=\"wp-block-image size-large\"><img loading=\"lazy\" decoding=\"async\" width=\"1000\" height=\"777\" src=\"https:\/\/jornalfatosenoticias.com.br\/wp-content\/uploads\/2022\/10\/casa-impressa-com-terra-babosa-e-clara-de-ovo3.jpg\" alt=\"\" class=\"wp-image-35499\" srcset=\"https:\/\/jornalfatosenoticias.com.br\/wp-content\/uploads\/2022\/10\/casa-impressa-com-terra-babosa-e-clara-de-ovo3.jpg 1000w, https:\/\/jornalfatosenoticias.com.br\/wp-content\/uploads\/2022\/10\/casa-impressa-com-terra-babosa-e-clara-de-ovo3-300x233.jpg 300w, https:\/\/jornalfatosenoticias.com.br\/wp-content\/uploads\/2022\/10\/casa-impressa-com-terra-babosa-e-clara-de-ovo3-768x597.jpg 768w\" sizes=\"auto, (max-width: 1000px) 100vw, 1000px\" \/><figcaption><em><span class=\"has-inline-color has-black-color\">(Foto: Gregori Civera\/Mehdi Harrak)<\/span><\/em><\/figcaption><\/figure>\n\n\n\n<div class=\"wp-block-image\"><figure class=\"aligncenter size-large is-resized\"><img loading=\"lazy\" decoding=\"async\" src=\"https:\/\/jornalfatosenoticias.com.br\/wp-content\/uploads\/2020\/02\/casa-do-torresmo_portal.jpg\" alt=\"\" class=\"wp-image-34472\" width=\"266\" height=\"266\" srcset=\"https:\/\/jornalfatosenoticias.com.br\/wp-content\/uploads\/2020\/02\/casa-do-torresmo_portal.jpg 300w, https:\/\/jornalfatosenoticias.com.br\/wp-content\/uploads\/2020\/02\/casa-do-torresmo_portal-150x150.jpg 150w\" sizes=\"auto, (max-width: 266px) 100vw, 266px\" \/><\/figure><\/div>\n\n\n\n<figure class=\"wp-block-pullquote\"><blockquote><p><span class=\"has-inline-color has-luminous-vivid-orange-color\">As paredes s\u00e3o projetadas para serem contraventadas com juntas em \u2018T\u2019 e \u2018L\u2019, em vez de linhas retas. O espa\u00e7o interior fechado \u00e9 habit\u00e1vel, resistente \u00e0s intemp\u00e9ries e adaptado climaticamente pelas v\u00e1rias interven\u00e7\u00f5es de design\u201d, explica a equipe do projeto.<\/span><\/p><\/blockquote><\/figure>\n\n\n\n<div class=\"wp-block-image\"><figure class=\"alignright size-large is-resized\"><img loading=\"lazy\" decoding=\"async\" src=\"https:\/\/jornalfatosenoticias.com.br\/wp-content\/uploads\/2020\/02\/logo-embacia.jpg\" alt=\"\" class=\"wp-image-33905\" width=\"245\" height=\"245\"\/><\/figure><\/div>\n\n\n\n<p>Todo o processo buscou eliminar desperd\u00edcios e emiss\u00f5es poluentes. Exemplo disso, \u00e9 que os materiais aplicados foram adquiridos em um raio de 50 metros. A constru\u00e7\u00e3o de <a href=\"https:\/\/ciclovivo.com.br\/planeta\/crise-climatica\/dinamarca-faz-acordo-historico-para-taxar-carbono-das-empresas\/\" target=\"_blank\" rel=\"noreferrer noopener\">baixo carbono<\/a>\u00a0\u00e9 hoje um ponto crucial, uma vez que os atuais m\u00e9todos construtivos s\u00e3o respons\u00e1veis por 38% do total das emiss\u00f5es globais de CO\u2082 relacionadas \u00e0 energia.<br>Outro fator relevante \u00e9 que o desenho do edif\u00edcio levou em considera\u00e7\u00e3o as condi\u00e7\u00f5es clim\u00e1ticas do Mediterr\u00e2neo. O volume \u00e9 compacto para proteger do frio no <a href=\"https:\/\/ciclovivo.com.br\/arq-urb\/arquitetura\/com-persianas-de-madeira-casa-inverno\/\" target=\"_blank\" rel=\"noreferrer noopener\">inverno<\/a>, mas expans\u00edvel durante as outras tr\u00eas esta\u00e7\u00f5es do ano. As paredes s\u00e3o compostas por uma rede de cavidades que cont\u00eam o fluxo de ar e permitem um \u00f3timo\u00a0<a href=\"https:\/\/ciclovivo.com.br\/inovacao\/negocios\/casca-de-coco-pode-substituir-isopor-como-isolante-termico\/\" target=\"_blank\" rel=\"noreferrer noopener\">isolamento<\/a> para evitar perdas de calor no inverno e proteger da radia\u00e7\u00e3o solar no ver\u00e3o.<\/p>\n\n\n\n<div class=\"wp-block-image\"><figure class=\"aligncenter size-large is-resized\"><img loading=\"lazy\" decoding=\"async\" src=\"https:\/\/jornalfatosenoticias.com.br\/wp-content\/uploads\/2022\/08\/logo-locau-veiculos-1024x573.png\" alt=\"\" class=\"wp-image-33078\" width=\"305\" height=\"170\"\/><\/figure><\/div>\n\n\n\n<p>A constru\u00e7\u00e3o levou sete semanas para ficar pronta, sendo realizada no Parque Collserola em <a href=\"https:\/\/ciclovivo.com.br\/planeta\/crise-climatica\/cabras-e-ovelhas-ajudam-a-prevenir-incendios-em-barcelona\/\" target=\"_blank\" rel=\"noreferrer noopener\">Barcelona<\/a>, nos arredores do Valldaura Labs (centro de pesquisa), por um grupo de estudantes e profissionais do programa de p\u00f3s-gradua\u00e7\u00e3o em Arquitetura de Impress\u00e3o 3D do Instituto de Arquitetura Avan\u00e7ada da Catalunha (IAAC).<\/p>\n\n\n\n<div class=\"wp-block-image\"><figure class=\"aligncenter size-large\"><img loading=\"lazy\" decoding=\"async\" width=\"1024\" height=\"103\" src=\"https:\/\/jornalfatosenoticias.com.br\/wp-content\/uploads\/2022\/02\/Arte-Autoescola-Galatas_endereco_portal-1024x103.png\" alt=\"\" class=\"wp-image-27869\" srcset=\"https:\/\/jornalfatosenoticias.com.br\/wp-content\/uploads\/2022\/02\/Arte-Autoescola-Galatas_endereco_portal-1024x103.png 1024w, https:\/\/jornalfatosenoticias.com.br\/wp-content\/uploads\/2022\/02\/Arte-Autoescola-Galatas_endereco_portal-300x30.png 300w, https:\/\/jornalfatosenoticias.com.br\/wp-content\/uploads\/2022\/02\/Arte-Autoescola-Galatas_endereco_portal-768x77.png 768w, https:\/\/jornalfatosenoticias.com.br\/wp-content\/uploads\/2022\/02\/Arte-Autoescola-Galatas_endereco_portal.png 1223w\" sizes=\"auto, (max-width: 1024px) 100vw, 1024px\" \/><\/figure><\/div>\n\n\n\n<p><strong><span class=\"has-inline-color has-vivid-green-cyan-color\">Novas constru\u00e7\u00f5es para um novo mundo<br><\/span><\/strong>Com apenas 9m\u00b2, TOVA \u00e9 um prot\u00f3tipo cuja ambi\u00e7\u00e3o \u00e9 ser um exemplo de habita\u00e7\u00e3o sustent\u00e1vel que poderia ser constru\u00edda em qualquer lugar do mundo. O sistema construtivo, r\u00e1pido e com uso de <a href=\"https:\/\/ciclovivo.com.br\/vida-sustentavel\/minimalismo\/casa-minimalista-materiais-locais-reciclados\/\" target=\"_blank\" rel=\"noreferrer noopener\">materiais locais<\/a>, poderia ser aplicado para garantir acesso \u00e0 habita\u00e7\u00e3o em \u00e1reas vulner\u00e1veis ou assentamentos tempor\u00e1rios, por exemplo. O sistema de impress\u00e3o 3D permite desenvolver edifica\u00e7\u00f5es personaliz\u00e1veis para diferentes usos. <\/p>\n\n\n\n<div class=\"wp-block-image\"><figure class=\"aligncenter size-large\"><img decoding=\"async\" src=\"https:\/\/jornalfatosenoticias.com.br\/wp-content\/uploads\/2020\/02\/Serra-Grande-1024x160.png\" alt=\"\" class=\"wp-image-7836\"\/><\/figure><\/div>\n\n\n\n<figure class=\"wp-block-image size-large\"><img loading=\"lazy\" decoding=\"async\" width=\"1000\" height=\"777\" src=\"https:\/\/jornalfatosenoticias.com.br\/wp-content\/uploads\/2022\/10\/casa-impressa-com-terra-babosa-e-clara-de-ovo2.jpg\" alt=\"\" class=\"wp-image-35500\" srcset=\"https:\/\/jornalfatosenoticias.com.br\/wp-content\/uploads\/2022\/10\/casa-impressa-com-terra-babosa-e-clara-de-ovo2.jpg 1000w, https:\/\/jornalfatosenoticias.com.br\/wp-content\/uploads\/2022\/10\/casa-impressa-com-terra-babosa-e-clara-de-ovo2-300x233.jpg 300w, https:\/\/jornalfatosenoticias.com.br\/wp-content\/uploads\/2022\/10\/casa-impressa-com-terra-babosa-e-clara-de-ovo2-768x597.jpg 768w\" sizes=\"auto, (max-width: 1000px) 100vw, 1000px\" \/><figcaption><em><span class=\"has-inline-color has-black-color\">(Foto: Gregori Civera\/Mehdi Harrak)<\/span><\/em><\/figcaption><\/figure>\n\n\n\n<div class=\"wp-block-image\"><figure class=\"aligncenter size-large is-resized\"><img loading=\"lazy\" decoding=\"async\" src=\"https:\/\/jornalfatosenoticias.com.br\/wp-content\/uploads\/2020\/02\/logo-clinica-limoeiro.jpg\" alt=\"\" class=\"wp-image-34610\" width=\"265\" height=\"188\"\/><\/figure><\/div>\n\n\n\n<figure class=\"wp-block-pullquote\"><blockquote><p><span class=\"has-inline-color has-luminous-vivid-orange-color\">As aplica\u00e7\u00f5es poss\u00edveis deste modelo de constru\u00e7\u00e3o s\u00e3o infinitas; desde casas, a espa\u00e7os p\u00fablicos, interiores e exteriores. Em combina\u00e7\u00e3o com outros sistemas construtivos, pode acomodar edif\u00edcios complexos e inovadores que reduziriam o impacto ambiental que a constru\u00e7\u00e3o atualmente acarreta\u201d, exemplifica o Instituto espanhol.<\/span><\/p><\/blockquote><\/figure>\n\n\n\n<div class=\"wp-block-image\"><figure class=\"aligncenter size-large\"><img decoding=\"async\" src=\"https:\/\/jornalfatosenoticias.com.br\/wp-content\/uploads\/2020\/02\/logo_esteio.jpg\" alt=\"\" class=\"wp-image-1214\"\/><\/figure><\/div>\n\n\n\n<p>A IAAC est\u00e1 em constante pesquisa de projetos arquitet\u00f4nicos replic\u00e1veis que atendam \u00e0s necessidades urbanas gerando menos impacto ambiental. Exemplo disso \u00e9 a\u00a0<a href=\"https:\/\/ciclovivo.com.br\/arq-urb\/arquitetura\/estufa-que-gera-alimentos-e-energia-solar-e-criada-por-estudantes\/\" target=\"_blank\" rel=\"noreferrer noopener\">estufa solar<\/a> que produz alimentos e energia ao mesmo tempo, desenvolvida por estudantes deste mesmo Instituto.<\/p>\n\n\n\n<div class=\"wp-block-image\"><figure class=\"aligncenter size-large\"><img loading=\"lazy\" decoding=\"async\" width=\"1024\" height=\"100\" src=\"https:\/\/jornalfatosenoticias.com.br\/wp-content\/uploads\/2020\/02\/banner_ferramentas-1024x100.jpg\" alt=\"\" class=\"wp-image-1258\" srcset=\"https:\/\/jornalfatosenoticias.com.br\/wp-content\/uploads\/2020\/02\/banner_ferramentas-1024x100.jpg 1024w, https:\/\/jornalfatosenoticias.com.br\/wp-content\/uploads\/2020\/02\/banner_ferramentas-300x29.jpg 300w, https:\/\/jornalfatosenoticias.com.br\/wp-content\/uploads\/2020\/02\/banner_ferramentas-768x75.jpg 768w, https:\/\/jornalfatosenoticias.com.br\/wp-content\/uploads\/2020\/02\/banner_ferramentas.jpg 1227w\" sizes=\"auto, (max-width: 1024px) 100vw, 1024px\" \/><\/figure><\/div>\n\n\n\n<p>A TOVA foi constru\u00edda em parceria com a WASP, empresa de engenharia e constru\u00e7\u00e3o respons\u00e1vel por desenvolver um <a href=\"https:\/\/ciclovivo.com.br\/arq-urb\/arquitetura\/casa-e-impressa-em-3d-com-argila-local\/\" target=\"_blank\" rel=\"noreferrer noopener\">projeto semelhante \u2013 confira<\/a>.<\/p>\n\n\n\n<p><strong><em>Fonte: <a href=\"https:\/\/ciclovivo.com.br\/arq-urb\/arquitetura\/casa-3d-arquitetura-impressa-terra-7-semanas\/\">CicloVivo<\/a><\/em><\/strong><\/p>\n","protected":false},"excerpt":{"rendered":"<p>Projeto usou 100% de materiais locais, com desperd\u00edcio zero e com a emiss\u00e3o de carbono praticamente nula Unindo novas e velhas t\u00e9cnicas construtivas, os pesquisadores do Instituto de Arquitetura Avan\u00e7ada da Catalunha (IAAC) ergueram uma pequena estrutura de terra com impress\u00e3o 3D. \u00c9 o primeiro projeto do tipo realizado na Espanha. Trata-se de um prot\u00f3tipo [&hellip;]<\/p>\n","protected":false},"author":2,"featured_media":35501,"comment_status":"open","ping_status":"open","sticky":false,"template":"","format":"standard","meta":{"footnotes":""},"categories":[744],"tags":[16658,16661,7324,16659],"class_list":["post-35498","post","type-post","status-publish","format-standard","has-post-thumbnail","hentry","category-arq-urbanismo","tag-arquitetura-3d","tag-babosa-e-clara-de-ovo","tag-casa-3d","tag-casa-impressa"],"yoast_head":"<!-- This site is optimized with the Yoast SEO plugin v26.5 - https:\/\/yoast.com\/wordpress\/plugins\/seo\/ -->\n<title>Casa \u00e9 impressa com terra, babosa e clara de ovo em sete semanas - Jornal Fatos e Not\u00edcias<\/title>\n<meta name=\"robots\" content=\"index, follow, max-snippet:-1, max-image-preview:large, max-video-preview:-1\" \/>\n<link rel=\"canonical\" href=\"https:\/\/jornalfatosenoticias.com.br\/index.php\/2022\/10\/25\/casa-e-impressa-com-terra-babosa-e-clara-de-ovo-em-sete-semanas\/\" \/>\n<meta property=\"og:locale\" content=\"pt_BR\" \/>\n<meta property=\"og:type\" content=\"article\" \/>\n<meta property=\"og:title\" content=\"Casa \u00e9 impressa com terra, babosa e clara de ovo em sete semanas - Jornal Fatos e Not\u00edcias\" \/>\n<meta property=\"og:description\" content=\"Projeto usou 100% de materiais locais, com desperd\u00edcio zero e com a emiss\u00e3o de carbono praticamente nula Unindo novas e velhas t\u00e9cnicas construtivas, os pesquisadores do Instituto de Arquitetura Avan\u00e7ada da Catalunha (IAAC) ergueram uma pequena estrutura de terra com impress\u00e3o 3D. \u00c9 o primeiro projeto do tipo realizado na Espanha. Trata-se de um prot\u00f3tipo [&hellip;]\" \/>\n<meta property=\"og:url\" content=\"https:\/\/jornalfatosenoticias.com.br\/index.php\/2022\/10\/25\/casa-e-impressa-com-terra-babosa-e-clara-de-ovo-em-sete-semanas\/\" \/>\n<meta property=\"og:site_name\" content=\"Jornal Fatos e Not\u00edcias\" \/>\n<meta property=\"article:published_time\" content=\"2022-10-25T13:21:31+00:00\" \/>\n<meta property=\"og:image\" content=\"https:\/\/jornalfatosenoticias.com.br\/wp-content\/uploads\/2022\/10\/casa-impressa-com-terra-babosa-e-clara-de-ovo.jpg\" \/>\n\t<meta property=\"og:image:width\" content=\"1000\" \/>\n\t<meta property=\"og:image:height\" content=\"708\" \/>\n\t<meta property=\"og:image:type\" content=\"image\/jpeg\" \/>\n<meta name=\"author\" content=\"Luzimara Fernandes\" \/>\n<meta name=\"twitter:card\" content=\"summary_large_image\" \/>\n<meta name=\"twitter:label1\" content=\"Escrito por\" \/>\n\t<meta name=\"twitter:data1\" content=\"Luzimara Fernandes\" \/>\n\t<meta name=\"twitter:label2\" content=\"Est. tempo de leitura\" \/>\n\t<meta name=\"twitter:data2\" content=\"3 minutos\" \/>\n<script type=\"application\/ld+json\" class=\"yoast-schema-graph\">{\"@context\":\"https:\/\/schema.org\",\"@graph\":[{\"@type\":\"Article\",\"@id\":\"https:\/\/jornalfatosenoticias.com.br\/index.php\/2022\/10\/25\/casa-e-impressa-com-terra-babosa-e-clara-de-ovo-em-sete-semanas\/#article\",\"isPartOf\":{\"@id\":\"https:\/\/jornalfatosenoticias.com.br\/index.php\/2022\/10\/25\/casa-e-impressa-com-terra-babosa-e-clara-de-ovo-em-sete-semanas\/\"},\"author\":{\"name\":\"Luzimara Fernandes\",\"@id\":\"https:\/\/jornalfatosenoticias.com.br\/#\/schema\/person\/d63837fa13ac8666eb9e74e0985d6f81\"},\"headline\":\"Casa \u00e9 impressa com terra, babosa e clara de ovo em sete semanas\",\"datePublished\":\"2022-10-25T13:21:31+00:00\",\"mainEntityOfPage\":{\"@id\":\"https:\/\/jornalfatosenoticias.com.br\/index.php\/2022\/10\/25\/casa-e-impressa-com-terra-babosa-e-clara-de-ovo-em-sete-semanas\/\"},\"wordCount\":672,\"commentCount\":0,\"publisher\":{\"@id\":\"https:\/\/jornalfatosenoticias.com.br\/#organization\"},\"image\":{\"@id\":\"https:\/\/jornalfatosenoticias.com.br\/index.php\/2022\/10\/25\/casa-e-impressa-com-terra-babosa-e-clara-de-ovo-em-sete-semanas\/#primaryimage\"},\"thumbnailUrl\":\"https:\/\/jornalfatosenoticias.com.br\/wp-content\/uploads\/2022\/10\/casa-impressa-com-terra-babosa-e-clara-de-ovo.jpg\",\"keywords\":[\"arquitetura 3D\",\"babosa e clara de ovo\",\"Casa 3D\",\"casa impressa\"],\"articleSection\":[\"Arq &amp; Urb\"],\"inLanguage\":\"pt-BR\",\"potentialAction\":[{\"@type\":\"CommentAction\",\"name\":\"Comment\",\"target\":[\"https:\/\/jornalfatosenoticias.com.br\/index.php\/2022\/10\/25\/casa-e-impressa-com-terra-babosa-e-clara-de-ovo-em-sete-semanas\/#respond\"]}]},{\"@type\":\"WebPage\",\"@id\":\"https:\/\/jornalfatosenoticias.com.br\/index.php\/2022\/10\/25\/casa-e-impressa-com-terra-babosa-e-clara-de-ovo-em-sete-semanas\/\",\"url\":\"https:\/\/jornalfatosenoticias.com.br\/index.php\/2022\/10\/25\/casa-e-impressa-com-terra-babosa-e-clara-de-ovo-em-sete-semanas\/\",\"name\":\"Casa \u00e9 impressa com terra, babosa e clara de ovo em sete semanas - Jornal Fatos e Not\u00edcias\",\"isPartOf\":{\"@id\":\"https:\/\/jornalfatosenoticias.com.br\/#website\"},\"primaryImageOfPage\":{\"@id\":\"https:\/\/jornalfatosenoticias.com.br\/index.php\/2022\/10\/25\/casa-e-impressa-com-terra-babosa-e-clara-de-ovo-em-sete-semanas\/#primaryimage\"},\"image\":{\"@id\":\"https:\/\/jornalfatosenoticias.com.br\/index.php\/2022\/10\/25\/casa-e-impressa-com-terra-babosa-e-clara-de-ovo-em-sete-semanas\/#primaryimage\"},\"thumbnailUrl\":\"https:\/\/jornalfatosenoticias.com.br\/wp-content\/uploads\/2022\/10\/casa-impressa-com-terra-babosa-e-clara-de-ovo.jpg\",\"datePublished\":\"2022-10-25T13:21:31+00:00\",\"breadcrumb\":{\"@id\":\"https:\/\/jornalfatosenoticias.com.br\/index.php\/2022\/10\/25\/casa-e-impressa-com-terra-babosa-e-clara-de-ovo-em-sete-semanas\/#breadcrumb\"},\"inLanguage\":\"pt-BR\",\"potentialAction\":[{\"@type\":\"ReadAction\",\"target\":[\"https:\/\/jornalfatosenoticias.com.br\/index.php\/2022\/10\/25\/casa-e-impressa-com-terra-babosa-e-clara-de-ovo-em-sete-semanas\/\"]}]},{\"@type\":\"ImageObject\",\"inLanguage\":\"pt-BR\",\"@id\":\"https:\/\/jornalfatosenoticias.com.br\/index.php\/2022\/10\/25\/casa-e-impressa-com-terra-babosa-e-clara-de-ovo-em-sete-semanas\/#primaryimage\",\"url\":\"https:\/\/jornalfatosenoticias.com.br\/wp-content\/uploads\/2022\/10\/casa-impressa-com-terra-babosa-e-clara-de-ovo.jpg\",\"contentUrl\":\"https:\/\/jornalfatosenoticias.com.br\/wp-content\/uploads\/2022\/10\/casa-impressa-com-terra-babosa-e-clara-de-ovo.jpg\",\"width\":1000,\"height\":708},{\"@type\":\"BreadcrumbList\",\"@id\":\"https:\/\/jornalfatosenoticias.com.br\/index.php\/2022\/10\/25\/casa-e-impressa-com-terra-babosa-e-clara-de-ovo-em-sete-semanas\/#breadcrumb\",\"itemListElement\":[{\"@type\":\"ListItem\",\"position\":1,\"name\":\"In\u00edcio\",\"item\":\"https:\/\/jornalfatosenoticias.com.br\/\"},{\"@type\":\"ListItem\",\"position\":2,\"name\":\"Casa \u00e9 impressa com terra, babosa e clara de ovo em sete semanas\"}]},{\"@type\":\"WebSite\",\"@id\":\"https:\/\/jornalfatosenoticias.com.br\/#website\",\"url\":\"https:\/\/jornalfatosenoticias.com.br\/\",\"name\":\"Jornal Fatos e Not\u00edcias\",\"description\":\"Not\u00edcias em geral\",\"publisher\":{\"@id\":\"https:\/\/jornalfatosenoticias.com.br\/#organization\"},\"potentialAction\":[{\"@type\":\"SearchAction\",\"target\":{\"@type\":\"EntryPoint\",\"urlTemplate\":\"https:\/\/jornalfatosenoticias.com.br\/?s={search_term_string}\"},\"query-input\":{\"@type\":\"PropertyValueSpecification\",\"valueRequired\":true,\"valueName\":\"search_term_string\"}}],\"inLanguage\":\"pt-BR\"},{\"@type\":\"Organization\",\"@id\":\"https:\/\/jornalfatosenoticias.com.br\/#organization\",\"name\":\"Jornal Fatos e Not\u00edcias\",\"url\":\"https:\/\/jornalfatosenoticias.com.br\/\",\"logo\":{\"@type\":\"ImageObject\",\"inLanguage\":\"pt-BR\",\"@id\":\"https:\/\/jornalfatosenoticias.com.br\/#\/schema\/logo\/image\/\",\"url\":\"https:\/\/jornalfatosenoticias.com.br\/wp-content\/uploads\/2020\/02\/logo120.png\",\"contentUrl\":\"https:\/\/jornalfatosenoticias.com.br\/wp-content\/uploads\/2020\/02\/logo120.png\",\"width\":1227,\"height\":120,\"caption\":\"Jornal Fatos e Not\u00edcias\"},\"image\":{\"@id\":\"https:\/\/jornalfatosenoticias.com.br\/#\/schema\/logo\/image\/\"}},{\"@type\":\"Person\",\"@id\":\"https:\/\/jornalfatosenoticias.com.br\/#\/schema\/person\/d63837fa13ac8666eb9e74e0985d6f81\",\"name\":\"Luzimara Fernandes\",\"image\":{\"@type\":\"ImageObject\",\"inLanguage\":\"pt-BR\",\"@id\":\"https:\/\/jornalfatosenoticias.com.br\/#\/schema\/person\/image\/\",\"url\":\"https:\/\/jornalfatosenoticias.com.br\/wp-content\/uploads\/2025\/05\/EU_portal.jpg\",\"contentUrl\":\"https:\/\/jornalfatosenoticias.com.br\/wp-content\/uploads\/2025\/05\/EU_portal.jpg\",\"caption\":\"Luzimara Fernandes\"},\"description\":\"Jornalista MTB 2358-ES\",\"sameAs\":[\"https:\/\/jornalfatosenoticias.com.br\"],\"url\":\"https:\/\/jornalfatosenoticias.com.br\/index.php\/author\/luzimara\/\"}]}<\/script>\n<!-- \/ Yoast SEO plugin. -->","yoast_head_json":{"title":"Casa \u00e9 impressa com terra, babosa e clara de ovo em sete semanas - Jornal Fatos e Not\u00edcias","robots":{"index":"index","follow":"follow","max-snippet":"max-snippet:-1","max-image-preview":"max-image-preview:large","max-video-preview":"max-video-preview:-1"},"canonical":"https:\/\/jornalfatosenoticias.com.br\/index.php\/2022\/10\/25\/casa-e-impressa-com-terra-babosa-e-clara-de-ovo-em-sete-semanas\/","og_locale":"pt_BR","og_type":"article","og_title":"Casa \u00e9 impressa com terra, babosa e clara de ovo em sete semanas - Jornal Fatos e Not\u00edcias","og_description":"Projeto usou 100% de materiais locais, com desperd\u00edcio zero e com a emiss\u00e3o de carbono praticamente nula Unindo novas e velhas t\u00e9cnicas construtivas, os pesquisadores do Instituto de Arquitetura Avan\u00e7ada da Catalunha (IAAC) ergueram uma pequena estrutura de terra com impress\u00e3o 3D. \u00c9 o primeiro projeto do tipo realizado na Espanha. Trata-se de um prot\u00f3tipo [&hellip;]","og_url":"https:\/\/jornalfatosenoticias.com.br\/index.php\/2022\/10\/25\/casa-e-impressa-com-terra-babosa-e-clara-de-ovo-em-sete-semanas\/","og_site_name":"Jornal Fatos e Not\u00edcias","article_published_time":"2022-10-25T13:21:31+00:00","og_image":[{"width":1000,"height":708,"url":"https:\/\/jornalfatosenoticias.com.br\/wp-content\/uploads\/2022\/10\/casa-impressa-com-terra-babosa-e-clara-de-ovo.jpg","type":"image\/jpeg"}],"author":"Luzimara Fernandes","twitter_card":"summary_large_image","twitter_misc":{"Escrito por":"Luzimara Fernandes","Est. tempo de leitura":"3 minutos"},"schema":{"@context":"https:\/\/schema.org","@graph":[{"@type":"Article","@id":"https:\/\/jornalfatosenoticias.com.br\/index.php\/2022\/10\/25\/casa-e-impressa-com-terra-babosa-e-clara-de-ovo-em-sete-semanas\/#article","isPartOf":{"@id":"https:\/\/jornalfatosenoticias.com.br\/index.php\/2022\/10\/25\/casa-e-impressa-com-terra-babosa-e-clara-de-ovo-em-sete-semanas\/"},"author":{"name":"Luzimara Fernandes","@id":"https:\/\/jornalfatosenoticias.com.br\/#\/schema\/person\/d63837fa13ac8666eb9e74e0985d6f81"},"headline":"Casa \u00e9 impressa com terra, babosa e clara de ovo em sete semanas","datePublished":"2022-10-25T13:21:31+00:00","mainEntityOfPage":{"@id":"https:\/\/jornalfatosenoticias.com.br\/index.php\/2022\/10\/25\/casa-e-impressa-com-terra-babosa-e-clara-de-ovo-em-sete-semanas\/"},"wordCount":672,"commentCount":0,"publisher":{"@id":"https:\/\/jornalfatosenoticias.com.br\/#organization"},"image":{"@id":"https:\/\/jornalfatosenoticias.com.br\/index.php\/2022\/10\/25\/casa-e-impressa-com-terra-babosa-e-clara-de-ovo-em-sete-semanas\/#primaryimage"},"thumbnailUrl":"https:\/\/jornalfatosenoticias.com.br\/wp-content\/uploads\/2022\/10\/casa-impressa-com-terra-babosa-e-clara-de-ovo.jpg","keywords":["arquitetura 3D","babosa e clara de ovo","Casa 3D","casa impressa"],"articleSection":["Arq &amp; Urb"],"inLanguage":"pt-BR","potentialAction":[{"@type":"CommentAction","name":"Comment","target":["https:\/\/jornalfatosenoticias.com.br\/index.php\/2022\/10\/25\/casa-e-impressa-com-terra-babosa-e-clara-de-ovo-em-sete-semanas\/#respond"]}]},{"@type":"WebPage","@id":"https:\/\/jornalfatosenoticias.com.br\/index.php\/2022\/10\/25\/casa-e-impressa-com-terra-babosa-e-clara-de-ovo-em-sete-semanas\/","url":"https:\/\/jornalfatosenoticias.com.br\/index.php\/2022\/10\/25\/casa-e-impressa-com-terra-babosa-e-clara-de-ovo-em-sete-semanas\/","name":"Casa \u00e9 impressa com terra, babosa e clara de ovo em sete semanas - Jornal Fatos e Not\u00edcias","isPartOf":{"@id":"https:\/\/jornalfatosenoticias.com.br\/#website"},"primaryImageOfPage":{"@id":"https:\/\/jornalfatosenoticias.com.br\/index.php\/2022\/10\/25\/casa-e-impressa-com-terra-babosa-e-clara-de-ovo-em-sete-semanas\/#primaryimage"},"image":{"@id":"https:\/\/jornalfatosenoticias.com.br\/index.php\/2022\/10\/25\/casa-e-impressa-com-terra-babosa-e-clara-de-ovo-em-sete-semanas\/#primaryimage"},"thumbnailUrl":"https:\/\/jornalfatosenoticias.com.br\/wp-content\/uploads\/2022\/10\/casa-impressa-com-terra-babosa-e-clara-de-ovo.jpg","datePublished":"2022-10-25T13:21:31+00:00","breadcrumb":{"@id":"https:\/\/jornalfatosenoticias.com.br\/index.php\/2022\/10\/25\/casa-e-impressa-com-terra-babosa-e-clara-de-ovo-em-sete-semanas\/#breadcrumb"},"inLanguage":"pt-BR","potentialAction":[{"@type":"ReadAction","target":["https:\/\/jornalfatosenoticias.com.br\/index.php\/2022\/10\/25\/casa-e-impressa-com-terra-babosa-e-clara-de-ovo-em-sete-semanas\/"]}]},{"@type":"ImageObject","inLanguage":"pt-BR","@id":"https:\/\/jornalfatosenoticias.com.br\/index.php\/2022\/10\/25\/casa-e-impressa-com-terra-babosa-e-clara-de-ovo-em-sete-semanas\/#primaryimage","url":"https:\/\/jornalfatosenoticias.com.br\/wp-content\/uploads\/2022\/10\/casa-impressa-com-terra-babosa-e-clara-de-ovo.jpg","contentUrl":"https:\/\/jornalfatosenoticias.com.br\/wp-content\/uploads\/2022\/10\/casa-impressa-com-terra-babosa-e-clara-de-ovo.jpg","width":1000,"height":708},{"@type":"BreadcrumbList","@id":"https:\/\/jornalfatosenoticias.com.br\/index.php\/2022\/10\/25\/casa-e-impressa-com-terra-babosa-e-clara-de-ovo-em-sete-semanas\/#breadcrumb","itemListElement":[{"@type":"ListItem","position":1,"name":"In\u00edcio","item":"https:\/\/jornalfatosenoticias.com.br\/"},{"@type":"ListItem","position":2,"name":"Casa \u00e9 impressa com terra, babosa e clara de ovo em sete semanas"}]},{"@type":"WebSite","@id":"https:\/\/jornalfatosenoticias.com.br\/#website","url":"https:\/\/jornalfatosenoticias.com.br\/","name":"Jornal Fatos e Not\u00edcias","description":"Not\u00edcias em geral","publisher":{"@id":"https:\/\/jornalfatosenoticias.com.br\/#organization"},"potentialAction":[{"@type":"SearchAction","target":{"@type":"EntryPoint","urlTemplate":"https:\/\/jornalfatosenoticias.com.br\/?s={search_term_string}"},"query-input":{"@type":"PropertyValueSpecification","valueRequired":true,"valueName":"search_term_string"}}],"inLanguage":"pt-BR"},{"@type":"Organization","@id":"https:\/\/jornalfatosenoticias.com.br\/#organization","name":"Jornal Fatos e Not\u00edcias","url":"https:\/\/jornalfatosenoticias.com.br\/","logo":{"@type":"ImageObject","inLanguage":"pt-BR","@id":"https:\/\/jornalfatosenoticias.com.br\/#\/schema\/logo\/image\/","url":"https:\/\/jornalfatosenoticias.com.br\/wp-content\/uploads\/2020\/02\/logo120.png","contentUrl":"https:\/\/jornalfatosenoticias.com.br\/wp-content\/uploads\/2020\/02\/logo120.png","width":1227,"height":120,"caption":"Jornal Fatos e Not\u00edcias"},"image":{"@id":"https:\/\/jornalfatosenoticias.com.br\/#\/schema\/logo\/image\/"}},{"@type":"Person","@id":"https:\/\/jornalfatosenoticias.com.br\/#\/schema\/person\/d63837fa13ac8666eb9e74e0985d6f81","name":"Luzimara Fernandes","image":{"@type":"ImageObject","inLanguage":"pt-BR","@id":"https:\/\/jornalfatosenoticias.com.br\/#\/schema\/person\/image\/","url":"https:\/\/jornalfatosenoticias.com.br\/wp-content\/uploads\/2025\/05\/EU_portal.jpg","contentUrl":"https:\/\/jornalfatosenoticias.com.br\/wp-content\/uploads\/2025\/05\/EU_portal.jpg","caption":"Luzimara Fernandes"},"description":"Jornalista MTB 2358-ES","sameAs":["https:\/\/jornalfatosenoticias.com.br"],"url":"https:\/\/jornalfatosenoticias.com.br\/index.php\/author\/luzimara\/"}]}},"cc_featured_image_caption":{"caption_text":"(Foto: Gregori Civera\/Mehdi Harrak) ","source_text":"","source_url":""},"jetpack_featured_media_url":"https:\/\/jornalfatosenoticias.com.br\/wp-content\/uploads\/2022\/10\/casa-impressa-com-terra-babosa-e-clara-de-ovo.jpg","_links":{"self":[{"href":"https:\/\/jornalfatosenoticias.com.br\/index.php\/wp-json\/wp\/v2\/posts\/35498","targetHints":{"allow":["GET"]}}],"collection":[{"href":"https:\/\/jornalfatosenoticias.com.br\/index.php\/wp-json\/wp\/v2\/posts"}],"about":[{"href":"https:\/\/jornalfatosenoticias.com.br\/index.php\/wp-json\/wp\/v2\/types\/post"}],"author":[{"embeddable":true,"href":"https:\/\/jornalfatosenoticias.com.br\/index.php\/wp-json\/wp\/v2\/users\/2"}],"replies":[{"embeddable":true,"href":"https:\/\/jornalfatosenoticias.com.br\/index.php\/wp-json\/wp\/v2\/comments?post=35498"}],"version-history":[{"count":0,"href":"https:\/\/jornalfatosenoticias.com.br\/index.php\/wp-json\/wp\/v2\/posts\/35498\/revisions"}],"wp:featuredmedia":[{"embeddable":true,"href":"https:\/\/jornalfatosenoticias.com.br\/index.php\/wp-json\/wp\/v2\/media\/35501"}],"wp:attachment":[{"href":"https:\/\/jornalfatosenoticias.com.br\/index.php\/wp-json\/wp\/v2\/media?parent=35498"}],"wp:term":[{"taxonomy":"category","embeddable":true,"href":"https:\/\/jornalfatosenoticias.com.br\/index.php\/wp-json\/wp\/v2\/categories?post=35498"},{"taxonomy":"post_tag","embeddable":true,"href":"https:\/\/jornalfatosenoticias.com.br\/index.php\/wp-json\/wp\/v2\/tags?post=35498"}],"curies":[{"name":"wp","href":"https:\/\/api.w.org\/{rel}","templated":true}]}}