{"id":3552,"date":"2020-04-23T16:41:27","date_gmt":"2020-04-23T19:41:27","guid":{"rendered":"https:\/\/jornalfatosenoticias.com.br\/?p=3552"},"modified":"2020-04-23T16:41:31","modified_gmt":"2020-04-23T19:41:31","slug":"vereadora-de-fundao-preocupada-com-condicoes-precarias-das-estradas-rurais","status":"publish","type":"post","link":"https:\/\/jornalfatosenoticias.com.br\/index.php\/2020\/04\/23\/vereadora-de-fundao-preocupada-com-condicoes-precarias-das-estradas-rurais\/","title":{"rendered":"Vereadora de Fund\u00e3o preocupada com condi\u00e7\u00f5es prec\u00e1rias das estradas rurais"},"content":{"rendered":"\n<p>S\u00f4nia Steins anda atenta \u00e0 popula\u00e7\u00e3o rural da cidade. Segundo ela, est\u00e1 chegando o per\u00edodo da colheita do caf\u00e9 e os produtores est\u00e3o preocupados com manuten\u00e7\u00e3o das estradas para o escoamento da produ\u00e7\u00e3o. \u201cAndo preocupada com a \u201cpanha\u201d do caf\u00e9, nossos produtores est\u00e3o sem saber como ficar\u00e3o as estradas, t\u00e3o necess\u00e1rias para esse per\u00edodo e que est\u00e3o em situa\u00e7\u00e3o lastim\u00e1vel\u201d, frisou a vereadora.<\/p>\n","protected":false},"excerpt":{"rendered":"<p>S\u00f4nia Steins anda atenta \u00e0 popula\u00e7\u00e3o rural da cidade. Segundo ela, est\u00e1 chegando o per\u00edodo da colheita do caf\u00e9 e os produtores est\u00e3o preocupados com manuten\u00e7\u00e3o das estradas para o escoamento da produ\u00e7\u00e3o. \u201cAndo preocupada com a \u201cpanha\u201d do caf\u00e9, nossos produtores est\u00e3o sem saber como ficar\u00e3o as estradas, t\u00e3o necess\u00e1rias para esse per\u00edodo e [&hellip;]<\/p>\n","protected":false},"author":3,"featured_media":3553,"comment_status":"open","ping_status":"open","sticky":false,"template":"","format":"standard","meta":{"footnotes":""},"categories":[10],"tags":[1980,1978,1981,1979,1280],"class_list":["post-3552","post","type-post","status-publish","format-standard","has-post-thumbnail","hentry","category-politica","tag-escoamento","tag-estradas-rurais","tag-manutencao","tag-precariedade","tag-producao"],"yoast_head":"<!-- This site is optimized with the Yoast SEO plugin v26.5 - https:\/\/yoast.com\/wordpress\/plugins\/seo\/ -->\n<title>Vereadora de Fund\u00e3o preocupada com condi\u00e7\u00f5es prec\u00e1rias das estradas rurais - Jornal Fatos e Not\u00edcias<\/title>\n<meta name=\"robots\" content=\"index, follow, max-snippet:-1, max-image-preview:large, max-video-preview:-1\" \/>\n<link rel=\"canonical\" href=\"https:\/\/jornalfatosenoticias.com.br\/index.php\/2020\/04\/23\/vereadora-de-fundao-preocupada-com-condicoes-precarias-das-estradas-rurais\/\" \/>\n<meta property=\"og:locale\" content=\"pt_BR\" \/>\n<meta property=\"og:type\" content=\"article\" \/>\n<meta property=\"og:title\" content=\"Vereadora de Fund\u00e3o preocupada com condi\u00e7\u00f5es prec\u00e1rias das estradas rurais - Jornal Fatos e Not\u00edcias\" \/>\n<meta property=\"og:description\" content=\"S\u00f4nia Steins anda atenta \u00e0 popula\u00e7\u00e3o rural da cidade. Segundo ela, est\u00e1 chegando o per\u00edodo da colheita do caf\u00e9 e os produtores est\u00e3o preocupados com manuten\u00e7\u00e3o das estradas para o escoamento da produ\u00e7\u00e3o. \u201cAndo preocupada com a \u201cpanha\u201d do caf\u00e9, nossos produtores est\u00e3o sem saber como ficar\u00e3o as estradas, t\u00e3o necess\u00e1rias para esse per\u00edodo e [&hellip;]\" \/>\n<meta property=\"og:url\" content=\"https:\/\/jornalfatosenoticias.com.br\/index.php\/2020\/04\/23\/vereadora-de-fundao-preocupada-com-condicoes-precarias-das-estradas-rurais\/\" \/>\n<meta property=\"og:site_name\" content=\"Jornal Fatos e Not\u00edcias\" \/>\n<meta property=\"article:published_time\" content=\"2020-04-23T19:41:27+00:00\" \/>\n<meta property=\"article:modified_time\" content=\"2020-04-23T19:41:31+00:00\" \/>\n<meta property=\"og:image\" content=\"https:\/\/jornalfatosenoticias.com.br\/wp-content\/uploads\/2020\/04\/S\u00f4nia-328.jpg\" \/>\n\t<meta property=\"og:image:width\" content=\"1000\" \/>\n\t<meta property=\"og:image:height\" content=\"607\" \/>\n\t<meta property=\"og:image:type\" content=\"image\/jpeg\" \/>\n<meta name=\"author\" content=\"Haroldo Filho\" \/>\n<meta name=\"twitter:card\" content=\"summary_large_image\" \/>\n<meta name=\"twitter:label1\" content=\"Escrito por\" \/>\n\t<meta name=\"twitter:data1\" content=\"Haroldo Filho\" \/>\n<script type=\"application\/ld+json\" class=\"yoast-schema-graph\">{\"@context\":\"https:\/\/schema.org\",\"@graph\":[{\"@type\":\"Article\",\"@id\":\"https:\/\/jornalfatosenoticias.com.br\/index.php\/2020\/04\/23\/vereadora-de-fundao-preocupada-com-condicoes-precarias-das-estradas-rurais\/#article\",\"isPartOf\":{\"@id\":\"https:\/\/jornalfatosenoticias.com.br\/index.php\/2020\/04\/23\/vereadora-de-fundao-preocupada-com-condicoes-precarias-das-estradas-rurais\/\"},\"author\":{\"name\":\"Haroldo Filho\",\"@id\":\"https:\/\/jornalfatosenoticias.com.br\/#\/schema\/person\/05c46cc25b42a5c27e004fb0fa6b4965\"},\"headline\":\"Vereadora de Fund\u00e3o preocupada com condi\u00e7\u00f5es prec\u00e1rias das estradas rurais\",\"datePublished\":\"2020-04-23T19:41:27+00:00\",\"dateModified\":\"2020-04-23T19:41:31+00:00\",\"mainEntityOfPage\":{\"@id\":\"https:\/\/jornalfatosenoticias.com.br\/index.php\/2020\/04\/23\/vereadora-de-fundao-preocupada-com-condicoes-precarias-das-estradas-rurais\/\"},\"wordCount\":89,\"commentCount\":0,\"publisher\":{\"@id\":\"https:\/\/jornalfatosenoticias.com.br\/#organization\"},\"image\":{\"@id\":\"https:\/\/jornalfatosenoticias.com.br\/index.php\/2020\/04\/23\/vereadora-de-fundao-preocupada-com-condicoes-precarias-das-estradas-rurais\/#primaryimage\"},\"thumbnailUrl\":\"https:\/\/jornalfatosenoticias.com.br\/wp-content\/uploads\/2020\/04\/S\u00f4nia-328.jpg\",\"keywords\":[\"escoamento\",\"estradas rurais\",\"manuten\u00e7\u00e3o\",\"precariedade\",\"produ\u00e7\u00e3o\"],\"articleSection\":[\"Pol\u00edtica\"],\"inLanguage\":\"pt-BR\",\"potentialAction\":[{\"@type\":\"CommentAction\",\"name\":\"Comment\",\"target\":[\"https:\/\/jornalfatosenoticias.com.br\/index.php\/2020\/04\/23\/vereadora-de-fundao-preocupada-com-condicoes-precarias-das-estradas-rurais\/#respond\"]}]},{\"@type\":\"WebPage\",\"@id\":\"https:\/\/jornalfatosenoticias.com.br\/index.php\/2020\/04\/23\/vereadora-de-fundao-preocupada-com-condicoes-precarias-das-estradas-rurais\/\",\"url\":\"https:\/\/jornalfatosenoticias.com.br\/index.php\/2020\/04\/23\/vereadora-de-fundao-preocupada-com-condicoes-precarias-das-estradas-rurais\/\",\"name\":\"Vereadora de Fund\u00e3o preocupada com condi\u00e7\u00f5es prec\u00e1rias das estradas rurais - Jornal Fatos e Not\u00edcias\",\"isPartOf\":{\"@id\":\"https:\/\/jornalfatosenoticias.com.br\/#website\"},\"primaryImageOfPage\":{\"@id\":\"https:\/\/jornalfatosenoticias.com.br\/index.php\/2020\/04\/23\/vereadora-de-fundao-preocupada-com-condicoes-precarias-das-estradas-rurais\/#primaryimage\"},\"image\":{\"@id\":\"https:\/\/jornalfatosenoticias.com.br\/index.php\/2020\/04\/23\/vereadora-de-fundao-preocupada-com-condicoes-precarias-das-estradas-rurais\/#primaryimage\"},\"thumbnailUrl\":\"https:\/\/jornalfatosenoticias.com.br\/wp-content\/uploads\/2020\/04\/S\u00f4nia-328.jpg\",\"datePublished\":\"2020-04-23T19:41:27+00:00\",\"dateModified\":\"2020-04-23T19:41:31+00:00\",\"breadcrumb\":{\"@id\":\"https:\/\/jornalfatosenoticias.com.br\/index.php\/2020\/04\/23\/vereadora-de-fundao-preocupada-com-condicoes-precarias-das-estradas-rurais\/#breadcrumb\"},\"inLanguage\":\"pt-BR\",\"potentialAction\":[{\"@type\":\"ReadAction\",\"target\":[\"https:\/\/jornalfatosenoticias.com.br\/index.php\/2020\/04\/23\/vereadora-de-fundao-preocupada-com-condicoes-precarias-das-estradas-rurais\/\"]}]},{\"@type\":\"ImageObject\",\"inLanguage\":\"pt-BR\",\"@id\":\"https:\/\/jornalfatosenoticias.com.br\/index.php\/2020\/04\/23\/vereadora-de-fundao-preocupada-com-condicoes-precarias-das-estradas-rurais\/#primaryimage\",\"url\":\"https:\/\/jornalfatosenoticias.com.br\/wp-content\/uploads\/2020\/04\/S\u00f4nia-328.jpg\",\"contentUrl\":\"https:\/\/jornalfatosenoticias.com.br\/wp-content\/uploads\/2020\/04\/S\u00f4nia-328.jpg\",\"width\":1000,\"height\":607},{\"@type\":\"BreadcrumbList\",\"@id\":\"https:\/\/jornalfatosenoticias.com.br\/index.php\/2020\/04\/23\/vereadora-de-fundao-preocupada-com-condicoes-precarias-das-estradas-rurais\/#breadcrumb\",\"itemListElement\":[{\"@type\":\"ListItem\",\"position\":1,\"name\":\"In\u00edcio\",\"item\":\"https:\/\/jornalfatosenoticias.com.br\/\"},{\"@type\":\"ListItem\",\"position\":2,\"name\":\"Vereadora de Fund\u00e3o preocupada com condi\u00e7\u00f5es prec\u00e1rias das estradas rurais\"}]},{\"@type\":\"WebSite\",\"@id\":\"https:\/\/jornalfatosenoticias.com.br\/#website\",\"url\":\"https:\/\/jornalfatosenoticias.com.br\/\",\"name\":\"Jornal Fatos e Not\u00edcias\",\"description\":\"Not\u00edcias em geral\",\"publisher\":{\"@id\":\"https:\/\/jornalfatosenoticias.com.br\/#organization\"},\"potentialAction\":[{\"@type\":\"SearchAction\",\"target\":{\"@type\":\"EntryPoint\",\"urlTemplate\":\"https:\/\/jornalfatosenoticias.com.br\/?s={search_term_string}\"},\"query-input\":{\"@type\":\"PropertyValueSpecification\",\"valueRequired\":true,\"valueName\":\"search_term_string\"}}],\"inLanguage\":\"pt-BR\"},{\"@type\":\"Organization\",\"@id\":\"https:\/\/jornalfatosenoticias.com.br\/#organization\",\"name\":\"Jornal Fatos e Not\u00edcias\",\"url\":\"https:\/\/jornalfatosenoticias.com.br\/\",\"logo\":{\"@type\":\"ImageObject\",\"inLanguage\":\"pt-BR\",\"@id\":\"https:\/\/jornalfatosenoticias.com.br\/#\/schema\/logo\/image\/\",\"url\":\"https:\/\/jornalfatosenoticias.com.br\/wp-content\/uploads\/2020\/02\/logo120.png\",\"contentUrl\":\"https:\/\/jornalfatosenoticias.com.br\/wp-content\/uploads\/2020\/02\/logo120.png\",\"width\":1227,\"height\":120,\"caption\":\"Jornal Fatos e Not\u00edcias\"},\"image\":{\"@id\":\"https:\/\/jornalfatosenoticias.com.br\/#\/schema\/logo\/image\/\"}},{\"@type\":\"Person\",\"@id\":\"https:\/\/jornalfatosenoticias.com.br\/#\/schema\/person\/05c46cc25b42a5c27e004fb0fa6b4965\",\"name\":\"Haroldo Filho\",\"image\":{\"@type\":\"ImageObject\",\"inLanguage\":\"pt-BR\",\"@id\":\"https:\/\/jornalfatosenoticias.com.br\/#\/schema\/person\/image\/\",\"url\":\"https:\/\/jornalfatosenoticias.com.br\/wp-content\/uploads\/2025\/08\/WhatsApp-Image-2025-08-18-at-15.30.28-150x150.jpeg\",\"contentUrl\":\"https:\/\/jornalfatosenoticias.com.br\/wp-content\/uploads\/2025\/08\/WhatsApp-Image-2025-08-18-at-15.30.28-150x150.jpeg\",\"caption\":\"Haroldo Filho\"},\"description\":\"Jornalista \u2013 DRT: 0003818\/ES Coordenador-geral da ONG Educar para Crescer\",\"url\":\"https:\/\/jornalfatosenoticias.com.br\/index.php\/author\/haroldo\/\"}]}<\/script>\n<!-- \/ Yoast SEO plugin. -->","yoast_head_json":{"title":"Vereadora de Fund\u00e3o preocupada com condi\u00e7\u00f5es prec\u00e1rias das estradas rurais - Jornal Fatos e Not\u00edcias","robots":{"index":"index","follow":"follow","max-snippet":"max-snippet:-1","max-image-preview":"max-image-preview:large","max-video-preview":"max-video-preview:-1"},"canonical":"https:\/\/jornalfatosenoticias.com.br\/index.php\/2020\/04\/23\/vereadora-de-fundao-preocupada-com-condicoes-precarias-das-estradas-rurais\/","og_locale":"pt_BR","og_type":"article","og_title":"Vereadora de Fund\u00e3o preocupada com condi\u00e7\u00f5es prec\u00e1rias das estradas rurais - Jornal Fatos e Not\u00edcias","og_description":"S\u00f4nia Steins anda atenta \u00e0 popula\u00e7\u00e3o rural da cidade. Segundo ela, est\u00e1 chegando o per\u00edodo da colheita do caf\u00e9 e os produtores est\u00e3o preocupados com manuten\u00e7\u00e3o das estradas para o escoamento da produ\u00e7\u00e3o. \u201cAndo preocupada com a \u201cpanha\u201d do caf\u00e9, nossos produtores est\u00e3o sem saber como ficar\u00e3o as estradas, t\u00e3o necess\u00e1rias para esse per\u00edodo e [&hellip;]","og_url":"https:\/\/jornalfatosenoticias.com.br\/index.php\/2020\/04\/23\/vereadora-de-fundao-preocupada-com-condicoes-precarias-das-estradas-rurais\/","og_site_name":"Jornal Fatos e Not\u00edcias","article_published_time":"2020-04-23T19:41:27+00:00","article_modified_time":"2020-04-23T19:41:31+00:00","og_image":[{"width":1000,"height":607,"url":"https:\/\/jornalfatosenoticias.com.br\/wp-content\/uploads\/2020\/04\/S\u00f4nia-328.jpg","type":"image\/jpeg"}],"author":"Haroldo Filho","twitter_card":"summary_large_image","twitter_misc":{"Escrito por":"Haroldo Filho"},"schema":{"@context":"https:\/\/schema.org","@graph":[{"@type":"Article","@id":"https:\/\/jornalfatosenoticias.com.br\/index.php\/2020\/04\/23\/vereadora-de-fundao-preocupada-com-condicoes-precarias-das-estradas-rurais\/#article","isPartOf":{"@id":"https:\/\/jornalfatosenoticias.com.br\/index.php\/2020\/04\/23\/vereadora-de-fundao-preocupada-com-condicoes-precarias-das-estradas-rurais\/"},"author":{"name":"Haroldo Filho","@id":"https:\/\/jornalfatosenoticias.com.br\/#\/schema\/person\/05c46cc25b42a5c27e004fb0fa6b4965"},"headline":"Vereadora de Fund\u00e3o preocupada com condi\u00e7\u00f5es prec\u00e1rias das estradas rurais","datePublished":"2020-04-23T19:41:27+00:00","dateModified":"2020-04-23T19:41:31+00:00","mainEntityOfPage":{"@id":"https:\/\/jornalfatosenoticias.com.br\/index.php\/2020\/04\/23\/vereadora-de-fundao-preocupada-com-condicoes-precarias-das-estradas-rurais\/"},"wordCount":89,"commentCount":0,"publisher":{"@id":"https:\/\/jornalfatosenoticias.com.br\/#organization"},"image":{"@id":"https:\/\/jornalfatosenoticias.com.br\/index.php\/2020\/04\/23\/vereadora-de-fundao-preocupada-com-condicoes-precarias-das-estradas-rurais\/#primaryimage"},"thumbnailUrl":"https:\/\/jornalfatosenoticias.com.br\/wp-content\/uploads\/2020\/04\/S\u00f4nia-328.jpg","keywords":["escoamento","estradas rurais","manuten\u00e7\u00e3o","precariedade","produ\u00e7\u00e3o"],"articleSection":["Pol\u00edtica"],"inLanguage":"pt-BR","potentialAction":[{"@type":"CommentAction","name":"Comment","target":["https:\/\/jornalfatosenoticias.com.br\/index.php\/2020\/04\/23\/vereadora-de-fundao-preocupada-com-condicoes-precarias-das-estradas-rurais\/#respond"]}]},{"@type":"WebPage","@id":"https:\/\/jornalfatosenoticias.com.br\/index.php\/2020\/04\/23\/vereadora-de-fundao-preocupada-com-condicoes-precarias-das-estradas-rurais\/","url":"https:\/\/jornalfatosenoticias.com.br\/index.php\/2020\/04\/23\/vereadora-de-fundao-preocupada-com-condicoes-precarias-das-estradas-rurais\/","name":"Vereadora de Fund\u00e3o preocupada com condi\u00e7\u00f5es prec\u00e1rias das estradas rurais - Jornal Fatos e Not\u00edcias","isPartOf":{"@id":"https:\/\/jornalfatosenoticias.com.br\/#website"},"primaryImageOfPage":{"@id":"https:\/\/jornalfatosenoticias.com.br\/index.php\/2020\/04\/23\/vereadora-de-fundao-preocupada-com-condicoes-precarias-das-estradas-rurais\/#primaryimage"},"image":{"@id":"https:\/\/jornalfatosenoticias.com.br\/index.php\/2020\/04\/23\/vereadora-de-fundao-preocupada-com-condicoes-precarias-das-estradas-rurais\/#primaryimage"},"thumbnailUrl":"https:\/\/jornalfatosenoticias.com.br\/wp-content\/uploads\/2020\/04\/S\u00f4nia-328.jpg","datePublished":"2020-04-23T19:41:27+00:00","dateModified":"2020-04-23T19:41:31+00:00","breadcrumb":{"@id":"https:\/\/jornalfatosenoticias.com.br\/index.php\/2020\/04\/23\/vereadora-de-fundao-preocupada-com-condicoes-precarias-das-estradas-rurais\/#breadcrumb"},"inLanguage":"pt-BR","potentialAction":[{"@type":"ReadAction","target":["https:\/\/jornalfatosenoticias.com.br\/index.php\/2020\/04\/23\/vereadora-de-fundao-preocupada-com-condicoes-precarias-das-estradas-rurais\/"]}]},{"@type":"ImageObject","inLanguage":"pt-BR","@id":"https:\/\/jornalfatosenoticias.com.br\/index.php\/2020\/04\/23\/vereadora-de-fundao-preocupada-com-condicoes-precarias-das-estradas-rurais\/#primaryimage","url":"https:\/\/jornalfatosenoticias.com.br\/wp-content\/uploads\/2020\/04\/S\u00f4nia-328.jpg","contentUrl":"https:\/\/jornalfatosenoticias.com.br\/wp-content\/uploads\/2020\/04\/S\u00f4nia-328.jpg","width":1000,"height":607},{"@type":"BreadcrumbList","@id":"https:\/\/jornalfatosenoticias.com.br\/index.php\/2020\/04\/23\/vereadora-de-fundao-preocupada-com-condicoes-precarias-das-estradas-rurais\/#breadcrumb","itemListElement":[{"@type":"ListItem","position":1,"name":"In\u00edcio","item":"https:\/\/jornalfatosenoticias.com.br\/"},{"@type":"ListItem","position":2,"name":"Vereadora de Fund\u00e3o preocupada com condi\u00e7\u00f5es prec\u00e1rias das estradas rurais"}]},{"@type":"WebSite","@id":"https:\/\/jornalfatosenoticias.com.br\/#website","url":"https:\/\/jornalfatosenoticias.com.br\/","name":"Jornal Fatos e Not\u00edcias","description":"Not\u00edcias em geral","publisher":{"@id":"https:\/\/jornalfatosenoticias.com.br\/#organization"},"potentialAction":[{"@type":"SearchAction","target":{"@type":"EntryPoint","urlTemplate":"https:\/\/jornalfatosenoticias.com.br\/?s={search_term_string}"},"query-input":{"@type":"PropertyValueSpecification","valueRequired":true,"valueName":"search_term_string"}}],"inLanguage":"pt-BR"},{"@type":"Organization","@id":"https:\/\/jornalfatosenoticias.com.br\/#organization","name":"Jornal Fatos e Not\u00edcias","url":"https:\/\/jornalfatosenoticias.com.br\/","logo":{"@type":"ImageObject","inLanguage":"pt-BR","@id":"https:\/\/jornalfatosenoticias.com.br\/#\/schema\/logo\/image\/","url":"https:\/\/jornalfatosenoticias.com.br\/wp-content\/uploads\/2020\/02\/logo120.png","contentUrl":"https:\/\/jornalfatosenoticias.com.br\/wp-content\/uploads\/2020\/02\/logo120.png","width":1227,"height":120,"caption":"Jornal Fatos e Not\u00edcias"},"image":{"@id":"https:\/\/jornalfatosenoticias.com.br\/#\/schema\/logo\/image\/"}},{"@type":"Person","@id":"https:\/\/jornalfatosenoticias.com.br\/#\/schema\/person\/05c46cc25b42a5c27e004fb0fa6b4965","name":"Haroldo Filho","image":{"@type":"ImageObject","inLanguage":"pt-BR","@id":"https:\/\/jornalfatosenoticias.com.br\/#\/schema\/person\/image\/","url":"https:\/\/jornalfatosenoticias.com.br\/wp-content\/uploads\/2025\/08\/WhatsApp-Image-2025-08-18-at-15.30.28-150x150.jpeg","contentUrl":"https:\/\/jornalfatosenoticias.com.br\/wp-content\/uploads\/2025\/08\/WhatsApp-Image-2025-08-18-at-15.30.28-150x150.jpeg","caption":"Haroldo Filho"},"description":"Jornalista \u2013 DRT: 0003818\/ES Coordenador-geral da ONG Educar para Crescer","url":"https:\/\/jornalfatosenoticias.com.br\/index.php\/author\/haroldo\/"}]}},"cc_featured_image_caption":{"caption_text":"(Foto: Haroldo Cordeiro Filho)","source_text":"","source_url":""},"jetpack_featured_media_url":"https:\/\/jornalfatosenoticias.com.br\/wp-content\/uploads\/2020\/04\/S\u00f4nia-328.jpg","_links":{"self":[{"href":"https:\/\/jornalfatosenoticias.com.br\/index.php\/wp-json\/wp\/v2\/posts\/3552","targetHints":{"allow":["GET"]}}],"collection":[{"href":"https:\/\/jornalfatosenoticias.com.br\/index.php\/wp-json\/wp\/v2\/posts"}],"about":[{"href":"https:\/\/jornalfatosenoticias.com.br\/index.php\/wp-json\/wp\/v2\/types\/post"}],"author":[{"embeddable":true,"href":"https:\/\/jornalfatosenoticias.com.br\/index.php\/wp-json\/wp\/v2\/users\/3"}],"replies":[{"embeddable":true,"href":"https:\/\/jornalfatosenoticias.com.br\/index.php\/wp-json\/wp\/v2\/comments?post=3552"}],"version-history":[{"count":0,"href":"https:\/\/jornalfatosenoticias.com.br\/index.php\/wp-json\/wp\/v2\/posts\/3552\/revisions"}],"wp:featuredmedia":[{"embeddable":true,"href":"https:\/\/jornalfatosenoticias.com.br\/index.php\/wp-json\/wp\/v2\/media\/3553"}],"wp:attachment":[{"href":"https:\/\/jornalfatosenoticias.com.br\/index.php\/wp-json\/wp\/v2\/media?parent=3552"}],"wp:term":[{"taxonomy":"category","embeddable":true,"href":"https:\/\/jornalfatosenoticias.com.br\/index.php\/wp-json\/wp\/v2\/categories?post=3552"},{"taxonomy":"post_tag","embeddable":true,"href":"https:\/\/jornalfatosenoticias.com.br\/index.php\/wp-json\/wp\/v2\/tags?post=3552"}],"curies":[{"name":"wp","href":"https:\/\/api.w.org\/{rel}","templated":true}]}}