{"id":35540,"date":"2022-10-26T09:45:55","date_gmt":"2022-10-26T12:45:55","guid":{"rendered":"https:\/\/jornalfatosenoticias.com.br\/?p=35540"},"modified":"2022-10-26T09:45:57","modified_gmt":"2022-10-26T12:45:57","slug":"estudantes-reaproveitam-carocos-de-acai-e-transformam-em-sabonete-esfoliante","status":"publish","type":"post","link":"https:\/\/jornalfatosenoticias.com.br\/index.php\/2022\/10\/26\/estudantes-reaproveitam-carocos-de-acai-e-transformam-em-sabonete-esfoliante\/","title":{"rendered":"Estudantes reaproveitam caro\u00e7os de a\u00e7a\u00ed e transformam em sabonete esfoliante"},"content":{"rendered":"\n<p><span class=\"has-inline-color has-black-color\"><em>O fruto, que representa a Amaz\u00f4nia no mundo inteiro, foi a mat\u00e9ria-prima utilizada por um grupo de estudantes do Instituto Federal do Amap\u00e1<\/em><\/span><\/p>\n\n\n\n<div class=\"wp-block-image\"><figure class=\"aligncenter size-large\"><img loading=\"lazy\" decoding=\"async\" width=\"1024\" height=\"100\" src=\"https:\/\/jornalfatosenoticias.com.br\/wp-content\/uploads\/2020\/02\/banner_ferramentas-1024x100.jpg\" alt=\"\" class=\"wp-image-1258\" srcset=\"https:\/\/jornalfatosenoticias.com.br\/wp-content\/uploads\/2020\/02\/banner_ferramentas-1024x100.jpg 1024w, https:\/\/jornalfatosenoticias.com.br\/wp-content\/uploads\/2020\/02\/banner_ferramentas-300x29.jpg 300w, https:\/\/jornalfatosenoticias.com.br\/wp-content\/uploads\/2020\/02\/banner_ferramentas-768x75.jpg 768w, https:\/\/jornalfatosenoticias.com.br\/wp-content\/uploads\/2020\/02\/banner_ferramentas.jpg 1227w\" sizes=\"auto, (max-width: 1024px) 100vw, 1024px\" \/><\/figure><\/div>\n\n\n\n<p>Fruto que representa a Amaz\u00f4nia no mundo inteiro, o <a class=\"\" href=\"https:\/\/portalamazonia.com\/amazonia-az\/acai\"><strong>a\u00e7a\u00ed,<\/strong><\/a>\u00a0foi a mat\u00e9ria-prima utilizada por um grupo de estudantes do Instituto Federal do Amap\u00e1 (Ifap), que teve a ideia de transformar o caro\u00e7o da fruta em um sabonete esfoliante. A estudante Ana Luiza Vales, uma das integrantes da equipe, conta que a inspira\u00e7\u00e3o para criar o cosm\u00e9tico veio da vontade de desenvolver um produto sustent\u00e1vel que trouxesse benef\u00edcios ao meio ambiente.<\/p>\n\n\n\n<div class=\"wp-block-image\"><figure class=\"aligncenter size-large\"><img loading=\"lazy\" decoding=\"async\" width=\"300\" height=\"250\" src=\"https:\/\/jornalfatosenoticias.com.br\/wp-content\/uploads\/2022\/08\/arte-Casarao.jpg\" alt=\"\" class=\"wp-image-33178\"\/><\/figure><\/div>\n\n\n\n<figure class=\"wp-block-pullquote\"><blockquote><p><span class=\"has-inline-color has-luminous-vivid-orange-color\">A gente quis mostrar formas alternativas e economicamente vi\u00e1veis de usar esse caro\u00e7o que \u00e9 descartado inadequadamente aqui no Amap\u00e1&#8221;, explicou Ana Luiza.<\/span><\/p><\/blockquote><\/figure>\n\n\n\n<div class=\"wp-block-image\"><figure class=\"aligncenter size-large\"><img loading=\"lazy\" decoding=\"async\" width=\"1024\" height=\"100\" src=\"https:\/\/jornalfatosenoticias.com.br\/wp-content\/uploads\/2022\/05\/NOVA-LOGO-CESCONETTO-1024x100.jpg\" alt=\"\" class=\"wp-image-30792\" srcset=\"https:\/\/jornalfatosenoticias.com.br\/wp-content\/uploads\/2022\/05\/NOVA-LOGO-CESCONETTO-1024x100.jpg 1024w, https:\/\/jornalfatosenoticias.com.br\/wp-content\/uploads\/2022\/05\/NOVA-LOGO-CESCONETTO-300x29.jpg 300w, https:\/\/jornalfatosenoticias.com.br\/wp-content\/uploads\/2022\/05\/NOVA-LOGO-CESCONETTO-768x75.jpg 768w, https:\/\/jornalfatosenoticias.com.br\/wp-content\/uploads\/2022\/05\/NOVA-LOGO-CESCONETTO.jpg 1280w\" sizes=\"auto, (max-width: 1024px) 100vw, 1024px\" \/><\/figure><\/div>\n\n\n\n<figure class=\"wp-block-image size-large\"><img loading=\"lazy\" decoding=\"async\" width=\"1000\" height=\"749\" src=\"https:\/\/jornalfatosenoticias.com.br\/wp-content\/uploads\/2022\/10\/PESQUISADORAS_SABONETE-DE-ACAI1.png\" alt=\"\" class=\"wp-image-35542\" srcset=\"https:\/\/jornalfatosenoticias.com.br\/wp-content\/uploads\/2022\/10\/PESQUISADORAS_SABONETE-DE-ACAI1.png 1000w, https:\/\/jornalfatosenoticias.com.br\/wp-content\/uploads\/2022\/10\/PESQUISADORAS_SABONETE-DE-ACAI1-300x225.png 300w, https:\/\/jornalfatosenoticias.com.br\/wp-content\/uploads\/2022\/10\/PESQUISADORAS_SABONETE-DE-ACAI1-768x575.png 768w\" sizes=\"auto, (max-width: 1000px) 100vw, 1000px\" \/><figcaption><em><span class=\"has-inline-color has-black-color\">Pesquisadoras (Foto: Divulga\u00e7\u00e3o\/Ifap)<\/span><\/em><\/figcaption><\/figure>\n\n\n\n<div class=\"wp-block-image\"><figure class=\"aligncenter size-large is-resized\"><img loading=\"lazy\" decoding=\"async\" src=\"https:\/\/jornalfatosenoticias.com.br\/wp-content\/uploads\/2020\/02\/nova-logo-Marquetti.jpg\" alt=\"\" class=\"wp-image-22331\" width=\"309\" height=\"207\" srcset=\"https:\/\/jornalfatosenoticias.com.br\/wp-content\/uploads\/2020\/02\/nova-logo-Marquetti.jpg 643w, https:\/\/jornalfatosenoticias.com.br\/wp-content\/uploads\/2020\/02\/nova-logo-Marquetti-300x202.jpg 300w\" sizes=\"auto, (max-width: 309px) 100vw, 309px\" \/><\/figure><\/div>\n\n\n\n<p>No sabonete tem tamb\u00e9m o \u00f3leo de andiroba. Ana Luiza conta que o grupo buscou esse componente no <a href=\"https:\/\/portalamazonia.com\/amazonia-az\/porto-grande\"><strong>munic\u00edpio de Porto Grande<\/strong><\/a>, distante a 115 quil\u00f4metros de\u00a0<a class=\"\" href=\"https:\/\/portalamazonia.com\/amazonia-az\/macapa\"><strong>Macap\u00e1<\/strong><\/a>,\u00a0em uma comunidade extrativista composta somente por mulheres. Segundo a estudante, coletar o \u00f3leo foi tamb\u00e9m uma forma de valorizar os produtos genu\u00ednos do <strong><a class=\"\" href=\"https:\/\/portalamazonia.com\/amazonia-az\/amapa-estado\">Amap\u00e1<\/a>\u00a0<\/strong>e as trabalhadoras. Ela lembra que essa foi uma das aventuras que o projeto proporcionou para a equipe.<\/p>\n\n\n\n<div class=\"wp-block-image\"><figure class=\"aligncenter size-large is-resized\"><img loading=\"lazy\" decoding=\"async\" src=\"https:\/\/jornalfatosenoticias.com.br\/wp-content\/uploads\/2022\/02\/Precisao-Contabilidade-1024x724.jpg\" alt=\"\" class=\"wp-image-28088\" width=\"352\" height=\"249\"\/><\/figure><\/div>\n\n\n\n<figure class=\"wp-block-pullquote\"><blockquote><p><span class=\"has-inline-color has-luminous-vivid-orange-color\">O \u00f3leo foi coletado na Floresta Nacional do Amap\u00e1, em Porto Grande, por nossa equipe junto com as &#8216;Sementes do Araguari&#8217;, que \u00e9 uma comunidade extrativista do Alto do Araguari composta somente por mulheres, e l\u00e1 coletamos o material com elas. Depois que chegamos em Porto Grande, foram quatro horas de &#8216;voadeira&#8217; at\u00e9 chegar na comunidade&#8221;, relembra a estudante.<\/span><\/p><\/blockquote><\/figure>\n\n\n\n<div class=\"wp-block-image\"><figure class=\"aligncenter size-large is-resized\"><img loading=\"lazy\" decoding=\"async\" src=\"https:\/\/jornalfatosenoticias.com.br\/wp-content\/uploads\/2022\/08\/logo-locau-veiculos-1024x573.png\" alt=\"\" class=\"wp-image-33078\" width=\"346\" height=\"193\"\/><\/figure><\/div>\n\n\n\n<p>A professora que coordenou e orientou o projeto, L\u00eddia Lely conta que o &#8216;Entre Dois Hemisf\u00e9rios&#8217;, \u00e9 um projeto que desenvolve pesquisas no Ifap em rela\u00e7\u00e3o aos res\u00edduos gerais produzidos no estado e as alunas pensaram em ideias alternativas pra utiliza\u00e7\u00e3o do caro\u00e7o surgindo o sabonete.<br>Ela lembra que, as meninas coletaram, limparam, tostaram e trituram o caro\u00e7o de a\u00e7a\u00ed e que, al\u00e9m do sabonete em si, criaram tamb\u00e9m a ess\u00eancia do cosm\u00e9tico. A inten\u00e7\u00e3o agora \u00e9 registrar e comercializar o produto.<\/p>\n\n\n\n<div class=\"wp-block-image\"><figure class=\"aligncenter size-large\"><img loading=\"lazy\" decoding=\"async\" width=\"560\" height=\"60\" src=\"https:\/\/jornalfatosenoticias.com.br\/wp-content\/uploads\/2022\/10\/Propaganda-RC-Radiadores-Jornal_page-0001.jpg\" alt=\"\" class=\"wp-image-35270\" srcset=\"https:\/\/jornalfatosenoticias.com.br\/wp-content\/uploads\/2022\/10\/Propaganda-RC-Radiadores-Jornal_page-0001.jpg 560w, https:\/\/jornalfatosenoticias.com.br\/wp-content\/uploads\/2022\/10\/Propaganda-RC-Radiadores-Jornal_page-0001-300x32.jpg 300w\" sizes=\"auto, (max-width: 560px) 100vw, 560px\" \/><\/figure><\/div>\n\n\n\n<figure class=\"wp-block-image size-large\"><img loading=\"lazy\" decoding=\"async\" width=\"1000\" height=\"666\" src=\"https:\/\/jornalfatosenoticias.com.br\/wp-content\/uploads\/2022\/10\/SABONETE-DE-ACAI3.png\" alt=\"\" class=\"wp-image-35541\" srcset=\"https:\/\/jornalfatosenoticias.com.br\/wp-content\/uploads\/2022\/10\/SABONETE-DE-ACAI3.png 1000w, https:\/\/jornalfatosenoticias.com.br\/wp-content\/uploads\/2022\/10\/SABONETE-DE-ACAI3-300x200.png 300w, https:\/\/jornalfatosenoticias.com.br\/wp-content\/uploads\/2022\/10\/SABONETE-DE-ACAI3-768x511.png 768w\" sizes=\"auto, (max-width: 1000px) 100vw, 1000px\" \/><figcaption><em><span class=\"has-inline-color has-black-color\">(Foto: Marcelle Corr\u00eaa\/G1 Amap\u00e1)<\/span><\/em><\/figcaption><\/figure>\n\n\n\n<div class=\"wp-block-image\"><figure class=\"aligncenter size-large is-resized\"><img loading=\"lazy\" decoding=\"async\" src=\"https:\/\/jornalfatosenoticias.com.br\/wp-content\/uploads\/2020\/02\/logo-clinica-limoeiro.jpg\" alt=\"\" class=\"wp-image-34610\" width=\"317\" height=\"225\"\/><\/figure><\/div>\n\n\n\n<figure class=\"wp-block-pullquote\"><blockquote><p><span class=\"has-inline-color has-luminous-vivid-orange-color\">Todo o trabalho est\u00e1 cadastrado no sistema do Ifap e a inten\u00e7\u00e3o \u00e9 conseguir patentear tanto a ess\u00eancia quanto a formula\u00e7\u00e3o do sabonete e continuar com essas outras alternativas que a equipe est\u00e1 pensando futuramente&#8221;, disse a professora.<\/span><\/p><\/blockquote><\/figure>\n\n\n\n<div class=\"wp-block-image\"><figure class=\"aligncenter size-large\"><img loading=\"lazy\" decoding=\"async\" width=\"1024\" height=\"110\" src=\"https:\/\/jornalfatosenoticias.com.br\/wp-content\/uploads\/2022\/10\/Arte-jornal-Zucchi-1120x120_Prancheta-1-1024x110.jpg\" alt=\"\" class=\"wp-image-34772\" srcset=\"https:\/\/jornalfatosenoticias.com.br\/wp-content\/uploads\/2022\/10\/Arte-jornal-Zucchi-1120x120_Prancheta-1-1024x110.jpg 1024w, https:\/\/jornalfatosenoticias.com.br\/wp-content\/uploads\/2022\/10\/Arte-jornal-Zucchi-1120x120_Prancheta-1-300x32.jpg 300w, https:\/\/jornalfatosenoticias.com.br\/wp-content\/uploads\/2022\/10\/Arte-jornal-Zucchi-1120x120_Prancheta-1-768x82.jpg 768w, https:\/\/jornalfatosenoticias.com.br\/wp-content\/uploads\/2022\/10\/Arte-jornal-Zucchi-1120x120_Prancheta-1-1536x165.jpg 1536w, https:\/\/jornalfatosenoticias.com.br\/wp-content\/uploads\/2022\/10\/Arte-jornal-Zucchi-1120x120_Prancheta-1-2048x219.jpg 2048w\" sizes=\"auto, (max-width: 1024px) 100vw, 1024px\" \/><\/figure><\/div>\n\n\n\n<p><strong><em>Fonte: <a href=\"https:\/\/portalamazonia.com\/estados\/amapa\/estudantes-reaproveitam-carocos-de-acai-e-transformam-em-sabonete-esfoliante\">Portal Amaz\u00f4nia<\/a><\/em><\/strong><\/p>\n","protected":false},"excerpt":{"rendered":"<p>O fruto, que representa a Amaz\u00f4nia no mundo inteiro, foi a mat\u00e9ria-prima utilizada por um grupo de estudantes do Instituto Federal do Amap\u00e1 Fruto que representa a Amaz\u00f4nia no mundo inteiro, o a\u00e7a\u00ed,\u00a0foi a mat\u00e9ria-prima utilizada por um grupo de estudantes do Instituto Federal do Amap\u00e1 (Ifap), que teve a ideia de transformar o caro\u00e7o [&hellip;]<\/p>\n","protected":false},"author":2,"featured_media":35543,"comment_status":"open","ping_status":"open","sticky":false,"template":"","format":"standard","meta":{"footnotes":""},"categories":[7,3],"tags":[4390,2933,345,16677,16678,16679,16680],"class_list":["post-35540","post","type-post","status-publish","format-standard","has-post-thumbnail","hentry","category-educacao","category-tecnologia","tag-acai","tag-amapa","tag-educacao","tag-ifap","tag-sabonete","tag-sabonete-de-acai","tag-sabonete-esfoliante"],"yoast_head":"<!-- This site is optimized with the Yoast SEO plugin v26.5 - https:\/\/yoast.com\/wordpress\/plugins\/seo\/ -->\n<title>Estudantes reaproveitam caro\u00e7os de a\u00e7a\u00ed e transformam em sabonete esfoliante - Jornal Fatos e Not\u00edcias<\/title>\n<meta name=\"robots\" content=\"index, follow, max-snippet:-1, max-image-preview:large, max-video-preview:-1\" \/>\n<link rel=\"canonical\" href=\"https:\/\/jornalfatosenoticias.com.br\/index.php\/2022\/10\/26\/estudantes-reaproveitam-carocos-de-acai-e-transformam-em-sabonete-esfoliante\/\" \/>\n<meta property=\"og:locale\" content=\"pt_BR\" \/>\n<meta property=\"og:type\" content=\"article\" \/>\n<meta property=\"og:title\" content=\"Estudantes reaproveitam caro\u00e7os de a\u00e7a\u00ed e transformam em sabonete esfoliante - Jornal Fatos e Not\u00edcias\" \/>\n<meta property=\"og:description\" content=\"O fruto, que representa a Amaz\u00f4nia no mundo inteiro, foi a mat\u00e9ria-prima utilizada por um grupo de estudantes do Instituto Federal do Amap\u00e1 Fruto que representa a Amaz\u00f4nia no mundo inteiro, o a\u00e7a\u00ed,\u00a0foi a mat\u00e9ria-prima utilizada por um grupo de estudantes do Instituto Federal do Amap\u00e1 (Ifap), que teve a ideia de transformar o caro\u00e7o [&hellip;]\" \/>\n<meta property=\"og:url\" content=\"https:\/\/jornalfatosenoticias.com.br\/index.php\/2022\/10\/26\/estudantes-reaproveitam-carocos-de-acai-e-transformam-em-sabonete-esfoliante\/\" \/>\n<meta property=\"og:site_name\" content=\"Jornal Fatos e Not\u00edcias\" \/>\n<meta property=\"article:published_time\" content=\"2022-10-26T12:45:55+00:00\" \/>\n<meta property=\"article:modified_time\" content=\"2022-10-26T12:45:57+00:00\" \/>\n<meta property=\"og:image\" content=\"https:\/\/jornalfatosenoticias.com.br\/wp-content\/uploads\/2022\/10\/SABONETE-DE-ACAI2.png\" \/>\n\t<meta property=\"og:image:width\" content=\"1000\" \/>\n\t<meta property=\"og:image:height\" content=\"646\" \/>\n\t<meta property=\"og:image:type\" content=\"image\/png\" \/>\n<meta name=\"author\" content=\"Luzimara Fernandes\" \/>\n<meta name=\"twitter:card\" content=\"summary_large_image\" \/>\n<meta name=\"twitter:label1\" content=\"Escrito por\" \/>\n\t<meta name=\"twitter:data1\" content=\"Luzimara Fernandes\" \/>\n\t<meta name=\"twitter:label2\" content=\"Est. tempo de leitura\" \/>\n\t<meta name=\"twitter:data2\" content=\"2 minutos\" \/>\n<script type=\"application\/ld+json\" class=\"yoast-schema-graph\">{\"@context\":\"https:\/\/schema.org\",\"@graph\":[{\"@type\":\"Article\",\"@id\":\"https:\/\/jornalfatosenoticias.com.br\/index.php\/2022\/10\/26\/estudantes-reaproveitam-carocos-de-acai-e-transformam-em-sabonete-esfoliante\/#article\",\"isPartOf\":{\"@id\":\"https:\/\/jornalfatosenoticias.com.br\/index.php\/2022\/10\/26\/estudantes-reaproveitam-carocos-de-acai-e-transformam-em-sabonete-esfoliante\/\"},\"author\":{\"name\":\"Luzimara Fernandes\",\"@id\":\"https:\/\/jornalfatosenoticias.com.br\/#\/schema\/person\/d63837fa13ac8666eb9e74e0985d6f81\"},\"headline\":\"Estudantes reaproveitam caro\u00e7os de a\u00e7a\u00ed e transformam em sabonete esfoliante\",\"datePublished\":\"2022-10-26T12:45:55+00:00\",\"dateModified\":\"2022-10-26T12:45:57+00:00\",\"mainEntityOfPage\":{\"@id\":\"https:\/\/jornalfatosenoticias.com.br\/index.php\/2022\/10\/26\/estudantes-reaproveitam-carocos-de-acai-e-transformam-em-sabonete-esfoliante\/\"},\"wordCount\":421,\"commentCount\":0,\"publisher\":{\"@id\":\"https:\/\/jornalfatosenoticias.com.br\/#organization\"},\"image\":{\"@id\":\"https:\/\/jornalfatosenoticias.com.br\/index.php\/2022\/10\/26\/estudantes-reaproveitam-carocos-de-acai-e-transformam-em-sabonete-esfoliante\/#primaryimage\"},\"thumbnailUrl\":\"https:\/\/jornalfatosenoticias.com.br\/wp-content\/uploads\/2022\/10\/SABONETE-DE-ACAI2.png\",\"keywords\":[\"a\u00e7a\u00ed\",\"Amap\u00e1\",\"educa\u00e7\u00e3o\",\"Ifap\",\"sabonete\",\"sabonete de a\u00e7a\u00ed\",\"sabonete esfoliante\"],\"articleSection\":[\"Educa\u00e7\u00e3o\",\"Tecnologia &amp; Inova\u00e7\u00e3o\"],\"inLanguage\":\"pt-BR\",\"potentialAction\":[{\"@type\":\"CommentAction\",\"name\":\"Comment\",\"target\":[\"https:\/\/jornalfatosenoticias.com.br\/index.php\/2022\/10\/26\/estudantes-reaproveitam-carocos-de-acai-e-transformam-em-sabonete-esfoliante\/#respond\"]}]},{\"@type\":\"WebPage\",\"@id\":\"https:\/\/jornalfatosenoticias.com.br\/index.php\/2022\/10\/26\/estudantes-reaproveitam-carocos-de-acai-e-transformam-em-sabonete-esfoliante\/\",\"url\":\"https:\/\/jornalfatosenoticias.com.br\/index.php\/2022\/10\/26\/estudantes-reaproveitam-carocos-de-acai-e-transformam-em-sabonete-esfoliante\/\",\"name\":\"Estudantes reaproveitam caro\u00e7os de a\u00e7a\u00ed e transformam em sabonete esfoliante - Jornal Fatos e Not\u00edcias\",\"isPartOf\":{\"@id\":\"https:\/\/jornalfatosenoticias.com.br\/#website\"},\"primaryImageOfPage\":{\"@id\":\"https:\/\/jornalfatosenoticias.com.br\/index.php\/2022\/10\/26\/estudantes-reaproveitam-carocos-de-acai-e-transformam-em-sabonete-esfoliante\/#primaryimage\"},\"image\":{\"@id\":\"https:\/\/jornalfatosenoticias.com.br\/index.php\/2022\/10\/26\/estudantes-reaproveitam-carocos-de-acai-e-transformam-em-sabonete-esfoliante\/#primaryimage\"},\"thumbnailUrl\":\"https:\/\/jornalfatosenoticias.com.br\/wp-content\/uploads\/2022\/10\/SABONETE-DE-ACAI2.png\",\"datePublished\":\"2022-10-26T12:45:55+00:00\",\"dateModified\":\"2022-10-26T12:45:57+00:00\",\"breadcrumb\":{\"@id\":\"https:\/\/jornalfatosenoticias.com.br\/index.php\/2022\/10\/26\/estudantes-reaproveitam-carocos-de-acai-e-transformam-em-sabonete-esfoliante\/#breadcrumb\"},\"inLanguage\":\"pt-BR\",\"potentialAction\":[{\"@type\":\"ReadAction\",\"target\":[\"https:\/\/jornalfatosenoticias.com.br\/index.php\/2022\/10\/26\/estudantes-reaproveitam-carocos-de-acai-e-transformam-em-sabonete-esfoliante\/\"]}]},{\"@type\":\"ImageObject\",\"inLanguage\":\"pt-BR\",\"@id\":\"https:\/\/jornalfatosenoticias.com.br\/index.php\/2022\/10\/26\/estudantes-reaproveitam-carocos-de-acai-e-transformam-em-sabonete-esfoliante\/#primaryimage\",\"url\":\"https:\/\/jornalfatosenoticias.com.br\/wp-content\/uploads\/2022\/10\/SABONETE-DE-ACAI2.png\",\"contentUrl\":\"https:\/\/jornalfatosenoticias.com.br\/wp-content\/uploads\/2022\/10\/SABONETE-DE-ACAI2.png\",\"width\":1000,\"height\":646},{\"@type\":\"BreadcrumbList\",\"@id\":\"https:\/\/jornalfatosenoticias.com.br\/index.php\/2022\/10\/26\/estudantes-reaproveitam-carocos-de-acai-e-transformam-em-sabonete-esfoliante\/#breadcrumb\",\"itemListElement\":[{\"@type\":\"ListItem\",\"position\":1,\"name\":\"In\u00edcio\",\"item\":\"https:\/\/jornalfatosenoticias.com.br\/\"},{\"@type\":\"ListItem\",\"position\":2,\"name\":\"Estudantes reaproveitam caro\u00e7os de a\u00e7a\u00ed e transformam em sabonete esfoliante\"}]},{\"@type\":\"WebSite\",\"@id\":\"https:\/\/jornalfatosenoticias.com.br\/#website\",\"url\":\"https:\/\/jornalfatosenoticias.com.br\/\",\"name\":\"Jornal Fatos e Not\u00edcias\",\"description\":\"Not\u00edcias em geral\",\"publisher\":{\"@id\":\"https:\/\/jornalfatosenoticias.com.br\/#organization\"},\"potentialAction\":[{\"@type\":\"SearchAction\",\"target\":{\"@type\":\"EntryPoint\",\"urlTemplate\":\"https:\/\/jornalfatosenoticias.com.br\/?s={search_term_string}\"},\"query-input\":{\"@type\":\"PropertyValueSpecification\",\"valueRequired\":true,\"valueName\":\"search_term_string\"}}],\"inLanguage\":\"pt-BR\"},{\"@type\":\"Organization\",\"@id\":\"https:\/\/jornalfatosenoticias.com.br\/#organization\",\"name\":\"Jornal Fatos e Not\u00edcias\",\"url\":\"https:\/\/jornalfatosenoticias.com.br\/\",\"logo\":{\"@type\":\"ImageObject\",\"inLanguage\":\"pt-BR\",\"@id\":\"https:\/\/jornalfatosenoticias.com.br\/#\/schema\/logo\/image\/\",\"url\":\"https:\/\/jornalfatosenoticias.com.br\/wp-content\/uploads\/2020\/02\/logo120.png\",\"contentUrl\":\"https:\/\/jornalfatosenoticias.com.br\/wp-content\/uploads\/2020\/02\/logo120.png\",\"width\":1227,\"height\":120,\"caption\":\"Jornal Fatos e Not\u00edcias\"},\"image\":{\"@id\":\"https:\/\/jornalfatosenoticias.com.br\/#\/schema\/logo\/image\/\"}},{\"@type\":\"Person\",\"@id\":\"https:\/\/jornalfatosenoticias.com.br\/#\/schema\/person\/d63837fa13ac8666eb9e74e0985d6f81\",\"name\":\"Luzimara Fernandes\",\"image\":{\"@type\":\"ImageObject\",\"inLanguage\":\"pt-BR\",\"@id\":\"https:\/\/jornalfatosenoticias.com.br\/#\/schema\/person\/image\/\",\"url\":\"https:\/\/jornalfatosenoticias.com.br\/wp-content\/uploads\/2025\/05\/EU_portal.jpg\",\"contentUrl\":\"https:\/\/jornalfatosenoticias.com.br\/wp-content\/uploads\/2025\/05\/EU_portal.jpg\",\"caption\":\"Luzimara Fernandes\"},\"description\":\"Jornalista MTB 2358-ES\",\"sameAs\":[\"https:\/\/jornalfatosenoticias.com.br\"],\"url\":\"https:\/\/jornalfatosenoticias.com.br\/index.php\/author\/luzimara\/\"}]}<\/script>\n<!-- \/ Yoast SEO plugin. -->","yoast_head_json":{"title":"Estudantes reaproveitam caro\u00e7os de a\u00e7a\u00ed e transformam em sabonete esfoliante - Jornal Fatos e Not\u00edcias","robots":{"index":"index","follow":"follow","max-snippet":"max-snippet:-1","max-image-preview":"max-image-preview:large","max-video-preview":"max-video-preview:-1"},"canonical":"https:\/\/jornalfatosenoticias.com.br\/index.php\/2022\/10\/26\/estudantes-reaproveitam-carocos-de-acai-e-transformam-em-sabonete-esfoliante\/","og_locale":"pt_BR","og_type":"article","og_title":"Estudantes reaproveitam caro\u00e7os de a\u00e7a\u00ed e transformam em sabonete esfoliante - Jornal Fatos e Not\u00edcias","og_description":"O fruto, que representa a Amaz\u00f4nia no mundo inteiro, foi a mat\u00e9ria-prima utilizada por um grupo de estudantes do Instituto Federal do Amap\u00e1 Fruto que representa a Amaz\u00f4nia no mundo inteiro, o a\u00e7a\u00ed,\u00a0foi a mat\u00e9ria-prima utilizada por um grupo de estudantes do Instituto Federal do Amap\u00e1 (Ifap), que teve a ideia de transformar o caro\u00e7o [&hellip;]","og_url":"https:\/\/jornalfatosenoticias.com.br\/index.php\/2022\/10\/26\/estudantes-reaproveitam-carocos-de-acai-e-transformam-em-sabonete-esfoliante\/","og_site_name":"Jornal Fatos e Not\u00edcias","article_published_time":"2022-10-26T12:45:55+00:00","article_modified_time":"2022-10-26T12:45:57+00:00","og_image":[{"width":1000,"height":646,"url":"https:\/\/jornalfatosenoticias.com.br\/wp-content\/uploads\/2022\/10\/SABONETE-DE-ACAI2.png","type":"image\/png"}],"author":"Luzimara Fernandes","twitter_card":"summary_large_image","twitter_misc":{"Escrito por":"Luzimara Fernandes","Est. tempo de leitura":"2 minutos"},"schema":{"@context":"https:\/\/schema.org","@graph":[{"@type":"Article","@id":"https:\/\/jornalfatosenoticias.com.br\/index.php\/2022\/10\/26\/estudantes-reaproveitam-carocos-de-acai-e-transformam-em-sabonete-esfoliante\/#article","isPartOf":{"@id":"https:\/\/jornalfatosenoticias.com.br\/index.php\/2022\/10\/26\/estudantes-reaproveitam-carocos-de-acai-e-transformam-em-sabonete-esfoliante\/"},"author":{"name":"Luzimara Fernandes","@id":"https:\/\/jornalfatosenoticias.com.br\/#\/schema\/person\/d63837fa13ac8666eb9e74e0985d6f81"},"headline":"Estudantes reaproveitam caro\u00e7os de a\u00e7a\u00ed e transformam em sabonete esfoliante","datePublished":"2022-10-26T12:45:55+00:00","dateModified":"2022-10-26T12:45:57+00:00","mainEntityOfPage":{"@id":"https:\/\/jornalfatosenoticias.com.br\/index.php\/2022\/10\/26\/estudantes-reaproveitam-carocos-de-acai-e-transformam-em-sabonete-esfoliante\/"},"wordCount":421,"commentCount":0,"publisher":{"@id":"https:\/\/jornalfatosenoticias.com.br\/#organization"},"image":{"@id":"https:\/\/jornalfatosenoticias.com.br\/index.php\/2022\/10\/26\/estudantes-reaproveitam-carocos-de-acai-e-transformam-em-sabonete-esfoliante\/#primaryimage"},"thumbnailUrl":"https:\/\/jornalfatosenoticias.com.br\/wp-content\/uploads\/2022\/10\/SABONETE-DE-ACAI2.png","keywords":["a\u00e7a\u00ed","Amap\u00e1","educa\u00e7\u00e3o","Ifap","sabonete","sabonete de a\u00e7a\u00ed","sabonete esfoliante"],"articleSection":["Educa\u00e7\u00e3o","Tecnologia &amp; Inova\u00e7\u00e3o"],"inLanguage":"pt-BR","potentialAction":[{"@type":"CommentAction","name":"Comment","target":["https:\/\/jornalfatosenoticias.com.br\/index.php\/2022\/10\/26\/estudantes-reaproveitam-carocos-de-acai-e-transformam-em-sabonete-esfoliante\/#respond"]}]},{"@type":"WebPage","@id":"https:\/\/jornalfatosenoticias.com.br\/index.php\/2022\/10\/26\/estudantes-reaproveitam-carocos-de-acai-e-transformam-em-sabonete-esfoliante\/","url":"https:\/\/jornalfatosenoticias.com.br\/index.php\/2022\/10\/26\/estudantes-reaproveitam-carocos-de-acai-e-transformam-em-sabonete-esfoliante\/","name":"Estudantes reaproveitam caro\u00e7os de a\u00e7a\u00ed e transformam em sabonete esfoliante - Jornal Fatos e Not\u00edcias","isPartOf":{"@id":"https:\/\/jornalfatosenoticias.com.br\/#website"},"primaryImageOfPage":{"@id":"https:\/\/jornalfatosenoticias.com.br\/index.php\/2022\/10\/26\/estudantes-reaproveitam-carocos-de-acai-e-transformam-em-sabonete-esfoliante\/#primaryimage"},"image":{"@id":"https:\/\/jornalfatosenoticias.com.br\/index.php\/2022\/10\/26\/estudantes-reaproveitam-carocos-de-acai-e-transformam-em-sabonete-esfoliante\/#primaryimage"},"thumbnailUrl":"https:\/\/jornalfatosenoticias.com.br\/wp-content\/uploads\/2022\/10\/SABONETE-DE-ACAI2.png","datePublished":"2022-10-26T12:45:55+00:00","dateModified":"2022-10-26T12:45:57+00:00","breadcrumb":{"@id":"https:\/\/jornalfatosenoticias.com.br\/index.php\/2022\/10\/26\/estudantes-reaproveitam-carocos-de-acai-e-transformam-em-sabonete-esfoliante\/#breadcrumb"},"inLanguage":"pt-BR","potentialAction":[{"@type":"ReadAction","target":["https:\/\/jornalfatosenoticias.com.br\/index.php\/2022\/10\/26\/estudantes-reaproveitam-carocos-de-acai-e-transformam-em-sabonete-esfoliante\/"]}]},{"@type":"ImageObject","inLanguage":"pt-BR","@id":"https:\/\/jornalfatosenoticias.com.br\/index.php\/2022\/10\/26\/estudantes-reaproveitam-carocos-de-acai-e-transformam-em-sabonete-esfoliante\/#primaryimage","url":"https:\/\/jornalfatosenoticias.com.br\/wp-content\/uploads\/2022\/10\/SABONETE-DE-ACAI2.png","contentUrl":"https:\/\/jornalfatosenoticias.com.br\/wp-content\/uploads\/2022\/10\/SABONETE-DE-ACAI2.png","width":1000,"height":646},{"@type":"BreadcrumbList","@id":"https:\/\/jornalfatosenoticias.com.br\/index.php\/2022\/10\/26\/estudantes-reaproveitam-carocos-de-acai-e-transformam-em-sabonete-esfoliante\/#breadcrumb","itemListElement":[{"@type":"ListItem","position":1,"name":"In\u00edcio","item":"https:\/\/jornalfatosenoticias.com.br\/"},{"@type":"ListItem","position":2,"name":"Estudantes reaproveitam caro\u00e7os de a\u00e7a\u00ed e transformam em sabonete esfoliante"}]},{"@type":"WebSite","@id":"https:\/\/jornalfatosenoticias.com.br\/#website","url":"https:\/\/jornalfatosenoticias.com.br\/","name":"Jornal Fatos e Not\u00edcias","description":"Not\u00edcias em geral","publisher":{"@id":"https:\/\/jornalfatosenoticias.com.br\/#organization"},"potentialAction":[{"@type":"SearchAction","target":{"@type":"EntryPoint","urlTemplate":"https:\/\/jornalfatosenoticias.com.br\/?s={search_term_string}"},"query-input":{"@type":"PropertyValueSpecification","valueRequired":true,"valueName":"search_term_string"}}],"inLanguage":"pt-BR"},{"@type":"Organization","@id":"https:\/\/jornalfatosenoticias.com.br\/#organization","name":"Jornal Fatos e Not\u00edcias","url":"https:\/\/jornalfatosenoticias.com.br\/","logo":{"@type":"ImageObject","inLanguage":"pt-BR","@id":"https:\/\/jornalfatosenoticias.com.br\/#\/schema\/logo\/image\/","url":"https:\/\/jornalfatosenoticias.com.br\/wp-content\/uploads\/2020\/02\/logo120.png","contentUrl":"https:\/\/jornalfatosenoticias.com.br\/wp-content\/uploads\/2020\/02\/logo120.png","width":1227,"height":120,"caption":"Jornal Fatos e Not\u00edcias"},"image":{"@id":"https:\/\/jornalfatosenoticias.com.br\/#\/schema\/logo\/image\/"}},{"@type":"Person","@id":"https:\/\/jornalfatosenoticias.com.br\/#\/schema\/person\/d63837fa13ac8666eb9e74e0985d6f81","name":"Luzimara Fernandes","image":{"@type":"ImageObject","inLanguage":"pt-BR","@id":"https:\/\/jornalfatosenoticias.com.br\/#\/schema\/person\/image\/","url":"https:\/\/jornalfatosenoticias.com.br\/wp-content\/uploads\/2025\/05\/EU_portal.jpg","contentUrl":"https:\/\/jornalfatosenoticias.com.br\/wp-content\/uploads\/2025\/05\/EU_portal.jpg","caption":"Luzimara Fernandes"},"description":"Jornalista MTB 2358-ES","sameAs":["https:\/\/jornalfatosenoticias.com.br"],"url":"https:\/\/jornalfatosenoticias.com.br\/index.php\/author\/luzimara\/"}]}},"cc_featured_image_caption":{"caption_text":"(Foto: Marcelle Corr\u00eaa\/G1 Amap\u00e1) ","source_text":"","source_url":""},"jetpack_featured_media_url":"https:\/\/jornalfatosenoticias.com.br\/wp-content\/uploads\/2022\/10\/SABONETE-DE-ACAI2.png","_links":{"self":[{"href":"https:\/\/jornalfatosenoticias.com.br\/index.php\/wp-json\/wp\/v2\/posts\/35540","targetHints":{"allow":["GET"]}}],"collection":[{"href":"https:\/\/jornalfatosenoticias.com.br\/index.php\/wp-json\/wp\/v2\/posts"}],"about":[{"href":"https:\/\/jornalfatosenoticias.com.br\/index.php\/wp-json\/wp\/v2\/types\/post"}],"author":[{"embeddable":true,"href":"https:\/\/jornalfatosenoticias.com.br\/index.php\/wp-json\/wp\/v2\/users\/2"}],"replies":[{"embeddable":true,"href":"https:\/\/jornalfatosenoticias.com.br\/index.php\/wp-json\/wp\/v2\/comments?post=35540"}],"version-history":[{"count":0,"href":"https:\/\/jornalfatosenoticias.com.br\/index.php\/wp-json\/wp\/v2\/posts\/35540\/revisions"}],"wp:featuredmedia":[{"embeddable":true,"href":"https:\/\/jornalfatosenoticias.com.br\/index.php\/wp-json\/wp\/v2\/media\/35543"}],"wp:attachment":[{"href":"https:\/\/jornalfatosenoticias.com.br\/index.php\/wp-json\/wp\/v2\/media?parent=35540"}],"wp:term":[{"taxonomy":"category","embeddable":true,"href":"https:\/\/jornalfatosenoticias.com.br\/index.php\/wp-json\/wp\/v2\/categories?post=35540"},{"taxonomy":"post_tag","embeddable":true,"href":"https:\/\/jornalfatosenoticias.com.br\/index.php\/wp-json\/wp\/v2\/tags?post=35540"}],"curies":[{"name":"wp","href":"https:\/\/api.w.org\/{rel}","templated":true}]}}