{"id":35550,"date":"2022-10-26T10:15:19","date_gmt":"2022-10-26T13:15:19","guid":{"rendered":"https:\/\/jornalfatosenoticias.com.br\/?p=35550"},"modified":"2022-10-26T10:15:20","modified_gmt":"2022-10-26T13:15:20","slug":"servico-de-taxi-aereo-eletrico-ja-tem-data-para-decolar-no-japao","status":"publish","type":"post","link":"https:\/\/jornalfatosenoticias.com.br\/index.php\/2022\/10\/26\/servico-de-taxi-aereo-eletrico-ja-tem-data-para-decolar-no-japao\/","title":{"rendered":"Servi\u00e7o de t\u00e1xi a\u00e9reo el\u00e9trico j\u00e1 tem data para decolar no Jap\u00e3o"},"content":{"rendered":"\n<div class=\"wp-block-image\"><figure class=\"aligncenter size-large\"><img loading=\"lazy\" decoding=\"async\" width=\"1024\" height=\"100\" src=\"https:\/\/jornalfatosenoticias.com.br\/wp-content\/uploads\/2020\/02\/banner_ferramentas-1024x100.jpg\" alt=\"\" class=\"wp-image-1258\" srcset=\"https:\/\/jornalfatosenoticias.com.br\/wp-content\/uploads\/2020\/02\/banner_ferramentas-1024x100.jpg 1024w, https:\/\/jornalfatosenoticias.com.br\/wp-content\/uploads\/2020\/02\/banner_ferramentas-300x29.jpg 300w, https:\/\/jornalfatosenoticias.com.br\/wp-content\/uploads\/2020\/02\/banner_ferramentas-768x75.jpg 768w, https:\/\/jornalfatosenoticias.com.br\/wp-content\/uploads\/2020\/02\/banner_ferramentas.jpg 1227w\" sizes=\"auto, (max-width: 1024px) 100vw, 1024px\" \/><\/figure><\/div>\n\n\n\n<p>A Joby Aviation \u00e9 uma das empresas do ramo de eVTOLs que planeja operar em breve nos c\u00e9us do Jap\u00e3o. Depois de firmar um acordo em fevereiro com a maior companhia a\u00e9rea <a href=\"https:\/\/olhardigital.com.br\/tag\/japao\/\" target=\"_blank\" rel=\"noreferrer noopener\">do pa\u00eds<\/a>, a ANA (All Nippon Airways), a companhia com sede na Calif\u00f3rnia quer acelerar o lan\u00e7amento do seu servi\u00e7o de caronas a\u00e9reas.<\/p>\n\n\n\n<div class=\"wp-block-image\"><figure class=\"aligncenter size-large is-resized\"><img loading=\"lazy\" decoding=\"async\" src=\"https:\/\/jornalfatosenoticias.com.br\/wp-content\/uploads\/2022\/02\/Precisao-Contabilidade-1024x724.jpg\" alt=\"\" class=\"wp-image-28088\" width=\"318\" height=\"225\"\/><\/figure><\/div>\n\n\n\n<p>Segundo o CEO <a href=\"https:\/\/olhardigital.com.br\/2021\/09\/01\/ciencia-e-espaco\/nasa-testa-taxis-aereos-eletricos-com-a-joby-aviation\/amp\/\" target=\"_blank\" rel=\"noreferrer noopener\">da empresa<\/a>, JoeBen Bevirt, o que despertou o interesse pelo Jap\u00e3o foi o alto \u00edndice de pessoas vivendo em \u00e1reas urbanas (92%). O executivo aponta que h\u00e1 uma oportunidade \u00fanica de economizar tempo com o servi\u00e7o, especialmente em grandes cidades como a capital T\u00f3quio, Yokohama e Osaka.<\/p>\n\n\n\n<div class=\"wp-block-image\"><figure class=\"aligncenter size-large\"><img loading=\"lazy\" decoding=\"async\" width=\"1024\" height=\"103\" src=\"https:\/\/jornalfatosenoticias.com.br\/wp-content\/uploads\/2022\/02\/Arte-Autoescola-Galatas_endereco_portal-1024x103.png\" alt=\"\" class=\"wp-image-27869\" srcset=\"https:\/\/jornalfatosenoticias.com.br\/wp-content\/uploads\/2022\/02\/Arte-Autoescola-Galatas_endereco_portal-1024x103.png 1024w, https:\/\/jornalfatosenoticias.com.br\/wp-content\/uploads\/2022\/02\/Arte-Autoescola-Galatas_endereco_portal-300x30.png 300w, https:\/\/jornalfatosenoticias.com.br\/wp-content\/uploads\/2022\/02\/Arte-Autoescola-Galatas_endereco_portal-768x77.png 768w, https:\/\/jornalfatosenoticias.com.br\/wp-content\/uploads\/2022\/02\/Arte-Autoescola-Galatas_endereco_portal.png 1223w\" sizes=\"auto, (max-width: 1024px) 100vw, 1024px\" \/><\/figure><\/div>\n\n\n\n<p>A Joby comparou a aeronave que ser\u00e1 usada para oferecer o servi\u00e7o a um SUV voador de luxo. O modelo \u00e9 silencioso, espa\u00e7oso, e possui cinco lugares (um para o piloto e quatro passageiros). Com alcance de 241 km por carga, o eVTOL em quest\u00e3o pode atingir at\u00e9 322 km\/h. Por fim, al\u00e9m da emiss\u00e3o zero, o taxi a\u00e9reo da Joby tamb\u00e9m ajudar\u00e1 em outro ponto: na diminui\u00e7\u00e3o da polui\u00e7\u00e3o sonora.<\/p>\n\n\n\n<div class=\"wp-block-image\"><figure class=\"aligncenter size-large is-resized\"><img loading=\"lazy\" decoding=\"async\" src=\"https:\/\/jornalfatosenoticias.com.br\/wp-content\/uploads\/2022\/08\/logo-locau-veiculos-1024x573.png\" alt=\"\" class=\"wp-image-33078\" width=\"318\" height=\"177\"\/><\/figure><\/div>\n\n\n\n<figure class=\"wp-block-embed-youtube wp-block-embed is-type-video is-provider-youtube wp-embed-aspect-16-9 wp-has-aspect-ratio\"><div class=\"wp-block-embed__wrapper\">\n<iframe loading=\"lazy\" title=\"Servi\u00e7o de t\u00e1xi a\u00e9reo el\u00e9trico j\u00e1 tem data para decolar no Jap\u00e3o\" width=\"660\" height=\"371\" src=\"https:\/\/www.youtube.com\/embed\/sQGzydFWaJM?feature=oembed\" frameborder=\"0\" allow=\"accelerometer; autoplay; clipboard-write; encrypted-media; gyroscope; picture-in-picture; web-share\" referrerpolicy=\"strict-origin-when-cross-origin\" allowfullscreen><\/iframe>\n<\/div><\/figure>\n\n\n\n<div class=\"wp-block-image\"><figure class=\"alignright size-large\"><img decoding=\"async\" src=\"https:\/\/jornalfatosenoticias.com.br\/wp-content\/uploads\/2020\/02\/barao-das-carnes-300x164-1.jpg\" alt=\"\" class=\"wp-image-34339\"\/><\/figure><\/div>\n\n\n\n<p>O modelo gera menos de 65 dBA durante a decolagem e o pouso, o mesmo que uma conversa normal entre duas pessoas. Durante o voo, a emiss\u00e3o de ru\u00eddo \u00e9 ainda menor: 45 dBA em uma altitude de 500 m viajando a 185 km\/h.<br>A Joby quer lan\u00e7ar o seu \u201cUber a\u00e9reo\u201d em 2024 na Terra do Sol Nascente. A nova op\u00e7\u00e3o de <a href=\"https:\/\/olhardigital.com.br\/tag\/mobilidade-urbana\/\" target=\"_blank\" rel=\"noreferrer noopener\">mobilidade<\/a>, apesar de mais sustent\u00e1vel, ainda depende de certifica\u00e7\u00e3o para decolar. O principal \u00e9 o sinal verde da JCAB (Japan Civil Aviation Bureau).<\/p>\n\n\n\n<div class=\"wp-block-image\"><figure class=\"aligncenter size-large\"><img loading=\"lazy\" decoding=\"async\" width=\"729\" height=\"90\" src=\"https:\/\/jornalfatosenoticias.com.br\/wp-content\/uploads\/2020\/02\/Logo_Mizu.png\" alt=\"\" class=\"wp-image-1441\" srcset=\"https:\/\/jornalfatosenoticias.com.br\/wp-content\/uploads\/2020\/02\/Logo_Mizu.png 729w, https:\/\/jornalfatosenoticias.com.br\/wp-content\/uploads\/2020\/02\/Logo_Mizu-300x37.png 300w\" sizes=\"auto, (max-width: 729px) 100vw, 729px\" \/><\/figure><\/div>\n\n\n\n<p><strong>Nasa testou eVTOL da Joby Aviation em 2021<br><\/strong>Fundada em 2009, a Joby foi a primeira empresa de eVTOLs a participar da Campanha Nacional de Mobilidade A\u00e9rea Avan\u00e7ada (AAM, na sigla em ingl\u00eas) da Nasa. Em setembro do ano passado, a ag\u00eancia espacial fez <a href=\"https:\/\/olhardigital.com.br\/2021\/09\/01\/ciencia-e-espaco\/nasa-testa-taxis-aereos-eletricos-com-a-joby-aviation\/amp\/\" target=\"_blank\" rel=\"noreferrer noopener\">alguns voos de teste<\/a> usando aeronaves desenvolvidas pela empresa. Os voos eram parte de um programa de observa\u00e7\u00e3o para determinar o grau de seguran\u00e7a dessas aeronaves para viajar com passageiros a bordo.<\/p>\n\n\n\n<div class=\"wp-block-image\"><figure class=\"aligncenter size-large is-resized\"><img loading=\"lazy\" decoding=\"async\" src=\"https:\/\/jornalfatosenoticias.com.br\/wp-content\/uploads\/2022\/07\/Logo-Grupo-SEI.jpg\" alt=\"\" class=\"wp-image-31973\" width=\"326\" height=\"171\" srcset=\"https:\/\/jornalfatosenoticias.com.br\/wp-content\/uploads\/2022\/07\/Logo-Grupo-SEI.jpg 713w, https:\/\/jornalfatosenoticias.com.br\/wp-content\/uploads\/2022\/07\/Logo-Grupo-SEI-300x158.jpg 300w\" sizes=\"auto, (max-width: 326px) 100vw, 326px\" \/><\/figure><\/div>\n\n\n\n<p><strong><em>Fonte: <a href=\"https:\/\/olhardigital.com.br\/2022\/10\/18\/carros-e-tecnologia\/servico-de-taxi-aereo-eletrico-ja-tem-data-para-decolar-no-japao\/amp\/\">Olhar Digital<\/a><\/em><\/strong><\/p>\n","protected":false},"excerpt":{"rendered":"<p>A Joby Aviation \u00e9 uma das empresas do ramo de eVTOLs que planeja operar em breve nos c\u00e9us do Jap\u00e3o. Depois de firmar um acordo em fevereiro com a maior companhia a\u00e9rea do pa\u00eds, a ANA (All Nippon Airways), a companhia com sede na Calif\u00f3rnia quer acelerar o lan\u00e7amento do seu servi\u00e7o de caronas a\u00e9reas. [&hellip;]<\/p>\n","protected":false},"author":2,"featured_media":35551,"comment_status":"open","ping_status":"open","sticky":false,"template":"","format":"standard","meta":{"footnotes":""},"categories":[9923],"tags":[2429,8724,233,16683,9900],"class_list":["post-35550","post","type-post","status-publish","format-standard","has-post-thumbnail","hentry","category-mobilidade","tag-aeronave-eletrica","tag-evtol","tag-japao","tag-joby-aviation","tag-taxi-aereo-eletrico"],"yoast_head":"<!-- This site is optimized with the Yoast SEO plugin v26.5 - https:\/\/yoast.com\/wordpress\/plugins\/seo\/ -->\n<title>Servi\u00e7o de t\u00e1xi a\u00e9reo el\u00e9trico j\u00e1 tem data para decolar no Jap\u00e3o - Jornal Fatos e Not\u00edcias<\/title>\n<meta name=\"robots\" content=\"index, follow, max-snippet:-1, max-image-preview:large, max-video-preview:-1\" \/>\n<link rel=\"canonical\" href=\"https:\/\/jornalfatosenoticias.com.br\/index.php\/2022\/10\/26\/servico-de-taxi-aereo-eletrico-ja-tem-data-para-decolar-no-japao\/\" \/>\n<meta property=\"og:locale\" content=\"pt_BR\" \/>\n<meta property=\"og:type\" content=\"article\" \/>\n<meta property=\"og:title\" content=\"Servi\u00e7o de t\u00e1xi a\u00e9reo el\u00e9trico j\u00e1 tem data para decolar no Jap\u00e3o - Jornal Fatos e Not\u00edcias\" \/>\n<meta property=\"og:description\" content=\"A Joby Aviation \u00e9 uma das empresas do ramo de eVTOLs que planeja operar em breve nos c\u00e9us do Jap\u00e3o. Depois de firmar um acordo em fevereiro com a maior companhia a\u00e9rea do pa\u00eds, a ANA (All Nippon Airways), a companhia com sede na Calif\u00f3rnia quer acelerar o lan\u00e7amento do seu servi\u00e7o de caronas a\u00e9reas. [&hellip;]\" \/>\n<meta property=\"og:url\" content=\"https:\/\/jornalfatosenoticias.com.br\/index.php\/2022\/10\/26\/servico-de-taxi-aereo-eletrico-ja-tem-data-para-decolar-no-japao\/\" \/>\n<meta property=\"og:site_name\" content=\"Jornal Fatos e Not\u00edcias\" \/>\n<meta property=\"article:published_time\" content=\"2022-10-26T13:15:19+00:00\" \/>\n<meta property=\"article:modified_time\" content=\"2022-10-26T13:15:20+00:00\" \/>\n<meta property=\"og:image\" content=\"https:\/\/jornalfatosenoticias.com.br\/wp-content\/uploads\/2022\/10\/TAXI-AEREO-JAPAO.jpg\" \/>\n\t<meta property=\"og:image:width\" content=\"1000\" \/>\n\t<meta property=\"og:image:height\" content=\"548\" \/>\n\t<meta property=\"og:image:type\" content=\"image\/jpeg\" \/>\n<meta name=\"author\" content=\"Luzimara Fernandes\" \/>\n<meta name=\"twitter:card\" content=\"summary_large_image\" \/>\n<meta name=\"twitter:label1\" content=\"Escrito por\" \/>\n\t<meta name=\"twitter:data1\" content=\"Luzimara Fernandes\" \/>\n\t<meta name=\"twitter:label2\" content=\"Est. tempo de leitura\" \/>\n\t<meta name=\"twitter:data2\" content=\"2 minutos\" \/>\n<script type=\"application\/ld+json\" class=\"yoast-schema-graph\">{\"@context\":\"https:\/\/schema.org\",\"@graph\":[{\"@type\":\"Article\",\"@id\":\"https:\/\/jornalfatosenoticias.com.br\/index.php\/2022\/10\/26\/servico-de-taxi-aereo-eletrico-ja-tem-data-para-decolar-no-japao\/#article\",\"isPartOf\":{\"@id\":\"https:\/\/jornalfatosenoticias.com.br\/index.php\/2022\/10\/26\/servico-de-taxi-aereo-eletrico-ja-tem-data-para-decolar-no-japao\/\"},\"author\":{\"name\":\"Luzimara Fernandes\",\"@id\":\"https:\/\/jornalfatosenoticias.com.br\/#\/schema\/person\/d63837fa13ac8666eb9e74e0985d6f81\"},\"headline\":\"Servi\u00e7o de t\u00e1xi a\u00e9reo el\u00e9trico j\u00e1 tem data para decolar no Jap\u00e3o\",\"datePublished\":\"2022-10-26T13:15:19+00:00\",\"dateModified\":\"2022-10-26T13:15:20+00:00\",\"mainEntityOfPage\":{\"@id\":\"https:\/\/jornalfatosenoticias.com.br\/index.php\/2022\/10\/26\/servico-de-taxi-aereo-eletrico-ja-tem-data-para-decolar-no-japao\/\"},\"wordCount\":391,\"commentCount\":0,\"publisher\":{\"@id\":\"https:\/\/jornalfatosenoticias.com.br\/#organization\"},\"image\":{\"@id\":\"https:\/\/jornalfatosenoticias.com.br\/index.php\/2022\/10\/26\/servico-de-taxi-aereo-eletrico-ja-tem-data-para-decolar-no-japao\/#primaryimage\"},\"thumbnailUrl\":\"https:\/\/jornalfatosenoticias.com.br\/wp-content\/uploads\/2022\/10\/TAXI-AEREO-JAPAO.jpg\",\"keywords\":[\"aeronave el\u00e9trica\",\"eVTOL\",\"jap\u00e3o\",\"Joby Aviation\",\"t\u00e1xi a\u00e9reo el\u00e9trico\"],\"articleSection\":[\"Mobilidade\"],\"inLanguage\":\"pt-BR\",\"potentialAction\":[{\"@type\":\"CommentAction\",\"name\":\"Comment\",\"target\":[\"https:\/\/jornalfatosenoticias.com.br\/index.php\/2022\/10\/26\/servico-de-taxi-aereo-eletrico-ja-tem-data-para-decolar-no-japao\/#respond\"]}]},{\"@type\":\"WebPage\",\"@id\":\"https:\/\/jornalfatosenoticias.com.br\/index.php\/2022\/10\/26\/servico-de-taxi-aereo-eletrico-ja-tem-data-para-decolar-no-japao\/\",\"url\":\"https:\/\/jornalfatosenoticias.com.br\/index.php\/2022\/10\/26\/servico-de-taxi-aereo-eletrico-ja-tem-data-para-decolar-no-japao\/\",\"name\":\"Servi\u00e7o de t\u00e1xi a\u00e9reo el\u00e9trico j\u00e1 tem data para decolar no Jap\u00e3o - Jornal Fatos e Not\u00edcias\",\"isPartOf\":{\"@id\":\"https:\/\/jornalfatosenoticias.com.br\/#website\"},\"primaryImageOfPage\":{\"@id\":\"https:\/\/jornalfatosenoticias.com.br\/index.php\/2022\/10\/26\/servico-de-taxi-aereo-eletrico-ja-tem-data-para-decolar-no-japao\/#primaryimage\"},\"image\":{\"@id\":\"https:\/\/jornalfatosenoticias.com.br\/index.php\/2022\/10\/26\/servico-de-taxi-aereo-eletrico-ja-tem-data-para-decolar-no-japao\/#primaryimage\"},\"thumbnailUrl\":\"https:\/\/jornalfatosenoticias.com.br\/wp-content\/uploads\/2022\/10\/TAXI-AEREO-JAPAO.jpg\",\"datePublished\":\"2022-10-26T13:15:19+00:00\",\"dateModified\":\"2022-10-26T13:15:20+00:00\",\"breadcrumb\":{\"@id\":\"https:\/\/jornalfatosenoticias.com.br\/index.php\/2022\/10\/26\/servico-de-taxi-aereo-eletrico-ja-tem-data-para-decolar-no-japao\/#breadcrumb\"},\"inLanguage\":\"pt-BR\",\"potentialAction\":[{\"@type\":\"ReadAction\",\"target\":[\"https:\/\/jornalfatosenoticias.com.br\/index.php\/2022\/10\/26\/servico-de-taxi-aereo-eletrico-ja-tem-data-para-decolar-no-japao\/\"]}]},{\"@type\":\"ImageObject\",\"inLanguage\":\"pt-BR\",\"@id\":\"https:\/\/jornalfatosenoticias.com.br\/index.php\/2022\/10\/26\/servico-de-taxi-aereo-eletrico-ja-tem-data-para-decolar-no-japao\/#primaryimage\",\"url\":\"https:\/\/jornalfatosenoticias.com.br\/wp-content\/uploads\/2022\/10\/TAXI-AEREO-JAPAO.jpg\",\"contentUrl\":\"https:\/\/jornalfatosenoticias.com.br\/wp-content\/uploads\/2022\/10\/TAXI-AEREO-JAPAO.jpg\",\"width\":1000,\"height\":548},{\"@type\":\"BreadcrumbList\",\"@id\":\"https:\/\/jornalfatosenoticias.com.br\/index.php\/2022\/10\/26\/servico-de-taxi-aereo-eletrico-ja-tem-data-para-decolar-no-japao\/#breadcrumb\",\"itemListElement\":[{\"@type\":\"ListItem\",\"position\":1,\"name\":\"In\u00edcio\",\"item\":\"https:\/\/jornalfatosenoticias.com.br\/\"},{\"@type\":\"ListItem\",\"position\":2,\"name\":\"Servi\u00e7o de t\u00e1xi a\u00e9reo el\u00e9trico j\u00e1 tem data para decolar no Jap\u00e3o\"}]},{\"@type\":\"WebSite\",\"@id\":\"https:\/\/jornalfatosenoticias.com.br\/#website\",\"url\":\"https:\/\/jornalfatosenoticias.com.br\/\",\"name\":\"Jornal Fatos e Not\u00edcias\",\"description\":\"Not\u00edcias em geral\",\"publisher\":{\"@id\":\"https:\/\/jornalfatosenoticias.com.br\/#organization\"},\"potentialAction\":[{\"@type\":\"SearchAction\",\"target\":{\"@type\":\"EntryPoint\",\"urlTemplate\":\"https:\/\/jornalfatosenoticias.com.br\/?s={search_term_string}\"},\"query-input\":{\"@type\":\"PropertyValueSpecification\",\"valueRequired\":true,\"valueName\":\"search_term_string\"}}],\"inLanguage\":\"pt-BR\"},{\"@type\":\"Organization\",\"@id\":\"https:\/\/jornalfatosenoticias.com.br\/#organization\",\"name\":\"Jornal Fatos e Not\u00edcias\",\"url\":\"https:\/\/jornalfatosenoticias.com.br\/\",\"logo\":{\"@type\":\"ImageObject\",\"inLanguage\":\"pt-BR\",\"@id\":\"https:\/\/jornalfatosenoticias.com.br\/#\/schema\/logo\/image\/\",\"url\":\"https:\/\/jornalfatosenoticias.com.br\/wp-content\/uploads\/2020\/02\/logo120.png\",\"contentUrl\":\"https:\/\/jornalfatosenoticias.com.br\/wp-content\/uploads\/2020\/02\/logo120.png\",\"width\":1227,\"height\":120,\"caption\":\"Jornal Fatos e Not\u00edcias\"},\"image\":{\"@id\":\"https:\/\/jornalfatosenoticias.com.br\/#\/schema\/logo\/image\/\"}},{\"@type\":\"Person\",\"@id\":\"https:\/\/jornalfatosenoticias.com.br\/#\/schema\/person\/d63837fa13ac8666eb9e74e0985d6f81\",\"name\":\"Luzimara Fernandes\",\"image\":{\"@type\":\"ImageObject\",\"inLanguage\":\"pt-BR\",\"@id\":\"https:\/\/jornalfatosenoticias.com.br\/#\/schema\/person\/image\/\",\"url\":\"https:\/\/jornalfatosenoticias.com.br\/wp-content\/uploads\/2025\/05\/EU_portal.jpg\",\"contentUrl\":\"https:\/\/jornalfatosenoticias.com.br\/wp-content\/uploads\/2025\/05\/EU_portal.jpg\",\"caption\":\"Luzimara Fernandes\"},\"description\":\"Jornalista MTB 2358-ES\",\"sameAs\":[\"https:\/\/jornalfatosenoticias.com.br\"],\"url\":\"https:\/\/jornalfatosenoticias.com.br\/index.php\/author\/luzimara\/\"}]}<\/script>\n<!-- \/ Yoast SEO plugin. -->","yoast_head_json":{"title":"Servi\u00e7o de t\u00e1xi a\u00e9reo el\u00e9trico j\u00e1 tem data para decolar no Jap\u00e3o - Jornal Fatos e Not\u00edcias","robots":{"index":"index","follow":"follow","max-snippet":"max-snippet:-1","max-image-preview":"max-image-preview:large","max-video-preview":"max-video-preview:-1"},"canonical":"https:\/\/jornalfatosenoticias.com.br\/index.php\/2022\/10\/26\/servico-de-taxi-aereo-eletrico-ja-tem-data-para-decolar-no-japao\/","og_locale":"pt_BR","og_type":"article","og_title":"Servi\u00e7o de t\u00e1xi a\u00e9reo el\u00e9trico j\u00e1 tem data para decolar no Jap\u00e3o - Jornal Fatos e Not\u00edcias","og_description":"A Joby Aviation \u00e9 uma das empresas do ramo de eVTOLs que planeja operar em breve nos c\u00e9us do Jap\u00e3o. Depois de firmar um acordo em fevereiro com a maior companhia a\u00e9rea do pa\u00eds, a ANA (All Nippon Airways), a companhia com sede na Calif\u00f3rnia quer acelerar o lan\u00e7amento do seu servi\u00e7o de caronas a\u00e9reas. [&hellip;]","og_url":"https:\/\/jornalfatosenoticias.com.br\/index.php\/2022\/10\/26\/servico-de-taxi-aereo-eletrico-ja-tem-data-para-decolar-no-japao\/","og_site_name":"Jornal Fatos e Not\u00edcias","article_published_time":"2022-10-26T13:15:19+00:00","article_modified_time":"2022-10-26T13:15:20+00:00","og_image":[{"width":1000,"height":548,"url":"https:\/\/jornalfatosenoticias.com.br\/wp-content\/uploads\/2022\/10\/TAXI-AEREO-JAPAO.jpg","type":"image\/jpeg"}],"author":"Luzimara Fernandes","twitter_card":"summary_large_image","twitter_misc":{"Escrito por":"Luzimara Fernandes","Est. tempo de leitura":"2 minutos"},"schema":{"@context":"https:\/\/schema.org","@graph":[{"@type":"Article","@id":"https:\/\/jornalfatosenoticias.com.br\/index.php\/2022\/10\/26\/servico-de-taxi-aereo-eletrico-ja-tem-data-para-decolar-no-japao\/#article","isPartOf":{"@id":"https:\/\/jornalfatosenoticias.com.br\/index.php\/2022\/10\/26\/servico-de-taxi-aereo-eletrico-ja-tem-data-para-decolar-no-japao\/"},"author":{"name":"Luzimara Fernandes","@id":"https:\/\/jornalfatosenoticias.com.br\/#\/schema\/person\/d63837fa13ac8666eb9e74e0985d6f81"},"headline":"Servi\u00e7o de t\u00e1xi a\u00e9reo el\u00e9trico j\u00e1 tem data para decolar no Jap\u00e3o","datePublished":"2022-10-26T13:15:19+00:00","dateModified":"2022-10-26T13:15:20+00:00","mainEntityOfPage":{"@id":"https:\/\/jornalfatosenoticias.com.br\/index.php\/2022\/10\/26\/servico-de-taxi-aereo-eletrico-ja-tem-data-para-decolar-no-japao\/"},"wordCount":391,"commentCount":0,"publisher":{"@id":"https:\/\/jornalfatosenoticias.com.br\/#organization"},"image":{"@id":"https:\/\/jornalfatosenoticias.com.br\/index.php\/2022\/10\/26\/servico-de-taxi-aereo-eletrico-ja-tem-data-para-decolar-no-japao\/#primaryimage"},"thumbnailUrl":"https:\/\/jornalfatosenoticias.com.br\/wp-content\/uploads\/2022\/10\/TAXI-AEREO-JAPAO.jpg","keywords":["aeronave el\u00e9trica","eVTOL","jap\u00e3o","Joby Aviation","t\u00e1xi a\u00e9reo el\u00e9trico"],"articleSection":["Mobilidade"],"inLanguage":"pt-BR","potentialAction":[{"@type":"CommentAction","name":"Comment","target":["https:\/\/jornalfatosenoticias.com.br\/index.php\/2022\/10\/26\/servico-de-taxi-aereo-eletrico-ja-tem-data-para-decolar-no-japao\/#respond"]}]},{"@type":"WebPage","@id":"https:\/\/jornalfatosenoticias.com.br\/index.php\/2022\/10\/26\/servico-de-taxi-aereo-eletrico-ja-tem-data-para-decolar-no-japao\/","url":"https:\/\/jornalfatosenoticias.com.br\/index.php\/2022\/10\/26\/servico-de-taxi-aereo-eletrico-ja-tem-data-para-decolar-no-japao\/","name":"Servi\u00e7o de t\u00e1xi a\u00e9reo el\u00e9trico j\u00e1 tem data para decolar no Jap\u00e3o - Jornal Fatos e Not\u00edcias","isPartOf":{"@id":"https:\/\/jornalfatosenoticias.com.br\/#website"},"primaryImageOfPage":{"@id":"https:\/\/jornalfatosenoticias.com.br\/index.php\/2022\/10\/26\/servico-de-taxi-aereo-eletrico-ja-tem-data-para-decolar-no-japao\/#primaryimage"},"image":{"@id":"https:\/\/jornalfatosenoticias.com.br\/index.php\/2022\/10\/26\/servico-de-taxi-aereo-eletrico-ja-tem-data-para-decolar-no-japao\/#primaryimage"},"thumbnailUrl":"https:\/\/jornalfatosenoticias.com.br\/wp-content\/uploads\/2022\/10\/TAXI-AEREO-JAPAO.jpg","datePublished":"2022-10-26T13:15:19+00:00","dateModified":"2022-10-26T13:15:20+00:00","breadcrumb":{"@id":"https:\/\/jornalfatosenoticias.com.br\/index.php\/2022\/10\/26\/servico-de-taxi-aereo-eletrico-ja-tem-data-para-decolar-no-japao\/#breadcrumb"},"inLanguage":"pt-BR","potentialAction":[{"@type":"ReadAction","target":["https:\/\/jornalfatosenoticias.com.br\/index.php\/2022\/10\/26\/servico-de-taxi-aereo-eletrico-ja-tem-data-para-decolar-no-japao\/"]}]},{"@type":"ImageObject","inLanguage":"pt-BR","@id":"https:\/\/jornalfatosenoticias.com.br\/index.php\/2022\/10\/26\/servico-de-taxi-aereo-eletrico-ja-tem-data-para-decolar-no-japao\/#primaryimage","url":"https:\/\/jornalfatosenoticias.com.br\/wp-content\/uploads\/2022\/10\/TAXI-AEREO-JAPAO.jpg","contentUrl":"https:\/\/jornalfatosenoticias.com.br\/wp-content\/uploads\/2022\/10\/TAXI-AEREO-JAPAO.jpg","width":1000,"height":548},{"@type":"BreadcrumbList","@id":"https:\/\/jornalfatosenoticias.com.br\/index.php\/2022\/10\/26\/servico-de-taxi-aereo-eletrico-ja-tem-data-para-decolar-no-japao\/#breadcrumb","itemListElement":[{"@type":"ListItem","position":1,"name":"In\u00edcio","item":"https:\/\/jornalfatosenoticias.com.br\/"},{"@type":"ListItem","position":2,"name":"Servi\u00e7o de t\u00e1xi a\u00e9reo el\u00e9trico j\u00e1 tem data para decolar no Jap\u00e3o"}]},{"@type":"WebSite","@id":"https:\/\/jornalfatosenoticias.com.br\/#website","url":"https:\/\/jornalfatosenoticias.com.br\/","name":"Jornal Fatos e Not\u00edcias","description":"Not\u00edcias em geral","publisher":{"@id":"https:\/\/jornalfatosenoticias.com.br\/#organization"},"potentialAction":[{"@type":"SearchAction","target":{"@type":"EntryPoint","urlTemplate":"https:\/\/jornalfatosenoticias.com.br\/?s={search_term_string}"},"query-input":{"@type":"PropertyValueSpecification","valueRequired":true,"valueName":"search_term_string"}}],"inLanguage":"pt-BR"},{"@type":"Organization","@id":"https:\/\/jornalfatosenoticias.com.br\/#organization","name":"Jornal Fatos e Not\u00edcias","url":"https:\/\/jornalfatosenoticias.com.br\/","logo":{"@type":"ImageObject","inLanguage":"pt-BR","@id":"https:\/\/jornalfatosenoticias.com.br\/#\/schema\/logo\/image\/","url":"https:\/\/jornalfatosenoticias.com.br\/wp-content\/uploads\/2020\/02\/logo120.png","contentUrl":"https:\/\/jornalfatosenoticias.com.br\/wp-content\/uploads\/2020\/02\/logo120.png","width":1227,"height":120,"caption":"Jornal Fatos e Not\u00edcias"},"image":{"@id":"https:\/\/jornalfatosenoticias.com.br\/#\/schema\/logo\/image\/"}},{"@type":"Person","@id":"https:\/\/jornalfatosenoticias.com.br\/#\/schema\/person\/d63837fa13ac8666eb9e74e0985d6f81","name":"Luzimara Fernandes","image":{"@type":"ImageObject","inLanguage":"pt-BR","@id":"https:\/\/jornalfatosenoticias.com.br\/#\/schema\/person\/image\/","url":"https:\/\/jornalfatosenoticias.com.br\/wp-content\/uploads\/2025\/05\/EU_portal.jpg","contentUrl":"https:\/\/jornalfatosenoticias.com.br\/wp-content\/uploads\/2025\/05\/EU_portal.jpg","caption":"Luzimara Fernandes"},"description":"Jornalista MTB 2358-ES","sameAs":["https:\/\/jornalfatosenoticias.com.br"],"url":"https:\/\/jornalfatosenoticias.com.br\/index.php\/author\/luzimara\/"}]}},"cc_featured_image_caption":{"caption_text":"(Foto: Joby Aviation\/Divulga\u00e7\u00e3o) \r\n","source_text":"","source_url":""},"jetpack_featured_media_url":"https:\/\/jornalfatosenoticias.com.br\/wp-content\/uploads\/2022\/10\/TAXI-AEREO-JAPAO.jpg","_links":{"self":[{"href":"https:\/\/jornalfatosenoticias.com.br\/index.php\/wp-json\/wp\/v2\/posts\/35550","targetHints":{"allow":["GET"]}}],"collection":[{"href":"https:\/\/jornalfatosenoticias.com.br\/index.php\/wp-json\/wp\/v2\/posts"}],"about":[{"href":"https:\/\/jornalfatosenoticias.com.br\/index.php\/wp-json\/wp\/v2\/types\/post"}],"author":[{"embeddable":true,"href":"https:\/\/jornalfatosenoticias.com.br\/index.php\/wp-json\/wp\/v2\/users\/2"}],"replies":[{"embeddable":true,"href":"https:\/\/jornalfatosenoticias.com.br\/index.php\/wp-json\/wp\/v2\/comments?post=35550"}],"version-history":[{"count":0,"href":"https:\/\/jornalfatosenoticias.com.br\/index.php\/wp-json\/wp\/v2\/posts\/35550\/revisions"}],"wp:featuredmedia":[{"embeddable":true,"href":"https:\/\/jornalfatosenoticias.com.br\/index.php\/wp-json\/wp\/v2\/media\/35551"}],"wp:attachment":[{"href":"https:\/\/jornalfatosenoticias.com.br\/index.php\/wp-json\/wp\/v2\/media?parent=35550"}],"wp:term":[{"taxonomy":"category","embeddable":true,"href":"https:\/\/jornalfatosenoticias.com.br\/index.php\/wp-json\/wp\/v2\/categories?post=35550"},{"taxonomy":"post_tag","embeddable":true,"href":"https:\/\/jornalfatosenoticias.com.br\/index.php\/wp-json\/wp\/v2\/tags?post=35550"}],"curies":[{"name":"wp","href":"https:\/\/api.w.org\/{rel}","templated":true}]}}