{"id":35554,"date":"2022-10-26T10:24:08","date_gmt":"2022-10-26T13:24:08","guid":{"rendered":"https:\/\/jornalfatosenoticias.com.br\/?p=35554"},"modified":"2022-10-26T10:24:09","modified_gmt":"2022-10-26T13:24:09","slug":"esqueca-padroes-idosos-mudaram-vivem-mais-e-continuam-aprendendo","status":"publish","type":"post","link":"https:\/\/jornalfatosenoticias.com.br\/index.php\/2022\/10\/26\/esqueca-padroes-idosos-mudaram-vivem-mais-e-continuam-aprendendo\/","title":{"rendered":"Esque\u00e7a padr\u00f5es: idosos mudaram, vivem mais e continuam aprendendo"},"content":{"rendered":"\n<div class=\"wp-block-image\"><figure class=\"aligncenter size-large\"><img decoding=\"async\" src=\"https:\/\/jornalfatosenoticias.com.br\/wp-content\/uploads\/2020\/02\/Serra-Grande-1024x160.png\" alt=\"\" class=\"wp-image-7836\"\/><\/figure><\/div>\n\n\n\n<p>Voc\u00ea j\u00e1 deve ter ouvido falar que quando se envelhece todo mundo tende a ficar parecido. No que compete \u00e0 parte f\u00edsica, a pele enruga e fica fl\u00e1cida, mobilidade, audi\u00e7\u00e3o e vis\u00e3o reduzem, os cabelos embranquecem.<br>Agora, no aspecto comportamental, caracter\u00edsticas naturais da personalidade tendem a se acentuar mais, por isso alguns idosos ficam rebeldes e rabugentos.<br>At\u00e9 a\u00ed tudo bem, mas n\u00e3o d\u00e1 para dizer que todos fiquem exatamente iguais. <\/p>\n\n\n\n<div class=\"wp-block-image\"><figure class=\"aligncenter size-large\"><img loading=\"lazy\" decoding=\"async\" width=\"300\" height=\"250\" src=\"https:\/\/jornalfatosenoticias.com.br\/wp-content\/uploads\/2022\/08\/arte-Casarao.jpg\" alt=\"\" class=\"wp-image-33178\"\/><\/figure><\/div>\n\n\n\n<p>Para al\u00e9m de cada um de n\u00f3s sermos \u00fanicos, o que tem a ver com caracter\u00edsticas heredit\u00e1rias, ambiente em que crescemos e frequentamos, experi\u00eancias que nos marcam em diferentes fases, ensinamentos, autorreflex\u00f5es, horm\u00f4nios, h\u00e1bitos. Os tempos mudaram, s\u00e3o outros, e as pessoas tamb\u00e9m.<\/p>\n\n\n\n<div class=\"wp-block-image\"><figure class=\"aligncenter size-large\"><img loading=\"lazy\" decoding=\"async\" width=\"1024\" height=\"111\" src=\"https:\/\/jornalfatosenoticias.com.br\/wp-content\/uploads\/2020\/02\/WhatsApp-Image-2022-09-23-at-12.09.18-1024x111.jpeg\" alt=\"\" class=\"wp-image-34527\" srcset=\"https:\/\/jornalfatosenoticias.com.br\/wp-content\/uploads\/2020\/02\/WhatsApp-Image-2022-09-23-at-12.09.18-1024x111.jpeg 1024w, https:\/\/jornalfatosenoticias.com.br\/wp-content\/uploads\/2020\/02\/WhatsApp-Image-2022-09-23-at-12.09.18-300x32.jpeg 300w, https:\/\/jornalfatosenoticias.com.br\/wp-content\/uploads\/2020\/02\/WhatsApp-Image-2022-09-23-at-12.09.18-768x83.jpeg 768w, https:\/\/jornalfatosenoticias.com.br\/wp-content\/uploads\/2020\/02\/WhatsApp-Image-2022-09-23-at-12.09.18.jpeg 1121w\" sizes=\"auto, (max-width: 1024px) 100vw, 1024px\" \/><\/figure><\/div>\n\n\n\n<p>Idosos t\u00eam vivido mais, consumido mais e continuam aprendendo. Da\u00ed que muitos padr\u00f5es est\u00e3o se redefinindo, como o mercado de trabalho, que j\u00e1 come\u00e7ou a reconhecer as vantagens de uma vida experiente. Nesse sentido, revisar conceitos, para n\u00e3o cair em estere\u00f3tipos distorcidos sobre a terceira idade, \u00e9 uma das principais necessidades da contemporaneidade.<\/p>\n\n\n\n<div class=\"wp-block-image\"><figure class=\"alignleft size-large is-resized\"><img loading=\"lazy\" decoding=\"async\" src=\"https:\/\/jornalfatosenoticias.com.br\/wp-content\/uploads\/2020\/02\/nova-logo-Marquetti.jpg\" alt=\"\" class=\"wp-image-22331\" width=\"306\" height=\"205\" srcset=\"https:\/\/jornalfatosenoticias.com.br\/wp-content\/uploads\/2020\/02\/nova-logo-Marquetti.jpg 643w, https:\/\/jornalfatosenoticias.com.br\/wp-content\/uploads\/2020\/02\/nova-logo-Marquetti-300x202.jpg 300w\" sizes=\"auto, (max-width: 306px) 100vw, 306px\" \/><\/figure><\/div>\n\n\n\n<p><strong><span class=\"has-inline-color has-vivid-purple-color\">Mapa dos diferentes perfis<br><\/span><\/strong>De acordo com estudos recentes, como um produzido e divulgado este ano pela Globo e parceiros, existem diferentes padr\u00f5es de conduta entre os maduros e que podem ser divididos em tr\u00eas grupos, totalizando seis perfis. Quatro no primeiro grupo (autossuficientes, s\u00e1bios, agregadores e cuidadores), um no segundo (exploradores) e outro no terceiro (em pausa).<br><strong><span class=\"has-inline-color has-black-color\">Autossuficientes:<\/span><\/strong> corresponde a pessoas que ainda n\u00e3o s\u00e3o idosas, mas est\u00e3o pr\u00f3ximas dessa fase. Geralmente solteiras ou divorciadas, perfeccionistas e que gerenciam a pr\u00f3pria rotina e sabem concretizar seus sonhos, al\u00e9m de desfrutar da sua pr\u00f3pria companhia.<br><strong><span class=\"has-inline-color has-black-color\">S\u00e1bios:<\/span><\/strong> incluem os casados ou que moram com parceiros, est\u00e3o aposentados e possuem renda mensal mais alta do que a m\u00e9dia. Se tivessem um lema: &#8220;valho pelo que sei, vivi e acumulei&#8221;.<\/p>\n\n\n\n<div class=\"wp-block-image\"><figure class=\"aligncenter size-large\"><img decoding=\"async\" src=\"https:\/\/jornalfatosenoticias.com.br\/wp-content\/uploads\/2020\/02\/logo-embacia-1-1024x110.jpg\" alt=\"\" class=\"wp-image-33954\"\/><\/figure><\/div>\n\n\n\n<p><strong><span class=\"has-inline-color has-black-color\">Agregadores:<\/span><\/strong> priorizam rela\u00e7\u00f5es, la\u00e7os afetivos e pensam no coletivo. S\u00e3o altru\u00edstas, multitarefas e possuem fam\u00edlias maiores. Perfil mais maduro, entre 65 e 74 anos, e feminino.<br><span class=\"has-inline-color has-black-color\"><strong>Cuidadores:<\/strong> <\/span>majoritariamente feminino, entre 55 e 64 anos. Prezam pela generosidade e afeto, gerenciam problemas familiares, mas tendem a se sentir invis\u00edveis ou anulados.<\/p>\n\n\n\n<div class=\"wp-block-image\"><figure class=\"aligncenter size-large is-resized\"><img loading=\"lazy\" decoding=\"async\" src=\"https:\/\/jornalfatosenoticias.com.br\/wp-content\/uploads\/2020\/02\/casa-do-torresmo_portal.jpg\" alt=\"\" class=\"wp-image-34472\" width=\"283\" height=\"283\" srcset=\"https:\/\/jornalfatosenoticias.com.br\/wp-content\/uploads\/2020\/02\/casa-do-torresmo_portal.jpg 300w, https:\/\/jornalfatosenoticias.com.br\/wp-content\/uploads\/2020\/02\/casa-do-torresmo_portal-150x150.jpg 150w\" sizes=\"auto, (max-width: 283px) 100vw, 283px\" \/><\/figure><\/div>\n\n\n\n<p><span class=\"has-inline-color has-black-color\"><strong>Exploradores:<\/strong> <\/span>se transformam, se redescobrem, gostam de ousadia e de se relacionar com grupos diversos e aprender com eles novas habilidades, pois s\u00e3o tamb\u00e9m curiosos e abertos. Geralmente s\u00e3o pessoas sem filhos e, na maioria, mulheres na faixa entre 55 e 65 anos.<br><strong><span class=\"has-inline-color has-black-color\">Em pausa: <\/span><\/strong>s\u00e3o aqueles que ao se depararem com a velhice, ou vi\u00favos, sozinhos, sem os pais, pausaram a vida para planejar novos passos. Evitam novas responsabilidades e cobran\u00e7as. Mas nada \u00e9 determinante e h\u00e1 quem possa se reconhecer em mais de um, ou m\u00faltiplos perfis.<\/p>\n\n\n\n<div class=\"wp-block-image\"><figure class=\"alignright size-large\"><img decoding=\"async\" src=\"https:\/\/jornalfatosenoticias.com.br\/wp-content\/uploads\/2020\/02\/logo_esteio.jpg\" alt=\"\" class=\"wp-image-1214\"\/><\/figure><\/div>\n\n\n\n<p><strong><span class=\"has-inline-color has-vivid-purple-color\">Mais conectados, ativos e cuidadosos<br><\/span><\/strong>Jovens do passado que romperam barreiras, como os dos anos 50, que popularizaram o rock, ou dos anos 60, a contracultura, ou de 1980, que protestaram pelas Diretas J\u00e1, n\u00e3o estariam hoje na invisibilidade, concordam? O perfil do idoso na atualidade \u00e9 muito mais independente, ativo e engajado. S\u00e3o av\u00f3s que acessam internet, viajam, se exercitam, estudam e namoram.<br>Para esse p\u00fablico, as redes sociais fazem parte da rotina (no Brasil, 70% dos que est\u00e3o acima de 50 anos acessam a internet todos os dias), contribuindo para sua atualiza\u00e7\u00e3o, socializa\u00e7\u00e3o e aprendizado sobre novos produtos e servi\u00e7os. A tecnologia tamb\u00e9m os ajuda nas buscas por planejamento financeiro, emprego, cuidados pessoais e mudan\u00e7as de h\u00e1bitos de vida.<\/p>\n\n\n\n<div class=\"wp-block-image\"><figure class=\"aligncenter size-large\"><img loading=\"lazy\" decoding=\"async\" width=\"1024\" height=\"100\" src=\"https:\/\/jornalfatosenoticias.com.br\/wp-content\/uploads\/2022\/05\/NOVA-LOGO-CESCONETTO-1024x100.jpg\" alt=\"\" class=\"wp-image-30792\" srcset=\"https:\/\/jornalfatosenoticias.com.br\/wp-content\/uploads\/2022\/05\/NOVA-LOGO-CESCONETTO-1024x100.jpg 1024w, https:\/\/jornalfatosenoticias.com.br\/wp-content\/uploads\/2022\/05\/NOVA-LOGO-CESCONETTO-300x29.jpg 300w, https:\/\/jornalfatosenoticias.com.br\/wp-content\/uploads\/2022\/05\/NOVA-LOGO-CESCONETTO-768x75.jpg 768w, https:\/\/jornalfatosenoticias.com.br\/wp-content\/uploads\/2022\/05\/NOVA-LOGO-CESCONETTO.jpg 1280w\" sizes=\"auto, (max-width: 1024px) 100vw, 1024px\" \/><\/figure><\/div>\n\n\n\n<p>Sa\u00fade \u00e9 uma das suas principais prioridades. Em se tratando de alimenta\u00e7\u00e3o, h\u00e1 uma forte tend\u00eancia entre eles (para 60%, segundo o estudo da Globo) de se priorizar o que for mais natural e menos industrializado. Sem deixar de citar o interesse pela apar\u00eancia e est\u00e9tica. Buscas por &#8220;pele madura&#8221; e afins, segundo o Google, cresceram 40%, de 2017 para 2018.<\/p>\n\n\n\n<div class=\"wp-block-image\"><figure class=\"alignleft size-large is-resized\"><img loading=\"lazy\" decoding=\"async\" src=\"https:\/\/jornalfatosenoticias.com.br\/wp-content\/uploads\/2022\/10\/RC_800x750_page-0001.jpg\" alt=\"\" class=\"wp-image-35338\" width=\"255\" height=\"239\" srcset=\"https:\/\/jornalfatosenoticias.com.br\/wp-content\/uploads\/2022\/10\/RC_800x750_page-0001.jpg 400w, https:\/\/jornalfatosenoticias.com.br\/wp-content\/uploads\/2022\/10\/RC_800x750_page-0001-300x281.jpg 300w\" sizes=\"auto, (max-width: 255px) 100vw, 255px\" \/><\/figure><\/div>\n\n\n\n<p><strong><span class=\"has-inline-color has-vivid-purple-color\">Para jovens e governantes, uma li\u00e7\u00e3o<br><\/span><\/strong>No contexto atual, em que os mais velhos, muitas vezes, s\u00e3o os que sustentam suas fam\u00edlias, reformas na Previd\u00eancia j\u00e1 s\u00e3o realidade e a expectativa de vida caminha rumo aos 100 anos, cabe aos jovens se atentarem \u00e0queles que um dia eles ser\u00e3o. O Instituto de Pesquisa Econ\u00f4mica Aplicada (Ipea) projeta que, de tr\u00eas brasileiros, um ter\u00e1 mais de 60 anos em 2060.<br>Portanto, estudar melhor uma fatia t\u00e3o heterog\u00eanea, como a dos idosos, \u00e9 pensar no hoje e no amanh\u00e3. \u00c9 compreender suas necessidades, interesses, limita\u00e7\u00f5es, garantir pol\u00edticas p\u00fablicas (e eles est\u00e3o conscientes de seus direitos, \u00e9 o que revelam as buscas por &#8220;estatuto do idoso&#8221;, por exemplo), melhorar seu relacionamento com familiares e cuidadores e preparar o Brasil.<\/p>\n\n\n\n<div class=\"wp-block-image\"><figure class=\"aligncenter size-large\"><img loading=\"lazy\" decoding=\"async\" width=\"1024\" height=\"100\" src=\"https:\/\/jornalfatosenoticias.com.br\/wp-content\/uploads\/2020\/02\/banner_ferramentas-1024x100.jpg\" alt=\"\" class=\"wp-image-1258\" srcset=\"https:\/\/jornalfatosenoticias.com.br\/wp-content\/uploads\/2020\/02\/banner_ferramentas-1024x100.jpg 1024w, https:\/\/jornalfatosenoticias.com.br\/wp-content\/uploads\/2020\/02\/banner_ferramentas-300x29.jpg 300w, https:\/\/jornalfatosenoticias.com.br\/wp-content\/uploads\/2020\/02\/banner_ferramentas-768x75.jpg 768w, https:\/\/jornalfatosenoticias.com.br\/wp-content\/uploads\/2020\/02\/banner_ferramentas.jpg 1227w\" sizes=\"auto, (max-width: 1024px) 100vw, 1024px\" \/><\/figure><\/div>\n\n\n\n<p>Para os especialistas consultados, a mudan\u00e7a \u00e9 cultural e envolve investimentos massivos por parte dos governantes em educa\u00e7\u00e3o, ci\u00eancia e renda digna, para combater o preconceito e a desinforma\u00e7\u00e3o, atrair talentos, fomentar pesquisas, criar di\u00e1logos e explorar as contribui\u00e7\u00f5es dos idosos, que s\u00e3o a popula\u00e7\u00e3o que mais cresce no nosso Pa\u00eds e no mundo.<\/p>\n\n\n\n<div class=\"wp-block-image\"><figure class=\"aligncenter size-large is-resized\"><img loading=\"lazy\" decoding=\"async\" src=\"https:\/\/jornalfatosenoticias.com.br\/wp-content\/uploads\/2020\/02\/logo-clinica-limoeiro.jpg\" alt=\"\" class=\"wp-image-34610\" width=\"286\" height=\"203\"\/><\/figure><\/div>\n\n\n\n<p><strong><em>Fonte: <a href=\"https:\/\/www.uol.com.br\/vivabem\/noticias\/redacao\/2022\/10\/14\/esqueca-padroes-idosos-mudaram-vivem-mais-e-continuam-aprendendo.htm\">UOL<\/a><\/em><\/strong><\/p>\n","protected":false},"excerpt":{"rendered":"<p>Voc\u00ea j\u00e1 deve ter ouvido falar que quando se envelhece todo mundo tende a ficar parecido. No que compete \u00e0 parte f\u00edsica, a pele enruga e fica fl\u00e1cida, mobilidade, audi\u00e7\u00e3o e vis\u00e3o reduzem, os cabelos embranquecem.Agora, no aspecto comportamental, caracter\u00edsticas naturais da personalidade tendem a se acentuar mais, por isso alguns idosos ficam rebeldes e [&hellip;]<\/p>\n","protected":false},"author":2,"featured_media":35555,"comment_status":"open","ping_status":"open","sticky":false,"template":"","format":"standard","meta":{"footnotes":""},"categories":[2522],"tags":[16684,850,16685,16686],"class_list":["post-35554","post","type-post","status-publish","format-standard","has-post-thumbnail","hentry","category-comportamento","tag-comportamento-idosos","tag-idosos","tag-padroes","tag-padroes-comportamentais"],"yoast_head":"<!-- This site is optimized with the Yoast SEO plugin v26.5 - https:\/\/yoast.com\/wordpress\/plugins\/seo\/ -->\n<title>Esque\u00e7a padr\u00f5es: idosos mudaram, vivem mais e continuam aprendendo - Jornal Fatos e Not\u00edcias<\/title>\n<meta name=\"robots\" content=\"index, follow, max-snippet:-1, max-image-preview:large, max-video-preview:-1\" \/>\n<link rel=\"canonical\" href=\"https:\/\/jornalfatosenoticias.com.br\/index.php\/2022\/10\/26\/esqueca-padroes-idosos-mudaram-vivem-mais-e-continuam-aprendendo\/\" \/>\n<meta property=\"og:locale\" content=\"pt_BR\" \/>\n<meta property=\"og:type\" content=\"article\" \/>\n<meta property=\"og:title\" content=\"Esque\u00e7a padr\u00f5es: idosos mudaram, vivem mais e continuam aprendendo - Jornal Fatos e Not\u00edcias\" \/>\n<meta property=\"og:description\" content=\"Voc\u00ea j\u00e1 deve ter ouvido falar que quando se envelhece todo mundo tende a ficar parecido. No que compete \u00e0 parte f\u00edsica, a pele enruga e fica fl\u00e1cida, mobilidade, audi\u00e7\u00e3o e vis\u00e3o reduzem, os cabelos embranquecem.Agora, no aspecto comportamental, caracter\u00edsticas naturais da personalidade tendem a se acentuar mais, por isso alguns idosos ficam rebeldes e [&hellip;]\" \/>\n<meta property=\"og:url\" content=\"https:\/\/jornalfatosenoticias.com.br\/index.php\/2022\/10\/26\/esqueca-padroes-idosos-mudaram-vivem-mais-e-continuam-aprendendo\/\" \/>\n<meta property=\"og:site_name\" content=\"Jornal Fatos e Not\u00edcias\" \/>\n<meta property=\"article:published_time\" content=\"2022-10-26T13:24:08+00:00\" \/>\n<meta property=\"article:modified_time\" content=\"2022-10-26T13:24:09+00:00\" \/>\n<meta property=\"og:image\" content=\"https:\/\/jornalfatosenoticias.com.br\/wp-content\/uploads\/2022\/10\/idosos-mudaram-vivem-mais-e-continuam-aprendendo.jpg\" \/>\n\t<meta property=\"og:image:width\" content=\"1000\" \/>\n\t<meta property=\"og:image:height\" content=\"621\" \/>\n\t<meta property=\"og:image:type\" content=\"image\/jpeg\" \/>\n<meta name=\"author\" content=\"Luzimara Fernandes\" \/>\n<meta name=\"twitter:card\" content=\"summary_large_image\" \/>\n<meta name=\"twitter:label1\" content=\"Escrito por\" \/>\n\t<meta name=\"twitter:data1\" content=\"Luzimara Fernandes\" \/>\n\t<meta name=\"twitter:label2\" content=\"Est. tempo de leitura\" \/>\n\t<meta name=\"twitter:data2\" content=\"4 minutos\" \/>\n<script type=\"application\/ld+json\" class=\"yoast-schema-graph\">{\"@context\":\"https:\/\/schema.org\",\"@graph\":[{\"@type\":\"Article\",\"@id\":\"https:\/\/jornalfatosenoticias.com.br\/index.php\/2022\/10\/26\/esqueca-padroes-idosos-mudaram-vivem-mais-e-continuam-aprendendo\/#article\",\"isPartOf\":{\"@id\":\"https:\/\/jornalfatosenoticias.com.br\/index.php\/2022\/10\/26\/esqueca-padroes-idosos-mudaram-vivem-mais-e-continuam-aprendendo\/\"},\"author\":{\"name\":\"Luzimara Fernandes\",\"@id\":\"https:\/\/jornalfatosenoticias.com.br\/#\/schema\/person\/d63837fa13ac8666eb9e74e0985d6f81\"},\"headline\":\"Esque\u00e7a padr\u00f5es: idosos mudaram, vivem mais e continuam aprendendo\",\"datePublished\":\"2022-10-26T13:24:08+00:00\",\"dateModified\":\"2022-10-26T13:24:09+00:00\",\"mainEntityOfPage\":{\"@id\":\"https:\/\/jornalfatosenoticias.com.br\/index.php\/2022\/10\/26\/esqueca-padroes-idosos-mudaram-vivem-mais-e-continuam-aprendendo\/\"},\"wordCount\":868,\"commentCount\":0,\"publisher\":{\"@id\":\"https:\/\/jornalfatosenoticias.com.br\/#organization\"},\"image\":{\"@id\":\"https:\/\/jornalfatosenoticias.com.br\/index.php\/2022\/10\/26\/esqueca-padroes-idosos-mudaram-vivem-mais-e-continuam-aprendendo\/#primaryimage\"},\"thumbnailUrl\":\"https:\/\/jornalfatosenoticias.com.br\/wp-content\/uploads\/2022\/10\/idosos-mudaram-vivem-mais-e-continuam-aprendendo.jpg\",\"keywords\":[\"comportamento idosos\",\"idosos\",\"padr\u00f5es\",\"padr\u00f5es comportamentais\"],\"articleSection\":[\"Comportamento &amp; Equil\u00edbrio\"],\"inLanguage\":\"pt-BR\",\"potentialAction\":[{\"@type\":\"CommentAction\",\"name\":\"Comment\",\"target\":[\"https:\/\/jornalfatosenoticias.com.br\/index.php\/2022\/10\/26\/esqueca-padroes-idosos-mudaram-vivem-mais-e-continuam-aprendendo\/#respond\"]}]},{\"@type\":\"WebPage\",\"@id\":\"https:\/\/jornalfatosenoticias.com.br\/index.php\/2022\/10\/26\/esqueca-padroes-idosos-mudaram-vivem-mais-e-continuam-aprendendo\/\",\"url\":\"https:\/\/jornalfatosenoticias.com.br\/index.php\/2022\/10\/26\/esqueca-padroes-idosos-mudaram-vivem-mais-e-continuam-aprendendo\/\",\"name\":\"Esque\u00e7a padr\u00f5es: idosos mudaram, vivem mais e continuam aprendendo - Jornal Fatos e Not\u00edcias\",\"isPartOf\":{\"@id\":\"https:\/\/jornalfatosenoticias.com.br\/#website\"},\"primaryImageOfPage\":{\"@id\":\"https:\/\/jornalfatosenoticias.com.br\/index.php\/2022\/10\/26\/esqueca-padroes-idosos-mudaram-vivem-mais-e-continuam-aprendendo\/#primaryimage\"},\"image\":{\"@id\":\"https:\/\/jornalfatosenoticias.com.br\/index.php\/2022\/10\/26\/esqueca-padroes-idosos-mudaram-vivem-mais-e-continuam-aprendendo\/#primaryimage\"},\"thumbnailUrl\":\"https:\/\/jornalfatosenoticias.com.br\/wp-content\/uploads\/2022\/10\/idosos-mudaram-vivem-mais-e-continuam-aprendendo.jpg\",\"datePublished\":\"2022-10-26T13:24:08+00:00\",\"dateModified\":\"2022-10-26T13:24:09+00:00\",\"breadcrumb\":{\"@id\":\"https:\/\/jornalfatosenoticias.com.br\/index.php\/2022\/10\/26\/esqueca-padroes-idosos-mudaram-vivem-mais-e-continuam-aprendendo\/#breadcrumb\"},\"inLanguage\":\"pt-BR\",\"potentialAction\":[{\"@type\":\"ReadAction\",\"target\":[\"https:\/\/jornalfatosenoticias.com.br\/index.php\/2022\/10\/26\/esqueca-padroes-idosos-mudaram-vivem-mais-e-continuam-aprendendo\/\"]}]},{\"@type\":\"ImageObject\",\"inLanguage\":\"pt-BR\",\"@id\":\"https:\/\/jornalfatosenoticias.com.br\/index.php\/2022\/10\/26\/esqueca-padroes-idosos-mudaram-vivem-mais-e-continuam-aprendendo\/#primaryimage\",\"url\":\"https:\/\/jornalfatosenoticias.com.br\/wp-content\/uploads\/2022\/10\/idosos-mudaram-vivem-mais-e-continuam-aprendendo.jpg\",\"contentUrl\":\"https:\/\/jornalfatosenoticias.com.br\/wp-content\/uploads\/2022\/10\/idosos-mudaram-vivem-mais-e-continuam-aprendendo.jpg\",\"width\":1000,\"height\":621},{\"@type\":\"BreadcrumbList\",\"@id\":\"https:\/\/jornalfatosenoticias.com.br\/index.php\/2022\/10\/26\/esqueca-padroes-idosos-mudaram-vivem-mais-e-continuam-aprendendo\/#breadcrumb\",\"itemListElement\":[{\"@type\":\"ListItem\",\"position\":1,\"name\":\"In\u00edcio\",\"item\":\"https:\/\/jornalfatosenoticias.com.br\/\"},{\"@type\":\"ListItem\",\"position\":2,\"name\":\"Esque\u00e7a padr\u00f5es: idosos mudaram, vivem mais e continuam aprendendo\"}]},{\"@type\":\"WebSite\",\"@id\":\"https:\/\/jornalfatosenoticias.com.br\/#website\",\"url\":\"https:\/\/jornalfatosenoticias.com.br\/\",\"name\":\"Jornal Fatos e Not\u00edcias\",\"description\":\"Not\u00edcias em geral\",\"publisher\":{\"@id\":\"https:\/\/jornalfatosenoticias.com.br\/#organization\"},\"potentialAction\":[{\"@type\":\"SearchAction\",\"target\":{\"@type\":\"EntryPoint\",\"urlTemplate\":\"https:\/\/jornalfatosenoticias.com.br\/?s={search_term_string}\"},\"query-input\":{\"@type\":\"PropertyValueSpecification\",\"valueRequired\":true,\"valueName\":\"search_term_string\"}}],\"inLanguage\":\"pt-BR\"},{\"@type\":\"Organization\",\"@id\":\"https:\/\/jornalfatosenoticias.com.br\/#organization\",\"name\":\"Jornal Fatos e Not\u00edcias\",\"url\":\"https:\/\/jornalfatosenoticias.com.br\/\",\"logo\":{\"@type\":\"ImageObject\",\"inLanguage\":\"pt-BR\",\"@id\":\"https:\/\/jornalfatosenoticias.com.br\/#\/schema\/logo\/image\/\",\"url\":\"https:\/\/jornalfatosenoticias.com.br\/wp-content\/uploads\/2020\/02\/logo120.png\",\"contentUrl\":\"https:\/\/jornalfatosenoticias.com.br\/wp-content\/uploads\/2020\/02\/logo120.png\",\"width\":1227,\"height\":120,\"caption\":\"Jornal Fatos e Not\u00edcias\"},\"image\":{\"@id\":\"https:\/\/jornalfatosenoticias.com.br\/#\/schema\/logo\/image\/\"}},{\"@type\":\"Person\",\"@id\":\"https:\/\/jornalfatosenoticias.com.br\/#\/schema\/person\/d63837fa13ac8666eb9e74e0985d6f81\",\"name\":\"Luzimara Fernandes\",\"image\":{\"@type\":\"ImageObject\",\"inLanguage\":\"pt-BR\",\"@id\":\"https:\/\/jornalfatosenoticias.com.br\/#\/schema\/person\/image\/\",\"url\":\"https:\/\/jornalfatosenoticias.com.br\/wp-content\/uploads\/2025\/05\/EU_portal.jpg\",\"contentUrl\":\"https:\/\/jornalfatosenoticias.com.br\/wp-content\/uploads\/2025\/05\/EU_portal.jpg\",\"caption\":\"Luzimara Fernandes\"},\"description\":\"Jornalista MTB 2358-ES\",\"sameAs\":[\"https:\/\/jornalfatosenoticias.com.br\"],\"url\":\"https:\/\/jornalfatosenoticias.com.br\/index.php\/author\/luzimara\/\"}]}<\/script>\n<!-- \/ Yoast SEO plugin. -->","yoast_head_json":{"title":"Esque\u00e7a padr\u00f5es: idosos mudaram, vivem mais e continuam aprendendo - Jornal Fatos e Not\u00edcias","robots":{"index":"index","follow":"follow","max-snippet":"max-snippet:-1","max-image-preview":"max-image-preview:large","max-video-preview":"max-video-preview:-1"},"canonical":"https:\/\/jornalfatosenoticias.com.br\/index.php\/2022\/10\/26\/esqueca-padroes-idosos-mudaram-vivem-mais-e-continuam-aprendendo\/","og_locale":"pt_BR","og_type":"article","og_title":"Esque\u00e7a padr\u00f5es: idosos mudaram, vivem mais e continuam aprendendo - Jornal Fatos e Not\u00edcias","og_description":"Voc\u00ea j\u00e1 deve ter ouvido falar que quando se envelhece todo mundo tende a ficar parecido. No que compete \u00e0 parte f\u00edsica, a pele enruga e fica fl\u00e1cida, mobilidade, audi\u00e7\u00e3o e vis\u00e3o reduzem, os cabelos embranquecem.Agora, no aspecto comportamental, caracter\u00edsticas naturais da personalidade tendem a se acentuar mais, por isso alguns idosos ficam rebeldes e [&hellip;]","og_url":"https:\/\/jornalfatosenoticias.com.br\/index.php\/2022\/10\/26\/esqueca-padroes-idosos-mudaram-vivem-mais-e-continuam-aprendendo\/","og_site_name":"Jornal Fatos e Not\u00edcias","article_published_time":"2022-10-26T13:24:08+00:00","article_modified_time":"2022-10-26T13:24:09+00:00","og_image":[{"width":1000,"height":621,"url":"https:\/\/jornalfatosenoticias.com.br\/wp-content\/uploads\/2022\/10\/idosos-mudaram-vivem-mais-e-continuam-aprendendo.jpg","type":"image\/jpeg"}],"author":"Luzimara Fernandes","twitter_card":"summary_large_image","twitter_misc":{"Escrito por":"Luzimara Fernandes","Est. tempo de leitura":"4 minutos"},"schema":{"@context":"https:\/\/schema.org","@graph":[{"@type":"Article","@id":"https:\/\/jornalfatosenoticias.com.br\/index.php\/2022\/10\/26\/esqueca-padroes-idosos-mudaram-vivem-mais-e-continuam-aprendendo\/#article","isPartOf":{"@id":"https:\/\/jornalfatosenoticias.com.br\/index.php\/2022\/10\/26\/esqueca-padroes-idosos-mudaram-vivem-mais-e-continuam-aprendendo\/"},"author":{"name":"Luzimara Fernandes","@id":"https:\/\/jornalfatosenoticias.com.br\/#\/schema\/person\/d63837fa13ac8666eb9e74e0985d6f81"},"headline":"Esque\u00e7a padr\u00f5es: idosos mudaram, vivem mais e continuam aprendendo","datePublished":"2022-10-26T13:24:08+00:00","dateModified":"2022-10-26T13:24:09+00:00","mainEntityOfPage":{"@id":"https:\/\/jornalfatosenoticias.com.br\/index.php\/2022\/10\/26\/esqueca-padroes-idosos-mudaram-vivem-mais-e-continuam-aprendendo\/"},"wordCount":868,"commentCount":0,"publisher":{"@id":"https:\/\/jornalfatosenoticias.com.br\/#organization"},"image":{"@id":"https:\/\/jornalfatosenoticias.com.br\/index.php\/2022\/10\/26\/esqueca-padroes-idosos-mudaram-vivem-mais-e-continuam-aprendendo\/#primaryimage"},"thumbnailUrl":"https:\/\/jornalfatosenoticias.com.br\/wp-content\/uploads\/2022\/10\/idosos-mudaram-vivem-mais-e-continuam-aprendendo.jpg","keywords":["comportamento idosos","idosos","padr\u00f5es","padr\u00f5es comportamentais"],"articleSection":["Comportamento &amp; Equil\u00edbrio"],"inLanguage":"pt-BR","potentialAction":[{"@type":"CommentAction","name":"Comment","target":["https:\/\/jornalfatosenoticias.com.br\/index.php\/2022\/10\/26\/esqueca-padroes-idosos-mudaram-vivem-mais-e-continuam-aprendendo\/#respond"]}]},{"@type":"WebPage","@id":"https:\/\/jornalfatosenoticias.com.br\/index.php\/2022\/10\/26\/esqueca-padroes-idosos-mudaram-vivem-mais-e-continuam-aprendendo\/","url":"https:\/\/jornalfatosenoticias.com.br\/index.php\/2022\/10\/26\/esqueca-padroes-idosos-mudaram-vivem-mais-e-continuam-aprendendo\/","name":"Esque\u00e7a padr\u00f5es: idosos mudaram, vivem mais e continuam aprendendo - Jornal Fatos e Not\u00edcias","isPartOf":{"@id":"https:\/\/jornalfatosenoticias.com.br\/#website"},"primaryImageOfPage":{"@id":"https:\/\/jornalfatosenoticias.com.br\/index.php\/2022\/10\/26\/esqueca-padroes-idosos-mudaram-vivem-mais-e-continuam-aprendendo\/#primaryimage"},"image":{"@id":"https:\/\/jornalfatosenoticias.com.br\/index.php\/2022\/10\/26\/esqueca-padroes-idosos-mudaram-vivem-mais-e-continuam-aprendendo\/#primaryimage"},"thumbnailUrl":"https:\/\/jornalfatosenoticias.com.br\/wp-content\/uploads\/2022\/10\/idosos-mudaram-vivem-mais-e-continuam-aprendendo.jpg","datePublished":"2022-10-26T13:24:08+00:00","dateModified":"2022-10-26T13:24:09+00:00","breadcrumb":{"@id":"https:\/\/jornalfatosenoticias.com.br\/index.php\/2022\/10\/26\/esqueca-padroes-idosos-mudaram-vivem-mais-e-continuam-aprendendo\/#breadcrumb"},"inLanguage":"pt-BR","potentialAction":[{"@type":"ReadAction","target":["https:\/\/jornalfatosenoticias.com.br\/index.php\/2022\/10\/26\/esqueca-padroes-idosos-mudaram-vivem-mais-e-continuam-aprendendo\/"]}]},{"@type":"ImageObject","inLanguage":"pt-BR","@id":"https:\/\/jornalfatosenoticias.com.br\/index.php\/2022\/10\/26\/esqueca-padroes-idosos-mudaram-vivem-mais-e-continuam-aprendendo\/#primaryimage","url":"https:\/\/jornalfatosenoticias.com.br\/wp-content\/uploads\/2022\/10\/idosos-mudaram-vivem-mais-e-continuam-aprendendo.jpg","contentUrl":"https:\/\/jornalfatosenoticias.com.br\/wp-content\/uploads\/2022\/10\/idosos-mudaram-vivem-mais-e-continuam-aprendendo.jpg","width":1000,"height":621},{"@type":"BreadcrumbList","@id":"https:\/\/jornalfatosenoticias.com.br\/index.php\/2022\/10\/26\/esqueca-padroes-idosos-mudaram-vivem-mais-e-continuam-aprendendo\/#breadcrumb","itemListElement":[{"@type":"ListItem","position":1,"name":"In\u00edcio","item":"https:\/\/jornalfatosenoticias.com.br\/"},{"@type":"ListItem","position":2,"name":"Esque\u00e7a padr\u00f5es: idosos mudaram, vivem mais e continuam aprendendo"}]},{"@type":"WebSite","@id":"https:\/\/jornalfatosenoticias.com.br\/#website","url":"https:\/\/jornalfatosenoticias.com.br\/","name":"Jornal Fatos e Not\u00edcias","description":"Not\u00edcias em geral","publisher":{"@id":"https:\/\/jornalfatosenoticias.com.br\/#organization"},"potentialAction":[{"@type":"SearchAction","target":{"@type":"EntryPoint","urlTemplate":"https:\/\/jornalfatosenoticias.com.br\/?s={search_term_string}"},"query-input":{"@type":"PropertyValueSpecification","valueRequired":true,"valueName":"search_term_string"}}],"inLanguage":"pt-BR"},{"@type":"Organization","@id":"https:\/\/jornalfatosenoticias.com.br\/#organization","name":"Jornal Fatos e Not\u00edcias","url":"https:\/\/jornalfatosenoticias.com.br\/","logo":{"@type":"ImageObject","inLanguage":"pt-BR","@id":"https:\/\/jornalfatosenoticias.com.br\/#\/schema\/logo\/image\/","url":"https:\/\/jornalfatosenoticias.com.br\/wp-content\/uploads\/2020\/02\/logo120.png","contentUrl":"https:\/\/jornalfatosenoticias.com.br\/wp-content\/uploads\/2020\/02\/logo120.png","width":1227,"height":120,"caption":"Jornal Fatos e Not\u00edcias"},"image":{"@id":"https:\/\/jornalfatosenoticias.com.br\/#\/schema\/logo\/image\/"}},{"@type":"Person","@id":"https:\/\/jornalfatosenoticias.com.br\/#\/schema\/person\/d63837fa13ac8666eb9e74e0985d6f81","name":"Luzimara Fernandes","image":{"@type":"ImageObject","inLanguage":"pt-BR","@id":"https:\/\/jornalfatosenoticias.com.br\/#\/schema\/person\/image\/","url":"https:\/\/jornalfatosenoticias.com.br\/wp-content\/uploads\/2025\/05\/EU_portal.jpg","contentUrl":"https:\/\/jornalfatosenoticias.com.br\/wp-content\/uploads\/2025\/05\/EU_portal.jpg","caption":"Luzimara Fernandes"},"description":"Jornalista MTB 2358-ES","sameAs":["https:\/\/jornalfatosenoticias.com.br"],"url":"https:\/\/jornalfatosenoticias.com.br\/index.php\/author\/luzimara\/"}]}},"cc_featured_image_caption":{"caption_text":"(Foto: iStock) ","source_text":"","source_url":""},"jetpack_featured_media_url":"https:\/\/jornalfatosenoticias.com.br\/wp-content\/uploads\/2022\/10\/idosos-mudaram-vivem-mais-e-continuam-aprendendo.jpg","_links":{"self":[{"href":"https:\/\/jornalfatosenoticias.com.br\/index.php\/wp-json\/wp\/v2\/posts\/35554","targetHints":{"allow":["GET"]}}],"collection":[{"href":"https:\/\/jornalfatosenoticias.com.br\/index.php\/wp-json\/wp\/v2\/posts"}],"about":[{"href":"https:\/\/jornalfatosenoticias.com.br\/index.php\/wp-json\/wp\/v2\/types\/post"}],"author":[{"embeddable":true,"href":"https:\/\/jornalfatosenoticias.com.br\/index.php\/wp-json\/wp\/v2\/users\/2"}],"replies":[{"embeddable":true,"href":"https:\/\/jornalfatosenoticias.com.br\/index.php\/wp-json\/wp\/v2\/comments?post=35554"}],"version-history":[{"count":0,"href":"https:\/\/jornalfatosenoticias.com.br\/index.php\/wp-json\/wp\/v2\/posts\/35554\/revisions"}],"wp:featuredmedia":[{"embeddable":true,"href":"https:\/\/jornalfatosenoticias.com.br\/index.php\/wp-json\/wp\/v2\/media\/35555"}],"wp:attachment":[{"href":"https:\/\/jornalfatosenoticias.com.br\/index.php\/wp-json\/wp\/v2\/media?parent=35554"}],"wp:term":[{"taxonomy":"category","embeddable":true,"href":"https:\/\/jornalfatosenoticias.com.br\/index.php\/wp-json\/wp\/v2\/categories?post=35554"},{"taxonomy":"post_tag","embeddable":true,"href":"https:\/\/jornalfatosenoticias.com.br\/index.php\/wp-json\/wp\/v2\/tags?post=35554"}],"curies":[{"name":"wp","href":"https:\/\/api.w.org\/{rel}","templated":true}]}}