{"id":35557,"date":"2022-10-26T10:33:37","date_gmt":"2022-10-26T13:33:37","guid":{"rendered":"https:\/\/jornalfatosenoticias.com.br\/?p=35557"},"modified":"2022-10-26T10:33:38","modified_gmt":"2022-10-26T13:33:38","slug":"brasil-somou-487-milhoes-de-empresas-ativas-em-2020","status":"publish","type":"post","link":"https:\/\/jornalfatosenoticias.com.br\/index.php\/2022\/10\/26\/brasil-somou-487-milhoes-de-empresas-ativas-em-2020\/","title":{"rendered":"Brasil somou 4,87 milh\u00f5es de empresas ativas em 2020"},"content":{"rendered":"\n<p><em><span class=\"has-inline-color has-black-color\">Saldo entre entrada e sa\u00edda de empresas ficou positivo no ano<\/span><\/em><\/p>\n\n\n\n<div class=\"wp-block-image\"><figure class=\"aligncenter size-large\"><img loading=\"lazy\" decoding=\"async\" width=\"1024\" height=\"110\" src=\"https:\/\/jornalfatosenoticias.com.br\/wp-content\/uploads\/2022\/10\/Arte-jornal-Zucchi-1120x120_Prancheta-1-1024x110.jpg\" alt=\"\" class=\"wp-image-34772\" srcset=\"https:\/\/jornalfatosenoticias.com.br\/wp-content\/uploads\/2022\/10\/Arte-jornal-Zucchi-1120x120_Prancheta-1-1024x110.jpg 1024w, https:\/\/jornalfatosenoticias.com.br\/wp-content\/uploads\/2022\/10\/Arte-jornal-Zucchi-1120x120_Prancheta-1-300x32.jpg 300w, https:\/\/jornalfatosenoticias.com.br\/wp-content\/uploads\/2022\/10\/Arte-jornal-Zucchi-1120x120_Prancheta-1-768x82.jpg 768w, https:\/\/jornalfatosenoticias.com.br\/wp-content\/uploads\/2022\/10\/Arte-jornal-Zucchi-1120x120_Prancheta-1-1536x165.jpg 1536w, https:\/\/jornalfatosenoticias.com.br\/wp-content\/uploads\/2022\/10\/Arte-jornal-Zucchi-1120x120_Prancheta-1-2048x219.jpg 2048w\" sizes=\"auto, (max-width: 1024px) 100vw, 1024px\" \/><\/figure><\/div>\n\n\n\n<p>Em 2020, o Brasil tinha 4,87 milh\u00f5es de empresas ativas que empregavam 39,4 milh\u00f5es de pessoas, sendo 32,4 milh\u00f5es (82,3%) assalariadas e sete milh\u00f5es (17,7%) na condi\u00e7\u00e3o de s\u00f3cios ou propriet\u00e1rios. Apesar da pandemia de covid-19, o saldo entre entrada e sa\u00edda de empresas no mercado permaneceu positivo em 2020. Entraram no mercado 826,4 mil empresas e sa\u00edram 634,4 mil, com saldo final de 192 mil empresas.<\/p>\n\n\n\n<div class=\"wp-block-image\"><figure class=\"aligncenter size-large is-resized\"><img loading=\"lazy\" decoding=\"async\" src=\"https:\/\/jornalfatosenoticias.com.br\/wp-content\/uploads\/2022\/02\/Precisao-Contabilidade-1024x724.jpg\" alt=\"\" class=\"wp-image-28088\" width=\"312\" height=\"220\"\/><\/figure><\/div>\n\n\n\n<p>Os dados constam da pesquisa Demografia das Empresas e Estat\u00edsticas do Empreendedorismo 2020, divulgada hoje (26) pelo Instituto Brasileiro de Geografia e Estat\u00edstica (IBGE).<\/p>\n\n\n\n<div class=\"wp-block-image\"><figure class=\"aligncenter size-large\"><img loading=\"lazy\" decoding=\"async\" width=\"1024\" height=\"111\" src=\"https:\/\/jornalfatosenoticias.com.br\/wp-content\/uploads\/2020\/02\/WhatsApp-Image-2022-09-23-at-12.09.18-1024x111.jpeg\" alt=\"\" class=\"wp-image-34527\" srcset=\"https:\/\/jornalfatosenoticias.com.br\/wp-content\/uploads\/2020\/02\/WhatsApp-Image-2022-09-23-at-12.09.18-1024x111.jpeg 1024w, https:\/\/jornalfatosenoticias.com.br\/wp-content\/uploads\/2020\/02\/WhatsApp-Image-2022-09-23-at-12.09.18-300x32.jpeg 300w, https:\/\/jornalfatosenoticias.com.br\/wp-content\/uploads\/2020\/02\/WhatsApp-Image-2022-09-23-at-12.09.18-768x83.jpeg 768w, https:\/\/jornalfatosenoticias.com.br\/wp-content\/uploads\/2020\/02\/WhatsApp-Image-2022-09-23-at-12.09.18.jpeg 1121w\" sizes=\"auto, (max-width: 1024px) 100vw, 1024px\" \/><\/figure><\/div>\n\n\n\n<p>De acordo com o IBGE, a redu\u00e7\u00e3o da sa\u00edda das empresas do mercado em 2020 em rela\u00e7\u00e3o a 2019, pode ser atribu\u00edda a alguns fatores como as pol\u00edticas p\u00fablicas que contribu\u00edram para a sobreviv\u00eancia das companhias, como o Programa Emergencial de Manuten\u00e7\u00e3o do Emprego e da Renda, e a incerteza da dura\u00e7\u00e3o da pandemia.<\/p>\n\n\n\n<div class=\"wp-block-image\"><figure class=\"aligncenter size-large\"><img decoding=\"async\" src=\"https:\/\/jornalfatosenoticias.com.br\/wp-content\/uploads\/2020\/02\/barao-das-carnes-300x164-1.jpg\" alt=\"\" class=\"wp-image-34339\"\/><\/figure><\/div>\n\n\n\n<p>O sal\u00e1rio m\u00e9dio mensal teve redu\u00e7\u00e3o de 3,8% entre 2020 e 2019. Em 2020, era de R$ 2568,48. Em 2019, R$ 2668,62. A idade m\u00e9dia das empresas era de 11,6 anos em 2020, a mesma de 2018 e praticamente a mesma de 2019 (11,7 anos).<br>O setor com o maior saldo de empresas em 2020 (39 mil) foi o de com\u00e9rcio, repara\u00e7\u00e3o de ve\u00edculos automotores e motocicletas. O que mais perdeu foi alojamento e alimenta\u00e7\u00e3o, com menos 4.981 empresas.<\/p>\n\n\n\n<div class=\"wp-block-image\"><figure class=\"aligncenter size-large\"><img loading=\"lazy\" decoding=\"async\" width=\"729\" height=\"90\" src=\"https:\/\/jornalfatosenoticias.com.br\/wp-content\/uploads\/2020\/02\/Logo_Mizu.png\" alt=\"\" class=\"wp-image-1441\" srcset=\"https:\/\/jornalfatosenoticias.com.br\/wp-content\/uploads\/2020\/02\/Logo_Mizu.png 729w, https:\/\/jornalfatosenoticias.com.br\/wp-content\/uploads\/2020\/02\/Logo_Mizu-300x37.png 300w\" sizes=\"auto, (max-width: 729px) 100vw, 729px\" \/><\/figure><\/div>\n\n\n\n<p>Segundo o gerente da pesquisa, Thiego Ferreira, os setores de alojamento e alimenta\u00e7\u00e3o sofreram impacto gigantesco na pandemia, com fechamento de empresas e dispensa de pessoal. Ele destacou que esses setores empregam majoritariamente mulheres. O estudo observou que a propor\u00e7\u00e3o de mulheres assalariadas nas empresas que sa\u00edram do mercado (44,1%) foi maior do que nas que entraram (40,5%).<\/p>\n\n\n\n<div class=\"wp-block-image\"><figure class=\"aligncenter size-large is-resized\"><img loading=\"lazy\" decoding=\"async\" src=\"https:\/\/jornalfatosenoticias.com.br\/wp-content\/uploads\/2020\/02\/casa-do-torresmo_portal.jpg\" alt=\"\" class=\"wp-image-34472\" width=\"265\" height=\"265\" srcset=\"https:\/\/jornalfatosenoticias.com.br\/wp-content\/uploads\/2020\/02\/casa-do-torresmo_portal.jpg 300w, https:\/\/jornalfatosenoticias.com.br\/wp-content\/uploads\/2020\/02\/casa-do-torresmo_portal-150x150.jpg 150w\" sizes=\"auto, (max-width: 265px) 100vw, 265px\" \/><\/figure><\/div>\n\n\n\n<figure class=\"wp-block-pullquote\"><blockquote><p><span class=\"has-inline-color has-luminous-vivid-orange-color\">Essas varia\u00e7\u00f5es observadas podem estar relacionadas \u00e0s pol\u00edticas de sa\u00fade adotadas durante a pandemia, como a proibi\u00e7\u00e3o de servi\u00e7os de mesa em bares e restaurantes, o fechamento tempor\u00e1rio de equipamentos culturais e a suspens\u00e3o de atividades art\u00edsticas e esportivas que envolvem aglomera\u00e7\u00e3o de pessoas\u201d, diz o IBGE.<\/span><\/p><\/blockquote><\/figure>\n\n\n\n<div class=\"wp-block-image\"><figure class=\"aligncenter size-large\"><img decoding=\"async\" src=\"https:\/\/jornalfatosenoticias.com.br\/wp-content\/uploads\/2020\/02\/logo-embacia-1-1024x110.jpg\" alt=\"\" class=\"wp-image-33954\"\/><\/figure><\/div>\n\n\n\n<p><strong><em>Fonte: <a href=\"https:\/\/agenciabrasil.ebc.com.br\/economia\/noticia\/2022-10\/brasil-somou-487-milhoes-de-empresas-ativas-em-2020#\">Ag\u00eancia Brasil<\/a><\/em><\/strong><\/p>\n","protected":false},"excerpt":{"rendered":"<p>Saldo entre entrada e sa\u00edda de empresas ficou positivo no ano Em 2020, o Brasil tinha 4,87 milh\u00f5es de empresas ativas que empregavam 39,4 milh\u00f5es de pessoas, sendo 32,4 milh\u00f5es (82,3%) assalariadas e sete milh\u00f5es (17,7%) na condi\u00e7\u00e3o de s\u00f3cios ou propriet\u00e1rios. Apesar da pandemia de covid-19, o saldo entre entrada e sa\u00edda de empresas [&hellip;]<\/p>\n","protected":false},"author":2,"featured_media":35558,"comment_status":"open","ping_status":"open","sticky":false,"template":"","format":"standard","meta":{"footnotes":""},"categories":[9],"tags":[6581,3419,16687,1281,115],"class_list":["post-35557","post","type-post","status-publish","format-standard","has-post-thumbnail","hentry","category-economia","tag-6581","tag-cni","tag-empresas-ativas","tag-ibge","tag-pesquisa"],"yoast_head":"<!-- This site is optimized with the Yoast SEO plugin v26.5 - https:\/\/yoast.com\/wordpress\/plugins\/seo\/ -->\n<title>Brasil somou 4,87 milh\u00f5es de empresas ativas em 2020 - Jornal Fatos e Not\u00edcias<\/title>\n<meta name=\"robots\" content=\"index, follow, max-snippet:-1, max-image-preview:large, max-video-preview:-1\" \/>\n<link rel=\"canonical\" href=\"https:\/\/jornalfatosenoticias.com.br\/index.php\/2022\/10\/26\/brasil-somou-487-milhoes-de-empresas-ativas-em-2020\/\" \/>\n<meta property=\"og:locale\" content=\"pt_BR\" \/>\n<meta property=\"og:type\" content=\"article\" \/>\n<meta property=\"og:title\" content=\"Brasil somou 4,87 milh\u00f5es de empresas ativas em 2020 - Jornal Fatos e Not\u00edcias\" \/>\n<meta property=\"og:description\" content=\"Saldo entre entrada e sa\u00edda de empresas ficou positivo no ano Em 2020, o Brasil tinha 4,87 milh\u00f5es de empresas ativas que empregavam 39,4 milh\u00f5es de pessoas, sendo 32,4 milh\u00f5es (82,3%) assalariadas e sete milh\u00f5es (17,7%) na condi\u00e7\u00e3o de s\u00f3cios ou propriet\u00e1rios. Apesar da pandemia de covid-19, o saldo entre entrada e sa\u00edda de empresas [&hellip;]\" \/>\n<meta property=\"og:url\" content=\"https:\/\/jornalfatosenoticias.com.br\/index.php\/2022\/10\/26\/brasil-somou-487-milhoes-de-empresas-ativas-em-2020\/\" \/>\n<meta property=\"og:site_name\" content=\"Jornal Fatos e Not\u00edcias\" \/>\n<meta property=\"article:published_time\" content=\"2022-10-26T13:33:37+00:00\" \/>\n<meta property=\"article:modified_time\" content=\"2022-10-26T13:33:38+00:00\" \/>\n<meta property=\"og:image\" content=\"https:\/\/jornalfatosenoticias.com.br\/wp-content\/uploads\/2022\/10\/industrias_fabricas_de_motocicletas.jpg\" \/>\n\t<meta property=\"og:image:width\" content=\"1000\" \/>\n\t<meta property=\"og:image:height\" content=\"598\" \/>\n\t<meta property=\"og:image:type\" content=\"image\/jpeg\" \/>\n<meta name=\"author\" content=\"Luzimara Fernandes\" \/>\n<meta name=\"twitter:card\" content=\"summary_large_image\" \/>\n<meta name=\"twitter:label1\" content=\"Escrito por\" \/>\n\t<meta name=\"twitter:data1\" content=\"Luzimara Fernandes\" \/>\n\t<meta name=\"twitter:label2\" content=\"Est. tempo de leitura\" \/>\n\t<meta name=\"twitter:data2\" content=\"2 minutos\" \/>\n<script type=\"application\/ld+json\" class=\"yoast-schema-graph\">{\"@context\":\"https:\/\/schema.org\",\"@graph\":[{\"@type\":\"Article\",\"@id\":\"https:\/\/jornalfatosenoticias.com.br\/index.php\/2022\/10\/26\/brasil-somou-487-milhoes-de-empresas-ativas-em-2020\/#article\",\"isPartOf\":{\"@id\":\"https:\/\/jornalfatosenoticias.com.br\/index.php\/2022\/10\/26\/brasil-somou-487-milhoes-de-empresas-ativas-em-2020\/\"},\"author\":{\"name\":\"Luzimara Fernandes\",\"@id\":\"https:\/\/jornalfatosenoticias.com.br\/#\/schema\/person\/d63837fa13ac8666eb9e74e0985d6f81\"},\"headline\":\"Brasil somou 4,87 milh\u00f5es de empresas ativas em 2020\",\"datePublished\":\"2022-10-26T13:33:37+00:00\",\"dateModified\":\"2022-10-26T13:33:38+00:00\",\"mainEntityOfPage\":{\"@id\":\"https:\/\/jornalfatosenoticias.com.br\/index.php\/2022\/10\/26\/brasil-somou-487-milhoes-de-empresas-ativas-em-2020\/\"},\"wordCount\":363,\"commentCount\":0,\"publisher\":{\"@id\":\"https:\/\/jornalfatosenoticias.com.br\/#organization\"},\"image\":{\"@id\":\"https:\/\/jornalfatosenoticias.com.br\/index.php\/2022\/10\/26\/brasil-somou-487-milhoes-de-empresas-ativas-em-2020\/#primaryimage\"},\"thumbnailUrl\":\"https:\/\/jornalfatosenoticias.com.br\/wp-content\/uploads\/2022\/10\/industrias_fabricas_de_motocicletas.jpg\",\"keywords\":[\"2020\",\"CNI\",\"empresas ativas\",\"IBGE\",\"pesquisa\"],\"articleSection\":[\"Economia\"],\"inLanguage\":\"pt-BR\",\"potentialAction\":[{\"@type\":\"CommentAction\",\"name\":\"Comment\",\"target\":[\"https:\/\/jornalfatosenoticias.com.br\/index.php\/2022\/10\/26\/brasil-somou-487-milhoes-de-empresas-ativas-em-2020\/#respond\"]}]},{\"@type\":\"WebPage\",\"@id\":\"https:\/\/jornalfatosenoticias.com.br\/index.php\/2022\/10\/26\/brasil-somou-487-milhoes-de-empresas-ativas-em-2020\/\",\"url\":\"https:\/\/jornalfatosenoticias.com.br\/index.php\/2022\/10\/26\/brasil-somou-487-milhoes-de-empresas-ativas-em-2020\/\",\"name\":\"Brasil somou 4,87 milh\u00f5es de empresas ativas em 2020 - Jornal Fatos e Not\u00edcias\",\"isPartOf\":{\"@id\":\"https:\/\/jornalfatosenoticias.com.br\/#website\"},\"primaryImageOfPage\":{\"@id\":\"https:\/\/jornalfatosenoticias.com.br\/index.php\/2022\/10\/26\/brasil-somou-487-milhoes-de-empresas-ativas-em-2020\/#primaryimage\"},\"image\":{\"@id\":\"https:\/\/jornalfatosenoticias.com.br\/index.php\/2022\/10\/26\/brasil-somou-487-milhoes-de-empresas-ativas-em-2020\/#primaryimage\"},\"thumbnailUrl\":\"https:\/\/jornalfatosenoticias.com.br\/wp-content\/uploads\/2022\/10\/industrias_fabricas_de_motocicletas.jpg\",\"datePublished\":\"2022-10-26T13:33:37+00:00\",\"dateModified\":\"2022-10-26T13:33:38+00:00\",\"breadcrumb\":{\"@id\":\"https:\/\/jornalfatosenoticias.com.br\/index.php\/2022\/10\/26\/brasil-somou-487-milhoes-de-empresas-ativas-em-2020\/#breadcrumb\"},\"inLanguage\":\"pt-BR\",\"potentialAction\":[{\"@type\":\"ReadAction\",\"target\":[\"https:\/\/jornalfatosenoticias.com.br\/index.php\/2022\/10\/26\/brasil-somou-487-milhoes-de-empresas-ativas-em-2020\/\"]}]},{\"@type\":\"ImageObject\",\"inLanguage\":\"pt-BR\",\"@id\":\"https:\/\/jornalfatosenoticias.com.br\/index.php\/2022\/10\/26\/brasil-somou-487-milhoes-de-empresas-ativas-em-2020\/#primaryimage\",\"url\":\"https:\/\/jornalfatosenoticias.com.br\/wp-content\/uploads\/2022\/10\/industrias_fabricas_de_motocicletas.jpg\",\"contentUrl\":\"https:\/\/jornalfatosenoticias.com.br\/wp-content\/uploads\/2022\/10\/industrias_fabricas_de_motocicletas.jpg\",\"width\":1000,\"height\":598,\"caption\":\"F\u00e1brica da Yamaha. Linha de montagem de motocicletas Yamaha. Ch\u00e3o de f\u00e1brica. Manaus (AM) 26.10.2010 - Foto: Jos\u00e9 Paulo Lacerda\"},{\"@type\":\"BreadcrumbList\",\"@id\":\"https:\/\/jornalfatosenoticias.com.br\/index.php\/2022\/10\/26\/brasil-somou-487-milhoes-de-empresas-ativas-em-2020\/#breadcrumb\",\"itemListElement\":[{\"@type\":\"ListItem\",\"position\":1,\"name\":\"In\u00edcio\",\"item\":\"https:\/\/jornalfatosenoticias.com.br\/\"},{\"@type\":\"ListItem\",\"position\":2,\"name\":\"Brasil somou 4,87 milh\u00f5es de empresas ativas em 2020\"}]},{\"@type\":\"WebSite\",\"@id\":\"https:\/\/jornalfatosenoticias.com.br\/#website\",\"url\":\"https:\/\/jornalfatosenoticias.com.br\/\",\"name\":\"Jornal Fatos e Not\u00edcias\",\"description\":\"Not\u00edcias em geral\",\"publisher\":{\"@id\":\"https:\/\/jornalfatosenoticias.com.br\/#organization\"},\"potentialAction\":[{\"@type\":\"SearchAction\",\"target\":{\"@type\":\"EntryPoint\",\"urlTemplate\":\"https:\/\/jornalfatosenoticias.com.br\/?s={search_term_string}\"},\"query-input\":{\"@type\":\"PropertyValueSpecification\",\"valueRequired\":true,\"valueName\":\"search_term_string\"}}],\"inLanguage\":\"pt-BR\"},{\"@type\":\"Organization\",\"@id\":\"https:\/\/jornalfatosenoticias.com.br\/#organization\",\"name\":\"Jornal Fatos e Not\u00edcias\",\"url\":\"https:\/\/jornalfatosenoticias.com.br\/\",\"logo\":{\"@type\":\"ImageObject\",\"inLanguage\":\"pt-BR\",\"@id\":\"https:\/\/jornalfatosenoticias.com.br\/#\/schema\/logo\/image\/\",\"url\":\"https:\/\/jornalfatosenoticias.com.br\/wp-content\/uploads\/2020\/02\/logo120.png\",\"contentUrl\":\"https:\/\/jornalfatosenoticias.com.br\/wp-content\/uploads\/2020\/02\/logo120.png\",\"width\":1227,\"height\":120,\"caption\":\"Jornal Fatos e Not\u00edcias\"},\"image\":{\"@id\":\"https:\/\/jornalfatosenoticias.com.br\/#\/schema\/logo\/image\/\"}},{\"@type\":\"Person\",\"@id\":\"https:\/\/jornalfatosenoticias.com.br\/#\/schema\/person\/d63837fa13ac8666eb9e74e0985d6f81\",\"name\":\"Luzimara Fernandes\",\"image\":{\"@type\":\"ImageObject\",\"inLanguage\":\"pt-BR\",\"@id\":\"https:\/\/jornalfatosenoticias.com.br\/#\/schema\/person\/image\/\",\"url\":\"https:\/\/jornalfatosenoticias.com.br\/wp-content\/uploads\/2025\/05\/EU_portal.jpg\",\"contentUrl\":\"https:\/\/jornalfatosenoticias.com.br\/wp-content\/uploads\/2025\/05\/EU_portal.jpg\",\"caption\":\"Luzimara Fernandes\"},\"description\":\"Jornalista MTB 2358-ES\",\"sameAs\":[\"https:\/\/jornalfatosenoticias.com.br\"],\"url\":\"https:\/\/jornalfatosenoticias.com.br\/index.php\/author\/luzimara\/\"}]}<\/script>\n<!-- \/ Yoast SEO plugin. -->","yoast_head_json":{"title":"Brasil somou 4,87 milh\u00f5es de empresas ativas em 2020 - Jornal Fatos e Not\u00edcias","robots":{"index":"index","follow":"follow","max-snippet":"max-snippet:-1","max-image-preview":"max-image-preview:large","max-video-preview":"max-video-preview:-1"},"canonical":"https:\/\/jornalfatosenoticias.com.br\/index.php\/2022\/10\/26\/brasil-somou-487-milhoes-de-empresas-ativas-em-2020\/","og_locale":"pt_BR","og_type":"article","og_title":"Brasil somou 4,87 milh\u00f5es de empresas ativas em 2020 - Jornal Fatos e Not\u00edcias","og_description":"Saldo entre entrada e sa\u00edda de empresas ficou positivo no ano Em 2020, o Brasil tinha 4,87 milh\u00f5es de empresas ativas que empregavam 39,4 milh\u00f5es de pessoas, sendo 32,4 milh\u00f5es (82,3%) assalariadas e sete milh\u00f5es (17,7%) na condi\u00e7\u00e3o de s\u00f3cios ou propriet\u00e1rios. Apesar da pandemia de covid-19, o saldo entre entrada e sa\u00edda de empresas [&hellip;]","og_url":"https:\/\/jornalfatosenoticias.com.br\/index.php\/2022\/10\/26\/brasil-somou-487-milhoes-de-empresas-ativas-em-2020\/","og_site_name":"Jornal Fatos e Not\u00edcias","article_published_time":"2022-10-26T13:33:37+00:00","article_modified_time":"2022-10-26T13:33:38+00:00","og_image":[{"width":1000,"height":598,"url":"https:\/\/jornalfatosenoticias.com.br\/wp-content\/uploads\/2022\/10\/industrias_fabricas_de_motocicletas.jpg","type":"image\/jpeg"}],"author":"Luzimara Fernandes","twitter_card":"summary_large_image","twitter_misc":{"Escrito por":"Luzimara Fernandes","Est. tempo de leitura":"2 minutos"},"schema":{"@context":"https:\/\/schema.org","@graph":[{"@type":"Article","@id":"https:\/\/jornalfatosenoticias.com.br\/index.php\/2022\/10\/26\/brasil-somou-487-milhoes-de-empresas-ativas-em-2020\/#article","isPartOf":{"@id":"https:\/\/jornalfatosenoticias.com.br\/index.php\/2022\/10\/26\/brasil-somou-487-milhoes-de-empresas-ativas-em-2020\/"},"author":{"name":"Luzimara Fernandes","@id":"https:\/\/jornalfatosenoticias.com.br\/#\/schema\/person\/d63837fa13ac8666eb9e74e0985d6f81"},"headline":"Brasil somou 4,87 milh\u00f5es de empresas ativas em 2020","datePublished":"2022-10-26T13:33:37+00:00","dateModified":"2022-10-26T13:33:38+00:00","mainEntityOfPage":{"@id":"https:\/\/jornalfatosenoticias.com.br\/index.php\/2022\/10\/26\/brasil-somou-487-milhoes-de-empresas-ativas-em-2020\/"},"wordCount":363,"commentCount":0,"publisher":{"@id":"https:\/\/jornalfatosenoticias.com.br\/#organization"},"image":{"@id":"https:\/\/jornalfatosenoticias.com.br\/index.php\/2022\/10\/26\/brasil-somou-487-milhoes-de-empresas-ativas-em-2020\/#primaryimage"},"thumbnailUrl":"https:\/\/jornalfatosenoticias.com.br\/wp-content\/uploads\/2022\/10\/industrias_fabricas_de_motocicletas.jpg","keywords":["2020","CNI","empresas ativas","IBGE","pesquisa"],"articleSection":["Economia"],"inLanguage":"pt-BR","potentialAction":[{"@type":"CommentAction","name":"Comment","target":["https:\/\/jornalfatosenoticias.com.br\/index.php\/2022\/10\/26\/brasil-somou-487-milhoes-de-empresas-ativas-em-2020\/#respond"]}]},{"@type":"WebPage","@id":"https:\/\/jornalfatosenoticias.com.br\/index.php\/2022\/10\/26\/brasil-somou-487-milhoes-de-empresas-ativas-em-2020\/","url":"https:\/\/jornalfatosenoticias.com.br\/index.php\/2022\/10\/26\/brasil-somou-487-milhoes-de-empresas-ativas-em-2020\/","name":"Brasil somou 4,87 milh\u00f5es de empresas ativas em 2020 - Jornal Fatos e Not\u00edcias","isPartOf":{"@id":"https:\/\/jornalfatosenoticias.com.br\/#website"},"primaryImageOfPage":{"@id":"https:\/\/jornalfatosenoticias.com.br\/index.php\/2022\/10\/26\/brasil-somou-487-milhoes-de-empresas-ativas-em-2020\/#primaryimage"},"image":{"@id":"https:\/\/jornalfatosenoticias.com.br\/index.php\/2022\/10\/26\/brasil-somou-487-milhoes-de-empresas-ativas-em-2020\/#primaryimage"},"thumbnailUrl":"https:\/\/jornalfatosenoticias.com.br\/wp-content\/uploads\/2022\/10\/industrias_fabricas_de_motocicletas.jpg","datePublished":"2022-10-26T13:33:37+00:00","dateModified":"2022-10-26T13:33:38+00:00","breadcrumb":{"@id":"https:\/\/jornalfatosenoticias.com.br\/index.php\/2022\/10\/26\/brasil-somou-487-milhoes-de-empresas-ativas-em-2020\/#breadcrumb"},"inLanguage":"pt-BR","potentialAction":[{"@type":"ReadAction","target":["https:\/\/jornalfatosenoticias.com.br\/index.php\/2022\/10\/26\/brasil-somou-487-milhoes-de-empresas-ativas-em-2020\/"]}]},{"@type":"ImageObject","inLanguage":"pt-BR","@id":"https:\/\/jornalfatosenoticias.com.br\/index.php\/2022\/10\/26\/brasil-somou-487-milhoes-de-empresas-ativas-em-2020\/#primaryimage","url":"https:\/\/jornalfatosenoticias.com.br\/wp-content\/uploads\/2022\/10\/industrias_fabricas_de_motocicletas.jpg","contentUrl":"https:\/\/jornalfatosenoticias.com.br\/wp-content\/uploads\/2022\/10\/industrias_fabricas_de_motocicletas.jpg","width":1000,"height":598,"caption":"F\u00e1brica da Yamaha. Linha de montagem de motocicletas Yamaha. Ch\u00e3o de f\u00e1brica. Manaus (AM) 26.10.2010 - Foto: Jos\u00e9 Paulo Lacerda"},{"@type":"BreadcrumbList","@id":"https:\/\/jornalfatosenoticias.com.br\/index.php\/2022\/10\/26\/brasil-somou-487-milhoes-de-empresas-ativas-em-2020\/#breadcrumb","itemListElement":[{"@type":"ListItem","position":1,"name":"In\u00edcio","item":"https:\/\/jornalfatosenoticias.com.br\/"},{"@type":"ListItem","position":2,"name":"Brasil somou 4,87 milh\u00f5es de empresas ativas em 2020"}]},{"@type":"WebSite","@id":"https:\/\/jornalfatosenoticias.com.br\/#website","url":"https:\/\/jornalfatosenoticias.com.br\/","name":"Jornal Fatos e Not\u00edcias","description":"Not\u00edcias em geral","publisher":{"@id":"https:\/\/jornalfatosenoticias.com.br\/#organization"},"potentialAction":[{"@type":"SearchAction","target":{"@type":"EntryPoint","urlTemplate":"https:\/\/jornalfatosenoticias.com.br\/?s={search_term_string}"},"query-input":{"@type":"PropertyValueSpecification","valueRequired":true,"valueName":"search_term_string"}}],"inLanguage":"pt-BR"},{"@type":"Organization","@id":"https:\/\/jornalfatosenoticias.com.br\/#organization","name":"Jornal Fatos e Not\u00edcias","url":"https:\/\/jornalfatosenoticias.com.br\/","logo":{"@type":"ImageObject","inLanguage":"pt-BR","@id":"https:\/\/jornalfatosenoticias.com.br\/#\/schema\/logo\/image\/","url":"https:\/\/jornalfatosenoticias.com.br\/wp-content\/uploads\/2020\/02\/logo120.png","contentUrl":"https:\/\/jornalfatosenoticias.com.br\/wp-content\/uploads\/2020\/02\/logo120.png","width":1227,"height":120,"caption":"Jornal Fatos e Not\u00edcias"},"image":{"@id":"https:\/\/jornalfatosenoticias.com.br\/#\/schema\/logo\/image\/"}},{"@type":"Person","@id":"https:\/\/jornalfatosenoticias.com.br\/#\/schema\/person\/d63837fa13ac8666eb9e74e0985d6f81","name":"Luzimara Fernandes","image":{"@type":"ImageObject","inLanguage":"pt-BR","@id":"https:\/\/jornalfatosenoticias.com.br\/#\/schema\/person\/image\/","url":"https:\/\/jornalfatosenoticias.com.br\/wp-content\/uploads\/2025\/05\/EU_portal.jpg","contentUrl":"https:\/\/jornalfatosenoticias.com.br\/wp-content\/uploads\/2025\/05\/EU_portal.jpg","caption":"Luzimara Fernandes"},"description":"Jornalista MTB 2358-ES","sameAs":["https:\/\/jornalfatosenoticias.com.br"],"url":"https:\/\/jornalfatosenoticias.com.br\/index.php\/author\/luzimara\/"}]}},"cc_featured_image_caption":{"caption_text":"(Foto: CNI\/Jos\u00e9 Paulo Lacerda) ","source_text":"","source_url":""},"jetpack_featured_media_url":"https:\/\/jornalfatosenoticias.com.br\/wp-content\/uploads\/2022\/10\/industrias_fabricas_de_motocicletas.jpg","_links":{"self":[{"href":"https:\/\/jornalfatosenoticias.com.br\/index.php\/wp-json\/wp\/v2\/posts\/35557","targetHints":{"allow":["GET"]}}],"collection":[{"href":"https:\/\/jornalfatosenoticias.com.br\/index.php\/wp-json\/wp\/v2\/posts"}],"about":[{"href":"https:\/\/jornalfatosenoticias.com.br\/index.php\/wp-json\/wp\/v2\/types\/post"}],"author":[{"embeddable":true,"href":"https:\/\/jornalfatosenoticias.com.br\/index.php\/wp-json\/wp\/v2\/users\/2"}],"replies":[{"embeddable":true,"href":"https:\/\/jornalfatosenoticias.com.br\/index.php\/wp-json\/wp\/v2\/comments?post=35557"}],"version-history":[{"count":0,"href":"https:\/\/jornalfatosenoticias.com.br\/index.php\/wp-json\/wp\/v2\/posts\/35557\/revisions"}],"wp:featuredmedia":[{"embeddable":true,"href":"https:\/\/jornalfatosenoticias.com.br\/index.php\/wp-json\/wp\/v2\/media\/35558"}],"wp:attachment":[{"href":"https:\/\/jornalfatosenoticias.com.br\/index.php\/wp-json\/wp\/v2\/media?parent=35557"}],"wp:term":[{"taxonomy":"category","embeddable":true,"href":"https:\/\/jornalfatosenoticias.com.br\/index.php\/wp-json\/wp\/v2\/categories?post=35557"},{"taxonomy":"post_tag","embeddable":true,"href":"https:\/\/jornalfatosenoticias.com.br\/index.php\/wp-json\/wp\/v2\/tags?post=35557"}],"curies":[{"name":"wp","href":"https:\/\/api.w.org\/{rel}","templated":true}]}}