{"id":35560,"date":"2022-10-26T10:40:29","date_gmt":"2022-10-26T13:40:29","guid":{"rendered":"https:\/\/jornalfatosenoticias.com.br\/?p=35560"},"modified":"2022-10-26T10:40:31","modified_gmt":"2022-10-26T13:40:31","slug":"apos-denuncia-de-bolsonaro-tse-exonera-servidor-responsavel-por-insercoes-da-propaganda-eleitoral","status":"publish","type":"post","link":"https:\/\/jornalfatosenoticias.com.br\/index.php\/2022\/10\/26\/apos-denuncia-de-bolsonaro-tse-exonera-servidor-responsavel-por-insercoes-da-propaganda-eleitoral\/","title":{"rendered":"Ap\u00f3s den\u00fancia de Bolsonaro, TSE exonera servidor respons\u00e1vel por inser\u00e7\u00f5es da propaganda eleitoral"},"content":{"rendered":"\n<div class=\"wp-block-image\"><figure class=\"aligncenter size-large\"><img loading=\"lazy\" decoding=\"async\" width=\"1024\" height=\"103\" src=\"https:\/\/jornalfatosenoticias.com.br\/wp-content\/uploads\/2022\/02\/Arte-Autoescola-Galatas_endereco_portal-1024x103.png\" alt=\"\" class=\"wp-image-27869\" srcset=\"https:\/\/jornalfatosenoticias.com.br\/wp-content\/uploads\/2022\/02\/Arte-Autoescola-Galatas_endereco_portal-1024x103.png 1024w, https:\/\/jornalfatosenoticias.com.br\/wp-content\/uploads\/2022\/02\/Arte-Autoescola-Galatas_endereco_portal-300x30.png 300w, https:\/\/jornalfatosenoticias.com.br\/wp-content\/uploads\/2022\/02\/Arte-Autoescola-Galatas_endereco_portal-768x77.png 768w, https:\/\/jornalfatosenoticias.com.br\/wp-content\/uploads\/2022\/02\/Arte-Autoescola-Galatas_endereco_portal.png 1223w\" sizes=\"auto, (max-width: 1024px) 100vw, 1024px\" \/><\/figure><\/div>\n\n\n\n<p>O Tribunal Superior Eleitoral (TSE) decidiu exonerar o servidor Alexandre Gomes Machado, assessor de gabinete da Secretaria Judici\u00e1ria da Secretaria-Geral da Presid\u00eancia. A exonera\u00e7\u00e3o dele foi publicada na manh\u00e3 desta quarta-feira (26).<br>Machado foi exonerado ap\u00f3s den\u00fancia da campanha do presidente Jair Bolsonaro (PL) sobre ter sido prejudicado em inser\u00e7\u00f5es nas r\u00e1dios.<\/p>\n\n\n\n<div class=\"wp-block-image\"><figure class=\"aligncenter size-large is-resized\"><img loading=\"lazy\" decoding=\"async\" src=\"https:\/\/jornalfatosenoticias.com.br\/wp-content\/uploads\/2022\/07\/Logo-Grupo-SEI.jpg\" alt=\"\" class=\"wp-image-31973\" width=\"319\" height=\"168\" srcset=\"https:\/\/jornalfatosenoticias.com.br\/wp-content\/uploads\/2022\/07\/Logo-Grupo-SEI.jpg 713w, https:\/\/jornalfatosenoticias.com.br\/wp-content\/uploads\/2022\/07\/Logo-Grupo-SEI-300x158.jpg 300w\" sizes=\"auto, (max-width: 319px) 100vw, 319px\" \/><\/figure><\/div>\n\n\n\n<p>O servidor exercia a fun\u00e7\u00e3o de Coordenador do Pool de Emissoras, sendo o respons\u00e1vel pelo recebimento dos arquivos com as pe\u00e7as publicit\u00e1rias e sua disponibiliza\u00e7\u00e3o no sistema eletr\u00f4nico do TSE, para que sejam baixadas pelas emissoras de r\u00e1dio e TV.<\/p>\n\n\n\n<div class=\"wp-block-image\"><figure class=\"aligncenter size-large\"><img decoding=\"async\" src=\"https:\/\/jornalfatosenoticias.com.br\/wp-content\/uploads\/2020\/02\/Serra-Grande-1024x160.png\" alt=\"\" class=\"wp-image-7836\"\/><\/figure><\/div>\n\n\n\n<p>Ao TSE, a campanha de Bolsonaro entregou na noite de ontem (25) uma peti\u00e7\u00e3o em que detalha, com provas, a den\u00fancia de que r\u00e1dios, especialmente no Nordeste, deixaram de veicular mais de 150 mil inser\u00e7\u00f5es de propaganda eleitoral do presidente.<\/p>\n\n\n\n<div class=\"wp-block-image\"><figure class=\"aligncenter size-large\"><img loading=\"lazy\" decoding=\"async\" width=\"300\" height=\"250\" src=\"https:\/\/jornalfatosenoticias.com.br\/wp-content\/uploads\/2022\/08\/arte-Casarao.jpg\" alt=\"\" class=\"wp-image-33178\"\/><\/figure><\/div>\n\n\n\n<figure class=\"wp-block-image size-large\"><img loading=\"lazy\" decoding=\"async\" width=\"1000\" height=\"611\" src=\"https:\/\/jornalfatosenoticias.com.br\/wp-content\/uploads\/2022\/10\/Captura-de-Tela-bolsonaro.jpg\" alt=\"\" class=\"wp-image-35561\" srcset=\"https:\/\/jornalfatosenoticias.com.br\/wp-content\/uploads\/2022\/10\/Captura-de-Tela-bolsonaro.jpg 1000w, https:\/\/jornalfatosenoticias.com.br\/wp-content\/uploads\/2022\/10\/Captura-de-Tela-bolsonaro-300x183.jpg 300w, https:\/\/jornalfatosenoticias.com.br\/wp-content\/uploads\/2022\/10\/Captura-de-Tela-bolsonaro-768x469.jpg 768w\" sizes=\"auto, (max-width: 1000px) 100vw, 1000px\" \/><\/figure>\n\n\n\n<div class=\"wp-block-image\"><figure class=\"aligncenter size-large is-resized\"><img loading=\"lazy\" decoding=\"async\" src=\"https:\/\/jornalfatosenoticias.com.br\/wp-content\/uploads\/2022\/08\/logo-locau-veiculos-1024x573.png\" alt=\"\" class=\"wp-image-33078\" width=\"293\" height=\"163\"\/><\/figure><\/div>\n\n\n\n<p>Os advogados anexaram o relat\u00f3rio de auditoria de m\u00eddia realizada pela empresa Audiency Brasil Tecnologia Ltda.<br>A campanha tamb\u00e9m fez um recorte amostral de oito r\u00e1dios de munic\u00edpios da Bahia e de Pernambuco, que deixaram de veicular 730 inser\u00e7\u00f5es da campanha de Bolsonaro \u2014 beneficiando indiretamente Lula.<\/p>\n\n\n\n<div class=\"wp-block-image\"><figure class=\"aligncenter size-large\"><img decoding=\"async\" src=\"https:\/\/jornalfatosenoticias.com.br\/wp-content\/uploads\/2020\/02\/logo_esteio.jpg\" alt=\"\" class=\"wp-image-1214\"\/><\/figure><\/div>\n\n\n\n<p>Ao ser questionada pelo site O Antagonista, a assessoria do TSE afirmou que a exonera\u00e7\u00e3o ocorreu \u201cem virtude do per\u00edodo eleitoral\u201d e que \u201ca gest\u00e3o do TSE vem realizando altera\u00e7\u00f5es gradativas em sua equipe\u201d.<\/p>\n\n\n\n<div class=\"wp-block-image\"><figure class=\"aligncenter size-large is-resized\"><img loading=\"lazy\" decoding=\"async\" src=\"https:\/\/jornalfatosenoticias.com.br\/wp-content\/uploads\/2020\/02\/nova-logo-Marquetti.jpg\" alt=\"\" class=\"wp-image-22331\" width=\"264\" height=\"177\" srcset=\"https:\/\/jornalfatosenoticias.com.br\/wp-content\/uploads\/2020\/02\/nova-logo-Marquetti.jpg 643w, https:\/\/jornalfatosenoticias.com.br\/wp-content\/uploads\/2020\/02\/nova-logo-Marquetti-300x202.jpg 300w\" sizes=\"auto, (max-width: 264px) 100vw, 264px\" \/><\/figure><\/div>\n\n\n\n<p><strong><em>Fonte: <a href=\"https:\/\/gazetabrasil.com.br\/eleicoes-2022-2\/2022\/10\/26\/tse-exonera-servidor-responsavel-por-insercoes-da-propaganda-eleitoral\/\">Gazeta Brasil<\/a><\/em><\/strong><\/p>\n","protected":false},"excerpt":{"rendered":"<p>O Tribunal Superior Eleitoral (TSE) decidiu exonerar o servidor Alexandre Gomes Machado, assessor de gabinete da Secretaria Judici\u00e1ria da Secretaria-Geral da Presid\u00eancia. A exonera\u00e7\u00e3o dele foi publicada na manh\u00e3 desta quarta-feira (26).Machado foi exonerado ap\u00f3s den\u00fancia da campanha do presidente Jair Bolsonaro (PL) sobre ter sido prejudicado em inser\u00e7\u00f5es nas r\u00e1dios. O servidor exercia a [&hellip;]<\/p>\n","protected":false},"author":2,"featured_media":35384,"comment_status":"open","ping_status":"open","sticky":false,"template":"","format":"standard","meta":{"footnotes":""},"categories":[10],"tags":[16688,6183,16689,1514],"class_list":["post-35560","post","type-post","status-publish","format-standard","has-post-thumbnail","hentry","category-politica","tag-insercoes","tag-propaganda-eleitoral","tag-servidor","tag-tse"],"yoast_head":"<!-- This site is optimized with the Yoast SEO plugin v26.5 - https:\/\/yoast.com\/wordpress\/plugins\/seo\/ -->\n<title>Ap\u00f3s den\u00fancia de Bolsonaro, TSE exonera servidor respons\u00e1vel por inser\u00e7\u00f5es da propaganda eleitoral - Jornal Fatos e Not\u00edcias<\/title>\n<meta name=\"robots\" content=\"index, follow, max-snippet:-1, max-image-preview:large, max-video-preview:-1\" \/>\n<link rel=\"canonical\" href=\"https:\/\/jornalfatosenoticias.com.br\/index.php\/2022\/10\/26\/apos-denuncia-de-bolsonaro-tse-exonera-servidor-responsavel-por-insercoes-da-propaganda-eleitoral\/\" \/>\n<meta property=\"og:locale\" content=\"pt_BR\" \/>\n<meta property=\"og:type\" content=\"article\" \/>\n<meta property=\"og:title\" content=\"Ap\u00f3s den\u00fancia de Bolsonaro, TSE exonera servidor respons\u00e1vel por inser\u00e7\u00f5es da propaganda eleitoral - Jornal Fatos e Not\u00edcias\" \/>\n<meta property=\"og:description\" content=\"O Tribunal Superior Eleitoral (TSE) decidiu exonerar o servidor Alexandre Gomes Machado, assessor de gabinete da Secretaria Judici\u00e1ria da Secretaria-Geral da Presid\u00eancia. A exonera\u00e7\u00e3o dele foi publicada na manh\u00e3 desta quarta-feira (26).Machado foi exonerado ap\u00f3s den\u00fancia da campanha do presidente Jair Bolsonaro (PL) sobre ter sido prejudicado em inser\u00e7\u00f5es nas r\u00e1dios. O servidor exercia a [&hellip;]\" \/>\n<meta property=\"og:url\" content=\"https:\/\/jornalfatosenoticias.com.br\/index.php\/2022\/10\/26\/apos-denuncia-de-bolsonaro-tse-exonera-servidor-responsavel-por-insercoes-da-propaganda-eleitoral\/\" \/>\n<meta property=\"og:site_name\" content=\"Jornal Fatos e Not\u00edcias\" \/>\n<meta property=\"article:published_time\" content=\"2022-10-26T13:40:29+00:00\" \/>\n<meta property=\"article:modified_time\" content=\"2022-10-26T13:40:31+00:00\" \/>\n<meta property=\"og:image\" content=\"https:\/\/jornalfatosenoticias.com.br\/wp-content\/uploads\/2022\/10\/sala-tse.jpg\" \/>\n\t<meta property=\"og:image:width\" content=\"1000\" \/>\n\t<meta property=\"og:image:height\" content=\"483\" \/>\n\t<meta property=\"og:image:type\" content=\"image\/jpeg\" \/>\n<meta name=\"author\" content=\"Luzimara Fernandes\" \/>\n<meta name=\"twitter:card\" content=\"summary_large_image\" \/>\n<meta name=\"twitter:label1\" content=\"Escrito por\" \/>\n\t<meta name=\"twitter:data1\" content=\"Luzimara Fernandes\" \/>\n\t<meta name=\"twitter:label2\" content=\"Est. tempo de leitura\" \/>\n\t<meta name=\"twitter:data2\" content=\"1 minuto\" \/>\n<script type=\"application\/ld+json\" class=\"yoast-schema-graph\">{\"@context\":\"https:\/\/schema.org\",\"@graph\":[{\"@type\":\"Article\",\"@id\":\"https:\/\/jornalfatosenoticias.com.br\/index.php\/2022\/10\/26\/apos-denuncia-de-bolsonaro-tse-exonera-servidor-responsavel-por-insercoes-da-propaganda-eleitoral\/#article\",\"isPartOf\":{\"@id\":\"https:\/\/jornalfatosenoticias.com.br\/index.php\/2022\/10\/26\/apos-denuncia-de-bolsonaro-tse-exonera-servidor-responsavel-por-insercoes-da-propaganda-eleitoral\/\"},\"author\":{\"name\":\"Luzimara Fernandes\",\"@id\":\"https:\/\/jornalfatosenoticias.com.br\/#\/schema\/person\/d63837fa13ac8666eb9e74e0985d6f81\"},\"headline\":\"Ap\u00f3s den\u00fancia de Bolsonaro, TSE exonera servidor respons\u00e1vel por inser\u00e7\u00f5es da propaganda eleitoral\",\"datePublished\":\"2022-10-26T13:40:29+00:00\",\"dateModified\":\"2022-10-26T13:40:31+00:00\",\"mainEntityOfPage\":{\"@id\":\"https:\/\/jornalfatosenoticias.com.br\/index.php\/2022\/10\/26\/apos-denuncia-de-bolsonaro-tse-exonera-servidor-responsavel-por-insercoes-da-propaganda-eleitoral\/\"},\"wordCount\":256,\"commentCount\":0,\"publisher\":{\"@id\":\"https:\/\/jornalfatosenoticias.com.br\/#organization\"},\"image\":{\"@id\":\"https:\/\/jornalfatosenoticias.com.br\/index.php\/2022\/10\/26\/apos-denuncia-de-bolsonaro-tse-exonera-servidor-responsavel-por-insercoes-da-propaganda-eleitoral\/#primaryimage\"},\"thumbnailUrl\":\"https:\/\/jornalfatosenoticias.com.br\/wp-content\/uploads\/2022\/10\/sala-tse.jpg\",\"keywords\":[\"inser\u00e7\u00f5es\",\"propaganda eleitoral\",\"servidor\",\"TSE\"],\"articleSection\":[\"Pol\u00edtica\"],\"inLanguage\":\"pt-BR\",\"potentialAction\":[{\"@type\":\"CommentAction\",\"name\":\"Comment\",\"target\":[\"https:\/\/jornalfatosenoticias.com.br\/index.php\/2022\/10\/26\/apos-denuncia-de-bolsonaro-tse-exonera-servidor-responsavel-por-insercoes-da-propaganda-eleitoral\/#respond\"]}]},{\"@type\":\"WebPage\",\"@id\":\"https:\/\/jornalfatosenoticias.com.br\/index.php\/2022\/10\/26\/apos-denuncia-de-bolsonaro-tse-exonera-servidor-responsavel-por-insercoes-da-propaganda-eleitoral\/\",\"url\":\"https:\/\/jornalfatosenoticias.com.br\/index.php\/2022\/10\/26\/apos-denuncia-de-bolsonaro-tse-exonera-servidor-responsavel-por-insercoes-da-propaganda-eleitoral\/\",\"name\":\"Ap\u00f3s den\u00fancia de Bolsonaro, TSE exonera servidor respons\u00e1vel por inser\u00e7\u00f5es da propaganda eleitoral - Jornal Fatos e Not\u00edcias\",\"isPartOf\":{\"@id\":\"https:\/\/jornalfatosenoticias.com.br\/#website\"},\"primaryImageOfPage\":{\"@id\":\"https:\/\/jornalfatosenoticias.com.br\/index.php\/2022\/10\/26\/apos-denuncia-de-bolsonaro-tse-exonera-servidor-responsavel-por-insercoes-da-propaganda-eleitoral\/#primaryimage\"},\"image\":{\"@id\":\"https:\/\/jornalfatosenoticias.com.br\/index.php\/2022\/10\/26\/apos-denuncia-de-bolsonaro-tse-exonera-servidor-responsavel-por-insercoes-da-propaganda-eleitoral\/#primaryimage\"},\"thumbnailUrl\":\"https:\/\/jornalfatosenoticias.com.br\/wp-content\/uploads\/2022\/10\/sala-tse.jpg\",\"datePublished\":\"2022-10-26T13:40:29+00:00\",\"dateModified\":\"2022-10-26T13:40:31+00:00\",\"breadcrumb\":{\"@id\":\"https:\/\/jornalfatosenoticias.com.br\/index.php\/2022\/10\/26\/apos-denuncia-de-bolsonaro-tse-exonera-servidor-responsavel-por-insercoes-da-propaganda-eleitoral\/#breadcrumb\"},\"inLanguage\":\"pt-BR\",\"potentialAction\":[{\"@type\":\"ReadAction\",\"target\":[\"https:\/\/jornalfatosenoticias.com.br\/index.php\/2022\/10\/26\/apos-denuncia-de-bolsonaro-tse-exonera-servidor-responsavel-por-insercoes-da-propaganda-eleitoral\/\"]}]},{\"@type\":\"ImageObject\",\"inLanguage\":\"pt-BR\",\"@id\":\"https:\/\/jornalfatosenoticias.com.br\/index.php\/2022\/10\/26\/apos-denuncia-de-bolsonaro-tse-exonera-servidor-responsavel-por-insercoes-da-propaganda-eleitoral\/#primaryimage\",\"url\":\"https:\/\/jornalfatosenoticias.com.br\/wp-content\/uploads\/2022\/10\/sala-tse.jpg\",\"contentUrl\":\"https:\/\/jornalfatosenoticias.com.br\/wp-content\/uploads\/2022\/10\/sala-tse.jpg\",\"width\":1000,\"height\":483},{\"@type\":\"BreadcrumbList\",\"@id\":\"https:\/\/jornalfatosenoticias.com.br\/index.php\/2022\/10\/26\/apos-denuncia-de-bolsonaro-tse-exonera-servidor-responsavel-por-insercoes-da-propaganda-eleitoral\/#breadcrumb\",\"itemListElement\":[{\"@type\":\"ListItem\",\"position\":1,\"name\":\"In\u00edcio\",\"item\":\"https:\/\/jornalfatosenoticias.com.br\/\"},{\"@type\":\"ListItem\",\"position\":2,\"name\":\"Ap\u00f3s den\u00fancia de Bolsonaro, TSE exonera servidor respons\u00e1vel por inser\u00e7\u00f5es da propaganda eleitoral\"}]},{\"@type\":\"WebSite\",\"@id\":\"https:\/\/jornalfatosenoticias.com.br\/#website\",\"url\":\"https:\/\/jornalfatosenoticias.com.br\/\",\"name\":\"Jornal Fatos e Not\u00edcias\",\"description\":\"Not\u00edcias em geral\",\"publisher\":{\"@id\":\"https:\/\/jornalfatosenoticias.com.br\/#organization\"},\"potentialAction\":[{\"@type\":\"SearchAction\",\"target\":{\"@type\":\"EntryPoint\",\"urlTemplate\":\"https:\/\/jornalfatosenoticias.com.br\/?s={search_term_string}\"},\"query-input\":{\"@type\":\"PropertyValueSpecification\",\"valueRequired\":true,\"valueName\":\"search_term_string\"}}],\"inLanguage\":\"pt-BR\"},{\"@type\":\"Organization\",\"@id\":\"https:\/\/jornalfatosenoticias.com.br\/#organization\",\"name\":\"Jornal Fatos e Not\u00edcias\",\"url\":\"https:\/\/jornalfatosenoticias.com.br\/\",\"logo\":{\"@type\":\"ImageObject\",\"inLanguage\":\"pt-BR\",\"@id\":\"https:\/\/jornalfatosenoticias.com.br\/#\/schema\/logo\/image\/\",\"url\":\"https:\/\/jornalfatosenoticias.com.br\/wp-content\/uploads\/2020\/02\/logo120.png\",\"contentUrl\":\"https:\/\/jornalfatosenoticias.com.br\/wp-content\/uploads\/2020\/02\/logo120.png\",\"width\":1227,\"height\":120,\"caption\":\"Jornal Fatos e Not\u00edcias\"},\"image\":{\"@id\":\"https:\/\/jornalfatosenoticias.com.br\/#\/schema\/logo\/image\/\"}},{\"@type\":\"Person\",\"@id\":\"https:\/\/jornalfatosenoticias.com.br\/#\/schema\/person\/d63837fa13ac8666eb9e74e0985d6f81\",\"name\":\"Luzimara Fernandes\",\"image\":{\"@type\":\"ImageObject\",\"inLanguage\":\"pt-BR\",\"@id\":\"https:\/\/jornalfatosenoticias.com.br\/#\/schema\/person\/image\/\",\"url\":\"https:\/\/jornalfatosenoticias.com.br\/wp-content\/uploads\/2025\/05\/EU_portal.jpg\",\"contentUrl\":\"https:\/\/jornalfatosenoticias.com.br\/wp-content\/uploads\/2025\/05\/EU_portal.jpg\",\"caption\":\"Luzimara Fernandes\"},\"description\":\"Jornalista MTB 2358-ES\",\"sameAs\":[\"https:\/\/jornalfatosenoticias.com.br\"],\"url\":\"https:\/\/jornalfatosenoticias.com.br\/index.php\/author\/luzimara\/\"}]}<\/script>\n<!-- \/ Yoast SEO plugin. -->","yoast_head_json":{"title":"Ap\u00f3s den\u00fancia de Bolsonaro, TSE exonera servidor respons\u00e1vel por inser\u00e7\u00f5es da propaganda eleitoral - Jornal Fatos e Not\u00edcias","robots":{"index":"index","follow":"follow","max-snippet":"max-snippet:-1","max-image-preview":"max-image-preview:large","max-video-preview":"max-video-preview:-1"},"canonical":"https:\/\/jornalfatosenoticias.com.br\/index.php\/2022\/10\/26\/apos-denuncia-de-bolsonaro-tse-exonera-servidor-responsavel-por-insercoes-da-propaganda-eleitoral\/","og_locale":"pt_BR","og_type":"article","og_title":"Ap\u00f3s den\u00fancia de Bolsonaro, TSE exonera servidor respons\u00e1vel por inser\u00e7\u00f5es da propaganda eleitoral - Jornal Fatos e Not\u00edcias","og_description":"O Tribunal Superior Eleitoral (TSE) decidiu exonerar o servidor Alexandre Gomes Machado, assessor de gabinete da Secretaria Judici\u00e1ria da Secretaria-Geral da Presid\u00eancia. A exonera\u00e7\u00e3o dele foi publicada na manh\u00e3 desta quarta-feira (26).Machado foi exonerado ap\u00f3s den\u00fancia da campanha do presidente Jair Bolsonaro (PL) sobre ter sido prejudicado em inser\u00e7\u00f5es nas r\u00e1dios. O servidor exercia a [&hellip;]","og_url":"https:\/\/jornalfatosenoticias.com.br\/index.php\/2022\/10\/26\/apos-denuncia-de-bolsonaro-tse-exonera-servidor-responsavel-por-insercoes-da-propaganda-eleitoral\/","og_site_name":"Jornal Fatos e Not\u00edcias","article_published_time":"2022-10-26T13:40:29+00:00","article_modified_time":"2022-10-26T13:40:31+00:00","og_image":[{"width":1000,"height":483,"url":"https:\/\/jornalfatosenoticias.com.br\/wp-content\/uploads\/2022\/10\/sala-tse.jpg","type":"image\/jpeg"}],"author":"Luzimara Fernandes","twitter_card":"summary_large_image","twitter_misc":{"Escrito por":"Luzimara Fernandes","Est. tempo de leitura":"1 minuto"},"schema":{"@context":"https:\/\/schema.org","@graph":[{"@type":"Article","@id":"https:\/\/jornalfatosenoticias.com.br\/index.php\/2022\/10\/26\/apos-denuncia-de-bolsonaro-tse-exonera-servidor-responsavel-por-insercoes-da-propaganda-eleitoral\/#article","isPartOf":{"@id":"https:\/\/jornalfatosenoticias.com.br\/index.php\/2022\/10\/26\/apos-denuncia-de-bolsonaro-tse-exonera-servidor-responsavel-por-insercoes-da-propaganda-eleitoral\/"},"author":{"name":"Luzimara Fernandes","@id":"https:\/\/jornalfatosenoticias.com.br\/#\/schema\/person\/d63837fa13ac8666eb9e74e0985d6f81"},"headline":"Ap\u00f3s den\u00fancia de Bolsonaro, TSE exonera servidor respons\u00e1vel por inser\u00e7\u00f5es da propaganda eleitoral","datePublished":"2022-10-26T13:40:29+00:00","dateModified":"2022-10-26T13:40:31+00:00","mainEntityOfPage":{"@id":"https:\/\/jornalfatosenoticias.com.br\/index.php\/2022\/10\/26\/apos-denuncia-de-bolsonaro-tse-exonera-servidor-responsavel-por-insercoes-da-propaganda-eleitoral\/"},"wordCount":256,"commentCount":0,"publisher":{"@id":"https:\/\/jornalfatosenoticias.com.br\/#organization"},"image":{"@id":"https:\/\/jornalfatosenoticias.com.br\/index.php\/2022\/10\/26\/apos-denuncia-de-bolsonaro-tse-exonera-servidor-responsavel-por-insercoes-da-propaganda-eleitoral\/#primaryimage"},"thumbnailUrl":"https:\/\/jornalfatosenoticias.com.br\/wp-content\/uploads\/2022\/10\/sala-tse.jpg","keywords":["inser\u00e7\u00f5es","propaganda eleitoral","servidor","TSE"],"articleSection":["Pol\u00edtica"],"inLanguage":"pt-BR","potentialAction":[{"@type":"CommentAction","name":"Comment","target":["https:\/\/jornalfatosenoticias.com.br\/index.php\/2022\/10\/26\/apos-denuncia-de-bolsonaro-tse-exonera-servidor-responsavel-por-insercoes-da-propaganda-eleitoral\/#respond"]}]},{"@type":"WebPage","@id":"https:\/\/jornalfatosenoticias.com.br\/index.php\/2022\/10\/26\/apos-denuncia-de-bolsonaro-tse-exonera-servidor-responsavel-por-insercoes-da-propaganda-eleitoral\/","url":"https:\/\/jornalfatosenoticias.com.br\/index.php\/2022\/10\/26\/apos-denuncia-de-bolsonaro-tse-exonera-servidor-responsavel-por-insercoes-da-propaganda-eleitoral\/","name":"Ap\u00f3s den\u00fancia de Bolsonaro, TSE exonera servidor respons\u00e1vel por inser\u00e7\u00f5es da propaganda eleitoral - Jornal Fatos e Not\u00edcias","isPartOf":{"@id":"https:\/\/jornalfatosenoticias.com.br\/#website"},"primaryImageOfPage":{"@id":"https:\/\/jornalfatosenoticias.com.br\/index.php\/2022\/10\/26\/apos-denuncia-de-bolsonaro-tse-exonera-servidor-responsavel-por-insercoes-da-propaganda-eleitoral\/#primaryimage"},"image":{"@id":"https:\/\/jornalfatosenoticias.com.br\/index.php\/2022\/10\/26\/apos-denuncia-de-bolsonaro-tse-exonera-servidor-responsavel-por-insercoes-da-propaganda-eleitoral\/#primaryimage"},"thumbnailUrl":"https:\/\/jornalfatosenoticias.com.br\/wp-content\/uploads\/2022\/10\/sala-tse.jpg","datePublished":"2022-10-26T13:40:29+00:00","dateModified":"2022-10-26T13:40:31+00:00","breadcrumb":{"@id":"https:\/\/jornalfatosenoticias.com.br\/index.php\/2022\/10\/26\/apos-denuncia-de-bolsonaro-tse-exonera-servidor-responsavel-por-insercoes-da-propaganda-eleitoral\/#breadcrumb"},"inLanguage":"pt-BR","potentialAction":[{"@type":"ReadAction","target":["https:\/\/jornalfatosenoticias.com.br\/index.php\/2022\/10\/26\/apos-denuncia-de-bolsonaro-tse-exonera-servidor-responsavel-por-insercoes-da-propaganda-eleitoral\/"]}]},{"@type":"ImageObject","inLanguage":"pt-BR","@id":"https:\/\/jornalfatosenoticias.com.br\/index.php\/2022\/10\/26\/apos-denuncia-de-bolsonaro-tse-exonera-servidor-responsavel-por-insercoes-da-propaganda-eleitoral\/#primaryimage","url":"https:\/\/jornalfatosenoticias.com.br\/wp-content\/uploads\/2022\/10\/sala-tse.jpg","contentUrl":"https:\/\/jornalfatosenoticias.com.br\/wp-content\/uploads\/2022\/10\/sala-tse.jpg","width":1000,"height":483},{"@type":"BreadcrumbList","@id":"https:\/\/jornalfatosenoticias.com.br\/index.php\/2022\/10\/26\/apos-denuncia-de-bolsonaro-tse-exonera-servidor-responsavel-por-insercoes-da-propaganda-eleitoral\/#breadcrumb","itemListElement":[{"@type":"ListItem","position":1,"name":"In\u00edcio","item":"https:\/\/jornalfatosenoticias.com.br\/"},{"@type":"ListItem","position":2,"name":"Ap\u00f3s den\u00fancia de Bolsonaro, TSE exonera servidor respons\u00e1vel por inser\u00e7\u00f5es da propaganda eleitoral"}]},{"@type":"WebSite","@id":"https:\/\/jornalfatosenoticias.com.br\/#website","url":"https:\/\/jornalfatosenoticias.com.br\/","name":"Jornal Fatos e Not\u00edcias","description":"Not\u00edcias em geral","publisher":{"@id":"https:\/\/jornalfatosenoticias.com.br\/#organization"},"potentialAction":[{"@type":"SearchAction","target":{"@type":"EntryPoint","urlTemplate":"https:\/\/jornalfatosenoticias.com.br\/?s={search_term_string}"},"query-input":{"@type":"PropertyValueSpecification","valueRequired":true,"valueName":"search_term_string"}}],"inLanguage":"pt-BR"},{"@type":"Organization","@id":"https:\/\/jornalfatosenoticias.com.br\/#organization","name":"Jornal Fatos e Not\u00edcias","url":"https:\/\/jornalfatosenoticias.com.br\/","logo":{"@type":"ImageObject","inLanguage":"pt-BR","@id":"https:\/\/jornalfatosenoticias.com.br\/#\/schema\/logo\/image\/","url":"https:\/\/jornalfatosenoticias.com.br\/wp-content\/uploads\/2020\/02\/logo120.png","contentUrl":"https:\/\/jornalfatosenoticias.com.br\/wp-content\/uploads\/2020\/02\/logo120.png","width":1227,"height":120,"caption":"Jornal Fatos e Not\u00edcias"},"image":{"@id":"https:\/\/jornalfatosenoticias.com.br\/#\/schema\/logo\/image\/"}},{"@type":"Person","@id":"https:\/\/jornalfatosenoticias.com.br\/#\/schema\/person\/d63837fa13ac8666eb9e74e0985d6f81","name":"Luzimara Fernandes","image":{"@type":"ImageObject","inLanguage":"pt-BR","@id":"https:\/\/jornalfatosenoticias.com.br\/#\/schema\/person\/image\/","url":"https:\/\/jornalfatosenoticias.com.br\/wp-content\/uploads\/2025\/05\/EU_portal.jpg","contentUrl":"https:\/\/jornalfatosenoticias.com.br\/wp-content\/uploads\/2025\/05\/EU_portal.jpg","caption":"Luzimara Fernandes"},"description":"Jornalista MTB 2358-ES","sameAs":["https:\/\/jornalfatosenoticias.com.br"],"url":"https:\/\/jornalfatosenoticias.com.br\/index.php\/author\/luzimara\/"}]}},"cc_featured_image_caption":{"caption_text":"(Foto: Ant\u00f4nio Barreto\/Secom\/TSE)","source_text":"","source_url":""},"jetpack_featured_media_url":"https:\/\/jornalfatosenoticias.com.br\/wp-content\/uploads\/2022\/10\/sala-tse.jpg","_links":{"self":[{"href":"https:\/\/jornalfatosenoticias.com.br\/index.php\/wp-json\/wp\/v2\/posts\/35560","targetHints":{"allow":["GET"]}}],"collection":[{"href":"https:\/\/jornalfatosenoticias.com.br\/index.php\/wp-json\/wp\/v2\/posts"}],"about":[{"href":"https:\/\/jornalfatosenoticias.com.br\/index.php\/wp-json\/wp\/v2\/types\/post"}],"author":[{"embeddable":true,"href":"https:\/\/jornalfatosenoticias.com.br\/index.php\/wp-json\/wp\/v2\/users\/2"}],"replies":[{"embeddable":true,"href":"https:\/\/jornalfatosenoticias.com.br\/index.php\/wp-json\/wp\/v2\/comments?post=35560"}],"version-history":[{"count":0,"href":"https:\/\/jornalfatosenoticias.com.br\/index.php\/wp-json\/wp\/v2\/posts\/35560\/revisions"}],"wp:featuredmedia":[{"embeddable":true,"href":"https:\/\/jornalfatosenoticias.com.br\/index.php\/wp-json\/wp\/v2\/media\/35384"}],"wp:attachment":[{"href":"https:\/\/jornalfatosenoticias.com.br\/index.php\/wp-json\/wp\/v2\/media?parent=35560"}],"wp:term":[{"taxonomy":"category","embeddable":true,"href":"https:\/\/jornalfatosenoticias.com.br\/index.php\/wp-json\/wp\/v2\/categories?post=35560"},{"taxonomy":"post_tag","embeddable":true,"href":"https:\/\/jornalfatosenoticias.com.br\/index.php\/wp-json\/wp\/v2\/tags?post=35560"}],"curies":[{"name":"wp","href":"https:\/\/api.w.org\/{rel}","templated":true}]}}