{"id":35563,"date":"2022-10-26T10:50:13","date_gmt":"2022-10-26T13:50:13","guid":{"rendered":"https:\/\/jornalfatosenoticias.com.br\/?p=35563"},"modified":"2022-10-26T10:50:14","modified_gmt":"2022-10-26T13:50:14","slug":"putin-diz-que-riscos-de-conflito-mundial-sao-altos","status":"publish","type":"post","link":"https:\/\/jornalfatosenoticias.com.br\/index.php\/2022\/10\/26\/putin-diz-que-riscos-de-conflito-mundial-sao-altos\/","title":{"rendered":"Putin diz que riscos de conflito mundial s\u00e3o altos"},"content":{"rendered":"\n<p><em><span class=\"has-inline-color has-black-color\">Russo acusa Ucr\u00e2nia de planos de bomba suja<\/span><\/em><\/p>\n\n\n\n<div class=\"wp-block-image\"><figure class=\"aligncenter size-large\"><img loading=\"lazy\" decoding=\"async\" width=\"1024\" height=\"103\" src=\"https:\/\/jornalfatosenoticias.com.br\/wp-content\/uploads\/2022\/02\/Arte-Autoescola-Galatas_endereco_portal-1024x103.png\" alt=\"\" class=\"wp-image-27869\" srcset=\"https:\/\/jornalfatosenoticias.com.br\/wp-content\/uploads\/2022\/02\/Arte-Autoescola-Galatas_endereco_portal-1024x103.png 1024w, https:\/\/jornalfatosenoticias.com.br\/wp-content\/uploads\/2022\/02\/Arte-Autoescola-Galatas_endereco_portal-300x30.png 300w, https:\/\/jornalfatosenoticias.com.br\/wp-content\/uploads\/2022\/02\/Arte-Autoescola-Galatas_endereco_portal-768x77.png 768w, https:\/\/jornalfatosenoticias.com.br\/wp-content\/uploads\/2022\/02\/Arte-Autoescola-Galatas_endereco_portal.png 1223w\" sizes=\"auto, (max-width: 1024px) 100vw, 1024px\" \/><\/figure><\/div>\n\n\n\n<p>O presidente russo, <a href=\"https:\/\/www.moneytimes.com.br\/tag\/vladmir-putin\/\"><strong>Vladimir Putin<\/strong><\/a>, disse nesta quarta-feira que a\u00a0<a href=\"https:\/\/www.moneytimes.com.br\/tag\/russia\/\"><strong>R\u00fassia<\/strong><\/a>\u00a0est\u00e1 ciente dos planos ucranianos de usar uma \u201cbomba suja\u201d, ecoando uma alega\u00e7\u00e3o sem provas repetidamente feita por\u00a0<strong>Moscou<\/strong> nos \u00faltimos dias.<\/p>\n\n\n\n<div class=\"wp-block-image\"><figure class=\"aligncenter size-large is-resized\"><img loading=\"lazy\" decoding=\"async\" src=\"https:\/\/jornalfatosenoticias.com.br\/wp-content\/uploads\/2020\/02\/logo_esteio.jpg\" alt=\"\" class=\"wp-image-1214\" width=\"263\" height=\"219\"\/><\/figure><\/div>\n\n\n\n<p>Falando em uma reuni\u00e3o com os chefes de intelig\u00eancia de v\u00e1rios ex-pa\u00edses sovi\u00e9ticos, Putin afirmou que o risco de conflito no mundo e na regi\u00e3o \u00e9 alto e que a seguran\u00e7a deveria ser refor\u00e7ada em torno dos principais locais de infraestrutura.<\/p>\n\n\n\n<div class=\"wp-block-image\"><figure class=\"aligncenter size-large\"><img loading=\"lazy\" decoding=\"async\" width=\"729\" height=\"90\" src=\"https:\/\/jornalfatosenoticias.com.br\/wp-content\/uploads\/2020\/02\/Logo_Mizu.png\" alt=\"\" class=\"wp-image-1441\" srcset=\"https:\/\/jornalfatosenoticias.com.br\/wp-content\/uploads\/2020\/02\/Logo_Mizu.png 729w, https:\/\/jornalfatosenoticias.com.br\/wp-content\/uploads\/2020\/02\/Logo_Mizu-300x37.png 300w\" sizes=\"auto, (max-width: 729px) 100vw, 729px\" \/><\/figure><\/div>\n\n\n\n<p><em><span class=\"has-inline-color has-black-color\">(<strong>Foto:<\/strong> Sputnik\/Gavriil Grigorov\/Pool via Reutes)<\/span><\/em><\/p>\n\n\n\n<p><strong><em>Fonte: <a href=\"https:\/\/www.moneytimes.com.br\/putin-acusa-ucrania-de-planos-de-bomba-suja-e-diz-que-riscos-de-conflito-mundial-sao-altos\/\">Money Times<\/a><\/em><\/strong><\/p>\n","protected":false},"excerpt":{"rendered":"<p>Russo acusa Ucr\u00e2nia de planos de bomba suja O presidente russo, Vladimir Putin, disse nesta quarta-feira que a\u00a0R\u00fassia\u00a0est\u00e1 ciente dos planos ucranianos de usar uma \u201cbomba suja\u201d, ecoando uma alega\u00e7\u00e3o sem provas repetidamente feita por\u00a0Moscou nos \u00faltimos dias. Falando em uma reuni\u00e3o com os chefes de intelig\u00eancia de v\u00e1rios ex-pa\u00edses sovi\u00e9ticos, Putin afirmou que o [&hellip;]<\/p>\n","protected":false},"author":2,"featured_media":35564,"comment_status":"open","ping_status":"open","sticky":false,"template":"","format":"standard","meta":{"footnotes":""},"categories":[41],"tags":[16690,4491,15553,14150,991,10577],"class_list":["post-35563","post","type-post","status-publish","format-standard","has-post-thumbnail","hentry","category-internacional","tag-bomba-suja","tag-guerra","tag-operacao-militar-especial","tag-putin","tag-russia","tag-ucrania"],"yoast_head":"<!-- This site is optimized with the Yoast SEO plugin v26.5 - https:\/\/yoast.com\/wordpress\/plugins\/seo\/ -->\n<title>Putin diz que riscos de conflito mundial s\u00e3o altos - Jornal Fatos e Not\u00edcias<\/title>\n<meta name=\"robots\" content=\"index, follow, max-snippet:-1, max-image-preview:large, max-video-preview:-1\" \/>\n<link rel=\"canonical\" href=\"https:\/\/jornalfatosenoticias.com.br\/index.php\/2022\/10\/26\/putin-diz-que-riscos-de-conflito-mundial-sao-altos\/\" \/>\n<meta property=\"og:locale\" content=\"pt_BR\" \/>\n<meta property=\"og:type\" content=\"article\" \/>\n<meta property=\"og:title\" content=\"Putin diz que riscos de conflito mundial s\u00e3o altos - Jornal Fatos e Not\u00edcias\" \/>\n<meta property=\"og:description\" content=\"Russo acusa Ucr\u00e2nia de planos de bomba suja O presidente russo, Vladimir Putin, disse nesta quarta-feira que a\u00a0R\u00fassia\u00a0est\u00e1 ciente dos planos ucranianos de usar uma \u201cbomba suja\u201d, ecoando uma alega\u00e7\u00e3o sem provas repetidamente feita por\u00a0Moscou nos \u00faltimos dias. Falando em uma reuni\u00e3o com os chefes de intelig\u00eancia de v\u00e1rios ex-pa\u00edses sovi\u00e9ticos, Putin afirmou que o [&hellip;]\" \/>\n<meta property=\"og:url\" content=\"https:\/\/jornalfatosenoticias.com.br\/index.php\/2022\/10\/26\/putin-diz-que-riscos-de-conflito-mundial-sao-altos\/\" \/>\n<meta property=\"og:site_name\" content=\"Jornal Fatos e Not\u00edcias\" \/>\n<meta property=\"article:published_time\" content=\"2022-10-26T13:50:13+00:00\" \/>\n<meta property=\"article:modified_time\" content=\"2022-10-26T13:50:14+00:00\" \/>\n<meta property=\"og:image\" content=\"https:\/\/jornalfatosenoticias.com.br\/wp-content\/uploads\/2022\/10\/putin.jpg\" \/>\n\t<meta property=\"og:image:width\" content=\"1000\" \/>\n\t<meta property=\"og:image:height\" content=\"531\" \/>\n\t<meta property=\"og:image:type\" content=\"image\/jpeg\" \/>\n<meta name=\"author\" content=\"Luzimara Fernandes\" \/>\n<meta name=\"twitter:card\" content=\"summary_large_image\" \/>\n<meta name=\"twitter:label1\" content=\"Escrito por\" \/>\n\t<meta name=\"twitter:data1\" content=\"Luzimara Fernandes\" \/>\n\t<meta name=\"twitter:label2\" content=\"Est. tempo de leitura\" \/>\n\t<meta name=\"twitter:data2\" content=\"1 minuto\" \/>\n<script type=\"application\/ld+json\" class=\"yoast-schema-graph\">{\"@context\":\"https:\/\/schema.org\",\"@graph\":[{\"@type\":\"Article\",\"@id\":\"https:\/\/jornalfatosenoticias.com.br\/index.php\/2022\/10\/26\/putin-diz-que-riscos-de-conflito-mundial-sao-altos\/#article\",\"isPartOf\":{\"@id\":\"https:\/\/jornalfatosenoticias.com.br\/index.php\/2022\/10\/26\/putin-diz-que-riscos-de-conflito-mundial-sao-altos\/\"},\"author\":{\"name\":\"Luzimara Fernandes\",\"@id\":\"https:\/\/jornalfatosenoticias.com.br\/#\/schema\/person\/d63837fa13ac8666eb9e74e0985d6f81\"},\"headline\":\"Putin diz que riscos de conflito mundial s\u00e3o altos\",\"datePublished\":\"2022-10-26T13:50:13+00:00\",\"dateModified\":\"2022-10-26T13:50:14+00:00\",\"mainEntityOfPage\":{\"@id\":\"https:\/\/jornalfatosenoticias.com.br\/index.php\/2022\/10\/26\/putin-diz-que-riscos-de-conflito-mundial-sao-altos\/\"},\"wordCount\":112,\"commentCount\":0,\"publisher\":{\"@id\":\"https:\/\/jornalfatosenoticias.com.br\/#organization\"},\"image\":{\"@id\":\"https:\/\/jornalfatosenoticias.com.br\/index.php\/2022\/10\/26\/putin-diz-que-riscos-de-conflito-mundial-sao-altos\/#primaryimage\"},\"thumbnailUrl\":\"https:\/\/jornalfatosenoticias.com.br\/wp-content\/uploads\/2022\/10\/putin.jpg\",\"keywords\":[\"bomba suja\",\"guerra\",\"opera\u00e7\u00e3o militar especial\",\"Putin\",\"R\u00fassia\",\"Ucr\u00e2nia\"],\"articleSection\":[\"Internacional\"],\"inLanguage\":\"pt-BR\",\"potentialAction\":[{\"@type\":\"CommentAction\",\"name\":\"Comment\",\"target\":[\"https:\/\/jornalfatosenoticias.com.br\/index.php\/2022\/10\/26\/putin-diz-que-riscos-de-conflito-mundial-sao-altos\/#respond\"]}]},{\"@type\":\"WebPage\",\"@id\":\"https:\/\/jornalfatosenoticias.com.br\/index.php\/2022\/10\/26\/putin-diz-que-riscos-de-conflito-mundial-sao-altos\/\",\"url\":\"https:\/\/jornalfatosenoticias.com.br\/index.php\/2022\/10\/26\/putin-diz-que-riscos-de-conflito-mundial-sao-altos\/\",\"name\":\"Putin diz que riscos de conflito mundial s\u00e3o altos - Jornal Fatos e Not\u00edcias\",\"isPartOf\":{\"@id\":\"https:\/\/jornalfatosenoticias.com.br\/#website\"},\"primaryImageOfPage\":{\"@id\":\"https:\/\/jornalfatosenoticias.com.br\/index.php\/2022\/10\/26\/putin-diz-que-riscos-de-conflito-mundial-sao-altos\/#primaryimage\"},\"image\":{\"@id\":\"https:\/\/jornalfatosenoticias.com.br\/index.php\/2022\/10\/26\/putin-diz-que-riscos-de-conflito-mundial-sao-altos\/#primaryimage\"},\"thumbnailUrl\":\"https:\/\/jornalfatosenoticias.com.br\/wp-content\/uploads\/2022\/10\/putin.jpg\",\"datePublished\":\"2022-10-26T13:50:13+00:00\",\"dateModified\":\"2022-10-26T13:50:14+00:00\",\"breadcrumb\":{\"@id\":\"https:\/\/jornalfatosenoticias.com.br\/index.php\/2022\/10\/26\/putin-diz-que-riscos-de-conflito-mundial-sao-altos\/#breadcrumb\"},\"inLanguage\":\"pt-BR\",\"potentialAction\":[{\"@type\":\"ReadAction\",\"target\":[\"https:\/\/jornalfatosenoticias.com.br\/index.php\/2022\/10\/26\/putin-diz-que-riscos-de-conflito-mundial-sao-altos\/\"]}]},{\"@type\":\"ImageObject\",\"inLanguage\":\"pt-BR\",\"@id\":\"https:\/\/jornalfatosenoticias.com.br\/index.php\/2022\/10\/26\/putin-diz-que-riscos-de-conflito-mundial-sao-altos\/#primaryimage\",\"url\":\"https:\/\/jornalfatosenoticias.com.br\/wp-content\/uploads\/2022\/10\/putin.jpg\",\"contentUrl\":\"https:\/\/jornalfatosenoticias.com.br\/wp-content\/uploads\/2022\/10\/putin.jpg\",\"width\":1000,\"height\":531},{\"@type\":\"BreadcrumbList\",\"@id\":\"https:\/\/jornalfatosenoticias.com.br\/index.php\/2022\/10\/26\/putin-diz-que-riscos-de-conflito-mundial-sao-altos\/#breadcrumb\",\"itemListElement\":[{\"@type\":\"ListItem\",\"position\":1,\"name\":\"In\u00edcio\",\"item\":\"https:\/\/jornalfatosenoticias.com.br\/\"},{\"@type\":\"ListItem\",\"position\":2,\"name\":\"Putin diz que riscos de conflito mundial s\u00e3o altos\"}]},{\"@type\":\"WebSite\",\"@id\":\"https:\/\/jornalfatosenoticias.com.br\/#website\",\"url\":\"https:\/\/jornalfatosenoticias.com.br\/\",\"name\":\"Jornal Fatos e Not\u00edcias\",\"description\":\"Not\u00edcias em geral\",\"publisher\":{\"@id\":\"https:\/\/jornalfatosenoticias.com.br\/#organization\"},\"potentialAction\":[{\"@type\":\"SearchAction\",\"target\":{\"@type\":\"EntryPoint\",\"urlTemplate\":\"https:\/\/jornalfatosenoticias.com.br\/?s={search_term_string}\"},\"query-input\":{\"@type\":\"PropertyValueSpecification\",\"valueRequired\":true,\"valueName\":\"search_term_string\"}}],\"inLanguage\":\"pt-BR\"},{\"@type\":\"Organization\",\"@id\":\"https:\/\/jornalfatosenoticias.com.br\/#organization\",\"name\":\"Jornal Fatos e Not\u00edcias\",\"url\":\"https:\/\/jornalfatosenoticias.com.br\/\",\"logo\":{\"@type\":\"ImageObject\",\"inLanguage\":\"pt-BR\",\"@id\":\"https:\/\/jornalfatosenoticias.com.br\/#\/schema\/logo\/image\/\",\"url\":\"https:\/\/jornalfatosenoticias.com.br\/wp-content\/uploads\/2020\/02\/logo120.png\",\"contentUrl\":\"https:\/\/jornalfatosenoticias.com.br\/wp-content\/uploads\/2020\/02\/logo120.png\",\"width\":1227,\"height\":120,\"caption\":\"Jornal Fatos e Not\u00edcias\"},\"image\":{\"@id\":\"https:\/\/jornalfatosenoticias.com.br\/#\/schema\/logo\/image\/\"}},{\"@type\":\"Person\",\"@id\":\"https:\/\/jornalfatosenoticias.com.br\/#\/schema\/person\/d63837fa13ac8666eb9e74e0985d6f81\",\"name\":\"Luzimara Fernandes\",\"image\":{\"@type\":\"ImageObject\",\"inLanguage\":\"pt-BR\",\"@id\":\"https:\/\/jornalfatosenoticias.com.br\/#\/schema\/person\/image\/\",\"url\":\"https:\/\/jornalfatosenoticias.com.br\/wp-content\/uploads\/2025\/05\/EU_portal.jpg\",\"contentUrl\":\"https:\/\/jornalfatosenoticias.com.br\/wp-content\/uploads\/2025\/05\/EU_portal.jpg\",\"caption\":\"Luzimara Fernandes\"},\"description\":\"Jornalista MTB 2358-ES\",\"sameAs\":[\"https:\/\/jornalfatosenoticias.com.br\"],\"url\":\"https:\/\/jornalfatosenoticias.com.br\/index.php\/author\/luzimara\/\"}]}<\/script>\n<!-- \/ Yoast SEO plugin. -->","yoast_head_json":{"title":"Putin diz que riscos de conflito mundial s\u00e3o altos - Jornal Fatos e Not\u00edcias","robots":{"index":"index","follow":"follow","max-snippet":"max-snippet:-1","max-image-preview":"max-image-preview:large","max-video-preview":"max-video-preview:-1"},"canonical":"https:\/\/jornalfatosenoticias.com.br\/index.php\/2022\/10\/26\/putin-diz-que-riscos-de-conflito-mundial-sao-altos\/","og_locale":"pt_BR","og_type":"article","og_title":"Putin diz que riscos de conflito mundial s\u00e3o altos - Jornal Fatos e Not\u00edcias","og_description":"Russo acusa Ucr\u00e2nia de planos de bomba suja O presidente russo, Vladimir Putin, disse nesta quarta-feira que a\u00a0R\u00fassia\u00a0est\u00e1 ciente dos planos ucranianos de usar uma \u201cbomba suja\u201d, ecoando uma alega\u00e7\u00e3o sem provas repetidamente feita por\u00a0Moscou nos \u00faltimos dias. Falando em uma reuni\u00e3o com os chefes de intelig\u00eancia de v\u00e1rios ex-pa\u00edses sovi\u00e9ticos, Putin afirmou que o [&hellip;]","og_url":"https:\/\/jornalfatosenoticias.com.br\/index.php\/2022\/10\/26\/putin-diz-que-riscos-de-conflito-mundial-sao-altos\/","og_site_name":"Jornal Fatos e Not\u00edcias","article_published_time":"2022-10-26T13:50:13+00:00","article_modified_time":"2022-10-26T13:50:14+00:00","og_image":[{"width":1000,"height":531,"url":"https:\/\/jornalfatosenoticias.com.br\/wp-content\/uploads\/2022\/10\/putin.jpg","type":"image\/jpeg"}],"author":"Luzimara Fernandes","twitter_card":"summary_large_image","twitter_misc":{"Escrito por":"Luzimara Fernandes","Est. tempo de leitura":"1 minuto"},"schema":{"@context":"https:\/\/schema.org","@graph":[{"@type":"Article","@id":"https:\/\/jornalfatosenoticias.com.br\/index.php\/2022\/10\/26\/putin-diz-que-riscos-de-conflito-mundial-sao-altos\/#article","isPartOf":{"@id":"https:\/\/jornalfatosenoticias.com.br\/index.php\/2022\/10\/26\/putin-diz-que-riscos-de-conflito-mundial-sao-altos\/"},"author":{"name":"Luzimara Fernandes","@id":"https:\/\/jornalfatosenoticias.com.br\/#\/schema\/person\/d63837fa13ac8666eb9e74e0985d6f81"},"headline":"Putin diz que riscos de conflito mundial s\u00e3o altos","datePublished":"2022-10-26T13:50:13+00:00","dateModified":"2022-10-26T13:50:14+00:00","mainEntityOfPage":{"@id":"https:\/\/jornalfatosenoticias.com.br\/index.php\/2022\/10\/26\/putin-diz-que-riscos-de-conflito-mundial-sao-altos\/"},"wordCount":112,"commentCount":0,"publisher":{"@id":"https:\/\/jornalfatosenoticias.com.br\/#organization"},"image":{"@id":"https:\/\/jornalfatosenoticias.com.br\/index.php\/2022\/10\/26\/putin-diz-que-riscos-de-conflito-mundial-sao-altos\/#primaryimage"},"thumbnailUrl":"https:\/\/jornalfatosenoticias.com.br\/wp-content\/uploads\/2022\/10\/putin.jpg","keywords":["bomba suja","guerra","opera\u00e7\u00e3o militar especial","Putin","R\u00fassia","Ucr\u00e2nia"],"articleSection":["Internacional"],"inLanguage":"pt-BR","potentialAction":[{"@type":"CommentAction","name":"Comment","target":["https:\/\/jornalfatosenoticias.com.br\/index.php\/2022\/10\/26\/putin-diz-que-riscos-de-conflito-mundial-sao-altos\/#respond"]}]},{"@type":"WebPage","@id":"https:\/\/jornalfatosenoticias.com.br\/index.php\/2022\/10\/26\/putin-diz-que-riscos-de-conflito-mundial-sao-altos\/","url":"https:\/\/jornalfatosenoticias.com.br\/index.php\/2022\/10\/26\/putin-diz-que-riscos-de-conflito-mundial-sao-altos\/","name":"Putin diz que riscos de conflito mundial s\u00e3o altos - Jornal Fatos e Not\u00edcias","isPartOf":{"@id":"https:\/\/jornalfatosenoticias.com.br\/#website"},"primaryImageOfPage":{"@id":"https:\/\/jornalfatosenoticias.com.br\/index.php\/2022\/10\/26\/putin-diz-que-riscos-de-conflito-mundial-sao-altos\/#primaryimage"},"image":{"@id":"https:\/\/jornalfatosenoticias.com.br\/index.php\/2022\/10\/26\/putin-diz-que-riscos-de-conflito-mundial-sao-altos\/#primaryimage"},"thumbnailUrl":"https:\/\/jornalfatosenoticias.com.br\/wp-content\/uploads\/2022\/10\/putin.jpg","datePublished":"2022-10-26T13:50:13+00:00","dateModified":"2022-10-26T13:50:14+00:00","breadcrumb":{"@id":"https:\/\/jornalfatosenoticias.com.br\/index.php\/2022\/10\/26\/putin-diz-que-riscos-de-conflito-mundial-sao-altos\/#breadcrumb"},"inLanguage":"pt-BR","potentialAction":[{"@type":"ReadAction","target":["https:\/\/jornalfatosenoticias.com.br\/index.php\/2022\/10\/26\/putin-diz-que-riscos-de-conflito-mundial-sao-altos\/"]}]},{"@type":"ImageObject","inLanguage":"pt-BR","@id":"https:\/\/jornalfatosenoticias.com.br\/index.php\/2022\/10\/26\/putin-diz-que-riscos-de-conflito-mundial-sao-altos\/#primaryimage","url":"https:\/\/jornalfatosenoticias.com.br\/wp-content\/uploads\/2022\/10\/putin.jpg","contentUrl":"https:\/\/jornalfatosenoticias.com.br\/wp-content\/uploads\/2022\/10\/putin.jpg","width":1000,"height":531},{"@type":"BreadcrumbList","@id":"https:\/\/jornalfatosenoticias.com.br\/index.php\/2022\/10\/26\/putin-diz-que-riscos-de-conflito-mundial-sao-altos\/#breadcrumb","itemListElement":[{"@type":"ListItem","position":1,"name":"In\u00edcio","item":"https:\/\/jornalfatosenoticias.com.br\/"},{"@type":"ListItem","position":2,"name":"Putin diz que riscos de conflito mundial s\u00e3o altos"}]},{"@type":"WebSite","@id":"https:\/\/jornalfatosenoticias.com.br\/#website","url":"https:\/\/jornalfatosenoticias.com.br\/","name":"Jornal Fatos e Not\u00edcias","description":"Not\u00edcias em geral","publisher":{"@id":"https:\/\/jornalfatosenoticias.com.br\/#organization"},"potentialAction":[{"@type":"SearchAction","target":{"@type":"EntryPoint","urlTemplate":"https:\/\/jornalfatosenoticias.com.br\/?s={search_term_string}"},"query-input":{"@type":"PropertyValueSpecification","valueRequired":true,"valueName":"search_term_string"}}],"inLanguage":"pt-BR"},{"@type":"Organization","@id":"https:\/\/jornalfatosenoticias.com.br\/#organization","name":"Jornal Fatos e Not\u00edcias","url":"https:\/\/jornalfatosenoticias.com.br\/","logo":{"@type":"ImageObject","inLanguage":"pt-BR","@id":"https:\/\/jornalfatosenoticias.com.br\/#\/schema\/logo\/image\/","url":"https:\/\/jornalfatosenoticias.com.br\/wp-content\/uploads\/2020\/02\/logo120.png","contentUrl":"https:\/\/jornalfatosenoticias.com.br\/wp-content\/uploads\/2020\/02\/logo120.png","width":1227,"height":120,"caption":"Jornal Fatos e Not\u00edcias"},"image":{"@id":"https:\/\/jornalfatosenoticias.com.br\/#\/schema\/logo\/image\/"}},{"@type":"Person","@id":"https:\/\/jornalfatosenoticias.com.br\/#\/schema\/person\/d63837fa13ac8666eb9e74e0985d6f81","name":"Luzimara Fernandes","image":{"@type":"ImageObject","inLanguage":"pt-BR","@id":"https:\/\/jornalfatosenoticias.com.br\/#\/schema\/person\/image\/","url":"https:\/\/jornalfatosenoticias.com.br\/wp-content\/uploads\/2025\/05\/EU_portal.jpg","contentUrl":"https:\/\/jornalfatosenoticias.com.br\/wp-content\/uploads\/2025\/05\/EU_portal.jpg","caption":"Luzimara Fernandes"},"description":"Jornalista MTB 2358-ES","sameAs":["https:\/\/jornalfatosenoticias.com.br"],"url":"https:\/\/jornalfatosenoticias.com.br\/index.php\/author\/luzimara\/"}]}},"cc_featured_image_caption":{"caption_text":"","source_text":"","source_url":""},"jetpack_featured_media_url":"https:\/\/jornalfatosenoticias.com.br\/wp-content\/uploads\/2022\/10\/putin.jpg","_links":{"self":[{"href":"https:\/\/jornalfatosenoticias.com.br\/index.php\/wp-json\/wp\/v2\/posts\/35563","targetHints":{"allow":["GET"]}}],"collection":[{"href":"https:\/\/jornalfatosenoticias.com.br\/index.php\/wp-json\/wp\/v2\/posts"}],"about":[{"href":"https:\/\/jornalfatosenoticias.com.br\/index.php\/wp-json\/wp\/v2\/types\/post"}],"author":[{"embeddable":true,"href":"https:\/\/jornalfatosenoticias.com.br\/index.php\/wp-json\/wp\/v2\/users\/2"}],"replies":[{"embeddable":true,"href":"https:\/\/jornalfatosenoticias.com.br\/index.php\/wp-json\/wp\/v2\/comments?post=35563"}],"version-history":[{"count":0,"href":"https:\/\/jornalfatosenoticias.com.br\/index.php\/wp-json\/wp\/v2\/posts\/35563\/revisions"}],"wp:featuredmedia":[{"embeddable":true,"href":"https:\/\/jornalfatosenoticias.com.br\/index.php\/wp-json\/wp\/v2\/media\/35564"}],"wp:attachment":[{"href":"https:\/\/jornalfatosenoticias.com.br\/index.php\/wp-json\/wp\/v2\/media?parent=35563"}],"wp:term":[{"taxonomy":"category","embeddable":true,"href":"https:\/\/jornalfatosenoticias.com.br\/index.php\/wp-json\/wp\/v2\/categories?post=35563"},{"taxonomy":"post_tag","embeddable":true,"href":"https:\/\/jornalfatosenoticias.com.br\/index.php\/wp-json\/wp\/v2\/tags?post=35563"}],"curies":[{"name":"wp","href":"https:\/\/api.w.org\/{rel}","templated":true}]}}