{"id":35569,"date":"2022-10-27T14:25:06","date_gmt":"2022-10-27T17:25:06","guid":{"rendered":"https:\/\/jornalfatosenoticias.com.br\/?p=35569"},"modified":"2022-10-27T14:25:07","modified_gmt":"2022-10-27T17:25:07","slug":"cuidado-ao-escolher-seu-presidente","status":"publish","type":"post","link":"https:\/\/jornalfatosenoticias.com.br\/index.php\/2022\/10\/27\/cuidado-ao-escolher-seu-presidente\/","title":{"rendered":"Cuidado ao escolher seu presidente"},"content":{"rendered":"\n<p><em><span class=\"has-inline-color has-black-color\">\u00c9 s\u00f3 olharmos para os nossos vizinhos e fazermos a nossa escolha<\/span><\/em><\/p>\n\n\n\n<div class=\"wp-block-image\"><figure class=\"aligncenter size-large\"><img loading=\"lazy\" decoding=\"async\" width=\"1024\" height=\"110\" src=\"https:\/\/jornalfatosenoticias.com.br\/wp-content\/uploads\/2022\/10\/Arte-jornal-Zucchi-1120x120_Prancheta-1-1024x110.jpg\" alt=\"\" class=\"wp-image-34772\" srcset=\"https:\/\/jornalfatosenoticias.com.br\/wp-content\/uploads\/2022\/10\/Arte-jornal-Zucchi-1120x120_Prancheta-1-1024x110.jpg 1024w, https:\/\/jornalfatosenoticias.com.br\/wp-content\/uploads\/2022\/10\/Arte-jornal-Zucchi-1120x120_Prancheta-1-300x32.jpg 300w, https:\/\/jornalfatosenoticias.com.br\/wp-content\/uploads\/2022\/10\/Arte-jornal-Zucchi-1120x120_Prancheta-1-768x82.jpg 768w, https:\/\/jornalfatosenoticias.com.br\/wp-content\/uploads\/2022\/10\/Arte-jornal-Zucchi-1120x120_Prancheta-1-1536x165.jpg 1536w, https:\/\/jornalfatosenoticias.com.br\/wp-content\/uploads\/2022\/10\/Arte-jornal-Zucchi-1120x120_Prancheta-1-2048x219.jpg 2048w\" sizes=\"auto, (max-width: 1024px) 100vw, 1024px\" \/><\/figure><\/div>\n\n\n\n<p>Muitos pa\u00edses latino-americanos j\u00e1 sentem na pele o desgosto de um governo autorit\u00e1rio da esquerda. E o Brasil, \u00e9 um dos poucos que resiste com bravura a onda comunista que persiste desde meados dos anos 60. No pr\u00f3ximo domingo (30), teremos a responsabilidade e a tarefa de lutar e defender nossa na\u00e7\u00e3o da amea\u00e7a socialista, que por onde passa deixa rastros de destrui\u00e7\u00e3o e muita mis\u00e9ria.<\/p>\n\n\n\n<div class=\"wp-block-image\"><figure class=\"aligncenter size-large\"><img loading=\"lazy\" decoding=\"async\" width=\"300\" height=\"250\" src=\"https:\/\/jornalfatosenoticias.com.br\/wp-content\/uploads\/2022\/08\/arte-Casarao.jpg\" alt=\"\" class=\"wp-image-33178\"\/><\/figure><\/div>\n\n\n\n<p>\u00c9 o que acontece com a nossa vizinha Argentina, um pa\u00eds que, no in\u00edcio do s\u00e9culo 20, tinha uma das economias mais pr\u00f3speras do continente, mas que, em 1946, com a vit\u00f3ria do estadista e populista Juan Domingos Per\u00f3n do \u201cMovimento Nacional Justicialista\u201d, deu in\u00edcio \u00e0 sua derrocada socioecon\u00f4mica refletida at\u00e9 os dias de hoje no governo de Alberto \u00c1ngel Fern\u00e1ndez. Com uma moeda desvalorizada e uma infla\u00e7\u00e3o de 100% ao ano, quem mais sofre \u00e9 a popula\u00e7\u00e3o que tem, atualmente, mais da metade vivendo abaixo da linha da pobreza. Al\u00e9m de ter um governo (ou melhor, desgoverno) que a todo instante viola o direito de propriedade privada, gerando grave crise de abastecimento de alimentos e de higiene.<\/p>\n\n\n\n<div class=\"wp-block-image\"><figure class=\"aligncenter size-large\"><img decoding=\"async\" src=\"https:\/\/jornalfatosenoticias.com.br\/wp-content\/uploads\/2020\/02\/Serra-Grande-1024x160.png\" alt=\"\" class=\"wp-image-7836\"\/><\/figure><\/div>\n\n\n\n<figure class=\"wp-block-image size-large\"><img loading=\"lazy\" decoding=\"async\" width=\"1000\" height=\"562\" src=\"https:\/\/jornalfatosenoticias.com.br\/wp-content\/uploads\/2022\/10\/FOME-ARGENTINA_gettyimages.jpg\" alt=\"\" class=\"wp-image-35570\" srcset=\"https:\/\/jornalfatosenoticias.com.br\/wp-content\/uploads\/2022\/10\/FOME-ARGENTINA_gettyimages.jpg 1000w, https:\/\/jornalfatosenoticias.com.br\/wp-content\/uploads\/2022\/10\/FOME-ARGENTINA_gettyimages-300x169.jpg 300w, https:\/\/jornalfatosenoticias.com.br\/wp-content\/uploads\/2022\/10\/FOME-ARGENTINA_gettyimages-768x432.jpg 768w\" sizes=\"auto, (max-width: 1000px) 100vw, 1000px\" \/><figcaption><em><span class=\"has-inline-color has-black-color\">Embora Macri tenha prometido reduzir a infla\u00e7\u00e3o e levar a pobreza a &#8216;zero&#8217;, ambas aumentaram durante seu governo. O que tem se repetido com a atual gest\u00e3o (Foto: Getty Images)<\/span><\/em><\/figcaption><\/figure>\n\n\n\n<div class=\"wp-block-image\"><figure class=\"alignleft size-large is-resized\"><img loading=\"lazy\" decoding=\"async\" src=\"https:\/\/jornalfatosenoticias.com.br\/wp-content\/uploads\/2022\/07\/Logo-Grupo-SEI.jpg\" alt=\"\" class=\"wp-image-31973\" width=\"334\" height=\"176\" srcset=\"https:\/\/jornalfatosenoticias.com.br\/wp-content\/uploads\/2022\/07\/Logo-Grupo-SEI.jpg 713w, https:\/\/jornalfatosenoticias.com.br\/wp-content\/uploads\/2022\/07\/Logo-Grupo-SEI-300x158.jpg 300w\" sizes=\"auto, (max-width: 334px) 100vw, 334px\" \/><\/figure><\/div>\n\n\n\n<p>Outro vizinho que vive realidade lastim\u00e1vel \u00e9 a Venezuela, que enfrenta os mesmos sintomas, por\u00e9m, com mais gravidade. A Venezuela \u00e9 o pa\u00eds l\u00edder em termos de reservas de petr\u00f3leo, com mais de 303 bilh\u00f5es de barris de petr\u00f3leo abaixo de sua superf\u00edcie e, apesar disso, 24,8% da sua popula\u00e7\u00e3o vive em situa\u00e7\u00e3o de extrema pobreza e 60% dela com inseguran\u00e7a alimentar moderada a grave, gra\u00e7as ao regime imposto pelo ditador Hugo Ch\u00e1vez e sustentado pelo seu sucessor Nicol\u00e1s Maduro.<\/p>\n\n\n\n<div class=\"wp-block-image\"><figure class=\"aligncenter size-large\"><img loading=\"lazy\" decoding=\"async\" width=\"560\" height=\"60\" src=\"https:\/\/jornalfatosenoticias.com.br\/wp-content\/uploads\/2022\/10\/Propaganda-RC-Radiadores-Jornal_page-0001.jpg\" alt=\"\" class=\"wp-image-35270\" srcset=\"https:\/\/jornalfatosenoticias.com.br\/wp-content\/uploads\/2022\/10\/Propaganda-RC-Radiadores-Jornal_page-0001.jpg 560w, https:\/\/jornalfatosenoticias.com.br\/wp-content\/uploads\/2022\/10\/Propaganda-RC-Radiadores-Jornal_page-0001-300x32.jpg 300w\" sizes=\"auto, (max-width: 560px) 100vw, 560px\" \/><\/figure><\/div>\n\n\n\n<p>O mesmo comunista e ditador que submete seu povo \u00e0 fome e a todo tipo de humilha\u00e7\u00e3o, esta semana, veio a p\u00fablico, em redes sociais, declarar apoio ao seu simpatizante Lula da Silva, cidad\u00e3o que esteve envolvido, junto com sua sucessora Dilma Rousseff, em um dos maiores esc\u00e2ndalos de corrup\u00e7\u00e3o contra o patrim\u00f4nio p\u00fablico do mundo.<\/p>\n\n\n\n<div class=\"wp-block-image\"><figure class=\"aligncenter size-large\"><img decoding=\"async\" src=\"https:\/\/jornalfatosenoticias.com.br\/wp-content\/uploads\/2020\/02\/barao-das-carnes-300x164-1.jpg\" alt=\"\" class=\"wp-image-34339\"\/><\/figure><\/div>\n\n\n\n<figure class=\"wp-block-image size-large\"><img loading=\"lazy\" decoding=\"async\" width=\"1000\" height=\"622\" src=\"https:\/\/jornalfatosenoticias.com.br\/wp-content\/uploads\/2022\/10\/venezuela_socialismo.jpg\" alt=\"\" class=\"wp-image-35571\" srcset=\"https:\/\/jornalfatosenoticias.com.br\/wp-content\/uploads\/2022\/10\/venezuela_socialismo.jpg 1000w, https:\/\/jornalfatosenoticias.com.br\/wp-content\/uploads\/2022\/10\/venezuela_socialismo-300x187.jpg 300w, https:\/\/jornalfatosenoticias.com.br\/wp-content\/uploads\/2022\/10\/venezuela_socialismo-768x478.jpg 768w\" sizes=\"auto, (max-width: 1000px) 100vw, 1000px\" \/><figcaption><em><span class=\"has-inline-color has-black-color\">Venezuelanos protestam contra a ditadura de Nicol\u00e1s Maduro (Foto: Marco Aur\u00e9lio D\u2019e\u00e7a)<\/span><\/em><\/figcaption><\/figure>\n\n\n\n<div class=\"wp-block-image\"><figure class=\"alignright size-large\"><img loading=\"lazy\" decoding=\"async\" width=\"300\" height=\"300\" src=\"https:\/\/jornalfatosenoticias.com.br\/wp-content\/uploads\/2020\/02\/casa-do-torresmo_portal.jpg\" alt=\"\" class=\"wp-image-34472\" srcset=\"https:\/\/jornalfatosenoticias.com.br\/wp-content\/uploads\/2020\/02\/casa-do-torresmo_portal.jpg 300w, https:\/\/jornalfatosenoticias.com.br\/wp-content\/uploads\/2020\/02\/casa-do-torresmo_portal-150x150.jpg 150w\" sizes=\"auto, (max-width: 300px) 100vw, 300px\" \/><\/figure><\/div>\n\n\n\n<p>Sabemos que o momento \u00e9 dif\u00edcil, mas devemos ficar atentos e procurar olhar al\u00e9m dos nossos limites. O jogo eleitoral est\u00e1 em andamento e as pedras est\u00e3o sendo posicionadas a todo instante. A deslealdade e a roubalheira s\u00e3o marcas da esquerda e, acredito eu, que seja o grande sofrimento do presidente e de grande parte da popula\u00e7\u00e3o, que gostaria que o processo eleitoral transcorresse com lisura e transpar\u00eancia devidas, mas podemos ver que n\u00e3o \u00e9 bem assim.<br>A ditadura judicial \u00e9 realidade e a omiss\u00e3o de parlamentares, de pe\u00e7as importantes como o presidente do Senado Federal, Rodrigo Pacheco, \u00e9 evidente e isso, al\u00e9m de atrapalhar, enfraquece o estado democr\u00e1tico. Por isso, toda aten\u00e7\u00e3o \u00e9 pouca.<\/p>\n\n\n\n<div class=\"wp-block-image\"><figure class=\"aligncenter size-large\"><img loading=\"lazy\" decoding=\"async\" width=\"1024\" height=\"111\" src=\"https:\/\/jornalfatosenoticias.com.br\/wp-content\/uploads\/2020\/02\/WhatsApp-Image-2022-09-23-at-12.09.18-1024x111.jpeg\" alt=\"\" class=\"wp-image-34527\" srcset=\"https:\/\/jornalfatosenoticias.com.br\/wp-content\/uploads\/2020\/02\/WhatsApp-Image-2022-09-23-at-12.09.18-1024x111.jpeg 1024w, https:\/\/jornalfatosenoticias.com.br\/wp-content\/uploads\/2020\/02\/WhatsApp-Image-2022-09-23-at-12.09.18-300x32.jpeg 300w, https:\/\/jornalfatosenoticias.com.br\/wp-content\/uploads\/2020\/02\/WhatsApp-Image-2022-09-23-at-12.09.18-768x83.jpeg 768w, https:\/\/jornalfatosenoticias.com.br\/wp-content\/uploads\/2020\/02\/WhatsApp-Image-2022-09-23-at-12.09.18.jpeg 1121w\" sizes=\"auto, (max-width: 1024px) 100vw, 1024px\" \/><\/figure><\/div>\n\n\n\n<p>Na corrida presidencial, temos um candidato que, durante quatorze anos de governo, conseguiu minar todas as reservas do Pa\u00eds e das principais estatais. Investiu em pa\u00edses de regimes autorit\u00e1rios da \u00c1frica e da Am\u00e9rica Latina, em que os recursos foram para Cuba, Nicar\u00e1gua, Venezuela, Argentina, Col\u00f4mbia entre outros. Se eleito, pretende tornar o aborto como pol\u00edtica de sa\u00fade p\u00fablica, voltar com a Lei Rouanet e criar mecanismos de regula\u00e7\u00e3o dos ve\u00edculos de comunica\u00e7\u00e3o. Na sua vis\u00e3o distorcida e megaloman\u00edaca j\u00e1 se comparou a Jesus Cristo e desrespeita a pluralidade religiosa brasileira.<\/p>\n\n\n\n<div class=\"wp-block-image\"><figure class=\"aligncenter size-large is-resized\"><img loading=\"lazy\" decoding=\"async\" src=\"https:\/\/jornalfatosenoticias.com.br\/wp-content\/uploads\/2022\/02\/Precisao-Contabilidade-1024x724.jpg\" alt=\"\" class=\"wp-image-28088\" width=\"298\" height=\"211\"\/><\/figure><\/div>\n\n\n\n<p>Para concluir o farto curr\u00edculo de vida p\u00fablica, foi preso por corrup\u00e7\u00e3o com a maioria de seus ministros na \u00e9poca que o PT governou o Pa\u00eds. Eis os nomes dos lar\u00e1pios do er\u00e1rio: Lula da Silva, Ant\u00f4nio Palocci, Jos\u00e9 Dirceu, Jos\u00e9 Genu\u00edno, Ant\u00f4nio Vacarri Neto, Nestor Cerver\u00f3, Del\u00fabio Soares, Renato Duque, Jorge Zelada, Paulo Roberto Costa, Jo\u00e3o Vaccari, Paulo Ferreira, Paulo Bernardo, C\u00e2ndido Vaccarezza, Delc\u00eddio do Amaral, Pedro Barusco, Andr\u00e9 Vargas, Aldemir Bendine, Wagner Pinheiro, Othon Silva, Dilma Rousseff (sofreu impeachment).<br>Alguns rombos nos 14 anos de governo petista: R$ 900 bilh\u00f5es na Petrobras; R$ 500 bilh\u00f5es no BNDES; R$ 45 bilh\u00f5es na Caixa Econ\u00f4mica Federal; R$ 300 bilh\u00f5es dos Fundos de Pens\u00e3o dos Correios; R$ 186 bilh\u00f5es na Eletrobras; R$ 1,5 trilh\u00e3o no Banco do Nordeste e por a\u00ed vai\u2026<br>E a\u00ed, vai cair nessa propaganda enganosa ou abrir de vez a caixa de pandora?<\/p>\n\n\n\n<div class=\"wp-block-image\"><figure class=\"aligncenter size-large is-resized\"><img loading=\"lazy\" decoding=\"async\" src=\"https:\/\/jornalfatosenoticias.com.br\/wp-content\/uploads\/2020\/02\/nova-logo-Marquetti.jpg\" alt=\"\" class=\"wp-image-22331\" width=\"264\" height=\"177\" srcset=\"https:\/\/jornalfatosenoticias.com.br\/wp-content\/uploads\/2020\/02\/nova-logo-Marquetti.jpg 643w, https:\/\/jornalfatosenoticias.com.br\/wp-content\/uploads\/2020\/02\/nova-logo-Marquetti-300x202.jpg 300w\" sizes=\"auto, (max-width: 264px) 100vw, 264px\" \/><\/figure><\/div>\n","protected":false},"excerpt":{"rendered":"<p>\u00c9 s\u00f3 olharmos para os nossos vizinhos e fazermos a nossa escolha Muitos pa\u00edses latino-americanos j\u00e1 sentem na pele o desgosto de um governo autorit\u00e1rio da esquerda. E o Brasil, \u00e9 um dos poucos que resiste com bravura a onda comunista que persiste desde meados dos anos 60. No pr\u00f3ximo domingo (30), teremos a responsabilidade [&hellip;]<\/p>\n","protected":false},"author":3,"featured_media":35572,"comment_status":"open","ping_status":"open","sticky":false,"template":"","format":"standard","meta":{"footnotes":""},"categories":[10],"tags":[239,13378,10150,816,5927,4493],"class_list":["post-35569","post","type-post","status-publish","format-standard","has-post-thumbnail","hentry","category-politica","tag-bolsonaro","tag-comunismo","tag-eleicoes-2022","tag-perigo","tag-segundo-turno","tag-socialismo"],"yoast_head":"<!-- This site is optimized with the Yoast SEO plugin v26.5 - https:\/\/yoast.com\/wordpress\/plugins\/seo\/ -->\n<title>Cuidado ao escolher seu presidente - Jornal Fatos e Not\u00edcias<\/title>\n<meta name=\"robots\" content=\"index, follow, max-snippet:-1, max-image-preview:large, max-video-preview:-1\" \/>\n<link rel=\"canonical\" href=\"https:\/\/jornalfatosenoticias.com.br\/index.php\/2022\/10\/27\/cuidado-ao-escolher-seu-presidente\/\" \/>\n<meta property=\"og:locale\" content=\"pt_BR\" \/>\n<meta property=\"og:type\" content=\"article\" \/>\n<meta property=\"og:title\" content=\"Cuidado ao escolher seu presidente - Jornal Fatos e Not\u00edcias\" \/>\n<meta property=\"og:description\" content=\"\u00c9 s\u00f3 olharmos para os nossos vizinhos e fazermos a nossa escolha Muitos pa\u00edses latino-americanos j\u00e1 sentem na pele o desgosto de um governo autorit\u00e1rio da esquerda. E o Brasil, \u00e9 um dos poucos que resiste com bravura a onda comunista que persiste desde meados dos anos 60. No pr\u00f3ximo domingo (30), teremos a responsabilidade [&hellip;]\" \/>\n<meta property=\"og:url\" content=\"https:\/\/jornalfatosenoticias.com.br\/index.php\/2022\/10\/27\/cuidado-ao-escolher-seu-presidente\/\" \/>\n<meta property=\"og:site_name\" content=\"Jornal Fatos e Not\u00edcias\" \/>\n<meta property=\"article:published_time\" content=\"2022-10-27T17:25:06+00:00\" \/>\n<meta property=\"article:modified_time\" content=\"2022-10-27T17:25:07+00:00\" \/>\n<meta property=\"og:image\" content=\"https:\/\/jornalfatosenoticias.com.br\/wp-content\/uploads\/2022\/10\/JAIR-BOLSONARO-CORACAOZINHO.jpg\" \/>\n\t<meta property=\"og:image:width\" content=\"1000\" \/>\n\t<meta property=\"og:image:height\" content=\"654\" \/>\n\t<meta property=\"og:image:type\" content=\"image\/jpeg\" \/>\n<meta name=\"author\" content=\"Haroldo Filho\" \/>\n<meta name=\"twitter:card\" content=\"summary_large_image\" \/>\n<meta name=\"twitter:label1\" content=\"Escrito por\" \/>\n\t<meta name=\"twitter:data1\" content=\"Haroldo Filho\" \/>\n\t<meta name=\"twitter:label2\" content=\"Est. tempo de leitura\" \/>\n\t<meta name=\"twitter:data2\" content=\"4 minutos\" \/>\n<script type=\"application\/ld+json\" class=\"yoast-schema-graph\">{\"@context\":\"https:\/\/schema.org\",\"@graph\":[{\"@type\":\"Article\",\"@id\":\"https:\/\/jornalfatosenoticias.com.br\/index.php\/2022\/10\/27\/cuidado-ao-escolher-seu-presidente\/#article\",\"isPartOf\":{\"@id\":\"https:\/\/jornalfatosenoticias.com.br\/index.php\/2022\/10\/27\/cuidado-ao-escolher-seu-presidente\/\"},\"author\":{\"name\":\"Haroldo Filho\",\"@id\":\"https:\/\/jornalfatosenoticias.com.br\/#\/schema\/person\/05c46cc25b42a5c27e004fb0fa6b4965\"},\"headline\":\"Cuidado ao escolher seu presidente\",\"datePublished\":\"2022-10-27T17:25:06+00:00\",\"dateModified\":\"2022-10-27T17:25:07+00:00\",\"mainEntityOfPage\":{\"@id\":\"https:\/\/jornalfatosenoticias.com.br\/index.php\/2022\/10\/27\/cuidado-ao-escolher-seu-presidente\/\"},\"wordCount\":796,\"commentCount\":0,\"publisher\":{\"@id\":\"https:\/\/jornalfatosenoticias.com.br\/#organization\"},\"image\":{\"@id\":\"https:\/\/jornalfatosenoticias.com.br\/index.php\/2022\/10\/27\/cuidado-ao-escolher-seu-presidente\/#primaryimage\"},\"thumbnailUrl\":\"https:\/\/jornalfatosenoticias.com.br\/wp-content\/uploads\/2022\/10\/JAIR-BOLSONARO-CORACAOZINHO.jpg\",\"keywords\":[\"Bolsonaro\",\"comunismo\",\"elei\u00e7\u00f5es 2022\",\"perigo\",\"segundo turno\",\"Socialismo\"],\"articleSection\":[\"Pol\u00edtica\"],\"inLanguage\":\"pt-BR\",\"potentialAction\":[{\"@type\":\"CommentAction\",\"name\":\"Comment\",\"target\":[\"https:\/\/jornalfatosenoticias.com.br\/index.php\/2022\/10\/27\/cuidado-ao-escolher-seu-presidente\/#respond\"]}]},{\"@type\":\"WebPage\",\"@id\":\"https:\/\/jornalfatosenoticias.com.br\/index.php\/2022\/10\/27\/cuidado-ao-escolher-seu-presidente\/\",\"url\":\"https:\/\/jornalfatosenoticias.com.br\/index.php\/2022\/10\/27\/cuidado-ao-escolher-seu-presidente\/\",\"name\":\"Cuidado ao escolher seu presidente - Jornal Fatos e Not\u00edcias\",\"isPartOf\":{\"@id\":\"https:\/\/jornalfatosenoticias.com.br\/#website\"},\"primaryImageOfPage\":{\"@id\":\"https:\/\/jornalfatosenoticias.com.br\/index.php\/2022\/10\/27\/cuidado-ao-escolher-seu-presidente\/#primaryimage\"},\"image\":{\"@id\":\"https:\/\/jornalfatosenoticias.com.br\/index.php\/2022\/10\/27\/cuidado-ao-escolher-seu-presidente\/#primaryimage\"},\"thumbnailUrl\":\"https:\/\/jornalfatosenoticias.com.br\/wp-content\/uploads\/2022\/10\/JAIR-BOLSONARO-CORACAOZINHO.jpg\",\"datePublished\":\"2022-10-27T17:25:06+00:00\",\"dateModified\":\"2022-10-27T17:25:07+00:00\",\"breadcrumb\":{\"@id\":\"https:\/\/jornalfatosenoticias.com.br\/index.php\/2022\/10\/27\/cuidado-ao-escolher-seu-presidente\/#breadcrumb\"},\"inLanguage\":\"pt-BR\",\"potentialAction\":[{\"@type\":\"ReadAction\",\"target\":[\"https:\/\/jornalfatosenoticias.com.br\/index.php\/2022\/10\/27\/cuidado-ao-escolher-seu-presidente\/\"]}]},{\"@type\":\"ImageObject\",\"inLanguage\":\"pt-BR\",\"@id\":\"https:\/\/jornalfatosenoticias.com.br\/index.php\/2022\/10\/27\/cuidado-ao-escolher-seu-presidente\/#primaryimage\",\"url\":\"https:\/\/jornalfatosenoticias.com.br\/wp-content\/uploads\/2022\/10\/JAIR-BOLSONARO-CORACAOZINHO.jpg\",\"contentUrl\":\"https:\/\/jornalfatosenoticias.com.br\/wp-content\/uploads\/2022\/10\/JAIR-BOLSONARO-CORACAOZINHO.jpg\",\"width\":1000,\"height\":654},{\"@type\":\"BreadcrumbList\",\"@id\":\"https:\/\/jornalfatosenoticias.com.br\/index.php\/2022\/10\/27\/cuidado-ao-escolher-seu-presidente\/#breadcrumb\",\"itemListElement\":[{\"@type\":\"ListItem\",\"position\":1,\"name\":\"In\u00edcio\",\"item\":\"https:\/\/jornalfatosenoticias.com.br\/\"},{\"@type\":\"ListItem\",\"position\":2,\"name\":\"Cuidado ao escolher seu presidente\"}]},{\"@type\":\"WebSite\",\"@id\":\"https:\/\/jornalfatosenoticias.com.br\/#website\",\"url\":\"https:\/\/jornalfatosenoticias.com.br\/\",\"name\":\"Jornal Fatos e Not\u00edcias\",\"description\":\"Not\u00edcias em geral\",\"publisher\":{\"@id\":\"https:\/\/jornalfatosenoticias.com.br\/#organization\"},\"potentialAction\":[{\"@type\":\"SearchAction\",\"target\":{\"@type\":\"EntryPoint\",\"urlTemplate\":\"https:\/\/jornalfatosenoticias.com.br\/?s={search_term_string}\"},\"query-input\":{\"@type\":\"PropertyValueSpecification\",\"valueRequired\":true,\"valueName\":\"search_term_string\"}}],\"inLanguage\":\"pt-BR\"},{\"@type\":\"Organization\",\"@id\":\"https:\/\/jornalfatosenoticias.com.br\/#organization\",\"name\":\"Jornal Fatos e Not\u00edcias\",\"url\":\"https:\/\/jornalfatosenoticias.com.br\/\",\"logo\":{\"@type\":\"ImageObject\",\"inLanguage\":\"pt-BR\",\"@id\":\"https:\/\/jornalfatosenoticias.com.br\/#\/schema\/logo\/image\/\",\"url\":\"https:\/\/jornalfatosenoticias.com.br\/wp-content\/uploads\/2020\/02\/logo120.png\",\"contentUrl\":\"https:\/\/jornalfatosenoticias.com.br\/wp-content\/uploads\/2020\/02\/logo120.png\",\"width\":1227,\"height\":120,\"caption\":\"Jornal Fatos e Not\u00edcias\"},\"image\":{\"@id\":\"https:\/\/jornalfatosenoticias.com.br\/#\/schema\/logo\/image\/\"}},{\"@type\":\"Person\",\"@id\":\"https:\/\/jornalfatosenoticias.com.br\/#\/schema\/person\/05c46cc25b42a5c27e004fb0fa6b4965\",\"name\":\"Haroldo Filho\",\"image\":{\"@type\":\"ImageObject\",\"inLanguage\":\"pt-BR\",\"@id\":\"https:\/\/jornalfatosenoticias.com.br\/#\/schema\/person\/image\/\",\"url\":\"https:\/\/jornalfatosenoticias.com.br\/wp-content\/uploads\/2025\/08\/WhatsApp-Image-2025-08-18-at-15.30.28-150x150.jpeg\",\"contentUrl\":\"https:\/\/jornalfatosenoticias.com.br\/wp-content\/uploads\/2025\/08\/WhatsApp-Image-2025-08-18-at-15.30.28-150x150.jpeg\",\"caption\":\"Haroldo Filho\"},\"description\":\"Jornalista \u2013 DRT: 0003818\/ES Coordenador-geral da ONG Educar para Crescer\",\"url\":\"https:\/\/jornalfatosenoticias.com.br\/index.php\/author\/haroldo\/\"}]}<\/script>\n<!-- \/ Yoast SEO plugin. -->","yoast_head_json":{"title":"Cuidado ao escolher seu presidente - Jornal Fatos e Not\u00edcias","robots":{"index":"index","follow":"follow","max-snippet":"max-snippet:-1","max-image-preview":"max-image-preview:large","max-video-preview":"max-video-preview:-1"},"canonical":"https:\/\/jornalfatosenoticias.com.br\/index.php\/2022\/10\/27\/cuidado-ao-escolher-seu-presidente\/","og_locale":"pt_BR","og_type":"article","og_title":"Cuidado ao escolher seu presidente - Jornal Fatos e Not\u00edcias","og_description":"\u00c9 s\u00f3 olharmos para os nossos vizinhos e fazermos a nossa escolha Muitos pa\u00edses latino-americanos j\u00e1 sentem na pele o desgosto de um governo autorit\u00e1rio da esquerda. E o Brasil, \u00e9 um dos poucos que resiste com bravura a onda comunista que persiste desde meados dos anos 60. No pr\u00f3ximo domingo (30), teremos a responsabilidade [&hellip;]","og_url":"https:\/\/jornalfatosenoticias.com.br\/index.php\/2022\/10\/27\/cuidado-ao-escolher-seu-presidente\/","og_site_name":"Jornal Fatos e Not\u00edcias","article_published_time":"2022-10-27T17:25:06+00:00","article_modified_time":"2022-10-27T17:25:07+00:00","og_image":[{"width":1000,"height":654,"url":"https:\/\/jornalfatosenoticias.com.br\/wp-content\/uploads\/2022\/10\/JAIR-BOLSONARO-CORACAOZINHO.jpg","type":"image\/jpeg"}],"author":"Haroldo Filho","twitter_card":"summary_large_image","twitter_misc":{"Escrito por":"Haroldo Filho","Est. tempo de leitura":"4 minutos"},"schema":{"@context":"https:\/\/schema.org","@graph":[{"@type":"Article","@id":"https:\/\/jornalfatosenoticias.com.br\/index.php\/2022\/10\/27\/cuidado-ao-escolher-seu-presidente\/#article","isPartOf":{"@id":"https:\/\/jornalfatosenoticias.com.br\/index.php\/2022\/10\/27\/cuidado-ao-escolher-seu-presidente\/"},"author":{"name":"Haroldo Filho","@id":"https:\/\/jornalfatosenoticias.com.br\/#\/schema\/person\/05c46cc25b42a5c27e004fb0fa6b4965"},"headline":"Cuidado ao escolher seu presidente","datePublished":"2022-10-27T17:25:06+00:00","dateModified":"2022-10-27T17:25:07+00:00","mainEntityOfPage":{"@id":"https:\/\/jornalfatosenoticias.com.br\/index.php\/2022\/10\/27\/cuidado-ao-escolher-seu-presidente\/"},"wordCount":796,"commentCount":0,"publisher":{"@id":"https:\/\/jornalfatosenoticias.com.br\/#organization"},"image":{"@id":"https:\/\/jornalfatosenoticias.com.br\/index.php\/2022\/10\/27\/cuidado-ao-escolher-seu-presidente\/#primaryimage"},"thumbnailUrl":"https:\/\/jornalfatosenoticias.com.br\/wp-content\/uploads\/2022\/10\/JAIR-BOLSONARO-CORACAOZINHO.jpg","keywords":["Bolsonaro","comunismo","elei\u00e7\u00f5es 2022","perigo","segundo turno","Socialismo"],"articleSection":["Pol\u00edtica"],"inLanguage":"pt-BR","potentialAction":[{"@type":"CommentAction","name":"Comment","target":["https:\/\/jornalfatosenoticias.com.br\/index.php\/2022\/10\/27\/cuidado-ao-escolher-seu-presidente\/#respond"]}]},{"@type":"WebPage","@id":"https:\/\/jornalfatosenoticias.com.br\/index.php\/2022\/10\/27\/cuidado-ao-escolher-seu-presidente\/","url":"https:\/\/jornalfatosenoticias.com.br\/index.php\/2022\/10\/27\/cuidado-ao-escolher-seu-presidente\/","name":"Cuidado ao escolher seu presidente - Jornal Fatos e Not\u00edcias","isPartOf":{"@id":"https:\/\/jornalfatosenoticias.com.br\/#website"},"primaryImageOfPage":{"@id":"https:\/\/jornalfatosenoticias.com.br\/index.php\/2022\/10\/27\/cuidado-ao-escolher-seu-presidente\/#primaryimage"},"image":{"@id":"https:\/\/jornalfatosenoticias.com.br\/index.php\/2022\/10\/27\/cuidado-ao-escolher-seu-presidente\/#primaryimage"},"thumbnailUrl":"https:\/\/jornalfatosenoticias.com.br\/wp-content\/uploads\/2022\/10\/JAIR-BOLSONARO-CORACAOZINHO.jpg","datePublished":"2022-10-27T17:25:06+00:00","dateModified":"2022-10-27T17:25:07+00:00","breadcrumb":{"@id":"https:\/\/jornalfatosenoticias.com.br\/index.php\/2022\/10\/27\/cuidado-ao-escolher-seu-presidente\/#breadcrumb"},"inLanguage":"pt-BR","potentialAction":[{"@type":"ReadAction","target":["https:\/\/jornalfatosenoticias.com.br\/index.php\/2022\/10\/27\/cuidado-ao-escolher-seu-presidente\/"]}]},{"@type":"ImageObject","inLanguage":"pt-BR","@id":"https:\/\/jornalfatosenoticias.com.br\/index.php\/2022\/10\/27\/cuidado-ao-escolher-seu-presidente\/#primaryimage","url":"https:\/\/jornalfatosenoticias.com.br\/wp-content\/uploads\/2022\/10\/JAIR-BOLSONARO-CORACAOZINHO.jpg","contentUrl":"https:\/\/jornalfatosenoticias.com.br\/wp-content\/uploads\/2022\/10\/JAIR-BOLSONARO-CORACAOZINHO.jpg","width":1000,"height":654},{"@type":"BreadcrumbList","@id":"https:\/\/jornalfatosenoticias.com.br\/index.php\/2022\/10\/27\/cuidado-ao-escolher-seu-presidente\/#breadcrumb","itemListElement":[{"@type":"ListItem","position":1,"name":"In\u00edcio","item":"https:\/\/jornalfatosenoticias.com.br\/"},{"@type":"ListItem","position":2,"name":"Cuidado ao escolher seu presidente"}]},{"@type":"WebSite","@id":"https:\/\/jornalfatosenoticias.com.br\/#website","url":"https:\/\/jornalfatosenoticias.com.br\/","name":"Jornal Fatos e Not\u00edcias","description":"Not\u00edcias em geral","publisher":{"@id":"https:\/\/jornalfatosenoticias.com.br\/#organization"},"potentialAction":[{"@type":"SearchAction","target":{"@type":"EntryPoint","urlTemplate":"https:\/\/jornalfatosenoticias.com.br\/?s={search_term_string}"},"query-input":{"@type":"PropertyValueSpecification","valueRequired":true,"valueName":"search_term_string"}}],"inLanguage":"pt-BR"},{"@type":"Organization","@id":"https:\/\/jornalfatosenoticias.com.br\/#organization","name":"Jornal Fatos e Not\u00edcias","url":"https:\/\/jornalfatosenoticias.com.br\/","logo":{"@type":"ImageObject","inLanguage":"pt-BR","@id":"https:\/\/jornalfatosenoticias.com.br\/#\/schema\/logo\/image\/","url":"https:\/\/jornalfatosenoticias.com.br\/wp-content\/uploads\/2020\/02\/logo120.png","contentUrl":"https:\/\/jornalfatosenoticias.com.br\/wp-content\/uploads\/2020\/02\/logo120.png","width":1227,"height":120,"caption":"Jornal Fatos e Not\u00edcias"},"image":{"@id":"https:\/\/jornalfatosenoticias.com.br\/#\/schema\/logo\/image\/"}},{"@type":"Person","@id":"https:\/\/jornalfatosenoticias.com.br\/#\/schema\/person\/05c46cc25b42a5c27e004fb0fa6b4965","name":"Haroldo Filho","image":{"@type":"ImageObject","inLanguage":"pt-BR","@id":"https:\/\/jornalfatosenoticias.com.br\/#\/schema\/person\/image\/","url":"https:\/\/jornalfatosenoticias.com.br\/wp-content\/uploads\/2025\/08\/WhatsApp-Image-2025-08-18-at-15.30.28-150x150.jpeg","contentUrl":"https:\/\/jornalfatosenoticias.com.br\/wp-content\/uploads\/2025\/08\/WhatsApp-Image-2025-08-18-at-15.30.28-150x150.jpeg","caption":"Haroldo Filho"},"description":"Jornalista \u2013 DRT: 0003818\/ES Coordenador-geral da ONG Educar para Crescer","url":"https:\/\/jornalfatosenoticias.com.br\/index.php\/author\/haroldo\/"}]}},"cc_featured_image_caption":{"caption_text":"(Foto: Evaristo S\u00e1\/AFP)","source_text":"","source_url":""},"jetpack_featured_media_url":"https:\/\/jornalfatosenoticias.com.br\/wp-content\/uploads\/2022\/10\/JAIR-BOLSONARO-CORACAOZINHO.jpg","_links":{"self":[{"href":"https:\/\/jornalfatosenoticias.com.br\/index.php\/wp-json\/wp\/v2\/posts\/35569","targetHints":{"allow":["GET"]}}],"collection":[{"href":"https:\/\/jornalfatosenoticias.com.br\/index.php\/wp-json\/wp\/v2\/posts"}],"about":[{"href":"https:\/\/jornalfatosenoticias.com.br\/index.php\/wp-json\/wp\/v2\/types\/post"}],"author":[{"embeddable":true,"href":"https:\/\/jornalfatosenoticias.com.br\/index.php\/wp-json\/wp\/v2\/users\/3"}],"replies":[{"embeddable":true,"href":"https:\/\/jornalfatosenoticias.com.br\/index.php\/wp-json\/wp\/v2\/comments?post=35569"}],"version-history":[{"count":0,"href":"https:\/\/jornalfatosenoticias.com.br\/index.php\/wp-json\/wp\/v2\/posts\/35569\/revisions"}],"wp:featuredmedia":[{"embeddable":true,"href":"https:\/\/jornalfatosenoticias.com.br\/index.php\/wp-json\/wp\/v2\/media\/35572"}],"wp:attachment":[{"href":"https:\/\/jornalfatosenoticias.com.br\/index.php\/wp-json\/wp\/v2\/media?parent=35569"}],"wp:term":[{"taxonomy":"category","embeddable":true,"href":"https:\/\/jornalfatosenoticias.com.br\/index.php\/wp-json\/wp\/v2\/categories?post=35569"},{"taxonomy":"post_tag","embeddable":true,"href":"https:\/\/jornalfatosenoticias.com.br\/index.php\/wp-json\/wp\/v2\/tags?post=35569"}],"curies":[{"name":"wp","href":"https:\/\/api.w.org\/{rel}","templated":true}]}}