{"id":35582,"date":"2022-10-27T15:02:05","date_gmt":"2022-10-27T18:02:05","guid":{"rendered":"https:\/\/jornalfatosenoticias.com.br\/?p=35582"},"modified":"2022-10-27T15:02:07","modified_gmt":"2022-10-27T18:02:07","slug":"bullying-formas-e-consequencias-parte-2","status":"publish","type":"post","link":"https:\/\/jornalfatosenoticias.com.br\/index.php\/2022\/10\/27\/bullying-formas-e-consequencias-parte-2\/","title":{"rendered":"Bullying, formas e consequ\u00eancias \u2014 Parte 2"},"content":{"rendered":"\n<p><em><span class=\"has-inline-color has-luminous-vivid-orange-color\"><strong>Texto:<\/strong>\u00a0Adriana Vasconcellos Pereira<\/span><\/em><\/p>\n\n\n\n<div class=\"wp-block-image\"><figure class=\"aligncenter size-large\"><img loading=\"lazy\" decoding=\"async\" width=\"1024\" height=\"100\" src=\"https:\/\/jornalfatosenoticias.com.br\/wp-content\/uploads\/2020\/02\/banner_ferramentas-1024x100.jpg\" alt=\"\" class=\"wp-image-1258\" srcset=\"https:\/\/jornalfatosenoticias.com.br\/wp-content\/uploads\/2020\/02\/banner_ferramentas-1024x100.jpg 1024w, https:\/\/jornalfatosenoticias.com.br\/wp-content\/uploads\/2020\/02\/banner_ferramentas-300x29.jpg 300w, https:\/\/jornalfatosenoticias.com.br\/wp-content\/uploads\/2020\/02\/banner_ferramentas-768x75.jpg 768w, https:\/\/jornalfatosenoticias.com.br\/wp-content\/uploads\/2020\/02\/banner_ferramentas.jpg 1227w\" sizes=\"auto, (max-width: 1024px) 100vw, 1024px\" \/><\/figure><\/div>\n\n\n\n<p><strong><span class=\"has-inline-color has-vivid-red-color\">Como identificar o alvo do bullying?<br><\/span><\/strong>Vale ressaltar, que as v\u00edtimas mais comuns do bullying s\u00e3o pessoas que n\u00e3o se enquadram no padr\u00e3o aceito como normal para a sociedade, que \u00e9 repetido e intensificado dentro do universo adolescente. Caracter\u00edsticas f\u00edsicas, sociais e comportamentais s\u00e3o levadas em conta para produzir as agress\u00f5es, que podem dar-se por conta da etnia, do peso, da altura, da condi\u00e7\u00e3o socioecon\u00f4mica, da orienta\u00e7\u00e3o sexual, de problemas de fala e dic\u00e7\u00e3o, pela dificuldade de aprendizagem etc.<br>As pessoas que assistem \u00e0s agress\u00f5es e n\u00e3o fazem nada contribuem indiretamente com a sua pr\u00e1tica.<\/p>\n\n\n\n<div class=\"wp-block-image\"><figure class=\"alignleft size-large is-resized\"><img loading=\"lazy\" decoding=\"async\" src=\"https:\/\/jornalfatosenoticias.com.br\/wp-content\/uploads\/2020\/02\/logo-clinica-limoeiro.jpg\" alt=\"\" class=\"wp-image-34610\" width=\"286\" height=\"203\"\/><\/figure><\/div>\n\n\n\n<p><strong><span class=\"has-inline-color has-vivid-red-color\">Lei sobre o bullying escolar<br><\/span><\/strong>A fim de coibir a pr\u00e1tica do bullying, que se tornou um problema do cotidiano escolar, a Lei 13.185, de 6 de novembro de 2015, foi sancionada pela ent\u00e3o presidente Dilma Rousseff e entrou em vigor em fevereiro de 2016.<br>Essa lei institui o Programa de Combate \u00e0 Intimida\u00e7\u00e3o Sistem\u00e1tica (bullying), que preza pela conscientiza\u00e7\u00e3o e pelo di\u00e1logo para acabar com a pr\u00e1tica do bullying, criando campanhas, oferecendo apoio \u00e0s fam\u00edlias e evitando puni\u00e7\u00f5es aos agressores, pois a lei entende que a conscientiza\u00e7\u00e3o \u00e9 o meio mais efetivo para acabar com as agress\u00f5es.<\/p>\n\n\n\n<div class=\"wp-block-image\"><figure class=\"aligncenter size-large\"><img loading=\"lazy\" decoding=\"async\" width=\"1024\" height=\"103\" src=\"https:\/\/jornalfatosenoticias.com.br\/wp-content\/uploads\/2022\/02\/Arte-Autoescola-Galatas_endereco_portal-1024x103.png\" alt=\"\" class=\"wp-image-27869\" srcset=\"https:\/\/jornalfatosenoticias.com.br\/wp-content\/uploads\/2022\/02\/Arte-Autoescola-Galatas_endereco_portal-1024x103.png 1024w, https:\/\/jornalfatosenoticias.com.br\/wp-content\/uploads\/2022\/02\/Arte-Autoescola-Galatas_endereco_portal-300x30.png 300w, https:\/\/jornalfatosenoticias.com.br\/wp-content\/uploads\/2022\/02\/Arte-Autoescola-Galatas_endereco_portal-768x77.png 768w, https:\/\/jornalfatosenoticias.com.br\/wp-content\/uploads\/2022\/02\/Arte-Autoescola-Galatas_endereco_portal.png 1223w\" sizes=\"auto, (max-width: 1024px) 100vw, 1024px\" \/><\/figure><\/div>\n\n\n\n<p>Vale ressaltar, que a lei estabelece o que \u00e9 bullying imp\u00f5e uma s\u00e9rie de medidas, que, al\u00e9m das campanhas de conscientiza\u00e7\u00e3o, visam criar uma complexa rede de apoio que envolve o poder p\u00fablico (por meio do Minist\u00e9rio da Educa\u00e7\u00e3o e das secretarias estaduais e municipais de educa\u00e7\u00e3o), a classe docente, os gestores escolares e as fam\u00edlias.<\/p>\n\n\n\n<div class=\"wp-block-image\"><figure class=\"aligncenter size-large\"><img decoding=\"async\" src=\"https:\/\/jornalfatosenoticias.com.br\/wp-content\/uploads\/2020\/02\/barao-das-carnes-300x164-1.jpg\" alt=\"\" class=\"wp-image-34339\"\/><\/figure><\/div>\n\n\n\n<p>Essa rede visa capacitar os agentes da educa\u00e7\u00e3o e os pais para lidarem com o assunto, al\u00e9m de oferecer apoio psicol\u00f3gico, educativo e judicial aos jovens que praticam e sofrem bullying, em conjunto com as suas fam\u00edlias.<\/p>\n\n\n\n<div class=\"wp-block-image\"><figure class=\"aligncenter size-large\"><img loading=\"lazy\" decoding=\"async\" width=\"1024\" height=\"100\" src=\"https:\/\/jornalfatosenoticias.com.br\/wp-content\/uploads\/2022\/05\/NOVA-LOGO-CESCONETTO-1024x100.jpg\" alt=\"\" class=\"wp-image-30792\" srcset=\"https:\/\/jornalfatosenoticias.com.br\/wp-content\/uploads\/2022\/05\/NOVA-LOGO-CESCONETTO-1024x100.jpg 1024w, https:\/\/jornalfatosenoticias.com.br\/wp-content\/uploads\/2022\/05\/NOVA-LOGO-CESCONETTO-300x29.jpg 300w, https:\/\/jornalfatosenoticias.com.br\/wp-content\/uploads\/2022\/05\/NOVA-LOGO-CESCONETTO-768x75.jpg 768w, https:\/\/jornalfatosenoticias.com.br\/wp-content\/uploads\/2022\/05\/NOVA-LOGO-CESCONETTO.jpg 1280w\" sizes=\"auto, (max-width: 1024px) 100vw, 1024px\" \/><\/figure><\/div>\n\n\n\n<p><span class=\"has-inline-color has-vivid-red-color\"><strong>Veja a transcri\u00e7\u00e3o dos artigos 2\u00ba, 3\u00ba e 4\u00ba dessa lei<\/strong><\/span><\/p>\n\n\n\n<ul class=\"wp-block-list\"><li>Art. 2\u00ba Caracteriza-se a intimida\u00e7\u00e3o sistem\u00e1tica (bullying) quando h\u00e1 viol\u00eancia f\u00edsica ou psicol\u00f3gica em atos de intimida\u00e7\u00e3o, humilha\u00e7\u00e3o ou discrimina\u00e7\u00e3o e, ainda:<\/li><li>I &#8211; ataques f\u00edsicos;<\/li><li>II &#8211; insultos pessoais;<\/li><li>III &#8211; coment\u00e1rios sistem\u00e1ticos e apelidos pejorativos;<\/li><li>IV &#8211; amea\u00e7as por quaisquer meios;<\/li><li>V &#8211; grafites depreciativos;<\/li><li>VI &#8211; express\u00f5es preconceituosas;<\/li><li>VII &#8211; isolamento social consciente e premeditado;<\/li><li>VIII &#8211; pilh\u00e9rias.<\/li><li>Par\u00e1grafo \u00fanico.<\/li><\/ul>\n\n\n\n<div class=\"wp-block-image\"><figure class=\"aligncenter size-large\"><img loading=\"lazy\" decoding=\"async\" width=\"1024\" height=\"99\" src=\"https:\/\/jornalfatosenoticias.com.br\/wp-content\/uploads\/2020\/02\/Logo-Mizu-segunda-2-1024x99.png\" alt=\"\" class=\"wp-image-2353\" srcset=\"https:\/\/jornalfatosenoticias.com.br\/wp-content\/uploads\/2020\/02\/Logo-Mizu-segunda-2-1024x99.png 1024w, https:\/\/jornalfatosenoticias.com.br\/wp-content\/uploads\/2020\/02\/Logo-Mizu-segunda-2-300x29.png 300w, https:\/\/jornalfatosenoticias.com.br\/wp-content\/uploads\/2020\/02\/Logo-Mizu-segunda-2-768x74.png 768w, https:\/\/jornalfatosenoticias.com.br\/wp-content\/uploads\/2020\/02\/Logo-Mizu-segunda-2.png 1240w\" sizes=\"auto, (max-width: 1024px) 100vw, 1024px\" \/><\/figure><\/div>\n\n\n\n<p>H\u00e1 intimida\u00e7\u00e3o sistem\u00e1tica na rede mundial de computadores (cyberbullying), quando se usarem os instrumentos que lhe s\u00e3o pr\u00f3prios para depreciar, incitar a viol\u00eancia, adulterar fotos e dados pessoais com o intuito de criar meios de constrangimento psicossocial.<br>Art. 3\u00ba A intimida\u00e7\u00e3o sistem\u00e1tica (bullying) pode ser classificada, conforme as a\u00e7\u00f5es praticadas, como:<\/p>\n\n\n\n<div class=\"wp-block-image\"><figure class=\"aligncenter size-large is-resized\"><img loading=\"lazy\" decoding=\"async\" src=\"https:\/\/jornalfatosenoticias.com.br\/wp-content\/uploads\/2022\/08\/logo-locau-veiculos-1024x573.png\" alt=\"\" class=\"wp-image-33078\" width=\"357\" height=\"199\"\/><\/figure><\/div>\n\n\n\n<ul class=\"wp-block-list\"><li>I &#8211; verbal: insultar, xingar e apelidar pejorativamente;<\/li><li>II &#8211; moral: difamar, caluniar, disseminar rumores;<\/li><li>III &#8211; sexual: assediar, induzir e\/ou abusar;<\/li><li>IV &#8211; social: ignorar, isolar e excluir;<\/li><li>V &#8211; psicol\u00f3gica: perseguir, amedrontar, aterrorizar, intimidar, dominar, manipular, chantagear e infernizar;<\/li><li>VI &#8211; f\u00edsico: socar, chutar, bater;<\/li><li>VII &#8211; material: furtar, roubar, destruir pertences de outrem;<\/li><li>VIII &#8211; virtual: depreciar, enviar mensagens intrusivas da intimidade, enviar ou adulterar fotos e dados pessoais que resultem em sofrimento ou com o intuito de criar meio de constrangimento psicol\u00f3gico e social.<\/li><\/ul>\n\n\n\n<div class=\"wp-block-image\"><figure class=\"aligncenter size-large\"><img loading=\"lazy\" decoding=\"async\" width=\"1024\" height=\"111\" src=\"https:\/\/jornalfatosenoticias.com.br\/wp-content\/uploads\/2020\/02\/WhatsApp-Image-2022-09-23-at-12.09.18-1024x111.jpeg\" alt=\"\" class=\"wp-image-34527\" srcset=\"https:\/\/jornalfatosenoticias.com.br\/wp-content\/uploads\/2020\/02\/WhatsApp-Image-2022-09-23-at-12.09.18-1024x111.jpeg 1024w, https:\/\/jornalfatosenoticias.com.br\/wp-content\/uploads\/2020\/02\/WhatsApp-Image-2022-09-23-at-12.09.18-300x32.jpeg 300w, https:\/\/jornalfatosenoticias.com.br\/wp-content\/uploads\/2020\/02\/WhatsApp-Image-2022-09-23-at-12.09.18-768x83.jpeg 768w, https:\/\/jornalfatosenoticias.com.br\/wp-content\/uploads\/2020\/02\/WhatsApp-Image-2022-09-23-at-12.09.18.jpeg 1121w\" sizes=\"auto, (max-width: 1024px) 100vw, 1024px\" \/><\/figure><\/div>\n\n\n\n<p>Art. 4\u00ba Constituem objetivos do Programa referido no caput do art. 1\u00ba:<\/p>\n\n\n\n<ul class=\"wp-block-list\"><li>I &#8211; prevenir e combater a pr\u00e1tica da intimida\u00e7\u00e3o sistem\u00e1tica (bullying) em toda a sociedade;<\/li><li>II &#8211; capacitar docentes e equipes pedag\u00f3gicas para a implementa\u00e7\u00e3o das a\u00e7\u00f5es de discuss\u00e3o, preven\u00e7\u00e3o, orienta\u00e7\u00e3o e solu\u00e7\u00e3o do problema;<\/li><li>III &#8211; implementar e disseminar campanhas de educa\u00e7\u00e3o, conscientiza\u00e7\u00e3o e informa\u00e7\u00e3o;<\/li><li>IV &#8211; instituir pr\u00e1ticas de conduta e orienta\u00e7\u00e3o de pais, familiares e respons\u00e1veis diante da identifica\u00e7\u00e3o de v\u00edtimas e agressores;<\/li><li>V &#8211; dar assist\u00eancia psicol\u00f3gica, social e jur\u00eddica \u00e0s v\u00edtimas e aos agressores;<\/li><li>VI &#8211; integrar os meios de comunica\u00e7\u00e3o de massa com as escolas e a sociedade, como forma de identifica\u00e7\u00e3o e conscientiza\u00e7\u00e3o do problema e forma de preveni-lo e combat\u00ea-lo;<\/li><\/ul>\n\n\n\n<div class=\"wp-block-image\"><figure class=\"aligncenter size-large is-resized\"><img loading=\"lazy\" decoding=\"async\" src=\"https:\/\/jornalfatosenoticias.com.br\/wp-content\/uploads\/2022\/02\/Precisao-Contabilidade-1024x724.jpg\" alt=\"\" class=\"wp-image-28088\" width=\"330\" height=\"233\"\/><\/figure><\/div>\n\n\n\n<ul class=\"wp-block-list\"><li>VII &#8211; promover a cidadania, a capacidade emp\u00e1tica e o respeito a terceiros, nos marcos de uma cultura de paz e toler\u00e2ncia m\u00fatua;<\/li><li>VIII &#8211; evitar, tanto quanto poss\u00edvel, a puni\u00e7\u00e3o dos agressores, privilegiando mecanismos e instrumentos alternativos que promovam a efetiva responsabiliza\u00e7\u00e3o e a mudan\u00e7a de comportamento hostil;<\/li><li>IX &#8211; promover medidas de conscientiza\u00e7\u00e3o, preven\u00e7\u00e3o e combate a todos os tipos de viol\u00eancia, com \u00eanfase nas pr\u00e1ticas recorrentes de intimida\u00e7\u00e3o sistem\u00e1tica (bullying), ou constrangimento f\u00edsico e psicol\u00f3gico, cometidas por alunos, professores e outros profissionais integrantes de escola e de comunidade escolar.<\/li><\/ul>\n\n\n\n<div class=\"wp-block-image\"><figure class=\"aligncenter size-large is-resized\"><img loading=\"lazy\" decoding=\"async\" src=\"https:\/\/jornalfatosenoticias.com.br\/wp-content\/uploads\/2022\/10\/RC_800x750_page-0001.jpg\" alt=\"\" class=\"wp-image-35338\" width=\"253\" height=\"237\" srcset=\"https:\/\/jornalfatosenoticias.com.br\/wp-content\/uploads\/2022\/10\/RC_800x750_page-0001.jpg 400w, https:\/\/jornalfatosenoticias.com.br\/wp-content\/uploads\/2022\/10\/RC_800x750_page-0001-300x281.jpg 300w\" sizes=\"auto, (max-width: 253px) 100vw, 253px\" \/><\/figure><\/div>\n\n\n\n<p><strong><span class=\"has-inline-color has-vivid-red-color\">Como solucionar esse problema social<br><\/span><\/strong>Ressalta-se, que os melhores meios de combate ao bullying s\u00e3o a conscientiza\u00e7\u00e3o e o di\u00e1logo. Conversas dos pais e das m\u00e3es com seus filhos e filhas, campanhas de conscientiza\u00e7\u00e3o nas escolas e di\u00e1logo dos profissionais da educa\u00e7\u00e3o com os estudantes s\u00e3o as melhores formas para acabar com essa pr\u00e1tica.<\/p>\n\n\n\n<div class=\"wp-block-image\"><figure class=\"aligncenter size-large\"><img loading=\"lazy\" decoding=\"async\" width=\"1024\" height=\"110\" src=\"https:\/\/jornalfatosenoticias.com.br\/wp-content\/uploads\/2022\/10\/Arte-jornal-Zucchi-1120x120_Prancheta-1-1024x110.jpg\" alt=\"\" class=\"wp-image-34772\" srcset=\"https:\/\/jornalfatosenoticias.com.br\/wp-content\/uploads\/2022\/10\/Arte-jornal-Zucchi-1120x120_Prancheta-1-1024x110.jpg 1024w, https:\/\/jornalfatosenoticias.com.br\/wp-content\/uploads\/2022\/10\/Arte-jornal-Zucchi-1120x120_Prancheta-1-300x32.jpg 300w, https:\/\/jornalfatosenoticias.com.br\/wp-content\/uploads\/2022\/10\/Arte-jornal-Zucchi-1120x120_Prancheta-1-768x82.jpg 768w, https:\/\/jornalfatosenoticias.com.br\/wp-content\/uploads\/2022\/10\/Arte-jornal-Zucchi-1120x120_Prancheta-1-1536x165.jpg 1536w, https:\/\/jornalfatosenoticias.com.br\/wp-content\/uploads\/2022\/10\/Arte-jornal-Zucchi-1120x120_Prancheta-1-2048x219.jpg 2048w\" sizes=\"auto, (max-width: 1024px) 100vw, 1024px\" \/><\/figure><\/div>\n\n\n\n<p>No entanto, quando identificado o bullying, \u00e9 necess\u00e1rio que se converse com as v\u00edtimas para oferec\u00ea-las apoio emocional, e tamb\u00e9m com os agressores, a fim de descobrir o motivo das agress\u00f5es e conscientiz\u00e1-los dos danos que eles podem causar ao outro.<\/p>\n\n\n\n<div class=\"wp-block-image\"><figure class=\"aligncenter size-large is-resized\"><img loading=\"lazy\" decoding=\"async\" src=\"https:\/\/jornalfatosenoticias.com.br\/wp-content\/uploads\/2022\/07\/Logo-Grupo-SEI.jpg\" alt=\"\" class=\"wp-image-31973\" width=\"349\" height=\"183\" srcset=\"https:\/\/jornalfatosenoticias.com.br\/wp-content\/uploads\/2022\/07\/Logo-Grupo-SEI.jpg 713w, https:\/\/jornalfatosenoticias.com.br\/wp-content\/uploads\/2022\/07\/Logo-Grupo-SEI-300x158.jpg 300w\" sizes=\"auto, (max-width: 349px) 100vw, 349px\" \/><\/figure><\/div>\n\n\n\n<p>Nesse sentido, a fam\u00edlia dos agressores tamb\u00e9m deve agir para que o quadro de agress\u00e3o n\u00e3o se repita e, em hip\u00f3tese alguma, deve-se utilizar da viol\u00eancia para coibir a pr\u00e1tica do bullying, pois o efeito pode ser oposto ao desejado, os pais devem estar atentos aos jovens e sempre manter o di\u00e1logo e a comunica\u00e7\u00e3o com eles para evitar que ocorra qualquer tipo de situa\u00e7\u00e3o de agress\u00e3o sistem\u00e1tica.<\/p>\n\n\n\n<div class=\"wp-block-image is-style-rounded\"><figure class=\"alignleft size-large is-resized\"><img loading=\"lazy\" decoding=\"async\" src=\"https:\/\/jornalfatosenoticias.com.br\/wp-content\/uploads\/2022\/04\/ADRIANA_VASCONCELOS-removebg-preview.png\" alt=\"\" class=\"wp-image-29799\" width=\"252\" height=\"248\" srcset=\"https:\/\/jornalfatosenoticias.com.br\/wp-content\/uploads\/2022\/04\/ADRIANA_VASCONCELOS-removebg-preview.png 504w, https:\/\/jornalfatosenoticias.com.br\/wp-content\/uploads\/2022\/04\/ADRIANA_VASCONCELOS-removebg-preview-300x295.png 300w\" sizes=\"auto, (max-width: 252px) 100vw, 252px\" \/><figcaption><em><span class=\"has-inline-color has-black-color\"><strong>Adriana Vasconcellos Pereira<br><\/strong>Bacharela em Direito pela Faculdade Minas Gerais (Famig-MG)<br>P\u00f3s-graduanda na Escola de Magistratura do Esp\u00edrito Santo \u2014 Esmages<\/span><\/em><\/figcaption><\/figure><\/div>\n","protected":false},"excerpt":{"rendered":"<p>Texto:\u00a0Adriana Vasconcellos Pereira Como identificar o alvo do bullying?Vale ressaltar, que as v\u00edtimas mais comuns do bullying s\u00e3o pessoas que n\u00e3o se enquadram no padr\u00e3o aceito como normal para a sociedade, que \u00e9 repetido e intensificado dentro do universo adolescente. Caracter\u00edsticas f\u00edsicas, sociais e comportamentais s\u00e3o levadas em conta para produzir as agress\u00f5es, que podem [&hellip;]<\/p>\n","protected":false},"author":2,"featured_media":35583,"comment_status":"open","ping_status":"open","sticky":false,"template":"","format":"standard","meta":{"footnotes":""},"categories":[2522],"tags":[5576,16697,12131,2479],"class_list":["post-35582","post","type-post","status-publish","format-standard","has-post-thumbnail","hentry","category-comportamento","tag-bullying","tag-bullying-na-escola","tag-legislacao","tag-violencia"],"yoast_head":"<!-- This site is optimized with the Yoast SEO plugin v26.5 - https:\/\/yoast.com\/wordpress\/plugins\/seo\/ -->\n<title>Bullying, formas e consequ\u00eancias \u2014 Parte 2 - Jornal Fatos e Not\u00edcias<\/title>\n<meta name=\"robots\" content=\"index, follow, max-snippet:-1, max-image-preview:large, max-video-preview:-1\" \/>\n<link rel=\"canonical\" href=\"https:\/\/jornalfatosenoticias.com.br\/index.php\/2022\/10\/27\/bullying-formas-e-consequencias-parte-2\/\" \/>\n<meta property=\"og:locale\" content=\"pt_BR\" \/>\n<meta property=\"og:type\" content=\"article\" \/>\n<meta property=\"og:title\" content=\"Bullying, formas e consequ\u00eancias \u2014 Parte 2 - Jornal Fatos e Not\u00edcias\" \/>\n<meta property=\"og:description\" content=\"Texto:\u00a0Adriana Vasconcellos Pereira Como identificar o alvo do bullying?Vale ressaltar, que as v\u00edtimas mais comuns do bullying s\u00e3o pessoas que n\u00e3o se enquadram no padr\u00e3o aceito como normal para a sociedade, que \u00e9 repetido e intensificado dentro do universo adolescente. Caracter\u00edsticas f\u00edsicas, sociais e comportamentais s\u00e3o levadas em conta para produzir as agress\u00f5es, que podem [&hellip;]\" \/>\n<meta property=\"og:url\" content=\"https:\/\/jornalfatosenoticias.com.br\/index.php\/2022\/10\/27\/bullying-formas-e-consequencias-parte-2\/\" \/>\n<meta property=\"og:site_name\" content=\"Jornal Fatos e Not\u00edcias\" \/>\n<meta property=\"article:published_time\" content=\"2022-10-27T18:02:05+00:00\" \/>\n<meta property=\"article:modified_time\" content=\"2022-10-27T18:02:07+00:00\" \/>\n<meta property=\"og:image\" content=\"https:\/\/jornalfatosenoticias.com.br\/wp-content\/uploads\/2022\/10\/STOP-BULLYING2.jpg\" \/>\n\t<meta property=\"og:image:width\" content=\"1000\" \/>\n\t<meta property=\"og:image:height\" content=\"750\" \/>\n\t<meta property=\"og:image:type\" content=\"image\/jpeg\" \/>\n<meta name=\"author\" content=\"Luzimara Fernandes\" \/>\n<meta name=\"twitter:card\" content=\"summary_large_image\" \/>\n<meta name=\"twitter:label1\" content=\"Escrito por\" \/>\n\t<meta name=\"twitter:data1\" content=\"Luzimara Fernandes\" \/>\n\t<meta name=\"twitter:label2\" content=\"Est. tempo de leitura\" \/>\n\t<meta name=\"twitter:data2\" content=\"5 minutos\" \/>\n<script type=\"application\/ld+json\" class=\"yoast-schema-graph\">{\"@context\":\"https:\/\/schema.org\",\"@graph\":[{\"@type\":\"Article\",\"@id\":\"https:\/\/jornalfatosenoticias.com.br\/index.php\/2022\/10\/27\/bullying-formas-e-consequencias-parte-2\/#article\",\"isPartOf\":{\"@id\":\"https:\/\/jornalfatosenoticias.com.br\/index.php\/2022\/10\/27\/bullying-formas-e-consequencias-parte-2\/\"},\"author\":{\"name\":\"Luzimara Fernandes\",\"@id\":\"https:\/\/jornalfatosenoticias.com.br\/#\/schema\/person\/d63837fa13ac8666eb9e74e0985d6f81\"},\"headline\":\"Bullying, formas e consequ\u00eancias \u2014 Parte 2\",\"datePublished\":\"2022-10-27T18:02:05+00:00\",\"dateModified\":\"2022-10-27T18:02:07+00:00\",\"mainEntityOfPage\":{\"@id\":\"https:\/\/jornalfatosenoticias.com.br\/index.php\/2022\/10\/27\/bullying-formas-e-consequencias-parte-2\/\"},\"wordCount\":1025,\"commentCount\":0,\"publisher\":{\"@id\":\"https:\/\/jornalfatosenoticias.com.br\/#organization\"},\"image\":{\"@id\":\"https:\/\/jornalfatosenoticias.com.br\/index.php\/2022\/10\/27\/bullying-formas-e-consequencias-parte-2\/#primaryimage\"},\"thumbnailUrl\":\"https:\/\/jornalfatosenoticias.com.br\/wp-content\/uploads\/2022\/10\/STOP-BULLYING2.jpg\",\"keywords\":[\"bullying\",\"bullying na escola\",\"legisla\u00e7\u00e3o\",\"viol\u00eancia\"],\"articleSection\":[\"Comportamento &amp; Equil\u00edbrio\"],\"inLanguage\":\"pt-BR\",\"potentialAction\":[{\"@type\":\"CommentAction\",\"name\":\"Comment\",\"target\":[\"https:\/\/jornalfatosenoticias.com.br\/index.php\/2022\/10\/27\/bullying-formas-e-consequencias-parte-2\/#respond\"]}]},{\"@type\":\"WebPage\",\"@id\":\"https:\/\/jornalfatosenoticias.com.br\/index.php\/2022\/10\/27\/bullying-formas-e-consequencias-parte-2\/\",\"url\":\"https:\/\/jornalfatosenoticias.com.br\/index.php\/2022\/10\/27\/bullying-formas-e-consequencias-parte-2\/\",\"name\":\"Bullying, formas e consequ\u00eancias \u2014 Parte 2 - Jornal Fatos e Not\u00edcias\",\"isPartOf\":{\"@id\":\"https:\/\/jornalfatosenoticias.com.br\/#website\"},\"primaryImageOfPage\":{\"@id\":\"https:\/\/jornalfatosenoticias.com.br\/index.php\/2022\/10\/27\/bullying-formas-e-consequencias-parte-2\/#primaryimage\"},\"image\":{\"@id\":\"https:\/\/jornalfatosenoticias.com.br\/index.php\/2022\/10\/27\/bullying-formas-e-consequencias-parte-2\/#primaryimage\"},\"thumbnailUrl\":\"https:\/\/jornalfatosenoticias.com.br\/wp-content\/uploads\/2022\/10\/STOP-BULLYING2.jpg\",\"datePublished\":\"2022-10-27T18:02:05+00:00\",\"dateModified\":\"2022-10-27T18:02:07+00:00\",\"breadcrumb\":{\"@id\":\"https:\/\/jornalfatosenoticias.com.br\/index.php\/2022\/10\/27\/bullying-formas-e-consequencias-parte-2\/#breadcrumb\"},\"inLanguage\":\"pt-BR\",\"potentialAction\":[{\"@type\":\"ReadAction\",\"target\":[\"https:\/\/jornalfatosenoticias.com.br\/index.php\/2022\/10\/27\/bullying-formas-e-consequencias-parte-2\/\"]}]},{\"@type\":\"ImageObject\",\"inLanguage\":\"pt-BR\",\"@id\":\"https:\/\/jornalfatosenoticias.com.br\/index.php\/2022\/10\/27\/bullying-formas-e-consequencias-parte-2\/#primaryimage\",\"url\":\"https:\/\/jornalfatosenoticias.com.br\/wp-content\/uploads\/2022\/10\/STOP-BULLYING2.jpg\",\"contentUrl\":\"https:\/\/jornalfatosenoticias.com.br\/wp-content\/uploads\/2022\/10\/STOP-BULLYING2.jpg\",\"width\":1000,\"height\":750},{\"@type\":\"BreadcrumbList\",\"@id\":\"https:\/\/jornalfatosenoticias.com.br\/index.php\/2022\/10\/27\/bullying-formas-e-consequencias-parte-2\/#breadcrumb\",\"itemListElement\":[{\"@type\":\"ListItem\",\"position\":1,\"name\":\"In\u00edcio\",\"item\":\"https:\/\/jornalfatosenoticias.com.br\/\"},{\"@type\":\"ListItem\",\"position\":2,\"name\":\"Bullying, formas e consequ\u00eancias \u2014 Parte 2\"}]},{\"@type\":\"WebSite\",\"@id\":\"https:\/\/jornalfatosenoticias.com.br\/#website\",\"url\":\"https:\/\/jornalfatosenoticias.com.br\/\",\"name\":\"Jornal Fatos e Not\u00edcias\",\"description\":\"Not\u00edcias em geral\",\"publisher\":{\"@id\":\"https:\/\/jornalfatosenoticias.com.br\/#organization\"},\"potentialAction\":[{\"@type\":\"SearchAction\",\"target\":{\"@type\":\"EntryPoint\",\"urlTemplate\":\"https:\/\/jornalfatosenoticias.com.br\/?s={search_term_string}\"},\"query-input\":{\"@type\":\"PropertyValueSpecification\",\"valueRequired\":true,\"valueName\":\"search_term_string\"}}],\"inLanguage\":\"pt-BR\"},{\"@type\":\"Organization\",\"@id\":\"https:\/\/jornalfatosenoticias.com.br\/#organization\",\"name\":\"Jornal Fatos e Not\u00edcias\",\"url\":\"https:\/\/jornalfatosenoticias.com.br\/\",\"logo\":{\"@type\":\"ImageObject\",\"inLanguage\":\"pt-BR\",\"@id\":\"https:\/\/jornalfatosenoticias.com.br\/#\/schema\/logo\/image\/\",\"url\":\"https:\/\/jornalfatosenoticias.com.br\/wp-content\/uploads\/2020\/02\/logo120.png\",\"contentUrl\":\"https:\/\/jornalfatosenoticias.com.br\/wp-content\/uploads\/2020\/02\/logo120.png\",\"width\":1227,\"height\":120,\"caption\":\"Jornal Fatos e Not\u00edcias\"},\"image\":{\"@id\":\"https:\/\/jornalfatosenoticias.com.br\/#\/schema\/logo\/image\/\"}},{\"@type\":\"Person\",\"@id\":\"https:\/\/jornalfatosenoticias.com.br\/#\/schema\/person\/d63837fa13ac8666eb9e74e0985d6f81\",\"name\":\"Luzimara Fernandes\",\"image\":{\"@type\":\"ImageObject\",\"inLanguage\":\"pt-BR\",\"@id\":\"https:\/\/jornalfatosenoticias.com.br\/#\/schema\/person\/image\/\",\"url\":\"https:\/\/jornalfatosenoticias.com.br\/wp-content\/uploads\/2025\/05\/EU_portal.jpg\",\"contentUrl\":\"https:\/\/jornalfatosenoticias.com.br\/wp-content\/uploads\/2025\/05\/EU_portal.jpg\",\"caption\":\"Luzimara Fernandes\"},\"description\":\"Jornalista MTB 2358-ES\",\"sameAs\":[\"https:\/\/jornalfatosenoticias.com.br\"],\"url\":\"https:\/\/jornalfatosenoticias.com.br\/index.php\/author\/luzimara\/\"}]}<\/script>\n<!-- \/ Yoast SEO plugin. -->","yoast_head_json":{"title":"Bullying, formas e consequ\u00eancias \u2014 Parte 2 - Jornal Fatos e Not\u00edcias","robots":{"index":"index","follow":"follow","max-snippet":"max-snippet:-1","max-image-preview":"max-image-preview:large","max-video-preview":"max-video-preview:-1"},"canonical":"https:\/\/jornalfatosenoticias.com.br\/index.php\/2022\/10\/27\/bullying-formas-e-consequencias-parte-2\/","og_locale":"pt_BR","og_type":"article","og_title":"Bullying, formas e consequ\u00eancias \u2014 Parte 2 - Jornal Fatos e Not\u00edcias","og_description":"Texto:\u00a0Adriana Vasconcellos Pereira Como identificar o alvo do bullying?Vale ressaltar, que as v\u00edtimas mais comuns do bullying s\u00e3o pessoas que n\u00e3o se enquadram no padr\u00e3o aceito como normal para a sociedade, que \u00e9 repetido e intensificado dentro do universo adolescente. Caracter\u00edsticas f\u00edsicas, sociais e comportamentais s\u00e3o levadas em conta para produzir as agress\u00f5es, que podem [&hellip;]","og_url":"https:\/\/jornalfatosenoticias.com.br\/index.php\/2022\/10\/27\/bullying-formas-e-consequencias-parte-2\/","og_site_name":"Jornal Fatos e Not\u00edcias","article_published_time":"2022-10-27T18:02:05+00:00","article_modified_time":"2022-10-27T18:02:07+00:00","og_image":[{"width":1000,"height":750,"url":"https:\/\/jornalfatosenoticias.com.br\/wp-content\/uploads\/2022\/10\/STOP-BULLYING2.jpg","type":"image\/jpeg"}],"author":"Luzimara Fernandes","twitter_card":"summary_large_image","twitter_misc":{"Escrito por":"Luzimara Fernandes","Est. tempo de leitura":"5 minutos"},"schema":{"@context":"https:\/\/schema.org","@graph":[{"@type":"Article","@id":"https:\/\/jornalfatosenoticias.com.br\/index.php\/2022\/10\/27\/bullying-formas-e-consequencias-parte-2\/#article","isPartOf":{"@id":"https:\/\/jornalfatosenoticias.com.br\/index.php\/2022\/10\/27\/bullying-formas-e-consequencias-parte-2\/"},"author":{"name":"Luzimara Fernandes","@id":"https:\/\/jornalfatosenoticias.com.br\/#\/schema\/person\/d63837fa13ac8666eb9e74e0985d6f81"},"headline":"Bullying, formas e consequ\u00eancias \u2014 Parte 2","datePublished":"2022-10-27T18:02:05+00:00","dateModified":"2022-10-27T18:02:07+00:00","mainEntityOfPage":{"@id":"https:\/\/jornalfatosenoticias.com.br\/index.php\/2022\/10\/27\/bullying-formas-e-consequencias-parte-2\/"},"wordCount":1025,"commentCount":0,"publisher":{"@id":"https:\/\/jornalfatosenoticias.com.br\/#organization"},"image":{"@id":"https:\/\/jornalfatosenoticias.com.br\/index.php\/2022\/10\/27\/bullying-formas-e-consequencias-parte-2\/#primaryimage"},"thumbnailUrl":"https:\/\/jornalfatosenoticias.com.br\/wp-content\/uploads\/2022\/10\/STOP-BULLYING2.jpg","keywords":["bullying","bullying na escola","legisla\u00e7\u00e3o","viol\u00eancia"],"articleSection":["Comportamento &amp; Equil\u00edbrio"],"inLanguage":"pt-BR","potentialAction":[{"@type":"CommentAction","name":"Comment","target":["https:\/\/jornalfatosenoticias.com.br\/index.php\/2022\/10\/27\/bullying-formas-e-consequencias-parte-2\/#respond"]}]},{"@type":"WebPage","@id":"https:\/\/jornalfatosenoticias.com.br\/index.php\/2022\/10\/27\/bullying-formas-e-consequencias-parte-2\/","url":"https:\/\/jornalfatosenoticias.com.br\/index.php\/2022\/10\/27\/bullying-formas-e-consequencias-parte-2\/","name":"Bullying, formas e consequ\u00eancias \u2014 Parte 2 - Jornal Fatos e Not\u00edcias","isPartOf":{"@id":"https:\/\/jornalfatosenoticias.com.br\/#website"},"primaryImageOfPage":{"@id":"https:\/\/jornalfatosenoticias.com.br\/index.php\/2022\/10\/27\/bullying-formas-e-consequencias-parte-2\/#primaryimage"},"image":{"@id":"https:\/\/jornalfatosenoticias.com.br\/index.php\/2022\/10\/27\/bullying-formas-e-consequencias-parte-2\/#primaryimage"},"thumbnailUrl":"https:\/\/jornalfatosenoticias.com.br\/wp-content\/uploads\/2022\/10\/STOP-BULLYING2.jpg","datePublished":"2022-10-27T18:02:05+00:00","dateModified":"2022-10-27T18:02:07+00:00","breadcrumb":{"@id":"https:\/\/jornalfatosenoticias.com.br\/index.php\/2022\/10\/27\/bullying-formas-e-consequencias-parte-2\/#breadcrumb"},"inLanguage":"pt-BR","potentialAction":[{"@type":"ReadAction","target":["https:\/\/jornalfatosenoticias.com.br\/index.php\/2022\/10\/27\/bullying-formas-e-consequencias-parte-2\/"]}]},{"@type":"ImageObject","inLanguage":"pt-BR","@id":"https:\/\/jornalfatosenoticias.com.br\/index.php\/2022\/10\/27\/bullying-formas-e-consequencias-parte-2\/#primaryimage","url":"https:\/\/jornalfatosenoticias.com.br\/wp-content\/uploads\/2022\/10\/STOP-BULLYING2.jpg","contentUrl":"https:\/\/jornalfatosenoticias.com.br\/wp-content\/uploads\/2022\/10\/STOP-BULLYING2.jpg","width":1000,"height":750},{"@type":"BreadcrumbList","@id":"https:\/\/jornalfatosenoticias.com.br\/index.php\/2022\/10\/27\/bullying-formas-e-consequencias-parte-2\/#breadcrumb","itemListElement":[{"@type":"ListItem","position":1,"name":"In\u00edcio","item":"https:\/\/jornalfatosenoticias.com.br\/"},{"@type":"ListItem","position":2,"name":"Bullying, formas e consequ\u00eancias \u2014 Parte 2"}]},{"@type":"WebSite","@id":"https:\/\/jornalfatosenoticias.com.br\/#website","url":"https:\/\/jornalfatosenoticias.com.br\/","name":"Jornal Fatos e Not\u00edcias","description":"Not\u00edcias em geral","publisher":{"@id":"https:\/\/jornalfatosenoticias.com.br\/#organization"},"potentialAction":[{"@type":"SearchAction","target":{"@type":"EntryPoint","urlTemplate":"https:\/\/jornalfatosenoticias.com.br\/?s={search_term_string}"},"query-input":{"@type":"PropertyValueSpecification","valueRequired":true,"valueName":"search_term_string"}}],"inLanguage":"pt-BR"},{"@type":"Organization","@id":"https:\/\/jornalfatosenoticias.com.br\/#organization","name":"Jornal Fatos e Not\u00edcias","url":"https:\/\/jornalfatosenoticias.com.br\/","logo":{"@type":"ImageObject","inLanguage":"pt-BR","@id":"https:\/\/jornalfatosenoticias.com.br\/#\/schema\/logo\/image\/","url":"https:\/\/jornalfatosenoticias.com.br\/wp-content\/uploads\/2020\/02\/logo120.png","contentUrl":"https:\/\/jornalfatosenoticias.com.br\/wp-content\/uploads\/2020\/02\/logo120.png","width":1227,"height":120,"caption":"Jornal Fatos e Not\u00edcias"},"image":{"@id":"https:\/\/jornalfatosenoticias.com.br\/#\/schema\/logo\/image\/"}},{"@type":"Person","@id":"https:\/\/jornalfatosenoticias.com.br\/#\/schema\/person\/d63837fa13ac8666eb9e74e0985d6f81","name":"Luzimara Fernandes","image":{"@type":"ImageObject","inLanguage":"pt-BR","@id":"https:\/\/jornalfatosenoticias.com.br\/#\/schema\/person\/image\/","url":"https:\/\/jornalfatosenoticias.com.br\/wp-content\/uploads\/2025\/05\/EU_portal.jpg","contentUrl":"https:\/\/jornalfatosenoticias.com.br\/wp-content\/uploads\/2025\/05\/EU_portal.jpg","caption":"Luzimara Fernandes"},"description":"Jornalista MTB 2358-ES","sameAs":["https:\/\/jornalfatosenoticias.com.br"],"url":"https:\/\/jornalfatosenoticias.com.br\/index.php\/author\/luzimara\/"}]}},"cc_featured_image_caption":{"caption_text":"(Foto: Freepik) ","source_text":"","source_url":""},"jetpack_featured_media_url":"https:\/\/jornalfatosenoticias.com.br\/wp-content\/uploads\/2022\/10\/STOP-BULLYING2.jpg","_links":{"self":[{"href":"https:\/\/jornalfatosenoticias.com.br\/index.php\/wp-json\/wp\/v2\/posts\/35582","targetHints":{"allow":["GET"]}}],"collection":[{"href":"https:\/\/jornalfatosenoticias.com.br\/index.php\/wp-json\/wp\/v2\/posts"}],"about":[{"href":"https:\/\/jornalfatosenoticias.com.br\/index.php\/wp-json\/wp\/v2\/types\/post"}],"author":[{"embeddable":true,"href":"https:\/\/jornalfatosenoticias.com.br\/index.php\/wp-json\/wp\/v2\/users\/2"}],"replies":[{"embeddable":true,"href":"https:\/\/jornalfatosenoticias.com.br\/index.php\/wp-json\/wp\/v2\/comments?post=35582"}],"version-history":[{"count":0,"href":"https:\/\/jornalfatosenoticias.com.br\/index.php\/wp-json\/wp\/v2\/posts\/35582\/revisions"}],"wp:featuredmedia":[{"embeddable":true,"href":"https:\/\/jornalfatosenoticias.com.br\/index.php\/wp-json\/wp\/v2\/media\/35583"}],"wp:attachment":[{"href":"https:\/\/jornalfatosenoticias.com.br\/index.php\/wp-json\/wp\/v2\/media?parent=35582"}],"wp:term":[{"taxonomy":"category","embeddable":true,"href":"https:\/\/jornalfatosenoticias.com.br\/index.php\/wp-json\/wp\/v2\/categories?post=35582"},{"taxonomy":"post_tag","embeddable":true,"href":"https:\/\/jornalfatosenoticias.com.br\/index.php\/wp-json\/wp\/v2\/tags?post=35582"}],"curies":[{"name":"wp","href":"https:\/\/api.w.org\/{rel}","templated":true}]}}