{"id":35585,"date":"2022-10-27T15:10:38","date_gmt":"2022-10-27T18:10:38","guid":{"rendered":"https:\/\/jornalfatosenoticias.com.br\/?p=35585"},"modified":"2022-10-27T15:10:40","modified_gmt":"2022-10-27T18:10:40","slug":"conjuntura-politica-o-que-chama-a-atencao-nas-eleicoes-de-2022","status":"publish","type":"post","link":"https:\/\/jornalfatosenoticias.com.br\/index.php\/2022\/10\/27\/conjuntura-politica-o-que-chama-a-atencao-nas-eleicoes-de-2022\/","title":{"rendered":"Conjuntura pol\u00edtica. O que chama a aten\u00e7\u00e3o nas elei\u00e7\u00f5es de 2022"},"content":{"rendered":"\n<p><span class=\"has-inline-color has-black-color\"><em>\u201cN\u00e3o h\u00e1 nada de errado com aqueles que n\u00e3o gostam de pol\u00edtica, simplesmente ser\u00e3o governados por aqueles que gostam\u201d, Plat\u00e3o<\/em><\/span><\/p>\n\n\n\n<p><em><span class=\"has-inline-color has-luminous-vivid-orange-color\"><strong>Por<\/strong>\u00a0Jos\u00e9 Nivaldo Campos Vieira<\/span><\/em><\/p>\n\n\n\n<div class=\"wp-block-image\"><figure class=\"aligncenter size-large\"><img decoding=\"async\" src=\"https:\/\/jornalfatosenoticias.com.br\/wp-content\/uploads\/2020\/02\/logo-embacia-1-1024x110.jpg\" alt=\"\" class=\"wp-image-33954\"\/><\/figure><\/div>\n\n\n\n<p>Vozes diversas tratam o pleito eleitoral de 2022, em especial em rela\u00e7\u00e3o ao nome que ser\u00e1 escolhido para governar nosso Pa\u00eds nos pr\u00f3ximos quatro anos, como sendo muito \u201cconfuso\u201d. Ser\u00e1? O que se chama hoje de \u201cpolariza\u00e7\u00e3o\u201d, constitui algo novo no cen\u00e1rio pol\u00edtico brasileiro, inexistente at\u00e9 ent\u00e3o. Em um sentido mais amplo, seguramente, muito salutar.<\/p>\n\n\n\n<div class=\"wp-block-image\"><figure class=\"aligncenter size-large is-resized\"><img loading=\"lazy\" decoding=\"async\" src=\"https:\/\/jornalfatosenoticias.com.br\/wp-content\/uploads\/2022\/07\/Logo-Grupo-SEI.jpg\" alt=\"\" class=\"wp-image-31973\" width=\"288\" height=\"151\" srcset=\"https:\/\/jornalfatosenoticias.com.br\/wp-content\/uploads\/2022\/07\/Logo-Grupo-SEI.jpg 713w, https:\/\/jornalfatosenoticias.com.br\/wp-content\/uploads\/2022\/07\/Logo-Grupo-SEI-300x158.jpg 300w\" sizes=\"auto, (max-width: 288px) 100vw, 288px\" \/><\/figure><\/div>\n\n\n\n<p>Ao longo de anos seguiu-se a velha cartilha, conveniente para quem se locupletava da situa\u00e7\u00e3o, que sentenciava, preconizando um mal\u00e9fico senso comum: \u201cfutebol, religi\u00e3o e pol\u00edtica n\u00e3o se discute\u201d. Ora, como assim? De maneira insidiosa, deliberadamente, foram nivelados tr\u00eas temas, de aspectos, caracter\u00edsticas e realidades distintos e, sobre eles, se afirmava: \u201cest\u00e3o postos, est\u00e3o prontos\u201d \u2026 \u201cs\u00e3o assim, s\u00e3o como s\u00e3o\u201d \u2026 e, portanto, tais temas, n\u00e3o devem ser objeto de debates, discuss\u00f5es.<\/p>\n\n\n\n<div class=\"wp-block-image\"><figure class=\"aligncenter size-large\"><img loading=\"lazy\" decoding=\"async\" width=\"1024\" height=\"110\" src=\"https:\/\/jornalfatosenoticias.com.br\/wp-content\/uploads\/2022\/10\/Arte-jornal-Zucchi-1120x120_Prancheta-1-1024x110.jpg\" alt=\"\" class=\"wp-image-34772\" srcset=\"https:\/\/jornalfatosenoticias.com.br\/wp-content\/uploads\/2022\/10\/Arte-jornal-Zucchi-1120x120_Prancheta-1-1024x110.jpg 1024w, https:\/\/jornalfatosenoticias.com.br\/wp-content\/uploads\/2022\/10\/Arte-jornal-Zucchi-1120x120_Prancheta-1-300x32.jpg 300w, https:\/\/jornalfatosenoticias.com.br\/wp-content\/uploads\/2022\/10\/Arte-jornal-Zucchi-1120x120_Prancheta-1-768x82.jpg 768w, https:\/\/jornalfatosenoticias.com.br\/wp-content\/uploads\/2022\/10\/Arte-jornal-Zucchi-1120x120_Prancheta-1-1536x165.jpg 1536w, https:\/\/jornalfatosenoticias.com.br\/wp-content\/uploads\/2022\/10\/Arte-jornal-Zucchi-1120x120_Prancheta-1-2048x219.jpg 2048w\" sizes=\"auto, (max-width: 1024px) 100vw, 1024px\" \/><\/figure><\/div>\n\n\n\n<p>N\u00e3o \u00e9 bem assim. Vejamos. Em rela\u00e7\u00e3o ao futebol, paix\u00e3o nacional entre uma parte significativa dos brasileiros, tem-se a op\u00e7\u00e3o de gostar ou n\u00e3o gostar. Em gostando, h\u00e1 times, agremia\u00e7\u00f5es, camisas, para todos os gostos. Por sua vez, religi\u00e3o, do latim \u201creligare\u201d, no sentido de religar, de retorno \u00e0 origem, pressup\u00f5e uma profiss\u00e3o de f\u00e9, uma cren\u00e7a no transcendente. H\u00e1 sim, op\u00e7\u00f5es diversas, que devem sim, ser respeitadas.<\/p>\n\n\n\n<div class=\"wp-block-image\"><figure class=\"alignleft size-large is-resized\"><img loading=\"lazy\" decoding=\"async\" src=\"https:\/\/jornalfatosenoticias.com.br\/wp-content\/uploads\/2020\/02\/casa-do-torresmo_portal.jpg\" alt=\"\" class=\"wp-image-34472\" width=\"253\" height=\"253\" srcset=\"https:\/\/jornalfatosenoticias.com.br\/wp-content\/uploads\/2020\/02\/casa-do-torresmo_portal.jpg 300w, https:\/\/jornalfatosenoticias.com.br\/wp-content\/uploads\/2020\/02\/casa-do-torresmo_portal-150x150.jpg 150w\" sizes=\"auto, (max-width: 253px) 100vw, 253px\" \/><\/figure><\/div>\n\n\n\n<p>A op\u00e7\u00e3o de torcer para esse ou para aquele time de futebol; a op\u00e7\u00e3o de praticar, de seguir \u00e0 essa ou \u00e0quela religi\u00e3o; respeitados os princ\u00edpios fundamentais da saud\u00e1vel conviv\u00eancia social, efetivamente n\u00e3o deve ser objeto de discuss\u00e3o. Cada um tem a sua escolha\u2026 Agora, POL\u00cdTICA, na acep\u00e7\u00e3o mais pura da palavra, a \u201carte ou ci\u00eancia que cuida da coisa p\u00fablica\u201d, e como tal, em uma sociedade, direito e responsabilidade de todos, deve sim, ser discutida, AMPLAMENTE.<br>Aliado \u00e0 mal\u00e9fica afirma\u00e7\u00e3o no sentido de que a ci\u00eancia que cuida dos destinos de nosso Pa\u00eds n\u00e3o deveria ser objeto de \u201cdiscuss\u00e3o\u201d (debates, contraposi\u00e7\u00e3o de ideias, busca de aprimoramento, busca de melhorias\u2026), cunhou-se, espalhou-se e foi assimilado amplamente pela sociedade brasileira, outra ideia igualmente perversa: a de que POL\u00cdTICA \u00e9 coisa \u201csuja\u201d, a de que, quem atua nesse campo, o POL\u00cdTICO, representada o \u00e9 \u201cvenal\u201d, o que \u00e9 \u201cdesonesto\u201d.<\/p>\n\n\n\n<div class=\"wp-block-image\"><figure class=\"aligncenter size-large\"><img loading=\"lazy\" decoding=\"async\" width=\"1024\" height=\"100\" src=\"https:\/\/jornalfatosenoticias.com.br\/wp-content\/uploads\/2020\/02\/banner_ferramentas-1024x100.jpg\" alt=\"\" class=\"wp-image-1258\" srcset=\"https:\/\/jornalfatosenoticias.com.br\/wp-content\/uploads\/2020\/02\/banner_ferramentas-1024x100.jpg 1024w, https:\/\/jornalfatosenoticias.com.br\/wp-content\/uploads\/2020\/02\/banner_ferramentas-300x29.jpg 300w, https:\/\/jornalfatosenoticias.com.br\/wp-content\/uploads\/2020\/02\/banner_ferramentas-768x75.jpg 768w, https:\/\/jornalfatosenoticias.com.br\/wp-content\/uploads\/2020\/02\/banner_ferramentas.jpg 1227w\" sizes=\"auto, (max-width: 1024px) 100vw, 1024px\" \/><\/figure><\/div>\n\n\n\n<p>Sustentados nesses pressupostos corrosivos, por d\u00e9cadas, parte significativa da sociedade brasileira, sem medo de errar, sua esmagadora maioria, afastou-se das discuss\u00f5es em torno da POL\u00cdTICA. E isso, sem d\u00favida alguma, representou um custo muito alto para a sociedade e para os destinos de nosso Pa\u00eds. E o que aconteceu?<\/p>\n\n\n\n<div class=\"wp-block-image\"><figure class=\"aligncenter size-large\"><img loading=\"lazy\" decoding=\"async\" width=\"300\" height=\"250\" src=\"https:\/\/jornalfatosenoticias.com.br\/wp-content\/uploads\/2022\/08\/arte-Casarao.jpg\" alt=\"\" class=\"wp-image-33178\"\/><\/figure><\/div>\n\n\n\n<figure class=\"wp-block-pullquote\"><blockquote><p><span class=\"has-inline-color has-luminous-vivid-orange-color\">Plat\u00e3o, no S\u00e9culo V a.C. afirmou: \u201cN\u00e3o h\u00e1 nada de errado com aqueles que n\u00e3o gostam de pol\u00edtica. Eles simplesmente ser\u00e3o governados por aqueles que gostam\u201d.<\/span><\/p><\/blockquote><\/figure>\n\n\n\n<div class=\"wp-block-image\"><figure class=\"alignright size-large\"><img decoding=\"async\" src=\"https:\/\/jornalfatosenoticias.com.br\/wp-content\/uploads\/2020\/02\/barao-das-carnes-300x164-1.jpg\" alt=\"\" class=\"wp-image-34339\"\/><\/figure><\/div>\n\n\n\n<p>O processo eleitoral de 2022, cujas elei\u00e7\u00f5es gerais, em primeiro turno ocorrido no dia 02 de outubro, de forma salutar, ordeira, pac\u00edfica, evidenciou a escolha para a composi\u00e7\u00e3o dos membros das nossas duas casas legislativas federais, o Congresso Nacional. No curso do processo eleitoral, o ato final e derradeiro, est\u00e1 previsto para ocorrer no pr\u00f3ximo domingo, dia 30 de outubro, evidenciar\u00e1 o destino que queremos para o nosso Brasil.<\/p>\n\n\n\n<div class=\"wp-block-image\"><figure class=\"aligncenter size-large\"><img loading=\"lazy\" decoding=\"async\" width=\"1024\" height=\"100\" src=\"https:\/\/jornalfatosenoticias.com.br\/wp-content\/uploads\/2022\/05\/NOVA-LOGO-CESCONETTO-1024x100.jpg\" alt=\"\" class=\"wp-image-30792\" srcset=\"https:\/\/jornalfatosenoticias.com.br\/wp-content\/uploads\/2022\/05\/NOVA-LOGO-CESCONETTO-1024x100.jpg 1024w, https:\/\/jornalfatosenoticias.com.br\/wp-content\/uploads\/2022\/05\/NOVA-LOGO-CESCONETTO-300x29.jpg 300w, https:\/\/jornalfatosenoticias.com.br\/wp-content\/uploads\/2022\/05\/NOVA-LOGO-CESCONETTO-768x75.jpg 768w, https:\/\/jornalfatosenoticias.com.br\/wp-content\/uploads\/2022\/05\/NOVA-LOGO-CESCONETTO.jpg 1280w\" sizes=\"auto, (max-width: 1024px) 100vw, 1024px\" \/><\/figure><\/div>\n\n\n\n<p>Os que reclamam da amplitude do n\u00edvel de discuss\u00e3o no conjunto da sociedade, os que reclamam do \u201cbarulho\u201d decorrente dessa discuss\u00e3o ampliada, parecem \u201csaudosistas\u201d em rela\u00e7\u00e3o ao baixo (limitado, quase que exclusivo) n\u00edvel de participa\u00e7\u00e3o do conjunto da sociedade que existia, e que hoje, definitivamente, foi mudado.<\/p>\n\n\n\n<div class=\"wp-block-image\"><figure class=\"alignleft size-large is-resized\"><img loading=\"lazy\" decoding=\"async\" src=\"https:\/\/jornalfatosenoticias.com.br\/wp-content\/uploads\/2020\/02\/logo-Panper_portal.jpg\" alt=\"\" class=\"wp-image-34474\" width=\"318\" height=\"220\" srcset=\"https:\/\/jornalfatosenoticias.com.br\/wp-content\/uploads\/2020\/02\/logo-Panper_portal.jpg 400w, https:\/\/jornalfatosenoticias.com.br\/wp-content\/uploads\/2020\/02\/logo-Panper_portal-300x208.jpg 300w\" sizes=\"auto, (max-width: 318px) 100vw, 318px\" \/><\/figure><\/div>\n\n\n\n<p>Assustou \u00e0queles que se beneficiavam do velho formato, desafetos da nova matriz de comunica\u00e7\u00e3o: a de formato digital, em especial, as \u201cm\u00eddias sociais\u201d. Estas, com os seus defeitos (quem n\u00e3o os t\u00eam) propiciaram um componente novo em rela\u00e7\u00e3o \u00e0 possibilidade de comunica\u00e7\u00e3o. Retiraram elas o monop\u00f3lio consolidado por d\u00e9cadas, da comunica\u00e7\u00e3o \u201cUM para TODOS\u201d (centralizada nas grandes m\u00eddias, nas grandes redes de comunica\u00e7\u00e3o) fazendo nascer o modelo da comunica\u00e7\u00e3o \u201cTODOS para TODOS\u201d.<\/p>\n\n\n\n<div class=\"wp-block-image\"><figure class=\"aligncenter size-large\"><img decoding=\"async\" src=\"https:\/\/jornalfatosenoticias.com.br\/wp-content\/uploads\/2020\/02\/Serra-Grande-1024x160.png\" alt=\"\" class=\"wp-image-7836\"\/><\/figure><\/div>\n\n\n\n<p>Renasceu a \u201c\u00c1gora\u201d. As comunica\u00e7\u00f5es digitais, as \u201cm\u00eddias sociais\u201d fazem ressurgir no terceiro mil\u00eanio o formato com o qual se consolida a DEMOCRACIA (Governo do Povo) na Gr\u00e9cia Antiga, s\u00e9culo V a.C. Era na \u201c\u00c1gora\u201d (pra\u00e7a p\u00fablica) que ocorriam as reuni\u00f5es onde os gregos discutiam assuntos ligados \u00e0 vida da cidade (\u201cpolis\u201d). Nelas, debatiam (de forma seguramente barulhenta) e decidiam temas de seus interesses, ligados a justi\u00e7a, obras p\u00fablicas, leis, cultura, etc. Os cidad\u00e3os discutiam e decidiam atrav\u00e9s do VOTO DIRETO.<\/p>\n\n\n\n<div class=\"wp-block-image\"><figure class=\"aligncenter size-large is-resized\"><img loading=\"lazy\" decoding=\"async\" src=\"https:\/\/jornalfatosenoticias.com.br\/wp-content\/uploads\/2022\/10\/RC_800x750_page-0001.jpg\" alt=\"\" class=\"wp-image-35338\" width=\"241\" height=\"226\" srcset=\"https:\/\/jornalfatosenoticias.com.br\/wp-content\/uploads\/2022\/10\/RC_800x750_page-0001.jpg 400w, https:\/\/jornalfatosenoticias.com.br\/wp-content\/uploads\/2022\/10\/RC_800x750_page-0001-300x281.jpg 300w\" sizes=\"auto, (max-width: 241px) 100vw, 241px\" \/><\/figure><\/div>\n\n\n\n<p>Comunica\u00e7\u00f5es digitais. Barulhentas, instant\u00e2neas\u2026 \u201cm\u00eddias sociais\u201d \u2026 Modelos de democracia em claro processo de transforma\u00e7\u00e3o: o formato (i) \u201cREPRESENTATIVO\u201d (via os desgastados \u201cpartidos pol\u00edticos\u201d); o formato (ii) \u201cPARTICIPATIVO\u201d (via os tamb\u00e9m desgastados sindicatos, associa\u00e7\u00f5es de classes, ONGs\u2026), dando espa\u00e7o para o novo formato, a (III) DEMOCRACIA DIRETA.<\/p>\n\n\n\n<div class=\"wp-block-image\"><figure class=\"aligncenter size-large\"><img loading=\"lazy\" decoding=\"async\" width=\"1024\" height=\"103\" src=\"https:\/\/jornalfatosenoticias.com.br\/wp-content\/uploads\/2022\/02\/Arte-Autoescola-Galatas_endereco_portal-1024x103.png\" alt=\"\" class=\"wp-image-27869\" srcset=\"https:\/\/jornalfatosenoticias.com.br\/wp-content\/uploads\/2022\/02\/Arte-Autoescola-Galatas_endereco_portal-1024x103.png 1024w, https:\/\/jornalfatosenoticias.com.br\/wp-content\/uploads\/2022\/02\/Arte-Autoescola-Galatas_endereco_portal-300x30.png 300w, https:\/\/jornalfatosenoticias.com.br\/wp-content\/uploads\/2022\/02\/Arte-Autoescola-Galatas_endereco_portal-768x77.png 768w, https:\/\/jornalfatosenoticias.com.br\/wp-content\/uploads\/2022\/02\/Arte-Autoescola-Galatas_endereco_portal.png 1223w\" sizes=\"auto, (max-width: 1024px) 100vw, 1024px\" \/><\/figure><\/div>\n\n\n\n<p>As, por muitos atacadas, \u201cM\u00cdDIAS SOCIAIS\u201d constituem as \u201c\u00c1GORAS\u201d do terceiro mil\u00eanio. Gostem ou n\u00e3o, vieram para ficar. Vamos ver \u2026<\/p>\n\n\n\n<div class=\"wp-block-image is-style-rounded\"><figure class=\"alignleft size-large is-resized\"><img loading=\"lazy\" decoding=\"async\" src=\"https:\/\/jornalfatosenoticias.com.br\/wp-content\/uploads\/2022\/07\/jose-nivaldo_perfil-1.jpg\" alt=\"\" class=\"wp-image-31972\" width=\"233\" height=\"223\" srcset=\"https:\/\/jornalfatosenoticias.com.br\/wp-content\/uploads\/2022\/07\/jose-nivaldo_perfil-1.jpg 677w, https:\/\/jornalfatosenoticias.com.br\/wp-content\/uploads\/2022\/07\/jose-nivaldo_perfil-1-300x287.jpg 300w\" sizes=\"auto, (max-width: 233px) 100vw, 233px\" \/><figcaption><em><span class=\"has-inline-color has-black-color\"><strong>Jos\u00e9 Nivaldo Campos Vieira<br><\/strong>Advogado, formado em Filosofia,<br>coronel da Reserva da PMES e<br>empres\u00e1rio da \u00e1rea de seguran\u00e7a privada<br>nivaldo@seiinteligencia.com.br<\/span><\/em><\/figcaption><\/figure><\/div>\n","protected":false},"excerpt":{"rendered":"<p>\u201cN\u00e3o h\u00e1 nada de errado com aqueles que n\u00e3o gostam de pol\u00edtica, simplesmente ser\u00e3o governados por aqueles que gostam\u201d, Plat\u00e3o Por\u00a0Jos\u00e9 Nivaldo Campos Vieira Vozes diversas tratam o pleito eleitoral de 2022, em especial em rela\u00e7\u00e3o ao nome que ser\u00e1 escolhido para governar nosso Pa\u00eds nos pr\u00f3ximos quatro anos, como sendo muito \u201cconfuso\u201d. Ser\u00e1? O [&hellip;]<\/p>\n","protected":false},"author":2,"featured_media":35586,"comment_status":"open","ping_status":"open","sticky":false,"template":"","format":"standard","meta":{"footnotes":""},"categories":[10],"tags":[16698,10150,6846,545],"class_list":["post-35585","post","type-post","status-publish","format-standard","has-post-thumbnail","hentry","category-politica","tag-conjuntura-politica","tag-eleicoes-2022","tag-platao","tag-politica"],"yoast_head":"<!-- This site is optimized with the Yoast SEO plugin v26.5 - https:\/\/yoast.com\/wordpress\/plugins\/seo\/ -->\n<title>Conjuntura pol\u00edtica. O que chama a aten\u00e7\u00e3o nas elei\u00e7\u00f5es de 2022 - Jornal Fatos e Not\u00edcias<\/title>\n<meta name=\"robots\" content=\"index, follow, max-snippet:-1, max-image-preview:large, max-video-preview:-1\" \/>\n<link rel=\"canonical\" href=\"https:\/\/jornalfatosenoticias.com.br\/index.php\/2022\/10\/27\/conjuntura-politica-o-que-chama-a-atencao-nas-eleicoes-de-2022\/\" \/>\n<meta property=\"og:locale\" content=\"pt_BR\" \/>\n<meta property=\"og:type\" content=\"article\" \/>\n<meta property=\"og:title\" content=\"Conjuntura pol\u00edtica. O que chama a aten\u00e7\u00e3o nas elei\u00e7\u00f5es de 2022 - Jornal Fatos e Not\u00edcias\" \/>\n<meta property=\"og:description\" content=\"\u201cN\u00e3o h\u00e1 nada de errado com aqueles que n\u00e3o gostam de pol\u00edtica, simplesmente ser\u00e3o governados por aqueles que gostam\u201d, Plat\u00e3o Por\u00a0Jos\u00e9 Nivaldo Campos Vieira Vozes diversas tratam o pleito eleitoral de 2022, em especial em rela\u00e7\u00e3o ao nome que ser\u00e1 escolhido para governar nosso Pa\u00eds nos pr\u00f3ximos quatro anos, como sendo muito \u201cconfuso\u201d. Ser\u00e1? O [&hellip;]\" \/>\n<meta property=\"og:url\" content=\"https:\/\/jornalfatosenoticias.com.br\/index.php\/2022\/10\/27\/conjuntura-politica-o-que-chama-a-atencao-nas-eleicoes-de-2022\/\" \/>\n<meta property=\"og:site_name\" content=\"Jornal Fatos e Not\u00edcias\" \/>\n<meta property=\"article:published_time\" content=\"2022-10-27T18:10:38+00:00\" \/>\n<meta property=\"article:modified_time\" content=\"2022-10-27T18:10:40+00:00\" \/>\n<meta property=\"og:image\" content=\"https:\/\/jornalfatosenoticias.com.br\/wp-content\/uploads\/2022\/10\/polarizacao-politica_texto-nivaldo.jpg\" \/>\n\t<meta property=\"og:image:width\" content=\"1000\" \/>\n\t<meta property=\"og:image:height\" content=\"663\" \/>\n\t<meta property=\"og:image:type\" content=\"image\/jpeg\" \/>\n<meta name=\"author\" content=\"Luzimara Fernandes\" \/>\n<meta name=\"twitter:card\" content=\"summary_large_image\" \/>\n<meta name=\"twitter:label1\" content=\"Escrito por\" \/>\n\t<meta name=\"twitter:data1\" content=\"Luzimara Fernandes\" \/>\n\t<meta name=\"twitter:label2\" content=\"Est. tempo de leitura\" \/>\n\t<meta name=\"twitter:data2\" content=\"5 minutos\" \/>\n<script type=\"application\/ld+json\" class=\"yoast-schema-graph\">{\"@context\":\"https:\/\/schema.org\",\"@graph\":[{\"@type\":\"Article\",\"@id\":\"https:\/\/jornalfatosenoticias.com.br\/index.php\/2022\/10\/27\/conjuntura-politica-o-que-chama-a-atencao-nas-eleicoes-de-2022\/#article\",\"isPartOf\":{\"@id\":\"https:\/\/jornalfatosenoticias.com.br\/index.php\/2022\/10\/27\/conjuntura-politica-o-que-chama-a-atencao-nas-eleicoes-de-2022\/\"},\"author\":{\"name\":\"Luzimara Fernandes\",\"@id\":\"https:\/\/jornalfatosenoticias.com.br\/#\/schema\/person\/d63837fa13ac8666eb9e74e0985d6f81\"},\"headline\":\"Conjuntura pol\u00edtica. O que chama a aten\u00e7\u00e3o nas elei\u00e7\u00f5es de 2022\",\"datePublished\":\"2022-10-27T18:10:38+00:00\",\"dateModified\":\"2022-10-27T18:10:40+00:00\",\"mainEntityOfPage\":{\"@id\":\"https:\/\/jornalfatosenoticias.com.br\/index.php\/2022\/10\/27\/conjuntura-politica-o-que-chama-a-atencao-nas-eleicoes-de-2022\/\"},\"wordCount\":916,\"commentCount\":0,\"publisher\":{\"@id\":\"https:\/\/jornalfatosenoticias.com.br\/#organization\"},\"image\":{\"@id\":\"https:\/\/jornalfatosenoticias.com.br\/index.php\/2022\/10\/27\/conjuntura-politica-o-que-chama-a-atencao-nas-eleicoes-de-2022\/#primaryimage\"},\"thumbnailUrl\":\"https:\/\/jornalfatosenoticias.com.br\/wp-content\/uploads\/2022\/10\/polarizacao-politica_texto-nivaldo.jpg\",\"keywords\":[\"conjuntura pol\u00edtica\",\"elei\u00e7\u00f5es 2022\",\"Plat\u00e3o\",\"pol\u00edtica\"],\"articleSection\":[\"Pol\u00edtica\"],\"inLanguage\":\"pt-BR\",\"potentialAction\":[{\"@type\":\"CommentAction\",\"name\":\"Comment\",\"target\":[\"https:\/\/jornalfatosenoticias.com.br\/index.php\/2022\/10\/27\/conjuntura-politica-o-que-chama-a-atencao-nas-eleicoes-de-2022\/#respond\"]}]},{\"@type\":\"WebPage\",\"@id\":\"https:\/\/jornalfatosenoticias.com.br\/index.php\/2022\/10\/27\/conjuntura-politica-o-que-chama-a-atencao-nas-eleicoes-de-2022\/\",\"url\":\"https:\/\/jornalfatosenoticias.com.br\/index.php\/2022\/10\/27\/conjuntura-politica-o-que-chama-a-atencao-nas-eleicoes-de-2022\/\",\"name\":\"Conjuntura pol\u00edtica. O que chama a aten\u00e7\u00e3o nas elei\u00e7\u00f5es de 2022 - Jornal Fatos e Not\u00edcias\",\"isPartOf\":{\"@id\":\"https:\/\/jornalfatosenoticias.com.br\/#website\"},\"primaryImageOfPage\":{\"@id\":\"https:\/\/jornalfatosenoticias.com.br\/index.php\/2022\/10\/27\/conjuntura-politica-o-que-chama-a-atencao-nas-eleicoes-de-2022\/#primaryimage\"},\"image\":{\"@id\":\"https:\/\/jornalfatosenoticias.com.br\/index.php\/2022\/10\/27\/conjuntura-politica-o-que-chama-a-atencao-nas-eleicoes-de-2022\/#primaryimage\"},\"thumbnailUrl\":\"https:\/\/jornalfatosenoticias.com.br\/wp-content\/uploads\/2022\/10\/polarizacao-politica_texto-nivaldo.jpg\",\"datePublished\":\"2022-10-27T18:10:38+00:00\",\"dateModified\":\"2022-10-27T18:10:40+00:00\",\"breadcrumb\":{\"@id\":\"https:\/\/jornalfatosenoticias.com.br\/index.php\/2022\/10\/27\/conjuntura-politica-o-que-chama-a-atencao-nas-eleicoes-de-2022\/#breadcrumb\"},\"inLanguage\":\"pt-BR\",\"potentialAction\":[{\"@type\":\"ReadAction\",\"target\":[\"https:\/\/jornalfatosenoticias.com.br\/index.php\/2022\/10\/27\/conjuntura-politica-o-que-chama-a-atencao-nas-eleicoes-de-2022\/\"]}]},{\"@type\":\"ImageObject\",\"inLanguage\":\"pt-BR\",\"@id\":\"https:\/\/jornalfatosenoticias.com.br\/index.php\/2022\/10\/27\/conjuntura-politica-o-que-chama-a-atencao-nas-eleicoes-de-2022\/#primaryimage\",\"url\":\"https:\/\/jornalfatosenoticias.com.br\/wp-content\/uploads\/2022\/10\/polarizacao-politica_texto-nivaldo.jpg\",\"contentUrl\":\"https:\/\/jornalfatosenoticias.com.br\/wp-content\/uploads\/2022\/10\/polarizacao-politica_texto-nivaldo.jpg\",\"width\":1000,\"height\":663},{\"@type\":\"BreadcrumbList\",\"@id\":\"https:\/\/jornalfatosenoticias.com.br\/index.php\/2022\/10\/27\/conjuntura-politica-o-que-chama-a-atencao-nas-eleicoes-de-2022\/#breadcrumb\",\"itemListElement\":[{\"@type\":\"ListItem\",\"position\":1,\"name\":\"In\u00edcio\",\"item\":\"https:\/\/jornalfatosenoticias.com.br\/\"},{\"@type\":\"ListItem\",\"position\":2,\"name\":\"Conjuntura pol\u00edtica. O que chama a aten\u00e7\u00e3o nas elei\u00e7\u00f5es de 2022\"}]},{\"@type\":\"WebSite\",\"@id\":\"https:\/\/jornalfatosenoticias.com.br\/#website\",\"url\":\"https:\/\/jornalfatosenoticias.com.br\/\",\"name\":\"Jornal Fatos e Not\u00edcias\",\"description\":\"Not\u00edcias em geral\",\"publisher\":{\"@id\":\"https:\/\/jornalfatosenoticias.com.br\/#organization\"},\"potentialAction\":[{\"@type\":\"SearchAction\",\"target\":{\"@type\":\"EntryPoint\",\"urlTemplate\":\"https:\/\/jornalfatosenoticias.com.br\/?s={search_term_string}\"},\"query-input\":{\"@type\":\"PropertyValueSpecification\",\"valueRequired\":true,\"valueName\":\"search_term_string\"}}],\"inLanguage\":\"pt-BR\"},{\"@type\":\"Organization\",\"@id\":\"https:\/\/jornalfatosenoticias.com.br\/#organization\",\"name\":\"Jornal Fatos e Not\u00edcias\",\"url\":\"https:\/\/jornalfatosenoticias.com.br\/\",\"logo\":{\"@type\":\"ImageObject\",\"inLanguage\":\"pt-BR\",\"@id\":\"https:\/\/jornalfatosenoticias.com.br\/#\/schema\/logo\/image\/\",\"url\":\"https:\/\/jornalfatosenoticias.com.br\/wp-content\/uploads\/2020\/02\/logo120.png\",\"contentUrl\":\"https:\/\/jornalfatosenoticias.com.br\/wp-content\/uploads\/2020\/02\/logo120.png\",\"width\":1227,\"height\":120,\"caption\":\"Jornal Fatos e Not\u00edcias\"},\"image\":{\"@id\":\"https:\/\/jornalfatosenoticias.com.br\/#\/schema\/logo\/image\/\"}},{\"@type\":\"Person\",\"@id\":\"https:\/\/jornalfatosenoticias.com.br\/#\/schema\/person\/d63837fa13ac8666eb9e74e0985d6f81\",\"name\":\"Luzimara Fernandes\",\"image\":{\"@type\":\"ImageObject\",\"inLanguage\":\"pt-BR\",\"@id\":\"https:\/\/jornalfatosenoticias.com.br\/#\/schema\/person\/image\/\",\"url\":\"https:\/\/jornalfatosenoticias.com.br\/wp-content\/uploads\/2025\/05\/EU_portal.jpg\",\"contentUrl\":\"https:\/\/jornalfatosenoticias.com.br\/wp-content\/uploads\/2025\/05\/EU_portal.jpg\",\"caption\":\"Luzimara Fernandes\"},\"description\":\"Jornalista MTB 2358-ES\",\"sameAs\":[\"https:\/\/jornalfatosenoticias.com.br\"],\"url\":\"https:\/\/jornalfatosenoticias.com.br\/index.php\/author\/luzimara\/\"}]}<\/script>\n<!-- \/ Yoast SEO plugin. -->","yoast_head_json":{"title":"Conjuntura pol\u00edtica. O que chama a aten\u00e7\u00e3o nas elei\u00e7\u00f5es de 2022 - Jornal Fatos e Not\u00edcias","robots":{"index":"index","follow":"follow","max-snippet":"max-snippet:-1","max-image-preview":"max-image-preview:large","max-video-preview":"max-video-preview:-1"},"canonical":"https:\/\/jornalfatosenoticias.com.br\/index.php\/2022\/10\/27\/conjuntura-politica-o-que-chama-a-atencao-nas-eleicoes-de-2022\/","og_locale":"pt_BR","og_type":"article","og_title":"Conjuntura pol\u00edtica. O que chama a aten\u00e7\u00e3o nas elei\u00e7\u00f5es de 2022 - Jornal Fatos e Not\u00edcias","og_description":"\u201cN\u00e3o h\u00e1 nada de errado com aqueles que n\u00e3o gostam de pol\u00edtica, simplesmente ser\u00e3o governados por aqueles que gostam\u201d, Plat\u00e3o Por\u00a0Jos\u00e9 Nivaldo Campos Vieira Vozes diversas tratam o pleito eleitoral de 2022, em especial em rela\u00e7\u00e3o ao nome que ser\u00e1 escolhido para governar nosso Pa\u00eds nos pr\u00f3ximos quatro anos, como sendo muito \u201cconfuso\u201d. Ser\u00e1? O [&hellip;]","og_url":"https:\/\/jornalfatosenoticias.com.br\/index.php\/2022\/10\/27\/conjuntura-politica-o-que-chama-a-atencao-nas-eleicoes-de-2022\/","og_site_name":"Jornal Fatos e Not\u00edcias","article_published_time":"2022-10-27T18:10:38+00:00","article_modified_time":"2022-10-27T18:10:40+00:00","og_image":[{"width":1000,"height":663,"url":"https:\/\/jornalfatosenoticias.com.br\/wp-content\/uploads\/2022\/10\/polarizacao-politica_texto-nivaldo.jpg","type":"image\/jpeg"}],"author":"Luzimara Fernandes","twitter_card":"summary_large_image","twitter_misc":{"Escrito por":"Luzimara Fernandes","Est. tempo de leitura":"5 minutos"},"schema":{"@context":"https:\/\/schema.org","@graph":[{"@type":"Article","@id":"https:\/\/jornalfatosenoticias.com.br\/index.php\/2022\/10\/27\/conjuntura-politica-o-que-chama-a-atencao-nas-eleicoes-de-2022\/#article","isPartOf":{"@id":"https:\/\/jornalfatosenoticias.com.br\/index.php\/2022\/10\/27\/conjuntura-politica-o-que-chama-a-atencao-nas-eleicoes-de-2022\/"},"author":{"name":"Luzimara Fernandes","@id":"https:\/\/jornalfatosenoticias.com.br\/#\/schema\/person\/d63837fa13ac8666eb9e74e0985d6f81"},"headline":"Conjuntura pol\u00edtica. O que chama a aten\u00e7\u00e3o nas elei\u00e7\u00f5es de 2022","datePublished":"2022-10-27T18:10:38+00:00","dateModified":"2022-10-27T18:10:40+00:00","mainEntityOfPage":{"@id":"https:\/\/jornalfatosenoticias.com.br\/index.php\/2022\/10\/27\/conjuntura-politica-o-que-chama-a-atencao-nas-eleicoes-de-2022\/"},"wordCount":916,"commentCount":0,"publisher":{"@id":"https:\/\/jornalfatosenoticias.com.br\/#organization"},"image":{"@id":"https:\/\/jornalfatosenoticias.com.br\/index.php\/2022\/10\/27\/conjuntura-politica-o-que-chama-a-atencao-nas-eleicoes-de-2022\/#primaryimage"},"thumbnailUrl":"https:\/\/jornalfatosenoticias.com.br\/wp-content\/uploads\/2022\/10\/polarizacao-politica_texto-nivaldo.jpg","keywords":["conjuntura pol\u00edtica","elei\u00e7\u00f5es 2022","Plat\u00e3o","pol\u00edtica"],"articleSection":["Pol\u00edtica"],"inLanguage":"pt-BR","potentialAction":[{"@type":"CommentAction","name":"Comment","target":["https:\/\/jornalfatosenoticias.com.br\/index.php\/2022\/10\/27\/conjuntura-politica-o-que-chama-a-atencao-nas-eleicoes-de-2022\/#respond"]}]},{"@type":"WebPage","@id":"https:\/\/jornalfatosenoticias.com.br\/index.php\/2022\/10\/27\/conjuntura-politica-o-que-chama-a-atencao-nas-eleicoes-de-2022\/","url":"https:\/\/jornalfatosenoticias.com.br\/index.php\/2022\/10\/27\/conjuntura-politica-o-que-chama-a-atencao-nas-eleicoes-de-2022\/","name":"Conjuntura pol\u00edtica. O que chama a aten\u00e7\u00e3o nas elei\u00e7\u00f5es de 2022 - Jornal Fatos e Not\u00edcias","isPartOf":{"@id":"https:\/\/jornalfatosenoticias.com.br\/#website"},"primaryImageOfPage":{"@id":"https:\/\/jornalfatosenoticias.com.br\/index.php\/2022\/10\/27\/conjuntura-politica-o-que-chama-a-atencao-nas-eleicoes-de-2022\/#primaryimage"},"image":{"@id":"https:\/\/jornalfatosenoticias.com.br\/index.php\/2022\/10\/27\/conjuntura-politica-o-que-chama-a-atencao-nas-eleicoes-de-2022\/#primaryimage"},"thumbnailUrl":"https:\/\/jornalfatosenoticias.com.br\/wp-content\/uploads\/2022\/10\/polarizacao-politica_texto-nivaldo.jpg","datePublished":"2022-10-27T18:10:38+00:00","dateModified":"2022-10-27T18:10:40+00:00","breadcrumb":{"@id":"https:\/\/jornalfatosenoticias.com.br\/index.php\/2022\/10\/27\/conjuntura-politica-o-que-chama-a-atencao-nas-eleicoes-de-2022\/#breadcrumb"},"inLanguage":"pt-BR","potentialAction":[{"@type":"ReadAction","target":["https:\/\/jornalfatosenoticias.com.br\/index.php\/2022\/10\/27\/conjuntura-politica-o-que-chama-a-atencao-nas-eleicoes-de-2022\/"]}]},{"@type":"ImageObject","inLanguage":"pt-BR","@id":"https:\/\/jornalfatosenoticias.com.br\/index.php\/2022\/10\/27\/conjuntura-politica-o-que-chama-a-atencao-nas-eleicoes-de-2022\/#primaryimage","url":"https:\/\/jornalfatosenoticias.com.br\/wp-content\/uploads\/2022\/10\/polarizacao-politica_texto-nivaldo.jpg","contentUrl":"https:\/\/jornalfatosenoticias.com.br\/wp-content\/uploads\/2022\/10\/polarizacao-politica_texto-nivaldo.jpg","width":1000,"height":663},{"@type":"BreadcrumbList","@id":"https:\/\/jornalfatosenoticias.com.br\/index.php\/2022\/10\/27\/conjuntura-politica-o-que-chama-a-atencao-nas-eleicoes-de-2022\/#breadcrumb","itemListElement":[{"@type":"ListItem","position":1,"name":"In\u00edcio","item":"https:\/\/jornalfatosenoticias.com.br\/"},{"@type":"ListItem","position":2,"name":"Conjuntura pol\u00edtica. O que chama a aten\u00e7\u00e3o nas elei\u00e7\u00f5es de 2022"}]},{"@type":"WebSite","@id":"https:\/\/jornalfatosenoticias.com.br\/#website","url":"https:\/\/jornalfatosenoticias.com.br\/","name":"Jornal Fatos e Not\u00edcias","description":"Not\u00edcias em geral","publisher":{"@id":"https:\/\/jornalfatosenoticias.com.br\/#organization"},"potentialAction":[{"@type":"SearchAction","target":{"@type":"EntryPoint","urlTemplate":"https:\/\/jornalfatosenoticias.com.br\/?s={search_term_string}"},"query-input":{"@type":"PropertyValueSpecification","valueRequired":true,"valueName":"search_term_string"}}],"inLanguage":"pt-BR"},{"@type":"Organization","@id":"https:\/\/jornalfatosenoticias.com.br\/#organization","name":"Jornal Fatos e Not\u00edcias","url":"https:\/\/jornalfatosenoticias.com.br\/","logo":{"@type":"ImageObject","inLanguage":"pt-BR","@id":"https:\/\/jornalfatosenoticias.com.br\/#\/schema\/logo\/image\/","url":"https:\/\/jornalfatosenoticias.com.br\/wp-content\/uploads\/2020\/02\/logo120.png","contentUrl":"https:\/\/jornalfatosenoticias.com.br\/wp-content\/uploads\/2020\/02\/logo120.png","width":1227,"height":120,"caption":"Jornal Fatos e Not\u00edcias"},"image":{"@id":"https:\/\/jornalfatosenoticias.com.br\/#\/schema\/logo\/image\/"}},{"@type":"Person","@id":"https:\/\/jornalfatosenoticias.com.br\/#\/schema\/person\/d63837fa13ac8666eb9e74e0985d6f81","name":"Luzimara Fernandes","image":{"@type":"ImageObject","inLanguage":"pt-BR","@id":"https:\/\/jornalfatosenoticias.com.br\/#\/schema\/person\/image\/","url":"https:\/\/jornalfatosenoticias.com.br\/wp-content\/uploads\/2025\/05\/EU_portal.jpg","contentUrl":"https:\/\/jornalfatosenoticias.com.br\/wp-content\/uploads\/2025\/05\/EU_portal.jpg","caption":"Luzimara Fernandes"},"description":"Jornalista MTB 2358-ES","sameAs":["https:\/\/jornalfatosenoticias.com.br"],"url":"https:\/\/jornalfatosenoticias.com.br\/index.php\/author\/luzimara\/"}]}},"cc_featured_image_caption":{"caption_text":"(Foto: Freshidea\/Stock.adobe) ","source_text":"","source_url":""},"jetpack_featured_media_url":"https:\/\/jornalfatosenoticias.com.br\/wp-content\/uploads\/2022\/10\/polarizacao-politica_texto-nivaldo.jpg","_links":{"self":[{"href":"https:\/\/jornalfatosenoticias.com.br\/index.php\/wp-json\/wp\/v2\/posts\/35585","targetHints":{"allow":["GET"]}}],"collection":[{"href":"https:\/\/jornalfatosenoticias.com.br\/index.php\/wp-json\/wp\/v2\/posts"}],"about":[{"href":"https:\/\/jornalfatosenoticias.com.br\/index.php\/wp-json\/wp\/v2\/types\/post"}],"author":[{"embeddable":true,"href":"https:\/\/jornalfatosenoticias.com.br\/index.php\/wp-json\/wp\/v2\/users\/2"}],"replies":[{"embeddable":true,"href":"https:\/\/jornalfatosenoticias.com.br\/index.php\/wp-json\/wp\/v2\/comments?post=35585"}],"version-history":[{"count":0,"href":"https:\/\/jornalfatosenoticias.com.br\/index.php\/wp-json\/wp\/v2\/posts\/35585\/revisions"}],"wp:featuredmedia":[{"embeddable":true,"href":"https:\/\/jornalfatosenoticias.com.br\/index.php\/wp-json\/wp\/v2\/media\/35586"}],"wp:attachment":[{"href":"https:\/\/jornalfatosenoticias.com.br\/index.php\/wp-json\/wp\/v2\/media?parent=35585"}],"wp:term":[{"taxonomy":"category","embeddable":true,"href":"https:\/\/jornalfatosenoticias.com.br\/index.php\/wp-json\/wp\/v2\/categories?post=35585"},{"taxonomy":"post_tag","embeddable":true,"href":"https:\/\/jornalfatosenoticias.com.br\/index.php\/wp-json\/wp\/v2\/tags?post=35585"}],"curies":[{"name":"wp","href":"https:\/\/api.w.org\/{rel}","templated":true}]}}