{"id":35592,"date":"2022-10-27T15:29:47","date_gmt":"2022-10-27T18:29:47","guid":{"rendered":"https:\/\/jornalfatosenoticias.com.br\/?p=35592"},"modified":"2022-10-27T15:29:49","modified_gmt":"2022-10-27T18:29:49","slug":"produtos-para-alisar-cabelo-quase-triplicam-o-risco-de-cancer-de-utero","status":"publish","type":"post","link":"https:\/\/jornalfatosenoticias.com.br\/index.php\/2022\/10\/27\/produtos-para-alisar-cabelo-quase-triplicam-o-risco-de-cancer-de-utero\/","title":{"rendered":"Produtos para alisar cabelo quase triplicam o risco de c\u00e2ncer de \u00fatero"},"content":{"rendered":"\n<div class=\"wp-block-image\"><figure class=\"aligncenter size-large\"><img loading=\"lazy\" decoding=\"async\" width=\"560\" height=\"60\" src=\"https:\/\/jornalfatosenoticias.com.br\/wp-content\/uploads\/2022\/10\/Propaganda-RC-Radiadores-Jornal_page-0001.jpg\" alt=\"\" class=\"wp-image-35270\" srcset=\"https:\/\/jornalfatosenoticias.com.br\/wp-content\/uploads\/2022\/10\/Propaganda-RC-Radiadores-Jornal_page-0001.jpg 560w, https:\/\/jornalfatosenoticias.com.br\/wp-content\/uploads\/2022\/10\/Propaganda-RC-Radiadores-Jornal_page-0001-300x32.jpg 300w\" sizes=\"auto, (max-width: 560px) 100vw, 560px\" \/><\/figure><\/div>\n\n\n\n<p>Um <a href=\"https:\/\/olhardigital.com.br\/tag\/estudo\/\" target=\"_blank\" rel=\"noreferrer noopener\">estudo<\/a>\u00a0realizado por pesquisadores do Instituto Nacional de Ci\u00eancias da Sa\u00fade Ambiental dos\u00a0<a href=\"https:\/\/olhardigital.com.br\/tag\/eua\/\" target=\"_blank\" rel=\"noreferrer noopener\">EUA<\/a>\u00a0(NIEHS) identificou uma liga\u00e7\u00e3o entre produtos qu\u00edmicos utilizados para alisar os cabelos e o c\u00e2ncer do colo do \u00fatero, tamb\u00e9m chamado de c\u00e2ncer cervical.<\/p>\n\n\n\n<div class=\"wp-block-image\"><figure class=\"aligncenter size-large is-resized\"><img loading=\"lazy\" decoding=\"async\" src=\"https:\/\/jornalfatosenoticias.com.br\/wp-content\/uploads\/2020\/02\/logo-clinica-limoeiro.jpg\" alt=\"\" class=\"wp-image-34610\" width=\"265\" height=\"188\"\/><\/figure><\/div>\n\n\n\n<p>A pesquisa, publicada no <a href=\"https:\/\/academic.oup.com\/jnci\/advance-article\/doi\/10.1093\/jnci\/djac165\/6759686?login=false#376777873\" target=\"_blank\" rel=\"noreferrer noopener\">Journal of the National Cancer Institute<\/a>, acompanhou por quase 11 anos mais de 33 mil mulheres. Dentre as que usaram um produto de alisamento qu\u00edmico mais de quatro vezes nos 12 meses anteriores \u00e0 pesquisa, 155% tiveram um risco aumentado de serem diagnosticadas com a\u00a0<a href=\"https:\/\/olhardigital.com.br\/tag\/doenca\/\" target=\"_blank\" rel=\"noreferrer noopener\">doen\u00e7a<\/a>. Dessas, 378 desenvolveram o c\u00e2ncer uterino.<\/p>\n\n\n\n<div class=\"wp-block-image\"><figure class=\"aligncenter size-large\"><img loading=\"lazy\" decoding=\"async\" width=\"1024\" height=\"99\" src=\"https:\/\/jornalfatosenoticias.com.br\/wp-content\/uploads\/2020\/02\/Logo-Mizu-segunda-2-1024x99.png\" alt=\"\" class=\"wp-image-2353\" srcset=\"https:\/\/jornalfatosenoticias.com.br\/wp-content\/uploads\/2020\/02\/Logo-Mizu-segunda-2-1024x99.png 1024w, https:\/\/jornalfatosenoticias.com.br\/wp-content\/uploads\/2020\/02\/Logo-Mizu-segunda-2-300x29.png 300w, https:\/\/jornalfatosenoticias.com.br\/wp-content\/uploads\/2020\/02\/Logo-Mizu-segunda-2-768x74.png 768w, https:\/\/jornalfatosenoticias.com.br\/wp-content\/uploads\/2020\/02\/Logo-Mizu-segunda-2.png 1240w\" sizes=\"auto, (max-width: 1024px) 100vw, 1024px\" \/><\/figure><\/div>\n\n\n\n<p>Para fins de compara\u00e7\u00e3o, as que nunca receberam um tratamento de alisamento apresentaram 1,64% de chance de serem diagnosticadas com c\u00e2ncer de \u00fatero aos 70 anos. Esse n\u00famero chega a 4,05% entre aquelas que frequentemente alisam o cabelo quimicamente \u2014 risco ainda pequeno, mas significativamente maior.<\/p>\n\n\n\n<div class=\"wp-block-image\"><figure class=\"aligncenter size-large is-resized\"><img loading=\"lazy\" decoding=\"async\" src=\"https:\/\/jornalfatosenoticias.com.br\/wp-content\/uploads\/2020\/02\/casa-do-torresmo_portal.jpg\" alt=\"\" class=\"wp-image-34472\" width=\"237\" height=\"237\" srcset=\"https:\/\/jornalfatosenoticias.com.br\/wp-content\/uploads\/2020\/02\/casa-do-torresmo_portal.jpg 300w, https:\/\/jornalfatosenoticias.com.br\/wp-content\/uploads\/2020\/02\/casa-do-torresmo_portal-150x150.jpg 150w\" sizes=\"auto, (max-width: 237px) 100vw, 237px\" \/><\/figure><\/div>\n\n\n\n<p>Segundo os cientistas, mulheres negras s\u00e3o as mais propensas, principalmente as mais jovens. Um segundo levantamento revelou que 89% das mulheres afro-americanas usam relaxantes qu\u00edmicos ou alisadores.<\/p>\n\n\n\n<div class=\"wp-block-image\"><figure class=\"aligncenter size-large\"><img loading=\"lazy\" decoding=\"async\" width=\"1024\" height=\"100\" src=\"https:\/\/jornalfatosenoticias.com.br\/wp-content\/uploads\/2020\/02\/banner_ferramentas-1024x100.jpg\" alt=\"\" class=\"wp-image-1258\" srcset=\"https:\/\/jornalfatosenoticias.com.br\/wp-content\/uploads\/2020\/02\/banner_ferramentas-1024x100.jpg 1024w, https:\/\/jornalfatosenoticias.com.br\/wp-content\/uploads\/2020\/02\/banner_ferramentas-300x29.jpg 300w, https:\/\/jornalfatosenoticias.com.br\/wp-content\/uploads\/2020\/02\/banner_ferramentas-768x75.jpg 768w, https:\/\/jornalfatosenoticias.com.br\/wp-content\/uploads\/2020\/02\/banner_ferramentas.jpg 1227w\" sizes=\"auto, (max-width: 1024px) 100vw, 1024px\" \/><\/figure><\/div>\n\n\n\n<p>No geral, os resultados apenas refor\u00e7am outros estudos que j\u00e1 haviam associado o uso de produtos qu\u00edmicos ao desenvolvimento de c\u00e2ncer. O artigo explicou que produtos capilares, como os de alisamento, podem imitar a produ\u00e7\u00e3o de estrog\u00eanio e progesterona, <a href=\"https:\/\/olhardigital.com.br\/tag\/hormonios\/\" target=\"_blank\" rel=\"noreferrer noopener\">horm\u00f4nios<\/a> naturais do corpo da mulher, e perturbar o sistema end\u00f3crino (respons\u00e1vel pela produ\u00e7\u00e3o dos horm\u00f4nios). Essa perturba\u00e7\u00e3o, que geralmente causa uma produ\u00e7\u00e3o em excesso, pode influenciar o risco de c\u00e2ncer uterino.<\/p>\n\n\n\n<div class=\"wp-block-image\"><figure class=\"aligncenter size-large\"><img decoding=\"async\" src=\"https:\/\/jornalfatosenoticias.com.br\/wp-content\/uploads\/2020\/02\/logo_esteio.jpg\" alt=\"\" class=\"wp-image-1214\"\/><\/figure><\/div>\n\n\n\n<figure class=\"wp-block-embed-youtube wp-block-embed is-type-video is-provider-youtube wp-embed-aspect-16-9 wp-has-aspect-ratio\"><div class=\"wp-block-embed__wrapper\">\n<iframe loading=\"lazy\" title=\"Produtos para alisar cabelo quase triplicam o risco de c\u00e2ncer de \u00fatero\" width=\"660\" height=\"371\" src=\"https:\/\/www.youtube.com\/embed\/7oGdzBVaO0g?feature=oembed\" frameborder=\"0\" allow=\"accelerometer; autoplay; clipboard-write; encrypted-media; gyroscope; picture-in-picture; web-share\" referrerpolicy=\"strict-origin-when-cross-origin\" allowfullscreen><\/iframe>\n<\/div><\/figure>\n\n\n\n<div class=\"wp-block-image\"><figure class=\"aligncenter size-large\"><img loading=\"lazy\" decoding=\"async\" width=\"1024\" height=\"103\" src=\"https:\/\/jornalfatosenoticias.com.br\/wp-content\/uploads\/2022\/02\/Arte-Autoescola-Galatas_endereco_portal-1024x103.png\" alt=\"\" class=\"wp-image-27869\" srcset=\"https:\/\/jornalfatosenoticias.com.br\/wp-content\/uploads\/2022\/02\/Arte-Autoescola-Galatas_endereco_portal-1024x103.png 1024w, https:\/\/jornalfatosenoticias.com.br\/wp-content\/uploads\/2022\/02\/Arte-Autoescola-Galatas_endereco_portal-300x30.png 300w, https:\/\/jornalfatosenoticias.com.br\/wp-content\/uploads\/2022\/02\/Arte-Autoescola-Galatas_endereco_portal-768x77.png 768w, https:\/\/jornalfatosenoticias.com.br\/wp-content\/uploads\/2022\/02\/Arte-Autoescola-Galatas_endereco_portal.png 1223w\" sizes=\"auto, (max-width: 1024px) 100vw, 1024px\" \/><\/figure><\/div>\n\n\n\n<p><strong>Produtos para cabelo e o c\u00e2ncer<br><\/strong>De acordo com divulga\u00e7\u00e3o do <em>Science Alert,<\/em> em 2018, 18 produtos capilares foram testados sendo classificados como desreguladores end\u00f3crinos. Al\u00e9m disso, 84% dos produtos qu\u00edmicos identificados n\u00e3o estavam listados nos r\u00f3tulos e 11 continham subst\u00e2ncias proibidas pela Diretiva de Cosm\u00e9ticos da Uni\u00e3o Europeia ou n\u00e3o eram regulamentados pela lei da Calif\u00f3rnia.<\/p>\n\n\n\n<div class=\"wp-block-image\"><figure class=\"alignright size-large\"><img decoding=\"async\" src=\"https:\/\/jornalfatosenoticias.com.br\/wp-content\/uploads\/2020\/02\/barao-das-carnes-300x164-1.jpg\" alt=\"\" class=\"wp-image-34339\"\/><\/figure><\/div>\n\n\n\n<p>O atual estudo mostrou que a tintura de cabelo n\u00e3o foi relacionada ao c\u00e2ncer de colo de \u00fatero, mas uma pesquisa de 2019 descobriu que todos os produtos qu\u00edmicos de alisamento, e tamb\u00e9m as tinturas, aumentam o risco de c\u00e2ncer de mama. Neste caso a taxa tamb\u00e9m foi maior em mulheres negras, que tendem a receber os tratamentos com mais frequ\u00eancia. Outro levantamento, esse de 2021, ainda ligou os mesmos produtos a um terceiro tipo de c\u00e2ncer: o de ov\u00e1rio.<\/p>\n\n\n\n<div class=\"wp-block-image\"><figure class=\"aligncenter size-large\"><img loading=\"lazy\" decoding=\"async\" width=\"1024\" height=\"111\" src=\"https:\/\/jornalfatosenoticias.com.br\/wp-content\/uploads\/2020\/02\/WhatsApp-Image-2022-09-23-at-12.09.18-1024x111.jpeg\" alt=\"\" class=\"wp-image-34527\" srcset=\"https:\/\/jornalfatosenoticias.com.br\/wp-content\/uploads\/2020\/02\/WhatsApp-Image-2022-09-23-at-12.09.18-1024x111.jpeg 1024w, https:\/\/jornalfatosenoticias.com.br\/wp-content\/uploads\/2020\/02\/WhatsApp-Image-2022-09-23-at-12.09.18-300x32.jpeg 300w, https:\/\/jornalfatosenoticias.com.br\/wp-content\/uploads\/2020\/02\/WhatsApp-Image-2022-09-23-at-12.09.18-768x83.jpeg 768w, https:\/\/jornalfatosenoticias.com.br\/wp-content\/uploads\/2020\/02\/WhatsApp-Image-2022-09-23-at-12.09.18.jpeg 1121w\" sizes=\"auto, (max-width: 1024px) 100vw, 1024px\" \/><\/figure><\/div>\n\n\n\n<p>O c\u00e2ncer uterino, o mais comum do sistema reprodutor feminino, representa cerca de 3% dos novos casos de tumores nos Estados Unidos a cada ano. Embora possua boas chances de cura se detectado precocemente, o tratamento geralmente envolve a remo\u00e7\u00e3o do \u00fatero, impossibilitando a gravidez.<\/p>\n\n\n\n<div class=\"wp-block-image\"><figure class=\"aligncenter size-large is-resized\"><img loading=\"lazy\" decoding=\"async\" src=\"https:\/\/jornalfatosenoticias.com.br\/wp-content\/uploads\/2022\/10\/Arte-jornal-Zucchi-600x600_Prancheta-1-1024x1024.jpg\" alt=\"\" class=\"wp-image-34782\" width=\"240\" height=\"240\" srcset=\"https:\/\/jornalfatosenoticias.com.br\/wp-content\/uploads\/2022\/10\/Arte-jornal-Zucchi-600x600_Prancheta-1-1024x1024.jpg 1024w, https:\/\/jornalfatosenoticias.com.br\/wp-content\/uploads\/2022\/10\/Arte-jornal-Zucchi-600x600_Prancheta-1-300x300.jpg 300w, https:\/\/jornalfatosenoticias.com.br\/wp-content\/uploads\/2022\/10\/Arte-jornal-Zucchi-600x600_Prancheta-1-150x150.jpg 150w, https:\/\/jornalfatosenoticias.com.br\/wp-content\/uploads\/2022\/10\/Arte-jornal-Zucchi-600x600_Prancheta-1-768x768.jpg 768w, https:\/\/jornalfatosenoticias.com.br\/wp-content\/uploads\/2022\/10\/Arte-jornal-Zucchi-600x600_Prancheta-1.jpg 1250w\" sizes=\"auto, (max-width: 240px) 100vw, 240px\" \/><\/figure><\/div>\n\n\n\n<p>O estudo n\u00e3o coletou informa\u00e7\u00f5es sobre produtos ou marcas espec\u00edficas, mas citou a presen\u00e7a de formalde\u00eddo (famoso formol), parabenos, bisfenol A e metais em todas as subst\u00e2ncias qu\u00edmicas estudadas e associadas ao risco de c\u00e2ncer.<\/p>\n\n\n\n<div class=\"wp-block-image\"><figure class=\"aligncenter size-large\"><img decoding=\"async\" src=\"https:\/\/jornalfatosenoticias.com.br\/wp-content\/uploads\/2020\/02\/Serra-Grande-1024x160.png\" alt=\"\" class=\"wp-image-7836\"\/><\/figure><\/div>\n\n\n\n<p><strong><em>Fonte: <a href=\"https:\/\/olhardigital.com.br\/2022\/10\/19\/medicina-e-saude\/produtos-para-alisar-cabelo-quase-triplicam-o-risco-de-cancer-de-utero\/amp\/\">Olhar Digital<\/a><\/em><\/strong><\/p>\n","protected":false},"excerpt":{"rendered":"<p>Um estudo\u00a0realizado por pesquisadores do Instituto Nacional de Ci\u00eancias da Sa\u00fade Ambiental dos\u00a0EUA\u00a0(NIEHS) identificou uma liga\u00e7\u00e3o entre produtos qu\u00edmicos utilizados para alisar os cabelos e o c\u00e2ncer do colo do \u00fatero, tamb\u00e9m chamado de c\u00e2ncer cervical. A pesquisa, publicada no Journal of the National Cancer Institute, acompanhou por quase 11 anos mais de 33 mil [&hellip;]<\/p>\n","protected":false},"author":2,"featured_media":35593,"comment_status":"open","ping_status":"open","sticky":false,"template":"","format":"standard","meta":{"footnotes":""},"categories":[11],"tags":[441,642,3383,16702,16703],"class_list":["post-35592","post","type-post","status-publish","format-standard","has-post-thumbnail","hentry","category-saude","tag-cabelos","tag-cancer","tag-cancer-de-mama","tag-cancer-uterino","tag-formol"],"yoast_head":"<!-- This site is optimized with the Yoast SEO plugin v26.5 - https:\/\/yoast.com\/wordpress\/plugins\/seo\/ -->\n<title>Produtos para alisar cabelo quase triplicam o risco de c\u00e2ncer de \u00fatero - Jornal Fatos e Not\u00edcias<\/title>\n<meta name=\"robots\" content=\"index, follow, max-snippet:-1, max-image-preview:large, max-video-preview:-1\" \/>\n<link rel=\"canonical\" href=\"https:\/\/jornalfatosenoticias.com.br\/index.php\/2022\/10\/27\/produtos-para-alisar-cabelo-quase-triplicam-o-risco-de-cancer-de-utero\/\" \/>\n<meta property=\"og:locale\" content=\"pt_BR\" \/>\n<meta property=\"og:type\" content=\"article\" \/>\n<meta property=\"og:title\" content=\"Produtos para alisar cabelo quase triplicam o risco de c\u00e2ncer de \u00fatero - Jornal Fatos e Not\u00edcias\" \/>\n<meta property=\"og:description\" content=\"Um estudo\u00a0realizado por pesquisadores do Instituto Nacional de Ci\u00eancias da Sa\u00fade Ambiental dos\u00a0EUA\u00a0(NIEHS) identificou uma liga\u00e7\u00e3o entre produtos qu\u00edmicos utilizados para alisar os cabelos e o c\u00e2ncer do colo do \u00fatero, tamb\u00e9m chamado de c\u00e2ncer cervical. A pesquisa, publicada no Journal of the National Cancer Institute, acompanhou por quase 11 anos mais de 33 mil [&hellip;]\" \/>\n<meta property=\"og:url\" content=\"https:\/\/jornalfatosenoticias.com.br\/index.php\/2022\/10\/27\/produtos-para-alisar-cabelo-quase-triplicam-o-risco-de-cancer-de-utero\/\" \/>\n<meta property=\"og:site_name\" content=\"Jornal Fatos e Not\u00edcias\" \/>\n<meta property=\"article:published_time\" content=\"2022-10-27T18:29:47+00:00\" \/>\n<meta property=\"article:modified_time\" content=\"2022-10-27T18:29:49+00:00\" \/>\n<meta property=\"og:image\" content=\"https:\/\/jornalfatosenoticias.com.br\/wp-content\/uploads\/2022\/10\/ALISANTE-cabelos.jpg\" \/>\n\t<meta property=\"og:image:width\" content=\"1000\" \/>\n\t<meta property=\"og:image:height\" content=\"666\" \/>\n\t<meta property=\"og:image:type\" content=\"image\/jpeg\" \/>\n<meta name=\"author\" content=\"Luzimara Fernandes\" \/>\n<meta name=\"twitter:card\" content=\"summary_large_image\" \/>\n<meta name=\"twitter:label1\" content=\"Escrito por\" \/>\n\t<meta name=\"twitter:data1\" content=\"Luzimara Fernandes\" \/>\n\t<meta name=\"twitter:label2\" content=\"Est. tempo de leitura\" \/>\n\t<meta name=\"twitter:data2\" content=\"3 minutos\" \/>\n<script type=\"application\/ld+json\" class=\"yoast-schema-graph\">{\"@context\":\"https:\/\/schema.org\",\"@graph\":[{\"@type\":\"Article\",\"@id\":\"https:\/\/jornalfatosenoticias.com.br\/index.php\/2022\/10\/27\/produtos-para-alisar-cabelo-quase-triplicam-o-risco-de-cancer-de-utero\/#article\",\"isPartOf\":{\"@id\":\"https:\/\/jornalfatosenoticias.com.br\/index.php\/2022\/10\/27\/produtos-para-alisar-cabelo-quase-triplicam-o-risco-de-cancer-de-utero\/\"},\"author\":{\"name\":\"Luzimara Fernandes\",\"@id\":\"https:\/\/jornalfatosenoticias.com.br\/#\/schema\/person\/d63837fa13ac8666eb9e74e0985d6f81\"},\"headline\":\"Produtos para alisar cabelo quase triplicam o risco de c\u00e2ncer de \u00fatero\",\"datePublished\":\"2022-10-27T18:29:47+00:00\",\"dateModified\":\"2022-10-27T18:29:49+00:00\",\"mainEntityOfPage\":{\"@id\":\"https:\/\/jornalfatosenoticias.com.br\/index.php\/2022\/10\/27\/produtos-para-alisar-cabelo-quase-triplicam-o-risco-de-cancer-de-utero\/\"},\"wordCount\":526,\"commentCount\":0,\"publisher\":{\"@id\":\"https:\/\/jornalfatosenoticias.com.br\/#organization\"},\"image\":{\"@id\":\"https:\/\/jornalfatosenoticias.com.br\/index.php\/2022\/10\/27\/produtos-para-alisar-cabelo-quase-triplicam-o-risco-de-cancer-de-utero\/#primaryimage\"},\"thumbnailUrl\":\"https:\/\/jornalfatosenoticias.com.br\/wp-content\/uploads\/2022\/10\/ALISANTE-cabelos.jpg\",\"keywords\":[\"cabelos\",\"c\u00e2ncer\",\"c\u00e2ncer de mama\",\"c\u00e2ncer uterino\",\"formol\"],\"articleSection\":[\"Sa\u00fade\"],\"inLanguage\":\"pt-BR\",\"potentialAction\":[{\"@type\":\"CommentAction\",\"name\":\"Comment\",\"target\":[\"https:\/\/jornalfatosenoticias.com.br\/index.php\/2022\/10\/27\/produtos-para-alisar-cabelo-quase-triplicam-o-risco-de-cancer-de-utero\/#respond\"]}]},{\"@type\":\"WebPage\",\"@id\":\"https:\/\/jornalfatosenoticias.com.br\/index.php\/2022\/10\/27\/produtos-para-alisar-cabelo-quase-triplicam-o-risco-de-cancer-de-utero\/\",\"url\":\"https:\/\/jornalfatosenoticias.com.br\/index.php\/2022\/10\/27\/produtos-para-alisar-cabelo-quase-triplicam-o-risco-de-cancer-de-utero\/\",\"name\":\"Produtos para alisar cabelo quase triplicam o risco de c\u00e2ncer de \u00fatero - Jornal Fatos e Not\u00edcias\",\"isPartOf\":{\"@id\":\"https:\/\/jornalfatosenoticias.com.br\/#website\"},\"primaryImageOfPage\":{\"@id\":\"https:\/\/jornalfatosenoticias.com.br\/index.php\/2022\/10\/27\/produtos-para-alisar-cabelo-quase-triplicam-o-risco-de-cancer-de-utero\/#primaryimage\"},\"image\":{\"@id\":\"https:\/\/jornalfatosenoticias.com.br\/index.php\/2022\/10\/27\/produtos-para-alisar-cabelo-quase-triplicam-o-risco-de-cancer-de-utero\/#primaryimage\"},\"thumbnailUrl\":\"https:\/\/jornalfatosenoticias.com.br\/wp-content\/uploads\/2022\/10\/ALISANTE-cabelos.jpg\",\"datePublished\":\"2022-10-27T18:29:47+00:00\",\"dateModified\":\"2022-10-27T18:29:49+00:00\",\"breadcrumb\":{\"@id\":\"https:\/\/jornalfatosenoticias.com.br\/index.php\/2022\/10\/27\/produtos-para-alisar-cabelo-quase-triplicam-o-risco-de-cancer-de-utero\/#breadcrumb\"},\"inLanguage\":\"pt-BR\",\"potentialAction\":[{\"@type\":\"ReadAction\",\"target\":[\"https:\/\/jornalfatosenoticias.com.br\/index.php\/2022\/10\/27\/produtos-para-alisar-cabelo-quase-triplicam-o-risco-de-cancer-de-utero\/\"]}]},{\"@type\":\"ImageObject\",\"inLanguage\":\"pt-BR\",\"@id\":\"https:\/\/jornalfatosenoticias.com.br\/index.php\/2022\/10\/27\/produtos-para-alisar-cabelo-quase-triplicam-o-risco-de-cancer-de-utero\/#primaryimage\",\"url\":\"https:\/\/jornalfatosenoticias.com.br\/wp-content\/uploads\/2022\/10\/ALISANTE-cabelos.jpg\",\"contentUrl\":\"https:\/\/jornalfatosenoticias.com.br\/wp-content\/uploads\/2022\/10\/ALISANTE-cabelos.jpg\",\"width\":1000,\"height\":666},{\"@type\":\"BreadcrumbList\",\"@id\":\"https:\/\/jornalfatosenoticias.com.br\/index.php\/2022\/10\/27\/produtos-para-alisar-cabelo-quase-triplicam-o-risco-de-cancer-de-utero\/#breadcrumb\",\"itemListElement\":[{\"@type\":\"ListItem\",\"position\":1,\"name\":\"In\u00edcio\",\"item\":\"https:\/\/jornalfatosenoticias.com.br\/\"},{\"@type\":\"ListItem\",\"position\":2,\"name\":\"Produtos para alisar cabelo quase triplicam o risco de c\u00e2ncer de \u00fatero\"}]},{\"@type\":\"WebSite\",\"@id\":\"https:\/\/jornalfatosenoticias.com.br\/#website\",\"url\":\"https:\/\/jornalfatosenoticias.com.br\/\",\"name\":\"Jornal Fatos e Not\u00edcias\",\"description\":\"Not\u00edcias em geral\",\"publisher\":{\"@id\":\"https:\/\/jornalfatosenoticias.com.br\/#organization\"},\"potentialAction\":[{\"@type\":\"SearchAction\",\"target\":{\"@type\":\"EntryPoint\",\"urlTemplate\":\"https:\/\/jornalfatosenoticias.com.br\/?s={search_term_string}\"},\"query-input\":{\"@type\":\"PropertyValueSpecification\",\"valueRequired\":true,\"valueName\":\"search_term_string\"}}],\"inLanguage\":\"pt-BR\"},{\"@type\":\"Organization\",\"@id\":\"https:\/\/jornalfatosenoticias.com.br\/#organization\",\"name\":\"Jornal Fatos e Not\u00edcias\",\"url\":\"https:\/\/jornalfatosenoticias.com.br\/\",\"logo\":{\"@type\":\"ImageObject\",\"inLanguage\":\"pt-BR\",\"@id\":\"https:\/\/jornalfatosenoticias.com.br\/#\/schema\/logo\/image\/\",\"url\":\"https:\/\/jornalfatosenoticias.com.br\/wp-content\/uploads\/2020\/02\/logo120.png\",\"contentUrl\":\"https:\/\/jornalfatosenoticias.com.br\/wp-content\/uploads\/2020\/02\/logo120.png\",\"width\":1227,\"height\":120,\"caption\":\"Jornal Fatos e Not\u00edcias\"},\"image\":{\"@id\":\"https:\/\/jornalfatosenoticias.com.br\/#\/schema\/logo\/image\/\"}},{\"@type\":\"Person\",\"@id\":\"https:\/\/jornalfatosenoticias.com.br\/#\/schema\/person\/d63837fa13ac8666eb9e74e0985d6f81\",\"name\":\"Luzimara Fernandes\",\"image\":{\"@type\":\"ImageObject\",\"inLanguage\":\"pt-BR\",\"@id\":\"https:\/\/jornalfatosenoticias.com.br\/#\/schema\/person\/image\/\",\"url\":\"https:\/\/jornalfatosenoticias.com.br\/wp-content\/uploads\/2025\/05\/EU_portal.jpg\",\"contentUrl\":\"https:\/\/jornalfatosenoticias.com.br\/wp-content\/uploads\/2025\/05\/EU_portal.jpg\",\"caption\":\"Luzimara Fernandes\"},\"description\":\"Jornalista MTB 2358-ES\",\"sameAs\":[\"https:\/\/jornalfatosenoticias.com.br\"],\"url\":\"https:\/\/jornalfatosenoticias.com.br\/index.php\/author\/luzimara\/\"}]}<\/script>\n<!-- \/ Yoast SEO plugin. -->","yoast_head_json":{"title":"Produtos para alisar cabelo quase triplicam o risco de c\u00e2ncer de \u00fatero - Jornal Fatos e Not\u00edcias","robots":{"index":"index","follow":"follow","max-snippet":"max-snippet:-1","max-image-preview":"max-image-preview:large","max-video-preview":"max-video-preview:-1"},"canonical":"https:\/\/jornalfatosenoticias.com.br\/index.php\/2022\/10\/27\/produtos-para-alisar-cabelo-quase-triplicam-o-risco-de-cancer-de-utero\/","og_locale":"pt_BR","og_type":"article","og_title":"Produtos para alisar cabelo quase triplicam o risco de c\u00e2ncer de \u00fatero - Jornal Fatos e Not\u00edcias","og_description":"Um estudo\u00a0realizado por pesquisadores do Instituto Nacional de Ci\u00eancias da Sa\u00fade Ambiental dos\u00a0EUA\u00a0(NIEHS) identificou uma liga\u00e7\u00e3o entre produtos qu\u00edmicos utilizados para alisar os cabelos e o c\u00e2ncer do colo do \u00fatero, tamb\u00e9m chamado de c\u00e2ncer cervical. A pesquisa, publicada no Journal of the National Cancer Institute, acompanhou por quase 11 anos mais de 33 mil [&hellip;]","og_url":"https:\/\/jornalfatosenoticias.com.br\/index.php\/2022\/10\/27\/produtos-para-alisar-cabelo-quase-triplicam-o-risco-de-cancer-de-utero\/","og_site_name":"Jornal Fatos e Not\u00edcias","article_published_time":"2022-10-27T18:29:47+00:00","article_modified_time":"2022-10-27T18:29:49+00:00","og_image":[{"width":1000,"height":666,"url":"https:\/\/jornalfatosenoticias.com.br\/wp-content\/uploads\/2022\/10\/ALISANTE-cabelos.jpg","type":"image\/jpeg"}],"author":"Luzimara Fernandes","twitter_card":"summary_large_image","twitter_misc":{"Escrito por":"Luzimara Fernandes","Est. tempo de leitura":"3 minutos"},"schema":{"@context":"https:\/\/schema.org","@graph":[{"@type":"Article","@id":"https:\/\/jornalfatosenoticias.com.br\/index.php\/2022\/10\/27\/produtos-para-alisar-cabelo-quase-triplicam-o-risco-de-cancer-de-utero\/#article","isPartOf":{"@id":"https:\/\/jornalfatosenoticias.com.br\/index.php\/2022\/10\/27\/produtos-para-alisar-cabelo-quase-triplicam-o-risco-de-cancer-de-utero\/"},"author":{"name":"Luzimara Fernandes","@id":"https:\/\/jornalfatosenoticias.com.br\/#\/schema\/person\/d63837fa13ac8666eb9e74e0985d6f81"},"headline":"Produtos para alisar cabelo quase triplicam o risco de c\u00e2ncer de \u00fatero","datePublished":"2022-10-27T18:29:47+00:00","dateModified":"2022-10-27T18:29:49+00:00","mainEntityOfPage":{"@id":"https:\/\/jornalfatosenoticias.com.br\/index.php\/2022\/10\/27\/produtos-para-alisar-cabelo-quase-triplicam-o-risco-de-cancer-de-utero\/"},"wordCount":526,"commentCount":0,"publisher":{"@id":"https:\/\/jornalfatosenoticias.com.br\/#organization"},"image":{"@id":"https:\/\/jornalfatosenoticias.com.br\/index.php\/2022\/10\/27\/produtos-para-alisar-cabelo-quase-triplicam-o-risco-de-cancer-de-utero\/#primaryimage"},"thumbnailUrl":"https:\/\/jornalfatosenoticias.com.br\/wp-content\/uploads\/2022\/10\/ALISANTE-cabelos.jpg","keywords":["cabelos","c\u00e2ncer","c\u00e2ncer de mama","c\u00e2ncer uterino","formol"],"articleSection":["Sa\u00fade"],"inLanguage":"pt-BR","potentialAction":[{"@type":"CommentAction","name":"Comment","target":["https:\/\/jornalfatosenoticias.com.br\/index.php\/2022\/10\/27\/produtos-para-alisar-cabelo-quase-triplicam-o-risco-de-cancer-de-utero\/#respond"]}]},{"@type":"WebPage","@id":"https:\/\/jornalfatosenoticias.com.br\/index.php\/2022\/10\/27\/produtos-para-alisar-cabelo-quase-triplicam-o-risco-de-cancer-de-utero\/","url":"https:\/\/jornalfatosenoticias.com.br\/index.php\/2022\/10\/27\/produtos-para-alisar-cabelo-quase-triplicam-o-risco-de-cancer-de-utero\/","name":"Produtos para alisar cabelo quase triplicam o risco de c\u00e2ncer de \u00fatero - Jornal Fatos e Not\u00edcias","isPartOf":{"@id":"https:\/\/jornalfatosenoticias.com.br\/#website"},"primaryImageOfPage":{"@id":"https:\/\/jornalfatosenoticias.com.br\/index.php\/2022\/10\/27\/produtos-para-alisar-cabelo-quase-triplicam-o-risco-de-cancer-de-utero\/#primaryimage"},"image":{"@id":"https:\/\/jornalfatosenoticias.com.br\/index.php\/2022\/10\/27\/produtos-para-alisar-cabelo-quase-triplicam-o-risco-de-cancer-de-utero\/#primaryimage"},"thumbnailUrl":"https:\/\/jornalfatosenoticias.com.br\/wp-content\/uploads\/2022\/10\/ALISANTE-cabelos.jpg","datePublished":"2022-10-27T18:29:47+00:00","dateModified":"2022-10-27T18:29:49+00:00","breadcrumb":{"@id":"https:\/\/jornalfatosenoticias.com.br\/index.php\/2022\/10\/27\/produtos-para-alisar-cabelo-quase-triplicam-o-risco-de-cancer-de-utero\/#breadcrumb"},"inLanguage":"pt-BR","potentialAction":[{"@type":"ReadAction","target":["https:\/\/jornalfatosenoticias.com.br\/index.php\/2022\/10\/27\/produtos-para-alisar-cabelo-quase-triplicam-o-risco-de-cancer-de-utero\/"]}]},{"@type":"ImageObject","inLanguage":"pt-BR","@id":"https:\/\/jornalfatosenoticias.com.br\/index.php\/2022\/10\/27\/produtos-para-alisar-cabelo-quase-triplicam-o-risco-de-cancer-de-utero\/#primaryimage","url":"https:\/\/jornalfatosenoticias.com.br\/wp-content\/uploads\/2022\/10\/ALISANTE-cabelos.jpg","contentUrl":"https:\/\/jornalfatosenoticias.com.br\/wp-content\/uploads\/2022\/10\/ALISANTE-cabelos.jpg","width":1000,"height":666},{"@type":"BreadcrumbList","@id":"https:\/\/jornalfatosenoticias.com.br\/index.php\/2022\/10\/27\/produtos-para-alisar-cabelo-quase-triplicam-o-risco-de-cancer-de-utero\/#breadcrumb","itemListElement":[{"@type":"ListItem","position":1,"name":"In\u00edcio","item":"https:\/\/jornalfatosenoticias.com.br\/"},{"@type":"ListItem","position":2,"name":"Produtos para alisar cabelo quase triplicam o risco de c\u00e2ncer de \u00fatero"}]},{"@type":"WebSite","@id":"https:\/\/jornalfatosenoticias.com.br\/#website","url":"https:\/\/jornalfatosenoticias.com.br\/","name":"Jornal Fatos e Not\u00edcias","description":"Not\u00edcias em geral","publisher":{"@id":"https:\/\/jornalfatosenoticias.com.br\/#organization"},"potentialAction":[{"@type":"SearchAction","target":{"@type":"EntryPoint","urlTemplate":"https:\/\/jornalfatosenoticias.com.br\/?s={search_term_string}"},"query-input":{"@type":"PropertyValueSpecification","valueRequired":true,"valueName":"search_term_string"}}],"inLanguage":"pt-BR"},{"@type":"Organization","@id":"https:\/\/jornalfatosenoticias.com.br\/#organization","name":"Jornal Fatos e Not\u00edcias","url":"https:\/\/jornalfatosenoticias.com.br\/","logo":{"@type":"ImageObject","inLanguage":"pt-BR","@id":"https:\/\/jornalfatosenoticias.com.br\/#\/schema\/logo\/image\/","url":"https:\/\/jornalfatosenoticias.com.br\/wp-content\/uploads\/2020\/02\/logo120.png","contentUrl":"https:\/\/jornalfatosenoticias.com.br\/wp-content\/uploads\/2020\/02\/logo120.png","width":1227,"height":120,"caption":"Jornal Fatos e Not\u00edcias"},"image":{"@id":"https:\/\/jornalfatosenoticias.com.br\/#\/schema\/logo\/image\/"}},{"@type":"Person","@id":"https:\/\/jornalfatosenoticias.com.br\/#\/schema\/person\/d63837fa13ac8666eb9e74e0985d6f81","name":"Luzimara Fernandes","image":{"@type":"ImageObject","inLanguage":"pt-BR","@id":"https:\/\/jornalfatosenoticias.com.br\/#\/schema\/person\/image\/","url":"https:\/\/jornalfatosenoticias.com.br\/wp-content\/uploads\/2025\/05\/EU_portal.jpg","contentUrl":"https:\/\/jornalfatosenoticias.com.br\/wp-content\/uploads\/2025\/05\/EU_portal.jpg","caption":"Luzimara Fernandes"},"description":"Jornalista MTB 2358-ES","sameAs":["https:\/\/jornalfatosenoticias.com.br"],"url":"https:\/\/jornalfatosenoticias.com.br\/index.php\/author\/luzimara\/"}]}},"cc_featured_image_caption":{"caption_text":"(Foto: Shutterstock\/Sruilk) ","source_text":"","source_url":""},"jetpack_featured_media_url":"https:\/\/jornalfatosenoticias.com.br\/wp-content\/uploads\/2022\/10\/ALISANTE-cabelos.jpg","_links":{"self":[{"href":"https:\/\/jornalfatosenoticias.com.br\/index.php\/wp-json\/wp\/v2\/posts\/35592","targetHints":{"allow":["GET"]}}],"collection":[{"href":"https:\/\/jornalfatosenoticias.com.br\/index.php\/wp-json\/wp\/v2\/posts"}],"about":[{"href":"https:\/\/jornalfatosenoticias.com.br\/index.php\/wp-json\/wp\/v2\/types\/post"}],"author":[{"embeddable":true,"href":"https:\/\/jornalfatosenoticias.com.br\/index.php\/wp-json\/wp\/v2\/users\/2"}],"replies":[{"embeddable":true,"href":"https:\/\/jornalfatosenoticias.com.br\/index.php\/wp-json\/wp\/v2\/comments?post=35592"}],"version-history":[{"count":0,"href":"https:\/\/jornalfatosenoticias.com.br\/index.php\/wp-json\/wp\/v2\/posts\/35592\/revisions"}],"wp:featuredmedia":[{"embeddable":true,"href":"https:\/\/jornalfatosenoticias.com.br\/index.php\/wp-json\/wp\/v2\/media\/35593"}],"wp:attachment":[{"href":"https:\/\/jornalfatosenoticias.com.br\/index.php\/wp-json\/wp\/v2\/media?parent=35592"}],"wp:term":[{"taxonomy":"category","embeddable":true,"href":"https:\/\/jornalfatosenoticias.com.br\/index.php\/wp-json\/wp\/v2\/categories?post=35592"},{"taxonomy":"post_tag","embeddable":true,"href":"https:\/\/jornalfatosenoticias.com.br\/index.php\/wp-json\/wp\/v2\/tags?post=35592"}],"curies":[{"name":"wp","href":"https:\/\/api.w.org\/{rel}","templated":true}]}}