{"id":35599,"date":"2022-10-27T15:49:03","date_gmt":"2022-10-27T18:49:03","guid":{"rendered":"https:\/\/jornalfatosenoticias.com.br\/?p=35599"},"modified":"2022-10-27T15:49:05","modified_gmt":"2022-10-27T18:49:05","slug":"por-que-jair-bolsonaro-encontra-tanta-resistencia-no-brasil","status":"publish","type":"post","link":"https:\/\/jornalfatosenoticias.com.br\/index.php\/2022\/10\/27\/por-que-jair-bolsonaro-encontra-tanta-resistencia-no-brasil\/","title":{"rendered":"Por que Jair Bolsonaro encontra tanta resist\u00eancia no Brasil?"},"content":{"rendered":"\n<p><em><span class=\"has-inline-color has-black-color\">Nenhum pol\u00edtico brasileiro \u00e9 t\u00e3o odiado pelo sistema quanto o presidente Bolsonaro<\/span><\/em><\/p>\n\n\n\n<p><em><span class=\"has-inline-color has-luminous-vivid-orange-color\"><strong>Coluna\u00a0<\/strong>\u2014 Na Minha Opini\u00e3o<\/span><\/em><\/p>\n\n\n\n<div class=\"wp-block-image\"><figure class=\"aligncenter size-large\"><img loading=\"lazy\" decoding=\"async\" width=\"1024\" height=\"110\" src=\"https:\/\/jornalfatosenoticias.com.br\/wp-content\/uploads\/2022\/10\/Arte-jornal-Zucchi-1120x120_Prancheta-1-1024x110.jpg\" alt=\"\" class=\"wp-image-34772\" srcset=\"https:\/\/jornalfatosenoticias.com.br\/wp-content\/uploads\/2022\/10\/Arte-jornal-Zucchi-1120x120_Prancheta-1-1024x110.jpg 1024w, https:\/\/jornalfatosenoticias.com.br\/wp-content\/uploads\/2022\/10\/Arte-jornal-Zucchi-1120x120_Prancheta-1-300x32.jpg 300w, https:\/\/jornalfatosenoticias.com.br\/wp-content\/uploads\/2022\/10\/Arte-jornal-Zucchi-1120x120_Prancheta-1-768x82.jpg 768w, https:\/\/jornalfatosenoticias.com.br\/wp-content\/uploads\/2022\/10\/Arte-jornal-Zucchi-1120x120_Prancheta-1-1536x165.jpg 1536w, https:\/\/jornalfatosenoticias.com.br\/wp-content\/uploads\/2022\/10\/Arte-jornal-Zucchi-1120x120_Prancheta-1-2048x219.jpg 2048w\" sizes=\"auto, (max-width: 1024px) 100vw, 1024px\" \/><\/figure><\/div>\n\n\n\n<p>Nenhum pol\u00edtico brasileiro \u00e9 t\u00e3o odiado pelo sistema quanto JAIR BOLSONARO e qual \u00e9 a resposta para t\u00e3o ferrenha oposi\u00e7\u00e3o? Por que JAIR BOLSONARO desperta no MECANISMO ESTRUTURAL chamado Brasil Pol\u00edtico, tanta resist\u00eancia?<\/p>\n\n\n\n<div class=\"wp-block-image\"><figure class=\"aligncenter size-large\"><img loading=\"lazy\" decoding=\"async\" width=\"300\" height=\"250\" src=\"https:\/\/jornalfatosenoticias.com.br\/wp-content\/uploads\/2022\/08\/arte-Casarao.jpg\" alt=\"\" class=\"wp-image-33178\"\/><\/figure><\/div>\n\n\n\n<p>A resposta \u00e9 simples, JAIR BOLSONARO sempre foi um pol\u00edtico antissistema, esbravejando contra tudo e contra todos, criticando os desvios e irregularidades do meio. Como Deputado Federal, era considerado do baixo clero, sem nenhuma influ\u00eancia no partido ou no Congresso Nacional. Em 27 anos aprovou somente dois projetos de lei, certamente porque n\u00e3o tinha influ\u00eancia suficiente para fazer andar qualquer proposta que apresentasse.<\/p>\n\n\n\n<div class=\"wp-block-image\"><figure class=\"aligncenter size-large\"><img decoding=\"async\" src=\"https:\/\/jornalfatosenoticias.com.br\/wp-content\/uploads\/2020\/02\/Serra-Grande-1024x160.png\" alt=\"\" class=\"wp-image-7836\"\/><\/figure><\/div>\n\n\n\n<p>Em 2018, com o Brasil afundado em corrup\u00e7\u00e3o produzida pelos governos petistas, escancarada pela Opera\u00e7\u00e3o Lava Jato, pelo Mensal\u00e3o, pelo Petrol\u00e3o, pelas Pedaladas fiscais, pelo Rombo no BNDES, pelos empr\u00e9stimos para Ditaduras de Esquerda, e tantos outros esquemas de desvios, surgiu o candidato a Presidente da Rep\u00fablica JAIR BOLSONARO.<\/p>\n\n\n\n<div class=\"wp-block-image\"><figure class=\"aligncenter size-large is-resized\"><img loading=\"lazy\" decoding=\"async\" src=\"https:\/\/jornalfatosenoticias.com.br\/wp-content\/uploads\/2020\/02\/casa-do-torresmo_portal.jpg\" alt=\"\" class=\"wp-image-34472\" width=\"233\" height=\"233\" srcset=\"https:\/\/jornalfatosenoticias.com.br\/wp-content\/uploads\/2020\/02\/casa-do-torresmo_portal.jpg 300w, https:\/\/jornalfatosenoticias.com.br\/wp-content\/uploads\/2020\/02\/casa-do-torresmo_portal-150x150.jpg 150w\" sizes=\"auto, (max-width: 233px) 100vw, 233px\" \/><\/figure><\/div>\n\n\n\n<p>Sem tempo de televis\u00e3o, inicialmente sem partido, depois pelo desconhecido PSL, sem fundo eleitoral, com poucos recursos, JAIR BOLSONARO ganhou do candidato FERNANDO HADDAD, maldosamente cognominado por alguns como \u201cO Poste do Lula\u201d.<\/p>\n\n\n\n<div class=\"wp-block-image\"><figure class=\"aligncenter size-large\"><img loading=\"lazy\" decoding=\"async\" width=\"1024\" height=\"100\" src=\"https:\/\/jornalfatosenoticias.com.br\/wp-content\/uploads\/2022\/05\/NOVA-LOGO-CESCONETTO-1024x100.jpg\" alt=\"\" class=\"wp-image-30792\" srcset=\"https:\/\/jornalfatosenoticias.com.br\/wp-content\/uploads\/2022\/05\/NOVA-LOGO-CESCONETTO-1024x100.jpg 1024w, https:\/\/jornalfatosenoticias.com.br\/wp-content\/uploads\/2022\/05\/NOVA-LOGO-CESCONETTO-300x29.jpg 300w, https:\/\/jornalfatosenoticias.com.br\/wp-content\/uploads\/2022\/05\/NOVA-LOGO-CESCONETTO-768x75.jpg 768w, https:\/\/jornalfatosenoticias.com.br\/wp-content\/uploads\/2022\/05\/NOVA-LOGO-CESCONETTO.jpg 1280w\" sizes=\"auto, (max-width: 1024px) 100vw, 1024px\" \/><\/figure><\/div>\n\n\n\n<p>No governo acabou com os esquemas de troca de cargos por apoio pol\u00edtico, que foram a raz\u00e3o para o Mensal\u00e3o e o Petrol\u00e3o, nomeou Ministros de Estados t\u00e9cnicos, n\u00e3o fez interfer\u00eancia na Petrobras, est\u00e1 transformando o modal de transportes do Pa\u00eds, concluiu as obras da transposi\u00e7\u00e3o do Rio S\u00e3o Francisco, reduziu a taxa de desemprego, mesmo tendo enfrentado uma pandemia e a guerra R\u00fassia X Ucr\u00e2nia.<\/p>\n\n\n\n<div class=\"wp-block-image\"><figure class=\"aligncenter size-large is-resized\"><img loading=\"lazy\" decoding=\"async\" src=\"https:\/\/jornalfatosenoticias.com.br\/wp-content\/uploads\/2022\/07\/Logo-Grupo-SEI.jpg\" alt=\"\" class=\"wp-image-31973\" width=\"315\" height=\"165\" srcset=\"https:\/\/jornalfatosenoticias.com.br\/wp-content\/uploads\/2022\/07\/Logo-Grupo-SEI.jpg 713w, https:\/\/jornalfatosenoticias.com.br\/wp-content\/uploads\/2022\/07\/Logo-Grupo-SEI-300x158.jpg 300w\" sizes=\"auto, (max-width: 315px) 100vw, 315px\" \/><\/figure><\/div>\n\n\n\n<p>Por\u00e9m, carrega bandeiras que, se por um lado lhe trazem grande n\u00famero de apoiadores, por outro lado desperta uma aguerrida oposi\u00e7\u00e3o. Ele sempre criticou a imprensa e os ve\u00edculos de comunica\u00e7\u00e3o de massa, que sobreviviam \u00e0s custas do dinheiro p\u00fablico, com recursos federais destinados a propaganda, financiamento de projetos art\u00edsticos, etc. Isso lhe rendeu uma oposi\u00e7\u00e3o enfurecida por parte dos canais de televis\u00e3o, jornalistas, artistas, na sua grande maioria.<\/p>\n\n\n\n<div class=\"wp-block-image\"><figure class=\"aligncenter size-large\"><img loading=\"lazy\" decoding=\"async\" width=\"1024\" height=\"111\" src=\"https:\/\/jornalfatosenoticias.com.br\/wp-content\/uploads\/2020\/02\/WhatsApp-Image-2022-09-23-at-12.09.18-1024x111.jpeg\" alt=\"\" class=\"wp-image-34527\" srcset=\"https:\/\/jornalfatosenoticias.com.br\/wp-content\/uploads\/2020\/02\/WhatsApp-Image-2022-09-23-at-12.09.18-1024x111.jpeg 1024w, https:\/\/jornalfatosenoticias.com.br\/wp-content\/uploads\/2020\/02\/WhatsApp-Image-2022-09-23-at-12.09.18-300x32.jpeg 300w, https:\/\/jornalfatosenoticias.com.br\/wp-content\/uploads\/2020\/02\/WhatsApp-Image-2022-09-23-at-12.09.18-768x83.jpeg 768w, https:\/\/jornalfatosenoticias.com.br\/wp-content\/uploads\/2020\/02\/WhatsApp-Image-2022-09-23-at-12.09.18.jpeg 1121w\" sizes=\"auto, (max-width: 1024px) 100vw, 1024px\" \/><\/figure><\/div>\n\n\n\n<p>Ao falar de DEUS ele \u00e9 acusado de usar a f\u00e9 para ganhar votos. Para os cr\u00edticos n\u00e3o importa saber que BOLSONARO durante todo o seu mandato sempre manteve estreita liga\u00e7\u00e3o com os crist\u00e3os.<\/p>\n\n\n\n<div class=\"wp-block-image\"><figure class=\"alignleft size-large is-resized\"><img loading=\"lazy\" decoding=\"async\" src=\"https:\/\/jornalfatosenoticias.com.br\/wp-content\/uploads\/2020\/02\/logo_esteio.jpg\" alt=\"\" class=\"wp-image-1214\" width=\"283\" height=\"236\"\/><\/figure><\/div>\n\n\n\n<p>Ao defender a fam\u00edlia, ele encontra forte oposi\u00e7\u00e3o da classe art\u00edstica que, pela irrever\u00eancia que \u00e9 pr\u00f3pria deste seguimento, recha\u00e7a qualquer ideia ligada ao CONSERVADORISMO. Ao trazer de volta o apre\u00e7o por nossa bandeira e s\u00edmbolos patri\u00f3ticos, acusam-no de estar subtraindo a bandeira, datas festivas, hino e s\u00edmbolos nacionais, como se isso n\u00e3o fosse patrim\u00f4nio de todos os brasileiros. Na verdade, a oposi\u00e7\u00e3o a tudo isso \u00e9 gerada pelo forte apego que os ESQUERDISTAS sempre nutriram pela forma\u00e7\u00e3o de uma comunidade latina de na\u00e7\u00f5es.<\/p>\n\n\n\n<div class=\"wp-block-image\"><figure class=\"aligncenter size-large\"><img loading=\"lazy\" decoding=\"async\" width=\"560\" height=\"60\" src=\"https:\/\/jornalfatosenoticias.com.br\/wp-content\/uploads\/2022\/10\/Propaganda-RC-Radiadores-Jornal_page-0001.jpg\" alt=\"\" class=\"wp-image-35270\" srcset=\"https:\/\/jornalfatosenoticias.com.br\/wp-content\/uploads\/2022\/10\/Propaganda-RC-Radiadores-Jornal_page-0001.jpg 560w, https:\/\/jornalfatosenoticias.com.br\/wp-content\/uploads\/2022\/10\/Propaganda-RC-Radiadores-Jornal_page-0001-300x32.jpg 300w\" sizes=\"auto, (max-width: 560px) 100vw, 560px\" \/><\/figure><\/div>\n\n\n\n<p>Ao questionar as sofr\u00edveis decis\u00f5es da Suprema Corte, muitos se levantam contra o Presidente, acusando-o de ser Ditador, Fascista, antidemocr\u00e1tico, sem fazer qualquer an\u00e1lise do conte\u00fado das decis\u00f5es, pois, para esse grupo, se \u00e9 contra BOLSONARO, eles tamb\u00e9m s\u00e3o contra.<\/p>\n\n\n\n<div class=\"wp-block-image\"><figure class=\"aligncenter size-large is-resized\"><img loading=\"lazy\" decoding=\"async\" src=\"https:\/\/jornalfatosenoticias.com.br\/wp-content\/uploads\/2020\/02\/nova-logo-Marquetti.jpg\" alt=\"\" class=\"wp-image-22331\" width=\"270\" height=\"181\" srcset=\"https:\/\/jornalfatosenoticias.com.br\/wp-content\/uploads\/2020\/02\/nova-logo-Marquetti.jpg 643w, https:\/\/jornalfatosenoticias.com.br\/wp-content\/uploads\/2020\/02\/nova-logo-Marquetti-300x202.jpg 300w\" sizes=\"auto, (max-width: 270px) 100vw, 270px\" \/><\/figure><\/div>\n\n\n\n<p>A impress\u00e3o que tenho \u00e9 de estar vendo, na pr\u00e1tica, a execu\u00e7\u00e3o da fala da ex-Presidente DILMA RUSSEF, no 1\u00ba F\u00f3rum de Pensamentos Mundial de Cr\u00edtico, realizado na cidade de Buenos Aires, na Argentina, em 19\/01\/2018, onde disse: \u201cA gente far\u00e1 alian\u00e7a at\u00e9 com o diabo para combat\u00ea-los\u201d.<\/p>\n\n\n\n<div class=\"wp-block-image\"><figure class=\"aligncenter size-large\"><img loading=\"lazy\" decoding=\"async\" width=\"729\" height=\"90\" src=\"https:\/\/jornalfatosenoticias.com.br\/wp-content\/uploads\/2020\/02\/Logo_Mizu.png\" alt=\"\" class=\"wp-image-1441\" srcset=\"https:\/\/jornalfatosenoticias.com.br\/wp-content\/uploads\/2020\/02\/Logo_Mizu.png 729w, https:\/\/jornalfatosenoticias.com.br\/wp-content\/uploads\/2020\/02\/Logo_Mizu-300x37.png 300w\" sizes=\"auto, (max-width: 729px) 100vw, 729px\" \/><\/figure><\/div>\n\n\n\n<p>Nessa elei\u00e7\u00e3o estamos vendo o BRASIL POL\u00cdTICO, com seu MECANISMO ESTRUTURAL, organizado em prol da derrota de JAIR BOLSONARO. Todas as armas legais e ilegais est\u00e3o sendo usadas nesse projeto para eleger LUIZ IN\u00c1CIO LULA DA SILVA, porque viram Nele o candidato que teria melhores condi\u00e7\u00f5es de ganhar de JAIR BOLSONARO.<\/p>\n\n\n\n<div class=\"wp-block-image\"><figure class=\"aligncenter size-large is-resized\"><img loading=\"lazy\" decoding=\"async\" src=\"https:\/\/jornalfatosenoticias.com.br\/wp-content\/uploads\/2022\/08\/logo-locau-veiculos-1024x573.png\" alt=\"\" class=\"wp-image-33078\" width=\"256\" height=\"143\"\/><\/figure><\/div>\n\n\n\n<p>Primeiro tiraram LULA da pris\u00e3o, depois cancelaram suas condena\u00e7\u00f5es, veio o apoio da maior parcela da m\u00eddia brasileira, os institutos de pesquisa erram sempre contra BOLSONARO, as decis\u00f5es do Tribunal Superior Eleitoral s\u00e3o baseadas em crit\u00e9rios puramente subjetivos, na sua maioria desfavor\u00e1veis ao Presidente.<\/p>\n\n\n\n<div class=\"wp-block-image\"><figure class=\"aligncenter size-large\"><img loading=\"lazy\" decoding=\"async\" width=\"1024\" height=\"103\" src=\"https:\/\/jornalfatosenoticias.com.br\/wp-content\/uploads\/2022\/02\/Arte-Autoescola-Galatas_endereco_portal-1024x103.png\" alt=\"\" class=\"wp-image-27869\" srcset=\"https:\/\/jornalfatosenoticias.com.br\/wp-content\/uploads\/2022\/02\/Arte-Autoescola-Galatas_endereco_portal-1024x103.png 1024w, https:\/\/jornalfatosenoticias.com.br\/wp-content\/uploads\/2022\/02\/Arte-Autoescola-Galatas_endereco_portal-300x30.png 300w, https:\/\/jornalfatosenoticias.com.br\/wp-content\/uploads\/2022\/02\/Arte-Autoescola-Galatas_endereco_portal-768x77.png 768w, https:\/\/jornalfatosenoticias.com.br\/wp-content\/uploads\/2022\/02\/Arte-Autoescola-Galatas_endereco_portal.png 1223w\" sizes=\"auto, (max-width: 1024px) 100vw, 1024px\" \/><\/figure><\/div>\n\n\n\n<p>Dito tudo isso fica a pergunta: Ser\u00e1 que o MECANISMO ESTRUTURAL vai subjugar a opini\u00e3o social e deturpar os fatos a ponto de levar os eleitores a escolher um governo marcado por esc\u00e2ndalos de corrup\u00e7\u00e3o, barganhas de cargos por apoio pol\u00edtico, desvio de dinheiro para dentro e fora do Pa\u00eds?<\/p>\n\n\n\n<div class=\"wp-block-image\"><figure class=\"aligncenter size-large is-resized\"><img loading=\"lazy\" decoding=\"async\" src=\"https:\/\/jornalfatosenoticias.com.br\/wp-content\/uploads\/2020\/02\/logo-clinica-limoeiro.jpg\" alt=\"\" class=\"wp-image-34610\" width=\"251\" height=\"178\"\/><\/figure><\/div>\n\n\n\n<p>Como sou crist\u00e3o e acredito no poder soberano de DEUS, n\u00e3o posso descartar o fato de que existe a vontade permissiva e a vontade ativa de JESUS CRISTO. Ou seja, mesmo n\u00e3o sendo o que DEUS quer, uma autoridade pol\u00edtica pode ser eleita. Mas existe tamb\u00e9m a vontade ativa de DEUS, onde ele age para concretizar os planos dEle.<\/p>\n\n\n\n<div class=\"wp-block-image\"><figure class=\"aligncenter size-large\"><img decoding=\"async\" src=\"https:\/\/jornalfatosenoticias.com.br\/wp-content\/uploads\/2020\/02\/logo-embacia-1-1024x110.jpg\" alt=\"\" class=\"wp-image-33954\"\/><\/figure><\/div>\n\n\n\n<p>Por que digo que a elei\u00e7\u00e3o de LULA seria a manifesta\u00e7\u00e3o da vontade permissiva de DEUS? Por que todos os indicadores foram constru\u00eddos para favorecer esse candidato, sejam as pesquisas, seja o apoio do sistema judici\u00e1rio, seja o apoio das m\u00eddias, seja o apoio de parte da classe art\u00edstica formadora de opini\u00e3o.<br>Se LULA ganhar n\u00e3o ser\u00e1 novidade, e acredito que estaremos diante da vontade permissiva de DEUS. Se GOLIAS tivesse vencido DAVI n\u00e3o seria nada sobrenatural.<\/p>\n\n\n\n<div class=\"wp-block-image\"><figure class=\"aligncenter size-large is-resized\"><img loading=\"lazy\" decoding=\"async\" src=\"https:\/\/jornalfatosenoticias.com.br\/wp-content\/uploads\/2022\/02\/Precisao-Contabilidade-1024x724.jpg\" alt=\"\" class=\"wp-image-28088\" width=\"293\" height=\"207\"\/><\/figure><\/div>\n\n\n\n<p>Por isso, tenho pedido a DEUS que nos alcance com a sua gra\u00e7a, para que o agir dEle se manifeste no dia 30\/10\/2022. Assim, eu verei a a\u00e7\u00e3o de DEUS mudando os destinos dessa na\u00e7\u00e3o. Fazendo o fraco vencer o forte, o humilhado ser exaltado, para que toda honra e toda gl\u00f3ria sejam dadas a JESUS e somente a Ele.<\/p>\n\n\n\n<div class=\"wp-block-image is-style-rounded\"><figure class=\"alignleft size-large is-resized\"><img loading=\"lazy\" decoding=\"async\" src=\"https:\/\/jornalfatosenoticias.com.br\/wp-content\/uploads\/2022\/03\/delegado_Marcio2-removebg-preview.png\" alt=\"\" class=\"wp-image-28454\" width=\"207\" height=\"201\" srcset=\"https:\/\/jornalfatosenoticias.com.br\/wp-content\/uploads\/2022\/03\/delegado_Marcio2-removebg-preview.png 507w, https:\/\/jornalfatosenoticias.com.br\/wp-content\/uploads\/2022\/03\/delegado_Marcio2-removebg-preview-300x291.png 300w\" sizes=\"auto, (max-width: 207px) 100vw, 207px\" \/><figcaption><span class=\"has-inline-color has-black-color\"><strong><em>Delegado Federal M\u00e1rcio Greik<\/em><\/strong><br><\/span><br><\/figcaption><\/figure><\/div>\n","protected":false},"excerpt":{"rendered":"<p>Nenhum pol\u00edtico brasileiro \u00e9 t\u00e3o odiado pelo sistema quanto o presidente Bolsonaro Coluna\u00a0\u2014 Na Minha Opini\u00e3o Nenhum pol\u00edtico brasileiro \u00e9 t\u00e3o odiado pelo sistema quanto JAIR BOLSONARO e qual \u00e9 a resposta para t\u00e3o ferrenha oposi\u00e7\u00e3o? Por que JAIR BOLSONARO desperta no MECANISMO ESTRUTURAL chamado Brasil Pol\u00edtico, tanta resist\u00eancia? A resposta \u00e9 simples, JAIR BOLSONARO [&hellip;]<\/p>\n","protected":false},"author":2,"featured_media":35600,"comment_status":"open","ping_status":"open","sticky":false,"template":"","format":"standard","meta":{"footnotes":""},"categories":[10],"tags":[597,1795,16707],"class_list":["post-35599","post","type-post","status-publish","format-standard","has-post-thumbnail","hentry","category-politica","tag-brasil","tag-jair-bolsonaro","tag-sistema-corrupto"],"yoast_head":"<!-- This site is optimized with the Yoast SEO plugin v26.5 - https:\/\/yoast.com\/wordpress\/plugins\/seo\/ -->\n<title>Por que Jair Bolsonaro encontra tanta resist\u00eancia no Brasil? - Jornal Fatos e Not\u00edcias<\/title>\n<meta name=\"robots\" content=\"index, follow, max-snippet:-1, max-image-preview:large, max-video-preview:-1\" \/>\n<link rel=\"canonical\" href=\"https:\/\/jornalfatosenoticias.com.br\/index.php\/2022\/10\/27\/por-que-jair-bolsonaro-encontra-tanta-resistencia-no-brasil\/\" \/>\n<meta property=\"og:locale\" content=\"pt_BR\" \/>\n<meta property=\"og:type\" content=\"article\" \/>\n<meta property=\"og:title\" content=\"Por que Jair Bolsonaro encontra tanta resist\u00eancia no Brasil? - Jornal Fatos e Not\u00edcias\" \/>\n<meta property=\"og:description\" content=\"Nenhum pol\u00edtico brasileiro \u00e9 t\u00e3o odiado pelo sistema quanto o presidente Bolsonaro Coluna\u00a0\u2014 Na Minha Opini\u00e3o Nenhum pol\u00edtico brasileiro \u00e9 t\u00e3o odiado pelo sistema quanto JAIR BOLSONARO e qual \u00e9 a resposta para t\u00e3o ferrenha oposi\u00e7\u00e3o? Por que JAIR BOLSONARO desperta no MECANISMO ESTRUTURAL chamado Brasil Pol\u00edtico, tanta resist\u00eancia? A resposta \u00e9 simples, JAIR BOLSONARO [&hellip;]\" \/>\n<meta property=\"og:url\" content=\"https:\/\/jornalfatosenoticias.com.br\/index.php\/2022\/10\/27\/por-que-jair-bolsonaro-encontra-tanta-resistencia-no-brasil\/\" \/>\n<meta property=\"og:site_name\" content=\"Jornal Fatos e Not\u00edcias\" \/>\n<meta property=\"article:published_time\" content=\"2022-10-27T18:49:03+00:00\" \/>\n<meta property=\"article:modified_time\" content=\"2022-10-27T18:49:05+00:00\" \/>\n<meta property=\"og:image\" content=\"https:\/\/jornalfatosenoticias.com.br\/wp-content\/uploads\/2022\/10\/bolsonaro-e-nove-dedos-eleicoes-2022-pesquisas-eleitorais.jpg\" \/>\n\t<meta property=\"og:image:width\" content=\"1000\" \/>\n\t<meta property=\"og:image:height\" content=\"562\" \/>\n\t<meta property=\"og:image:type\" content=\"image\/jpeg\" \/>\n<meta name=\"author\" content=\"Luzimara Fernandes\" \/>\n<meta name=\"twitter:card\" content=\"summary_large_image\" \/>\n<meta name=\"twitter:label1\" content=\"Escrito por\" \/>\n\t<meta name=\"twitter:data1\" content=\"Luzimara Fernandes\" \/>\n\t<meta name=\"twitter:label2\" content=\"Est. tempo de leitura\" \/>\n\t<meta name=\"twitter:data2\" content=\"5 minutos\" \/>\n<script type=\"application\/ld+json\" class=\"yoast-schema-graph\">{\"@context\":\"https:\/\/schema.org\",\"@graph\":[{\"@type\":\"Article\",\"@id\":\"https:\/\/jornalfatosenoticias.com.br\/index.php\/2022\/10\/27\/por-que-jair-bolsonaro-encontra-tanta-resistencia-no-brasil\/#article\",\"isPartOf\":{\"@id\":\"https:\/\/jornalfatosenoticias.com.br\/index.php\/2022\/10\/27\/por-que-jair-bolsonaro-encontra-tanta-resistencia-no-brasil\/\"},\"author\":{\"name\":\"Luzimara Fernandes\",\"@id\":\"https:\/\/jornalfatosenoticias.com.br\/#\/schema\/person\/d63837fa13ac8666eb9e74e0985d6f81\"},\"headline\":\"Por que Jair Bolsonaro encontra tanta resist\u00eancia no Brasil?\",\"datePublished\":\"2022-10-27T18:49:03+00:00\",\"dateModified\":\"2022-10-27T18:49:05+00:00\",\"mainEntityOfPage\":{\"@id\":\"https:\/\/jornalfatosenoticias.com.br\/index.php\/2022\/10\/27\/por-que-jair-bolsonaro-encontra-tanta-resistencia-no-brasil\/\"},\"wordCount\":987,\"commentCount\":0,\"publisher\":{\"@id\":\"https:\/\/jornalfatosenoticias.com.br\/#organization\"},\"image\":{\"@id\":\"https:\/\/jornalfatosenoticias.com.br\/index.php\/2022\/10\/27\/por-que-jair-bolsonaro-encontra-tanta-resistencia-no-brasil\/#primaryimage\"},\"thumbnailUrl\":\"https:\/\/jornalfatosenoticias.com.br\/wp-content\/uploads\/2022\/10\/bolsonaro-e-nove-dedos-eleicoes-2022-pesquisas-eleitorais.jpg\",\"keywords\":[\"Brasil\",\"Jair Bolsonaro\",\"sistema corrupto\"],\"articleSection\":[\"Pol\u00edtica\"],\"inLanguage\":\"pt-BR\",\"potentialAction\":[{\"@type\":\"CommentAction\",\"name\":\"Comment\",\"target\":[\"https:\/\/jornalfatosenoticias.com.br\/index.php\/2022\/10\/27\/por-que-jair-bolsonaro-encontra-tanta-resistencia-no-brasil\/#respond\"]}]},{\"@type\":\"WebPage\",\"@id\":\"https:\/\/jornalfatosenoticias.com.br\/index.php\/2022\/10\/27\/por-que-jair-bolsonaro-encontra-tanta-resistencia-no-brasil\/\",\"url\":\"https:\/\/jornalfatosenoticias.com.br\/index.php\/2022\/10\/27\/por-que-jair-bolsonaro-encontra-tanta-resistencia-no-brasil\/\",\"name\":\"Por que Jair Bolsonaro encontra tanta resist\u00eancia no Brasil? - Jornal Fatos e Not\u00edcias\",\"isPartOf\":{\"@id\":\"https:\/\/jornalfatosenoticias.com.br\/#website\"},\"primaryImageOfPage\":{\"@id\":\"https:\/\/jornalfatosenoticias.com.br\/index.php\/2022\/10\/27\/por-que-jair-bolsonaro-encontra-tanta-resistencia-no-brasil\/#primaryimage\"},\"image\":{\"@id\":\"https:\/\/jornalfatosenoticias.com.br\/index.php\/2022\/10\/27\/por-que-jair-bolsonaro-encontra-tanta-resistencia-no-brasil\/#primaryimage\"},\"thumbnailUrl\":\"https:\/\/jornalfatosenoticias.com.br\/wp-content\/uploads\/2022\/10\/bolsonaro-e-nove-dedos-eleicoes-2022-pesquisas-eleitorais.jpg\",\"datePublished\":\"2022-10-27T18:49:03+00:00\",\"dateModified\":\"2022-10-27T18:49:05+00:00\",\"breadcrumb\":{\"@id\":\"https:\/\/jornalfatosenoticias.com.br\/index.php\/2022\/10\/27\/por-que-jair-bolsonaro-encontra-tanta-resistencia-no-brasil\/#breadcrumb\"},\"inLanguage\":\"pt-BR\",\"potentialAction\":[{\"@type\":\"ReadAction\",\"target\":[\"https:\/\/jornalfatosenoticias.com.br\/index.php\/2022\/10\/27\/por-que-jair-bolsonaro-encontra-tanta-resistencia-no-brasil\/\"]}]},{\"@type\":\"ImageObject\",\"inLanguage\":\"pt-BR\",\"@id\":\"https:\/\/jornalfatosenoticias.com.br\/index.php\/2022\/10\/27\/por-que-jair-bolsonaro-encontra-tanta-resistencia-no-brasil\/#primaryimage\",\"url\":\"https:\/\/jornalfatosenoticias.com.br\/wp-content\/uploads\/2022\/10\/bolsonaro-e-nove-dedos-eleicoes-2022-pesquisas-eleitorais.jpg\",\"contentUrl\":\"https:\/\/jornalfatosenoticias.com.br\/wp-content\/uploads\/2022\/10\/bolsonaro-e-nove-dedos-eleicoes-2022-pesquisas-eleitorais.jpg\",\"width\":1000,\"height\":562},{\"@type\":\"BreadcrumbList\",\"@id\":\"https:\/\/jornalfatosenoticias.com.br\/index.php\/2022\/10\/27\/por-que-jair-bolsonaro-encontra-tanta-resistencia-no-brasil\/#breadcrumb\",\"itemListElement\":[{\"@type\":\"ListItem\",\"position\":1,\"name\":\"In\u00edcio\",\"item\":\"https:\/\/jornalfatosenoticias.com.br\/\"},{\"@type\":\"ListItem\",\"position\":2,\"name\":\"Por que Jair Bolsonaro encontra tanta resist\u00eancia no Brasil?\"}]},{\"@type\":\"WebSite\",\"@id\":\"https:\/\/jornalfatosenoticias.com.br\/#website\",\"url\":\"https:\/\/jornalfatosenoticias.com.br\/\",\"name\":\"Jornal Fatos e Not\u00edcias\",\"description\":\"Not\u00edcias em geral\",\"publisher\":{\"@id\":\"https:\/\/jornalfatosenoticias.com.br\/#organization\"},\"potentialAction\":[{\"@type\":\"SearchAction\",\"target\":{\"@type\":\"EntryPoint\",\"urlTemplate\":\"https:\/\/jornalfatosenoticias.com.br\/?s={search_term_string}\"},\"query-input\":{\"@type\":\"PropertyValueSpecification\",\"valueRequired\":true,\"valueName\":\"search_term_string\"}}],\"inLanguage\":\"pt-BR\"},{\"@type\":\"Organization\",\"@id\":\"https:\/\/jornalfatosenoticias.com.br\/#organization\",\"name\":\"Jornal Fatos e Not\u00edcias\",\"url\":\"https:\/\/jornalfatosenoticias.com.br\/\",\"logo\":{\"@type\":\"ImageObject\",\"inLanguage\":\"pt-BR\",\"@id\":\"https:\/\/jornalfatosenoticias.com.br\/#\/schema\/logo\/image\/\",\"url\":\"https:\/\/jornalfatosenoticias.com.br\/wp-content\/uploads\/2020\/02\/logo120.png\",\"contentUrl\":\"https:\/\/jornalfatosenoticias.com.br\/wp-content\/uploads\/2020\/02\/logo120.png\",\"width\":1227,\"height\":120,\"caption\":\"Jornal Fatos e Not\u00edcias\"},\"image\":{\"@id\":\"https:\/\/jornalfatosenoticias.com.br\/#\/schema\/logo\/image\/\"}},{\"@type\":\"Person\",\"@id\":\"https:\/\/jornalfatosenoticias.com.br\/#\/schema\/person\/d63837fa13ac8666eb9e74e0985d6f81\",\"name\":\"Luzimara Fernandes\",\"image\":{\"@type\":\"ImageObject\",\"inLanguage\":\"pt-BR\",\"@id\":\"https:\/\/jornalfatosenoticias.com.br\/#\/schema\/person\/image\/\",\"url\":\"https:\/\/jornalfatosenoticias.com.br\/wp-content\/uploads\/2025\/05\/EU_portal.jpg\",\"contentUrl\":\"https:\/\/jornalfatosenoticias.com.br\/wp-content\/uploads\/2025\/05\/EU_portal.jpg\",\"caption\":\"Luzimara Fernandes\"},\"description\":\"Jornalista MTB 2358-ES\",\"sameAs\":[\"https:\/\/jornalfatosenoticias.com.br\"],\"url\":\"https:\/\/jornalfatosenoticias.com.br\/index.php\/author\/luzimara\/\"}]}<\/script>\n<!-- \/ Yoast SEO plugin. -->","yoast_head_json":{"title":"Por que Jair Bolsonaro encontra tanta resist\u00eancia no Brasil? - Jornal Fatos e Not\u00edcias","robots":{"index":"index","follow":"follow","max-snippet":"max-snippet:-1","max-image-preview":"max-image-preview:large","max-video-preview":"max-video-preview:-1"},"canonical":"https:\/\/jornalfatosenoticias.com.br\/index.php\/2022\/10\/27\/por-que-jair-bolsonaro-encontra-tanta-resistencia-no-brasil\/","og_locale":"pt_BR","og_type":"article","og_title":"Por que Jair Bolsonaro encontra tanta resist\u00eancia no Brasil? - Jornal Fatos e Not\u00edcias","og_description":"Nenhum pol\u00edtico brasileiro \u00e9 t\u00e3o odiado pelo sistema quanto o presidente Bolsonaro Coluna\u00a0\u2014 Na Minha Opini\u00e3o Nenhum pol\u00edtico brasileiro \u00e9 t\u00e3o odiado pelo sistema quanto JAIR BOLSONARO e qual \u00e9 a resposta para t\u00e3o ferrenha oposi\u00e7\u00e3o? Por que JAIR BOLSONARO desperta no MECANISMO ESTRUTURAL chamado Brasil Pol\u00edtico, tanta resist\u00eancia? A resposta \u00e9 simples, JAIR BOLSONARO [&hellip;]","og_url":"https:\/\/jornalfatosenoticias.com.br\/index.php\/2022\/10\/27\/por-que-jair-bolsonaro-encontra-tanta-resistencia-no-brasil\/","og_site_name":"Jornal Fatos e Not\u00edcias","article_published_time":"2022-10-27T18:49:03+00:00","article_modified_time":"2022-10-27T18:49:05+00:00","og_image":[{"width":1000,"height":562,"url":"https:\/\/jornalfatosenoticias.com.br\/wp-content\/uploads\/2022\/10\/bolsonaro-e-nove-dedos-eleicoes-2022-pesquisas-eleitorais.jpg","type":"image\/jpeg"}],"author":"Luzimara Fernandes","twitter_card":"summary_large_image","twitter_misc":{"Escrito por":"Luzimara Fernandes","Est. tempo de leitura":"5 minutos"},"schema":{"@context":"https:\/\/schema.org","@graph":[{"@type":"Article","@id":"https:\/\/jornalfatosenoticias.com.br\/index.php\/2022\/10\/27\/por-que-jair-bolsonaro-encontra-tanta-resistencia-no-brasil\/#article","isPartOf":{"@id":"https:\/\/jornalfatosenoticias.com.br\/index.php\/2022\/10\/27\/por-que-jair-bolsonaro-encontra-tanta-resistencia-no-brasil\/"},"author":{"name":"Luzimara Fernandes","@id":"https:\/\/jornalfatosenoticias.com.br\/#\/schema\/person\/d63837fa13ac8666eb9e74e0985d6f81"},"headline":"Por que Jair Bolsonaro encontra tanta resist\u00eancia no Brasil?","datePublished":"2022-10-27T18:49:03+00:00","dateModified":"2022-10-27T18:49:05+00:00","mainEntityOfPage":{"@id":"https:\/\/jornalfatosenoticias.com.br\/index.php\/2022\/10\/27\/por-que-jair-bolsonaro-encontra-tanta-resistencia-no-brasil\/"},"wordCount":987,"commentCount":0,"publisher":{"@id":"https:\/\/jornalfatosenoticias.com.br\/#organization"},"image":{"@id":"https:\/\/jornalfatosenoticias.com.br\/index.php\/2022\/10\/27\/por-que-jair-bolsonaro-encontra-tanta-resistencia-no-brasil\/#primaryimage"},"thumbnailUrl":"https:\/\/jornalfatosenoticias.com.br\/wp-content\/uploads\/2022\/10\/bolsonaro-e-nove-dedos-eleicoes-2022-pesquisas-eleitorais.jpg","keywords":["Brasil","Jair Bolsonaro","sistema corrupto"],"articleSection":["Pol\u00edtica"],"inLanguage":"pt-BR","potentialAction":[{"@type":"CommentAction","name":"Comment","target":["https:\/\/jornalfatosenoticias.com.br\/index.php\/2022\/10\/27\/por-que-jair-bolsonaro-encontra-tanta-resistencia-no-brasil\/#respond"]}]},{"@type":"WebPage","@id":"https:\/\/jornalfatosenoticias.com.br\/index.php\/2022\/10\/27\/por-que-jair-bolsonaro-encontra-tanta-resistencia-no-brasil\/","url":"https:\/\/jornalfatosenoticias.com.br\/index.php\/2022\/10\/27\/por-que-jair-bolsonaro-encontra-tanta-resistencia-no-brasil\/","name":"Por que Jair Bolsonaro encontra tanta resist\u00eancia no Brasil? - Jornal Fatos e Not\u00edcias","isPartOf":{"@id":"https:\/\/jornalfatosenoticias.com.br\/#website"},"primaryImageOfPage":{"@id":"https:\/\/jornalfatosenoticias.com.br\/index.php\/2022\/10\/27\/por-que-jair-bolsonaro-encontra-tanta-resistencia-no-brasil\/#primaryimage"},"image":{"@id":"https:\/\/jornalfatosenoticias.com.br\/index.php\/2022\/10\/27\/por-que-jair-bolsonaro-encontra-tanta-resistencia-no-brasil\/#primaryimage"},"thumbnailUrl":"https:\/\/jornalfatosenoticias.com.br\/wp-content\/uploads\/2022\/10\/bolsonaro-e-nove-dedos-eleicoes-2022-pesquisas-eleitorais.jpg","datePublished":"2022-10-27T18:49:03+00:00","dateModified":"2022-10-27T18:49:05+00:00","breadcrumb":{"@id":"https:\/\/jornalfatosenoticias.com.br\/index.php\/2022\/10\/27\/por-que-jair-bolsonaro-encontra-tanta-resistencia-no-brasil\/#breadcrumb"},"inLanguage":"pt-BR","potentialAction":[{"@type":"ReadAction","target":["https:\/\/jornalfatosenoticias.com.br\/index.php\/2022\/10\/27\/por-que-jair-bolsonaro-encontra-tanta-resistencia-no-brasil\/"]}]},{"@type":"ImageObject","inLanguage":"pt-BR","@id":"https:\/\/jornalfatosenoticias.com.br\/index.php\/2022\/10\/27\/por-que-jair-bolsonaro-encontra-tanta-resistencia-no-brasil\/#primaryimage","url":"https:\/\/jornalfatosenoticias.com.br\/wp-content\/uploads\/2022\/10\/bolsonaro-e-nove-dedos-eleicoes-2022-pesquisas-eleitorais.jpg","contentUrl":"https:\/\/jornalfatosenoticias.com.br\/wp-content\/uploads\/2022\/10\/bolsonaro-e-nove-dedos-eleicoes-2022-pesquisas-eleitorais.jpg","width":1000,"height":562},{"@type":"BreadcrumbList","@id":"https:\/\/jornalfatosenoticias.com.br\/index.php\/2022\/10\/27\/por-que-jair-bolsonaro-encontra-tanta-resistencia-no-brasil\/#breadcrumb","itemListElement":[{"@type":"ListItem","position":1,"name":"In\u00edcio","item":"https:\/\/jornalfatosenoticias.com.br\/"},{"@type":"ListItem","position":2,"name":"Por que Jair Bolsonaro encontra tanta resist\u00eancia no Brasil?"}]},{"@type":"WebSite","@id":"https:\/\/jornalfatosenoticias.com.br\/#website","url":"https:\/\/jornalfatosenoticias.com.br\/","name":"Jornal Fatos e Not\u00edcias","description":"Not\u00edcias em geral","publisher":{"@id":"https:\/\/jornalfatosenoticias.com.br\/#organization"},"potentialAction":[{"@type":"SearchAction","target":{"@type":"EntryPoint","urlTemplate":"https:\/\/jornalfatosenoticias.com.br\/?s={search_term_string}"},"query-input":{"@type":"PropertyValueSpecification","valueRequired":true,"valueName":"search_term_string"}}],"inLanguage":"pt-BR"},{"@type":"Organization","@id":"https:\/\/jornalfatosenoticias.com.br\/#organization","name":"Jornal Fatos e Not\u00edcias","url":"https:\/\/jornalfatosenoticias.com.br\/","logo":{"@type":"ImageObject","inLanguage":"pt-BR","@id":"https:\/\/jornalfatosenoticias.com.br\/#\/schema\/logo\/image\/","url":"https:\/\/jornalfatosenoticias.com.br\/wp-content\/uploads\/2020\/02\/logo120.png","contentUrl":"https:\/\/jornalfatosenoticias.com.br\/wp-content\/uploads\/2020\/02\/logo120.png","width":1227,"height":120,"caption":"Jornal Fatos e Not\u00edcias"},"image":{"@id":"https:\/\/jornalfatosenoticias.com.br\/#\/schema\/logo\/image\/"}},{"@type":"Person","@id":"https:\/\/jornalfatosenoticias.com.br\/#\/schema\/person\/d63837fa13ac8666eb9e74e0985d6f81","name":"Luzimara Fernandes","image":{"@type":"ImageObject","inLanguage":"pt-BR","@id":"https:\/\/jornalfatosenoticias.com.br\/#\/schema\/person\/image\/","url":"https:\/\/jornalfatosenoticias.com.br\/wp-content\/uploads\/2025\/05\/EU_portal.jpg","contentUrl":"https:\/\/jornalfatosenoticias.com.br\/wp-content\/uploads\/2025\/05\/EU_portal.jpg","caption":"Luzimara Fernandes"},"description":"Jornalista MTB 2358-ES","sameAs":["https:\/\/jornalfatosenoticias.com.br"],"url":"https:\/\/jornalfatosenoticias.com.br\/index.php\/author\/luzimara\/"}]}},"cc_featured_image_caption":{"caption_text":"(Foto: Daniel Lopes de Alc\u00e2ntara)","source_text":"","source_url":""},"jetpack_featured_media_url":"https:\/\/jornalfatosenoticias.com.br\/wp-content\/uploads\/2022\/10\/bolsonaro-e-nove-dedos-eleicoes-2022-pesquisas-eleitorais.jpg","_links":{"self":[{"href":"https:\/\/jornalfatosenoticias.com.br\/index.php\/wp-json\/wp\/v2\/posts\/35599","targetHints":{"allow":["GET"]}}],"collection":[{"href":"https:\/\/jornalfatosenoticias.com.br\/index.php\/wp-json\/wp\/v2\/posts"}],"about":[{"href":"https:\/\/jornalfatosenoticias.com.br\/index.php\/wp-json\/wp\/v2\/types\/post"}],"author":[{"embeddable":true,"href":"https:\/\/jornalfatosenoticias.com.br\/index.php\/wp-json\/wp\/v2\/users\/2"}],"replies":[{"embeddable":true,"href":"https:\/\/jornalfatosenoticias.com.br\/index.php\/wp-json\/wp\/v2\/comments?post=35599"}],"version-history":[{"count":0,"href":"https:\/\/jornalfatosenoticias.com.br\/index.php\/wp-json\/wp\/v2\/posts\/35599\/revisions"}],"wp:featuredmedia":[{"embeddable":true,"href":"https:\/\/jornalfatosenoticias.com.br\/index.php\/wp-json\/wp\/v2\/media\/35600"}],"wp:attachment":[{"href":"https:\/\/jornalfatosenoticias.com.br\/index.php\/wp-json\/wp\/v2\/media?parent=35599"}],"wp:term":[{"taxonomy":"category","embeddable":true,"href":"https:\/\/jornalfatosenoticias.com.br\/index.php\/wp-json\/wp\/v2\/categories?post=35599"},{"taxonomy":"post_tag","embeddable":true,"href":"https:\/\/jornalfatosenoticias.com.br\/index.php\/wp-json\/wp\/v2\/tags?post=35599"}],"curies":[{"name":"wp","href":"https:\/\/api.w.org\/{rel}","templated":true}]}}