{"id":35655,"date":"2022-10-28T14:33:18","date_gmt":"2022-10-28T17:33:18","guid":{"rendered":"https:\/\/jornalfatosenoticias.com.br\/?p=35655"},"modified":"2023-01-27T12:14:09","modified_gmt":"2023-01-27T15:14:09","slug":"expedicao-revela-a-surpreendente-fauna-noturna-da-floresta-amazonica","status":"publish","type":"post","link":"https:\/\/jornalfatosenoticias.com.br\/index.php\/2022\/10\/28\/expedicao-revela-a-surpreendente-fauna-noturna-da-floresta-amazonica\/","title":{"rendered":"Expedi\u00e7\u00e3o revela a surpreendente fauna noturna da floresta amaz\u00f4nica"},"content":{"rendered":"\n<p><em><span class=\"has-inline-color has-black-color\">Na mais recente expedi\u00e7\u00e3o, utilizaram uma c\u00e2mera com flash externo e um difusor de luz caseiro, que garante o fundo preto, algo caracter\u00edstico nas imagens do Projeto Mantis<\/span><\/em><\/p>\n\n\n\n<div class=\"wp-block-image\"><figure class=\"aligncenter size-large\"><img loading=\"lazy\" decoding=\"async\" width=\"729\" height=\"90\" src=\"https:\/\/jornalfatosenoticias.com.br\/wp-content\/uploads\/2020\/02\/Logo_Mizu.png\" alt=\"\" class=\"wp-image-1441\" srcset=\"https:\/\/jornalfatosenoticias.com.br\/wp-content\/uploads\/2020\/02\/Logo_Mizu.png 729w, https:\/\/jornalfatosenoticias.com.br\/wp-content\/uploads\/2020\/02\/Logo_Mizu-300x37.png 300w\" sizes=\"auto, (max-width: 729px) 100vw, 729px\" \/><\/figure><\/div>\n\n\n\n<p>O sol se p\u00f4s e a escurid\u00e3o toma conta da maior floresta tropical do mundo. Aos poucos, os sentidos v\u00e3o se tornando mais agu\u00e7ados. A umidade gruda na pele e os sons dos animais come\u00e7am a se tornar mais distintos para os ouvidos. Os olhos v\u00e3o se ajustando \u00e0 falta de luz e os p\u00e9s v\u00e3o caminhando cuidadosamente pelo terreno irregular.<br>Mas quando o flash da c\u00e2mera \u00e9 acionado, um novo mundo, pulsante e colorido, se descortina frente aos pesquisadores brasileiros da expedi\u00e7\u00e3o Amaz\u00f4nia do Poente \u00e0 Aurora. Realizada em outubro de 2021, com financiamento da National Geographic Society e apoio do Museu Em\u00edlio Goeldi, a expedi\u00e7\u00e3o colaborativa liderada pela equipe do Projeto Mantis na Floresta Nacional de Caxiuan\u00e3, no Delta do Amazonas, no Par\u00e1, teve dura\u00e7\u00e3o de um m\u00eas.<\/p>\n\n\n\n<div class=\"wp-block-image\"><figure class=\"aligncenter size-large\"><img loading=\"lazy\" decoding=\"async\" width=\"1024\" height=\"110\" src=\"https:\/\/jornalfatosenoticias.com.br\/wp-content\/uploads\/2022\/10\/Arte-jornal-Zucchi-1120x120_Prancheta-1-1024x110.jpg\" alt=\"\" class=\"wp-image-34772\" srcset=\"https:\/\/jornalfatosenoticias.com.br\/wp-content\/uploads\/2022\/10\/Arte-jornal-Zucchi-1120x120_Prancheta-1-1024x110.jpg 1024w, https:\/\/jornalfatosenoticias.com.br\/wp-content\/uploads\/2022\/10\/Arte-jornal-Zucchi-1120x120_Prancheta-1-300x32.jpg 300w, https:\/\/jornalfatosenoticias.com.br\/wp-content\/uploads\/2022\/10\/Arte-jornal-Zucchi-1120x120_Prancheta-1-768x82.jpg 768w, https:\/\/jornalfatosenoticias.com.br\/wp-content\/uploads\/2022\/10\/Arte-jornal-Zucchi-1120x120_Prancheta-1-1536x165.jpg 1536w, https:\/\/jornalfatosenoticias.com.br\/wp-content\/uploads\/2022\/10\/Arte-jornal-Zucchi-1120x120_Prancheta-1-2048x219.jpg 2048w\" sizes=\"auto, (max-width: 1024px) 100vw, 1024px\" \/><\/figure><\/div>\n\n\n\n<p>Entre seus principais objetivos estava n\u00e3o apenas buscar novas esp\u00e9cies de louva-a-deus e estudar o comportamento desses insetos \u2014 principal foco do projeto \u2014 mas tamb\u00e9m revelar a deslumbrante vida noturna da Floresta Amaz\u00f4nica e utilizar metodologias de forma inovadora para documentar novos aspectos da biodiversidade.<\/p>\n\n\n\n<div class=\"wp-block-image\"><figure class=\"aligncenter size-large\"><img loading=\"lazy\" decoding=\"async\" width=\"1024\" height=\"100\" src=\"https:\/\/jornalfatosenoticias.com.br\/wp-content\/uploads\/2022\/05\/NOVA-LOGO-CESCONETTO-1024x100.jpg\" alt=\"\" class=\"wp-image-30792\" srcset=\"https:\/\/jornalfatosenoticias.com.br\/wp-content\/uploads\/2022\/05\/NOVA-LOGO-CESCONETTO-1024x100.jpg 1024w, https:\/\/jornalfatosenoticias.com.br\/wp-content\/uploads\/2022\/05\/NOVA-LOGO-CESCONETTO-300x29.jpg 300w, https:\/\/jornalfatosenoticias.com.br\/wp-content\/uploads\/2022\/05\/NOVA-LOGO-CESCONETTO-768x75.jpg 768w, https:\/\/jornalfatosenoticias.com.br\/wp-content\/uploads\/2022\/05\/NOVA-LOGO-CESCONETTO.jpg 1280w\" sizes=\"auto, (max-width: 1024px) 100vw, 1024px\" \/><\/figure><\/div>\n\n\n\n<figure class=\"wp-block-pullquote\"><blockquote><p><span class=\"has-inline-color has-luminous-vivid-orange-color\">As noites s\u00e3o mais frescas e calmas. Caminhando devagar, vamos aos poucos revelando a floresta \u00e0 nossa volta com as lanternas. A sinfonia de anf\u00edbios e insetos \u00e9 incr\u00edvel. H\u00e1 mist\u00e9rio e eletricidade no ar. Nunca se sabe o que nos espera ao longo da trilha\u201d, diz Lucas Fiat, diretor criativo do Mantis. Costumamos dizer que deixar de visitar os ecossistemas \u00e0 noite \u00e9 como fechar os olhos a 50% das belezas do nosso planeta. Poucos sabem, mas \u00e9 \u00e0 noite que a floresta tropical \u00e9 mais viva, com abund\u00e2ncia de seres, de insetos a grandes mam\u00edferos. Cores, formas, sons espetaculares que raramente se veem de dia\u201d.<\/span><\/p><\/blockquote><\/figure>\n\n\n\n<div class=\"wp-block-image\"><figure class=\"aligncenter size-large is-resized\"><img loading=\"lazy\" decoding=\"async\" src=\"https:\/\/jornalfatosenoticias.com.br\/wp-content\/uploads\/2020\/02\/casa-do-torresmo_portal.jpg\" alt=\"\" class=\"wp-image-34472\" width=\"277\" height=\"277\" srcset=\"https:\/\/jornalfatosenoticias.com.br\/wp-content\/uploads\/2020\/02\/casa-do-torresmo_portal.jpg 300w, https:\/\/jornalfatosenoticias.com.br\/wp-content\/uploads\/2020\/02\/casa-do-torresmo_portal-150x150.jpg 150w\" sizes=\"auto, (max-width: 277px) 100vw, 277px\" \/><\/figure><\/div>\n\n\n\n<p>Do Poente \u00e0 Aurora \u00e9 a terceira grande expedi\u00e7\u00e3o dos pesquisadores do Projeto Mantis desbravando a escurid\u00e3o. A primeira delas foi a Mab\u00e1n, que ocorreu na Amaz\u00f4nia peruana em 2019, tamb\u00e9m com financiamento da National Geographic.<br>E no ano passado houve ainda a Austral, na Reserva Particular do Patrim\u00f4nio Natural (RPPN) Cristalino, ao norte do Mato Grosso, que contou com o apoio do Greenpeace Brasil.<\/p>\n\n\n\n<div class=\"wp-block-image\"><figure class=\"aligncenter size-large\"><img decoding=\"async\" src=\"https:\/\/jornalfatosenoticias.com.br\/wp-content\/uploads\/2020\/02\/logo_esteio.jpg\" alt=\"\" class=\"wp-image-1214\"\/><\/figure><\/div>\n\n\n\n<figure class=\"wp-block-pullquote\"><blockquote><p><span class=\"has-inline-color has-luminous-vivid-orange-color\">Nos \u00faltimos anos temos nos voltado \u00e0 Amaz\u00f4nia, um caminho que surgiu naturalmente. Afinal, \u00e9 a maior floresta tropical do mundo. Na busca por novas esp\u00e9cies de louva-a-deus, era natural que f\u00f4ssemos parar l\u00e1, e nos apaixonamos\u201d, revela o bi\u00f3logo Leo Lanna, fundador do projeto.<\/span><\/p><\/blockquote><\/figure>\n\n\n\n<div class=\"wp-block-image\"><figure class=\"alignleft size-large is-resized\"><img loading=\"lazy\" decoding=\"async\" src=\"https:\/\/jornalfatosenoticias.com.br\/wp-content\/uploads\/2020\/02\/logo-clinica-limoeiro.jpg\" alt=\"\" class=\"wp-image-34610\" width=\"320\" height=\"227\"\/><\/figure><\/div>\n\n\n\n<p>Como resultado dessas tr\u00eas empreitadas, uma nova esp\u00e9cie de louva-a-deus foi descoberta e outras duas est\u00e3o em processo de descri\u00e7\u00e3o.<br>Pertencente ao g\u00eanero Microphotina, a nova esp\u00e9cie possui o corpo verde transl\u00facido e seu nome cient\u00edfico, que n\u00e3o pode ser revelado at\u00e9 sua publica\u00e7\u00e3o oficial em artigo, ser\u00e1 uma homenagem \u00e0 RPPN Cristalino e \u00e0 import\u00e2ncia dela na prote\u00e7\u00e3o daquele trecho de floresta por onde passa o Rio Cristalino.<br>Lanna suspeita que a esp\u00e9cie viva no dossel, regi\u00e3o das copas das \u00e1rvores praticamente inacess\u00edvel, onde estudos anteriores j\u00e1 revelaram que h\u00e1 uma enorme e (des)conhecida diversidade de insetos.<br>O casal de bi\u00f3logos Silvia Pavan e Pedro Peloso tamb\u00e9m fez parte da expedi\u00e7\u00e3o. Pesquisador do Programa de Capacita\u00e7\u00e3o Institucional do Museu Paraense Em\u00edlio Goeldi, ele j\u00e1 esteve envolvido na descri\u00e7\u00e3o de mais de 30 esp\u00e9cies de animais, a maioria delas da Amaz\u00f4nia.<\/p>\n\n\n\n<div class=\"wp-block-image\"><figure class=\"aligncenter size-large\"><img loading=\"lazy\" decoding=\"async\" width=\"300\" height=\"250\" src=\"https:\/\/jornalfatosenoticias.com.br\/wp-content\/uploads\/2022\/08\/arte-Casarao.jpg\" alt=\"\" class=\"wp-image-33178\"\/><\/figure><\/div>\n\n\n\n<figure class=\"wp-block-pullquote\"><blockquote><p><span class=\"has-inline-color has-luminous-vivid-orange-color\">As minhas expedi\u00e7\u00f5es sempre acabam contemplando dia e noite, pois temos esp\u00e9cies de anf\u00edbios e r\u00e9pteis noturnas e diurnas. No caso da Amaz\u00f4nia do Poente \u00e0 Aurora focamos muito nessa quest\u00e3o dos animais noturnos e no ambiente\u201d, diz Peloso.<\/span><\/p><\/blockquote><\/figure>\n\n\n\n<p><strong><span class=\"has-inline-color has-vivid-green-cyan-color\">Ci\u00eancia, arte e tecnologia em prol da conserva\u00e7\u00e3o<br><\/span><\/strong>A lente das c\u00e2meras do Projeto Mantis n\u00e3o est\u00e1 voltada para os grandes animais da Amaz\u00f4nia, aqueles com os quais em geral o grande p\u00fablico est\u00e1 mais familiarizado.<\/p>\n\n\n\n<div class=\"wp-block-image\"><figure class=\"aligncenter size-large\"><img loading=\"lazy\" decoding=\"async\" width=\"1024\" height=\"103\" src=\"https:\/\/jornalfatosenoticias.com.br\/wp-content\/uploads\/2022\/02\/Arte-Autoescola-Galatas_endereco_portal-1024x103.png\" alt=\"\" class=\"wp-image-27869\" srcset=\"https:\/\/jornalfatosenoticias.com.br\/wp-content\/uploads\/2022\/02\/Arte-Autoescola-Galatas_endereco_portal-1024x103.png 1024w, https:\/\/jornalfatosenoticias.com.br\/wp-content\/uploads\/2022\/02\/Arte-Autoescola-Galatas_endereco_portal-300x30.png 300w, https:\/\/jornalfatosenoticias.com.br\/wp-content\/uploads\/2022\/02\/Arte-Autoescola-Galatas_endereco_portal-768x77.png 768w, https:\/\/jornalfatosenoticias.com.br\/wp-content\/uploads\/2022\/02\/Arte-Autoescola-Galatas_endereco_portal.png 1223w\" sizes=\"auto, (max-width: 1024px) 100vw, 1024px\" \/><\/figure><\/div>\n\n\n\n<p>O foco aqui s\u00e3o os de menor porte, que, justamente por esta raz\u00e3o, muitas vezes passam despercebidos pelo olhar e pelas pol\u00edticas de conserva\u00e7\u00e3o.<br>E isso \u00e9 algo que, com o aux\u00edlio da arte e da tecnologia, esses brasileiros querem mudar. Como tanto Fiat quanto Lanna s\u00e3o fot\u00f3grafos, os dois usam essa experi\u00eancia para registrar o que encontram na floresta. Eles explicam que, muitas vezes, \u00e9 poss\u00edvel fazer uma foto de alt\u00edssima qualidade com equipamentos mais simples.<br>Na mais recente expedi\u00e7\u00e3o, utilizaram uma c\u00e2mera com flash externo e um difusor de luz caseiro, que garante o fundo preto, algo caracter\u00edstico nas imagens do Projeto Mantis.<\/p>\n\n\n\n<div class=\"wp-block-image\"><figure class=\"aligncenter size-large is-resized\"><img loading=\"lazy\" decoding=\"async\" src=\"https:\/\/jornalfatosenoticias.com.br\/wp-content\/uploads\/2022\/07\/Logo-Grupo-SEI.jpg\" alt=\"\" class=\"wp-image-31973\" width=\"340\" height=\"178\" srcset=\"https:\/\/jornalfatosenoticias.com.br\/wp-content\/uploads\/2022\/07\/Logo-Grupo-SEI.jpg 713w, https:\/\/jornalfatosenoticias.com.br\/wp-content\/uploads\/2022\/07\/Logo-Grupo-SEI-300x158.jpg 300w\" sizes=\"auto, (max-width: 340px) 100vw, 340px\" \/><\/figure><\/div>\n\n\n\n<figure class=\"wp-block-pullquote\"><blockquote><p><span class=\"has-inline-color has-luminous-vivid-orange-color\">Treinamos muito para que cada um consiga fotografar sem precisar do aux\u00edlio do outro. Afinal, ao encontrar um bicho, \u00e9 muito raro que ele mantenha um comportamento natural sob a luz da lanterna, ent\u00e3o tem que ser fotografado rapidamente, n\u00e3o d\u00e1 pra esperar outra pessoa vir ajudar na ilumina\u00e7\u00e3o, por exemplo\u201d, diz Lanna.<\/span><\/p><\/blockquote><\/figure>\n\n\n\n<div class=\"wp-block-image\"><figure class=\"alignright size-large\"><img decoding=\"async\" src=\"https:\/\/jornalfatosenoticias.com.br\/wp-content\/uploads\/2020\/02\/barao-das-carnes-300x164-1.jpg\" alt=\"\" class=\"wp-image-34339\"\/><\/figure><\/div>\n\n\n\n<p>Um close-up de alt\u00edssima qualidade pode revelar, por exemplo, a disposi\u00e7\u00e3o de caracter\u00edsticas do animal \u2014 como fileiras de espinhos, algo essencial na documenta\u00e7\u00e3o cient\u00edfica e que pode acelerar e tornar mais f\u00e1cil o processo de descri\u00e7\u00e3o de novas esp\u00e9cies, que em geral pode levar anos e requer ainda an\u00e1lises em laborat\u00f3rios.<br>\u00c9 o caso da t\u00e9cnica da fotografia de luz ultravioleta, usada durante a explora\u00e7\u00e3o noturna na Floresta Nacional de Caxiuan\u00e3, que evidencia tanto novas cores como detalhes muito mais minuciosos do animais.<br>A fluoresc\u00eancia \u00e9 um fen\u00f4meno de emiss\u00e3o de luz (que se manifesta como cor) quando um ser ou material \u00e9 exposto a determinado comprimento de onda.<\/p>\n\n\n\n<div class=\"wp-block-image\"><figure class=\"aligncenter size-large is-resized\"><img loading=\"lazy\" decoding=\"async\" src=\"https:\/\/jornalfatosenoticias.com.br\/wp-content\/uploads\/2022\/02\/Precisao-Contabilidade-1024x724.jpg\" alt=\"\" class=\"wp-image-28088\" width=\"325\" height=\"230\"\/><\/figure><\/div>\n\n\n\n<figure class=\"wp-block-pullquote\"><blockquote><p><span class=\"has-inline-color has-luminous-vivid-orange-color\">Seres humanos n\u00e3o enxergam o ultravioleta, mas tem se descoberto mais e mais animais que enxergam. Ent\u00e3o, quando estudamos o comportamento desses animais, como intera\u00e7\u00e3o entre presas e predadores, corte de acasalamento e basicamente qualquer comunica\u00e7\u00e3o entre seres que tenha o fator visual, \u00e9 preciso considerar que n\u00e3o existe apenas o espectro de luz que vemos\u201d, explica Lanna.<\/span><\/p><\/blockquote><\/figure>\n\n\n\n<p>J\u00e1 h\u00e1 registros cient\u00edficos, por exemplo, dos casos de uma planta carn\u00edvora e uma esp\u00e9cie de aracn\u00eddeo em que a fluoresc\u00eancia ultravioleta \u00e9 importante na obten\u00e7\u00e3o de alimento para a primeira e no acasalamento para o inseto.<\/p>\n\n\n\n<div class=\"wp-block-image\"><figure class=\"aligncenter size-large\"><img decoding=\"async\" src=\"https:\/\/jornalfatosenoticias.com.br\/wp-content\/uploads\/2020\/02\/Serra-Grande-1024x160.png\" alt=\"\" class=\"wp-image-7836\"\/><\/figure><\/div>\n\n\n\n<p><strong><span class=\"has-inline-color has-vivid-green-cyan-color\">Aproximando a ci\u00eancia do p\u00fablico leigo<br><\/span><\/strong>Em abril de 2022, ap\u00f3s um hiato de dois anos por causa da pandemia de covid, foi realizado novamente o grande evento global TED Conference, agora em Vancouver, no Canad\u00e1. Com o tema \u201cA New Era \u2014 Possibilidades extraordin\u00e1rias com as quais n\u00e3o poder\u00edamos sonhar e que j\u00e1 s\u00e3o uma realidade\u201d, entre os quase 70 palestrantes, que contavam com nomes como Bill Gates, Al Gore e Elon Musk, estavam os brasileiros do Projeto Mantis, tamb\u00e9m convidados a participar.<br>Durante os dez minutos da apresenta\u00e7\u00e3o, eles levaram para o palco do TED fotos impressionantes da Floresta Amaz\u00f4nica e de sua fauna noturna. Ressaltaram tamb\u00e9m a import\u00e2ncia do uso da imagem para tornar a ci\u00eancia mais did\u00e1tica e aproxim\u00e1-la dos leigos.<\/p>\n\n\n\n<div class=\"wp-block-image\"><figure class=\"aligncenter size-large is-resized\"><img loading=\"lazy\" decoding=\"async\" src=\"https:\/\/jornalfatosenoticias.com.br\/wp-content\/uploads\/2020\/02\/nova-logo-Marquetti.jpg\" alt=\"\" class=\"wp-image-22331\" width=\"295\" height=\"198\" srcset=\"https:\/\/jornalfatosenoticias.com.br\/wp-content\/uploads\/2020\/02\/nova-logo-Marquetti.jpg 643w, https:\/\/jornalfatosenoticias.com.br\/wp-content\/uploads\/2020\/02\/nova-logo-Marquetti-300x202.jpg 300w\" sizes=\"auto, (max-width: 295px) 100vw, 295px\" \/><\/figure><\/div>\n\n\n\n<figure class=\"wp-block-pullquote\"><blockquote><p><span class=\"has-inline-color has-luminous-vivid-orange-color\">No aluvi\u00e3o de conte\u00fado e informa\u00e7\u00f5es que recebemos hoje em dia, engajar as pessoas com ci\u00eancia e natureza j\u00e1 \u00e9 dif\u00edcil. Com insetos ent\u00e3o!\u201d, ressalta Fiat. \u201cA fotografia de qualidade \u2014 e, de forma mais ampla, a arte em suas v\u00e1rias formas \u2014 \u00e9 fundamental para conectar o p\u00fablico, engajar e transformar. Existe um limite at\u00e9 onde uma narrativa ou relato consegue alcan\u00e7ar na imagina\u00e7\u00e3o de uma pessoa, em sua conex\u00e3o ao t\u00f3pico. E quando se fala de Amaz\u00f4nia ou biodiversidade noturna, nem todos j\u00e1 experienciaram ou viram essas cenas\u201d.<\/span><\/p><\/blockquote><\/figure>\n\n\n\n<div class=\"wp-block-image\"><figure class=\"aligncenter size-large\"><img loading=\"lazy\" decoding=\"async\" width=\"560\" height=\"60\" src=\"https:\/\/jornalfatosenoticias.com.br\/wp-content\/uploads\/2022\/10\/Propaganda-RC-Radiadores-Jornal_page-0001.jpg\" alt=\"\" class=\"wp-image-35270\" srcset=\"https:\/\/jornalfatosenoticias.com.br\/wp-content\/uploads\/2022\/10\/Propaganda-RC-Radiadores-Jornal_page-0001.jpg 560w, https:\/\/jornalfatosenoticias.com.br\/wp-content\/uploads\/2022\/10\/Propaganda-RC-Radiadores-Jornal_page-0001-300x32.jpg 300w\" sizes=\"auto, (max-width: 560px) 100vw, 560px\" \/><\/figure><\/div>\n\n\n\n<p>Segundo ele, \u00e9 muito comum no meio cient\u00edfico que se fale sobre um bicho descoberto, mas, pela falta de boas imagens, os leigos n\u00e3o consigam fazer ideia de como ele \u00e9, ou ent\u00e3o possuam apenas uma vaga refer\u00eancia sobre ele. Ou ainda, por causa de algum estere\u00f3tipo, tenham medo dele sem que haja necessidade.<\/p>\n\n\n\n<figure class=\"wp-block-pullquote\"><blockquote><p><span class=\"has-inline-color has-luminous-vivid-orange-color\">Uma boa imagem imprime caracter\u00edstica e personalidade ao animal, muda a atmosfera e \u00e9 capaz de gerar transforma\u00e7\u00e3o. Acontece muito de termos pessoas com grande avers\u00e3o a cobras que aos poucos v\u00e3o perdendo esse medo ao observar imagens bem feitas, com uma boa narrativa, mostrando o lado belo desses animais\u201d, diz Fiat.<\/span><\/p><\/blockquote><\/figure>\n\n\n\n<div class=\"wp-block-image\"><figure class=\"aligncenter size-large is-resized\"><img loading=\"lazy\" decoding=\"async\" src=\"https:\/\/jornalfatosenoticias.com.br\/wp-content\/uploads\/2020\/02\/logo-Panper_portal.jpg\" alt=\"\" class=\"wp-image-34474\" width=\"313\" height=\"217\" srcset=\"https:\/\/jornalfatosenoticias.com.br\/wp-content\/uploads\/2020\/02\/logo-Panper_portal.jpg 400w, https:\/\/jornalfatosenoticias.com.br\/wp-content\/uploads\/2020\/02\/logo-Panper_portal-300x208.jpg 300w\" sizes=\"auto, (max-width: 313px) 100vw, 313px\" \/><\/figure><\/div>\n\n\n\n<p>Para 2023, o Projeto Mantis planeja uma nova expedi\u00e7\u00e3o, chamada Amaz\u00f4nia Atl\u00e2ntica, que desbravar\u00e1 a <strong>Reserva Biol\u00f3gica de Sooretama, no Esp\u00edrito Santo,<\/strong> uma regi\u00e3o do bioma Mata Atl\u00e2ntica que suspeita-se abrigar esp\u00e9cies de louva-a-deus t\u00edpicas da Amaz\u00f4nia.<\/p>\n\n\n\n<div class=\"wp-block-image\"><figure class=\"aligncenter size-large\"><img loading=\"lazy\" decoding=\"async\" width=\"1024\" height=\"100\" src=\"https:\/\/jornalfatosenoticias.com.br\/wp-content\/uploads\/2020\/02\/banner_ferramentas-1024x100.jpg\" alt=\"\" class=\"wp-image-1258\" srcset=\"https:\/\/jornalfatosenoticias.com.br\/wp-content\/uploads\/2020\/02\/banner_ferramentas-1024x100.jpg 1024w, https:\/\/jornalfatosenoticias.com.br\/wp-content\/uploads\/2020\/02\/banner_ferramentas-300x29.jpg 300w, https:\/\/jornalfatosenoticias.com.br\/wp-content\/uploads\/2020\/02\/banner_ferramentas-768x75.jpg 768w, https:\/\/jornalfatosenoticias.com.br\/wp-content\/uploads\/2020\/02\/banner_ferramentas.jpg 1227w\" sizes=\"auto, (max-width: 1024px) 100vw, 1024px\" \/><\/figure><\/div>\n\n\n\n<p>L\u00e1, os pesquisadores pretendem encontrar prov\u00e1veis esp\u00e9cies novas, origin\u00e1rias das linhagens amaz\u00f4nicas que ocuparam a costa quando as duas florestas foram conectadas h\u00e1 milhares de anos.<br>Para o ano que vem, a expectativa \u00e9 o lan\u00e7amento do Relic\u00e1rio da Amaz\u00f4nia, que est\u00e1 sendo desenvolvido pelos bi\u00f3logos documentaristas da ECO360, com entrevistas, hist\u00f3rias, fotografias, v\u00eddeos e descobertas feitas na expedi\u00e7\u00e3o \u00e0 Floresta Nacional de Caxiuan\u00e3.<\/p>\n\n\n\n<div class=\"wp-block-image\"><figure class=\"aligncenter size-large is-resized\"><img loading=\"lazy\" decoding=\"async\" src=\"https:\/\/jornalfatosenoticias.com.br\/wp-content\/uploads\/2022\/08\/logo-locau-veiculos-1024x573.png\" alt=\"\" class=\"wp-image-33078\" width=\"296\" height=\"165\"\/><\/figure><\/div>\n\n\n\n<figure class=\"wp-block-pullquote\"><blockquote><p><span class=\"has-inline-color has-luminous-vivid-orange-color\">Queremos que as pessoas possam ter uma experi\u00eancia imersiva e fazer um tour virtual em 360\u00ba na noite amaz\u00f4nica. Estar na floresta \u00e0 noite traz uma sensa\u00e7\u00e3o bem diferente. Nossa percep\u00e7\u00e3o do ambiente muda, tudo parece maior e mais pr\u00f3ximo\u201d, diz Peloso.<\/span><\/p><\/blockquote><\/figure>\n\n\n\n<p>Entretanto, apesar de toda a beleza revelada pelo Mantis, os profissionais alertam sobre a devasta\u00e7\u00e3o em curso na Amaz\u00f4nia e, ao engajar mais e mais pessoas na luta pela preserva\u00e7\u00e3o, sonham em dar um basta na destrui\u00e7\u00e3o.<\/p>\n\n\n\n<div class=\"wp-block-image\"><figure class=\"aligncenter size-large\"><img decoding=\"async\" src=\"https:\/\/jornalfatosenoticias.com.br\/wp-content\/uploads\/2020\/02\/logo-embacia-1-1024x110.jpg\" alt=\"\" class=\"wp-image-33954\"\/><\/figure><\/div>\n\n\n\n<figure class=\"wp-block-pullquote\"><blockquote><p><span class=\"has-inline-color has-luminous-vivid-orange-color\">Cada hectare devastado, cada \u00e1rvore que cai, est\u00e1 levando junto uma biodiversidade que n\u00e3o se pode recuperar\u201d, alerta Lanna.<\/span><\/p><\/blockquote><\/figure>\n\n\n\n<p><strong><em>Fonte: <a href=\"https:\/\/territoriosecreto.com.br\/expedicao-revela-a-surpreendente-fauna-noturna-da-floresta-amazonica\/\">Territ\u00f3rio Secreto<\/a><\/em><\/strong><\/p>\n","protected":false},"excerpt":{"rendered":"<p>Na mais recente expedi\u00e7\u00e3o, utilizaram uma c\u00e2mera com flash externo e um difusor de luz caseiro, que garante o fundo preto, algo caracter\u00edstico nas imagens do Projeto Mantis O sol se p\u00f4s e a escurid\u00e3o toma conta da maior floresta tropical do mundo. Aos poucos, os sentidos v\u00e3o se tornando mais agu\u00e7ados. A umidade gruda [&hellip;]<\/p>\n","protected":false},"author":2,"featured_media":35656,"comment_status":"open","ping_status":"open","sticky":false,"template":"","format":"standard","meta":{"footnotes":""},"categories":[8],"tags":[2058,2858,16732,1896,16733,16731],"class_list":["post-35655","post","type-post","status-publish","format-standard","has-post-thumbnail","hentry","category-meio-ambiente","tag-expedicao","tag-fauna","tag-fauna-noturna","tag-floresta-amazonica","tag-louva-a-deus","tag-projeto-mantis"],"yoast_head":"<!-- This site is optimized with the Yoast SEO plugin v26.5 - https:\/\/yoast.com\/wordpress\/plugins\/seo\/ -->\n<title>Expedi\u00e7\u00e3o revela a surpreendente fauna noturna da floresta amaz\u00f4nica - Jornal Fatos e Not\u00edcias<\/title>\n<meta name=\"robots\" content=\"index, follow, max-snippet:-1, max-image-preview:large, max-video-preview:-1\" \/>\n<link rel=\"canonical\" href=\"https:\/\/jornalfatosenoticias.com.br\/index.php\/2022\/10\/28\/expedicao-revela-a-surpreendente-fauna-noturna-da-floresta-amazonica\/\" \/>\n<meta property=\"og:locale\" content=\"pt_BR\" \/>\n<meta property=\"og:type\" content=\"article\" \/>\n<meta property=\"og:title\" content=\"Expedi\u00e7\u00e3o revela a surpreendente fauna noturna da floresta amaz\u00f4nica - Jornal Fatos e Not\u00edcias\" \/>\n<meta property=\"og:description\" content=\"Na mais recente expedi\u00e7\u00e3o, utilizaram uma c\u00e2mera com flash externo e um difusor de luz caseiro, que garante o fundo preto, algo caracter\u00edstico nas imagens do Projeto Mantis O sol se p\u00f4s e a escurid\u00e3o toma conta da maior floresta tropical do mundo. Aos poucos, os sentidos v\u00e3o se tornando mais agu\u00e7ados. A umidade gruda [&hellip;]\" \/>\n<meta property=\"og:url\" content=\"https:\/\/jornalfatosenoticias.com.br\/index.php\/2022\/10\/28\/expedicao-revela-a-surpreendente-fauna-noturna-da-floresta-amazonica\/\" \/>\n<meta property=\"og:site_name\" content=\"Jornal Fatos e Not\u00edcias\" \/>\n<meta property=\"article:published_time\" content=\"2022-10-28T17:33:18+00:00\" \/>\n<meta property=\"article:modified_time\" content=\"2023-01-27T15:14:09+00:00\" \/>\n<meta property=\"og:image\" content=\"https:\/\/jornalfatosenoticias.com.br\/wp-content\/uploads\/2022\/10\/louva_deus.jpg\" \/>\n\t<meta property=\"og:image:width\" content=\"1000\" \/>\n\t<meta property=\"og:image:height\" content=\"642\" \/>\n\t<meta property=\"og:image:type\" content=\"image\/jpeg\" \/>\n<meta name=\"author\" content=\"Luzimara Fernandes\" \/>\n<meta name=\"twitter:card\" content=\"summary_large_image\" \/>\n<meta name=\"twitter:label1\" content=\"Escrito por\" \/>\n\t<meta name=\"twitter:data1\" content=\"Luzimara Fernandes\" \/>\n\t<meta name=\"twitter:label2\" content=\"Est. tempo de leitura\" \/>\n\t<meta name=\"twitter:data2\" content=\"8 minutos\" \/>\n<script type=\"application\/ld+json\" class=\"yoast-schema-graph\">{\"@context\":\"https:\/\/schema.org\",\"@graph\":[{\"@type\":\"Article\",\"@id\":\"https:\/\/jornalfatosenoticias.com.br\/index.php\/2022\/10\/28\/expedicao-revela-a-surpreendente-fauna-noturna-da-floresta-amazonica\/#article\",\"isPartOf\":{\"@id\":\"https:\/\/jornalfatosenoticias.com.br\/index.php\/2022\/10\/28\/expedicao-revela-a-surpreendente-fauna-noturna-da-floresta-amazonica\/\"},\"author\":{\"name\":\"Luzimara Fernandes\",\"@id\":\"https:\/\/jornalfatosenoticias.com.br\/#\/schema\/person\/d63837fa13ac8666eb9e74e0985d6f81\"},\"headline\":\"Expedi\u00e7\u00e3o revela a surpreendente fauna noturna da floresta amaz\u00f4nica\",\"datePublished\":\"2022-10-28T17:33:18+00:00\",\"dateModified\":\"2023-01-27T15:14:09+00:00\",\"mainEntityOfPage\":{\"@id\":\"https:\/\/jornalfatosenoticias.com.br\/index.php\/2022\/10\/28\/expedicao-revela-a-surpreendente-fauna-noturna-da-floresta-amazonica\/\"},\"wordCount\":1673,\"commentCount\":0,\"publisher\":{\"@id\":\"https:\/\/jornalfatosenoticias.com.br\/#organization\"},\"image\":{\"@id\":\"https:\/\/jornalfatosenoticias.com.br\/index.php\/2022\/10\/28\/expedicao-revela-a-surpreendente-fauna-noturna-da-floresta-amazonica\/#primaryimage\"},\"thumbnailUrl\":\"https:\/\/jornalfatosenoticias.com.br\/wp-content\/uploads\/2022\/10\/louva_deus.jpg\",\"keywords\":[\"expedi\u00e7\u00e3o\",\"fauna\",\"fauna noturna\",\"floresta amaz\u00f4nica\",\"louva-a-deus\",\"Projeto Mantis\"],\"articleSection\":[\"Meio ambiente\"],\"inLanguage\":\"pt-BR\",\"potentialAction\":[{\"@type\":\"CommentAction\",\"name\":\"Comment\",\"target\":[\"https:\/\/jornalfatosenoticias.com.br\/index.php\/2022\/10\/28\/expedicao-revela-a-surpreendente-fauna-noturna-da-floresta-amazonica\/#respond\"]}]},{\"@type\":\"WebPage\",\"@id\":\"https:\/\/jornalfatosenoticias.com.br\/index.php\/2022\/10\/28\/expedicao-revela-a-surpreendente-fauna-noturna-da-floresta-amazonica\/\",\"url\":\"https:\/\/jornalfatosenoticias.com.br\/index.php\/2022\/10\/28\/expedicao-revela-a-surpreendente-fauna-noturna-da-floresta-amazonica\/\",\"name\":\"Expedi\u00e7\u00e3o revela a surpreendente fauna noturna da floresta amaz\u00f4nica - Jornal Fatos e Not\u00edcias\",\"isPartOf\":{\"@id\":\"https:\/\/jornalfatosenoticias.com.br\/#website\"},\"primaryImageOfPage\":{\"@id\":\"https:\/\/jornalfatosenoticias.com.br\/index.php\/2022\/10\/28\/expedicao-revela-a-surpreendente-fauna-noturna-da-floresta-amazonica\/#primaryimage\"},\"image\":{\"@id\":\"https:\/\/jornalfatosenoticias.com.br\/index.php\/2022\/10\/28\/expedicao-revela-a-surpreendente-fauna-noturna-da-floresta-amazonica\/#primaryimage\"},\"thumbnailUrl\":\"https:\/\/jornalfatosenoticias.com.br\/wp-content\/uploads\/2022\/10\/louva_deus.jpg\",\"datePublished\":\"2022-10-28T17:33:18+00:00\",\"dateModified\":\"2023-01-27T15:14:09+00:00\",\"breadcrumb\":{\"@id\":\"https:\/\/jornalfatosenoticias.com.br\/index.php\/2022\/10\/28\/expedicao-revela-a-surpreendente-fauna-noturna-da-floresta-amazonica\/#breadcrumb\"},\"inLanguage\":\"pt-BR\",\"potentialAction\":[{\"@type\":\"ReadAction\",\"target\":[\"https:\/\/jornalfatosenoticias.com.br\/index.php\/2022\/10\/28\/expedicao-revela-a-surpreendente-fauna-noturna-da-floresta-amazonica\/\"]}]},{\"@type\":\"ImageObject\",\"inLanguage\":\"pt-BR\",\"@id\":\"https:\/\/jornalfatosenoticias.com.br\/index.php\/2022\/10\/28\/expedicao-revela-a-surpreendente-fauna-noturna-da-floresta-amazonica\/#primaryimage\",\"url\":\"https:\/\/jornalfatosenoticias.com.br\/wp-content\/uploads\/2022\/10\/louva_deus.jpg\",\"contentUrl\":\"https:\/\/jornalfatosenoticias.com.br\/wp-content\/uploads\/2022\/10\/louva_deus.jpg\",\"width\":1000,\"height\":642},{\"@type\":\"BreadcrumbList\",\"@id\":\"https:\/\/jornalfatosenoticias.com.br\/index.php\/2022\/10\/28\/expedicao-revela-a-surpreendente-fauna-noturna-da-floresta-amazonica\/#breadcrumb\",\"itemListElement\":[{\"@type\":\"ListItem\",\"position\":1,\"name\":\"In\u00edcio\",\"item\":\"https:\/\/jornalfatosenoticias.com.br\/\"},{\"@type\":\"ListItem\",\"position\":2,\"name\":\"Expedi\u00e7\u00e3o revela a surpreendente fauna noturna da floresta amaz\u00f4nica\"}]},{\"@type\":\"WebSite\",\"@id\":\"https:\/\/jornalfatosenoticias.com.br\/#website\",\"url\":\"https:\/\/jornalfatosenoticias.com.br\/\",\"name\":\"Jornal Fatos e Not\u00edcias\",\"description\":\"Not\u00edcias em geral\",\"publisher\":{\"@id\":\"https:\/\/jornalfatosenoticias.com.br\/#organization\"},\"potentialAction\":[{\"@type\":\"SearchAction\",\"target\":{\"@type\":\"EntryPoint\",\"urlTemplate\":\"https:\/\/jornalfatosenoticias.com.br\/?s={search_term_string}\"},\"query-input\":{\"@type\":\"PropertyValueSpecification\",\"valueRequired\":true,\"valueName\":\"search_term_string\"}}],\"inLanguage\":\"pt-BR\"},{\"@type\":\"Organization\",\"@id\":\"https:\/\/jornalfatosenoticias.com.br\/#organization\",\"name\":\"Jornal Fatos e Not\u00edcias\",\"url\":\"https:\/\/jornalfatosenoticias.com.br\/\",\"logo\":{\"@type\":\"ImageObject\",\"inLanguage\":\"pt-BR\",\"@id\":\"https:\/\/jornalfatosenoticias.com.br\/#\/schema\/logo\/image\/\",\"url\":\"https:\/\/jornalfatosenoticias.com.br\/wp-content\/uploads\/2020\/02\/logo120.png\",\"contentUrl\":\"https:\/\/jornalfatosenoticias.com.br\/wp-content\/uploads\/2020\/02\/logo120.png\",\"width\":1227,\"height\":120,\"caption\":\"Jornal Fatos e Not\u00edcias\"},\"image\":{\"@id\":\"https:\/\/jornalfatosenoticias.com.br\/#\/schema\/logo\/image\/\"}},{\"@type\":\"Person\",\"@id\":\"https:\/\/jornalfatosenoticias.com.br\/#\/schema\/person\/d63837fa13ac8666eb9e74e0985d6f81\",\"name\":\"Luzimara Fernandes\",\"image\":{\"@type\":\"ImageObject\",\"inLanguage\":\"pt-BR\",\"@id\":\"https:\/\/jornalfatosenoticias.com.br\/#\/schema\/person\/image\/\",\"url\":\"https:\/\/jornalfatosenoticias.com.br\/wp-content\/uploads\/2025\/05\/EU_portal.jpg\",\"contentUrl\":\"https:\/\/jornalfatosenoticias.com.br\/wp-content\/uploads\/2025\/05\/EU_portal.jpg\",\"caption\":\"Luzimara Fernandes\"},\"description\":\"Jornalista MTB 2358-ES\",\"sameAs\":[\"https:\/\/jornalfatosenoticias.com.br\"],\"url\":\"https:\/\/jornalfatosenoticias.com.br\/index.php\/author\/luzimara\/\"}]}<\/script>\n<!-- \/ Yoast SEO plugin. -->","yoast_head_json":{"title":"Expedi\u00e7\u00e3o revela a surpreendente fauna noturna da floresta amaz\u00f4nica - Jornal Fatos e Not\u00edcias","robots":{"index":"index","follow":"follow","max-snippet":"max-snippet:-1","max-image-preview":"max-image-preview:large","max-video-preview":"max-video-preview:-1"},"canonical":"https:\/\/jornalfatosenoticias.com.br\/index.php\/2022\/10\/28\/expedicao-revela-a-surpreendente-fauna-noturna-da-floresta-amazonica\/","og_locale":"pt_BR","og_type":"article","og_title":"Expedi\u00e7\u00e3o revela a surpreendente fauna noturna da floresta amaz\u00f4nica - Jornal Fatos e Not\u00edcias","og_description":"Na mais recente expedi\u00e7\u00e3o, utilizaram uma c\u00e2mera com flash externo e um difusor de luz caseiro, que garante o fundo preto, algo caracter\u00edstico nas imagens do Projeto Mantis O sol se p\u00f4s e a escurid\u00e3o toma conta da maior floresta tropical do mundo. Aos poucos, os sentidos v\u00e3o se tornando mais agu\u00e7ados. A umidade gruda [&hellip;]","og_url":"https:\/\/jornalfatosenoticias.com.br\/index.php\/2022\/10\/28\/expedicao-revela-a-surpreendente-fauna-noturna-da-floresta-amazonica\/","og_site_name":"Jornal Fatos e Not\u00edcias","article_published_time":"2022-10-28T17:33:18+00:00","article_modified_time":"2023-01-27T15:14:09+00:00","og_image":[{"width":1000,"height":642,"url":"https:\/\/jornalfatosenoticias.com.br\/wp-content\/uploads\/2022\/10\/louva_deus.jpg","type":"image\/jpeg"}],"author":"Luzimara Fernandes","twitter_card":"summary_large_image","twitter_misc":{"Escrito por":"Luzimara Fernandes","Est. tempo de leitura":"8 minutos"},"schema":{"@context":"https:\/\/schema.org","@graph":[{"@type":"Article","@id":"https:\/\/jornalfatosenoticias.com.br\/index.php\/2022\/10\/28\/expedicao-revela-a-surpreendente-fauna-noturna-da-floresta-amazonica\/#article","isPartOf":{"@id":"https:\/\/jornalfatosenoticias.com.br\/index.php\/2022\/10\/28\/expedicao-revela-a-surpreendente-fauna-noturna-da-floresta-amazonica\/"},"author":{"name":"Luzimara Fernandes","@id":"https:\/\/jornalfatosenoticias.com.br\/#\/schema\/person\/d63837fa13ac8666eb9e74e0985d6f81"},"headline":"Expedi\u00e7\u00e3o revela a surpreendente fauna noturna da floresta amaz\u00f4nica","datePublished":"2022-10-28T17:33:18+00:00","dateModified":"2023-01-27T15:14:09+00:00","mainEntityOfPage":{"@id":"https:\/\/jornalfatosenoticias.com.br\/index.php\/2022\/10\/28\/expedicao-revela-a-surpreendente-fauna-noturna-da-floresta-amazonica\/"},"wordCount":1673,"commentCount":0,"publisher":{"@id":"https:\/\/jornalfatosenoticias.com.br\/#organization"},"image":{"@id":"https:\/\/jornalfatosenoticias.com.br\/index.php\/2022\/10\/28\/expedicao-revela-a-surpreendente-fauna-noturna-da-floresta-amazonica\/#primaryimage"},"thumbnailUrl":"https:\/\/jornalfatosenoticias.com.br\/wp-content\/uploads\/2022\/10\/louva_deus.jpg","keywords":["expedi\u00e7\u00e3o","fauna","fauna noturna","floresta amaz\u00f4nica","louva-a-deus","Projeto Mantis"],"articleSection":["Meio ambiente"],"inLanguage":"pt-BR","potentialAction":[{"@type":"CommentAction","name":"Comment","target":["https:\/\/jornalfatosenoticias.com.br\/index.php\/2022\/10\/28\/expedicao-revela-a-surpreendente-fauna-noturna-da-floresta-amazonica\/#respond"]}]},{"@type":"WebPage","@id":"https:\/\/jornalfatosenoticias.com.br\/index.php\/2022\/10\/28\/expedicao-revela-a-surpreendente-fauna-noturna-da-floresta-amazonica\/","url":"https:\/\/jornalfatosenoticias.com.br\/index.php\/2022\/10\/28\/expedicao-revela-a-surpreendente-fauna-noturna-da-floresta-amazonica\/","name":"Expedi\u00e7\u00e3o revela a surpreendente fauna noturna da floresta amaz\u00f4nica - Jornal Fatos e Not\u00edcias","isPartOf":{"@id":"https:\/\/jornalfatosenoticias.com.br\/#website"},"primaryImageOfPage":{"@id":"https:\/\/jornalfatosenoticias.com.br\/index.php\/2022\/10\/28\/expedicao-revela-a-surpreendente-fauna-noturna-da-floresta-amazonica\/#primaryimage"},"image":{"@id":"https:\/\/jornalfatosenoticias.com.br\/index.php\/2022\/10\/28\/expedicao-revela-a-surpreendente-fauna-noturna-da-floresta-amazonica\/#primaryimage"},"thumbnailUrl":"https:\/\/jornalfatosenoticias.com.br\/wp-content\/uploads\/2022\/10\/louva_deus.jpg","datePublished":"2022-10-28T17:33:18+00:00","dateModified":"2023-01-27T15:14:09+00:00","breadcrumb":{"@id":"https:\/\/jornalfatosenoticias.com.br\/index.php\/2022\/10\/28\/expedicao-revela-a-surpreendente-fauna-noturna-da-floresta-amazonica\/#breadcrumb"},"inLanguage":"pt-BR","potentialAction":[{"@type":"ReadAction","target":["https:\/\/jornalfatosenoticias.com.br\/index.php\/2022\/10\/28\/expedicao-revela-a-surpreendente-fauna-noturna-da-floresta-amazonica\/"]}]},{"@type":"ImageObject","inLanguage":"pt-BR","@id":"https:\/\/jornalfatosenoticias.com.br\/index.php\/2022\/10\/28\/expedicao-revela-a-surpreendente-fauna-noturna-da-floresta-amazonica\/#primaryimage","url":"https:\/\/jornalfatosenoticias.com.br\/wp-content\/uploads\/2022\/10\/louva_deus.jpg","contentUrl":"https:\/\/jornalfatosenoticias.com.br\/wp-content\/uploads\/2022\/10\/louva_deus.jpg","width":1000,"height":642},{"@type":"BreadcrumbList","@id":"https:\/\/jornalfatosenoticias.com.br\/index.php\/2022\/10\/28\/expedicao-revela-a-surpreendente-fauna-noturna-da-floresta-amazonica\/#breadcrumb","itemListElement":[{"@type":"ListItem","position":1,"name":"In\u00edcio","item":"https:\/\/jornalfatosenoticias.com.br\/"},{"@type":"ListItem","position":2,"name":"Expedi\u00e7\u00e3o revela a surpreendente fauna noturna da floresta amaz\u00f4nica"}]},{"@type":"WebSite","@id":"https:\/\/jornalfatosenoticias.com.br\/#website","url":"https:\/\/jornalfatosenoticias.com.br\/","name":"Jornal Fatos e Not\u00edcias","description":"Not\u00edcias em geral","publisher":{"@id":"https:\/\/jornalfatosenoticias.com.br\/#organization"},"potentialAction":[{"@type":"SearchAction","target":{"@type":"EntryPoint","urlTemplate":"https:\/\/jornalfatosenoticias.com.br\/?s={search_term_string}"},"query-input":{"@type":"PropertyValueSpecification","valueRequired":true,"valueName":"search_term_string"}}],"inLanguage":"pt-BR"},{"@type":"Organization","@id":"https:\/\/jornalfatosenoticias.com.br\/#organization","name":"Jornal Fatos e Not\u00edcias","url":"https:\/\/jornalfatosenoticias.com.br\/","logo":{"@type":"ImageObject","inLanguage":"pt-BR","@id":"https:\/\/jornalfatosenoticias.com.br\/#\/schema\/logo\/image\/","url":"https:\/\/jornalfatosenoticias.com.br\/wp-content\/uploads\/2020\/02\/logo120.png","contentUrl":"https:\/\/jornalfatosenoticias.com.br\/wp-content\/uploads\/2020\/02\/logo120.png","width":1227,"height":120,"caption":"Jornal Fatos e Not\u00edcias"},"image":{"@id":"https:\/\/jornalfatosenoticias.com.br\/#\/schema\/logo\/image\/"}},{"@type":"Person","@id":"https:\/\/jornalfatosenoticias.com.br\/#\/schema\/person\/d63837fa13ac8666eb9e74e0985d6f81","name":"Luzimara Fernandes","image":{"@type":"ImageObject","inLanguage":"pt-BR","@id":"https:\/\/jornalfatosenoticias.com.br\/#\/schema\/person\/image\/","url":"https:\/\/jornalfatosenoticias.com.br\/wp-content\/uploads\/2025\/05\/EU_portal.jpg","contentUrl":"https:\/\/jornalfatosenoticias.com.br\/wp-content\/uploads\/2025\/05\/EU_portal.jpg","caption":"Luzimara Fernandes"},"description":"Jornalista MTB 2358-ES","sameAs":["https:\/\/jornalfatosenoticias.com.br"],"url":"https:\/\/jornalfatosenoticias.com.br\/index.php\/author\/luzimara\/"}]}},"cc_featured_image_caption":{"caption_text":"(Foto: Reprodu\u00e7\u00e3o Territ\u00f3rio Secreto)","source_text":"","source_url":""},"jetpack_featured_media_url":"https:\/\/jornalfatosenoticias.com.br\/wp-content\/uploads\/2022\/10\/louva_deus.jpg","_links":{"self":[{"href":"https:\/\/jornalfatosenoticias.com.br\/index.php\/wp-json\/wp\/v2\/posts\/35655","targetHints":{"allow":["GET"]}}],"collection":[{"href":"https:\/\/jornalfatosenoticias.com.br\/index.php\/wp-json\/wp\/v2\/posts"}],"about":[{"href":"https:\/\/jornalfatosenoticias.com.br\/index.php\/wp-json\/wp\/v2\/types\/post"}],"author":[{"embeddable":true,"href":"https:\/\/jornalfatosenoticias.com.br\/index.php\/wp-json\/wp\/v2\/users\/2"}],"replies":[{"embeddable":true,"href":"https:\/\/jornalfatosenoticias.com.br\/index.php\/wp-json\/wp\/v2\/comments?post=35655"}],"version-history":[{"count":0,"href":"https:\/\/jornalfatosenoticias.com.br\/index.php\/wp-json\/wp\/v2\/posts\/35655\/revisions"}],"wp:featuredmedia":[{"embeddable":true,"href":"https:\/\/jornalfatosenoticias.com.br\/index.php\/wp-json\/wp\/v2\/media\/35656"}],"wp:attachment":[{"href":"https:\/\/jornalfatosenoticias.com.br\/index.php\/wp-json\/wp\/v2\/media?parent=35655"}],"wp:term":[{"taxonomy":"category","embeddable":true,"href":"https:\/\/jornalfatosenoticias.com.br\/index.php\/wp-json\/wp\/v2\/categories?post=35655"},{"taxonomy":"post_tag","embeddable":true,"href":"https:\/\/jornalfatosenoticias.com.br\/index.php\/wp-json\/wp\/v2\/tags?post=35655"}],"curies":[{"name":"wp","href":"https:\/\/api.w.org\/{rel}","templated":true}]}}