{"id":3567,"date":"2020-04-23T17:13:46","date_gmt":"2020-04-23T20:13:46","guid":{"rendered":"https:\/\/jornalfatosenoticias.com.br\/?p=3567"},"modified":"2020-04-23T17:13:52","modified_gmt":"2020-04-23T20:13:52","slug":"amazonia-pode-ter-90-da-fauna-sob-risco-termico-em-2050","status":"publish","type":"post","link":"https:\/\/jornalfatosenoticias.com.br\/index.php\/2020\/04\/23\/amazonia-pode-ter-90-da-fauna-sob-risco-termico-em-2050\/","title":{"rendered":"Amaz\u00f4nia pode ter 90% da fauna sob risco t\u00e9rmico em 2050"},"content":{"rendered":"\n<h6 class=\"wp-block-heading\"><em>Para combater \u00e0s mudan\u00e7as clim\u00e1ticas, \u00e9 preciso preservar as florestas<\/em><\/h6>\n\n\n\n<p>No meio do s\u00e9culo, grandes \u00e1reas da Amaz\u00f4nia ter\u00e3o entre 80% e 100% de suas esp\u00e9cies de animais abruptamente expostas a temperaturas jamais experimentadas por elas. Algumas podem n\u00e3o resistir e se extinguir, provocando um efeito cascata em todo o ecossistema. Os resultados s\u00e3o de um novo estudo que mostra como o aquecimento global pode impactar a fauna em todo o planeta, com efeito mais severo nos tr\u00f3picos.<br>Se nada for feito para conter emiss\u00f5es de gases de efeito estufa, antes do fim do s\u00e9culo, 81% dos grupos de esp\u00e9cies terrestres e 37% dos de esp\u00e9cies marinhas ter\u00e3o ao menos uma esp\u00e9cie vivendo al\u00e9m do limite de temperatura. Nos tr\u00f3picos, onde os bichos j\u00e1 vivem perto do limite, 68% dos grupos de esp\u00e9cies terrestres e 39% dos de esp\u00e9cies marinhas ter\u00e3o ao menos 20% de suas esp\u00e9cies vivendo em superaquecimento.<br>Regi\u00f5es como a Amaz\u00f4nia, o Sahel, o noroeste da Austr\u00e1lia e o Sudeste Asi\u00e1tico poder\u00e3o ter 90% de suas comunidades de animais empurradas para al\u00e9m do limite de temperatura no qual elas evolu\u00edram por milhares de anos. Pior ainda: em muitos casos a virada ser\u00e1 abrupta, ou seja, ocorrer\u00e1 em intervalos de tempo muito curtos, de uma d\u00e9cada ou menos. \u00c9 o caso da Amaz\u00f4nia, onde a maior parte das esp\u00e9cies entra na zona quente por volta de 2050.<br>Isso n\u00e3o significa necessariamente extin\u00e7\u00e3o, mas indica que todo o ecossistema foi empurrado para a beira de um precip\u00edcio. Algumas esp\u00e9cies podem cair imediatamente. Outras podem ficar t\u00e3o na beirada que qualquer peteleco pode faz\u00ea-las despencar.<br>\u201cA exposi\u00e7\u00e3o marca o ponto a partir do qual n\u00f3s entramos em territ\u00f3rio desconhecido e nossa incerteza sobre a capacidade de uma esp\u00e9cie sobreviver na natureza aumenta dramaticamente\u201d, diz Alex Pigot, do University College de Londres. O bi\u00f3logo e mais dois colegas da \u00c1frica do Sul e dos EUA publicaram o estudo, no dia 8 deste m\u00eas, na revista cient\u00edfica Nature.<br>E talvez nem seja preciso esperar 20 anos para come\u00e7ar a ver esses efeitos. As proje\u00e7\u00f5es do trio de pesquisadores indicam que os oceanos tropicais podem ter suas comunidades animais (\u201cassembleias\u201d, no jarg\u00e3o dos pesquisadores) lan\u00e7adas na beira do abismo antes de 2030. De fato, pode ser que isso j\u00e1 esteja acontecendo com os recifes de coral.<br>Em 2020 estamos assistindo ao terceiro evento de branqueamento em massa de corais da Grande Barreira australiana em cinco anos. O branqueamento \u00e9 causado por ondas de calor marinhas. A temperatura da \u00e1gua sobe tanto que as microalgas que d\u00e3o cor aos corais n\u00e3o conseguem sobreviver, deixando as col\u00f4nias brancas \u2013 e matando-as de fome.<br>\u201cOs intervalos entre esses eventos est\u00e3o ficando cada vez mais curtos, dando menos tempo para os corais se recuperarem\u201d, disse Pigot. \u201cInfelizmente nossos modelos est\u00e3o projetando que na pr\u00f3xima d\u00e9cada o que hoje consideramos uma condi\u00e7\u00e3o extrema se torne o novo normal\u201d. A exposi\u00e7\u00e3o ao calor, afirma, pode levar a extin\u00e7\u00f5es locais nesse caso.<br>Entender como a biodiversidade sofrer\u00e1 com a mudan\u00e7a clim\u00e1tica tem sido um desafio para os cientistas. Ao mesmo tempo, \u00e9 fundamental para orientar estrat\u00e9gias de conserva\u00e7\u00e3o e adapta\u00e7\u00e3o. Se um ecossistema pode ser muito afetado pelo aquecimento da Terra, ent\u00e3o provavelmente \u00e9 uma boa ideia conserv\u00e1-lo hoje para evitar que os efeitos cumulativos de clima, desmatamento e outras formas de explora\u00e7\u00e3o predat\u00f3ria acelerem o processo.<br>No entanto, a maioria dos estudos olha para cen\u00e1rios de extin\u00e7\u00e3o de esp\u00e9cies individuais no fim do s\u00e9culo, em vez de considerar a perspectiva, mais realista, de uma caminhada de todo o grupo de esp\u00e9cies que partilha um mesmo ambiente para o abismo.<br>Pigot e seus colegas usaram os resultados de 22 modelos clim\u00e1ticos e os cruzaram com a distribui\u00e7\u00e3o geogr\u00e1fica de mais de 30.600 esp\u00e9cies para saber qual era o limite de temperatura tolerado por elas. A partir disso, projetaram o clima futuro segundo tr\u00eas cen\u00e1rios do IPCC, o painel do clima da ONU: o chamado RCP 2.6, no qual o Acordo de Paris \u00e9 cumprido e o aquecimento fica abaixo de 2\u00baC neste s\u00e9culo; o RCP 4.5, um cen\u00e1rio intermedi\u00e1rio; e o RCP 8.5, no qual n\u00e3o se faz nada para conter emiss\u00f5es e a temperatura sobe 4\u00baC. As proje\u00e7\u00f5es de ruptura do ecossistema amaz\u00f4nico apresentadas acima foram feitas nesse pior cen\u00e1rio.<\/p>\n\n\n\n<figure class=\"wp-block-image size-large\"><img loading=\"lazy\" decoding=\"async\" width=\"1000\" height=\"561\" src=\"https:\/\/jornalfatosenoticias.com.br\/wp-content\/uploads\/2020\/04\/amazonia_Marizilda-Cruppe-Rede-Amaz\u00f4nia-Sustent\u00e1vel.jpg\" alt=\"\" class=\"wp-image-3568\" srcset=\"https:\/\/jornalfatosenoticias.com.br\/wp-content\/uploads\/2020\/04\/amazonia_Marizilda-Cruppe-Rede-Amaz\u00f4nia-Sustent\u00e1vel.jpg 1000w, https:\/\/jornalfatosenoticias.com.br\/wp-content\/uploads\/2020\/04\/amazonia_Marizilda-Cruppe-Rede-Amaz\u00f4nia-Sustent\u00e1vel-300x168.jpg 300w, https:\/\/jornalfatosenoticias.com.br\/wp-content\/uploads\/2020\/04\/amazonia_Marizilda-Cruppe-Rede-Amaz\u00f4nia-Sustent\u00e1vel-768x431.jpg 768w\" sizes=\"auto, (max-width: 1000px) 100vw, 1000px\" \/><figcaption><em>Esp\u00e9cies da fauna amaz\u00f4nica amea\u00e7adas de extin\u00e7\u00e3o pelo aquecimento em 2050 (Foto: Marizilda Cruppe\/Rede Amaz\u00f4nia Sustent\u00e1vel)<\/em><\/figcaption><\/figure>\n\n\n\n<p><br>Mesmo com as promessas dos pa\u00edses no Acordo de Paris para cortar emiss\u00f5es, Pigot acha que \u00e9 cedo para descartar o cen\u00e1rio 8.5. \u201cH\u00e1 feedbacks potenciais no sistema terrestre que podem levar a um aumento de emiss\u00f5es por fontes naturais. Isso significa que um grande aquecimento, correspondente ao cen\u00e1rio 8.5, ainda \u00e9 muito prov\u00e1vel se n\u00e3o agirmos agora e depressa\u201d.<br>\u201cEsse estudo \u00e9 muito importante e sai em boa hora. Pela primeira vez o impacto sobre esp\u00e9cies do aumento de temperatura causado pelas mudan\u00e7as clim\u00e1ticas \u00e9 projetado para coletivos ou assembleias de esp\u00e9cies e n\u00e3o para esp\u00e9cies individualmente\u201d, disse o bi\u00f3logo Fabio Scarano, da UFRJ e da Funda\u00e7\u00e3o Brasileira para o Desenvolvimento Sustent\u00e1vel. A boa not\u00edcia do trabalho, prossegue, \u00e9 que se a sociedade global alcan\u00e7ar a meta do Acordo de Paris menos de 2% das assembleias de esp\u00e9cies mundo afora sofreriam disrup\u00e7\u00f5es.<br>\u201c\u00c0 luz da mudan\u00e7a de comportamento planet\u00e1rio ao longo desse \u00faltimo m\u00eas de mar\u00e7o, com uma brutal redu\u00e7\u00e3o na emiss\u00e3o de gases estufa por conta do confinamento, j\u00e1 n\u00e3o parece t\u00e3o imposs\u00edvel frear a r\u00e1pida velocidade das mudan\u00e7as clim\u00e1ticas. Tomara que possamos faz\u00ea-lo por sabedoria, ao inv\u00e9s de em resposta a novas pestes, que certamente ir\u00e3o proliferar em um cen\u00e1rio de biodiversidade abruptamente em decl\u00ednio\u201d.<\/p>\n\n\n\n<p><strong><em>Fonte: <a href=\"https:\/\/www.oeco.org.br\/reportagens\/amazonia-pode-ter-90-da-fauna-sob-risco-termico-em-2050\/\">((o))eco<\/a><\/em><\/strong><\/p>\n","protected":false},"excerpt":{"rendered":"<p>Para combater \u00e0s mudan\u00e7as clim\u00e1ticas, \u00e9 preciso preservar as florestas No meio do s\u00e9culo, grandes \u00e1reas da Amaz\u00f4nia ter\u00e3o entre 80% e 100% de suas esp\u00e9cies de animais abruptamente expostas a temperaturas jamais experimentadas por elas. Algumas podem n\u00e3o resistir e se extinguir, provocando um efeito cascata em todo o ecossistema. Os resultados s\u00e3o de [&hellip;]<\/p>\n","protected":false},"author":2,"featured_media":3569,"comment_status":"open","ping_status":"open","sticky":false,"template":"","format":"standard","meta":{"footnotes":""},"categories":[8],"tags":[1937,1812,362,1375,334,516,524],"class_list":["post-3567","post","type-post","status-publish","format-standard","has-post-thumbnail","hentry","category-meio-ambiente","tag-acordo-de-paris","tag-amazonia-legal","tag-aquecimento-global","tag-australia","tag-biodiversidade","tag-conservacao","tag-especies"],"yoast_head":"<!-- This site is optimized with the Yoast SEO plugin v26.5 - https:\/\/yoast.com\/wordpress\/plugins\/seo\/ -->\n<title>Amaz\u00f4nia pode ter 90% da fauna sob risco t\u00e9rmico em 2050 - Jornal Fatos e Not\u00edcias<\/title>\n<meta name=\"robots\" content=\"index, follow, max-snippet:-1, max-image-preview:large, max-video-preview:-1\" \/>\n<link rel=\"canonical\" href=\"https:\/\/jornalfatosenoticias.com.br\/index.php\/2020\/04\/23\/amazonia-pode-ter-90-da-fauna-sob-risco-termico-em-2050\/\" \/>\n<meta property=\"og:locale\" content=\"pt_BR\" \/>\n<meta property=\"og:type\" content=\"article\" \/>\n<meta property=\"og:title\" content=\"Amaz\u00f4nia pode ter 90% da fauna sob risco t\u00e9rmico em 2050 - Jornal Fatos e Not\u00edcias\" \/>\n<meta property=\"og:description\" content=\"Para combater \u00e0s mudan\u00e7as clim\u00e1ticas, \u00e9 preciso preservar as florestas No meio do s\u00e9culo, grandes \u00e1reas da Amaz\u00f4nia ter\u00e3o entre 80% e 100% de suas esp\u00e9cies de animais abruptamente expostas a temperaturas jamais experimentadas por elas. Algumas podem n\u00e3o resistir e se extinguir, provocando um efeito cascata em todo o ecossistema. Os resultados s\u00e3o de [&hellip;]\" \/>\n<meta property=\"og:url\" content=\"https:\/\/jornalfatosenoticias.com.br\/index.php\/2020\/04\/23\/amazonia-pode-ter-90-da-fauna-sob-risco-termico-em-2050\/\" \/>\n<meta property=\"og:site_name\" content=\"Jornal Fatos e Not\u00edcias\" \/>\n<meta property=\"article:published_time\" content=\"2020-04-23T20:13:46+00:00\" \/>\n<meta property=\"article:modified_time\" content=\"2020-04-23T20:13:52+00:00\" \/>\n<meta property=\"og:image\" content=\"https:\/\/jornalfatosenoticias.com.br\/wp-content\/uploads\/2020\/04\/boto-cor-de-rosa.jpg\" \/>\n\t<meta property=\"og:image:width\" content=\"1000\" \/>\n\t<meta property=\"og:image:height\" content=\"511\" \/>\n\t<meta property=\"og:image:type\" content=\"image\/jpeg\" \/>\n<meta name=\"author\" content=\"Luzimara Fernandes\" \/>\n<meta name=\"twitter:card\" content=\"summary_large_image\" \/>\n<meta name=\"twitter:label1\" content=\"Escrito por\" \/>\n\t<meta name=\"twitter:data1\" content=\"Luzimara Fernandes\" \/>\n\t<meta name=\"twitter:label2\" content=\"Est. tempo de leitura\" \/>\n\t<meta name=\"twitter:data2\" content=\"5 minutos\" \/>\n<script type=\"application\/ld+json\" class=\"yoast-schema-graph\">{\"@context\":\"https:\/\/schema.org\",\"@graph\":[{\"@type\":\"Article\",\"@id\":\"https:\/\/jornalfatosenoticias.com.br\/index.php\/2020\/04\/23\/amazonia-pode-ter-90-da-fauna-sob-risco-termico-em-2050\/#article\",\"isPartOf\":{\"@id\":\"https:\/\/jornalfatosenoticias.com.br\/index.php\/2020\/04\/23\/amazonia-pode-ter-90-da-fauna-sob-risco-termico-em-2050\/\"},\"author\":{\"name\":\"Luzimara Fernandes\",\"@id\":\"https:\/\/jornalfatosenoticias.com.br\/#\/schema\/person\/d63837fa13ac8666eb9e74e0985d6f81\"},\"headline\":\"Amaz\u00f4nia pode ter 90% da fauna sob risco t\u00e9rmico em 2050\",\"datePublished\":\"2020-04-23T20:13:46+00:00\",\"dateModified\":\"2020-04-23T20:13:52+00:00\",\"mainEntityOfPage\":{\"@id\":\"https:\/\/jornalfatosenoticias.com.br\/index.php\/2020\/04\/23\/amazonia-pode-ter-90-da-fauna-sob-risco-termico-em-2050\/\"},\"wordCount\":1044,\"commentCount\":0,\"publisher\":{\"@id\":\"https:\/\/jornalfatosenoticias.com.br\/#organization\"},\"image\":{\"@id\":\"https:\/\/jornalfatosenoticias.com.br\/index.php\/2020\/04\/23\/amazonia-pode-ter-90-da-fauna-sob-risco-termico-em-2050\/#primaryimage\"},\"thumbnailUrl\":\"https:\/\/jornalfatosenoticias.com.br\/wp-content\/uploads\/2020\/04\/boto-cor-de-rosa.jpg\",\"keywords\":[\"Acordo de Paris\",\"Amaz\u00f4nia Legal\",\"aquecimento global\",\"Austr\u00e1lia\",\"biodiversidade\",\"conserva\u00e7\u00e3o\",\"esp\u00e9cies\"],\"articleSection\":[\"Meio ambiente\"],\"inLanguage\":\"pt-BR\",\"potentialAction\":[{\"@type\":\"CommentAction\",\"name\":\"Comment\",\"target\":[\"https:\/\/jornalfatosenoticias.com.br\/index.php\/2020\/04\/23\/amazonia-pode-ter-90-da-fauna-sob-risco-termico-em-2050\/#respond\"]}]},{\"@type\":\"WebPage\",\"@id\":\"https:\/\/jornalfatosenoticias.com.br\/index.php\/2020\/04\/23\/amazonia-pode-ter-90-da-fauna-sob-risco-termico-em-2050\/\",\"url\":\"https:\/\/jornalfatosenoticias.com.br\/index.php\/2020\/04\/23\/amazonia-pode-ter-90-da-fauna-sob-risco-termico-em-2050\/\",\"name\":\"Amaz\u00f4nia pode ter 90% da fauna sob risco t\u00e9rmico em 2050 - Jornal Fatos e Not\u00edcias\",\"isPartOf\":{\"@id\":\"https:\/\/jornalfatosenoticias.com.br\/#website\"},\"primaryImageOfPage\":{\"@id\":\"https:\/\/jornalfatosenoticias.com.br\/index.php\/2020\/04\/23\/amazonia-pode-ter-90-da-fauna-sob-risco-termico-em-2050\/#primaryimage\"},\"image\":{\"@id\":\"https:\/\/jornalfatosenoticias.com.br\/index.php\/2020\/04\/23\/amazonia-pode-ter-90-da-fauna-sob-risco-termico-em-2050\/#primaryimage\"},\"thumbnailUrl\":\"https:\/\/jornalfatosenoticias.com.br\/wp-content\/uploads\/2020\/04\/boto-cor-de-rosa.jpg\",\"datePublished\":\"2020-04-23T20:13:46+00:00\",\"dateModified\":\"2020-04-23T20:13:52+00:00\",\"breadcrumb\":{\"@id\":\"https:\/\/jornalfatosenoticias.com.br\/index.php\/2020\/04\/23\/amazonia-pode-ter-90-da-fauna-sob-risco-termico-em-2050\/#breadcrumb\"},\"inLanguage\":\"pt-BR\",\"potentialAction\":[{\"@type\":\"ReadAction\",\"target\":[\"https:\/\/jornalfatosenoticias.com.br\/index.php\/2020\/04\/23\/amazonia-pode-ter-90-da-fauna-sob-risco-termico-em-2050\/\"]}]},{\"@type\":\"ImageObject\",\"inLanguage\":\"pt-BR\",\"@id\":\"https:\/\/jornalfatosenoticias.com.br\/index.php\/2020\/04\/23\/amazonia-pode-ter-90-da-fauna-sob-risco-termico-em-2050\/#primaryimage\",\"url\":\"https:\/\/jornalfatosenoticias.com.br\/wp-content\/uploads\/2020\/04\/boto-cor-de-rosa.jpg\",\"contentUrl\":\"https:\/\/jornalfatosenoticias.com.br\/wp-content\/uploads\/2020\/04\/boto-cor-de-rosa.jpg\",\"width\":1000,\"height\":511},{\"@type\":\"BreadcrumbList\",\"@id\":\"https:\/\/jornalfatosenoticias.com.br\/index.php\/2020\/04\/23\/amazonia-pode-ter-90-da-fauna-sob-risco-termico-em-2050\/#breadcrumb\",\"itemListElement\":[{\"@type\":\"ListItem\",\"position\":1,\"name\":\"In\u00edcio\",\"item\":\"https:\/\/jornalfatosenoticias.com.br\/\"},{\"@type\":\"ListItem\",\"position\":2,\"name\":\"Amaz\u00f4nia pode ter 90% da fauna sob risco t\u00e9rmico em 2050\"}]},{\"@type\":\"WebSite\",\"@id\":\"https:\/\/jornalfatosenoticias.com.br\/#website\",\"url\":\"https:\/\/jornalfatosenoticias.com.br\/\",\"name\":\"Jornal Fatos e Not\u00edcias\",\"description\":\"Not\u00edcias em geral\",\"publisher\":{\"@id\":\"https:\/\/jornalfatosenoticias.com.br\/#organization\"},\"potentialAction\":[{\"@type\":\"SearchAction\",\"target\":{\"@type\":\"EntryPoint\",\"urlTemplate\":\"https:\/\/jornalfatosenoticias.com.br\/?s={search_term_string}\"},\"query-input\":{\"@type\":\"PropertyValueSpecification\",\"valueRequired\":true,\"valueName\":\"search_term_string\"}}],\"inLanguage\":\"pt-BR\"},{\"@type\":\"Organization\",\"@id\":\"https:\/\/jornalfatosenoticias.com.br\/#organization\",\"name\":\"Jornal Fatos e Not\u00edcias\",\"url\":\"https:\/\/jornalfatosenoticias.com.br\/\",\"logo\":{\"@type\":\"ImageObject\",\"inLanguage\":\"pt-BR\",\"@id\":\"https:\/\/jornalfatosenoticias.com.br\/#\/schema\/logo\/image\/\",\"url\":\"https:\/\/jornalfatosenoticias.com.br\/wp-content\/uploads\/2020\/02\/logo120.png\",\"contentUrl\":\"https:\/\/jornalfatosenoticias.com.br\/wp-content\/uploads\/2020\/02\/logo120.png\",\"width\":1227,\"height\":120,\"caption\":\"Jornal Fatos e Not\u00edcias\"},\"image\":{\"@id\":\"https:\/\/jornalfatosenoticias.com.br\/#\/schema\/logo\/image\/\"}},{\"@type\":\"Person\",\"@id\":\"https:\/\/jornalfatosenoticias.com.br\/#\/schema\/person\/d63837fa13ac8666eb9e74e0985d6f81\",\"name\":\"Luzimara Fernandes\",\"image\":{\"@type\":\"ImageObject\",\"inLanguage\":\"pt-BR\",\"@id\":\"https:\/\/jornalfatosenoticias.com.br\/#\/schema\/person\/image\/\",\"url\":\"https:\/\/jornalfatosenoticias.com.br\/wp-content\/uploads\/2025\/05\/EU_portal.jpg\",\"contentUrl\":\"https:\/\/jornalfatosenoticias.com.br\/wp-content\/uploads\/2025\/05\/EU_portal.jpg\",\"caption\":\"Luzimara Fernandes\"},\"description\":\"Jornalista MTB 2358-ES\",\"sameAs\":[\"https:\/\/jornalfatosenoticias.com.br\"],\"url\":\"https:\/\/jornalfatosenoticias.com.br\/index.php\/author\/luzimara\/\"}]}<\/script>\n<!-- \/ Yoast SEO plugin. -->","yoast_head_json":{"title":"Amaz\u00f4nia pode ter 90% da fauna sob risco t\u00e9rmico em 2050 - Jornal Fatos e Not\u00edcias","robots":{"index":"index","follow":"follow","max-snippet":"max-snippet:-1","max-image-preview":"max-image-preview:large","max-video-preview":"max-video-preview:-1"},"canonical":"https:\/\/jornalfatosenoticias.com.br\/index.php\/2020\/04\/23\/amazonia-pode-ter-90-da-fauna-sob-risco-termico-em-2050\/","og_locale":"pt_BR","og_type":"article","og_title":"Amaz\u00f4nia pode ter 90% da fauna sob risco t\u00e9rmico em 2050 - Jornal Fatos e Not\u00edcias","og_description":"Para combater \u00e0s mudan\u00e7as clim\u00e1ticas, \u00e9 preciso preservar as florestas No meio do s\u00e9culo, grandes \u00e1reas da Amaz\u00f4nia ter\u00e3o entre 80% e 100% de suas esp\u00e9cies de animais abruptamente expostas a temperaturas jamais experimentadas por elas. Algumas podem n\u00e3o resistir e se extinguir, provocando um efeito cascata em todo o ecossistema. Os resultados s\u00e3o de [&hellip;]","og_url":"https:\/\/jornalfatosenoticias.com.br\/index.php\/2020\/04\/23\/amazonia-pode-ter-90-da-fauna-sob-risco-termico-em-2050\/","og_site_name":"Jornal Fatos e Not\u00edcias","article_published_time":"2020-04-23T20:13:46+00:00","article_modified_time":"2020-04-23T20:13:52+00:00","og_image":[{"width":1000,"height":511,"url":"https:\/\/jornalfatosenoticias.com.br\/wp-content\/uploads\/2020\/04\/boto-cor-de-rosa.jpg","type":"image\/jpeg"}],"author":"Luzimara Fernandes","twitter_card":"summary_large_image","twitter_misc":{"Escrito por":"Luzimara Fernandes","Est. tempo de leitura":"5 minutos"},"schema":{"@context":"https:\/\/schema.org","@graph":[{"@type":"Article","@id":"https:\/\/jornalfatosenoticias.com.br\/index.php\/2020\/04\/23\/amazonia-pode-ter-90-da-fauna-sob-risco-termico-em-2050\/#article","isPartOf":{"@id":"https:\/\/jornalfatosenoticias.com.br\/index.php\/2020\/04\/23\/amazonia-pode-ter-90-da-fauna-sob-risco-termico-em-2050\/"},"author":{"name":"Luzimara Fernandes","@id":"https:\/\/jornalfatosenoticias.com.br\/#\/schema\/person\/d63837fa13ac8666eb9e74e0985d6f81"},"headline":"Amaz\u00f4nia pode ter 90% da fauna sob risco t\u00e9rmico em 2050","datePublished":"2020-04-23T20:13:46+00:00","dateModified":"2020-04-23T20:13:52+00:00","mainEntityOfPage":{"@id":"https:\/\/jornalfatosenoticias.com.br\/index.php\/2020\/04\/23\/amazonia-pode-ter-90-da-fauna-sob-risco-termico-em-2050\/"},"wordCount":1044,"commentCount":0,"publisher":{"@id":"https:\/\/jornalfatosenoticias.com.br\/#organization"},"image":{"@id":"https:\/\/jornalfatosenoticias.com.br\/index.php\/2020\/04\/23\/amazonia-pode-ter-90-da-fauna-sob-risco-termico-em-2050\/#primaryimage"},"thumbnailUrl":"https:\/\/jornalfatosenoticias.com.br\/wp-content\/uploads\/2020\/04\/boto-cor-de-rosa.jpg","keywords":["Acordo de Paris","Amaz\u00f4nia Legal","aquecimento global","Austr\u00e1lia","biodiversidade","conserva\u00e7\u00e3o","esp\u00e9cies"],"articleSection":["Meio ambiente"],"inLanguage":"pt-BR","potentialAction":[{"@type":"CommentAction","name":"Comment","target":["https:\/\/jornalfatosenoticias.com.br\/index.php\/2020\/04\/23\/amazonia-pode-ter-90-da-fauna-sob-risco-termico-em-2050\/#respond"]}]},{"@type":"WebPage","@id":"https:\/\/jornalfatosenoticias.com.br\/index.php\/2020\/04\/23\/amazonia-pode-ter-90-da-fauna-sob-risco-termico-em-2050\/","url":"https:\/\/jornalfatosenoticias.com.br\/index.php\/2020\/04\/23\/amazonia-pode-ter-90-da-fauna-sob-risco-termico-em-2050\/","name":"Amaz\u00f4nia pode ter 90% da fauna sob risco t\u00e9rmico em 2050 - Jornal Fatos e Not\u00edcias","isPartOf":{"@id":"https:\/\/jornalfatosenoticias.com.br\/#website"},"primaryImageOfPage":{"@id":"https:\/\/jornalfatosenoticias.com.br\/index.php\/2020\/04\/23\/amazonia-pode-ter-90-da-fauna-sob-risco-termico-em-2050\/#primaryimage"},"image":{"@id":"https:\/\/jornalfatosenoticias.com.br\/index.php\/2020\/04\/23\/amazonia-pode-ter-90-da-fauna-sob-risco-termico-em-2050\/#primaryimage"},"thumbnailUrl":"https:\/\/jornalfatosenoticias.com.br\/wp-content\/uploads\/2020\/04\/boto-cor-de-rosa.jpg","datePublished":"2020-04-23T20:13:46+00:00","dateModified":"2020-04-23T20:13:52+00:00","breadcrumb":{"@id":"https:\/\/jornalfatosenoticias.com.br\/index.php\/2020\/04\/23\/amazonia-pode-ter-90-da-fauna-sob-risco-termico-em-2050\/#breadcrumb"},"inLanguage":"pt-BR","potentialAction":[{"@type":"ReadAction","target":["https:\/\/jornalfatosenoticias.com.br\/index.php\/2020\/04\/23\/amazonia-pode-ter-90-da-fauna-sob-risco-termico-em-2050\/"]}]},{"@type":"ImageObject","inLanguage":"pt-BR","@id":"https:\/\/jornalfatosenoticias.com.br\/index.php\/2020\/04\/23\/amazonia-pode-ter-90-da-fauna-sob-risco-termico-em-2050\/#primaryimage","url":"https:\/\/jornalfatosenoticias.com.br\/wp-content\/uploads\/2020\/04\/boto-cor-de-rosa.jpg","contentUrl":"https:\/\/jornalfatosenoticias.com.br\/wp-content\/uploads\/2020\/04\/boto-cor-de-rosa.jpg","width":1000,"height":511},{"@type":"BreadcrumbList","@id":"https:\/\/jornalfatosenoticias.com.br\/index.php\/2020\/04\/23\/amazonia-pode-ter-90-da-fauna-sob-risco-termico-em-2050\/#breadcrumb","itemListElement":[{"@type":"ListItem","position":1,"name":"In\u00edcio","item":"https:\/\/jornalfatosenoticias.com.br\/"},{"@type":"ListItem","position":2,"name":"Amaz\u00f4nia pode ter 90% da fauna sob risco t\u00e9rmico em 2050"}]},{"@type":"WebSite","@id":"https:\/\/jornalfatosenoticias.com.br\/#website","url":"https:\/\/jornalfatosenoticias.com.br\/","name":"Jornal Fatos e Not\u00edcias","description":"Not\u00edcias em geral","publisher":{"@id":"https:\/\/jornalfatosenoticias.com.br\/#organization"},"potentialAction":[{"@type":"SearchAction","target":{"@type":"EntryPoint","urlTemplate":"https:\/\/jornalfatosenoticias.com.br\/?s={search_term_string}"},"query-input":{"@type":"PropertyValueSpecification","valueRequired":true,"valueName":"search_term_string"}}],"inLanguage":"pt-BR"},{"@type":"Organization","@id":"https:\/\/jornalfatosenoticias.com.br\/#organization","name":"Jornal Fatos e Not\u00edcias","url":"https:\/\/jornalfatosenoticias.com.br\/","logo":{"@type":"ImageObject","inLanguage":"pt-BR","@id":"https:\/\/jornalfatosenoticias.com.br\/#\/schema\/logo\/image\/","url":"https:\/\/jornalfatosenoticias.com.br\/wp-content\/uploads\/2020\/02\/logo120.png","contentUrl":"https:\/\/jornalfatosenoticias.com.br\/wp-content\/uploads\/2020\/02\/logo120.png","width":1227,"height":120,"caption":"Jornal Fatos e Not\u00edcias"},"image":{"@id":"https:\/\/jornalfatosenoticias.com.br\/#\/schema\/logo\/image\/"}},{"@type":"Person","@id":"https:\/\/jornalfatosenoticias.com.br\/#\/schema\/person\/d63837fa13ac8666eb9e74e0985d6f81","name":"Luzimara Fernandes","image":{"@type":"ImageObject","inLanguage":"pt-BR","@id":"https:\/\/jornalfatosenoticias.com.br\/#\/schema\/person\/image\/","url":"https:\/\/jornalfatosenoticias.com.br\/wp-content\/uploads\/2025\/05\/EU_portal.jpg","contentUrl":"https:\/\/jornalfatosenoticias.com.br\/wp-content\/uploads\/2025\/05\/EU_portal.jpg","caption":"Luzimara Fernandes"},"description":"Jornalista MTB 2358-ES","sameAs":["https:\/\/jornalfatosenoticias.com.br"],"url":"https:\/\/jornalfatosenoticias.com.br\/index.php\/author\/luzimara\/"}]}},"cc_featured_image_caption":{"caption_text":"Boto-cor-de-rosa (Foto: GCN.net.br)\r\n","source_text":"","source_url":""},"jetpack_featured_media_url":"https:\/\/jornalfatosenoticias.com.br\/wp-content\/uploads\/2020\/04\/boto-cor-de-rosa.jpg","_links":{"self":[{"href":"https:\/\/jornalfatosenoticias.com.br\/index.php\/wp-json\/wp\/v2\/posts\/3567","targetHints":{"allow":["GET"]}}],"collection":[{"href":"https:\/\/jornalfatosenoticias.com.br\/index.php\/wp-json\/wp\/v2\/posts"}],"about":[{"href":"https:\/\/jornalfatosenoticias.com.br\/index.php\/wp-json\/wp\/v2\/types\/post"}],"author":[{"embeddable":true,"href":"https:\/\/jornalfatosenoticias.com.br\/index.php\/wp-json\/wp\/v2\/users\/2"}],"replies":[{"embeddable":true,"href":"https:\/\/jornalfatosenoticias.com.br\/index.php\/wp-json\/wp\/v2\/comments?post=3567"}],"version-history":[{"count":0,"href":"https:\/\/jornalfatosenoticias.com.br\/index.php\/wp-json\/wp\/v2\/posts\/3567\/revisions"}],"wp:featuredmedia":[{"embeddable":true,"href":"https:\/\/jornalfatosenoticias.com.br\/index.php\/wp-json\/wp\/v2\/media\/3569"}],"wp:attachment":[{"href":"https:\/\/jornalfatosenoticias.com.br\/index.php\/wp-json\/wp\/v2\/media?parent=3567"}],"wp:term":[{"taxonomy":"category","embeddable":true,"href":"https:\/\/jornalfatosenoticias.com.br\/index.php\/wp-json\/wp\/v2\/categories?post=3567"},{"taxonomy":"post_tag","embeddable":true,"href":"https:\/\/jornalfatosenoticias.com.br\/index.php\/wp-json\/wp\/v2\/tags?post=3567"}],"curies":[{"name":"wp","href":"https:\/\/api.w.org\/{rel}","templated":true}]}}