{"id":35690,"date":"2022-11-01T11:31:56","date_gmt":"2022-11-01T14:31:56","guid":{"rendered":"https:\/\/jornalfatosenoticias.com.br\/?p=35690"},"modified":"2022-11-01T11:31:57","modified_gmt":"2022-11-01T14:31:57","slug":"vergonha-na-camara-da-serra","status":"publish","type":"post","link":"https:\/\/jornalfatosenoticias.com.br\/index.php\/2022\/11\/01\/vergonha-na-camara-da-serra\/","title":{"rendered":"Vergonha na C\u00e2mara da Serra"},"content":{"rendered":"\n<p><em><span class=\"has-inline-color has-black-color\">Na surdina, vereadores criam &#8220;pacot\u00e3o da farra&#8221; para aumentar regalias que o trabalhador n\u00e3o tem<\/span><\/em><\/p>\n\n\n\n<div class=\"wp-block-image\"><figure class=\"aligncenter size-large\"><img loading=\"lazy\" decoding=\"async\" width=\"729\" height=\"90\" src=\"https:\/\/jornalfatosenoticias.com.br\/wp-content\/uploads\/2020\/02\/Logo_Mizu.png\" alt=\"\" class=\"wp-image-1441\" srcset=\"https:\/\/jornalfatosenoticias.com.br\/wp-content\/uploads\/2020\/02\/Logo_Mizu.png 729w, https:\/\/jornalfatosenoticias.com.br\/wp-content\/uploads\/2020\/02\/Logo_Mizu-300x37.png 300w\" sizes=\"auto, (max-width: 729px) 100vw, 729px\" \/><\/figure><\/div>\n\n\n\n<p>A C\u00e2mara da Serra, aprovou nesta segunda-feira (31) v\u00e1rios projetos em benef\u00edcios aos pr\u00f3prios vereadores. O &#8220;pacot\u00e3o da farra&#8221; cria mais duas vagas de parlamentar, aux\u00edlio-alimenta\u00e7\u00e3o e d\u00e9cimo terceiro sal\u00e1rio aos edis, al\u00e9m de mais trinta vagas de assessores.<br>Os vereadores escolheram o frisson do dia seguinte ao final do segundo turno das elei\u00e7\u00f5es gerais, momento em que o eleitorado estava observando atento os desdobramentos do processo eleitoral para, na surdina, passar, sem resist\u00eancia, as tais pautas consideradas impopulares.<\/p>\n\n\n\n<div class=\"wp-block-image\"><figure class=\"aligncenter size-large is-resized\"><img loading=\"lazy\" decoding=\"async\" src=\"https:\/\/jornalfatosenoticias.com.br\/wp-content\/uploads\/2020\/02\/logo-clinica-limoeiro.jpg\" alt=\"\" class=\"wp-image-34610\" width=\"280\" height=\"199\"\/><\/figure><\/div>\n\n\n\n<p>O parlamento municipal aprovou o regime de urg\u00eancia da Proposta de Emenda Constitucional (PEC) n\u00ba 5\/2022 que cria mais duas vagas de vereador. Com isso a mat\u00e9ria tramitar\u00e1 de forma acelerada. Caso aprovada, a proposta valer\u00e1 para a pr\u00f3xima legislatura, passando de 23 para 25 vereadores na Casa. Cada vereador recebe R$ 9,2 de sal\u00e1rio e ainda tem direito a nomear 15 assessores. Criando as duas novas cadeiras na C\u00e2mara, ser\u00e3o acrescidos, proporcionalmente, mais 30 assessores.<\/p>\n\n\n\n<div class=\"wp-block-image\"><figure class=\"aligncenter size-large is-resized\"><img loading=\"lazy\" decoding=\"async\" src=\"https:\/\/jornalfatosenoticias.com.br\/wp-content\/uploads\/2022\/02\/Precisao-Contabilidade-1024x724.jpg\" alt=\"\" class=\"wp-image-28088\" width=\"325\" height=\"230\"\/><\/figure><\/div>\n\n\n\n<figure class=\"wp-block-pullquote\"><blockquote><p><span class=\"has-inline-color has-luminous-vivid-orange-color\">Outro Projeto de Lei aprovado foi o n\u00ba 262\/2022, que criou \u00e0s nobres excel\u00eancias o d\u00e9cimo terceiro sal\u00e1rio. Na justificativa afirmou-se que a proposta &#8220;visa assegurar aos referidos agentes pol\u00edticos (vereadores) direitos sociais contemplados aos demais trabalhadores\u201d. Os vereadores participam de sess\u00e3o duas vezes por semana, nas segundas e quartas. Tamb\u00e9m em benef\u00edcio pr\u00f3prio aprovaram o Projeto de Lei n\u00ba 263\/2022, ao qual concedem a si mesmos um aux\u00edlio-alimenta\u00e7\u00e3o de R$ 1.500 ao m\u00eas.<\/span><\/p><\/blockquote><\/figure>\n\n\n\n<div class=\"wp-block-image\"><figure class=\"aligncenter size-large\"><img loading=\"lazy\" decoding=\"async\" width=\"1024\" height=\"111\" src=\"https:\/\/jornalfatosenoticias.com.br\/wp-content\/uploads\/2020\/02\/WhatsApp-Image-2022-09-23-at-12.09.18-1024x111.jpeg\" alt=\"\" class=\"wp-image-34527\" srcset=\"https:\/\/jornalfatosenoticias.com.br\/wp-content\/uploads\/2020\/02\/WhatsApp-Image-2022-09-23-at-12.09.18-1024x111.jpeg 1024w, https:\/\/jornalfatosenoticias.com.br\/wp-content\/uploads\/2020\/02\/WhatsApp-Image-2022-09-23-at-12.09.18-300x32.jpeg 300w, https:\/\/jornalfatosenoticias.com.br\/wp-content\/uploads\/2020\/02\/WhatsApp-Image-2022-09-23-at-12.09.18-768x83.jpeg 768w, https:\/\/jornalfatosenoticias.com.br\/wp-content\/uploads\/2020\/02\/WhatsApp-Image-2022-09-23-at-12.09.18.jpeg 1121w\" sizes=\"auto, (max-width: 1024px) 100vw, 1024px\" \/><\/figure><\/div>\n\n\n\n<div class=\"wp-block-image\"><figure class=\"aligncenter size-large\"><img loading=\"lazy\" decoding=\"async\" width=\"652\" height=\"306\" src=\"https:\/\/jornalfatosenoticias.com.br\/wp-content\/uploads\/2022\/11\/vereadores-pilantras-da-Serra.png\" alt=\"\" class=\"wp-image-35691\" srcset=\"https:\/\/jornalfatosenoticias.com.br\/wp-content\/uploads\/2022\/11\/vereadores-pilantras-da-Serra.png 652w, https:\/\/jornalfatosenoticias.com.br\/wp-content\/uploads\/2022\/11\/vereadores-pilantras-da-Serra-300x141.png 300w\" sizes=\"auto, (max-width: 652px) 100vw, 652px\" \/><\/figure><\/div>\n\n\n\n<p><strong><em>Fonte: <a href=\"https:\/\/www.folhadoes.com\/noticia\/politica-espirito-santo\/103038\/camara-serra-aprova-na-surdina-criacao-pacotao-farra-vereadores\">Folha ES<\/a><\/em><\/strong><\/p>\n","protected":false},"excerpt":{"rendered":"<p>Na surdina, vereadores criam &#8220;pacot\u00e3o da farra&#8221; para aumentar regalias que o trabalhador n\u00e3o tem A C\u00e2mara da Serra, aprovou nesta segunda-feira (31) v\u00e1rios projetos em benef\u00edcios aos pr\u00f3prios vereadores. O &#8220;pacot\u00e3o da farra&#8221; cria mais duas vagas de parlamentar, aux\u00edlio-alimenta\u00e7\u00e3o e d\u00e9cimo terceiro sal\u00e1rio aos edis, al\u00e9m de mais trinta vagas de assessores.Os vereadores [&hellip;]<\/p>\n","protected":false},"author":2,"featured_media":35692,"comment_status":"open","ping_status":"open","sticky":false,"template":"","format":"standard","meta":{"footnotes":""},"categories":[10],"tags":[8613,2129,10242,16744,16745,4781],"class_list":["post-35690","post","type-post","status-publish","format-standard","has-post-thumbnail","hentry","category-politica","tag-camara-da-serra","tag-corrupcao","tag-corrupcao-sistemica","tag-farra-com-o-dinheiro-publico","tag-surdina","tag-vergonha"],"yoast_head":"<!-- This site is optimized with the Yoast SEO plugin v26.5 - https:\/\/yoast.com\/wordpress\/plugins\/seo\/ -->\n<title>Vergonha na C\u00e2mara da Serra - Jornal Fatos e Not\u00edcias<\/title>\n<meta name=\"robots\" content=\"index, follow, max-snippet:-1, max-image-preview:large, max-video-preview:-1\" \/>\n<link rel=\"canonical\" href=\"https:\/\/jornalfatosenoticias.com.br\/index.php\/2022\/11\/01\/vergonha-na-camara-da-serra\/\" \/>\n<meta property=\"og:locale\" content=\"pt_BR\" \/>\n<meta property=\"og:type\" content=\"article\" \/>\n<meta property=\"og:title\" content=\"Vergonha na C\u00e2mara da Serra - Jornal Fatos e Not\u00edcias\" \/>\n<meta property=\"og:description\" content=\"Na surdina, vereadores criam &#8220;pacot\u00e3o da farra&#8221; para aumentar regalias que o trabalhador n\u00e3o tem A C\u00e2mara da Serra, aprovou nesta segunda-feira (31) v\u00e1rios projetos em benef\u00edcios aos pr\u00f3prios vereadores. O &#8220;pacot\u00e3o da farra&#8221; cria mais duas vagas de parlamentar, aux\u00edlio-alimenta\u00e7\u00e3o e d\u00e9cimo terceiro sal\u00e1rio aos edis, al\u00e9m de mais trinta vagas de assessores.Os vereadores [&hellip;]\" \/>\n<meta property=\"og:url\" content=\"https:\/\/jornalfatosenoticias.com.br\/index.php\/2022\/11\/01\/vergonha-na-camara-da-serra\/\" \/>\n<meta property=\"og:site_name\" content=\"Jornal Fatos e Not\u00edcias\" \/>\n<meta property=\"article:published_time\" content=\"2022-11-01T14:31:56+00:00\" \/>\n<meta property=\"article:modified_time\" content=\"2022-11-01T14:31:57+00:00\" \/>\n<meta property=\"og:image\" content=\"https:\/\/jornalfatosenoticias.com.br\/wp-content\/uploads\/2022\/11\/camara-Serra.jpg\" \/>\n\t<meta property=\"og:image:width\" content=\"1000\" \/>\n\t<meta property=\"og:image:height\" content=\"749\" \/>\n\t<meta property=\"og:image:type\" content=\"image\/jpeg\" \/>\n<meta name=\"author\" content=\"Luzimara Fernandes\" \/>\n<meta name=\"twitter:card\" content=\"summary_large_image\" \/>\n<meta name=\"twitter:label1\" content=\"Escrito por\" \/>\n\t<meta name=\"twitter:data1\" content=\"Luzimara Fernandes\" \/>\n\t<meta name=\"twitter:label2\" content=\"Est. tempo de leitura\" \/>\n\t<meta name=\"twitter:data2\" content=\"1 minuto\" \/>\n<script type=\"application\/ld+json\" class=\"yoast-schema-graph\">{\"@context\":\"https:\/\/schema.org\",\"@graph\":[{\"@type\":\"Article\",\"@id\":\"https:\/\/jornalfatosenoticias.com.br\/index.php\/2022\/11\/01\/vergonha-na-camara-da-serra\/#article\",\"isPartOf\":{\"@id\":\"https:\/\/jornalfatosenoticias.com.br\/index.php\/2022\/11\/01\/vergonha-na-camara-da-serra\/\"},\"author\":{\"name\":\"Luzimara Fernandes\",\"@id\":\"https:\/\/jornalfatosenoticias.com.br\/#\/schema\/person\/d63837fa13ac8666eb9e74e0985d6f81\"},\"headline\":\"Vergonha na C\u00e2mara da Serra\",\"datePublished\":\"2022-11-01T14:31:56+00:00\",\"dateModified\":\"2022-11-01T14:31:57+00:00\",\"mainEntityOfPage\":{\"@id\":\"https:\/\/jornalfatosenoticias.com.br\/index.php\/2022\/11\/01\/vergonha-na-camara-da-serra\/\"},\"wordCount\":274,\"commentCount\":0,\"publisher\":{\"@id\":\"https:\/\/jornalfatosenoticias.com.br\/#organization\"},\"image\":{\"@id\":\"https:\/\/jornalfatosenoticias.com.br\/index.php\/2022\/11\/01\/vergonha-na-camara-da-serra\/#primaryimage\"},\"thumbnailUrl\":\"https:\/\/jornalfatosenoticias.com.br\/wp-content\/uploads\/2022\/11\/camara-Serra.jpg\",\"keywords\":[\"C\u00e2mara da Serra\",\"corrup\u00e7\u00e3o\",\"corrup\u00e7\u00e3o sist\u00eamica\",\"farra com o dinheiro p\u00fablico\",\"surdina\",\"vergonha\"],\"articleSection\":[\"Pol\u00edtica\"],\"inLanguage\":\"pt-BR\",\"potentialAction\":[{\"@type\":\"CommentAction\",\"name\":\"Comment\",\"target\":[\"https:\/\/jornalfatosenoticias.com.br\/index.php\/2022\/11\/01\/vergonha-na-camara-da-serra\/#respond\"]}]},{\"@type\":\"WebPage\",\"@id\":\"https:\/\/jornalfatosenoticias.com.br\/index.php\/2022\/11\/01\/vergonha-na-camara-da-serra\/\",\"url\":\"https:\/\/jornalfatosenoticias.com.br\/index.php\/2022\/11\/01\/vergonha-na-camara-da-serra\/\",\"name\":\"Vergonha na C\u00e2mara da Serra - Jornal Fatos e Not\u00edcias\",\"isPartOf\":{\"@id\":\"https:\/\/jornalfatosenoticias.com.br\/#website\"},\"primaryImageOfPage\":{\"@id\":\"https:\/\/jornalfatosenoticias.com.br\/index.php\/2022\/11\/01\/vergonha-na-camara-da-serra\/#primaryimage\"},\"image\":{\"@id\":\"https:\/\/jornalfatosenoticias.com.br\/index.php\/2022\/11\/01\/vergonha-na-camara-da-serra\/#primaryimage\"},\"thumbnailUrl\":\"https:\/\/jornalfatosenoticias.com.br\/wp-content\/uploads\/2022\/11\/camara-Serra.jpg\",\"datePublished\":\"2022-11-01T14:31:56+00:00\",\"dateModified\":\"2022-11-01T14:31:57+00:00\",\"breadcrumb\":{\"@id\":\"https:\/\/jornalfatosenoticias.com.br\/index.php\/2022\/11\/01\/vergonha-na-camara-da-serra\/#breadcrumb\"},\"inLanguage\":\"pt-BR\",\"potentialAction\":[{\"@type\":\"ReadAction\",\"target\":[\"https:\/\/jornalfatosenoticias.com.br\/index.php\/2022\/11\/01\/vergonha-na-camara-da-serra\/\"]}]},{\"@type\":\"ImageObject\",\"inLanguage\":\"pt-BR\",\"@id\":\"https:\/\/jornalfatosenoticias.com.br\/index.php\/2022\/11\/01\/vergonha-na-camara-da-serra\/#primaryimage\",\"url\":\"https:\/\/jornalfatosenoticias.com.br\/wp-content\/uploads\/2022\/11\/camara-Serra.jpg\",\"contentUrl\":\"https:\/\/jornalfatosenoticias.com.br\/wp-content\/uploads\/2022\/11\/camara-Serra.jpg\",\"width\":1000,\"height\":749},{\"@type\":\"BreadcrumbList\",\"@id\":\"https:\/\/jornalfatosenoticias.com.br\/index.php\/2022\/11\/01\/vergonha-na-camara-da-serra\/#breadcrumb\",\"itemListElement\":[{\"@type\":\"ListItem\",\"position\":1,\"name\":\"In\u00edcio\",\"item\":\"https:\/\/jornalfatosenoticias.com.br\/\"},{\"@type\":\"ListItem\",\"position\":2,\"name\":\"Vergonha na C\u00e2mara da Serra\"}]},{\"@type\":\"WebSite\",\"@id\":\"https:\/\/jornalfatosenoticias.com.br\/#website\",\"url\":\"https:\/\/jornalfatosenoticias.com.br\/\",\"name\":\"Jornal Fatos e Not\u00edcias\",\"description\":\"Not\u00edcias em geral\",\"publisher\":{\"@id\":\"https:\/\/jornalfatosenoticias.com.br\/#organization\"},\"potentialAction\":[{\"@type\":\"SearchAction\",\"target\":{\"@type\":\"EntryPoint\",\"urlTemplate\":\"https:\/\/jornalfatosenoticias.com.br\/?s={search_term_string}\"},\"query-input\":{\"@type\":\"PropertyValueSpecification\",\"valueRequired\":true,\"valueName\":\"search_term_string\"}}],\"inLanguage\":\"pt-BR\"},{\"@type\":\"Organization\",\"@id\":\"https:\/\/jornalfatosenoticias.com.br\/#organization\",\"name\":\"Jornal Fatos e Not\u00edcias\",\"url\":\"https:\/\/jornalfatosenoticias.com.br\/\",\"logo\":{\"@type\":\"ImageObject\",\"inLanguage\":\"pt-BR\",\"@id\":\"https:\/\/jornalfatosenoticias.com.br\/#\/schema\/logo\/image\/\",\"url\":\"https:\/\/jornalfatosenoticias.com.br\/wp-content\/uploads\/2020\/02\/logo120.png\",\"contentUrl\":\"https:\/\/jornalfatosenoticias.com.br\/wp-content\/uploads\/2020\/02\/logo120.png\",\"width\":1227,\"height\":120,\"caption\":\"Jornal Fatos e Not\u00edcias\"},\"image\":{\"@id\":\"https:\/\/jornalfatosenoticias.com.br\/#\/schema\/logo\/image\/\"}},{\"@type\":\"Person\",\"@id\":\"https:\/\/jornalfatosenoticias.com.br\/#\/schema\/person\/d63837fa13ac8666eb9e74e0985d6f81\",\"name\":\"Luzimara Fernandes\",\"image\":{\"@type\":\"ImageObject\",\"inLanguage\":\"pt-BR\",\"@id\":\"https:\/\/jornalfatosenoticias.com.br\/#\/schema\/person\/image\/\",\"url\":\"https:\/\/jornalfatosenoticias.com.br\/wp-content\/uploads\/2025\/05\/EU_portal.jpg\",\"contentUrl\":\"https:\/\/jornalfatosenoticias.com.br\/wp-content\/uploads\/2025\/05\/EU_portal.jpg\",\"caption\":\"Luzimara Fernandes\"},\"description\":\"Jornalista MTB 2358-ES\",\"sameAs\":[\"https:\/\/jornalfatosenoticias.com.br\"],\"url\":\"https:\/\/jornalfatosenoticias.com.br\/index.php\/author\/luzimara\/\"}]}<\/script>\n<!-- \/ Yoast SEO plugin. -->","yoast_head_json":{"title":"Vergonha na C\u00e2mara da Serra - Jornal Fatos e Not\u00edcias","robots":{"index":"index","follow":"follow","max-snippet":"max-snippet:-1","max-image-preview":"max-image-preview:large","max-video-preview":"max-video-preview:-1"},"canonical":"https:\/\/jornalfatosenoticias.com.br\/index.php\/2022\/11\/01\/vergonha-na-camara-da-serra\/","og_locale":"pt_BR","og_type":"article","og_title":"Vergonha na C\u00e2mara da Serra - Jornal Fatos e Not\u00edcias","og_description":"Na surdina, vereadores criam &#8220;pacot\u00e3o da farra&#8221; para aumentar regalias que o trabalhador n\u00e3o tem A C\u00e2mara da Serra, aprovou nesta segunda-feira (31) v\u00e1rios projetos em benef\u00edcios aos pr\u00f3prios vereadores. O &#8220;pacot\u00e3o da farra&#8221; cria mais duas vagas de parlamentar, aux\u00edlio-alimenta\u00e7\u00e3o e d\u00e9cimo terceiro sal\u00e1rio aos edis, al\u00e9m de mais trinta vagas de assessores.Os vereadores [&hellip;]","og_url":"https:\/\/jornalfatosenoticias.com.br\/index.php\/2022\/11\/01\/vergonha-na-camara-da-serra\/","og_site_name":"Jornal Fatos e Not\u00edcias","article_published_time":"2022-11-01T14:31:56+00:00","article_modified_time":"2022-11-01T14:31:57+00:00","og_image":[{"width":1000,"height":749,"url":"https:\/\/jornalfatosenoticias.com.br\/wp-content\/uploads\/2022\/11\/camara-Serra.jpg","type":"image\/jpeg"}],"author":"Luzimara Fernandes","twitter_card":"summary_large_image","twitter_misc":{"Escrito por":"Luzimara Fernandes","Est. tempo de leitura":"1 minuto"},"schema":{"@context":"https:\/\/schema.org","@graph":[{"@type":"Article","@id":"https:\/\/jornalfatosenoticias.com.br\/index.php\/2022\/11\/01\/vergonha-na-camara-da-serra\/#article","isPartOf":{"@id":"https:\/\/jornalfatosenoticias.com.br\/index.php\/2022\/11\/01\/vergonha-na-camara-da-serra\/"},"author":{"name":"Luzimara Fernandes","@id":"https:\/\/jornalfatosenoticias.com.br\/#\/schema\/person\/d63837fa13ac8666eb9e74e0985d6f81"},"headline":"Vergonha na C\u00e2mara da Serra","datePublished":"2022-11-01T14:31:56+00:00","dateModified":"2022-11-01T14:31:57+00:00","mainEntityOfPage":{"@id":"https:\/\/jornalfatosenoticias.com.br\/index.php\/2022\/11\/01\/vergonha-na-camara-da-serra\/"},"wordCount":274,"commentCount":0,"publisher":{"@id":"https:\/\/jornalfatosenoticias.com.br\/#organization"},"image":{"@id":"https:\/\/jornalfatosenoticias.com.br\/index.php\/2022\/11\/01\/vergonha-na-camara-da-serra\/#primaryimage"},"thumbnailUrl":"https:\/\/jornalfatosenoticias.com.br\/wp-content\/uploads\/2022\/11\/camara-Serra.jpg","keywords":["C\u00e2mara da Serra","corrup\u00e7\u00e3o","corrup\u00e7\u00e3o sist\u00eamica","farra com o dinheiro p\u00fablico","surdina","vergonha"],"articleSection":["Pol\u00edtica"],"inLanguage":"pt-BR","potentialAction":[{"@type":"CommentAction","name":"Comment","target":["https:\/\/jornalfatosenoticias.com.br\/index.php\/2022\/11\/01\/vergonha-na-camara-da-serra\/#respond"]}]},{"@type":"WebPage","@id":"https:\/\/jornalfatosenoticias.com.br\/index.php\/2022\/11\/01\/vergonha-na-camara-da-serra\/","url":"https:\/\/jornalfatosenoticias.com.br\/index.php\/2022\/11\/01\/vergonha-na-camara-da-serra\/","name":"Vergonha na C\u00e2mara da Serra - Jornal Fatos e Not\u00edcias","isPartOf":{"@id":"https:\/\/jornalfatosenoticias.com.br\/#website"},"primaryImageOfPage":{"@id":"https:\/\/jornalfatosenoticias.com.br\/index.php\/2022\/11\/01\/vergonha-na-camara-da-serra\/#primaryimage"},"image":{"@id":"https:\/\/jornalfatosenoticias.com.br\/index.php\/2022\/11\/01\/vergonha-na-camara-da-serra\/#primaryimage"},"thumbnailUrl":"https:\/\/jornalfatosenoticias.com.br\/wp-content\/uploads\/2022\/11\/camara-Serra.jpg","datePublished":"2022-11-01T14:31:56+00:00","dateModified":"2022-11-01T14:31:57+00:00","breadcrumb":{"@id":"https:\/\/jornalfatosenoticias.com.br\/index.php\/2022\/11\/01\/vergonha-na-camara-da-serra\/#breadcrumb"},"inLanguage":"pt-BR","potentialAction":[{"@type":"ReadAction","target":["https:\/\/jornalfatosenoticias.com.br\/index.php\/2022\/11\/01\/vergonha-na-camara-da-serra\/"]}]},{"@type":"ImageObject","inLanguage":"pt-BR","@id":"https:\/\/jornalfatosenoticias.com.br\/index.php\/2022\/11\/01\/vergonha-na-camara-da-serra\/#primaryimage","url":"https:\/\/jornalfatosenoticias.com.br\/wp-content\/uploads\/2022\/11\/camara-Serra.jpg","contentUrl":"https:\/\/jornalfatosenoticias.com.br\/wp-content\/uploads\/2022\/11\/camara-Serra.jpg","width":1000,"height":749},{"@type":"BreadcrumbList","@id":"https:\/\/jornalfatosenoticias.com.br\/index.php\/2022\/11\/01\/vergonha-na-camara-da-serra\/#breadcrumb","itemListElement":[{"@type":"ListItem","position":1,"name":"In\u00edcio","item":"https:\/\/jornalfatosenoticias.com.br\/"},{"@type":"ListItem","position":2,"name":"Vergonha na C\u00e2mara da Serra"}]},{"@type":"WebSite","@id":"https:\/\/jornalfatosenoticias.com.br\/#website","url":"https:\/\/jornalfatosenoticias.com.br\/","name":"Jornal Fatos e Not\u00edcias","description":"Not\u00edcias em geral","publisher":{"@id":"https:\/\/jornalfatosenoticias.com.br\/#organization"},"potentialAction":[{"@type":"SearchAction","target":{"@type":"EntryPoint","urlTemplate":"https:\/\/jornalfatosenoticias.com.br\/?s={search_term_string}"},"query-input":{"@type":"PropertyValueSpecification","valueRequired":true,"valueName":"search_term_string"}}],"inLanguage":"pt-BR"},{"@type":"Organization","@id":"https:\/\/jornalfatosenoticias.com.br\/#organization","name":"Jornal Fatos e Not\u00edcias","url":"https:\/\/jornalfatosenoticias.com.br\/","logo":{"@type":"ImageObject","inLanguage":"pt-BR","@id":"https:\/\/jornalfatosenoticias.com.br\/#\/schema\/logo\/image\/","url":"https:\/\/jornalfatosenoticias.com.br\/wp-content\/uploads\/2020\/02\/logo120.png","contentUrl":"https:\/\/jornalfatosenoticias.com.br\/wp-content\/uploads\/2020\/02\/logo120.png","width":1227,"height":120,"caption":"Jornal Fatos e Not\u00edcias"},"image":{"@id":"https:\/\/jornalfatosenoticias.com.br\/#\/schema\/logo\/image\/"}},{"@type":"Person","@id":"https:\/\/jornalfatosenoticias.com.br\/#\/schema\/person\/d63837fa13ac8666eb9e74e0985d6f81","name":"Luzimara Fernandes","image":{"@type":"ImageObject","inLanguage":"pt-BR","@id":"https:\/\/jornalfatosenoticias.com.br\/#\/schema\/person\/image\/","url":"https:\/\/jornalfatosenoticias.com.br\/wp-content\/uploads\/2025\/05\/EU_portal.jpg","contentUrl":"https:\/\/jornalfatosenoticias.com.br\/wp-content\/uploads\/2025\/05\/EU_portal.jpg","caption":"Luzimara Fernandes"},"description":"Jornalista MTB 2358-ES","sameAs":["https:\/\/jornalfatosenoticias.com.br"],"url":"https:\/\/jornalfatosenoticias.com.br\/index.php\/author\/luzimara\/"}]}},"cc_featured_image_caption":{"caption_text":"","source_text":"","source_url":""},"jetpack_featured_media_url":"https:\/\/jornalfatosenoticias.com.br\/wp-content\/uploads\/2022\/11\/camara-Serra.jpg","_links":{"self":[{"href":"https:\/\/jornalfatosenoticias.com.br\/index.php\/wp-json\/wp\/v2\/posts\/35690","targetHints":{"allow":["GET"]}}],"collection":[{"href":"https:\/\/jornalfatosenoticias.com.br\/index.php\/wp-json\/wp\/v2\/posts"}],"about":[{"href":"https:\/\/jornalfatosenoticias.com.br\/index.php\/wp-json\/wp\/v2\/types\/post"}],"author":[{"embeddable":true,"href":"https:\/\/jornalfatosenoticias.com.br\/index.php\/wp-json\/wp\/v2\/users\/2"}],"replies":[{"embeddable":true,"href":"https:\/\/jornalfatosenoticias.com.br\/index.php\/wp-json\/wp\/v2\/comments?post=35690"}],"version-history":[{"count":0,"href":"https:\/\/jornalfatosenoticias.com.br\/index.php\/wp-json\/wp\/v2\/posts\/35690\/revisions"}],"wp:featuredmedia":[{"embeddable":true,"href":"https:\/\/jornalfatosenoticias.com.br\/index.php\/wp-json\/wp\/v2\/media\/35692"}],"wp:attachment":[{"href":"https:\/\/jornalfatosenoticias.com.br\/index.php\/wp-json\/wp\/v2\/media?parent=35690"}],"wp:term":[{"taxonomy":"category","embeddable":true,"href":"https:\/\/jornalfatosenoticias.com.br\/index.php\/wp-json\/wp\/v2\/categories?post=35690"},{"taxonomy":"post_tag","embeddable":true,"href":"https:\/\/jornalfatosenoticias.com.br\/index.php\/wp-json\/wp\/v2\/tags?post=35690"}],"curies":[{"name":"wp","href":"https:\/\/api.w.org\/{rel}","templated":true}]}}