{"id":35694,"date":"2022-11-01T12:19:24","date_gmt":"2022-11-01T15:19:24","guid":{"rendered":"https:\/\/jornalfatosenoticias.com.br\/?p=35694"},"modified":"2022-11-01T12:19:27","modified_gmt":"2022-11-01T15:19:27","slug":"crescimento-de-pesquisas-clinicas-no-brasil-e-tema-de-simposio-no-rio","status":"publish","type":"post","link":"https:\/\/jornalfatosenoticias.com.br\/index.php\/2022\/11\/01\/crescimento-de-pesquisas-clinicas-no-brasil-e-tema-de-simposio-no-rio\/","title":{"rendered":"Crescimento de pesquisas cl\u00ednicas no Brasil \u00e9 tema de simp\u00f3sio no Rio"},"content":{"rendered":"\n<p><em><span class=\"has-inline-color has-black-color\">Encontro ser\u00e1 realizado no pr\u00f3ximo dia 3<\/span><\/em><\/p>\n\n\n\n<div class=\"wp-block-image\"><figure class=\"aligncenter size-large\"><img loading=\"lazy\" decoding=\"async\" width=\"1024\" height=\"103\" src=\"https:\/\/jornalfatosenoticias.com.br\/wp-content\/uploads\/2022\/02\/Arte-Autoescola-Galatas_endereco_portal-1024x103.png\" alt=\"\" class=\"wp-image-27869\" srcset=\"https:\/\/jornalfatosenoticias.com.br\/wp-content\/uploads\/2022\/02\/Arte-Autoescola-Galatas_endereco_portal-1024x103.png 1024w, https:\/\/jornalfatosenoticias.com.br\/wp-content\/uploads\/2022\/02\/Arte-Autoescola-Galatas_endereco_portal-300x30.png 300w, https:\/\/jornalfatosenoticias.com.br\/wp-content\/uploads\/2022\/02\/Arte-Autoescola-Galatas_endereco_portal-768x77.png 768w, https:\/\/jornalfatosenoticias.com.br\/wp-content\/uploads\/2022\/02\/Arte-Autoescola-Galatas_endereco_portal.png 1223w\" sizes=\"auto, (max-width: 1024px) 100vw, 1024px\" \/><\/figure><\/div>\n\n\n\n<p>Apesar de o setor de pesquisas cl\u00ednicas vir crescendo no Brasil nos \u00faltimos anos, o Pa\u00eds ainda est\u00e1 em posi\u00e7\u00e3o de desvantagem em rela\u00e7\u00e3o ao resto do mundo, disse o diretor-presidente do Instituto Brasil de Pesquisa Cl\u00ednica (IBPClin), Lu\u00eds Russo. Segundo ele, 65% das pesquisas com novos medicamentos, vacinas e equipamentos m\u00e9dicos s\u00e3o feitos na Europa e nos Estados Unidos.<\/p>\n\n\n\n<div class=\"wp-block-image\"><figure class=\"aligncenter size-large is-resized\"><img loading=\"lazy\" decoding=\"async\" src=\"https:\/\/jornalfatosenoticias.com.br\/wp-content\/uploads\/2020\/02\/logo-clinica-limoeiro.jpg\" alt=\"\" class=\"wp-image-34610\" width=\"357\" height=\"253\"\/><\/figure><\/div>\n\n\n\n<figure class=\"wp-block-pullquote\"><blockquote><p><span class=\"has-inline-color has-luminous-vivid-orange-color\">A Am\u00e9rica Latina desenvolve apenas 4% das pesquisas com novos medicamentos\u201d.<\/span><\/p><\/blockquote><\/figure>\n\n\n\n<div class=\"wp-block-image\"><figure class=\"alignright size-large is-resized\"><img loading=\"lazy\" decoding=\"async\" src=\"https:\/\/jornalfatosenoticias.com.br\/wp-content\/uploads\/2022\/08\/logo-locau-veiculos-1024x573.png\" alt=\"\" class=\"wp-image-33078\" width=\"354\" height=\"197\"\/><\/figure><\/div>\n\n\n\n<p>No pr\u00f3ximo dia 3, o IBPClin, que integra o grupo Care Access, l\u00edder mundial em pesquisas cl\u00ednicas descentralizadas, promove simp\u00f3sio no Hotel Fairmont, em Copacabana, na zona sul do Rio, que reunir\u00e1 especialistas nacionais e estrangeiros, membros de empresas de certifica\u00e7\u00e3o e representantes de ind\u00fastrias farmac\u00eauticas para debater a expans\u00e3o dessas pesquisas no Brasil. A inten\u00e7\u00e3o \u00e9 ampliar a rede de centros de estudos na Am\u00e9rica Latina, para que o Brasil e a Am\u00e9rica do Sul tenham maior visibilidade para conduzir os projetos.<br>Russo afirmou que o Brasil, embora esteja entre os dez maiores mercados farmac\u00eauticos do mundo, em termos de pesquisa ainda se encontra na 20\u00aa posi\u00e7\u00e3o no ranking mundial.<\/p>\n\n\n\n<div class=\"wp-block-image\"><figure class=\"aligncenter size-large is-resized\"><img loading=\"lazy\" decoding=\"async\" src=\"https:\/\/jornalfatosenoticias.com.br\/wp-content\/uploads\/2020\/02\/logo-embacia.jpg\" alt=\"\" class=\"wp-image-33905\" width=\"291\" height=\"291\"\/><\/figure><\/div>\n\n\n\n<figure class=\"wp-block-pullquote\"><blockquote><p><span class=\"has-inline-color has-luminous-vivid-orange-color\">H\u00e1 muito espa\u00e7o para crescimento no Brasil, por ter uma base de centros de pesquisa instaladas de qualidade\u201d, acrescentou.<\/span><\/p><\/blockquote><\/figure>\n\n\n\n<div class=\"wp-block-image\"><figure class=\"aligncenter size-large\"><img loading=\"lazy\" decoding=\"async\" width=\"1024\" height=\"110\" src=\"https:\/\/jornalfatosenoticias.com.br\/wp-content\/uploads\/2022\/10\/Arte-jornal-Zucchi-1120x120_Prancheta-1-1024x110.jpg\" alt=\"\" class=\"wp-image-34772\" srcset=\"https:\/\/jornalfatosenoticias.com.br\/wp-content\/uploads\/2022\/10\/Arte-jornal-Zucchi-1120x120_Prancheta-1-1024x110.jpg 1024w, https:\/\/jornalfatosenoticias.com.br\/wp-content\/uploads\/2022\/10\/Arte-jornal-Zucchi-1120x120_Prancheta-1-300x32.jpg 300w, https:\/\/jornalfatosenoticias.com.br\/wp-content\/uploads\/2022\/10\/Arte-jornal-Zucchi-1120x120_Prancheta-1-768x82.jpg 768w, https:\/\/jornalfatosenoticias.com.br\/wp-content\/uploads\/2022\/10\/Arte-jornal-Zucchi-1120x120_Prancheta-1-1536x165.jpg 1536w, https:\/\/jornalfatosenoticias.com.br\/wp-content\/uploads\/2022\/10\/Arte-jornal-Zucchi-1120x120_Prancheta-1-2048x219.jpg 2048w\" sizes=\"auto, (max-width: 1024px) 100vw, 1024px\" \/><\/figure><\/div>\n\n\n\n<p><strong><span class=\"has-inline-color has-black-color\">Covid-19<br><\/span><\/strong>Para o presidente do IBPClin, o maior reflexo disso \u00e9 que durante a pandemia de covid-19, os centros de pesquisa brasileiros conduziram a maioria das vacinas existentes hoje no mercado.<\/p>\n\n\n\n<div class=\"wp-block-image\"><figure class=\"aligncenter size-large\"><img loading=\"lazy\" decoding=\"async\" width=\"300\" height=\"250\" src=\"https:\/\/jornalfatosenoticias.com.br\/wp-content\/uploads\/2022\/08\/arte-Casarao.jpg\" alt=\"\" class=\"wp-image-33178\"\/><\/figure><\/div>\n\n\n\n<figure class=\"wp-block-pullquote\"><blockquote><p><span class=\"has-inline-color has-luminous-vivid-orange-color\">O Brasil teve preval\u00eancia alta da doen\u00e7a mas, por outro lado, os estudos cl\u00ednicos foram muito bem-sucedidos, o que trouxe muita visibilidade e qualidade aos pesquisadores brasileiros\u201d.<\/span><\/p><\/blockquote><\/figure>\n\n\n\n<div class=\"wp-block-image\"><figure class=\"aligncenter size-large is-resized\"><img loading=\"lazy\" decoding=\"async\" src=\"https:\/\/jornalfatosenoticias.com.br\/wp-content\/uploads\/2020\/02\/casa-do-torresmo_portal.jpg\" alt=\"\" class=\"wp-image-34472\" width=\"280\" height=\"280\" srcset=\"https:\/\/jornalfatosenoticias.com.br\/wp-content\/uploads\/2020\/02\/casa-do-torresmo_portal.jpg 300w, https:\/\/jornalfatosenoticias.com.br\/wp-content\/uploads\/2020\/02\/casa-do-torresmo_portal-150x150.jpg 150w\" sizes=\"auto, (max-width: 280px) 100vw, 280px\" \/><\/figure><\/div>\n\n\n\n<p>Entre os centros nacionais que participaram de forma significativa do desenvolvimento de vacinas durante a pandemia, ele citou a Funda\u00e7\u00e3o Oswaldo Cruz (Fiocruz), o Instituto Butantan e o pr\u00f3prio IBPClin. Atualmente, 8.805 estudos de pesquisa cl\u00ednica s\u00e3o realizados no Pa\u00eds, o que representa cerca de 42% do total na Am\u00e9rica Latina e 68% na Am\u00e9rica do Sul. Apesar da lideran\u00e7a no cen\u00e1rio regional, o Brasil concentra apenas 2% das pesquisas cl\u00ednicas mundiais.<\/p>\n\n\n\n<div class=\"wp-block-image\"><figure class=\"aligncenter size-large\"><img decoding=\"async\" src=\"https:\/\/jornalfatosenoticias.com.br\/wp-content\/uploads\/2020\/02\/logo_esteio.jpg\" alt=\"\" class=\"wp-image-1214\"\/><\/figure><\/div>\n\n\n\n<figure class=\"wp-block-pullquote\"><blockquote><p><span class=\"has-inline-color has-luminous-vivid-orange-color\">O Brasil \u00e9 destaque. \u00c9 o Pa\u00eds que tem o maior n\u00famero de pesquisas conduzidas, patrocinadas por ind\u00fastrias farmac\u00eauticas nacionais e multinacionais, funda\u00e7\u00f5es e empresas de biotecnologia\u201d.<\/span><\/p><\/blockquote><\/figure>\n\n\n\n<div class=\"wp-block-image\"><figure class=\"aligncenter size-large\"><img decoding=\"async\" src=\"https:\/\/jornalfatosenoticias.com.br\/wp-content\/uploads\/2020\/02\/barao-das-carnes-300x164-1.jpg\" alt=\"\" class=\"wp-image-34339\"\/><\/figure><\/div>\n\n\n\n<p>A cada ano, as ind\u00fastrias farmac\u00eauticas e de biotecnologia investem US$ 130 bilh\u00f5es em pesquisa e inova\u00e7\u00e3o em n\u00edvel mundial, sendo que os estudos cl\u00ednicos movimentam em torno de US$ 30 bilh\u00f5es. Cada pesquisa demanda, em m\u00e9dia, entre cinco e dez anos para ser conclu\u00edda, mas somente 10% delas resultam em medicamentos aprovados para uso comercial.<\/p>\n\n\n\n<div class=\"wp-block-image\"><figure class=\"aligncenter size-large is-resized\"><img loading=\"lazy\" decoding=\"async\" src=\"https:\/\/jornalfatosenoticias.com.br\/wp-content\/uploads\/2022\/02\/Precisao-Contabilidade-1024x724.jpg\" alt=\"\" class=\"wp-image-28088\" width=\"304\" height=\"215\"\/><\/figure><\/div>\n\n\n\n<figure class=\"wp-block-pullquote\"><blockquote><p><span class=\"has-inline-color has-luminous-vivid-orange-color\">Para desenvolver novo medicamento, os estudos passam por fase pr\u00e9-cl\u00ednica, com animais, e fase cl\u00ednica, dividida em quatro etapas, onde h\u00e1 participa\u00e7\u00e3o de seres humanos\u201d.<\/span><\/p><\/blockquote><\/figure>\n\n\n\n<div class=\"wp-block-image\"><figure class=\"aligncenter size-large\"><img loading=\"lazy\" decoding=\"async\" width=\"1024\" height=\"100\" src=\"https:\/\/jornalfatosenoticias.com.br\/wp-content\/uploads\/2020\/02\/banner_ferramentas-1024x100.jpg\" alt=\"\" class=\"wp-image-1258\" srcset=\"https:\/\/jornalfatosenoticias.com.br\/wp-content\/uploads\/2020\/02\/banner_ferramentas-1024x100.jpg 1024w, https:\/\/jornalfatosenoticias.com.br\/wp-content\/uploads\/2020\/02\/banner_ferramentas-300x29.jpg 300w, https:\/\/jornalfatosenoticias.com.br\/wp-content\/uploads\/2020\/02\/banner_ferramentas-768x75.jpg 768w, https:\/\/jornalfatosenoticias.com.br\/wp-content\/uploads\/2020\/02\/banner_ferramentas.jpg 1227w\" sizes=\"auto, (max-width: 1024px) 100vw, 1024px\" \/><\/figure><\/div>\n\n\n\n<p><strong><span class=\"has-inline-color has-black-color\">Desburocratiza\u00e7\u00e3o<br><\/span><\/strong>O simp\u00f3sio vai abordar a import\u00e2ncia da pesquisa cl\u00ednica para o Brasil e para a Am\u00e9rica Latina e a expans\u00e3o que se pretende fazer nos pr\u00f3ximos anos.<\/p>\n\n\n\n<div class=\"wp-block-image\"><figure class=\"aligncenter size-large is-resized\"><img loading=\"lazy\" decoding=\"async\" src=\"https:\/\/jornalfatosenoticias.com.br\/wp-content\/uploads\/2020\/02\/nova-logo-Marquetti.jpg\" alt=\"\" class=\"wp-image-22331\" width=\"283\" height=\"190\" srcset=\"https:\/\/jornalfatosenoticias.com.br\/wp-content\/uploads\/2020\/02\/nova-logo-Marquetti.jpg 643w, https:\/\/jornalfatosenoticias.com.br\/wp-content\/uploads\/2020\/02\/nova-logo-Marquetti-300x202.jpg 300w\" sizes=\"auto, (max-width: 283px) 100vw, 283px\" \/><\/figure><\/div>\n\n\n\n<figure class=\"wp-block-pullquote\"><blockquote><p><span class=\"has-inline-color has-luminous-vivid-orange-color\">N\u00e3o \u00e9 \u00e0 toa que nos pa\u00edses desenvolvidos, onde se faz mais pesquisa e se usa medicamentos de ponta, as pessoas vivem mais. O que a gente busca com esses trabalhos \u00e9 uma vida mais longa e uma qualidade de vida melhor, propiciando novos medicamentos com menos efeitos colaterais. Esse \u00e9 o objetivo\u201d, disse o m\u00e9dico.<\/span><\/p><\/blockquote><\/figure>\n\n\n\n<div class=\"wp-block-image\"><figure class=\"alignleft size-large is-resized\"><img loading=\"lazy\" decoding=\"async\" src=\"https:\/\/jornalfatosenoticias.com.br\/wp-content\/uploads\/2022\/07\/Logo-Grupo-SEI.jpg\" alt=\"\" class=\"wp-image-31973\" width=\"327\" height=\"172\" srcset=\"https:\/\/jornalfatosenoticias.com.br\/wp-content\/uploads\/2022\/07\/Logo-Grupo-SEI.jpg 713w, https:\/\/jornalfatosenoticias.com.br\/wp-content\/uploads\/2022\/07\/Logo-Grupo-SEI-300x158.jpg 300w\" sizes=\"auto, (max-width: 327px) 100vw, 327px\" \/><\/figure><\/div>\n\n\n\n<p>O IBPClin aposta em aumento significativo dos estudos realizados no pa\u00eds nos pr\u00f3ximos cinco anos. Segundo Lu\u00eds Russo, o Brasil tem condi\u00e7\u00f5es de estar entre os dez primeiros pa\u00edses em pesquisas cl\u00ednicas do mundo. Para que isso ocorra, no entanto, ele defendeu a desburocratiza\u00e7\u00e3o da parte regulat\u00f3ria, com harmoniza\u00e7\u00e3o da legisla\u00e7\u00e3o brasileira \u00e0 internacional, al\u00e9m de melhora na parte log\u00edstica, maior especializa\u00e7\u00e3o do setor aeroalfandeg\u00e1rio e que os patrocinadores observem que o Pa\u00eds tem uma das maiores diversidades populacionais do mundo.<\/p>\n\n\n\n<div class=\"wp-block-image\"><figure class=\"aligncenter size-large\"><img loading=\"lazy\" decoding=\"async\" width=\"400\" height=\"375\" src=\"https:\/\/jornalfatosenoticias.com.br\/wp-content\/uploads\/2022\/10\/RC_800x750_page-0001.jpg\" alt=\"\" class=\"wp-image-35338\" srcset=\"https:\/\/jornalfatosenoticias.com.br\/wp-content\/uploads\/2022\/10\/RC_800x750_page-0001.jpg 400w, https:\/\/jornalfatosenoticias.com.br\/wp-content\/uploads\/2022\/10\/RC_800x750_page-0001-300x281.jpg 300w\" sizes=\"auto, (max-width: 400px) 100vw, 400px\" \/><\/figure><\/div>\n\n\n\n<figure class=\"wp-block-pullquote\"><blockquote><p><span class=\"has-inline-color has-luminous-vivid-orange-color\">\u00c9 um Pa\u00eds diverso. E diversidade e engajamento de volunt\u00e1rios nas pesquisas est\u00e3o na ordem do dia no Brasil&#8221;.<\/span><\/p><\/blockquote><\/figure>\n\n\n\n<div class=\"wp-block-image\"><figure class=\"aligncenter size-large\"><img decoding=\"async\" src=\"https:\/\/jornalfatosenoticias.com.br\/wp-content\/uploads\/2020\/02\/Serra-Grande-1024x160.png\" alt=\"\" class=\"wp-image-7836\"\/><\/figure><\/div>\n\n\n\n<p>Russo destacou que o Brasil tem popula\u00e7\u00e3o superior a 200 milh\u00f5es de habitantes, que se mostrou muito interessada, durante o processo eleitoral, nos rumos da sa\u00fade p\u00fablica e privada. Uma nova legisla\u00e7\u00e3o j\u00e1 se encontra no Congresso Nacional sobre pesquisas cl\u00ednicas, o Projeto de Lei 7.082\/2017. A expectativa \u00e9 que o governo eleito d\u00ea impulso \u00e0 mat\u00e9ria.<\/p>\n\n\n\n<div class=\"wp-block-image\"><figure class=\"aligncenter size-large is-resized\"><img loading=\"lazy\" decoding=\"async\" src=\"https:\/\/jornalfatosenoticias.com.br\/wp-content\/uploads\/2020\/02\/logo-Panper_portal.jpg\" alt=\"\" class=\"wp-image-34474\" width=\"289\" height=\"200\" srcset=\"https:\/\/jornalfatosenoticias.com.br\/wp-content\/uploads\/2020\/02\/logo-Panper_portal.jpg 400w, https:\/\/jornalfatosenoticias.com.br\/wp-content\/uploads\/2020\/02\/logo-Panper_portal-300x208.jpg 300w\" sizes=\"auto, (max-width: 289px) 100vw, 289px\" \/><\/figure><\/div>\n\n\n\n<figure class=\"wp-block-pullquote\"><blockquote><p><span class=\"has-inline-color has-luminous-vivid-orange-color\">Esperamos que o novo governo apoie a pesquisa cl\u00ednica\u201d.<\/span><\/p><\/blockquote><\/figure>\n\n\n\n<div class=\"wp-block-image\"><figure class=\"aligncenter size-large\"><img loading=\"lazy\" decoding=\"async\" width=\"1024\" height=\"99\" src=\"https:\/\/jornalfatosenoticias.com.br\/wp-content\/uploads\/2020\/02\/Logo-Mizu-segunda-2-1024x99.png\" alt=\"\" class=\"wp-image-2353\" srcset=\"https:\/\/jornalfatosenoticias.com.br\/wp-content\/uploads\/2020\/02\/Logo-Mizu-segunda-2-1024x99.png 1024w, https:\/\/jornalfatosenoticias.com.br\/wp-content\/uploads\/2020\/02\/Logo-Mizu-segunda-2-300x29.png 300w, https:\/\/jornalfatosenoticias.com.br\/wp-content\/uploads\/2020\/02\/Logo-Mizu-segunda-2-768x74.png 768w, https:\/\/jornalfatosenoticias.com.br\/wp-content\/uploads\/2020\/02\/Logo-Mizu-segunda-2.png 1240w\" sizes=\"auto, (max-width: 1024px) 100vw, 1024px\" \/><\/figure><\/div>\n\n\n\n<p>\u00c1reas de maior interesse s\u00e3o os estudos cl\u00ednicos com o desenvolvimento de novas vacinas e medicamentos para doen\u00e7as cr\u00f4nicas (cardiovasculares, diabetes, obesidade, hipertens\u00e3o, colesterol); dermatol\u00f3gicas, incluindo alergias; as \u00e1reas de imunologia, doen\u00e7as neurol\u00f3gicas e pulmonares; e, futuramente, a \u00e1rea de maior crescimento de novas mol\u00e9culas e op\u00e7\u00f5es terap\u00eauticas, que \u00e9 a oncologia.<\/p>\n\n\n\n<div class=\"wp-block-image\"><figure class=\"aligncenter size-large\"><img loading=\"lazy\" decoding=\"async\" width=\"1024\" height=\"100\" src=\"https:\/\/jornalfatosenoticias.com.br\/wp-content\/uploads\/2022\/05\/NOVA-LOGO-CESCONETTO-1024x100.jpg\" alt=\"\" class=\"wp-image-30792\" srcset=\"https:\/\/jornalfatosenoticias.com.br\/wp-content\/uploads\/2022\/05\/NOVA-LOGO-CESCONETTO-1024x100.jpg 1024w, https:\/\/jornalfatosenoticias.com.br\/wp-content\/uploads\/2022\/05\/NOVA-LOGO-CESCONETTO-300x29.jpg 300w, https:\/\/jornalfatosenoticias.com.br\/wp-content\/uploads\/2022\/05\/NOVA-LOGO-CESCONETTO-768x75.jpg 768w, https:\/\/jornalfatosenoticias.com.br\/wp-content\/uploads\/2022\/05\/NOVA-LOGO-CESCONETTO.jpg 1280w\" sizes=\"auto, (max-width: 1024px) 100vw, 1024px\" \/><\/figure><\/div>\n\n\n\n<p><strong><em>Fonte: <a href=\"https:\/\/agenciabrasil.ebc.com.br\/saude\/noticia\/2022-11\/crescimento-de-pesquisas-clinicas-no-brasil-e-tema-de-simposio-no-rio\">Ag\u00eancia Brasil<\/a><\/em><\/strong><\/p>\n","protected":false},"excerpt":{"rendered":"<p>Encontro ser\u00e1 realizado no pr\u00f3ximo dia 3 Apesar de o setor de pesquisas cl\u00ednicas vir crescendo no Brasil nos \u00faltimos anos, o Pa\u00eds ainda est\u00e1 em posi\u00e7\u00e3o de desvantagem em rela\u00e7\u00e3o ao resto do mundo, disse o diretor-presidente do Instituto Brasil de Pesquisa Cl\u00ednica (IBPClin), Lu\u00eds Russo. Segundo ele, 65% das pesquisas com novos medicamentos, [&hellip;]<\/p>\n","protected":false},"author":2,"featured_media":35695,"comment_status":"open","ping_status":"open","sticky":false,"template":"","format":"standard","meta":{"footnotes":""},"categories":[11],"tags":[597,16746,289,14936],"class_list":["post-35694","post","type-post","status-publish","format-standard","has-post-thumbnail","hentry","category-saude","tag-brasil","tag-pesquisa-clinica","tag-rio-de-janeiro","tag-simposio"],"yoast_head":"<!-- This site is optimized with the Yoast SEO plugin v26.5 - https:\/\/yoast.com\/wordpress\/plugins\/seo\/ -->\n<title>Crescimento de pesquisas cl\u00ednicas no Brasil \u00e9 tema de simp\u00f3sio no Rio - Jornal Fatos e Not\u00edcias<\/title>\n<meta name=\"robots\" content=\"index, follow, max-snippet:-1, max-image-preview:large, max-video-preview:-1\" \/>\n<link rel=\"canonical\" href=\"https:\/\/jornalfatosenoticias.com.br\/index.php\/2022\/11\/01\/crescimento-de-pesquisas-clinicas-no-brasil-e-tema-de-simposio-no-rio\/\" \/>\n<meta property=\"og:locale\" content=\"pt_BR\" \/>\n<meta property=\"og:type\" content=\"article\" \/>\n<meta property=\"og:title\" content=\"Crescimento de pesquisas cl\u00ednicas no Brasil \u00e9 tema de simp\u00f3sio no Rio - Jornal Fatos e Not\u00edcias\" \/>\n<meta property=\"og:description\" content=\"Encontro ser\u00e1 realizado no pr\u00f3ximo dia 3 Apesar de o setor de pesquisas cl\u00ednicas vir crescendo no Brasil nos \u00faltimos anos, o Pa\u00eds ainda est\u00e1 em posi\u00e7\u00e3o de desvantagem em rela\u00e7\u00e3o ao resto do mundo, disse o diretor-presidente do Instituto Brasil de Pesquisa Cl\u00ednica (IBPClin), Lu\u00eds Russo. Segundo ele, 65% das pesquisas com novos medicamentos, [&hellip;]\" \/>\n<meta property=\"og:url\" content=\"https:\/\/jornalfatosenoticias.com.br\/index.php\/2022\/11\/01\/crescimento-de-pesquisas-clinicas-no-brasil-e-tema-de-simposio-no-rio\/\" \/>\n<meta property=\"og:site_name\" content=\"Jornal Fatos e Not\u00edcias\" \/>\n<meta property=\"article:published_time\" content=\"2022-11-01T15:19:24+00:00\" \/>\n<meta property=\"article:modified_time\" content=\"2022-11-01T15:19:27+00:00\" \/>\n<meta property=\"og:image\" content=\"https:\/\/jornalfatosenoticias.com.br\/wp-content\/uploads\/2022\/11\/simposio-pesquisas-clinicas.jpg\" \/>\n\t<meta property=\"og:image:width\" content=\"1000\" \/>\n\t<meta property=\"og:image:height\" content=\"598\" \/>\n\t<meta property=\"og:image:type\" content=\"image\/jpeg\" \/>\n<meta name=\"author\" content=\"Luzimara Fernandes\" \/>\n<meta name=\"twitter:card\" content=\"summary_large_image\" \/>\n<meta name=\"twitter:label1\" content=\"Escrito por\" \/>\n\t<meta name=\"twitter:data1\" content=\"Luzimara Fernandes\" \/>\n\t<meta name=\"twitter:label2\" content=\"Est. tempo de leitura\" \/>\n\t<meta name=\"twitter:data2\" content=\"4 minutos\" \/>\n<script type=\"application\/ld+json\" class=\"yoast-schema-graph\">{\"@context\":\"https:\/\/schema.org\",\"@graph\":[{\"@type\":\"Article\",\"@id\":\"https:\/\/jornalfatosenoticias.com.br\/index.php\/2022\/11\/01\/crescimento-de-pesquisas-clinicas-no-brasil-e-tema-de-simposio-no-rio\/#article\",\"isPartOf\":{\"@id\":\"https:\/\/jornalfatosenoticias.com.br\/index.php\/2022\/11\/01\/crescimento-de-pesquisas-clinicas-no-brasil-e-tema-de-simposio-no-rio\/\"},\"author\":{\"name\":\"Luzimara Fernandes\",\"@id\":\"https:\/\/jornalfatosenoticias.com.br\/#\/schema\/person\/d63837fa13ac8666eb9e74e0985d6f81\"},\"headline\":\"Crescimento de pesquisas cl\u00ednicas no Brasil \u00e9 tema de simp\u00f3sio no Rio\",\"datePublished\":\"2022-11-01T15:19:24+00:00\",\"dateModified\":\"2022-11-01T15:19:27+00:00\",\"mainEntityOfPage\":{\"@id\":\"https:\/\/jornalfatosenoticias.com.br\/index.php\/2022\/11\/01\/crescimento-de-pesquisas-clinicas-no-brasil-e-tema-de-simposio-no-rio\/\"},\"wordCount\":840,\"commentCount\":0,\"publisher\":{\"@id\":\"https:\/\/jornalfatosenoticias.com.br\/#organization\"},\"image\":{\"@id\":\"https:\/\/jornalfatosenoticias.com.br\/index.php\/2022\/11\/01\/crescimento-de-pesquisas-clinicas-no-brasil-e-tema-de-simposio-no-rio\/#primaryimage\"},\"thumbnailUrl\":\"https:\/\/jornalfatosenoticias.com.br\/wp-content\/uploads\/2022\/11\/simposio-pesquisas-clinicas.jpg\",\"keywords\":[\"Brasil\",\"pesquisa cl\u00ednica\",\"Rio de Janeiro\",\"simp\u00f3sio\"],\"articleSection\":[\"Sa\u00fade\"],\"inLanguage\":\"pt-BR\",\"potentialAction\":[{\"@type\":\"CommentAction\",\"name\":\"Comment\",\"target\":[\"https:\/\/jornalfatosenoticias.com.br\/index.php\/2022\/11\/01\/crescimento-de-pesquisas-clinicas-no-brasil-e-tema-de-simposio-no-rio\/#respond\"]}]},{\"@type\":\"WebPage\",\"@id\":\"https:\/\/jornalfatosenoticias.com.br\/index.php\/2022\/11\/01\/crescimento-de-pesquisas-clinicas-no-brasil-e-tema-de-simposio-no-rio\/\",\"url\":\"https:\/\/jornalfatosenoticias.com.br\/index.php\/2022\/11\/01\/crescimento-de-pesquisas-clinicas-no-brasil-e-tema-de-simposio-no-rio\/\",\"name\":\"Crescimento de pesquisas cl\u00ednicas no Brasil \u00e9 tema de simp\u00f3sio no Rio - Jornal Fatos e Not\u00edcias\",\"isPartOf\":{\"@id\":\"https:\/\/jornalfatosenoticias.com.br\/#website\"},\"primaryImageOfPage\":{\"@id\":\"https:\/\/jornalfatosenoticias.com.br\/index.php\/2022\/11\/01\/crescimento-de-pesquisas-clinicas-no-brasil-e-tema-de-simposio-no-rio\/#primaryimage\"},\"image\":{\"@id\":\"https:\/\/jornalfatosenoticias.com.br\/index.php\/2022\/11\/01\/crescimento-de-pesquisas-clinicas-no-brasil-e-tema-de-simposio-no-rio\/#primaryimage\"},\"thumbnailUrl\":\"https:\/\/jornalfatosenoticias.com.br\/wp-content\/uploads\/2022\/11\/simposio-pesquisas-clinicas.jpg\",\"datePublished\":\"2022-11-01T15:19:24+00:00\",\"dateModified\":\"2022-11-01T15:19:27+00:00\",\"breadcrumb\":{\"@id\":\"https:\/\/jornalfatosenoticias.com.br\/index.php\/2022\/11\/01\/crescimento-de-pesquisas-clinicas-no-brasil-e-tema-de-simposio-no-rio\/#breadcrumb\"},\"inLanguage\":\"pt-BR\",\"potentialAction\":[{\"@type\":\"ReadAction\",\"target\":[\"https:\/\/jornalfatosenoticias.com.br\/index.php\/2022\/11\/01\/crescimento-de-pesquisas-clinicas-no-brasil-e-tema-de-simposio-no-rio\/\"]}]},{\"@type\":\"ImageObject\",\"inLanguage\":\"pt-BR\",\"@id\":\"https:\/\/jornalfatosenoticias.com.br\/index.php\/2022\/11\/01\/crescimento-de-pesquisas-clinicas-no-brasil-e-tema-de-simposio-no-rio\/#primaryimage\",\"url\":\"https:\/\/jornalfatosenoticias.com.br\/wp-content\/uploads\/2022\/11\/simposio-pesquisas-clinicas.jpg\",\"contentUrl\":\"https:\/\/jornalfatosenoticias.com.br\/wp-content\/uploads\/2022\/11\/simposio-pesquisas-clinicas.jpg\",\"width\":1000,\"height\":598},{\"@type\":\"BreadcrumbList\",\"@id\":\"https:\/\/jornalfatosenoticias.com.br\/index.php\/2022\/11\/01\/crescimento-de-pesquisas-clinicas-no-brasil-e-tema-de-simposio-no-rio\/#breadcrumb\",\"itemListElement\":[{\"@type\":\"ListItem\",\"position\":1,\"name\":\"In\u00edcio\",\"item\":\"https:\/\/jornalfatosenoticias.com.br\/\"},{\"@type\":\"ListItem\",\"position\":2,\"name\":\"Crescimento de pesquisas cl\u00ednicas no Brasil \u00e9 tema de simp\u00f3sio no Rio\"}]},{\"@type\":\"WebSite\",\"@id\":\"https:\/\/jornalfatosenoticias.com.br\/#website\",\"url\":\"https:\/\/jornalfatosenoticias.com.br\/\",\"name\":\"Jornal Fatos e Not\u00edcias\",\"description\":\"Not\u00edcias em geral\",\"publisher\":{\"@id\":\"https:\/\/jornalfatosenoticias.com.br\/#organization\"},\"potentialAction\":[{\"@type\":\"SearchAction\",\"target\":{\"@type\":\"EntryPoint\",\"urlTemplate\":\"https:\/\/jornalfatosenoticias.com.br\/?s={search_term_string}\"},\"query-input\":{\"@type\":\"PropertyValueSpecification\",\"valueRequired\":true,\"valueName\":\"search_term_string\"}}],\"inLanguage\":\"pt-BR\"},{\"@type\":\"Organization\",\"@id\":\"https:\/\/jornalfatosenoticias.com.br\/#organization\",\"name\":\"Jornal Fatos e Not\u00edcias\",\"url\":\"https:\/\/jornalfatosenoticias.com.br\/\",\"logo\":{\"@type\":\"ImageObject\",\"inLanguage\":\"pt-BR\",\"@id\":\"https:\/\/jornalfatosenoticias.com.br\/#\/schema\/logo\/image\/\",\"url\":\"https:\/\/jornalfatosenoticias.com.br\/wp-content\/uploads\/2020\/02\/logo120.png\",\"contentUrl\":\"https:\/\/jornalfatosenoticias.com.br\/wp-content\/uploads\/2020\/02\/logo120.png\",\"width\":1227,\"height\":120,\"caption\":\"Jornal Fatos e Not\u00edcias\"},\"image\":{\"@id\":\"https:\/\/jornalfatosenoticias.com.br\/#\/schema\/logo\/image\/\"}},{\"@type\":\"Person\",\"@id\":\"https:\/\/jornalfatosenoticias.com.br\/#\/schema\/person\/d63837fa13ac8666eb9e74e0985d6f81\",\"name\":\"Luzimara Fernandes\",\"image\":{\"@type\":\"ImageObject\",\"inLanguage\":\"pt-BR\",\"@id\":\"https:\/\/jornalfatosenoticias.com.br\/#\/schema\/person\/image\/\",\"url\":\"https:\/\/jornalfatosenoticias.com.br\/wp-content\/uploads\/2025\/05\/EU_portal.jpg\",\"contentUrl\":\"https:\/\/jornalfatosenoticias.com.br\/wp-content\/uploads\/2025\/05\/EU_portal.jpg\",\"caption\":\"Luzimara Fernandes\"},\"description\":\"Jornalista MTB 2358-ES\",\"sameAs\":[\"https:\/\/jornalfatosenoticias.com.br\"],\"url\":\"https:\/\/jornalfatosenoticias.com.br\/index.php\/author\/luzimara\/\"}]}<\/script>\n<!-- \/ Yoast SEO plugin. -->","yoast_head_json":{"title":"Crescimento de pesquisas cl\u00ednicas no Brasil \u00e9 tema de simp\u00f3sio no Rio - Jornal Fatos e Not\u00edcias","robots":{"index":"index","follow":"follow","max-snippet":"max-snippet:-1","max-image-preview":"max-image-preview:large","max-video-preview":"max-video-preview:-1"},"canonical":"https:\/\/jornalfatosenoticias.com.br\/index.php\/2022\/11\/01\/crescimento-de-pesquisas-clinicas-no-brasil-e-tema-de-simposio-no-rio\/","og_locale":"pt_BR","og_type":"article","og_title":"Crescimento de pesquisas cl\u00ednicas no Brasil \u00e9 tema de simp\u00f3sio no Rio - Jornal Fatos e Not\u00edcias","og_description":"Encontro ser\u00e1 realizado no pr\u00f3ximo dia 3 Apesar de o setor de pesquisas cl\u00ednicas vir crescendo no Brasil nos \u00faltimos anos, o Pa\u00eds ainda est\u00e1 em posi\u00e7\u00e3o de desvantagem em rela\u00e7\u00e3o ao resto do mundo, disse o diretor-presidente do Instituto Brasil de Pesquisa Cl\u00ednica (IBPClin), Lu\u00eds Russo. Segundo ele, 65% das pesquisas com novos medicamentos, [&hellip;]","og_url":"https:\/\/jornalfatosenoticias.com.br\/index.php\/2022\/11\/01\/crescimento-de-pesquisas-clinicas-no-brasil-e-tema-de-simposio-no-rio\/","og_site_name":"Jornal Fatos e Not\u00edcias","article_published_time":"2022-11-01T15:19:24+00:00","article_modified_time":"2022-11-01T15:19:27+00:00","og_image":[{"width":1000,"height":598,"url":"https:\/\/jornalfatosenoticias.com.br\/wp-content\/uploads\/2022\/11\/simposio-pesquisas-clinicas.jpg","type":"image\/jpeg"}],"author":"Luzimara Fernandes","twitter_card":"summary_large_image","twitter_misc":{"Escrito por":"Luzimara Fernandes","Est. tempo de leitura":"4 minutos"},"schema":{"@context":"https:\/\/schema.org","@graph":[{"@type":"Article","@id":"https:\/\/jornalfatosenoticias.com.br\/index.php\/2022\/11\/01\/crescimento-de-pesquisas-clinicas-no-brasil-e-tema-de-simposio-no-rio\/#article","isPartOf":{"@id":"https:\/\/jornalfatosenoticias.com.br\/index.php\/2022\/11\/01\/crescimento-de-pesquisas-clinicas-no-brasil-e-tema-de-simposio-no-rio\/"},"author":{"name":"Luzimara Fernandes","@id":"https:\/\/jornalfatosenoticias.com.br\/#\/schema\/person\/d63837fa13ac8666eb9e74e0985d6f81"},"headline":"Crescimento de pesquisas cl\u00ednicas no Brasil \u00e9 tema de simp\u00f3sio no Rio","datePublished":"2022-11-01T15:19:24+00:00","dateModified":"2022-11-01T15:19:27+00:00","mainEntityOfPage":{"@id":"https:\/\/jornalfatosenoticias.com.br\/index.php\/2022\/11\/01\/crescimento-de-pesquisas-clinicas-no-brasil-e-tema-de-simposio-no-rio\/"},"wordCount":840,"commentCount":0,"publisher":{"@id":"https:\/\/jornalfatosenoticias.com.br\/#organization"},"image":{"@id":"https:\/\/jornalfatosenoticias.com.br\/index.php\/2022\/11\/01\/crescimento-de-pesquisas-clinicas-no-brasil-e-tema-de-simposio-no-rio\/#primaryimage"},"thumbnailUrl":"https:\/\/jornalfatosenoticias.com.br\/wp-content\/uploads\/2022\/11\/simposio-pesquisas-clinicas.jpg","keywords":["Brasil","pesquisa cl\u00ednica","Rio de Janeiro","simp\u00f3sio"],"articleSection":["Sa\u00fade"],"inLanguage":"pt-BR","potentialAction":[{"@type":"CommentAction","name":"Comment","target":["https:\/\/jornalfatosenoticias.com.br\/index.php\/2022\/11\/01\/crescimento-de-pesquisas-clinicas-no-brasil-e-tema-de-simposio-no-rio\/#respond"]}]},{"@type":"WebPage","@id":"https:\/\/jornalfatosenoticias.com.br\/index.php\/2022\/11\/01\/crescimento-de-pesquisas-clinicas-no-brasil-e-tema-de-simposio-no-rio\/","url":"https:\/\/jornalfatosenoticias.com.br\/index.php\/2022\/11\/01\/crescimento-de-pesquisas-clinicas-no-brasil-e-tema-de-simposio-no-rio\/","name":"Crescimento de pesquisas cl\u00ednicas no Brasil \u00e9 tema de simp\u00f3sio no Rio - Jornal Fatos e Not\u00edcias","isPartOf":{"@id":"https:\/\/jornalfatosenoticias.com.br\/#website"},"primaryImageOfPage":{"@id":"https:\/\/jornalfatosenoticias.com.br\/index.php\/2022\/11\/01\/crescimento-de-pesquisas-clinicas-no-brasil-e-tema-de-simposio-no-rio\/#primaryimage"},"image":{"@id":"https:\/\/jornalfatosenoticias.com.br\/index.php\/2022\/11\/01\/crescimento-de-pesquisas-clinicas-no-brasil-e-tema-de-simposio-no-rio\/#primaryimage"},"thumbnailUrl":"https:\/\/jornalfatosenoticias.com.br\/wp-content\/uploads\/2022\/11\/simposio-pesquisas-clinicas.jpg","datePublished":"2022-11-01T15:19:24+00:00","dateModified":"2022-11-01T15:19:27+00:00","breadcrumb":{"@id":"https:\/\/jornalfatosenoticias.com.br\/index.php\/2022\/11\/01\/crescimento-de-pesquisas-clinicas-no-brasil-e-tema-de-simposio-no-rio\/#breadcrumb"},"inLanguage":"pt-BR","potentialAction":[{"@type":"ReadAction","target":["https:\/\/jornalfatosenoticias.com.br\/index.php\/2022\/11\/01\/crescimento-de-pesquisas-clinicas-no-brasil-e-tema-de-simposio-no-rio\/"]}]},{"@type":"ImageObject","inLanguage":"pt-BR","@id":"https:\/\/jornalfatosenoticias.com.br\/index.php\/2022\/11\/01\/crescimento-de-pesquisas-clinicas-no-brasil-e-tema-de-simposio-no-rio\/#primaryimage","url":"https:\/\/jornalfatosenoticias.com.br\/wp-content\/uploads\/2022\/11\/simposio-pesquisas-clinicas.jpg","contentUrl":"https:\/\/jornalfatosenoticias.com.br\/wp-content\/uploads\/2022\/11\/simposio-pesquisas-clinicas.jpg","width":1000,"height":598},{"@type":"BreadcrumbList","@id":"https:\/\/jornalfatosenoticias.com.br\/index.php\/2022\/11\/01\/crescimento-de-pesquisas-clinicas-no-brasil-e-tema-de-simposio-no-rio\/#breadcrumb","itemListElement":[{"@type":"ListItem","position":1,"name":"In\u00edcio","item":"https:\/\/jornalfatosenoticias.com.br\/"},{"@type":"ListItem","position":2,"name":"Crescimento de pesquisas cl\u00ednicas no Brasil \u00e9 tema de simp\u00f3sio no Rio"}]},{"@type":"WebSite","@id":"https:\/\/jornalfatosenoticias.com.br\/#website","url":"https:\/\/jornalfatosenoticias.com.br\/","name":"Jornal Fatos e Not\u00edcias","description":"Not\u00edcias em geral","publisher":{"@id":"https:\/\/jornalfatosenoticias.com.br\/#organization"},"potentialAction":[{"@type":"SearchAction","target":{"@type":"EntryPoint","urlTemplate":"https:\/\/jornalfatosenoticias.com.br\/?s={search_term_string}"},"query-input":{"@type":"PropertyValueSpecification","valueRequired":true,"valueName":"search_term_string"}}],"inLanguage":"pt-BR"},{"@type":"Organization","@id":"https:\/\/jornalfatosenoticias.com.br\/#organization","name":"Jornal Fatos e Not\u00edcias","url":"https:\/\/jornalfatosenoticias.com.br\/","logo":{"@type":"ImageObject","inLanguage":"pt-BR","@id":"https:\/\/jornalfatosenoticias.com.br\/#\/schema\/logo\/image\/","url":"https:\/\/jornalfatosenoticias.com.br\/wp-content\/uploads\/2020\/02\/logo120.png","contentUrl":"https:\/\/jornalfatosenoticias.com.br\/wp-content\/uploads\/2020\/02\/logo120.png","width":1227,"height":120,"caption":"Jornal Fatos e Not\u00edcias"},"image":{"@id":"https:\/\/jornalfatosenoticias.com.br\/#\/schema\/logo\/image\/"}},{"@type":"Person","@id":"https:\/\/jornalfatosenoticias.com.br\/#\/schema\/person\/d63837fa13ac8666eb9e74e0985d6f81","name":"Luzimara Fernandes","image":{"@type":"ImageObject","inLanguage":"pt-BR","@id":"https:\/\/jornalfatosenoticias.com.br\/#\/schema\/person\/image\/","url":"https:\/\/jornalfatosenoticias.com.br\/wp-content\/uploads\/2025\/05\/EU_portal.jpg","contentUrl":"https:\/\/jornalfatosenoticias.com.br\/wp-content\/uploads\/2025\/05\/EU_portal.jpg","caption":"Luzimara Fernandes"},"description":"Jornalista MTB 2358-ES","sameAs":["https:\/\/jornalfatosenoticias.com.br"],"url":"https:\/\/jornalfatosenoticias.com.br\/index.php\/author\/luzimara\/"}]}},"cc_featured_image_caption":{"caption_text":"(Foto: Sayonara Moreno\/Ag\u00eancia Brasil) ","source_text":"","source_url":""},"jetpack_featured_media_url":"https:\/\/jornalfatosenoticias.com.br\/wp-content\/uploads\/2022\/11\/simposio-pesquisas-clinicas.jpg","_links":{"self":[{"href":"https:\/\/jornalfatosenoticias.com.br\/index.php\/wp-json\/wp\/v2\/posts\/35694","targetHints":{"allow":["GET"]}}],"collection":[{"href":"https:\/\/jornalfatosenoticias.com.br\/index.php\/wp-json\/wp\/v2\/posts"}],"about":[{"href":"https:\/\/jornalfatosenoticias.com.br\/index.php\/wp-json\/wp\/v2\/types\/post"}],"author":[{"embeddable":true,"href":"https:\/\/jornalfatosenoticias.com.br\/index.php\/wp-json\/wp\/v2\/users\/2"}],"replies":[{"embeddable":true,"href":"https:\/\/jornalfatosenoticias.com.br\/index.php\/wp-json\/wp\/v2\/comments?post=35694"}],"version-history":[{"count":0,"href":"https:\/\/jornalfatosenoticias.com.br\/index.php\/wp-json\/wp\/v2\/posts\/35694\/revisions"}],"wp:featuredmedia":[{"embeddable":true,"href":"https:\/\/jornalfatosenoticias.com.br\/index.php\/wp-json\/wp\/v2\/media\/35695"}],"wp:attachment":[{"href":"https:\/\/jornalfatosenoticias.com.br\/index.php\/wp-json\/wp\/v2\/media?parent=35694"}],"wp:term":[{"taxonomy":"category","embeddable":true,"href":"https:\/\/jornalfatosenoticias.com.br\/index.php\/wp-json\/wp\/v2\/categories?post=35694"},{"taxonomy":"post_tag","embeddable":true,"href":"https:\/\/jornalfatosenoticias.com.br\/index.php\/wp-json\/wp\/v2\/tags?post=35694"}],"curies":[{"name":"wp","href":"https:\/\/api.w.org\/{rel}","templated":true}]}}