{"id":3571,"date":"2020-04-23T17:20:01","date_gmt":"2020-04-23T20:20:01","guid":{"rendered":"https:\/\/jornalfatosenoticias.com.br\/?p=3571"},"modified":"2020-04-23T17:20:08","modified_gmt":"2020-04-23T20:20:08","slug":"geladeira-de-argila-pode-refrigerar-alimentos-sem-eletricidade","status":"publish","type":"post","link":"https:\/\/jornalfatosenoticias.com.br\/index.php\/2020\/04\/23\/geladeira-de-argila-pode-refrigerar-alimentos-sem-eletricidade\/","title":{"rendered":"Geladeira de argila pode refrigerar alimentos sem eletricidade"},"content":{"rendered":"\n<h6 class=\"wp-block-heading\"><em>Equipamentos podem mudar a vida de pessoas sem recursos ou acesso \u00e0 rede el\u00e9trica<\/em><\/h6>\n\n\n\n<p>Uma geladeira n\u00e3o \u00e9 um produto acess\u00edvel para milh\u00f5es de fam\u00edlias carentes em todo o mundo \u2013 o eletrodom\u00e9stico \u00e9 um dos mais caros e, al\u00e9m do pre\u00e7o, o equipamento tamb\u00e9m precisa de acesso \u00e0 eletricidade. Al\u00e9m disso sua produ\u00e7\u00e3o e uso geram impacto ambiental negativo.<br>Uma solu\u00e7\u00e3o est\u00e1 em um material simples, usado muitas vezes em filtros de \u00e1gua: a argila. Sem usar eletricidade, estas geladeiras est\u00e3o sendo fabricadas ao redor do mundo, oferecendo uma possibilidade acess\u00edvel e ecol\u00f3gica para quem precisa refrigerar alimentos, mas n\u00e3o tem condi\u00e7\u00f5es de pagar por uma geladeira el\u00e9trica ou acesso \u00e0 rede de eletricidade no local onde vive.<br>A Ecoplanet \u00e9 uma geladeira feita com lama e areia, 100% ecol\u00f3gica e capaz de garantir temperaturas baixas sem o uso de eletricidade. Desenvolvida por uma empresa mexicana chamada Depresa, o equipamento foi criado para as fam\u00edlias que moram em regi\u00f5es carentes onde n\u00e3o h\u00e1 eletricidade, para que os alimentos possam ser conservados por mais tempo.<br>A apar\u00eancia \u00e9 de um grande jarro de cer\u00e2mica e seu funcionamento ocorre por princ\u00edpios f\u00edsico-qu\u00edmicos: s\u00e3o dois recipientes de argila, separados por uma grossa camada de areia e terra. O equipamento \u00e9 colocado \u00e0 meia-sombra e, quando a \u00e1gua da areia evapora, a temperatura da estrutura cai, garantindo alimentos frescos e conservados por muito mais tempo.<br>Desde 2015 os produtos da empresa s\u00e3o comercializados e recentemente foram inclu\u00eddos em a\u00e7\u00f5es p\u00fablicas de desenvolvimento social para garantir uma melhor qualidade de vida para fam\u00edlias carentes ou que vivem em \u00e1reas rurais do M\u00e9xico.<br>Na \u00cdndia, o artes\u00e3o Mansukhbai Prajapati, criou um refrigerador que n\u00e3o precisa de eletricidade para funcionar motivado por dificuldades financeiras que estava enfrentando.<\/p>\n\n\n\n<figure class=\"wp-block-image size-large\"><img loading=\"lazy\" decoding=\"async\" width=\"740\" height=\"1024\" src=\"https:\/\/jornalfatosenoticias.com.br\/wp-content\/uploads\/2020\/04\/mitticool-740x1024.jpg\" alt=\"\" class=\"wp-image-3572\" srcset=\"https:\/\/jornalfatosenoticias.com.br\/wp-content\/uploads\/2020\/04\/mitticool-740x1024.jpg 740w, https:\/\/jornalfatosenoticias.com.br\/wp-content\/uploads\/2020\/04\/mitticool-217x300.jpg 217w, https:\/\/jornalfatosenoticias.com.br\/wp-content\/uploads\/2020\/04\/mitticool-768x1063.jpg 768w, https:\/\/jornalfatosenoticias.com.br\/wp-content\/uploads\/2020\/04\/mitticool.jpg 980w\" sizes=\"auto, (max-width: 740px) 100vw, 740px\" \/><figcaption><em>Geladeira de barro MittiCool (Foto: www.modernbuschman.com)<\/em><\/figcaption><\/figure>\n\n\n\n<p>Batizado de MittiCool, o refrigerador feito de argila consegue deixar os alimentos frescos por tr\u00eas dias, gra\u00e7as \u00e0 uma c\u00e2mara de \u00e1gua na parte superior do produto. Quando evapora, a \u00e1gua escorre pelas laterais da parede de cer\u00e2mica da geladeira, que t\u00eam quatro tipos diferentes de argila, fazendo com que os mantimentos continuem frescos. Ainda existe uma torneira na parte frontal, com \u00e1gua para ser consumida.<br>A temperatura da MittiCool pode ficar em torno de 8\u00b0 C e o equipamento pode fazer uma grande diferen\u00e7a para quem n\u00e3o tem acesso \u00e0 eletricidade e nem condi\u00e7\u00f5es de ter uma geladeira comum.<br>Cada MittiCool \u00e9 vendida pelo equivalente a R$ 135, o que garante o acesso a pessoas que n\u00e3o podem pagar por uma geladeira comum, al\u00e9m do fato de n\u00e3o precisar de energia \u2013 outro custo ou recurso n\u00e3o dispon\u00edvel para todos.<\/p>\n\n\n\n<p><strong>Veja abaixo um v\u00eddeo (em ingl\u00eas) sobre as geladeiras de argila indianas:<\/strong><\/p>\n\n\n\n<figure class=\"wp-block-embed-youtube wp-block-embed is-type-video is-provider-youtube wp-embed-aspect-4-3 wp-has-aspect-ratio\"><div class=\"wp-block-embed__wrapper\">\n<iframe loading=\"lazy\" title=\"MittiCool\" width=\"660\" height=\"495\" src=\"https:\/\/www.youtube.com\/embed\/zqasYTFSfd0?feature=oembed\" frameborder=\"0\" allow=\"accelerometer; autoplay; clipboard-write; encrypted-media; gyroscope; picture-in-picture; web-share\" referrerpolicy=\"strict-origin-when-cross-origin\" allowfullscreen><\/iframe>\n<\/div><\/figure>\n\n\n\n<p><strong><em>Fonte: <a href=\"https:\/\/ciclovivo.com.br\/inovacao\/geladeira-de-argila-pode-refrigerar-alimentos-sem-eletricidade\/\">CicloVivo<\/a><\/em><\/strong><\/p>\n","protected":false},"excerpt":{"rendered":"<p>Equipamentos podem mudar a vida de pessoas sem recursos ou acesso \u00e0 rede el\u00e9trica Uma geladeira n\u00e3o \u00e9 um produto acess\u00edvel para milh\u00f5es de fam\u00edlias carentes em todo o mundo \u2013 o eletrodom\u00e9stico \u00e9 um dos mais caros e, al\u00e9m do pre\u00e7o, o equipamento tamb\u00e9m precisa de acesso \u00e0 eletricidade. Al\u00e9m disso sua produ\u00e7\u00e3o e [&hellip;]<\/p>\n","protected":false},"author":2,"featured_media":3573,"comment_status":"open","ping_status":"open","sticky":false,"template":"","format":"standard","meta":{"footnotes":""},"categories":[3],"tags":[70,1995,1996,201,1997,1998,1994,1180],"class_list":["post-3571","post","type-post","status-publish","format-standard","has-post-thumbnail","hentry","category-tecnologia","tag-alimentos","tag-argila","tag-conservados","tag-eletricidade","tag-familias-carentes","tag-frescos","tag-geladeira","tag-temperatura"],"yoast_head":"<!-- This site is optimized with the Yoast SEO plugin v26.5 - https:\/\/yoast.com\/wordpress\/plugins\/seo\/ -->\n<title>Geladeira de argila pode refrigerar alimentos sem eletricidade - Jornal Fatos e Not\u00edcias<\/title>\n<meta name=\"robots\" content=\"index, follow, max-snippet:-1, max-image-preview:large, max-video-preview:-1\" \/>\n<link rel=\"canonical\" href=\"https:\/\/jornalfatosenoticias.com.br\/index.php\/2020\/04\/23\/geladeira-de-argila-pode-refrigerar-alimentos-sem-eletricidade\/\" \/>\n<meta property=\"og:locale\" content=\"pt_BR\" \/>\n<meta property=\"og:type\" content=\"article\" \/>\n<meta property=\"og:title\" content=\"Geladeira de argila pode refrigerar alimentos sem eletricidade - Jornal Fatos e Not\u00edcias\" \/>\n<meta property=\"og:description\" content=\"Equipamentos podem mudar a vida de pessoas sem recursos ou acesso \u00e0 rede el\u00e9trica Uma geladeira n\u00e3o \u00e9 um produto acess\u00edvel para milh\u00f5es de fam\u00edlias carentes em todo o mundo \u2013 o eletrodom\u00e9stico \u00e9 um dos mais caros e, al\u00e9m do pre\u00e7o, o equipamento tamb\u00e9m precisa de acesso \u00e0 eletricidade. Al\u00e9m disso sua produ\u00e7\u00e3o e [&hellip;]\" \/>\n<meta property=\"og:url\" content=\"https:\/\/jornalfatosenoticias.com.br\/index.php\/2020\/04\/23\/geladeira-de-argila-pode-refrigerar-alimentos-sem-eletricidade\/\" \/>\n<meta property=\"og:site_name\" content=\"Jornal Fatos e Not\u00edcias\" \/>\n<meta property=\"article:published_time\" content=\"2020-04-23T20:20:01+00:00\" \/>\n<meta property=\"article:modified_time\" content=\"2020-04-23T20:20:08+00:00\" \/>\n<meta property=\"og:image\" content=\"https:\/\/jornalfatosenoticias.com.br\/wp-content\/uploads\/2020\/04\/geladeira-barro.jpg\" \/>\n\t<meta property=\"og:image:width\" content=\"980\" \/>\n\t<meta property=\"og:image:height\" content=\"1597\" \/>\n\t<meta property=\"og:image:type\" content=\"image\/jpeg\" \/>\n<meta name=\"author\" content=\"Luzimara Fernandes\" \/>\n<meta name=\"twitter:card\" content=\"summary_large_image\" \/>\n<meta name=\"twitter:label1\" content=\"Escrito por\" \/>\n\t<meta name=\"twitter:data1\" content=\"Luzimara Fernandes\" \/>\n\t<meta name=\"twitter:label2\" content=\"Est. tempo de leitura\" \/>\n\t<meta name=\"twitter:data2\" content=\"2 minutos\" \/>\n<script type=\"application\/ld+json\" class=\"yoast-schema-graph\">{\"@context\":\"https:\/\/schema.org\",\"@graph\":[{\"@type\":\"Article\",\"@id\":\"https:\/\/jornalfatosenoticias.com.br\/index.php\/2020\/04\/23\/geladeira-de-argila-pode-refrigerar-alimentos-sem-eletricidade\/#article\",\"isPartOf\":{\"@id\":\"https:\/\/jornalfatosenoticias.com.br\/index.php\/2020\/04\/23\/geladeira-de-argila-pode-refrigerar-alimentos-sem-eletricidade\/\"},\"author\":{\"name\":\"Luzimara Fernandes\",\"@id\":\"https:\/\/jornalfatosenoticias.com.br\/#\/schema\/person\/d63837fa13ac8666eb9e74e0985d6f81\"},\"headline\":\"Geladeira de argila pode refrigerar alimentos sem eletricidade\",\"datePublished\":\"2020-04-23T20:20:01+00:00\",\"dateModified\":\"2020-04-23T20:20:08+00:00\",\"mainEntityOfPage\":{\"@id\":\"https:\/\/jornalfatosenoticias.com.br\/index.php\/2020\/04\/23\/geladeira-de-argila-pode-refrigerar-alimentos-sem-eletricidade\/\"},\"wordCount\":506,\"commentCount\":0,\"publisher\":{\"@id\":\"https:\/\/jornalfatosenoticias.com.br\/#organization\"},\"image\":{\"@id\":\"https:\/\/jornalfatosenoticias.com.br\/index.php\/2020\/04\/23\/geladeira-de-argila-pode-refrigerar-alimentos-sem-eletricidade\/#primaryimage\"},\"thumbnailUrl\":\"https:\/\/jornalfatosenoticias.com.br\/wp-content\/uploads\/2020\/04\/geladeira-barro.jpg\",\"keywords\":[\"alimentos\",\"argila\",\"conservados\",\"eletricidade\",\"fam\u00edlias carentes\",\"frescos\",\"geladeira\",\"temperatura\"],\"articleSection\":[\"Tecnologia &amp; Inova\u00e7\u00e3o\"],\"inLanguage\":\"pt-BR\",\"potentialAction\":[{\"@type\":\"CommentAction\",\"name\":\"Comment\",\"target\":[\"https:\/\/jornalfatosenoticias.com.br\/index.php\/2020\/04\/23\/geladeira-de-argila-pode-refrigerar-alimentos-sem-eletricidade\/#respond\"]}]},{\"@type\":\"WebPage\",\"@id\":\"https:\/\/jornalfatosenoticias.com.br\/index.php\/2020\/04\/23\/geladeira-de-argila-pode-refrigerar-alimentos-sem-eletricidade\/\",\"url\":\"https:\/\/jornalfatosenoticias.com.br\/index.php\/2020\/04\/23\/geladeira-de-argila-pode-refrigerar-alimentos-sem-eletricidade\/\",\"name\":\"Geladeira de argila pode refrigerar alimentos sem eletricidade - Jornal Fatos e Not\u00edcias\",\"isPartOf\":{\"@id\":\"https:\/\/jornalfatosenoticias.com.br\/#website\"},\"primaryImageOfPage\":{\"@id\":\"https:\/\/jornalfatosenoticias.com.br\/index.php\/2020\/04\/23\/geladeira-de-argila-pode-refrigerar-alimentos-sem-eletricidade\/#primaryimage\"},\"image\":{\"@id\":\"https:\/\/jornalfatosenoticias.com.br\/index.php\/2020\/04\/23\/geladeira-de-argila-pode-refrigerar-alimentos-sem-eletricidade\/#primaryimage\"},\"thumbnailUrl\":\"https:\/\/jornalfatosenoticias.com.br\/wp-content\/uploads\/2020\/04\/geladeira-barro.jpg\",\"datePublished\":\"2020-04-23T20:20:01+00:00\",\"dateModified\":\"2020-04-23T20:20:08+00:00\",\"breadcrumb\":{\"@id\":\"https:\/\/jornalfatosenoticias.com.br\/index.php\/2020\/04\/23\/geladeira-de-argila-pode-refrigerar-alimentos-sem-eletricidade\/#breadcrumb\"},\"inLanguage\":\"pt-BR\",\"potentialAction\":[{\"@type\":\"ReadAction\",\"target\":[\"https:\/\/jornalfatosenoticias.com.br\/index.php\/2020\/04\/23\/geladeira-de-argila-pode-refrigerar-alimentos-sem-eletricidade\/\"]}]},{\"@type\":\"ImageObject\",\"inLanguage\":\"pt-BR\",\"@id\":\"https:\/\/jornalfatosenoticias.com.br\/index.php\/2020\/04\/23\/geladeira-de-argila-pode-refrigerar-alimentos-sem-eletricidade\/#primaryimage\",\"url\":\"https:\/\/jornalfatosenoticias.com.br\/wp-content\/uploads\/2020\/04\/geladeira-barro.jpg\",\"contentUrl\":\"https:\/\/jornalfatosenoticias.com.br\/wp-content\/uploads\/2020\/04\/geladeira-barro.jpg\",\"width\":980,\"height\":1597},{\"@type\":\"BreadcrumbList\",\"@id\":\"https:\/\/jornalfatosenoticias.com.br\/index.php\/2020\/04\/23\/geladeira-de-argila-pode-refrigerar-alimentos-sem-eletricidade\/#breadcrumb\",\"itemListElement\":[{\"@type\":\"ListItem\",\"position\":1,\"name\":\"In\u00edcio\",\"item\":\"https:\/\/jornalfatosenoticias.com.br\/\"},{\"@type\":\"ListItem\",\"position\":2,\"name\":\"Geladeira de argila pode refrigerar alimentos sem eletricidade\"}]},{\"@type\":\"WebSite\",\"@id\":\"https:\/\/jornalfatosenoticias.com.br\/#website\",\"url\":\"https:\/\/jornalfatosenoticias.com.br\/\",\"name\":\"Jornal Fatos e Not\u00edcias\",\"description\":\"Not\u00edcias em geral\",\"publisher\":{\"@id\":\"https:\/\/jornalfatosenoticias.com.br\/#organization\"},\"potentialAction\":[{\"@type\":\"SearchAction\",\"target\":{\"@type\":\"EntryPoint\",\"urlTemplate\":\"https:\/\/jornalfatosenoticias.com.br\/?s={search_term_string}\"},\"query-input\":{\"@type\":\"PropertyValueSpecification\",\"valueRequired\":true,\"valueName\":\"search_term_string\"}}],\"inLanguage\":\"pt-BR\"},{\"@type\":\"Organization\",\"@id\":\"https:\/\/jornalfatosenoticias.com.br\/#organization\",\"name\":\"Jornal Fatos e Not\u00edcias\",\"url\":\"https:\/\/jornalfatosenoticias.com.br\/\",\"logo\":{\"@type\":\"ImageObject\",\"inLanguage\":\"pt-BR\",\"@id\":\"https:\/\/jornalfatosenoticias.com.br\/#\/schema\/logo\/image\/\",\"url\":\"https:\/\/jornalfatosenoticias.com.br\/wp-content\/uploads\/2020\/02\/logo120.png\",\"contentUrl\":\"https:\/\/jornalfatosenoticias.com.br\/wp-content\/uploads\/2020\/02\/logo120.png\",\"width\":1227,\"height\":120,\"caption\":\"Jornal Fatos e Not\u00edcias\"},\"image\":{\"@id\":\"https:\/\/jornalfatosenoticias.com.br\/#\/schema\/logo\/image\/\"}},{\"@type\":\"Person\",\"@id\":\"https:\/\/jornalfatosenoticias.com.br\/#\/schema\/person\/d63837fa13ac8666eb9e74e0985d6f81\",\"name\":\"Luzimara Fernandes\",\"image\":{\"@type\":\"ImageObject\",\"inLanguage\":\"pt-BR\",\"@id\":\"https:\/\/jornalfatosenoticias.com.br\/#\/schema\/person\/image\/\",\"url\":\"https:\/\/jornalfatosenoticias.com.br\/wp-content\/uploads\/2025\/05\/EU_portal.jpg\",\"contentUrl\":\"https:\/\/jornalfatosenoticias.com.br\/wp-content\/uploads\/2025\/05\/EU_portal.jpg\",\"caption\":\"Luzimara Fernandes\"},\"description\":\"Jornalista MTB 2358-ES\",\"sameAs\":[\"https:\/\/jornalfatosenoticias.com.br\"],\"url\":\"https:\/\/jornalfatosenoticias.com.br\/index.php\/author\/luzimara\/\"}]}<\/script>\n<!-- \/ Yoast SEO plugin. -->","yoast_head_json":{"title":"Geladeira de argila pode refrigerar alimentos sem eletricidade - Jornal Fatos e Not\u00edcias","robots":{"index":"index","follow":"follow","max-snippet":"max-snippet:-1","max-image-preview":"max-image-preview:large","max-video-preview":"max-video-preview:-1"},"canonical":"https:\/\/jornalfatosenoticias.com.br\/index.php\/2020\/04\/23\/geladeira-de-argila-pode-refrigerar-alimentos-sem-eletricidade\/","og_locale":"pt_BR","og_type":"article","og_title":"Geladeira de argila pode refrigerar alimentos sem eletricidade - Jornal Fatos e Not\u00edcias","og_description":"Equipamentos podem mudar a vida de pessoas sem recursos ou acesso \u00e0 rede el\u00e9trica Uma geladeira n\u00e3o \u00e9 um produto acess\u00edvel para milh\u00f5es de fam\u00edlias carentes em todo o mundo \u2013 o eletrodom\u00e9stico \u00e9 um dos mais caros e, al\u00e9m do pre\u00e7o, o equipamento tamb\u00e9m precisa de acesso \u00e0 eletricidade. Al\u00e9m disso sua produ\u00e7\u00e3o e [&hellip;]","og_url":"https:\/\/jornalfatosenoticias.com.br\/index.php\/2020\/04\/23\/geladeira-de-argila-pode-refrigerar-alimentos-sem-eletricidade\/","og_site_name":"Jornal Fatos e Not\u00edcias","article_published_time":"2020-04-23T20:20:01+00:00","article_modified_time":"2020-04-23T20:20:08+00:00","og_image":[{"width":980,"height":1597,"url":"https:\/\/jornalfatosenoticias.com.br\/wp-content\/uploads\/2020\/04\/geladeira-barro.jpg","type":"image\/jpeg"}],"author":"Luzimara Fernandes","twitter_card":"summary_large_image","twitter_misc":{"Escrito por":"Luzimara Fernandes","Est. tempo de leitura":"2 minutos"},"schema":{"@context":"https:\/\/schema.org","@graph":[{"@type":"Article","@id":"https:\/\/jornalfatosenoticias.com.br\/index.php\/2020\/04\/23\/geladeira-de-argila-pode-refrigerar-alimentos-sem-eletricidade\/#article","isPartOf":{"@id":"https:\/\/jornalfatosenoticias.com.br\/index.php\/2020\/04\/23\/geladeira-de-argila-pode-refrigerar-alimentos-sem-eletricidade\/"},"author":{"name":"Luzimara Fernandes","@id":"https:\/\/jornalfatosenoticias.com.br\/#\/schema\/person\/d63837fa13ac8666eb9e74e0985d6f81"},"headline":"Geladeira de argila pode refrigerar alimentos sem eletricidade","datePublished":"2020-04-23T20:20:01+00:00","dateModified":"2020-04-23T20:20:08+00:00","mainEntityOfPage":{"@id":"https:\/\/jornalfatosenoticias.com.br\/index.php\/2020\/04\/23\/geladeira-de-argila-pode-refrigerar-alimentos-sem-eletricidade\/"},"wordCount":506,"commentCount":0,"publisher":{"@id":"https:\/\/jornalfatosenoticias.com.br\/#organization"},"image":{"@id":"https:\/\/jornalfatosenoticias.com.br\/index.php\/2020\/04\/23\/geladeira-de-argila-pode-refrigerar-alimentos-sem-eletricidade\/#primaryimage"},"thumbnailUrl":"https:\/\/jornalfatosenoticias.com.br\/wp-content\/uploads\/2020\/04\/geladeira-barro.jpg","keywords":["alimentos","argila","conservados","eletricidade","fam\u00edlias carentes","frescos","geladeira","temperatura"],"articleSection":["Tecnologia &amp; Inova\u00e7\u00e3o"],"inLanguage":"pt-BR","potentialAction":[{"@type":"CommentAction","name":"Comment","target":["https:\/\/jornalfatosenoticias.com.br\/index.php\/2020\/04\/23\/geladeira-de-argila-pode-refrigerar-alimentos-sem-eletricidade\/#respond"]}]},{"@type":"WebPage","@id":"https:\/\/jornalfatosenoticias.com.br\/index.php\/2020\/04\/23\/geladeira-de-argila-pode-refrigerar-alimentos-sem-eletricidade\/","url":"https:\/\/jornalfatosenoticias.com.br\/index.php\/2020\/04\/23\/geladeira-de-argila-pode-refrigerar-alimentos-sem-eletricidade\/","name":"Geladeira de argila pode refrigerar alimentos sem eletricidade - Jornal Fatos e Not\u00edcias","isPartOf":{"@id":"https:\/\/jornalfatosenoticias.com.br\/#website"},"primaryImageOfPage":{"@id":"https:\/\/jornalfatosenoticias.com.br\/index.php\/2020\/04\/23\/geladeira-de-argila-pode-refrigerar-alimentos-sem-eletricidade\/#primaryimage"},"image":{"@id":"https:\/\/jornalfatosenoticias.com.br\/index.php\/2020\/04\/23\/geladeira-de-argila-pode-refrigerar-alimentos-sem-eletricidade\/#primaryimage"},"thumbnailUrl":"https:\/\/jornalfatosenoticias.com.br\/wp-content\/uploads\/2020\/04\/geladeira-barro.jpg","datePublished":"2020-04-23T20:20:01+00:00","dateModified":"2020-04-23T20:20:08+00:00","breadcrumb":{"@id":"https:\/\/jornalfatosenoticias.com.br\/index.php\/2020\/04\/23\/geladeira-de-argila-pode-refrigerar-alimentos-sem-eletricidade\/#breadcrumb"},"inLanguage":"pt-BR","potentialAction":[{"@type":"ReadAction","target":["https:\/\/jornalfatosenoticias.com.br\/index.php\/2020\/04\/23\/geladeira-de-argila-pode-refrigerar-alimentos-sem-eletricidade\/"]}]},{"@type":"ImageObject","inLanguage":"pt-BR","@id":"https:\/\/jornalfatosenoticias.com.br\/index.php\/2020\/04\/23\/geladeira-de-argila-pode-refrigerar-alimentos-sem-eletricidade\/#primaryimage","url":"https:\/\/jornalfatosenoticias.com.br\/wp-content\/uploads\/2020\/04\/geladeira-barro.jpg","contentUrl":"https:\/\/jornalfatosenoticias.com.br\/wp-content\/uploads\/2020\/04\/geladeira-barro.jpg","width":980,"height":1597},{"@type":"BreadcrumbList","@id":"https:\/\/jornalfatosenoticias.com.br\/index.php\/2020\/04\/23\/geladeira-de-argila-pode-refrigerar-alimentos-sem-eletricidade\/#breadcrumb","itemListElement":[{"@type":"ListItem","position":1,"name":"In\u00edcio","item":"https:\/\/jornalfatosenoticias.com.br\/"},{"@type":"ListItem","position":2,"name":"Geladeira de argila pode refrigerar alimentos sem eletricidade"}]},{"@type":"WebSite","@id":"https:\/\/jornalfatosenoticias.com.br\/#website","url":"https:\/\/jornalfatosenoticias.com.br\/","name":"Jornal Fatos e Not\u00edcias","description":"Not\u00edcias em geral","publisher":{"@id":"https:\/\/jornalfatosenoticias.com.br\/#organization"},"potentialAction":[{"@type":"SearchAction","target":{"@type":"EntryPoint","urlTemplate":"https:\/\/jornalfatosenoticias.com.br\/?s={search_term_string}"},"query-input":{"@type":"PropertyValueSpecification","valueRequired":true,"valueName":"search_term_string"}}],"inLanguage":"pt-BR"},{"@type":"Organization","@id":"https:\/\/jornalfatosenoticias.com.br\/#organization","name":"Jornal Fatos e Not\u00edcias","url":"https:\/\/jornalfatosenoticias.com.br\/","logo":{"@type":"ImageObject","inLanguage":"pt-BR","@id":"https:\/\/jornalfatosenoticias.com.br\/#\/schema\/logo\/image\/","url":"https:\/\/jornalfatosenoticias.com.br\/wp-content\/uploads\/2020\/02\/logo120.png","contentUrl":"https:\/\/jornalfatosenoticias.com.br\/wp-content\/uploads\/2020\/02\/logo120.png","width":1227,"height":120,"caption":"Jornal Fatos e Not\u00edcias"},"image":{"@id":"https:\/\/jornalfatosenoticias.com.br\/#\/schema\/logo\/image\/"}},{"@type":"Person","@id":"https:\/\/jornalfatosenoticias.com.br\/#\/schema\/person\/d63837fa13ac8666eb9e74e0985d6f81","name":"Luzimara Fernandes","image":{"@type":"ImageObject","inLanguage":"pt-BR","@id":"https:\/\/jornalfatosenoticias.com.br\/#\/schema\/person\/image\/","url":"https:\/\/jornalfatosenoticias.com.br\/wp-content\/uploads\/2025\/05\/EU_portal.jpg","contentUrl":"https:\/\/jornalfatosenoticias.com.br\/wp-content\/uploads\/2025\/05\/EU_portal.jpg","caption":"Luzimara Fernandes"},"description":"Jornalista MTB 2358-ES","sameAs":["https:\/\/jornalfatosenoticias.com.br"],"url":"https:\/\/jornalfatosenoticias.com.br\/index.php\/author\/luzimara\/"}]}},"cc_featured_image_caption":{"caption_text":"(Foto: www.modernbuschman.com)","source_text":"","source_url":""},"jetpack_featured_media_url":"https:\/\/jornalfatosenoticias.com.br\/wp-content\/uploads\/2020\/04\/geladeira-barro.jpg","_links":{"self":[{"href":"https:\/\/jornalfatosenoticias.com.br\/index.php\/wp-json\/wp\/v2\/posts\/3571","targetHints":{"allow":["GET"]}}],"collection":[{"href":"https:\/\/jornalfatosenoticias.com.br\/index.php\/wp-json\/wp\/v2\/posts"}],"about":[{"href":"https:\/\/jornalfatosenoticias.com.br\/index.php\/wp-json\/wp\/v2\/types\/post"}],"author":[{"embeddable":true,"href":"https:\/\/jornalfatosenoticias.com.br\/index.php\/wp-json\/wp\/v2\/users\/2"}],"replies":[{"embeddable":true,"href":"https:\/\/jornalfatosenoticias.com.br\/index.php\/wp-json\/wp\/v2\/comments?post=3571"}],"version-history":[{"count":0,"href":"https:\/\/jornalfatosenoticias.com.br\/index.php\/wp-json\/wp\/v2\/posts\/3571\/revisions"}],"wp:featuredmedia":[{"embeddable":true,"href":"https:\/\/jornalfatosenoticias.com.br\/index.php\/wp-json\/wp\/v2\/media\/3573"}],"wp:attachment":[{"href":"https:\/\/jornalfatosenoticias.com.br\/index.php\/wp-json\/wp\/v2\/media?parent=3571"}],"wp:term":[{"taxonomy":"category","embeddable":true,"href":"https:\/\/jornalfatosenoticias.com.br\/index.php\/wp-json\/wp\/v2\/categories?post=3571"},{"taxonomy":"post_tag","embeddable":true,"href":"https:\/\/jornalfatosenoticias.com.br\/index.php\/wp-json\/wp\/v2\/tags?post=3571"}],"curies":[{"name":"wp","href":"https:\/\/api.w.org\/{rel}","templated":true}]}}