{"id":35746,"date":"2022-11-04T13:50:38","date_gmt":"2022-11-04T16:50:38","guid":{"rendered":"https:\/\/jornalfatosenoticias.com.br\/?p=35746"},"modified":"2022-11-04T13:50:41","modified_gmt":"2022-11-04T16:50:41","slug":"ver-ou-ouvir-passaros-melhora-a-saude-mental-diz-estudo","status":"publish","type":"post","link":"https:\/\/jornalfatosenoticias.com.br\/index.php\/2022\/11\/04\/ver-ou-ouvir-passaros-melhora-a-saude-mental-diz-estudo\/","title":{"rendered":"Ver ou ouvir p\u00e1ssaros melhora a sa\u00fade mental, diz estudo"},"content":{"rendered":"\n<p><em><span class=\"has-inline-color has-black-color\">Nova pesquisa realizada em Londres descobriu que estar perto de p\u00e1ssaros melhora o bem-estar por at\u00e9 oito horas<\/span><\/em><\/p>\n\n\n\n<div class=\"wp-block-image\"><figure class=\"aligncenter size-large\"><img loading=\"lazy\" decoding=\"async\" width=\"1024\" height=\"100\" src=\"https:\/\/jornalfatosenoticias.com.br\/wp-content\/uploads\/2022\/05\/NOVA-LOGO-CESCONETTO-1024x100.jpg\" alt=\"\" class=\"wp-image-30792\" srcset=\"https:\/\/jornalfatosenoticias.com.br\/wp-content\/uploads\/2022\/05\/NOVA-LOGO-CESCONETTO-1024x100.jpg 1024w, https:\/\/jornalfatosenoticias.com.br\/wp-content\/uploads\/2022\/05\/NOVA-LOGO-CESCONETTO-300x29.jpg 300w, https:\/\/jornalfatosenoticias.com.br\/wp-content\/uploads\/2022\/05\/NOVA-LOGO-CESCONETTO-768x75.jpg 768w, https:\/\/jornalfatosenoticias.com.br\/wp-content\/uploads\/2022\/05\/NOVA-LOGO-CESCONETTO.jpg 1280w\" sizes=\"auto, (max-width: 1024px) 100vw, 1024px\" \/><\/figure><\/div>\n\n\n\n<p>Uma nova pesquisa do Instituto de Psiquiatria, Psicologia e Neuroci\u00eancia (IoPPN) do King\u2019s College Londres, na Inglaterra, descobriu que ver ou ouvir p\u00e1ssaros est\u00e1 associado a uma melhora no bem-estar mental que pode durar at\u00e9 oito horas.<\/p>\n\n\n\n<div class=\"wp-block-image\"><figure class=\"aligncenter size-large\"><img loading=\"lazy\" decoding=\"async\" width=\"1024\" height=\"103\" src=\"https:\/\/jornalfatosenoticias.com.br\/wp-content\/uploads\/2022\/02\/Arte-Autoescola-Galatas_endereco_portal-1024x103.png\" alt=\"\" class=\"wp-image-27869\" srcset=\"https:\/\/jornalfatosenoticias.com.br\/wp-content\/uploads\/2022\/02\/Arte-Autoescola-Galatas_endereco_portal-1024x103.png 1024w, https:\/\/jornalfatosenoticias.com.br\/wp-content\/uploads\/2022\/02\/Arte-Autoescola-Galatas_endereco_portal-300x30.png 300w, https:\/\/jornalfatosenoticias.com.br\/wp-content\/uploads\/2022\/02\/Arte-Autoescola-Galatas_endereco_portal-768x77.png 768w, https:\/\/jornalfatosenoticias.com.br\/wp-content\/uploads\/2022\/02\/Arte-Autoescola-Galatas_endereco_portal.png 1223w\" sizes=\"auto, (max-width: 1024px) 100vw, 1024px\" \/><\/figure><\/div>\n\n\n\n<p>Essa melhora tamb\u00e9m foi evidente em pessoas com diagn\u00f3stico de depress\u00e3o \u2014 a doen\u00e7a mental mais comum em todo o mundo \u2014 indicando o potencial papel da avifauna em ajudar aqueles com problemas de sa\u00fade mental. Publicado na Scientific Reports, o estudo usou o aplicativo Urban Mind para coletar relat\u00f3rios em tempo real de <a href=\"https:\/\/ciclovivo.com.br\/mao-na-massa\/horta\/10-plantas-que-melhoram-o-bem-estar\/\" target=\"_blank\" rel=\"noreferrer noopener\">bem-estar<\/a>\u00a0mental das pessoas, juntamente com seus relatos de ver ou ouvir o canto dos p\u00e1ssaros.<\/p>\n\n\n\n<div class=\"wp-block-image\"><figure class=\"aligncenter size-large\"><img decoding=\"async\" src=\"https:\/\/jornalfatosenoticias.com.br\/wp-content\/uploads\/2020\/02\/Serra-Grande-1024x160.png\" alt=\"\" class=\"wp-image-7836\"\/><\/figure><\/div>\n\n\n\n<figure class=\"wp-block-image size-large\"><img loading=\"lazy\" decoding=\"async\" width=\"1000\" height=\"620\" src=\"https:\/\/jornalfatosenoticias.com.br\/wp-content\/uploads\/2022\/11\/passaros-saude-ouvir2.jpg\" alt=\"\" class=\"wp-image-35747\" srcset=\"https:\/\/jornalfatosenoticias.com.br\/wp-content\/uploads\/2022\/11\/passaros-saude-ouvir2.jpg 1000w, https:\/\/jornalfatosenoticias.com.br\/wp-content\/uploads\/2022\/11\/passaros-saude-ouvir2-300x186.jpg 300w, https:\/\/jornalfatosenoticias.com.br\/wp-content\/uploads\/2022\/11\/passaros-saude-ouvir2-768x476.jpg 768w\" sizes=\"auto, (max-width: 1000px) 100vw, 1000px\" \/><figcaption><em><span class=\"has-inline-color has-black-color\">(Foto: Rod Long\/Unsplash)<\/span><\/em><\/figcaption><\/figure>\n\n\n\n<div class=\"wp-block-image\"><figure class=\"aligncenter size-large is-resized\"><img loading=\"lazy\" decoding=\"async\" src=\"https:\/\/jornalfatosenoticias.com.br\/wp-content\/uploads\/2022\/10\/Arte-jornal-Zucchi-600x600_Prancheta-1-1024x1024.jpg\" alt=\"\" class=\"wp-image-34782\" width=\"245\" height=\"245\" srcset=\"https:\/\/jornalfatosenoticias.com.br\/wp-content\/uploads\/2022\/10\/Arte-jornal-Zucchi-600x600_Prancheta-1-1024x1024.jpg 1024w, https:\/\/jornalfatosenoticias.com.br\/wp-content\/uploads\/2022\/10\/Arte-jornal-Zucchi-600x600_Prancheta-1-300x300.jpg 300w, https:\/\/jornalfatosenoticias.com.br\/wp-content\/uploads\/2022\/10\/Arte-jornal-Zucchi-600x600_Prancheta-1-150x150.jpg 150w, https:\/\/jornalfatosenoticias.com.br\/wp-content\/uploads\/2022\/10\/Arte-jornal-Zucchi-600x600_Prancheta-1-768x768.jpg 768w, https:\/\/jornalfatosenoticias.com.br\/wp-content\/uploads\/2022\/10\/Arte-jornal-Zucchi-600x600_Prancheta-1.jpg 1250w\" sizes=\"auto, (max-width: 245px) 100vw, 245px\" \/><\/figure><\/div>\n\n\n\n<figure class=\"wp-block-pullquote\"><blockquote><p><span class=\"has-inline-color has-luminous-vivid-orange-color\">H\u00e1 evid\u00eancias crescentes sobre os benef\u00edcios para a <a href=\"https:\/\/ciclovivo.com.br\/vida-sustentavel\/equilibrio\/exposto-natureza-saude-mental\/\" target=\"_blank\" rel=\"noreferrer noopener\">sa\u00fade mental<\/a>\u00a0de estar perto da\u00a0<a href=\"https:\/\/ciclovivo.com.br\/mao-na-massa\/faca-voce-mesmo\/6-dicas-para-se-reconectar-com-a-natureza-dentro-de-casa\/\" target=\"_blank\" rel=\"noreferrer noopener\">natureza<\/a>\u00a0e, intuitivamente, pensamos que a presen\u00e7a do canto dos p\u00e1ssaros e dos p\u00e1ssaros ajudaria a melhorar nosso humor. No entanto, h\u00e1 pouca pesquisa que realmente investigou o impacto das aves na sa\u00fade mental em tempo real e em um ambiente real\u201d, afirma Ryan Hammoud, assistente de pesquisa do King\u2019s IoPPN e principal autor do estudo.<\/span><\/p><\/blockquote><\/figure>\n\n\n\n<div class=\"wp-block-image\"><figure class=\"aligncenter size-large\"><img decoding=\"async\" src=\"https:\/\/jornalfatosenoticias.com.br\/wp-content\/uploads\/2020\/02\/barao-das-carnes-300x164-1.jpg\" alt=\"\" class=\"wp-image-34339\"\/><\/figure><\/div>\n\n\n\n<p>Segundo Hammoud, esta \u00e9 a primeira vez que \u00e9 mostrada a liga\u00e7\u00e3o direta entre ver ou ouvir p\u00e1ssaros e humor positivo. \u201cEsperamos que essas evid\u00eancias possam demonstrar a import\u00e2ncia de proteger e fornecer ambientes que incentivem as aves, n\u00e3o apenas para a biodiversidade, mas para nossa sa\u00fade mental\u201d, ressaltou.<\/p>\n\n\n\n<div class=\"wp-block-image\"><figure class=\"alignleft size-large is-resized\"><img loading=\"lazy\" decoding=\"async\" src=\"https:\/\/jornalfatosenoticias.com.br\/wp-content\/uploads\/2020\/02\/casa-do-torresmo_portal.jpg\" alt=\"\" class=\"wp-image-34472\" width=\"284\" height=\"284\" srcset=\"https:\/\/jornalfatosenoticias.com.br\/wp-content\/uploads\/2020\/02\/casa-do-torresmo_portal.jpg 300w, https:\/\/jornalfatosenoticias.com.br\/wp-content\/uploads\/2020\/02\/casa-do-torresmo_portal-150x150.jpg 150w\" sizes=\"auto, (max-width: 284px) 100vw, 284px\" \/><\/figure><\/div>\n\n\n\n<p><strong><span class=\"has-inline-color has-vivid-green-cyan-color\">M\u00e9todo<\/span><\/strong><br>O estudo ocorreu entre abril de 2018 e outubro de 2021, com 1.292 participantes completando 26.856 avalia\u00e7\u00f5es usando o aplicativo Urban Mind, desenvolvido pelo King\u2019s College London, os arquitetos paisagistas J&amp;L Gibbons e a funda\u00e7\u00e3o art\u00edstica Nomad Projects. Os participantes foram recrutados em todo o mundo, sendo a maioria baseada no Reino Unido, Uni\u00e3o Europeia e Estados Unidos.<br>O aplicativo perguntou aos participantes tr\u00eas vezes ao dia se eles podiam ver ou ouvir p\u00e1ssaros, seguido de perguntas sobre bem-estar mental para permitir que os pesquisadores estabelecessem uma associa\u00e7\u00e3o entre os dois e estimassem quanto tempo essa associa\u00e7\u00e3o durou.<\/p>\n\n\n\n<div class=\"wp-block-image\"><figure class=\"aligncenter size-large\"><img decoding=\"async\" src=\"https:\/\/jornalfatosenoticias.com.br\/wp-content\/uploads\/2020\/02\/logo-embacia-1-1024x110.jpg\" alt=\"\" class=\"wp-image-33954\"\/><\/figure><\/div>\n\n\n\n<p>O estudo tamb\u00e9m coletou informa\u00e7\u00f5es sobre diagn\u00f3sticos existentes de condi\u00e7\u00f5es de sa\u00fade mental e descobriu que ouvir ou ver p\u00e1ssaros estava associado a melhorias no bem-estar mental em pessoas saud\u00e1veis e com depress\u00e3o. Os pesquisadores mostraram que as liga\u00e7\u00f5es entre p\u00e1ssaros e bem-estar mental n\u00e3o eram explicadas por fatores ambientais concomitantes, como a presen\u00e7a de \u00e1rvores, plantas ou cursos d\u2019\u00e1gua.<\/p>\n\n\n\n<div class=\"wp-block-image\"><figure class=\"aligncenter size-large\"><img loading=\"lazy\" decoding=\"async\" width=\"300\" height=\"250\" src=\"https:\/\/jornalfatosenoticias.com.br\/wp-content\/uploads\/2022\/08\/arte-Casarao.jpg\" alt=\"\" class=\"wp-image-33178\"\/><\/figure><\/div>\n\n\n\n<figure class=\"wp-block-image size-large\"><img loading=\"lazy\" decoding=\"async\" width=\"1000\" height=\"666\" src=\"https:\/\/jornalfatosenoticias.com.br\/wp-content\/uploads\/2022\/11\/passaros-saude-ouvir3.jpg\" alt=\"\" class=\"wp-image-35748\" srcset=\"https:\/\/jornalfatosenoticias.com.br\/wp-content\/uploads\/2022\/11\/passaros-saude-ouvir3.jpg 1000w, https:\/\/jornalfatosenoticias.com.br\/wp-content\/uploads\/2022\/11\/passaros-saude-ouvir3-300x200.jpg 300w, https:\/\/jornalfatosenoticias.com.br\/wp-content\/uploads\/2022\/11\/passaros-saude-ouvir3-768x511.jpg 768w\" sizes=\"auto, (max-width: 1000px) 100vw, 1000px\" \/><figcaption><em><span class=\"has-inline-color has-black-color\">(Foto: James Wainscoat\/Unsplash)<\/span><\/em><\/figcaption><\/figure>\n\n\n\n<div class=\"wp-block-image\"><figure class=\"aligncenter size-large is-resized\"><img loading=\"lazy\" decoding=\"async\" src=\"https:\/\/jornalfatosenoticias.com.br\/wp-content\/uploads\/2022\/07\/Logo-Grupo-SEI.jpg\" alt=\"\" class=\"wp-image-31973\" width=\"330\" height=\"173\" srcset=\"https:\/\/jornalfatosenoticias.com.br\/wp-content\/uploads\/2022\/07\/Logo-Grupo-SEI.jpg 713w, https:\/\/jornalfatosenoticias.com.br\/wp-content\/uploads\/2022\/07\/Logo-Grupo-SEI-300x158.jpg 300w\" sizes=\"auto, (max-width: 330px) 100vw, 330px\" \/><\/figure><\/div>\n\n\n\n<figure class=\"wp-block-pullquote\"><blockquote><p><span class=\"has-inline-color has-luminous-vivid-orange-color\">O termo \u2018servi\u00e7os ecossist\u00eamicos\u2019 \u00e9 frequentemente usado para descrever os <a href=\"https:\/\/ciclovivo.com.br\/vida-sustentavel\/bem-estar\/canto-de-passaros-sensacao-bem-estar\/\" target=\"_blank\" rel=\"noreferrer noopener\">benef\u00edcios<\/a> de certos aspectos do ambiente natural em nossa sa\u00fade f\u00edsica e mental. No entanto, pode ser dif\u00edcil provar esses benef\u00edcios cientificamente. Nosso estudo fornece uma base de evid\u00eancias para criar e apoiar espa\u00e7os biodiversos que abrigam a avifauna, uma vez que isso est\u00e1 fortemente ligado \u00e0 nossa sa\u00fade mental\u201d, disse a autora s\u00eanior do estudo Andrea Mechelli, professora de Interven\u00e7\u00e3o Precoce em Sa\u00fade Mental do IoPPN.<\/span><\/p><\/blockquote><\/figure>\n\n\n\n<div class=\"wp-block-image\"><figure class=\"aligncenter size-large\"><img loading=\"lazy\" decoding=\"async\" width=\"1024\" height=\"111\" src=\"https:\/\/jornalfatosenoticias.com.br\/wp-content\/uploads\/2020\/02\/WhatsApp-Image-2022-09-23-at-12.09.18-1024x111.jpeg\" alt=\"\" class=\"wp-image-34527\" srcset=\"https:\/\/jornalfatosenoticias.com.br\/wp-content\/uploads\/2020\/02\/WhatsApp-Image-2022-09-23-at-12.09.18-1024x111.jpeg 1024w, https:\/\/jornalfatosenoticias.com.br\/wp-content\/uploads\/2020\/02\/WhatsApp-Image-2022-09-23-at-12.09.18-300x32.jpeg 300w, https:\/\/jornalfatosenoticias.com.br\/wp-content\/uploads\/2020\/02\/WhatsApp-Image-2022-09-23-at-12.09.18-768x83.jpeg 768w, https:\/\/jornalfatosenoticias.com.br\/wp-content\/uploads\/2020\/02\/WhatsApp-Image-2022-09-23-at-12.09.18.jpeg 1121w\" sizes=\"auto, (max-width: 1024px) 100vw, 1024px\" \/><\/figure><\/div>\n\n\n\n<p>J\u00e1 o parceiro de pesquisa e arquiteto paisagista Jo Gibbons, da J &amp; L Gibbons, afirmou que os p\u00e1ssaros possibilitam uma experi\u00eancia multissensorial que enriquece a vida cotidiana.<\/p>\n\n\n\n<div class=\"wp-block-image\"><figure class=\"aligncenter size-large\"><img decoding=\"async\" src=\"https:\/\/jornalfatosenoticias.com.br\/wp-content\/uploads\/2020\/02\/logo_esteio.jpg\" alt=\"\" class=\"wp-image-1214\"\/><\/figure><\/div>\n\n\n\n<figure class=\"wp-block-pullquote\"><blockquote><p><span class=\"has-inline-color has-luminous-vivid-orange-color\">Esta pesquisa emocionante sustenta o quanto a vis\u00e3o e o som do canto dos p\u00e1ssaros levantam os esp\u00edritos. O estudo captura evid\u00eancias intrigantes de que um ambiente biodiverso \u00e9 restaurador em termos de bem-estar mental. Que a estimula\u00e7\u00e3o do canto dos p\u00e1ssaros, parte dessas \u2018doses\u2019 di\u00e1rias da natureza, \u00e9 preciosa e duradoura\u201d, salientou.<\/span><\/p><\/blockquote><\/figure>\n\n\n\n<div class=\"wp-block-image\"><figure class=\"aligncenter size-large is-resized\"><img loading=\"lazy\" decoding=\"async\" src=\"https:\/\/jornalfatosenoticias.com.br\/wp-content\/uploads\/2020\/02\/logo-clinica-limoeiro.jpg\" alt=\"\" class=\"wp-image-34610\" width=\"268\" height=\"190\"\/><\/figure><\/div>\n\n\n\n<p>Confira o estudo completo, em ingl\u00eas, \u201c<a href=\"https:\/\/www.nature.com\/articles\/s41598-022-20207-6\" target=\"_blank\" rel=\"noreferrer noopener\">Smartphone-based ecological momentary assessment reveals mental health benefits of birdlife<\/a>\u201d, publicado na revista Scientific Reports.<\/p>\n\n\n\n<div class=\"wp-block-image\"><figure class=\"aligncenter size-large\"><img loading=\"lazy\" decoding=\"async\" width=\"560\" height=\"60\" src=\"https:\/\/jornalfatosenoticias.com.br\/wp-content\/uploads\/2022\/10\/Propaganda-RC-Radiadores-Jornal_page-0001.jpg\" alt=\"\" class=\"wp-image-35270\" srcset=\"https:\/\/jornalfatosenoticias.com.br\/wp-content\/uploads\/2022\/10\/Propaganda-RC-Radiadores-Jornal_page-0001.jpg 560w, https:\/\/jornalfatosenoticias.com.br\/wp-content\/uploads\/2022\/10\/Propaganda-RC-Radiadores-Jornal_page-0001-300x32.jpg 300w\" sizes=\"auto, (max-width: 560px) 100vw, 560px\" \/><\/figure><\/div>\n\n\n\n<p>Para atrair os p\u00e1ssaros, voc\u00ea pode plantar \u00e1rvores, confira <a href=\"https:\/\/ciclovivo.com.br\/mao-na-massa\/faca-voce-mesmo\/22-arvores-que-atraem-passaros\/\" target=\"_blank\" rel=\"noreferrer noopener\">22 \u00e1rvores que atraem p\u00e1ssaros<\/a>, e at\u00e9\u00a0<a href=\"https:\/\/ciclovivo.com.br\/mao-na-massa\/faca-voce-mesmo\/saiba-como-fazer-um-comedouro-de-passaros-reutilizando-pet\/\" target=\"_blank\" rel=\"noreferrer noopener\">fazer um comedouro<\/a>\u00a0em seu quintal.<\/p>\n\n\n\n<p><strong><em>Fonte: <a href=\"https:\/\/ciclovivo.com.br\/vida-sustentavel\/bem-estar\/ver-ou-ouvir-passaros-melhora-a-saude-mental-diz-estudo\/\">CicloVivo<\/a><\/em><\/strong><\/p>\n","protected":false},"excerpt":{"rendered":"<p>Nova pesquisa realizada em Londres descobriu que estar perto de p\u00e1ssaros melhora o bem-estar por at\u00e9 oito horas Uma nova pesquisa do Instituto de Psiquiatria, Psicologia e Neuroci\u00eancia (IoPPN) do King\u2019s College Londres, na Inglaterra, descobriu que ver ou ouvir p\u00e1ssaros est\u00e1 associado a uma melhora no bem-estar mental que pode durar at\u00e9 oito horas. [&hellip;]<\/p>\n","protected":false},"author":2,"featured_media":35749,"comment_status":"open","ping_status":"open","sticky":false,"template":"","format":"standard","meta":{"footnotes":""},"categories":[42],"tags":[385,16771,180,688],"class_list":["post-35746","post","type-post","status-publish","format-standard","has-post-thumbnail","hentry","category-bem-estar","tag-bem-estar","tag-canto-dos-passaros","tag-passaros","tag-saude-mental"],"yoast_head":"<!-- This site is optimized with the Yoast SEO plugin v26.5 - https:\/\/yoast.com\/wordpress\/plugins\/seo\/ -->\n<title>Ver ou ouvir p\u00e1ssaros melhora a sa\u00fade mental, diz estudo - Jornal Fatos e Not\u00edcias<\/title>\n<meta name=\"robots\" content=\"index, follow, max-snippet:-1, max-image-preview:large, max-video-preview:-1\" \/>\n<link rel=\"canonical\" href=\"https:\/\/jornalfatosenoticias.com.br\/index.php\/2022\/11\/04\/ver-ou-ouvir-passaros-melhora-a-saude-mental-diz-estudo\/\" \/>\n<meta property=\"og:locale\" content=\"pt_BR\" \/>\n<meta property=\"og:type\" content=\"article\" \/>\n<meta property=\"og:title\" content=\"Ver ou ouvir p\u00e1ssaros melhora a sa\u00fade mental, diz estudo - Jornal Fatos e Not\u00edcias\" \/>\n<meta property=\"og:description\" content=\"Nova pesquisa realizada em Londres descobriu que estar perto de p\u00e1ssaros melhora o bem-estar por at\u00e9 oito horas Uma nova pesquisa do Instituto de Psiquiatria, Psicologia e Neuroci\u00eancia (IoPPN) do King\u2019s College Londres, na Inglaterra, descobriu que ver ou ouvir p\u00e1ssaros est\u00e1 associado a uma melhora no bem-estar mental que pode durar at\u00e9 oito horas. [&hellip;]\" \/>\n<meta property=\"og:url\" content=\"https:\/\/jornalfatosenoticias.com.br\/index.php\/2022\/11\/04\/ver-ou-ouvir-passaros-melhora-a-saude-mental-diz-estudo\/\" \/>\n<meta property=\"og:site_name\" content=\"Jornal Fatos e Not\u00edcias\" \/>\n<meta property=\"article:published_time\" content=\"2022-11-04T16:50:38+00:00\" \/>\n<meta property=\"article:modified_time\" content=\"2022-11-04T16:50:41+00:00\" \/>\n<meta property=\"og:image\" content=\"https:\/\/jornalfatosenoticias.com.br\/wp-content\/uploads\/2022\/11\/passaros-saude-ouvir.jpg\" \/>\n\t<meta property=\"og:image:width\" content=\"1000\" \/>\n\t<meta property=\"og:image:height\" content=\"666\" \/>\n\t<meta property=\"og:image:type\" content=\"image\/jpeg\" \/>\n<meta name=\"author\" content=\"Luzimara Fernandes\" \/>\n<meta name=\"twitter:card\" content=\"summary_large_image\" \/>\n<meta name=\"twitter:label1\" content=\"Escrito por\" \/>\n\t<meta name=\"twitter:data1\" content=\"Luzimara Fernandes\" \/>\n\t<meta name=\"twitter:label2\" content=\"Est. tempo de leitura\" \/>\n\t<meta name=\"twitter:data2\" content=\"3 minutos\" \/>\n<script type=\"application\/ld+json\" class=\"yoast-schema-graph\">{\"@context\":\"https:\/\/schema.org\",\"@graph\":[{\"@type\":\"Article\",\"@id\":\"https:\/\/jornalfatosenoticias.com.br\/index.php\/2022\/11\/04\/ver-ou-ouvir-passaros-melhora-a-saude-mental-diz-estudo\/#article\",\"isPartOf\":{\"@id\":\"https:\/\/jornalfatosenoticias.com.br\/index.php\/2022\/11\/04\/ver-ou-ouvir-passaros-melhora-a-saude-mental-diz-estudo\/\"},\"author\":{\"name\":\"Luzimara Fernandes\",\"@id\":\"https:\/\/jornalfatosenoticias.com.br\/#\/schema\/person\/d63837fa13ac8666eb9e74e0985d6f81\"},\"headline\":\"Ver ou ouvir p\u00e1ssaros melhora a sa\u00fade mental, diz estudo\",\"datePublished\":\"2022-11-04T16:50:38+00:00\",\"dateModified\":\"2022-11-04T16:50:41+00:00\",\"mainEntityOfPage\":{\"@id\":\"https:\/\/jornalfatosenoticias.com.br\/index.php\/2022\/11\/04\/ver-ou-ouvir-passaros-melhora-a-saude-mental-diz-estudo\/\"},\"wordCount\":688,\"commentCount\":0,\"publisher\":{\"@id\":\"https:\/\/jornalfatosenoticias.com.br\/#organization\"},\"image\":{\"@id\":\"https:\/\/jornalfatosenoticias.com.br\/index.php\/2022\/11\/04\/ver-ou-ouvir-passaros-melhora-a-saude-mental-diz-estudo\/#primaryimage\"},\"thumbnailUrl\":\"https:\/\/jornalfatosenoticias.com.br\/wp-content\/uploads\/2022\/11\/passaros-saude-ouvir.jpg\",\"keywords\":[\"bem-estar\",\"canto dos p\u00e1ssaros\",\"p\u00e1ssaros\",\"sa\u00fade mental\"],\"articleSection\":[\"Bem-estar\"],\"inLanguage\":\"pt-BR\",\"potentialAction\":[{\"@type\":\"CommentAction\",\"name\":\"Comment\",\"target\":[\"https:\/\/jornalfatosenoticias.com.br\/index.php\/2022\/11\/04\/ver-ou-ouvir-passaros-melhora-a-saude-mental-diz-estudo\/#respond\"]}]},{\"@type\":\"WebPage\",\"@id\":\"https:\/\/jornalfatosenoticias.com.br\/index.php\/2022\/11\/04\/ver-ou-ouvir-passaros-melhora-a-saude-mental-diz-estudo\/\",\"url\":\"https:\/\/jornalfatosenoticias.com.br\/index.php\/2022\/11\/04\/ver-ou-ouvir-passaros-melhora-a-saude-mental-diz-estudo\/\",\"name\":\"Ver ou ouvir p\u00e1ssaros melhora a sa\u00fade mental, diz estudo - Jornal Fatos e Not\u00edcias\",\"isPartOf\":{\"@id\":\"https:\/\/jornalfatosenoticias.com.br\/#website\"},\"primaryImageOfPage\":{\"@id\":\"https:\/\/jornalfatosenoticias.com.br\/index.php\/2022\/11\/04\/ver-ou-ouvir-passaros-melhora-a-saude-mental-diz-estudo\/#primaryimage\"},\"image\":{\"@id\":\"https:\/\/jornalfatosenoticias.com.br\/index.php\/2022\/11\/04\/ver-ou-ouvir-passaros-melhora-a-saude-mental-diz-estudo\/#primaryimage\"},\"thumbnailUrl\":\"https:\/\/jornalfatosenoticias.com.br\/wp-content\/uploads\/2022\/11\/passaros-saude-ouvir.jpg\",\"datePublished\":\"2022-11-04T16:50:38+00:00\",\"dateModified\":\"2022-11-04T16:50:41+00:00\",\"breadcrumb\":{\"@id\":\"https:\/\/jornalfatosenoticias.com.br\/index.php\/2022\/11\/04\/ver-ou-ouvir-passaros-melhora-a-saude-mental-diz-estudo\/#breadcrumb\"},\"inLanguage\":\"pt-BR\",\"potentialAction\":[{\"@type\":\"ReadAction\",\"target\":[\"https:\/\/jornalfatosenoticias.com.br\/index.php\/2022\/11\/04\/ver-ou-ouvir-passaros-melhora-a-saude-mental-diz-estudo\/\"]}]},{\"@type\":\"ImageObject\",\"inLanguage\":\"pt-BR\",\"@id\":\"https:\/\/jornalfatosenoticias.com.br\/index.php\/2022\/11\/04\/ver-ou-ouvir-passaros-melhora-a-saude-mental-diz-estudo\/#primaryimage\",\"url\":\"https:\/\/jornalfatosenoticias.com.br\/wp-content\/uploads\/2022\/11\/passaros-saude-ouvir.jpg\",\"contentUrl\":\"https:\/\/jornalfatosenoticias.com.br\/wp-content\/uploads\/2022\/11\/passaros-saude-ouvir.jpg\",\"width\":1000,\"height\":666},{\"@type\":\"BreadcrumbList\",\"@id\":\"https:\/\/jornalfatosenoticias.com.br\/index.php\/2022\/11\/04\/ver-ou-ouvir-passaros-melhora-a-saude-mental-diz-estudo\/#breadcrumb\",\"itemListElement\":[{\"@type\":\"ListItem\",\"position\":1,\"name\":\"In\u00edcio\",\"item\":\"https:\/\/jornalfatosenoticias.com.br\/\"},{\"@type\":\"ListItem\",\"position\":2,\"name\":\"Ver ou ouvir p\u00e1ssaros melhora a sa\u00fade mental, diz estudo\"}]},{\"@type\":\"WebSite\",\"@id\":\"https:\/\/jornalfatosenoticias.com.br\/#website\",\"url\":\"https:\/\/jornalfatosenoticias.com.br\/\",\"name\":\"Jornal Fatos e Not\u00edcias\",\"description\":\"Not\u00edcias em geral\",\"publisher\":{\"@id\":\"https:\/\/jornalfatosenoticias.com.br\/#organization\"},\"potentialAction\":[{\"@type\":\"SearchAction\",\"target\":{\"@type\":\"EntryPoint\",\"urlTemplate\":\"https:\/\/jornalfatosenoticias.com.br\/?s={search_term_string}\"},\"query-input\":{\"@type\":\"PropertyValueSpecification\",\"valueRequired\":true,\"valueName\":\"search_term_string\"}}],\"inLanguage\":\"pt-BR\"},{\"@type\":\"Organization\",\"@id\":\"https:\/\/jornalfatosenoticias.com.br\/#organization\",\"name\":\"Jornal Fatos e Not\u00edcias\",\"url\":\"https:\/\/jornalfatosenoticias.com.br\/\",\"logo\":{\"@type\":\"ImageObject\",\"inLanguage\":\"pt-BR\",\"@id\":\"https:\/\/jornalfatosenoticias.com.br\/#\/schema\/logo\/image\/\",\"url\":\"https:\/\/jornalfatosenoticias.com.br\/wp-content\/uploads\/2020\/02\/logo120.png\",\"contentUrl\":\"https:\/\/jornalfatosenoticias.com.br\/wp-content\/uploads\/2020\/02\/logo120.png\",\"width\":1227,\"height\":120,\"caption\":\"Jornal Fatos e Not\u00edcias\"},\"image\":{\"@id\":\"https:\/\/jornalfatosenoticias.com.br\/#\/schema\/logo\/image\/\"}},{\"@type\":\"Person\",\"@id\":\"https:\/\/jornalfatosenoticias.com.br\/#\/schema\/person\/d63837fa13ac8666eb9e74e0985d6f81\",\"name\":\"Luzimara Fernandes\",\"image\":{\"@type\":\"ImageObject\",\"inLanguage\":\"pt-BR\",\"@id\":\"https:\/\/jornalfatosenoticias.com.br\/#\/schema\/person\/image\/\",\"url\":\"https:\/\/jornalfatosenoticias.com.br\/wp-content\/uploads\/2025\/05\/EU_portal.jpg\",\"contentUrl\":\"https:\/\/jornalfatosenoticias.com.br\/wp-content\/uploads\/2025\/05\/EU_portal.jpg\",\"caption\":\"Luzimara Fernandes\"},\"description\":\"Jornalista MTB 2358-ES\",\"sameAs\":[\"https:\/\/jornalfatosenoticias.com.br\"],\"url\":\"https:\/\/jornalfatosenoticias.com.br\/index.php\/author\/luzimara\/\"}]}<\/script>\n<!-- \/ Yoast SEO plugin. -->","yoast_head_json":{"title":"Ver ou ouvir p\u00e1ssaros melhora a sa\u00fade mental, diz estudo - Jornal Fatos e Not\u00edcias","robots":{"index":"index","follow":"follow","max-snippet":"max-snippet:-1","max-image-preview":"max-image-preview:large","max-video-preview":"max-video-preview:-1"},"canonical":"https:\/\/jornalfatosenoticias.com.br\/index.php\/2022\/11\/04\/ver-ou-ouvir-passaros-melhora-a-saude-mental-diz-estudo\/","og_locale":"pt_BR","og_type":"article","og_title":"Ver ou ouvir p\u00e1ssaros melhora a sa\u00fade mental, diz estudo - Jornal Fatos e Not\u00edcias","og_description":"Nova pesquisa realizada em Londres descobriu que estar perto de p\u00e1ssaros melhora o bem-estar por at\u00e9 oito horas Uma nova pesquisa do Instituto de Psiquiatria, Psicologia e Neuroci\u00eancia (IoPPN) do King\u2019s College Londres, na Inglaterra, descobriu que ver ou ouvir p\u00e1ssaros est\u00e1 associado a uma melhora no bem-estar mental que pode durar at\u00e9 oito horas. [&hellip;]","og_url":"https:\/\/jornalfatosenoticias.com.br\/index.php\/2022\/11\/04\/ver-ou-ouvir-passaros-melhora-a-saude-mental-diz-estudo\/","og_site_name":"Jornal Fatos e Not\u00edcias","article_published_time":"2022-11-04T16:50:38+00:00","article_modified_time":"2022-11-04T16:50:41+00:00","og_image":[{"width":1000,"height":666,"url":"https:\/\/jornalfatosenoticias.com.br\/wp-content\/uploads\/2022\/11\/passaros-saude-ouvir.jpg","type":"image\/jpeg"}],"author":"Luzimara Fernandes","twitter_card":"summary_large_image","twitter_misc":{"Escrito por":"Luzimara Fernandes","Est. tempo de leitura":"3 minutos"},"schema":{"@context":"https:\/\/schema.org","@graph":[{"@type":"Article","@id":"https:\/\/jornalfatosenoticias.com.br\/index.php\/2022\/11\/04\/ver-ou-ouvir-passaros-melhora-a-saude-mental-diz-estudo\/#article","isPartOf":{"@id":"https:\/\/jornalfatosenoticias.com.br\/index.php\/2022\/11\/04\/ver-ou-ouvir-passaros-melhora-a-saude-mental-diz-estudo\/"},"author":{"name":"Luzimara Fernandes","@id":"https:\/\/jornalfatosenoticias.com.br\/#\/schema\/person\/d63837fa13ac8666eb9e74e0985d6f81"},"headline":"Ver ou ouvir p\u00e1ssaros melhora a sa\u00fade mental, diz estudo","datePublished":"2022-11-04T16:50:38+00:00","dateModified":"2022-11-04T16:50:41+00:00","mainEntityOfPage":{"@id":"https:\/\/jornalfatosenoticias.com.br\/index.php\/2022\/11\/04\/ver-ou-ouvir-passaros-melhora-a-saude-mental-diz-estudo\/"},"wordCount":688,"commentCount":0,"publisher":{"@id":"https:\/\/jornalfatosenoticias.com.br\/#organization"},"image":{"@id":"https:\/\/jornalfatosenoticias.com.br\/index.php\/2022\/11\/04\/ver-ou-ouvir-passaros-melhora-a-saude-mental-diz-estudo\/#primaryimage"},"thumbnailUrl":"https:\/\/jornalfatosenoticias.com.br\/wp-content\/uploads\/2022\/11\/passaros-saude-ouvir.jpg","keywords":["bem-estar","canto dos p\u00e1ssaros","p\u00e1ssaros","sa\u00fade mental"],"articleSection":["Bem-estar"],"inLanguage":"pt-BR","potentialAction":[{"@type":"CommentAction","name":"Comment","target":["https:\/\/jornalfatosenoticias.com.br\/index.php\/2022\/11\/04\/ver-ou-ouvir-passaros-melhora-a-saude-mental-diz-estudo\/#respond"]}]},{"@type":"WebPage","@id":"https:\/\/jornalfatosenoticias.com.br\/index.php\/2022\/11\/04\/ver-ou-ouvir-passaros-melhora-a-saude-mental-diz-estudo\/","url":"https:\/\/jornalfatosenoticias.com.br\/index.php\/2022\/11\/04\/ver-ou-ouvir-passaros-melhora-a-saude-mental-diz-estudo\/","name":"Ver ou ouvir p\u00e1ssaros melhora a sa\u00fade mental, diz estudo - Jornal Fatos e Not\u00edcias","isPartOf":{"@id":"https:\/\/jornalfatosenoticias.com.br\/#website"},"primaryImageOfPage":{"@id":"https:\/\/jornalfatosenoticias.com.br\/index.php\/2022\/11\/04\/ver-ou-ouvir-passaros-melhora-a-saude-mental-diz-estudo\/#primaryimage"},"image":{"@id":"https:\/\/jornalfatosenoticias.com.br\/index.php\/2022\/11\/04\/ver-ou-ouvir-passaros-melhora-a-saude-mental-diz-estudo\/#primaryimage"},"thumbnailUrl":"https:\/\/jornalfatosenoticias.com.br\/wp-content\/uploads\/2022\/11\/passaros-saude-ouvir.jpg","datePublished":"2022-11-04T16:50:38+00:00","dateModified":"2022-11-04T16:50:41+00:00","breadcrumb":{"@id":"https:\/\/jornalfatosenoticias.com.br\/index.php\/2022\/11\/04\/ver-ou-ouvir-passaros-melhora-a-saude-mental-diz-estudo\/#breadcrumb"},"inLanguage":"pt-BR","potentialAction":[{"@type":"ReadAction","target":["https:\/\/jornalfatosenoticias.com.br\/index.php\/2022\/11\/04\/ver-ou-ouvir-passaros-melhora-a-saude-mental-diz-estudo\/"]}]},{"@type":"ImageObject","inLanguage":"pt-BR","@id":"https:\/\/jornalfatosenoticias.com.br\/index.php\/2022\/11\/04\/ver-ou-ouvir-passaros-melhora-a-saude-mental-diz-estudo\/#primaryimage","url":"https:\/\/jornalfatosenoticias.com.br\/wp-content\/uploads\/2022\/11\/passaros-saude-ouvir.jpg","contentUrl":"https:\/\/jornalfatosenoticias.com.br\/wp-content\/uploads\/2022\/11\/passaros-saude-ouvir.jpg","width":1000,"height":666},{"@type":"BreadcrumbList","@id":"https:\/\/jornalfatosenoticias.com.br\/index.php\/2022\/11\/04\/ver-ou-ouvir-passaros-melhora-a-saude-mental-diz-estudo\/#breadcrumb","itemListElement":[{"@type":"ListItem","position":1,"name":"In\u00edcio","item":"https:\/\/jornalfatosenoticias.com.br\/"},{"@type":"ListItem","position":2,"name":"Ver ou ouvir p\u00e1ssaros melhora a sa\u00fade mental, diz estudo"}]},{"@type":"WebSite","@id":"https:\/\/jornalfatosenoticias.com.br\/#website","url":"https:\/\/jornalfatosenoticias.com.br\/","name":"Jornal Fatos e Not\u00edcias","description":"Not\u00edcias em geral","publisher":{"@id":"https:\/\/jornalfatosenoticias.com.br\/#organization"},"potentialAction":[{"@type":"SearchAction","target":{"@type":"EntryPoint","urlTemplate":"https:\/\/jornalfatosenoticias.com.br\/?s={search_term_string}"},"query-input":{"@type":"PropertyValueSpecification","valueRequired":true,"valueName":"search_term_string"}}],"inLanguage":"pt-BR"},{"@type":"Organization","@id":"https:\/\/jornalfatosenoticias.com.br\/#organization","name":"Jornal Fatos e Not\u00edcias","url":"https:\/\/jornalfatosenoticias.com.br\/","logo":{"@type":"ImageObject","inLanguage":"pt-BR","@id":"https:\/\/jornalfatosenoticias.com.br\/#\/schema\/logo\/image\/","url":"https:\/\/jornalfatosenoticias.com.br\/wp-content\/uploads\/2020\/02\/logo120.png","contentUrl":"https:\/\/jornalfatosenoticias.com.br\/wp-content\/uploads\/2020\/02\/logo120.png","width":1227,"height":120,"caption":"Jornal Fatos e Not\u00edcias"},"image":{"@id":"https:\/\/jornalfatosenoticias.com.br\/#\/schema\/logo\/image\/"}},{"@type":"Person","@id":"https:\/\/jornalfatosenoticias.com.br\/#\/schema\/person\/d63837fa13ac8666eb9e74e0985d6f81","name":"Luzimara Fernandes","image":{"@type":"ImageObject","inLanguage":"pt-BR","@id":"https:\/\/jornalfatosenoticias.com.br\/#\/schema\/person\/image\/","url":"https:\/\/jornalfatosenoticias.com.br\/wp-content\/uploads\/2025\/05\/EU_portal.jpg","contentUrl":"https:\/\/jornalfatosenoticias.com.br\/wp-content\/uploads\/2025\/05\/EU_portal.jpg","caption":"Luzimara Fernandes"},"description":"Jornalista MTB 2358-ES","sameAs":["https:\/\/jornalfatosenoticias.com.br"],"url":"https:\/\/jornalfatosenoticias.com.br\/index.php\/author\/luzimara\/"}]}},"cc_featured_image_caption":{"caption_text":"(Foto: James Wainscoat\/Unsplash) ","source_text":"","source_url":""},"jetpack_featured_media_url":"https:\/\/jornalfatosenoticias.com.br\/wp-content\/uploads\/2022\/11\/passaros-saude-ouvir.jpg","_links":{"self":[{"href":"https:\/\/jornalfatosenoticias.com.br\/index.php\/wp-json\/wp\/v2\/posts\/35746","targetHints":{"allow":["GET"]}}],"collection":[{"href":"https:\/\/jornalfatosenoticias.com.br\/index.php\/wp-json\/wp\/v2\/posts"}],"about":[{"href":"https:\/\/jornalfatosenoticias.com.br\/index.php\/wp-json\/wp\/v2\/types\/post"}],"author":[{"embeddable":true,"href":"https:\/\/jornalfatosenoticias.com.br\/index.php\/wp-json\/wp\/v2\/users\/2"}],"replies":[{"embeddable":true,"href":"https:\/\/jornalfatosenoticias.com.br\/index.php\/wp-json\/wp\/v2\/comments?post=35746"}],"version-history":[{"count":0,"href":"https:\/\/jornalfatosenoticias.com.br\/index.php\/wp-json\/wp\/v2\/posts\/35746\/revisions"}],"wp:featuredmedia":[{"embeddable":true,"href":"https:\/\/jornalfatosenoticias.com.br\/index.php\/wp-json\/wp\/v2\/media\/35749"}],"wp:attachment":[{"href":"https:\/\/jornalfatosenoticias.com.br\/index.php\/wp-json\/wp\/v2\/media?parent=35746"}],"wp:term":[{"taxonomy":"category","embeddable":true,"href":"https:\/\/jornalfatosenoticias.com.br\/index.php\/wp-json\/wp\/v2\/categories?post=35746"},{"taxonomy":"post_tag","embeddable":true,"href":"https:\/\/jornalfatosenoticias.com.br\/index.php\/wp-json\/wp\/v2\/tags?post=35746"}],"curies":[{"name":"wp","href":"https:\/\/api.w.org\/{rel}","templated":true}]}}