{"id":35754,"date":"2022-11-04T14:03:19","date_gmt":"2022-11-04T17:03:19","guid":{"rendered":"https:\/\/jornalfatosenoticias.com.br\/?p=35754"},"modified":"2022-11-04T14:03:22","modified_gmt":"2022-11-04T17:03:22","slug":"novembro-azul-tres-fatos-importantes-sobre-o-cancer-de-prostata","status":"publish","type":"post","link":"https:\/\/jornalfatosenoticias.com.br\/index.php\/2022\/11\/04\/novembro-azul-tres-fatos-importantes-sobre-o-cancer-de-prostata\/","title":{"rendered":"Novembro Azul: tr\u00eas fatos importantes sobre o c\u00e2ncer de pr\u00f3stata"},"content":{"rendered":"\n<p><em><span class=\"has-inline-color has-black-color\">Muitos homens ainda se negam a consultar com um especialista por receio e preconceitos<\/span><\/em><\/p>\n\n\n\n<div class=\"wp-block-image\"><figure class=\"aligncenter size-large\"><img loading=\"lazy\" decoding=\"async\" width=\"1024\" height=\"103\" src=\"https:\/\/jornalfatosenoticias.com.br\/wp-content\/uploads\/2022\/02\/Arte-Autoescola-Galatas_endereco_portal-1024x103.png\" alt=\"\" class=\"wp-image-27869\" srcset=\"https:\/\/jornalfatosenoticias.com.br\/wp-content\/uploads\/2022\/02\/Arte-Autoescola-Galatas_endereco_portal-1024x103.png 1024w, https:\/\/jornalfatosenoticias.com.br\/wp-content\/uploads\/2022\/02\/Arte-Autoescola-Galatas_endereco_portal-300x30.png 300w, https:\/\/jornalfatosenoticias.com.br\/wp-content\/uploads\/2022\/02\/Arte-Autoescola-Galatas_endereco_portal-768x77.png 768w, https:\/\/jornalfatosenoticias.com.br\/wp-content\/uploads\/2022\/02\/Arte-Autoescola-Galatas_endereco_portal.png 1223w\" sizes=\"auto, (max-width: 1024px) 100vw, 1024px\" \/><\/figure><\/div>\n\n\n\n<p>Novembro Azul \u00e9 o movimento internacional de conscientiza\u00e7\u00e3o do c\u00e2ncer de pr\u00f3stata. Essa campanha come\u00e7ou no ano de 2003 em alus\u00e3o \u00e0 data 17 de novembro, o Dia Mundial de Combate ao C\u00e2ncer de Pr\u00f3stata. Ou seja, o m\u00eas ideal para o encaixe desse trabalho em todo o mundo. Sendo assim, saiba quais s\u00e3o os tr\u00eas fatos sobre o c\u00e2ncer de pr\u00f3stata no in\u00edcio do Novembro Azul.<\/p>\n\n\n\n<div class=\"wp-block-image\"><figure class=\"aligncenter size-large is-resized\"><img loading=\"lazy\" decoding=\"async\" src=\"https:\/\/jornalfatosenoticias.com.br\/wp-content\/uploads\/2020\/02\/logo-clinica-limoeiro.jpg\" alt=\"\" class=\"wp-image-34610\" width=\"282\" height=\"200\"\/><\/figure><\/div>\n\n\n\n<p><strong>INFLU\u00caNCIAS<br><\/strong>\u00c9 incerta a causa do desenvolvimento de c\u00e2ncer de pr\u00f3stata mas, especialistas apontam certos h\u00e1bitos como agravantes no crescimento da doen\u00e7a. Os h\u00e1bitos alimentares est\u00e3o entre os fatores de risco. Dietas ricas em gorduras saturadas contribuem para o sedentarismo. O uso de anabolizantes e o tabagismo tamb\u00e9m est\u00e3o inclusos. Al\u00e9m disso, a gen\u00e9tica contribui para o surgimento quando h\u00e1 casos em que o pai ou o irm\u00e3o do paciente j\u00e1 tiveram c\u00e2ncer.<\/p>\n\n\n\n<div class=\"wp-block-image\"><figure class=\"aligncenter size-large\"><img loading=\"lazy\" decoding=\"async\" width=\"1024\" height=\"110\" src=\"https:\/\/jornalfatosenoticias.com.br\/wp-content\/uploads\/2022\/10\/Arte-jornal-Zucchi-1120x120_Prancheta-1-1024x110.jpg\" alt=\"\" class=\"wp-image-34772\" srcset=\"https:\/\/jornalfatosenoticias.com.br\/wp-content\/uploads\/2022\/10\/Arte-jornal-Zucchi-1120x120_Prancheta-1-1024x110.jpg 1024w, https:\/\/jornalfatosenoticias.com.br\/wp-content\/uploads\/2022\/10\/Arte-jornal-Zucchi-1120x120_Prancheta-1-300x32.jpg 300w, https:\/\/jornalfatosenoticias.com.br\/wp-content\/uploads\/2022\/10\/Arte-jornal-Zucchi-1120x120_Prancheta-1-768x82.jpg 768w, https:\/\/jornalfatosenoticias.com.br\/wp-content\/uploads\/2022\/10\/Arte-jornal-Zucchi-1120x120_Prancheta-1-1536x165.jpg 1536w, https:\/\/jornalfatosenoticias.com.br\/wp-content\/uploads\/2022\/10\/Arte-jornal-Zucchi-1120x120_Prancheta-1-2048x219.jpg 2048w\" sizes=\"auto, (max-width: 1024px) 100vw, 1024px\" \/><\/figure><\/div>\n\n\n\n<p><strong>TRATAMENTO<br><\/strong>O tratamento do c\u00e2ncer de pr\u00f3stata depende do est\u00e1gio da doen\u00e7a. Nos casos comuns, o paciente realiza cirurgia, terapia hormonal e radioterapia. A realiza\u00e7\u00e3o do exame pode ajudar a identificar o c\u00e2ncer logo no in\u00edcio da doen\u00e7a e, consequentemente, aumentar a chance de sucesso do tratamento.<\/p>\n\n\n\n<div class=\"wp-block-image\"><figure class=\"alignright size-large\"><img decoding=\"async\" src=\"https:\/\/jornalfatosenoticias.com.br\/wp-content\/uploads\/2020\/02\/barao-das-carnes-300x164-1.jpg\" alt=\"\" class=\"wp-image-34339\"\/><\/figure><\/div>\n\n\n\n<p><strong>ATIVIDADES F\u00cdSICAS<br><\/strong>O estilo de vida saud\u00e1vel \u00e9 importante para manter a sa\u00fade do organismo em dia, mesmo sem nenhuma comprova\u00e7\u00e3o cient\u00edfica de que o c\u00e2ncer de pr\u00f3stata pode ser evitado com a pr\u00e1tica de atividades f\u00edsicas. &#8220;O Instituto Nacional do C\u00e2ncer (Inca) e o Minist\u00e9rio da Sa\u00fade concordam que uma rotina saud\u00e1vel, alimenta\u00e7\u00e3o balanceada e outros fatores ligados ao bem-estar podem ajudar na preven\u00e7\u00e3o n\u00e3o s\u00f3 deste, como de diversos outros tipos de carcinomas&#8221;, disse o oncologista do Grupo Oncocl\u00ednicas, em S\u00e3o Paulo, Dr. Andrey Soares.<\/p>\n\n\n\n<div class=\"wp-block-image\"><figure class=\"aligncenter size-large\"><img decoding=\"async\" src=\"https:\/\/jornalfatosenoticias.com.br\/wp-content\/uploads\/2020\/02\/logo-embacia-1-1024x110.jpg\" alt=\"\" class=\"wp-image-33954\"\/><\/figure><\/div>\n\n\n\n<p><strong>O QUE \u00c9?<br><\/strong>A pr\u00f3stata \u00e9 a gl\u00e2ndula masculina situada na parte inferior do abd\u00f4men e est\u00e1 entre a uretra, tubo pelo qual a urina \u00e9 eliminada. A gl\u00e2ndula tamb\u00e9m produz parte do s\u00eamen, l\u00edquido espesso que cont\u00e9m os espermatozoides e \u00e9 liberado durante o ato sexual.<\/p>\n\n\n\n<div class=\"wp-block-image\"><figure class=\"aligncenter size-large\"><img loading=\"lazy\" decoding=\"async\" width=\"300\" height=\"250\" src=\"https:\/\/jornalfatosenoticias.com.br\/wp-content\/uploads\/2022\/08\/arte-Casarao.jpg\" alt=\"\" class=\"wp-image-33178\"\/><\/figure><\/div>\n\n\n\n<p>Dor ou ardor ao urinar, presen\u00e7a de sangue na urina ou no s\u00eamen e necessidade de urinar v\u00e1rias vezes durante o dia e a noite est\u00e3o entre os principais sintomas. A possibilidade do c\u00e2ncer de pr\u00f3stata ganha for\u00e7a com aumento da idade e torna-se comum depois dos 50 anos de idade.<\/p>\n\n\n\n<div class=\"wp-block-image\"><figure class=\"aligncenter size-large is-resized\"><img loading=\"lazy\" decoding=\"async\" src=\"https:\/\/jornalfatosenoticias.com.br\/wp-content\/uploads\/2020\/02\/nova-logo-Marquetti.jpg\" alt=\"\" class=\"wp-image-22331\" width=\"268\" height=\"180\" srcset=\"https:\/\/jornalfatosenoticias.com.br\/wp-content\/uploads\/2020\/02\/nova-logo-Marquetti.jpg 643w, https:\/\/jornalfatosenoticias.com.br\/wp-content\/uploads\/2020\/02\/nova-logo-Marquetti-300x202.jpg 300w\" sizes=\"auto, (max-width: 268px) 100vw, 268px\" \/><\/figure><\/div>\n\n\n\n<p>Al\u00e9m de contribuir para a cura, cumprir com os exames urol\u00f3gicos em dia garante em 90% as chances de n\u00e3o desenvolver casos avan\u00e7ados da doen\u00e7a. PSA (exame de sangue), exame de toque retal, ultrassom e medi\u00e7\u00e3o do jato de urina s\u00e3o as avalia\u00e7\u00f5es ideais sobre o c\u00e2ncer de pr\u00f3stata.<\/p>\n\n\n\n<div class=\"wp-block-image\"><figure class=\"aligncenter size-large\"><img decoding=\"async\" src=\"https:\/\/jornalfatosenoticias.com.br\/wp-content\/uploads\/2020\/02\/Serra-Grande-1024x160.png\" alt=\"\" class=\"wp-image-7836\"\/><\/figure><\/div>\n\n\n\n<p>Diversos \u00f3rg\u00e3os refor\u00e7am a cada ano a import\u00e2ncia da quebra desse tabu para avalia\u00e7\u00e3o. De acordo com o Inca, o c\u00e2ncer de pr\u00f3stata \u00e9 o segundo tipo mais comum de c\u00e2ncer entre os homens no Brasil e s\u00f3 perde para o c\u00e2ncer de pele n\u00e3o melanoma. Cerca de 75% dos diagn\u00f3sticos s\u00e3o feitos em pacientes com mais de 65 anos.<\/p>\n\n\n\n<div class=\"wp-block-image\"><figure class=\"aligncenter size-large is-resized\"><img loading=\"lazy\" decoding=\"async\" src=\"https:\/\/jornalfatosenoticias.com.br\/wp-content\/uploads\/2022\/07\/Logo-Grupo-SEI.jpg\" alt=\"\" class=\"wp-image-31973\" width=\"284\" height=\"149\" srcset=\"https:\/\/jornalfatosenoticias.com.br\/wp-content\/uploads\/2022\/07\/Logo-Grupo-SEI.jpg 713w, https:\/\/jornalfatosenoticias.com.br\/wp-content\/uploads\/2022\/07\/Logo-Grupo-SEI-300x158.jpg 300w\" sizes=\"auto, (max-width: 284px) 100vw, 284px\" \/><\/figure><\/div>\n\n\n\n<p><strong><em>Fonte: <a href=\"https:\/\/www.terra.com.br\/vida-e-estilo\/saude\/novembro-azul-tres-fatos-importantes-sobre-o-cancer-de-prostata,ea0d3b945df37bfad41aa011ae97f8790w3es0tk.html\">Terra<\/a><\/em><\/strong><\/p>\n","protected":false},"excerpt":{"rendered":"<p>Muitos homens ainda se negam a consultar com um especialista por receio e preconceitos Novembro Azul \u00e9 o movimento internacional de conscientiza\u00e7\u00e3o do c\u00e2ncer de pr\u00f3stata. Essa campanha come\u00e7ou no ano de 2003 em alus\u00e3o \u00e0 data 17 de novembro, o Dia Mundial de Combate ao C\u00e2ncer de Pr\u00f3stata. Ou seja, o m\u00eas ideal para [&hellip;]<\/p>\n","protected":false},"author":2,"featured_media":35755,"comment_status":"open","ping_status":"open","sticky":false,"template":"","format":"standard","meta":{"footnotes":""},"categories":[11],"tags":[5800,13703,1999,5801,16773,7717],"class_list":["post-35754","post","type-post","status-publish","format-standard","has-post-thumbnail","hentry","category-saude","tag-cancer-de-prostata","tag-especialista","tag-homens","tag-novembro-azul","tag-preconceitos","tag-receio"],"yoast_head":"<!-- This site is optimized with the Yoast SEO plugin v26.5 - https:\/\/yoast.com\/wordpress\/plugins\/seo\/ -->\n<title>Novembro Azul: tr\u00eas fatos importantes sobre o c\u00e2ncer de pr\u00f3stata - Jornal Fatos e Not\u00edcias<\/title>\n<meta name=\"robots\" content=\"index, follow, max-snippet:-1, max-image-preview:large, max-video-preview:-1\" \/>\n<link rel=\"canonical\" href=\"https:\/\/jornalfatosenoticias.com.br\/index.php\/2022\/11\/04\/novembro-azul-tres-fatos-importantes-sobre-o-cancer-de-prostata\/\" \/>\n<meta property=\"og:locale\" content=\"pt_BR\" \/>\n<meta property=\"og:type\" content=\"article\" \/>\n<meta property=\"og:title\" content=\"Novembro Azul: tr\u00eas fatos importantes sobre o c\u00e2ncer de pr\u00f3stata - Jornal Fatos e Not\u00edcias\" \/>\n<meta property=\"og:description\" content=\"Muitos homens ainda se negam a consultar com um especialista por receio e preconceitos Novembro Azul \u00e9 o movimento internacional de conscientiza\u00e7\u00e3o do c\u00e2ncer de pr\u00f3stata. Essa campanha come\u00e7ou no ano de 2003 em alus\u00e3o \u00e0 data 17 de novembro, o Dia Mundial de Combate ao C\u00e2ncer de Pr\u00f3stata. Ou seja, o m\u00eas ideal para [&hellip;]\" \/>\n<meta property=\"og:url\" content=\"https:\/\/jornalfatosenoticias.com.br\/index.php\/2022\/11\/04\/novembro-azul-tres-fatos-importantes-sobre-o-cancer-de-prostata\/\" \/>\n<meta property=\"og:site_name\" content=\"Jornal Fatos e Not\u00edcias\" \/>\n<meta property=\"article:published_time\" content=\"2022-11-04T17:03:19+00:00\" \/>\n<meta property=\"article:modified_time\" content=\"2022-11-04T17:03:22+00:00\" \/>\n<meta property=\"og:image\" content=\"https:\/\/jornalfatosenoticias.com.br\/wp-content\/uploads\/2022\/11\/novembro-azul.jpg\" \/>\n\t<meta property=\"og:image:width\" content=\"1000\" \/>\n\t<meta property=\"og:image:height\" content=\"562\" \/>\n\t<meta property=\"og:image:type\" content=\"image\/jpeg\" \/>\n<meta name=\"author\" content=\"Luzimara Fernandes\" \/>\n<meta name=\"twitter:card\" content=\"summary_large_image\" \/>\n<meta name=\"twitter:label1\" content=\"Escrito por\" \/>\n\t<meta name=\"twitter:data1\" content=\"Luzimara Fernandes\" \/>\n\t<meta name=\"twitter:label2\" content=\"Est. tempo de leitura\" \/>\n\t<meta name=\"twitter:data2\" content=\"3 minutos\" \/>\n<script type=\"application\/ld+json\" class=\"yoast-schema-graph\">{\"@context\":\"https:\/\/schema.org\",\"@graph\":[{\"@type\":\"Article\",\"@id\":\"https:\/\/jornalfatosenoticias.com.br\/index.php\/2022\/11\/04\/novembro-azul-tres-fatos-importantes-sobre-o-cancer-de-prostata\/#article\",\"isPartOf\":{\"@id\":\"https:\/\/jornalfatosenoticias.com.br\/index.php\/2022\/11\/04\/novembro-azul-tres-fatos-importantes-sobre-o-cancer-de-prostata\/\"},\"author\":{\"name\":\"Luzimara Fernandes\",\"@id\":\"https:\/\/jornalfatosenoticias.com.br\/#\/schema\/person\/d63837fa13ac8666eb9e74e0985d6f81\"},\"headline\":\"Novembro Azul: tr\u00eas fatos importantes sobre o c\u00e2ncer de pr\u00f3stata\",\"datePublished\":\"2022-11-04T17:03:19+00:00\",\"dateModified\":\"2022-11-04T17:03:22+00:00\",\"mainEntityOfPage\":{\"@id\":\"https:\/\/jornalfatosenoticias.com.br\/index.php\/2022\/11\/04\/novembro-azul-tres-fatos-importantes-sobre-o-cancer-de-prostata\/\"},\"wordCount\":583,\"commentCount\":0,\"publisher\":{\"@id\":\"https:\/\/jornalfatosenoticias.com.br\/#organization\"},\"image\":{\"@id\":\"https:\/\/jornalfatosenoticias.com.br\/index.php\/2022\/11\/04\/novembro-azul-tres-fatos-importantes-sobre-o-cancer-de-prostata\/#primaryimage\"},\"thumbnailUrl\":\"https:\/\/jornalfatosenoticias.com.br\/wp-content\/uploads\/2022\/11\/novembro-azul.jpg\",\"keywords\":[\"c\u00e2ncer de pr\u00f3stata\",\"especialista\",\"homens\",\"Novembro Azul\",\"preconceitos\",\"receio\"],\"articleSection\":[\"Sa\u00fade\"],\"inLanguage\":\"pt-BR\",\"potentialAction\":[{\"@type\":\"CommentAction\",\"name\":\"Comment\",\"target\":[\"https:\/\/jornalfatosenoticias.com.br\/index.php\/2022\/11\/04\/novembro-azul-tres-fatos-importantes-sobre-o-cancer-de-prostata\/#respond\"]}]},{\"@type\":\"WebPage\",\"@id\":\"https:\/\/jornalfatosenoticias.com.br\/index.php\/2022\/11\/04\/novembro-azul-tres-fatos-importantes-sobre-o-cancer-de-prostata\/\",\"url\":\"https:\/\/jornalfatosenoticias.com.br\/index.php\/2022\/11\/04\/novembro-azul-tres-fatos-importantes-sobre-o-cancer-de-prostata\/\",\"name\":\"Novembro Azul: tr\u00eas fatos importantes sobre o c\u00e2ncer de pr\u00f3stata - Jornal Fatos e Not\u00edcias\",\"isPartOf\":{\"@id\":\"https:\/\/jornalfatosenoticias.com.br\/#website\"},\"primaryImageOfPage\":{\"@id\":\"https:\/\/jornalfatosenoticias.com.br\/index.php\/2022\/11\/04\/novembro-azul-tres-fatos-importantes-sobre-o-cancer-de-prostata\/#primaryimage\"},\"image\":{\"@id\":\"https:\/\/jornalfatosenoticias.com.br\/index.php\/2022\/11\/04\/novembro-azul-tres-fatos-importantes-sobre-o-cancer-de-prostata\/#primaryimage\"},\"thumbnailUrl\":\"https:\/\/jornalfatosenoticias.com.br\/wp-content\/uploads\/2022\/11\/novembro-azul.jpg\",\"datePublished\":\"2022-11-04T17:03:19+00:00\",\"dateModified\":\"2022-11-04T17:03:22+00:00\",\"breadcrumb\":{\"@id\":\"https:\/\/jornalfatosenoticias.com.br\/index.php\/2022\/11\/04\/novembro-azul-tres-fatos-importantes-sobre-o-cancer-de-prostata\/#breadcrumb\"},\"inLanguage\":\"pt-BR\",\"potentialAction\":[{\"@type\":\"ReadAction\",\"target\":[\"https:\/\/jornalfatosenoticias.com.br\/index.php\/2022\/11\/04\/novembro-azul-tres-fatos-importantes-sobre-o-cancer-de-prostata\/\"]}]},{\"@type\":\"ImageObject\",\"inLanguage\":\"pt-BR\",\"@id\":\"https:\/\/jornalfatosenoticias.com.br\/index.php\/2022\/11\/04\/novembro-azul-tres-fatos-importantes-sobre-o-cancer-de-prostata\/#primaryimage\",\"url\":\"https:\/\/jornalfatosenoticias.com.br\/wp-content\/uploads\/2022\/11\/novembro-azul.jpg\",\"contentUrl\":\"https:\/\/jornalfatosenoticias.com.br\/wp-content\/uploads\/2022\/11\/novembro-azul.jpg\",\"width\":1000,\"height\":562},{\"@type\":\"BreadcrumbList\",\"@id\":\"https:\/\/jornalfatosenoticias.com.br\/index.php\/2022\/11\/04\/novembro-azul-tres-fatos-importantes-sobre-o-cancer-de-prostata\/#breadcrumb\",\"itemListElement\":[{\"@type\":\"ListItem\",\"position\":1,\"name\":\"In\u00edcio\",\"item\":\"https:\/\/jornalfatosenoticias.com.br\/\"},{\"@type\":\"ListItem\",\"position\":2,\"name\":\"Novembro Azul: tr\u00eas fatos importantes sobre o c\u00e2ncer de pr\u00f3stata\"}]},{\"@type\":\"WebSite\",\"@id\":\"https:\/\/jornalfatosenoticias.com.br\/#website\",\"url\":\"https:\/\/jornalfatosenoticias.com.br\/\",\"name\":\"Jornal Fatos e Not\u00edcias\",\"description\":\"Not\u00edcias em geral\",\"publisher\":{\"@id\":\"https:\/\/jornalfatosenoticias.com.br\/#organization\"},\"potentialAction\":[{\"@type\":\"SearchAction\",\"target\":{\"@type\":\"EntryPoint\",\"urlTemplate\":\"https:\/\/jornalfatosenoticias.com.br\/?s={search_term_string}\"},\"query-input\":{\"@type\":\"PropertyValueSpecification\",\"valueRequired\":true,\"valueName\":\"search_term_string\"}}],\"inLanguage\":\"pt-BR\"},{\"@type\":\"Organization\",\"@id\":\"https:\/\/jornalfatosenoticias.com.br\/#organization\",\"name\":\"Jornal Fatos e Not\u00edcias\",\"url\":\"https:\/\/jornalfatosenoticias.com.br\/\",\"logo\":{\"@type\":\"ImageObject\",\"inLanguage\":\"pt-BR\",\"@id\":\"https:\/\/jornalfatosenoticias.com.br\/#\/schema\/logo\/image\/\",\"url\":\"https:\/\/jornalfatosenoticias.com.br\/wp-content\/uploads\/2020\/02\/logo120.png\",\"contentUrl\":\"https:\/\/jornalfatosenoticias.com.br\/wp-content\/uploads\/2020\/02\/logo120.png\",\"width\":1227,\"height\":120,\"caption\":\"Jornal Fatos e Not\u00edcias\"},\"image\":{\"@id\":\"https:\/\/jornalfatosenoticias.com.br\/#\/schema\/logo\/image\/\"}},{\"@type\":\"Person\",\"@id\":\"https:\/\/jornalfatosenoticias.com.br\/#\/schema\/person\/d63837fa13ac8666eb9e74e0985d6f81\",\"name\":\"Luzimara Fernandes\",\"image\":{\"@type\":\"ImageObject\",\"inLanguage\":\"pt-BR\",\"@id\":\"https:\/\/jornalfatosenoticias.com.br\/#\/schema\/person\/image\/\",\"url\":\"https:\/\/jornalfatosenoticias.com.br\/wp-content\/uploads\/2025\/05\/EU_portal.jpg\",\"contentUrl\":\"https:\/\/jornalfatosenoticias.com.br\/wp-content\/uploads\/2025\/05\/EU_portal.jpg\",\"caption\":\"Luzimara Fernandes\"},\"description\":\"Jornalista MTB 2358-ES\",\"sameAs\":[\"https:\/\/jornalfatosenoticias.com.br\"],\"url\":\"https:\/\/jornalfatosenoticias.com.br\/index.php\/author\/luzimara\/\"}]}<\/script>\n<!-- \/ Yoast SEO plugin. -->","yoast_head_json":{"title":"Novembro Azul: tr\u00eas fatos importantes sobre o c\u00e2ncer de pr\u00f3stata - Jornal Fatos e Not\u00edcias","robots":{"index":"index","follow":"follow","max-snippet":"max-snippet:-1","max-image-preview":"max-image-preview:large","max-video-preview":"max-video-preview:-1"},"canonical":"https:\/\/jornalfatosenoticias.com.br\/index.php\/2022\/11\/04\/novembro-azul-tres-fatos-importantes-sobre-o-cancer-de-prostata\/","og_locale":"pt_BR","og_type":"article","og_title":"Novembro Azul: tr\u00eas fatos importantes sobre o c\u00e2ncer de pr\u00f3stata - Jornal Fatos e Not\u00edcias","og_description":"Muitos homens ainda se negam a consultar com um especialista por receio e preconceitos Novembro Azul \u00e9 o movimento internacional de conscientiza\u00e7\u00e3o do c\u00e2ncer de pr\u00f3stata. Essa campanha come\u00e7ou no ano de 2003 em alus\u00e3o \u00e0 data 17 de novembro, o Dia Mundial de Combate ao C\u00e2ncer de Pr\u00f3stata. Ou seja, o m\u00eas ideal para [&hellip;]","og_url":"https:\/\/jornalfatosenoticias.com.br\/index.php\/2022\/11\/04\/novembro-azul-tres-fatos-importantes-sobre-o-cancer-de-prostata\/","og_site_name":"Jornal Fatos e Not\u00edcias","article_published_time":"2022-11-04T17:03:19+00:00","article_modified_time":"2022-11-04T17:03:22+00:00","og_image":[{"width":1000,"height":562,"url":"https:\/\/jornalfatosenoticias.com.br\/wp-content\/uploads\/2022\/11\/novembro-azul.jpg","type":"image\/jpeg"}],"author":"Luzimara Fernandes","twitter_card":"summary_large_image","twitter_misc":{"Escrito por":"Luzimara Fernandes","Est. tempo de leitura":"3 minutos"},"schema":{"@context":"https:\/\/schema.org","@graph":[{"@type":"Article","@id":"https:\/\/jornalfatosenoticias.com.br\/index.php\/2022\/11\/04\/novembro-azul-tres-fatos-importantes-sobre-o-cancer-de-prostata\/#article","isPartOf":{"@id":"https:\/\/jornalfatosenoticias.com.br\/index.php\/2022\/11\/04\/novembro-azul-tres-fatos-importantes-sobre-o-cancer-de-prostata\/"},"author":{"name":"Luzimara Fernandes","@id":"https:\/\/jornalfatosenoticias.com.br\/#\/schema\/person\/d63837fa13ac8666eb9e74e0985d6f81"},"headline":"Novembro Azul: tr\u00eas fatos importantes sobre o c\u00e2ncer de pr\u00f3stata","datePublished":"2022-11-04T17:03:19+00:00","dateModified":"2022-11-04T17:03:22+00:00","mainEntityOfPage":{"@id":"https:\/\/jornalfatosenoticias.com.br\/index.php\/2022\/11\/04\/novembro-azul-tres-fatos-importantes-sobre-o-cancer-de-prostata\/"},"wordCount":583,"commentCount":0,"publisher":{"@id":"https:\/\/jornalfatosenoticias.com.br\/#organization"},"image":{"@id":"https:\/\/jornalfatosenoticias.com.br\/index.php\/2022\/11\/04\/novembro-azul-tres-fatos-importantes-sobre-o-cancer-de-prostata\/#primaryimage"},"thumbnailUrl":"https:\/\/jornalfatosenoticias.com.br\/wp-content\/uploads\/2022\/11\/novembro-azul.jpg","keywords":["c\u00e2ncer de pr\u00f3stata","especialista","homens","Novembro Azul","preconceitos","receio"],"articleSection":["Sa\u00fade"],"inLanguage":"pt-BR","potentialAction":[{"@type":"CommentAction","name":"Comment","target":["https:\/\/jornalfatosenoticias.com.br\/index.php\/2022\/11\/04\/novembro-azul-tres-fatos-importantes-sobre-o-cancer-de-prostata\/#respond"]}]},{"@type":"WebPage","@id":"https:\/\/jornalfatosenoticias.com.br\/index.php\/2022\/11\/04\/novembro-azul-tres-fatos-importantes-sobre-o-cancer-de-prostata\/","url":"https:\/\/jornalfatosenoticias.com.br\/index.php\/2022\/11\/04\/novembro-azul-tres-fatos-importantes-sobre-o-cancer-de-prostata\/","name":"Novembro Azul: tr\u00eas fatos importantes sobre o c\u00e2ncer de pr\u00f3stata - Jornal Fatos e Not\u00edcias","isPartOf":{"@id":"https:\/\/jornalfatosenoticias.com.br\/#website"},"primaryImageOfPage":{"@id":"https:\/\/jornalfatosenoticias.com.br\/index.php\/2022\/11\/04\/novembro-azul-tres-fatos-importantes-sobre-o-cancer-de-prostata\/#primaryimage"},"image":{"@id":"https:\/\/jornalfatosenoticias.com.br\/index.php\/2022\/11\/04\/novembro-azul-tres-fatos-importantes-sobre-o-cancer-de-prostata\/#primaryimage"},"thumbnailUrl":"https:\/\/jornalfatosenoticias.com.br\/wp-content\/uploads\/2022\/11\/novembro-azul.jpg","datePublished":"2022-11-04T17:03:19+00:00","dateModified":"2022-11-04T17:03:22+00:00","breadcrumb":{"@id":"https:\/\/jornalfatosenoticias.com.br\/index.php\/2022\/11\/04\/novembro-azul-tres-fatos-importantes-sobre-o-cancer-de-prostata\/#breadcrumb"},"inLanguage":"pt-BR","potentialAction":[{"@type":"ReadAction","target":["https:\/\/jornalfatosenoticias.com.br\/index.php\/2022\/11\/04\/novembro-azul-tres-fatos-importantes-sobre-o-cancer-de-prostata\/"]}]},{"@type":"ImageObject","inLanguage":"pt-BR","@id":"https:\/\/jornalfatosenoticias.com.br\/index.php\/2022\/11\/04\/novembro-azul-tres-fatos-importantes-sobre-o-cancer-de-prostata\/#primaryimage","url":"https:\/\/jornalfatosenoticias.com.br\/wp-content\/uploads\/2022\/11\/novembro-azul.jpg","contentUrl":"https:\/\/jornalfatosenoticias.com.br\/wp-content\/uploads\/2022\/11\/novembro-azul.jpg","width":1000,"height":562},{"@type":"BreadcrumbList","@id":"https:\/\/jornalfatosenoticias.com.br\/index.php\/2022\/11\/04\/novembro-azul-tres-fatos-importantes-sobre-o-cancer-de-prostata\/#breadcrumb","itemListElement":[{"@type":"ListItem","position":1,"name":"In\u00edcio","item":"https:\/\/jornalfatosenoticias.com.br\/"},{"@type":"ListItem","position":2,"name":"Novembro Azul: tr\u00eas fatos importantes sobre o c\u00e2ncer de pr\u00f3stata"}]},{"@type":"WebSite","@id":"https:\/\/jornalfatosenoticias.com.br\/#website","url":"https:\/\/jornalfatosenoticias.com.br\/","name":"Jornal Fatos e Not\u00edcias","description":"Not\u00edcias em geral","publisher":{"@id":"https:\/\/jornalfatosenoticias.com.br\/#organization"},"potentialAction":[{"@type":"SearchAction","target":{"@type":"EntryPoint","urlTemplate":"https:\/\/jornalfatosenoticias.com.br\/?s={search_term_string}"},"query-input":{"@type":"PropertyValueSpecification","valueRequired":true,"valueName":"search_term_string"}}],"inLanguage":"pt-BR"},{"@type":"Organization","@id":"https:\/\/jornalfatosenoticias.com.br\/#organization","name":"Jornal Fatos e Not\u00edcias","url":"https:\/\/jornalfatosenoticias.com.br\/","logo":{"@type":"ImageObject","inLanguage":"pt-BR","@id":"https:\/\/jornalfatosenoticias.com.br\/#\/schema\/logo\/image\/","url":"https:\/\/jornalfatosenoticias.com.br\/wp-content\/uploads\/2020\/02\/logo120.png","contentUrl":"https:\/\/jornalfatosenoticias.com.br\/wp-content\/uploads\/2020\/02\/logo120.png","width":1227,"height":120,"caption":"Jornal Fatos e Not\u00edcias"},"image":{"@id":"https:\/\/jornalfatosenoticias.com.br\/#\/schema\/logo\/image\/"}},{"@type":"Person","@id":"https:\/\/jornalfatosenoticias.com.br\/#\/schema\/person\/d63837fa13ac8666eb9e74e0985d6f81","name":"Luzimara Fernandes","image":{"@type":"ImageObject","inLanguage":"pt-BR","@id":"https:\/\/jornalfatosenoticias.com.br\/#\/schema\/person\/image\/","url":"https:\/\/jornalfatosenoticias.com.br\/wp-content\/uploads\/2025\/05\/EU_portal.jpg","contentUrl":"https:\/\/jornalfatosenoticias.com.br\/wp-content\/uploads\/2025\/05\/EU_portal.jpg","caption":"Luzimara Fernandes"},"description":"Jornalista MTB 2358-ES","sameAs":["https:\/\/jornalfatosenoticias.com.br"],"url":"https:\/\/jornalfatosenoticias.com.br\/index.php\/author\/luzimara\/"}]}},"cc_featured_image_caption":{"caption_text":"(Foto: Shutterstock\/Sport Life) ","source_text":"","source_url":""},"jetpack_featured_media_url":"https:\/\/jornalfatosenoticias.com.br\/wp-content\/uploads\/2022\/11\/novembro-azul.jpg","_links":{"self":[{"href":"https:\/\/jornalfatosenoticias.com.br\/index.php\/wp-json\/wp\/v2\/posts\/35754","targetHints":{"allow":["GET"]}}],"collection":[{"href":"https:\/\/jornalfatosenoticias.com.br\/index.php\/wp-json\/wp\/v2\/posts"}],"about":[{"href":"https:\/\/jornalfatosenoticias.com.br\/index.php\/wp-json\/wp\/v2\/types\/post"}],"author":[{"embeddable":true,"href":"https:\/\/jornalfatosenoticias.com.br\/index.php\/wp-json\/wp\/v2\/users\/2"}],"replies":[{"embeddable":true,"href":"https:\/\/jornalfatosenoticias.com.br\/index.php\/wp-json\/wp\/v2\/comments?post=35754"}],"version-history":[{"count":0,"href":"https:\/\/jornalfatosenoticias.com.br\/index.php\/wp-json\/wp\/v2\/posts\/35754\/revisions"}],"wp:featuredmedia":[{"embeddable":true,"href":"https:\/\/jornalfatosenoticias.com.br\/index.php\/wp-json\/wp\/v2\/media\/35755"}],"wp:attachment":[{"href":"https:\/\/jornalfatosenoticias.com.br\/index.php\/wp-json\/wp\/v2\/media?parent=35754"}],"wp:term":[{"taxonomy":"category","embeddable":true,"href":"https:\/\/jornalfatosenoticias.com.br\/index.php\/wp-json\/wp\/v2\/categories?post=35754"},{"taxonomy":"post_tag","embeddable":true,"href":"https:\/\/jornalfatosenoticias.com.br\/index.php\/wp-json\/wp\/v2\/tags?post=35754"}],"curies":[{"name":"wp","href":"https:\/\/api.w.org\/{rel}","templated":true}]}}