{"id":35757,"date":"2022-11-04T14:10:50","date_gmt":"2022-11-04T17:10:50","guid":{"rendered":"https:\/\/jornalfatosenoticias.com.br\/?p=35757"},"modified":"2022-11-04T14:10:53","modified_gmt":"2022-11-04T17:10:53","slug":"chile-usa-boia-de-alta-tecnologia-para-proteger-baleias-ameacadas-de-extincao","status":"publish","type":"post","link":"https:\/\/jornalfatosenoticias.com.br\/index.php\/2022\/11\/04\/chile-usa-boia-de-alta-tecnologia-para-proteger-baleias-ameacadas-de-extincao\/","title":{"rendered":"Chile usa boia de alta tecnologia para proteger baleias amea\u00e7adas de extin\u00e7\u00e3o"},"content":{"rendered":"\n<div class=\"wp-block-image\"><figure class=\"aligncenter size-large\"><img loading=\"lazy\" decoding=\"async\" width=\"1024\" height=\"100\" src=\"https:\/\/jornalfatosenoticias.com.br\/wp-content\/uploads\/2020\/02\/banner_ferramentas-1024x100.jpg\" alt=\"\" class=\"wp-image-1258\" srcset=\"https:\/\/jornalfatosenoticias.com.br\/wp-content\/uploads\/2020\/02\/banner_ferramentas-1024x100.jpg 1024w, https:\/\/jornalfatosenoticias.com.br\/wp-content\/uploads\/2020\/02\/banner_ferramentas-300x29.jpg 300w, https:\/\/jornalfatosenoticias.com.br\/wp-content\/uploads\/2020\/02\/banner_ferramentas-768x75.jpg 768w, https:\/\/jornalfatosenoticias.com.br\/wp-content\/uploads\/2020\/02\/banner_ferramentas.jpg 1227w\" sizes=\"auto, (max-width: 1024px) 100vw, 1024px\" \/><\/figure><\/div>\n\n\n\n<p>Uma boia inteligente que pode \u201couvir\u201d o\u00a0<a href=\"https:\/\/olhardigital.com.br\/tag\/oceano\/\" target=\"_blank\" rel=\"noreferrer noopener\">oceano<\/a>\u00a0e monitorar as\u00a0<a href=\"https:\/\/olhardigital.com.br\/tag\/mudancas-climaticas\/\" target=\"_blank\" rel=\"noreferrer noopener\">mudan\u00e7as clim\u00e1ticas<\/a> \u00e9 a nova aposta de uma iniciativa que pretende ajudar baleias amea\u00e7adas de extin\u00e7\u00e3o. O equipamento inteligente foi instalado pela Blue Boat Initiative no Golfo do Corcovado, a 1.100 km ao sul de Santiago, no Chile. Sonia Espanol, diretora da iniciativa, disse que a expectativa \u00e9 \u201ccobrir toda a rota migrat\u00f3ria das baleias da Ant\u00e1rtida at\u00e9 o Equador\u201d.<\/p>\n\n\n\n<div class=\"wp-block-image\"><figure class=\"aligncenter size-large is-resized\"><img loading=\"lazy\" decoding=\"async\" src=\"https:\/\/jornalfatosenoticias.com.br\/wp-content\/uploads\/2020\/02\/casa-do-torresmo_portal.jpg\" alt=\"\" class=\"wp-image-34472\" width=\"288\" height=\"288\" srcset=\"https:\/\/jornalfatosenoticias.com.br\/wp-content\/uploads\/2020\/02\/casa-do-torresmo_portal.jpg 300w, https:\/\/jornalfatosenoticias.com.br\/wp-content\/uploads\/2020\/02\/casa-do-torresmo_portal-150x150.jpg 150w\" sizes=\"auto, (max-width: 288px) 100vw, 288px\" \/><\/figure><\/div>\n\n\n\n<p>A \u00e1rea escolhida pela iniciativa \u00e9 estrat\u00e9gica. O local, al\u00e9m de abrigar diversas esp\u00e9cies como a baleia-azul, a baleia-sei e a baleia-franca, tem sofrido com o grande volume de tr\u00e1fego mar\u00edtimo. E a <a href=\"https:\/\/olhardigital.com.br\/tag\/poluicao\/\" target=\"_blank\" rel=\"noreferrer noopener\">polui\u00e7\u00e3o<\/a>\u00a0sonora afeta os animais que dependem do som para ca\u00e7ar e navegar.<\/p>\n\n\n\n<div class=\"wp-block-image\"><figure class=\"aligncenter size-large\"><img loading=\"lazy\" decoding=\"async\" width=\"1024\" height=\"111\" src=\"https:\/\/jornalfatosenoticias.com.br\/wp-content\/uploads\/2020\/02\/WhatsApp-Image-2022-09-23-at-12.09.18-1024x111.jpeg\" alt=\"\" class=\"wp-image-34527\" srcset=\"https:\/\/jornalfatosenoticias.com.br\/wp-content\/uploads\/2020\/02\/WhatsApp-Image-2022-09-23-at-12.09.18-1024x111.jpeg 1024w, https:\/\/jornalfatosenoticias.com.br\/wp-content\/uploads\/2020\/02\/WhatsApp-Image-2022-09-23-at-12.09.18-300x32.jpeg 300w, https:\/\/jornalfatosenoticias.com.br\/wp-content\/uploads\/2020\/02\/WhatsApp-Image-2022-09-23-at-12.09.18-768x83.jpeg 768w, https:\/\/jornalfatosenoticias.com.br\/wp-content\/uploads\/2020\/02\/WhatsApp-Image-2022-09-23-at-12.09.18.jpeg 1121w\" sizes=\"auto, (max-width: 1024px) 100vw, 1024px\" \/><\/figure><\/div>\n\n\n\n<p>Usando um software chamado Listening to the Deep Ocean Environment (LIDO), a boia consegue monitorar sons e identificar, por meio da intelig\u00eancia artificial, as esp\u00e9cies marinhas e os ecossistemas aqu\u00e1ticos em tempo real. O equipamento tamb\u00e9m alerta as <a href=\"https:\/\/olhardigital.com.br\/tag\/embarcacao\/\" target=\"_blank\" rel=\"noreferrer noopener\">embarca\u00e7\u00f5es<\/a> pr\u00f3ximas para que possam reduzir o ru\u00eddo e evitar colis\u00f5es com os animais. <\/p>\n\n\n\n<div class=\"wp-block-image\"><figure class=\"aligncenter size-large is-resized\"><img loading=\"lazy\" decoding=\"async\" src=\"https:\/\/jornalfatosenoticias.com.br\/wp-content\/uploads\/2022\/08\/logo-locau-veiculos-1024x573.png\" alt=\"\" class=\"wp-image-33078\" width=\"305\" height=\"170\"\/><\/figure><\/div>\n\n\n\n<figure class=\"wp-block-embed-youtube wp-block-embed is-type-video is-provider-youtube wp-embed-aspect-16-9 wp-has-aspect-ratio\"><div class=\"wp-block-embed__wrapper\">\nhttps:\/\/www.youtube.com\/watch?v=z-el1hJf9Fg&#038;feature=emb_imp_woyt\n<\/div><\/figure>\n\n\n\n<div class=\"wp-block-image\"><figure class=\"aligncenter size-large\"><img loading=\"lazy\" decoding=\"async\" width=\"1024\" height=\"109\" src=\"https:\/\/jornalfatosenoticias.com.br\/wp-content\/uploads\/2020\/02\/Propaganda-RC-Radiadores-Jornal_page-0001-1024x109.jpg\" alt=\"\" class=\"wp-image-35278\" srcset=\"https:\/\/jornalfatosenoticias.com.br\/wp-content\/uploads\/2020\/02\/Propaganda-RC-Radiadores-Jornal_page-0001-1024x109.jpg 1024w, https:\/\/jornalfatosenoticias.com.br\/wp-content\/uploads\/2020\/02\/Propaganda-RC-Radiadores-Jornal_page-0001-300x32.jpg 300w, https:\/\/jornalfatosenoticias.com.br\/wp-content\/uploads\/2020\/02\/Propaganda-RC-Radiadores-Jornal_page-0001-768x82.jpg 768w, https:\/\/jornalfatosenoticias.com.br\/wp-content\/uploads\/2020\/02\/Propaganda-RC-Radiadores-Jornal_page-0001.jpg 1220w\" sizes=\"auto, (max-width: 1024px) 100vw, 1024px\" \/><\/figure><\/div>\n\n\n\n<p>O dispositivo tamb\u00e9m cont\u00e9m sensores para medir a temperatura da \u00e1gua, n\u00edveis de oxig\u00eanio e outros recursos para monitorar a sa\u00fade dos oceanos e o impacto das mudan\u00e7as clim\u00e1ticas.<\/p>\n\n\n\n<div class=\"wp-block-image\"><figure class=\"alignleft size-large is-resized\"><img loading=\"lazy\" decoding=\"async\" src=\"https:\/\/jornalfatosenoticias.com.br\/wp-content\/uploads\/2022\/02\/Precisao-Contabilidade-1024x724.jpg\" alt=\"\" class=\"wp-image-28088\" width=\"281\" height=\"198\"\/><\/figure><\/div>\n\n\n\n<p><strong>Peixe-rob\u00f4 criado para filtrar micropl\u00e1sticos do oceano recebe pr\u00eamio<br><\/strong>O Concurso de Rob\u00f4s Naturais da Universidade de Surrey concedeu o primeiro lugar da premia\u00e7\u00e3o a um peixe-rob\u00f4 que filtra part\u00edculas micropl\u00e1sticas da \u00e1gua enquanto nada. O projeto vencedor foi desenvolvido pela graduanda em qu\u00edmica Eleanor Mackintosh. <\/p>\n\n\n\n<div class=\"wp-block-image\"><figure class=\"aligncenter size-large\"><img loading=\"lazy\" decoding=\"async\" width=\"729\" height=\"90\" src=\"https:\/\/jornalfatosenoticias.com.br\/wp-content\/uploads\/2020\/02\/Logo_Mizu.png\" alt=\"\" class=\"wp-image-1441\" srcset=\"https:\/\/jornalfatosenoticias.com.br\/wp-content\/uploads\/2020\/02\/Logo_Mizu.png 729w, https:\/\/jornalfatosenoticias.com.br\/wp-content\/uploads\/2020\/02\/Logo_Mizu-300x37.png 300w\" sizes=\"auto, (max-width: 729px) 100vw, 729px\" \/><\/figure><\/div>\n\n\n\n<p>O peixe-rob\u00f4 \u00e9 capaz de coletar \u00e1gua e, posteriormente, filtrar o micropl\u00e1stico em uma cavidade interna. Uma malha fina presa \u00e0s fendas da \u201cbr\u00e2nquia\u201d permite que a \u00e1gua passe, mas captura as part\u00edculas pl\u00e1sticas, como uma esp\u00e9cie de filtro.<\/p>\n\n\n\n<div class=\"wp-block-image\"><figure class=\"aligncenter size-large\"><img decoding=\"async\" src=\"https:\/\/jornalfatosenoticias.com.br\/wp-content\/uploads\/2020\/02\/logo_esteio.jpg\" alt=\"\" class=\"wp-image-1214\"\/><\/figure><\/div>\n\n\n\n<p>O peixe-rob\u00f4 tem 50 cent\u00edmetros de comprimento e coleta part\u00edculas de at\u00e9 dois mil\u00edmetros. Al\u00e9m disso, ele conta com sensores a bordo que monitoram a turbidez e n\u00edveis de luz subaqu\u00e1tica, al\u00e9m de utilizar uma IMU (unidade de medi\u00e7\u00e3o inercial) para rastrear seus movimentos dentro da \u00e1gua.<\/p>\n\n\n\n<p><strong><em>Fonte: <a href=\"https:\/\/olhardigital.com.br\/2022\/10\/23\/ciencia-e-espaco\/chile-usa-boia-de-alta-tecnologia-para-proteger-baleias-ameacadas-de-extincao\/amp\/\">Olhar Digital<\/a><\/em><\/strong><\/p>\n","protected":false},"excerpt":{"rendered":"<p>Uma boia inteligente que pode \u201couvir\u201d o\u00a0oceano\u00a0e monitorar as\u00a0mudan\u00e7as clim\u00e1ticas \u00e9 a nova aposta de uma iniciativa que pretende ajudar baleias amea\u00e7adas de extin\u00e7\u00e3o. O equipamento inteligente foi instalado pela Blue Boat Initiative no Golfo do Corcovado, a 1.100 km ao sul de Santiago, no Chile. Sonia Espanol, diretora da iniciativa, disse que a expectativa [&hellip;]<\/p>\n","protected":false},"author":2,"featured_media":35758,"comment_status":"open","ping_status":"open","sticky":false,"template":"","format":"standard","meta":{"footnotes":""},"categories":[8,3],"tags":[49,16776,16775,16774,1231,16171],"class_list":["post-35757","post","type-post","status-publish","format-standard","has-post-thumbnail","hentry","category-meio-ambiente","category-tecnologia","tag-baleias","tag-baleias-ameacadas-de-extincao","tag-boia","tag-boia-de-alta-tecnologia-para-proteger-baleias","tag-chile","tag-proteger"],"yoast_head":"<!-- This site is optimized with the Yoast SEO plugin v26.5 - https:\/\/yoast.com\/wordpress\/plugins\/seo\/ -->\n<title>Chile usa boia de alta tecnologia para proteger baleias amea\u00e7adas de extin\u00e7\u00e3o - Jornal Fatos e Not\u00edcias<\/title>\n<meta name=\"robots\" content=\"index, follow, max-snippet:-1, max-image-preview:large, max-video-preview:-1\" \/>\n<link rel=\"canonical\" href=\"https:\/\/jornalfatosenoticias.com.br\/index.php\/2022\/11\/04\/chile-usa-boia-de-alta-tecnologia-para-proteger-baleias-ameacadas-de-extincao\/\" \/>\n<meta property=\"og:locale\" content=\"pt_BR\" \/>\n<meta property=\"og:type\" content=\"article\" \/>\n<meta property=\"og:title\" content=\"Chile usa boia de alta tecnologia para proteger baleias amea\u00e7adas de extin\u00e7\u00e3o - Jornal Fatos e Not\u00edcias\" \/>\n<meta property=\"og:description\" content=\"Uma boia inteligente que pode \u201couvir\u201d o\u00a0oceano\u00a0e monitorar as\u00a0mudan\u00e7as clim\u00e1ticas \u00e9 a nova aposta de uma iniciativa que pretende ajudar baleias amea\u00e7adas de extin\u00e7\u00e3o. O equipamento inteligente foi instalado pela Blue Boat Initiative no Golfo do Corcovado, a 1.100 km ao sul de Santiago, no Chile. Sonia Espanol, diretora da iniciativa, disse que a expectativa [&hellip;]\" \/>\n<meta property=\"og:url\" content=\"https:\/\/jornalfatosenoticias.com.br\/index.php\/2022\/11\/04\/chile-usa-boia-de-alta-tecnologia-para-proteger-baleias-ameacadas-de-extincao\/\" \/>\n<meta property=\"og:site_name\" content=\"Jornal Fatos e Not\u00edcias\" \/>\n<meta property=\"article:published_time\" content=\"2022-11-04T17:10:50+00:00\" \/>\n<meta property=\"article:modified_time\" content=\"2022-11-04T17:10:53+00:00\" \/>\n<meta property=\"og:image\" content=\"https:\/\/jornalfatosenoticias.com.br\/wp-content\/uploads\/2022\/11\/boia-baleias-extincao.jpg\" \/>\n\t<meta property=\"og:image:width\" content=\"1000\" \/>\n\t<meta property=\"og:image:height\" content=\"750\" \/>\n\t<meta property=\"og:image:type\" content=\"image\/jpeg\" \/>\n<meta name=\"author\" content=\"Luzimara Fernandes\" \/>\n<meta name=\"twitter:card\" content=\"summary_large_image\" \/>\n<meta name=\"twitter:label1\" content=\"Escrito por\" \/>\n\t<meta name=\"twitter:data1\" content=\"Luzimara Fernandes\" \/>\n\t<meta name=\"twitter:label2\" content=\"Est. tempo de leitura\" \/>\n\t<meta name=\"twitter:data2\" content=\"2 minutos\" \/>\n<script type=\"application\/ld+json\" class=\"yoast-schema-graph\">{\"@context\":\"https:\/\/schema.org\",\"@graph\":[{\"@type\":\"Article\",\"@id\":\"https:\/\/jornalfatosenoticias.com.br\/index.php\/2022\/11\/04\/chile-usa-boia-de-alta-tecnologia-para-proteger-baleias-ameacadas-de-extincao\/#article\",\"isPartOf\":{\"@id\":\"https:\/\/jornalfatosenoticias.com.br\/index.php\/2022\/11\/04\/chile-usa-boia-de-alta-tecnologia-para-proteger-baleias-ameacadas-de-extincao\/\"},\"author\":{\"name\":\"Luzimara Fernandes\",\"@id\":\"https:\/\/jornalfatosenoticias.com.br\/#\/schema\/person\/d63837fa13ac8666eb9e74e0985d6f81\"},\"headline\":\"Chile usa boia de alta tecnologia para proteger baleias amea\u00e7adas de extin\u00e7\u00e3o\",\"datePublished\":\"2022-11-04T17:10:50+00:00\",\"dateModified\":\"2022-11-04T17:10:53+00:00\",\"mainEntityOfPage\":{\"@id\":\"https:\/\/jornalfatosenoticias.com.br\/index.php\/2022\/11\/04\/chile-usa-boia-de-alta-tecnologia-para-proteger-baleias-ameacadas-de-extincao\/\"},\"wordCount\":403,\"commentCount\":0,\"publisher\":{\"@id\":\"https:\/\/jornalfatosenoticias.com.br\/#organization\"},\"image\":{\"@id\":\"https:\/\/jornalfatosenoticias.com.br\/index.php\/2022\/11\/04\/chile-usa-boia-de-alta-tecnologia-para-proteger-baleias-ameacadas-de-extincao\/#primaryimage\"},\"thumbnailUrl\":\"https:\/\/jornalfatosenoticias.com.br\/wp-content\/uploads\/2022\/11\/boia-baleias-extincao.jpg\",\"keywords\":[\"baleias\",\"baleias amea\u00e7adas de extin\u00e7\u00e3o\",\"boia\",\"boia de alta tecnologia para proteger baleias\",\"Chile\",\"proteger\"],\"articleSection\":[\"Meio ambiente\",\"Tecnologia &amp; Inova\u00e7\u00e3o\"],\"inLanguage\":\"pt-BR\",\"potentialAction\":[{\"@type\":\"CommentAction\",\"name\":\"Comment\",\"target\":[\"https:\/\/jornalfatosenoticias.com.br\/index.php\/2022\/11\/04\/chile-usa-boia-de-alta-tecnologia-para-proteger-baleias-ameacadas-de-extincao\/#respond\"]}]},{\"@type\":\"WebPage\",\"@id\":\"https:\/\/jornalfatosenoticias.com.br\/index.php\/2022\/11\/04\/chile-usa-boia-de-alta-tecnologia-para-proteger-baleias-ameacadas-de-extincao\/\",\"url\":\"https:\/\/jornalfatosenoticias.com.br\/index.php\/2022\/11\/04\/chile-usa-boia-de-alta-tecnologia-para-proteger-baleias-ameacadas-de-extincao\/\",\"name\":\"Chile usa boia de alta tecnologia para proteger baleias amea\u00e7adas de extin\u00e7\u00e3o - Jornal Fatos e Not\u00edcias\",\"isPartOf\":{\"@id\":\"https:\/\/jornalfatosenoticias.com.br\/#website\"},\"primaryImageOfPage\":{\"@id\":\"https:\/\/jornalfatosenoticias.com.br\/index.php\/2022\/11\/04\/chile-usa-boia-de-alta-tecnologia-para-proteger-baleias-ameacadas-de-extincao\/#primaryimage\"},\"image\":{\"@id\":\"https:\/\/jornalfatosenoticias.com.br\/index.php\/2022\/11\/04\/chile-usa-boia-de-alta-tecnologia-para-proteger-baleias-ameacadas-de-extincao\/#primaryimage\"},\"thumbnailUrl\":\"https:\/\/jornalfatosenoticias.com.br\/wp-content\/uploads\/2022\/11\/boia-baleias-extincao.jpg\",\"datePublished\":\"2022-11-04T17:10:50+00:00\",\"dateModified\":\"2022-11-04T17:10:53+00:00\",\"breadcrumb\":{\"@id\":\"https:\/\/jornalfatosenoticias.com.br\/index.php\/2022\/11\/04\/chile-usa-boia-de-alta-tecnologia-para-proteger-baleias-ameacadas-de-extincao\/#breadcrumb\"},\"inLanguage\":\"pt-BR\",\"potentialAction\":[{\"@type\":\"ReadAction\",\"target\":[\"https:\/\/jornalfatosenoticias.com.br\/index.php\/2022\/11\/04\/chile-usa-boia-de-alta-tecnologia-para-proteger-baleias-ameacadas-de-extincao\/\"]}]},{\"@type\":\"ImageObject\",\"inLanguage\":\"pt-BR\",\"@id\":\"https:\/\/jornalfatosenoticias.com.br\/index.php\/2022\/11\/04\/chile-usa-boia-de-alta-tecnologia-para-proteger-baleias-ameacadas-de-extincao\/#primaryimage\",\"url\":\"https:\/\/jornalfatosenoticias.com.br\/wp-content\/uploads\/2022\/11\/boia-baleias-extincao.jpg\",\"contentUrl\":\"https:\/\/jornalfatosenoticias.com.br\/wp-content\/uploads\/2022\/11\/boia-baleias-extincao.jpg\",\"width\":1000,\"height\":750},{\"@type\":\"BreadcrumbList\",\"@id\":\"https:\/\/jornalfatosenoticias.com.br\/index.php\/2022\/11\/04\/chile-usa-boia-de-alta-tecnologia-para-proteger-baleias-ameacadas-de-extincao\/#breadcrumb\",\"itemListElement\":[{\"@type\":\"ListItem\",\"position\":1,\"name\":\"In\u00edcio\",\"item\":\"https:\/\/jornalfatosenoticias.com.br\/\"},{\"@type\":\"ListItem\",\"position\":2,\"name\":\"Chile usa boia de alta tecnologia para proteger baleias amea\u00e7adas de extin\u00e7\u00e3o\"}]},{\"@type\":\"WebSite\",\"@id\":\"https:\/\/jornalfatosenoticias.com.br\/#website\",\"url\":\"https:\/\/jornalfatosenoticias.com.br\/\",\"name\":\"Jornal Fatos e Not\u00edcias\",\"description\":\"Not\u00edcias em geral\",\"publisher\":{\"@id\":\"https:\/\/jornalfatosenoticias.com.br\/#organization\"},\"potentialAction\":[{\"@type\":\"SearchAction\",\"target\":{\"@type\":\"EntryPoint\",\"urlTemplate\":\"https:\/\/jornalfatosenoticias.com.br\/?s={search_term_string}\"},\"query-input\":{\"@type\":\"PropertyValueSpecification\",\"valueRequired\":true,\"valueName\":\"search_term_string\"}}],\"inLanguage\":\"pt-BR\"},{\"@type\":\"Organization\",\"@id\":\"https:\/\/jornalfatosenoticias.com.br\/#organization\",\"name\":\"Jornal Fatos e Not\u00edcias\",\"url\":\"https:\/\/jornalfatosenoticias.com.br\/\",\"logo\":{\"@type\":\"ImageObject\",\"inLanguage\":\"pt-BR\",\"@id\":\"https:\/\/jornalfatosenoticias.com.br\/#\/schema\/logo\/image\/\",\"url\":\"https:\/\/jornalfatosenoticias.com.br\/wp-content\/uploads\/2020\/02\/logo120.png\",\"contentUrl\":\"https:\/\/jornalfatosenoticias.com.br\/wp-content\/uploads\/2020\/02\/logo120.png\",\"width\":1227,\"height\":120,\"caption\":\"Jornal Fatos e Not\u00edcias\"},\"image\":{\"@id\":\"https:\/\/jornalfatosenoticias.com.br\/#\/schema\/logo\/image\/\"}},{\"@type\":\"Person\",\"@id\":\"https:\/\/jornalfatosenoticias.com.br\/#\/schema\/person\/d63837fa13ac8666eb9e74e0985d6f81\",\"name\":\"Luzimara Fernandes\",\"image\":{\"@type\":\"ImageObject\",\"inLanguage\":\"pt-BR\",\"@id\":\"https:\/\/jornalfatosenoticias.com.br\/#\/schema\/person\/image\/\",\"url\":\"https:\/\/jornalfatosenoticias.com.br\/wp-content\/uploads\/2025\/05\/EU_portal.jpg\",\"contentUrl\":\"https:\/\/jornalfatosenoticias.com.br\/wp-content\/uploads\/2025\/05\/EU_portal.jpg\",\"caption\":\"Luzimara Fernandes\"},\"description\":\"Jornalista MTB 2358-ES\",\"sameAs\":[\"https:\/\/jornalfatosenoticias.com.br\"],\"url\":\"https:\/\/jornalfatosenoticias.com.br\/index.php\/author\/luzimara\/\"}]}<\/script>\n<!-- \/ Yoast SEO plugin. -->","yoast_head_json":{"title":"Chile usa boia de alta tecnologia para proteger baleias amea\u00e7adas de extin\u00e7\u00e3o - Jornal Fatos e Not\u00edcias","robots":{"index":"index","follow":"follow","max-snippet":"max-snippet:-1","max-image-preview":"max-image-preview:large","max-video-preview":"max-video-preview:-1"},"canonical":"https:\/\/jornalfatosenoticias.com.br\/index.php\/2022\/11\/04\/chile-usa-boia-de-alta-tecnologia-para-proteger-baleias-ameacadas-de-extincao\/","og_locale":"pt_BR","og_type":"article","og_title":"Chile usa boia de alta tecnologia para proteger baleias amea\u00e7adas de extin\u00e7\u00e3o - Jornal Fatos e Not\u00edcias","og_description":"Uma boia inteligente que pode \u201couvir\u201d o\u00a0oceano\u00a0e monitorar as\u00a0mudan\u00e7as clim\u00e1ticas \u00e9 a nova aposta de uma iniciativa que pretende ajudar baleias amea\u00e7adas de extin\u00e7\u00e3o. O equipamento inteligente foi instalado pela Blue Boat Initiative no Golfo do Corcovado, a 1.100 km ao sul de Santiago, no Chile. Sonia Espanol, diretora da iniciativa, disse que a expectativa [&hellip;]","og_url":"https:\/\/jornalfatosenoticias.com.br\/index.php\/2022\/11\/04\/chile-usa-boia-de-alta-tecnologia-para-proteger-baleias-ameacadas-de-extincao\/","og_site_name":"Jornal Fatos e Not\u00edcias","article_published_time":"2022-11-04T17:10:50+00:00","article_modified_time":"2022-11-04T17:10:53+00:00","og_image":[{"width":1000,"height":750,"url":"https:\/\/jornalfatosenoticias.com.br\/wp-content\/uploads\/2022\/11\/boia-baleias-extincao.jpg","type":"image\/jpeg"}],"author":"Luzimara Fernandes","twitter_card":"summary_large_image","twitter_misc":{"Escrito por":"Luzimara Fernandes","Est. tempo de leitura":"2 minutos"},"schema":{"@context":"https:\/\/schema.org","@graph":[{"@type":"Article","@id":"https:\/\/jornalfatosenoticias.com.br\/index.php\/2022\/11\/04\/chile-usa-boia-de-alta-tecnologia-para-proteger-baleias-ameacadas-de-extincao\/#article","isPartOf":{"@id":"https:\/\/jornalfatosenoticias.com.br\/index.php\/2022\/11\/04\/chile-usa-boia-de-alta-tecnologia-para-proteger-baleias-ameacadas-de-extincao\/"},"author":{"name":"Luzimara Fernandes","@id":"https:\/\/jornalfatosenoticias.com.br\/#\/schema\/person\/d63837fa13ac8666eb9e74e0985d6f81"},"headline":"Chile usa boia de alta tecnologia para proteger baleias amea\u00e7adas de extin\u00e7\u00e3o","datePublished":"2022-11-04T17:10:50+00:00","dateModified":"2022-11-04T17:10:53+00:00","mainEntityOfPage":{"@id":"https:\/\/jornalfatosenoticias.com.br\/index.php\/2022\/11\/04\/chile-usa-boia-de-alta-tecnologia-para-proteger-baleias-ameacadas-de-extincao\/"},"wordCount":403,"commentCount":0,"publisher":{"@id":"https:\/\/jornalfatosenoticias.com.br\/#organization"},"image":{"@id":"https:\/\/jornalfatosenoticias.com.br\/index.php\/2022\/11\/04\/chile-usa-boia-de-alta-tecnologia-para-proteger-baleias-ameacadas-de-extincao\/#primaryimage"},"thumbnailUrl":"https:\/\/jornalfatosenoticias.com.br\/wp-content\/uploads\/2022\/11\/boia-baleias-extincao.jpg","keywords":["baleias","baleias amea\u00e7adas de extin\u00e7\u00e3o","boia","boia de alta tecnologia para proteger baleias","Chile","proteger"],"articleSection":["Meio ambiente","Tecnologia &amp; Inova\u00e7\u00e3o"],"inLanguage":"pt-BR","potentialAction":[{"@type":"CommentAction","name":"Comment","target":["https:\/\/jornalfatosenoticias.com.br\/index.php\/2022\/11\/04\/chile-usa-boia-de-alta-tecnologia-para-proteger-baleias-ameacadas-de-extincao\/#respond"]}]},{"@type":"WebPage","@id":"https:\/\/jornalfatosenoticias.com.br\/index.php\/2022\/11\/04\/chile-usa-boia-de-alta-tecnologia-para-proteger-baleias-ameacadas-de-extincao\/","url":"https:\/\/jornalfatosenoticias.com.br\/index.php\/2022\/11\/04\/chile-usa-boia-de-alta-tecnologia-para-proteger-baleias-ameacadas-de-extincao\/","name":"Chile usa boia de alta tecnologia para proteger baleias amea\u00e7adas de extin\u00e7\u00e3o - Jornal Fatos e Not\u00edcias","isPartOf":{"@id":"https:\/\/jornalfatosenoticias.com.br\/#website"},"primaryImageOfPage":{"@id":"https:\/\/jornalfatosenoticias.com.br\/index.php\/2022\/11\/04\/chile-usa-boia-de-alta-tecnologia-para-proteger-baleias-ameacadas-de-extincao\/#primaryimage"},"image":{"@id":"https:\/\/jornalfatosenoticias.com.br\/index.php\/2022\/11\/04\/chile-usa-boia-de-alta-tecnologia-para-proteger-baleias-ameacadas-de-extincao\/#primaryimage"},"thumbnailUrl":"https:\/\/jornalfatosenoticias.com.br\/wp-content\/uploads\/2022\/11\/boia-baleias-extincao.jpg","datePublished":"2022-11-04T17:10:50+00:00","dateModified":"2022-11-04T17:10:53+00:00","breadcrumb":{"@id":"https:\/\/jornalfatosenoticias.com.br\/index.php\/2022\/11\/04\/chile-usa-boia-de-alta-tecnologia-para-proteger-baleias-ameacadas-de-extincao\/#breadcrumb"},"inLanguage":"pt-BR","potentialAction":[{"@type":"ReadAction","target":["https:\/\/jornalfatosenoticias.com.br\/index.php\/2022\/11\/04\/chile-usa-boia-de-alta-tecnologia-para-proteger-baleias-ameacadas-de-extincao\/"]}]},{"@type":"ImageObject","inLanguage":"pt-BR","@id":"https:\/\/jornalfatosenoticias.com.br\/index.php\/2022\/11\/04\/chile-usa-boia-de-alta-tecnologia-para-proteger-baleias-ameacadas-de-extincao\/#primaryimage","url":"https:\/\/jornalfatosenoticias.com.br\/wp-content\/uploads\/2022\/11\/boia-baleias-extincao.jpg","contentUrl":"https:\/\/jornalfatosenoticias.com.br\/wp-content\/uploads\/2022\/11\/boia-baleias-extincao.jpg","width":1000,"height":750},{"@type":"BreadcrumbList","@id":"https:\/\/jornalfatosenoticias.com.br\/index.php\/2022\/11\/04\/chile-usa-boia-de-alta-tecnologia-para-proteger-baleias-ameacadas-de-extincao\/#breadcrumb","itemListElement":[{"@type":"ListItem","position":1,"name":"In\u00edcio","item":"https:\/\/jornalfatosenoticias.com.br\/"},{"@type":"ListItem","position":2,"name":"Chile usa boia de alta tecnologia para proteger baleias amea\u00e7adas de extin\u00e7\u00e3o"}]},{"@type":"WebSite","@id":"https:\/\/jornalfatosenoticias.com.br\/#website","url":"https:\/\/jornalfatosenoticias.com.br\/","name":"Jornal Fatos e Not\u00edcias","description":"Not\u00edcias em geral","publisher":{"@id":"https:\/\/jornalfatosenoticias.com.br\/#organization"},"potentialAction":[{"@type":"SearchAction","target":{"@type":"EntryPoint","urlTemplate":"https:\/\/jornalfatosenoticias.com.br\/?s={search_term_string}"},"query-input":{"@type":"PropertyValueSpecification","valueRequired":true,"valueName":"search_term_string"}}],"inLanguage":"pt-BR"},{"@type":"Organization","@id":"https:\/\/jornalfatosenoticias.com.br\/#organization","name":"Jornal Fatos e Not\u00edcias","url":"https:\/\/jornalfatosenoticias.com.br\/","logo":{"@type":"ImageObject","inLanguage":"pt-BR","@id":"https:\/\/jornalfatosenoticias.com.br\/#\/schema\/logo\/image\/","url":"https:\/\/jornalfatosenoticias.com.br\/wp-content\/uploads\/2020\/02\/logo120.png","contentUrl":"https:\/\/jornalfatosenoticias.com.br\/wp-content\/uploads\/2020\/02\/logo120.png","width":1227,"height":120,"caption":"Jornal Fatos e Not\u00edcias"},"image":{"@id":"https:\/\/jornalfatosenoticias.com.br\/#\/schema\/logo\/image\/"}},{"@type":"Person","@id":"https:\/\/jornalfatosenoticias.com.br\/#\/schema\/person\/d63837fa13ac8666eb9e74e0985d6f81","name":"Luzimara Fernandes","image":{"@type":"ImageObject","inLanguage":"pt-BR","@id":"https:\/\/jornalfatosenoticias.com.br\/#\/schema\/person\/image\/","url":"https:\/\/jornalfatosenoticias.com.br\/wp-content\/uploads\/2025\/05\/EU_portal.jpg","contentUrl":"https:\/\/jornalfatosenoticias.com.br\/wp-content\/uploads\/2025\/05\/EU_portal.jpg","caption":"Luzimara Fernandes"},"description":"Jornalista MTB 2358-ES","sameAs":["https:\/\/jornalfatosenoticias.com.br"],"url":"https:\/\/jornalfatosenoticias.com.br\/index.php\/author\/luzimara\/"}]}},"cc_featured_image_caption":{"caption_text":"(Foto: Fundacion MERI\/Reuters)","source_text":"","source_url":""},"jetpack_featured_media_url":"https:\/\/jornalfatosenoticias.com.br\/wp-content\/uploads\/2022\/11\/boia-baleias-extincao.jpg","_links":{"self":[{"href":"https:\/\/jornalfatosenoticias.com.br\/index.php\/wp-json\/wp\/v2\/posts\/35757","targetHints":{"allow":["GET"]}}],"collection":[{"href":"https:\/\/jornalfatosenoticias.com.br\/index.php\/wp-json\/wp\/v2\/posts"}],"about":[{"href":"https:\/\/jornalfatosenoticias.com.br\/index.php\/wp-json\/wp\/v2\/types\/post"}],"author":[{"embeddable":true,"href":"https:\/\/jornalfatosenoticias.com.br\/index.php\/wp-json\/wp\/v2\/users\/2"}],"replies":[{"embeddable":true,"href":"https:\/\/jornalfatosenoticias.com.br\/index.php\/wp-json\/wp\/v2\/comments?post=35757"}],"version-history":[{"count":0,"href":"https:\/\/jornalfatosenoticias.com.br\/index.php\/wp-json\/wp\/v2\/posts\/35757\/revisions"}],"wp:featuredmedia":[{"embeddable":true,"href":"https:\/\/jornalfatosenoticias.com.br\/index.php\/wp-json\/wp\/v2\/media\/35758"}],"wp:attachment":[{"href":"https:\/\/jornalfatosenoticias.com.br\/index.php\/wp-json\/wp\/v2\/media?parent=35757"}],"wp:term":[{"taxonomy":"category","embeddable":true,"href":"https:\/\/jornalfatosenoticias.com.br\/index.php\/wp-json\/wp\/v2\/categories?post=35757"},{"taxonomy":"post_tag","embeddable":true,"href":"https:\/\/jornalfatosenoticias.com.br\/index.php\/wp-json\/wp\/v2\/tags?post=35757"}],"curies":[{"name":"wp","href":"https:\/\/api.w.org\/{rel}","templated":true}]}}