{"id":35782,"date":"2022-11-07T19:27:50","date_gmt":"2022-11-07T22:27:50","guid":{"rendered":"https:\/\/jornalfatosenoticias.com.br\/?p=35782"},"modified":"2022-11-07T19:27:52","modified_gmt":"2022-11-07T22:27:52","slug":"elon-musk-afirma-que-vai-investigar-suposta-censura-no-twitter-brasil","status":"publish","type":"post","link":"https:\/\/jornalfatosenoticias.com.br\/index.php\/2022\/11\/07\/elon-musk-afirma-que-vai-investigar-suposta-censura-no-twitter-brasil\/","title":{"rendered":"Elon Musk afirma que vai investigar suposta \u201ccensura\u201d no Twitter Brasil"},"content":{"rendered":"\n<p><em><span class=\"has-inline-color has-black-color\">Ativistas pol\u00edticos da direita est\u00e3o pedindo a ajuda do bilion\u00e1rio<\/span><\/em><\/p>\n\n\n\n<div class=\"wp-block-image\"><figure class=\"aligncenter size-large\"><img loading=\"lazy\" decoding=\"async\" width=\"1024\" height=\"100\" src=\"https:\/\/jornalfatosenoticias.com.br\/wp-content\/uploads\/2020\/02\/banner_ferramentas-1024x100.jpg\" alt=\"\" class=\"wp-image-1258\" srcset=\"https:\/\/jornalfatosenoticias.com.br\/wp-content\/uploads\/2020\/02\/banner_ferramentas-1024x100.jpg 1024w, https:\/\/jornalfatosenoticias.com.br\/wp-content\/uploads\/2020\/02\/banner_ferramentas-300x29.jpg 300w, https:\/\/jornalfatosenoticias.com.br\/wp-content\/uploads\/2020\/02\/banner_ferramentas-768x75.jpg 768w, https:\/\/jornalfatosenoticias.com.br\/wp-content\/uploads\/2020\/02\/banner_ferramentas.jpg 1227w\" sizes=\"auto, (max-width: 1024px) 100vw, 1024px\" \/><\/figure><\/div>\n\n\n\n<p>As <a href=\"https:\/\/olhardigital.com.br\/tag\/eleicoes-2022\/\" target=\"_blank\" rel=\"noreferrer noopener\">elei\u00e7\u00f5es de 2022<\/a>\u00a0j\u00e1 chegaram ao fim, por\u00e9m, as redes sociais ainda est\u00e3o debatendo o pleito e ativistas pol\u00edticos da direita afirmam estar sendo censurados no Twitter pelo Tribunal Superior Eleitoral (<a href=\"https:\/\/olhardigital.com.br\/tag\/tse\/\" target=\"_blank\" rel=\"noreferrer noopener\">TSE<\/a>). Um comentarista pol\u00edtico brasileiro chegou a encaminhar um pedido de ajuda a Elon Musk e o bilion\u00e1rio prometeu investigar a suposta censura.<\/p>\n\n\n\n<div class=\"wp-block-image\"><figure class=\"aligncenter size-large\"><img decoding=\"async\" src=\"https:\/\/jornalfatosenoticias.com.br\/wp-content\/uploads\/2020\/02\/logo_esteio.jpg\" alt=\"\" class=\"wp-image-1214\"\/><\/figure><\/div>\n\n\n\n<figure class=\"wp-block-pullquote\"><blockquote><p><span class=\"has-inline-color has-luminous-vivid-orange-color\">\u00c9 claro que o Twitter precisa obedecer \u00e0s decis\u00f5es do \u2018tribunal\u2019 brasileiro. Mas a empresa foi al\u00e9m, impondo espontaneamente sua pr\u00f3pria censura, ainda mais rigorosa do que a de nossos tribunais falhos. Seus moderadores est\u00e3o sendo mais ditatoriais do que nossos pr\u00f3prios tribunais\u201d, escreveu Paulo Figueiredo.<\/span><\/p><\/blockquote><\/figure>\n\n\n\n<div class=\"wp-block-image\"><figure class=\"aligncenter size-large\"><img decoding=\"async\" src=\"https:\/\/jornalfatosenoticias.com.br\/wp-content\/uploads\/2020\/02\/logo-embacia-1-1024x110.jpg\" alt=\"\" class=\"wp-image-33954\"\/><\/figure><\/div>\n\n\n\n<p>Elon Musk j\u00e1 se declarou um apoiador irrestrito da liberdade de express\u00e3o, fato que est\u00e1 fazendo o Twitter <a href=\"https:\/\/olhardigital.com.br\/2022\/11\/06\/internet-e-redes-sociais\/anunciantes-deixam-twitter-apos-demissoes-feitas-por-elon-musk\/\" target=\"_blank\" rel=\"noreferrer noopener\">perder anunciantes<\/a> que temem os novos rumos da rede social na m\u00e3o do empres\u00e1rio.<\/p>\n\n\n\n<div class=\"wp-block-image\"><figure class=\"aligncenter size-large is-resized\"><img loading=\"lazy\" decoding=\"async\" src=\"https:\/\/jornalfatosenoticias.com.br\/wp-content\/uploads\/2022\/08\/logo-locau-veiculos-1024x573.png\" alt=\"\" class=\"wp-image-33078\" width=\"292\" height=\"163\"\/><\/figure><\/div>\n\n\n\n<p>Em resposta a Figueiredo, Musk prometeu que iria analisar a situa\u00e7\u00e3o, mas n\u00e3o deu mais detalhes do que pode ou deve fazer com o fato.<\/p>\n\n\n\n<figure class=\"wp-block-embed-twitter wp-block-embed is-type-rich is-provider-twitter\"><div class=\"wp-block-embed__wrapper\">\nhttps:\/\/twitter.com\/realpfigueiredo\/status\/1589414656585924608?ref_src=twsrc%5Etfw%7Ctwcamp%5Etweetembed%7Ctwterm%5E1589419469020942336%7Ctwgr%5E208a4d10e01a5ea7086cbd791e835284183fd22f%7Ctwcon%5Es2_&#038;ref_url=https%3A%2F%2Folhardigital.com.br%2F2022%2F11%2F07%2Finternet-e-redes-sociais%2Felon-musk-afirma-que-vai-investigar-suposta-censura-no-twitter-brasil%2F\n<\/div><\/figure>\n\n\n\n<div class=\"wp-block-image\"><figure class=\"alignright size-large\"><img decoding=\"async\" src=\"https:\/\/jornalfatosenoticias.com.br\/wp-content\/uploads\/2020\/02\/barao-das-carnes-300x164-1.jpg\" alt=\"\" class=\"wp-image-34339\"\/><\/figure><\/div>\n\n\n\n<p>A direita e a extrema-direita brasileira parecem enxergar em Elon Musk a possibilidade de compartilhar seus pensamentos sem se preocupar com as decis\u00f5es do TSE. Provavelmente, a esperan\u00e7a surgiu no fato do bilion\u00e1rio ter admitido poder reverter o banimento de <a href=\"https:\/\/olhardigital.com.br\/tag\/donald-trump\/\" target=\"_blank\" rel=\"noreferrer noopener\">Donald Trump<\/a> do Twitter.<br>O ex-presidente dos Estados Unidos teve sua conta do Twitter deletada ap\u00f3s incitar apoiadores a invadirem o <a href=\"https:\/\/olhardigital.com.br\/tag\/capitolio\/\" target=\"_blank\" rel=\"noreferrer noopener\">Capit\u00f3lio<\/a>, em janeiro de 2021, ap\u00f3s o final das elei\u00e7\u00f5es presidenciais dos EUA.<\/p>\n\n\n\n<div class=\"wp-block-image\"><figure class=\"aligncenter size-large\"><img loading=\"lazy\" decoding=\"async\" width=\"1024\" height=\"103\" src=\"https:\/\/jornalfatosenoticias.com.br\/wp-content\/uploads\/2020\/02\/Arte-Autoescola-Galatas_endereco_portal-1024x103.png\" alt=\"\" class=\"wp-image-1451\" srcset=\"https:\/\/jornalfatosenoticias.com.br\/wp-content\/uploads\/2020\/02\/Arte-Autoescola-Galatas_endereco_portal-1024x103.png 1024w, https:\/\/jornalfatosenoticias.com.br\/wp-content\/uploads\/2020\/02\/Arte-Autoescola-Galatas_endereco_portal-300x30.png 300w, https:\/\/jornalfatosenoticias.com.br\/wp-content\/uploads\/2020\/02\/Arte-Autoescola-Galatas_endereco_portal-768x77.png 768w, https:\/\/jornalfatosenoticias.com.br\/wp-content\/uploads\/2020\/02\/Arte-Autoescola-Galatas_endereco_portal.png 1223w\" sizes=\"auto, (max-width: 1024px) 100vw, 1024px\" \/><\/figure><\/div>\n\n\n\n<p>Nos \u00faltimos dias, o Twitter suspendeu algumas contas de apoiadores do presidente Jair Bolsonaro (PL), como os deputados Nikolas Ferreira e <a href=\"https:\/\/olhardigital.com.br\/2022\/11\/02\/internet-e-redes-sociais\/twitter-suspende-contas-de-apoiadores-de-jair-bolsonaro\/\" target=\"_blank\" rel=\"noreferrer noopener\">Carla Zambelli<\/a>, o pastor Andr\u00e9 Valad\u00e3o, o cantor Zez\u00e9 di Camargo, o empres\u00e1rio Luciano Hang, entre outros.<\/p>\n\n\n\n<div class=\"wp-block-image\"><figure class=\"aligncenter size-large is-resized\"><img loading=\"lazy\" decoding=\"async\" src=\"https:\/\/jornalfatosenoticias.com.br\/wp-content\/uploads\/2020\/02\/logo-clinica-limoeiro.jpg\" alt=\"\" class=\"wp-image-34610\" width=\"261\" height=\"185\"\/><\/figure><\/div>\n\n\n\n<p>O TSE vem pedindo o bloqueio de perfis que estejam levantando suspeitas sem provas sobre uma fraude nas <a href=\"https:\/\/olhardigital.com.br\/tag\/urna-eletronica\/\" target=\"_blank\" rel=\"noreferrer noopener\">urnas eletr\u00f4nicas<\/a>. O tribunal tamb\u00e9m averigua contas que motivem os movimentos antidemocr\u00e1ticos e inconstitucionais, como os bloqueios de estradas federais.<\/p>\n\n\n\n<div class=\"wp-block-image\"><figure class=\"aligncenter size-large\"><img loading=\"lazy\" decoding=\"async\" width=\"1024\" height=\"99\" src=\"https:\/\/jornalfatosenoticias.com.br\/wp-content\/uploads\/2020\/02\/Logo-Mizu-segunda-2-1024x99.png\" alt=\"\" class=\"wp-image-2353\" srcset=\"https:\/\/jornalfatosenoticias.com.br\/wp-content\/uploads\/2020\/02\/Logo-Mizu-segunda-2-1024x99.png 1024w, https:\/\/jornalfatosenoticias.com.br\/wp-content\/uploads\/2020\/02\/Logo-Mizu-segunda-2-300x29.png 300w, https:\/\/jornalfatosenoticias.com.br\/wp-content\/uploads\/2020\/02\/Logo-Mizu-segunda-2-768x74.png 768w, https:\/\/jornalfatosenoticias.com.br\/wp-content\/uploads\/2020\/02\/Logo-Mizu-segunda-2.png 1240w\" sizes=\"auto, (max-width: 1024px) 100vw, 1024px\" \/><\/figure><\/div>\n\n\n\n<p><strong><em>Fonte: <a href=\"https:\/\/olhardigital.com.br\/2022\/11\/07\/internet-e-redes-sociais\/elon-musk-afirma-que-vai-investigar-suposta-censura-no-twitter-brasil\/\">Olhar Digital<\/a><\/em><\/strong><\/p>\n","protected":false},"excerpt":{"rendered":"<p>Ativistas pol\u00edticos da direita est\u00e3o pedindo a ajuda do bilion\u00e1rio As elei\u00e7\u00f5es de 2022\u00a0j\u00e1 chegaram ao fim, por\u00e9m, as redes sociais ainda est\u00e3o debatendo o pleito e ativistas pol\u00edticos da direita afirmam estar sendo censurados no Twitter pelo Tribunal Superior Eleitoral (TSE). Um comentarista pol\u00edtico brasileiro chegou a encaminhar um pedido de ajuda a Elon [&hellip;]<\/p>\n","protected":false},"author":2,"featured_media":35783,"comment_status":"open","ping_status":"open","sticky":false,"template":"","format":"standard","meta":{"footnotes":""},"categories":[10],"tags":[2149,1634,1563,1514,16716],"class_list":["post-35782","post","type-post","status-publish","format-standard","has-post-thumbnail","hentry","category-politica","tag-censura","tag-elon-musk","tag-redes-sociais","tag-tse","tag-twitter"],"yoast_head":"<!-- This site is optimized with the Yoast SEO plugin v26.5 - https:\/\/yoast.com\/wordpress\/plugins\/seo\/ -->\n<title>Elon Musk afirma que vai investigar suposta \u201ccensura\u201d no Twitter Brasil - Jornal Fatos e Not\u00edcias<\/title>\n<meta name=\"robots\" content=\"index, follow, max-snippet:-1, max-image-preview:large, max-video-preview:-1\" \/>\n<link rel=\"canonical\" href=\"https:\/\/jornalfatosenoticias.com.br\/index.php\/2022\/11\/07\/elon-musk-afirma-que-vai-investigar-suposta-censura-no-twitter-brasil\/\" \/>\n<meta property=\"og:locale\" content=\"pt_BR\" \/>\n<meta property=\"og:type\" content=\"article\" \/>\n<meta property=\"og:title\" content=\"Elon Musk afirma que vai investigar suposta \u201ccensura\u201d no Twitter Brasil - Jornal Fatos e Not\u00edcias\" \/>\n<meta property=\"og:description\" content=\"Ativistas pol\u00edticos da direita est\u00e3o pedindo a ajuda do bilion\u00e1rio As elei\u00e7\u00f5es de 2022\u00a0j\u00e1 chegaram ao fim, por\u00e9m, as redes sociais ainda est\u00e3o debatendo o pleito e ativistas pol\u00edticos da direita afirmam estar sendo censurados no Twitter pelo Tribunal Superior Eleitoral (TSE). Um comentarista pol\u00edtico brasileiro chegou a encaminhar um pedido de ajuda a Elon [&hellip;]\" \/>\n<meta property=\"og:url\" content=\"https:\/\/jornalfatosenoticias.com.br\/index.php\/2022\/11\/07\/elon-musk-afirma-que-vai-investigar-suposta-censura-no-twitter-brasil\/\" \/>\n<meta property=\"og:site_name\" content=\"Jornal Fatos e Not\u00edcias\" \/>\n<meta property=\"article:published_time\" content=\"2022-11-07T22:27:50+00:00\" \/>\n<meta property=\"article:modified_time\" content=\"2022-11-07T22:27:52+00:00\" \/>\n<meta property=\"og:image\" content=\"https:\/\/jornalfatosenoticias.com.br\/wp-content\/uploads\/2022\/11\/shutterstock-twitter-elon-musk.jpg\" \/>\n\t<meta property=\"og:image:width\" content=\"1000\" \/>\n\t<meta property=\"og:image:height\" content=\"375\" \/>\n\t<meta property=\"og:image:type\" content=\"image\/jpeg\" \/>\n<meta name=\"author\" content=\"Luzimara Fernandes\" \/>\n<meta name=\"twitter:card\" content=\"summary_large_image\" \/>\n<meta name=\"twitter:label1\" content=\"Escrito por\" \/>\n\t<meta name=\"twitter:data1\" content=\"Luzimara Fernandes\" \/>\n\t<meta name=\"twitter:label2\" content=\"Est. tempo de leitura\" \/>\n\t<meta name=\"twitter:data2\" content=\"2 minutos\" \/>\n<script type=\"application\/ld+json\" class=\"yoast-schema-graph\">{\"@context\":\"https:\/\/schema.org\",\"@graph\":[{\"@type\":\"Article\",\"@id\":\"https:\/\/jornalfatosenoticias.com.br\/index.php\/2022\/11\/07\/elon-musk-afirma-que-vai-investigar-suposta-censura-no-twitter-brasil\/#article\",\"isPartOf\":{\"@id\":\"https:\/\/jornalfatosenoticias.com.br\/index.php\/2022\/11\/07\/elon-musk-afirma-que-vai-investigar-suposta-censura-no-twitter-brasil\/\"},\"author\":{\"name\":\"Luzimara Fernandes\",\"@id\":\"https:\/\/jornalfatosenoticias.com.br\/#\/schema\/person\/d63837fa13ac8666eb9e74e0985d6f81\"},\"headline\":\"Elon Musk afirma que vai investigar suposta \u201ccensura\u201d no Twitter Brasil\",\"datePublished\":\"2022-11-07T22:27:50+00:00\",\"dateModified\":\"2022-11-07T22:27:52+00:00\",\"mainEntityOfPage\":{\"@id\":\"https:\/\/jornalfatosenoticias.com.br\/index.php\/2022\/11\/07\/elon-musk-afirma-que-vai-investigar-suposta-censura-no-twitter-brasil\/\"},\"wordCount\":401,\"commentCount\":0,\"publisher\":{\"@id\":\"https:\/\/jornalfatosenoticias.com.br\/#organization\"},\"image\":{\"@id\":\"https:\/\/jornalfatosenoticias.com.br\/index.php\/2022\/11\/07\/elon-musk-afirma-que-vai-investigar-suposta-censura-no-twitter-brasil\/#primaryimage\"},\"thumbnailUrl\":\"https:\/\/jornalfatosenoticias.com.br\/wp-content\/uploads\/2022\/11\/shutterstock-twitter-elon-musk.jpg\",\"keywords\":[\"censura\",\"Elon Musk\",\"redes sociais\",\"TSE\",\"TWITTER\"],\"articleSection\":[\"Pol\u00edtica\"],\"inLanguage\":\"pt-BR\",\"potentialAction\":[{\"@type\":\"CommentAction\",\"name\":\"Comment\",\"target\":[\"https:\/\/jornalfatosenoticias.com.br\/index.php\/2022\/11\/07\/elon-musk-afirma-que-vai-investigar-suposta-censura-no-twitter-brasil\/#respond\"]}]},{\"@type\":\"WebPage\",\"@id\":\"https:\/\/jornalfatosenoticias.com.br\/index.php\/2022\/11\/07\/elon-musk-afirma-que-vai-investigar-suposta-censura-no-twitter-brasil\/\",\"url\":\"https:\/\/jornalfatosenoticias.com.br\/index.php\/2022\/11\/07\/elon-musk-afirma-que-vai-investigar-suposta-censura-no-twitter-brasil\/\",\"name\":\"Elon Musk afirma que vai investigar suposta \u201ccensura\u201d no Twitter Brasil - Jornal Fatos e Not\u00edcias\",\"isPartOf\":{\"@id\":\"https:\/\/jornalfatosenoticias.com.br\/#website\"},\"primaryImageOfPage\":{\"@id\":\"https:\/\/jornalfatosenoticias.com.br\/index.php\/2022\/11\/07\/elon-musk-afirma-que-vai-investigar-suposta-censura-no-twitter-brasil\/#primaryimage\"},\"image\":{\"@id\":\"https:\/\/jornalfatosenoticias.com.br\/index.php\/2022\/11\/07\/elon-musk-afirma-que-vai-investigar-suposta-censura-no-twitter-brasil\/#primaryimage\"},\"thumbnailUrl\":\"https:\/\/jornalfatosenoticias.com.br\/wp-content\/uploads\/2022\/11\/shutterstock-twitter-elon-musk.jpg\",\"datePublished\":\"2022-11-07T22:27:50+00:00\",\"dateModified\":\"2022-11-07T22:27:52+00:00\",\"breadcrumb\":{\"@id\":\"https:\/\/jornalfatosenoticias.com.br\/index.php\/2022\/11\/07\/elon-musk-afirma-que-vai-investigar-suposta-censura-no-twitter-brasil\/#breadcrumb\"},\"inLanguage\":\"pt-BR\",\"potentialAction\":[{\"@type\":\"ReadAction\",\"target\":[\"https:\/\/jornalfatosenoticias.com.br\/index.php\/2022\/11\/07\/elon-musk-afirma-que-vai-investigar-suposta-censura-no-twitter-brasil\/\"]}]},{\"@type\":\"ImageObject\",\"inLanguage\":\"pt-BR\",\"@id\":\"https:\/\/jornalfatosenoticias.com.br\/index.php\/2022\/11\/07\/elon-musk-afirma-que-vai-investigar-suposta-censura-no-twitter-brasil\/#primaryimage\",\"url\":\"https:\/\/jornalfatosenoticias.com.br\/wp-content\/uploads\/2022\/11\/shutterstock-twitter-elon-musk.jpg\",\"contentUrl\":\"https:\/\/jornalfatosenoticias.com.br\/wp-content\/uploads\/2022\/11\/shutterstock-twitter-elon-musk.jpg\",\"width\":1000,\"height\":375},{\"@type\":\"BreadcrumbList\",\"@id\":\"https:\/\/jornalfatosenoticias.com.br\/index.php\/2022\/11\/07\/elon-musk-afirma-que-vai-investigar-suposta-censura-no-twitter-brasil\/#breadcrumb\",\"itemListElement\":[{\"@type\":\"ListItem\",\"position\":1,\"name\":\"In\u00edcio\",\"item\":\"https:\/\/jornalfatosenoticias.com.br\/\"},{\"@type\":\"ListItem\",\"position\":2,\"name\":\"Elon Musk afirma que vai investigar suposta \u201ccensura\u201d no Twitter Brasil\"}]},{\"@type\":\"WebSite\",\"@id\":\"https:\/\/jornalfatosenoticias.com.br\/#website\",\"url\":\"https:\/\/jornalfatosenoticias.com.br\/\",\"name\":\"Jornal Fatos e Not\u00edcias\",\"description\":\"Not\u00edcias em geral\",\"publisher\":{\"@id\":\"https:\/\/jornalfatosenoticias.com.br\/#organization\"},\"potentialAction\":[{\"@type\":\"SearchAction\",\"target\":{\"@type\":\"EntryPoint\",\"urlTemplate\":\"https:\/\/jornalfatosenoticias.com.br\/?s={search_term_string}\"},\"query-input\":{\"@type\":\"PropertyValueSpecification\",\"valueRequired\":true,\"valueName\":\"search_term_string\"}}],\"inLanguage\":\"pt-BR\"},{\"@type\":\"Organization\",\"@id\":\"https:\/\/jornalfatosenoticias.com.br\/#organization\",\"name\":\"Jornal Fatos e Not\u00edcias\",\"url\":\"https:\/\/jornalfatosenoticias.com.br\/\",\"logo\":{\"@type\":\"ImageObject\",\"inLanguage\":\"pt-BR\",\"@id\":\"https:\/\/jornalfatosenoticias.com.br\/#\/schema\/logo\/image\/\",\"url\":\"https:\/\/jornalfatosenoticias.com.br\/wp-content\/uploads\/2020\/02\/logo120.png\",\"contentUrl\":\"https:\/\/jornalfatosenoticias.com.br\/wp-content\/uploads\/2020\/02\/logo120.png\",\"width\":1227,\"height\":120,\"caption\":\"Jornal Fatos e Not\u00edcias\"},\"image\":{\"@id\":\"https:\/\/jornalfatosenoticias.com.br\/#\/schema\/logo\/image\/\"}},{\"@type\":\"Person\",\"@id\":\"https:\/\/jornalfatosenoticias.com.br\/#\/schema\/person\/d63837fa13ac8666eb9e74e0985d6f81\",\"name\":\"Luzimara Fernandes\",\"image\":{\"@type\":\"ImageObject\",\"inLanguage\":\"pt-BR\",\"@id\":\"https:\/\/jornalfatosenoticias.com.br\/#\/schema\/person\/image\/\",\"url\":\"https:\/\/jornalfatosenoticias.com.br\/wp-content\/uploads\/2025\/05\/EU_portal.jpg\",\"contentUrl\":\"https:\/\/jornalfatosenoticias.com.br\/wp-content\/uploads\/2025\/05\/EU_portal.jpg\",\"caption\":\"Luzimara Fernandes\"},\"description\":\"Jornalista MTB 2358-ES\",\"sameAs\":[\"https:\/\/jornalfatosenoticias.com.br\"],\"url\":\"https:\/\/jornalfatosenoticias.com.br\/index.php\/author\/luzimara\/\"}]}<\/script>\n<!-- \/ Yoast SEO plugin. -->","yoast_head_json":{"title":"Elon Musk afirma que vai investigar suposta \u201ccensura\u201d no Twitter Brasil - Jornal Fatos e Not\u00edcias","robots":{"index":"index","follow":"follow","max-snippet":"max-snippet:-1","max-image-preview":"max-image-preview:large","max-video-preview":"max-video-preview:-1"},"canonical":"https:\/\/jornalfatosenoticias.com.br\/index.php\/2022\/11\/07\/elon-musk-afirma-que-vai-investigar-suposta-censura-no-twitter-brasil\/","og_locale":"pt_BR","og_type":"article","og_title":"Elon Musk afirma que vai investigar suposta \u201ccensura\u201d no Twitter Brasil - Jornal Fatos e Not\u00edcias","og_description":"Ativistas pol\u00edticos da direita est\u00e3o pedindo a ajuda do bilion\u00e1rio As elei\u00e7\u00f5es de 2022\u00a0j\u00e1 chegaram ao fim, por\u00e9m, as redes sociais ainda est\u00e3o debatendo o pleito e ativistas pol\u00edticos da direita afirmam estar sendo censurados no Twitter pelo Tribunal Superior Eleitoral (TSE). Um comentarista pol\u00edtico brasileiro chegou a encaminhar um pedido de ajuda a Elon [&hellip;]","og_url":"https:\/\/jornalfatosenoticias.com.br\/index.php\/2022\/11\/07\/elon-musk-afirma-que-vai-investigar-suposta-censura-no-twitter-brasil\/","og_site_name":"Jornal Fatos e Not\u00edcias","article_published_time":"2022-11-07T22:27:50+00:00","article_modified_time":"2022-11-07T22:27:52+00:00","og_image":[{"width":1000,"height":375,"url":"https:\/\/jornalfatosenoticias.com.br\/wp-content\/uploads\/2022\/11\/shutterstock-twitter-elon-musk.jpg","type":"image\/jpeg"}],"author":"Luzimara Fernandes","twitter_card":"summary_large_image","twitter_misc":{"Escrito por":"Luzimara Fernandes","Est. tempo de leitura":"2 minutos"},"schema":{"@context":"https:\/\/schema.org","@graph":[{"@type":"Article","@id":"https:\/\/jornalfatosenoticias.com.br\/index.php\/2022\/11\/07\/elon-musk-afirma-que-vai-investigar-suposta-censura-no-twitter-brasil\/#article","isPartOf":{"@id":"https:\/\/jornalfatosenoticias.com.br\/index.php\/2022\/11\/07\/elon-musk-afirma-que-vai-investigar-suposta-censura-no-twitter-brasil\/"},"author":{"name":"Luzimara Fernandes","@id":"https:\/\/jornalfatosenoticias.com.br\/#\/schema\/person\/d63837fa13ac8666eb9e74e0985d6f81"},"headline":"Elon Musk afirma que vai investigar suposta \u201ccensura\u201d no Twitter Brasil","datePublished":"2022-11-07T22:27:50+00:00","dateModified":"2022-11-07T22:27:52+00:00","mainEntityOfPage":{"@id":"https:\/\/jornalfatosenoticias.com.br\/index.php\/2022\/11\/07\/elon-musk-afirma-que-vai-investigar-suposta-censura-no-twitter-brasil\/"},"wordCount":401,"commentCount":0,"publisher":{"@id":"https:\/\/jornalfatosenoticias.com.br\/#organization"},"image":{"@id":"https:\/\/jornalfatosenoticias.com.br\/index.php\/2022\/11\/07\/elon-musk-afirma-que-vai-investigar-suposta-censura-no-twitter-brasil\/#primaryimage"},"thumbnailUrl":"https:\/\/jornalfatosenoticias.com.br\/wp-content\/uploads\/2022\/11\/shutterstock-twitter-elon-musk.jpg","keywords":["censura","Elon Musk","redes sociais","TSE","TWITTER"],"articleSection":["Pol\u00edtica"],"inLanguage":"pt-BR","potentialAction":[{"@type":"CommentAction","name":"Comment","target":["https:\/\/jornalfatosenoticias.com.br\/index.php\/2022\/11\/07\/elon-musk-afirma-que-vai-investigar-suposta-censura-no-twitter-brasil\/#respond"]}]},{"@type":"WebPage","@id":"https:\/\/jornalfatosenoticias.com.br\/index.php\/2022\/11\/07\/elon-musk-afirma-que-vai-investigar-suposta-censura-no-twitter-brasil\/","url":"https:\/\/jornalfatosenoticias.com.br\/index.php\/2022\/11\/07\/elon-musk-afirma-que-vai-investigar-suposta-censura-no-twitter-brasil\/","name":"Elon Musk afirma que vai investigar suposta \u201ccensura\u201d no Twitter Brasil - Jornal Fatos e Not\u00edcias","isPartOf":{"@id":"https:\/\/jornalfatosenoticias.com.br\/#website"},"primaryImageOfPage":{"@id":"https:\/\/jornalfatosenoticias.com.br\/index.php\/2022\/11\/07\/elon-musk-afirma-que-vai-investigar-suposta-censura-no-twitter-brasil\/#primaryimage"},"image":{"@id":"https:\/\/jornalfatosenoticias.com.br\/index.php\/2022\/11\/07\/elon-musk-afirma-que-vai-investigar-suposta-censura-no-twitter-brasil\/#primaryimage"},"thumbnailUrl":"https:\/\/jornalfatosenoticias.com.br\/wp-content\/uploads\/2022\/11\/shutterstock-twitter-elon-musk.jpg","datePublished":"2022-11-07T22:27:50+00:00","dateModified":"2022-11-07T22:27:52+00:00","breadcrumb":{"@id":"https:\/\/jornalfatosenoticias.com.br\/index.php\/2022\/11\/07\/elon-musk-afirma-que-vai-investigar-suposta-censura-no-twitter-brasil\/#breadcrumb"},"inLanguage":"pt-BR","potentialAction":[{"@type":"ReadAction","target":["https:\/\/jornalfatosenoticias.com.br\/index.php\/2022\/11\/07\/elon-musk-afirma-que-vai-investigar-suposta-censura-no-twitter-brasil\/"]}]},{"@type":"ImageObject","inLanguage":"pt-BR","@id":"https:\/\/jornalfatosenoticias.com.br\/index.php\/2022\/11\/07\/elon-musk-afirma-que-vai-investigar-suposta-censura-no-twitter-brasil\/#primaryimage","url":"https:\/\/jornalfatosenoticias.com.br\/wp-content\/uploads\/2022\/11\/shutterstock-twitter-elon-musk.jpg","contentUrl":"https:\/\/jornalfatosenoticias.com.br\/wp-content\/uploads\/2022\/11\/shutterstock-twitter-elon-musk.jpg","width":1000,"height":375},{"@type":"BreadcrumbList","@id":"https:\/\/jornalfatosenoticias.com.br\/index.php\/2022\/11\/07\/elon-musk-afirma-que-vai-investigar-suposta-censura-no-twitter-brasil\/#breadcrumb","itemListElement":[{"@type":"ListItem","position":1,"name":"In\u00edcio","item":"https:\/\/jornalfatosenoticias.com.br\/"},{"@type":"ListItem","position":2,"name":"Elon Musk afirma que vai investigar suposta \u201ccensura\u201d no Twitter Brasil"}]},{"@type":"WebSite","@id":"https:\/\/jornalfatosenoticias.com.br\/#website","url":"https:\/\/jornalfatosenoticias.com.br\/","name":"Jornal Fatos e Not\u00edcias","description":"Not\u00edcias em geral","publisher":{"@id":"https:\/\/jornalfatosenoticias.com.br\/#organization"},"potentialAction":[{"@type":"SearchAction","target":{"@type":"EntryPoint","urlTemplate":"https:\/\/jornalfatosenoticias.com.br\/?s={search_term_string}"},"query-input":{"@type":"PropertyValueSpecification","valueRequired":true,"valueName":"search_term_string"}}],"inLanguage":"pt-BR"},{"@type":"Organization","@id":"https:\/\/jornalfatosenoticias.com.br\/#organization","name":"Jornal Fatos e Not\u00edcias","url":"https:\/\/jornalfatosenoticias.com.br\/","logo":{"@type":"ImageObject","inLanguage":"pt-BR","@id":"https:\/\/jornalfatosenoticias.com.br\/#\/schema\/logo\/image\/","url":"https:\/\/jornalfatosenoticias.com.br\/wp-content\/uploads\/2020\/02\/logo120.png","contentUrl":"https:\/\/jornalfatosenoticias.com.br\/wp-content\/uploads\/2020\/02\/logo120.png","width":1227,"height":120,"caption":"Jornal Fatos e Not\u00edcias"},"image":{"@id":"https:\/\/jornalfatosenoticias.com.br\/#\/schema\/logo\/image\/"}},{"@type":"Person","@id":"https:\/\/jornalfatosenoticias.com.br\/#\/schema\/person\/d63837fa13ac8666eb9e74e0985d6f81","name":"Luzimara Fernandes","image":{"@type":"ImageObject","inLanguage":"pt-BR","@id":"https:\/\/jornalfatosenoticias.com.br\/#\/schema\/person\/image\/","url":"https:\/\/jornalfatosenoticias.com.br\/wp-content\/uploads\/2025\/05\/EU_portal.jpg","contentUrl":"https:\/\/jornalfatosenoticias.com.br\/wp-content\/uploads\/2025\/05\/EU_portal.jpg","caption":"Luzimara Fernandes"},"description":"Jornalista MTB 2358-ES","sameAs":["https:\/\/jornalfatosenoticias.com.br"],"url":"https:\/\/jornalfatosenoticias.com.br\/index.php\/author\/luzimara\/"}]}},"cc_featured_image_caption":{"caption_text":"(Foto: Shutterstock\/Twitter Elon Musk)","source_text":"","source_url":""},"jetpack_featured_media_url":"https:\/\/jornalfatosenoticias.com.br\/wp-content\/uploads\/2022\/11\/shutterstock-twitter-elon-musk.jpg","_links":{"self":[{"href":"https:\/\/jornalfatosenoticias.com.br\/index.php\/wp-json\/wp\/v2\/posts\/35782","targetHints":{"allow":["GET"]}}],"collection":[{"href":"https:\/\/jornalfatosenoticias.com.br\/index.php\/wp-json\/wp\/v2\/posts"}],"about":[{"href":"https:\/\/jornalfatosenoticias.com.br\/index.php\/wp-json\/wp\/v2\/types\/post"}],"author":[{"embeddable":true,"href":"https:\/\/jornalfatosenoticias.com.br\/index.php\/wp-json\/wp\/v2\/users\/2"}],"replies":[{"embeddable":true,"href":"https:\/\/jornalfatosenoticias.com.br\/index.php\/wp-json\/wp\/v2\/comments?post=35782"}],"version-history":[{"count":0,"href":"https:\/\/jornalfatosenoticias.com.br\/index.php\/wp-json\/wp\/v2\/posts\/35782\/revisions"}],"wp:featuredmedia":[{"embeddable":true,"href":"https:\/\/jornalfatosenoticias.com.br\/index.php\/wp-json\/wp\/v2\/media\/35783"}],"wp:attachment":[{"href":"https:\/\/jornalfatosenoticias.com.br\/index.php\/wp-json\/wp\/v2\/media?parent=35782"}],"wp:term":[{"taxonomy":"category","embeddable":true,"href":"https:\/\/jornalfatosenoticias.com.br\/index.php\/wp-json\/wp\/v2\/categories?post=35782"},{"taxonomy":"post_tag","embeddable":true,"href":"https:\/\/jornalfatosenoticias.com.br\/index.php\/wp-json\/wp\/v2\/tags?post=35782"}],"curies":[{"name":"wp","href":"https:\/\/api.w.org\/{rel}","templated":true}]}}