{"id":35800,"date":"2022-11-07T20:40:52","date_gmt":"2022-11-07T23:40:52","guid":{"rendered":"https:\/\/jornalfatosenoticias.com.br\/?p=35800"},"modified":"2022-11-07T20:40:54","modified_gmt":"2022-11-07T23:40:54","slug":"pesquisador-teme-extincao-do-acai-branco-especie-menos-consumida-do-fruto","status":"publish","type":"post","link":"https:\/\/jornalfatosenoticias.com.br\/index.php\/2022\/11\/07\/pesquisador-teme-extincao-do-acai-branco-especie-menos-consumida-do-fruto\/","title":{"rendered":"Pesquisador teme extin\u00e7\u00e3o do a\u00e7a\u00ed-branco, esp\u00e9cie menos consumida do fruto"},"content":{"rendered":"\n<p><em><span class=\"has-inline-color has-black-color\">Muitas \u00e1rvores do a\u00e7a\u00ed-branco foram substitu\u00eddas pelas do tipo roxo. Embrapa busca popularizar esp\u00e9cie<\/span><\/em><\/p>\n\n\n\n<div class=\"wp-block-image\"><figure class=\"aligncenter size-large\"><img loading=\"lazy\" decoding=\"async\" width=\"560\" height=\"60\" src=\"https:\/\/jornalfatosenoticias.com.br\/wp-content\/uploads\/2022\/10\/Propaganda-RC-Radiadores-Jornal_page-0001.jpg\" alt=\"\" class=\"wp-image-35270\" srcset=\"https:\/\/jornalfatosenoticias.com.br\/wp-content\/uploads\/2022\/10\/Propaganda-RC-Radiadores-Jornal_page-0001.jpg 560w, https:\/\/jornalfatosenoticias.com.br\/wp-content\/uploads\/2022\/10\/Propaganda-RC-Radiadores-Jornal_page-0001-300x32.jpg 300w\" sizes=\"auto, (max-width: 560px) 100vw, 560px\" \/><\/figure><\/div>\n\n\n\n<p>Muitas pessoas do Amap\u00e1 s\u00e3o consumidoras ass\u00edduas do a\u00e7a\u00ed. O suco do fruto de cor roxa \u00e9 um alimento tradicional na Amaz\u00f4nia, consumido muitas vezes como prato principal no almo\u00e7o e no jantar, al\u00e9m de ser levado para as demais regi\u00f5es em outras texturas. Mas existe uma variedade que \u00e9 pouco explorada: o a\u00e7a\u00ed-branco (que, na verdade, tem tom esverdeado). Um grupo que estuda a esp\u00e9cie h\u00e1 mais de 20 anos indica que, se n\u00e3o for preservada, ela pode ser extinta.<\/p>\n\n\n\n<div class=\"wp-block-image\"><figure class=\"aligncenter size-large\"><img decoding=\"async\" src=\"https:\/\/jornalfatosenoticias.com.br\/wp-content\/uploads\/2020\/02\/logo_esteio.jpg\" alt=\"\" class=\"wp-image-1214\"\/><\/figure><\/div>\n\n\n\n<p>Al\u00e9m da apar\u00eancia, o sabor desse outro a\u00e7a\u00ed \u00e9 diferente do mais escuro. Na tentativa de popularizar o alimento, a Empresa Brasileira de Pesquisa Agropecu\u00e1ria (Embrapa) estuda, h\u00e1 23 anos, como preservar a esp\u00e9cie, j\u00e1 que os locais onde o a\u00e7a\u00ed-branco tinha muitas \u00e1rvores originais na floresta, hoje foram substitu\u00eddas por \u00e1rvores do a\u00e7a\u00ed-roxo<\/p>\n\n\n\n<div class=\"wp-block-image\"><figure class=\"aligncenter size-large\"><img loading=\"lazy\" decoding=\"async\" width=\"1024\" height=\"110\" src=\"https:\/\/jornalfatosenoticias.com.br\/wp-content\/uploads\/2022\/10\/Arte-jornal-Zucchi-1120x120_Prancheta-1-1024x110.jpg\" alt=\"\" class=\"wp-image-34772\" srcset=\"https:\/\/jornalfatosenoticias.com.br\/wp-content\/uploads\/2022\/10\/Arte-jornal-Zucchi-1120x120_Prancheta-1-1024x110.jpg 1024w, https:\/\/jornalfatosenoticias.com.br\/wp-content\/uploads\/2022\/10\/Arte-jornal-Zucchi-1120x120_Prancheta-1-300x32.jpg 300w, https:\/\/jornalfatosenoticias.com.br\/wp-content\/uploads\/2022\/10\/Arte-jornal-Zucchi-1120x120_Prancheta-1-768x82.jpg 768w, https:\/\/jornalfatosenoticias.com.br\/wp-content\/uploads\/2022\/10\/Arte-jornal-Zucchi-1120x120_Prancheta-1-1536x165.jpg 1536w, https:\/\/jornalfatosenoticias.com.br\/wp-content\/uploads\/2022\/10\/Arte-jornal-Zucchi-1120x120_Prancheta-1-2048x219.jpg 2048w\" sizes=\"auto, (max-width: 1024px) 100vw, 1024px\" \/><\/figure><\/div>\n\n\n\n<p>O estudo \u00e9 realizado no Banco Ativo de Germoplasma de A\u00e7a\u00ed Branco da Embrapa, em uma \u00e1rea de v\u00e1rzea localizada no munic\u00edpio de Mazag\u00e3o, distante cerca de 35 quil\u00f4metros de Macap\u00e1 onde 50 mudas do a\u00e7a\u00ed branco foram cultivadas no campo experimental. Gilberto Yokomizo, pesquisador da Embrapa e respons\u00e1vel pelo estudo no Amap\u00e1, diz que a preocupa\u00e7\u00e3o \u00e9 de que a esp\u00e9cie desapare\u00e7a.<\/p>\n\n\n\n<div class=\"wp-block-image\"><figure class=\"aligncenter size-large\"><img loading=\"lazy\" decoding=\"async\" width=\"729\" height=\"90\" src=\"https:\/\/jornalfatosenoticias.com.br\/wp-content\/uploads\/2020\/02\/Logo_Mizu.png\" alt=\"\" class=\"wp-image-1441\" srcset=\"https:\/\/jornalfatosenoticias.com.br\/wp-content\/uploads\/2020\/02\/Logo_Mizu.png 729w, https:\/\/jornalfatosenoticias.com.br\/wp-content\/uploads\/2020\/02\/Logo_Mizu-300x37.png 300w\" sizes=\"auto, (max-width: 729px) 100vw, 729px\" \/><\/figure><\/div>\n\n\n\n<figure class=\"wp-block-image size-large\"><img loading=\"lazy\" decoding=\"async\" width=\"1000\" height=\"523\" src=\"https:\/\/jornalfatosenoticias.com.br\/wp-content\/uploads\/2022\/11\/acai-branco-2.jpg\" alt=\"\" class=\"wp-image-35801\" srcset=\"https:\/\/jornalfatosenoticias.com.br\/wp-content\/uploads\/2022\/11\/acai-branco-2.jpg 1000w, https:\/\/jornalfatosenoticias.com.br\/wp-content\/uploads\/2022\/11\/acai-branco-2-300x157.jpg 300w, https:\/\/jornalfatosenoticias.com.br\/wp-content\/uploads\/2022\/11\/acai-branco-2-768x402.jpg 768w\" sizes=\"auto, (max-width: 1000px) 100vw, 1000px\" \/><figcaption><em><span class=\"has-inline-color has-black-color\">A\u00e7a\u00ed-branco \u00e9 um alimento pouco conhecido, diferente do tradicional a\u00e7a\u00ed-roxo (Foto: Reprodu\u00e7\u00e3o\/Rede Amaz\u00f4nica)<\/span><\/em><\/figcaption><\/figure>\n\n\n\n<div class=\"wp-block-image\"><figure class=\"aligncenter size-large is-resized\"><img loading=\"lazy\" decoding=\"async\" src=\"https:\/\/jornalfatosenoticias.com.br\/wp-content\/uploads\/2020\/02\/casa-do-torresmo_portal.jpg\" alt=\"\" class=\"wp-image-34472\" width=\"256\" height=\"256\" srcset=\"https:\/\/jornalfatosenoticias.com.br\/wp-content\/uploads\/2020\/02\/casa-do-torresmo_portal.jpg 300w, https:\/\/jornalfatosenoticias.com.br\/wp-content\/uploads\/2020\/02\/casa-do-torresmo_portal-150x150.jpg 150w\" sizes=\"auto, (max-width: 256px) 100vw, 256px\" \/><\/figure><\/div>\n\n\n\n<figure class=\"wp-block-pullquote\"><blockquote><p><span class=\"has-inline-color has-luminous-vivid-orange-color\">N\u00f3s estamos observando que a esp\u00e9cie est\u00e1 sumindo das \u00e1reas originais, pois as pessoas t\u00eam preferido o a\u00e7a\u00ed-roxo por causa do valor econ\u00f4mico, do consumo e das exporta\u00e7\u00f5es do fruto. Ent\u00e3o a Embrapa tem receio que esse material, que \u00e9 um material gen\u00e9tico diferenciado, se perca&#8221;, explicou o pesquisador.<\/span><\/p><\/blockquote><\/figure>\n\n\n\n<div class=\"wp-block-image\"><figure class=\"aligncenter size-large\"><img loading=\"lazy\" decoding=\"async\" width=\"1024\" height=\"111\" src=\"https:\/\/jornalfatosenoticias.com.br\/wp-content\/uploads\/2020\/02\/WhatsApp-Image-2022-09-23-at-12.09.18-1024x111.jpeg\" alt=\"\" class=\"wp-image-34527\" srcset=\"https:\/\/jornalfatosenoticias.com.br\/wp-content\/uploads\/2020\/02\/WhatsApp-Image-2022-09-23-at-12.09.18-1024x111.jpeg 1024w, https:\/\/jornalfatosenoticias.com.br\/wp-content\/uploads\/2020\/02\/WhatsApp-Image-2022-09-23-at-12.09.18-300x32.jpeg 300w, https:\/\/jornalfatosenoticias.com.br\/wp-content\/uploads\/2020\/02\/WhatsApp-Image-2022-09-23-at-12.09.18-768x83.jpeg 768w, https:\/\/jornalfatosenoticias.com.br\/wp-content\/uploads\/2020\/02\/WhatsApp-Image-2022-09-23-at-12.09.18.jpeg 1121w\" sizes=\"auto, (max-width: 1024px) 100vw, 1024px\" \/><\/figure><\/div>\n\n\n\n<p>Nesse estudo, mesmo as mudas sendo de a\u00e7a\u00ed-branco, algumas \u00e1rvores acabaram gerando a\u00e7a\u00ed roxo e isso \u00e9 explicado cientificamente pelo pesquisador.<\/p>\n\n\n\n<div class=\"wp-block-image\"><figure class=\"aligncenter size-large is-resized\"><img loading=\"lazy\" decoding=\"async\" src=\"https:\/\/jornalfatosenoticias.com.br\/wp-content\/uploads\/2022\/07\/Logo-Grupo-SEI.jpg\" alt=\"\" class=\"wp-image-31973\" width=\"330\" height=\"173\" srcset=\"https:\/\/jornalfatosenoticias.com.br\/wp-content\/uploads\/2022\/07\/Logo-Grupo-SEI.jpg 713w, https:\/\/jornalfatosenoticias.com.br\/wp-content\/uploads\/2022\/07\/Logo-Grupo-SEI-300x158.jpg 300w\" sizes=\"auto, (max-width: 330px) 100vw, 330px\" \/><\/figure><\/div>\n\n\n\n<figure class=\"wp-block-pullquote\"><blockquote><p><span class=\"has-inline-color has-luminous-vivid-orange-color\">Quando vem junto o p\u00f3len do a\u00e7a\u00ed-roxo, a planta acaba adquirindo as caracter\u00edsticas desse a\u00e7a\u00ed, perdendo, assim, as caracter\u00edsticas do a\u00e7a\u00ed-branco. Por isso, estamos fazendo um estudo para verificar se realmente foi perdido esse material gen\u00e9tico do a\u00e7a\u00ed-branco, ou n\u00e3o. Infelizmente aqui [\u00e1rea de v\u00e1rzea de Mazag\u00e3o], o a\u00e7a\u00ed-roxo j\u00e1 est\u00e1 se aproximando da \u00e1rea que era isolada&#8221;, explicou Yokomizo.<\/span><\/p><\/blockquote><\/figure>\n\n\n\n<div class=\"wp-block-image\"><figure class=\"aligncenter size-large\"><img decoding=\"async\" src=\"https:\/\/jornalfatosenoticias.com.br\/wp-content\/uploads\/2020\/02\/logo-embacia-1-1024x110.jpg\" alt=\"\" class=\"wp-image-33954\"\/><\/figure><\/div>\n\n\n\n<figure class=\"wp-block-image size-large\"><img loading=\"lazy\" decoding=\"async\" width=\"1000\" height=\"415\" src=\"https:\/\/jornalfatosenoticias.com.br\/wp-content\/uploads\/2022\/11\/acai-branco_pesquisadores.png\" alt=\"\" class=\"wp-image-35802\" srcset=\"https:\/\/jornalfatosenoticias.com.br\/wp-content\/uploads\/2022\/11\/acai-branco_pesquisadores.png 1000w, https:\/\/jornalfatosenoticias.com.br\/wp-content\/uploads\/2022\/11\/acai-branco_pesquisadores-300x125.png 300w, https:\/\/jornalfatosenoticias.com.br\/wp-content\/uploads\/2022\/11\/acai-branco_pesquisadores-768x319.png 768w\" sizes=\"auto, (max-width: 1000px) 100vw, 1000px\" \/><figcaption><em><span class=\"has-inline-color has-black-color\">Pesquisador Gilberto Yokomizo e a acad\u00eamica S\u00f4nia Nunes realizam estudo estudo para preservar a esp\u00e9cie do a\u00e7a\u00ed-branco (Foto: Albenir Sousa\/Rede Amaz\u00f4nica)<\/span><\/em><\/figcaption><\/figure>\n\n\n\n<div class=\"wp-block-image\"><figure class=\"alignleft size-large is-resized\"><img loading=\"lazy\" decoding=\"async\" src=\"https:\/\/jornalfatosenoticias.com.br\/wp-content\/uploads\/2022\/08\/logo-locau-veiculos-1024x573.png\" alt=\"\" class=\"wp-image-33078\" width=\"343\" height=\"191\"\/><\/figure><\/div>\n\n\n\n<p>Os pesquisadores tentam isolar o material gen\u00e9tico do a\u00e7a\u00ed-branco em outro campo de pesquisa experimental, que fica no cerrado da Rodovia BR-210, na Zona Rural de Macap\u00e1. Nessa \u00e1rea, a estrat\u00e9gia \u00e9 que somente as \u00e1rvores de a\u00e7a\u00ed-branco sejam cultivadas. Para isso, foram feitos cruzamentos conduzidos somente de material gen\u00e9tico da esp\u00e9cie do a\u00e7a\u00ed-branco.<\/p>\n\n\n\n<div class=\"wp-block-image\"><figure class=\"aligncenter size-large\"><img loading=\"lazy\" decoding=\"async\" width=\"1024\" height=\"100\" src=\"https:\/\/jornalfatosenoticias.com.br\/wp-content\/uploads\/2022\/05\/NOVA-LOGO-CESCONETTO-1024x100.jpg\" alt=\"\" class=\"wp-image-30792\" srcset=\"https:\/\/jornalfatosenoticias.com.br\/wp-content\/uploads\/2022\/05\/NOVA-LOGO-CESCONETTO-1024x100.jpg 1024w, https:\/\/jornalfatosenoticias.com.br\/wp-content\/uploads\/2022\/05\/NOVA-LOGO-CESCONETTO-300x29.jpg 300w, https:\/\/jornalfatosenoticias.com.br\/wp-content\/uploads\/2022\/05\/NOVA-LOGO-CESCONETTO-768x75.jpg 768w, https:\/\/jornalfatosenoticias.com.br\/wp-content\/uploads\/2022\/05\/NOVA-LOGO-CESCONETTO.jpg 1280w\" sizes=\"auto, (max-width: 1024px) 100vw, 1024px\" \/><\/figure><\/div>\n\n\n\n<p>Todo esse trabalho \u00e9 acompanhado por S\u00f4nia Nunes, acad\u00eamica de engenharia florestal que conseguiu uma bolsa no Programa de Inicia\u00e7\u00e3o Cient\u00edfica da Embrapa e em outubro, apresentou esses estudos no 11\u00ba Congresso Amapaense de Inicia\u00e7\u00e3o Cient\u00edfica, evento vinculado \u00e0 programa\u00e7\u00e3o local da Semana Nacional de Ci\u00eancia e Tecnologia.<\/p>\n\n\n\n<div class=\"wp-block-image\"><figure class=\"aligncenter size-large\"><img loading=\"lazy\" decoding=\"async\" width=\"1024\" height=\"100\" src=\"https:\/\/jornalfatosenoticias.com.br\/wp-content\/uploads\/2020\/02\/banner_ferramentas-1024x100.jpg\" alt=\"\" class=\"wp-image-1258\" srcset=\"https:\/\/jornalfatosenoticias.com.br\/wp-content\/uploads\/2020\/02\/banner_ferramentas-1024x100.jpg 1024w, https:\/\/jornalfatosenoticias.com.br\/wp-content\/uploads\/2020\/02\/banner_ferramentas-300x29.jpg 300w, https:\/\/jornalfatosenoticias.com.br\/wp-content\/uploads\/2020\/02\/banner_ferramentas-768x75.jpg 768w, https:\/\/jornalfatosenoticias.com.br\/wp-content\/uploads\/2020\/02\/banner_ferramentas.jpg 1227w\" sizes=\"auto, (max-width: 1024px) 100vw, 1024px\" \/><\/figure><\/div>\n\n\n\n<p>S\u00f4nia estuda sobre a variabilidade gen\u00e9tica do fruto que, segundo ela, ajudar\u00e1 futuros trabalhos na sele\u00e7\u00e3o de materiais superiores e servir\u00e1 como forma de ampliar o conhecimento da exist\u00eancia da etnovariedade branca ao p\u00fablico em geral.<\/p>\n\n\n\n<div class=\"wp-block-image\"><figure class=\"aligncenter size-large\"><img decoding=\"async\" src=\"https:\/\/jornalfatosenoticias.com.br\/wp-content\/uploads\/2020\/02\/barao-das-carnes-300x164-1.jpg\" alt=\"\" class=\"wp-image-34339\"\/><\/figure><\/div>\n\n\n\n<figure class=\"wp-block-pullquote\"><blockquote><p><span class=\"has-inline-color has-luminous-vivid-orange-color\">Pra gente que est\u00e1 em sala de aula \u00e9 muito interessante vir para campo, pois temos poucas oportunidades de ver tudo isso na pr\u00e1tica. Participar de um projeto assim, iniciar na pesquisa \u00e9 o sonho realmente do engenheiro florestal que ainda est\u00e1 se formando&#8221;, disse a estudante.<\/span><\/p><\/blockquote><\/figure>\n\n\n\n<div class=\"wp-block-image\"><figure class=\"aligncenter size-large\"><img decoding=\"async\" src=\"https:\/\/jornalfatosenoticias.com.br\/wp-content\/uploads\/2020\/02\/Serra-Grande-1024x160.png\" alt=\"\" class=\"wp-image-7836\"\/><\/figure><\/div>\n\n\n\n<p><strong><em>Fonte: <a href=\"https:\/\/portalamazonia.com\/estados\/amapa\/pesquisador-teme-extincao-do-acai-branco-especie-menos-consumida-do-fruto\">Portal Amaz\u00f4nia<\/a><\/em><\/strong><\/p>\n","protected":false},"excerpt":{"rendered":"<p>Muitas \u00e1rvores do a\u00e7a\u00ed-branco foram substitu\u00eddas pelas do tipo roxo. Embrapa busca popularizar esp\u00e9cie Muitas pessoas do Amap\u00e1 s\u00e3o consumidoras ass\u00edduas do a\u00e7a\u00ed. O suco do fruto de cor roxa \u00e9 um alimento tradicional na Amaz\u00f4nia, consumido muitas vezes como prato principal no almo\u00e7o e no jantar, al\u00e9m de ser levado para as demais regi\u00f5es [&hellip;]<\/p>\n","protected":false},"author":2,"featured_media":35803,"comment_status":"open","ping_status":"open","sticky":false,"template":"","format":"standard","meta":{"footnotes":""},"categories":[5],"tags":[4390,16796,2933,123,71,3518,1380],"class_list":["post-35800","post","type-post","status-publish","format-standard","has-post-thumbnail","hentry","category-geral","tag-acai","tag-acai-branco","tag-amapa","tag-amazonia","tag-embrapa","tag-fruto","tag-pesquisadores"],"yoast_head":"<!-- This site is optimized with the Yoast SEO plugin v26.5 - https:\/\/yoast.com\/wordpress\/plugins\/seo\/ -->\n<title>Pesquisador teme extin\u00e7\u00e3o do a\u00e7a\u00ed-branco, esp\u00e9cie menos consumida do fruto - Jornal Fatos e Not\u00edcias<\/title>\n<meta name=\"robots\" content=\"index, follow, max-snippet:-1, max-image-preview:large, max-video-preview:-1\" \/>\n<link rel=\"canonical\" href=\"https:\/\/jornalfatosenoticias.com.br\/index.php\/2022\/11\/07\/pesquisador-teme-extincao-do-acai-branco-especie-menos-consumida-do-fruto\/\" \/>\n<meta property=\"og:locale\" content=\"pt_BR\" \/>\n<meta property=\"og:type\" content=\"article\" \/>\n<meta property=\"og:title\" content=\"Pesquisador teme extin\u00e7\u00e3o do a\u00e7a\u00ed-branco, esp\u00e9cie menos consumida do fruto - Jornal Fatos e Not\u00edcias\" \/>\n<meta property=\"og:description\" content=\"Muitas \u00e1rvores do a\u00e7a\u00ed-branco foram substitu\u00eddas pelas do tipo roxo. Embrapa busca popularizar esp\u00e9cie Muitas pessoas do Amap\u00e1 s\u00e3o consumidoras ass\u00edduas do a\u00e7a\u00ed. O suco do fruto de cor roxa \u00e9 um alimento tradicional na Amaz\u00f4nia, consumido muitas vezes como prato principal no almo\u00e7o e no jantar, al\u00e9m de ser levado para as demais regi\u00f5es [&hellip;]\" \/>\n<meta property=\"og:url\" content=\"https:\/\/jornalfatosenoticias.com.br\/index.php\/2022\/11\/07\/pesquisador-teme-extincao-do-acai-branco-especie-menos-consumida-do-fruto\/\" \/>\n<meta property=\"og:site_name\" content=\"Jornal Fatos e Not\u00edcias\" \/>\n<meta property=\"article:published_time\" content=\"2022-11-07T23:40:52+00:00\" \/>\n<meta property=\"article:modified_time\" content=\"2022-11-07T23:40:54+00:00\" \/>\n<meta property=\"og:image\" content=\"https:\/\/jornalfatosenoticias.com.br\/wp-content\/uploads\/2022\/11\/acai-branco.jpg\" \/>\n\t<meta property=\"og:image:width\" content=\"1000\" \/>\n\t<meta property=\"og:image:height\" content=\"665\" \/>\n\t<meta property=\"og:image:type\" content=\"image\/jpeg\" \/>\n<meta name=\"author\" content=\"Luzimara Fernandes\" \/>\n<meta name=\"twitter:card\" content=\"summary_large_image\" \/>\n<meta name=\"twitter:label1\" content=\"Escrito por\" \/>\n\t<meta name=\"twitter:data1\" content=\"Luzimara Fernandes\" \/>\n\t<meta name=\"twitter:label2\" content=\"Est. tempo de leitura\" \/>\n\t<meta name=\"twitter:data2\" content=\"3 minutos\" \/>\n<script type=\"application\/ld+json\" class=\"yoast-schema-graph\">{\"@context\":\"https:\/\/schema.org\",\"@graph\":[{\"@type\":\"Article\",\"@id\":\"https:\/\/jornalfatosenoticias.com.br\/index.php\/2022\/11\/07\/pesquisador-teme-extincao-do-acai-branco-especie-menos-consumida-do-fruto\/#article\",\"isPartOf\":{\"@id\":\"https:\/\/jornalfatosenoticias.com.br\/index.php\/2022\/11\/07\/pesquisador-teme-extincao-do-acai-branco-especie-menos-consumida-do-fruto\/\"},\"author\":{\"name\":\"Luzimara Fernandes\",\"@id\":\"https:\/\/jornalfatosenoticias.com.br\/#\/schema\/person\/d63837fa13ac8666eb9e74e0985d6f81\"},\"headline\":\"Pesquisador teme extin\u00e7\u00e3o do a\u00e7a\u00ed-branco, esp\u00e9cie menos consumida do fruto\",\"datePublished\":\"2022-11-07T23:40:52+00:00\",\"dateModified\":\"2022-11-07T23:40:54+00:00\",\"mainEntityOfPage\":{\"@id\":\"https:\/\/jornalfatosenoticias.com.br\/index.php\/2022\/11\/07\/pesquisador-teme-extincao-do-acai-branco-especie-menos-consumida-do-fruto\/\"},\"wordCount\":662,\"commentCount\":0,\"publisher\":{\"@id\":\"https:\/\/jornalfatosenoticias.com.br\/#organization\"},\"image\":{\"@id\":\"https:\/\/jornalfatosenoticias.com.br\/index.php\/2022\/11\/07\/pesquisador-teme-extincao-do-acai-branco-especie-menos-consumida-do-fruto\/#primaryimage\"},\"thumbnailUrl\":\"https:\/\/jornalfatosenoticias.com.br\/wp-content\/uploads\/2022\/11\/acai-branco.jpg\",\"keywords\":[\"a\u00e7a\u00ed\",\"a\u00e7a\u00ed-branco\",\"Amap\u00e1\",\"amaz\u00f4nia\",\"embrapa\",\"fruto\",\"pesquisadores\"],\"articleSection\":[\"Geral\"],\"inLanguage\":\"pt-BR\",\"potentialAction\":[{\"@type\":\"CommentAction\",\"name\":\"Comment\",\"target\":[\"https:\/\/jornalfatosenoticias.com.br\/index.php\/2022\/11\/07\/pesquisador-teme-extincao-do-acai-branco-especie-menos-consumida-do-fruto\/#respond\"]}]},{\"@type\":\"WebPage\",\"@id\":\"https:\/\/jornalfatosenoticias.com.br\/index.php\/2022\/11\/07\/pesquisador-teme-extincao-do-acai-branco-especie-menos-consumida-do-fruto\/\",\"url\":\"https:\/\/jornalfatosenoticias.com.br\/index.php\/2022\/11\/07\/pesquisador-teme-extincao-do-acai-branco-especie-menos-consumida-do-fruto\/\",\"name\":\"Pesquisador teme extin\u00e7\u00e3o do a\u00e7a\u00ed-branco, esp\u00e9cie menos consumida do fruto - Jornal Fatos e Not\u00edcias\",\"isPartOf\":{\"@id\":\"https:\/\/jornalfatosenoticias.com.br\/#website\"},\"primaryImageOfPage\":{\"@id\":\"https:\/\/jornalfatosenoticias.com.br\/index.php\/2022\/11\/07\/pesquisador-teme-extincao-do-acai-branco-especie-menos-consumida-do-fruto\/#primaryimage\"},\"image\":{\"@id\":\"https:\/\/jornalfatosenoticias.com.br\/index.php\/2022\/11\/07\/pesquisador-teme-extincao-do-acai-branco-especie-menos-consumida-do-fruto\/#primaryimage\"},\"thumbnailUrl\":\"https:\/\/jornalfatosenoticias.com.br\/wp-content\/uploads\/2022\/11\/acai-branco.jpg\",\"datePublished\":\"2022-11-07T23:40:52+00:00\",\"dateModified\":\"2022-11-07T23:40:54+00:00\",\"breadcrumb\":{\"@id\":\"https:\/\/jornalfatosenoticias.com.br\/index.php\/2022\/11\/07\/pesquisador-teme-extincao-do-acai-branco-especie-menos-consumida-do-fruto\/#breadcrumb\"},\"inLanguage\":\"pt-BR\",\"potentialAction\":[{\"@type\":\"ReadAction\",\"target\":[\"https:\/\/jornalfatosenoticias.com.br\/index.php\/2022\/11\/07\/pesquisador-teme-extincao-do-acai-branco-especie-menos-consumida-do-fruto\/\"]}]},{\"@type\":\"ImageObject\",\"inLanguage\":\"pt-BR\",\"@id\":\"https:\/\/jornalfatosenoticias.com.br\/index.php\/2022\/11\/07\/pesquisador-teme-extincao-do-acai-branco-especie-menos-consumida-do-fruto\/#primaryimage\",\"url\":\"https:\/\/jornalfatosenoticias.com.br\/wp-content\/uploads\/2022\/11\/acai-branco.jpg\",\"contentUrl\":\"https:\/\/jornalfatosenoticias.com.br\/wp-content\/uploads\/2022\/11\/acai-branco.jpg\",\"width\":1000,\"height\":665},{\"@type\":\"BreadcrumbList\",\"@id\":\"https:\/\/jornalfatosenoticias.com.br\/index.php\/2022\/11\/07\/pesquisador-teme-extincao-do-acai-branco-especie-menos-consumida-do-fruto\/#breadcrumb\",\"itemListElement\":[{\"@type\":\"ListItem\",\"position\":1,\"name\":\"In\u00edcio\",\"item\":\"https:\/\/jornalfatosenoticias.com.br\/\"},{\"@type\":\"ListItem\",\"position\":2,\"name\":\"Pesquisador teme extin\u00e7\u00e3o do a\u00e7a\u00ed-branco, esp\u00e9cie menos consumida do fruto\"}]},{\"@type\":\"WebSite\",\"@id\":\"https:\/\/jornalfatosenoticias.com.br\/#website\",\"url\":\"https:\/\/jornalfatosenoticias.com.br\/\",\"name\":\"Jornal Fatos e Not\u00edcias\",\"description\":\"Not\u00edcias em geral\",\"publisher\":{\"@id\":\"https:\/\/jornalfatosenoticias.com.br\/#organization\"},\"potentialAction\":[{\"@type\":\"SearchAction\",\"target\":{\"@type\":\"EntryPoint\",\"urlTemplate\":\"https:\/\/jornalfatosenoticias.com.br\/?s={search_term_string}\"},\"query-input\":{\"@type\":\"PropertyValueSpecification\",\"valueRequired\":true,\"valueName\":\"search_term_string\"}}],\"inLanguage\":\"pt-BR\"},{\"@type\":\"Organization\",\"@id\":\"https:\/\/jornalfatosenoticias.com.br\/#organization\",\"name\":\"Jornal Fatos e Not\u00edcias\",\"url\":\"https:\/\/jornalfatosenoticias.com.br\/\",\"logo\":{\"@type\":\"ImageObject\",\"inLanguage\":\"pt-BR\",\"@id\":\"https:\/\/jornalfatosenoticias.com.br\/#\/schema\/logo\/image\/\",\"url\":\"https:\/\/jornalfatosenoticias.com.br\/wp-content\/uploads\/2020\/02\/logo120.png\",\"contentUrl\":\"https:\/\/jornalfatosenoticias.com.br\/wp-content\/uploads\/2020\/02\/logo120.png\",\"width\":1227,\"height\":120,\"caption\":\"Jornal Fatos e Not\u00edcias\"},\"image\":{\"@id\":\"https:\/\/jornalfatosenoticias.com.br\/#\/schema\/logo\/image\/\"}},{\"@type\":\"Person\",\"@id\":\"https:\/\/jornalfatosenoticias.com.br\/#\/schema\/person\/d63837fa13ac8666eb9e74e0985d6f81\",\"name\":\"Luzimara Fernandes\",\"image\":{\"@type\":\"ImageObject\",\"inLanguage\":\"pt-BR\",\"@id\":\"https:\/\/jornalfatosenoticias.com.br\/#\/schema\/person\/image\/\",\"url\":\"https:\/\/jornalfatosenoticias.com.br\/wp-content\/uploads\/2025\/05\/EU_portal.jpg\",\"contentUrl\":\"https:\/\/jornalfatosenoticias.com.br\/wp-content\/uploads\/2025\/05\/EU_portal.jpg\",\"caption\":\"Luzimara Fernandes\"},\"description\":\"Jornalista MTB 2358-ES\",\"sameAs\":[\"https:\/\/jornalfatosenoticias.com.br\"],\"url\":\"https:\/\/jornalfatosenoticias.com.br\/index.php\/author\/luzimara\/\"}]}<\/script>\n<!-- \/ Yoast SEO plugin. -->","yoast_head_json":{"title":"Pesquisador teme extin\u00e7\u00e3o do a\u00e7a\u00ed-branco, esp\u00e9cie menos consumida do fruto - Jornal Fatos e Not\u00edcias","robots":{"index":"index","follow":"follow","max-snippet":"max-snippet:-1","max-image-preview":"max-image-preview:large","max-video-preview":"max-video-preview:-1"},"canonical":"https:\/\/jornalfatosenoticias.com.br\/index.php\/2022\/11\/07\/pesquisador-teme-extincao-do-acai-branco-especie-menos-consumida-do-fruto\/","og_locale":"pt_BR","og_type":"article","og_title":"Pesquisador teme extin\u00e7\u00e3o do a\u00e7a\u00ed-branco, esp\u00e9cie menos consumida do fruto - Jornal Fatos e Not\u00edcias","og_description":"Muitas \u00e1rvores do a\u00e7a\u00ed-branco foram substitu\u00eddas pelas do tipo roxo. Embrapa busca popularizar esp\u00e9cie Muitas pessoas do Amap\u00e1 s\u00e3o consumidoras ass\u00edduas do a\u00e7a\u00ed. O suco do fruto de cor roxa \u00e9 um alimento tradicional na Amaz\u00f4nia, consumido muitas vezes como prato principal no almo\u00e7o e no jantar, al\u00e9m de ser levado para as demais regi\u00f5es [&hellip;]","og_url":"https:\/\/jornalfatosenoticias.com.br\/index.php\/2022\/11\/07\/pesquisador-teme-extincao-do-acai-branco-especie-menos-consumida-do-fruto\/","og_site_name":"Jornal Fatos e Not\u00edcias","article_published_time":"2022-11-07T23:40:52+00:00","article_modified_time":"2022-11-07T23:40:54+00:00","og_image":[{"width":1000,"height":665,"url":"https:\/\/jornalfatosenoticias.com.br\/wp-content\/uploads\/2022\/11\/acai-branco.jpg","type":"image\/jpeg"}],"author":"Luzimara Fernandes","twitter_card":"summary_large_image","twitter_misc":{"Escrito por":"Luzimara Fernandes","Est. tempo de leitura":"3 minutos"},"schema":{"@context":"https:\/\/schema.org","@graph":[{"@type":"Article","@id":"https:\/\/jornalfatosenoticias.com.br\/index.php\/2022\/11\/07\/pesquisador-teme-extincao-do-acai-branco-especie-menos-consumida-do-fruto\/#article","isPartOf":{"@id":"https:\/\/jornalfatosenoticias.com.br\/index.php\/2022\/11\/07\/pesquisador-teme-extincao-do-acai-branco-especie-menos-consumida-do-fruto\/"},"author":{"name":"Luzimara Fernandes","@id":"https:\/\/jornalfatosenoticias.com.br\/#\/schema\/person\/d63837fa13ac8666eb9e74e0985d6f81"},"headline":"Pesquisador teme extin\u00e7\u00e3o do a\u00e7a\u00ed-branco, esp\u00e9cie menos consumida do fruto","datePublished":"2022-11-07T23:40:52+00:00","dateModified":"2022-11-07T23:40:54+00:00","mainEntityOfPage":{"@id":"https:\/\/jornalfatosenoticias.com.br\/index.php\/2022\/11\/07\/pesquisador-teme-extincao-do-acai-branco-especie-menos-consumida-do-fruto\/"},"wordCount":662,"commentCount":0,"publisher":{"@id":"https:\/\/jornalfatosenoticias.com.br\/#organization"},"image":{"@id":"https:\/\/jornalfatosenoticias.com.br\/index.php\/2022\/11\/07\/pesquisador-teme-extincao-do-acai-branco-especie-menos-consumida-do-fruto\/#primaryimage"},"thumbnailUrl":"https:\/\/jornalfatosenoticias.com.br\/wp-content\/uploads\/2022\/11\/acai-branco.jpg","keywords":["a\u00e7a\u00ed","a\u00e7a\u00ed-branco","Amap\u00e1","amaz\u00f4nia","embrapa","fruto","pesquisadores"],"articleSection":["Geral"],"inLanguage":"pt-BR","potentialAction":[{"@type":"CommentAction","name":"Comment","target":["https:\/\/jornalfatosenoticias.com.br\/index.php\/2022\/11\/07\/pesquisador-teme-extincao-do-acai-branco-especie-menos-consumida-do-fruto\/#respond"]}]},{"@type":"WebPage","@id":"https:\/\/jornalfatosenoticias.com.br\/index.php\/2022\/11\/07\/pesquisador-teme-extincao-do-acai-branco-especie-menos-consumida-do-fruto\/","url":"https:\/\/jornalfatosenoticias.com.br\/index.php\/2022\/11\/07\/pesquisador-teme-extincao-do-acai-branco-especie-menos-consumida-do-fruto\/","name":"Pesquisador teme extin\u00e7\u00e3o do a\u00e7a\u00ed-branco, esp\u00e9cie menos consumida do fruto - Jornal Fatos e Not\u00edcias","isPartOf":{"@id":"https:\/\/jornalfatosenoticias.com.br\/#website"},"primaryImageOfPage":{"@id":"https:\/\/jornalfatosenoticias.com.br\/index.php\/2022\/11\/07\/pesquisador-teme-extincao-do-acai-branco-especie-menos-consumida-do-fruto\/#primaryimage"},"image":{"@id":"https:\/\/jornalfatosenoticias.com.br\/index.php\/2022\/11\/07\/pesquisador-teme-extincao-do-acai-branco-especie-menos-consumida-do-fruto\/#primaryimage"},"thumbnailUrl":"https:\/\/jornalfatosenoticias.com.br\/wp-content\/uploads\/2022\/11\/acai-branco.jpg","datePublished":"2022-11-07T23:40:52+00:00","dateModified":"2022-11-07T23:40:54+00:00","breadcrumb":{"@id":"https:\/\/jornalfatosenoticias.com.br\/index.php\/2022\/11\/07\/pesquisador-teme-extincao-do-acai-branco-especie-menos-consumida-do-fruto\/#breadcrumb"},"inLanguage":"pt-BR","potentialAction":[{"@type":"ReadAction","target":["https:\/\/jornalfatosenoticias.com.br\/index.php\/2022\/11\/07\/pesquisador-teme-extincao-do-acai-branco-especie-menos-consumida-do-fruto\/"]}]},{"@type":"ImageObject","inLanguage":"pt-BR","@id":"https:\/\/jornalfatosenoticias.com.br\/index.php\/2022\/11\/07\/pesquisador-teme-extincao-do-acai-branco-especie-menos-consumida-do-fruto\/#primaryimage","url":"https:\/\/jornalfatosenoticias.com.br\/wp-content\/uploads\/2022\/11\/acai-branco.jpg","contentUrl":"https:\/\/jornalfatosenoticias.com.br\/wp-content\/uploads\/2022\/11\/acai-branco.jpg","width":1000,"height":665},{"@type":"BreadcrumbList","@id":"https:\/\/jornalfatosenoticias.com.br\/index.php\/2022\/11\/07\/pesquisador-teme-extincao-do-acai-branco-especie-menos-consumida-do-fruto\/#breadcrumb","itemListElement":[{"@type":"ListItem","position":1,"name":"In\u00edcio","item":"https:\/\/jornalfatosenoticias.com.br\/"},{"@type":"ListItem","position":2,"name":"Pesquisador teme extin\u00e7\u00e3o do a\u00e7a\u00ed-branco, esp\u00e9cie menos consumida do fruto"}]},{"@type":"WebSite","@id":"https:\/\/jornalfatosenoticias.com.br\/#website","url":"https:\/\/jornalfatosenoticias.com.br\/","name":"Jornal Fatos e Not\u00edcias","description":"Not\u00edcias em geral","publisher":{"@id":"https:\/\/jornalfatosenoticias.com.br\/#organization"},"potentialAction":[{"@type":"SearchAction","target":{"@type":"EntryPoint","urlTemplate":"https:\/\/jornalfatosenoticias.com.br\/?s={search_term_string}"},"query-input":{"@type":"PropertyValueSpecification","valueRequired":true,"valueName":"search_term_string"}}],"inLanguage":"pt-BR"},{"@type":"Organization","@id":"https:\/\/jornalfatosenoticias.com.br\/#organization","name":"Jornal Fatos e Not\u00edcias","url":"https:\/\/jornalfatosenoticias.com.br\/","logo":{"@type":"ImageObject","inLanguage":"pt-BR","@id":"https:\/\/jornalfatosenoticias.com.br\/#\/schema\/logo\/image\/","url":"https:\/\/jornalfatosenoticias.com.br\/wp-content\/uploads\/2020\/02\/logo120.png","contentUrl":"https:\/\/jornalfatosenoticias.com.br\/wp-content\/uploads\/2020\/02\/logo120.png","width":1227,"height":120,"caption":"Jornal Fatos e Not\u00edcias"},"image":{"@id":"https:\/\/jornalfatosenoticias.com.br\/#\/schema\/logo\/image\/"}},{"@type":"Person","@id":"https:\/\/jornalfatosenoticias.com.br\/#\/schema\/person\/d63837fa13ac8666eb9e74e0985d6f81","name":"Luzimara Fernandes","image":{"@type":"ImageObject","inLanguage":"pt-BR","@id":"https:\/\/jornalfatosenoticias.com.br\/#\/schema\/person\/image\/","url":"https:\/\/jornalfatosenoticias.com.br\/wp-content\/uploads\/2025\/05\/EU_portal.jpg","contentUrl":"https:\/\/jornalfatosenoticias.com.br\/wp-content\/uploads\/2025\/05\/EU_portal.jpg","caption":"Luzimara Fernandes"},"description":"Jornalista MTB 2358-ES","sameAs":["https:\/\/jornalfatosenoticias.com.br"],"url":"https:\/\/jornalfatosenoticias.com.br\/index.php\/author\/luzimara\/"}]}},"cc_featured_image_caption":{"caption_text":"(Foto: Reprodu\u00e7\u00e3o\/Embrapa Amaz\u00f4nia Oriental)","source_text":"","source_url":""},"jetpack_featured_media_url":"https:\/\/jornalfatosenoticias.com.br\/wp-content\/uploads\/2022\/11\/acai-branco.jpg","_links":{"self":[{"href":"https:\/\/jornalfatosenoticias.com.br\/index.php\/wp-json\/wp\/v2\/posts\/35800","targetHints":{"allow":["GET"]}}],"collection":[{"href":"https:\/\/jornalfatosenoticias.com.br\/index.php\/wp-json\/wp\/v2\/posts"}],"about":[{"href":"https:\/\/jornalfatosenoticias.com.br\/index.php\/wp-json\/wp\/v2\/types\/post"}],"author":[{"embeddable":true,"href":"https:\/\/jornalfatosenoticias.com.br\/index.php\/wp-json\/wp\/v2\/users\/2"}],"replies":[{"embeddable":true,"href":"https:\/\/jornalfatosenoticias.com.br\/index.php\/wp-json\/wp\/v2\/comments?post=35800"}],"version-history":[{"count":0,"href":"https:\/\/jornalfatosenoticias.com.br\/index.php\/wp-json\/wp\/v2\/posts\/35800\/revisions"}],"wp:featuredmedia":[{"embeddable":true,"href":"https:\/\/jornalfatosenoticias.com.br\/index.php\/wp-json\/wp\/v2\/media\/35803"}],"wp:attachment":[{"href":"https:\/\/jornalfatosenoticias.com.br\/index.php\/wp-json\/wp\/v2\/media?parent=35800"}],"wp:term":[{"taxonomy":"category","embeddable":true,"href":"https:\/\/jornalfatosenoticias.com.br\/index.php\/wp-json\/wp\/v2\/categories?post=35800"},{"taxonomy":"post_tag","embeddable":true,"href":"https:\/\/jornalfatosenoticias.com.br\/index.php\/wp-json\/wp\/v2\/tags?post=35800"}],"curies":[{"name":"wp","href":"https:\/\/api.w.org\/{rel}","templated":true}]}}