{"id":35818,"date":"2022-11-08T11:29:29","date_gmt":"2022-11-08T14:29:29","guid":{"rendered":"https:\/\/jornalfatosenoticias.com.br\/?p=35818"},"modified":"2022-11-08T11:29:31","modified_gmt":"2022-11-08T14:29:31","slug":"ventilacao-de-edificios-podem-ajudar-a-fertilizar-hortas-em-telhados","status":"publish","type":"post","link":"https:\/\/jornalfatosenoticias.com.br\/index.php\/2022\/11\/08\/ventilacao-de-edificios-podem-ajudar-a-fertilizar-hortas-em-telhados\/","title":{"rendered":"Ventila\u00e7\u00e3o de edif\u00edcios podem ajudar a fertilizar hortas em telhados"},"content":{"rendered":"\n<p><em><span class=\"has-inline-color has-black-color\">Cientistas descobriram que o ar expelido dos sistemas de ventila\u00e7\u00e3o pode fazer com que plantas cres\u00e7am melhor<\/span><\/em><\/p>\n\n\n\n<div class=\"wp-block-image\"><figure class=\"aligncenter size-large\"><img loading=\"lazy\" decoding=\"async\" width=\"729\" height=\"90\" src=\"https:\/\/jornalfatosenoticias.com.br\/wp-content\/uploads\/2020\/02\/Logo_Mizu.png\" alt=\"\" class=\"wp-image-1441\" srcset=\"https:\/\/jornalfatosenoticias.com.br\/wp-content\/uploads\/2020\/02\/Logo_Mizu.png 729w, https:\/\/jornalfatosenoticias.com.br\/wp-content\/uploads\/2020\/02\/Logo_Mizu-300x37.png 300w\" sizes=\"auto, (max-width: 729px) 100vw, 729px\" \/><\/figure><\/div>\n\n\n\n<p>Fazendas e jardins urbanos em coberturas s\u00e3o op\u00e7\u00f5es populares para fornecer alimentos na cidade, enquanto atuam como amenizadores de ilhas de calor, aumentando o isolamento t\u00e9rmico de edif\u00edcios e melhorando a qualidade do ar. Entretanto, as plantas acabam ficando menores e menos saud\u00e1veis, j\u00e1 que sofrem mais com a radia\u00e7\u00e3o solar, vento e baixa umidade do solo.<\/p>\n\n\n\n<div class=\"wp-block-image\"><figure class=\"aligncenter size-large is-resized\"><img loading=\"lazy\" decoding=\"async\" src=\"https:\/\/jornalfatosenoticias.com.br\/wp-content\/uploads\/2022\/07\/Logo-Grupo-SEI.jpg\" alt=\"\" class=\"wp-image-31973\" width=\"322\" height=\"169\" srcset=\"https:\/\/jornalfatosenoticias.com.br\/wp-content\/uploads\/2022\/07\/Logo-Grupo-SEI.jpg 713w, https:\/\/jornalfatosenoticias.com.br\/wp-content\/uploads\/2022\/07\/Logo-Grupo-SEI-300x158.jpg 300w\" sizes=\"auto, (max-width: 322px) 100vw, 322px\" \/><\/figure><\/div>\n\n\n\n<p>Uma equipe da Universidade de Boston, nos Estados Unidos, elaborou um estudo para testar o reaproveitamento do CO\u2082 da exaust\u00e3o do sistema de ventila\u00e7\u00e3o como um tipo de fertilizante para combater alguns desses desafios. Para explorar isso, eles cultivaram milho e espinafre na cobertura de um pr\u00e9dio do campus da universidade.<\/p>\n\n\n\n<div class=\"wp-block-image\"><figure class=\"aligncenter size-large\"><img decoding=\"async\" src=\"https:\/\/jornalfatosenoticias.com.br\/wp-content\/uploads\/2020\/02\/logo-embacia-1-1024x110.jpg\" alt=\"\" class=\"wp-image-33954\"\/><\/figure><\/div>\n\n\n\n<p>A pesquisa do jardim experimental, nomeado de BIG GRO, revelou que os cultivos podem crescer quatro vezes mais quando recebem o CO\u2082 da ventila\u00e7\u00e3o. O trabalho foi publicado na <a href=\"https:\/\/www.frontiersin.org\/articles\/10.3389\/fsufs.2022.918027\/full?utm_source=fweb&amp;utm_medium=nblog&amp;utm_campaign=ba-sci-fsufs-rooftop-farms-co2-corn-spinach\">Frontiers in Sustainable Food Systems<\/a>.\u00a0<\/p>\n\n\n\n<div class=\"wp-block-image\"><figure class=\"alignright size-large is-resized\"><img loading=\"lazy\" decoding=\"async\" src=\"https:\/\/jornalfatosenoticias.com.br\/wp-content\/uploads\/2022\/02\/Precisao-Contabilidade-1024x724.jpg\" alt=\"\" class=\"wp-image-28088\" width=\"302\" height=\"213\"\/><\/figure><\/div>\n\n\n\n<p><strong>Hortas no telhado<br><\/strong>O milho e o espinafre foram escolhidos por serem plantas comest\u00edveis comuns e por usarem diferentes vias para fotoss\u00edntese, sendo que uma delas (C3, usada pelo espinafre, mas n\u00e3o pelo milho) \u00e9 mais sens\u00edvel a n\u00edveis elevados de CO\u2082 e deve se beneficiar mais do CO\u2082 dos exaustores. O milho atuou como um controle para ver como outros aspectos da coloca\u00e7\u00e3o perto das sa\u00eddas de exaust\u00e3o \u2014 por exemplo, a temperatura mais alta em rela\u00e7\u00e3o \u00e0 \u00e9poca do ano em que os experimentos foram realizados \u2014 afetaram o crescimento das plantas.<\/p>\n\n\n\n<div class=\"wp-block-image\"><figure class=\"aligncenter size-large\"><img loading=\"lazy\" decoding=\"async\" width=\"1024\" height=\"110\" src=\"https:\/\/jornalfatosenoticias.com.br\/wp-content\/uploads\/2022\/10\/Arte-jornal-Zucchi-1120x120_Prancheta-1-1024x110.jpg\" alt=\"\" class=\"wp-image-34772\" srcset=\"https:\/\/jornalfatosenoticias.com.br\/wp-content\/uploads\/2022\/10\/Arte-jornal-Zucchi-1120x120_Prancheta-1-1024x110.jpg 1024w, https:\/\/jornalfatosenoticias.com.br\/wp-content\/uploads\/2022\/10\/Arte-jornal-Zucchi-1120x120_Prancheta-1-300x32.jpg 300w, https:\/\/jornalfatosenoticias.com.br\/wp-content\/uploads\/2022\/10\/Arte-jornal-Zucchi-1120x120_Prancheta-1-768x82.jpg 768w, https:\/\/jornalfatosenoticias.com.br\/wp-content\/uploads\/2022\/10\/Arte-jornal-Zucchi-1120x120_Prancheta-1-1536x165.jpg 1536w, https:\/\/jornalfatosenoticias.com.br\/wp-content\/uploads\/2022\/10\/Arte-jornal-Zucchi-1120x120_Prancheta-1-2048x219.jpg 2048w\" sizes=\"auto, (max-width: 1024px) 100vw, 1024px\" \/><\/figure><\/div>\n\n\n\n<p>As concentra\u00e7\u00f5es de CO\u2082 nas salas de aula dentro do pr\u00e9dio e no jardim foram medidas regularmente para estabelecer quanto CO\u2082 extra estava atingindo as plantas.<\/p>\n\n\n\n<div class=\"wp-block-image\"><figure class=\"aligncenter size-large\"><img loading=\"lazy\" decoding=\"async\" width=\"300\" height=\"300\" src=\"https:\/\/jornalfatosenoticias.com.br\/wp-content\/uploads\/2020\/02\/casa-do-torresmo_portal.jpg\" alt=\"\" class=\"wp-image-34472\" srcset=\"https:\/\/jornalfatosenoticias.com.br\/wp-content\/uploads\/2020\/02\/casa-do-torresmo_portal.jpg 300w, https:\/\/jornalfatosenoticias.com.br\/wp-content\/uploads\/2020\/02\/casa-do-torresmo_portal-150x150.jpg 150w\" sizes=\"auto, (max-width: 300px) 100vw, 300px\" \/><\/figure><\/div>\n\n\n\n<figure class=\"wp-block-pullquote\"><blockquote><p><span class=\"has-inline-color has-luminous-vivid-orange-color\">Os n\u00edveis de CO\u2082 ficaram em m\u00e9dia acima de 1.000 partes por milh\u00e3o \u2014 o limite recomendado \u2014 nas salas de aula e acima de 800 ppm \u2014 alto o suficiente para aumentar o crescimento das plantas \u2014 nas sa\u00eddas de exaust\u00e3o do telhado\u201d, disse a Dr\u00aa Sarabeth Buckley, l\u00edder da pesquisa que agora atua na Universidade de Cambridge.<\/span><\/p><\/blockquote><\/figure>\n\n\n\n<div class=\"wp-block-image\"><figure class=\"alignleft size-large\"><img decoding=\"async\" src=\"https:\/\/jornalfatosenoticias.com.br\/wp-content\/uploads\/2020\/02\/barao-das-carnes-300x164-1.jpg\" alt=\"\" class=\"wp-image-34339\"\/><\/figure><\/div>\n\n\n\n<p>As plantas foram monitoradas durante todo o crescimento quanto ao tamanho, n\u00famero de folhas e depois da colheita para biomassa \u00famida e seca, com resultados surpreendentes: o espinafre cultivado pr\u00f3ximo \u00e0s sa\u00eddas de exaust\u00e3o teve quatro vezes a biomassa do espinafre cultivado pr\u00f3ximo a um ventilador de controle. Mesmo quando ventos fortes diminu\u00edram a vantagem de tamanho, as plantas ainda eram duas vezes maiores que os controles.<\/p>\n\n\n\n<div class=\"wp-block-image\"><figure class=\"aligncenter size-large\"><img loading=\"lazy\" decoding=\"async\" width=\"1024\" height=\"100\" src=\"https:\/\/jornalfatosenoticias.com.br\/wp-content\/uploads\/2020\/02\/banner_ferramentas-1024x100.jpg\" alt=\"\" class=\"wp-image-1258\" srcset=\"https:\/\/jornalfatosenoticias.com.br\/wp-content\/uploads\/2020\/02\/banner_ferramentas-1024x100.jpg 1024w, https:\/\/jornalfatosenoticias.com.br\/wp-content\/uploads\/2020\/02\/banner_ferramentas-300x29.jpg 300w, https:\/\/jornalfatosenoticias.com.br\/wp-content\/uploads\/2020\/02\/banner_ferramentas-768x75.jpg 768w, https:\/\/jornalfatosenoticias.com.br\/wp-content\/uploads\/2020\/02\/banner_ferramentas.jpg 1227w\" sizes=\"auto, (max-width: 1024px) 100vw, 1024px\" \/><\/figure><\/div>\n\n\n\n<figure class=\"wp-block-image size-large\"><img loading=\"lazy\" decoding=\"async\" width=\"1000\" height=\"666\" src=\"https:\/\/jornalfatosenoticias.com.br\/wp-content\/uploads\/2022\/11\/carbon-farming02.jpg\" alt=\"\" class=\"wp-image-35819\" srcset=\"https:\/\/jornalfatosenoticias.com.br\/wp-content\/uploads\/2022\/11\/carbon-farming02.jpg 1000w, https:\/\/jornalfatosenoticias.com.br\/wp-content\/uploads\/2022\/11\/carbon-farming02-300x200.jpg 300w, https:\/\/jornalfatosenoticias.com.br\/wp-content\/uploads\/2022\/11\/carbon-farming02-768x511.jpg 768w\" sizes=\"auto, (max-width: 1000px) 100vw, 1000px\" \/><figcaption><em><span class=\"has-inline-color has-black-color\">Sarabeth Buckley e Nathan Phillips, professor de terra e meio ambiente na Universidade de Boston (Foto: Bruce Gellerman\/WBUR)<\/span><\/em><\/figcaption><\/figure>\n\n\n\n<div class=\"wp-block-image\"><figure class=\"aligncenter size-large\"><img loading=\"lazy\" decoding=\"async\" width=\"300\" height=\"250\" src=\"https:\/\/jornalfatosenoticias.com.br\/wp-content\/uploads\/2022\/08\/arte-Casarao.jpg\" alt=\"\" class=\"wp-image-33178\"\/><\/figure><\/div>\n\n\n\n<figure class=\"wp-block-pullquote\"><blockquote><p><span class=\"has-inline-color has-luminous-vivid-orange-color\">Ainda h\u00e1 muitos aspectos deste sistema que devem ser determinados antes que possa ser implementado, como o design ideal de aplica\u00e7\u00e3o de ar e a poss\u00edvel extens\u00e3o do efeito de crescimento aprimorado\u201d, advertiu Buckley. \u201cAl\u00e9m disso, h\u00e1 uma diminui\u00e7\u00e3o no crescimento com o aumento da velocidade do vento, ent\u00e3o a velocidade ideal do vento precisaria ser encontrada e incorporada ao projeto do sistema\u201d.<\/span><\/p><\/blockquote><\/figure>\n\n\n\n<div class=\"wp-block-image\"><figure class=\"aligncenter size-large is-resized\"><img loading=\"lazy\" decoding=\"async\" src=\"https:\/\/jornalfatosenoticias.com.br\/wp-content\/uploads\/2022\/08\/logo-locau-veiculos-1024x573.png\" alt=\"\" class=\"wp-image-33078\" width=\"274\" height=\"153\"\/><\/figure><\/div>\n\n\n\n<p>A vantagem das <a href=\"https:\/\/ciclovivo.com.br\/mao-na-massa\/faca-voce-mesmo\/como-inserir-plantas-natureza-casa-saude-mental\/\" target=\"_blank\" rel=\"noreferrer noopener\">plantas<\/a> n\u00e3o parece ser totalmente devido \u00e0 \u2018fertiliza\u00e7\u00e3o\u2019 de CO\u2082 \u2014 o milho, que deveria ter se beneficiado menos, tamb\u00e9m cresceu duas a tr\u00eas vezes mais que os controles. No entanto, o estudo ainda oferece possibilidades importantes de reutiliza\u00e7\u00e3o de CO\u2082 que de outra forma seria considerado res\u00edduo para aumentar o rendimento das fazendas urbanas e proteg\u00ea-las de condi\u00e7\u00f5es adversas.<\/p>\n\n\n\n<div class=\"wp-block-image\"><figure class=\"aligncenter size-large is-resized\"><img loading=\"lazy\" decoding=\"async\" src=\"https:\/\/jornalfatosenoticias.com.br\/wp-content\/uploads\/2020\/02\/nova-logo-Marquetti.jpg\" alt=\"\" class=\"wp-image-22331\" width=\"308\" height=\"207\" srcset=\"https:\/\/jornalfatosenoticias.com.br\/wp-content\/uploads\/2020\/02\/nova-logo-Marquetti.jpg 643w, https:\/\/jornalfatosenoticias.com.br\/wp-content\/uploads\/2020\/02\/nova-logo-Marquetti-300x202.jpg 300w\" sizes=\"auto, (max-width: 308px) 100vw, 308px\" \/><\/figure><\/div>\n\n\n\n<figure class=\"wp-block-pullquote\"><blockquote><p><span class=\"has-inline-color has-luminous-vivid-orange-color\">Esperamos que isso possa levar a um maior desenvolvimento deste sistema e eventual implementa\u00e7\u00e3o em jardins e fazendas\u201d, disse Buckley. \u201cSe isso acontecer, esperamos que mais fazendas em coberturas sejam instaladas. Eles podem fornecer uma infinidade de benef\u00edcios ambientais e sociais, como economia de energia para a constru\u00e7\u00e3o, redu\u00e7\u00e3o de carbono, mitiga\u00e7\u00e3o do clima, redu\u00e7\u00e3o do calor urbano, produ\u00e7\u00e3o local de alimentos, oportunidades de constru\u00e7\u00e3o da comunidade e benef\u00edcios est\u00e9ticos e de sa\u00fade mental\u201d.<\/span><\/p><\/blockquote><\/figure>\n\n\n\n<div class=\"wp-block-image\"><figure class=\"aligncenter size-large\"><img loading=\"lazy\" decoding=\"async\" width=\"1024\" height=\"111\" src=\"https:\/\/jornalfatosenoticias.com.br\/wp-content\/uploads\/2020\/02\/WhatsApp-Image-2022-09-23-at-12.09.18-1024x111.jpeg\" alt=\"\" class=\"wp-image-34527\" srcset=\"https:\/\/jornalfatosenoticias.com.br\/wp-content\/uploads\/2020\/02\/WhatsApp-Image-2022-09-23-at-12.09.18-1024x111.jpeg 1024w, https:\/\/jornalfatosenoticias.com.br\/wp-content\/uploads\/2020\/02\/WhatsApp-Image-2022-09-23-at-12.09.18-300x32.jpeg 300w, https:\/\/jornalfatosenoticias.com.br\/wp-content\/uploads\/2020\/02\/WhatsApp-Image-2022-09-23-at-12.09.18-768x83.jpeg 768w, https:\/\/jornalfatosenoticias.com.br\/wp-content\/uploads\/2020\/02\/WhatsApp-Image-2022-09-23-at-12.09.18.jpeg 1121w\" sizes=\"auto, (max-width: 1024px) 100vw, 1024px\" \/><\/figure><\/div>\n\n\n\n<p><strong><em>Fonte: <a href=\"https:\/\/ciclovivo.com.br\/inovacao\/tecnologia\/ventilacao-de-edificios-podem-ajudar-a-fertilizar-hortas-em-telhados\/\">CicloVivo<\/a><\/em><\/strong><\/p>\n","protected":false},"excerpt":{"rendered":"<p>Cientistas descobriram que o ar expelido dos sistemas de ventila\u00e7\u00e3o pode fazer com que plantas cres\u00e7am melhor Fazendas e jardins urbanos em coberturas s\u00e3o op\u00e7\u00f5es populares para fornecer alimentos na cidade, enquanto atuam como amenizadores de ilhas de calor, aumentando o isolamento t\u00e9rmico de edif\u00edcios e melhorando a qualidade do ar. Entretanto, as plantas acabam [&hellip;]<\/p>\n","protected":false},"author":2,"featured_media":35820,"comment_status":"open","ping_status":"open","sticky":false,"template":"","format":"standard","meta":{"footnotes":""},"categories":[3],"tags":[12351,16806,16406,16804,16805],"class_list":["post-35818","post","type-post","status-publish","format-standard","has-post-thumbnail","hentry","category-tecnologia","tag-fazenda-urbana","tag-fertilizar","tag-horta-urbana","tag-hortas-em-telhados","tag-sistemas-de-ventilacao"],"yoast_head":"<!-- This site is optimized with the Yoast SEO plugin v26.5 - https:\/\/yoast.com\/wordpress\/plugins\/seo\/ -->\n<title>Ventila\u00e7\u00e3o de edif\u00edcios podem ajudar a fertilizar hortas em telhados - Jornal Fatos e Not\u00edcias<\/title>\n<meta name=\"robots\" content=\"index, follow, max-snippet:-1, max-image-preview:large, max-video-preview:-1\" \/>\n<link rel=\"canonical\" href=\"https:\/\/jornalfatosenoticias.com.br\/index.php\/2022\/11\/08\/ventilacao-de-edificios-podem-ajudar-a-fertilizar-hortas-em-telhados\/\" \/>\n<meta property=\"og:locale\" content=\"pt_BR\" \/>\n<meta property=\"og:type\" content=\"article\" \/>\n<meta property=\"og:title\" content=\"Ventila\u00e7\u00e3o de edif\u00edcios podem ajudar a fertilizar hortas em telhados - Jornal Fatos e Not\u00edcias\" \/>\n<meta property=\"og:description\" content=\"Cientistas descobriram que o ar expelido dos sistemas de ventila\u00e7\u00e3o pode fazer com que plantas cres\u00e7am melhor Fazendas e jardins urbanos em coberturas s\u00e3o op\u00e7\u00f5es populares para fornecer alimentos na cidade, enquanto atuam como amenizadores de ilhas de calor, aumentando o isolamento t\u00e9rmico de edif\u00edcios e melhorando a qualidade do ar. Entretanto, as plantas acabam [&hellip;]\" \/>\n<meta property=\"og:url\" content=\"https:\/\/jornalfatosenoticias.com.br\/index.php\/2022\/11\/08\/ventilacao-de-edificios-podem-ajudar-a-fertilizar-hortas-em-telhados\/\" \/>\n<meta property=\"og:site_name\" content=\"Jornal Fatos e Not\u00edcias\" \/>\n<meta property=\"article:published_time\" content=\"2022-11-08T14:29:29+00:00\" \/>\n<meta property=\"article:modified_time\" content=\"2022-11-08T14:29:31+00:00\" \/>\n<meta property=\"og:image\" content=\"https:\/\/jornalfatosenoticias.com.br\/wp-content\/uploads\/2022\/11\/carbon-farming01.jpg\" \/>\n\t<meta property=\"og:image:width\" content=\"1000\" \/>\n\t<meta property=\"og:image:height\" content=\"666\" \/>\n\t<meta property=\"og:image:type\" content=\"image\/jpeg\" \/>\n<meta name=\"author\" content=\"Luzimara Fernandes\" \/>\n<meta name=\"twitter:card\" content=\"summary_large_image\" \/>\n<meta name=\"twitter:label1\" content=\"Escrito por\" \/>\n\t<meta name=\"twitter:data1\" content=\"Luzimara Fernandes\" \/>\n\t<meta name=\"twitter:label2\" content=\"Est. tempo de leitura\" \/>\n\t<meta name=\"twitter:data2\" content=\"3 minutos\" \/>\n<script type=\"application\/ld+json\" class=\"yoast-schema-graph\">{\"@context\":\"https:\/\/schema.org\",\"@graph\":[{\"@type\":\"Article\",\"@id\":\"https:\/\/jornalfatosenoticias.com.br\/index.php\/2022\/11\/08\/ventilacao-de-edificios-podem-ajudar-a-fertilizar-hortas-em-telhados\/#article\",\"isPartOf\":{\"@id\":\"https:\/\/jornalfatosenoticias.com.br\/index.php\/2022\/11\/08\/ventilacao-de-edificios-podem-ajudar-a-fertilizar-hortas-em-telhados\/\"},\"author\":{\"name\":\"Luzimara Fernandes\",\"@id\":\"https:\/\/jornalfatosenoticias.com.br\/#\/schema\/person\/d63837fa13ac8666eb9e74e0985d6f81\"},\"headline\":\"Ventila\u00e7\u00e3o de edif\u00edcios podem ajudar a fertilizar hortas em telhados\",\"datePublished\":\"2022-11-08T14:29:29+00:00\",\"dateModified\":\"2022-11-08T14:29:31+00:00\",\"mainEntityOfPage\":{\"@id\":\"https:\/\/jornalfatosenoticias.com.br\/index.php\/2022\/11\/08\/ventilacao-de-edificios-podem-ajudar-a-fertilizar-hortas-em-telhados\/\"},\"wordCount\":686,\"commentCount\":0,\"publisher\":{\"@id\":\"https:\/\/jornalfatosenoticias.com.br\/#organization\"},\"image\":{\"@id\":\"https:\/\/jornalfatosenoticias.com.br\/index.php\/2022\/11\/08\/ventilacao-de-edificios-podem-ajudar-a-fertilizar-hortas-em-telhados\/#primaryimage\"},\"thumbnailUrl\":\"https:\/\/jornalfatosenoticias.com.br\/wp-content\/uploads\/2022\/11\/carbon-farming01.jpg\",\"keywords\":[\"Fazenda Urbana\",\"fertilizar\",\"horta urbana\",\"hortas em telhados\",\"sistemas de ventila\u00e7\u00e3o\"],\"articleSection\":[\"Tecnologia &amp; Inova\u00e7\u00e3o\"],\"inLanguage\":\"pt-BR\",\"potentialAction\":[{\"@type\":\"CommentAction\",\"name\":\"Comment\",\"target\":[\"https:\/\/jornalfatosenoticias.com.br\/index.php\/2022\/11\/08\/ventilacao-de-edificios-podem-ajudar-a-fertilizar-hortas-em-telhados\/#respond\"]}]},{\"@type\":\"WebPage\",\"@id\":\"https:\/\/jornalfatosenoticias.com.br\/index.php\/2022\/11\/08\/ventilacao-de-edificios-podem-ajudar-a-fertilizar-hortas-em-telhados\/\",\"url\":\"https:\/\/jornalfatosenoticias.com.br\/index.php\/2022\/11\/08\/ventilacao-de-edificios-podem-ajudar-a-fertilizar-hortas-em-telhados\/\",\"name\":\"Ventila\u00e7\u00e3o de edif\u00edcios podem ajudar a fertilizar hortas em telhados - Jornal Fatos e Not\u00edcias\",\"isPartOf\":{\"@id\":\"https:\/\/jornalfatosenoticias.com.br\/#website\"},\"primaryImageOfPage\":{\"@id\":\"https:\/\/jornalfatosenoticias.com.br\/index.php\/2022\/11\/08\/ventilacao-de-edificios-podem-ajudar-a-fertilizar-hortas-em-telhados\/#primaryimage\"},\"image\":{\"@id\":\"https:\/\/jornalfatosenoticias.com.br\/index.php\/2022\/11\/08\/ventilacao-de-edificios-podem-ajudar-a-fertilizar-hortas-em-telhados\/#primaryimage\"},\"thumbnailUrl\":\"https:\/\/jornalfatosenoticias.com.br\/wp-content\/uploads\/2022\/11\/carbon-farming01.jpg\",\"datePublished\":\"2022-11-08T14:29:29+00:00\",\"dateModified\":\"2022-11-08T14:29:31+00:00\",\"breadcrumb\":{\"@id\":\"https:\/\/jornalfatosenoticias.com.br\/index.php\/2022\/11\/08\/ventilacao-de-edificios-podem-ajudar-a-fertilizar-hortas-em-telhados\/#breadcrumb\"},\"inLanguage\":\"pt-BR\",\"potentialAction\":[{\"@type\":\"ReadAction\",\"target\":[\"https:\/\/jornalfatosenoticias.com.br\/index.php\/2022\/11\/08\/ventilacao-de-edificios-podem-ajudar-a-fertilizar-hortas-em-telhados\/\"]}]},{\"@type\":\"ImageObject\",\"inLanguage\":\"pt-BR\",\"@id\":\"https:\/\/jornalfatosenoticias.com.br\/index.php\/2022\/11\/08\/ventilacao-de-edificios-podem-ajudar-a-fertilizar-hortas-em-telhados\/#primaryimage\",\"url\":\"https:\/\/jornalfatosenoticias.com.br\/wp-content\/uploads\/2022\/11\/carbon-farming01.jpg\",\"contentUrl\":\"https:\/\/jornalfatosenoticias.com.br\/wp-content\/uploads\/2022\/11\/carbon-farming01.jpg\",\"width\":1000,\"height\":666},{\"@type\":\"BreadcrumbList\",\"@id\":\"https:\/\/jornalfatosenoticias.com.br\/index.php\/2022\/11\/08\/ventilacao-de-edificios-podem-ajudar-a-fertilizar-hortas-em-telhados\/#breadcrumb\",\"itemListElement\":[{\"@type\":\"ListItem\",\"position\":1,\"name\":\"In\u00edcio\",\"item\":\"https:\/\/jornalfatosenoticias.com.br\/\"},{\"@type\":\"ListItem\",\"position\":2,\"name\":\"Ventila\u00e7\u00e3o de edif\u00edcios podem ajudar a fertilizar hortas em telhados\"}]},{\"@type\":\"WebSite\",\"@id\":\"https:\/\/jornalfatosenoticias.com.br\/#website\",\"url\":\"https:\/\/jornalfatosenoticias.com.br\/\",\"name\":\"Jornal Fatos e Not\u00edcias\",\"description\":\"Not\u00edcias em geral\",\"publisher\":{\"@id\":\"https:\/\/jornalfatosenoticias.com.br\/#organization\"},\"potentialAction\":[{\"@type\":\"SearchAction\",\"target\":{\"@type\":\"EntryPoint\",\"urlTemplate\":\"https:\/\/jornalfatosenoticias.com.br\/?s={search_term_string}\"},\"query-input\":{\"@type\":\"PropertyValueSpecification\",\"valueRequired\":true,\"valueName\":\"search_term_string\"}}],\"inLanguage\":\"pt-BR\"},{\"@type\":\"Organization\",\"@id\":\"https:\/\/jornalfatosenoticias.com.br\/#organization\",\"name\":\"Jornal Fatos e Not\u00edcias\",\"url\":\"https:\/\/jornalfatosenoticias.com.br\/\",\"logo\":{\"@type\":\"ImageObject\",\"inLanguage\":\"pt-BR\",\"@id\":\"https:\/\/jornalfatosenoticias.com.br\/#\/schema\/logo\/image\/\",\"url\":\"https:\/\/jornalfatosenoticias.com.br\/wp-content\/uploads\/2020\/02\/logo120.png\",\"contentUrl\":\"https:\/\/jornalfatosenoticias.com.br\/wp-content\/uploads\/2020\/02\/logo120.png\",\"width\":1227,\"height\":120,\"caption\":\"Jornal Fatos e Not\u00edcias\"},\"image\":{\"@id\":\"https:\/\/jornalfatosenoticias.com.br\/#\/schema\/logo\/image\/\"}},{\"@type\":\"Person\",\"@id\":\"https:\/\/jornalfatosenoticias.com.br\/#\/schema\/person\/d63837fa13ac8666eb9e74e0985d6f81\",\"name\":\"Luzimara Fernandes\",\"image\":{\"@type\":\"ImageObject\",\"inLanguage\":\"pt-BR\",\"@id\":\"https:\/\/jornalfatosenoticias.com.br\/#\/schema\/person\/image\/\",\"url\":\"https:\/\/jornalfatosenoticias.com.br\/wp-content\/uploads\/2025\/05\/EU_portal.jpg\",\"contentUrl\":\"https:\/\/jornalfatosenoticias.com.br\/wp-content\/uploads\/2025\/05\/EU_portal.jpg\",\"caption\":\"Luzimara Fernandes\"},\"description\":\"Jornalista MTB 2358-ES\",\"sameAs\":[\"https:\/\/jornalfatosenoticias.com.br\"],\"url\":\"https:\/\/jornalfatosenoticias.com.br\/index.php\/author\/luzimara\/\"}]}<\/script>\n<!-- \/ Yoast SEO plugin. -->","yoast_head_json":{"title":"Ventila\u00e7\u00e3o de edif\u00edcios podem ajudar a fertilizar hortas em telhados - Jornal Fatos e Not\u00edcias","robots":{"index":"index","follow":"follow","max-snippet":"max-snippet:-1","max-image-preview":"max-image-preview:large","max-video-preview":"max-video-preview:-1"},"canonical":"https:\/\/jornalfatosenoticias.com.br\/index.php\/2022\/11\/08\/ventilacao-de-edificios-podem-ajudar-a-fertilizar-hortas-em-telhados\/","og_locale":"pt_BR","og_type":"article","og_title":"Ventila\u00e7\u00e3o de edif\u00edcios podem ajudar a fertilizar hortas em telhados - Jornal Fatos e Not\u00edcias","og_description":"Cientistas descobriram que o ar expelido dos sistemas de ventila\u00e7\u00e3o pode fazer com que plantas cres\u00e7am melhor Fazendas e jardins urbanos em coberturas s\u00e3o op\u00e7\u00f5es populares para fornecer alimentos na cidade, enquanto atuam como amenizadores de ilhas de calor, aumentando o isolamento t\u00e9rmico de edif\u00edcios e melhorando a qualidade do ar. Entretanto, as plantas acabam [&hellip;]","og_url":"https:\/\/jornalfatosenoticias.com.br\/index.php\/2022\/11\/08\/ventilacao-de-edificios-podem-ajudar-a-fertilizar-hortas-em-telhados\/","og_site_name":"Jornal Fatos e Not\u00edcias","article_published_time":"2022-11-08T14:29:29+00:00","article_modified_time":"2022-11-08T14:29:31+00:00","og_image":[{"width":1000,"height":666,"url":"https:\/\/jornalfatosenoticias.com.br\/wp-content\/uploads\/2022\/11\/carbon-farming01.jpg","type":"image\/jpeg"}],"author":"Luzimara Fernandes","twitter_card":"summary_large_image","twitter_misc":{"Escrito por":"Luzimara Fernandes","Est. tempo de leitura":"3 minutos"},"schema":{"@context":"https:\/\/schema.org","@graph":[{"@type":"Article","@id":"https:\/\/jornalfatosenoticias.com.br\/index.php\/2022\/11\/08\/ventilacao-de-edificios-podem-ajudar-a-fertilizar-hortas-em-telhados\/#article","isPartOf":{"@id":"https:\/\/jornalfatosenoticias.com.br\/index.php\/2022\/11\/08\/ventilacao-de-edificios-podem-ajudar-a-fertilizar-hortas-em-telhados\/"},"author":{"name":"Luzimara Fernandes","@id":"https:\/\/jornalfatosenoticias.com.br\/#\/schema\/person\/d63837fa13ac8666eb9e74e0985d6f81"},"headline":"Ventila\u00e7\u00e3o de edif\u00edcios podem ajudar a fertilizar hortas em telhados","datePublished":"2022-11-08T14:29:29+00:00","dateModified":"2022-11-08T14:29:31+00:00","mainEntityOfPage":{"@id":"https:\/\/jornalfatosenoticias.com.br\/index.php\/2022\/11\/08\/ventilacao-de-edificios-podem-ajudar-a-fertilizar-hortas-em-telhados\/"},"wordCount":686,"commentCount":0,"publisher":{"@id":"https:\/\/jornalfatosenoticias.com.br\/#organization"},"image":{"@id":"https:\/\/jornalfatosenoticias.com.br\/index.php\/2022\/11\/08\/ventilacao-de-edificios-podem-ajudar-a-fertilizar-hortas-em-telhados\/#primaryimage"},"thumbnailUrl":"https:\/\/jornalfatosenoticias.com.br\/wp-content\/uploads\/2022\/11\/carbon-farming01.jpg","keywords":["Fazenda Urbana","fertilizar","horta urbana","hortas em telhados","sistemas de ventila\u00e7\u00e3o"],"articleSection":["Tecnologia &amp; Inova\u00e7\u00e3o"],"inLanguage":"pt-BR","potentialAction":[{"@type":"CommentAction","name":"Comment","target":["https:\/\/jornalfatosenoticias.com.br\/index.php\/2022\/11\/08\/ventilacao-de-edificios-podem-ajudar-a-fertilizar-hortas-em-telhados\/#respond"]}]},{"@type":"WebPage","@id":"https:\/\/jornalfatosenoticias.com.br\/index.php\/2022\/11\/08\/ventilacao-de-edificios-podem-ajudar-a-fertilizar-hortas-em-telhados\/","url":"https:\/\/jornalfatosenoticias.com.br\/index.php\/2022\/11\/08\/ventilacao-de-edificios-podem-ajudar-a-fertilizar-hortas-em-telhados\/","name":"Ventila\u00e7\u00e3o de edif\u00edcios podem ajudar a fertilizar hortas em telhados - Jornal Fatos e Not\u00edcias","isPartOf":{"@id":"https:\/\/jornalfatosenoticias.com.br\/#website"},"primaryImageOfPage":{"@id":"https:\/\/jornalfatosenoticias.com.br\/index.php\/2022\/11\/08\/ventilacao-de-edificios-podem-ajudar-a-fertilizar-hortas-em-telhados\/#primaryimage"},"image":{"@id":"https:\/\/jornalfatosenoticias.com.br\/index.php\/2022\/11\/08\/ventilacao-de-edificios-podem-ajudar-a-fertilizar-hortas-em-telhados\/#primaryimage"},"thumbnailUrl":"https:\/\/jornalfatosenoticias.com.br\/wp-content\/uploads\/2022\/11\/carbon-farming01.jpg","datePublished":"2022-11-08T14:29:29+00:00","dateModified":"2022-11-08T14:29:31+00:00","breadcrumb":{"@id":"https:\/\/jornalfatosenoticias.com.br\/index.php\/2022\/11\/08\/ventilacao-de-edificios-podem-ajudar-a-fertilizar-hortas-em-telhados\/#breadcrumb"},"inLanguage":"pt-BR","potentialAction":[{"@type":"ReadAction","target":["https:\/\/jornalfatosenoticias.com.br\/index.php\/2022\/11\/08\/ventilacao-de-edificios-podem-ajudar-a-fertilizar-hortas-em-telhados\/"]}]},{"@type":"ImageObject","inLanguage":"pt-BR","@id":"https:\/\/jornalfatosenoticias.com.br\/index.php\/2022\/11\/08\/ventilacao-de-edificios-podem-ajudar-a-fertilizar-hortas-em-telhados\/#primaryimage","url":"https:\/\/jornalfatosenoticias.com.br\/wp-content\/uploads\/2022\/11\/carbon-farming01.jpg","contentUrl":"https:\/\/jornalfatosenoticias.com.br\/wp-content\/uploads\/2022\/11\/carbon-farming01.jpg","width":1000,"height":666},{"@type":"BreadcrumbList","@id":"https:\/\/jornalfatosenoticias.com.br\/index.php\/2022\/11\/08\/ventilacao-de-edificios-podem-ajudar-a-fertilizar-hortas-em-telhados\/#breadcrumb","itemListElement":[{"@type":"ListItem","position":1,"name":"In\u00edcio","item":"https:\/\/jornalfatosenoticias.com.br\/"},{"@type":"ListItem","position":2,"name":"Ventila\u00e7\u00e3o de edif\u00edcios podem ajudar a fertilizar hortas em telhados"}]},{"@type":"WebSite","@id":"https:\/\/jornalfatosenoticias.com.br\/#website","url":"https:\/\/jornalfatosenoticias.com.br\/","name":"Jornal Fatos e Not\u00edcias","description":"Not\u00edcias em geral","publisher":{"@id":"https:\/\/jornalfatosenoticias.com.br\/#organization"},"potentialAction":[{"@type":"SearchAction","target":{"@type":"EntryPoint","urlTemplate":"https:\/\/jornalfatosenoticias.com.br\/?s={search_term_string}"},"query-input":{"@type":"PropertyValueSpecification","valueRequired":true,"valueName":"search_term_string"}}],"inLanguage":"pt-BR"},{"@type":"Organization","@id":"https:\/\/jornalfatosenoticias.com.br\/#organization","name":"Jornal Fatos e Not\u00edcias","url":"https:\/\/jornalfatosenoticias.com.br\/","logo":{"@type":"ImageObject","inLanguage":"pt-BR","@id":"https:\/\/jornalfatosenoticias.com.br\/#\/schema\/logo\/image\/","url":"https:\/\/jornalfatosenoticias.com.br\/wp-content\/uploads\/2020\/02\/logo120.png","contentUrl":"https:\/\/jornalfatosenoticias.com.br\/wp-content\/uploads\/2020\/02\/logo120.png","width":1227,"height":120,"caption":"Jornal Fatos e Not\u00edcias"},"image":{"@id":"https:\/\/jornalfatosenoticias.com.br\/#\/schema\/logo\/image\/"}},{"@type":"Person","@id":"https:\/\/jornalfatosenoticias.com.br\/#\/schema\/person\/d63837fa13ac8666eb9e74e0985d6f81","name":"Luzimara Fernandes","image":{"@type":"ImageObject","inLanguage":"pt-BR","@id":"https:\/\/jornalfatosenoticias.com.br\/#\/schema\/person\/image\/","url":"https:\/\/jornalfatosenoticias.com.br\/wp-content\/uploads\/2025\/05\/EU_portal.jpg","contentUrl":"https:\/\/jornalfatosenoticias.com.br\/wp-content\/uploads\/2025\/05\/EU_portal.jpg","caption":"Luzimara Fernandes"},"description":"Jornalista MTB 2358-ES","sameAs":["https:\/\/jornalfatosenoticias.com.br"],"url":"https:\/\/jornalfatosenoticias.com.br\/index.php\/author\/luzimara\/"}]}},"cc_featured_image_caption":{"caption_text":"(Foto: Bruce Gellerman\/WBUR)","source_text":"","source_url":""},"jetpack_featured_media_url":"https:\/\/jornalfatosenoticias.com.br\/wp-content\/uploads\/2022\/11\/carbon-farming01.jpg","_links":{"self":[{"href":"https:\/\/jornalfatosenoticias.com.br\/index.php\/wp-json\/wp\/v2\/posts\/35818","targetHints":{"allow":["GET"]}}],"collection":[{"href":"https:\/\/jornalfatosenoticias.com.br\/index.php\/wp-json\/wp\/v2\/posts"}],"about":[{"href":"https:\/\/jornalfatosenoticias.com.br\/index.php\/wp-json\/wp\/v2\/types\/post"}],"author":[{"embeddable":true,"href":"https:\/\/jornalfatosenoticias.com.br\/index.php\/wp-json\/wp\/v2\/users\/2"}],"replies":[{"embeddable":true,"href":"https:\/\/jornalfatosenoticias.com.br\/index.php\/wp-json\/wp\/v2\/comments?post=35818"}],"version-history":[{"count":0,"href":"https:\/\/jornalfatosenoticias.com.br\/index.php\/wp-json\/wp\/v2\/posts\/35818\/revisions"}],"wp:featuredmedia":[{"embeddable":true,"href":"https:\/\/jornalfatosenoticias.com.br\/index.php\/wp-json\/wp\/v2\/media\/35820"}],"wp:attachment":[{"href":"https:\/\/jornalfatosenoticias.com.br\/index.php\/wp-json\/wp\/v2\/media?parent=35818"}],"wp:term":[{"taxonomy":"category","embeddable":true,"href":"https:\/\/jornalfatosenoticias.com.br\/index.php\/wp-json\/wp\/v2\/categories?post=35818"},{"taxonomy":"post_tag","embeddable":true,"href":"https:\/\/jornalfatosenoticias.com.br\/index.php\/wp-json\/wp\/v2\/tags?post=35818"}],"curies":[{"name":"wp","href":"https:\/\/api.w.org\/{rel}","templated":true}]}}