{"id":35829,"date":"2022-11-08T17:37:37","date_gmt":"2022-11-08T20:37:37","guid":{"rendered":"https:\/\/jornalfatosenoticias.com.br\/?p=35829"},"modified":"2022-11-08T17:37:41","modified_gmt":"2022-11-08T20:37:41","slug":"erupcao-solar-inesperada-atinge-a-terra-e-provoca-apagoes-de-radio","status":"publish","type":"post","link":"https:\/\/jornalfatosenoticias.com.br\/index.php\/2022\/11\/08\/erupcao-solar-inesperada-atinge-a-terra-e-provoca-apagoes-de-radio\/","title":{"rendered":"Erup\u00e7\u00e3o solar inesperada atinge a Terra e provoca apag\u00f5es de r\u00e1dio"},"content":{"rendered":"\n<p><em><span class=\"has-inline-color has-black-color\">O calor expelido pela erup\u00e7\u00e3o solar de classe M5 (grau acima do moderado) causou apag\u00f5es de r\u00e1dio na Austr\u00e1lia e na Nova Zel\u00e2ndia<\/span><\/em><\/p>\n\n\n\n<div class=\"wp-block-image\"><figure class=\"aligncenter size-large\"><img loading=\"lazy\" decoding=\"async\" width=\"1024\" height=\"103\" src=\"https:\/\/jornalfatosenoticias.com.br\/wp-content\/uploads\/2022\/02\/Arte-Autoescola-Galatas_endereco_portal-1024x103.png\" alt=\"\" class=\"wp-image-27869\" srcset=\"https:\/\/jornalfatosenoticias.com.br\/wp-content\/uploads\/2022\/02\/Arte-Autoescola-Galatas_endereco_portal-1024x103.png 1024w, https:\/\/jornalfatosenoticias.com.br\/wp-content\/uploads\/2022\/02\/Arte-Autoescola-Galatas_endereco_portal-300x30.png 300w, https:\/\/jornalfatosenoticias.com.br\/wp-content\/uploads\/2022\/02\/Arte-Autoescola-Galatas_endereco_portal-768x77.png 768w, https:\/\/jornalfatosenoticias.com.br\/wp-content\/uploads\/2022\/02\/Arte-Autoescola-Galatas_endereco_portal.png 1223w\" sizes=\"auto, (max-width: 1024px) 100vw, 1024px\" \/><\/figure><\/div>\n\n\n\n<p>Uma erup\u00e7\u00e3o solar surpresa explodiu de uma \u00e1rea de magnetismo denso na superf\u00edcie do Sol, causando um apag\u00e3o tempor\u00e1rio em sinais de r\u00e1dio em partes da <a href=\"https:\/\/olhardigital.com.br\/2022\/10\/21\/ciencia-e-espaco\/apos-sucesso-de-experiencia-chinesa-australia-quer-cultivar-plantas-na-lua-ate-2025\/\" target=\"_blank\" rel=\"noreferrer noopener\">Austr\u00e1lia\u00a0<\/a>e em toda a\u00a0<a href=\"https:\/\/olhardigital.com.br\/2022\/06\/22\/ciencia-e-espaco\/rastros-de-luz-misteriosos-surgem-no-ceu-da-nova-zelandia-e-intrigam-a-comunidade-cientifica\/\" target=\"_blank\" rel=\"noreferrer noopener\">Nova Zel\u00e2ndia<\/a>.<\/p>\n\n\n\n<figure class=\"wp-block-embed-twitter wp-block-embed is-type-rich is-provider-twitter\"><div class=\"wp-block-embed__wrapper\">\n<blockquote class=\"twitter-tweet\" data-width=\"550\" data-dnt=\"true\"><p lang=\"en\" dir=\"ltr\">FLARING CENTER: Most of the recent flares, including the M5 event, have come from the active region AR3141. It has two huge sunspots. <a href=\"https:\/\/t.co\/qQdEN2fT8k\">pic.twitter.com\/qQdEN2fT8k<\/a><\/p>&mdash; Keith Strong (@drkstrong) <a href=\"https:\/\/twitter.com\/drkstrong\/status\/1589654183053254656?ref_src=twsrc%5Etfw\">November 7, 2022<\/a><\/blockquote><script async src=\"https:\/\/platform.twitter.com\/widgets.js\" charset=\"utf-8\"><\/script>\n<\/div><\/figure>\n\n\n\n<div class=\"wp-block-image\"><figure class=\"aligncenter size-large\"><img decoding=\"async\" src=\"https:\/\/jornalfatosenoticias.com.br\/wp-content\/uploads\/2020\/02\/Serra-Grande-1024x160.png\" alt=\"\" class=\"wp-image-7836\"\/><\/figure><\/div>\n\n\n\n<p>De acordo com o portal Spaceweather.com, o evento aconteceu no domingo (6), por volta das 20h (pelo hor\u00e1rio de Bras\u00edlia), sendo registrado pelo Observat\u00f3rio de Din\u00e2mica Solar da <a href=\"https:\/\/olhardigital.com.br\/2022\/10\/31\/ciencia-e-espaco\/nasa-investiga-origem-de-planeta-anao-localizado-na-borda-do-sistema-solar-externo\/\" target=\"_blank\" rel=\"noreferrer noopener\">Nasa<\/a>. O calor expelido pela erup\u00e7\u00e3o de classe M5 (grau acima do moderado) da mancha solar AR3141 criou uma onda de radia\u00e7\u00e3o que ionizou \u00e1tomos na atmosfera terrestre.<\/p>\n\n\n\n<div class=\"wp-block-image\"><figure class=\"aligncenter size-large is-resized\"><img loading=\"lazy\" decoding=\"async\" src=\"https:\/\/jornalfatosenoticias.com.br\/wp-content\/uploads\/2022\/07\/Logo-Grupo-SEI.jpg\" alt=\"\" class=\"wp-image-31973\" width=\"330\" height=\"173\" srcset=\"https:\/\/jornalfatosenoticias.com.br\/wp-content\/uploads\/2022\/07\/Logo-Grupo-SEI.jpg 713w, https:\/\/jornalfatosenoticias.com.br\/wp-content\/uploads\/2022\/07\/Logo-Grupo-SEI-300x158.jpg 300w\" sizes=\"auto, (max-width: 330px) 100vw, 330px\" \/><\/figure><\/div>\n\n\n\n<p>Manchas solares s\u00e3o regi\u00f5es escuras na superf\u00edcie do Sol por baixo das quais poderosos campos magn\u00e9ticos, criados pelo fluxo de cargas el\u00e9tricas, se entrela\u00e7am antes de, repentinamente, estalarem jatos explosivos de material solar carregados de radia\u00e7\u00e3o chamados eje\u00e7\u00f5es de massa coronal (CMEs).<\/p>\n\n\n\n<div class=\"wp-block-image\"><figure class=\"aligncenter size-large\"><img loading=\"lazy\" decoding=\"async\" width=\"1024\" height=\"110\" src=\"https:\/\/jornalfatosenoticias.com.br\/wp-content\/uploads\/2022\/10\/Arte-jornal-Zucchi-1120x120_Prancheta-1-1024x110.jpg\" alt=\"\" class=\"wp-image-34772\" srcset=\"https:\/\/jornalfatosenoticias.com.br\/wp-content\/uploads\/2022\/10\/Arte-jornal-Zucchi-1120x120_Prancheta-1-1024x110.jpg 1024w, https:\/\/jornalfatosenoticias.com.br\/wp-content\/uploads\/2022\/10\/Arte-jornal-Zucchi-1120x120_Prancheta-1-300x32.jpg 300w, https:\/\/jornalfatosenoticias.com.br\/wp-content\/uploads\/2022\/10\/Arte-jornal-Zucchi-1120x120_Prancheta-1-768x82.jpg 768w, https:\/\/jornalfatosenoticias.com.br\/wp-content\/uploads\/2022\/10\/Arte-jornal-Zucchi-1120x120_Prancheta-1-1536x165.jpg 1536w, https:\/\/jornalfatosenoticias.com.br\/wp-content\/uploads\/2022\/10\/Arte-jornal-Zucchi-1120x120_Prancheta-1-2048x219.jpg 2048w\" sizes=\"auto, (max-width: 1024px) 100vw, 1024px\" \/><\/figure><\/div>\n\n\n\n<figure class=\"wp-block-embed-twitter wp-block-embed is-type-rich is-provider-twitter\"><div class=\"wp-block-embed__wrapper\">\n<blockquote class=\"twitter-tweet\" data-width=\"550\" data-dnt=\"true\"><p lang=\"en\" dir=\"ltr\">A rather unexpected M5.2 solar flare (R2-moderate) erupted this night at 00:11 UTC. Sunspot region 3141 was its source. Our apologies there was no alert for this event. The flare was impulsive and released a minor coronal mass ejection that is not aimed at Earth. <a href=\"https:\/\/t.co\/Sengj5Z4AN\">pic.twitter.com\/Sengj5Z4AN<\/a><\/p>&mdash; SpaceWeatherLive (@_SpaceWeather_) <a href=\"https:\/\/twitter.com\/_SpaceWeather_\/status\/1589654135070154754?ref_src=twsrc%5Etfw\">November 7, 2022<\/a><\/blockquote><script async src=\"https:\/\/platform.twitter.com\/widgets.js\" charset=\"utf-8\"><\/script>\n<\/div><\/figure>\n\n\n\n<div class=\"wp-block-image\"><figure class=\"aligncenter size-large is-resized\"><img loading=\"lazy\" decoding=\"async\" src=\"https:\/\/jornalfatosenoticias.com.br\/wp-content\/uploads\/2020\/02\/casa-do-torresmo_portal.jpg\" alt=\"\" class=\"wp-image-34472\" width=\"273\" height=\"273\" srcset=\"https:\/\/jornalfatosenoticias.com.br\/wp-content\/uploads\/2020\/02\/casa-do-torresmo_portal.jpg 300w, https:\/\/jornalfatosenoticias.com.br\/wp-content\/uploads\/2020\/02\/casa-do-torresmo_portal-150x150.jpg 150w\" sizes=\"auto, (max-width: 273px) 100vw, 273px\" \/><\/figure><\/div>\n\n\n\n<p>Em uma postagem no Twitter, o portal meteorol\u00f3gico pediu desculpas por n\u00e3o ter emitido nenhum alerta. \u201cNossas desculpas por n\u00e3o haver alerta para este evento. O sinalizador foi impulsivo\u201d, diz o tweet.<\/p>\n\n\n\n<div class=\"wp-block-image\"><figure class=\"aligncenter size-large\"><img loading=\"lazy\" decoding=\"async\" width=\"560\" height=\"60\" src=\"https:\/\/jornalfatosenoticias.com.br\/wp-content\/uploads\/2022\/10\/Propaganda-RC-Radiadores-Jornal_page-0001.jpg\" alt=\"\" class=\"wp-image-35270\" srcset=\"https:\/\/jornalfatosenoticias.com.br\/wp-content\/uploads\/2022\/10\/Propaganda-RC-Radiadores-Jornal_page-0001.jpg 560w, https:\/\/jornalfatosenoticias.com.br\/wp-content\/uploads\/2022\/10\/Propaganda-RC-Radiadores-Jornal_page-0001-300x32.jpg 300w\" sizes=\"auto, (max-width: 560px) 100vw, 560px\" \/><\/figure><\/div>\n\n\n\n<p>Os apag\u00f5es de r\u00e1dio ocorrem sobre as \u00e1reas atingidas durante o tempo do sinalizador, sendo classificados de R1 a R5, de acordo com a gravidade. Este sinalizador mais recente causou um apag\u00e3o moderado R2.<\/p>\n\n\n\n<div class=\"wp-block-image\"><figure class=\"alignright size-large\"><img decoding=\"async\" src=\"https:\/\/jornalfatosenoticias.com.br\/wp-content\/uploads\/2020\/02\/barao-das-carnes-300x164-1.jpg\" alt=\"\" class=\"wp-image-34339\"\/><\/figure><\/div>\n\n\n\n<p><strong>O que \u00e9 uma erup\u00e7\u00e3o solar<br><\/strong>O Sol tem um ciclo de 11 anos de atividade solar, e est\u00e1 atualmente no que os astr\u00f4nomos chamam de Ciclo Solar 25. Esse n\u00famero refere-se aos ciclos que foram acompanhados de perto pelos cientistas.<br>No auge dos ciclos solares, o Sol tem uma s\u00e9rie de manchas em sua superf\u00edcie, que representam concentra\u00e7\u00f5es de energia. \u00c0 medida que as linhas magn\u00e9ticas se emaranham nas manchas solares, elas podem \u201cestalar\u201d e gerar rajadas de energia.<\/p>\n\n\n\n<div class=\"wp-block-image\"><figure class=\"aligncenter size-large\"><img loading=\"lazy\" decoding=\"async\" width=\"1024\" height=\"111\" src=\"https:\/\/jornalfatosenoticias.com.br\/wp-content\/uploads\/2020\/02\/WhatsApp-Image-2022-09-23-at-12.09.18-1024x111.jpeg\" alt=\"\" class=\"wp-image-34527\" srcset=\"https:\/\/jornalfatosenoticias.com.br\/wp-content\/uploads\/2020\/02\/WhatsApp-Image-2022-09-23-at-12.09.18-1024x111.jpeg 1024w, https:\/\/jornalfatosenoticias.com.br\/wp-content\/uploads\/2020\/02\/WhatsApp-Image-2022-09-23-at-12.09.18-300x32.jpeg 300w, https:\/\/jornalfatosenoticias.com.br\/wp-content\/uploads\/2020\/02\/WhatsApp-Image-2022-09-23-at-12.09.18-768x83.jpeg 768w, https:\/\/jornalfatosenoticias.com.br\/wp-content\/uploads\/2020\/02\/WhatsApp-Image-2022-09-23-at-12.09.18.jpeg 1121w\" sizes=\"auto, (max-width: 1024px) 100vw, 1024px\" \/><\/figure><\/div>\n\n\n\n<p>De acordo com a Nasa, essas rajadas s\u00e3o explos\u00f5es massivas do Sol que disparam part\u00edculas carregadas de radia\u00e7\u00e3o para fora da estrela. Os clar\u00f5es (sinalizadores) s\u00e3o classificados em um sistema de letras pela Administra\u00e7\u00e3o Nacional Oce\u00e2nica e Atmosf\u00e9rica (<a href=\"https:\/\/olhardigital.com.br\/2022\/05\/12\/ciencia-e-espaco\/noaa-divulga-primeiras-imagens-captadas-pelo-satelite-goes-18\/\" target=\"_blank\" rel=\"noreferrer noopener\">NOAA<\/a>) dos EUA \u2014 A, B, C, M e X \u2014 com base na intensidade dos raios-X que elas liberam, com cada n\u00edvel tendo 10 vezes a intensidade do \u00faltimo.<\/p>\n\n\n\n<div class=\"wp-block-image\"><figure class=\"aligncenter size-large is-resized\"><img loading=\"lazy\" decoding=\"async\" src=\"https:\/\/jornalfatosenoticias.com.br\/wp-content\/uploads\/2022\/08\/logo-locau-veiculos-1024x573.png\" alt=\"\" class=\"wp-image-33078\" width=\"302\" height=\"168\"\/><\/figure><\/div>\n\n\n\n<p>Essas erup\u00e7\u00f5es enviam part\u00edculas carregadas de radia\u00e7\u00e3o solar \u00e0 incr\u00edvel velocidade de 1,6 milh\u00e3o de km\/h, podendo atingir at\u00e9 mais nos casos de sinalizadores de maior classifica\u00e7\u00e3o. Normalmente, levam alguns dias para chegar \u00e0 Terra, quando direcionadas para o nosso planeta.<\/p>\n\n\n\n<div class=\"wp-block-image\"><figure class=\"aligncenter size-large\"><img loading=\"lazy\" decoding=\"async\" width=\"1024\" height=\"100\" src=\"https:\/\/jornalfatosenoticias.com.br\/wp-content\/uploads\/2020\/02\/banner_ferramentas-1024x100.jpg\" alt=\"\" class=\"wp-image-1258\" srcset=\"https:\/\/jornalfatosenoticias.com.br\/wp-content\/uploads\/2020\/02\/banner_ferramentas-1024x100.jpg 1024w, https:\/\/jornalfatosenoticias.com.br\/wp-content\/uploads\/2020\/02\/banner_ferramentas-300x29.jpg 300w, https:\/\/jornalfatosenoticias.com.br\/wp-content\/uploads\/2020\/02\/banner_ferramentas-768x75.jpg 768w, https:\/\/jornalfatosenoticias.com.br\/wp-content\/uploads\/2020\/02\/banner_ferramentas.jpg 1227w\" sizes=\"auto, (max-width: 1024px) 100vw, 1024px\" \/><\/figure><\/div>\n\n\n\n<p><strong><em>Fonte: <a href=\"https:\/\/olhardigital.com.br\/2022\/11\/08\/ciencia-e-espaco\/erupcao-solar-inesperada-atinge-a-terra-e-causa-apagoes-de-radio\/\">Olhar Digital<\/a><\/em><\/strong><\/p>\n","protected":false},"excerpt":{"rendered":"<p>O calor expelido pela erup\u00e7\u00e3o solar de classe M5 (grau acima do moderado) causou apag\u00f5es de r\u00e1dio na Austr\u00e1lia e na Nova Zel\u00e2ndia Uma erup\u00e7\u00e3o solar surpresa explodiu de uma \u00e1rea de magnetismo denso na superf\u00edcie do Sol, causando um apag\u00e3o tempor\u00e1rio em sinais de r\u00e1dio em partes da Austr\u00e1lia\u00a0e em toda a\u00a0Nova Zel\u00e2ndia. De [&hellip;]<\/p>\n","protected":false},"author":2,"featured_media":35830,"comment_status":"open","ping_status":"open","sticky":false,"template":"","format":"standard","meta":{"footnotes":""},"categories":[2],"tags":[13103,16808,16718,466,13868],"class_list":["post-35829","post","type-post","status-publish","format-standard","has-post-thumbnail","hentry","category-ciencia","tag-erupcao-solar","tag-mancha-solar","tag-observatorio-de-dinamica-solar","tag-sol","tag-tempestade-solar"],"yoast_head":"<!-- This site is optimized with the Yoast SEO plugin v26.5 - https:\/\/yoast.com\/wordpress\/plugins\/seo\/ -->\n<title>Erup\u00e7\u00e3o solar inesperada atinge a Terra e provoca apag\u00f5es de r\u00e1dio - Jornal Fatos e Not\u00edcias<\/title>\n<meta name=\"robots\" content=\"index, follow, max-snippet:-1, max-image-preview:large, max-video-preview:-1\" \/>\n<link rel=\"canonical\" href=\"https:\/\/jornalfatosenoticias.com.br\/index.php\/2022\/11\/08\/erupcao-solar-inesperada-atinge-a-terra-e-provoca-apagoes-de-radio\/\" \/>\n<meta property=\"og:locale\" content=\"pt_BR\" \/>\n<meta property=\"og:type\" content=\"article\" \/>\n<meta property=\"og:title\" content=\"Erup\u00e7\u00e3o solar inesperada atinge a Terra e provoca apag\u00f5es de r\u00e1dio - Jornal Fatos e Not\u00edcias\" \/>\n<meta property=\"og:description\" content=\"O calor expelido pela erup\u00e7\u00e3o solar de classe M5 (grau acima do moderado) causou apag\u00f5es de r\u00e1dio na Austr\u00e1lia e na Nova Zel\u00e2ndia Uma erup\u00e7\u00e3o solar surpresa explodiu de uma \u00e1rea de magnetismo denso na superf\u00edcie do Sol, causando um apag\u00e3o tempor\u00e1rio em sinais de r\u00e1dio em partes da Austr\u00e1lia\u00a0e em toda a\u00a0Nova Zel\u00e2ndia. De [&hellip;]\" \/>\n<meta property=\"og:url\" content=\"https:\/\/jornalfatosenoticias.com.br\/index.php\/2022\/11\/08\/erupcao-solar-inesperada-atinge-a-terra-e-provoca-apagoes-de-radio\/\" \/>\n<meta property=\"og:site_name\" content=\"Jornal Fatos e Not\u00edcias\" \/>\n<meta property=\"article:published_time\" content=\"2022-11-08T20:37:37+00:00\" \/>\n<meta property=\"article:modified_time\" content=\"2022-11-08T20:37:41+00:00\" \/>\n<meta property=\"og:image\" content=\"https:\/\/jornalfatosenoticias.com.br\/wp-content\/uploads\/2022\/11\/erupcao-solar.jpg\" \/>\n\t<meta property=\"og:image:width\" content=\"1000\" \/>\n\t<meta property=\"og:image:height\" content=\"750\" \/>\n\t<meta property=\"og:image:type\" content=\"image\/jpeg\" \/>\n<meta name=\"author\" content=\"Luzimara Fernandes\" \/>\n<meta name=\"twitter:card\" content=\"summary_large_image\" \/>\n<meta name=\"twitter:label1\" content=\"Escrito por\" \/>\n\t<meta name=\"twitter:data1\" content=\"Luzimara Fernandes\" \/>\n\t<meta name=\"twitter:label2\" content=\"Est. tempo de leitura\" \/>\n\t<meta name=\"twitter:data2\" content=\"3 minutos\" \/>\n<script type=\"application\/ld+json\" class=\"yoast-schema-graph\">{\"@context\":\"https:\/\/schema.org\",\"@graph\":[{\"@type\":\"Article\",\"@id\":\"https:\/\/jornalfatosenoticias.com.br\/index.php\/2022\/11\/08\/erupcao-solar-inesperada-atinge-a-terra-e-provoca-apagoes-de-radio\/#article\",\"isPartOf\":{\"@id\":\"https:\/\/jornalfatosenoticias.com.br\/index.php\/2022\/11\/08\/erupcao-solar-inesperada-atinge-a-terra-e-provoca-apagoes-de-radio\/\"},\"author\":{\"name\":\"Luzimara Fernandes\",\"@id\":\"https:\/\/jornalfatosenoticias.com.br\/#\/schema\/person\/d63837fa13ac8666eb9e74e0985d6f81\"},\"headline\":\"Erup\u00e7\u00e3o solar inesperada atinge a Terra e provoca apag\u00f5es de r\u00e1dio\",\"datePublished\":\"2022-11-08T20:37:37+00:00\",\"dateModified\":\"2022-11-08T20:37:41+00:00\",\"mainEntityOfPage\":{\"@id\":\"https:\/\/jornalfatosenoticias.com.br\/index.php\/2022\/11\/08\/erupcao-solar-inesperada-atinge-a-terra-e-provoca-apagoes-de-radio\/\"},\"wordCount\":556,\"commentCount\":0,\"publisher\":{\"@id\":\"https:\/\/jornalfatosenoticias.com.br\/#organization\"},\"image\":{\"@id\":\"https:\/\/jornalfatosenoticias.com.br\/index.php\/2022\/11\/08\/erupcao-solar-inesperada-atinge-a-terra-e-provoca-apagoes-de-radio\/#primaryimage\"},\"thumbnailUrl\":\"https:\/\/jornalfatosenoticias.com.br\/wp-content\/uploads\/2022\/11\/erupcao-solar.jpg\",\"keywords\":[\"erup\u00e7\u00e3o solar\",\"mancha solar\",\"Observat\u00f3rio de Din\u00e2mica Solar\",\"Sol\",\"tempestade solar\"],\"articleSection\":[\"Ci\u00eancia\"],\"inLanguage\":\"pt-BR\",\"potentialAction\":[{\"@type\":\"CommentAction\",\"name\":\"Comment\",\"target\":[\"https:\/\/jornalfatosenoticias.com.br\/index.php\/2022\/11\/08\/erupcao-solar-inesperada-atinge-a-terra-e-provoca-apagoes-de-radio\/#respond\"]}]},{\"@type\":\"WebPage\",\"@id\":\"https:\/\/jornalfatosenoticias.com.br\/index.php\/2022\/11\/08\/erupcao-solar-inesperada-atinge-a-terra-e-provoca-apagoes-de-radio\/\",\"url\":\"https:\/\/jornalfatosenoticias.com.br\/index.php\/2022\/11\/08\/erupcao-solar-inesperada-atinge-a-terra-e-provoca-apagoes-de-radio\/\",\"name\":\"Erup\u00e7\u00e3o solar inesperada atinge a Terra e provoca apag\u00f5es de r\u00e1dio - Jornal Fatos e Not\u00edcias\",\"isPartOf\":{\"@id\":\"https:\/\/jornalfatosenoticias.com.br\/#website\"},\"primaryImageOfPage\":{\"@id\":\"https:\/\/jornalfatosenoticias.com.br\/index.php\/2022\/11\/08\/erupcao-solar-inesperada-atinge-a-terra-e-provoca-apagoes-de-radio\/#primaryimage\"},\"image\":{\"@id\":\"https:\/\/jornalfatosenoticias.com.br\/index.php\/2022\/11\/08\/erupcao-solar-inesperada-atinge-a-terra-e-provoca-apagoes-de-radio\/#primaryimage\"},\"thumbnailUrl\":\"https:\/\/jornalfatosenoticias.com.br\/wp-content\/uploads\/2022\/11\/erupcao-solar.jpg\",\"datePublished\":\"2022-11-08T20:37:37+00:00\",\"dateModified\":\"2022-11-08T20:37:41+00:00\",\"breadcrumb\":{\"@id\":\"https:\/\/jornalfatosenoticias.com.br\/index.php\/2022\/11\/08\/erupcao-solar-inesperada-atinge-a-terra-e-provoca-apagoes-de-radio\/#breadcrumb\"},\"inLanguage\":\"pt-BR\",\"potentialAction\":[{\"@type\":\"ReadAction\",\"target\":[\"https:\/\/jornalfatosenoticias.com.br\/index.php\/2022\/11\/08\/erupcao-solar-inesperada-atinge-a-terra-e-provoca-apagoes-de-radio\/\"]}]},{\"@type\":\"ImageObject\",\"inLanguage\":\"pt-BR\",\"@id\":\"https:\/\/jornalfatosenoticias.com.br\/index.php\/2022\/11\/08\/erupcao-solar-inesperada-atinge-a-terra-e-provoca-apagoes-de-radio\/#primaryimage\",\"url\":\"https:\/\/jornalfatosenoticias.com.br\/wp-content\/uploads\/2022\/11\/erupcao-solar.jpg\",\"contentUrl\":\"https:\/\/jornalfatosenoticias.com.br\/wp-content\/uploads\/2022\/11\/erupcao-solar.jpg\",\"width\":1000,\"height\":750},{\"@type\":\"BreadcrumbList\",\"@id\":\"https:\/\/jornalfatosenoticias.com.br\/index.php\/2022\/11\/08\/erupcao-solar-inesperada-atinge-a-terra-e-provoca-apagoes-de-radio\/#breadcrumb\",\"itemListElement\":[{\"@type\":\"ListItem\",\"position\":1,\"name\":\"In\u00edcio\",\"item\":\"https:\/\/jornalfatosenoticias.com.br\/\"},{\"@type\":\"ListItem\",\"position\":2,\"name\":\"Erup\u00e7\u00e3o solar inesperada atinge a Terra e provoca apag\u00f5es de r\u00e1dio\"}]},{\"@type\":\"WebSite\",\"@id\":\"https:\/\/jornalfatosenoticias.com.br\/#website\",\"url\":\"https:\/\/jornalfatosenoticias.com.br\/\",\"name\":\"Jornal Fatos e Not\u00edcias\",\"description\":\"Not\u00edcias em geral\",\"publisher\":{\"@id\":\"https:\/\/jornalfatosenoticias.com.br\/#organization\"},\"potentialAction\":[{\"@type\":\"SearchAction\",\"target\":{\"@type\":\"EntryPoint\",\"urlTemplate\":\"https:\/\/jornalfatosenoticias.com.br\/?s={search_term_string}\"},\"query-input\":{\"@type\":\"PropertyValueSpecification\",\"valueRequired\":true,\"valueName\":\"search_term_string\"}}],\"inLanguage\":\"pt-BR\"},{\"@type\":\"Organization\",\"@id\":\"https:\/\/jornalfatosenoticias.com.br\/#organization\",\"name\":\"Jornal Fatos e Not\u00edcias\",\"url\":\"https:\/\/jornalfatosenoticias.com.br\/\",\"logo\":{\"@type\":\"ImageObject\",\"inLanguage\":\"pt-BR\",\"@id\":\"https:\/\/jornalfatosenoticias.com.br\/#\/schema\/logo\/image\/\",\"url\":\"https:\/\/jornalfatosenoticias.com.br\/wp-content\/uploads\/2020\/02\/logo120.png\",\"contentUrl\":\"https:\/\/jornalfatosenoticias.com.br\/wp-content\/uploads\/2020\/02\/logo120.png\",\"width\":1227,\"height\":120,\"caption\":\"Jornal Fatos e Not\u00edcias\"},\"image\":{\"@id\":\"https:\/\/jornalfatosenoticias.com.br\/#\/schema\/logo\/image\/\"}},{\"@type\":\"Person\",\"@id\":\"https:\/\/jornalfatosenoticias.com.br\/#\/schema\/person\/d63837fa13ac8666eb9e74e0985d6f81\",\"name\":\"Luzimara Fernandes\",\"image\":{\"@type\":\"ImageObject\",\"inLanguage\":\"pt-BR\",\"@id\":\"https:\/\/jornalfatosenoticias.com.br\/#\/schema\/person\/image\/\",\"url\":\"https:\/\/jornalfatosenoticias.com.br\/wp-content\/uploads\/2025\/05\/EU_portal.jpg\",\"contentUrl\":\"https:\/\/jornalfatosenoticias.com.br\/wp-content\/uploads\/2025\/05\/EU_portal.jpg\",\"caption\":\"Luzimara Fernandes\"},\"description\":\"Jornalista MTB 2358-ES\",\"sameAs\":[\"https:\/\/jornalfatosenoticias.com.br\"],\"url\":\"https:\/\/jornalfatosenoticias.com.br\/index.php\/author\/luzimara\/\"}]}<\/script>\n<!-- \/ Yoast SEO plugin. -->","yoast_head_json":{"title":"Erup\u00e7\u00e3o solar inesperada atinge a Terra e provoca apag\u00f5es de r\u00e1dio - Jornal Fatos e Not\u00edcias","robots":{"index":"index","follow":"follow","max-snippet":"max-snippet:-1","max-image-preview":"max-image-preview:large","max-video-preview":"max-video-preview:-1"},"canonical":"https:\/\/jornalfatosenoticias.com.br\/index.php\/2022\/11\/08\/erupcao-solar-inesperada-atinge-a-terra-e-provoca-apagoes-de-radio\/","og_locale":"pt_BR","og_type":"article","og_title":"Erup\u00e7\u00e3o solar inesperada atinge a Terra e provoca apag\u00f5es de r\u00e1dio - Jornal Fatos e Not\u00edcias","og_description":"O calor expelido pela erup\u00e7\u00e3o solar de classe M5 (grau acima do moderado) causou apag\u00f5es de r\u00e1dio na Austr\u00e1lia e na Nova Zel\u00e2ndia Uma erup\u00e7\u00e3o solar surpresa explodiu de uma \u00e1rea de magnetismo denso na superf\u00edcie do Sol, causando um apag\u00e3o tempor\u00e1rio em sinais de r\u00e1dio em partes da Austr\u00e1lia\u00a0e em toda a\u00a0Nova Zel\u00e2ndia. De [&hellip;]","og_url":"https:\/\/jornalfatosenoticias.com.br\/index.php\/2022\/11\/08\/erupcao-solar-inesperada-atinge-a-terra-e-provoca-apagoes-de-radio\/","og_site_name":"Jornal Fatos e Not\u00edcias","article_published_time":"2022-11-08T20:37:37+00:00","article_modified_time":"2022-11-08T20:37:41+00:00","og_image":[{"width":1000,"height":750,"url":"https:\/\/jornalfatosenoticias.com.br\/wp-content\/uploads\/2022\/11\/erupcao-solar.jpg","type":"image\/jpeg"}],"author":"Luzimara Fernandes","twitter_card":"summary_large_image","twitter_misc":{"Escrito por":"Luzimara Fernandes","Est. tempo de leitura":"3 minutos"},"schema":{"@context":"https:\/\/schema.org","@graph":[{"@type":"Article","@id":"https:\/\/jornalfatosenoticias.com.br\/index.php\/2022\/11\/08\/erupcao-solar-inesperada-atinge-a-terra-e-provoca-apagoes-de-radio\/#article","isPartOf":{"@id":"https:\/\/jornalfatosenoticias.com.br\/index.php\/2022\/11\/08\/erupcao-solar-inesperada-atinge-a-terra-e-provoca-apagoes-de-radio\/"},"author":{"name":"Luzimara Fernandes","@id":"https:\/\/jornalfatosenoticias.com.br\/#\/schema\/person\/d63837fa13ac8666eb9e74e0985d6f81"},"headline":"Erup\u00e7\u00e3o solar inesperada atinge a Terra e provoca apag\u00f5es de r\u00e1dio","datePublished":"2022-11-08T20:37:37+00:00","dateModified":"2022-11-08T20:37:41+00:00","mainEntityOfPage":{"@id":"https:\/\/jornalfatosenoticias.com.br\/index.php\/2022\/11\/08\/erupcao-solar-inesperada-atinge-a-terra-e-provoca-apagoes-de-radio\/"},"wordCount":556,"commentCount":0,"publisher":{"@id":"https:\/\/jornalfatosenoticias.com.br\/#organization"},"image":{"@id":"https:\/\/jornalfatosenoticias.com.br\/index.php\/2022\/11\/08\/erupcao-solar-inesperada-atinge-a-terra-e-provoca-apagoes-de-radio\/#primaryimage"},"thumbnailUrl":"https:\/\/jornalfatosenoticias.com.br\/wp-content\/uploads\/2022\/11\/erupcao-solar.jpg","keywords":["erup\u00e7\u00e3o solar","mancha solar","Observat\u00f3rio de Din\u00e2mica Solar","Sol","tempestade solar"],"articleSection":["Ci\u00eancia"],"inLanguage":"pt-BR","potentialAction":[{"@type":"CommentAction","name":"Comment","target":["https:\/\/jornalfatosenoticias.com.br\/index.php\/2022\/11\/08\/erupcao-solar-inesperada-atinge-a-terra-e-provoca-apagoes-de-radio\/#respond"]}]},{"@type":"WebPage","@id":"https:\/\/jornalfatosenoticias.com.br\/index.php\/2022\/11\/08\/erupcao-solar-inesperada-atinge-a-terra-e-provoca-apagoes-de-radio\/","url":"https:\/\/jornalfatosenoticias.com.br\/index.php\/2022\/11\/08\/erupcao-solar-inesperada-atinge-a-terra-e-provoca-apagoes-de-radio\/","name":"Erup\u00e7\u00e3o solar inesperada atinge a Terra e provoca apag\u00f5es de r\u00e1dio - Jornal Fatos e Not\u00edcias","isPartOf":{"@id":"https:\/\/jornalfatosenoticias.com.br\/#website"},"primaryImageOfPage":{"@id":"https:\/\/jornalfatosenoticias.com.br\/index.php\/2022\/11\/08\/erupcao-solar-inesperada-atinge-a-terra-e-provoca-apagoes-de-radio\/#primaryimage"},"image":{"@id":"https:\/\/jornalfatosenoticias.com.br\/index.php\/2022\/11\/08\/erupcao-solar-inesperada-atinge-a-terra-e-provoca-apagoes-de-radio\/#primaryimage"},"thumbnailUrl":"https:\/\/jornalfatosenoticias.com.br\/wp-content\/uploads\/2022\/11\/erupcao-solar.jpg","datePublished":"2022-11-08T20:37:37+00:00","dateModified":"2022-11-08T20:37:41+00:00","breadcrumb":{"@id":"https:\/\/jornalfatosenoticias.com.br\/index.php\/2022\/11\/08\/erupcao-solar-inesperada-atinge-a-terra-e-provoca-apagoes-de-radio\/#breadcrumb"},"inLanguage":"pt-BR","potentialAction":[{"@type":"ReadAction","target":["https:\/\/jornalfatosenoticias.com.br\/index.php\/2022\/11\/08\/erupcao-solar-inesperada-atinge-a-terra-e-provoca-apagoes-de-radio\/"]}]},{"@type":"ImageObject","inLanguage":"pt-BR","@id":"https:\/\/jornalfatosenoticias.com.br\/index.php\/2022\/11\/08\/erupcao-solar-inesperada-atinge-a-terra-e-provoca-apagoes-de-radio\/#primaryimage","url":"https:\/\/jornalfatosenoticias.com.br\/wp-content\/uploads\/2022\/11\/erupcao-solar.jpg","contentUrl":"https:\/\/jornalfatosenoticias.com.br\/wp-content\/uploads\/2022\/11\/erupcao-solar.jpg","width":1000,"height":750},{"@type":"BreadcrumbList","@id":"https:\/\/jornalfatosenoticias.com.br\/index.php\/2022\/11\/08\/erupcao-solar-inesperada-atinge-a-terra-e-provoca-apagoes-de-radio\/#breadcrumb","itemListElement":[{"@type":"ListItem","position":1,"name":"In\u00edcio","item":"https:\/\/jornalfatosenoticias.com.br\/"},{"@type":"ListItem","position":2,"name":"Erup\u00e7\u00e3o solar inesperada atinge a Terra e provoca apag\u00f5es de r\u00e1dio"}]},{"@type":"WebSite","@id":"https:\/\/jornalfatosenoticias.com.br\/#website","url":"https:\/\/jornalfatosenoticias.com.br\/","name":"Jornal Fatos e Not\u00edcias","description":"Not\u00edcias em geral","publisher":{"@id":"https:\/\/jornalfatosenoticias.com.br\/#organization"},"potentialAction":[{"@type":"SearchAction","target":{"@type":"EntryPoint","urlTemplate":"https:\/\/jornalfatosenoticias.com.br\/?s={search_term_string}"},"query-input":{"@type":"PropertyValueSpecification","valueRequired":true,"valueName":"search_term_string"}}],"inLanguage":"pt-BR"},{"@type":"Organization","@id":"https:\/\/jornalfatosenoticias.com.br\/#organization","name":"Jornal Fatos e Not\u00edcias","url":"https:\/\/jornalfatosenoticias.com.br\/","logo":{"@type":"ImageObject","inLanguage":"pt-BR","@id":"https:\/\/jornalfatosenoticias.com.br\/#\/schema\/logo\/image\/","url":"https:\/\/jornalfatosenoticias.com.br\/wp-content\/uploads\/2020\/02\/logo120.png","contentUrl":"https:\/\/jornalfatosenoticias.com.br\/wp-content\/uploads\/2020\/02\/logo120.png","width":1227,"height":120,"caption":"Jornal Fatos e Not\u00edcias"},"image":{"@id":"https:\/\/jornalfatosenoticias.com.br\/#\/schema\/logo\/image\/"}},{"@type":"Person","@id":"https:\/\/jornalfatosenoticias.com.br\/#\/schema\/person\/d63837fa13ac8666eb9e74e0985d6f81","name":"Luzimara Fernandes","image":{"@type":"ImageObject","inLanguage":"pt-BR","@id":"https:\/\/jornalfatosenoticias.com.br\/#\/schema\/person\/image\/","url":"https:\/\/jornalfatosenoticias.com.br\/wp-content\/uploads\/2025\/05\/EU_portal.jpg","contentUrl":"https:\/\/jornalfatosenoticias.com.br\/wp-content\/uploads\/2025\/05\/EU_portal.jpg","caption":"Luzimara Fernandes"},"description":"Jornalista MTB 2358-ES","sameAs":["https:\/\/jornalfatosenoticias.com.br"],"url":"https:\/\/jornalfatosenoticias.com.br\/index.php\/author\/luzimara\/"}]}},"cc_featured_image_caption":{"caption_text":"(Foto: Pinterest)","source_text":"","source_url":""},"jetpack_featured_media_url":"https:\/\/jornalfatosenoticias.com.br\/wp-content\/uploads\/2022\/11\/erupcao-solar.jpg","_links":{"self":[{"href":"https:\/\/jornalfatosenoticias.com.br\/index.php\/wp-json\/wp\/v2\/posts\/35829","targetHints":{"allow":["GET"]}}],"collection":[{"href":"https:\/\/jornalfatosenoticias.com.br\/index.php\/wp-json\/wp\/v2\/posts"}],"about":[{"href":"https:\/\/jornalfatosenoticias.com.br\/index.php\/wp-json\/wp\/v2\/types\/post"}],"author":[{"embeddable":true,"href":"https:\/\/jornalfatosenoticias.com.br\/index.php\/wp-json\/wp\/v2\/users\/2"}],"replies":[{"embeddable":true,"href":"https:\/\/jornalfatosenoticias.com.br\/index.php\/wp-json\/wp\/v2\/comments?post=35829"}],"version-history":[{"count":0,"href":"https:\/\/jornalfatosenoticias.com.br\/index.php\/wp-json\/wp\/v2\/posts\/35829\/revisions"}],"wp:featuredmedia":[{"embeddable":true,"href":"https:\/\/jornalfatosenoticias.com.br\/index.php\/wp-json\/wp\/v2\/media\/35830"}],"wp:attachment":[{"href":"https:\/\/jornalfatosenoticias.com.br\/index.php\/wp-json\/wp\/v2\/media?parent=35829"}],"wp:term":[{"taxonomy":"category","embeddable":true,"href":"https:\/\/jornalfatosenoticias.com.br\/index.php\/wp-json\/wp\/v2\/categories?post=35829"},{"taxonomy":"post_tag","embeddable":true,"href":"https:\/\/jornalfatosenoticias.com.br\/index.php\/wp-json\/wp\/v2\/tags?post=35829"}],"curies":[{"name":"wp","href":"https:\/\/api.w.org\/{rel}","templated":true}]}}