{"id":35834,"date":"2022-11-08T18:00:36","date_gmt":"2022-11-08T21:00:36","guid":{"rendered":"https:\/\/jornalfatosenoticias.com.br\/?p=35834"},"modified":"2022-11-08T18:32:35","modified_gmt":"2022-11-08T21:32:35","slug":"pressao-alta-e-estresse-combinacao-e-responsavel-por-15-dos-casos-de-infarto","status":"publish","type":"post","link":"https:\/\/jornalfatosenoticias.com.br\/index.php\/2022\/11\/08\/pressao-alta-e-estresse-combinacao-e-responsavel-por-15-dos-casos-de-infarto\/","title":{"rendered":"Press\u00e3o alta e estresse: combina\u00e7\u00e3o \u00e9 respons\u00e1vel por 15% dos casos de infarto"},"content":{"rendered":"\n<p><em><span class=\"has-inline-color has-black-color\">Segundo especialista, h\u00e1 seis medidas para diminuir a chamada \u201chipertens\u00e3o emocional\u201d<\/span><\/em><\/p>\n\n\n\n<div class=\"wp-block-image\"><figure class=\"aligncenter size-large\"><img loading=\"lazy\" decoding=\"async\" width=\"1024\" height=\"99\" src=\"https:\/\/jornalfatosenoticias.com.br\/wp-content\/uploads\/2020\/02\/Logo-Mizu-segunda-2-1024x99.png\" alt=\"\" class=\"wp-image-2353\" srcset=\"https:\/\/jornalfatosenoticias.com.br\/wp-content\/uploads\/2020\/02\/Logo-Mizu-segunda-2-1024x99.png 1024w, https:\/\/jornalfatosenoticias.com.br\/wp-content\/uploads\/2020\/02\/Logo-Mizu-segunda-2-300x29.png 300w, https:\/\/jornalfatosenoticias.com.br\/wp-content\/uploads\/2020\/02\/Logo-Mizu-segunda-2-768x74.png 768w, https:\/\/jornalfatosenoticias.com.br\/wp-content\/uploads\/2020\/02\/Logo-Mizu-segunda-2.png 1240w\" sizes=\"auto, (max-width: 1024px) 100vw, 1024px\" \/><\/figure><\/div>\n\n\n\n<p>De acordo com estudo realizado pela American Heart Association, a taxa global de mortes por press\u00e3o alta aumentou 13% na \u00faltima d\u00e9cada; Brasil aparece em sexto lugar no ranking, que abrange dados de 190 pa\u00edses. Fatores psicol\u00f3gicos, emocionais e de personalidade s\u00e3o apontados como os principais desencadeadores da doen\u00e7a, sendo o estresse o respons\u00e1vel por 15% dos casos resultantes em infarto.<\/p>\n\n\n\n<div class=\"wp-block-image\"><figure class=\"aligncenter size-large\"><img decoding=\"async\" src=\"https:\/\/jornalfatosenoticias.com.br\/wp-content\/uploads\/2020\/02\/logo_esteio.jpg\" alt=\"\" class=\"wp-image-1214\"\/><\/figure><\/div>\n\n\n\n<p>Segundo o Minist\u00e9rio da Sa\u00fade, desde 2013, os epis\u00f3dios de infarto entre adultos com at\u00e9 30 anos tamb\u00e9m subiram 13%. Os ataques card\u00edacos por estresse repentino provocam o fechamento de uma art\u00e9ria coron\u00e1ria, sendo tratados como um tipo de hipertens\u00e3o emocional, j\u00e1 que s\u00e3o as emo\u00e7\u00f5es as respons\u00e1veis pela rea\u00e7\u00e3o do corpo.<\/p>\n\n\n\n<div class=\"wp-block-image\"><figure class=\"aligncenter size-large is-resized\"><img loading=\"lazy\" decoding=\"async\" src=\"https:\/\/jornalfatosenoticias.com.br\/wp-content\/uploads\/2020\/02\/logo-clinica-limoeiro.jpg\" alt=\"\" class=\"wp-image-34610\" width=\"292\" height=\"207\"\/><\/figure><\/div>\n\n\n\n<figure class=\"wp-block-pullquote\"><blockquote><p><span class=\"has-inline-color has-luminous-vivid-orange-color\">Al\u00e9m de hereditariedade, gen\u00e9tica e estilo de vida, a press\u00e3o alta tem causas emocionais profundas. O estresse aumenta o ritmo card\u00edaco, acelera a respira\u00e7\u00e3o, libera adrenalina, noradrenalina e cortisol, colocando o corpo em estado de alerta, o que, at\u00e9 certo ponto, \u00e9 normal e ben\u00e9fico para o organismo, que fica pronto para a a\u00e7\u00e3o. Uma sobrecarga desses horm\u00f4nios, por\u00e9m, \u00e9 extremamente prejudicial para a sa\u00fade\u201d, explica Claudia Chang, especialista em endocrinologia e metabologia pela USP.<\/span><\/p><\/blockquote><\/figure>\n\n\n\n<div class=\"wp-block-image\"><figure class=\"alignright size-large is-resized\"><img loading=\"lazy\" decoding=\"async\" src=\"https:\/\/jornalfatosenoticias.com.br\/wp-content\/uploads\/2022\/02\/Precisao-Contabilidade-1024x724.jpg\" alt=\"\" class=\"wp-image-28088\" width=\"315\" height=\"222\"\/><\/figure><\/div>\n\n\n\n<p><strong><span class=\"has-inline-color has-vivid-purple-color\">Hipertens\u00e3o e estresse: rela\u00e7\u00e3o perigosa<br><\/span><\/strong>O estresse se desenvolve em diferentes fases. O primeiro est\u00e1gio inclui o estado de alerta, e isso acontece sempre que nos deparamos com qualquer situa\u00e7\u00e3o que nos tire de uma zona segura, incluindo imprevistos e exposi\u00e7\u00e3o repetitiva a ambientes e situa\u00e7\u00f5es de tens\u00e3o. Trata-se de uma rea\u00e7\u00e3o natural: o c\u00e9rebro interpreta algo como perigo e nos prepara para os comportamentos de luta ou fuga.<\/p>\n\n\n\n<div class=\"wp-block-image\"><figure class=\"aligncenter size-large\"><img loading=\"lazy\" decoding=\"async\" width=\"300\" height=\"250\" src=\"https:\/\/jornalfatosenoticias.com.br\/wp-content\/uploads\/2022\/08\/arte-Casarao.jpg\" alt=\"\" class=\"wp-image-33178\"\/><\/figure><\/div>\n\n\n\n<figure class=\"wp-block-pullquote\"><blockquote><p><span class=\"has-inline-color has-luminous-vivid-orange-color\">Na fase de alerta, o corpo aumenta a produ\u00e7\u00e3o de adrenalina e cortisol, neurotransmissores que nos deixam mais ligados, en\u00e9rgicos e preparados para a a\u00e7\u00e3o. Se o ativador do estresse desaparecer, o indiv\u00edduo retorna ao seu estado normal, sem preju\u00edzos\u201d, disse Chang.<\/span><\/p><\/blockquote><\/figure>\n\n\n\n<div class=\"wp-block-image\"><figure class=\"alignleft size-large is-resized\"><img loading=\"lazy\" decoding=\"async\" src=\"https:\/\/jornalfatosenoticias.com.br\/wp-content\/uploads\/2020\/02\/nova-logo-Marquetti.jpg\" alt=\"\" class=\"wp-image-22331\" width=\"290\" height=\"194\" srcset=\"https:\/\/jornalfatosenoticias.com.br\/wp-content\/uploads\/2020\/02\/nova-logo-Marquetti.jpg 643w, https:\/\/jornalfatosenoticias.com.br\/wp-content\/uploads\/2020\/02\/nova-logo-Marquetti-300x202.jpg 300w\" sizes=\"auto, (max-width: 290px) 100vw, 290px\" \/><\/figure><\/div>\n\n\n\n<p>No entanto, se o evento estressor persistir, seja no contexto real ou na sua mente em forma de preocupa\u00e7\u00f5es, essas subst\u00e2ncias podem ter efeitos diversos no organismo. \u201cA pessoa passa para um n\u00edvel mais alto de estresse: a fase de resist\u00eancia. Nesse est\u00e1gio, os sintomas come\u00e7am a se agravar e surge um intenso cansa\u00e7o f\u00edsico e mental\u201d. Caso os est\u00edmulos estressores continuem presentes, a pessoa entra em uma zona de risco: a fase de quase exaust\u00e3o.<\/p>\n\n\n\n<div class=\"wp-block-image\"><figure class=\"aligncenter size-large is-resized\"><img loading=\"lazy\" decoding=\"async\" src=\"https:\/\/jornalfatosenoticias.com.br\/wp-content\/uploads\/2020\/02\/logo-embacia.jpg\" alt=\"\" class=\"wp-image-33905\" width=\"258\" height=\"258\"\/><\/figure><\/div>\n\n\n\n<figure class=\"wp-block-pullquote\"><blockquote><p><span class=\"has-inline-color has-luminous-vivid-orange-color\">Diante de n\u00edveis elevados e persistentes de estresse, h\u00e1 um risco aumentado para pessoas hipertensas, que ficam mais propensas a serem acometidas por acidente vascular cerebral (AVC), infarto e outras doen\u00e7as cardiovasculares\u201d.<\/span><\/p><\/blockquote><\/figure>\n\n\n\n<div class=\"wp-block-image\"><figure class=\"aligncenter size-large\"><img decoding=\"async\" src=\"https:\/\/jornalfatosenoticias.com.br\/wp-content\/uploads\/2020\/02\/Serra-Grande-1024x160.png\" alt=\"\" class=\"wp-image-7836\"\/><\/figure><\/div>\n\n\n\n<p>De acordo com a m\u00e9dica, que tamb\u00e9m \u00e9 coordenadora e professora da p\u00f3s-gradua\u00e7\u00e3o em Endocrinologia do Instituto Superior de Medicina (ISMD), entre as principais medidas para diminuir os efeitos do estresse na press\u00e3o alta est\u00e3o:<\/p>\n\n\n\n<div class=\"wp-block-image\"><figure class=\"aligncenter size-large\"><img loading=\"lazy\" decoding=\"async\" width=\"1024\" height=\"103\" src=\"https:\/\/jornalfatosenoticias.com.br\/wp-content\/uploads\/2022\/02\/Arte-Autoescola-Galatas_endereco_portal-1024x103.png\" alt=\"\" class=\"wp-image-27869\" srcset=\"https:\/\/jornalfatosenoticias.com.br\/wp-content\/uploads\/2022\/02\/Arte-Autoescola-Galatas_endereco_portal-1024x103.png 1024w, https:\/\/jornalfatosenoticias.com.br\/wp-content\/uploads\/2022\/02\/Arte-Autoescola-Galatas_endereco_portal-300x30.png 300w, https:\/\/jornalfatosenoticias.com.br\/wp-content\/uploads\/2022\/02\/Arte-Autoescola-Galatas_endereco_portal-768x77.png 768w, https:\/\/jornalfatosenoticias.com.br\/wp-content\/uploads\/2022\/02\/Arte-Autoescola-Galatas_endereco_portal.png 1223w\" sizes=\"auto, (max-width: 1024px) 100vw, 1024px\" \/><\/figure><\/div>\n\n\n\n<p><strong><span class=\"has-inline-color has-vivid-purple-color\">1. Fa\u00e7a atividade f\u00edsica<br><\/span><\/strong>A pr\u00e1tica regular de exerc\u00edcios f\u00edsicos \u00e9 recomendada como tratamento auxiliar em quase todos os quadros de sa\u00fade. Ela melhora o funcionamento dos sistemas respirat\u00f3rio e circulat\u00f3rio, reduzindo uma s\u00e9rie de problemas, inclusive a press\u00e3o alta e o sedentarismo, respons\u00e1vel por 54% do risco de morte por infarto.<\/p>\n\n\n\n<div class=\"wp-block-image\"><figure class=\"aligncenter size-large\"><img loading=\"lazy\" decoding=\"async\" width=\"300\" height=\"300\" src=\"https:\/\/jornalfatosenoticias.com.br\/wp-content\/uploads\/2020\/02\/casa-do-torresmo_portal.jpg\" alt=\"\" class=\"wp-image-34472\" srcset=\"https:\/\/jornalfatosenoticias.com.br\/wp-content\/uploads\/2020\/02\/casa-do-torresmo_portal.jpg 300w, https:\/\/jornalfatosenoticias.com.br\/wp-content\/uploads\/2020\/02\/casa-do-torresmo_portal-150x150.jpg 150w\" sizes=\"auto, (max-width: 300px) 100vw, 300px\" \/><\/figure><\/div>\n\n\n\n<figure class=\"wp-block-pullquote\"><blockquote><p><span class=\"has-inline-color has-luminous-vivid-orange-color\">O h\u00e1bito reduz a press\u00e3o sangu\u00ednea e mant\u00e9m os n\u00edveis normalizados durante e ap\u00f3s a pr\u00e1tica de atividades. Entretanto, antes de cal\u00e7ar o t\u00eanis e ir ao parque, \u00e9 fundamental consultar um especialista e passar por uma avalia\u00e7\u00e3o, que indicar\u00e1 a melhor modalidade de exerc\u00edcio e o n\u00edvel de intensidade adequado\u201d.<\/span><\/p><\/blockquote><\/figure>\n\n\n\n<div class=\"wp-block-image\"><figure class=\"aligncenter size-large\"><img loading=\"lazy\" decoding=\"async\" width=\"1024\" height=\"100\" src=\"https:\/\/jornalfatosenoticias.com.br\/wp-content\/uploads\/2022\/05\/NOVA-LOGO-CESCONETTO-1024x100.jpg\" alt=\"\" class=\"wp-image-30792\" srcset=\"https:\/\/jornalfatosenoticias.com.br\/wp-content\/uploads\/2022\/05\/NOVA-LOGO-CESCONETTO-1024x100.jpg 1024w, https:\/\/jornalfatosenoticias.com.br\/wp-content\/uploads\/2022\/05\/NOVA-LOGO-CESCONETTO-300x29.jpg 300w, https:\/\/jornalfatosenoticias.com.br\/wp-content\/uploads\/2022\/05\/NOVA-LOGO-CESCONETTO-768x75.jpg 768w, https:\/\/jornalfatosenoticias.com.br\/wp-content\/uploads\/2022\/05\/NOVA-LOGO-CESCONETTO.jpg 1280w\" sizes=\"auto, (max-width: 1024px) 100vw, 1024px\" \/><\/figure><\/div>\n\n\n\n<p><strong><span class=\"has-inline-color has-vivid-purple-color\">2. Controle do peso<br><\/span><\/strong>Jamais use a comida como v\u00e1lvula de escape para controlar as emo\u00e7\u00f5es. A manuten\u00e7\u00e3o do peso \u00e9 fundamental para evitar problemas card\u00edacos. Vale lembrar que a circunfer\u00eancia abdominal n\u00e3o deve passar de 102 cm para os homens e 88 cm para as mulheres.<\/p>\n\n\n\n<div class=\"wp-block-image\"><figure class=\"aligncenter size-large is-resized\"><img loading=\"lazy\" decoding=\"async\" src=\"https:\/\/jornalfatosenoticias.com.br\/wp-content\/uploads\/2022\/07\/Logo-Grupo-SEI.jpg\" alt=\"\" class=\"wp-image-31973\" width=\"318\" height=\"167\" srcset=\"https:\/\/jornalfatosenoticias.com.br\/wp-content\/uploads\/2022\/07\/Logo-Grupo-SEI.jpg 713w, https:\/\/jornalfatosenoticias.com.br\/wp-content\/uploads\/2022\/07\/Logo-Grupo-SEI-300x158.jpg 300w\" sizes=\"auto, (max-width: 318px) 100vw, 318px\" \/><\/figure><\/div>\n\n\n\n<p><strong><span class=\"has-inline-color has-vivid-purple-color\">3. Evite fumar e consumir \u00e1lcool<br><\/span><\/strong>Usar o cigarro e o \u00e1lcool como meio de aliviar o estresse pode se virar contra voc\u00ea. As subst\u00e2ncias qu\u00edmicas presentes no tabaco provocam o estreitamento das art\u00e9rias, aumentando a frequ\u00eancia card\u00edaca e a press\u00e3o arterial. Em rela\u00e7\u00e3o \u00e0s bebidas alco\u00f3licas, n\u00e3o exagere: o etanol danifica as c\u00e9lulas musculares do cora\u00e7\u00e3o e ainda est\u00e1 associado ao desenvolvimento de arritmias.<\/p>\n\n\n\n<div class=\"wp-block-image\"><figure class=\"aligncenter size-large\"><img loading=\"lazy\" decoding=\"async\" width=\"1024\" height=\"110\" src=\"https:\/\/jornalfatosenoticias.com.br\/wp-content\/uploads\/2022\/10\/Arte-jornal-Zucchi-1120x120_Prancheta-1-1024x110.jpg\" alt=\"\" class=\"wp-image-34772\" srcset=\"https:\/\/jornalfatosenoticias.com.br\/wp-content\/uploads\/2022\/10\/Arte-jornal-Zucchi-1120x120_Prancheta-1-1024x110.jpg 1024w, https:\/\/jornalfatosenoticias.com.br\/wp-content\/uploads\/2022\/10\/Arte-jornal-Zucchi-1120x120_Prancheta-1-300x32.jpg 300w, https:\/\/jornalfatosenoticias.com.br\/wp-content\/uploads\/2022\/10\/Arte-jornal-Zucchi-1120x120_Prancheta-1-768x82.jpg 768w, https:\/\/jornalfatosenoticias.com.br\/wp-content\/uploads\/2022\/10\/Arte-jornal-Zucchi-1120x120_Prancheta-1-1536x165.jpg 1536w, https:\/\/jornalfatosenoticias.com.br\/wp-content\/uploads\/2022\/10\/Arte-jornal-Zucchi-1120x120_Prancheta-1-2048x219.jpg 2048w\" sizes=\"auto, (max-width: 1024px) 100vw, 1024px\" \/><\/figure><\/div>\n\n\n\n<p><strong><span class=\"has-inline-color has-vivid-purple-color\">4. Monitore a press\u00e3o<br><\/span><\/strong>Pensar em alternativas para reduzir o estresse e combater a press\u00e3o alta \u00e9 uma medida valiosa para a sa\u00fade. Mas, para ver os efeitos dos bons h\u00e1bitos, \u00e9 imprescind\u00edvel monitorar a press\u00e3o diariamente \u2014 e isso nunca foi t\u00e3o pr\u00e1tico como \u00e9 agora.<\/p>\n\n\n\n<div class=\"wp-block-image\"><figure class=\"aligncenter size-large is-resized\"><img loading=\"lazy\" decoding=\"async\" src=\"https:\/\/jornalfatosenoticias.com.br\/wp-content\/uploads\/2020\/02\/logo-Panper_portal.jpg\" alt=\"\" class=\"wp-image-34474\" width=\"276\" height=\"191\" srcset=\"https:\/\/jornalfatosenoticias.com.br\/wp-content\/uploads\/2020\/02\/logo-Panper_portal.jpg 400w, https:\/\/jornalfatosenoticias.com.br\/wp-content\/uploads\/2020\/02\/logo-Panper_portal-300x208.jpg 300w\" sizes=\"auto, (max-width: 276px) 100vw, 276px\" \/><\/figure><\/div>\n\n\n\n<p>Com um monitor de press\u00e3o arterial voc\u00ea pode verificar qualquer altera\u00e7\u00e3o em casa, sem precisar se deslocar at\u00e9 uma farm\u00e1cia ou posto de sa\u00fade. Vale lembrar que os medidores s\u00e3o recursos necess\u00e1rios para o controle di\u00e1rio de pessoas hipertensas, mas o acompanhamento m\u00e9dico regular n\u00e3o deve ser interrompido.<\/p>\n\n\n\n<div class=\"wp-block-image\"><figure class=\"aligncenter size-large\"><img loading=\"lazy\" decoding=\"async\" width=\"560\" height=\"60\" src=\"https:\/\/jornalfatosenoticias.com.br\/wp-content\/uploads\/2022\/10\/Propaganda-RC-Radiadores-Jornal_page-0001.jpg\" alt=\"\" class=\"wp-image-35270\" srcset=\"https:\/\/jornalfatosenoticias.com.br\/wp-content\/uploads\/2022\/10\/Propaganda-RC-Radiadores-Jornal_page-0001.jpg 560w, https:\/\/jornalfatosenoticias.com.br\/wp-content\/uploads\/2022\/10\/Propaganda-RC-Radiadores-Jornal_page-0001-300x32.jpg 300w\" sizes=\"auto, (max-width: 560px) 100vw, 560px\" \/><\/figure><\/div>\n\n\n\n<p><strong><span class=\"has-inline-color has-vivid-purple-color\">5. Cuide da sa\u00fade emocional<br><\/span><\/strong>Segundo Monica Machado, psic\u00f3loga, fundadora da Cl\u00ednica Ame.C e p\u00f3s-graduada em Psican\u00e1lise e Sa\u00fade Mental pelo Instituto de Ensino e Pesquisa do Hospital Albert Einstein; como percebemos o mundo e respondemos aos conflitos t\u00eam grande influ\u00eancia na sa\u00fade mental. Prova disso \u00e9 que quanto mais pensamos em um determinado problema, mais nosso corpo responde com sintomas de estresse.<\/p>\n\n\n\n<div class=\"wp-block-image\"><figure class=\"aligncenter size-large is-resized\"><img loading=\"lazy\" decoding=\"async\" src=\"https:\/\/jornalfatosenoticias.com.br\/wp-content\/uploads\/2022\/08\/logo-locau-veiculos-1024x573.png\" alt=\"\" class=\"wp-image-33078\" width=\"321\" height=\"179\"\/><\/figure><\/div>\n\n\n\n<figure class=\"wp-block-pullquote\"><blockquote><p><span class=\"has-inline-color has-luminous-vivid-orange-color\">Uma maneira de amenizar o estresse \u00e9 desenvolver formas saud\u00e1veis de lidar com as pr\u00f3prias emo\u00e7\u00f5es. Nesse sentido, a psicoterapia surge como uma aliada para o autoconhecimento, o autocontrole e a intelig\u00eancia emocional\u201d.<\/span><\/p><\/blockquote><\/figure>\n\n\n\n<div class=\"wp-block-image\"><figure class=\"aligncenter size-large\"><img loading=\"lazy\" decoding=\"async\" width=\"1024\" height=\"100\" src=\"https:\/\/jornalfatosenoticias.com.br\/wp-content\/uploads\/2020\/02\/banner_ferramentas-1024x100.jpg\" alt=\"\" class=\"wp-image-1258\" srcset=\"https:\/\/jornalfatosenoticias.com.br\/wp-content\/uploads\/2020\/02\/banner_ferramentas-1024x100.jpg 1024w, https:\/\/jornalfatosenoticias.com.br\/wp-content\/uploads\/2020\/02\/banner_ferramentas-300x29.jpg 300w, https:\/\/jornalfatosenoticias.com.br\/wp-content\/uploads\/2020\/02\/banner_ferramentas-768x75.jpg 768w, https:\/\/jornalfatosenoticias.com.br\/wp-content\/uploads\/2020\/02\/banner_ferramentas.jpg 1227w\" sizes=\"auto, (max-width: 1024px) 100vw, 1024px\" \/><\/figure><\/div>\n\n\n\n<p><strong><span class=\"has-inline-color has-vivid-purple-color\">6. Tire um tempo para lazer e descanso<br><\/span><\/strong>Antes que o corpo sinalize o esgotamento por meio de problemas de sa\u00fade, \u00e9 essencial reorganizar a agenda e ganhar tempo para descansar e realizar atividades prazerosas.<\/p>\n\n\n\n<figure class=\"wp-block-pullquote\"><blockquote><p><span class=\"has-inline-color has-luminous-vivid-orange-color\">Vale dizer que o cotidiano atribulado n\u00e3o \u00e9 desculpa para n\u00e3o seguir as dicas citadas e cultivar um estilo de vida saud\u00e1vel, mantendo uma alimenta\u00e7\u00e3o equilibrada e sem excessos, e evitando h\u00e1bitos nocivos, como priva\u00e7\u00e3o de sono e consumo constante de \u00e1lcool\u201d, conclui Machado.<\/span><\/p><\/blockquote><\/figure>\n\n\n\n<p><strong><em>Fonte: <a href=\"https:\/\/olhardigital.com.br\/2022\/11\/08\/medicina-e-saude\/pressao-alta-e-estresse-combinacao-e-responsavel-por-15-dos-casos-de-infarto\/\">Olhar Digital<\/a><\/em><\/strong><\/p>\n","protected":false},"excerpt":{"rendered":"<p>Segundo especialista, h\u00e1 seis medidas para diminuir a chamada \u201chipertens\u00e3o emocional\u201d De acordo com estudo realizado pela American Heart Association, a taxa global de mortes por press\u00e3o alta aumentou 13% na \u00faltima d\u00e9cada; Brasil aparece em sexto lugar no ranking, que abrange dados de 190 pa\u00edses. Fatores psicol\u00f3gicos, emocionais e de personalidade s\u00e3o apontados como [&hellip;]<\/p>\n","protected":false},"author":2,"featured_media":35835,"comment_status":"open","ping_status":"open","sticky":false,"template":"","format":"standard","meta":{"footnotes":""},"categories":[11],"tags":[6586,2280,6914,11063,4474],"class_list":["post-35834","post","type-post","status-publish","format-standard","has-post-thumbnail","hentry","category-saude","tag-avc","tag-estresse","tag-hipertensao","tag-infarto","tag-pressao-alta"],"yoast_head":"<!-- This site is optimized with the Yoast SEO plugin v26.5 - https:\/\/yoast.com\/wordpress\/plugins\/seo\/ -->\n<title>Press\u00e3o alta e estresse: combina\u00e7\u00e3o \u00e9 respons\u00e1vel por 15% dos casos de infarto - Jornal Fatos e Not\u00edcias<\/title>\n<meta name=\"robots\" content=\"index, follow, max-snippet:-1, max-image-preview:large, max-video-preview:-1\" \/>\n<link rel=\"canonical\" href=\"https:\/\/jornalfatosenoticias.com.br\/index.php\/2022\/11\/08\/pressao-alta-e-estresse-combinacao-e-responsavel-por-15-dos-casos-de-infarto\/\" \/>\n<meta property=\"og:locale\" content=\"pt_BR\" \/>\n<meta property=\"og:type\" content=\"article\" \/>\n<meta property=\"og:title\" content=\"Press\u00e3o alta e estresse: combina\u00e7\u00e3o \u00e9 respons\u00e1vel por 15% dos casos de infarto - Jornal Fatos e Not\u00edcias\" \/>\n<meta property=\"og:description\" content=\"Segundo especialista, h\u00e1 seis medidas para diminuir a chamada \u201chipertens\u00e3o emocional\u201d De acordo com estudo realizado pela American Heart Association, a taxa global de mortes por press\u00e3o alta aumentou 13% na \u00faltima d\u00e9cada; Brasil aparece em sexto lugar no ranking, que abrange dados de 190 pa\u00edses. Fatores psicol\u00f3gicos, emocionais e de personalidade s\u00e3o apontados como [&hellip;]\" \/>\n<meta property=\"og:url\" content=\"https:\/\/jornalfatosenoticias.com.br\/index.php\/2022\/11\/08\/pressao-alta-e-estresse-combinacao-e-responsavel-por-15-dos-casos-de-infarto\/\" \/>\n<meta property=\"og:site_name\" content=\"Jornal Fatos e Not\u00edcias\" \/>\n<meta property=\"article:published_time\" content=\"2022-11-08T21:00:36+00:00\" \/>\n<meta property=\"article:modified_time\" content=\"2022-11-08T21:32:35+00:00\" \/>\n<meta property=\"og:image\" content=\"https:\/\/jornalfatosenoticias.com.br\/wp-content\/uploads\/2022\/11\/infarto.jpg\" \/>\n\t<meta property=\"og:image:width\" content=\"1000\" \/>\n\t<meta property=\"og:image:height\" content=\"450\" \/>\n\t<meta property=\"og:image:type\" content=\"image\/jpeg\" \/>\n<meta name=\"author\" content=\"Luzimara Fernandes\" \/>\n<meta name=\"twitter:card\" content=\"summary_large_image\" \/>\n<meta name=\"twitter:label1\" content=\"Escrito por\" \/>\n\t<meta name=\"twitter:data1\" content=\"Luzimara Fernandes\" \/>\n\t<meta name=\"twitter:label2\" content=\"Est. tempo de leitura\" \/>\n\t<meta name=\"twitter:data2\" content=\"5 minutos\" \/>\n<script type=\"application\/ld+json\" class=\"yoast-schema-graph\">{\"@context\":\"https:\/\/schema.org\",\"@graph\":[{\"@type\":\"Article\",\"@id\":\"https:\/\/jornalfatosenoticias.com.br\/index.php\/2022\/11\/08\/pressao-alta-e-estresse-combinacao-e-responsavel-por-15-dos-casos-de-infarto\/#article\",\"isPartOf\":{\"@id\":\"https:\/\/jornalfatosenoticias.com.br\/index.php\/2022\/11\/08\/pressao-alta-e-estresse-combinacao-e-responsavel-por-15-dos-casos-de-infarto\/\"},\"author\":{\"name\":\"Luzimara Fernandes\",\"@id\":\"https:\/\/jornalfatosenoticias.com.br\/#\/schema\/person\/d63837fa13ac8666eb9e74e0985d6f81\"},\"headline\":\"Press\u00e3o alta e estresse: combina\u00e7\u00e3o \u00e9 respons\u00e1vel por 15% dos casos de infarto\",\"datePublished\":\"2022-11-08T21:00:36+00:00\",\"dateModified\":\"2022-11-08T21:32:35+00:00\",\"mainEntityOfPage\":{\"@id\":\"https:\/\/jornalfatosenoticias.com.br\/index.php\/2022\/11\/08\/pressao-alta-e-estresse-combinacao-e-responsavel-por-15-dos-casos-de-infarto\/\"},\"wordCount\":1066,\"commentCount\":0,\"publisher\":{\"@id\":\"https:\/\/jornalfatosenoticias.com.br\/#organization\"},\"image\":{\"@id\":\"https:\/\/jornalfatosenoticias.com.br\/index.php\/2022\/11\/08\/pressao-alta-e-estresse-combinacao-e-responsavel-por-15-dos-casos-de-infarto\/#primaryimage\"},\"thumbnailUrl\":\"https:\/\/jornalfatosenoticias.com.br\/wp-content\/uploads\/2022\/11\/infarto.jpg\",\"keywords\":[\"AVC\",\"estresse\",\"hipertens\u00e3o\",\"infarto\",\"press\u00e3o alta\"],\"articleSection\":[\"Sa\u00fade\"],\"inLanguage\":\"pt-BR\",\"potentialAction\":[{\"@type\":\"CommentAction\",\"name\":\"Comment\",\"target\":[\"https:\/\/jornalfatosenoticias.com.br\/index.php\/2022\/11\/08\/pressao-alta-e-estresse-combinacao-e-responsavel-por-15-dos-casos-de-infarto\/#respond\"]}]},{\"@type\":\"WebPage\",\"@id\":\"https:\/\/jornalfatosenoticias.com.br\/index.php\/2022\/11\/08\/pressao-alta-e-estresse-combinacao-e-responsavel-por-15-dos-casos-de-infarto\/\",\"url\":\"https:\/\/jornalfatosenoticias.com.br\/index.php\/2022\/11\/08\/pressao-alta-e-estresse-combinacao-e-responsavel-por-15-dos-casos-de-infarto\/\",\"name\":\"Press\u00e3o alta e estresse: combina\u00e7\u00e3o \u00e9 respons\u00e1vel por 15% dos casos de infarto - Jornal Fatos e Not\u00edcias\",\"isPartOf\":{\"@id\":\"https:\/\/jornalfatosenoticias.com.br\/#website\"},\"primaryImageOfPage\":{\"@id\":\"https:\/\/jornalfatosenoticias.com.br\/index.php\/2022\/11\/08\/pressao-alta-e-estresse-combinacao-e-responsavel-por-15-dos-casos-de-infarto\/#primaryimage\"},\"image\":{\"@id\":\"https:\/\/jornalfatosenoticias.com.br\/index.php\/2022\/11\/08\/pressao-alta-e-estresse-combinacao-e-responsavel-por-15-dos-casos-de-infarto\/#primaryimage\"},\"thumbnailUrl\":\"https:\/\/jornalfatosenoticias.com.br\/wp-content\/uploads\/2022\/11\/infarto.jpg\",\"datePublished\":\"2022-11-08T21:00:36+00:00\",\"dateModified\":\"2022-11-08T21:32:35+00:00\",\"breadcrumb\":{\"@id\":\"https:\/\/jornalfatosenoticias.com.br\/index.php\/2022\/11\/08\/pressao-alta-e-estresse-combinacao-e-responsavel-por-15-dos-casos-de-infarto\/#breadcrumb\"},\"inLanguage\":\"pt-BR\",\"potentialAction\":[{\"@type\":\"ReadAction\",\"target\":[\"https:\/\/jornalfatosenoticias.com.br\/index.php\/2022\/11\/08\/pressao-alta-e-estresse-combinacao-e-responsavel-por-15-dos-casos-de-infarto\/\"]}]},{\"@type\":\"ImageObject\",\"inLanguage\":\"pt-BR\",\"@id\":\"https:\/\/jornalfatosenoticias.com.br\/index.php\/2022\/11\/08\/pressao-alta-e-estresse-combinacao-e-responsavel-por-15-dos-casos-de-infarto\/#primaryimage\",\"url\":\"https:\/\/jornalfatosenoticias.com.br\/wp-content\/uploads\/2022\/11\/infarto.jpg\",\"contentUrl\":\"https:\/\/jornalfatosenoticias.com.br\/wp-content\/uploads\/2022\/11\/infarto.jpg\",\"width\":1000,\"height\":450},{\"@type\":\"BreadcrumbList\",\"@id\":\"https:\/\/jornalfatosenoticias.com.br\/index.php\/2022\/11\/08\/pressao-alta-e-estresse-combinacao-e-responsavel-por-15-dos-casos-de-infarto\/#breadcrumb\",\"itemListElement\":[{\"@type\":\"ListItem\",\"position\":1,\"name\":\"In\u00edcio\",\"item\":\"https:\/\/jornalfatosenoticias.com.br\/\"},{\"@type\":\"ListItem\",\"position\":2,\"name\":\"Press\u00e3o alta e estresse: combina\u00e7\u00e3o \u00e9 respons\u00e1vel por 15% dos casos de infarto\"}]},{\"@type\":\"WebSite\",\"@id\":\"https:\/\/jornalfatosenoticias.com.br\/#website\",\"url\":\"https:\/\/jornalfatosenoticias.com.br\/\",\"name\":\"Jornal Fatos e Not\u00edcias\",\"description\":\"Not\u00edcias em geral\",\"publisher\":{\"@id\":\"https:\/\/jornalfatosenoticias.com.br\/#organization\"},\"potentialAction\":[{\"@type\":\"SearchAction\",\"target\":{\"@type\":\"EntryPoint\",\"urlTemplate\":\"https:\/\/jornalfatosenoticias.com.br\/?s={search_term_string}\"},\"query-input\":{\"@type\":\"PropertyValueSpecification\",\"valueRequired\":true,\"valueName\":\"search_term_string\"}}],\"inLanguage\":\"pt-BR\"},{\"@type\":\"Organization\",\"@id\":\"https:\/\/jornalfatosenoticias.com.br\/#organization\",\"name\":\"Jornal Fatos e Not\u00edcias\",\"url\":\"https:\/\/jornalfatosenoticias.com.br\/\",\"logo\":{\"@type\":\"ImageObject\",\"inLanguage\":\"pt-BR\",\"@id\":\"https:\/\/jornalfatosenoticias.com.br\/#\/schema\/logo\/image\/\",\"url\":\"https:\/\/jornalfatosenoticias.com.br\/wp-content\/uploads\/2020\/02\/logo120.png\",\"contentUrl\":\"https:\/\/jornalfatosenoticias.com.br\/wp-content\/uploads\/2020\/02\/logo120.png\",\"width\":1227,\"height\":120,\"caption\":\"Jornal Fatos e Not\u00edcias\"},\"image\":{\"@id\":\"https:\/\/jornalfatosenoticias.com.br\/#\/schema\/logo\/image\/\"}},{\"@type\":\"Person\",\"@id\":\"https:\/\/jornalfatosenoticias.com.br\/#\/schema\/person\/d63837fa13ac8666eb9e74e0985d6f81\",\"name\":\"Luzimara Fernandes\",\"image\":{\"@type\":\"ImageObject\",\"inLanguage\":\"pt-BR\",\"@id\":\"https:\/\/jornalfatosenoticias.com.br\/#\/schema\/person\/image\/\",\"url\":\"https:\/\/jornalfatosenoticias.com.br\/wp-content\/uploads\/2025\/05\/EU_portal.jpg\",\"contentUrl\":\"https:\/\/jornalfatosenoticias.com.br\/wp-content\/uploads\/2025\/05\/EU_portal.jpg\",\"caption\":\"Luzimara Fernandes\"},\"description\":\"Jornalista MTB 2358-ES\",\"sameAs\":[\"https:\/\/jornalfatosenoticias.com.br\"],\"url\":\"https:\/\/jornalfatosenoticias.com.br\/index.php\/author\/luzimara\/\"}]}<\/script>\n<!-- \/ Yoast SEO plugin. -->","yoast_head_json":{"title":"Press\u00e3o alta e estresse: combina\u00e7\u00e3o \u00e9 respons\u00e1vel por 15% dos casos de infarto - Jornal Fatos e Not\u00edcias","robots":{"index":"index","follow":"follow","max-snippet":"max-snippet:-1","max-image-preview":"max-image-preview:large","max-video-preview":"max-video-preview:-1"},"canonical":"https:\/\/jornalfatosenoticias.com.br\/index.php\/2022\/11\/08\/pressao-alta-e-estresse-combinacao-e-responsavel-por-15-dos-casos-de-infarto\/","og_locale":"pt_BR","og_type":"article","og_title":"Press\u00e3o alta e estresse: combina\u00e7\u00e3o \u00e9 respons\u00e1vel por 15% dos casos de infarto - Jornal Fatos e Not\u00edcias","og_description":"Segundo especialista, h\u00e1 seis medidas para diminuir a chamada \u201chipertens\u00e3o emocional\u201d De acordo com estudo realizado pela American Heart Association, a taxa global de mortes por press\u00e3o alta aumentou 13% na \u00faltima d\u00e9cada; Brasil aparece em sexto lugar no ranking, que abrange dados de 190 pa\u00edses. Fatores psicol\u00f3gicos, emocionais e de personalidade s\u00e3o apontados como [&hellip;]","og_url":"https:\/\/jornalfatosenoticias.com.br\/index.php\/2022\/11\/08\/pressao-alta-e-estresse-combinacao-e-responsavel-por-15-dos-casos-de-infarto\/","og_site_name":"Jornal Fatos e Not\u00edcias","article_published_time":"2022-11-08T21:00:36+00:00","article_modified_time":"2022-11-08T21:32:35+00:00","og_image":[{"width":1000,"height":450,"url":"https:\/\/jornalfatosenoticias.com.br\/wp-content\/uploads\/2022\/11\/infarto.jpg","type":"image\/jpeg"}],"author":"Luzimara Fernandes","twitter_card":"summary_large_image","twitter_misc":{"Escrito por":"Luzimara Fernandes","Est. tempo de leitura":"5 minutos"},"schema":{"@context":"https:\/\/schema.org","@graph":[{"@type":"Article","@id":"https:\/\/jornalfatosenoticias.com.br\/index.php\/2022\/11\/08\/pressao-alta-e-estresse-combinacao-e-responsavel-por-15-dos-casos-de-infarto\/#article","isPartOf":{"@id":"https:\/\/jornalfatosenoticias.com.br\/index.php\/2022\/11\/08\/pressao-alta-e-estresse-combinacao-e-responsavel-por-15-dos-casos-de-infarto\/"},"author":{"name":"Luzimara Fernandes","@id":"https:\/\/jornalfatosenoticias.com.br\/#\/schema\/person\/d63837fa13ac8666eb9e74e0985d6f81"},"headline":"Press\u00e3o alta e estresse: combina\u00e7\u00e3o \u00e9 respons\u00e1vel por 15% dos casos de infarto","datePublished":"2022-11-08T21:00:36+00:00","dateModified":"2022-11-08T21:32:35+00:00","mainEntityOfPage":{"@id":"https:\/\/jornalfatosenoticias.com.br\/index.php\/2022\/11\/08\/pressao-alta-e-estresse-combinacao-e-responsavel-por-15-dos-casos-de-infarto\/"},"wordCount":1066,"commentCount":0,"publisher":{"@id":"https:\/\/jornalfatosenoticias.com.br\/#organization"},"image":{"@id":"https:\/\/jornalfatosenoticias.com.br\/index.php\/2022\/11\/08\/pressao-alta-e-estresse-combinacao-e-responsavel-por-15-dos-casos-de-infarto\/#primaryimage"},"thumbnailUrl":"https:\/\/jornalfatosenoticias.com.br\/wp-content\/uploads\/2022\/11\/infarto.jpg","keywords":["AVC","estresse","hipertens\u00e3o","infarto","press\u00e3o alta"],"articleSection":["Sa\u00fade"],"inLanguage":"pt-BR","potentialAction":[{"@type":"CommentAction","name":"Comment","target":["https:\/\/jornalfatosenoticias.com.br\/index.php\/2022\/11\/08\/pressao-alta-e-estresse-combinacao-e-responsavel-por-15-dos-casos-de-infarto\/#respond"]}]},{"@type":"WebPage","@id":"https:\/\/jornalfatosenoticias.com.br\/index.php\/2022\/11\/08\/pressao-alta-e-estresse-combinacao-e-responsavel-por-15-dos-casos-de-infarto\/","url":"https:\/\/jornalfatosenoticias.com.br\/index.php\/2022\/11\/08\/pressao-alta-e-estresse-combinacao-e-responsavel-por-15-dos-casos-de-infarto\/","name":"Press\u00e3o alta e estresse: combina\u00e7\u00e3o \u00e9 respons\u00e1vel por 15% dos casos de infarto - Jornal Fatos e Not\u00edcias","isPartOf":{"@id":"https:\/\/jornalfatosenoticias.com.br\/#website"},"primaryImageOfPage":{"@id":"https:\/\/jornalfatosenoticias.com.br\/index.php\/2022\/11\/08\/pressao-alta-e-estresse-combinacao-e-responsavel-por-15-dos-casos-de-infarto\/#primaryimage"},"image":{"@id":"https:\/\/jornalfatosenoticias.com.br\/index.php\/2022\/11\/08\/pressao-alta-e-estresse-combinacao-e-responsavel-por-15-dos-casos-de-infarto\/#primaryimage"},"thumbnailUrl":"https:\/\/jornalfatosenoticias.com.br\/wp-content\/uploads\/2022\/11\/infarto.jpg","datePublished":"2022-11-08T21:00:36+00:00","dateModified":"2022-11-08T21:32:35+00:00","breadcrumb":{"@id":"https:\/\/jornalfatosenoticias.com.br\/index.php\/2022\/11\/08\/pressao-alta-e-estresse-combinacao-e-responsavel-por-15-dos-casos-de-infarto\/#breadcrumb"},"inLanguage":"pt-BR","potentialAction":[{"@type":"ReadAction","target":["https:\/\/jornalfatosenoticias.com.br\/index.php\/2022\/11\/08\/pressao-alta-e-estresse-combinacao-e-responsavel-por-15-dos-casos-de-infarto\/"]}]},{"@type":"ImageObject","inLanguage":"pt-BR","@id":"https:\/\/jornalfatosenoticias.com.br\/index.php\/2022\/11\/08\/pressao-alta-e-estresse-combinacao-e-responsavel-por-15-dos-casos-de-infarto\/#primaryimage","url":"https:\/\/jornalfatosenoticias.com.br\/wp-content\/uploads\/2022\/11\/infarto.jpg","contentUrl":"https:\/\/jornalfatosenoticias.com.br\/wp-content\/uploads\/2022\/11\/infarto.jpg","width":1000,"height":450},{"@type":"BreadcrumbList","@id":"https:\/\/jornalfatosenoticias.com.br\/index.php\/2022\/11\/08\/pressao-alta-e-estresse-combinacao-e-responsavel-por-15-dos-casos-de-infarto\/#breadcrumb","itemListElement":[{"@type":"ListItem","position":1,"name":"In\u00edcio","item":"https:\/\/jornalfatosenoticias.com.br\/"},{"@type":"ListItem","position":2,"name":"Press\u00e3o alta e estresse: combina\u00e7\u00e3o \u00e9 respons\u00e1vel por 15% dos casos de infarto"}]},{"@type":"WebSite","@id":"https:\/\/jornalfatosenoticias.com.br\/#website","url":"https:\/\/jornalfatosenoticias.com.br\/","name":"Jornal Fatos e Not\u00edcias","description":"Not\u00edcias em geral","publisher":{"@id":"https:\/\/jornalfatosenoticias.com.br\/#organization"},"potentialAction":[{"@type":"SearchAction","target":{"@type":"EntryPoint","urlTemplate":"https:\/\/jornalfatosenoticias.com.br\/?s={search_term_string}"},"query-input":{"@type":"PropertyValueSpecification","valueRequired":true,"valueName":"search_term_string"}}],"inLanguage":"pt-BR"},{"@type":"Organization","@id":"https:\/\/jornalfatosenoticias.com.br\/#organization","name":"Jornal Fatos e Not\u00edcias","url":"https:\/\/jornalfatosenoticias.com.br\/","logo":{"@type":"ImageObject","inLanguage":"pt-BR","@id":"https:\/\/jornalfatosenoticias.com.br\/#\/schema\/logo\/image\/","url":"https:\/\/jornalfatosenoticias.com.br\/wp-content\/uploads\/2020\/02\/logo120.png","contentUrl":"https:\/\/jornalfatosenoticias.com.br\/wp-content\/uploads\/2020\/02\/logo120.png","width":1227,"height":120,"caption":"Jornal Fatos e Not\u00edcias"},"image":{"@id":"https:\/\/jornalfatosenoticias.com.br\/#\/schema\/logo\/image\/"}},{"@type":"Person","@id":"https:\/\/jornalfatosenoticias.com.br\/#\/schema\/person\/d63837fa13ac8666eb9e74e0985d6f81","name":"Luzimara Fernandes","image":{"@type":"ImageObject","inLanguage":"pt-BR","@id":"https:\/\/jornalfatosenoticias.com.br\/#\/schema\/person\/image\/","url":"https:\/\/jornalfatosenoticias.com.br\/wp-content\/uploads\/2025\/05\/EU_portal.jpg","contentUrl":"https:\/\/jornalfatosenoticias.com.br\/wp-content\/uploads\/2025\/05\/EU_portal.jpg","caption":"Luzimara Fernandes"},"description":"Jornalista MTB 2358-ES","sameAs":["https:\/\/jornalfatosenoticias.com.br"],"url":"https:\/\/jornalfatosenoticias.com.br\/index.php\/author\/luzimara\/"}]}},"cc_featured_image_caption":{"caption_text":"(Foto: Shutterstock)","source_text":"","source_url":""},"jetpack_featured_media_url":"https:\/\/jornalfatosenoticias.com.br\/wp-content\/uploads\/2022\/11\/infarto.jpg","_links":{"self":[{"href":"https:\/\/jornalfatosenoticias.com.br\/index.php\/wp-json\/wp\/v2\/posts\/35834","targetHints":{"allow":["GET"]}}],"collection":[{"href":"https:\/\/jornalfatosenoticias.com.br\/index.php\/wp-json\/wp\/v2\/posts"}],"about":[{"href":"https:\/\/jornalfatosenoticias.com.br\/index.php\/wp-json\/wp\/v2\/types\/post"}],"author":[{"embeddable":true,"href":"https:\/\/jornalfatosenoticias.com.br\/index.php\/wp-json\/wp\/v2\/users\/2"}],"replies":[{"embeddable":true,"href":"https:\/\/jornalfatosenoticias.com.br\/index.php\/wp-json\/wp\/v2\/comments?post=35834"}],"version-history":[{"count":0,"href":"https:\/\/jornalfatosenoticias.com.br\/index.php\/wp-json\/wp\/v2\/posts\/35834\/revisions"}],"wp:featuredmedia":[{"embeddable":true,"href":"https:\/\/jornalfatosenoticias.com.br\/index.php\/wp-json\/wp\/v2\/media\/35835"}],"wp:attachment":[{"href":"https:\/\/jornalfatosenoticias.com.br\/index.php\/wp-json\/wp\/v2\/media?parent=35834"}],"wp:term":[{"taxonomy":"category","embeddable":true,"href":"https:\/\/jornalfatosenoticias.com.br\/index.php\/wp-json\/wp\/v2\/categories?post=35834"},{"taxonomy":"post_tag","embeddable":true,"href":"https:\/\/jornalfatosenoticias.com.br\/index.php\/wp-json\/wp\/v2\/tags?post=35834"}],"curies":[{"name":"wp","href":"https:\/\/api.w.org\/{rel}","templated":true}]}}