{"id":35843,"date":"2022-11-08T18:42:18","date_gmt":"2022-11-08T21:42:18","guid":{"rendered":"https:\/\/jornalfatosenoticias.com.br\/?p=35843"},"modified":"2022-11-08T18:42:21","modified_gmt":"2022-11-08T21:42:21","slug":"vitoria-faz-mutirao-para-emissao-da-carteira-de-trabalho-para-venezuelanos","status":"publish","type":"post","link":"https:\/\/jornalfatosenoticias.com.br\/index.php\/2022\/11\/08\/vitoria-faz-mutirao-para-emissao-da-carteira-de-trabalho-para-venezuelanos\/","title":{"rendered":"Vit\u00f3ria faz mutir\u00e3o para emiss\u00e3o da carteira de trabalho para venezuelanos"},"content":{"rendered":"\n<div class=\"wp-block-image\"><figure class=\"aligncenter size-large\"><img decoding=\"async\" src=\"https:\/\/jornalfatosenoticias.com.br\/wp-content\/uploads\/2020\/02\/logo-embacia-1-1024x110.jpg\" alt=\"\" class=\"wp-image-33954\"\/><\/figure><\/div>\n\n\n\n<p>Mais dignidade e oportunidades para os ind\u00edgenas venezuelanos da tribo Warao, que est\u00e3o abrigados provisoriamente no Servi\u00e7o de Acolhimento vinculado \u00e0 Secretaria de Assist\u00eancia Social (Semas) de Vit\u00f3ria. Nesta ter\u00e7a-feira (8) eles foram encaminhados para emiss\u00e3o da Carteira de Trabalho Digital, na Casa do Cidad\u00e3o. A a\u00e7\u00e3o ocorreu por meio de uma for\u00e7a tarefa, montada pela Semas em parceria com a Secretaria de Cidadania, Direitos Humanos e Trabalho (Semcid) da capital.<\/p>\n\n\n\n<div class=\"wp-block-image\"><figure class=\"aligncenter size-large is-resized\"><img loading=\"lazy\" decoding=\"async\" src=\"https:\/\/jornalfatosenoticias.com.br\/wp-content\/uploads\/2020\/02\/logo-clinica-limoeiro.jpg\" alt=\"\" class=\"wp-image-34610\" width=\"286\" height=\"203\"\/><\/figure><\/div>\n\n\n\n<p>Para obterem melhor desempenho nas entrevistas de emprego, a Unidade de Inclus\u00e3o Produtiva (UIP) promoveu, nesta segunda-feira (7), uma oficina preparat\u00f3ria para este importante momento, que contemplou as mulheres venezuelanas que fazem parte do grupo.<\/p>\n\n\n\n<div class=\"wp-block-image\"><figure class=\"aligncenter size-large\"><img loading=\"lazy\" decoding=\"async\" width=\"1024\" height=\"103\" src=\"https:\/\/jornalfatosenoticias.com.br\/wp-content\/uploads\/2022\/02\/Arte-Autoescola-Galatas_endereco_portal-1024x103.png\" alt=\"\" class=\"wp-image-27869\" srcset=\"https:\/\/jornalfatosenoticias.com.br\/wp-content\/uploads\/2022\/02\/Arte-Autoescola-Galatas_endereco_portal-1024x103.png 1024w, https:\/\/jornalfatosenoticias.com.br\/wp-content\/uploads\/2022\/02\/Arte-Autoescola-Galatas_endereco_portal-300x30.png 300w, https:\/\/jornalfatosenoticias.com.br\/wp-content\/uploads\/2022\/02\/Arte-Autoescola-Galatas_endereco_portal-768x77.png 768w, https:\/\/jornalfatosenoticias.com.br\/wp-content\/uploads\/2022\/02\/Arte-Autoescola-Galatas_endereco_portal.png 1223w\" sizes=\"auto, (max-width: 1024px) 100vw, 1024px\" \/><\/figure><\/div>\n\n\n\n<p>Na avalia\u00e7\u00e3o da equipe da UIP, a oficina amplia as possibilidades de ingresso no mercado de trabalho por contribuir para um melhor desempenho nas entrevistas. Vale ressaltar o impacto positivo das empresas terem no seu time de colaboradores pessoas de uma cultura diferente.<\/p>\n\n\n\n<div class=\"wp-block-image\"><figure class=\"aligncenter size-large is-resized\"><img loading=\"lazy\" decoding=\"async\" src=\"https:\/\/jornalfatosenoticias.com.br\/wp-content\/uploads\/2022\/02\/Precisao-Contabilidade-1024x724.jpg\" alt=\"\" class=\"wp-image-28088\" width=\"303\" height=\"214\"\/><\/figure><\/div>\n\n\n\n<figure class=\"wp-block-pullquote\"><blockquote><p><span class=\"has-inline-color has-luminous-vivid-orange-color\">Os estrangeiros trazem uma vis\u00e3o de mundo diferente entre os funcion\u00e1rios. Ter um na equipe, traz ganho para o contratado, devido a adapta\u00e7\u00e3o \u00e0 cultura local e acesso \u00e0 cidadania por meio de recursos locais e. tamb\u00e9m, para a empresa&#8221;, disse D\u00e9bora Rogers, t\u00e9cnica de refer\u00eancia da UIP.<\/span><\/p><\/blockquote><\/figure>\n\n\n\n<div class=\"wp-block-image\"><figure class=\"aligncenter size-large\"><img loading=\"lazy\" decoding=\"async\" width=\"700\" height=\"933\" src=\"https:\/\/jornalfatosenoticias.com.br\/wp-content\/uploads\/2022\/11\/venezuelanos_Vitoria2.jpg\" alt=\"\" class=\"wp-image-35844\" srcset=\"https:\/\/jornalfatosenoticias.com.br\/wp-content\/uploads\/2022\/11\/venezuelanos_Vitoria2.jpg 700w, https:\/\/jornalfatosenoticias.com.br\/wp-content\/uploads\/2022\/11\/venezuelanos_Vitoria2-225x300.jpg 225w\" sizes=\"auto, (max-width: 700px) 100vw, 700px\" \/><figcaption><em><span class=\"has-inline-color has-black-color\">Emiss\u00e3o de Carteira de Trabalho para venezuelanos (Foto: Divulga\u00e7\u00e3o)<\/span><\/em><\/figcaption><\/figure><\/div>\n\n\n\n<p>Para a secret\u00e1ria da Assist\u00eancia Social de Vit\u00f3ria, Cintya Shulz, a a\u00e7\u00e3o garante aos ind\u00edgenas Waraos a possibilidade de ingressarem no mercado formal de trabalho no territ\u00f3rio brasileiro.<\/p>\n\n\n\n<div class=\"wp-block-image\"><figure class=\"aligncenter size-large\"><img decoding=\"async\" src=\"https:\/\/jornalfatosenoticias.com.br\/wp-content\/uploads\/2020\/02\/barao-das-carnes-300x164-1.jpg\" alt=\"\" class=\"wp-image-34339\"\/><\/figure><\/div>\n\n\n\n<figure class=\"wp-block-pullquote\"><blockquote><p><span class=\"has-inline-color has-luminous-vivid-orange-color\">Esse \u00e9 mais um passo para que o grupo possa abrir as portas para novas oportunidades e conhecimentos, superando a condi\u00e7\u00e3o de vulnerabilidade e conquistando autonomia&#8221;, disse.<\/span><\/p><\/blockquote><\/figure>\n\n\n\n<div class=\"wp-block-image\"><figure class=\"aligncenter size-large\"><img loading=\"lazy\" decoding=\"async\" width=\"1024\" height=\"100\" src=\"https:\/\/jornalfatosenoticias.com.br\/wp-content\/uploads\/2022\/05\/NOVA-LOGO-CESCONETTO-1024x100.jpg\" alt=\"\" class=\"wp-image-30792\" srcset=\"https:\/\/jornalfatosenoticias.com.br\/wp-content\/uploads\/2022\/05\/NOVA-LOGO-CESCONETTO-1024x100.jpg 1024w, https:\/\/jornalfatosenoticias.com.br\/wp-content\/uploads\/2022\/05\/NOVA-LOGO-CESCONETTO-300x29.jpg 300w, https:\/\/jornalfatosenoticias.com.br\/wp-content\/uploads\/2022\/05\/NOVA-LOGO-CESCONETTO-768x75.jpg 768w, https:\/\/jornalfatosenoticias.com.br\/wp-content\/uploads\/2022\/05\/NOVA-LOGO-CESCONETTO.jpg 1280w\" sizes=\"auto, (max-width: 1024px) 100vw, 1024px\" \/><\/figure><\/div>\n\n\n\n<p>Os waraos est\u00e3o desde 16 de agosto em Vit\u00f3ria, em um Servi\u00e7o de Acolhimento Provis\u00f3rio do munic\u00edpio, onde \u00e9 garantido o local para abrigamento, alimenta\u00e7\u00e3o, material de limpeza e higiene pessoal, acompanhamento social, al\u00e9m das articula\u00e7\u00f5es necess\u00e1rias com as outras pol\u00edticas p\u00fablicas, buscando a autonomia do grupo.<\/p>\n\n\n\n<div class=\"wp-block-image\"><figure class=\"aligncenter size-large is-resized\"><img loading=\"lazy\" decoding=\"async\" src=\"https:\/\/jornalfatosenoticias.com.br\/wp-content\/uploads\/2022\/07\/Logo-Grupo-SEI.jpg\" alt=\"\" class=\"wp-image-31973\" width=\"275\" height=\"144\" srcset=\"https:\/\/jornalfatosenoticias.com.br\/wp-content\/uploads\/2022\/07\/Logo-Grupo-SEI.jpg 713w, https:\/\/jornalfatosenoticias.com.br\/wp-content\/uploads\/2022\/07\/Logo-Grupo-SEI-300x158.jpg 300w\" sizes=\"auto, (max-width: 275px) 100vw, 275px\" \/><\/figure><\/div>\n\n\n\n<p><strong><em>Fonte: <a href=\"https:\/\/www.vitoria.es.gov.br\/noticia\/vitoria-faz-mutirao-para-emissao-da-carteira-de-trabalho-para-venezuelanos-46343\">PMV<\/a><\/em><\/strong><\/p>\n","protected":false},"excerpt":{"rendered":"<p>Mais dignidade e oportunidades para os ind\u00edgenas venezuelanos da tribo Warao, que est\u00e3o abrigados provisoriamente no Servi\u00e7o de Acolhimento vinculado \u00e0 Secretaria de Assist\u00eancia Social (Semas) de Vit\u00f3ria. Nesta ter\u00e7a-feira (8) eles foram encaminhados para emiss\u00e3o da Carteira de Trabalho Digital, na Casa do Cidad\u00e3o. A a\u00e7\u00e3o ocorreu por meio de uma for\u00e7a tarefa, montada [&hellip;]<\/p>\n","protected":false},"author":2,"featured_media":35845,"comment_status":"open","ping_status":"open","sticky":false,"template":"","format":"standard","meta":{"footnotes":""},"categories":[9],"tags":[11989,16810,16811,14624,882],"class_list":["post-35843","post","type-post","status-publish","format-standard","has-post-thumbnail","hentry","category-economia","tag-carteira-de-trabalho","tag-emissao","tag-mutirao","tag-venezuelanos","tag-vitoria"],"yoast_head":"<!-- This site is optimized with the Yoast SEO plugin v26.5 - https:\/\/yoast.com\/wordpress\/plugins\/seo\/ -->\n<title>Vit\u00f3ria faz mutir\u00e3o para emiss\u00e3o da carteira de trabalho para venezuelanos - Jornal Fatos e Not\u00edcias<\/title>\n<meta name=\"robots\" content=\"index, follow, max-snippet:-1, max-image-preview:large, max-video-preview:-1\" \/>\n<link rel=\"canonical\" href=\"https:\/\/jornalfatosenoticias.com.br\/index.php\/2022\/11\/08\/vitoria-faz-mutirao-para-emissao-da-carteira-de-trabalho-para-venezuelanos\/\" \/>\n<meta property=\"og:locale\" content=\"pt_BR\" \/>\n<meta property=\"og:type\" content=\"article\" \/>\n<meta property=\"og:title\" content=\"Vit\u00f3ria faz mutir\u00e3o para emiss\u00e3o da carteira de trabalho para venezuelanos - Jornal Fatos e Not\u00edcias\" \/>\n<meta property=\"og:description\" content=\"Mais dignidade e oportunidades para os ind\u00edgenas venezuelanos da tribo Warao, que est\u00e3o abrigados provisoriamente no Servi\u00e7o de Acolhimento vinculado \u00e0 Secretaria de Assist\u00eancia Social (Semas) de Vit\u00f3ria. Nesta ter\u00e7a-feira (8) eles foram encaminhados para emiss\u00e3o da Carteira de Trabalho Digital, na Casa do Cidad\u00e3o. A a\u00e7\u00e3o ocorreu por meio de uma for\u00e7a tarefa, montada [&hellip;]\" \/>\n<meta property=\"og:url\" content=\"https:\/\/jornalfatosenoticias.com.br\/index.php\/2022\/11\/08\/vitoria-faz-mutirao-para-emissao-da-carteira-de-trabalho-para-venezuelanos\/\" \/>\n<meta property=\"og:site_name\" content=\"Jornal Fatos e Not\u00edcias\" \/>\n<meta property=\"article:published_time\" content=\"2022-11-08T21:42:18+00:00\" \/>\n<meta property=\"article:modified_time\" content=\"2022-11-08T21:42:21+00:00\" \/>\n<meta property=\"og:image\" content=\"https:\/\/jornalfatosenoticias.com.br\/wp-content\/uploads\/2022\/11\/venezuelanos_Vitoria.jpg\" \/>\n\t<meta property=\"og:image:width\" content=\"1000\" \/>\n\t<meta property=\"og:image:height\" content=\"675\" \/>\n\t<meta property=\"og:image:type\" content=\"image\/jpeg\" \/>\n<meta name=\"author\" content=\"Luzimara Fernandes\" \/>\n<meta name=\"twitter:card\" content=\"summary_large_image\" \/>\n<meta name=\"twitter:label1\" content=\"Escrito por\" \/>\n\t<meta name=\"twitter:data1\" content=\"Luzimara Fernandes\" \/>\n\t<meta name=\"twitter:label2\" content=\"Est. tempo de leitura\" \/>\n\t<meta name=\"twitter:data2\" content=\"2 minutos\" \/>\n<script type=\"application\/ld+json\" class=\"yoast-schema-graph\">{\"@context\":\"https:\/\/schema.org\",\"@graph\":[{\"@type\":\"Article\",\"@id\":\"https:\/\/jornalfatosenoticias.com.br\/index.php\/2022\/11\/08\/vitoria-faz-mutirao-para-emissao-da-carteira-de-trabalho-para-venezuelanos\/#article\",\"isPartOf\":{\"@id\":\"https:\/\/jornalfatosenoticias.com.br\/index.php\/2022\/11\/08\/vitoria-faz-mutirao-para-emissao-da-carteira-de-trabalho-para-venezuelanos\/\"},\"author\":{\"name\":\"Luzimara Fernandes\",\"@id\":\"https:\/\/jornalfatosenoticias.com.br\/#\/schema\/person\/d63837fa13ac8666eb9e74e0985d6f81\"},\"headline\":\"Vit\u00f3ria faz mutir\u00e3o para emiss\u00e3o da carteira de trabalho para venezuelanos\",\"datePublished\":\"2022-11-08T21:42:18+00:00\",\"dateModified\":\"2022-11-08T21:42:21+00:00\",\"mainEntityOfPage\":{\"@id\":\"https:\/\/jornalfatosenoticias.com.br\/index.php\/2022\/11\/08\/vitoria-faz-mutirao-para-emissao-da-carteira-de-trabalho-para-venezuelanos\/\"},\"wordCount\":356,\"commentCount\":0,\"publisher\":{\"@id\":\"https:\/\/jornalfatosenoticias.com.br\/#organization\"},\"image\":{\"@id\":\"https:\/\/jornalfatosenoticias.com.br\/index.php\/2022\/11\/08\/vitoria-faz-mutirao-para-emissao-da-carteira-de-trabalho-para-venezuelanos\/#primaryimage\"},\"thumbnailUrl\":\"https:\/\/jornalfatosenoticias.com.br\/wp-content\/uploads\/2022\/11\/venezuelanos_Vitoria.jpg\",\"keywords\":[\"carteira de trabalho\",\"emiss\u00e3o\",\"mutir\u00e3o\",\"venezuelanos\",\"Vit\u00f3ria\"],\"articleSection\":[\"Economia\"],\"inLanguage\":\"pt-BR\",\"potentialAction\":[{\"@type\":\"CommentAction\",\"name\":\"Comment\",\"target\":[\"https:\/\/jornalfatosenoticias.com.br\/index.php\/2022\/11\/08\/vitoria-faz-mutirao-para-emissao-da-carteira-de-trabalho-para-venezuelanos\/#respond\"]}]},{\"@type\":\"WebPage\",\"@id\":\"https:\/\/jornalfatosenoticias.com.br\/index.php\/2022\/11\/08\/vitoria-faz-mutirao-para-emissao-da-carteira-de-trabalho-para-venezuelanos\/\",\"url\":\"https:\/\/jornalfatosenoticias.com.br\/index.php\/2022\/11\/08\/vitoria-faz-mutirao-para-emissao-da-carteira-de-trabalho-para-venezuelanos\/\",\"name\":\"Vit\u00f3ria faz mutir\u00e3o para emiss\u00e3o da carteira de trabalho para venezuelanos - Jornal Fatos e Not\u00edcias\",\"isPartOf\":{\"@id\":\"https:\/\/jornalfatosenoticias.com.br\/#website\"},\"primaryImageOfPage\":{\"@id\":\"https:\/\/jornalfatosenoticias.com.br\/index.php\/2022\/11\/08\/vitoria-faz-mutirao-para-emissao-da-carteira-de-trabalho-para-venezuelanos\/#primaryimage\"},\"image\":{\"@id\":\"https:\/\/jornalfatosenoticias.com.br\/index.php\/2022\/11\/08\/vitoria-faz-mutirao-para-emissao-da-carteira-de-trabalho-para-venezuelanos\/#primaryimage\"},\"thumbnailUrl\":\"https:\/\/jornalfatosenoticias.com.br\/wp-content\/uploads\/2022\/11\/venezuelanos_Vitoria.jpg\",\"datePublished\":\"2022-11-08T21:42:18+00:00\",\"dateModified\":\"2022-11-08T21:42:21+00:00\",\"breadcrumb\":{\"@id\":\"https:\/\/jornalfatosenoticias.com.br\/index.php\/2022\/11\/08\/vitoria-faz-mutirao-para-emissao-da-carteira-de-trabalho-para-venezuelanos\/#breadcrumb\"},\"inLanguage\":\"pt-BR\",\"potentialAction\":[{\"@type\":\"ReadAction\",\"target\":[\"https:\/\/jornalfatosenoticias.com.br\/index.php\/2022\/11\/08\/vitoria-faz-mutirao-para-emissao-da-carteira-de-trabalho-para-venezuelanos\/\"]}]},{\"@type\":\"ImageObject\",\"inLanguage\":\"pt-BR\",\"@id\":\"https:\/\/jornalfatosenoticias.com.br\/index.php\/2022\/11\/08\/vitoria-faz-mutirao-para-emissao-da-carteira-de-trabalho-para-venezuelanos\/#primaryimage\",\"url\":\"https:\/\/jornalfatosenoticias.com.br\/wp-content\/uploads\/2022\/11\/venezuelanos_Vitoria.jpg\",\"contentUrl\":\"https:\/\/jornalfatosenoticias.com.br\/wp-content\/uploads\/2022\/11\/venezuelanos_Vitoria.jpg\",\"width\":1000,\"height\":675,\"caption\":\"Emiss\u00e3o de Carteira de Trabalho para Venezuelanos\"},{\"@type\":\"BreadcrumbList\",\"@id\":\"https:\/\/jornalfatosenoticias.com.br\/index.php\/2022\/11\/08\/vitoria-faz-mutirao-para-emissao-da-carteira-de-trabalho-para-venezuelanos\/#breadcrumb\",\"itemListElement\":[{\"@type\":\"ListItem\",\"position\":1,\"name\":\"In\u00edcio\",\"item\":\"https:\/\/jornalfatosenoticias.com.br\/\"},{\"@type\":\"ListItem\",\"position\":2,\"name\":\"Vit\u00f3ria faz mutir\u00e3o para emiss\u00e3o da carteira de trabalho para venezuelanos\"}]},{\"@type\":\"WebSite\",\"@id\":\"https:\/\/jornalfatosenoticias.com.br\/#website\",\"url\":\"https:\/\/jornalfatosenoticias.com.br\/\",\"name\":\"Jornal Fatos e Not\u00edcias\",\"description\":\"Not\u00edcias em geral\",\"publisher\":{\"@id\":\"https:\/\/jornalfatosenoticias.com.br\/#organization\"},\"potentialAction\":[{\"@type\":\"SearchAction\",\"target\":{\"@type\":\"EntryPoint\",\"urlTemplate\":\"https:\/\/jornalfatosenoticias.com.br\/?s={search_term_string}\"},\"query-input\":{\"@type\":\"PropertyValueSpecification\",\"valueRequired\":true,\"valueName\":\"search_term_string\"}}],\"inLanguage\":\"pt-BR\"},{\"@type\":\"Organization\",\"@id\":\"https:\/\/jornalfatosenoticias.com.br\/#organization\",\"name\":\"Jornal Fatos e Not\u00edcias\",\"url\":\"https:\/\/jornalfatosenoticias.com.br\/\",\"logo\":{\"@type\":\"ImageObject\",\"inLanguage\":\"pt-BR\",\"@id\":\"https:\/\/jornalfatosenoticias.com.br\/#\/schema\/logo\/image\/\",\"url\":\"https:\/\/jornalfatosenoticias.com.br\/wp-content\/uploads\/2020\/02\/logo120.png\",\"contentUrl\":\"https:\/\/jornalfatosenoticias.com.br\/wp-content\/uploads\/2020\/02\/logo120.png\",\"width\":1227,\"height\":120,\"caption\":\"Jornal Fatos e Not\u00edcias\"},\"image\":{\"@id\":\"https:\/\/jornalfatosenoticias.com.br\/#\/schema\/logo\/image\/\"}},{\"@type\":\"Person\",\"@id\":\"https:\/\/jornalfatosenoticias.com.br\/#\/schema\/person\/d63837fa13ac8666eb9e74e0985d6f81\",\"name\":\"Luzimara Fernandes\",\"image\":{\"@type\":\"ImageObject\",\"inLanguage\":\"pt-BR\",\"@id\":\"https:\/\/jornalfatosenoticias.com.br\/#\/schema\/person\/image\/\",\"url\":\"https:\/\/jornalfatosenoticias.com.br\/wp-content\/uploads\/2025\/05\/EU_portal.jpg\",\"contentUrl\":\"https:\/\/jornalfatosenoticias.com.br\/wp-content\/uploads\/2025\/05\/EU_portal.jpg\",\"caption\":\"Luzimara Fernandes\"},\"description\":\"Jornalista MTB 2358-ES\",\"sameAs\":[\"https:\/\/jornalfatosenoticias.com.br\"],\"url\":\"https:\/\/jornalfatosenoticias.com.br\/index.php\/author\/luzimara\/\"}]}<\/script>\n<!-- \/ Yoast SEO plugin. -->","yoast_head_json":{"title":"Vit\u00f3ria faz mutir\u00e3o para emiss\u00e3o da carteira de trabalho para venezuelanos - Jornal Fatos e Not\u00edcias","robots":{"index":"index","follow":"follow","max-snippet":"max-snippet:-1","max-image-preview":"max-image-preview:large","max-video-preview":"max-video-preview:-1"},"canonical":"https:\/\/jornalfatosenoticias.com.br\/index.php\/2022\/11\/08\/vitoria-faz-mutirao-para-emissao-da-carteira-de-trabalho-para-venezuelanos\/","og_locale":"pt_BR","og_type":"article","og_title":"Vit\u00f3ria faz mutir\u00e3o para emiss\u00e3o da carteira de trabalho para venezuelanos - Jornal Fatos e Not\u00edcias","og_description":"Mais dignidade e oportunidades para os ind\u00edgenas venezuelanos da tribo Warao, que est\u00e3o abrigados provisoriamente no Servi\u00e7o de Acolhimento vinculado \u00e0 Secretaria de Assist\u00eancia Social (Semas) de Vit\u00f3ria. Nesta ter\u00e7a-feira (8) eles foram encaminhados para emiss\u00e3o da Carteira de Trabalho Digital, na Casa do Cidad\u00e3o. A a\u00e7\u00e3o ocorreu por meio de uma for\u00e7a tarefa, montada [&hellip;]","og_url":"https:\/\/jornalfatosenoticias.com.br\/index.php\/2022\/11\/08\/vitoria-faz-mutirao-para-emissao-da-carteira-de-trabalho-para-venezuelanos\/","og_site_name":"Jornal Fatos e Not\u00edcias","article_published_time":"2022-11-08T21:42:18+00:00","article_modified_time":"2022-11-08T21:42:21+00:00","og_image":[{"width":1000,"height":675,"url":"https:\/\/jornalfatosenoticias.com.br\/wp-content\/uploads\/2022\/11\/venezuelanos_Vitoria.jpg","type":"image\/jpeg"}],"author":"Luzimara Fernandes","twitter_card":"summary_large_image","twitter_misc":{"Escrito por":"Luzimara Fernandes","Est. tempo de leitura":"2 minutos"},"schema":{"@context":"https:\/\/schema.org","@graph":[{"@type":"Article","@id":"https:\/\/jornalfatosenoticias.com.br\/index.php\/2022\/11\/08\/vitoria-faz-mutirao-para-emissao-da-carteira-de-trabalho-para-venezuelanos\/#article","isPartOf":{"@id":"https:\/\/jornalfatosenoticias.com.br\/index.php\/2022\/11\/08\/vitoria-faz-mutirao-para-emissao-da-carteira-de-trabalho-para-venezuelanos\/"},"author":{"name":"Luzimara Fernandes","@id":"https:\/\/jornalfatosenoticias.com.br\/#\/schema\/person\/d63837fa13ac8666eb9e74e0985d6f81"},"headline":"Vit\u00f3ria faz mutir\u00e3o para emiss\u00e3o da carteira de trabalho para venezuelanos","datePublished":"2022-11-08T21:42:18+00:00","dateModified":"2022-11-08T21:42:21+00:00","mainEntityOfPage":{"@id":"https:\/\/jornalfatosenoticias.com.br\/index.php\/2022\/11\/08\/vitoria-faz-mutirao-para-emissao-da-carteira-de-trabalho-para-venezuelanos\/"},"wordCount":356,"commentCount":0,"publisher":{"@id":"https:\/\/jornalfatosenoticias.com.br\/#organization"},"image":{"@id":"https:\/\/jornalfatosenoticias.com.br\/index.php\/2022\/11\/08\/vitoria-faz-mutirao-para-emissao-da-carteira-de-trabalho-para-venezuelanos\/#primaryimage"},"thumbnailUrl":"https:\/\/jornalfatosenoticias.com.br\/wp-content\/uploads\/2022\/11\/venezuelanos_Vitoria.jpg","keywords":["carteira de trabalho","emiss\u00e3o","mutir\u00e3o","venezuelanos","Vit\u00f3ria"],"articleSection":["Economia"],"inLanguage":"pt-BR","potentialAction":[{"@type":"CommentAction","name":"Comment","target":["https:\/\/jornalfatosenoticias.com.br\/index.php\/2022\/11\/08\/vitoria-faz-mutirao-para-emissao-da-carteira-de-trabalho-para-venezuelanos\/#respond"]}]},{"@type":"WebPage","@id":"https:\/\/jornalfatosenoticias.com.br\/index.php\/2022\/11\/08\/vitoria-faz-mutirao-para-emissao-da-carteira-de-trabalho-para-venezuelanos\/","url":"https:\/\/jornalfatosenoticias.com.br\/index.php\/2022\/11\/08\/vitoria-faz-mutirao-para-emissao-da-carteira-de-trabalho-para-venezuelanos\/","name":"Vit\u00f3ria faz mutir\u00e3o para emiss\u00e3o da carteira de trabalho para venezuelanos - Jornal Fatos e Not\u00edcias","isPartOf":{"@id":"https:\/\/jornalfatosenoticias.com.br\/#website"},"primaryImageOfPage":{"@id":"https:\/\/jornalfatosenoticias.com.br\/index.php\/2022\/11\/08\/vitoria-faz-mutirao-para-emissao-da-carteira-de-trabalho-para-venezuelanos\/#primaryimage"},"image":{"@id":"https:\/\/jornalfatosenoticias.com.br\/index.php\/2022\/11\/08\/vitoria-faz-mutirao-para-emissao-da-carteira-de-trabalho-para-venezuelanos\/#primaryimage"},"thumbnailUrl":"https:\/\/jornalfatosenoticias.com.br\/wp-content\/uploads\/2022\/11\/venezuelanos_Vitoria.jpg","datePublished":"2022-11-08T21:42:18+00:00","dateModified":"2022-11-08T21:42:21+00:00","breadcrumb":{"@id":"https:\/\/jornalfatosenoticias.com.br\/index.php\/2022\/11\/08\/vitoria-faz-mutirao-para-emissao-da-carteira-de-trabalho-para-venezuelanos\/#breadcrumb"},"inLanguage":"pt-BR","potentialAction":[{"@type":"ReadAction","target":["https:\/\/jornalfatosenoticias.com.br\/index.php\/2022\/11\/08\/vitoria-faz-mutirao-para-emissao-da-carteira-de-trabalho-para-venezuelanos\/"]}]},{"@type":"ImageObject","inLanguage":"pt-BR","@id":"https:\/\/jornalfatosenoticias.com.br\/index.php\/2022\/11\/08\/vitoria-faz-mutirao-para-emissao-da-carteira-de-trabalho-para-venezuelanos\/#primaryimage","url":"https:\/\/jornalfatosenoticias.com.br\/wp-content\/uploads\/2022\/11\/venezuelanos_Vitoria.jpg","contentUrl":"https:\/\/jornalfatosenoticias.com.br\/wp-content\/uploads\/2022\/11\/venezuelanos_Vitoria.jpg","width":1000,"height":675,"caption":"Emiss\u00e3o de Carteira de Trabalho para Venezuelanos"},{"@type":"BreadcrumbList","@id":"https:\/\/jornalfatosenoticias.com.br\/index.php\/2022\/11\/08\/vitoria-faz-mutirao-para-emissao-da-carteira-de-trabalho-para-venezuelanos\/#breadcrumb","itemListElement":[{"@type":"ListItem","position":1,"name":"In\u00edcio","item":"https:\/\/jornalfatosenoticias.com.br\/"},{"@type":"ListItem","position":2,"name":"Vit\u00f3ria faz mutir\u00e3o para emiss\u00e3o da carteira de trabalho para venezuelanos"}]},{"@type":"WebSite","@id":"https:\/\/jornalfatosenoticias.com.br\/#website","url":"https:\/\/jornalfatosenoticias.com.br\/","name":"Jornal Fatos e Not\u00edcias","description":"Not\u00edcias em geral","publisher":{"@id":"https:\/\/jornalfatosenoticias.com.br\/#organization"},"potentialAction":[{"@type":"SearchAction","target":{"@type":"EntryPoint","urlTemplate":"https:\/\/jornalfatosenoticias.com.br\/?s={search_term_string}"},"query-input":{"@type":"PropertyValueSpecification","valueRequired":true,"valueName":"search_term_string"}}],"inLanguage":"pt-BR"},{"@type":"Organization","@id":"https:\/\/jornalfatosenoticias.com.br\/#organization","name":"Jornal Fatos e Not\u00edcias","url":"https:\/\/jornalfatosenoticias.com.br\/","logo":{"@type":"ImageObject","inLanguage":"pt-BR","@id":"https:\/\/jornalfatosenoticias.com.br\/#\/schema\/logo\/image\/","url":"https:\/\/jornalfatosenoticias.com.br\/wp-content\/uploads\/2020\/02\/logo120.png","contentUrl":"https:\/\/jornalfatosenoticias.com.br\/wp-content\/uploads\/2020\/02\/logo120.png","width":1227,"height":120,"caption":"Jornal Fatos e Not\u00edcias"},"image":{"@id":"https:\/\/jornalfatosenoticias.com.br\/#\/schema\/logo\/image\/"}},{"@type":"Person","@id":"https:\/\/jornalfatosenoticias.com.br\/#\/schema\/person\/d63837fa13ac8666eb9e74e0985d6f81","name":"Luzimara Fernandes","image":{"@type":"ImageObject","inLanguage":"pt-BR","@id":"https:\/\/jornalfatosenoticias.com.br\/#\/schema\/person\/image\/","url":"https:\/\/jornalfatosenoticias.com.br\/wp-content\/uploads\/2025\/05\/EU_portal.jpg","contentUrl":"https:\/\/jornalfatosenoticias.com.br\/wp-content\/uploads\/2025\/05\/EU_portal.jpg","caption":"Luzimara Fernandes"},"description":"Jornalista MTB 2358-ES","sameAs":["https:\/\/jornalfatosenoticias.com.br"],"url":"https:\/\/jornalfatosenoticias.com.br\/index.php\/author\/luzimara\/"}]}},"cc_featured_image_caption":{"caption_text":"(Foto: Divulga\u00e7\u00e3o)","source_text":"","source_url":""},"jetpack_featured_media_url":"https:\/\/jornalfatosenoticias.com.br\/wp-content\/uploads\/2022\/11\/venezuelanos_Vitoria.jpg","_links":{"self":[{"href":"https:\/\/jornalfatosenoticias.com.br\/index.php\/wp-json\/wp\/v2\/posts\/35843","targetHints":{"allow":["GET"]}}],"collection":[{"href":"https:\/\/jornalfatosenoticias.com.br\/index.php\/wp-json\/wp\/v2\/posts"}],"about":[{"href":"https:\/\/jornalfatosenoticias.com.br\/index.php\/wp-json\/wp\/v2\/types\/post"}],"author":[{"embeddable":true,"href":"https:\/\/jornalfatosenoticias.com.br\/index.php\/wp-json\/wp\/v2\/users\/2"}],"replies":[{"embeddable":true,"href":"https:\/\/jornalfatosenoticias.com.br\/index.php\/wp-json\/wp\/v2\/comments?post=35843"}],"version-history":[{"count":0,"href":"https:\/\/jornalfatosenoticias.com.br\/index.php\/wp-json\/wp\/v2\/posts\/35843\/revisions"}],"wp:featuredmedia":[{"embeddable":true,"href":"https:\/\/jornalfatosenoticias.com.br\/index.php\/wp-json\/wp\/v2\/media\/35845"}],"wp:attachment":[{"href":"https:\/\/jornalfatosenoticias.com.br\/index.php\/wp-json\/wp\/v2\/media?parent=35843"}],"wp:term":[{"taxonomy":"category","embeddable":true,"href":"https:\/\/jornalfatosenoticias.com.br\/index.php\/wp-json\/wp\/v2\/categories?post=35843"},{"taxonomy":"post_tag","embeddable":true,"href":"https:\/\/jornalfatosenoticias.com.br\/index.php\/wp-json\/wp\/v2\/tags?post=35843"}],"curies":[{"name":"wp","href":"https:\/\/api.w.org\/{rel}","templated":true}]}}