{"id":35847,"date":"2022-11-08T19:00:44","date_gmt":"2022-11-08T22:00:44","guid":{"rendered":"https:\/\/jornalfatosenoticias.com.br\/?p=35847"},"modified":"2022-11-08T19:00:47","modified_gmt":"2022-11-08T22:00:47","slug":"ministerio-da-educacao-abre-selecao-para-curso-voltado-para-a-educacao-infantil","status":"publish","type":"post","link":"https:\/\/jornalfatosenoticias.com.br\/index.php\/2022\/11\/08\/ministerio-da-educacao-abre-selecao-para-curso-voltado-para-a-educacao-infantil\/","title":{"rendered":"Minist\u00e9rio da Educa\u00e7\u00e3o abre sele\u00e7\u00e3o para curso voltado para a educa\u00e7\u00e3o infantil"},"content":{"rendered":"\n<p><em><span class=\"has-inline-color has-black-color\">O prazo de inscri\u00e7\u00e3o vai at\u00e9 14 de novembro<\/span><\/em><\/p>\n\n\n\n<div class=\"wp-block-image\"><figure class=\"aligncenter size-large\"><img loading=\"lazy\" decoding=\"async\" width=\"1024\" height=\"103\" src=\"https:\/\/jornalfatosenoticias.com.br\/wp-content\/uploads\/2022\/02\/Arte-Autoescola-Galatas_endereco_portal-1024x103.png\" alt=\"\" class=\"wp-image-27869\" srcset=\"https:\/\/jornalfatosenoticias.com.br\/wp-content\/uploads\/2022\/02\/Arte-Autoescola-Galatas_endereco_portal-1024x103.png 1024w, https:\/\/jornalfatosenoticias.com.br\/wp-content\/uploads\/2022\/02\/Arte-Autoescola-Galatas_endereco_portal-300x30.png 300w, https:\/\/jornalfatosenoticias.com.br\/wp-content\/uploads\/2022\/02\/Arte-Autoescola-Galatas_endereco_portal-768x77.png 768w, https:\/\/jornalfatosenoticias.com.br\/wp-content\/uploads\/2022\/02\/Arte-Autoescola-Galatas_endereco_portal.png 1223w\" sizes=\"auto, (max-width: 1024px) 100vw, 1024px\" \/><\/figure><\/div>\n\n\n\n<p>O Minist\u00e9rio da Educa\u00e7\u00e3o, em parceria com o Instituto Federal do Norte de Minas Gerais (IFNMG), abriu inscri\u00e7\u00f5es para primeira turma do curso de educa\u00e7\u00e3o infantil sobre pr\u00e1ticas educativas voltadas para beb\u00eas e crian\u00e7as, que fa\u00e7am parte do p\u00fablico da educa\u00e7\u00e3o especial. O prazo vai at\u00e9 14 de novembro.<\/p>\n\n\n\n<div class=\"wp-block-image\"><figure class=\"aligncenter size-large is-resized\"><img loading=\"lazy\" decoding=\"async\" src=\"https:\/\/jornalfatosenoticias.com.br\/wp-content\/uploads\/2020\/02\/casa-do-torresmo_portal.jpg\" alt=\"\" class=\"wp-image-34472\" width=\"277\" height=\"277\" srcset=\"https:\/\/jornalfatosenoticias.com.br\/wp-content\/uploads\/2020\/02\/casa-do-torresmo_portal.jpg 300w, https:\/\/jornalfatosenoticias.com.br\/wp-content\/uploads\/2020\/02\/casa-do-torresmo_portal-150x150.jpg 150w\" sizes=\"auto, (max-width: 277px) 100vw, 277px\" \/><\/figure><\/div>\n\n\n\n<p>As aulas ocorrer\u00e3o no formato EaD (educa\u00e7\u00e3o a dist\u00e2ncia) com o objetivo de capacitar profissionais da educa\u00e7\u00e3o em n\u00edvel de extens\u00e3o e profissionais da educa\u00e7\u00e3o b\u00e1sica. Vale lembrar que os profissionais devem estar vinculados \u00e0s escolas p\u00fablicas que atuem, prioritariamente, no Atendimento Educacional Especializado (AEE).<\/p>\n\n\n\n<div class=\"wp-block-image\"><figure class=\"aligncenter size-large\"><img loading=\"lazy\" decoding=\"async\" width=\"1024\" height=\"110\" src=\"https:\/\/jornalfatosenoticias.com.br\/wp-content\/uploads\/2022\/10\/Arte-jornal-Zucchi-1120x120_Prancheta-1-1024x110.jpg\" alt=\"\" class=\"wp-image-34772\" srcset=\"https:\/\/jornalfatosenoticias.com.br\/wp-content\/uploads\/2022\/10\/Arte-jornal-Zucchi-1120x120_Prancheta-1-1024x110.jpg 1024w, https:\/\/jornalfatosenoticias.com.br\/wp-content\/uploads\/2022\/10\/Arte-jornal-Zucchi-1120x120_Prancheta-1-300x32.jpg 300w, https:\/\/jornalfatosenoticias.com.br\/wp-content\/uploads\/2022\/10\/Arte-jornal-Zucchi-1120x120_Prancheta-1-768x82.jpg 768w, https:\/\/jornalfatosenoticias.com.br\/wp-content\/uploads\/2022\/10\/Arte-jornal-Zucchi-1120x120_Prancheta-1-1536x165.jpg 1536w, https:\/\/jornalfatosenoticias.com.br\/wp-content\/uploads\/2022\/10\/Arte-jornal-Zucchi-1120x120_Prancheta-1-2048x219.jpg 2048w\" sizes=\"auto, (max-width: 1024px) 100vw, 1024px\" \/><\/figure><\/div>\n\n\n\n<p>O curso, realizado por meio da Secretaria de Modalidades Especializadas de Educa\u00e7\u00e3o (Semesp), ter\u00e1 um total 180 horas, dispon\u00edvel Ambiente Virtual de Aprendizagem do MEC (Avamec).<\/p>\n\n\n\n<div class=\"wp-block-image\"><figure class=\"aligncenter size-large is-resized\"><img loading=\"lazy\" decoding=\"async\" src=\"https:\/\/jornalfatosenoticias.com.br\/wp-content\/uploads\/2022\/08\/logo-locau-veiculos-1024x573.png\" alt=\"\" class=\"wp-image-33078\" width=\"269\" height=\"150\"\/><\/figure><\/div>\n\n\n\n<p>Os ensinamentos ser\u00e3o distribu\u00eddos em quatro meses, compostos pelos seguintes conte\u00fados: educa\u00e7\u00e3o, legisla\u00e7\u00e3o e direitos na primeira inf\u00e2ncia e pr\u00e1tica pedag\u00f3gica (60 horas); desenvolvimento humano integral e din\u00e2mico e pr\u00e1ticas pedag\u00f3gicas (60 horas); pr\u00e1ticas pedag\u00f3gicas intencionais e sistematizadas para crian\u00e7as p\u00fablico da educa\u00e7\u00e3o especial e pr\u00e1ticas pedag\u00f3gicas (60 horas).<\/p>\n\n\n\n<div class=\"wp-block-image\"><figure class=\"aligncenter size-large\"><img loading=\"lazy\" decoding=\"async\" width=\"1024\" height=\"100\" src=\"https:\/\/jornalfatosenoticias.com.br\/wp-content\/uploads\/2020\/02\/banner_ferramentas-1024x100.jpg\" alt=\"\" class=\"wp-image-1258\" srcset=\"https:\/\/jornalfatosenoticias.com.br\/wp-content\/uploads\/2020\/02\/banner_ferramentas-1024x100.jpg 1024w, https:\/\/jornalfatosenoticias.com.br\/wp-content\/uploads\/2020\/02\/banner_ferramentas-300x29.jpg 300w, https:\/\/jornalfatosenoticias.com.br\/wp-content\/uploads\/2020\/02\/banner_ferramentas-768x75.jpg 768w, https:\/\/jornalfatosenoticias.com.br\/wp-content\/uploads\/2020\/02\/banner_ferramentas.jpg 1227w\" sizes=\"auto, (max-width: 1024px) 100vw, 1024px\" \/><\/figure><\/div>\n\n\n\n<p>Os interessados devem se inscrever, exclusivamente, via formul\u00e1rio eletr\u00f4nico e ser\u00e3o ofertadas 500 vagas. A sele\u00e7\u00e3o dos inscritos ocorrer\u00e1 por ordem de chegada dos formul\u00e1rios, as demais inscri\u00e7\u00f5es deferidas far\u00e3o parte de uma lista de espera. O resultado ser\u00e1 divulgado no dia 21 de novembro no <em>site<\/em>\u00a0<a href=\"http:\/\/www.ifnmg.edu.br\/editais-daec\">www.ifnmg.edu.br\/editais-daec<\/a>.<\/p>\n\n\n\n<div class=\"wp-block-image\"><figure class=\"aligncenter size-large is-resized\"><img loading=\"lazy\" decoding=\"async\" src=\"https:\/\/jornalfatosenoticias.com.br\/wp-content\/uploads\/2022\/10\/RC_800x750_page-0001.jpg\" alt=\"\" class=\"wp-image-35338\" width=\"263\" height=\"247\" srcset=\"https:\/\/jornalfatosenoticias.com.br\/wp-content\/uploads\/2022\/10\/RC_800x750_page-0001.jpg 400w, https:\/\/jornalfatosenoticias.com.br\/wp-content\/uploads\/2022\/10\/RC_800x750_page-0001-300x281.jpg 300w\" sizes=\"auto, (max-width: 263px) 100vw, 263px\" \/><\/figure><\/div>\n\n\n\n<p><strong><em>Fonte: <a href=\"https:\/\/www.gov.br\/mec\/pt-br\/assuntos\/noticias\/ministerio-da-educacao-abre-selecao-para-curso-voltado-para-a-educacao-infantil\">MEC<\/a><\/em><\/strong><\/p>\n","protected":false},"excerpt":{"rendered":"<p>O prazo de inscri\u00e7\u00e3o vai at\u00e9 14 de novembro O Minist\u00e9rio da Educa\u00e7\u00e3o, em parceria com o Instituto Federal do Norte de Minas Gerais (IFNMG), abriu inscri\u00e7\u00f5es para primeira turma do curso de educa\u00e7\u00e3o infantil sobre pr\u00e1ticas educativas voltadas para beb\u00eas e crian\u00e7as, que fa\u00e7am parte do p\u00fablico da educa\u00e7\u00e3o especial. O prazo vai at\u00e9 [&hellip;]<\/p>\n","protected":false},"author":2,"featured_media":35848,"comment_status":"open","ping_status":"open","sticky":false,"template":"","format":"standard","meta":{"footnotes":""},"categories":[7],"tags":[10735,1273,1870,283],"class_list":["post-35847","post","type-post","status-publish","format-standard","has-post-thumbnail","hentry","category-educacao","tag-avamec","tag-ead","tag-educacao-infantil","tag-mec"],"yoast_head":"<!-- This site is optimized with the Yoast SEO plugin v26.5 - https:\/\/yoast.com\/wordpress\/plugins\/seo\/ -->\n<title>Minist\u00e9rio da Educa\u00e7\u00e3o abre sele\u00e7\u00e3o para curso voltado para a educa\u00e7\u00e3o infantil - Jornal Fatos e Not\u00edcias<\/title>\n<meta name=\"robots\" content=\"index, follow, max-snippet:-1, max-image-preview:large, max-video-preview:-1\" \/>\n<link rel=\"canonical\" href=\"https:\/\/jornalfatosenoticias.com.br\/index.php\/2022\/11\/08\/ministerio-da-educacao-abre-selecao-para-curso-voltado-para-a-educacao-infantil\/\" \/>\n<meta property=\"og:locale\" content=\"pt_BR\" \/>\n<meta property=\"og:type\" content=\"article\" \/>\n<meta property=\"og:title\" content=\"Minist\u00e9rio da Educa\u00e7\u00e3o abre sele\u00e7\u00e3o para curso voltado para a educa\u00e7\u00e3o infantil - Jornal Fatos e Not\u00edcias\" \/>\n<meta property=\"og:description\" content=\"O prazo de inscri\u00e7\u00e3o vai at\u00e9 14 de novembro O Minist\u00e9rio da Educa\u00e7\u00e3o, em parceria com o Instituto Federal do Norte de Minas Gerais (IFNMG), abriu inscri\u00e7\u00f5es para primeira turma do curso de educa\u00e7\u00e3o infantil sobre pr\u00e1ticas educativas voltadas para beb\u00eas e crian\u00e7as, que fa\u00e7am parte do p\u00fablico da educa\u00e7\u00e3o especial. O prazo vai at\u00e9 [&hellip;]\" \/>\n<meta property=\"og:url\" content=\"https:\/\/jornalfatosenoticias.com.br\/index.php\/2022\/11\/08\/ministerio-da-educacao-abre-selecao-para-curso-voltado-para-a-educacao-infantil\/\" \/>\n<meta property=\"og:site_name\" content=\"Jornal Fatos e Not\u00edcias\" \/>\n<meta property=\"article:published_time\" content=\"2022-11-08T22:00:44+00:00\" \/>\n<meta property=\"article:modified_time\" content=\"2022-11-08T22:00:47+00:00\" \/>\n<meta property=\"og:image\" content=\"https:\/\/jornalfatosenoticias.com.br\/wp-content\/uploads\/2022\/11\/Formacao-Educacao-Infantil-MEC.jpg\" \/>\n\t<meta property=\"og:image:width\" content=\"1000\" \/>\n\t<meta property=\"og:image:height\" content=\"562\" \/>\n\t<meta property=\"og:image:type\" content=\"image\/jpeg\" \/>\n<meta name=\"author\" content=\"Luzimara Fernandes\" \/>\n<meta name=\"twitter:card\" content=\"summary_large_image\" \/>\n<meta name=\"twitter:label1\" content=\"Escrito por\" \/>\n\t<meta name=\"twitter:data1\" content=\"Luzimara Fernandes\" \/>\n\t<meta name=\"twitter:label2\" content=\"Est. tempo de leitura\" \/>\n\t<meta name=\"twitter:data2\" content=\"1 minuto\" \/>\n<script type=\"application\/ld+json\" class=\"yoast-schema-graph\">{\"@context\":\"https:\/\/schema.org\",\"@graph\":[{\"@type\":\"Article\",\"@id\":\"https:\/\/jornalfatosenoticias.com.br\/index.php\/2022\/11\/08\/ministerio-da-educacao-abre-selecao-para-curso-voltado-para-a-educacao-infantil\/#article\",\"isPartOf\":{\"@id\":\"https:\/\/jornalfatosenoticias.com.br\/index.php\/2022\/11\/08\/ministerio-da-educacao-abre-selecao-para-curso-voltado-para-a-educacao-infantil\/\"},\"author\":{\"name\":\"Luzimara Fernandes\",\"@id\":\"https:\/\/jornalfatosenoticias.com.br\/#\/schema\/person\/d63837fa13ac8666eb9e74e0985d6f81\"},\"headline\":\"Minist\u00e9rio da Educa\u00e7\u00e3o abre sele\u00e7\u00e3o para curso voltado para a educa\u00e7\u00e3o infantil\",\"datePublished\":\"2022-11-08T22:00:44+00:00\",\"dateModified\":\"2022-11-08T22:00:47+00:00\",\"mainEntityOfPage\":{\"@id\":\"https:\/\/jornalfatosenoticias.com.br\/index.php\/2022\/11\/08\/ministerio-da-educacao-abre-selecao-para-curso-voltado-para-a-educacao-infantil\/\"},\"wordCount\":287,\"commentCount\":0,\"publisher\":{\"@id\":\"https:\/\/jornalfatosenoticias.com.br\/#organization\"},\"image\":{\"@id\":\"https:\/\/jornalfatosenoticias.com.br\/index.php\/2022\/11\/08\/ministerio-da-educacao-abre-selecao-para-curso-voltado-para-a-educacao-infantil\/#primaryimage\"},\"thumbnailUrl\":\"https:\/\/jornalfatosenoticias.com.br\/wp-content\/uploads\/2022\/11\/Formacao-Educacao-Infantil-MEC.jpg\",\"keywords\":[\"Avamec\",\"EaD\",\"educa\u00e7\u00e3o infantil\",\"MEC\"],\"articleSection\":[\"Educa\u00e7\u00e3o\"],\"inLanguage\":\"pt-BR\",\"potentialAction\":[{\"@type\":\"CommentAction\",\"name\":\"Comment\",\"target\":[\"https:\/\/jornalfatosenoticias.com.br\/index.php\/2022\/11\/08\/ministerio-da-educacao-abre-selecao-para-curso-voltado-para-a-educacao-infantil\/#respond\"]}]},{\"@type\":\"WebPage\",\"@id\":\"https:\/\/jornalfatosenoticias.com.br\/index.php\/2022\/11\/08\/ministerio-da-educacao-abre-selecao-para-curso-voltado-para-a-educacao-infantil\/\",\"url\":\"https:\/\/jornalfatosenoticias.com.br\/index.php\/2022\/11\/08\/ministerio-da-educacao-abre-selecao-para-curso-voltado-para-a-educacao-infantil\/\",\"name\":\"Minist\u00e9rio da Educa\u00e7\u00e3o abre sele\u00e7\u00e3o para curso voltado para a educa\u00e7\u00e3o infantil - Jornal Fatos e Not\u00edcias\",\"isPartOf\":{\"@id\":\"https:\/\/jornalfatosenoticias.com.br\/#website\"},\"primaryImageOfPage\":{\"@id\":\"https:\/\/jornalfatosenoticias.com.br\/index.php\/2022\/11\/08\/ministerio-da-educacao-abre-selecao-para-curso-voltado-para-a-educacao-infantil\/#primaryimage\"},\"image\":{\"@id\":\"https:\/\/jornalfatosenoticias.com.br\/index.php\/2022\/11\/08\/ministerio-da-educacao-abre-selecao-para-curso-voltado-para-a-educacao-infantil\/#primaryimage\"},\"thumbnailUrl\":\"https:\/\/jornalfatosenoticias.com.br\/wp-content\/uploads\/2022\/11\/Formacao-Educacao-Infantil-MEC.jpg\",\"datePublished\":\"2022-11-08T22:00:44+00:00\",\"dateModified\":\"2022-11-08T22:00:47+00:00\",\"breadcrumb\":{\"@id\":\"https:\/\/jornalfatosenoticias.com.br\/index.php\/2022\/11\/08\/ministerio-da-educacao-abre-selecao-para-curso-voltado-para-a-educacao-infantil\/#breadcrumb\"},\"inLanguage\":\"pt-BR\",\"potentialAction\":[{\"@type\":\"ReadAction\",\"target\":[\"https:\/\/jornalfatosenoticias.com.br\/index.php\/2022\/11\/08\/ministerio-da-educacao-abre-selecao-para-curso-voltado-para-a-educacao-infantil\/\"]}]},{\"@type\":\"ImageObject\",\"inLanguage\":\"pt-BR\",\"@id\":\"https:\/\/jornalfatosenoticias.com.br\/index.php\/2022\/11\/08\/ministerio-da-educacao-abre-selecao-para-curso-voltado-para-a-educacao-infantil\/#primaryimage\",\"url\":\"https:\/\/jornalfatosenoticias.com.br\/wp-content\/uploads\/2022\/11\/Formacao-Educacao-Infantil-MEC.jpg\",\"contentUrl\":\"https:\/\/jornalfatosenoticias.com.br\/wp-content\/uploads\/2022\/11\/Formacao-Educacao-Infantil-MEC.jpg\",\"width\":1000,\"height\":562},{\"@type\":\"BreadcrumbList\",\"@id\":\"https:\/\/jornalfatosenoticias.com.br\/index.php\/2022\/11\/08\/ministerio-da-educacao-abre-selecao-para-curso-voltado-para-a-educacao-infantil\/#breadcrumb\",\"itemListElement\":[{\"@type\":\"ListItem\",\"position\":1,\"name\":\"In\u00edcio\",\"item\":\"https:\/\/jornalfatosenoticias.com.br\/\"},{\"@type\":\"ListItem\",\"position\":2,\"name\":\"Minist\u00e9rio da Educa\u00e7\u00e3o abre sele\u00e7\u00e3o para curso voltado para a educa\u00e7\u00e3o infantil\"}]},{\"@type\":\"WebSite\",\"@id\":\"https:\/\/jornalfatosenoticias.com.br\/#website\",\"url\":\"https:\/\/jornalfatosenoticias.com.br\/\",\"name\":\"Jornal Fatos e Not\u00edcias\",\"description\":\"Not\u00edcias em geral\",\"publisher\":{\"@id\":\"https:\/\/jornalfatosenoticias.com.br\/#organization\"},\"potentialAction\":[{\"@type\":\"SearchAction\",\"target\":{\"@type\":\"EntryPoint\",\"urlTemplate\":\"https:\/\/jornalfatosenoticias.com.br\/?s={search_term_string}\"},\"query-input\":{\"@type\":\"PropertyValueSpecification\",\"valueRequired\":true,\"valueName\":\"search_term_string\"}}],\"inLanguage\":\"pt-BR\"},{\"@type\":\"Organization\",\"@id\":\"https:\/\/jornalfatosenoticias.com.br\/#organization\",\"name\":\"Jornal Fatos e Not\u00edcias\",\"url\":\"https:\/\/jornalfatosenoticias.com.br\/\",\"logo\":{\"@type\":\"ImageObject\",\"inLanguage\":\"pt-BR\",\"@id\":\"https:\/\/jornalfatosenoticias.com.br\/#\/schema\/logo\/image\/\",\"url\":\"https:\/\/jornalfatosenoticias.com.br\/wp-content\/uploads\/2020\/02\/logo120.png\",\"contentUrl\":\"https:\/\/jornalfatosenoticias.com.br\/wp-content\/uploads\/2020\/02\/logo120.png\",\"width\":1227,\"height\":120,\"caption\":\"Jornal Fatos e Not\u00edcias\"},\"image\":{\"@id\":\"https:\/\/jornalfatosenoticias.com.br\/#\/schema\/logo\/image\/\"}},{\"@type\":\"Person\",\"@id\":\"https:\/\/jornalfatosenoticias.com.br\/#\/schema\/person\/d63837fa13ac8666eb9e74e0985d6f81\",\"name\":\"Luzimara Fernandes\",\"image\":{\"@type\":\"ImageObject\",\"inLanguage\":\"pt-BR\",\"@id\":\"https:\/\/jornalfatosenoticias.com.br\/#\/schema\/person\/image\/\",\"url\":\"https:\/\/jornalfatosenoticias.com.br\/wp-content\/uploads\/2025\/05\/EU_portal.jpg\",\"contentUrl\":\"https:\/\/jornalfatosenoticias.com.br\/wp-content\/uploads\/2025\/05\/EU_portal.jpg\",\"caption\":\"Luzimara Fernandes\"},\"description\":\"Jornalista MTB 2358-ES\",\"sameAs\":[\"https:\/\/jornalfatosenoticias.com.br\"],\"url\":\"https:\/\/jornalfatosenoticias.com.br\/index.php\/author\/luzimara\/\"}]}<\/script>\n<!-- \/ Yoast SEO plugin. -->","yoast_head_json":{"title":"Minist\u00e9rio da Educa\u00e7\u00e3o abre sele\u00e7\u00e3o para curso voltado para a educa\u00e7\u00e3o infantil - Jornal Fatos e Not\u00edcias","robots":{"index":"index","follow":"follow","max-snippet":"max-snippet:-1","max-image-preview":"max-image-preview:large","max-video-preview":"max-video-preview:-1"},"canonical":"https:\/\/jornalfatosenoticias.com.br\/index.php\/2022\/11\/08\/ministerio-da-educacao-abre-selecao-para-curso-voltado-para-a-educacao-infantil\/","og_locale":"pt_BR","og_type":"article","og_title":"Minist\u00e9rio da Educa\u00e7\u00e3o abre sele\u00e7\u00e3o para curso voltado para a educa\u00e7\u00e3o infantil - Jornal Fatos e Not\u00edcias","og_description":"O prazo de inscri\u00e7\u00e3o vai at\u00e9 14 de novembro O Minist\u00e9rio da Educa\u00e7\u00e3o, em parceria com o Instituto Federal do Norte de Minas Gerais (IFNMG), abriu inscri\u00e7\u00f5es para primeira turma do curso de educa\u00e7\u00e3o infantil sobre pr\u00e1ticas educativas voltadas para beb\u00eas e crian\u00e7as, que fa\u00e7am parte do p\u00fablico da educa\u00e7\u00e3o especial. O prazo vai at\u00e9 [&hellip;]","og_url":"https:\/\/jornalfatosenoticias.com.br\/index.php\/2022\/11\/08\/ministerio-da-educacao-abre-selecao-para-curso-voltado-para-a-educacao-infantil\/","og_site_name":"Jornal Fatos e Not\u00edcias","article_published_time":"2022-11-08T22:00:44+00:00","article_modified_time":"2022-11-08T22:00:47+00:00","og_image":[{"width":1000,"height":562,"url":"https:\/\/jornalfatosenoticias.com.br\/wp-content\/uploads\/2022\/11\/Formacao-Educacao-Infantil-MEC.jpg","type":"image\/jpeg"}],"author":"Luzimara Fernandes","twitter_card":"summary_large_image","twitter_misc":{"Escrito por":"Luzimara Fernandes","Est. tempo de leitura":"1 minuto"},"schema":{"@context":"https:\/\/schema.org","@graph":[{"@type":"Article","@id":"https:\/\/jornalfatosenoticias.com.br\/index.php\/2022\/11\/08\/ministerio-da-educacao-abre-selecao-para-curso-voltado-para-a-educacao-infantil\/#article","isPartOf":{"@id":"https:\/\/jornalfatosenoticias.com.br\/index.php\/2022\/11\/08\/ministerio-da-educacao-abre-selecao-para-curso-voltado-para-a-educacao-infantil\/"},"author":{"name":"Luzimara Fernandes","@id":"https:\/\/jornalfatosenoticias.com.br\/#\/schema\/person\/d63837fa13ac8666eb9e74e0985d6f81"},"headline":"Minist\u00e9rio da Educa\u00e7\u00e3o abre sele\u00e7\u00e3o para curso voltado para a educa\u00e7\u00e3o infantil","datePublished":"2022-11-08T22:00:44+00:00","dateModified":"2022-11-08T22:00:47+00:00","mainEntityOfPage":{"@id":"https:\/\/jornalfatosenoticias.com.br\/index.php\/2022\/11\/08\/ministerio-da-educacao-abre-selecao-para-curso-voltado-para-a-educacao-infantil\/"},"wordCount":287,"commentCount":0,"publisher":{"@id":"https:\/\/jornalfatosenoticias.com.br\/#organization"},"image":{"@id":"https:\/\/jornalfatosenoticias.com.br\/index.php\/2022\/11\/08\/ministerio-da-educacao-abre-selecao-para-curso-voltado-para-a-educacao-infantil\/#primaryimage"},"thumbnailUrl":"https:\/\/jornalfatosenoticias.com.br\/wp-content\/uploads\/2022\/11\/Formacao-Educacao-Infantil-MEC.jpg","keywords":["Avamec","EaD","educa\u00e7\u00e3o infantil","MEC"],"articleSection":["Educa\u00e7\u00e3o"],"inLanguage":"pt-BR","potentialAction":[{"@type":"CommentAction","name":"Comment","target":["https:\/\/jornalfatosenoticias.com.br\/index.php\/2022\/11\/08\/ministerio-da-educacao-abre-selecao-para-curso-voltado-para-a-educacao-infantil\/#respond"]}]},{"@type":"WebPage","@id":"https:\/\/jornalfatosenoticias.com.br\/index.php\/2022\/11\/08\/ministerio-da-educacao-abre-selecao-para-curso-voltado-para-a-educacao-infantil\/","url":"https:\/\/jornalfatosenoticias.com.br\/index.php\/2022\/11\/08\/ministerio-da-educacao-abre-selecao-para-curso-voltado-para-a-educacao-infantil\/","name":"Minist\u00e9rio da Educa\u00e7\u00e3o abre sele\u00e7\u00e3o para curso voltado para a educa\u00e7\u00e3o infantil - Jornal Fatos e Not\u00edcias","isPartOf":{"@id":"https:\/\/jornalfatosenoticias.com.br\/#website"},"primaryImageOfPage":{"@id":"https:\/\/jornalfatosenoticias.com.br\/index.php\/2022\/11\/08\/ministerio-da-educacao-abre-selecao-para-curso-voltado-para-a-educacao-infantil\/#primaryimage"},"image":{"@id":"https:\/\/jornalfatosenoticias.com.br\/index.php\/2022\/11\/08\/ministerio-da-educacao-abre-selecao-para-curso-voltado-para-a-educacao-infantil\/#primaryimage"},"thumbnailUrl":"https:\/\/jornalfatosenoticias.com.br\/wp-content\/uploads\/2022\/11\/Formacao-Educacao-Infantil-MEC.jpg","datePublished":"2022-11-08T22:00:44+00:00","dateModified":"2022-11-08T22:00:47+00:00","breadcrumb":{"@id":"https:\/\/jornalfatosenoticias.com.br\/index.php\/2022\/11\/08\/ministerio-da-educacao-abre-selecao-para-curso-voltado-para-a-educacao-infantil\/#breadcrumb"},"inLanguage":"pt-BR","potentialAction":[{"@type":"ReadAction","target":["https:\/\/jornalfatosenoticias.com.br\/index.php\/2022\/11\/08\/ministerio-da-educacao-abre-selecao-para-curso-voltado-para-a-educacao-infantil\/"]}]},{"@type":"ImageObject","inLanguage":"pt-BR","@id":"https:\/\/jornalfatosenoticias.com.br\/index.php\/2022\/11\/08\/ministerio-da-educacao-abre-selecao-para-curso-voltado-para-a-educacao-infantil\/#primaryimage","url":"https:\/\/jornalfatosenoticias.com.br\/wp-content\/uploads\/2022\/11\/Formacao-Educacao-Infantil-MEC.jpg","contentUrl":"https:\/\/jornalfatosenoticias.com.br\/wp-content\/uploads\/2022\/11\/Formacao-Educacao-Infantil-MEC.jpg","width":1000,"height":562},{"@type":"BreadcrumbList","@id":"https:\/\/jornalfatosenoticias.com.br\/index.php\/2022\/11\/08\/ministerio-da-educacao-abre-selecao-para-curso-voltado-para-a-educacao-infantil\/#breadcrumb","itemListElement":[{"@type":"ListItem","position":1,"name":"In\u00edcio","item":"https:\/\/jornalfatosenoticias.com.br\/"},{"@type":"ListItem","position":2,"name":"Minist\u00e9rio da Educa\u00e7\u00e3o abre sele\u00e7\u00e3o para curso voltado para a educa\u00e7\u00e3o infantil"}]},{"@type":"WebSite","@id":"https:\/\/jornalfatosenoticias.com.br\/#website","url":"https:\/\/jornalfatosenoticias.com.br\/","name":"Jornal Fatos e Not\u00edcias","description":"Not\u00edcias em geral","publisher":{"@id":"https:\/\/jornalfatosenoticias.com.br\/#organization"},"potentialAction":[{"@type":"SearchAction","target":{"@type":"EntryPoint","urlTemplate":"https:\/\/jornalfatosenoticias.com.br\/?s={search_term_string}"},"query-input":{"@type":"PropertyValueSpecification","valueRequired":true,"valueName":"search_term_string"}}],"inLanguage":"pt-BR"},{"@type":"Organization","@id":"https:\/\/jornalfatosenoticias.com.br\/#organization","name":"Jornal Fatos e Not\u00edcias","url":"https:\/\/jornalfatosenoticias.com.br\/","logo":{"@type":"ImageObject","inLanguage":"pt-BR","@id":"https:\/\/jornalfatosenoticias.com.br\/#\/schema\/logo\/image\/","url":"https:\/\/jornalfatosenoticias.com.br\/wp-content\/uploads\/2020\/02\/logo120.png","contentUrl":"https:\/\/jornalfatosenoticias.com.br\/wp-content\/uploads\/2020\/02\/logo120.png","width":1227,"height":120,"caption":"Jornal Fatos e Not\u00edcias"},"image":{"@id":"https:\/\/jornalfatosenoticias.com.br\/#\/schema\/logo\/image\/"}},{"@type":"Person","@id":"https:\/\/jornalfatosenoticias.com.br\/#\/schema\/person\/d63837fa13ac8666eb9e74e0985d6f81","name":"Luzimara Fernandes","image":{"@type":"ImageObject","inLanguage":"pt-BR","@id":"https:\/\/jornalfatosenoticias.com.br\/#\/schema\/person\/image\/","url":"https:\/\/jornalfatosenoticias.com.br\/wp-content\/uploads\/2025\/05\/EU_portal.jpg","contentUrl":"https:\/\/jornalfatosenoticias.com.br\/wp-content\/uploads\/2025\/05\/EU_portal.jpg","caption":"Luzimara Fernandes"},"description":"Jornalista MTB 2358-ES","sameAs":["https:\/\/jornalfatosenoticias.com.br"],"url":"https:\/\/jornalfatosenoticias.com.br\/index.php\/author\/luzimara\/"}]}},"cc_featured_image_caption":{"caption_text":"(Foto: Ascom MEC)\r\n","source_text":"","source_url":""},"jetpack_featured_media_url":"https:\/\/jornalfatosenoticias.com.br\/wp-content\/uploads\/2022\/11\/Formacao-Educacao-Infantil-MEC.jpg","_links":{"self":[{"href":"https:\/\/jornalfatosenoticias.com.br\/index.php\/wp-json\/wp\/v2\/posts\/35847","targetHints":{"allow":["GET"]}}],"collection":[{"href":"https:\/\/jornalfatosenoticias.com.br\/index.php\/wp-json\/wp\/v2\/posts"}],"about":[{"href":"https:\/\/jornalfatosenoticias.com.br\/index.php\/wp-json\/wp\/v2\/types\/post"}],"author":[{"embeddable":true,"href":"https:\/\/jornalfatosenoticias.com.br\/index.php\/wp-json\/wp\/v2\/users\/2"}],"replies":[{"embeddable":true,"href":"https:\/\/jornalfatosenoticias.com.br\/index.php\/wp-json\/wp\/v2\/comments?post=35847"}],"version-history":[{"count":0,"href":"https:\/\/jornalfatosenoticias.com.br\/index.php\/wp-json\/wp\/v2\/posts\/35847\/revisions"}],"wp:featuredmedia":[{"embeddable":true,"href":"https:\/\/jornalfatosenoticias.com.br\/index.php\/wp-json\/wp\/v2\/media\/35848"}],"wp:attachment":[{"href":"https:\/\/jornalfatosenoticias.com.br\/index.php\/wp-json\/wp\/v2\/media?parent=35847"}],"wp:term":[{"taxonomy":"category","embeddable":true,"href":"https:\/\/jornalfatosenoticias.com.br\/index.php\/wp-json\/wp\/v2\/categories?post=35847"},{"taxonomy":"post_tag","embeddable":true,"href":"https:\/\/jornalfatosenoticias.com.br\/index.php\/wp-json\/wp\/v2\/tags?post=35847"}],"curies":[{"name":"wp","href":"https:\/\/api.w.org\/{rel}","templated":true}]}}