{"id":35887,"date":"2022-11-09T13:28:23","date_gmt":"2022-11-09T16:28:23","guid":{"rendered":"https:\/\/jornalfatosenoticias.com.br\/?p=35887"},"modified":"2022-11-09T13:28:25","modified_gmt":"2022-11-09T16:28:25","slug":"medo-quando-uma-reacao-natural-se-torna-fobia-2","status":"publish","type":"post","link":"https:\/\/jornalfatosenoticias.com.br\/index.php\/2022\/11\/09\/medo-quando-uma-reacao-natural-se-torna-fobia-2\/","title":{"rendered":"Medo: quando uma rea\u00e7\u00e3o natural se torna fobia"},"content":{"rendered":"\n<p><em><span class=\"has-inline-color has-black-color\">H\u00e1 uma linha t\u00eanue entre o medo que nos protege de eventuais amea\u00e7as e a fobia. Entenda as diferen\u00e7as e conhe\u00e7a sintomas, dicas e tratamentos para lidar com o problema<\/span><\/em><\/p>\n\n\n\n<div class=\"wp-block-image\"><figure class=\"aligncenter size-large\"><img loading=\"lazy\" decoding=\"async\" width=\"1024\" height=\"99\" src=\"https:\/\/jornalfatosenoticias.com.br\/wp-content\/uploads\/2020\/02\/Logo-Mizu-segunda-2-1024x99.png\" alt=\"\" class=\"wp-image-2353\" srcset=\"https:\/\/jornalfatosenoticias.com.br\/wp-content\/uploads\/2020\/02\/Logo-Mizu-segunda-2-1024x99.png 1024w, https:\/\/jornalfatosenoticias.com.br\/wp-content\/uploads\/2020\/02\/Logo-Mizu-segunda-2-300x29.png 300w, https:\/\/jornalfatosenoticias.com.br\/wp-content\/uploads\/2020\/02\/Logo-Mizu-segunda-2-768x74.png 768w, https:\/\/jornalfatosenoticias.com.br\/wp-content\/uploads\/2020\/02\/Logo-Mizu-segunda-2.png 1240w\" sizes=\"auto, (max-width: 1024px) 100vw, 1024px\" \/><\/figure><\/div>\n\n\n\n<p>O <strong>medo<\/strong> \u00e9 uma rea\u00e7\u00e3o ao perigo f\u00edsico e emocional, que tem tido uma fun\u00e7\u00e3o vital ao longo da evolu\u00e7\u00e3o humana. Trata-se de uma emo\u00e7\u00e3o natural, poderosa e primitiva, que envolve uma resposta bioqu\u00edmica, alertando o c\u00e9rebro sobre a presen\u00e7a de um poss\u00edvel perigo ou amea\u00e7a, de ordem f\u00edsica ou psicol\u00f3gica.<\/p>\n\n\n\n<div class=\"wp-block-image\"><figure class=\"aligncenter size-large\"><img decoding=\"async\" src=\"https:\/\/jornalfatosenoticias.com.br\/wp-content\/uploads\/2020\/02\/logo_esteio.jpg\" alt=\"\" class=\"wp-image-1214\"\/><\/figure><\/div>\n\n\n\n<p>Em outras palavras, os medos existem para nos proteger e garantir nossa sobreviv\u00eancia. Eles fazem parte do dia a dia e podem acontecer a qualquer momento. O problema ocorre quando os perigos est\u00e3o somente na nossa cabe\u00e7a, originando uma fobia. A sensa\u00e7\u00e3o tamb\u00e9m pode ser um sintoma de algumas condi\u00e7\u00f5es de <a href=\"https:\/\/www.ecycle.com.br\/saude-mental\/\">sa\u00fade mental<\/a>, incluindo\u00a0<a href=\"https:\/\/www.ecycle.com.br\/voce-sabe-o-que-e-a-sindrome-do-panico\/\">transtorno do p\u00e2nico<\/a>,\u00a0<a href=\"https:\/\/www.ecycle.com.br\/ansiedade\/\">transtorno de ansiedade social<\/a>, fobias e transtorno de\u00a0<a href=\"https:\/\/www.ecycle.com.br\/cientistas-descrevem-circuito-cerebral-ligado-ao-estresse-pos-traumatico\/\">estresse p\u00f3s-traum\u00e1tico<\/a>.<\/p>\n\n\n\n<div class=\"wp-block-image\"><figure class=\"aligncenter size-large\"><img loading=\"lazy\" decoding=\"async\" width=\"1024\" height=\"103\" src=\"https:\/\/jornalfatosenoticias.com.br\/wp-content\/uploads\/2022\/02\/Arte-Autoescola-Galatas_endereco_portal-1024x103.png\" alt=\"\" class=\"wp-image-27869\" srcset=\"https:\/\/jornalfatosenoticias.com.br\/wp-content\/uploads\/2022\/02\/Arte-Autoescola-Galatas_endereco_portal-1024x103.png 1024w, https:\/\/jornalfatosenoticias.com.br\/wp-content\/uploads\/2022\/02\/Arte-Autoescola-Galatas_endereco_portal-300x30.png 300w, https:\/\/jornalfatosenoticias.com.br\/wp-content\/uploads\/2022\/02\/Arte-Autoescola-Galatas_endereco_portal-768x77.png 768w, https:\/\/jornalfatosenoticias.com.br\/wp-content\/uploads\/2022\/02\/Arte-Autoescola-Galatas_endereco_portal.png 1223w\" sizes=\"auto, (max-width: 1024px) 100vw, 1024px\" \/><\/figure><\/div>\n\n\n\n<p><strong><span class=\"has-inline-color has-vivid-purple-color\">As rea\u00e7\u00f5es do medo<br><\/span><\/strong>O medo \u00e9 composto de duas rea\u00e7\u00f5es prim\u00e1rias a algum tipo de amea\u00e7a percebida: bioqu\u00edmica e emocional.<\/p>\n\n\n\n<div class=\"wp-block-image\"><figure class=\"alignright size-large is-resized\"><img loading=\"lazy\" decoding=\"async\" src=\"https:\/\/jornalfatosenoticias.com.br\/wp-content\/uploads\/2020\/02\/nova-logo-Marquetti.jpg\" alt=\"\" class=\"wp-image-22331\" width=\"313\" height=\"210\" srcset=\"https:\/\/jornalfatosenoticias.com.br\/wp-content\/uploads\/2020\/02\/nova-logo-Marquetti.jpg 643w, https:\/\/jornalfatosenoticias.com.br\/wp-content\/uploads\/2020\/02\/nova-logo-Marquetti-300x202.jpg 300w\" sizes=\"auto, (max-width: 313px) 100vw, 313px\" \/><\/figure><\/div>\n\n\n\n<p><strong><span class=\"has-inline-color has-vivid-purple-color\">Rea\u00e7\u00e3o bioqu\u00edmica<br><\/span><\/strong>O medo \u00e9 uma sensa\u00e7\u00e3o natural e um mecanismo de sobreviv\u00eancia. Quando enfrentamos uma amea\u00e7a percebida, nossos corpos respondem de maneiras espec\u00edficas. As rea\u00e7\u00f5es f\u00edsicas incluem suor, aumento da frequ\u00eancia card\u00edaca e altos n\u00edveis de <a href=\"https:\/\/www.ecycle.com.br\/adrenalina\/\">adrenalina<\/a>, que nos tornam extremamente alertas.<br>Essa resposta f\u00edsica tamb\u00e9m \u00e9 conhecida como resposta de \u201clutar ou fugir\u201d, com a qual seu corpo se prepara para entrar em combate ou escapar da amea\u00e7a iminente. Essa rea\u00e7\u00e3o \u00e9 provavelmente um desenvolvimento evolutivo, essencial \u00e0 sobreviv\u00eancia da nossa esp\u00e9cie.<\/p>\n\n\n\n<div class=\"wp-block-image\"><figure class=\"aligncenter size-large is-resized\"><img loading=\"lazy\" decoding=\"async\" src=\"https:\/\/jornalfatosenoticias.com.br\/wp-content\/uploads\/2022\/05\/NOVA-LOGO-CESCONETTO-1024x100.jpg\" alt=\"\" class=\"wp-image-30792\" width=\"580\" height=\"56\" srcset=\"https:\/\/jornalfatosenoticias.com.br\/wp-content\/uploads\/2022\/05\/NOVA-LOGO-CESCONETTO-1024x100.jpg 1024w, https:\/\/jornalfatosenoticias.com.br\/wp-content\/uploads\/2022\/05\/NOVA-LOGO-CESCONETTO-300x29.jpg 300w, https:\/\/jornalfatosenoticias.com.br\/wp-content\/uploads\/2022\/05\/NOVA-LOGO-CESCONETTO-768x75.jpg 768w, https:\/\/jornalfatosenoticias.com.br\/wp-content\/uploads\/2022\/05\/NOVA-LOGO-CESCONETTO.jpg 1280w\" sizes=\"auto, (max-width: 580px) 100vw, 580px\" \/><\/figure><\/div>\n\n\n\n<p><strong><span class=\"has-inline-color has-vivid-purple-color\">Rea\u00e7\u00e3o emocional<br><\/span><\/strong>A resposta emocional ao medo, por outro lado, \u00e9 altamente personalizada. Como ele envolve algumas das mesmas rea\u00e7\u00f5es qu\u00edmicas em nossos c\u00e9rebros que as emo\u00e7\u00f5es positivas como <a href=\"https:\/\/www.ecycle.com.br\/8918-hormonios-da-felicidade.html\">felicidade<\/a> e excita\u00e7\u00e3o, sentir medo em certas circunst\u00e2ncias pode ser at\u00e9 divertido, como quando voc\u00ea assiste a filmes de terror.<\/p>\n\n\n\n<div class=\"wp-block-image\"><figure class=\"aligncenter size-large is-resized\"><img loading=\"lazy\" decoding=\"async\" src=\"https:\/\/jornalfatosenoticias.com.br\/wp-content\/uploads\/2022\/10\/Arte-jornal-Zucchi-600x600_Prancheta-1-1024x1024.jpg\" alt=\"\" class=\"wp-image-34782\" width=\"270\" height=\"270\" srcset=\"https:\/\/jornalfatosenoticias.com.br\/wp-content\/uploads\/2022\/10\/Arte-jornal-Zucchi-600x600_Prancheta-1-1024x1024.jpg 1024w, https:\/\/jornalfatosenoticias.com.br\/wp-content\/uploads\/2022\/10\/Arte-jornal-Zucchi-600x600_Prancheta-1-300x300.jpg 300w, https:\/\/jornalfatosenoticias.com.br\/wp-content\/uploads\/2022\/10\/Arte-jornal-Zucchi-600x600_Prancheta-1-150x150.jpg 150w, https:\/\/jornalfatosenoticias.com.br\/wp-content\/uploads\/2022\/10\/Arte-jornal-Zucchi-600x600_Prancheta-1-768x768.jpg 768w, https:\/\/jornalfatosenoticias.com.br\/wp-content\/uploads\/2022\/10\/Arte-jornal-Zucchi-600x600_Prancheta-1.jpg 1250w\" sizes=\"auto, (max-width: 270px) 100vw, 270px\" \/><\/figure><\/div>\n\n\n\n<p>Algumas pessoas buscam adrenalina, aproveitando os esportes radicais e outras situa\u00e7\u00f5es emocionantes que induzem o medo. Outros t\u00eam uma rea\u00e7\u00e3o negativa a esse sentimento, evitando a todo custo as situa\u00e7\u00f5es que o provocam e o objeto de seu medo.<\/p>\n\n\n\n<div class=\"wp-block-image\"><figure class=\"aligncenter size-large\"><img loading=\"lazy\" decoding=\"async\" width=\"300\" height=\"250\" src=\"https:\/\/jornalfatosenoticias.com.br\/wp-content\/uploads\/2022\/08\/arte-Casarao.jpg\" alt=\"\" class=\"wp-image-33178\"\/><\/figure><\/div>\n\n\n\n<p><strong><span class=\"has-inline-color has-vivid-purple-color\">Respostas extremas de luta ou fuga: fobias<br><\/span><\/strong>Muitas pessoas experimentam crises ocasionais de p\u00e2nico ou nervosismo antes de um voo, primeiro encontro ou um jogo de futebol importante, por exemplo. No entanto, quando o sentimento \u00e9 persistente e espec\u00edfico a certa amea\u00e7a e prejudica a vida cotidiana, \u00e9 poss\u00edvel que haja uma fobia \u2014 um tipo de medo extremo.<\/p>\n\n\n\n<div class=\"wp-block-image\"><figure class=\"aligncenter size-large\"><img loading=\"lazy\" decoding=\"async\" width=\"1024\" height=\"100\" src=\"https:\/\/jornalfatosenoticias.com.br\/wp-content\/uploads\/2020\/02\/banner_ferramentas-1024x100.jpg\" alt=\"\" class=\"wp-image-1258\" srcset=\"https:\/\/jornalfatosenoticias.com.br\/wp-content\/uploads\/2020\/02\/banner_ferramentas-1024x100.jpg 1024w, https:\/\/jornalfatosenoticias.com.br\/wp-content\/uploads\/2020\/02\/banner_ferramentas-300x29.jpg 300w, https:\/\/jornalfatosenoticias.com.br\/wp-content\/uploads\/2020\/02\/banner_ferramentas-768x75.jpg 768w, https:\/\/jornalfatosenoticias.com.br\/wp-content\/uploads\/2020\/02\/banner_ferramentas.jpg 1227w\" sizes=\"auto, (max-width: 1024px) 100vw, 1024px\" \/><\/figure><\/div>\n\n\n\n<p>De acordo com um <a href=\"https:\/\/www.ncbi.nlm.nih.gov\/pmc\/articles\/PMC5674525\/\">estudo<\/a>, as fobias s\u00e3o um dos transtornos mentais mais comuns na popula\u00e7\u00e3o em geral, podendo atingir 9,8% das mulheres e 7,7% dos homens. Al\u00e9m disso, algumas pessoas n\u00e3o chegam a desenvolver fobias, mas apresentam medo irracional de determinados objetos, animais ou situa\u00e7\u00f5es, como cobras, altura ou at\u00e9 \u00e1gua.<\/p>\n\n\n\n<div class=\"wp-block-image\"><figure class=\"aligncenter size-large is-resized\"><img loading=\"lazy\" decoding=\"async\" src=\"https:\/\/jornalfatosenoticias.com.br\/wp-content\/uploads\/2020\/02\/casa-do-torresmo_portal.jpg\" alt=\"\" class=\"wp-image-34472\" width=\"264\" height=\"264\" srcset=\"https:\/\/jornalfatosenoticias.com.br\/wp-content\/uploads\/2020\/02\/casa-do-torresmo_portal.jpg 300w, https:\/\/jornalfatosenoticias.com.br\/wp-content\/uploads\/2020\/02\/casa-do-torresmo_portal-150x150.jpg 150w\" sizes=\"auto, (max-width: 264px) 100vw, 264px\" \/><\/figure><\/div>\n\n\n\n<p>De acordo com a institui\u00e7\u00e3o <a href=\"https:\/\/www.psychologytoday.com\/us\/basics\/fear\">Psychology Today<\/a>, tra\u00e7os de personalidade, como neuroticismo, parecem aumentar a probabilidade de algu\u00e9m desenvolver uma fobia. Tend\u00eancia a preocupa\u00e7\u00f5es frequentes e pensamentos negativos tamb\u00e9m pode aumentar o risco. O mais prov\u00e1vel \u00e9 que as pessoas sigam v\u00e1rios caminhos para o medo, entre eles a resposta emocional de nojo.<\/p>\n\n\n\n<div class=\"wp-block-image\"><figure class=\"aligncenter size-large\"><img loading=\"lazy\" decoding=\"async\" width=\"1024\" height=\"111\" src=\"https:\/\/jornalfatosenoticias.com.br\/wp-content\/uploads\/2020\/02\/WhatsApp-Image-2022-09-23-at-12.09.18-1024x111.jpeg\" alt=\"\" class=\"wp-image-34527\" srcset=\"https:\/\/jornalfatosenoticias.com.br\/wp-content\/uploads\/2020\/02\/WhatsApp-Image-2022-09-23-at-12.09.18-1024x111.jpeg 1024w, https:\/\/jornalfatosenoticias.com.br\/wp-content\/uploads\/2020\/02\/WhatsApp-Image-2022-09-23-at-12.09.18-300x32.jpeg 300w, https:\/\/jornalfatosenoticias.com.br\/wp-content\/uploads\/2020\/02\/WhatsApp-Image-2022-09-23-at-12.09.18-768x83.jpeg 768w, https:\/\/jornalfatosenoticias.com.br\/wp-content\/uploads\/2020\/02\/WhatsApp-Image-2022-09-23-at-12.09.18.jpeg 1121w\" sizes=\"auto, (max-width: 1024px) 100vw, 1024px\" \/><\/figure><\/div>\n\n\n\n<p><strong><span class=\"has-inline-color has-vivid-purple-color\">Fobias espec\u00edficas<br><\/span><\/strong>A fobia \u00e9 um medo ou ansiedade distintos em rela\u00e7\u00e3o a um determinado objeto ou situa\u00e7\u00e3o, cuja exposi\u00e7\u00e3o sempre provoca medo ou causa ang\u00fastia no indiv\u00edduo. O medo experimentado \u00e9 quase sempre desproporcional ao verdadeiro perigo que o objeto ou evento representa.<\/p>\n\n\n\n<div class=\"wp-block-image\"><figure class=\"aligncenter size-large is-resized\"><img loading=\"lazy\" decoding=\"async\" src=\"https:\/\/jornalfatosenoticias.com.br\/wp-content\/uploads\/2022\/07\/Logo-Grupo-SEI.jpg\" alt=\"\" class=\"wp-image-31973\" width=\"332\" height=\"174\" srcset=\"https:\/\/jornalfatosenoticias.com.br\/wp-content\/uploads\/2022\/07\/Logo-Grupo-SEI.jpg 713w, https:\/\/jornalfatosenoticias.com.br\/wp-content\/uploads\/2022\/07\/Logo-Grupo-SEI-300x158.jpg 300w\" sizes=\"auto, (max-width: 332px) 100vw, 332px\" \/><\/figure><\/div>\n\n\n\n<p>Ali\u00e1s, pessoas com fobias espec\u00edficas geralmente sabem que n\u00e3o h\u00e1 raz\u00e3o real para ter medo e que seu comportamento n\u00e3o \u00e9 l\u00f3gico. No entanto, elas n\u00e3o podem evitar a rea\u00e7\u00e3o exagerada.<\/p>\n\n\n\n<p><strong><span class=\"has-inline-color has-vivid-purple-color\">Animais<br><\/span><\/strong>Essa categoria inclui fobia de c\u00e3es (cinofobia), aranhas (aracnofobia) ou insetos (insetofobia ou <a href=\"https:\/\/www.ecycle.com.br\/entomofobia\/\">entomofobia<\/a>). Esses medos, conhecidos como zoofobias, tamb\u00e9m incluem o medo de morcegos (quirofobia) e de cobras ou lagartos (herpetofobia).<\/p>\n\n\n\n<figure class=\"wp-block-image size-large\"><img loading=\"lazy\" decoding=\"async\" width=\"1000\" height=\"613\" src=\"https:\/\/jornalfatosenoticias.com.br\/wp-content\/uploads\/2022\/11\/inseto_fobia2.jpg\" alt=\"\" class=\"wp-image-35888\" srcset=\"https:\/\/jornalfatosenoticias.com.br\/wp-content\/uploads\/2022\/11\/inseto_fobia2.jpg 1000w, https:\/\/jornalfatosenoticias.com.br\/wp-content\/uploads\/2022\/11\/inseto_fobia2-300x184.jpg 300w, https:\/\/jornalfatosenoticias.com.br\/wp-content\/uploads\/2022\/11\/inseto_fobia2-768x471.jpg 768w\" sizes=\"auto, (max-width: 1000px) 100vw, 1000px\" \/><figcaption><em><span class=\"has-inline-color has-black-color\">Gafanhoto (Foto: Heiko Haller\/Unsplash)<\/span><\/em><\/figcaption><\/figure>\n\n\n\n<p><strong><span class=\"has-inline-color has-vivid-purple-color\">Ambiente natural<br><\/span><\/strong>Medo de altura (acrofobia) ou de tempestades s\u00e3o exemplos. Essas fobias tamb\u00e9m incluem fobia do fogo (pirofobia) e do escuro (nictofobia).<\/p>\n\n\n\n<div class=\"wp-block-image\"><figure class=\"aligncenter size-large\"><img loading=\"lazy\" decoding=\"async\" width=\"560\" height=\"60\" src=\"https:\/\/jornalfatosenoticias.com.br\/wp-content\/uploads\/2022\/10\/Propaganda-RC-Radiadores-Jornal_page-0001.jpg\" alt=\"\" class=\"wp-image-35270\" srcset=\"https:\/\/jornalfatosenoticias.com.br\/wp-content\/uploads\/2022\/10\/Propaganda-RC-Radiadores-Jornal_page-0001.jpg 560w, https:\/\/jornalfatosenoticias.com.br\/wp-content\/uploads\/2022\/10\/Propaganda-RC-Radiadores-Jornal_page-0001-300x32.jpg 300w\" sizes=\"auto, (max-width: 560px) 100vw, 560px\" \/><\/figure><\/div>\n\n\n\n<p><strong><span class=\"has-inline-color has-vivid-purple-color\">Sangue e\/ou m\u00e9dicos<br><\/span><\/strong>Fobias relacionadas a sangue (hemofobia), ferimentos e inje\u00e7\u00e3o, como medo de agulhas (tripanofobia) ou procedimentos m\u00e9dicos, incluindo odontologia (dentofobia) s\u00e3o exemplos desta categoria.<\/p>\n\n\n\n<p><strong><span class=\"has-inline-color has-vivid-purple-color\">Situacionais<br><\/span><\/strong>Alguns exemplos s\u00e3o medo de voar (aerofobia), falar em p\u00fablico (glossofobia) ou de andar em elevadores, que \u00e9 em si uma fobia de espa\u00e7os fechados (claustrofobia).<\/p>\n\n\n\n<div class=\"wp-block-image\"><figure class=\"alignleft size-large\"><img decoding=\"async\" src=\"https:\/\/jornalfatosenoticias.com.br\/wp-content\/uploads\/2020\/02\/barao-das-carnes-300x164-1.jpg\" alt=\"\" class=\"wp-image-34339\"\/><\/figure><\/div>\n\n\n\n<p><strong><span class=\"has-inline-color has-vivid-purple-color\">Fobia social<br><\/span><\/strong>A <a href=\"https:\/\/www.ecycle.com.br\/tratamento-com-realidade-virtual-reduz-fobia-social\/\">fobia social<\/a> \u00e9 chamada de transtorno de ansiedade social. \u00c9 o medo de situa\u00e7\u00f5es sociais em que voc\u00ea estar\u00e1 com pessoas desconhecidas ou poder\u00e1 ser examinado. Aqueles com esse transtorno temem ser envergonhados ou humilhados nessas situa\u00e7\u00f5es. O nervoso excessivo ao falar em p\u00fablico \u2014 ou pensar na possibilidade de faz\u00ea-lo \u2014 \u00e9 um tipo espec\u00edfico de transtorno de ansiedade social.<br>As fobias podem se manifestar a qualquer momento, mas tendem a surgir na inf\u00e2ncia ou adolesc\u00eancia e os sintomas costumam durar a vida toda. Em alguns casos, a exposi\u00e7\u00e3o ao objeto ou situa\u00e7\u00e3o temida (o est\u00edmulo f\u00f3bico) pode causar ataques de p\u00e2nico completos ou limitados.<\/p>\n\n\n\n<div class=\"wp-block-image\"><figure class=\"aligncenter size-large is-resized\"><img loading=\"lazy\" decoding=\"async\" src=\"https:\/\/jornalfatosenoticias.com.br\/wp-content\/uploads\/2020\/02\/logo-clinica-limoeiro.jpg\" alt=\"\" class=\"wp-image-34610\" width=\"300\" height=\"213\"\/><\/figure><\/div>\n\n\n\n<p><strong><span class=\"has-inline-color has-vivid-purple-color\">Sintomas<br><\/span><\/strong>O medo geralmente envolve sintomas f\u00edsicos e emocionais. Cada pessoa pode experimentar a sensa\u00e7\u00e3o de forma diferente, mas alguns dos sinais e sintomas comuns incluem:<\/p>\n\n\n\n<ul class=\"wp-block-list\"><li>Dor no peito<\/li><li>Arrepios<\/li><li>Boca seca<\/li><li>N\u00e1usea<\/li><li>Batimento card\u00edaco acelerado<\/li><li>Falta de ar<\/li><li>Suor<\/li><li>Tremor<\/li><li>Sensa\u00e7\u00e3o de est\u00f4mago revirado<\/li><\/ul>\n\n\n\n<div class=\"wp-block-image\"><figure class=\"aligncenter size-large\"><img decoding=\"async\" src=\"https:\/\/jornalfatosenoticias.com.br\/wp-content\/uploads\/2020\/02\/Serra-Grande-1024x160.png\" alt=\"\" class=\"wp-image-7836\"\/><\/figure><\/div>\n\n\n\n<p><strong><span class=\"has-inline-color has-vivid-purple-color\">Causas<\/span><\/strong><br>Os medos s\u00e3o incrivelmente complexos. Eles podem ser resultado de experi\u00eancias ou traumas, enquanto outros podem ser consequ\u00eancia de fatores como a perda de controle, por exemplo. Al\u00e9m disso, podem estar associados a sintomas f\u00edsicos, como tontura e enjoo. Alguns gatilhos comuns incluem:<\/p>\n\n\n\n<ul class=\"wp-block-list\"><li>Certos objetos ou situa\u00e7\u00f5es espec\u00edficas (aranhas, cobras, alturas, voar, etc)<\/li><li>Eventos futuros<\/li><li>Eventos imagin\u00e1rios<\/li><li>Perigos ambientais reais<\/li><li>O desconhecido<\/li><\/ul>\n\n\n\n<div class=\"wp-block-image\"><figure class=\"aligncenter size-large is-resized\"><img loading=\"lazy\" decoding=\"async\" src=\"https:\/\/jornalfatosenoticias.com.br\/wp-content\/uploads\/2022\/08\/logo-locau-veiculos-1024x573.png\" alt=\"\" class=\"wp-image-33078\" width=\"366\" height=\"204\"\/><\/figure><\/div>\n\n\n\n<p>Certos medos podem ser inatos e influenciados evolutivamente porque ajudam na sobreviv\u00eancia. Outros s\u00e3o aprendidos e est\u00e3o ligados a associa\u00e7\u00f5es ou experi\u00eancias traum\u00e1ticas.<\/p>\n\n\n\n<p><strong><span class=\"has-inline-color has-vivid-purple-color\">Tratamentos<br><\/span><\/strong>A exposi\u00e7\u00e3o repetida a situa\u00e7\u00f5es semelhantes leva \u00e0 familiaridade, o que pode reduzir drasticamente a rea\u00e7\u00e3o ao medo. Essa abordagem forma a base de alguns tratamentos de fobia, que dependem da minimiza\u00e7\u00e3o lenta da resposta ao medo, tornando-a familiar.<\/p>\n\n\n\n<div class=\"wp-block-image\"><figure class=\"aligncenter size-large\"><img decoding=\"async\" src=\"https:\/\/jornalfatosenoticias.com.br\/wp-content\/uploads\/2020\/02\/logo-embacia-1-1024x110.jpg\" alt=\"\" class=\"wp-image-33954\"\/><\/figure><\/div>\n\n\n\n<p>Os tratamentos da fobia baseados na psicologia do medo tendem a se concentrar em t\u00e9cnicas como dessensibiliza\u00e7\u00e3o sistem\u00e1tica e inunda\u00e7\u00e3o. Ambas as t\u00e9cnicas trabalham com as respostas fisiol\u00f3gicas e psicol\u00f3gicas do seu corpo para reduzir a sensa\u00e7\u00e3o de p\u00e2nico.<br>Existem tamb\u00e9m medidas que voc\u00ea pode seguir para ajudar a lidar com os medos na vida cotidiana. Essas estrat\u00e9gias enfocam o gerenciamento dos efeitos f\u00edsicos, emocionais e comportamentais da fobia. Algumas coisas que voc\u00ea pode fazer incluem:<\/p>\n\n\n\n<ul class=\"wp-block-list\"><li>Obtenha apoio social: Ter pessoas que o apoiam em sua vida pode ajud\u00e1-lo a controlar seus sentimentos.<\/li><li>Pratique a aten\u00e7\u00e3o plena: Embora nem sempre seja poss\u00edvel evitar certas emo\u00e7\u00f5es, estar atento pode ajud\u00e1-lo a control\u00e1-las e substituir pensamentos negativos por outros mais \u00fateis. Confira como praticar na mat\u00e9ria <a href=\"Mindfulness: entenda e pratique a aten\u00e7\u00e3o plena.\">Mindfulness: entenda e pratique a aten\u00e7\u00e3o plena.<\/a><\/li><li>Use t\u00e9cnicas de gerenciamento de estresse, como respira\u00e7\u00e3o profunda, relaxamento muscular progressivo e visualiza\u00e7\u00e3o.<\/li><li>Cuide da sua sa\u00fade f\u00edsica e mental: Alimente-se bem, fa\u00e7a exerc\u00edcios regularmente e durma o suficiente todas as noites. A terapia cognitivo-comportamental pode ser um grande aux\u00edlio no tratamento de medos e fobias.<\/li><\/ul>\n\n\n\n<div class=\"wp-block-image\"><figure class=\"alignright size-large is-resized\"><img loading=\"lazy\" decoding=\"async\" src=\"https:\/\/jornalfatosenoticias.com.br\/wp-content\/uploads\/2022\/02\/Precisao-Contabilidade-1024x724.jpg\" alt=\"\" class=\"wp-image-28088\" width=\"360\" height=\"254\"\/><\/figure><\/div>\n\n\n\n<p><strong><span class=\"has-inline-color has-vivid-purple-color\">\u00c9 poss\u00edvel n\u00e3o sentir medo?<br><\/span><\/strong>Entre as discuss\u00f5es sobre medo, \u00e9 poss\u00edvel erguer algumas d\u00favidas sobre a emo\u00e7\u00e3o, como: \u00e9 poss\u00edvel n\u00e3o sentir medo? E acredite ou n\u00e3o, a resposta \u00e9 sim, apesar da rea\u00e7\u00e3o ser extremamente importante.<br>Embora seja uma condi\u00e7\u00e3o rara e n\u00e3o natural, alguns indiv\u00edduos n\u00e3o s\u00e3o capazes de sentir medo, o que, como j\u00e1 mencionado, pode ser prejudicial. Esses casos podem resultar de alguns fatores diferentes, como doen\u00e7as ou danos cerebrais derivados de acidentes que impactam diretamente a parte do c\u00e9rebro associada ao medo.<br>Nesses casos, o indiv\u00edduo ainda pode conseguir intelectualizar poss\u00edveis consequ\u00eancias de suas a\u00e7\u00f5es que podem prejudic\u00e1-lo. Entretanto, ainda n\u00e3o sente medo e n\u00e3o possui o instinto principal associado \u00e0 sensa\u00e7\u00e3o \u2014 o de lutar ou fugir.<br>Assim, \u00e9 poss\u00edvel concluir que \u00e9 poss\u00edvel n\u00e3o sentir medo. Por\u00e9m, essa rea\u00e7\u00e3o \u2014 ou falta de uma \u2014 n\u00e3o \u00e9 resultante do estado emocional de um indiv\u00edduo ou de seu bem-estar, e sim de outras condi\u00e7\u00f5es relacionadas \u00e0s partes do c\u00e9rebro que respondem ao medo.<\/p>\n\n\n\n<p><strong><em>Fonte: <a href=\"https:\/\/www.ecycle.com.br\/medo\/\">eCycle<\/a><\/em><\/strong><\/p>\n","protected":false},"excerpt":{"rendered":"<p>H\u00e1 uma linha t\u00eanue entre o medo que nos protege de eventuais amea\u00e7as e a fobia. Entenda as diferen\u00e7as e conhe\u00e7a sintomas, dicas e tratamentos para lidar com o problema O medo \u00e9 uma rea\u00e7\u00e3o ao perigo f\u00edsico e emocional, que tem tido uma fun\u00e7\u00e3o vital ao longo da evolu\u00e7\u00e3o humana. Trata-se de uma emo\u00e7\u00e3o [&hellip;]<\/p>\n","protected":false},"author":2,"featured_media":35889,"comment_status":"open","ping_status":"open","sticky":false,"template":"","format":"standard","meta":{"footnotes":""},"categories":[2522],"tags":[11264,1557,717,4200],"class_list":["post-35887","post","type-post","status-publish","format-standard","has-post-thumbnail","hentry","category-comportamento","tag-fobia","tag-medo","tag-sintomas","tag-tratamentos"],"yoast_head":"<!-- This site is optimized with the Yoast SEO plugin v26.5 - https:\/\/yoast.com\/wordpress\/plugins\/seo\/ -->\n<title>Medo: quando uma rea\u00e7\u00e3o natural se torna fobia - Jornal Fatos e Not\u00edcias<\/title>\n<meta name=\"robots\" content=\"index, follow, max-snippet:-1, max-image-preview:large, max-video-preview:-1\" \/>\n<link rel=\"canonical\" href=\"https:\/\/jornalfatosenoticias.com.br\/index.php\/2022\/11\/09\/medo-quando-uma-reacao-natural-se-torna-fobia-2\/\" \/>\n<meta property=\"og:locale\" content=\"pt_BR\" \/>\n<meta property=\"og:type\" content=\"article\" \/>\n<meta property=\"og:title\" content=\"Medo: quando uma rea\u00e7\u00e3o natural se torna fobia - Jornal Fatos e Not\u00edcias\" \/>\n<meta property=\"og:description\" content=\"H\u00e1 uma linha t\u00eanue entre o medo que nos protege de eventuais amea\u00e7as e a fobia. Entenda as diferen\u00e7as e conhe\u00e7a sintomas, dicas e tratamentos para lidar com o problema O medo \u00e9 uma rea\u00e7\u00e3o ao perigo f\u00edsico e emocional, que tem tido uma fun\u00e7\u00e3o vital ao longo da evolu\u00e7\u00e3o humana. Trata-se de uma emo\u00e7\u00e3o [&hellip;]\" \/>\n<meta property=\"og:url\" content=\"https:\/\/jornalfatosenoticias.com.br\/index.php\/2022\/11\/09\/medo-quando-uma-reacao-natural-se-torna-fobia-2\/\" \/>\n<meta property=\"og:site_name\" content=\"Jornal Fatos e Not\u00edcias\" \/>\n<meta property=\"article:published_time\" content=\"2022-11-09T16:28:23+00:00\" \/>\n<meta property=\"article:modified_time\" content=\"2022-11-09T16:28:25+00:00\" \/>\n<meta property=\"og:image\" content=\"https:\/\/jornalfatosenoticias.com.br\/wp-content\/uploads\/2022\/11\/fobia_melanie-wasser-unsplashd.jpg\" \/>\n\t<meta property=\"og:image:width\" content=\"1000\" \/>\n\t<meta property=\"og:image:height\" content=\"764\" \/>\n\t<meta property=\"og:image:type\" content=\"image\/jpeg\" \/>\n<meta name=\"author\" content=\"Luzimara Fernandes\" \/>\n<meta name=\"twitter:card\" content=\"summary_large_image\" \/>\n<meta name=\"twitter:label1\" content=\"Escrito por\" \/>\n\t<meta name=\"twitter:data1\" content=\"Luzimara Fernandes\" \/>\n\t<meta name=\"twitter:label2\" content=\"Est. tempo de leitura\" \/>\n\t<meta name=\"twitter:data2\" content=\"7 minutos\" \/>\n<script type=\"application\/ld+json\" class=\"yoast-schema-graph\">{\"@context\":\"https:\/\/schema.org\",\"@graph\":[{\"@type\":\"Article\",\"@id\":\"https:\/\/jornalfatosenoticias.com.br\/index.php\/2022\/11\/09\/medo-quando-uma-reacao-natural-se-torna-fobia-2\/#article\",\"isPartOf\":{\"@id\":\"https:\/\/jornalfatosenoticias.com.br\/index.php\/2022\/11\/09\/medo-quando-uma-reacao-natural-se-torna-fobia-2\/\"},\"author\":{\"name\":\"Luzimara Fernandes\",\"@id\":\"https:\/\/jornalfatosenoticias.com.br\/#\/schema\/person\/d63837fa13ac8666eb9e74e0985d6f81\"},\"headline\":\"Medo: quando uma rea\u00e7\u00e3o natural se torna fobia\",\"datePublished\":\"2022-11-09T16:28:23+00:00\",\"dateModified\":\"2022-11-09T16:28:25+00:00\",\"mainEntityOfPage\":{\"@id\":\"https:\/\/jornalfatosenoticias.com.br\/index.php\/2022\/11\/09\/medo-quando-uma-reacao-natural-se-torna-fobia-2\/\"},\"wordCount\":1499,\"commentCount\":0,\"publisher\":{\"@id\":\"https:\/\/jornalfatosenoticias.com.br\/#organization\"},\"image\":{\"@id\":\"https:\/\/jornalfatosenoticias.com.br\/index.php\/2022\/11\/09\/medo-quando-uma-reacao-natural-se-torna-fobia-2\/#primaryimage\"},\"thumbnailUrl\":\"https:\/\/jornalfatosenoticias.com.br\/wp-content\/uploads\/2022\/11\/fobia_melanie-wasser-unsplashd.jpg\",\"keywords\":[\"fobia\",\"medo\",\"sintomas\",\"tratamentos\"],\"articleSection\":[\"Comportamento &amp; Equil\u00edbrio\"],\"inLanguage\":\"pt-BR\",\"potentialAction\":[{\"@type\":\"CommentAction\",\"name\":\"Comment\",\"target\":[\"https:\/\/jornalfatosenoticias.com.br\/index.php\/2022\/11\/09\/medo-quando-uma-reacao-natural-se-torna-fobia-2\/#respond\"]}]},{\"@type\":\"WebPage\",\"@id\":\"https:\/\/jornalfatosenoticias.com.br\/index.php\/2022\/11\/09\/medo-quando-uma-reacao-natural-se-torna-fobia-2\/\",\"url\":\"https:\/\/jornalfatosenoticias.com.br\/index.php\/2022\/11\/09\/medo-quando-uma-reacao-natural-se-torna-fobia-2\/\",\"name\":\"Medo: quando uma rea\u00e7\u00e3o natural se torna fobia - Jornal Fatos e Not\u00edcias\",\"isPartOf\":{\"@id\":\"https:\/\/jornalfatosenoticias.com.br\/#website\"},\"primaryImageOfPage\":{\"@id\":\"https:\/\/jornalfatosenoticias.com.br\/index.php\/2022\/11\/09\/medo-quando-uma-reacao-natural-se-torna-fobia-2\/#primaryimage\"},\"image\":{\"@id\":\"https:\/\/jornalfatosenoticias.com.br\/index.php\/2022\/11\/09\/medo-quando-uma-reacao-natural-se-torna-fobia-2\/#primaryimage\"},\"thumbnailUrl\":\"https:\/\/jornalfatosenoticias.com.br\/wp-content\/uploads\/2022\/11\/fobia_melanie-wasser-unsplashd.jpg\",\"datePublished\":\"2022-11-09T16:28:23+00:00\",\"dateModified\":\"2022-11-09T16:28:25+00:00\",\"breadcrumb\":{\"@id\":\"https:\/\/jornalfatosenoticias.com.br\/index.php\/2022\/11\/09\/medo-quando-uma-reacao-natural-se-torna-fobia-2\/#breadcrumb\"},\"inLanguage\":\"pt-BR\",\"potentialAction\":[{\"@type\":\"ReadAction\",\"target\":[\"https:\/\/jornalfatosenoticias.com.br\/index.php\/2022\/11\/09\/medo-quando-uma-reacao-natural-se-torna-fobia-2\/\"]}]},{\"@type\":\"ImageObject\",\"inLanguage\":\"pt-BR\",\"@id\":\"https:\/\/jornalfatosenoticias.com.br\/index.php\/2022\/11\/09\/medo-quando-uma-reacao-natural-se-torna-fobia-2\/#primaryimage\",\"url\":\"https:\/\/jornalfatosenoticias.com.br\/wp-content\/uploads\/2022\/11\/fobia_melanie-wasser-unsplashd.jpg\",\"contentUrl\":\"https:\/\/jornalfatosenoticias.com.br\/wp-content\/uploads\/2022\/11\/fobia_melanie-wasser-unsplashd.jpg\",\"width\":1000,\"height\":764},{\"@type\":\"BreadcrumbList\",\"@id\":\"https:\/\/jornalfatosenoticias.com.br\/index.php\/2022\/11\/09\/medo-quando-uma-reacao-natural-se-torna-fobia-2\/#breadcrumb\",\"itemListElement\":[{\"@type\":\"ListItem\",\"position\":1,\"name\":\"In\u00edcio\",\"item\":\"https:\/\/jornalfatosenoticias.com.br\/\"},{\"@type\":\"ListItem\",\"position\":2,\"name\":\"Medo: quando uma rea\u00e7\u00e3o natural se torna fobia\"}]},{\"@type\":\"WebSite\",\"@id\":\"https:\/\/jornalfatosenoticias.com.br\/#website\",\"url\":\"https:\/\/jornalfatosenoticias.com.br\/\",\"name\":\"Jornal Fatos e Not\u00edcias\",\"description\":\"Not\u00edcias em geral\",\"publisher\":{\"@id\":\"https:\/\/jornalfatosenoticias.com.br\/#organization\"},\"potentialAction\":[{\"@type\":\"SearchAction\",\"target\":{\"@type\":\"EntryPoint\",\"urlTemplate\":\"https:\/\/jornalfatosenoticias.com.br\/?s={search_term_string}\"},\"query-input\":{\"@type\":\"PropertyValueSpecification\",\"valueRequired\":true,\"valueName\":\"search_term_string\"}}],\"inLanguage\":\"pt-BR\"},{\"@type\":\"Organization\",\"@id\":\"https:\/\/jornalfatosenoticias.com.br\/#organization\",\"name\":\"Jornal Fatos e Not\u00edcias\",\"url\":\"https:\/\/jornalfatosenoticias.com.br\/\",\"logo\":{\"@type\":\"ImageObject\",\"inLanguage\":\"pt-BR\",\"@id\":\"https:\/\/jornalfatosenoticias.com.br\/#\/schema\/logo\/image\/\",\"url\":\"https:\/\/jornalfatosenoticias.com.br\/wp-content\/uploads\/2020\/02\/logo120.png\",\"contentUrl\":\"https:\/\/jornalfatosenoticias.com.br\/wp-content\/uploads\/2020\/02\/logo120.png\",\"width\":1227,\"height\":120,\"caption\":\"Jornal Fatos e Not\u00edcias\"},\"image\":{\"@id\":\"https:\/\/jornalfatosenoticias.com.br\/#\/schema\/logo\/image\/\"}},{\"@type\":\"Person\",\"@id\":\"https:\/\/jornalfatosenoticias.com.br\/#\/schema\/person\/d63837fa13ac8666eb9e74e0985d6f81\",\"name\":\"Luzimara Fernandes\",\"image\":{\"@type\":\"ImageObject\",\"inLanguage\":\"pt-BR\",\"@id\":\"https:\/\/jornalfatosenoticias.com.br\/#\/schema\/person\/image\/\",\"url\":\"https:\/\/jornalfatosenoticias.com.br\/wp-content\/uploads\/2025\/05\/EU_portal.jpg\",\"contentUrl\":\"https:\/\/jornalfatosenoticias.com.br\/wp-content\/uploads\/2025\/05\/EU_portal.jpg\",\"caption\":\"Luzimara Fernandes\"},\"description\":\"Jornalista MTB 2358-ES\",\"sameAs\":[\"https:\/\/jornalfatosenoticias.com.br\"],\"url\":\"https:\/\/jornalfatosenoticias.com.br\/index.php\/author\/luzimara\/\"}]}<\/script>\n<!-- \/ Yoast SEO plugin. -->","yoast_head_json":{"title":"Medo: quando uma rea\u00e7\u00e3o natural se torna fobia - Jornal Fatos e Not\u00edcias","robots":{"index":"index","follow":"follow","max-snippet":"max-snippet:-1","max-image-preview":"max-image-preview:large","max-video-preview":"max-video-preview:-1"},"canonical":"https:\/\/jornalfatosenoticias.com.br\/index.php\/2022\/11\/09\/medo-quando-uma-reacao-natural-se-torna-fobia-2\/","og_locale":"pt_BR","og_type":"article","og_title":"Medo: quando uma rea\u00e7\u00e3o natural se torna fobia - Jornal Fatos e Not\u00edcias","og_description":"H\u00e1 uma linha t\u00eanue entre o medo que nos protege de eventuais amea\u00e7as e a fobia. Entenda as diferen\u00e7as e conhe\u00e7a sintomas, dicas e tratamentos para lidar com o problema O medo \u00e9 uma rea\u00e7\u00e3o ao perigo f\u00edsico e emocional, que tem tido uma fun\u00e7\u00e3o vital ao longo da evolu\u00e7\u00e3o humana. Trata-se de uma emo\u00e7\u00e3o [&hellip;]","og_url":"https:\/\/jornalfatosenoticias.com.br\/index.php\/2022\/11\/09\/medo-quando-uma-reacao-natural-se-torna-fobia-2\/","og_site_name":"Jornal Fatos e Not\u00edcias","article_published_time":"2022-11-09T16:28:23+00:00","article_modified_time":"2022-11-09T16:28:25+00:00","og_image":[{"width":1000,"height":764,"url":"https:\/\/jornalfatosenoticias.com.br\/wp-content\/uploads\/2022\/11\/fobia_melanie-wasser-unsplashd.jpg","type":"image\/jpeg"}],"author":"Luzimara Fernandes","twitter_card":"summary_large_image","twitter_misc":{"Escrito por":"Luzimara Fernandes","Est. tempo de leitura":"7 minutos"},"schema":{"@context":"https:\/\/schema.org","@graph":[{"@type":"Article","@id":"https:\/\/jornalfatosenoticias.com.br\/index.php\/2022\/11\/09\/medo-quando-uma-reacao-natural-se-torna-fobia-2\/#article","isPartOf":{"@id":"https:\/\/jornalfatosenoticias.com.br\/index.php\/2022\/11\/09\/medo-quando-uma-reacao-natural-se-torna-fobia-2\/"},"author":{"name":"Luzimara Fernandes","@id":"https:\/\/jornalfatosenoticias.com.br\/#\/schema\/person\/d63837fa13ac8666eb9e74e0985d6f81"},"headline":"Medo: quando uma rea\u00e7\u00e3o natural se torna fobia","datePublished":"2022-11-09T16:28:23+00:00","dateModified":"2022-11-09T16:28:25+00:00","mainEntityOfPage":{"@id":"https:\/\/jornalfatosenoticias.com.br\/index.php\/2022\/11\/09\/medo-quando-uma-reacao-natural-se-torna-fobia-2\/"},"wordCount":1499,"commentCount":0,"publisher":{"@id":"https:\/\/jornalfatosenoticias.com.br\/#organization"},"image":{"@id":"https:\/\/jornalfatosenoticias.com.br\/index.php\/2022\/11\/09\/medo-quando-uma-reacao-natural-se-torna-fobia-2\/#primaryimage"},"thumbnailUrl":"https:\/\/jornalfatosenoticias.com.br\/wp-content\/uploads\/2022\/11\/fobia_melanie-wasser-unsplashd.jpg","keywords":["fobia","medo","sintomas","tratamentos"],"articleSection":["Comportamento &amp; Equil\u00edbrio"],"inLanguage":"pt-BR","potentialAction":[{"@type":"CommentAction","name":"Comment","target":["https:\/\/jornalfatosenoticias.com.br\/index.php\/2022\/11\/09\/medo-quando-uma-reacao-natural-se-torna-fobia-2\/#respond"]}]},{"@type":"WebPage","@id":"https:\/\/jornalfatosenoticias.com.br\/index.php\/2022\/11\/09\/medo-quando-uma-reacao-natural-se-torna-fobia-2\/","url":"https:\/\/jornalfatosenoticias.com.br\/index.php\/2022\/11\/09\/medo-quando-uma-reacao-natural-se-torna-fobia-2\/","name":"Medo: quando uma rea\u00e7\u00e3o natural se torna fobia - Jornal Fatos e Not\u00edcias","isPartOf":{"@id":"https:\/\/jornalfatosenoticias.com.br\/#website"},"primaryImageOfPage":{"@id":"https:\/\/jornalfatosenoticias.com.br\/index.php\/2022\/11\/09\/medo-quando-uma-reacao-natural-se-torna-fobia-2\/#primaryimage"},"image":{"@id":"https:\/\/jornalfatosenoticias.com.br\/index.php\/2022\/11\/09\/medo-quando-uma-reacao-natural-se-torna-fobia-2\/#primaryimage"},"thumbnailUrl":"https:\/\/jornalfatosenoticias.com.br\/wp-content\/uploads\/2022\/11\/fobia_melanie-wasser-unsplashd.jpg","datePublished":"2022-11-09T16:28:23+00:00","dateModified":"2022-11-09T16:28:25+00:00","breadcrumb":{"@id":"https:\/\/jornalfatosenoticias.com.br\/index.php\/2022\/11\/09\/medo-quando-uma-reacao-natural-se-torna-fobia-2\/#breadcrumb"},"inLanguage":"pt-BR","potentialAction":[{"@type":"ReadAction","target":["https:\/\/jornalfatosenoticias.com.br\/index.php\/2022\/11\/09\/medo-quando-uma-reacao-natural-se-torna-fobia-2\/"]}]},{"@type":"ImageObject","inLanguage":"pt-BR","@id":"https:\/\/jornalfatosenoticias.com.br\/index.php\/2022\/11\/09\/medo-quando-uma-reacao-natural-se-torna-fobia-2\/#primaryimage","url":"https:\/\/jornalfatosenoticias.com.br\/wp-content\/uploads\/2022\/11\/fobia_melanie-wasser-unsplashd.jpg","contentUrl":"https:\/\/jornalfatosenoticias.com.br\/wp-content\/uploads\/2022\/11\/fobia_melanie-wasser-unsplashd.jpg","width":1000,"height":764},{"@type":"BreadcrumbList","@id":"https:\/\/jornalfatosenoticias.com.br\/index.php\/2022\/11\/09\/medo-quando-uma-reacao-natural-se-torna-fobia-2\/#breadcrumb","itemListElement":[{"@type":"ListItem","position":1,"name":"In\u00edcio","item":"https:\/\/jornalfatosenoticias.com.br\/"},{"@type":"ListItem","position":2,"name":"Medo: quando uma rea\u00e7\u00e3o natural se torna fobia"}]},{"@type":"WebSite","@id":"https:\/\/jornalfatosenoticias.com.br\/#website","url":"https:\/\/jornalfatosenoticias.com.br\/","name":"Jornal Fatos e Not\u00edcias","description":"Not\u00edcias em geral","publisher":{"@id":"https:\/\/jornalfatosenoticias.com.br\/#organization"},"potentialAction":[{"@type":"SearchAction","target":{"@type":"EntryPoint","urlTemplate":"https:\/\/jornalfatosenoticias.com.br\/?s={search_term_string}"},"query-input":{"@type":"PropertyValueSpecification","valueRequired":true,"valueName":"search_term_string"}}],"inLanguage":"pt-BR"},{"@type":"Organization","@id":"https:\/\/jornalfatosenoticias.com.br\/#organization","name":"Jornal Fatos e Not\u00edcias","url":"https:\/\/jornalfatosenoticias.com.br\/","logo":{"@type":"ImageObject","inLanguage":"pt-BR","@id":"https:\/\/jornalfatosenoticias.com.br\/#\/schema\/logo\/image\/","url":"https:\/\/jornalfatosenoticias.com.br\/wp-content\/uploads\/2020\/02\/logo120.png","contentUrl":"https:\/\/jornalfatosenoticias.com.br\/wp-content\/uploads\/2020\/02\/logo120.png","width":1227,"height":120,"caption":"Jornal Fatos e Not\u00edcias"},"image":{"@id":"https:\/\/jornalfatosenoticias.com.br\/#\/schema\/logo\/image\/"}},{"@type":"Person","@id":"https:\/\/jornalfatosenoticias.com.br\/#\/schema\/person\/d63837fa13ac8666eb9e74e0985d6f81","name":"Luzimara Fernandes","image":{"@type":"ImageObject","inLanguage":"pt-BR","@id":"https:\/\/jornalfatosenoticias.com.br\/#\/schema\/person\/image\/","url":"https:\/\/jornalfatosenoticias.com.br\/wp-content\/uploads\/2025\/05\/EU_portal.jpg","contentUrl":"https:\/\/jornalfatosenoticias.com.br\/wp-content\/uploads\/2025\/05\/EU_portal.jpg","caption":"Luzimara Fernandes"},"description":"Jornalista MTB 2358-ES","sameAs":["https:\/\/jornalfatosenoticias.com.br"],"url":"https:\/\/jornalfatosenoticias.com.br\/index.php\/author\/luzimara\/"}]}},"cc_featured_image_caption":{"caption_text":"(Foto: Melanie Wasser\/Unsplash) ","source_text":"","source_url":""},"jetpack_featured_media_url":"https:\/\/jornalfatosenoticias.com.br\/wp-content\/uploads\/2022\/11\/fobia_melanie-wasser-unsplashd.jpg","_links":{"self":[{"href":"https:\/\/jornalfatosenoticias.com.br\/index.php\/wp-json\/wp\/v2\/posts\/35887","targetHints":{"allow":["GET"]}}],"collection":[{"href":"https:\/\/jornalfatosenoticias.com.br\/index.php\/wp-json\/wp\/v2\/posts"}],"about":[{"href":"https:\/\/jornalfatosenoticias.com.br\/index.php\/wp-json\/wp\/v2\/types\/post"}],"author":[{"embeddable":true,"href":"https:\/\/jornalfatosenoticias.com.br\/index.php\/wp-json\/wp\/v2\/users\/2"}],"replies":[{"embeddable":true,"href":"https:\/\/jornalfatosenoticias.com.br\/index.php\/wp-json\/wp\/v2\/comments?post=35887"}],"version-history":[{"count":0,"href":"https:\/\/jornalfatosenoticias.com.br\/index.php\/wp-json\/wp\/v2\/posts\/35887\/revisions"}],"wp:featuredmedia":[{"embeddable":true,"href":"https:\/\/jornalfatosenoticias.com.br\/index.php\/wp-json\/wp\/v2\/media\/35889"}],"wp:attachment":[{"href":"https:\/\/jornalfatosenoticias.com.br\/index.php\/wp-json\/wp\/v2\/media?parent=35887"}],"wp:term":[{"taxonomy":"category","embeddable":true,"href":"https:\/\/jornalfatosenoticias.com.br\/index.php\/wp-json\/wp\/v2\/categories?post=35887"},{"taxonomy":"post_tag","embeddable":true,"href":"https:\/\/jornalfatosenoticias.com.br\/index.php\/wp-json\/wp\/v2\/tags?post=35887"}],"curies":[{"name":"wp","href":"https:\/\/api.w.org\/{rel}","templated":true}]}}