{"id":35909,"date":"2022-11-10T18:26:34","date_gmt":"2022-11-10T21:26:34","guid":{"rendered":"https:\/\/jornalfatosenoticias.com.br\/?p=35909"},"modified":"2022-11-10T18:26:35","modified_gmt":"2022-11-10T21:26:35","slug":"falsas-memorias-uma-falacia-nos-laudos-psicologicos-das-criancas-parte-iv","status":"publish","type":"post","link":"https:\/\/jornalfatosenoticias.com.br\/index.php\/2022\/11\/10\/falsas-memorias-uma-falacia-nos-laudos-psicologicos-das-criancas-parte-iv\/","title":{"rendered":"Falsas mem\u00f3rias, uma fal\u00e1cia nos laudos psicol\u00f3gicos das Crian\u00e7as \u2014 Parte IV"},"content":{"rendered":"\n<p><em><span class=\"has-inline-color has-black-color\">Profissionais da Psicologia se arvoram a afirmar que a Crian\u00e7a foi \u201cprogramada\u201d pela m\u00e3e para relatar os abusos<\/span><\/em><\/p>\n\n\n\n<div class=\"wp-block-image\"><figure class=\"aligncenter size-large\"><img loading=\"lazy\" decoding=\"async\" width=\"560\" height=\"60\" src=\"https:\/\/jornalfatosenoticias.com.br\/wp-content\/uploads\/2022\/10\/Propaganda-RC-Radiadores-Jornal_page-0001.jpg\" alt=\"\" class=\"wp-image-35270\" srcset=\"https:\/\/jornalfatosenoticias.com.br\/wp-content\/uploads\/2022\/10\/Propaganda-RC-Radiadores-Jornal_page-0001.jpg 560w, https:\/\/jornalfatosenoticias.com.br\/wp-content\/uploads\/2022\/10\/Propaganda-RC-Radiadores-Jornal_page-0001-300x32.jpg 300w\" sizes=\"auto, (max-width: 560px) 100vw, 560px\" \/><\/figure><\/div>\n\n\n\n<p>J\u00e1 vimos que essa tese, a \u201cimplanta\u00e7\u00e3o de falsas mem\u00f3rias\u201d n\u00e3o tem fundamento cient\u00edfico, portanto, n\u00e3o tem confiabilidade. O curioso \u00e9 como algo t\u00e3o insustent\u00e1vel \u00e9 aceito no setor judicial que se ocupa da fam\u00edlia e seus problemas. A impress\u00e3o que temos \u00e9 que, diante da dificuldade tanto objetiva quanto subjetiva dos crimes de abusos contra a Crian\u00e7a, essa tese, que comp\u00f5e o combo da desqualifica\u00e7\u00e3o e puni\u00e7\u00e3o das v\u00edtimas, chegou para \u201caliviar\u201d esse mal-estar enorme do impacto e do consequente enfrentamento do abuso sexual intrafamiliar.<\/p>\n\n\n\n<div class=\"wp-block-image\"><figure class=\"aligncenter size-large\"><img loading=\"lazy\" decoding=\"async\" width=\"300\" height=\"250\" src=\"https:\/\/jornalfatosenoticias.com.br\/wp-content\/uploads\/2022\/08\/arte-Casarao.jpg\" alt=\"\" class=\"wp-image-33178\"\/><\/figure><\/div>\n\n\n\n<p>Para tal aceita\u00e7\u00e3o irrestrita, a justi\u00e7a reduziu os crimes sexuais contra Crian\u00e7as e Adolescentes ao bojo do simples ou ruidoso conflito familiar. Apoiada no inconformismo da mulher quanto \u00e0 separa\u00e7\u00e3o, nada do mundo real \u00e9 considerado. No mundo real a mulher havia pedido a separa\u00e7\u00e3o, a mulher manteve bom relacionamento e visita\u00e7\u00e3o livre pelo genitor, a mulher se chocou com os relatos da Crian\u00e7a no p\u00f3s- separa\u00e7\u00e3o ou mesmo durante a vig\u00eancia do casamento. \u00c9 evidente que a Crian\u00e7a s\u00f3 se encoraja a falar depois que constata que o seu agressor n\u00e3o dorme mais na mesma casa, n\u00e3o vive mais dentro da mesma casa. A Crian\u00e7a pode n\u00e3o ter seu desenvolvimento cognitivo completo para fazer abstra\u00e7\u00f5es, nem ainda iniciado, seu racioc\u00ednio \u00e9 concreto, mas a Crian\u00e7a tem um sistema de preserva\u00e7\u00e3o de sua vida ps\u00edquica em funcionamento.<\/p>\n\n\n\n<div class=\"wp-block-image\"><figure class=\"aligncenter size-large\"><img decoding=\"async\" src=\"https:\/\/jornalfatosenoticias.com.br\/wp-content\/uploads\/2020\/02\/logo-embacia-1-1024x110.jpg\" alt=\"\" class=\"wp-image-33954\"\/><\/figure><\/div>\n\n\n\n<p> Ou seja, a Crian\u00e7a s\u00f3 revela pr\u00e1ticas incestuosas quando se sente segura para tal, \u00e0 exce\u00e7\u00e3o dos menores, os que pertencem \u00e0 faixa da 1\u00aa Inf\u00e2ncia. At\u00e9 os seis anos, a Crian\u00e7a n\u00e3o tem um esbo\u00e7o de c\u00f3digo moral bem formado, \u00e9 rudimentar, ent\u00e3o, sendo autorizada por um adulto que ela ama e obedece, e confia, ela n\u00e3o v\u00ea nenhum mal no que ele pratica em seu corpo. Assim, ela, facilmente, fala sobre os abusos sem ter em conta a dimens\u00e3o do errado que \u00e9. N\u00e3o podemos desconsiderar que o abusador de Crian\u00e7as n\u00e3o provoca dor ou machucados. Ao contr\u00e1rio disso, busca as sensa\u00e7\u00f5es prazerosas para a Crian\u00e7a que mistura com amea\u00e7as de matar a m\u00e3e para obter o sil\u00eancio da pequena v\u00edtima. A vulnerabilidade da Crian\u00e7a, em sua ess\u00eancia, assegura para o agressor que ela acredite que aquilo est\u00e1 certo, e ainda leva a Crian\u00e7a um pouco mais velha a pensar que o que aconteceu ontem foi a \u00faltima vez, e a se relacionar \u201cnormal\u201d com seu algoz.<\/p>\n\n\n\n<div class=\"wp-block-image\"><figure class=\"aligncenter size-large\"><img loading=\"lazy\" decoding=\"async\" width=\"1024\" height=\"103\" src=\"https:\/\/jornalfatosenoticias.com.br\/wp-content\/uploads\/2022\/02\/Arte-Autoescola-Galatas_endereco_portal-1024x103.png\" alt=\"\" class=\"wp-image-27869\" srcset=\"https:\/\/jornalfatosenoticias.com.br\/wp-content\/uploads\/2022\/02\/Arte-Autoescola-Galatas_endereco_portal-1024x103.png 1024w, https:\/\/jornalfatosenoticias.com.br\/wp-content\/uploads\/2022\/02\/Arte-Autoescola-Galatas_endereco_portal-300x30.png 300w, https:\/\/jornalfatosenoticias.com.br\/wp-content\/uploads\/2022\/02\/Arte-Autoescola-Galatas_endereco_portal-768x77.png 768w, https:\/\/jornalfatosenoticias.com.br\/wp-content\/uploads\/2022\/02\/Arte-Autoescola-Galatas_endereco_portal.png 1223w\" sizes=\"auto, (max-width: 1024px) 100vw, 1024px\" \/><\/figure><\/div>\n\n\n\n<figure class=\"wp-block-image size-large\"><img loading=\"lazy\" decoding=\"async\" width=\"1000\" height=\"664\" src=\"https:\/\/jornalfatosenoticias.com.br\/wp-content\/uploads\/2022\/11\/desenho-de-crianca-abusada.jpg\" alt=\"\" class=\"wp-image-35910\" srcset=\"https:\/\/jornalfatosenoticias.com.br\/wp-content\/uploads\/2022\/11\/desenho-de-crianca-abusada.jpg 1000w, https:\/\/jornalfatosenoticias.com.br\/wp-content\/uploads\/2022\/11\/desenho-de-crianca-abusada-300x199.jpg 300w, https:\/\/jornalfatosenoticias.com.br\/wp-content\/uploads\/2022\/11\/desenho-de-crianca-abusada-768x510.jpg 768w\" sizes=\"auto, (max-width: 1000px) 100vw, 1000px\" \/><figcaption><em><span class=\"has-inline-color has-black-color\">Menina abusada costumava desenhar a si pr\u00f3pria, junto com o pai, pr\u00f3ximo a um vaso e uma pia. Geralmente, esses desenhos s\u00e3o jogados na lixeirinha para n\u00e3o atrapalhar o dogma (Foto: Reprodu\u00e7\u00e3o\/Di\u00e1rio Ga\u00facho)<\/span><\/em><\/figcaption><\/figure>\n\n\n\n<div class=\"wp-block-image\"><figure class=\"alignright size-large\"><img decoding=\"async\" src=\"https:\/\/jornalfatosenoticias.com.br\/wp-content\/uploads\/2020\/02\/barao-das-carnes-300x164-1.jpg\" alt=\"\" class=\"wp-image-34339\"\/><\/figure><\/div>\n\n\n\n<p>A tese infundada, mas aceita pela justi\u00e7a, da implanta\u00e7\u00e3o de falsas mem\u00f3rias, tem recebido outros nomes correlatos. Buscando despistar, t\u00e1tica usada tamb\u00e9m para acusar de Aliena\u00e7\u00e3o Parental, ou falar que \u201cfeitos\u201d e \u201cdescobertas\u201d entre os mortos da fam\u00edlia da m\u00e3e como os verdadeiros culpados na constela\u00e7\u00e3o familiar. Essa \u00e9 uma estrat\u00e9gia para escapar da identifica\u00e7\u00e3o de fal\u00e1cias num primeiro momento. O mais importante \u00e9 o teor da estrat\u00e9gia de descr\u00e9dito da voz da Crian\u00e7a, e, num jogo de 2 em 1, a determina\u00e7\u00e3o da m\u00e3e como louca e vingativa, a um mil\u00edmetro de ser vista como nociva, perniciosa, perigosa, passando a ser tratada pela justi\u00e7a como criminosa de alta periculosidade, enquanto exercia a maternidade.<\/p>\n\n\n\n<div class=\"wp-block-image\"><figure class=\"alignleft size-large is-resized\"><img loading=\"lazy\" decoding=\"async\" src=\"https:\/\/jornalfatosenoticias.com.br\/wp-content\/uploads\/2022\/02\/Precisao-Contabilidade-1024x724.jpg\" alt=\"\" class=\"wp-image-28088\" width=\"315\" height=\"222\"\/><\/figure><\/div>\n\n\n\n<p>A for\u00e7a desse dogma psicojur\u00eddico sem comprova\u00e7\u00e3o, mas dogm\u00e1tico, \u00e9 capaz de demolir at\u00e9 mesmo laudos do Instituto M\u00e9dico Legal (IML), que aponte materialidade. Profissionais da Psicologia se arvoram a afirmar que a Crian\u00e7a foi \u201cprogramada\u201d pela m\u00e3e para relatar os abusos. N\u00e3o importa a constata\u00e7\u00e3o de les\u00f5es, por exemplo, fissuras anais com a coerente descri\u00e7\u00e3o da Crian\u00e7a sobre a penetra\u00e7\u00e3o anal digital. Vale at\u00e9 a apela\u00e7\u00e3o de dizer que a fissura, o edema e a equimose, foram provocados por papel higi\u00eanico na limpeza da Crian\u00e7a. A interpreta\u00e7\u00e3o ganha espa\u00e7o e uma confiabilidade inabal\u00e1vel em contraposi\u00e7\u00e3o \u00e0 constata\u00e7\u00e3o feita por m\u00e9dico legista de les\u00f5es vis\u00edveis. Se h\u00e1 um papel higi\u00eanico tipo lixa de parede sendo usado para fazer a higiene da Crian\u00e7a, isso n\u00e3o importa, n\u00e3o precisa provar nada. \u00c9 s\u00f3 dizer que a m\u00e3e \u00e9 a autora da falsa mem\u00f3ria do abuso. \u00c0s vezes isso inclui a av\u00f3 tamb\u00e9m.<\/p>\n\n\n\n<div class=\"wp-block-image\"><figure class=\"aligncenter size-large is-resized\"><img loading=\"lazy\" decoding=\"async\" src=\"https:\/\/jornalfatosenoticias.com.br\/wp-content\/uploads\/2022\/08\/logo-locau-veiculos-1024x573.png\" alt=\"\" class=\"wp-image-33078\" width=\"375\" height=\"209\"\/><\/figure><\/div>\n\n\n\n<figure class=\"wp-block-image size-large\"><img loading=\"lazy\" decoding=\"async\" width=\"1000\" height=\"562\" src=\"https:\/\/jornalfatosenoticias.com.br\/wp-content\/uploads\/2022\/11\/ABUSO-2.jpg\" alt=\"\" class=\"wp-image-35911\" srcset=\"https:\/\/jornalfatosenoticias.com.br\/wp-content\/uploads\/2022\/11\/ABUSO-2.jpg 1000w, https:\/\/jornalfatosenoticias.com.br\/wp-content\/uploads\/2022\/11\/ABUSO-2-300x169.jpg 300w, https:\/\/jornalfatosenoticias.com.br\/wp-content\/uploads\/2022\/11\/ABUSO-2-768x432.jpg 768w\" sizes=\"auto, (max-width: 1000px) 100vw, 1000px\" \/><figcaption><span class=\"has-inline-color has-black-color\"><em>Profissionais da Psicologia se arvoram a afirmar que a Crian\u00e7a foi \u201cprogramada\u201d pela m\u00e3e para relatar os abusos<\/em> (Foto: Pinterest)<\/span><\/figcaption><\/figure>\n\n\n\n<div class=\"wp-block-image\"><figure class=\"alignright size-large\"><img decoding=\"async\" src=\"https:\/\/jornalfatosenoticias.com.br\/wp-content\/uploads\/2020\/02\/logo_esteio.jpg\" alt=\"\" class=\"wp-image-1214\"\/><\/figure><\/div>\n\n\n\n<p>A contesta\u00e7\u00e3o a laudos de outros profissionais que tenham avaliado a Crian\u00e7a, ou aqueles que a acompanham em psicoterapia, n\u00e3o necessita de comprova\u00e7\u00e3o. \u00c9 s\u00f3 citar a tese das falsas mem\u00f3rias, afirmando que a m\u00e3e \u201censinou\u201d o relato para a Crian\u00e7a. N\u00e3o precisa comprovar essa afirma\u00e7\u00e3o. \u00c9 uma suposi\u00e7\u00e3o imagin\u00e1ria que se torna uma verdade absoluta. Pergunto: a perita convivia por anos com aquela Crian\u00e7a e sua M\u00e3e para \u201csaber\u201d o que a m\u00e3e implantava? Como essa psic\u00f3loga sabia disso?<\/p>\n\n\n\n<div class=\"wp-block-image\"><figure class=\"aligncenter size-large\"><img loading=\"lazy\" decoding=\"async\" width=\"1024\" height=\"100\" src=\"https:\/\/jornalfatosenoticias.com.br\/wp-content\/uploads\/2022\/05\/NOVA-LOGO-CESCONETTO-1024x100.jpg\" alt=\"\" class=\"wp-image-30792\" srcset=\"https:\/\/jornalfatosenoticias.com.br\/wp-content\/uploads\/2022\/05\/NOVA-LOGO-CESCONETTO-1024x100.jpg 1024w, https:\/\/jornalfatosenoticias.com.br\/wp-content\/uploads\/2022\/05\/NOVA-LOGO-CESCONETTO-300x29.jpg 300w, https:\/\/jornalfatosenoticias.com.br\/wp-content\/uploads\/2022\/05\/NOVA-LOGO-CESCONETTO-768x75.jpg 768w, https:\/\/jornalfatosenoticias.com.br\/wp-content\/uploads\/2022\/05\/NOVA-LOGO-CESCONETTO.jpg 1280w\" sizes=\"auto, (max-width: 1024px) 100vw, 1024px\" \/><\/figure><\/div>\n\n\n\n<p>No entanto, ningu\u00e9m explica como uma implanta\u00e7\u00e3o de falsa mem\u00f3ria por um discurso falado, se expressa em desenhos, ou em brincadeiras de faz de conta com bonecas e bonecos. Ser\u00e1 que o Poder da m\u00e3e implantadora porque \u00e9 alienadora, chega a alcan\u00e7ar a produ\u00e7\u00e3o espont\u00e2nea de imagens, de di\u00e1logos repetidos, deslocando conte\u00fados sexuais que n\u00e3o fazem parte do acervo de conhecimento da Crian\u00e7a nessa faixa et\u00e1ria? Uma coisa seria fazer decorar um textinho. Coisa que \u00e9 facilmente identific\u00e1vel para quem tem compet\u00eancia em examinar Crian\u00e7as. Outra coisa \u00e9 demonstrar e relatar os abusos atrav\u00e9s de outros canais de express\u00e3o. Geralmente, esses desenhos s\u00e3o jogados na lixeirinha para n\u00e3o atrapalhar o dogma.<\/p>\n\n\n\n<div class=\"wp-block-image\"><figure class=\"aligncenter size-large is-resized\"><img loading=\"lazy\" decoding=\"async\" src=\"https:\/\/jornalfatosenoticias.com.br\/wp-content\/uploads\/2020\/02\/nova-logo-Marquetti.jpg\" alt=\"\" class=\"wp-image-22331\" width=\"292\" height=\"196\" srcset=\"https:\/\/jornalfatosenoticias.com.br\/wp-content\/uploads\/2020\/02\/nova-logo-Marquetti.jpg 643w, https:\/\/jornalfatosenoticias.com.br\/wp-content\/uploads\/2020\/02\/nova-logo-Marquetti-300x202.jpg 300w\" sizes=\"auto, (max-width: 292px) 100vw, 292px\" \/><\/figure><\/div>\n\n\n\n<p>Questionar, contestar, recorrer? De nada adianta. Entre n\u00f3s o Conselho que deveria regulamentar o exerc\u00edcio profissional, arquiva qualquer tentativa de processo com o apelido, \u201cpessoa de not\u00f3rio saber\u201d, dado a quem dissemina essa desinforma\u00e7\u00e3o que exp\u00f5e Crian\u00e7as ao abuso, com ares de sapi\u00eancia.<\/p>\n\n\n\n<div class=\"wp-block-image\"><figure class=\"aligncenter size-large\"><img loading=\"lazy\" decoding=\"async\" width=\"1024\" height=\"110\" src=\"https:\/\/jornalfatosenoticias.com.br\/wp-content\/uploads\/2022\/10\/Arte-jornal-Zucchi-1120x120_Prancheta-1-1024x110.jpg\" alt=\"\" class=\"wp-image-34772\" srcset=\"https:\/\/jornalfatosenoticias.com.br\/wp-content\/uploads\/2022\/10\/Arte-jornal-Zucchi-1120x120_Prancheta-1-1024x110.jpg 1024w, https:\/\/jornalfatosenoticias.com.br\/wp-content\/uploads\/2022\/10\/Arte-jornal-Zucchi-1120x120_Prancheta-1-300x32.jpg 300w, https:\/\/jornalfatosenoticias.com.br\/wp-content\/uploads\/2022\/10\/Arte-jornal-Zucchi-1120x120_Prancheta-1-768x82.jpg 768w, https:\/\/jornalfatosenoticias.com.br\/wp-content\/uploads\/2022\/10\/Arte-jornal-Zucchi-1120x120_Prancheta-1-1536x165.jpg 1536w, https:\/\/jornalfatosenoticias.com.br\/wp-content\/uploads\/2022\/10\/Arte-jornal-Zucchi-1120x120_Prancheta-1-2048x219.jpg 2048w\" sizes=\"auto, (max-width: 1024px) 100vw, 1024px\" \/><\/figure><\/div>\n\n\n\n<p>Pelo bom senso b\u00e1sico uma conjectura n\u00e3o pode demolir a voz, as evid\u00eancias, a materialidade quando esta existe. Mas vai tudo ao ch\u00e3o quando se fala de falsas mem\u00f3rias, de aliena\u00e7\u00e3o parental, de um antepassado morto h\u00e1 d\u00e9cadas que \u00e9 o culpado pelo abuso sexual de um genitor efetuado hoje. Parece imposs\u00edvel, mas \u00e9 o que vem acontecendo sob os ausp\u00edcios da justi\u00e7a que acata e propaga pseudoci\u00eancia, ancorada em seitas ou em preconceitos.<\/p>\n\n\n\n<div class=\"wp-block-image\"><figure class=\"alignleft size-large is-resized\"><img loading=\"lazy\" decoding=\"async\" src=\"https:\/\/jornalfatosenoticias.com.br\/wp-content\/uploads\/2020\/02\/logo-clinica-limoeiro.jpg\" alt=\"\" class=\"wp-image-34610\" width=\"331\" height=\"235\"\/><\/figure><\/div>\n\n\n\n<p>Em 2010, um menino, com menos de seis anos, revelou os abusos sexuais cometidos em seu corpo perpetrados pelo seu genitor. Exame de Corpo de Delito comprovando, laudos de profissionais da Psicologia, servidoras p\u00fablicas comprovando o relato do menino, laudos de psic\u00f3logas particulares que corroboravam a descri\u00e7\u00e3o dos atos libidinosos, a Crian\u00e7a desenhou, encenou, sofrendo, medo, pavor. O genitor foi condenado pela Vara Criminal \u00e0 pena de mais de 10 anos.<\/p>\n\n\n\n<div class=\"wp-block-image\"><figure class=\"aligncenter size-large\"><img loading=\"lazy\" decoding=\"async\" width=\"1024\" height=\"100\" src=\"https:\/\/jornalfatosenoticias.com.br\/wp-content\/uploads\/2020\/02\/banner_ferramentas-1024x100.jpg\" alt=\"\" class=\"wp-image-1258\" srcset=\"https:\/\/jornalfatosenoticias.com.br\/wp-content\/uploads\/2020\/02\/banner_ferramentas-1024x100.jpg 1024w, https:\/\/jornalfatosenoticias.com.br\/wp-content\/uploads\/2020\/02\/banner_ferramentas-300x29.jpg 300w, https:\/\/jornalfatosenoticias.com.br\/wp-content\/uploads\/2020\/02\/banner_ferramentas-768x75.jpg 768w, https:\/\/jornalfatosenoticias.com.br\/wp-content\/uploads\/2020\/02\/banner_ferramentas.jpg 1227w\" sizes=\"auto, (max-width: 1024px) 100vw, 1024px\" \/><\/figure><\/div>\n\n\n\n<p>Contratou uma Psic\u00f3loga particular que falou, apenas falou, que a m\u00e3e havia programado o filho para falar abusos sofridos, contatados pelo IML e por diversos profissionais e que foram desconsiderados por essa \u00fanica profissional. O Genitor foi absolvido, pela Vara de Fam\u00edlia. O menino cresceu sob o medo e o terror.<br>Essa condena\u00e7\u00e3o \u00e0 Crian\u00e7a e \u00e0 M\u00e3e que denuncia abuso sexual intrafamiliar segue imp\u00e1vida! Continuamos punindo a v\u00edtima.<\/p>\n\n\n\n<div class=\"wp-block-image\"><figure class=\"aligncenter size-large is-resized\"><img loading=\"lazy\" decoding=\"async\" src=\"https:\/\/jornalfatosenoticias.com.br\/wp-content\/uploads\/2020\/02\/casa-do-torresmo_portal.jpg\" alt=\"\" class=\"wp-image-34472\" width=\"279\" height=\"279\" srcset=\"https:\/\/jornalfatosenoticias.com.br\/wp-content\/uploads\/2020\/02\/casa-do-torresmo_portal.jpg 300w, https:\/\/jornalfatosenoticias.com.br\/wp-content\/uploads\/2020\/02\/casa-do-torresmo_portal-150x150.jpg 150w\" sizes=\"auto, (max-width: 279px) 100vw, 279px\" \/><\/figure><\/div>\n","protected":false},"excerpt":{"rendered":"<p>Profissionais da Psicologia se arvoram a afirmar que a Crian\u00e7a foi \u201cprogramada\u201d pela m\u00e3e para relatar os abusos J\u00e1 vimos que essa tese, a \u201cimplanta\u00e7\u00e3o de falsas mem\u00f3rias\u201d n\u00e3o tem fundamento cient\u00edfico, portanto, n\u00e3o tem confiabilidade. O curioso \u00e9 como algo t\u00e3o insustent\u00e1vel \u00e9 aceito no setor judicial que se ocupa da fam\u00edlia e seus [&hellip;]<\/p>\n","protected":false},"author":8,"featured_media":35912,"comment_status":"open","ping_status":"open","sticky":false,"template":"","format":"standard","meta":{"footnotes":""},"categories":[2522],"tags":[5317,16841,11363,16756],"class_list":["post-35909","post","type-post","status-publish","format-standard","has-post-thumbnail","hentry","category-comportamento","tag-abusos","tag-falacias","tag-falsas-memorias","tag-laudos-psicologicos"],"yoast_head":"<!-- This site is optimized with the Yoast SEO plugin v26.5 - https:\/\/yoast.com\/wordpress\/plugins\/seo\/ -->\n<title>Falsas mem\u00f3rias, uma fal\u00e1cia nos laudos psicol\u00f3gicos das Crian\u00e7as \u2014 Parte IV - Jornal Fatos e Not\u00edcias<\/title>\n<meta name=\"robots\" content=\"index, follow, max-snippet:-1, max-image-preview:large, max-video-preview:-1\" \/>\n<link rel=\"canonical\" href=\"https:\/\/jornalfatosenoticias.com.br\/index.php\/2022\/11\/10\/falsas-memorias-uma-falacia-nos-laudos-psicologicos-das-criancas-parte-iv\/\" \/>\n<meta property=\"og:locale\" content=\"pt_BR\" \/>\n<meta property=\"og:type\" content=\"article\" \/>\n<meta property=\"og:title\" content=\"Falsas mem\u00f3rias, uma fal\u00e1cia nos laudos psicol\u00f3gicos das Crian\u00e7as \u2014 Parte IV - Jornal Fatos e Not\u00edcias\" \/>\n<meta property=\"og:description\" content=\"Profissionais da Psicologia se arvoram a afirmar que a Crian\u00e7a foi \u201cprogramada\u201d pela m\u00e3e para relatar os abusos J\u00e1 vimos que essa tese, a \u201cimplanta\u00e7\u00e3o de falsas mem\u00f3rias\u201d n\u00e3o tem fundamento cient\u00edfico, portanto, n\u00e3o tem confiabilidade. O curioso \u00e9 como algo t\u00e3o insustent\u00e1vel \u00e9 aceito no setor judicial que se ocupa da fam\u00edlia e seus [&hellip;]\" \/>\n<meta property=\"og:url\" content=\"https:\/\/jornalfatosenoticias.com.br\/index.php\/2022\/11\/10\/falsas-memorias-uma-falacia-nos-laudos-psicologicos-das-criancas-parte-iv\/\" \/>\n<meta property=\"og:site_name\" content=\"Jornal Fatos e Not\u00edcias\" \/>\n<meta property=\"article:published_time\" content=\"2022-11-10T21:26:34+00:00\" \/>\n<meta property=\"article:modified_time\" content=\"2022-11-10T21:26:35+00:00\" \/>\n<meta property=\"og:image\" content=\"https:\/\/jornalfatosenoticias.com.br\/wp-content\/uploads\/2022\/11\/silencio-do-abuso-infantil.jpg\" \/>\n\t<meta property=\"og:image:width\" content=\"1000\" \/>\n\t<meta property=\"og:image:height\" content=\"673\" \/>\n\t<meta property=\"og:image:type\" content=\"image\/jpeg\" \/>\n<meta name=\"author\" content=\"Ana Maria Iencarelli\" \/>\n<meta name=\"twitter:card\" content=\"summary_large_image\" \/>\n<meta name=\"twitter:label1\" content=\"Escrito por\" \/>\n\t<meta name=\"twitter:data1\" content=\"Ana Maria Iencarelli\" \/>\n\t<meta name=\"twitter:label2\" content=\"Est. tempo de leitura\" \/>\n\t<meta name=\"twitter:data2\" content=\"7 minutos\" \/>\n<script type=\"application\/ld+json\" class=\"yoast-schema-graph\">{\"@context\":\"https:\/\/schema.org\",\"@graph\":[{\"@type\":\"Article\",\"@id\":\"https:\/\/jornalfatosenoticias.com.br\/index.php\/2022\/11\/10\/falsas-memorias-uma-falacia-nos-laudos-psicologicos-das-criancas-parte-iv\/#article\",\"isPartOf\":{\"@id\":\"https:\/\/jornalfatosenoticias.com.br\/index.php\/2022\/11\/10\/falsas-memorias-uma-falacia-nos-laudos-psicologicos-das-criancas-parte-iv\/\"},\"author\":{\"name\":\"Ana Maria Iencarelli\",\"@id\":\"https:\/\/jornalfatosenoticias.com.br\/#\/schema\/person\/c33fcf5fb02d729d3fec92c6737a22d1\"},\"headline\":\"Falsas mem\u00f3rias, uma fal\u00e1cia nos laudos psicol\u00f3gicos das Crian\u00e7as \u2014 Parte IV\",\"datePublished\":\"2022-11-10T21:26:34+00:00\",\"dateModified\":\"2022-11-10T21:26:35+00:00\",\"mainEntityOfPage\":{\"@id\":\"https:\/\/jornalfatosenoticias.com.br\/index.php\/2022\/11\/10\/falsas-memorias-uma-falacia-nos-laudos-psicologicos-das-criancas-parte-iv\/\"},\"wordCount\":1342,\"commentCount\":0,\"publisher\":{\"@id\":\"https:\/\/jornalfatosenoticias.com.br\/#organization\"},\"image\":{\"@id\":\"https:\/\/jornalfatosenoticias.com.br\/index.php\/2022\/11\/10\/falsas-memorias-uma-falacia-nos-laudos-psicologicos-das-criancas-parte-iv\/#primaryimage\"},\"thumbnailUrl\":\"https:\/\/jornalfatosenoticias.com.br\/wp-content\/uploads\/2022\/11\/silencio-do-abuso-infantil.jpg\",\"keywords\":[\"abusos\",\"fal\u00e1cias\",\"falsas mem\u00f3rias\",\"laudos psicol\u00f3gicos\"],\"articleSection\":[\"Comportamento &amp; Equil\u00edbrio\"],\"inLanguage\":\"pt-BR\",\"potentialAction\":[{\"@type\":\"CommentAction\",\"name\":\"Comment\",\"target\":[\"https:\/\/jornalfatosenoticias.com.br\/index.php\/2022\/11\/10\/falsas-memorias-uma-falacia-nos-laudos-psicologicos-das-criancas-parte-iv\/#respond\"]}]},{\"@type\":\"WebPage\",\"@id\":\"https:\/\/jornalfatosenoticias.com.br\/index.php\/2022\/11\/10\/falsas-memorias-uma-falacia-nos-laudos-psicologicos-das-criancas-parte-iv\/\",\"url\":\"https:\/\/jornalfatosenoticias.com.br\/index.php\/2022\/11\/10\/falsas-memorias-uma-falacia-nos-laudos-psicologicos-das-criancas-parte-iv\/\",\"name\":\"Falsas mem\u00f3rias, uma fal\u00e1cia nos laudos psicol\u00f3gicos das Crian\u00e7as \u2014 Parte IV - Jornal Fatos e Not\u00edcias\",\"isPartOf\":{\"@id\":\"https:\/\/jornalfatosenoticias.com.br\/#website\"},\"primaryImageOfPage\":{\"@id\":\"https:\/\/jornalfatosenoticias.com.br\/index.php\/2022\/11\/10\/falsas-memorias-uma-falacia-nos-laudos-psicologicos-das-criancas-parte-iv\/#primaryimage\"},\"image\":{\"@id\":\"https:\/\/jornalfatosenoticias.com.br\/index.php\/2022\/11\/10\/falsas-memorias-uma-falacia-nos-laudos-psicologicos-das-criancas-parte-iv\/#primaryimage\"},\"thumbnailUrl\":\"https:\/\/jornalfatosenoticias.com.br\/wp-content\/uploads\/2022\/11\/silencio-do-abuso-infantil.jpg\",\"datePublished\":\"2022-11-10T21:26:34+00:00\",\"dateModified\":\"2022-11-10T21:26:35+00:00\",\"breadcrumb\":{\"@id\":\"https:\/\/jornalfatosenoticias.com.br\/index.php\/2022\/11\/10\/falsas-memorias-uma-falacia-nos-laudos-psicologicos-das-criancas-parte-iv\/#breadcrumb\"},\"inLanguage\":\"pt-BR\",\"potentialAction\":[{\"@type\":\"ReadAction\",\"target\":[\"https:\/\/jornalfatosenoticias.com.br\/index.php\/2022\/11\/10\/falsas-memorias-uma-falacia-nos-laudos-psicologicos-das-criancas-parte-iv\/\"]}]},{\"@type\":\"ImageObject\",\"inLanguage\":\"pt-BR\",\"@id\":\"https:\/\/jornalfatosenoticias.com.br\/index.php\/2022\/11\/10\/falsas-memorias-uma-falacia-nos-laudos-psicologicos-das-criancas-parte-iv\/#primaryimage\",\"url\":\"https:\/\/jornalfatosenoticias.com.br\/wp-content\/uploads\/2022\/11\/silencio-do-abuso-infantil.jpg\",\"contentUrl\":\"https:\/\/jornalfatosenoticias.com.br\/wp-content\/uploads\/2022\/11\/silencio-do-abuso-infantil.jpg\",\"width\":1000,\"height\":673},{\"@type\":\"BreadcrumbList\",\"@id\":\"https:\/\/jornalfatosenoticias.com.br\/index.php\/2022\/11\/10\/falsas-memorias-uma-falacia-nos-laudos-psicologicos-das-criancas-parte-iv\/#breadcrumb\",\"itemListElement\":[{\"@type\":\"ListItem\",\"position\":1,\"name\":\"In\u00edcio\",\"item\":\"https:\/\/jornalfatosenoticias.com.br\/\"},{\"@type\":\"ListItem\",\"position\":2,\"name\":\"Falsas mem\u00f3rias, uma fal\u00e1cia nos laudos psicol\u00f3gicos das Crian\u00e7as \u2014 Parte IV\"}]},{\"@type\":\"WebSite\",\"@id\":\"https:\/\/jornalfatosenoticias.com.br\/#website\",\"url\":\"https:\/\/jornalfatosenoticias.com.br\/\",\"name\":\"Jornal Fatos e Not\u00edcias\",\"description\":\"Not\u00edcias em geral\",\"publisher\":{\"@id\":\"https:\/\/jornalfatosenoticias.com.br\/#organization\"},\"potentialAction\":[{\"@type\":\"SearchAction\",\"target\":{\"@type\":\"EntryPoint\",\"urlTemplate\":\"https:\/\/jornalfatosenoticias.com.br\/?s={search_term_string}\"},\"query-input\":{\"@type\":\"PropertyValueSpecification\",\"valueRequired\":true,\"valueName\":\"search_term_string\"}}],\"inLanguage\":\"pt-BR\"},{\"@type\":\"Organization\",\"@id\":\"https:\/\/jornalfatosenoticias.com.br\/#organization\",\"name\":\"Jornal Fatos e Not\u00edcias\",\"url\":\"https:\/\/jornalfatosenoticias.com.br\/\",\"logo\":{\"@type\":\"ImageObject\",\"inLanguage\":\"pt-BR\",\"@id\":\"https:\/\/jornalfatosenoticias.com.br\/#\/schema\/logo\/image\/\",\"url\":\"https:\/\/jornalfatosenoticias.com.br\/wp-content\/uploads\/2020\/02\/logo120.png\",\"contentUrl\":\"https:\/\/jornalfatosenoticias.com.br\/wp-content\/uploads\/2020\/02\/logo120.png\",\"width\":1227,\"height\":120,\"caption\":\"Jornal Fatos e Not\u00edcias\"},\"image\":{\"@id\":\"https:\/\/jornalfatosenoticias.com.br\/#\/schema\/logo\/image\/\"}},{\"@type\":\"Person\",\"@id\":\"https:\/\/jornalfatosenoticias.com.br\/#\/schema\/person\/c33fcf5fb02d729d3fec92c6737a22d1\",\"name\":\"Ana Maria Iencarelli\",\"image\":{\"@type\":\"ImageObject\",\"inLanguage\":\"pt-BR\",\"@id\":\"https:\/\/jornalfatosenoticias.com.br\/#\/schema\/person\/image\/\",\"url\":\"https:\/\/jornalfatosenoticias.com.br\/wp-content\/uploads\/2020\/02\/Ana-Maria-Iencarelli-1-150x150.jpg\",\"contentUrl\":\"https:\/\/jornalfatosenoticias.com.br\/wp-content\/uploads\/2020\/02\/Ana-Maria-Iencarelli-1-150x150.jpg\",\"caption\":\"Ana Maria Iencarelli\"},\"description\":\"Psicanalista Cl\u00ednica, especializada no atendimento a Crian\u00e7as e Adolescentes. Presidente da ONG Vozes de Anjos.\",\"url\":\"https:\/\/jornalfatosenoticias.com.br\/index.php\/author\/anamaria\/\"}]}<\/script>\n<!-- \/ Yoast SEO plugin. -->","yoast_head_json":{"title":"Falsas mem\u00f3rias, uma fal\u00e1cia nos laudos psicol\u00f3gicos das Crian\u00e7as \u2014 Parte IV - Jornal Fatos e Not\u00edcias","robots":{"index":"index","follow":"follow","max-snippet":"max-snippet:-1","max-image-preview":"max-image-preview:large","max-video-preview":"max-video-preview:-1"},"canonical":"https:\/\/jornalfatosenoticias.com.br\/index.php\/2022\/11\/10\/falsas-memorias-uma-falacia-nos-laudos-psicologicos-das-criancas-parte-iv\/","og_locale":"pt_BR","og_type":"article","og_title":"Falsas mem\u00f3rias, uma fal\u00e1cia nos laudos psicol\u00f3gicos das Crian\u00e7as \u2014 Parte IV - Jornal Fatos e Not\u00edcias","og_description":"Profissionais da Psicologia se arvoram a afirmar que a Crian\u00e7a foi \u201cprogramada\u201d pela m\u00e3e para relatar os abusos J\u00e1 vimos que essa tese, a \u201cimplanta\u00e7\u00e3o de falsas mem\u00f3rias\u201d n\u00e3o tem fundamento cient\u00edfico, portanto, n\u00e3o tem confiabilidade. O curioso \u00e9 como algo t\u00e3o insustent\u00e1vel \u00e9 aceito no setor judicial que se ocupa da fam\u00edlia e seus [&hellip;]","og_url":"https:\/\/jornalfatosenoticias.com.br\/index.php\/2022\/11\/10\/falsas-memorias-uma-falacia-nos-laudos-psicologicos-das-criancas-parte-iv\/","og_site_name":"Jornal Fatos e Not\u00edcias","article_published_time":"2022-11-10T21:26:34+00:00","article_modified_time":"2022-11-10T21:26:35+00:00","og_image":[{"width":1000,"height":673,"url":"https:\/\/jornalfatosenoticias.com.br\/wp-content\/uploads\/2022\/11\/silencio-do-abuso-infantil.jpg","type":"image\/jpeg"}],"author":"Ana Maria Iencarelli","twitter_card":"summary_large_image","twitter_misc":{"Escrito por":"Ana Maria Iencarelli","Est. tempo de leitura":"7 minutos"},"schema":{"@context":"https:\/\/schema.org","@graph":[{"@type":"Article","@id":"https:\/\/jornalfatosenoticias.com.br\/index.php\/2022\/11\/10\/falsas-memorias-uma-falacia-nos-laudos-psicologicos-das-criancas-parte-iv\/#article","isPartOf":{"@id":"https:\/\/jornalfatosenoticias.com.br\/index.php\/2022\/11\/10\/falsas-memorias-uma-falacia-nos-laudos-psicologicos-das-criancas-parte-iv\/"},"author":{"name":"Ana Maria Iencarelli","@id":"https:\/\/jornalfatosenoticias.com.br\/#\/schema\/person\/c33fcf5fb02d729d3fec92c6737a22d1"},"headline":"Falsas mem\u00f3rias, uma fal\u00e1cia nos laudos psicol\u00f3gicos das Crian\u00e7as \u2014 Parte IV","datePublished":"2022-11-10T21:26:34+00:00","dateModified":"2022-11-10T21:26:35+00:00","mainEntityOfPage":{"@id":"https:\/\/jornalfatosenoticias.com.br\/index.php\/2022\/11\/10\/falsas-memorias-uma-falacia-nos-laudos-psicologicos-das-criancas-parte-iv\/"},"wordCount":1342,"commentCount":0,"publisher":{"@id":"https:\/\/jornalfatosenoticias.com.br\/#organization"},"image":{"@id":"https:\/\/jornalfatosenoticias.com.br\/index.php\/2022\/11\/10\/falsas-memorias-uma-falacia-nos-laudos-psicologicos-das-criancas-parte-iv\/#primaryimage"},"thumbnailUrl":"https:\/\/jornalfatosenoticias.com.br\/wp-content\/uploads\/2022\/11\/silencio-do-abuso-infantil.jpg","keywords":["abusos","fal\u00e1cias","falsas mem\u00f3rias","laudos psicol\u00f3gicos"],"articleSection":["Comportamento &amp; Equil\u00edbrio"],"inLanguage":"pt-BR","potentialAction":[{"@type":"CommentAction","name":"Comment","target":["https:\/\/jornalfatosenoticias.com.br\/index.php\/2022\/11\/10\/falsas-memorias-uma-falacia-nos-laudos-psicologicos-das-criancas-parte-iv\/#respond"]}]},{"@type":"WebPage","@id":"https:\/\/jornalfatosenoticias.com.br\/index.php\/2022\/11\/10\/falsas-memorias-uma-falacia-nos-laudos-psicologicos-das-criancas-parte-iv\/","url":"https:\/\/jornalfatosenoticias.com.br\/index.php\/2022\/11\/10\/falsas-memorias-uma-falacia-nos-laudos-psicologicos-das-criancas-parte-iv\/","name":"Falsas mem\u00f3rias, uma fal\u00e1cia nos laudos psicol\u00f3gicos das Crian\u00e7as \u2014 Parte IV - Jornal Fatos e Not\u00edcias","isPartOf":{"@id":"https:\/\/jornalfatosenoticias.com.br\/#website"},"primaryImageOfPage":{"@id":"https:\/\/jornalfatosenoticias.com.br\/index.php\/2022\/11\/10\/falsas-memorias-uma-falacia-nos-laudos-psicologicos-das-criancas-parte-iv\/#primaryimage"},"image":{"@id":"https:\/\/jornalfatosenoticias.com.br\/index.php\/2022\/11\/10\/falsas-memorias-uma-falacia-nos-laudos-psicologicos-das-criancas-parte-iv\/#primaryimage"},"thumbnailUrl":"https:\/\/jornalfatosenoticias.com.br\/wp-content\/uploads\/2022\/11\/silencio-do-abuso-infantil.jpg","datePublished":"2022-11-10T21:26:34+00:00","dateModified":"2022-11-10T21:26:35+00:00","breadcrumb":{"@id":"https:\/\/jornalfatosenoticias.com.br\/index.php\/2022\/11\/10\/falsas-memorias-uma-falacia-nos-laudos-psicologicos-das-criancas-parte-iv\/#breadcrumb"},"inLanguage":"pt-BR","potentialAction":[{"@type":"ReadAction","target":["https:\/\/jornalfatosenoticias.com.br\/index.php\/2022\/11\/10\/falsas-memorias-uma-falacia-nos-laudos-psicologicos-das-criancas-parte-iv\/"]}]},{"@type":"ImageObject","inLanguage":"pt-BR","@id":"https:\/\/jornalfatosenoticias.com.br\/index.php\/2022\/11\/10\/falsas-memorias-uma-falacia-nos-laudos-psicologicos-das-criancas-parte-iv\/#primaryimage","url":"https:\/\/jornalfatosenoticias.com.br\/wp-content\/uploads\/2022\/11\/silencio-do-abuso-infantil.jpg","contentUrl":"https:\/\/jornalfatosenoticias.com.br\/wp-content\/uploads\/2022\/11\/silencio-do-abuso-infantil.jpg","width":1000,"height":673},{"@type":"BreadcrumbList","@id":"https:\/\/jornalfatosenoticias.com.br\/index.php\/2022\/11\/10\/falsas-memorias-uma-falacia-nos-laudos-psicologicos-das-criancas-parte-iv\/#breadcrumb","itemListElement":[{"@type":"ListItem","position":1,"name":"In\u00edcio","item":"https:\/\/jornalfatosenoticias.com.br\/"},{"@type":"ListItem","position":2,"name":"Falsas mem\u00f3rias, uma fal\u00e1cia nos laudos psicol\u00f3gicos das Crian\u00e7as \u2014 Parte IV"}]},{"@type":"WebSite","@id":"https:\/\/jornalfatosenoticias.com.br\/#website","url":"https:\/\/jornalfatosenoticias.com.br\/","name":"Jornal Fatos e Not\u00edcias","description":"Not\u00edcias em geral","publisher":{"@id":"https:\/\/jornalfatosenoticias.com.br\/#organization"},"potentialAction":[{"@type":"SearchAction","target":{"@type":"EntryPoint","urlTemplate":"https:\/\/jornalfatosenoticias.com.br\/?s={search_term_string}"},"query-input":{"@type":"PropertyValueSpecification","valueRequired":true,"valueName":"search_term_string"}}],"inLanguage":"pt-BR"},{"@type":"Organization","@id":"https:\/\/jornalfatosenoticias.com.br\/#organization","name":"Jornal Fatos e Not\u00edcias","url":"https:\/\/jornalfatosenoticias.com.br\/","logo":{"@type":"ImageObject","inLanguage":"pt-BR","@id":"https:\/\/jornalfatosenoticias.com.br\/#\/schema\/logo\/image\/","url":"https:\/\/jornalfatosenoticias.com.br\/wp-content\/uploads\/2020\/02\/logo120.png","contentUrl":"https:\/\/jornalfatosenoticias.com.br\/wp-content\/uploads\/2020\/02\/logo120.png","width":1227,"height":120,"caption":"Jornal Fatos e Not\u00edcias"},"image":{"@id":"https:\/\/jornalfatosenoticias.com.br\/#\/schema\/logo\/image\/"}},{"@type":"Person","@id":"https:\/\/jornalfatosenoticias.com.br\/#\/schema\/person\/c33fcf5fb02d729d3fec92c6737a22d1","name":"Ana Maria Iencarelli","image":{"@type":"ImageObject","inLanguage":"pt-BR","@id":"https:\/\/jornalfatosenoticias.com.br\/#\/schema\/person\/image\/","url":"https:\/\/jornalfatosenoticias.com.br\/wp-content\/uploads\/2020\/02\/Ana-Maria-Iencarelli-1-150x150.jpg","contentUrl":"https:\/\/jornalfatosenoticias.com.br\/wp-content\/uploads\/2020\/02\/Ana-Maria-Iencarelli-1-150x150.jpg","caption":"Ana Maria Iencarelli"},"description":"Psicanalista Cl\u00ednica, especializada no atendimento a Crian\u00e7as e Adolescentes. Presidente da ONG Vozes de Anjos.","url":"https:\/\/jornalfatosenoticias.com.br\/index.php\/author\/anamaria\/"}]}},"cc_featured_image_caption":{"caption_text":"(Foto: Reprodu\u00e7\u00e3o Internet) ","source_text":"","source_url":""},"jetpack_featured_media_url":"https:\/\/jornalfatosenoticias.com.br\/wp-content\/uploads\/2022\/11\/silencio-do-abuso-infantil.jpg","_links":{"self":[{"href":"https:\/\/jornalfatosenoticias.com.br\/index.php\/wp-json\/wp\/v2\/posts\/35909","targetHints":{"allow":["GET"]}}],"collection":[{"href":"https:\/\/jornalfatosenoticias.com.br\/index.php\/wp-json\/wp\/v2\/posts"}],"about":[{"href":"https:\/\/jornalfatosenoticias.com.br\/index.php\/wp-json\/wp\/v2\/types\/post"}],"author":[{"embeddable":true,"href":"https:\/\/jornalfatosenoticias.com.br\/index.php\/wp-json\/wp\/v2\/users\/8"}],"replies":[{"embeddable":true,"href":"https:\/\/jornalfatosenoticias.com.br\/index.php\/wp-json\/wp\/v2\/comments?post=35909"}],"version-history":[{"count":0,"href":"https:\/\/jornalfatosenoticias.com.br\/index.php\/wp-json\/wp\/v2\/posts\/35909\/revisions"}],"wp:featuredmedia":[{"embeddable":true,"href":"https:\/\/jornalfatosenoticias.com.br\/index.php\/wp-json\/wp\/v2\/media\/35912"}],"wp:attachment":[{"href":"https:\/\/jornalfatosenoticias.com.br\/index.php\/wp-json\/wp\/v2\/media?parent=35909"}],"wp:term":[{"taxonomy":"category","embeddable":true,"href":"https:\/\/jornalfatosenoticias.com.br\/index.php\/wp-json\/wp\/v2\/categories?post=35909"},{"taxonomy":"post_tag","embeddable":true,"href":"https:\/\/jornalfatosenoticias.com.br\/index.php\/wp-json\/wp\/v2\/tags?post=35909"}],"curies":[{"name":"wp","href":"https:\/\/api.w.org\/{rel}","templated":true}]}}