{"id":35930,"date":"2022-11-10T19:10:04","date_gmt":"2022-11-10T22:10:04","guid":{"rendered":"https:\/\/jornalfatosenoticias.com.br\/?p=35930"},"modified":"2022-11-10T19:10:07","modified_gmt":"2022-11-10T22:10:07","slug":"navio-romano-naufragado-ha-dois-mil-anos-e-encontrado-na-croacia","status":"publish","type":"post","link":"https:\/\/jornalfatosenoticias.com.br\/index.php\/2022\/11\/10\/navio-romano-naufragado-ha-dois-mil-anos-e-encontrado-na-croacia\/","title":{"rendered":"Navio romano naufragado h\u00e1 dois mil anos \u00e9 encontrado na Cro\u00e1cia"},"content":{"rendered":"\n<p><em><span class=\"has-inline-color has-black-color\">Amostras de madeira da embarca\u00e7\u00e3o j\u00e1 foram enviadas por Pe\u0161i\u0107 para an\u00e1lise na Fran\u00e7a, o restante da explora\u00e7\u00e3o acontecer\u00e1 no pr\u00f3ximo ano<\/span><\/em><\/p>\n\n\n\n<div class=\"wp-block-image\"><figure class=\"aligncenter size-large\"><img loading=\"lazy\" decoding=\"async\" width=\"1024\" height=\"110\" src=\"https:\/\/jornalfatosenoticias.com.br\/wp-content\/uploads\/2022\/10\/Arte-jornal-Zucchi-1120x120_Prancheta-1-1024x110.jpg\" alt=\"\" class=\"wp-image-34772\" srcset=\"https:\/\/jornalfatosenoticias.com.br\/wp-content\/uploads\/2022\/10\/Arte-jornal-Zucchi-1120x120_Prancheta-1-1024x110.jpg 1024w, https:\/\/jornalfatosenoticias.com.br\/wp-content\/uploads\/2022\/10\/Arte-jornal-Zucchi-1120x120_Prancheta-1-300x32.jpg 300w, https:\/\/jornalfatosenoticias.com.br\/wp-content\/uploads\/2022\/10\/Arte-jornal-Zucchi-1120x120_Prancheta-1-768x82.jpg 768w, https:\/\/jornalfatosenoticias.com.br\/wp-content\/uploads\/2022\/10\/Arte-jornal-Zucchi-1120x120_Prancheta-1-1536x165.jpg 1536w, https:\/\/jornalfatosenoticias.com.br\/wp-content\/uploads\/2022\/10\/Arte-jornal-Zucchi-1120x120_Prancheta-1-2048x219.jpg 2048w\" sizes=\"auto, (max-width: 1024px) 100vw, 1024px\" \/><\/figure><\/div>\n\n\n\n<p><a href=\"https:\/\/olhardigital.com.br\/2022\/10\/05\/ciencia-e-espaco\/arqueologos-acreditam-ter-encontrado-mumia-de-nefertiti\/amp\/\" target=\"_blank\" rel=\"noreferrer noopener\">Arque\u00f3logos<\/a>\u00a0foram surpreendidos ao encontrarem um navio romano de aproximadamente dois mil anos submerso no mar de Suko\u0161an, na\u00a0<a href=\"https:\/\/olhardigital.com.br\/2021\/11\/02\/carros-e-tecnologia\/bugatti-oficializa-fusao-com-rimac-e-tera-sede-principal-na-croacia\/amp\/\" target=\"_blank\" rel=\"noreferrer noopener\">Cro\u00e1cia<\/a>. A descoberta foi feita por uma equipe de especialistas do Centro Internacional de Arqueologia Subaqu\u00e1tica (ICUA) em Zadar e publicada no Facebook.<\/p>\n\n\n\n<div class=\"wp-block-image\"><figure class=\"aligncenter size-large is-resized\"><img loading=\"lazy\" decoding=\"async\" src=\"https:\/\/jornalfatosenoticias.com.br\/wp-content\/uploads\/2020\/02\/casa-do-torresmo_portal.jpg\" alt=\"\" class=\"wp-image-34472\" width=\"277\" height=\"277\" srcset=\"https:\/\/jornalfatosenoticias.com.br\/wp-content\/uploads\/2020\/02\/casa-do-torresmo_portal.jpg 300w, https:\/\/jornalfatosenoticias.com.br\/wp-content\/uploads\/2020\/02\/casa-do-torresmo_portal-150x150.jpg 150w\" sizes=\"auto, (max-width: 277px) 100vw, 277px\" \/><\/figure><\/div>\n\n\n\n<p>De acordo com a postagem, assim que a embarca\u00e7\u00e3o foi encontrada, os especialistas do centro entraram em contato com a Comiss\u00e3o Romano-Germ\u00e2nica de Frankfurt, na Alemanha, para realizar as escava\u00e7\u00f5es na regi\u00e3o do antigo porto de Barbir.<\/p>\n\n\n\n<div class=\"wp-block-image\"><figure class=\"aligncenter size-large\"><img loading=\"lazy\" decoding=\"async\" width=\"1024\" height=\"100\" src=\"https:\/\/jornalfatosenoticias.com.br\/wp-content\/uploads\/2020\/02\/banner_ferramentas-1024x100.jpg\" alt=\"\" class=\"wp-image-1258\" srcset=\"https:\/\/jornalfatosenoticias.com.br\/wp-content\/uploads\/2020\/02\/banner_ferramentas-1024x100.jpg 1024w, https:\/\/jornalfatosenoticias.com.br\/wp-content\/uploads\/2020\/02\/banner_ferramentas-300x29.jpg 300w, https:\/\/jornalfatosenoticias.com.br\/wp-content\/uploads\/2020\/02\/banner_ferramentas-768x75.jpg 768w, https:\/\/jornalfatosenoticias.com.br\/wp-content\/uploads\/2020\/02\/banner_ferramentas.jpg 1227w\" sizes=\"auto, (max-width: 1024px) 100vw, 1024px\" \/><\/figure><\/div>\n\n\n\n<p>Em entrevista concedida \u00e0 Ag\u00eancia Nacional de Not\u00edcias da Cro\u00e1cia (Hina), o diretor da ICUA Zadar, Mladen Pe\u0161i\u0107, disse que em 2017 obras mais profundas na \u00e1rea foram iniciadas. Nesse mesmo local, havia uma vila romana que foi significativamente danificada com as constru\u00e7\u00f5es modernas, mas, felizmente, uma parte do local que sob o mar est\u00e1 bem preservada.<\/p>\n\n\n\n<div class=\"wp-block-image\"><figure class=\"aligncenter size-large is-resized\"><img loading=\"lazy\" decoding=\"async\" src=\"https:\/\/jornalfatosenoticias.com.br\/wp-content\/uploads\/2022\/07\/Logo-Grupo-SEI.jpg\" alt=\"\" class=\"wp-image-31973\" width=\"358\" height=\"188\" srcset=\"https:\/\/jornalfatosenoticias.com.br\/wp-content\/uploads\/2022\/07\/Logo-Grupo-SEI.jpg 713w, https:\/\/jornalfatosenoticias.com.br\/wp-content\/uploads\/2022\/07\/Logo-Grupo-SEI-300x158.jpg 300w\" sizes=\"auto, (max-width: 358px) 100vw, 358px\" \/><\/figure><\/div>\n\n\n\n<p>O barco tem tr\u00eas metros de largura e apenas nove metros de seu comprimento foram explorados at\u00e9 agora. Apesar de algumas partes externas estarem danificadas por animais e outros organismos, o restante do ve\u00edculo est\u00e1 em boas condi\u00e7\u00f5es. Segundo Pe\u0161i\u0107, isso se deve ao fato de que a madeira foi preservada na areia por dois mil anos.<\/p>\n\n\n\n<div class=\"wp-block-image\"><figure class=\"aligncenter size-large\"><img loading=\"lazy\" decoding=\"async\" width=\"1024\" height=\"111\" src=\"https:\/\/jornalfatosenoticias.com.br\/wp-content\/uploads\/2020\/02\/WhatsApp-Image-2022-09-23-at-12.09.18-1024x111.jpeg\" alt=\"\" class=\"wp-image-34527\" srcset=\"https:\/\/jornalfatosenoticias.com.br\/wp-content\/uploads\/2020\/02\/WhatsApp-Image-2022-09-23-at-12.09.18-1024x111.jpeg 1024w, https:\/\/jornalfatosenoticias.com.br\/wp-content\/uploads\/2020\/02\/WhatsApp-Image-2022-09-23-at-12.09.18-300x32.jpeg 300w, https:\/\/jornalfatosenoticias.com.br\/wp-content\/uploads\/2020\/02\/WhatsApp-Image-2022-09-23-at-12.09.18-768x83.jpeg 768w, https:\/\/jornalfatosenoticias.com.br\/wp-content\/uploads\/2020\/02\/WhatsApp-Image-2022-09-23-at-12.09.18.jpeg 1121w\" sizes=\"auto, (max-width: 1024px) 100vw, 1024px\" \/><\/figure><\/div>\n\n\n\n<p>De acordo com o site Zadarski.hr, o espa\u00e7o romano do porto foi constru\u00eddo em duas fases: a primeira etapa ocorreu no s\u00e9culo 1 d.C., quando o local era menor, e a segunda etapa ocorreu em meados do s\u00e9culo 4 d.C.<\/p>\n\n\n\n<div class=\"wp-block-image\"><figure class=\"aligncenter size-large is-resized\"><img loading=\"lazy\" decoding=\"async\" src=\"https:\/\/jornalfatosenoticias.com.br\/wp-content\/uploads\/2022\/08\/logo-locau-veiculos-1024x573.png\" alt=\"\" class=\"wp-image-33078\" width=\"302\" height=\"168\"\/><\/figure><\/div>\n\n\n\n<p>Os vasos de cer\u00e2mica e \u00e2nforas, lamparinas a \u00f3leo e fragmentos de vidro s\u00e3o evid\u00eancias encontradas que confirmam a data\u00e7\u00e3o mais antiga da primeira fase da constru\u00e7\u00e3o. Sinais de com\u00e9rcio intensivo durante o segundo per\u00edodo s\u00e3o mostradas por descobertas do norte da \u00c1frica. Entre os achados da \u00e9poca, est\u00e3o cerca de 30 moedas de bronze cunhadas no Imp\u00e9rio Romano.<\/p>\n\n\n\n<div class=\"wp-block-image\"><figure class=\"aligncenter size-large\"><img loading=\"lazy\" decoding=\"async\" width=\"560\" height=\"60\" src=\"https:\/\/jornalfatosenoticias.com.br\/wp-content\/uploads\/2022\/10\/Propaganda-RC-Radiadores-Jornal_page-0001.jpg\" alt=\"\" class=\"wp-image-35270\" srcset=\"https:\/\/jornalfatosenoticias.com.br\/wp-content\/uploads\/2022\/10\/Propaganda-RC-Radiadores-Jornal_page-0001.jpg 560w, https:\/\/jornalfatosenoticias.com.br\/wp-content\/uploads\/2022\/10\/Propaganda-RC-Radiadores-Jornal_page-0001-300x32.jpg 300w\" sizes=\"auto, (max-width: 560px) 100vw, 560px\" \/><\/figure><\/div>\n\n\n\n<p><strong><span class=\"has-inline-color has-black-color\">A investiga\u00e7\u00e3o do barco continuar\u00e1 no pr\u00f3ximo ano<br><\/span><\/strong>J\u00e1 que o navio est\u00e1 em um ponto relativamente raso, os especialistas puderam ficar no mar por um per\u00edodo relativamente longo, que variou de uma hora e meia a duas horas. O l\u00edder do projeto est\u00e1 feliz com as condi\u00e7\u00f5es do barco, pois \u201cao contr\u00e1rio da maioria dos barcos antigos que afundam e acabam deformados no fundo do mar, este conseguiu manter a forma\u201d.<\/p>\n\n\n\n<div class=\"wp-block-image\"><figure class=\"aligncenter size-large is-resized\"><img loading=\"lazy\" decoding=\"async\" src=\"https:\/\/jornalfatosenoticias.com.br\/wp-content\/uploads\/2020\/02\/nova-logo-Marquetti.jpg\" alt=\"\" class=\"wp-image-22331\" width=\"267\" height=\"179\" srcset=\"https:\/\/jornalfatosenoticias.com.br\/wp-content\/uploads\/2020\/02\/nova-logo-Marquetti.jpg 643w, https:\/\/jornalfatosenoticias.com.br\/wp-content\/uploads\/2020\/02\/nova-logo-Marquetti-300x202.jpg 300w\" sizes=\"auto, (max-width: 267px) 100vw, 267px\" \/><\/figure><\/div>\n\n\n\n<p>Amostras de madeira da embarca\u00e7\u00e3o j\u00e1 foram enviadas por Pe\u0161i\u0107 para an\u00e1lise na Fran\u00e7a, a fim de saber se sua produ\u00e7\u00e3o era local ou de outras regi\u00f5es. A investiga\u00e7\u00e3o da segunda metade do navio est\u00e1 marcada para o pr\u00f3ximo ano. At\u00e9 l\u00e1, o local em seu entorno ser\u00e1 protegido por camadas de areia, material geot\u00eaxtil e pedra.<\/p>\n\n\n\n<div class=\"wp-block-image\"><figure class=\"aligncenter size-large\"><img decoding=\"async\" src=\"https:\/\/jornalfatosenoticias.com.br\/wp-content\/uploads\/2020\/02\/Serra-Grande-1024x160.png\" alt=\"\" class=\"wp-image-7836\"\/><\/figure><\/div>\n\n\n\n<p><strong><em>Fonte: <a href=\"https:\/\/olhardigital.com.br\/2022\/11\/09\/ciencia-e-espaco\/navio-romano-naufragado-ha-2-mil-anos-e-encontrado-na-croacia\/amp\/\">Olhar Digital<\/a><\/em><\/strong><\/p>\n","protected":false},"excerpt":{"rendered":"<p>Amostras de madeira da embarca\u00e7\u00e3o j\u00e1 foram enviadas por Pe\u0161i\u0107 para an\u00e1lise na Fran\u00e7a, o restante da explora\u00e7\u00e3o acontecer\u00e1 no pr\u00f3ximo ano Arque\u00f3logos\u00a0foram surpreendidos ao encontrarem um navio romano de aproximadamente dois mil anos submerso no mar de Suko\u0161an, na\u00a0Cro\u00e1cia. A descoberta foi feita por uma equipe de especialistas do Centro Internacional de Arqueologia Subaqu\u00e1tica [&hellip;]<\/p>\n","protected":false},"author":2,"featured_media":35931,"comment_status":"open","ping_status":"open","sticky":false,"template":"","format":"standard","meta":{"footnotes":""},"categories":[9808],"tags":[1478,3482,8057],"class_list":["post-35930","post","type-post","status-publish","format-standard","has-post-thumbnail","hentry","category-paleo-arqueologia","tag-arqueologia","tag-barco","tag-pesquisa-cientifica"],"yoast_head":"<!-- This site is optimized with the Yoast SEO plugin v26.5 - https:\/\/yoast.com\/wordpress\/plugins\/seo\/ -->\n<title>Navio romano naufragado h\u00e1 dois mil anos \u00e9 encontrado na Cro\u00e1cia - Jornal Fatos e Not\u00edcias<\/title>\n<meta name=\"robots\" content=\"index, follow, max-snippet:-1, max-image-preview:large, max-video-preview:-1\" \/>\n<link rel=\"canonical\" href=\"https:\/\/jornalfatosenoticias.com.br\/index.php\/2022\/11\/10\/navio-romano-naufragado-ha-dois-mil-anos-e-encontrado-na-croacia\/\" \/>\n<meta property=\"og:locale\" content=\"pt_BR\" \/>\n<meta property=\"og:type\" content=\"article\" \/>\n<meta property=\"og:title\" content=\"Navio romano naufragado h\u00e1 dois mil anos \u00e9 encontrado na Cro\u00e1cia - Jornal Fatos e Not\u00edcias\" \/>\n<meta property=\"og:description\" content=\"Amostras de madeira da embarca\u00e7\u00e3o j\u00e1 foram enviadas por Pe\u0161i\u0107 para an\u00e1lise na Fran\u00e7a, o restante da explora\u00e7\u00e3o acontecer\u00e1 no pr\u00f3ximo ano Arque\u00f3logos\u00a0foram surpreendidos ao encontrarem um navio romano de aproximadamente dois mil anos submerso no mar de Suko\u0161an, na\u00a0Cro\u00e1cia. A descoberta foi feita por uma equipe de especialistas do Centro Internacional de Arqueologia Subaqu\u00e1tica [&hellip;]\" \/>\n<meta property=\"og:url\" content=\"https:\/\/jornalfatosenoticias.com.br\/index.php\/2022\/11\/10\/navio-romano-naufragado-ha-dois-mil-anos-e-encontrado-na-croacia\/\" \/>\n<meta property=\"og:site_name\" content=\"Jornal Fatos e Not\u00edcias\" \/>\n<meta property=\"article:published_time\" content=\"2022-11-10T22:10:04+00:00\" \/>\n<meta property=\"article:modified_time\" content=\"2022-11-10T22:10:07+00:00\" \/>\n<meta property=\"og:image\" content=\"https:\/\/jornalfatosenoticias.com.br\/wp-content\/uploads\/2022\/11\/barco-romano-ilustracao.jpg\" \/>\n\t<meta property=\"og:image:width\" content=\"1000\" \/>\n\t<meta property=\"og:image:height\" content=\"375\" \/>\n\t<meta property=\"og:image:type\" content=\"image\/jpeg\" \/>\n<meta name=\"author\" content=\"Luzimara Fernandes\" \/>\n<meta name=\"twitter:card\" content=\"summary_large_image\" \/>\n<meta name=\"twitter:label1\" content=\"Escrito por\" \/>\n\t<meta name=\"twitter:data1\" content=\"Luzimara Fernandes\" \/>\n\t<meta name=\"twitter:label2\" content=\"Est. tempo de leitura\" \/>\n\t<meta name=\"twitter:data2\" content=\"2 minutos\" \/>\n<script type=\"application\/ld+json\" class=\"yoast-schema-graph\">{\"@context\":\"https:\/\/schema.org\",\"@graph\":[{\"@type\":\"Article\",\"@id\":\"https:\/\/jornalfatosenoticias.com.br\/index.php\/2022\/11\/10\/navio-romano-naufragado-ha-dois-mil-anos-e-encontrado-na-croacia\/#article\",\"isPartOf\":{\"@id\":\"https:\/\/jornalfatosenoticias.com.br\/index.php\/2022\/11\/10\/navio-romano-naufragado-ha-dois-mil-anos-e-encontrado-na-croacia\/\"},\"author\":{\"name\":\"Luzimara Fernandes\",\"@id\":\"https:\/\/jornalfatosenoticias.com.br\/#\/schema\/person\/d63837fa13ac8666eb9e74e0985d6f81\"},\"headline\":\"Navio romano naufragado h\u00e1 dois mil anos \u00e9 encontrado na Cro\u00e1cia\",\"datePublished\":\"2022-11-10T22:10:04+00:00\",\"dateModified\":\"2022-11-10T22:10:07+00:00\",\"mainEntityOfPage\":{\"@id\":\"https:\/\/jornalfatosenoticias.com.br\/index.php\/2022\/11\/10\/navio-romano-naufragado-ha-dois-mil-anos-e-encontrado-na-croacia\/\"},\"wordCount\":508,\"commentCount\":0,\"publisher\":{\"@id\":\"https:\/\/jornalfatosenoticias.com.br\/#organization\"},\"image\":{\"@id\":\"https:\/\/jornalfatosenoticias.com.br\/index.php\/2022\/11\/10\/navio-romano-naufragado-ha-dois-mil-anos-e-encontrado-na-croacia\/#primaryimage\"},\"thumbnailUrl\":\"https:\/\/jornalfatosenoticias.com.br\/wp-content\/uploads\/2022\/11\/barco-romano-ilustracao.jpg\",\"keywords\":[\"arqueologia\",\"barco\",\"pesquisa cient\u00edfica\"],\"articleSection\":[\"Paleo &amp; Arqueologia\"],\"inLanguage\":\"pt-BR\",\"potentialAction\":[{\"@type\":\"CommentAction\",\"name\":\"Comment\",\"target\":[\"https:\/\/jornalfatosenoticias.com.br\/index.php\/2022\/11\/10\/navio-romano-naufragado-ha-dois-mil-anos-e-encontrado-na-croacia\/#respond\"]}]},{\"@type\":\"WebPage\",\"@id\":\"https:\/\/jornalfatosenoticias.com.br\/index.php\/2022\/11\/10\/navio-romano-naufragado-ha-dois-mil-anos-e-encontrado-na-croacia\/\",\"url\":\"https:\/\/jornalfatosenoticias.com.br\/index.php\/2022\/11\/10\/navio-romano-naufragado-ha-dois-mil-anos-e-encontrado-na-croacia\/\",\"name\":\"Navio romano naufragado h\u00e1 dois mil anos \u00e9 encontrado na Cro\u00e1cia - Jornal Fatos e Not\u00edcias\",\"isPartOf\":{\"@id\":\"https:\/\/jornalfatosenoticias.com.br\/#website\"},\"primaryImageOfPage\":{\"@id\":\"https:\/\/jornalfatosenoticias.com.br\/index.php\/2022\/11\/10\/navio-romano-naufragado-ha-dois-mil-anos-e-encontrado-na-croacia\/#primaryimage\"},\"image\":{\"@id\":\"https:\/\/jornalfatosenoticias.com.br\/index.php\/2022\/11\/10\/navio-romano-naufragado-ha-dois-mil-anos-e-encontrado-na-croacia\/#primaryimage\"},\"thumbnailUrl\":\"https:\/\/jornalfatosenoticias.com.br\/wp-content\/uploads\/2022\/11\/barco-romano-ilustracao.jpg\",\"datePublished\":\"2022-11-10T22:10:04+00:00\",\"dateModified\":\"2022-11-10T22:10:07+00:00\",\"breadcrumb\":{\"@id\":\"https:\/\/jornalfatosenoticias.com.br\/index.php\/2022\/11\/10\/navio-romano-naufragado-ha-dois-mil-anos-e-encontrado-na-croacia\/#breadcrumb\"},\"inLanguage\":\"pt-BR\",\"potentialAction\":[{\"@type\":\"ReadAction\",\"target\":[\"https:\/\/jornalfatosenoticias.com.br\/index.php\/2022\/11\/10\/navio-romano-naufragado-ha-dois-mil-anos-e-encontrado-na-croacia\/\"]}]},{\"@type\":\"ImageObject\",\"inLanguage\":\"pt-BR\",\"@id\":\"https:\/\/jornalfatosenoticias.com.br\/index.php\/2022\/11\/10\/navio-romano-naufragado-ha-dois-mil-anos-e-encontrado-na-croacia\/#primaryimage\",\"url\":\"https:\/\/jornalfatosenoticias.com.br\/wp-content\/uploads\/2022\/11\/barco-romano-ilustracao.jpg\",\"contentUrl\":\"https:\/\/jornalfatosenoticias.com.br\/wp-content\/uploads\/2022\/11\/barco-romano-ilustracao.jpg\",\"width\":1000,\"height\":375},{\"@type\":\"BreadcrumbList\",\"@id\":\"https:\/\/jornalfatosenoticias.com.br\/index.php\/2022\/11\/10\/navio-romano-naufragado-ha-dois-mil-anos-e-encontrado-na-croacia\/#breadcrumb\",\"itemListElement\":[{\"@type\":\"ListItem\",\"position\":1,\"name\":\"In\u00edcio\",\"item\":\"https:\/\/jornalfatosenoticias.com.br\/\"},{\"@type\":\"ListItem\",\"position\":2,\"name\":\"Navio romano naufragado h\u00e1 dois mil anos \u00e9 encontrado na Cro\u00e1cia\"}]},{\"@type\":\"WebSite\",\"@id\":\"https:\/\/jornalfatosenoticias.com.br\/#website\",\"url\":\"https:\/\/jornalfatosenoticias.com.br\/\",\"name\":\"Jornal Fatos e Not\u00edcias\",\"description\":\"Not\u00edcias em geral\",\"publisher\":{\"@id\":\"https:\/\/jornalfatosenoticias.com.br\/#organization\"},\"potentialAction\":[{\"@type\":\"SearchAction\",\"target\":{\"@type\":\"EntryPoint\",\"urlTemplate\":\"https:\/\/jornalfatosenoticias.com.br\/?s={search_term_string}\"},\"query-input\":{\"@type\":\"PropertyValueSpecification\",\"valueRequired\":true,\"valueName\":\"search_term_string\"}}],\"inLanguage\":\"pt-BR\"},{\"@type\":\"Organization\",\"@id\":\"https:\/\/jornalfatosenoticias.com.br\/#organization\",\"name\":\"Jornal Fatos e Not\u00edcias\",\"url\":\"https:\/\/jornalfatosenoticias.com.br\/\",\"logo\":{\"@type\":\"ImageObject\",\"inLanguage\":\"pt-BR\",\"@id\":\"https:\/\/jornalfatosenoticias.com.br\/#\/schema\/logo\/image\/\",\"url\":\"https:\/\/jornalfatosenoticias.com.br\/wp-content\/uploads\/2020\/02\/logo120.png\",\"contentUrl\":\"https:\/\/jornalfatosenoticias.com.br\/wp-content\/uploads\/2020\/02\/logo120.png\",\"width\":1227,\"height\":120,\"caption\":\"Jornal Fatos e Not\u00edcias\"},\"image\":{\"@id\":\"https:\/\/jornalfatosenoticias.com.br\/#\/schema\/logo\/image\/\"}},{\"@type\":\"Person\",\"@id\":\"https:\/\/jornalfatosenoticias.com.br\/#\/schema\/person\/d63837fa13ac8666eb9e74e0985d6f81\",\"name\":\"Luzimara Fernandes\",\"image\":{\"@type\":\"ImageObject\",\"inLanguage\":\"pt-BR\",\"@id\":\"https:\/\/jornalfatosenoticias.com.br\/#\/schema\/person\/image\/\",\"url\":\"https:\/\/jornalfatosenoticias.com.br\/wp-content\/uploads\/2025\/05\/EU_portal.jpg\",\"contentUrl\":\"https:\/\/jornalfatosenoticias.com.br\/wp-content\/uploads\/2025\/05\/EU_portal.jpg\",\"caption\":\"Luzimara Fernandes\"},\"description\":\"Jornalista MTB 2358-ES\",\"sameAs\":[\"https:\/\/jornalfatosenoticias.com.br\"],\"url\":\"https:\/\/jornalfatosenoticias.com.br\/index.php\/author\/luzimara\/\"}]}<\/script>\n<!-- \/ Yoast SEO plugin. -->","yoast_head_json":{"title":"Navio romano naufragado h\u00e1 dois mil anos \u00e9 encontrado na Cro\u00e1cia - Jornal Fatos e Not\u00edcias","robots":{"index":"index","follow":"follow","max-snippet":"max-snippet:-1","max-image-preview":"max-image-preview:large","max-video-preview":"max-video-preview:-1"},"canonical":"https:\/\/jornalfatosenoticias.com.br\/index.php\/2022\/11\/10\/navio-romano-naufragado-ha-dois-mil-anos-e-encontrado-na-croacia\/","og_locale":"pt_BR","og_type":"article","og_title":"Navio romano naufragado h\u00e1 dois mil anos \u00e9 encontrado na Cro\u00e1cia - Jornal Fatos e Not\u00edcias","og_description":"Amostras de madeira da embarca\u00e7\u00e3o j\u00e1 foram enviadas por Pe\u0161i\u0107 para an\u00e1lise na Fran\u00e7a, o restante da explora\u00e7\u00e3o acontecer\u00e1 no pr\u00f3ximo ano Arque\u00f3logos\u00a0foram surpreendidos ao encontrarem um navio romano de aproximadamente dois mil anos submerso no mar de Suko\u0161an, na\u00a0Cro\u00e1cia. A descoberta foi feita por uma equipe de especialistas do Centro Internacional de Arqueologia Subaqu\u00e1tica [&hellip;]","og_url":"https:\/\/jornalfatosenoticias.com.br\/index.php\/2022\/11\/10\/navio-romano-naufragado-ha-dois-mil-anos-e-encontrado-na-croacia\/","og_site_name":"Jornal Fatos e Not\u00edcias","article_published_time":"2022-11-10T22:10:04+00:00","article_modified_time":"2022-11-10T22:10:07+00:00","og_image":[{"width":1000,"height":375,"url":"https:\/\/jornalfatosenoticias.com.br\/wp-content\/uploads\/2022\/11\/barco-romano-ilustracao.jpg","type":"image\/jpeg"}],"author":"Luzimara Fernandes","twitter_card":"summary_large_image","twitter_misc":{"Escrito por":"Luzimara Fernandes","Est. tempo de leitura":"2 minutos"},"schema":{"@context":"https:\/\/schema.org","@graph":[{"@type":"Article","@id":"https:\/\/jornalfatosenoticias.com.br\/index.php\/2022\/11\/10\/navio-romano-naufragado-ha-dois-mil-anos-e-encontrado-na-croacia\/#article","isPartOf":{"@id":"https:\/\/jornalfatosenoticias.com.br\/index.php\/2022\/11\/10\/navio-romano-naufragado-ha-dois-mil-anos-e-encontrado-na-croacia\/"},"author":{"name":"Luzimara Fernandes","@id":"https:\/\/jornalfatosenoticias.com.br\/#\/schema\/person\/d63837fa13ac8666eb9e74e0985d6f81"},"headline":"Navio romano naufragado h\u00e1 dois mil anos \u00e9 encontrado na Cro\u00e1cia","datePublished":"2022-11-10T22:10:04+00:00","dateModified":"2022-11-10T22:10:07+00:00","mainEntityOfPage":{"@id":"https:\/\/jornalfatosenoticias.com.br\/index.php\/2022\/11\/10\/navio-romano-naufragado-ha-dois-mil-anos-e-encontrado-na-croacia\/"},"wordCount":508,"commentCount":0,"publisher":{"@id":"https:\/\/jornalfatosenoticias.com.br\/#organization"},"image":{"@id":"https:\/\/jornalfatosenoticias.com.br\/index.php\/2022\/11\/10\/navio-romano-naufragado-ha-dois-mil-anos-e-encontrado-na-croacia\/#primaryimage"},"thumbnailUrl":"https:\/\/jornalfatosenoticias.com.br\/wp-content\/uploads\/2022\/11\/barco-romano-ilustracao.jpg","keywords":["arqueologia","barco","pesquisa cient\u00edfica"],"articleSection":["Paleo &amp; Arqueologia"],"inLanguage":"pt-BR","potentialAction":[{"@type":"CommentAction","name":"Comment","target":["https:\/\/jornalfatosenoticias.com.br\/index.php\/2022\/11\/10\/navio-romano-naufragado-ha-dois-mil-anos-e-encontrado-na-croacia\/#respond"]}]},{"@type":"WebPage","@id":"https:\/\/jornalfatosenoticias.com.br\/index.php\/2022\/11\/10\/navio-romano-naufragado-ha-dois-mil-anos-e-encontrado-na-croacia\/","url":"https:\/\/jornalfatosenoticias.com.br\/index.php\/2022\/11\/10\/navio-romano-naufragado-ha-dois-mil-anos-e-encontrado-na-croacia\/","name":"Navio romano naufragado h\u00e1 dois mil anos \u00e9 encontrado na Cro\u00e1cia - Jornal Fatos e Not\u00edcias","isPartOf":{"@id":"https:\/\/jornalfatosenoticias.com.br\/#website"},"primaryImageOfPage":{"@id":"https:\/\/jornalfatosenoticias.com.br\/index.php\/2022\/11\/10\/navio-romano-naufragado-ha-dois-mil-anos-e-encontrado-na-croacia\/#primaryimage"},"image":{"@id":"https:\/\/jornalfatosenoticias.com.br\/index.php\/2022\/11\/10\/navio-romano-naufragado-ha-dois-mil-anos-e-encontrado-na-croacia\/#primaryimage"},"thumbnailUrl":"https:\/\/jornalfatosenoticias.com.br\/wp-content\/uploads\/2022\/11\/barco-romano-ilustracao.jpg","datePublished":"2022-11-10T22:10:04+00:00","dateModified":"2022-11-10T22:10:07+00:00","breadcrumb":{"@id":"https:\/\/jornalfatosenoticias.com.br\/index.php\/2022\/11\/10\/navio-romano-naufragado-ha-dois-mil-anos-e-encontrado-na-croacia\/#breadcrumb"},"inLanguage":"pt-BR","potentialAction":[{"@type":"ReadAction","target":["https:\/\/jornalfatosenoticias.com.br\/index.php\/2022\/11\/10\/navio-romano-naufragado-ha-dois-mil-anos-e-encontrado-na-croacia\/"]}]},{"@type":"ImageObject","inLanguage":"pt-BR","@id":"https:\/\/jornalfatosenoticias.com.br\/index.php\/2022\/11\/10\/navio-romano-naufragado-ha-dois-mil-anos-e-encontrado-na-croacia\/#primaryimage","url":"https:\/\/jornalfatosenoticias.com.br\/wp-content\/uploads\/2022\/11\/barco-romano-ilustracao.jpg","contentUrl":"https:\/\/jornalfatosenoticias.com.br\/wp-content\/uploads\/2022\/11\/barco-romano-ilustracao.jpg","width":1000,"height":375},{"@type":"BreadcrumbList","@id":"https:\/\/jornalfatosenoticias.com.br\/index.php\/2022\/11\/10\/navio-romano-naufragado-ha-dois-mil-anos-e-encontrado-na-croacia\/#breadcrumb","itemListElement":[{"@type":"ListItem","position":1,"name":"In\u00edcio","item":"https:\/\/jornalfatosenoticias.com.br\/"},{"@type":"ListItem","position":2,"name":"Navio romano naufragado h\u00e1 dois mil anos \u00e9 encontrado na Cro\u00e1cia"}]},{"@type":"WebSite","@id":"https:\/\/jornalfatosenoticias.com.br\/#website","url":"https:\/\/jornalfatosenoticias.com.br\/","name":"Jornal Fatos e Not\u00edcias","description":"Not\u00edcias em geral","publisher":{"@id":"https:\/\/jornalfatosenoticias.com.br\/#organization"},"potentialAction":[{"@type":"SearchAction","target":{"@type":"EntryPoint","urlTemplate":"https:\/\/jornalfatosenoticias.com.br\/?s={search_term_string}"},"query-input":{"@type":"PropertyValueSpecification","valueRequired":true,"valueName":"search_term_string"}}],"inLanguage":"pt-BR"},{"@type":"Organization","@id":"https:\/\/jornalfatosenoticias.com.br\/#organization","name":"Jornal Fatos e Not\u00edcias","url":"https:\/\/jornalfatosenoticias.com.br\/","logo":{"@type":"ImageObject","inLanguage":"pt-BR","@id":"https:\/\/jornalfatosenoticias.com.br\/#\/schema\/logo\/image\/","url":"https:\/\/jornalfatosenoticias.com.br\/wp-content\/uploads\/2020\/02\/logo120.png","contentUrl":"https:\/\/jornalfatosenoticias.com.br\/wp-content\/uploads\/2020\/02\/logo120.png","width":1227,"height":120,"caption":"Jornal Fatos e Not\u00edcias"},"image":{"@id":"https:\/\/jornalfatosenoticias.com.br\/#\/schema\/logo\/image\/"}},{"@type":"Person","@id":"https:\/\/jornalfatosenoticias.com.br\/#\/schema\/person\/d63837fa13ac8666eb9e74e0985d6f81","name":"Luzimara Fernandes","image":{"@type":"ImageObject","inLanguage":"pt-BR","@id":"https:\/\/jornalfatosenoticias.com.br\/#\/schema\/person\/image\/","url":"https:\/\/jornalfatosenoticias.com.br\/wp-content\/uploads\/2025\/05\/EU_portal.jpg","contentUrl":"https:\/\/jornalfatosenoticias.com.br\/wp-content\/uploads\/2025\/05\/EU_portal.jpg","caption":"Luzimara Fernandes"},"description":"Jornalista MTB 2358-ES","sameAs":["https:\/\/jornalfatosenoticias.com.br"],"url":"https:\/\/jornalfatosenoticias.com.br\/index.php\/author\/luzimara\/"}]}},"cc_featured_image_caption":{"caption_text":"(Foto: Michael Rosskothen\/Shutterstock) ","source_text":"","source_url":""},"jetpack_featured_media_url":"https:\/\/jornalfatosenoticias.com.br\/wp-content\/uploads\/2022\/11\/barco-romano-ilustracao.jpg","_links":{"self":[{"href":"https:\/\/jornalfatosenoticias.com.br\/index.php\/wp-json\/wp\/v2\/posts\/35930","targetHints":{"allow":["GET"]}}],"collection":[{"href":"https:\/\/jornalfatosenoticias.com.br\/index.php\/wp-json\/wp\/v2\/posts"}],"about":[{"href":"https:\/\/jornalfatosenoticias.com.br\/index.php\/wp-json\/wp\/v2\/types\/post"}],"author":[{"embeddable":true,"href":"https:\/\/jornalfatosenoticias.com.br\/index.php\/wp-json\/wp\/v2\/users\/2"}],"replies":[{"embeddable":true,"href":"https:\/\/jornalfatosenoticias.com.br\/index.php\/wp-json\/wp\/v2\/comments?post=35930"}],"version-history":[{"count":0,"href":"https:\/\/jornalfatosenoticias.com.br\/index.php\/wp-json\/wp\/v2\/posts\/35930\/revisions"}],"wp:featuredmedia":[{"embeddable":true,"href":"https:\/\/jornalfatosenoticias.com.br\/index.php\/wp-json\/wp\/v2\/media\/35931"}],"wp:attachment":[{"href":"https:\/\/jornalfatosenoticias.com.br\/index.php\/wp-json\/wp\/v2\/media?parent=35930"}],"wp:term":[{"taxonomy":"category","embeddable":true,"href":"https:\/\/jornalfatosenoticias.com.br\/index.php\/wp-json\/wp\/v2\/categories?post=35930"},{"taxonomy":"post_tag","embeddable":true,"href":"https:\/\/jornalfatosenoticias.com.br\/index.php\/wp-json\/wp\/v2\/tags?post=35930"}],"curies":[{"name":"wp","href":"https:\/\/api.w.org\/{rel}","templated":true}]}}