{"id":35994,"date":"2022-11-14T12:34:21","date_gmt":"2022-11-14T15:34:21","guid":{"rendered":"https:\/\/jornalfatosenoticias.com.br\/?p=35994"},"modified":"2022-11-14T12:34:23","modified_gmt":"2022-11-14T15:34:23","slug":"cancer-de-pulmao-descoberta-pode-revolucionar-tratamento-contra-a-doenca","status":"publish","type":"post","link":"https:\/\/jornalfatosenoticias.com.br\/index.php\/2022\/11\/14\/cancer-de-pulmao-descoberta-pode-revolucionar-tratamento-contra-a-doenca\/","title":{"rendered":"C\u00e2ncer de pulm\u00e3o: descoberta pode revolucionar tratamento contra a doen\u00e7a"},"content":{"rendered":"\n<p><em><span class=\"has-inline-color has-black-color\">Estudo desvendou nova forma de trabalhar com prote\u00edna espec\u00edfica, ajudando o sistema imunol\u00f3gico<\/span><\/em><\/p>\n\n\n\n<div class=\"wp-block-image\"><figure class=\"aligncenter size-large\"><img decoding=\"async\" src=\"https:\/\/jornalfatosenoticias.com.br\/wp-content\/uploads\/2020\/02\/Serra-Grande-1024x160.png\" alt=\"\" class=\"wp-image-7836\"\/><\/figure><\/div>\n\n\n\n<p>Uma equipe de cientistas liderada por pesquisadores da Universidade de Edimburgo descobriu que altos n\u00edveis da prote\u00edna toll-like receptor 2 (TLR2) em tumores podem ajudar a controlar alguns dos mecanismos de defesa do corpo quando ocorrem muta\u00e7\u00f5es cancer\u00edgenas nas <a href=\"https:\/\/olhardigital.com.br\/tag\/celulas\/\" target=\"_blank\" rel=\"noreferrer noopener\">c\u00e9lulas<\/a>, principalmente no que diz respeito ao c\u00e2ncer de pulm\u00e3o, um dos mais incidentes no mundo, segundo a Organiza\u00e7\u00e3o Mundial de Sa\u00fade (<a href=\"https:\/\/olhardigital.com.br\/tag\/oms\/\" target=\"_blank\" rel=\"noreferrer noopener\">OMS<\/a>).<\/p>\n\n\n\n<div class=\"wp-block-image\"><figure class=\"aligncenter size-large is-resized\"><img loading=\"lazy\" decoding=\"async\" src=\"https:\/\/jornalfatosenoticias.com.br\/wp-content\/uploads\/2020\/02\/nova-logo-Marquetti.jpg\" alt=\"\" class=\"wp-image-22331\" width=\"269\" height=\"181\" srcset=\"https:\/\/jornalfatosenoticias.com.br\/wp-content\/uploads\/2020\/02\/nova-logo-Marquetti.jpg 643w, https:\/\/jornalfatosenoticias.com.br\/wp-content\/uploads\/2020\/02\/nova-logo-Marquetti-300x202.jpg 300w\" sizes=\"auto, (max-width: 269px) 100vw, 269px\" \/><\/figure><\/div>\n\n\n\n<p>Publicada na revista <em>Cell Reports Medicine<\/em>, a an\u00e1lise de dados de amostras de tumores humanos revelou que pacientes com altos n\u00edveis de TLR2 nos est\u00e1gios iniciais de c\u00e2ncer de pulm\u00e3o aumentaram a sobrevida em compara\u00e7\u00e3o com aqueles que tinham n\u00edveis mais baixos.<\/p>\n\n\n\n<div class=\"wp-block-image\"><figure class=\"aligncenter size-large\"><img loading=\"lazy\" decoding=\"async\" width=\"1024\" height=\"99\" src=\"https:\/\/jornalfatosenoticias.com.br\/wp-content\/uploads\/2020\/02\/Logo-Mizu-segunda-2-1024x99.png\" alt=\"\" class=\"wp-image-2353\" srcset=\"https:\/\/jornalfatosenoticias.com.br\/wp-content\/uploads\/2020\/02\/Logo-Mizu-segunda-2-1024x99.png 1024w, https:\/\/jornalfatosenoticias.com.br\/wp-content\/uploads\/2020\/02\/Logo-Mizu-segunda-2-300x29.png 300w, https:\/\/jornalfatosenoticias.com.br\/wp-content\/uploads\/2020\/02\/Logo-Mizu-segunda-2-768x74.png 768w, https:\/\/jornalfatosenoticias.com.br\/wp-content\/uploads\/2020\/02\/Logo-Mizu-segunda-2.png 1240w\" sizes=\"auto, (max-width: 1024px) 100vw, 1024px\" \/><\/figure><\/div>\n\n\n\n<p>Al\u00e9m disso, a partir da descoberta, uma droga conhecida por ativar a prote\u00edna foi usada em um modelo de camundongo geneticamente modificado com a doen\u00e7a. Os resultados apontaram que o medicamento, surpreendentemente, tamb\u00e9m reduziu o crescimento do tumor pulmonar.<\/p>\n\n\n\n<div class=\"wp-block-image\"><figure class=\"aligncenter size-large is-resized\"><img loading=\"lazy\" decoding=\"async\" src=\"https:\/\/jornalfatosenoticias.com.br\/wp-content\/uploads\/2022\/02\/Precisao-Contabilidade-1024x724.jpg\" alt=\"\" class=\"wp-image-28088\" width=\"324\" height=\"229\"\/><\/figure><\/div>\n\n\n\n<figure class=\"wp-block-pullquote\"><blockquote><p><span class=\"has-inline-color has-luminous-vivid-orange-color\">Descobertas como esta, que ampliam a informa\u00e7\u00e3o sobre a doen\u00e7a, podem levar ao desenvolvimento de medicamentos que melhorem a qualidade de vida de pacientes\u201d, comentou o oncologista Carlos Gil Ferreira, presidente do Instituto Oncocl\u00ednicas.<\/span><\/p><\/blockquote><\/figure>\n\n\n\n<div class=\"wp-block-image\"><figure class=\"alignright size-large\"><img decoding=\"async\" src=\"https:\/\/jornalfatosenoticias.com.br\/wp-content\/uploads\/2020\/02\/barao-das-carnes-300x164-1.jpg\" alt=\"\" class=\"wp-image-34339\"\/><\/figure><\/div>\n\n\n\n<p>A prote\u00edna TLR2 est\u00e1 presente no sistema imunol\u00f3gico, desempenhando um papel importante na defesa do corpo e no reconhecimento de pat\u00f3genos. Ela tamb\u00e9m est\u00e1 ligada \u00e0 senesc\u00eancia, processo natural de envelhecimento das c\u00e9lulas humanas no qual elas param de crescer e liberam uma variedade de produtos qu\u00edmicos e outras prote\u00ednas que fornecem sinais de alerta e defesas contra o c\u00e2ncer. As c\u00e9lulas senescentes est\u00e3o presentes nos c\u00e2nceres de pulm\u00e3o iniciais, mas n\u00e3o est\u00e3o mais presentes em c\u00e2nceres em est\u00e1gio avan\u00e7ado, sugerindo, segundo os autores, que a senesc\u00eancia pode prevenir a progress\u00e3o do c\u00e2ncer.<\/p>\n\n\n\n<div class=\"wp-block-image\"><figure class=\"alignleft size-large is-resized\"><img loading=\"lazy\" decoding=\"async\" src=\"https:\/\/jornalfatosenoticias.com.br\/wp-content\/uploads\/2020\/02\/logo-clinica-limoeiro.jpg\" alt=\"\" class=\"wp-image-34610\" width=\"324\" height=\"230\"\/><\/figure><\/div>\n\n\n\n<p><strong><span class=\"has-inline-color has-vivid-purple-color\">Detec\u00e7\u00e3o precoce \u00e9 vital no tratamento do c\u00e2ncer de pulm\u00e3o<br><\/span><\/strong>No <a href=\"https:\/\/olhardigital.com.br\/tag\/brasil\/\" target=\"_blank\" rel=\"noreferrer noopener\">Brasil<\/a>, dados do Instituto Nacional de C\u00e2ncer (Inca) mostram que a mortalidade do c\u00e2ncer de pulm\u00e3o \u00e9 a maior em homens e a segunda maior em mulheres. A taxa de sobreviv\u00eancia de cinco anos para c\u00e2ncer de pulm\u00e3o em est\u00e1gio avan\u00e7ado \u00e9 de apenas 6%, mas se for diagnosticada em est\u00e1gios iniciais o n\u00famero aumenta para 50%. Os pesquisadores dizem que o avan\u00e7o pode ajudar a detectar a doen\u00e7a mais cedo e melhorar o tratamento do c\u00e2ncer de pulm\u00e3o.<\/p>\n\n\n\n<div class=\"wp-block-image\"><figure class=\"aligncenter size-large\"><img loading=\"lazy\" decoding=\"async\" width=\"1024\" height=\"110\" src=\"https:\/\/jornalfatosenoticias.com.br\/wp-content\/uploads\/2022\/10\/Arte-jornal-Zucchi-1120x120_Prancheta-1-1024x110.jpg\" alt=\"\" class=\"wp-image-34772\" srcset=\"https:\/\/jornalfatosenoticias.com.br\/wp-content\/uploads\/2022\/10\/Arte-jornal-Zucchi-1120x120_Prancheta-1-1024x110.jpg 1024w, https:\/\/jornalfatosenoticias.com.br\/wp-content\/uploads\/2022\/10\/Arte-jornal-Zucchi-1120x120_Prancheta-1-300x32.jpg 300w, https:\/\/jornalfatosenoticias.com.br\/wp-content\/uploads\/2022\/10\/Arte-jornal-Zucchi-1120x120_Prancheta-1-768x82.jpg 768w, https:\/\/jornalfatosenoticias.com.br\/wp-content\/uploads\/2022\/10\/Arte-jornal-Zucchi-1120x120_Prancheta-1-1536x165.jpg 1536w, https:\/\/jornalfatosenoticias.com.br\/wp-content\/uploads\/2022\/10\/Arte-jornal-Zucchi-1120x120_Prancheta-1-2048x219.jpg 2048w\" sizes=\"auto, (max-width: 1024px) 100vw, 1024px\" \/><\/figure><\/div>\n\n\n\n<p><strong><span class=\"has-inline-color has-vivid-purple-color\">Quem s\u00e3o as pessoas consideradas com alto risco de c\u00e2ncer de pulm\u00e3o?<br><\/span><\/strong>De acordo com o m\u00e9dico, fumantes, ou quem parou de fumar h\u00e1 menos de 15 anos, entre 50 e 80 anos, que consumiram um ma\u00e7o de cigarro por dia durante um ano ou o equivalente a isso, devem fazer anualmente uma tomografia computadorizada de t\u00f3rax com baixa dose de radia\u00e7\u00e3o. Um tipo de tomografia que utiliza pouca radia\u00e7\u00e3o, mas que identifica les\u00f5es pulmonares que podem ser c\u00e2ncer.<\/p>\n\n\n\n<div class=\"wp-block-image\"><figure class=\"aligncenter size-large is-resized\"><img loading=\"lazy\" decoding=\"async\" src=\"https:\/\/jornalfatosenoticias.com.br\/wp-content\/uploads\/2022\/07\/Logo-Grupo-SEI.jpg\" alt=\"\" class=\"wp-image-31973\" width=\"351\" height=\"184\" srcset=\"https:\/\/jornalfatosenoticias.com.br\/wp-content\/uploads\/2022\/07\/Logo-Grupo-SEI.jpg 713w, https:\/\/jornalfatosenoticias.com.br\/wp-content\/uploads\/2022\/07\/Logo-Grupo-SEI-300x158.jpg 300w\" sizes=\"auto, (max-width: 351px) 100vw, 351px\" \/><\/figure><\/div>\n\n\n\n<figure class=\"wp-block-pullquote\"><blockquote><p><span class=\"has-inline-color has-luminous-vivid-orange-color\">Na maioria das vezes, o c\u00e2ncer de pulm\u00e3o n\u00e3o apresenta sintomas nas fases iniciais ent\u00e3o, aguardar a presen\u00e7a de sintomas para fazer o diagn\u00f3stico pode levar \u00e0 descoberta da doen\u00e7a em est\u00e1gios mais avan\u00e7ados e, consequentemente, com menores chances de cura. Por isso \u00e9 muito importante o rastreamento, realizado para diagnosticar a doen\u00e7a em pessoas assintom\u00e1ticas, consideradas de alto risco para desenvolver um tumor pulmonar\u201d, acrescentou o oncologista.<\/span><\/p><\/blockquote><\/figure>\n\n\n\n<div class=\"wp-block-image\"><figure class=\"aligncenter size-large\"><img loading=\"lazy\" decoding=\"async\" width=\"560\" height=\"60\" src=\"https:\/\/jornalfatosenoticias.com.br\/wp-content\/uploads\/2022\/10\/Propaganda-RC-Radiadores-Jornal_page-0001.jpg\" alt=\"\" class=\"wp-image-35270\" srcset=\"https:\/\/jornalfatosenoticias.com.br\/wp-content\/uploads\/2022\/10\/Propaganda-RC-Radiadores-Jornal_page-0001.jpg 560w, https:\/\/jornalfatosenoticias.com.br\/wp-content\/uploads\/2022\/10\/Propaganda-RC-Radiadores-Jornal_page-0001-300x32.jpg 300w\" sizes=\"auto, (max-width: 560px) 100vw, 560px\" \/><\/figure><\/div>\n\n\n\n<p>Vale destacar que, embora o tabagismo esteja na <a href=\"https:\/\/olhardigital.com.br\/2022\/08\/01\/medicina-e-saude\/cancer-de-pulmao-90-dos-diagnosticos-estao-relacionados-ao-fumo\/amp\/\" target=\"_blank\" rel=\"noreferrer noopener\">origem de 90% dos casos<\/a> de c\u00e2ncer de pulm\u00e3o, pessoas n\u00e3o fumantes tamb\u00e9m podem desenvolver o tumor, sendo, claro, mais raro.<\/p>\n\n\n\n<div class=\"wp-block-image\"><figure class=\"aligncenter size-large is-resized\"><img loading=\"lazy\" decoding=\"async\" src=\"https:\/\/jornalfatosenoticias.com.br\/wp-content\/uploads\/2020\/02\/casa-do-torresmo_portal.jpg\" alt=\"\" class=\"wp-image-34472\" width=\"270\" height=\"270\" srcset=\"https:\/\/jornalfatosenoticias.com.br\/wp-content\/uploads\/2020\/02\/casa-do-torresmo_portal.jpg 300w, https:\/\/jornalfatosenoticias.com.br\/wp-content\/uploads\/2020\/02\/casa-do-torresmo_portal-150x150.jpg 150w\" sizes=\"auto, (max-width: 270px) 100vw, 270px\" \/><\/figure><\/div>\n\n\n\n<p><strong><em>Fonte: <a href=\"https:\/\/olhardigital.com.br\/2022\/11\/11\/medicina-e-saude\/cancer-de-pulmao-descoberta-pode-revolucionar-tratamento-contra-a-doenca\/amp\/\">Olhar Digital<\/a><\/em><\/strong><\/p>\n","protected":false},"excerpt":{"rendered":"<p>Estudo desvendou nova forma de trabalhar com prote\u00edna espec\u00edfica, ajudando o sistema imunol\u00f3gico Uma equipe de cientistas liderada por pesquisadores da Universidade de Edimburgo descobriu que altos n\u00edveis da prote\u00edna toll-like receptor 2 (TLR2) em tumores podem ajudar a controlar alguns dos mecanismos de defesa do corpo quando ocorrem muta\u00e7\u00f5es cancer\u00edgenas nas c\u00e9lulas, principalmente no [&hellip;]<\/p>\n","protected":false},"author":2,"featured_media":35995,"comment_status":"open","ping_status":"open","sticky":false,"template":"","format":"standard","meta":{"footnotes":""},"categories":[11],"tags":[7967,1666,7019,1140,16890],"class_list":["post-35994","post","type-post","status-publish","format-standard","has-post-thumbnail","hentry","category-saude","tag-cancer-de-pulmao","tag-descoberta","tag-estudo-cientifico","tag-sistema-imunologico","tag-tratamento-cancer"],"yoast_head":"<!-- This site is optimized with the Yoast SEO plugin v26.5 - https:\/\/yoast.com\/wordpress\/plugins\/seo\/ -->\n<title>C\u00e2ncer de pulm\u00e3o: descoberta pode revolucionar tratamento contra a doen\u00e7a - Jornal Fatos e Not\u00edcias<\/title>\n<meta name=\"robots\" content=\"index, follow, max-snippet:-1, max-image-preview:large, max-video-preview:-1\" \/>\n<link rel=\"canonical\" href=\"https:\/\/jornalfatosenoticias.com.br\/index.php\/2022\/11\/14\/cancer-de-pulmao-descoberta-pode-revolucionar-tratamento-contra-a-doenca\/\" \/>\n<meta property=\"og:locale\" content=\"pt_BR\" \/>\n<meta property=\"og:type\" content=\"article\" \/>\n<meta property=\"og:title\" content=\"C\u00e2ncer de pulm\u00e3o: descoberta pode revolucionar tratamento contra a doen\u00e7a - Jornal Fatos e Not\u00edcias\" \/>\n<meta property=\"og:description\" content=\"Estudo desvendou nova forma de trabalhar com prote\u00edna espec\u00edfica, ajudando o sistema imunol\u00f3gico Uma equipe de cientistas liderada por pesquisadores da Universidade de Edimburgo descobriu que altos n\u00edveis da prote\u00edna toll-like receptor 2 (TLR2) em tumores podem ajudar a controlar alguns dos mecanismos de defesa do corpo quando ocorrem muta\u00e7\u00f5es cancer\u00edgenas nas c\u00e9lulas, principalmente no [&hellip;]\" \/>\n<meta property=\"og:url\" content=\"https:\/\/jornalfatosenoticias.com.br\/index.php\/2022\/11\/14\/cancer-de-pulmao-descoberta-pode-revolucionar-tratamento-contra-a-doenca\/\" \/>\n<meta property=\"og:site_name\" content=\"Jornal Fatos e Not\u00edcias\" \/>\n<meta property=\"article:published_time\" content=\"2022-11-14T15:34:21+00:00\" \/>\n<meta property=\"article:modified_time\" content=\"2022-11-14T15:34:23+00:00\" \/>\n<meta property=\"og:image\" content=\"https:\/\/jornalfatosenoticias.com.br\/wp-content\/uploads\/2022\/11\/cancer-pulmao_Shutterstock.jpg\" \/>\n\t<meta property=\"og:image:width\" content=\"1000\" \/>\n\t<meta property=\"og:image:height\" content=\"527\" \/>\n\t<meta property=\"og:image:type\" content=\"image\/jpeg\" \/>\n<meta name=\"author\" content=\"Luzimara Fernandes\" \/>\n<meta name=\"twitter:card\" content=\"summary_large_image\" \/>\n<meta name=\"twitter:label1\" content=\"Escrito por\" \/>\n\t<meta name=\"twitter:data1\" content=\"Luzimara Fernandes\" \/>\n\t<meta name=\"twitter:label2\" content=\"Est. tempo de leitura\" \/>\n\t<meta name=\"twitter:data2\" content=\"3 minutos\" \/>\n<script type=\"application\/ld+json\" class=\"yoast-schema-graph\">{\"@context\":\"https:\/\/schema.org\",\"@graph\":[{\"@type\":\"Article\",\"@id\":\"https:\/\/jornalfatosenoticias.com.br\/index.php\/2022\/11\/14\/cancer-de-pulmao-descoberta-pode-revolucionar-tratamento-contra-a-doenca\/#article\",\"isPartOf\":{\"@id\":\"https:\/\/jornalfatosenoticias.com.br\/index.php\/2022\/11\/14\/cancer-de-pulmao-descoberta-pode-revolucionar-tratamento-contra-a-doenca\/\"},\"author\":{\"name\":\"Luzimara Fernandes\",\"@id\":\"https:\/\/jornalfatosenoticias.com.br\/#\/schema\/person\/d63837fa13ac8666eb9e74e0985d6f81\"},\"headline\":\"C\u00e2ncer de pulm\u00e3o: descoberta pode revolucionar tratamento contra a doen\u00e7a\",\"datePublished\":\"2022-11-14T15:34:21+00:00\",\"dateModified\":\"2022-11-14T15:34:23+00:00\",\"mainEntityOfPage\":{\"@id\":\"https:\/\/jornalfatosenoticias.com.br\/index.php\/2022\/11\/14\/cancer-de-pulmao-descoberta-pode-revolucionar-tratamento-contra-a-doenca\/\"},\"wordCount\":641,\"commentCount\":0,\"publisher\":{\"@id\":\"https:\/\/jornalfatosenoticias.com.br\/#organization\"},\"image\":{\"@id\":\"https:\/\/jornalfatosenoticias.com.br\/index.php\/2022\/11\/14\/cancer-de-pulmao-descoberta-pode-revolucionar-tratamento-contra-a-doenca\/#primaryimage\"},\"thumbnailUrl\":\"https:\/\/jornalfatosenoticias.com.br\/wp-content\/uploads\/2022\/11\/cancer-pulmao_Shutterstock.jpg\",\"keywords\":[\"c\u00e2ncer de pulm\u00e3o\",\"descoberta\",\"estudo cient\u00edfico\",\"sistema imunol\u00f3gico\",\"tratamento c\u00e2ncer\"],\"articleSection\":[\"Sa\u00fade\"],\"inLanguage\":\"pt-BR\",\"potentialAction\":[{\"@type\":\"CommentAction\",\"name\":\"Comment\",\"target\":[\"https:\/\/jornalfatosenoticias.com.br\/index.php\/2022\/11\/14\/cancer-de-pulmao-descoberta-pode-revolucionar-tratamento-contra-a-doenca\/#respond\"]}]},{\"@type\":\"WebPage\",\"@id\":\"https:\/\/jornalfatosenoticias.com.br\/index.php\/2022\/11\/14\/cancer-de-pulmao-descoberta-pode-revolucionar-tratamento-contra-a-doenca\/\",\"url\":\"https:\/\/jornalfatosenoticias.com.br\/index.php\/2022\/11\/14\/cancer-de-pulmao-descoberta-pode-revolucionar-tratamento-contra-a-doenca\/\",\"name\":\"C\u00e2ncer de pulm\u00e3o: descoberta pode revolucionar tratamento contra a doen\u00e7a - Jornal Fatos e Not\u00edcias\",\"isPartOf\":{\"@id\":\"https:\/\/jornalfatosenoticias.com.br\/#website\"},\"primaryImageOfPage\":{\"@id\":\"https:\/\/jornalfatosenoticias.com.br\/index.php\/2022\/11\/14\/cancer-de-pulmao-descoberta-pode-revolucionar-tratamento-contra-a-doenca\/#primaryimage\"},\"image\":{\"@id\":\"https:\/\/jornalfatosenoticias.com.br\/index.php\/2022\/11\/14\/cancer-de-pulmao-descoberta-pode-revolucionar-tratamento-contra-a-doenca\/#primaryimage\"},\"thumbnailUrl\":\"https:\/\/jornalfatosenoticias.com.br\/wp-content\/uploads\/2022\/11\/cancer-pulmao_Shutterstock.jpg\",\"datePublished\":\"2022-11-14T15:34:21+00:00\",\"dateModified\":\"2022-11-14T15:34:23+00:00\",\"breadcrumb\":{\"@id\":\"https:\/\/jornalfatosenoticias.com.br\/index.php\/2022\/11\/14\/cancer-de-pulmao-descoberta-pode-revolucionar-tratamento-contra-a-doenca\/#breadcrumb\"},\"inLanguage\":\"pt-BR\",\"potentialAction\":[{\"@type\":\"ReadAction\",\"target\":[\"https:\/\/jornalfatosenoticias.com.br\/index.php\/2022\/11\/14\/cancer-de-pulmao-descoberta-pode-revolucionar-tratamento-contra-a-doenca\/\"]}]},{\"@type\":\"ImageObject\",\"inLanguage\":\"pt-BR\",\"@id\":\"https:\/\/jornalfatosenoticias.com.br\/index.php\/2022\/11\/14\/cancer-de-pulmao-descoberta-pode-revolucionar-tratamento-contra-a-doenca\/#primaryimage\",\"url\":\"https:\/\/jornalfatosenoticias.com.br\/wp-content\/uploads\/2022\/11\/cancer-pulmao_Shutterstock.jpg\",\"contentUrl\":\"https:\/\/jornalfatosenoticias.com.br\/wp-content\/uploads\/2022\/11\/cancer-pulmao_Shutterstock.jpg\",\"width\":1000,\"height\":527},{\"@type\":\"BreadcrumbList\",\"@id\":\"https:\/\/jornalfatosenoticias.com.br\/index.php\/2022\/11\/14\/cancer-de-pulmao-descoberta-pode-revolucionar-tratamento-contra-a-doenca\/#breadcrumb\",\"itemListElement\":[{\"@type\":\"ListItem\",\"position\":1,\"name\":\"In\u00edcio\",\"item\":\"https:\/\/jornalfatosenoticias.com.br\/\"},{\"@type\":\"ListItem\",\"position\":2,\"name\":\"C\u00e2ncer de pulm\u00e3o: descoberta pode revolucionar tratamento contra a doen\u00e7a\"}]},{\"@type\":\"WebSite\",\"@id\":\"https:\/\/jornalfatosenoticias.com.br\/#website\",\"url\":\"https:\/\/jornalfatosenoticias.com.br\/\",\"name\":\"Jornal Fatos e Not\u00edcias\",\"description\":\"Not\u00edcias em geral\",\"publisher\":{\"@id\":\"https:\/\/jornalfatosenoticias.com.br\/#organization\"},\"potentialAction\":[{\"@type\":\"SearchAction\",\"target\":{\"@type\":\"EntryPoint\",\"urlTemplate\":\"https:\/\/jornalfatosenoticias.com.br\/?s={search_term_string}\"},\"query-input\":{\"@type\":\"PropertyValueSpecification\",\"valueRequired\":true,\"valueName\":\"search_term_string\"}}],\"inLanguage\":\"pt-BR\"},{\"@type\":\"Organization\",\"@id\":\"https:\/\/jornalfatosenoticias.com.br\/#organization\",\"name\":\"Jornal Fatos e Not\u00edcias\",\"url\":\"https:\/\/jornalfatosenoticias.com.br\/\",\"logo\":{\"@type\":\"ImageObject\",\"inLanguage\":\"pt-BR\",\"@id\":\"https:\/\/jornalfatosenoticias.com.br\/#\/schema\/logo\/image\/\",\"url\":\"https:\/\/jornalfatosenoticias.com.br\/wp-content\/uploads\/2020\/02\/logo120.png\",\"contentUrl\":\"https:\/\/jornalfatosenoticias.com.br\/wp-content\/uploads\/2020\/02\/logo120.png\",\"width\":1227,\"height\":120,\"caption\":\"Jornal Fatos e Not\u00edcias\"},\"image\":{\"@id\":\"https:\/\/jornalfatosenoticias.com.br\/#\/schema\/logo\/image\/\"}},{\"@type\":\"Person\",\"@id\":\"https:\/\/jornalfatosenoticias.com.br\/#\/schema\/person\/d63837fa13ac8666eb9e74e0985d6f81\",\"name\":\"Luzimara Fernandes\",\"image\":{\"@type\":\"ImageObject\",\"inLanguage\":\"pt-BR\",\"@id\":\"https:\/\/jornalfatosenoticias.com.br\/#\/schema\/person\/image\/\",\"url\":\"https:\/\/jornalfatosenoticias.com.br\/wp-content\/uploads\/2025\/05\/EU_portal.jpg\",\"contentUrl\":\"https:\/\/jornalfatosenoticias.com.br\/wp-content\/uploads\/2025\/05\/EU_portal.jpg\",\"caption\":\"Luzimara Fernandes\"},\"description\":\"Jornalista MTB 2358-ES\",\"sameAs\":[\"https:\/\/jornalfatosenoticias.com.br\"],\"url\":\"https:\/\/jornalfatosenoticias.com.br\/index.php\/author\/luzimara\/\"}]}<\/script>\n<!-- \/ Yoast SEO plugin. -->","yoast_head_json":{"title":"C\u00e2ncer de pulm\u00e3o: descoberta pode revolucionar tratamento contra a doen\u00e7a - Jornal Fatos e Not\u00edcias","robots":{"index":"index","follow":"follow","max-snippet":"max-snippet:-1","max-image-preview":"max-image-preview:large","max-video-preview":"max-video-preview:-1"},"canonical":"https:\/\/jornalfatosenoticias.com.br\/index.php\/2022\/11\/14\/cancer-de-pulmao-descoberta-pode-revolucionar-tratamento-contra-a-doenca\/","og_locale":"pt_BR","og_type":"article","og_title":"C\u00e2ncer de pulm\u00e3o: descoberta pode revolucionar tratamento contra a doen\u00e7a - Jornal Fatos e Not\u00edcias","og_description":"Estudo desvendou nova forma de trabalhar com prote\u00edna espec\u00edfica, ajudando o sistema imunol\u00f3gico Uma equipe de cientistas liderada por pesquisadores da Universidade de Edimburgo descobriu que altos n\u00edveis da prote\u00edna toll-like receptor 2 (TLR2) em tumores podem ajudar a controlar alguns dos mecanismos de defesa do corpo quando ocorrem muta\u00e7\u00f5es cancer\u00edgenas nas c\u00e9lulas, principalmente no [&hellip;]","og_url":"https:\/\/jornalfatosenoticias.com.br\/index.php\/2022\/11\/14\/cancer-de-pulmao-descoberta-pode-revolucionar-tratamento-contra-a-doenca\/","og_site_name":"Jornal Fatos e Not\u00edcias","article_published_time":"2022-11-14T15:34:21+00:00","article_modified_time":"2022-11-14T15:34:23+00:00","og_image":[{"width":1000,"height":527,"url":"https:\/\/jornalfatosenoticias.com.br\/wp-content\/uploads\/2022\/11\/cancer-pulmao_Shutterstock.jpg","type":"image\/jpeg"}],"author":"Luzimara Fernandes","twitter_card":"summary_large_image","twitter_misc":{"Escrito por":"Luzimara Fernandes","Est. tempo de leitura":"3 minutos"},"schema":{"@context":"https:\/\/schema.org","@graph":[{"@type":"Article","@id":"https:\/\/jornalfatosenoticias.com.br\/index.php\/2022\/11\/14\/cancer-de-pulmao-descoberta-pode-revolucionar-tratamento-contra-a-doenca\/#article","isPartOf":{"@id":"https:\/\/jornalfatosenoticias.com.br\/index.php\/2022\/11\/14\/cancer-de-pulmao-descoberta-pode-revolucionar-tratamento-contra-a-doenca\/"},"author":{"name":"Luzimara Fernandes","@id":"https:\/\/jornalfatosenoticias.com.br\/#\/schema\/person\/d63837fa13ac8666eb9e74e0985d6f81"},"headline":"C\u00e2ncer de pulm\u00e3o: descoberta pode revolucionar tratamento contra a doen\u00e7a","datePublished":"2022-11-14T15:34:21+00:00","dateModified":"2022-11-14T15:34:23+00:00","mainEntityOfPage":{"@id":"https:\/\/jornalfatosenoticias.com.br\/index.php\/2022\/11\/14\/cancer-de-pulmao-descoberta-pode-revolucionar-tratamento-contra-a-doenca\/"},"wordCount":641,"commentCount":0,"publisher":{"@id":"https:\/\/jornalfatosenoticias.com.br\/#organization"},"image":{"@id":"https:\/\/jornalfatosenoticias.com.br\/index.php\/2022\/11\/14\/cancer-de-pulmao-descoberta-pode-revolucionar-tratamento-contra-a-doenca\/#primaryimage"},"thumbnailUrl":"https:\/\/jornalfatosenoticias.com.br\/wp-content\/uploads\/2022\/11\/cancer-pulmao_Shutterstock.jpg","keywords":["c\u00e2ncer de pulm\u00e3o","descoberta","estudo cient\u00edfico","sistema imunol\u00f3gico","tratamento c\u00e2ncer"],"articleSection":["Sa\u00fade"],"inLanguage":"pt-BR","potentialAction":[{"@type":"CommentAction","name":"Comment","target":["https:\/\/jornalfatosenoticias.com.br\/index.php\/2022\/11\/14\/cancer-de-pulmao-descoberta-pode-revolucionar-tratamento-contra-a-doenca\/#respond"]}]},{"@type":"WebPage","@id":"https:\/\/jornalfatosenoticias.com.br\/index.php\/2022\/11\/14\/cancer-de-pulmao-descoberta-pode-revolucionar-tratamento-contra-a-doenca\/","url":"https:\/\/jornalfatosenoticias.com.br\/index.php\/2022\/11\/14\/cancer-de-pulmao-descoberta-pode-revolucionar-tratamento-contra-a-doenca\/","name":"C\u00e2ncer de pulm\u00e3o: descoberta pode revolucionar tratamento contra a doen\u00e7a - Jornal Fatos e Not\u00edcias","isPartOf":{"@id":"https:\/\/jornalfatosenoticias.com.br\/#website"},"primaryImageOfPage":{"@id":"https:\/\/jornalfatosenoticias.com.br\/index.php\/2022\/11\/14\/cancer-de-pulmao-descoberta-pode-revolucionar-tratamento-contra-a-doenca\/#primaryimage"},"image":{"@id":"https:\/\/jornalfatosenoticias.com.br\/index.php\/2022\/11\/14\/cancer-de-pulmao-descoberta-pode-revolucionar-tratamento-contra-a-doenca\/#primaryimage"},"thumbnailUrl":"https:\/\/jornalfatosenoticias.com.br\/wp-content\/uploads\/2022\/11\/cancer-pulmao_Shutterstock.jpg","datePublished":"2022-11-14T15:34:21+00:00","dateModified":"2022-11-14T15:34:23+00:00","breadcrumb":{"@id":"https:\/\/jornalfatosenoticias.com.br\/index.php\/2022\/11\/14\/cancer-de-pulmao-descoberta-pode-revolucionar-tratamento-contra-a-doenca\/#breadcrumb"},"inLanguage":"pt-BR","potentialAction":[{"@type":"ReadAction","target":["https:\/\/jornalfatosenoticias.com.br\/index.php\/2022\/11\/14\/cancer-de-pulmao-descoberta-pode-revolucionar-tratamento-contra-a-doenca\/"]}]},{"@type":"ImageObject","inLanguage":"pt-BR","@id":"https:\/\/jornalfatosenoticias.com.br\/index.php\/2022\/11\/14\/cancer-de-pulmao-descoberta-pode-revolucionar-tratamento-contra-a-doenca\/#primaryimage","url":"https:\/\/jornalfatosenoticias.com.br\/wp-content\/uploads\/2022\/11\/cancer-pulmao_Shutterstock.jpg","contentUrl":"https:\/\/jornalfatosenoticias.com.br\/wp-content\/uploads\/2022\/11\/cancer-pulmao_Shutterstock.jpg","width":1000,"height":527},{"@type":"BreadcrumbList","@id":"https:\/\/jornalfatosenoticias.com.br\/index.php\/2022\/11\/14\/cancer-de-pulmao-descoberta-pode-revolucionar-tratamento-contra-a-doenca\/#breadcrumb","itemListElement":[{"@type":"ListItem","position":1,"name":"In\u00edcio","item":"https:\/\/jornalfatosenoticias.com.br\/"},{"@type":"ListItem","position":2,"name":"C\u00e2ncer de pulm\u00e3o: descoberta pode revolucionar tratamento contra a doen\u00e7a"}]},{"@type":"WebSite","@id":"https:\/\/jornalfatosenoticias.com.br\/#website","url":"https:\/\/jornalfatosenoticias.com.br\/","name":"Jornal Fatos e Not\u00edcias","description":"Not\u00edcias em geral","publisher":{"@id":"https:\/\/jornalfatosenoticias.com.br\/#organization"},"potentialAction":[{"@type":"SearchAction","target":{"@type":"EntryPoint","urlTemplate":"https:\/\/jornalfatosenoticias.com.br\/?s={search_term_string}"},"query-input":{"@type":"PropertyValueSpecification","valueRequired":true,"valueName":"search_term_string"}}],"inLanguage":"pt-BR"},{"@type":"Organization","@id":"https:\/\/jornalfatosenoticias.com.br\/#organization","name":"Jornal Fatos e Not\u00edcias","url":"https:\/\/jornalfatosenoticias.com.br\/","logo":{"@type":"ImageObject","inLanguage":"pt-BR","@id":"https:\/\/jornalfatosenoticias.com.br\/#\/schema\/logo\/image\/","url":"https:\/\/jornalfatosenoticias.com.br\/wp-content\/uploads\/2020\/02\/logo120.png","contentUrl":"https:\/\/jornalfatosenoticias.com.br\/wp-content\/uploads\/2020\/02\/logo120.png","width":1227,"height":120,"caption":"Jornal Fatos e Not\u00edcias"},"image":{"@id":"https:\/\/jornalfatosenoticias.com.br\/#\/schema\/logo\/image\/"}},{"@type":"Person","@id":"https:\/\/jornalfatosenoticias.com.br\/#\/schema\/person\/d63837fa13ac8666eb9e74e0985d6f81","name":"Luzimara Fernandes","image":{"@type":"ImageObject","inLanguage":"pt-BR","@id":"https:\/\/jornalfatosenoticias.com.br\/#\/schema\/person\/image\/","url":"https:\/\/jornalfatosenoticias.com.br\/wp-content\/uploads\/2025\/05\/EU_portal.jpg","contentUrl":"https:\/\/jornalfatosenoticias.com.br\/wp-content\/uploads\/2025\/05\/EU_portal.jpg","caption":"Luzimara Fernandes"},"description":"Jornalista MTB 2358-ES","sameAs":["https:\/\/jornalfatosenoticias.com.br"],"url":"https:\/\/jornalfatosenoticias.com.br\/index.php\/author\/luzimara\/"}]}},"cc_featured_image_caption":{"caption_text":"(Foto: Shutterstock)","source_text":"","source_url":""},"jetpack_featured_media_url":"https:\/\/jornalfatosenoticias.com.br\/wp-content\/uploads\/2022\/11\/cancer-pulmao_Shutterstock.jpg","_links":{"self":[{"href":"https:\/\/jornalfatosenoticias.com.br\/index.php\/wp-json\/wp\/v2\/posts\/35994","targetHints":{"allow":["GET"]}}],"collection":[{"href":"https:\/\/jornalfatosenoticias.com.br\/index.php\/wp-json\/wp\/v2\/posts"}],"about":[{"href":"https:\/\/jornalfatosenoticias.com.br\/index.php\/wp-json\/wp\/v2\/types\/post"}],"author":[{"embeddable":true,"href":"https:\/\/jornalfatosenoticias.com.br\/index.php\/wp-json\/wp\/v2\/users\/2"}],"replies":[{"embeddable":true,"href":"https:\/\/jornalfatosenoticias.com.br\/index.php\/wp-json\/wp\/v2\/comments?post=35994"}],"version-history":[{"count":0,"href":"https:\/\/jornalfatosenoticias.com.br\/index.php\/wp-json\/wp\/v2\/posts\/35994\/revisions"}],"wp:featuredmedia":[{"embeddable":true,"href":"https:\/\/jornalfatosenoticias.com.br\/index.php\/wp-json\/wp\/v2\/media\/35995"}],"wp:attachment":[{"href":"https:\/\/jornalfatosenoticias.com.br\/index.php\/wp-json\/wp\/v2\/media?parent=35994"}],"wp:term":[{"taxonomy":"category","embeddable":true,"href":"https:\/\/jornalfatosenoticias.com.br\/index.php\/wp-json\/wp\/v2\/categories?post=35994"},{"taxonomy":"post_tag","embeddable":true,"href":"https:\/\/jornalfatosenoticias.com.br\/index.php\/wp-json\/wp\/v2\/tags?post=35994"}],"curies":[{"name":"wp","href":"https:\/\/api.w.org\/{rel}","templated":true}]}}