{"id":36023,"date":"2022-11-16T10:26:19","date_gmt":"2022-11-16T13:26:19","guid":{"rendered":"https:\/\/jornalfatosenoticias.com.br\/?p=36023"},"modified":"2022-11-16T10:26:22","modified_gmt":"2022-11-16T13:26:22","slug":"disturbios-do-sono-predispoem-ao-glaucoma","status":"publish","type":"post","link":"https:\/\/jornalfatosenoticias.com.br\/index.php\/2022\/11\/16\/disturbios-do-sono-predispoem-ao-glaucoma\/","title":{"rendered":"Dist\u00farbios do sono predisp\u00f5em ao glaucoma"},"content":{"rendered":"\n<p><em><span class=\"has-inline-color has-black-color\">Ins\u00f4nia, poucas ou muitas horas de sono aumentam em 13%; sonol\u00eancia diurna e roncar em 10%<\/span><\/em><\/p>\n\n\n\n<div class=\"wp-block-image\"><figure class=\"aligncenter size-large\"><img loading=\"lazy\" decoding=\"async\" width=\"1024\" height=\"100\" src=\"https:\/\/jornalfatosenoticias.com.br\/wp-content\/uploads\/2020\/02\/banner_ferramentas-1024x100.jpg\" alt=\"\" class=\"wp-image-1258\" srcset=\"https:\/\/jornalfatosenoticias.com.br\/wp-content\/uploads\/2020\/02\/banner_ferramentas-1024x100.jpg 1024w, https:\/\/jornalfatosenoticias.com.br\/wp-content\/uploads\/2020\/02\/banner_ferramentas-300x29.jpg 300w, https:\/\/jornalfatosenoticias.com.br\/wp-content\/uploads\/2020\/02\/banner_ferramentas-768x75.jpg 768w, https:\/\/jornalfatosenoticias.com.br\/wp-content\/uploads\/2020\/02\/banner_ferramentas.jpg 1227w\" sizes=\"auto, (max-width: 1024px) 100vw, 1024px\" \/><\/figure><\/div>\n\n\n\n<p>A Organiza\u00e7\u00e3o Mundial da Sa\u00fade (<a href=\"https:\/\/olhardigital.com.br\/2022\/10\/20\/medicina-e-saude\/ate-2030-milhoes-de-pessoas-desenvolverao-doencas-por-falta-de-exercicios-preve-oms\/amp\/\" target=\"_blank\" rel=\"noreferrer noopener\">OMS<\/a>) estima que 40% da popula\u00e7\u00e3o global tem alguma altera\u00e7\u00e3o no <a href=\"https:\/\/olhardigital.com.br\/2022\/09\/13\/internet-e-redes-sociais\/youtube-faz-mal-para-o-sono-de-adolescentes-diz-estudo\/amp\/\" target=\"_blank\" rel=\"noreferrer noopener\">sono<\/a>. O mais grave \u00e9 que uma pesquisa rec\u00e9m-divulgado pelo British Medical Journal (BMJ) revela que os dist\u00farbios do sono aumentam o risco de glaucoma, maior causa de cegueira definitiva no mundo. Foi realizado com 409.053 participantes de 40 a 69 anos por pesquisadores do UK Biobank, maior banco de dados gen\u00e9ticos e de sa\u00fade do Reino Unido.<\/p>\n\n\n\n<div class=\"wp-block-image\"><figure class=\"aligncenter size-large is-resized\"><img loading=\"lazy\" decoding=\"async\" src=\"https:\/\/jornalfatosenoticias.com.br\/wp-content\/uploads\/2020\/02\/logo-Panper_portal.jpg\" alt=\"\" class=\"wp-image-34474\" width=\"305\" height=\"211\" srcset=\"https:\/\/jornalfatosenoticias.com.br\/wp-content\/uploads\/2020\/02\/logo-Panper_portal.jpg 400w, https:\/\/jornalfatosenoticias.com.br\/wp-content\/uploads\/2020\/02\/logo-Panper_portal-300x208.jpg 300w\" sizes=\"auto, (max-width: 305px) 100vw, 305px\" \/><\/figure><\/div>\n\n\n\n<p>Segundo o oftalmologista Le\u00f4ncio Queiroz Neto, do Instituto Penido Burnier de Campinas, o glaucoma geralmente surge a partir dos 40 anos e est\u00e1 em ascens\u00e3o no <a href=\"https:\/\/olhardigital.com.br\/2022\/11\/11\/ciencia-e-espaco\/animal-pre-historico-brasileiro-e-descoberto-em-nova-pesquisa\/amp\/\" target=\"_blank\" rel=\"noreferrer noopener\">Brasil<\/a>\u00a0por causa do r\u00e1pido envelhecimento da\u00a0<a href=\"https:\/\/olhardigital.com.br\/2022\/09\/19\/internet-e-redes-sociais\/segundo-ibge-28-milhoes-de-pessoas-no-brasil-nao-usaram-a-internet-ano-passado\/amp\/\" target=\"_blank\" rel=\"noreferrer noopener\">popula\u00e7\u00e3o<\/a>. A estimativa do IBGE \u00e9 de que hoje 40% dos brasileiros est\u00e3o nesta faixa et\u00e1ria. <\/p>\n\n\n\n<div class=\"wp-block-image\"><figure class=\"aligncenter size-large\"><img decoding=\"async\" src=\"https:\/\/jornalfatosenoticias.com.br\/wp-content\/uploads\/2020\/02\/Serra-Grande-1024x160.png\" alt=\"\" class=\"wp-image-7836\"\/><\/figure><\/div>\n\n\n\n<p>Em 2040 a proje\u00e7\u00e3o \u00e9 de que 52% tenham 40 anos ou mais. O oftalmologista ressalta que o glaucoma degenera as c\u00e9lulas fotossens\u00edveis da retina e do nervo \u00f3ptico. Estas altera\u00e7\u00f5es s\u00e3o causadas pelo aumento da press\u00e3o interna do olho. <\/p>\n\n\n\n<div class=\"wp-block-image\"><figure class=\"aligncenter size-large is-resized\"><img loading=\"lazy\" decoding=\"async\" src=\"https:\/\/jornalfatosenoticias.com.br\/wp-content\/uploads\/2020\/02\/casa-do-torresmo_portal.jpg\" alt=\"\" class=\"wp-image-34472\" width=\"280\" height=\"280\" srcset=\"https:\/\/jornalfatosenoticias.com.br\/wp-content\/uploads\/2020\/02\/casa-do-torresmo_portal.jpg 300w, https:\/\/jornalfatosenoticias.com.br\/wp-content\/uploads\/2020\/02\/casa-do-torresmo_portal-150x150.jpg 150w\" sizes=\"auto, (max-width: 280px) 100vw, 280px\" \/><\/figure><\/div>\n\n\n\n<figure class=\"wp-block-pullquote\"><blockquote><p><span class=\"has-inline-color has-luminous-vivid-orange-color\">A press\u00e3o intraocular sobe por falha no escoamento do humor aquoso, l\u00edquido que \u00e9 produzido constantemente e preenche o globo ocular\u201d, explica.<\/span><\/p><\/blockquote><\/figure>\n\n\n\n<div class=\"wp-block-image\"><figure class=\"alignleft size-large\"><img decoding=\"async\" src=\"https:\/\/jornalfatosenoticias.com.br\/wp-content\/uploads\/2020\/02\/barao-das-carnes-300x164-1.jpg\" alt=\"\" class=\"wp-image-34339\"\/><\/figure><\/div>\n\n\n\n<p>Para Queiroz Neto, os dist\u00farbios do sono desregulam a produ\u00e7\u00e3o da adrenalina e cortisol, horm\u00f4nios que nos mant\u00eam em estado de alerta, e da melatonina, horm\u00f4nio indutor do sono. Resultado: \u201cos dist\u00farbios do sono elevam a ansiedade e a depress\u00e3o, importantes gatilhos do aumento da press\u00e3o intraocular e da press\u00e3o arterial, outro fator de risco para o agravamento do glaucoma\u201d, salienta.<br>Por isso, se voc\u00ea ronca, tem sonol\u00eancia durante o dia, dorme pouco ou muito deve acompanhar a sa\u00fade de seus olhos com um oftalmologista e paralelamente passar por higiene do sono. <\/p>\n\n\n\n<div class=\"wp-block-image\"><figure class=\"aligncenter size-large\"><img loading=\"lazy\" decoding=\"async\" width=\"1024\" height=\"103\" src=\"https:\/\/jornalfatosenoticias.com.br\/wp-content\/uploads\/2022\/02\/Arte-Autoescola-Galatas_endereco_portal-1024x103.png\" alt=\"\" class=\"wp-image-27869\" srcset=\"https:\/\/jornalfatosenoticias.com.br\/wp-content\/uploads\/2022\/02\/Arte-Autoescola-Galatas_endereco_portal-1024x103.png 1024w, https:\/\/jornalfatosenoticias.com.br\/wp-content\/uploads\/2022\/02\/Arte-Autoescola-Galatas_endereco_portal-300x30.png 300w, https:\/\/jornalfatosenoticias.com.br\/wp-content\/uploads\/2022\/02\/Arte-Autoescola-Galatas_endereco_portal-768x77.png 768w, https:\/\/jornalfatosenoticias.com.br\/wp-content\/uploads\/2022\/02\/Arte-Autoescola-Galatas_endereco_portal.png 1223w\" sizes=\"auto, (max-width: 1024px) 100vw, 1024px\" \/><\/figure><\/div>\n\n\n\n<p>Engana-se quem pensa que dormir 12 horas \u00e9 bom para a sa\u00fade. Os pesquisadores do UK Biobank conclu\u00edram na pesquisa que a ins\u00f4nia, dormir pouco ou muito aumentam em 13% o risco de glaucoma. J\u00e1 a sonol\u00eancia diurna e roncar aumentam em 10%. A pesquisa tamb\u00e9m aponta que o ideal para a sa\u00fade \u00e9 dormir entre seis e sete horas\/dia.<\/p>\n\n\n\n<div class=\"wp-block-image\"><figure class=\"alignright size-large\"><img decoding=\"async\" src=\"https:\/\/jornalfatosenoticias.com.br\/wp-content\/uploads\/2020\/02\/logo_esteio.jpg\" alt=\"\" class=\"wp-image-1214\"\/><\/figure><\/div>\n\n\n\n<p><strong><span class=\"has-inline-color has-vivid-cyan-blue-color\">Tipos de glaucoma<br><\/span><\/strong>Queiroz Neto afirma que casos de glaucoma na fam\u00edlia tamb\u00e9m aumentam o risco de desenvolver a doen\u00e7a. Em 90% dos casos, o glaucoma \u00e9 de \u00e2ngulo aberto, considerado cr\u00f4nico, mais frequente entre afrodescendentes e totalmente assintom\u00e1tico.<br>Por isso, muitas pessoas s\u00f3 descobrem em est\u00e1gio avan\u00e7ado e acabam precisando usar v\u00e1rios col\u00edrios para manter a press\u00e3o intraocular sob controle. Outros 10% s\u00e3o glaucoma de \u00e2ngulo fechado, caracterizado por forte dor s\u00fabita, vermelhid\u00e3o, n\u00e1useas e v\u00f4mito. \u00c9 mais frequente em asi\u00e1ticos que tem a c\u00e2mara anterior do olho mais estreita, altos m\u00edopes e usu\u00e1rios cont\u00ednuos de medicamentos que dilatam a pupila.<\/p>\n\n\n\n<div class=\"wp-block-image\"><figure class=\"aligncenter size-large\"><img decoding=\"async\" src=\"https:\/\/jornalfatosenoticias.com.br\/wp-content\/uploads\/2020\/02\/logo-embacia-1-1024x110.jpg\" alt=\"\" class=\"wp-image-33954\"\/><\/figure><\/div>\n\n\n\n<p><strong><span class=\"has-inline-color has-vivid-cyan-blue-color\">Preven\u00e7\u00e3o<\/span><\/strong><br>As orienta\u00e7\u00f5es do oftalmologista para quem tem glaucoma ou casos na fam\u00edlia s\u00e3o:<\/p>\n\n\n\n<ul class=\"wp-block-list\"><li>Pratique exerc\u00edcios aer\u00f3bicos como nata\u00e7\u00e3o, caminhada ou corrida pelo menos tr\u00eas vezes na semana;<\/li><li>Beba \u00e1gua com modera\u00e7\u00e3o;<\/li><li>Evite tocar o bico dosador do col\u00edrio nos olhos;<\/li><li>Use apenas uma gota de cada col\u00edrio;<\/li><li>Evite tocar instrumentos de sopro;<\/li><li>Mantenha a glicemia sob controle;<\/li><li>Fa\u00e7a o acompanhamento da press\u00e3o arterial;<\/li><li>Controle as noites de sono;<\/li><li>Desligue seus equipamentos \u00e0 noite;<\/li><li>N\u00e3o adie a cirurgia de catarata. Ela pode melhorar seu sono e lhe livrar dos col\u00edrios.<\/li><\/ul>\n\n\n\n<div class=\"wp-block-image\"><figure class=\"aligncenter size-large is-resized\"><img loading=\"lazy\" decoding=\"async\" src=\"https:\/\/jornalfatosenoticias.com.br\/wp-content\/uploads\/2022\/02\/Precisao-Contabilidade-1024x724.jpg\" alt=\"\" class=\"wp-image-28088\" width=\"307\" height=\"217\"\/><\/figure><\/div>\n\n\n\n<p><strong><em>Fonte: <a href=\"https:\/\/olhardigital.com.br\/2022\/11\/11\/medicina-e-saude\/disturbios-do-sono-predispoem-ao-glaucoma-entenda\/amp\/\">Olhar Digital<\/a><\/em><\/strong><\/p>\n","protected":false},"excerpt":{"rendered":"<p>Ins\u00f4nia, poucas ou muitas horas de sono aumentam em 13%; sonol\u00eancia diurna e roncar em 10% A Organiza\u00e7\u00e3o Mundial da Sa\u00fade (OMS) estima que 40% da popula\u00e7\u00e3o global tem alguma altera\u00e7\u00e3o no sono. O mais grave \u00e9 que uma pesquisa rec\u00e9m-divulgado pelo British Medical Journal (BMJ) revela que os dist\u00farbios do sono aumentam o risco [&hellip;]<\/p>\n","protected":false},"author":2,"featured_media":36024,"comment_status":"open","ping_status":"open","sticky":false,"template":"","format":"standard","meta":{"footnotes":""},"categories":[11],"tags":[4481,3982,636,635,1138,2294,16906],"class_list":["post-36023","post","type-post","status-publish","format-standard","has-post-thumbnail","hentry","category-saude","tag-disturbios-do-sono","tag-glaucoma","tag-insonia","tag-ronco","tag-sono","tag-sonolencia","tag-sonolencia-diurna"],"yoast_head":"<!-- This site is optimized with the Yoast SEO plugin v26.5 - https:\/\/yoast.com\/wordpress\/plugins\/seo\/ -->\n<title>Dist\u00farbios do sono predisp\u00f5em ao glaucoma - Jornal Fatos e Not\u00edcias<\/title>\n<meta name=\"robots\" content=\"index, follow, max-snippet:-1, max-image-preview:large, max-video-preview:-1\" \/>\n<link rel=\"canonical\" href=\"https:\/\/jornalfatosenoticias.com.br\/index.php\/2022\/11\/16\/disturbios-do-sono-predispoem-ao-glaucoma\/\" \/>\n<meta property=\"og:locale\" content=\"pt_BR\" \/>\n<meta property=\"og:type\" content=\"article\" \/>\n<meta property=\"og:title\" content=\"Dist\u00farbios do sono predisp\u00f5em ao glaucoma - Jornal Fatos e Not\u00edcias\" \/>\n<meta property=\"og:description\" content=\"Ins\u00f4nia, poucas ou muitas horas de sono aumentam em 13%; sonol\u00eancia diurna e roncar em 10% A Organiza\u00e7\u00e3o Mundial da Sa\u00fade (OMS) estima que 40% da popula\u00e7\u00e3o global tem alguma altera\u00e7\u00e3o no sono. O mais grave \u00e9 que uma pesquisa rec\u00e9m-divulgado pelo British Medical Journal (BMJ) revela que os dist\u00farbios do sono aumentam o risco [&hellip;]\" \/>\n<meta property=\"og:url\" content=\"https:\/\/jornalfatosenoticias.com.br\/index.php\/2022\/11\/16\/disturbios-do-sono-predispoem-ao-glaucoma\/\" \/>\n<meta property=\"og:site_name\" content=\"Jornal Fatos e Not\u00edcias\" \/>\n<meta property=\"article:published_time\" content=\"2022-11-16T13:26:19+00:00\" \/>\n<meta property=\"article:modified_time\" content=\"2022-11-16T13:26:22+00:00\" \/>\n<meta property=\"og:image\" content=\"https:\/\/jornalfatosenoticias.com.br\/wp-content\/uploads\/2022\/11\/doenca-do-sono.jpg\" \/>\n\t<meta property=\"og:image:width\" content=\"1000\" \/>\n\t<meta property=\"og:image:height\" content=\"666\" \/>\n\t<meta property=\"og:image:type\" content=\"image\/jpeg\" \/>\n<meta name=\"author\" content=\"Luzimara Fernandes\" \/>\n<meta name=\"twitter:card\" content=\"summary_large_image\" \/>\n<meta name=\"twitter:label1\" content=\"Escrito por\" \/>\n\t<meta name=\"twitter:data1\" content=\"Luzimara Fernandes\" \/>\n\t<meta name=\"twitter:label2\" content=\"Est. tempo de leitura\" \/>\n\t<meta name=\"twitter:data2\" content=\"3 minutos\" \/>\n<script type=\"application\/ld+json\" class=\"yoast-schema-graph\">{\"@context\":\"https:\/\/schema.org\",\"@graph\":[{\"@type\":\"Article\",\"@id\":\"https:\/\/jornalfatosenoticias.com.br\/index.php\/2022\/11\/16\/disturbios-do-sono-predispoem-ao-glaucoma\/#article\",\"isPartOf\":{\"@id\":\"https:\/\/jornalfatosenoticias.com.br\/index.php\/2022\/11\/16\/disturbios-do-sono-predispoem-ao-glaucoma\/\"},\"author\":{\"name\":\"Luzimara Fernandes\",\"@id\":\"https:\/\/jornalfatosenoticias.com.br\/#\/schema\/person\/d63837fa13ac8666eb9e74e0985d6f81\"},\"headline\":\"Dist\u00farbios do sono predisp\u00f5em ao glaucoma\",\"datePublished\":\"2022-11-16T13:26:19+00:00\",\"dateModified\":\"2022-11-16T13:26:22+00:00\",\"mainEntityOfPage\":{\"@id\":\"https:\/\/jornalfatosenoticias.com.br\/index.php\/2022\/11\/16\/disturbios-do-sono-predispoem-ao-glaucoma\/\"},\"wordCount\":608,\"commentCount\":0,\"publisher\":{\"@id\":\"https:\/\/jornalfatosenoticias.com.br\/#organization\"},\"image\":{\"@id\":\"https:\/\/jornalfatosenoticias.com.br\/index.php\/2022\/11\/16\/disturbios-do-sono-predispoem-ao-glaucoma\/#primaryimage\"},\"thumbnailUrl\":\"https:\/\/jornalfatosenoticias.com.br\/wp-content\/uploads\/2022\/11\/doenca-do-sono.jpg\",\"keywords\":[\"dist\u00farbios do sono\",\"glaucoma\",\"ins\u00f4nia\",\"ronco\",\"sono\",\"sonol\u00eancia\",\"sonol\u00eancia diurna\"],\"articleSection\":[\"Sa\u00fade\"],\"inLanguage\":\"pt-BR\",\"potentialAction\":[{\"@type\":\"CommentAction\",\"name\":\"Comment\",\"target\":[\"https:\/\/jornalfatosenoticias.com.br\/index.php\/2022\/11\/16\/disturbios-do-sono-predispoem-ao-glaucoma\/#respond\"]}]},{\"@type\":\"WebPage\",\"@id\":\"https:\/\/jornalfatosenoticias.com.br\/index.php\/2022\/11\/16\/disturbios-do-sono-predispoem-ao-glaucoma\/\",\"url\":\"https:\/\/jornalfatosenoticias.com.br\/index.php\/2022\/11\/16\/disturbios-do-sono-predispoem-ao-glaucoma\/\",\"name\":\"Dist\u00farbios do sono predisp\u00f5em ao glaucoma - Jornal Fatos e Not\u00edcias\",\"isPartOf\":{\"@id\":\"https:\/\/jornalfatosenoticias.com.br\/#website\"},\"primaryImageOfPage\":{\"@id\":\"https:\/\/jornalfatosenoticias.com.br\/index.php\/2022\/11\/16\/disturbios-do-sono-predispoem-ao-glaucoma\/#primaryimage\"},\"image\":{\"@id\":\"https:\/\/jornalfatosenoticias.com.br\/index.php\/2022\/11\/16\/disturbios-do-sono-predispoem-ao-glaucoma\/#primaryimage\"},\"thumbnailUrl\":\"https:\/\/jornalfatosenoticias.com.br\/wp-content\/uploads\/2022\/11\/doenca-do-sono.jpg\",\"datePublished\":\"2022-11-16T13:26:19+00:00\",\"dateModified\":\"2022-11-16T13:26:22+00:00\",\"breadcrumb\":{\"@id\":\"https:\/\/jornalfatosenoticias.com.br\/index.php\/2022\/11\/16\/disturbios-do-sono-predispoem-ao-glaucoma\/#breadcrumb\"},\"inLanguage\":\"pt-BR\",\"potentialAction\":[{\"@type\":\"ReadAction\",\"target\":[\"https:\/\/jornalfatosenoticias.com.br\/index.php\/2022\/11\/16\/disturbios-do-sono-predispoem-ao-glaucoma\/\"]}]},{\"@type\":\"ImageObject\",\"inLanguage\":\"pt-BR\",\"@id\":\"https:\/\/jornalfatosenoticias.com.br\/index.php\/2022\/11\/16\/disturbios-do-sono-predispoem-ao-glaucoma\/#primaryimage\",\"url\":\"https:\/\/jornalfatosenoticias.com.br\/wp-content\/uploads\/2022\/11\/doenca-do-sono.jpg\",\"contentUrl\":\"https:\/\/jornalfatosenoticias.com.br\/wp-content\/uploads\/2022\/11\/doenca-do-sono.jpg\",\"width\":1000,\"height\":666},{\"@type\":\"BreadcrumbList\",\"@id\":\"https:\/\/jornalfatosenoticias.com.br\/index.php\/2022\/11\/16\/disturbios-do-sono-predispoem-ao-glaucoma\/#breadcrumb\",\"itemListElement\":[{\"@type\":\"ListItem\",\"position\":1,\"name\":\"In\u00edcio\",\"item\":\"https:\/\/jornalfatosenoticias.com.br\/\"},{\"@type\":\"ListItem\",\"position\":2,\"name\":\"Dist\u00farbios do sono predisp\u00f5em ao glaucoma\"}]},{\"@type\":\"WebSite\",\"@id\":\"https:\/\/jornalfatosenoticias.com.br\/#website\",\"url\":\"https:\/\/jornalfatosenoticias.com.br\/\",\"name\":\"Jornal Fatos e Not\u00edcias\",\"description\":\"Not\u00edcias em geral\",\"publisher\":{\"@id\":\"https:\/\/jornalfatosenoticias.com.br\/#organization\"},\"potentialAction\":[{\"@type\":\"SearchAction\",\"target\":{\"@type\":\"EntryPoint\",\"urlTemplate\":\"https:\/\/jornalfatosenoticias.com.br\/?s={search_term_string}\"},\"query-input\":{\"@type\":\"PropertyValueSpecification\",\"valueRequired\":true,\"valueName\":\"search_term_string\"}}],\"inLanguage\":\"pt-BR\"},{\"@type\":\"Organization\",\"@id\":\"https:\/\/jornalfatosenoticias.com.br\/#organization\",\"name\":\"Jornal Fatos e Not\u00edcias\",\"url\":\"https:\/\/jornalfatosenoticias.com.br\/\",\"logo\":{\"@type\":\"ImageObject\",\"inLanguage\":\"pt-BR\",\"@id\":\"https:\/\/jornalfatosenoticias.com.br\/#\/schema\/logo\/image\/\",\"url\":\"https:\/\/jornalfatosenoticias.com.br\/wp-content\/uploads\/2020\/02\/logo120.png\",\"contentUrl\":\"https:\/\/jornalfatosenoticias.com.br\/wp-content\/uploads\/2020\/02\/logo120.png\",\"width\":1227,\"height\":120,\"caption\":\"Jornal Fatos e Not\u00edcias\"},\"image\":{\"@id\":\"https:\/\/jornalfatosenoticias.com.br\/#\/schema\/logo\/image\/\"}},{\"@type\":\"Person\",\"@id\":\"https:\/\/jornalfatosenoticias.com.br\/#\/schema\/person\/d63837fa13ac8666eb9e74e0985d6f81\",\"name\":\"Luzimara Fernandes\",\"image\":{\"@type\":\"ImageObject\",\"inLanguage\":\"pt-BR\",\"@id\":\"https:\/\/jornalfatosenoticias.com.br\/#\/schema\/person\/image\/\",\"url\":\"https:\/\/jornalfatosenoticias.com.br\/wp-content\/uploads\/2025\/05\/EU_portal.jpg\",\"contentUrl\":\"https:\/\/jornalfatosenoticias.com.br\/wp-content\/uploads\/2025\/05\/EU_portal.jpg\",\"caption\":\"Luzimara Fernandes\"},\"description\":\"Jornalista MTB 2358-ES\",\"sameAs\":[\"https:\/\/jornalfatosenoticias.com.br\"],\"url\":\"https:\/\/jornalfatosenoticias.com.br\/index.php\/author\/luzimara\/\"}]}<\/script>\n<!-- \/ Yoast SEO plugin. -->","yoast_head_json":{"title":"Dist\u00farbios do sono predisp\u00f5em ao glaucoma - Jornal Fatos e Not\u00edcias","robots":{"index":"index","follow":"follow","max-snippet":"max-snippet:-1","max-image-preview":"max-image-preview:large","max-video-preview":"max-video-preview:-1"},"canonical":"https:\/\/jornalfatosenoticias.com.br\/index.php\/2022\/11\/16\/disturbios-do-sono-predispoem-ao-glaucoma\/","og_locale":"pt_BR","og_type":"article","og_title":"Dist\u00farbios do sono predisp\u00f5em ao glaucoma - Jornal Fatos e Not\u00edcias","og_description":"Ins\u00f4nia, poucas ou muitas horas de sono aumentam em 13%; sonol\u00eancia diurna e roncar em 10% A Organiza\u00e7\u00e3o Mundial da Sa\u00fade (OMS) estima que 40% da popula\u00e7\u00e3o global tem alguma altera\u00e7\u00e3o no sono. O mais grave \u00e9 que uma pesquisa rec\u00e9m-divulgado pelo British Medical Journal (BMJ) revela que os dist\u00farbios do sono aumentam o risco [&hellip;]","og_url":"https:\/\/jornalfatosenoticias.com.br\/index.php\/2022\/11\/16\/disturbios-do-sono-predispoem-ao-glaucoma\/","og_site_name":"Jornal Fatos e Not\u00edcias","article_published_time":"2022-11-16T13:26:19+00:00","article_modified_time":"2022-11-16T13:26:22+00:00","og_image":[{"width":1000,"height":666,"url":"https:\/\/jornalfatosenoticias.com.br\/wp-content\/uploads\/2022\/11\/doenca-do-sono.jpg","type":"image\/jpeg"}],"author":"Luzimara Fernandes","twitter_card":"summary_large_image","twitter_misc":{"Escrito por":"Luzimara Fernandes","Est. tempo de leitura":"3 minutos"},"schema":{"@context":"https:\/\/schema.org","@graph":[{"@type":"Article","@id":"https:\/\/jornalfatosenoticias.com.br\/index.php\/2022\/11\/16\/disturbios-do-sono-predispoem-ao-glaucoma\/#article","isPartOf":{"@id":"https:\/\/jornalfatosenoticias.com.br\/index.php\/2022\/11\/16\/disturbios-do-sono-predispoem-ao-glaucoma\/"},"author":{"name":"Luzimara Fernandes","@id":"https:\/\/jornalfatosenoticias.com.br\/#\/schema\/person\/d63837fa13ac8666eb9e74e0985d6f81"},"headline":"Dist\u00farbios do sono predisp\u00f5em ao glaucoma","datePublished":"2022-11-16T13:26:19+00:00","dateModified":"2022-11-16T13:26:22+00:00","mainEntityOfPage":{"@id":"https:\/\/jornalfatosenoticias.com.br\/index.php\/2022\/11\/16\/disturbios-do-sono-predispoem-ao-glaucoma\/"},"wordCount":608,"commentCount":0,"publisher":{"@id":"https:\/\/jornalfatosenoticias.com.br\/#organization"},"image":{"@id":"https:\/\/jornalfatosenoticias.com.br\/index.php\/2022\/11\/16\/disturbios-do-sono-predispoem-ao-glaucoma\/#primaryimage"},"thumbnailUrl":"https:\/\/jornalfatosenoticias.com.br\/wp-content\/uploads\/2022\/11\/doenca-do-sono.jpg","keywords":["dist\u00farbios do sono","glaucoma","ins\u00f4nia","ronco","sono","sonol\u00eancia","sonol\u00eancia diurna"],"articleSection":["Sa\u00fade"],"inLanguage":"pt-BR","potentialAction":[{"@type":"CommentAction","name":"Comment","target":["https:\/\/jornalfatosenoticias.com.br\/index.php\/2022\/11\/16\/disturbios-do-sono-predispoem-ao-glaucoma\/#respond"]}]},{"@type":"WebPage","@id":"https:\/\/jornalfatosenoticias.com.br\/index.php\/2022\/11\/16\/disturbios-do-sono-predispoem-ao-glaucoma\/","url":"https:\/\/jornalfatosenoticias.com.br\/index.php\/2022\/11\/16\/disturbios-do-sono-predispoem-ao-glaucoma\/","name":"Dist\u00farbios do sono predisp\u00f5em ao glaucoma - Jornal Fatos e Not\u00edcias","isPartOf":{"@id":"https:\/\/jornalfatosenoticias.com.br\/#website"},"primaryImageOfPage":{"@id":"https:\/\/jornalfatosenoticias.com.br\/index.php\/2022\/11\/16\/disturbios-do-sono-predispoem-ao-glaucoma\/#primaryimage"},"image":{"@id":"https:\/\/jornalfatosenoticias.com.br\/index.php\/2022\/11\/16\/disturbios-do-sono-predispoem-ao-glaucoma\/#primaryimage"},"thumbnailUrl":"https:\/\/jornalfatosenoticias.com.br\/wp-content\/uploads\/2022\/11\/doenca-do-sono.jpg","datePublished":"2022-11-16T13:26:19+00:00","dateModified":"2022-11-16T13:26:22+00:00","breadcrumb":{"@id":"https:\/\/jornalfatosenoticias.com.br\/index.php\/2022\/11\/16\/disturbios-do-sono-predispoem-ao-glaucoma\/#breadcrumb"},"inLanguage":"pt-BR","potentialAction":[{"@type":"ReadAction","target":["https:\/\/jornalfatosenoticias.com.br\/index.php\/2022\/11\/16\/disturbios-do-sono-predispoem-ao-glaucoma\/"]}]},{"@type":"ImageObject","inLanguage":"pt-BR","@id":"https:\/\/jornalfatosenoticias.com.br\/index.php\/2022\/11\/16\/disturbios-do-sono-predispoem-ao-glaucoma\/#primaryimage","url":"https:\/\/jornalfatosenoticias.com.br\/wp-content\/uploads\/2022\/11\/doenca-do-sono.jpg","contentUrl":"https:\/\/jornalfatosenoticias.com.br\/wp-content\/uploads\/2022\/11\/doenca-do-sono.jpg","width":1000,"height":666},{"@type":"BreadcrumbList","@id":"https:\/\/jornalfatosenoticias.com.br\/index.php\/2022\/11\/16\/disturbios-do-sono-predispoem-ao-glaucoma\/#breadcrumb","itemListElement":[{"@type":"ListItem","position":1,"name":"In\u00edcio","item":"https:\/\/jornalfatosenoticias.com.br\/"},{"@type":"ListItem","position":2,"name":"Dist\u00farbios do sono predisp\u00f5em ao glaucoma"}]},{"@type":"WebSite","@id":"https:\/\/jornalfatosenoticias.com.br\/#website","url":"https:\/\/jornalfatosenoticias.com.br\/","name":"Jornal Fatos e Not\u00edcias","description":"Not\u00edcias em geral","publisher":{"@id":"https:\/\/jornalfatosenoticias.com.br\/#organization"},"potentialAction":[{"@type":"SearchAction","target":{"@type":"EntryPoint","urlTemplate":"https:\/\/jornalfatosenoticias.com.br\/?s={search_term_string}"},"query-input":{"@type":"PropertyValueSpecification","valueRequired":true,"valueName":"search_term_string"}}],"inLanguage":"pt-BR"},{"@type":"Organization","@id":"https:\/\/jornalfatosenoticias.com.br\/#organization","name":"Jornal Fatos e Not\u00edcias","url":"https:\/\/jornalfatosenoticias.com.br\/","logo":{"@type":"ImageObject","inLanguage":"pt-BR","@id":"https:\/\/jornalfatosenoticias.com.br\/#\/schema\/logo\/image\/","url":"https:\/\/jornalfatosenoticias.com.br\/wp-content\/uploads\/2020\/02\/logo120.png","contentUrl":"https:\/\/jornalfatosenoticias.com.br\/wp-content\/uploads\/2020\/02\/logo120.png","width":1227,"height":120,"caption":"Jornal Fatos e Not\u00edcias"},"image":{"@id":"https:\/\/jornalfatosenoticias.com.br\/#\/schema\/logo\/image\/"}},{"@type":"Person","@id":"https:\/\/jornalfatosenoticias.com.br\/#\/schema\/person\/d63837fa13ac8666eb9e74e0985d6f81","name":"Luzimara Fernandes","image":{"@type":"ImageObject","inLanguage":"pt-BR","@id":"https:\/\/jornalfatosenoticias.com.br\/#\/schema\/person\/image\/","url":"https:\/\/jornalfatosenoticias.com.br\/wp-content\/uploads\/2025\/05\/EU_portal.jpg","contentUrl":"https:\/\/jornalfatosenoticias.com.br\/wp-content\/uploads\/2025\/05\/EU_portal.jpg","caption":"Luzimara Fernandes"},"description":"Jornalista MTB 2358-ES","sameAs":["https:\/\/jornalfatosenoticias.com.br"],"url":"https:\/\/jornalfatosenoticias.com.br\/index.php\/author\/luzimara\/"}]}},"cc_featured_image_caption":{"caption_text":"(Foto: Lia Koltyrina\/Shutterstock)","source_text":"","source_url":""},"jetpack_featured_media_url":"https:\/\/jornalfatosenoticias.com.br\/wp-content\/uploads\/2022\/11\/doenca-do-sono.jpg","_links":{"self":[{"href":"https:\/\/jornalfatosenoticias.com.br\/index.php\/wp-json\/wp\/v2\/posts\/36023","targetHints":{"allow":["GET"]}}],"collection":[{"href":"https:\/\/jornalfatosenoticias.com.br\/index.php\/wp-json\/wp\/v2\/posts"}],"about":[{"href":"https:\/\/jornalfatosenoticias.com.br\/index.php\/wp-json\/wp\/v2\/types\/post"}],"author":[{"embeddable":true,"href":"https:\/\/jornalfatosenoticias.com.br\/index.php\/wp-json\/wp\/v2\/users\/2"}],"replies":[{"embeddable":true,"href":"https:\/\/jornalfatosenoticias.com.br\/index.php\/wp-json\/wp\/v2\/comments?post=36023"}],"version-history":[{"count":0,"href":"https:\/\/jornalfatosenoticias.com.br\/index.php\/wp-json\/wp\/v2\/posts\/36023\/revisions"}],"wp:featuredmedia":[{"embeddable":true,"href":"https:\/\/jornalfatosenoticias.com.br\/index.php\/wp-json\/wp\/v2\/media\/36024"}],"wp:attachment":[{"href":"https:\/\/jornalfatosenoticias.com.br\/index.php\/wp-json\/wp\/v2\/media?parent=36023"}],"wp:term":[{"taxonomy":"category","embeddable":true,"href":"https:\/\/jornalfatosenoticias.com.br\/index.php\/wp-json\/wp\/v2\/categories?post=36023"},{"taxonomy":"post_tag","embeddable":true,"href":"https:\/\/jornalfatosenoticias.com.br\/index.php\/wp-json\/wp\/v2\/tags?post=36023"}],"curies":[{"name":"wp","href":"https:\/\/api.w.org\/{rel}","templated":true}]}}