{"id":36026,"date":"2022-11-16T10:33:40","date_gmt":"2022-11-16T13:33:40","guid":{"rendered":"https:\/\/jornalfatosenoticias.com.br\/?p=36026"},"modified":"2022-11-16T10:33:43","modified_gmt":"2022-11-16T13:33:43","slug":"eletricos-deverao-custar-o-mesmo-que-os-carros-a-gasolina-em-breve","status":"publish","type":"post","link":"https:\/\/jornalfatosenoticias.com.br\/index.php\/2022\/11\/16\/eletricos-deverao-custar-o-mesmo-que-os-carros-a-gasolina-em-breve\/","title":{"rendered":"El\u00e9tricos dever\u00e3o custar o mesmo que os carros a gasolina em breve"},"content":{"rendered":"\n<p><em><span class=\"has-inline-color has-black-color\">Expectativas do CEO da Volvo s\u00e3o de que os carros el\u00e9tricos dever\u00e3o custar o mesmo que modelos a combust\u00e3o at\u00e9 2025<\/span><\/em><\/p>\n\n\n\n<div class=\"wp-block-image\"><figure class=\"aligncenter size-large\"><img loading=\"lazy\" decoding=\"async\" width=\"1024\" height=\"103\" src=\"https:\/\/jornalfatosenoticias.com.br\/wp-content\/uploads\/2022\/02\/Arte-Autoescola-Galatas_endereco_portal-1024x103.png\" alt=\"\" class=\"wp-image-27869\" srcset=\"https:\/\/jornalfatosenoticias.com.br\/wp-content\/uploads\/2022\/02\/Arte-Autoescola-Galatas_endereco_portal-1024x103.png 1024w, https:\/\/jornalfatosenoticias.com.br\/wp-content\/uploads\/2022\/02\/Arte-Autoescola-Galatas_endereco_portal-300x30.png 300w, https:\/\/jornalfatosenoticias.com.br\/wp-content\/uploads\/2022\/02\/Arte-Autoescola-Galatas_endereco_portal-768x77.png 768w, https:\/\/jornalfatosenoticias.com.br\/wp-content\/uploads\/2022\/02\/Arte-Autoescola-Galatas_endereco_portal.png 1223w\" sizes=\"auto, (max-width: 1024px) 100vw, 1024px\" \/><\/figure><\/div>\n\n\n\n<p>O pre\u00e7o \u00e9 um dos maiores desafios atuais para a populariza\u00e7\u00e3o dos carros el\u00e9tricos, mas eles dever\u00e3o custar o mesmo que os modelos a <a href=\"https:\/\/olhardigital.com.br\/2022\/10\/28\/carros-e-tecnologia\/uniao-europeia-define-data-para-banir-a-venda-de-carros-a-combustao\/amp\/\" target=\"_blank\" rel=\"noreferrer noopener\">combust\u00e3o<\/a> em breve. Essa \u00e9 a expectativa do CEO da Volvo. Jim Rowan acredita que essa paridade de pre\u00e7os deve acontecer at\u00e9 2025. E isso sem que as montadoras precisem contar tanto com o apoio de <a href=\"https:\/\/olhardigital.com.br\/2022\/08\/25\/carros-e-tecnologia\/california-proibe-venda-carros-combustao\/amp\/\" target=\"_blank\" rel=\"noreferrer noopener\">governos<\/a>.<\/p>\n\n\n\n<div class=\"wp-block-image\"><figure class=\"aligncenter size-large\"><img loading=\"lazy\" decoding=\"async\" width=\"1024\" height=\"109\" src=\"https:\/\/jornalfatosenoticias.com.br\/wp-content\/uploads\/2020\/02\/Propaganda-RC-Radiadores-Jornal_page-0001-1024x109.jpg\" alt=\"\" class=\"wp-image-35278\" srcset=\"https:\/\/jornalfatosenoticias.com.br\/wp-content\/uploads\/2020\/02\/Propaganda-RC-Radiadores-Jornal_page-0001-1024x109.jpg 1024w, https:\/\/jornalfatosenoticias.com.br\/wp-content\/uploads\/2020\/02\/Propaganda-RC-Radiadores-Jornal_page-0001-300x32.jpg 300w, https:\/\/jornalfatosenoticias.com.br\/wp-content\/uploads\/2020\/02\/Propaganda-RC-Radiadores-Jornal_page-0001-768x82.jpg 768w, https:\/\/jornalfatosenoticias.com.br\/wp-content\/uploads\/2020\/02\/Propaganda-RC-Radiadores-Jornal_page-0001.jpg 1220w\" sizes=\"auto, (max-width: 1024px) 100vw, 1024px\" \/><\/figure><\/div>\n\n\n\n<p><strong><span class=\"has-inline-color has-black-color\">Avan\u00e7os tecnol\u00f3gicos \u201cbarateando\u201d os el\u00e9tricos<br><\/span><\/strong>O CEO da Volvo aponta para os avan\u00e7os na <a href=\"https:\/\/olhardigital.com.br\/2022\/09\/27\/pro\/volvo-cria-o-primeiro-sistema-de-radar-interior-do-mundo-para-carros\/amp\/\" target=\"_blank\" rel=\"noreferrer noopener\">tecnologia<\/a> sendo ponto essencial para a redu\u00e7\u00e3o dos custos com a bateria dos el\u00e9tricos, item que norteia os altos pre\u00e7os dos ve\u00edculos. <\/p>\n\n\n\n<div class=\"wp-block-image\"><figure class=\"aligncenter size-large is-resized\"><img loading=\"lazy\" decoding=\"async\" src=\"https:\/\/jornalfatosenoticias.com.br\/wp-content\/uploads\/2022\/08\/logo-locau-veiculos-1024x573.png\" alt=\"\" class=\"wp-image-33078\" width=\"337\" height=\"188\"\/><\/figure><\/div>\n\n\n\n<figure class=\"wp-block-pullquote\"><blockquote><p><span class=\"has-inline-color has-luminous-vivid-orange-color\">A tecnologia aumentar\u00e1 o alcance. Menos baterias, mas mais alcance, com menor custo \u2014 chegaremos l\u00e1\u201d, disse Rowan em uma entrevista ao jornal <a href=\"https:\/\/www.autonews.com\/automakers-suppliers\/volvo-ceos-bold-prediction-ev-ice-price-parity-2025\" target=\"_blank\" rel=\"noreferrer noopener\">Automotive News<\/a>.<\/span><\/p><\/blockquote><\/figure>\n\n\n\n<div class=\"wp-block-image\"><figure class=\"aligncenter size-large\"><img loading=\"lazy\" decoding=\"async\" width=\"1024\" height=\"100\" src=\"https:\/\/jornalfatosenoticias.com.br\/wp-content\/uploads\/2020\/02\/banner_ferramentas-1024x100.jpg\" alt=\"\" class=\"wp-image-1258\" srcset=\"https:\/\/jornalfatosenoticias.com.br\/wp-content\/uploads\/2020\/02\/banner_ferramentas-1024x100.jpg 1024w, https:\/\/jornalfatosenoticias.com.br\/wp-content\/uploads\/2020\/02\/banner_ferramentas-300x29.jpg 300w, https:\/\/jornalfatosenoticias.com.br\/wp-content\/uploads\/2020\/02\/banner_ferramentas-768x75.jpg 768w, https:\/\/jornalfatosenoticias.com.br\/wp-content\/uploads\/2020\/02\/banner_ferramentas.jpg 1227w\" sizes=\"auto, (max-width: 1024px) 100vw, 1024px\" \/><\/figure><\/div>\n\n\n\n<p>Uma poss\u00edvel raz\u00e3o para o otimismo do executivo vem de quem fornece baterias para a montadora. A chinesa <a href=\"https:\/\/olhardigital.com.br\/2022\/06\/27\/carros-e-tecnologia\/nova-bateria-da-catl-fornecedora-de-marcas-como-tesla-e-volkswagen-traz-1-000-km-de-alcance-por-carga\/amp\/\" target=\"_blank\" rel=\"noreferrer noopener\">CATL<\/a> alcan\u00e7ou uma lideran\u00e7a global em acessibilidade de baterias a 131 d\u00f3lares por quilowatt-hora. A Volvo quer reduzir esse valor para apenas 100 d\u00f3lares at\u00e9 2026. Um movimento que \u00e9 visto como parte estrat\u00e9gica da montadora sueca para enfrentar concorrentes como Audi, BMW, Mercedes-Benz e, at\u00e9 certo ponto, Tesla.<\/p>\n\n\n\n<div class=\"wp-block-image\"><figure class=\"aligncenter size-large\"><img loading=\"lazy\" decoding=\"async\" width=\"729\" height=\"90\" src=\"https:\/\/jornalfatosenoticias.com.br\/wp-content\/uploads\/2020\/02\/Logo_Mizu.png\" alt=\"\" class=\"wp-image-1441\" srcset=\"https:\/\/jornalfatosenoticias.com.br\/wp-content\/uploads\/2020\/02\/Logo_Mizu.png 729w, https:\/\/jornalfatosenoticias.com.br\/wp-content\/uploads\/2020\/02\/Logo_Mizu-300x37.png 300w\" sizes=\"auto, (max-width: 729px) 100vw, 729px\" \/><\/figure><\/div>\n\n\n\n<p>Na parte de populariza\u00e7\u00e3o dos el\u00e9tricos, pelo menos nos Estados Unidos, Rowan lembrou dos 1,5 bilh\u00e3o de d\u00f3lares que o governo Biden liberou em financiamento para instala\u00e7\u00e3o de carregadores ao longo de cerca de 120.000 quil\u00f4metros de rodovias no Pa\u00eds. Para os pr\u00f3ximos cinco anos, um total de cinco bilh\u00f5es de d\u00f3lares dever\u00e3o ser destinados para essa expans\u00e3o de esta\u00e7\u00f5es de <a href=\"https:\/\/olhardigital.com.br\/2022\/06\/28\/carros-e-tecnologia\/volvo-inaugura-novo-eletroposto-rapido-gratuito-para-carros-eletricos-e-expande-rede-no-litoral-paulista\/amp\/\" target=\"_blank\" rel=\"noreferrer noopener\">carregamento<\/a> nos estados norte-americanos.<\/p>\n\n\n\n<figure class=\"wp-block-embed-youtube wp-block-embed is-type-video is-provider-youtube wp-embed-aspect-16-9 wp-has-aspect-ratio\"><div class=\"wp-block-embed__wrapper\">\n<iframe loading=\"lazy\" title=\"Volvo oferece garantia &quot;eterna&quot; para todos os seus carros\" width=\"660\" height=\"371\" src=\"https:\/\/www.youtube.com\/embed\/y37vXEeLQ9g?feature=oembed\" frameborder=\"0\" allow=\"accelerometer; autoplay; clipboard-write; encrypted-media; gyroscope; picture-in-picture; web-share\" referrerpolicy=\"strict-origin-when-cross-origin\" allowfullscreen><\/iframe>\n<\/div><\/figure>\n\n\n\n<p><strong><em>Fonte: <a href=\"https:\/\/olhardigital.com.br\/2022\/11\/12\/carros-e-tecnologia\/eletricos-deverao-custar-o-mesmo-que-os-carros-a-gasolina-em-breve\/amp\/\">Olhar Digital<\/a><\/em><\/strong><\/p>\n","protected":false},"excerpt":{"rendered":"<p>Expectativas do CEO da Volvo s\u00e3o de que os carros el\u00e9tricos dever\u00e3o custar o mesmo que modelos a combust\u00e3o at\u00e9 2025 O pre\u00e7o \u00e9 um dos maiores desafios atuais para a populariza\u00e7\u00e3o dos carros el\u00e9tricos, mas eles dever\u00e3o custar o mesmo que os modelos a combust\u00e3o em breve. Essa \u00e9 a expectativa do CEO da [&hellip;]<\/p>\n","protected":false},"author":2,"featured_media":36027,"comment_status":"open","ping_status":"open","sticky":false,"template":"","format":"standard","meta":{"footnotes":""},"categories":[3],"tags":[3599,3108,3553,12575],"class_list":["post-36026","post","type-post","status-publish","format-standard","has-post-thumbnail","hentry","category-tecnologia","tag-bateria","tag-carro-eletrico","tag-mercado","tag-volvo"],"yoast_head":"<!-- This site is optimized with the Yoast SEO plugin v26.5 - https:\/\/yoast.com\/wordpress\/plugins\/seo\/ -->\n<title>El\u00e9tricos dever\u00e3o custar o mesmo que os carros a gasolina em breve - Jornal Fatos e Not\u00edcias<\/title>\n<meta name=\"robots\" content=\"index, follow, max-snippet:-1, max-image-preview:large, max-video-preview:-1\" \/>\n<link rel=\"canonical\" href=\"https:\/\/jornalfatosenoticias.com.br\/index.php\/2022\/11\/16\/eletricos-deverao-custar-o-mesmo-que-os-carros-a-gasolina-em-breve\/\" \/>\n<meta property=\"og:locale\" content=\"pt_BR\" \/>\n<meta property=\"og:type\" content=\"article\" \/>\n<meta property=\"og:title\" content=\"El\u00e9tricos dever\u00e3o custar o mesmo que os carros a gasolina em breve - Jornal Fatos e Not\u00edcias\" \/>\n<meta property=\"og:description\" content=\"Expectativas do CEO da Volvo s\u00e3o de que os carros el\u00e9tricos dever\u00e3o custar o mesmo que modelos a combust\u00e3o at\u00e9 2025 O pre\u00e7o \u00e9 um dos maiores desafios atuais para a populariza\u00e7\u00e3o dos carros el\u00e9tricos, mas eles dever\u00e3o custar o mesmo que os modelos a combust\u00e3o em breve. Essa \u00e9 a expectativa do CEO da [&hellip;]\" \/>\n<meta property=\"og:url\" content=\"https:\/\/jornalfatosenoticias.com.br\/index.php\/2022\/11\/16\/eletricos-deverao-custar-o-mesmo-que-os-carros-a-gasolina-em-breve\/\" \/>\n<meta property=\"og:site_name\" content=\"Jornal Fatos e Not\u00edcias\" \/>\n<meta property=\"article:published_time\" content=\"2022-11-16T13:33:40+00:00\" \/>\n<meta property=\"article:modified_time\" content=\"2022-11-16T13:33:43+00:00\" \/>\n<meta property=\"og:image\" content=\"https:\/\/jornalfatosenoticias.com.br\/wp-content\/uploads\/2022\/11\/Eletricos-deverao-custar-o-mesmo-que-os-carros-a-gasolina.jpg\" \/>\n\t<meta property=\"og:image:width\" content=\"1000\" \/>\n\t<meta property=\"og:image:height\" content=\"750\" \/>\n\t<meta property=\"og:image:type\" content=\"image\/jpeg\" \/>\n<meta name=\"author\" content=\"Luzimara Fernandes\" \/>\n<meta name=\"twitter:card\" content=\"summary_large_image\" \/>\n<meta name=\"twitter:label1\" content=\"Escrito por\" \/>\n\t<meta name=\"twitter:data1\" content=\"Luzimara Fernandes\" \/>\n\t<meta name=\"twitter:label2\" content=\"Est. tempo de leitura\" \/>\n\t<meta name=\"twitter:data2\" content=\"2 minutos\" \/>\n<script type=\"application\/ld+json\" class=\"yoast-schema-graph\">{\"@context\":\"https:\/\/schema.org\",\"@graph\":[{\"@type\":\"Article\",\"@id\":\"https:\/\/jornalfatosenoticias.com.br\/index.php\/2022\/11\/16\/eletricos-deverao-custar-o-mesmo-que-os-carros-a-gasolina-em-breve\/#article\",\"isPartOf\":{\"@id\":\"https:\/\/jornalfatosenoticias.com.br\/index.php\/2022\/11\/16\/eletricos-deverao-custar-o-mesmo-que-os-carros-a-gasolina-em-breve\/\"},\"author\":{\"name\":\"Luzimara Fernandes\",\"@id\":\"https:\/\/jornalfatosenoticias.com.br\/#\/schema\/person\/d63837fa13ac8666eb9e74e0985d6f81\"},\"headline\":\"El\u00e9tricos dever\u00e3o custar o mesmo que os carros a gasolina em breve\",\"datePublished\":\"2022-11-16T13:33:40+00:00\",\"dateModified\":\"2022-11-16T13:33:43+00:00\",\"mainEntityOfPage\":{\"@id\":\"https:\/\/jornalfatosenoticias.com.br\/index.php\/2022\/11\/16\/eletricos-deverao-custar-o-mesmo-que-os-carros-a-gasolina-em-breve\/\"},\"wordCount\":333,\"commentCount\":0,\"publisher\":{\"@id\":\"https:\/\/jornalfatosenoticias.com.br\/#organization\"},\"image\":{\"@id\":\"https:\/\/jornalfatosenoticias.com.br\/index.php\/2022\/11\/16\/eletricos-deverao-custar-o-mesmo-que-os-carros-a-gasolina-em-breve\/#primaryimage\"},\"thumbnailUrl\":\"https:\/\/jornalfatosenoticias.com.br\/wp-content\/uploads\/2022\/11\/Eletricos-deverao-custar-o-mesmo-que-os-carros-a-gasolina.jpg\",\"keywords\":[\"bateria\",\"carro el\u00e9trico\",\"mercado\",\"Volvo\"],\"articleSection\":[\"Tecnologia &amp; Inova\u00e7\u00e3o\"],\"inLanguage\":\"pt-BR\",\"potentialAction\":[{\"@type\":\"CommentAction\",\"name\":\"Comment\",\"target\":[\"https:\/\/jornalfatosenoticias.com.br\/index.php\/2022\/11\/16\/eletricos-deverao-custar-o-mesmo-que-os-carros-a-gasolina-em-breve\/#respond\"]}]},{\"@type\":\"WebPage\",\"@id\":\"https:\/\/jornalfatosenoticias.com.br\/index.php\/2022\/11\/16\/eletricos-deverao-custar-o-mesmo-que-os-carros-a-gasolina-em-breve\/\",\"url\":\"https:\/\/jornalfatosenoticias.com.br\/index.php\/2022\/11\/16\/eletricos-deverao-custar-o-mesmo-que-os-carros-a-gasolina-em-breve\/\",\"name\":\"El\u00e9tricos dever\u00e3o custar o mesmo que os carros a gasolina em breve - Jornal Fatos e Not\u00edcias\",\"isPartOf\":{\"@id\":\"https:\/\/jornalfatosenoticias.com.br\/#website\"},\"primaryImageOfPage\":{\"@id\":\"https:\/\/jornalfatosenoticias.com.br\/index.php\/2022\/11\/16\/eletricos-deverao-custar-o-mesmo-que-os-carros-a-gasolina-em-breve\/#primaryimage\"},\"image\":{\"@id\":\"https:\/\/jornalfatosenoticias.com.br\/index.php\/2022\/11\/16\/eletricos-deverao-custar-o-mesmo-que-os-carros-a-gasolina-em-breve\/#primaryimage\"},\"thumbnailUrl\":\"https:\/\/jornalfatosenoticias.com.br\/wp-content\/uploads\/2022\/11\/Eletricos-deverao-custar-o-mesmo-que-os-carros-a-gasolina.jpg\",\"datePublished\":\"2022-11-16T13:33:40+00:00\",\"dateModified\":\"2022-11-16T13:33:43+00:00\",\"breadcrumb\":{\"@id\":\"https:\/\/jornalfatosenoticias.com.br\/index.php\/2022\/11\/16\/eletricos-deverao-custar-o-mesmo-que-os-carros-a-gasolina-em-breve\/#breadcrumb\"},\"inLanguage\":\"pt-BR\",\"potentialAction\":[{\"@type\":\"ReadAction\",\"target\":[\"https:\/\/jornalfatosenoticias.com.br\/index.php\/2022\/11\/16\/eletricos-deverao-custar-o-mesmo-que-os-carros-a-gasolina-em-breve\/\"]}]},{\"@type\":\"ImageObject\",\"inLanguage\":\"pt-BR\",\"@id\":\"https:\/\/jornalfatosenoticias.com.br\/index.php\/2022\/11\/16\/eletricos-deverao-custar-o-mesmo-que-os-carros-a-gasolina-em-breve\/#primaryimage\",\"url\":\"https:\/\/jornalfatosenoticias.com.br\/wp-content\/uploads\/2022\/11\/Eletricos-deverao-custar-o-mesmo-que-os-carros-a-gasolina.jpg\",\"contentUrl\":\"https:\/\/jornalfatosenoticias.com.br\/wp-content\/uploads\/2022\/11\/Eletricos-deverao-custar-o-mesmo-que-os-carros-a-gasolina.jpg\",\"width\":1000,\"height\":750},{\"@type\":\"BreadcrumbList\",\"@id\":\"https:\/\/jornalfatosenoticias.com.br\/index.php\/2022\/11\/16\/eletricos-deverao-custar-o-mesmo-que-os-carros-a-gasolina-em-breve\/#breadcrumb\",\"itemListElement\":[{\"@type\":\"ListItem\",\"position\":1,\"name\":\"In\u00edcio\",\"item\":\"https:\/\/jornalfatosenoticias.com.br\/\"},{\"@type\":\"ListItem\",\"position\":2,\"name\":\"El\u00e9tricos dever\u00e3o custar o mesmo que os carros a gasolina em breve\"}]},{\"@type\":\"WebSite\",\"@id\":\"https:\/\/jornalfatosenoticias.com.br\/#website\",\"url\":\"https:\/\/jornalfatosenoticias.com.br\/\",\"name\":\"Jornal Fatos e Not\u00edcias\",\"description\":\"Not\u00edcias em geral\",\"publisher\":{\"@id\":\"https:\/\/jornalfatosenoticias.com.br\/#organization\"},\"potentialAction\":[{\"@type\":\"SearchAction\",\"target\":{\"@type\":\"EntryPoint\",\"urlTemplate\":\"https:\/\/jornalfatosenoticias.com.br\/?s={search_term_string}\"},\"query-input\":{\"@type\":\"PropertyValueSpecification\",\"valueRequired\":true,\"valueName\":\"search_term_string\"}}],\"inLanguage\":\"pt-BR\"},{\"@type\":\"Organization\",\"@id\":\"https:\/\/jornalfatosenoticias.com.br\/#organization\",\"name\":\"Jornal Fatos e Not\u00edcias\",\"url\":\"https:\/\/jornalfatosenoticias.com.br\/\",\"logo\":{\"@type\":\"ImageObject\",\"inLanguage\":\"pt-BR\",\"@id\":\"https:\/\/jornalfatosenoticias.com.br\/#\/schema\/logo\/image\/\",\"url\":\"https:\/\/jornalfatosenoticias.com.br\/wp-content\/uploads\/2020\/02\/logo120.png\",\"contentUrl\":\"https:\/\/jornalfatosenoticias.com.br\/wp-content\/uploads\/2020\/02\/logo120.png\",\"width\":1227,\"height\":120,\"caption\":\"Jornal Fatos e Not\u00edcias\"},\"image\":{\"@id\":\"https:\/\/jornalfatosenoticias.com.br\/#\/schema\/logo\/image\/\"}},{\"@type\":\"Person\",\"@id\":\"https:\/\/jornalfatosenoticias.com.br\/#\/schema\/person\/d63837fa13ac8666eb9e74e0985d6f81\",\"name\":\"Luzimara Fernandes\",\"image\":{\"@type\":\"ImageObject\",\"inLanguage\":\"pt-BR\",\"@id\":\"https:\/\/jornalfatosenoticias.com.br\/#\/schema\/person\/image\/\",\"url\":\"https:\/\/jornalfatosenoticias.com.br\/wp-content\/uploads\/2025\/05\/EU_portal.jpg\",\"contentUrl\":\"https:\/\/jornalfatosenoticias.com.br\/wp-content\/uploads\/2025\/05\/EU_portal.jpg\",\"caption\":\"Luzimara Fernandes\"},\"description\":\"Jornalista MTB 2358-ES\",\"sameAs\":[\"https:\/\/jornalfatosenoticias.com.br\"],\"url\":\"https:\/\/jornalfatosenoticias.com.br\/index.php\/author\/luzimara\/\"}]}<\/script>\n<!-- \/ Yoast SEO plugin. -->","yoast_head_json":{"title":"El\u00e9tricos dever\u00e3o custar o mesmo que os carros a gasolina em breve - Jornal Fatos e Not\u00edcias","robots":{"index":"index","follow":"follow","max-snippet":"max-snippet:-1","max-image-preview":"max-image-preview:large","max-video-preview":"max-video-preview:-1"},"canonical":"https:\/\/jornalfatosenoticias.com.br\/index.php\/2022\/11\/16\/eletricos-deverao-custar-o-mesmo-que-os-carros-a-gasolina-em-breve\/","og_locale":"pt_BR","og_type":"article","og_title":"El\u00e9tricos dever\u00e3o custar o mesmo que os carros a gasolina em breve - Jornal Fatos e Not\u00edcias","og_description":"Expectativas do CEO da Volvo s\u00e3o de que os carros el\u00e9tricos dever\u00e3o custar o mesmo que modelos a combust\u00e3o at\u00e9 2025 O pre\u00e7o \u00e9 um dos maiores desafios atuais para a populariza\u00e7\u00e3o dos carros el\u00e9tricos, mas eles dever\u00e3o custar o mesmo que os modelos a combust\u00e3o em breve. Essa \u00e9 a expectativa do CEO da [&hellip;]","og_url":"https:\/\/jornalfatosenoticias.com.br\/index.php\/2022\/11\/16\/eletricos-deverao-custar-o-mesmo-que-os-carros-a-gasolina-em-breve\/","og_site_name":"Jornal Fatos e Not\u00edcias","article_published_time":"2022-11-16T13:33:40+00:00","article_modified_time":"2022-11-16T13:33:43+00:00","og_image":[{"width":1000,"height":750,"url":"https:\/\/jornalfatosenoticias.com.br\/wp-content\/uploads\/2022\/11\/Eletricos-deverao-custar-o-mesmo-que-os-carros-a-gasolina.jpg","type":"image\/jpeg"}],"author":"Luzimara Fernandes","twitter_card":"summary_large_image","twitter_misc":{"Escrito por":"Luzimara Fernandes","Est. tempo de leitura":"2 minutos"},"schema":{"@context":"https:\/\/schema.org","@graph":[{"@type":"Article","@id":"https:\/\/jornalfatosenoticias.com.br\/index.php\/2022\/11\/16\/eletricos-deverao-custar-o-mesmo-que-os-carros-a-gasolina-em-breve\/#article","isPartOf":{"@id":"https:\/\/jornalfatosenoticias.com.br\/index.php\/2022\/11\/16\/eletricos-deverao-custar-o-mesmo-que-os-carros-a-gasolina-em-breve\/"},"author":{"name":"Luzimara Fernandes","@id":"https:\/\/jornalfatosenoticias.com.br\/#\/schema\/person\/d63837fa13ac8666eb9e74e0985d6f81"},"headline":"El\u00e9tricos dever\u00e3o custar o mesmo que os carros a gasolina em breve","datePublished":"2022-11-16T13:33:40+00:00","dateModified":"2022-11-16T13:33:43+00:00","mainEntityOfPage":{"@id":"https:\/\/jornalfatosenoticias.com.br\/index.php\/2022\/11\/16\/eletricos-deverao-custar-o-mesmo-que-os-carros-a-gasolina-em-breve\/"},"wordCount":333,"commentCount":0,"publisher":{"@id":"https:\/\/jornalfatosenoticias.com.br\/#organization"},"image":{"@id":"https:\/\/jornalfatosenoticias.com.br\/index.php\/2022\/11\/16\/eletricos-deverao-custar-o-mesmo-que-os-carros-a-gasolina-em-breve\/#primaryimage"},"thumbnailUrl":"https:\/\/jornalfatosenoticias.com.br\/wp-content\/uploads\/2022\/11\/Eletricos-deverao-custar-o-mesmo-que-os-carros-a-gasolina.jpg","keywords":["bateria","carro el\u00e9trico","mercado","Volvo"],"articleSection":["Tecnologia &amp; Inova\u00e7\u00e3o"],"inLanguage":"pt-BR","potentialAction":[{"@type":"CommentAction","name":"Comment","target":["https:\/\/jornalfatosenoticias.com.br\/index.php\/2022\/11\/16\/eletricos-deverao-custar-o-mesmo-que-os-carros-a-gasolina-em-breve\/#respond"]}]},{"@type":"WebPage","@id":"https:\/\/jornalfatosenoticias.com.br\/index.php\/2022\/11\/16\/eletricos-deverao-custar-o-mesmo-que-os-carros-a-gasolina-em-breve\/","url":"https:\/\/jornalfatosenoticias.com.br\/index.php\/2022\/11\/16\/eletricos-deverao-custar-o-mesmo-que-os-carros-a-gasolina-em-breve\/","name":"El\u00e9tricos dever\u00e3o custar o mesmo que os carros a gasolina em breve - Jornal Fatos e Not\u00edcias","isPartOf":{"@id":"https:\/\/jornalfatosenoticias.com.br\/#website"},"primaryImageOfPage":{"@id":"https:\/\/jornalfatosenoticias.com.br\/index.php\/2022\/11\/16\/eletricos-deverao-custar-o-mesmo-que-os-carros-a-gasolina-em-breve\/#primaryimage"},"image":{"@id":"https:\/\/jornalfatosenoticias.com.br\/index.php\/2022\/11\/16\/eletricos-deverao-custar-o-mesmo-que-os-carros-a-gasolina-em-breve\/#primaryimage"},"thumbnailUrl":"https:\/\/jornalfatosenoticias.com.br\/wp-content\/uploads\/2022\/11\/Eletricos-deverao-custar-o-mesmo-que-os-carros-a-gasolina.jpg","datePublished":"2022-11-16T13:33:40+00:00","dateModified":"2022-11-16T13:33:43+00:00","breadcrumb":{"@id":"https:\/\/jornalfatosenoticias.com.br\/index.php\/2022\/11\/16\/eletricos-deverao-custar-o-mesmo-que-os-carros-a-gasolina-em-breve\/#breadcrumb"},"inLanguage":"pt-BR","potentialAction":[{"@type":"ReadAction","target":["https:\/\/jornalfatosenoticias.com.br\/index.php\/2022\/11\/16\/eletricos-deverao-custar-o-mesmo-que-os-carros-a-gasolina-em-breve\/"]}]},{"@type":"ImageObject","inLanguage":"pt-BR","@id":"https:\/\/jornalfatosenoticias.com.br\/index.php\/2022\/11\/16\/eletricos-deverao-custar-o-mesmo-que-os-carros-a-gasolina-em-breve\/#primaryimage","url":"https:\/\/jornalfatosenoticias.com.br\/wp-content\/uploads\/2022\/11\/Eletricos-deverao-custar-o-mesmo-que-os-carros-a-gasolina.jpg","contentUrl":"https:\/\/jornalfatosenoticias.com.br\/wp-content\/uploads\/2022\/11\/Eletricos-deverao-custar-o-mesmo-que-os-carros-a-gasolina.jpg","width":1000,"height":750},{"@type":"BreadcrumbList","@id":"https:\/\/jornalfatosenoticias.com.br\/index.php\/2022\/11\/16\/eletricos-deverao-custar-o-mesmo-que-os-carros-a-gasolina-em-breve\/#breadcrumb","itemListElement":[{"@type":"ListItem","position":1,"name":"In\u00edcio","item":"https:\/\/jornalfatosenoticias.com.br\/"},{"@type":"ListItem","position":2,"name":"El\u00e9tricos dever\u00e3o custar o mesmo que os carros a gasolina em breve"}]},{"@type":"WebSite","@id":"https:\/\/jornalfatosenoticias.com.br\/#website","url":"https:\/\/jornalfatosenoticias.com.br\/","name":"Jornal Fatos e Not\u00edcias","description":"Not\u00edcias em geral","publisher":{"@id":"https:\/\/jornalfatosenoticias.com.br\/#organization"},"potentialAction":[{"@type":"SearchAction","target":{"@type":"EntryPoint","urlTemplate":"https:\/\/jornalfatosenoticias.com.br\/?s={search_term_string}"},"query-input":{"@type":"PropertyValueSpecification","valueRequired":true,"valueName":"search_term_string"}}],"inLanguage":"pt-BR"},{"@type":"Organization","@id":"https:\/\/jornalfatosenoticias.com.br\/#organization","name":"Jornal Fatos e Not\u00edcias","url":"https:\/\/jornalfatosenoticias.com.br\/","logo":{"@type":"ImageObject","inLanguage":"pt-BR","@id":"https:\/\/jornalfatosenoticias.com.br\/#\/schema\/logo\/image\/","url":"https:\/\/jornalfatosenoticias.com.br\/wp-content\/uploads\/2020\/02\/logo120.png","contentUrl":"https:\/\/jornalfatosenoticias.com.br\/wp-content\/uploads\/2020\/02\/logo120.png","width":1227,"height":120,"caption":"Jornal Fatos e Not\u00edcias"},"image":{"@id":"https:\/\/jornalfatosenoticias.com.br\/#\/schema\/logo\/image\/"}},{"@type":"Person","@id":"https:\/\/jornalfatosenoticias.com.br\/#\/schema\/person\/d63837fa13ac8666eb9e74e0985d6f81","name":"Luzimara Fernandes","image":{"@type":"ImageObject","inLanguage":"pt-BR","@id":"https:\/\/jornalfatosenoticias.com.br\/#\/schema\/person\/image\/","url":"https:\/\/jornalfatosenoticias.com.br\/wp-content\/uploads\/2025\/05\/EU_portal.jpg","contentUrl":"https:\/\/jornalfatosenoticias.com.br\/wp-content\/uploads\/2025\/05\/EU_portal.jpg","caption":"Luzimara Fernandes"},"description":"Jornalista MTB 2358-ES","sameAs":["https:\/\/jornalfatosenoticias.com.br"],"url":"https:\/\/jornalfatosenoticias.com.br\/index.php\/author\/luzimara\/"}]}},"cc_featured_image_caption":{"caption_text":"(Foto: Divulga\u00e7\u00e3o\/Volvo) ","source_text":"","source_url":""},"jetpack_featured_media_url":"https:\/\/jornalfatosenoticias.com.br\/wp-content\/uploads\/2022\/11\/Eletricos-deverao-custar-o-mesmo-que-os-carros-a-gasolina.jpg","_links":{"self":[{"href":"https:\/\/jornalfatosenoticias.com.br\/index.php\/wp-json\/wp\/v2\/posts\/36026","targetHints":{"allow":["GET"]}}],"collection":[{"href":"https:\/\/jornalfatosenoticias.com.br\/index.php\/wp-json\/wp\/v2\/posts"}],"about":[{"href":"https:\/\/jornalfatosenoticias.com.br\/index.php\/wp-json\/wp\/v2\/types\/post"}],"author":[{"embeddable":true,"href":"https:\/\/jornalfatosenoticias.com.br\/index.php\/wp-json\/wp\/v2\/users\/2"}],"replies":[{"embeddable":true,"href":"https:\/\/jornalfatosenoticias.com.br\/index.php\/wp-json\/wp\/v2\/comments?post=36026"}],"version-history":[{"count":0,"href":"https:\/\/jornalfatosenoticias.com.br\/index.php\/wp-json\/wp\/v2\/posts\/36026\/revisions"}],"wp:featuredmedia":[{"embeddable":true,"href":"https:\/\/jornalfatosenoticias.com.br\/index.php\/wp-json\/wp\/v2\/media\/36027"}],"wp:attachment":[{"href":"https:\/\/jornalfatosenoticias.com.br\/index.php\/wp-json\/wp\/v2\/media?parent=36026"}],"wp:term":[{"taxonomy":"category","embeddable":true,"href":"https:\/\/jornalfatosenoticias.com.br\/index.php\/wp-json\/wp\/v2\/categories?post=36026"},{"taxonomy":"post_tag","embeddable":true,"href":"https:\/\/jornalfatosenoticias.com.br\/index.php\/wp-json\/wp\/v2\/tags?post=36026"}],"curies":[{"name":"wp","href":"https:\/\/api.w.org\/{rel}","templated":true}]}}