{"id":36037,"date":"2022-11-16T11:02:10","date_gmt":"2022-11-16T14:02:10","guid":{"rendered":"https:\/\/jornalfatosenoticias.com.br\/?p=36037"},"modified":"2022-11-16T11:02:11","modified_gmt":"2022-11-16T14:02:11","slug":"fazer-secular-das-panelas-de-barro-e-tema-de-questao-do-enem-2022","status":"publish","type":"post","link":"https:\/\/jornalfatosenoticias.com.br\/index.php\/2022\/11\/16\/fazer-secular-das-panelas-de-barro-e-tema-de-questao-do-enem-2022\/","title":{"rendered":"Fazer secular das panelas de barro \u00e9 tema de quest\u00e3o do Enem 2022"},"content":{"rendered":"\n<p><em><span class=\"has-inline-color has-black-color\">Quest\u00e3o referiu-se a produ\u00e7\u00e3o das panelas \u00edcones da culin\u00e1ria no Esp\u00edrito Santo, produzidas em Vit\u00f3ria no bairro de Goiabeiras<\/span><\/em><\/p>\n\n\n\n<div class=\"wp-block-image\"><figure class=\"aligncenter size-large\"><img loading=\"lazy\" decoding=\"async\" width=\"1024\" height=\"100\" src=\"https:\/\/jornalfatosenoticias.com.br\/wp-content\/uploads\/2022\/05\/NOVA-LOGO-CESCONETTO-1024x100.jpg\" alt=\"\" class=\"wp-image-30792\" srcset=\"https:\/\/jornalfatosenoticias.com.br\/wp-content\/uploads\/2022\/05\/NOVA-LOGO-CESCONETTO-1024x100.jpg 1024w, https:\/\/jornalfatosenoticias.com.br\/wp-content\/uploads\/2022\/05\/NOVA-LOGO-CESCONETTO-300x29.jpg 300w, https:\/\/jornalfatosenoticias.com.br\/wp-content\/uploads\/2022\/05\/NOVA-LOGO-CESCONETTO-768x75.jpg 768w, https:\/\/jornalfatosenoticias.com.br\/wp-content\/uploads\/2022\/05\/NOVA-LOGO-CESCONETTO.jpg 1280w\" sizes=\"auto, (max-width: 1024px) 100vw, 1024px\" \/><\/figure><\/div>\n\n\n\n<p>Tombado pelo Instituto do Patrim\u00f4nio Hist\u00f3rico e Art\u00edstico Nacional (Iphan) como Patrim\u00f4nio Imaterial, no Livro de Registro de Saberes, o of\u00edcio das paneleiras ou o saber da fabrica\u00e7\u00e3o artesanal de panelas de barro foi tema de uma quest\u00e3o do primeiro dia do Exame Nacional do Ensino M\u00e9dio (Enem) realizado no \u00faltimo domingo (13).<\/p>\n\n\n\n<div class=\"wp-block-image\"><figure class=\"aligncenter size-large is-resized\"><img loading=\"lazy\" decoding=\"async\" src=\"https:\/\/jornalfatosenoticias.com.br\/wp-content\/uploads\/2020\/02\/nova-logo-Marquetti.jpg\" alt=\"\" class=\"wp-image-22331\" width=\"277\" height=\"186\" srcset=\"https:\/\/jornalfatosenoticias.com.br\/wp-content\/uploads\/2020\/02\/nova-logo-Marquetti.jpg 643w, https:\/\/jornalfatosenoticias.com.br\/wp-content\/uploads\/2020\/02\/nova-logo-Marquetti-300x202.jpg 300w\" sizes=\"auto, (max-width: 277px) 100vw, 277px\" \/><\/figure><\/div>\n\n\n\n<p>A quest\u00e3o de n\u00famero 50, em um dos cadernos da avalia\u00e7\u00e3o, baseada em um artigo de Martha Trist\u00e3o, referiu-se a produ\u00e7\u00e3o das panelas \u00edcones da culin\u00e1ria no Esp\u00edrito Santo, produzidas em Vit\u00f3ria no bairro de Goiabeiras.<\/p>\n\n\n\n<div class=\"wp-block-image\"><figure class=\"aligncenter size-large\"><img loading=\"lazy\" decoding=\"async\" width=\"1024\" height=\"103\" src=\"https:\/\/jornalfatosenoticias.com.br\/wp-content\/uploads\/2022\/02\/Arte-Autoescola-Galatas_endereco_portal-1024x103.png\" alt=\"\" class=\"wp-image-27869\" srcset=\"https:\/\/jornalfatosenoticias.com.br\/wp-content\/uploads\/2022\/02\/Arte-Autoescola-Galatas_endereco_portal-1024x103.png 1024w, https:\/\/jornalfatosenoticias.com.br\/wp-content\/uploads\/2022\/02\/Arte-Autoescola-Galatas_endereco_portal-300x30.png 300w, https:\/\/jornalfatosenoticias.com.br\/wp-content\/uploads\/2022\/02\/Arte-Autoescola-Galatas_endereco_portal-768x77.png 768w, https:\/\/jornalfatosenoticias.com.br\/wp-content\/uploads\/2022\/02\/Arte-Autoescola-Galatas_endereco_portal.png 1223w\" sizes=\"auto, (max-width: 1024px) 100vw, 1024px\" \/><\/figure><\/div>\n\n\n\n<p>O texto a ser interpretado pelos estudantes trazia a tradi\u00e7\u00e3o passada de m\u00e3e para filha e mencionou ainda o fato da fabrica\u00e7\u00e3o, que acredita-se ter 400 anos ter sofrido influ\u00eancia de outras etnias como a afro e a luso.<\/p>\n\n\n\n<div class=\"wp-block-image\"><figure class=\"aligncenter size-large is-resized\"><img loading=\"lazy\" decoding=\"async\" src=\"https:\/\/jornalfatosenoticias.com.br\/wp-content\/uploads\/2020\/02\/logo-clinica-limoeiro.jpg\" alt=\"\" class=\"wp-image-34610\" width=\"289\" height=\"205\"\/><\/figure><\/div>\n\n\n\n<p>Ao t\u00e9rmino do resgate hist\u00f3rico era perguntado: &#8220;Uma caracter\u00edstica de pr\u00e1ticas tradicionais como a exemplificada no texto \u00e9 a vincula\u00e7\u00e3o entre os recursos naturais e a\u2026?&#8221; ao que os candidatos deveriam assinalar a alternativa A (no caderno 3) com a resposta &#8220;manuten\u00e7\u00e3o dos modos de vida&#8221;.<\/p>\n\n\n\n<div class=\"wp-block-image\"><figure class=\"aligncenter size-large\"><img loading=\"lazy\" decoding=\"async\" width=\"560\" height=\"60\" src=\"https:\/\/jornalfatosenoticias.com.br\/wp-content\/uploads\/2022\/10\/Propaganda-RC-Radiadores-Jornal_page-0001.jpg\" alt=\"\" class=\"wp-image-35270\" srcset=\"https:\/\/jornalfatosenoticias.com.br\/wp-content\/uploads\/2022\/10\/Propaganda-RC-Radiadores-Jornal_page-0001.jpg 560w, https:\/\/jornalfatosenoticias.com.br\/wp-content\/uploads\/2022\/10\/Propaganda-RC-Radiadores-Jornal_page-0001-300x32.jpg 300w\" sizes=\"auto, (max-width: 560px) 100vw, 560px\" \/><\/figure><\/div>\n\n\n\n<p>Para o secret\u00e1rio municipal de Cultura, Luciano Gagno, o fato da &#8220;arte de fazer panelas de barro&#8221; ter sido abordada no exame \u00e9 de profunda import\u00e2ncia para o Estado e para o munic\u00edpio de Vit\u00f3ria.<\/p>\n\n\n\n<div class=\"wp-block-image\"><figure class=\"aligncenter size-large\"><img loading=\"lazy\" decoding=\"async\" width=\"300\" height=\"250\" src=\"https:\/\/jornalfatosenoticias.com.br\/wp-content\/uploads\/2022\/08\/arte-Casarao.jpg\" alt=\"\" class=\"wp-image-33178\"\/><\/figure><\/div>\n\n\n\n<figure class=\"wp-block-pullquote\"><blockquote><p><span class=\"has-inline-color has-luminous-vivid-orange-color\">Todo esse processo de extrair da natureza essa rica mat\u00e9ria-prima para a produ\u00e7\u00e3o das famosas panelas de barro integra a raiz da cultura capixaba e do Brasil que \u00e9 passada de gera\u00e7\u00e3o em gera\u00e7\u00e3o. O barro da nossa terra &#8220;toma forma&#8221; nas m\u00e3os da &#8220;nossa gente&#8221;, das mulheres da comunidade das paneleiras, abriga o nosso prato mais famoso que \u00e9 a moqueca e ganha o mundo. Estamos muito orgulhosos dessa abordagem e parabenizamos a essas mulheres por tanto contribu\u00edrem com a nossa sociedade&#8221;, comemorou o secret\u00e1rio.<\/span><\/p><\/blockquote><\/figure>\n\n\n\n<div class=\"wp-block-image\"><figure class=\"aligncenter size-large\"><img decoding=\"async\" src=\"https:\/\/jornalfatosenoticias.com.br\/wp-content\/uploads\/2020\/02\/Serra-Grande-1024x160.png\" alt=\"\" class=\"wp-image-7836\"\/><\/figure><\/div>\n\n\n\n<p><strong><em>Fonte: <a href=\"https:\/\/www.vitoria.es.gov.br\/noticia\/fazer-secular-das-panelas-de-barro-e-tema-de-questao-do-enem-2022-46392\">PMV<\/a><\/em><\/strong><\/p>\n","protected":false},"excerpt":{"rendered":"<p>Quest\u00e3o referiu-se a produ\u00e7\u00e3o das panelas \u00edcones da culin\u00e1ria no Esp\u00edrito Santo, produzidas em Vit\u00f3ria no bairro de Goiabeiras Tombado pelo Instituto do Patrim\u00f4nio Hist\u00f3rico e Art\u00edstico Nacional (Iphan) como Patrim\u00f4nio Imaterial, no Livro de Registro de Saberes, o of\u00edcio das paneleiras ou o saber da fabrica\u00e7\u00e3o artesanal de panelas de barro foi tema de [&hellip;]<\/p>\n","protected":false},"author":2,"featured_media":36038,"comment_status":"open","ping_status":"open","sticky":false,"template":"","format":"standard","meta":{"footnotes":""},"categories":[7],"tags":[14354,16913,3713,16914,16915,16912],"class_list":["post-36037","post","type-post","status-publish","format-standard","has-post-thumbnail","hentry","category-educacao","tag-enem-2022","tag-fazer-secular-das-panelas-de-barro","tag-goiabeiras","tag-panelas-de-barro","tag-paneleiras-de-goiabeiras","tag-questao-do-enem"],"yoast_head":"<!-- This site is optimized with the Yoast SEO plugin v26.5 - https:\/\/yoast.com\/wordpress\/plugins\/seo\/ -->\n<title>Fazer secular das panelas de barro \u00e9 tema de quest\u00e3o do Enem 2022 - Jornal Fatos e Not\u00edcias<\/title>\n<meta name=\"robots\" content=\"index, follow, max-snippet:-1, max-image-preview:large, max-video-preview:-1\" \/>\n<link rel=\"canonical\" href=\"https:\/\/jornalfatosenoticias.com.br\/index.php\/2022\/11\/16\/fazer-secular-das-panelas-de-barro-e-tema-de-questao-do-enem-2022\/\" \/>\n<meta property=\"og:locale\" content=\"pt_BR\" \/>\n<meta property=\"og:type\" content=\"article\" \/>\n<meta property=\"og:title\" content=\"Fazer secular das panelas de barro \u00e9 tema de quest\u00e3o do Enem 2022 - Jornal Fatos e Not\u00edcias\" \/>\n<meta property=\"og:description\" content=\"Quest\u00e3o referiu-se a produ\u00e7\u00e3o das panelas \u00edcones da culin\u00e1ria no Esp\u00edrito Santo, produzidas em Vit\u00f3ria no bairro de Goiabeiras Tombado pelo Instituto do Patrim\u00f4nio Hist\u00f3rico e Art\u00edstico Nacional (Iphan) como Patrim\u00f4nio Imaterial, no Livro de Registro de Saberes, o of\u00edcio das paneleiras ou o saber da fabrica\u00e7\u00e3o artesanal de panelas de barro foi tema de [&hellip;]\" \/>\n<meta property=\"og:url\" content=\"https:\/\/jornalfatosenoticias.com.br\/index.php\/2022\/11\/16\/fazer-secular-das-panelas-de-barro-e-tema-de-questao-do-enem-2022\/\" \/>\n<meta property=\"og:site_name\" content=\"Jornal Fatos e Not\u00edcias\" \/>\n<meta property=\"article:published_time\" content=\"2022-11-16T14:02:10+00:00\" \/>\n<meta property=\"article:modified_time\" content=\"2022-11-16T14:02:11+00:00\" \/>\n<meta property=\"og:image\" content=\"https:\/\/jornalfatosenoticias.com.br\/wp-content\/uploads\/2022\/11\/Paneleiras-de-Goiabeiras_Vitoria_Vitor-Jubini.jpg\" \/>\n\t<meta property=\"og:image:width\" content=\"1000\" \/>\n\t<meta property=\"og:image:height\" content=\"666\" \/>\n\t<meta property=\"og:image:type\" content=\"image\/jpeg\" \/>\n<meta name=\"author\" content=\"Luzimara Fernandes\" \/>\n<meta name=\"twitter:card\" content=\"summary_large_image\" \/>\n<meta name=\"twitter:label1\" content=\"Escrito por\" \/>\n\t<meta name=\"twitter:data1\" content=\"Luzimara Fernandes\" \/>\n\t<meta name=\"twitter:label2\" content=\"Est. tempo de leitura\" \/>\n\t<meta name=\"twitter:data2\" content=\"2 minutos\" \/>\n<script type=\"application\/ld+json\" class=\"yoast-schema-graph\">{\"@context\":\"https:\/\/schema.org\",\"@graph\":[{\"@type\":\"Article\",\"@id\":\"https:\/\/jornalfatosenoticias.com.br\/index.php\/2022\/11\/16\/fazer-secular-das-panelas-de-barro-e-tema-de-questao-do-enem-2022\/#article\",\"isPartOf\":{\"@id\":\"https:\/\/jornalfatosenoticias.com.br\/index.php\/2022\/11\/16\/fazer-secular-das-panelas-de-barro-e-tema-de-questao-do-enem-2022\/\"},\"author\":{\"name\":\"Luzimara Fernandes\",\"@id\":\"https:\/\/jornalfatosenoticias.com.br\/#\/schema\/person\/d63837fa13ac8666eb9e74e0985d6f81\"},\"headline\":\"Fazer secular das panelas de barro \u00e9 tema de quest\u00e3o do Enem 2022\",\"datePublished\":\"2022-11-16T14:02:10+00:00\",\"dateModified\":\"2022-11-16T14:02:11+00:00\",\"mainEntityOfPage\":{\"@id\":\"https:\/\/jornalfatosenoticias.com.br\/index.php\/2022\/11\/16\/fazer-secular-das-panelas-de-barro-e-tema-de-questao-do-enem-2022\/\"},\"wordCount\":362,\"commentCount\":0,\"publisher\":{\"@id\":\"https:\/\/jornalfatosenoticias.com.br\/#organization\"},\"image\":{\"@id\":\"https:\/\/jornalfatosenoticias.com.br\/index.php\/2022\/11\/16\/fazer-secular-das-panelas-de-barro-e-tema-de-questao-do-enem-2022\/#primaryimage\"},\"thumbnailUrl\":\"https:\/\/jornalfatosenoticias.com.br\/wp-content\/uploads\/2022\/11\/Paneleiras-de-Goiabeiras_Vitoria_Vitor-Jubini.jpg\",\"keywords\":[\"Enem 2022\",\"fazer secular das panelas de barro\",\"Goiabeiras\",\"panelas de barro\",\"paneleiras de Goiabeiras\",\"quest\u00e3o do Enem\"],\"articleSection\":[\"Educa\u00e7\u00e3o\"],\"inLanguage\":\"pt-BR\",\"potentialAction\":[{\"@type\":\"CommentAction\",\"name\":\"Comment\",\"target\":[\"https:\/\/jornalfatosenoticias.com.br\/index.php\/2022\/11\/16\/fazer-secular-das-panelas-de-barro-e-tema-de-questao-do-enem-2022\/#respond\"]}]},{\"@type\":\"WebPage\",\"@id\":\"https:\/\/jornalfatosenoticias.com.br\/index.php\/2022\/11\/16\/fazer-secular-das-panelas-de-barro-e-tema-de-questao-do-enem-2022\/\",\"url\":\"https:\/\/jornalfatosenoticias.com.br\/index.php\/2022\/11\/16\/fazer-secular-das-panelas-de-barro-e-tema-de-questao-do-enem-2022\/\",\"name\":\"Fazer secular das panelas de barro \u00e9 tema de quest\u00e3o do Enem 2022 - Jornal Fatos e Not\u00edcias\",\"isPartOf\":{\"@id\":\"https:\/\/jornalfatosenoticias.com.br\/#website\"},\"primaryImageOfPage\":{\"@id\":\"https:\/\/jornalfatosenoticias.com.br\/index.php\/2022\/11\/16\/fazer-secular-das-panelas-de-barro-e-tema-de-questao-do-enem-2022\/#primaryimage\"},\"image\":{\"@id\":\"https:\/\/jornalfatosenoticias.com.br\/index.php\/2022\/11\/16\/fazer-secular-das-panelas-de-barro-e-tema-de-questao-do-enem-2022\/#primaryimage\"},\"thumbnailUrl\":\"https:\/\/jornalfatosenoticias.com.br\/wp-content\/uploads\/2022\/11\/Paneleiras-de-Goiabeiras_Vitoria_Vitor-Jubini.jpg\",\"datePublished\":\"2022-11-16T14:02:10+00:00\",\"dateModified\":\"2022-11-16T14:02:11+00:00\",\"breadcrumb\":{\"@id\":\"https:\/\/jornalfatosenoticias.com.br\/index.php\/2022\/11\/16\/fazer-secular-das-panelas-de-barro-e-tema-de-questao-do-enem-2022\/#breadcrumb\"},\"inLanguage\":\"pt-BR\",\"potentialAction\":[{\"@type\":\"ReadAction\",\"target\":[\"https:\/\/jornalfatosenoticias.com.br\/index.php\/2022\/11\/16\/fazer-secular-das-panelas-de-barro-e-tema-de-questao-do-enem-2022\/\"]}]},{\"@type\":\"ImageObject\",\"inLanguage\":\"pt-BR\",\"@id\":\"https:\/\/jornalfatosenoticias.com.br\/index.php\/2022\/11\/16\/fazer-secular-das-panelas-de-barro-e-tema-de-questao-do-enem-2022\/#primaryimage\",\"url\":\"https:\/\/jornalfatosenoticias.com.br\/wp-content\/uploads\/2022\/11\/Paneleiras-de-Goiabeiras_Vitoria_Vitor-Jubini.jpg\",\"contentUrl\":\"https:\/\/jornalfatosenoticias.com.br\/wp-content\/uploads\/2022\/11\/Paneleiras-de-Goiabeiras_Vitoria_Vitor-Jubini.jpg\",\"width\":1000,\"height\":666},{\"@type\":\"BreadcrumbList\",\"@id\":\"https:\/\/jornalfatosenoticias.com.br\/index.php\/2022\/11\/16\/fazer-secular-das-panelas-de-barro-e-tema-de-questao-do-enem-2022\/#breadcrumb\",\"itemListElement\":[{\"@type\":\"ListItem\",\"position\":1,\"name\":\"In\u00edcio\",\"item\":\"https:\/\/jornalfatosenoticias.com.br\/\"},{\"@type\":\"ListItem\",\"position\":2,\"name\":\"Fazer secular das panelas de barro \u00e9 tema de quest\u00e3o do Enem 2022\"}]},{\"@type\":\"WebSite\",\"@id\":\"https:\/\/jornalfatosenoticias.com.br\/#website\",\"url\":\"https:\/\/jornalfatosenoticias.com.br\/\",\"name\":\"Jornal Fatos e Not\u00edcias\",\"description\":\"Not\u00edcias em geral\",\"publisher\":{\"@id\":\"https:\/\/jornalfatosenoticias.com.br\/#organization\"},\"potentialAction\":[{\"@type\":\"SearchAction\",\"target\":{\"@type\":\"EntryPoint\",\"urlTemplate\":\"https:\/\/jornalfatosenoticias.com.br\/?s={search_term_string}\"},\"query-input\":{\"@type\":\"PropertyValueSpecification\",\"valueRequired\":true,\"valueName\":\"search_term_string\"}}],\"inLanguage\":\"pt-BR\"},{\"@type\":\"Organization\",\"@id\":\"https:\/\/jornalfatosenoticias.com.br\/#organization\",\"name\":\"Jornal Fatos e Not\u00edcias\",\"url\":\"https:\/\/jornalfatosenoticias.com.br\/\",\"logo\":{\"@type\":\"ImageObject\",\"inLanguage\":\"pt-BR\",\"@id\":\"https:\/\/jornalfatosenoticias.com.br\/#\/schema\/logo\/image\/\",\"url\":\"https:\/\/jornalfatosenoticias.com.br\/wp-content\/uploads\/2020\/02\/logo120.png\",\"contentUrl\":\"https:\/\/jornalfatosenoticias.com.br\/wp-content\/uploads\/2020\/02\/logo120.png\",\"width\":1227,\"height\":120,\"caption\":\"Jornal Fatos e Not\u00edcias\"},\"image\":{\"@id\":\"https:\/\/jornalfatosenoticias.com.br\/#\/schema\/logo\/image\/\"}},{\"@type\":\"Person\",\"@id\":\"https:\/\/jornalfatosenoticias.com.br\/#\/schema\/person\/d63837fa13ac8666eb9e74e0985d6f81\",\"name\":\"Luzimara Fernandes\",\"image\":{\"@type\":\"ImageObject\",\"inLanguage\":\"pt-BR\",\"@id\":\"https:\/\/jornalfatosenoticias.com.br\/#\/schema\/person\/image\/\",\"url\":\"https:\/\/jornalfatosenoticias.com.br\/wp-content\/uploads\/2025\/05\/EU_portal.jpg\",\"contentUrl\":\"https:\/\/jornalfatosenoticias.com.br\/wp-content\/uploads\/2025\/05\/EU_portal.jpg\",\"caption\":\"Luzimara Fernandes\"},\"description\":\"Jornalista MTB 2358-ES\",\"sameAs\":[\"https:\/\/jornalfatosenoticias.com.br\"],\"url\":\"https:\/\/jornalfatosenoticias.com.br\/index.php\/author\/luzimara\/\"}]}<\/script>\n<!-- \/ Yoast SEO plugin. -->","yoast_head_json":{"title":"Fazer secular das panelas de barro \u00e9 tema de quest\u00e3o do Enem 2022 - Jornal Fatos e Not\u00edcias","robots":{"index":"index","follow":"follow","max-snippet":"max-snippet:-1","max-image-preview":"max-image-preview:large","max-video-preview":"max-video-preview:-1"},"canonical":"https:\/\/jornalfatosenoticias.com.br\/index.php\/2022\/11\/16\/fazer-secular-das-panelas-de-barro-e-tema-de-questao-do-enem-2022\/","og_locale":"pt_BR","og_type":"article","og_title":"Fazer secular das panelas de barro \u00e9 tema de quest\u00e3o do Enem 2022 - Jornal Fatos e Not\u00edcias","og_description":"Quest\u00e3o referiu-se a produ\u00e7\u00e3o das panelas \u00edcones da culin\u00e1ria no Esp\u00edrito Santo, produzidas em Vit\u00f3ria no bairro de Goiabeiras Tombado pelo Instituto do Patrim\u00f4nio Hist\u00f3rico e Art\u00edstico Nacional (Iphan) como Patrim\u00f4nio Imaterial, no Livro de Registro de Saberes, o of\u00edcio das paneleiras ou o saber da fabrica\u00e7\u00e3o artesanal de panelas de barro foi tema de [&hellip;]","og_url":"https:\/\/jornalfatosenoticias.com.br\/index.php\/2022\/11\/16\/fazer-secular-das-panelas-de-barro-e-tema-de-questao-do-enem-2022\/","og_site_name":"Jornal Fatos e Not\u00edcias","article_published_time":"2022-11-16T14:02:10+00:00","article_modified_time":"2022-11-16T14:02:11+00:00","og_image":[{"width":1000,"height":666,"url":"https:\/\/jornalfatosenoticias.com.br\/wp-content\/uploads\/2022\/11\/Paneleiras-de-Goiabeiras_Vitoria_Vitor-Jubini.jpg","type":"image\/jpeg"}],"author":"Luzimara Fernandes","twitter_card":"summary_large_image","twitter_misc":{"Escrito por":"Luzimara Fernandes","Est. tempo de leitura":"2 minutos"},"schema":{"@context":"https:\/\/schema.org","@graph":[{"@type":"Article","@id":"https:\/\/jornalfatosenoticias.com.br\/index.php\/2022\/11\/16\/fazer-secular-das-panelas-de-barro-e-tema-de-questao-do-enem-2022\/#article","isPartOf":{"@id":"https:\/\/jornalfatosenoticias.com.br\/index.php\/2022\/11\/16\/fazer-secular-das-panelas-de-barro-e-tema-de-questao-do-enem-2022\/"},"author":{"name":"Luzimara Fernandes","@id":"https:\/\/jornalfatosenoticias.com.br\/#\/schema\/person\/d63837fa13ac8666eb9e74e0985d6f81"},"headline":"Fazer secular das panelas de barro \u00e9 tema de quest\u00e3o do Enem 2022","datePublished":"2022-11-16T14:02:10+00:00","dateModified":"2022-11-16T14:02:11+00:00","mainEntityOfPage":{"@id":"https:\/\/jornalfatosenoticias.com.br\/index.php\/2022\/11\/16\/fazer-secular-das-panelas-de-barro-e-tema-de-questao-do-enem-2022\/"},"wordCount":362,"commentCount":0,"publisher":{"@id":"https:\/\/jornalfatosenoticias.com.br\/#organization"},"image":{"@id":"https:\/\/jornalfatosenoticias.com.br\/index.php\/2022\/11\/16\/fazer-secular-das-panelas-de-barro-e-tema-de-questao-do-enem-2022\/#primaryimage"},"thumbnailUrl":"https:\/\/jornalfatosenoticias.com.br\/wp-content\/uploads\/2022\/11\/Paneleiras-de-Goiabeiras_Vitoria_Vitor-Jubini.jpg","keywords":["Enem 2022","fazer secular das panelas de barro","Goiabeiras","panelas de barro","paneleiras de Goiabeiras","quest\u00e3o do Enem"],"articleSection":["Educa\u00e7\u00e3o"],"inLanguage":"pt-BR","potentialAction":[{"@type":"CommentAction","name":"Comment","target":["https:\/\/jornalfatosenoticias.com.br\/index.php\/2022\/11\/16\/fazer-secular-das-panelas-de-barro-e-tema-de-questao-do-enem-2022\/#respond"]}]},{"@type":"WebPage","@id":"https:\/\/jornalfatosenoticias.com.br\/index.php\/2022\/11\/16\/fazer-secular-das-panelas-de-barro-e-tema-de-questao-do-enem-2022\/","url":"https:\/\/jornalfatosenoticias.com.br\/index.php\/2022\/11\/16\/fazer-secular-das-panelas-de-barro-e-tema-de-questao-do-enem-2022\/","name":"Fazer secular das panelas de barro \u00e9 tema de quest\u00e3o do Enem 2022 - Jornal Fatos e Not\u00edcias","isPartOf":{"@id":"https:\/\/jornalfatosenoticias.com.br\/#website"},"primaryImageOfPage":{"@id":"https:\/\/jornalfatosenoticias.com.br\/index.php\/2022\/11\/16\/fazer-secular-das-panelas-de-barro-e-tema-de-questao-do-enem-2022\/#primaryimage"},"image":{"@id":"https:\/\/jornalfatosenoticias.com.br\/index.php\/2022\/11\/16\/fazer-secular-das-panelas-de-barro-e-tema-de-questao-do-enem-2022\/#primaryimage"},"thumbnailUrl":"https:\/\/jornalfatosenoticias.com.br\/wp-content\/uploads\/2022\/11\/Paneleiras-de-Goiabeiras_Vitoria_Vitor-Jubini.jpg","datePublished":"2022-11-16T14:02:10+00:00","dateModified":"2022-11-16T14:02:11+00:00","breadcrumb":{"@id":"https:\/\/jornalfatosenoticias.com.br\/index.php\/2022\/11\/16\/fazer-secular-das-panelas-de-barro-e-tema-de-questao-do-enem-2022\/#breadcrumb"},"inLanguage":"pt-BR","potentialAction":[{"@type":"ReadAction","target":["https:\/\/jornalfatosenoticias.com.br\/index.php\/2022\/11\/16\/fazer-secular-das-panelas-de-barro-e-tema-de-questao-do-enem-2022\/"]}]},{"@type":"ImageObject","inLanguage":"pt-BR","@id":"https:\/\/jornalfatosenoticias.com.br\/index.php\/2022\/11\/16\/fazer-secular-das-panelas-de-barro-e-tema-de-questao-do-enem-2022\/#primaryimage","url":"https:\/\/jornalfatosenoticias.com.br\/wp-content\/uploads\/2022\/11\/Paneleiras-de-Goiabeiras_Vitoria_Vitor-Jubini.jpg","contentUrl":"https:\/\/jornalfatosenoticias.com.br\/wp-content\/uploads\/2022\/11\/Paneleiras-de-Goiabeiras_Vitoria_Vitor-Jubini.jpg","width":1000,"height":666},{"@type":"BreadcrumbList","@id":"https:\/\/jornalfatosenoticias.com.br\/index.php\/2022\/11\/16\/fazer-secular-das-panelas-de-barro-e-tema-de-questao-do-enem-2022\/#breadcrumb","itemListElement":[{"@type":"ListItem","position":1,"name":"In\u00edcio","item":"https:\/\/jornalfatosenoticias.com.br\/"},{"@type":"ListItem","position":2,"name":"Fazer secular das panelas de barro \u00e9 tema de quest\u00e3o do Enem 2022"}]},{"@type":"WebSite","@id":"https:\/\/jornalfatosenoticias.com.br\/#website","url":"https:\/\/jornalfatosenoticias.com.br\/","name":"Jornal Fatos e Not\u00edcias","description":"Not\u00edcias em geral","publisher":{"@id":"https:\/\/jornalfatosenoticias.com.br\/#organization"},"potentialAction":[{"@type":"SearchAction","target":{"@type":"EntryPoint","urlTemplate":"https:\/\/jornalfatosenoticias.com.br\/?s={search_term_string}"},"query-input":{"@type":"PropertyValueSpecification","valueRequired":true,"valueName":"search_term_string"}}],"inLanguage":"pt-BR"},{"@type":"Organization","@id":"https:\/\/jornalfatosenoticias.com.br\/#organization","name":"Jornal Fatos e Not\u00edcias","url":"https:\/\/jornalfatosenoticias.com.br\/","logo":{"@type":"ImageObject","inLanguage":"pt-BR","@id":"https:\/\/jornalfatosenoticias.com.br\/#\/schema\/logo\/image\/","url":"https:\/\/jornalfatosenoticias.com.br\/wp-content\/uploads\/2020\/02\/logo120.png","contentUrl":"https:\/\/jornalfatosenoticias.com.br\/wp-content\/uploads\/2020\/02\/logo120.png","width":1227,"height":120,"caption":"Jornal Fatos e Not\u00edcias"},"image":{"@id":"https:\/\/jornalfatosenoticias.com.br\/#\/schema\/logo\/image\/"}},{"@type":"Person","@id":"https:\/\/jornalfatosenoticias.com.br\/#\/schema\/person\/d63837fa13ac8666eb9e74e0985d6f81","name":"Luzimara Fernandes","image":{"@type":"ImageObject","inLanguage":"pt-BR","@id":"https:\/\/jornalfatosenoticias.com.br\/#\/schema\/person\/image\/","url":"https:\/\/jornalfatosenoticias.com.br\/wp-content\/uploads\/2025\/05\/EU_portal.jpg","contentUrl":"https:\/\/jornalfatosenoticias.com.br\/wp-content\/uploads\/2025\/05\/EU_portal.jpg","caption":"Luzimara Fernandes"},"description":"Jornalista MTB 2358-ES","sameAs":["https:\/\/jornalfatosenoticias.com.br"],"url":"https:\/\/jornalfatosenoticias.com.br\/index.php\/author\/luzimara\/"}]}},"cc_featured_image_caption":{"caption_text":"(Foto: Vitor Jubini) ","source_text":"","source_url":""},"jetpack_featured_media_url":"https:\/\/jornalfatosenoticias.com.br\/wp-content\/uploads\/2022\/11\/Paneleiras-de-Goiabeiras_Vitoria_Vitor-Jubini.jpg","_links":{"self":[{"href":"https:\/\/jornalfatosenoticias.com.br\/index.php\/wp-json\/wp\/v2\/posts\/36037","targetHints":{"allow":["GET"]}}],"collection":[{"href":"https:\/\/jornalfatosenoticias.com.br\/index.php\/wp-json\/wp\/v2\/posts"}],"about":[{"href":"https:\/\/jornalfatosenoticias.com.br\/index.php\/wp-json\/wp\/v2\/types\/post"}],"author":[{"embeddable":true,"href":"https:\/\/jornalfatosenoticias.com.br\/index.php\/wp-json\/wp\/v2\/users\/2"}],"replies":[{"embeddable":true,"href":"https:\/\/jornalfatosenoticias.com.br\/index.php\/wp-json\/wp\/v2\/comments?post=36037"}],"version-history":[{"count":0,"href":"https:\/\/jornalfatosenoticias.com.br\/index.php\/wp-json\/wp\/v2\/posts\/36037\/revisions"}],"wp:featuredmedia":[{"embeddable":true,"href":"https:\/\/jornalfatosenoticias.com.br\/index.php\/wp-json\/wp\/v2\/media\/36038"}],"wp:attachment":[{"href":"https:\/\/jornalfatosenoticias.com.br\/index.php\/wp-json\/wp\/v2\/media?parent=36037"}],"wp:term":[{"taxonomy":"category","embeddable":true,"href":"https:\/\/jornalfatosenoticias.com.br\/index.php\/wp-json\/wp\/v2\/categories?post=36037"},{"taxonomy":"post_tag","embeddable":true,"href":"https:\/\/jornalfatosenoticias.com.br\/index.php\/wp-json\/wp\/v2\/tags?post=36037"}],"curies":[{"name":"wp","href":"https:\/\/api.w.org\/{rel}","templated":true}]}}