{"id":36078,"date":"2022-11-17T14:38:26","date_gmt":"2022-11-17T17:38:26","guid":{"rendered":"https:\/\/jornalfatosenoticias.com.br\/?p=36078"},"modified":"2022-11-17T14:38:29","modified_gmt":"2022-11-17T17:38:29","slug":"nova-terapia-devolve-movimentos-a-pessoas-com-paralisia","status":"publish","type":"post","link":"https:\/\/jornalfatosenoticias.com.br\/index.php\/2022\/11\/17\/nova-terapia-devolve-movimentos-a-pessoas-com-paralisia\/","title":{"rendered":"Nova terapia devolve movimentos a pessoas com paralisia"},"content":{"rendered":"\n<p><em><span class=\"has-inline-color has-black-color\">Tratamento revolucion\u00e1rio ajudou nove pacientes com les\u00f5es cr\u00f4nicas na coluna<\/span><\/em><\/p>\n\n\n\n<div class=\"wp-block-image\"><figure class=\"aligncenter size-large\"><img loading=\"lazy\" decoding=\"async\" width=\"1024\" height=\"103\" src=\"https:\/\/jornalfatosenoticias.com.br\/wp-content\/uploads\/2022\/02\/Arte-Autoescola-Galatas_endereco_portal-1024x103.png\" alt=\"\" class=\"wp-image-27869\" srcset=\"https:\/\/jornalfatosenoticias.com.br\/wp-content\/uploads\/2022\/02\/Arte-Autoescola-Galatas_endereco_portal-1024x103.png 1024w, https:\/\/jornalfatosenoticias.com.br\/wp-content\/uploads\/2022\/02\/Arte-Autoescola-Galatas_endereco_portal-300x30.png 300w, https:\/\/jornalfatosenoticias.com.br\/wp-content\/uploads\/2022\/02\/Arte-Autoescola-Galatas_endereco_portal-768x77.png 768w, https:\/\/jornalfatosenoticias.com.br\/wp-content\/uploads\/2022\/02\/Arte-Autoescola-Galatas_endereco_portal.png 1223w\" sizes=\"auto, (max-width: 1024px) 100vw, 1024px\" \/><\/figure><\/div>\n\n\n\n<p><a href=\"https:\/\/olhardigital.com.br\/tag\/pesquisadores\/\" target=\"_blank\" rel=\"noreferrer noopener\">Pesquisadores<\/a>\u00a0su\u00ed\u00e7os descobriram uma forma de devolver os movimentos de pessoas com paralisia grave parcial ou completa nos membros inferiores devido dano \u00e0 medula espinhal. De acordo com o estudo, publicado na revista cient\u00edfica\u00a0<em>Nature<\/em>, o segredo est\u00e1 em uma mistura de estimula\u00e7\u00e3o el\u00e9trica\u00a0<a href=\"https:\/\/olhardigital.com.br\/tag\/celulas\/\" target=\"_blank\" rel=\"noreferrer noopener\">celular<\/a> e fisioterapia intensa.<\/p>\n\n\n\n<div class=\"wp-block-image\"><figure class=\"aligncenter size-large is-resized\"><img loading=\"lazy\" decoding=\"async\" src=\"https:\/\/jornalfatosenoticias.com.br\/wp-content\/uploads\/2022\/02\/Precisao-Contabilidade-1024x724.jpg\" alt=\"\" class=\"wp-image-28088\" width=\"318\" height=\"225\"\/><\/figure><\/div>\n\n\n\n<p>A forma de terapia, chamada de estimula\u00e7\u00e3o el\u00e9trica epidural (EES), foi testada primeiro em um modelo animal, para entender o funcionamento das c\u00e9lulas e as diferen\u00e7as entre humanos e animais, posteriormente, o experimento foi aplicado em nove pessoas com les\u00f5es cr\u00f4nicas na coluna e com pouca ou nenhuma sensa\u00e7\u00e3o nas pernas; surpreendentemente, as nove voltaram a andar. Todos os volunt\u00e1rios relataram melhorias quase que imediatas, que continuaram evoluindo mesmo ap\u00f3s os cinco meses de tratamento.<\/p>\n\n\n\n<div class=\"wp-block-image\"><figure class=\"alignleft size-large is-resized\"><img loading=\"lazy\" decoding=\"async\" src=\"https:\/\/jornalfatosenoticias.com.br\/wp-content\/uploads\/2020\/02\/logo-clinica-limoeiro.jpg\" alt=\"\" class=\"wp-image-34610\" width=\"335\" height=\"238\"\/><\/figure><\/div>\n\n\n\n<p><strong><span class=\"has-inline-color has-black-color\">Como funciona a terapia EES?<br><\/span><\/strong>Pesquisas anteriores j\u00e1 haviam demonstrado que a estimula\u00e7\u00e3o el\u00e9trica da medula espinhal pode reverter a paralisia, mas o motivo da remiss\u00e3o nunca ficou muito claro. Les\u00f5es na medula espinhal podem interromper a cadeia de sinais do <a href=\"https:\/\/olhardigital.com.br\/tag\/cerebro\/\" target=\"_blank\" rel=\"noreferrer noopener\">c\u00e9rebro<\/a>, impedindo comandos para andar, mesmo que neur\u00f4nios lombares espec\u00edficos ainda estejam intactos. Ap\u00f3s descobrir quais eram esses neur\u00f4nios (ou c\u00e9lulas nervosas) respons\u00e1veis pelo ato de caminhar, a equipe ent\u00e3o decidiu estimul\u00e1-los a partir do m\u00e9todo.<\/p>\n\n\n\n<div class=\"wp-block-image\"><figure class=\"aligncenter size-large\"><img loading=\"lazy\" decoding=\"async\" width=\"1024\" height=\"99\" src=\"https:\/\/jornalfatosenoticias.com.br\/wp-content\/uploads\/2020\/02\/Logo-Mizu-segunda-2-1024x99.png\" alt=\"\" class=\"wp-image-2353\" srcset=\"https:\/\/jornalfatosenoticias.com.br\/wp-content\/uploads\/2020\/02\/Logo-Mizu-segunda-2-1024x99.png 1024w, https:\/\/jornalfatosenoticias.com.br\/wp-content\/uploads\/2020\/02\/Logo-Mizu-segunda-2-300x29.png 300w, https:\/\/jornalfatosenoticias.com.br\/wp-content\/uploads\/2020\/02\/Logo-Mizu-segunda-2-768x74.png 768w, https:\/\/jornalfatosenoticias.com.br\/wp-content\/uploads\/2020\/02\/Logo-Mizu-segunda-2.png 1240w\" sizes=\"auto, (max-width: 1024px) 100vw, 1024px\" \/><\/figure><\/div>\n\n\n\n<p>O est\u00edmulo ocorreu com a ajuda de um neurotransmissor implantado cirurgicamente na coluna dos volunt\u00e1rios. Eles tamb\u00e9m foram submetidos a um processo de \u2018neurorreabilita\u00e7\u00e3o\u2019 intensiva que envolveu um sistema de suporte rob\u00f3tico que os auxiliava enquanto se moviam em v\u00e1rias dire\u00e7\u00f5es.<\/p>\n\n\n\n<div class=\"wp-block-image\"><figure class=\"aligncenter size-large\"><img decoding=\"async\" src=\"https:\/\/jornalfatosenoticias.com.br\/wp-content\/uploads\/2020\/02\/logo_esteio.jpg\" alt=\"\" class=\"wp-image-1214\"\/><\/figure><\/div>\n\n\n\n<p>Ao fim da terapia, todos os nove pacientes j\u00e1 conseguiam suportar seu pr\u00f3prio peso e dar passos com a ajuda de um andador para estabilidade. Deles, quatro n\u00e3o precisaram mais do EES ligado para andar. A recupera\u00e7\u00e3o sugere que a estimula\u00e7\u00e3o desencadeia a remodela\u00e7\u00e3o dos neur\u00f4nios espinhais, trazendo de volta a capacidade de locomo\u00e7\u00e3o.<\/p>\n\n\n\n<div class=\"wp-block-image\"><figure class=\"alignright size-large\"><img decoding=\"async\" src=\"https:\/\/jornalfatosenoticias.com.br\/wp-content\/uploads\/2020\/02\/barao-das-carnes-300x164-1.jpg\" alt=\"\" class=\"wp-image-34339\"\/><\/figure><\/div>\n\n\n\n<p>Al\u00e9m disso, a equipe tamb\u00e9m observou que, durante o ato da caminhada, menos neur\u00f4nios ficavam ativados, o que segundo o neurocientista Gr\u00e9goire Courtine, do Instituto Federal Su\u00ed\u00e7o de Tecnologia em Lausanne, significa que o c\u00e9rebro j\u00e1 est\u00e1 adaptado \u00e0quela a\u00e7\u00e3o.<\/p>\n\n\n\n<figure class=\"wp-block-image size-large\"><img loading=\"lazy\" decoding=\"async\" width=\"1000\" height=\"562\" src=\"https:\/\/jornalfatosenoticias.com.br\/wp-content\/uploads\/2022\/11\/NOVA-TERAPIA-paraplegia_coluna-vertebral2.jpg\" alt=\"\" class=\"wp-image-36079\" srcset=\"https:\/\/jornalfatosenoticias.com.br\/wp-content\/uploads\/2022\/11\/NOVA-TERAPIA-paraplegia_coluna-vertebral2.jpg 1000w, https:\/\/jornalfatosenoticias.com.br\/wp-content\/uploads\/2022\/11\/NOVA-TERAPIA-paraplegia_coluna-vertebral2-300x169.jpg 300w, https:\/\/jornalfatosenoticias.com.br\/wp-content\/uploads\/2022\/11\/NOVA-TERAPIA-paraplegia_coluna-vertebral2-768x432.jpg 768w\" sizes=\"auto, (max-width: 1000px) 100vw, 1000px\" \/><figcaption><em><span class=\"has-inline-color has-black-color\">(Foto: Shutterstock\/Magic mine)<\/span><\/em><\/figcaption><\/figure>\n\n\n\n<figure class=\"wp-block-pullquote\"><blockquote><p><span class=\"has-inline-color has-luminous-vivid-orange-color\">Quando voc\u00ea pensa sobre isso, n\u00e3o deveria ser uma surpresa, porque no c\u00e9rebro, quando voc\u00ea aprende uma tarefa, \u00e9 exatamente isso que voc\u00ea v\u00ea \u2014 h\u00e1 cada vez menos neur\u00f4nios ativados \u00e0 medida que voc\u00ea ficar melhor nisso\u201d, explicou o especialista \u00e0 revista cient\u00edfica, a qual tamb\u00e9m publicou o <a href=\"https:\/\/www.nature.com\/articles\/s41586-022-05385-7\" target=\"_blank\" rel=\"noreferrer noopener\">estudo original<\/a>.\u00a0<\/span><\/p><\/blockquote><\/figure>\n\n\n\n<div class=\"wp-block-image\"><figure class=\"aligncenter size-large is-resized\"><img loading=\"lazy\" decoding=\"async\" src=\"https:\/\/jornalfatosenoticias.com.br\/wp-content\/uploads\/2022\/07\/Logo-Grupo-SEI.jpg\" alt=\"\" class=\"wp-image-31973\" width=\"326\" height=\"171\" srcset=\"https:\/\/jornalfatosenoticias.com.br\/wp-content\/uploads\/2022\/07\/Logo-Grupo-SEI.jpg 713w, https:\/\/jornalfatosenoticias.com.br\/wp-content\/uploads\/2022\/07\/Logo-Grupo-SEI-300x158.jpg 300w\" sizes=\"auto, (max-width: 326px) 100vw, 326px\" \/><\/figure><\/div>\n\n\n\n<figure class=\"wp-block-pullquote\"><blockquote><p><span class=\"has-inline-color has-luminous-vivid-orange-color\">A quantidade de esperan\u00e7a que d\u00e1 \u00e0s pessoas com les\u00e3o na medula espinhal \u00e9 incr\u00edvel\u201d, acrescentou Marc Ruitenberg, neurologista da Universidade de Queensland em Brisbane, Austr\u00e1lia, que estuda les\u00f5es na medula espinhal.<\/span><\/p><\/blockquote><\/figure>\n\n\n\n<div class=\"wp-block-image\"><figure class=\"aligncenter size-large\"><img loading=\"lazy\" decoding=\"async\" width=\"1024\" height=\"111\" src=\"https:\/\/jornalfatosenoticias.com.br\/wp-content\/uploads\/2020\/02\/WhatsApp-Image-2022-09-23-at-12.09.18-1024x111.jpeg\" alt=\"\" class=\"wp-image-34527\" srcset=\"https:\/\/jornalfatosenoticias.com.br\/wp-content\/uploads\/2020\/02\/WhatsApp-Image-2022-09-23-at-12.09.18-1024x111.jpeg 1024w, https:\/\/jornalfatosenoticias.com.br\/wp-content\/uploads\/2020\/02\/WhatsApp-Image-2022-09-23-at-12.09.18-300x32.jpeg 300w, https:\/\/jornalfatosenoticias.com.br\/wp-content\/uploads\/2020\/02\/WhatsApp-Image-2022-09-23-at-12.09.18-768x83.jpeg 768w, https:\/\/jornalfatosenoticias.com.br\/wp-content\/uploads\/2020\/02\/WhatsApp-Image-2022-09-23-at-12.09.18.jpeg 1121w\" sizes=\"auto, (max-width: 1024px) 100vw, 1024px\" \/><\/figure><\/div>\n\n\n\n<p>O grupo pontuou que, claro, h\u00e1 muito ainda a ser investigado, principalmente porque o atual processo \u00e9 apenas um componente de uma cadeia muito complicada e complexa de mensagens e c\u00e9lulas receptoras. Contudo, pode-se afirmar que \u201cesses experimentos confirmaram que a participa\u00e7\u00e3o de alguns neur\u00f4nios [especificamente os SC Vsx2::Hoxa10, conforme o estudo] \u00e9 um requisito fundamental para a recupera\u00e7\u00e3o da caminhada ap\u00f3s a paralisia\u201d, conclu\u00edram.<\/p>\n\n\n\n<div class=\"wp-block-image\"><figure class=\"aligncenter size-large\"><img loading=\"lazy\" decoding=\"async\" width=\"300\" height=\"250\" src=\"https:\/\/jornalfatosenoticias.com.br\/wp-content\/uploads\/2022\/08\/arte-Casarao.jpg\" alt=\"\" class=\"wp-image-33178\"\/><\/figure><\/div>\n\n\n\n<p>Para Courtine, embora a volta dos movimentos seja um avan\u00e7o importante, os pr\u00f3ximos passos da equipe incluem trabalhos com os membros superiores (bra\u00e7o, antebra\u00e7o e m\u00e3o), al\u00e9m de descobrir uma forma de tamb\u00e9m devolver a essas pessoas o controle da bexiga, do intestino e da fun\u00e7\u00e3o sexual.<\/p>\n\n\n\n<div class=\"wp-block-image\"><figure class=\"aligncenter size-large\"><img loading=\"lazy\" decoding=\"async\" width=\"560\" height=\"60\" src=\"https:\/\/jornalfatosenoticias.com.br\/wp-content\/uploads\/2022\/10\/Propaganda-RC-Radiadores-Jornal_page-0001.jpg\" alt=\"\" class=\"wp-image-35270\" srcset=\"https:\/\/jornalfatosenoticias.com.br\/wp-content\/uploads\/2022\/10\/Propaganda-RC-Radiadores-Jornal_page-0001.jpg 560w, https:\/\/jornalfatosenoticias.com.br\/wp-content\/uploads\/2022\/10\/Propaganda-RC-Radiadores-Jornal_page-0001-300x32.jpg 300w\" sizes=\"auto, (max-width: 560px) 100vw, 560px\" \/><\/figure><\/div>\n\n\n\n<p>Confira aqui <a href=\"https:\/\/www.nature.com\/articles\/d41586-022-03605-8\" target=\"_blank\" rel=\"noreferrer noopener\">artigo completo<\/a>.<\/p>\n\n\n\n<p><strong><em>Fonte: <a href=\"https:\/\/olhardigital.com.br\/2022\/11\/10\/medicina-e-saude\/nova-terapia-devolve-movimentos-a-pessoas-com-paralisia\/amp\/\">Olhar Digital<\/a><\/em><\/strong><\/p>\n","protected":false},"excerpt":{"rendered":"<p>Tratamento revolucion\u00e1rio ajudou nove pacientes com les\u00f5es cr\u00f4nicas na coluna Pesquisadores\u00a0su\u00ed\u00e7os descobriram uma forma de devolver os movimentos de pessoas com paralisia grave parcial ou completa nos membros inferiores devido dano \u00e0 medula espinhal. De acordo com o estudo, publicado na revista cient\u00edfica\u00a0Nature, o segredo est\u00e1 em uma mistura de estimula\u00e7\u00e3o el\u00e9trica\u00a0celular e fisioterapia intensa. [&hellip;]<\/p>\n","protected":false},"author":2,"featured_media":36080,"comment_status":"open","ping_status":"open","sticky":false,"template":"","format":"standard","meta":{"footnotes":""},"categories":[11],"tags":[7019,16939,6450,11964,2344,16938,16940],"class_list":["post-36078","post","type-post","status-publish","format-standard","has-post-thumbnail","hentry","category-saude","tag-estudo-cientifico","tag-lesoes-cronicas-na-coluna","tag-movimentos","tag-nova-terapia","tag-pacientes","tag-paralisia","tag-tratamento-revolucionario"],"yoast_head":"<!-- This site is optimized with the Yoast SEO plugin v26.5 - https:\/\/yoast.com\/wordpress\/plugins\/seo\/ -->\n<title>Nova terapia devolve movimentos a pessoas com paralisia - Jornal Fatos e Not\u00edcias<\/title>\n<meta name=\"robots\" content=\"index, follow, max-snippet:-1, max-image-preview:large, max-video-preview:-1\" \/>\n<link rel=\"canonical\" href=\"https:\/\/jornalfatosenoticias.com.br\/index.php\/2022\/11\/17\/nova-terapia-devolve-movimentos-a-pessoas-com-paralisia\/\" \/>\n<meta property=\"og:locale\" content=\"pt_BR\" \/>\n<meta property=\"og:type\" content=\"article\" \/>\n<meta property=\"og:title\" content=\"Nova terapia devolve movimentos a pessoas com paralisia - Jornal Fatos e Not\u00edcias\" \/>\n<meta property=\"og:description\" content=\"Tratamento revolucion\u00e1rio ajudou nove pacientes com les\u00f5es cr\u00f4nicas na coluna Pesquisadores\u00a0su\u00ed\u00e7os descobriram uma forma de devolver os movimentos de pessoas com paralisia grave parcial ou completa nos membros inferiores devido dano \u00e0 medula espinhal. De acordo com o estudo, publicado na revista cient\u00edfica\u00a0Nature, o segredo est\u00e1 em uma mistura de estimula\u00e7\u00e3o el\u00e9trica\u00a0celular e fisioterapia intensa. [&hellip;]\" \/>\n<meta property=\"og:url\" content=\"https:\/\/jornalfatosenoticias.com.br\/index.php\/2022\/11\/17\/nova-terapia-devolve-movimentos-a-pessoas-com-paralisia\/\" \/>\n<meta property=\"og:site_name\" content=\"Jornal Fatos e Not\u00edcias\" \/>\n<meta property=\"article:published_time\" content=\"2022-11-17T17:38:26+00:00\" \/>\n<meta property=\"article:modified_time\" content=\"2022-11-17T17:38:29+00:00\" \/>\n<meta property=\"og:image\" content=\"https:\/\/jornalfatosenoticias.com.br\/wp-content\/uploads\/2022\/11\/NOVA-TERAPIA-paraplegia.jpg\" \/>\n\t<meta property=\"og:image:width\" content=\"1000\" \/>\n\t<meta property=\"og:image:height\" content=\"666\" \/>\n\t<meta property=\"og:image:type\" content=\"image\/jpeg\" \/>\n<meta name=\"author\" content=\"Luzimara Fernandes\" \/>\n<meta name=\"twitter:card\" content=\"summary_large_image\" \/>\n<meta name=\"twitter:label1\" content=\"Escrito por\" \/>\n\t<meta name=\"twitter:data1\" content=\"Luzimara Fernandes\" \/>\n\t<meta name=\"twitter:label2\" content=\"Est. tempo de leitura\" \/>\n\t<meta name=\"twitter:data2\" content=\"3 minutos\" \/>\n<script type=\"application\/ld+json\" class=\"yoast-schema-graph\">{\"@context\":\"https:\/\/schema.org\",\"@graph\":[{\"@type\":\"Article\",\"@id\":\"https:\/\/jornalfatosenoticias.com.br\/index.php\/2022\/11\/17\/nova-terapia-devolve-movimentos-a-pessoas-com-paralisia\/#article\",\"isPartOf\":{\"@id\":\"https:\/\/jornalfatosenoticias.com.br\/index.php\/2022\/11\/17\/nova-terapia-devolve-movimentos-a-pessoas-com-paralisia\/\"},\"author\":{\"name\":\"Luzimara Fernandes\",\"@id\":\"https:\/\/jornalfatosenoticias.com.br\/#\/schema\/person\/d63837fa13ac8666eb9e74e0985d6f81\"},\"headline\":\"Nova terapia devolve movimentos a pessoas com paralisia\",\"datePublished\":\"2022-11-17T17:38:26+00:00\",\"dateModified\":\"2022-11-17T17:38:29+00:00\",\"mainEntityOfPage\":{\"@id\":\"https:\/\/jornalfatosenoticias.com.br\/index.php\/2022\/11\/17\/nova-terapia-devolve-movimentos-a-pessoas-com-paralisia\/\"},\"wordCount\":627,\"commentCount\":0,\"publisher\":{\"@id\":\"https:\/\/jornalfatosenoticias.com.br\/#organization\"},\"image\":{\"@id\":\"https:\/\/jornalfatosenoticias.com.br\/index.php\/2022\/11\/17\/nova-terapia-devolve-movimentos-a-pessoas-com-paralisia\/#primaryimage\"},\"thumbnailUrl\":\"https:\/\/jornalfatosenoticias.com.br\/wp-content\/uploads\/2022\/11\/NOVA-TERAPIA-paraplegia.jpg\",\"keywords\":[\"estudo cient\u00edfico\",\"les\u00f5es cr\u00f4nicas na coluna\",\"movimentos\",\"nova terapia\",\"pacientes\",\"paralisia\",\"tratamento revolucion\u00e1rio\"],\"articleSection\":[\"Sa\u00fade\"],\"inLanguage\":\"pt-BR\",\"potentialAction\":[{\"@type\":\"CommentAction\",\"name\":\"Comment\",\"target\":[\"https:\/\/jornalfatosenoticias.com.br\/index.php\/2022\/11\/17\/nova-terapia-devolve-movimentos-a-pessoas-com-paralisia\/#respond\"]}]},{\"@type\":\"WebPage\",\"@id\":\"https:\/\/jornalfatosenoticias.com.br\/index.php\/2022\/11\/17\/nova-terapia-devolve-movimentos-a-pessoas-com-paralisia\/\",\"url\":\"https:\/\/jornalfatosenoticias.com.br\/index.php\/2022\/11\/17\/nova-terapia-devolve-movimentos-a-pessoas-com-paralisia\/\",\"name\":\"Nova terapia devolve movimentos a pessoas com paralisia - Jornal Fatos e Not\u00edcias\",\"isPartOf\":{\"@id\":\"https:\/\/jornalfatosenoticias.com.br\/#website\"},\"primaryImageOfPage\":{\"@id\":\"https:\/\/jornalfatosenoticias.com.br\/index.php\/2022\/11\/17\/nova-terapia-devolve-movimentos-a-pessoas-com-paralisia\/#primaryimage\"},\"image\":{\"@id\":\"https:\/\/jornalfatosenoticias.com.br\/index.php\/2022\/11\/17\/nova-terapia-devolve-movimentos-a-pessoas-com-paralisia\/#primaryimage\"},\"thumbnailUrl\":\"https:\/\/jornalfatosenoticias.com.br\/wp-content\/uploads\/2022\/11\/NOVA-TERAPIA-paraplegia.jpg\",\"datePublished\":\"2022-11-17T17:38:26+00:00\",\"dateModified\":\"2022-11-17T17:38:29+00:00\",\"breadcrumb\":{\"@id\":\"https:\/\/jornalfatosenoticias.com.br\/index.php\/2022\/11\/17\/nova-terapia-devolve-movimentos-a-pessoas-com-paralisia\/#breadcrumb\"},\"inLanguage\":\"pt-BR\",\"potentialAction\":[{\"@type\":\"ReadAction\",\"target\":[\"https:\/\/jornalfatosenoticias.com.br\/index.php\/2022\/11\/17\/nova-terapia-devolve-movimentos-a-pessoas-com-paralisia\/\"]}]},{\"@type\":\"ImageObject\",\"inLanguage\":\"pt-BR\",\"@id\":\"https:\/\/jornalfatosenoticias.com.br\/index.php\/2022\/11\/17\/nova-terapia-devolve-movimentos-a-pessoas-com-paralisia\/#primaryimage\",\"url\":\"https:\/\/jornalfatosenoticias.com.br\/wp-content\/uploads\/2022\/11\/NOVA-TERAPIA-paraplegia.jpg\",\"contentUrl\":\"https:\/\/jornalfatosenoticias.com.br\/wp-content\/uploads\/2022\/11\/NOVA-TERAPIA-paraplegia.jpg\",\"width\":1000,\"height\":666},{\"@type\":\"BreadcrumbList\",\"@id\":\"https:\/\/jornalfatosenoticias.com.br\/index.php\/2022\/11\/17\/nova-terapia-devolve-movimentos-a-pessoas-com-paralisia\/#breadcrumb\",\"itemListElement\":[{\"@type\":\"ListItem\",\"position\":1,\"name\":\"In\u00edcio\",\"item\":\"https:\/\/jornalfatosenoticias.com.br\/\"},{\"@type\":\"ListItem\",\"position\":2,\"name\":\"Nova terapia devolve movimentos a pessoas com paralisia\"}]},{\"@type\":\"WebSite\",\"@id\":\"https:\/\/jornalfatosenoticias.com.br\/#website\",\"url\":\"https:\/\/jornalfatosenoticias.com.br\/\",\"name\":\"Jornal Fatos e Not\u00edcias\",\"description\":\"Not\u00edcias em geral\",\"publisher\":{\"@id\":\"https:\/\/jornalfatosenoticias.com.br\/#organization\"},\"potentialAction\":[{\"@type\":\"SearchAction\",\"target\":{\"@type\":\"EntryPoint\",\"urlTemplate\":\"https:\/\/jornalfatosenoticias.com.br\/?s={search_term_string}\"},\"query-input\":{\"@type\":\"PropertyValueSpecification\",\"valueRequired\":true,\"valueName\":\"search_term_string\"}}],\"inLanguage\":\"pt-BR\"},{\"@type\":\"Organization\",\"@id\":\"https:\/\/jornalfatosenoticias.com.br\/#organization\",\"name\":\"Jornal Fatos e Not\u00edcias\",\"url\":\"https:\/\/jornalfatosenoticias.com.br\/\",\"logo\":{\"@type\":\"ImageObject\",\"inLanguage\":\"pt-BR\",\"@id\":\"https:\/\/jornalfatosenoticias.com.br\/#\/schema\/logo\/image\/\",\"url\":\"https:\/\/jornalfatosenoticias.com.br\/wp-content\/uploads\/2020\/02\/logo120.png\",\"contentUrl\":\"https:\/\/jornalfatosenoticias.com.br\/wp-content\/uploads\/2020\/02\/logo120.png\",\"width\":1227,\"height\":120,\"caption\":\"Jornal Fatos e Not\u00edcias\"},\"image\":{\"@id\":\"https:\/\/jornalfatosenoticias.com.br\/#\/schema\/logo\/image\/\"}},{\"@type\":\"Person\",\"@id\":\"https:\/\/jornalfatosenoticias.com.br\/#\/schema\/person\/d63837fa13ac8666eb9e74e0985d6f81\",\"name\":\"Luzimara Fernandes\",\"image\":{\"@type\":\"ImageObject\",\"inLanguage\":\"pt-BR\",\"@id\":\"https:\/\/jornalfatosenoticias.com.br\/#\/schema\/person\/image\/\",\"url\":\"https:\/\/jornalfatosenoticias.com.br\/wp-content\/uploads\/2025\/05\/EU_portal.jpg\",\"contentUrl\":\"https:\/\/jornalfatosenoticias.com.br\/wp-content\/uploads\/2025\/05\/EU_portal.jpg\",\"caption\":\"Luzimara Fernandes\"},\"description\":\"Jornalista MTB 2358-ES\",\"sameAs\":[\"https:\/\/jornalfatosenoticias.com.br\"],\"url\":\"https:\/\/jornalfatosenoticias.com.br\/index.php\/author\/luzimara\/\"}]}<\/script>\n<!-- \/ Yoast SEO plugin. -->","yoast_head_json":{"title":"Nova terapia devolve movimentos a pessoas com paralisia - Jornal Fatos e Not\u00edcias","robots":{"index":"index","follow":"follow","max-snippet":"max-snippet:-1","max-image-preview":"max-image-preview:large","max-video-preview":"max-video-preview:-1"},"canonical":"https:\/\/jornalfatosenoticias.com.br\/index.php\/2022\/11\/17\/nova-terapia-devolve-movimentos-a-pessoas-com-paralisia\/","og_locale":"pt_BR","og_type":"article","og_title":"Nova terapia devolve movimentos a pessoas com paralisia - Jornal Fatos e Not\u00edcias","og_description":"Tratamento revolucion\u00e1rio ajudou nove pacientes com les\u00f5es cr\u00f4nicas na coluna Pesquisadores\u00a0su\u00ed\u00e7os descobriram uma forma de devolver os movimentos de pessoas com paralisia grave parcial ou completa nos membros inferiores devido dano \u00e0 medula espinhal. De acordo com o estudo, publicado na revista cient\u00edfica\u00a0Nature, o segredo est\u00e1 em uma mistura de estimula\u00e7\u00e3o el\u00e9trica\u00a0celular e fisioterapia intensa. [&hellip;]","og_url":"https:\/\/jornalfatosenoticias.com.br\/index.php\/2022\/11\/17\/nova-terapia-devolve-movimentos-a-pessoas-com-paralisia\/","og_site_name":"Jornal Fatos e Not\u00edcias","article_published_time":"2022-11-17T17:38:26+00:00","article_modified_time":"2022-11-17T17:38:29+00:00","og_image":[{"width":1000,"height":666,"url":"https:\/\/jornalfatosenoticias.com.br\/wp-content\/uploads\/2022\/11\/NOVA-TERAPIA-paraplegia.jpg","type":"image\/jpeg"}],"author":"Luzimara Fernandes","twitter_card":"summary_large_image","twitter_misc":{"Escrito por":"Luzimara Fernandes","Est. tempo de leitura":"3 minutos"},"schema":{"@context":"https:\/\/schema.org","@graph":[{"@type":"Article","@id":"https:\/\/jornalfatosenoticias.com.br\/index.php\/2022\/11\/17\/nova-terapia-devolve-movimentos-a-pessoas-com-paralisia\/#article","isPartOf":{"@id":"https:\/\/jornalfatosenoticias.com.br\/index.php\/2022\/11\/17\/nova-terapia-devolve-movimentos-a-pessoas-com-paralisia\/"},"author":{"name":"Luzimara Fernandes","@id":"https:\/\/jornalfatosenoticias.com.br\/#\/schema\/person\/d63837fa13ac8666eb9e74e0985d6f81"},"headline":"Nova terapia devolve movimentos a pessoas com paralisia","datePublished":"2022-11-17T17:38:26+00:00","dateModified":"2022-11-17T17:38:29+00:00","mainEntityOfPage":{"@id":"https:\/\/jornalfatosenoticias.com.br\/index.php\/2022\/11\/17\/nova-terapia-devolve-movimentos-a-pessoas-com-paralisia\/"},"wordCount":627,"commentCount":0,"publisher":{"@id":"https:\/\/jornalfatosenoticias.com.br\/#organization"},"image":{"@id":"https:\/\/jornalfatosenoticias.com.br\/index.php\/2022\/11\/17\/nova-terapia-devolve-movimentos-a-pessoas-com-paralisia\/#primaryimage"},"thumbnailUrl":"https:\/\/jornalfatosenoticias.com.br\/wp-content\/uploads\/2022\/11\/NOVA-TERAPIA-paraplegia.jpg","keywords":["estudo cient\u00edfico","les\u00f5es cr\u00f4nicas na coluna","movimentos","nova terapia","pacientes","paralisia","tratamento revolucion\u00e1rio"],"articleSection":["Sa\u00fade"],"inLanguage":"pt-BR","potentialAction":[{"@type":"CommentAction","name":"Comment","target":["https:\/\/jornalfatosenoticias.com.br\/index.php\/2022\/11\/17\/nova-terapia-devolve-movimentos-a-pessoas-com-paralisia\/#respond"]}]},{"@type":"WebPage","@id":"https:\/\/jornalfatosenoticias.com.br\/index.php\/2022\/11\/17\/nova-terapia-devolve-movimentos-a-pessoas-com-paralisia\/","url":"https:\/\/jornalfatosenoticias.com.br\/index.php\/2022\/11\/17\/nova-terapia-devolve-movimentos-a-pessoas-com-paralisia\/","name":"Nova terapia devolve movimentos a pessoas com paralisia - Jornal Fatos e Not\u00edcias","isPartOf":{"@id":"https:\/\/jornalfatosenoticias.com.br\/#website"},"primaryImageOfPage":{"@id":"https:\/\/jornalfatosenoticias.com.br\/index.php\/2022\/11\/17\/nova-terapia-devolve-movimentos-a-pessoas-com-paralisia\/#primaryimage"},"image":{"@id":"https:\/\/jornalfatosenoticias.com.br\/index.php\/2022\/11\/17\/nova-terapia-devolve-movimentos-a-pessoas-com-paralisia\/#primaryimage"},"thumbnailUrl":"https:\/\/jornalfatosenoticias.com.br\/wp-content\/uploads\/2022\/11\/NOVA-TERAPIA-paraplegia.jpg","datePublished":"2022-11-17T17:38:26+00:00","dateModified":"2022-11-17T17:38:29+00:00","breadcrumb":{"@id":"https:\/\/jornalfatosenoticias.com.br\/index.php\/2022\/11\/17\/nova-terapia-devolve-movimentos-a-pessoas-com-paralisia\/#breadcrumb"},"inLanguage":"pt-BR","potentialAction":[{"@type":"ReadAction","target":["https:\/\/jornalfatosenoticias.com.br\/index.php\/2022\/11\/17\/nova-terapia-devolve-movimentos-a-pessoas-com-paralisia\/"]}]},{"@type":"ImageObject","inLanguage":"pt-BR","@id":"https:\/\/jornalfatosenoticias.com.br\/index.php\/2022\/11\/17\/nova-terapia-devolve-movimentos-a-pessoas-com-paralisia\/#primaryimage","url":"https:\/\/jornalfatosenoticias.com.br\/wp-content\/uploads\/2022\/11\/NOVA-TERAPIA-paraplegia.jpg","contentUrl":"https:\/\/jornalfatosenoticias.com.br\/wp-content\/uploads\/2022\/11\/NOVA-TERAPIA-paraplegia.jpg","width":1000,"height":666},{"@type":"BreadcrumbList","@id":"https:\/\/jornalfatosenoticias.com.br\/index.php\/2022\/11\/17\/nova-terapia-devolve-movimentos-a-pessoas-com-paralisia\/#breadcrumb","itemListElement":[{"@type":"ListItem","position":1,"name":"In\u00edcio","item":"https:\/\/jornalfatosenoticias.com.br\/"},{"@type":"ListItem","position":2,"name":"Nova terapia devolve movimentos a pessoas com paralisia"}]},{"@type":"WebSite","@id":"https:\/\/jornalfatosenoticias.com.br\/#website","url":"https:\/\/jornalfatosenoticias.com.br\/","name":"Jornal Fatos e Not\u00edcias","description":"Not\u00edcias em geral","publisher":{"@id":"https:\/\/jornalfatosenoticias.com.br\/#organization"},"potentialAction":[{"@type":"SearchAction","target":{"@type":"EntryPoint","urlTemplate":"https:\/\/jornalfatosenoticias.com.br\/?s={search_term_string}"},"query-input":{"@type":"PropertyValueSpecification","valueRequired":true,"valueName":"search_term_string"}}],"inLanguage":"pt-BR"},{"@type":"Organization","@id":"https:\/\/jornalfatosenoticias.com.br\/#organization","name":"Jornal Fatos e Not\u00edcias","url":"https:\/\/jornalfatosenoticias.com.br\/","logo":{"@type":"ImageObject","inLanguage":"pt-BR","@id":"https:\/\/jornalfatosenoticias.com.br\/#\/schema\/logo\/image\/","url":"https:\/\/jornalfatosenoticias.com.br\/wp-content\/uploads\/2020\/02\/logo120.png","contentUrl":"https:\/\/jornalfatosenoticias.com.br\/wp-content\/uploads\/2020\/02\/logo120.png","width":1227,"height":120,"caption":"Jornal Fatos e Not\u00edcias"},"image":{"@id":"https:\/\/jornalfatosenoticias.com.br\/#\/schema\/logo\/image\/"}},{"@type":"Person","@id":"https:\/\/jornalfatosenoticias.com.br\/#\/schema\/person\/d63837fa13ac8666eb9e74e0985d6f81","name":"Luzimara Fernandes","image":{"@type":"ImageObject","inLanguage":"pt-BR","@id":"https:\/\/jornalfatosenoticias.com.br\/#\/schema\/person\/image\/","url":"https:\/\/jornalfatosenoticias.com.br\/wp-content\/uploads\/2025\/05\/EU_portal.jpg","contentUrl":"https:\/\/jornalfatosenoticias.com.br\/wp-content\/uploads\/2025\/05\/EU_portal.jpg","caption":"Luzimara Fernandes"},"description":"Jornalista MTB 2358-ES","sameAs":["https:\/\/jornalfatosenoticias.com.br"],"url":"https:\/\/jornalfatosenoticias.com.br\/index.php\/author\/luzimara\/"}]}},"cc_featured_image_caption":{"caption_text":"(Foto: Shutterstock\/24K-Production) ","source_text":"","source_url":""},"jetpack_featured_media_url":"https:\/\/jornalfatosenoticias.com.br\/wp-content\/uploads\/2022\/11\/NOVA-TERAPIA-paraplegia.jpg","_links":{"self":[{"href":"https:\/\/jornalfatosenoticias.com.br\/index.php\/wp-json\/wp\/v2\/posts\/36078","targetHints":{"allow":["GET"]}}],"collection":[{"href":"https:\/\/jornalfatosenoticias.com.br\/index.php\/wp-json\/wp\/v2\/posts"}],"about":[{"href":"https:\/\/jornalfatosenoticias.com.br\/index.php\/wp-json\/wp\/v2\/types\/post"}],"author":[{"embeddable":true,"href":"https:\/\/jornalfatosenoticias.com.br\/index.php\/wp-json\/wp\/v2\/users\/2"}],"replies":[{"embeddable":true,"href":"https:\/\/jornalfatosenoticias.com.br\/index.php\/wp-json\/wp\/v2\/comments?post=36078"}],"version-history":[{"count":0,"href":"https:\/\/jornalfatosenoticias.com.br\/index.php\/wp-json\/wp\/v2\/posts\/36078\/revisions"}],"wp:featuredmedia":[{"embeddable":true,"href":"https:\/\/jornalfatosenoticias.com.br\/index.php\/wp-json\/wp\/v2\/media\/36080"}],"wp:attachment":[{"href":"https:\/\/jornalfatosenoticias.com.br\/index.php\/wp-json\/wp\/v2\/media?parent=36078"}],"wp:term":[{"taxonomy":"category","embeddable":true,"href":"https:\/\/jornalfatosenoticias.com.br\/index.php\/wp-json\/wp\/v2\/categories?post=36078"},{"taxonomy":"post_tag","embeddable":true,"href":"https:\/\/jornalfatosenoticias.com.br\/index.php\/wp-json\/wp\/v2\/tags?post=36078"}],"curies":[{"name":"wp","href":"https:\/\/api.w.org\/{rel}","templated":true}]}}