{"id":36088,"date":"2022-11-17T15:06:22","date_gmt":"2022-11-17T18:06:22","guid":{"rendered":"https:\/\/jornalfatosenoticias.com.br\/?p=36088"},"modified":"2022-11-17T15:06:23","modified_gmt":"2022-11-17T18:06:23","slug":"biotecido-vegano-e-feito-a-partir-de-bacterias","status":"publish","type":"post","link":"https:\/\/jornalfatosenoticias.com.br\/index.php\/2022\/11\/17\/biotecido-vegano-e-feito-a-partir-de-bacterias\/","title":{"rendered":"Biotecido vegano \u00e9 feito a partir de bact\u00e9rias"},"content":{"rendered":"\n<p><em><span class=\"has-inline-color has-black-color\">Processo de produ\u00e7\u00e3o utiliza menos \u00e1gua do que o couro e dispensa o uso de produtos qu\u00edmicos<\/span><\/em><\/p>\n\n\n\n<div class=\"wp-block-image\"><figure class=\"aligncenter size-large\"><img loading=\"lazy\" decoding=\"async\" width=\"1024\" height=\"100\" src=\"https:\/\/jornalfatosenoticias.com.br\/wp-content\/uploads\/2020\/02\/banner_ferramentas-1024x100.jpg\" alt=\"\" class=\"wp-image-1258\" srcset=\"https:\/\/jornalfatosenoticias.com.br\/wp-content\/uploads\/2020\/02\/banner_ferramentas-1024x100.jpg 1024w, https:\/\/jornalfatosenoticias.com.br\/wp-content\/uploads\/2020\/02\/banner_ferramentas-300x29.jpg 300w, https:\/\/jornalfatosenoticias.com.br\/wp-content\/uploads\/2020\/02\/banner_ferramentas-768x75.jpg 768w, https:\/\/jornalfatosenoticias.com.br\/wp-content\/uploads\/2020\/02\/banner_ferramentas.jpg 1227w\" sizes=\"auto, (max-width: 1024px) 100vw, 1024px\" \/><\/figure><\/div>\n\n\n\n<p>A startup Biotecam, especialista em biotecnologia e ambiente, acaba de lan\u00e7ar um tecido sustent\u00e1vel e vegano, feito a partir do cultivo de bact\u00e9rias, chamado de Texticel. O desenvolvimento do produto \u00e9 apoiado pela Empresa Brasileira de Pesquisa e Inova\u00e7\u00e3o Industrial (Embrapii) e o polo de inova\u00e7\u00e3o do Instituto Federal de Educa\u00e7\u00e3o, Ci\u00eancia e Tecnologia (IFFluminense\/ Campus Guarus), em Campos dos Goytacazes, Rio de Janeiro.<\/p>\n\n\n\n<div class=\"wp-block-image\"><figure class=\"aligncenter size-large is-resized\"><img loading=\"lazy\" decoding=\"async\" src=\"https:\/\/jornalfatosenoticias.com.br\/wp-content\/uploads\/2020\/02\/casa-do-torresmo_portal.jpg\" alt=\"\" class=\"wp-image-34472\" width=\"236\" height=\"236\" srcset=\"https:\/\/jornalfatosenoticias.com.br\/wp-content\/uploads\/2020\/02\/casa-do-torresmo_portal.jpg 300w, https:\/\/jornalfatosenoticias.com.br\/wp-content\/uploads\/2020\/02\/casa-do-torresmo_portal-150x150.jpg 150w\" sizes=\"auto, (max-width: 236px) 100vw, 236px\" \/><\/figure><\/div>\n\n\n\n<p>Ricardo Remer, CEO da Biotecam, explica que tudo come\u00e7ou com uma demanda de representantes do Museu do Amanh\u00e3, no Rio de Janeiro, que estavam interessados em desenvolver um projeto sobre tecnologia na <a href=\"https:\/\/ciclovivo.com.br\/inovacao\/inspiracao\/modelos-de-negocio-circulares-podem-gerar-us-700-bilhoes-na-industria-da-moda\/\" target=\"_blank\" rel=\"noreferrer noopener\">moda<\/a>. <\/p>\n\n\n\n<div class=\"wp-block-image\"><figure class=\"aligncenter size-large\"><img loading=\"lazy\" decoding=\"async\" width=\"1024\" height=\"111\" src=\"https:\/\/jornalfatosenoticias.com.br\/wp-content\/uploads\/2020\/02\/WhatsApp-Image-2022-09-23-at-12.09.18-1024x111.jpeg\" alt=\"\" class=\"wp-image-34527\" srcset=\"https:\/\/jornalfatosenoticias.com.br\/wp-content\/uploads\/2020\/02\/WhatsApp-Image-2022-09-23-at-12.09.18-1024x111.jpeg 1024w, https:\/\/jornalfatosenoticias.com.br\/wp-content\/uploads\/2020\/02\/WhatsApp-Image-2022-09-23-at-12.09.18-300x32.jpeg 300w, https:\/\/jornalfatosenoticias.com.br\/wp-content\/uploads\/2020\/02\/WhatsApp-Image-2022-09-23-at-12.09.18-768x83.jpeg 768w, https:\/\/jornalfatosenoticias.com.br\/wp-content\/uploads\/2020\/02\/WhatsApp-Image-2022-09-23-at-12.09.18.jpeg 1121w\" sizes=\"auto, (max-width: 1024px) 100vw, 1024px\" \/><\/figure><\/div>\n\n\n\n<p>A startup j\u00e1 detinha t\u00e9cnicas de produ\u00e7\u00e3o de biotecidos, originados do cultivo de bact\u00e9rias que utilizam a\u00e7\u00facar e outros res\u00edduos para produzir e tramar nanofibras de celulose. Com o apoio t\u00e9cnico e financeiro da Embrapii, decidiram ent\u00e3o desenvolver o projeto. Entre as principais vantagens do biotecido vegano est\u00e1 a economia do uso de \u00e1gua no processo de produ\u00e7\u00e3o, quando comparado a outros materiais. <\/p>\n\n\n\n<div class=\"wp-block-image\"><figure class=\"aligncenter size-large\"><img loading=\"lazy\" decoding=\"async\" width=\"300\" height=\"250\" src=\"https:\/\/jornalfatosenoticias.com.br\/wp-content\/uploads\/2022\/08\/arte-Casarao.jpg\" alt=\"\" class=\"wp-image-33178\"\/><\/figure><\/div>\n\n\n\n<figure class=\"wp-block-pullquote\"><blockquote><p><span class=\"has-inline-color has-luminous-vivid-orange-color\">Para cada m\u00b2 de couro produzido, hoje s\u00e3o consumidos 50 mil litros de \u00e1gua, ao passo que o Texticel consome 50 litros de \u00e1gua para cada m\u00b2. Quando comparado ao processo do <a href=\"https:\/\/ciclovivo.com.br\/inovacao\/negocios\/mexicanos-couro-organico-cacto\/\" target=\"_blank\" rel=\"noreferrer noopener\">couro<\/a>, o consumo de \u00e1gua \u00e9 infinitamente menor\u201d, relata o CEO. Al\u00e9m disso, o tecido \u00e9 biol\u00f3gico, vegano e dispensa o uso de produtos qu\u00edmicos complexos e perigosos em seu processo de fabrica\u00e7\u00e3o.<\/span><\/p><\/blockquote><\/figure>\n\n\n\n<div class=\"wp-block-image\"><figure class=\"alignleft size-large\"><img decoding=\"async\" src=\"https:\/\/jornalfatosenoticias.com.br\/wp-content\/uploads\/2020\/02\/barao-das-carnes-300x164-1.jpg\" alt=\"\" class=\"wp-image-34339\"\/><\/figure><\/div>\n\n\n\n<p><strong><span class=\"has-inline-color has-black-color\">Apoio<\/span><\/strong><br>O projeto come\u00e7ou a ser desenvolvido em 2021, num processo com dura\u00e7\u00e3o de seis meses. Remer explica que o apoio da Embrapii e do IFFluminense foi destinado para a automa\u00e7\u00e3o de todas as etapas do processo de produ\u00e7\u00e3o, com a montagem de cont\u00eaineres utilizados para prepara\u00e7\u00e3o, cultivo e secagem do biotecido, al\u00e9m do desenvolvimento de uma prensa especial para acelerar esse \u00faltimo processo. Ele diz que isso auxiliou o projeto a ter lotes de produ\u00e7\u00e3o em maior escala, para atender \u00e0s parcerias com produtores de bolsas.<\/p>\n\n\n\n<div class=\"wp-block-image\"><figure class=\"aligncenter size-large is-resized\"><img loading=\"lazy\" decoding=\"async\" src=\"https:\/\/jornalfatosenoticias.com.br\/wp-content\/uploads\/2022\/07\/Logo-Grupo-SEI.jpg\" alt=\"\" class=\"wp-image-31973\" width=\"311\" height=\"163\" srcset=\"https:\/\/jornalfatosenoticias.com.br\/wp-content\/uploads\/2022\/07\/Logo-Grupo-SEI.jpg 713w, https:\/\/jornalfatosenoticias.com.br\/wp-content\/uploads\/2022\/07\/Logo-Grupo-SEI-300x158.jpg 300w\" sizes=\"auto, (max-width: 311px) 100vw, 311px\" \/><\/figure><\/div>\n\n\n\n<figure class=\"wp-block-pullquote\"><blockquote><p><span class=\"has-inline-color has-luminous-vivid-orange-color\">Particularmente nesse projeto, o apoio da Embrapii foi para viabilizar a automa\u00e7\u00e3o de certas etapas. Recebemos um suporte t\u00e9cnico muito bom e isso tamb\u00e9m foi viabilizador de um passo importante de produ\u00e7\u00e3o em escala e de estabelecimento de padr\u00e3o de qualidade\u201d, enfatiza.<\/span><\/p><\/blockquote><\/figure>\n\n\n\n<div class=\"wp-block-image\"><figure class=\"aligncenter size-large\"><img loading=\"lazy\" decoding=\"async\" width=\"1024\" height=\"99\" src=\"https:\/\/jornalfatosenoticias.com.br\/wp-content\/uploads\/2020\/02\/Logo-Mizu-segunda-2-1024x99.png\" alt=\"\" class=\"wp-image-2353\" srcset=\"https:\/\/jornalfatosenoticias.com.br\/wp-content\/uploads\/2020\/02\/Logo-Mizu-segunda-2-1024x99.png 1024w, https:\/\/jornalfatosenoticias.com.br\/wp-content\/uploads\/2020\/02\/Logo-Mizu-segunda-2-300x29.png 300w, https:\/\/jornalfatosenoticias.com.br\/wp-content\/uploads\/2020\/02\/Logo-Mizu-segunda-2-768x74.png 768w, https:\/\/jornalfatosenoticias.com.br\/wp-content\/uploads\/2020\/02\/Logo-Mizu-segunda-2.png 1240w\" sizes=\"auto, (max-width: 1024px) 100vw, 1024px\" \/><\/figure><\/div>\n\n\n\n<p>O CEO da startup afirma que algumas empresas interessadas em programas ESG, que s\u00e3o pol\u00edticas de meio ambiente, responsabilidade social e governan\u00e7a, t\u00eam considerado o uso do tecido vegano como um caminho de redu\u00e7\u00e3o de sua pegada de carbono em indicadores ambientais, especialmente na forma de economia de \u00e1gua.<\/p>\n\n\n\n<div class=\"wp-block-image\"><figure class=\"aligncenter size-large is-resized\"><img loading=\"lazy\" decoding=\"async\" src=\"https:\/\/jornalfatosenoticias.com.br\/wp-content\/uploads\/2022\/02\/Precisao-Contabilidade-1024x724.jpg\" alt=\"\" class=\"wp-image-28088\" width=\"292\" height=\"206\"\/><\/figure><\/div>\n\n\n\n<p>Atualmente, o produto est\u00e1 em fase pr\u00e9-comercial e ainda n\u00e3o tem venda corriqueira, mas h\u00e1 parceria com algumas empresas fabricantes de bolsas, para o in\u00edcio da produ\u00e7\u00e3o adotando o material. Remer tamb\u00e9m afirma que j\u00e1 h\u00e1 interesse de uma empresa francesa que deseja utilizar o biotecido na produ\u00e7\u00e3o de <a href=\"https:\/\/ciclovivo.com.br\/inovacao\/negocios\/calcado-casca-de-abacaxi-vegano-biodegradavel\/\" target=\"_blank\" rel=\"noreferrer noopener\">cal\u00e7ados<\/a>.<\/p>\n\n\n\n<div class=\"wp-block-image\"><figure class=\"aligncenter size-large\"><img decoding=\"async\" src=\"https:\/\/jornalfatosenoticias.com.br\/wp-content\/uploads\/2020\/02\/logo-embacia-1-1024x110.jpg\" alt=\"\" class=\"wp-image-33954\"\/><\/figure><\/div>\n\n\n\n<p><strong><em>Fonte: <a href=\"https:\/\/ciclovivo.com.br\/inovacao\/negocios\/biotecido-vegano-e-feito-a-partir-de-bacterias\/\">CicloVivo<\/a><\/em><\/strong><\/p>\n","protected":false},"excerpt":{"rendered":"<p>Processo de produ\u00e7\u00e3o utiliza menos \u00e1gua do que o couro e dispensa o uso de produtos qu\u00edmicos A startup Biotecam, especialista em biotecnologia e ambiente, acaba de lan\u00e7ar um tecido sustent\u00e1vel e vegano, feito a partir do cultivo de bact\u00e9rias, chamado de Texticel. O desenvolvimento do produto \u00e9 apoiado pela Empresa Brasileira de Pesquisa e [&hellip;]<\/p>\n","protected":false},"author":2,"featured_media":36089,"comment_status":"open","ping_status":"open","sticky":false,"template":"","format":"standard","meta":{"footnotes":""},"categories":[3],"tags":[16951,16947,16948,16949,2504,16950],"class_list":["post-36088","post","type-post","status-publish","format-standard","has-post-thumbnail","hentry","category-tecnologia","tag-biotecam","tag-biotecido","tag-couro-vegano","tag-moda-sustentavel","tag-startup","tag-tecido-ecologico"],"yoast_head":"<!-- This site is optimized with the Yoast SEO plugin v26.5 - https:\/\/yoast.com\/wordpress\/plugins\/seo\/ -->\n<title>Biotecido vegano \u00e9 feito a partir de bact\u00e9rias - Jornal Fatos e Not\u00edcias<\/title>\n<meta name=\"robots\" content=\"index, follow, max-snippet:-1, max-image-preview:large, max-video-preview:-1\" \/>\n<link rel=\"canonical\" href=\"https:\/\/jornalfatosenoticias.com.br\/index.php\/2022\/11\/17\/biotecido-vegano-e-feito-a-partir-de-bacterias\/\" \/>\n<meta property=\"og:locale\" content=\"pt_BR\" \/>\n<meta property=\"og:type\" content=\"article\" \/>\n<meta property=\"og:title\" content=\"Biotecido vegano \u00e9 feito a partir de bact\u00e9rias - Jornal Fatos e Not\u00edcias\" \/>\n<meta property=\"og:description\" content=\"Processo de produ\u00e7\u00e3o utiliza menos \u00e1gua do que o couro e dispensa o uso de produtos qu\u00edmicos A startup Biotecam, especialista em biotecnologia e ambiente, acaba de lan\u00e7ar um tecido sustent\u00e1vel e vegano, feito a partir do cultivo de bact\u00e9rias, chamado de Texticel. O desenvolvimento do produto \u00e9 apoiado pela Empresa Brasileira de Pesquisa e [&hellip;]\" \/>\n<meta property=\"og:url\" content=\"https:\/\/jornalfatosenoticias.com.br\/index.php\/2022\/11\/17\/biotecido-vegano-e-feito-a-partir-de-bacterias\/\" \/>\n<meta property=\"og:site_name\" content=\"Jornal Fatos e Not\u00edcias\" \/>\n<meta property=\"article:published_time\" content=\"2022-11-17T18:06:22+00:00\" \/>\n<meta property=\"article:modified_time\" content=\"2022-11-17T18:06:23+00:00\" \/>\n<meta property=\"og:image\" content=\"https:\/\/jornalfatosenoticias.com.br\/wp-content\/uploads\/2022\/11\/biotecido-vegano-1.jpg\" \/>\n\t<meta property=\"og:image:width\" content=\"1000\" \/>\n\t<meta property=\"og:image:height\" content=\"555\" \/>\n\t<meta property=\"og:image:type\" content=\"image\/jpeg\" \/>\n<meta name=\"author\" content=\"Luzimara Fernandes\" \/>\n<meta name=\"twitter:card\" content=\"summary_large_image\" \/>\n<meta name=\"twitter:label1\" content=\"Escrito por\" \/>\n\t<meta name=\"twitter:data1\" content=\"Luzimara Fernandes\" \/>\n\t<meta name=\"twitter:label2\" content=\"Est. tempo de leitura\" \/>\n\t<meta name=\"twitter:data2\" content=\"3 minutos\" \/>\n<script type=\"application\/ld+json\" class=\"yoast-schema-graph\">{\"@context\":\"https:\/\/schema.org\",\"@graph\":[{\"@type\":\"Article\",\"@id\":\"https:\/\/jornalfatosenoticias.com.br\/index.php\/2022\/11\/17\/biotecido-vegano-e-feito-a-partir-de-bacterias\/#article\",\"isPartOf\":{\"@id\":\"https:\/\/jornalfatosenoticias.com.br\/index.php\/2022\/11\/17\/biotecido-vegano-e-feito-a-partir-de-bacterias\/\"},\"author\":{\"name\":\"Luzimara Fernandes\",\"@id\":\"https:\/\/jornalfatosenoticias.com.br\/#\/schema\/person\/d63837fa13ac8666eb9e74e0985d6f81\"},\"headline\":\"Biotecido vegano \u00e9 feito a partir de bact\u00e9rias\",\"datePublished\":\"2022-11-17T18:06:22+00:00\",\"dateModified\":\"2022-11-17T18:06:23+00:00\",\"mainEntityOfPage\":{\"@id\":\"https:\/\/jornalfatosenoticias.com.br\/index.php\/2022\/11\/17\/biotecido-vegano-e-feito-a-partir-de-bacterias\/\"},\"wordCount\":522,\"commentCount\":0,\"publisher\":{\"@id\":\"https:\/\/jornalfatosenoticias.com.br\/#organization\"},\"image\":{\"@id\":\"https:\/\/jornalfatosenoticias.com.br\/index.php\/2022\/11\/17\/biotecido-vegano-e-feito-a-partir-de-bacterias\/#primaryimage\"},\"thumbnailUrl\":\"https:\/\/jornalfatosenoticias.com.br\/wp-content\/uploads\/2022\/11\/biotecido-vegano-1.jpg\",\"keywords\":[\"Biotecam\",\"biotecido\",\"couro vegano\",\"moda sustent\u00e1vel\",\"startup\",\"tecido ecol\u00f3gico\"],\"articleSection\":[\"Tecnologia &amp; Inova\u00e7\u00e3o\"],\"inLanguage\":\"pt-BR\",\"potentialAction\":[{\"@type\":\"CommentAction\",\"name\":\"Comment\",\"target\":[\"https:\/\/jornalfatosenoticias.com.br\/index.php\/2022\/11\/17\/biotecido-vegano-e-feito-a-partir-de-bacterias\/#respond\"]}]},{\"@type\":\"WebPage\",\"@id\":\"https:\/\/jornalfatosenoticias.com.br\/index.php\/2022\/11\/17\/biotecido-vegano-e-feito-a-partir-de-bacterias\/\",\"url\":\"https:\/\/jornalfatosenoticias.com.br\/index.php\/2022\/11\/17\/biotecido-vegano-e-feito-a-partir-de-bacterias\/\",\"name\":\"Biotecido vegano \u00e9 feito a partir de bact\u00e9rias - Jornal Fatos e Not\u00edcias\",\"isPartOf\":{\"@id\":\"https:\/\/jornalfatosenoticias.com.br\/#website\"},\"primaryImageOfPage\":{\"@id\":\"https:\/\/jornalfatosenoticias.com.br\/index.php\/2022\/11\/17\/biotecido-vegano-e-feito-a-partir-de-bacterias\/#primaryimage\"},\"image\":{\"@id\":\"https:\/\/jornalfatosenoticias.com.br\/index.php\/2022\/11\/17\/biotecido-vegano-e-feito-a-partir-de-bacterias\/#primaryimage\"},\"thumbnailUrl\":\"https:\/\/jornalfatosenoticias.com.br\/wp-content\/uploads\/2022\/11\/biotecido-vegano-1.jpg\",\"datePublished\":\"2022-11-17T18:06:22+00:00\",\"dateModified\":\"2022-11-17T18:06:23+00:00\",\"breadcrumb\":{\"@id\":\"https:\/\/jornalfatosenoticias.com.br\/index.php\/2022\/11\/17\/biotecido-vegano-e-feito-a-partir-de-bacterias\/#breadcrumb\"},\"inLanguage\":\"pt-BR\",\"potentialAction\":[{\"@type\":\"ReadAction\",\"target\":[\"https:\/\/jornalfatosenoticias.com.br\/index.php\/2022\/11\/17\/biotecido-vegano-e-feito-a-partir-de-bacterias\/\"]}]},{\"@type\":\"ImageObject\",\"inLanguage\":\"pt-BR\",\"@id\":\"https:\/\/jornalfatosenoticias.com.br\/index.php\/2022\/11\/17\/biotecido-vegano-e-feito-a-partir-de-bacterias\/#primaryimage\",\"url\":\"https:\/\/jornalfatosenoticias.com.br\/wp-content\/uploads\/2022\/11\/biotecido-vegano-1.jpg\",\"contentUrl\":\"https:\/\/jornalfatosenoticias.com.br\/wp-content\/uploads\/2022\/11\/biotecido-vegano-1.jpg\",\"width\":1000,\"height\":555},{\"@type\":\"BreadcrumbList\",\"@id\":\"https:\/\/jornalfatosenoticias.com.br\/index.php\/2022\/11\/17\/biotecido-vegano-e-feito-a-partir-de-bacterias\/#breadcrumb\",\"itemListElement\":[{\"@type\":\"ListItem\",\"position\":1,\"name\":\"In\u00edcio\",\"item\":\"https:\/\/jornalfatosenoticias.com.br\/\"},{\"@type\":\"ListItem\",\"position\":2,\"name\":\"Biotecido vegano \u00e9 feito a partir de bact\u00e9rias\"}]},{\"@type\":\"WebSite\",\"@id\":\"https:\/\/jornalfatosenoticias.com.br\/#website\",\"url\":\"https:\/\/jornalfatosenoticias.com.br\/\",\"name\":\"Jornal Fatos e Not\u00edcias\",\"description\":\"Not\u00edcias em geral\",\"publisher\":{\"@id\":\"https:\/\/jornalfatosenoticias.com.br\/#organization\"},\"potentialAction\":[{\"@type\":\"SearchAction\",\"target\":{\"@type\":\"EntryPoint\",\"urlTemplate\":\"https:\/\/jornalfatosenoticias.com.br\/?s={search_term_string}\"},\"query-input\":{\"@type\":\"PropertyValueSpecification\",\"valueRequired\":true,\"valueName\":\"search_term_string\"}}],\"inLanguage\":\"pt-BR\"},{\"@type\":\"Organization\",\"@id\":\"https:\/\/jornalfatosenoticias.com.br\/#organization\",\"name\":\"Jornal Fatos e Not\u00edcias\",\"url\":\"https:\/\/jornalfatosenoticias.com.br\/\",\"logo\":{\"@type\":\"ImageObject\",\"inLanguage\":\"pt-BR\",\"@id\":\"https:\/\/jornalfatosenoticias.com.br\/#\/schema\/logo\/image\/\",\"url\":\"https:\/\/jornalfatosenoticias.com.br\/wp-content\/uploads\/2020\/02\/logo120.png\",\"contentUrl\":\"https:\/\/jornalfatosenoticias.com.br\/wp-content\/uploads\/2020\/02\/logo120.png\",\"width\":1227,\"height\":120,\"caption\":\"Jornal Fatos e Not\u00edcias\"},\"image\":{\"@id\":\"https:\/\/jornalfatosenoticias.com.br\/#\/schema\/logo\/image\/\"}},{\"@type\":\"Person\",\"@id\":\"https:\/\/jornalfatosenoticias.com.br\/#\/schema\/person\/d63837fa13ac8666eb9e74e0985d6f81\",\"name\":\"Luzimara Fernandes\",\"image\":{\"@type\":\"ImageObject\",\"inLanguage\":\"pt-BR\",\"@id\":\"https:\/\/jornalfatosenoticias.com.br\/#\/schema\/person\/image\/\",\"url\":\"https:\/\/jornalfatosenoticias.com.br\/wp-content\/uploads\/2025\/05\/EU_portal.jpg\",\"contentUrl\":\"https:\/\/jornalfatosenoticias.com.br\/wp-content\/uploads\/2025\/05\/EU_portal.jpg\",\"caption\":\"Luzimara Fernandes\"},\"description\":\"Jornalista MTB 2358-ES\",\"sameAs\":[\"https:\/\/jornalfatosenoticias.com.br\"],\"url\":\"https:\/\/jornalfatosenoticias.com.br\/index.php\/author\/luzimara\/\"}]}<\/script>\n<!-- \/ Yoast SEO plugin. -->","yoast_head_json":{"title":"Biotecido vegano \u00e9 feito a partir de bact\u00e9rias - Jornal Fatos e Not\u00edcias","robots":{"index":"index","follow":"follow","max-snippet":"max-snippet:-1","max-image-preview":"max-image-preview:large","max-video-preview":"max-video-preview:-1"},"canonical":"https:\/\/jornalfatosenoticias.com.br\/index.php\/2022\/11\/17\/biotecido-vegano-e-feito-a-partir-de-bacterias\/","og_locale":"pt_BR","og_type":"article","og_title":"Biotecido vegano \u00e9 feito a partir de bact\u00e9rias - Jornal Fatos e Not\u00edcias","og_description":"Processo de produ\u00e7\u00e3o utiliza menos \u00e1gua do que o couro e dispensa o uso de produtos qu\u00edmicos A startup Biotecam, especialista em biotecnologia e ambiente, acaba de lan\u00e7ar um tecido sustent\u00e1vel e vegano, feito a partir do cultivo de bact\u00e9rias, chamado de Texticel. O desenvolvimento do produto \u00e9 apoiado pela Empresa Brasileira de Pesquisa e [&hellip;]","og_url":"https:\/\/jornalfatosenoticias.com.br\/index.php\/2022\/11\/17\/biotecido-vegano-e-feito-a-partir-de-bacterias\/","og_site_name":"Jornal Fatos e Not\u00edcias","article_published_time":"2022-11-17T18:06:22+00:00","article_modified_time":"2022-11-17T18:06:23+00:00","og_image":[{"width":1000,"height":555,"url":"https:\/\/jornalfatosenoticias.com.br\/wp-content\/uploads\/2022\/11\/biotecido-vegano-1.jpg","type":"image\/jpeg"}],"author":"Luzimara Fernandes","twitter_card":"summary_large_image","twitter_misc":{"Escrito por":"Luzimara Fernandes","Est. tempo de leitura":"3 minutos"},"schema":{"@context":"https:\/\/schema.org","@graph":[{"@type":"Article","@id":"https:\/\/jornalfatosenoticias.com.br\/index.php\/2022\/11\/17\/biotecido-vegano-e-feito-a-partir-de-bacterias\/#article","isPartOf":{"@id":"https:\/\/jornalfatosenoticias.com.br\/index.php\/2022\/11\/17\/biotecido-vegano-e-feito-a-partir-de-bacterias\/"},"author":{"name":"Luzimara Fernandes","@id":"https:\/\/jornalfatosenoticias.com.br\/#\/schema\/person\/d63837fa13ac8666eb9e74e0985d6f81"},"headline":"Biotecido vegano \u00e9 feito a partir de bact\u00e9rias","datePublished":"2022-11-17T18:06:22+00:00","dateModified":"2022-11-17T18:06:23+00:00","mainEntityOfPage":{"@id":"https:\/\/jornalfatosenoticias.com.br\/index.php\/2022\/11\/17\/biotecido-vegano-e-feito-a-partir-de-bacterias\/"},"wordCount":522,"commentCount":0,"publisher":{"@id":"https:\/\/jornalfatosenoticias.com.br\/#organization"},"image":{"@id":"https:\/\/jornalfatosenoticias.com.br\/index.php\/2022\/11\/17\/biotecido-vegano-e-feito-a-partir-de-bacterias\/#primaryimage"},"thumbnailUrl":"https:\/\/jornalfatosenoticias.com.br\/wp-content\/uploads\/2022\/11\/biotecido-vegano-1.jpg","keywords":["Biotecam","biotecido","couro vegano","moda sustent\u00e1vel","startup","tecido ecol\u00f3gico"],"articleSection":["Tecnologia &amp; Inova\u00e7\u00e3o"],"inLanguage":"pt-BR","potentialAction":[{"@type":"CommentAction","name":"Comment","target":["https:\/\/jornalfatosenoticias.com.br\/index.php\/2022\/11\/17\/biotecido-vegano-e-feito-a-partir-de-bacterias\/#respond"]}]},{"@type":"WebPage","@id":"https:\/\/jornalfatosenoticias.com.br\/index.php\/2022\/11\/17\/biotecido-vegano-e-feito-a-partir-de-bacterias\/","url":"https:\/\/jornalfatosenoticias.com.br\/index.php\/2022\/11\/17\/biotecido-vegano-e-feito-a-partir-de-bacterias\/","name":"Biotecido vegano \u00e9 feito a partir de bact\u00e9rias - Jornal Fatos e Not\u00edcias","isPartOf":{"@id":"https:\/\/jornalfatosenoticias.com.br\/#website"},"primaryImageOfPage":{"@id":"https:\/\/jornalfatosenoticias.com.br\/index.php\/2022\/11\/17\/biotecido-vegano-e-feito-a-partir-de-bacterias\/#primaryimage"},"image":{"@id":"https:\/\/jornalfatosenoticias.com.br\/index.php\/2022\/11\/17\/biotecido-vegano-e-feito-a-partir-de-bacterias\/#primaryimage"},"thumbnailUrl":"https:\/\/jornalfatosenoticias.com.br\/wp-content\/uploads\/2022\/11\/biotecido-vegano-1.jpg","datePublished":"2022-11-17T18:06:22+00:00","dateModified":"2022-11-17T18:06:23+00:00","breadcrumb":{"@id":"https:\/\/jornalfatosenoticias.com.br\/index.php\/2022\/11\/17\/biotecido-vegano-e-feito-a-partir-de-bacterias\/#breadcrumb"},"inLanguage":"pt-BR","potentialAction":[{"@type":"ReadAction","target":["https:\/\/jornalfatosenoticias.com.br\/index.php\/2022\/11\/17\/biotecido-vegano-e-feito-a-partir-de-bacterias\/"]}]},{"@type":"ImageObject","inLanguage":"pt-BR","@id":"https:\/\/jornalfatosenoticias.com.br\/index.php\/2022\/11\/17\/biotecido-vegano-e-feito-a-partir-de-bacterias\/#primaryimage","url":"https:\/\/jornalfatosenoticias.com.br\/wp-content\/uploads\/2022\/11\/biotecido-vegano-1.jpg","contentUrl":"https:\/\/jornalfatosenoticias.com.br\/wp-content\/uploads\/2022\/11\/biotecido-vegano-1.jpg","width":1000,"height":555},{"@type":"BreadcrumbList","@id":"https:\/\/jornalfatosenoticias.com.br\/index.php\/2022\/11\/17\/biotecido-vegano-e-feito-a-partir-de-bacterias\/#breadcrumb","itemListElement":[{"@type":"ListItem","position":1,"name":"In\u00edcio","item":"https:\/\/jornalfatosenoticias.com.br\/"},{"@type":"ListItem","position":2,"name":"Biotecido vegano \u00e9 feito a partir de bact\u00e9rias"}]},{"@type":"WebSite","@id":"https:\/\/jornalfatosenoticias.com.br\/#website","url":"https:\/\/jornalfatosenoticias.com.br\/","name":"Jornal Fatos e Not\u00edcias","description":"Not\u00edcias em geral","publisher":{"@id":"https:\/\/jornalfatosenoticias.com.br\/#organization"},"potentialAction":[{"@type":"SearchAction","target":{"@type":"EntryPoint","urlTemplate":"https:\/\/jornalfatosenoticias.com.br\/?s={search_term_string}"},"query-input":{"@type":"PropertyValueSpecification","valueRequired":true,"valueName":"search_term_string"}}],"inLanguage":"pt-BR"},{"@type":"Organization","@id":"https:\/\/jornalfatosenoticias.com.br\/#organization","name":"Jornal Fatos e Not\u00edcias","url":"https:\/\/jornalfatosenoticias.com.br\/","logo":{"@type":"ImageObject","inLanguage":"pt-BR","@id":"https:\/\/jornalfatosenoticias.com.br\/#\/schema\/logo\/image\/","url":"https:\/\/jornalfatosenoticias.com.br\/wp-content\/uploads\/2020\/02\/logo120.png","contentUrl":"https:\/\/jornalfatosenoticias.com.br\/wp-content\/uploads\/2020\/02\/logo120.png","width":1227,"height":120,"caption":"Jornal Fatos e Not\u00edcias"},"image":{"@id":"https:\/\/jornalfatosenoticias.com.br\/#\/schema\/logo\/image\/"}},{"@type":"Person","@id":"https:\/\/jornalfatosenoticias.com.br\/#\/schema\/person\/d63837fa13ac8666eb9e74e0985d6f81","name":"Luzimara Fernandes","image":{"@type":"ImageObject","inLanguage":"pt-BR","@id":"https:\/\/jornalfatosenoticias.com.br\/#\/schema\/person\/image\/","url":"https:\/\/jornalfatosenoticias.com.br\/wp-content\/uploads\/2025\/05\/EU_portal.jpg","contentUrl":"https:\/\/jornalfatosenoticias.com.br\/wp-content\/uploads\/2025\/05\/EU_portal.jpg","caption":"Luzimara Fernandes"},"description":"Jornalista MTB 2358-ES","sameAs":["https:\/\/jornalfatosenoticias.com.br"],"url":"https:\/\/jornalfatosenoticias.com.br\/index.php\/author\/luzimara\/"}]}},"cc_featured_image_caption":{"caption_text":"(Foto: Divulga\u00e7\u00e3o Biotecam) \r\n","source_text":"","source_url":""},"jetpack_featured_media_url":"https:\/\/jornalfatosenoticias.com.br\/wp-content\/uploads\/2022\/11\/biotecido-vegano-1.jpg","_links":{"self":[{"href":"https:\/\/jornalfatosenoticias.com.br\/index.php\/wp-json\/wp\/v2\/posts\/36088","targetHints":{"allow":["GET"]}}],"collection":[{"href":"https:\/\/jornalfatosenoticias.com.br\/index.php\/wp-json\/wp\/v2\/posts"}],"about":[{"href":"https:\/\/jornalfatosenoticias.com.br\/index.php\/wp-json\/wp\/v2\/types\/post"}],"author":[{"embeddable":true,"href":"https:\/\/jornalfatosenoticias.com.br\/index.php\/wp-json\/wp\/v2\/users\/2"}],"replies":[{"embeddable":true,"href":"https:\/\/jornalfatosenoticias.com.br\/index.php\/wp-json\/wp\/v2\/comments?post=36088"}],"version-history":[{"count":0,"href":"https:\/\/jornalfatosenoticias.com.br\/index.php\/wp-json\/wp\/v2\/posts\/36088\/revisions"}],"wp:featuredmedia":[{"embeddable":true,"href":"https:\/\/jornalfatosenoticias.com.br\/index.php\/wp-json\/wp\/v2\/media\/36089"}],"wp:attachment":[{"href":"https:\/\/jornalfatosenoticias.com.br\/index.php\/wp-json\/wp\/v2\/media?parent=36088"}],"wp:term":[{"taxonomy":"category","embeddable":true,"href":"https:\/\/jornalfatosenoticias.com.br\/index.php\/wp-json\/wp\/v2\/categories?post=36088"},{"taxonomy":"post_tag","embeddable":true,"href":"https:\/\/jornalfatosenoticias.com.br\/index.php\/wp-json\/wp\/v2\/tags?post=36088"}],"curies":[{"name":"wp","href":"https:\/\/api.w.org\/{rel}","templated":true}]}}