{"id":36108,"date":"2022-11-17T16:59:33","date_gmt":"2022-11-17T19:59:33","guid":{"rendered":"https:\/\/jornalfatosenoticias.com.br\/?p=36108"},"modified":"2022-11-17T16:59:36","modified_gmt":"2022-11-17T19:59:36","slug":"lince-negro-e-encontrado-no-canada-pela-primeira-vez-na-historia","status":"publish","type":"post","link":"https:\/\/jornalfatosenoticias.com.br\/index.php\/2022\/11\/17\/lince-negro-e-encontrado-no-canada-pela-primeira-vez-na-historia\/","title":{"rendered":"Lince negro \u00e9 encontrado no Canad\u00e1 pela primeira vez na hist\u00f3ria"},"content":{"rendered":"\n<p><em><span class=\"has-inline-color has-black-color\">Quem capturou o registro in\u00e9dito do animal foi uma moradora nos arredores de Yukon, territ\u00f3rio selvagem, montanhoso e pouco povoado no noroeste do pa\u00eds<\/span><\/em><\/p>\n\n\n\n<div class=\"wp-block-image\"><figure class=\"aligncenter size-large\"><img loading=\"lazy\" decoding=\"async\" width=\"1024\" height=\"110\" src=\"https:\/\/jornalfatosenoticias.com.br\/wp-content\/uploads\/2022\/10\/Arte-jornal-Zucchi-1120x120_Prancheta-1-1024x110.jpg\" alt=\"\" class=\"wp-image-34772\" srcset=\"https:\/\/jornalfatosenoticias.com.br\/wp-content\/uploads\/2022\/10\/Arte-jornal-Zucchi-1120x120_Prancheta-1-1024x110.jpg 1024w, https:\/\/jornalfatosenoticias.com.br\/wp-content\/uploads\/2022\/10\/Arte-jornal-Zucchi-1120x120_Prancheta-1-300x32.jpg 300w, https:\/\/jornalfatosenoticias.com.br\/wp-content\/uploads\/2022\/10\/Arte-jornal-Zucchi-1120x120_Prancheta-1-768x82.jpg 768w, https:\/\/jornalfatosenoticias.com.br\/wp-content\/uploads\/2022\/10\/Arte-jornal-Zucchi-1120x120_Prancheta-1-1536x165.jpg 1536w, https:\/\/jornalfatosenoticias.com.br\/wp-content\/uploads\/2022\/10\/Arte-jornal-Zucchi-1120x120_Prancheta-1-2048x219.jpg 2048w\" sizes=\"auto, (max-width: 1024px) 100vw, 1024px\" \/><\/figure><\/div>\n\n\n\n<p>No Canad\u00e1, os linces s\u00e3o tipicamente de cor marrom-avermelhada no ver\u00e3o e \u00e0 medida que o outono se transforma em inverno, sua pelagem fica cinza prateada. Agora imagine s\u00f3 se deparar com a cena de um lince totalmente negro no quintal da sua casa: foi essa <strong>raridade<\/strong> que uma moradora dos arredores de Whitehorse, no Territ\u00f3rio de Yukon, presenciou no final de 2020. O local, situado na parte noroeste do pa\u00eds, \u00e9 conhecido por ser selvagem, montanhoso e pouco povoado.<\/p>\n\n\n\n<div class=\"wp-block-image\"><figure class=\"aligncenter size-large is-resized\"><img loading=\"lazy\" decoding=\"async\" src=\"https:\/\/jornalfatosenoticias.com.br\/wp-content\/uploads\/2020\/02\/casa-do-torresmo_portal.jpg\" alt=\"\" class=\"wp-image-34472\" width=\"283\" height=\"283\" srcset=\"https:\/\/jornalfatosenoticias.com.br\/wp-content\/uploads\/2020\/02\/casa-do-torresmo_portal.jpg 300w, https:\/\/jornalfatosenoticias.com.br\/wp-content\/uploads\/2020\/02\/casa-do-torresmo_portal-150x150.jpg 150w\" sizes=\"auto, (max-width: 283px) 100vw, 283px\" \/><\/figure><\/div>\n\n\n\n<p><em><span class=\"has-inline-color has-black-color\">O v\u00eddeo com a criatura curiosa se tornou p\u00fablico somente neste m\u00eas, assista aqui:<\/span><\/em><\/p>\n\n\n\n<figure class=\"wp-block-embed-youtube wp-block-embed is-type-video is-provider-youtube wp-embed-aspect-16-9 wp-has-aspect-ratio\"><div class=\"wp-block-embed__wrapper\">\n<iframe loading=\"lazy\" title=\"Paint It Black: First Record of Melanism in Canada Lynx\" width=\"660\" height=\"371\" src=\"https:\/\/www.youtube.com\/embed\/OTg6IG8ocHY?feature=oembed\" frameborder=\"0\" allow=\"accelerometer; autoplay; clipboard-write; encrypted-media; gyroscope; picture-in-picture; web-share\" referrerpolicy=\"strict-origin-when-cross-origin\" allowfullscreen><\/iframe>\n<\/div><\/figure>\n\n\n\n<div class=\"wp-block-image\"><figure class=\"alignright size-large is-resized\"><img loading=\"lazy\" decoding=\"async\" src=\"https:\/\/jornalfatosenoticias.com.br\/wp-content\/uploads\/2022\/07\/Logo-Grupo-SEI.jpg\" alt=\"\" class=\"wp-image-31973\" width=\"334\" height=\"176\" srcset=\"https:\/\/jornalfatosenoticias.com.br\/wp-content\/uploads\/2022\/07\/Logo-Grupo-SEI.jpg 713w, https:\/\/jornalfatosenoticias.com.br\/wp-content\/uploads\/2022\/07\/Logo-Grupo-SEI-300x158.jpg 300w\" sizes=\"auto, (max-width: 334px) 100vw, 334px\" \/><\/figure><\/div>\n\n\n\n<p>No registro, o cachorro da mulher late para o animal, que parece ser um adulto saud\u00e1vel. A descoberta foi considerada uma &#8220;estreia cient\u00edfica&#8221; e o estudo foi publicado na <strong><a href=\"https:\/\/www.degruyter.com\/document\/doi\/10.1515\/mammalia-2022-0025\/html\" target=\"_blank\" rel=\"noreferrer noopener\">revista Mammalia.<\/a>\u00a0<\/strong>Segundo os pesquisadores, apesar da condi\u00e7\u00e3o ter sido observada em cerca de um ter\u00e7o de todas as esp\u00e9cies de gatos, nunca antes havia acontecido esse avistamento no Canad\u00e1. <strong>Por isso, foi considerado um marco hist\u00f3rico.<\/strong><\/p>\n\n\n\n<div class=\"wp-block-image\"><figure class=\"aligncenter size-large\"><img loading=\"lazy\" decoding=\"async\" width=\"1024\" height=\"100\" src=\"https:\/\/jornalfatosenoticias.com.br\/wp-content\/uploads\/2020\/02\/banner_ferramentas-1024x100.jpg\" alt=\"\" class=\"wp-image-1258\" srcset=\"https:\/\/jornalfatosenoticias.com.br\/wp-content\/uploads\/2020\/02\/banner_ferramentas-1024x100.jpg 1024w, https:\/\/jornalfatosenoticias.com.br\/wp-content\/uploads\/2020\/02\/banner_ferramentas-300x29.jpg 300w, https:\/\/jornalfatosenoticias.com.br\/wp-content\/uploads\/2020\/02\/banner_ferramentas-768x75.jpg 768w, https:\/\/jornalfatosenoticias.com.br\/wp-content\/uploads\/2020\/02\/banner_ferramentas.jpg 1227w\" sizes=\"auto, (max-width: 1024px) 100vw, 1024px\" \/><\/figure><\/div>\n\n\n\n<p>O estudo explica que a pelagem negra se d\u00e1 pelo fato do gato ter uma condi\u00e7\u00e3o chamada melanismo, uma muta\u00e7\u00e3o gen\u00e9tica que faz com que n\u00edveis anormais de melanina, um pigmento escuro, sejam produzidos em sua pele.<br>O melanismo j\u00e1 foi registrado em linces, mas somente em parentes pr\u00f3ximos da Fl\u00f3rida e em alguns outros lugares, explicou Darcy Doran-Myers, bi\u00f3logo Instituto de Pesquisa de Peixes e Vida Selvagem da Fl\u00f3rida, ao portal <strong><a href=\"https:\/\/www.nationalgeographic.com\/animals\/article\/black-canada-lynx-observed-in-a-first-melanistic\" target=\"_blank\" rel=\"noreferrer noopener\">National Geographic.<\/a><\/strong><\/p>\n\n\n\n<div class=\"wp-block-image\"><figure class=\"aligncenter size-large is-resized\"><img loading=\"lazy\" decoding=\"async\" src=\"https:\/\/jornalfatosenoticias.com.br\/wp-content\/uploads\/2022\/10\/RC_800x750_page-0001.jpg\" alt=\"\" class=\"wp-image-35338\" width=\"262\" height=\"246\" srcset=\"https:\/\/jornalfatosenoticias.com.br\/wp-content\/uploads\/2022\/10\/RC_800x750_page-0001.jpg 400w, https:\/\/jornalfatosenoticias.com.br\/wp-content\/uploads\/2022\/10\/RC_800x750_page-0001-300x281.jpg 300w\" sizes=\"auto, (max-width: 262px) 100vw, 262px\" \/><\/figure><\/div>\n\n\n\n<p>Os cientistas ainda n\u00e3o sabem a muta\u00e7\u00e3o exata que causa o melanismo nos linces canadenses. Em outras esp\u00e9cies, h\u00e1 uma variedade de mecanismos gen\u00e9ticos que estimulam um excesso do pigmento escuro. Stan Boutin, ecologista da Universidade de Alberta, suspeita que neste caso o melanismo \u00e9 &#8220;desadaptativo&#8221;, ou in\u00fatil, j\u00e1 que isso tornaria mais dif\u00edcil para eles se camuflarem na neve, onde passam grande parte de suas vidas ca\u00e7ando.<\/p>\n\n\n\n<div class=\"wp-block-image\"><figure class=\"aligncenter size-large\"><img loading=\"lazy\" decoding=\"async\" width=\"1024\" height=\"100\" src=\"https:\/\/jornalfatosenoticias.com.br\/wp-content\/uploads\/2022\/05\/NOVA-LOGO-CESCONETTO-1024x100.jpg\" alt=\"\" class=\"wp-image-30792\" srcset=\"https:\/\/jornalfatosenoticias.com.br\/wp-content\/uploads\/2022\/05\/NOVA-LOGO-CESCONETTO-1024x100.jpg 1024w, https:\/\/jornalfatosenoticias.com.br\/wp-content\/uploads\/2022\/05\/NOVA-LOGO-CESCONETTO-300x29.jpg 300w, https:\/\/jornalfatosenoticias.com.br\/wp-content\/uploads\/2022\/05\/NOVA-LOGO-CESCONETTO-768x75.jpg 768w, https:\/\/jornalfatosenoticias.com.br\/wp-content\/uploads\/2022\/05\/NOVA-LOGO-CESCONETTO.jpg 1280w\" sizes=\"auto, (max-width: 1024px) 100vw, 1024px\" \/><\/figure><\/div>\n\n\n\n<p>&#8220;Ser negro \u00e9 certamente uma desvantagem no inverno&#8221;, acrescentou Doran-Myers. Por\u00e9m, os pesquisadores consideram a hip\u00f3tese de que, com menos neve devido \u00e0s <strong><a href=\"https:\/\/umsoplaneta.globo.com\/clima\/noticia\/2021\/04\/04\/o-que-sao-as-mudancas-climaticas.ghtml\">mudan\u00e7as clim\u00e1ticas<\/a><\/strong> e um ambiente mais escuro no habitat canadense, um lince de cor preta poderia ter maior probabilidade de sobreviver. Mas, por enquanto, trata-se de apenas uma especula\u00e7\u00e3o, j\u00e1 que para comprovar a tese, mais indiv\u00edduos com pelagem negra teriam que come\u00e7ar a aparecer.<\/p>\n\n\n\n<div class=\"wp-block-image\"><figure class=\"aligncenter size-large is-resized\"><img loading=\"lazy\" decoding=\"async\" src=\"https:\/\/jornalfatosenoticias.com.br\/wp-content\/uploads\/2020\/02\/logo-Panper_portal.jpg\" alt=\"\" class=\"wp-image-34474\" width=\"273\" height=\"189\" srcset=\"https:\/\/jornalfatosenoticias.com.br\/wp-content\/uploads\/2020\/02\/logo-Panper_portal.jpg 400w, https:\/\/jornalfatosenoticias.com.br\/wp-content\/uploads\/2020\/02\/logo-Panper_portal-300x208.jpg 300w\" sizes=\"auto, (max-width: 273px) 100vw, 273px\" \/><\/figure><\/div>\n\n\n\n<p><strong><em>Fonte: <a href=\"https:\/\/umsoplaneta.globo.com\/biodiversidade\/noticia\/2022\/11\/16\/lince-negro-e-encontrado-no-canada-pela-primeira-vez-na-historia-veja-video.ghtml\">Um S\u00f3 Planeta<\/a><\/em><\/strong><\/p>\n","protected":false},"excerpt":{"rendered":"<p>Quem capturou o registro in\u00e9dito do animal foi uma moradora nos arredores de Yukon, territ\u00f3rio selvagem, montanhoso e pouco povoado no noroeste do pa\u00eds No Canad\u00e1, os linces s\u00e3o tipicamente de cor marrom-avermelhada no ver\u00e3o e \u00e0 medida que o outono se transforma em inverno, sua pelagem fica cinza prateada. Agora imagine s\u00f3 se deparar [&hellip;]<\/p>\n","protected":false},"author":2,"featured_media":36109,"comment_status":"open","ping_status":"open","sticky":false,"template":"","format":"standard","meta":{"footnotes":""},"categories":[41],"tags":[2668,16962,360,16963],"class_list":["post-36108","post","type-post","status-publish","format-standard","has-post-thumbnail","hentry","category-internacional","tag-canada","tag-lince-negro","tag-mudancas-climaticas","tag-territorio-selvagem"],"yoast_head":"<!-- This site is optimized with the Yoast SEO plugin v26.5 - https:\/\/yoast.com\/wordpress\/plugins\/seo\/ -->\n<title>Lince negro \u00e9 encontrado no Canad\u00e1 pela primeira vez na hist\u00f3ria - Jornal Fatos e Not\u00edcias<\/title>\n<meta name=\"robots\" content=\"index, follow, max-snippet:-1, max-image-preview:large, max-video-preview:-1\" \/>\n<link rel=\"canonical\" href=\"https:\/\/jornalfatosenoticias.com.br\/index.php\/2022\/11\/17\/lince-negro-e-encontrado-no-canada-pela-primeira-vez-na-historia\/\" \/>\n<meta property=\"og:locale\" content=\"pt_BR\" \/>\n<meta property=\"og:type\" content=\"article\" \/>\n<meta property=\"og:title\" content=\"Lince negro \u00e9 encontrado no Canad\u00e1 pela primeira vez na hist\u00f3ria - Jornal Fatos e Not\u00edcias\" \/>\n<meta property=\"og:description\" content=\"Quem capturou o registro in\u00e9dito do animal foi uma moradora nos arredores de Yukon, territ\u00f3rio selvagem, montanhoso e pouco povoado no noroeste do pa\u00eds No Canad\u00e1, os linces s\u00e3o tipicamente de cor marrom-avermelhada no ver\u00e3o e \u00e0 medida que o outono se transforma em inverno, sua pelagem fica cinza prateada. Agora imagine s\u00f3 se deparar [&hellip;]\" \/>\n<meta property=\"og:url\" content=\"https:\/\/jornalfatosenoticias.com.br\/index.php\/2022\/11\/17\/lince-negro-e-encontrado-no-canada-pela-primeira-vez-na-historia\/\" \/>\n<meta property=\"og:site_name\" content=\"Jornal Fatos e Not\u00edcias\" \/>\n<meta property=\"article:published_time\" content=\"2022-11-17T19:59:33+00:00\" \/>\n<meta property=\"article:modified_time\" content=\"2022-11-17T19:59:36+00:00\" \/>\n<meta property=\"og:image\" content=\"https:\/\/jornalfatosenoticias.com.br\/wp-content\/uploads\/2022\/11\/lince-negro_canada.jpg\" \/>\n\t<meta property=\"og:image:width\" content=\"1280\" \/>\n\t<meta property=\"og:image:height\" content=\"720\" \/>\n\t<meta property=\"og:image:type\" content=\"image\/jpeg\" \/>\n<meta name=\"author\" content=\"Luzimara Fernandes\" \/>\n<meta name=\"twitter:card\" content=\"summary_large_image\" \/>\n<meta name=\"twitter:label1\" content=\"Escrito por\" \/>\n\t<meta name=\"twitter:data1\" content=\"Luzimara Fernandes\" \/>\n\t<meta name=\"twitter:label2\" content=\"Est. tempo de leitura\" \/>\n\t<meta name=\"twitter:data2\" content=\"2 minutos\" \/>\n<script type=\"application\/ld+json\" class=\"yoast-schema-graph\">{\"@context\":\"https:\/\/schema.org\",\"@graph\":[{\"@type\":\"Article\",\"@id\":\"https:\/\/jornalfatosenoticias.com.br\/index.php\/2022\/11\/17\/lince-negro-e-encontrado-no-canada-pela-primeira-vez-na-historia\/#article\",\"isPartOf\":{\"@id\":\"https:\/\/jornalfatosenoticias.com.br\/index.php\/2022\/11\/17\/lince-negro-e-encontrado-no-canada-pela-primeira-vez-na-historia\/\"},\"author\":{\"name\":\"Luzimara Fernandes\",\"@id\":\"https:\/\/jornalfatosenoticias.com.br\/#\/schema\/person\/d63837fa13ac8666eb9e74e0985d6f81\"},\"headline\":\"Lince negro \u00e9 encontrado no Canad\u00e1 pela primeira vez na hist\u00f3ria\",\"datePublished\":\"2022-11-17T19:59:33+00:00\",\"dateModified\":\"2022-11-17T19:59:36+00:00\",\"mainEntityOfPage\":{\"@id\":\"https:\/\/jornalfatosenoticias.com.br\/index.php\/2022\/11\/17\/lince-negro-e-encontrado-no-canada-pela-primeira-vez-na-historia\/\"},\"wordCount\":451,\"commentCount\":0,\"publisher\":{\"@id\":\"https:\/\/jornalfatosenoticias.com.br\/#organization\"},\"image\":{\"@id\":\"https:\/\/jornalfatosenoticias.com.br\/index.php\/2022\/11\/17\/lince-negro-e-encontrado-no-canada-pela-primeira-vez-na-historia\/#primaryimage\"},\"thumbnailUrl\":\"https:\/\/jornalfatosenoticias.com.br\/wp-content\/uploads\/2022\/11\/lince-negro_canada.jpg\",\"keywords\":[\"Canad\u00e1\",\"lince negro\",\"mudan\u00e7as clim\u00e1ticas\",\"territ\u00f3rio selvagem\"],\"articleSection\":[\"Internacional\"],\"inLanguage\":\"pt-BR\",\"potentialAction\":[{\"@type\":\"CommentAction\",\"name\":\"Comment\",\"target\":[\"https:\/\/jornalfatosenoticias.com.br\/index.php\/2022\/11\/17\/lince-negro-e-encontrado-no-canada-pela-primeira-vez-na-historia\/#respond\"]}]},{\"@type\":\"WebPage\",\"@id\":\"https:\/\/jornalfatosenoticias.com.br\/index.php\/2022\/11\/17\/lince-negro-e-encontrado-no-canada-pela-primeira-vez-na-historia\/\",\"url\":\"https:\/\/jornalfatosenoticias.com.br\/index.php\/2022\/11\/17\/lince-negro-e-encontrado-no-canada-pela-primeira-vez-na-historia\/\",\"name\":\"Lince negro \u00e9 encontrado no Canad\u00e1 pela primeira vez na hist\u00f3ria - Jornal Fatos e Not\u00edcias\",\"isPartOf\":{\"@id\":\"https:\/\/jornalfatosenoticias.com.br\/#website\"},\"primaryImageOfPage\":{\"@id\":\"https:\/\/jornalfatosenoticias.com.br\/index.php\/2022\/11\/17\/lince-negro-e-encontrado-no-canada-pela-primeira-vez-na-historia\/#primaryimage\"},\"image\":{\"@id\":\"https:\/\/jornalfatosenoticias.com.br\/index.php\/2022\/11\/17\/lince-negro-e-encontrado-no-canada-pela-primeira-vez-na-historia\/#primaryimage\"},\"thumbnailUrl\":\"https:\/\/jornalfatosenoticias.com.br\/wp-content\/uploads\/2022\/11\/lince-negro_canada.jpg\",\"datePublished\":\"2022-11-17T19:59:33+00:00\",\"dateModified\":\"2022-11-17T19:59:36+00:00\",\"breadcrumb\":{\"@id\":\"https:\/\/jornalfatosenoticias.com.br\/index.php\/2022\/11\/17\/lince-negro-e-encontrado-no-canada-pela-primeira-vez-na-historia\/#breadcrumb\"},\"inLanguage\":\"pt-BR\",\"potentialAction\":[{\"@type\":\"ReadAction\",\"target\":[\"https:\/\/jornalfatosenoticias.com.br\/index.php\/2022\/11\/17\/lince-negro-e-encontrado-no-canada-pela-primeira-vez-na-historia\/\"]}]},{\"@type\":\"ImageObject\",\"inLanguage\":\"pt-BR\",\"@id\":\"https:\/\/jornalfatosenoticias.com.br\/index.php\/2022\/11\/17\/lince-negro-e-encontrado-no-canada-pela-primeira-vez-na-historia\/#primaryimage\",\"url\":\"https:\/\/jornalfatosenoticias.com.br\/wp-content\/uploads\/2022\/11\/lince-negro_canada.jpg\",\"contentUrl\":\"https:\/\/jornalfatosenoticias.com.br\/wp-content\/uploads\/2022\/11\/lince-negro_canada.jpg\",\"width\":1280,\"height\":720},{\"@type\":\"BreadcrumbList\",\"@id\":\"https:\/\/jornalfatosenoticias.com.br\/index.php\/2022\/11\/17\/lince-negro-e-encontrado-no-canada-pela-primeira-vez-na-historia\/#breadcrumb\",\"itemListElement\":[{\"@type\":\"ListItem\",\"position\":1,\"name\":\"In\u00edcio\",\"item\":\"https:\/\/jornalfatosenoticias.com.br\/\"},{\"@type\":\"ListItem\",\"position\":2,\"name\":\"Lince negro \u00e9 encontrado no Canad\u00e1 pela primeira vez na hist\u00f3ria\"}]},{\"@type\":\"WebSite\",\"@id\":\"https:\/\/jornalfatosenoticias.com.br\/#website\",\"url\":\"https:\/\/jornalfatosenoticias.com.br\/\",\"name\":\"Jornal Fatos e Not\u00edcias\",\"description\":\"Not\u00edcias em geral\",\"publisher\":{\"@id\":\"https:\/\/jornalfatosenoticias.com.br\/#organization\"},\"potentialAction\":[{\"@type\":\"SearchAction\",\"target\":{\"@type\":\"EntryPoint\",\"urlTemplate\":\"https:\/\/jornalfatosenoticias.com.br\/?s={search_term_string}\"},\"query-input\":{\"@type\":\"PropertyValueSpecification\",\"valueRequired\":true,\"valueName\":\"search_term_string\"}}],\"inLanguage\":\"pt-BR\"},{\"@type\":\"Organization\",\"@id\":\"https:\/\/jornalfatosenoticias.com.br\/#organization\",\"name\":\"Jornal Fatos e Not\u00edcias\",\"url\":\"https:\/\/jornalfatosenoticias.com.br\/\",\"logo\":{\"@type\":\"ImageObject\",\"inLanguage\":\"pt-BR\",\"@id\":\"https:\/\/jornalfatosenoticias.com.br\/#\/schema\/logo\/image\/\",\"url\":\"https:\/\/jornalfatosenoticias.com.br\/wp-content\/uploads\/2020\/02\/logo120.png\",\"contentUrl\":\"https:\/\/jornalfatosenoticias.com.br\/wp-content\/uploads\/2020\/02\/logo120.png\",\"width\":1227,\"height\":120,\"caption\":\"Jornal Fatos e Not\u00edcias\"},\"image\":{\"@id\":\"https:\/\/jornalfatosenoticias.com.br\/#\/schema\/logo\/image\/\"}},{\"@type\":\"Person\",\"@id\":\"https:\/\/jornalfatosenoticias.com.br\/#\/schema\/person\/d63837fa13ac8666eb9e74e0985d6f81\",\"name\":\"Luzimara Fernandes\",\"image\":{\"@type\":\"ImageObject\",\"inLanguage\":\"pt-BR\",\"@id\":\"https:\/\/jornalfatosenoticias.com.br\/#\/schema\/person\/image\/\",\"url\":\"https:\/\/jornalfatosenoticias.com.br\/wp-content\/uploads\/2025\/05\/EU_portal.jpg\",\"contentUrl\":\"https:\/\/jornalfatosenoticias.com.br\/wp-content\/uploads\/2025\/05\/EU_portal.jpg\",\"caption\":\"Luzimara Fernandes\"},\"description\":\"Jornalista MTB 2358-ES\",\"sameAs\":[\"https:\/\/jornalfatosenoticias.com.br\"],\"url\":\"https:\/\/jornalfatosenoticias.com.br\/index.php\/author\/luzimara\/\"}]}<\/script>\n<!-- \/ Yoast SEO plugin. -->","yoast_head_json":{"title":"Lince negro \u00e9 encontrado no Canad\u00e1 pela primeira vez na hist\u00f3ria - Jornal Fatos e Not\u00edcias","robots":{"index":"index","follow":"follow","max-snippet":"max-snippet:-1","max-image-preview":"max-image-preview:large","max-video-preview":"max-video-preview:-1"},"canonical":"https:\/\/jornalfatosenoticias.com.br\/index.php\/2022\/11\/17\/lince-negro-e-encontrado-no-canada-pela-primeira-vez-na-historia\/","og_locale":"pt_BR","og_type":"article","og_title":"Lince negro \u00e9 encontrado no Canad\u00e1 pela primeira vez na hist\u00f3ria - Jornal Fatos e Not\u00edcias","og_description":"Quem capturou o registro in\u00e9dito do animal foi uma moradora nos arredores de Yukon, territ\u00f3rio selvagem, montanhoso e pouco povoado no noroeste do pa\u00eds No Canad\u00e1, os linces s\u00e3o tipicamente de cor marrom-avermelhada no ver\u00e3o e \u00e0 medida que o outono se transforma em inverno, sua pelagem fica cinza prateada. Agora imagine s\u00f3 se deparar [&hellip;]","og_url":"https:\/\/jornalfatosenoticias.com.br\/index.php\/2022\/11\/17\/lince-negro-e-encontrado-no-canada-pela-primeira-vez-na-historia\/","og_site_name":"Jornal Fatos e Not\u00edcias","article_published_time":"2022-11-17T19:59:33+00:00","article_modified_time":"2022-11-17T19:59:36+00:00","og_image":[{"width":1280,"height":720,"url":"https:\/\/jornalfatosenoticias.com.br\/wp-content\/uploads\/2022\/11\/lince-negro_canada.jpg","type":"image\/jpeg"}],"author":"Luzimara Fernandes","twitter_card":"summary_large_image","twitter_misc":{"Escrito por":"Luzimara Fernandes","Est. tempo de leitura":"2 minutos"},"schema":{"@context":"https:\/\/schema.org","@graph":[{"@type":"Article","@id":"https:\/\/jornalfatosenoticias.com.br\/index.php\/2022\/11\/17\/lince-negro-e-encontrado-no-canada-pela-primeira-vez-na-historia\/#article","isPartOf":{"@id":"https:\/\/jornalfatosenoticias.com.br\/index.php\/2022\/11\/17\/lince-negro-e-encontrado-no-canada-pela-primeira-vez-na-historia\/"},"author":{"name":"Luzimara Fernandes","@id":"https:\/\/jornalfatosenoticias.com.br\/#\/schema\/person\/d63837fa13ac8666eb9e74e0985d6f81"},"headline":"Lince negro \u00e9 encontrado no Canad\u00e1 pela primeira vez na hist\u00f3ria","datePublished":"2022-11-17T19:59:33+00:00","dateModified":"2022-11-17T19:59:36+00:00","mainEntityOfPage":{"@id":"https:\/\/jornalfatosenoticias.com.br\/index.php\/2022\/11\/17\/lince-negro-e-encontrado-no-canada-pela-primeira-vez-na-historia\/"},"wordCount":451,"commentCount":0,"publisher":{"@id":"https:\/\/jornalfatosenoticias.com.br\/#organization"},"image":{"@id":"https:\/\/jornalfatosenoticias.com.br\/index.php\/2022\/11\/17\/lince-negro-e-encontrado-no-canada-pela-primeira-vez-na-historia\/#primaryimage"},"thumbnailUrl":"https:\/\/jornalfatosenoticias.com.br\/wp-content\/uploads\/2022\/11\/lince-negro_canada.jpg","keywords":["Canad\u00e1","lince negro","mudan\u00e7as clim\u00e1ticas","territ\u00f3rio selvagem"],"articleSection":["Internacional"],"inLanguage":"pt-BR","potentialAction":[{"@type":"CommentAction","name":"Comment","target":["https:\/\/jornalfatosenoticias.com.br\/index.php\/2022\/11\/17\/lince-negro-e-encontrado-no-canada-pela-primeira-vez-na-historia\/#respond"]}]},{"@type":"WebPage","@id":"https:\/\/jornalfatosenoticias.com.br\/index.php\/2022\/11\/17\/lince-negro-e-encontrado-no-canada-pela-primeira-vez-na-historia\/","url":"https:\/\/jornalfatosenoticias.com.br\/index.php\/2022\/11\/17\/lince-negro-e-encontrado-no-canada-pela-primeira-vez-na-historia\/","name":"Lince negro \u00e9 encontrado no Canad\u00e1 pela primeira vez na hist\u00f3ria - Jornal Fatos e Not\u00edcias","isPartOf":{"@id":"https:\/\/jornalfatosenoticias.com.br\/#website"},"primaryImageOfPage":{"@id":"https:\/\/jornalfatosenoticias.com.br\/index.php\/2022\/11\/17\/lince-negro-e-encontrado-no-canada-pela-primeira-vez-na-historia\/#primaryimage"},"image":{"@id":"https:\/\/jornalfatosenoticias.com.br\/index.php\/2022\/11\/17\/lince-negro-e-encontrado-no-canada-pela-primeira-vez-na-historia\/#primaryimage"},"thumbnailUrl":"https:\/\/jornalfatosenoticias.com.br\/wp-content\/uploads\/2022\/11\/lince-negro_canada.jpg","datePublished":"2022-11-17T19:59:33+00:00","dateModified":"2022-11-17T19:59:36+00:00","breadcrumb":{"@id":"https:\/\/jornalfatosenoticias.com.br\/index.php\/2022\/11\/17\/lince-negro-e-encontrado-no-canada-pela-primeira-vez-na-historia\/#breadcrumb"},"inLanguage":"pt-BR","potentialAction":[{"@type":"ReadAction","target":["https:\/\/jornalfatosenoticias.com.br\/index.php\/2022\/11\/17\/lince-negro-e-encontrado-no-canada-pela-primeira-vez-na-historia\/"]}]},{"@type":"ImageObject","inLanguage":"pt-BR","@id":"https:\/\/jornalfatosenoticias.com.br\/index.php\/2022\/11\/17\/lince-negro-e-encontrado-no-canada-pela-primeira-vez-na-historia\/#primaryimage","url":"https:\/\/jornalfatosenoticias.com.br\/wp-content\/uploads\/2022\/11\/lince-negro_canada.jpg","contentUrl":"https:\/\/jornalfatosenoticias.com.br\/wp-content\/uploads\/2022\/11\/lince-negro_canada.jpg","width":1280,"height":720},{"@type":"BreadcrumbList","@id":"https:\/\/jornalfatosenoticias.com.br\/index.php\/2022\/11\/17\/lince-negro-e-encontrado-no-canada-pela-primeira-vez-na-historia\/#breadcrumb","itemListElement":[{"@type":"ListItem","position":1,"name":"In\u00edcio","item":"https:\/\/jornalfatosenoticias.com.br\/"},{"@type":"ListItem","position":2,"name":"Lince negro \u00e9 encontrado no Canad\u00e1 pela primeira vez na hist\u00f3ria"}]},{"@type":"WebSite","@id":"https:\/\/jornalfatosenoticias.com.br\/#website","url":"https:\/\/jornalfatosenoticias.com.br\/","name":"Jornal Fatos e Not\u00edcias","description":"Not\u00edcias em geral","publisher":{"@id":"https:\/\/jornalfatosenoticias.com.br\/#organization"},"potentialAction":[{"@type":"SearchAction","target":{"@type":"EntryPoint","urlTemplate":"https:\/\/jornalfatosenoticias.com.br\/?s={search_term_string}"},"query-input":{"@type":"PropertyValueSpecification","valueRequired":true,"valueName":"search_term_string"}}],"inLanguage":"pt-BR"},{"@type":"Organization","@id":"https:\/\/jornalfatosenoticias.com.br\/#organization","name":"Jornal Fatos e Not\u00edcias","url":"https:\/\/jornalfatosenoticias.com.br\/","logo":{"@type":"ImageObject","inLanguage":"pt-BR","@id":"https:\/\/jornalfatosenoticias.com.br\/#\/schema\/logo\/image\/","url":"https:\/\/jornalfatosenoticias.com.br\/wp-content\/uploads\/2020\/02\/logo120.png","contentUrl":"https:\/\/jornalfatosenoticias.com.br\/wp-content\/uploads\/2020\/02\/logo120.png","width":1227,"height":120,"caption":"Jornal Fatos e Not\u00edcias"},"image":{"@id":"https:\/\/jornalfatosenoticias.com.br\/#\/schema\/logo\/image\/"}},{"@type":"Person","@id":"https:\/\/jornalfatosenoticias.com.br\/#\/schema\/person\/d63837fa13ac8666eb9e74e0985d6f81","name":"Luzimara Fernandes","image":{"@type":"ImageObject","inLanguage":"pt-BR","@id":"https:\/\/jornalfatosenoticias.com.br\/#\/schema\/person\/image\/","url":"https:\/\/jornalfatosenoticias.com.br\/wp-content\/uploads\/2025\/05\/EU_portal.jpg","contentUrl":"https:\/\/jornalfatosenoticias.com.br\/wp-content\/uploads\/2025\/05\/EU_portal.jpg","caption":"Luzimara Fernandes"},"description":"Jornalista MTB 2358-ES","sameAs":["https:\/\/jornalfatosenoticias.com.br"],"url":"https:\/\/jornalfatosenoticias.com.br\/index.php\/author\/luzimara\/"}]}},"cc_featured_image_caption":{"caption_text":"(Foto: Reprodu\u00e7\u00e3o\/YouTube) ","source_text":"","source_url":""},"jetpack_featured_media_url":"https:\/\/jornalfatosenoticias.com.br\/wp-content\/uploads\/2022\/11\/lince-negro_canada.jpg","_links":{"self":[{"href":"https:\/\/jornalfatosenoticias.com.br\/index.php\/wp-json\/wp\/v2\/posts\/36108","targetHints":{"allow":["GET"]}}],"collection":[{"href":"https:\/\/jornalfatosenoticias.com.br\/index.php\/wp-json\/wp\/v2\/posts"}],"about":[{"href":"https:\/\/jornalfatosenoticias.com.br\/index.php\/wp-json\/wp\/v2\/types\/post"}],"author":[{"embeddable":true,"href":"https:\/\/jornalfatosenoticias.com.br\/index.php\/wp-json\/wp\/v2\/users\/2"}],"replies":[{"embeddable":true,"href":"https:\/\/jornalfatosenoticias.com.br\/index.php\/wp-json\/wp\/v2\/comments?post=36108"}],"version-history":[{"count":0,"href":"https:\/\/jornalfatosenoticias.com.br\/index.php\/wp-json\/wp\/v2\/posts\/36108\/revisions"}],"wp:featuredmedia":[{"embeddable":true,"href":"https:\/\/jornalfatosenoticias.com.br\/index.php\/wp-json\/wp\/v2\/media\/36109"}],"wp:attachment":[{"href":"https:\/\/jornalfatosenoticias.com.br\/index.php\/wp-json\/wp\/v2\/media?parent=36108"}],"wp:term":[{"taxonomy":"category","embeddable":true,"href":"https:\/\/jornalfatosenoticias.com.br\/index.php\/wp-json\/wp\/v2\/categories?post=36108"},{"taxonomy":"post_tag","embeddable":true,"href":"https:\/\/jornalfatosenoticias.com.br\/index.php\/wp-json\/wp\/v2\/tags?post=36108"}],"curies":[{"name":"wp","href":"https:\/\/api.w.org\/{rel}","templated":true}]}}