{"id":36113,"date":"2022-11-18T10:30:23","date_gmt":"2022-11-18T13:30:23","guid":{"rendered":"https:\/\/jornalfatosenoticias.com.br\/?p=36113"},"modified":"2022-11-18T10:30:26","modified_gmt":"2022-11-18T13:30:26","slug":"brasilia-sedia-principal-feira-de-camping-e-motorhomes-do-pais","status":"publish","type":"post","link":"https:\/\/jornalfatosenoticias.com.br\/index.php\/2022\/11\/18\/brasilia-sedia-principal-feira-de-camping-e-motorhomes-do-pais\/","title":{"rendered":"Bras\u00edlia sedia principal feira de camping e motorhomes do Pa\u00eds"},"content":{"rendered":"\n<p><em><span class=\"has-inline-color has-black-color\">Mais de 25 mil pessoas devem ao Parque da Cidade<\/span><\/em><\/p>\n\n\n\n<div class=\"wp-block-image\"><figure class=\"aligncenter size-large\"><img loading=\"lazy\" decoding=\"async\" width=\"1024\" height=\"103\" src=\"https:\/\/jornalfatosenoticias.com.br\/wp-content\/uploads\/2022\/02\/Arte-Autoescola-Galatas_endereco_portal-1024x103.png\" alt=\"\" class=\"wp-image-27869\" srcset=\"https:\/\/jornalfatosenoticias.com.br\/wp-content\/uploads\/2022\/02\/Arte-Autoescola-Galatas_endereco_portal-1024x103.png 1024w, https:\/\/jornalfatosenoticias.com.br\/wp-content\/uploads\/2022\/02\/Arte-Autoescola-Galatas_endereco_portal-300x30.png 300w, https:\/\/jornalfatosenoticias.com.br\/wp-content\/uploads\/2022\/02\/Arte-Autoescola-Galatas_endereco_portal-768x77.png 768w, https:\/\/jornalfatosenoticias.com.br\/wp-content\/uploads\/2022\/02\/Arte-Autoescola-Galatas_endereco_portal.png 1223w\" sizes=\"auto, (max-width: 1024px) 100vw, 1024px\" \/><\/figure><\/div>\n\n\n\n<p>At\u00e9 amanh\u00e3 (19), Bras\u00edlia sedia a mais importante feira de campismo e caravanismo do Brasil. Mais de 70 expositores que participam da 6\u00aa Preview Expo Motorhome exibem de ve\u00edculos transformados em verdadeiras casas ambulantes (os chamados motorhomes) a trailers e produtos especialmente projetados para aumentar a seguran\u00e7a e o conforto de quem transformou o ato de viajar em um estilo de vida.<\/p>\n\n\n\n<div class=\"wp-block-image\"><figure class=\"aligncenter size-large is-resized\"><img loading=\"lazy\" decoding=\"async\" src=\"https:\/\/jornalfatosenoticias.com.br\/wp-content\/uploads\/2022\/08\/logo-locau-veiculos-1024x573.png\" alt=\"\" class=\"wp-image-33078\" width=\"287\" height=\"160\"\/><\/figure><\/div>\n\n\n\n<p>\u00c9 o caso do aposentado Moacir Ant\u00f4nio Feiten, 65 anos. Acostumado desde garoto a viajar para pescar, o paranaense alimentou o gosto pela estrada ao come\u00e7ar a trabalhar como caminhoneiro. Anos depois, ao mudar de profiss\u00e3o e se casar com Clory F\u00e1tima Feiten, o futuro economista ganhou uma companheira de aventuras que n\u00e3o hesitava em forrar o piso de uma kombi com um colch\u00e3o para passar os finais de semana visitando lugares pr\u00f3ximos sem gastar com hospedagem.<\/p>\n\n\n\n<div class=\"wp-block-image\"><figure class=\"aligncenter size-large\"><img decoding=\"async\" src=\"https:\/\/jornalfatosenoticias.com.br\/wp-content\/uploads\/2020\/02\/logo_esteio.jpg\" alt=\"\" class=\"wp-image-1214\"\/><\/figure><\/div>\n\n\n\n<figure class=\"wp-block-pullquote\"><blockquote><p><span class=\"has-inline-color has-luminous-vivid-orange-color\">Trabalh\u00e1vamos muito, mas era comum sairmos de casa \u00e0s sextas-feiras \u00e0 tarde e s\u00f3 retornarmos no domingo \u00e0 noite\u201d, contou Feiten \u00e0 Ag\u00eancia Brasil, horas antes de proferir uma palestra para interessados em saber como dar os primeiros passos no mundo do campismo e do caravanismo. \u201cNos anos 1990, descobrimos o mundo dos motorhomes e passamos a sonhar com um. At\u00e9 que, quando completei 42 anos, a Clory me intimou dizendo que n\u00e3o ir\u00edamos esperar ficar velhos e nos aposentarmos para termos o nosso\u201d, acrescentou Feiten.<\/span><\/p><\/blockquote><\/figure>\n\n\n\n<div class=\"wp-block-image\"><figure class=\"alignleft size-large is-resized\"><img loading=\"lazy\" decoding=\"async\" src=\"https:\/\/jornalfatosenoticias.com.br\/wp-content\/uploads\/2020\/02\/nova-logo-Marquetti.jpg\" alt=\"\" class=\"wp-image-22331\" width=\"301\" height=\"202\" srcset=\"https:\/\/jornalfatosenoticias.com.br\/wp-content\/uploads\/2020\/02\/nova-logo-Marquetti.jpg 643w, https:\/\/jornalfatosenoticias.com.br\/wp-content\/uploads\/2020\/02\/nova-logo-Marquetti-300x202.jpg 300w\" sizes=\"auto, (max-width: 301px) 100vw, 301px\" \/><\/figure><\/div>\n\n\n\n<p>\u201cComo eu j\u00e1 tinha apreendido que a vida \u00e9 de muito trabalho, mas n\u00e3o s\u00f3, decidimos apostar. Juntamos nossas economias e compramos um primeiro modelo, simples. S\u00f3 que depois que experimenta, \u00e9 mais f\u00e1cil a pessoa largar a cacha\u00e7a do que os motorhomes\u201d, brincou Feiten, contando que sua atual \u201ccasa volante\u201d, a sexta do casal, ficou pronta um m\u00eas antes dele ser internado e entubado devido \u00e0s complica\u00e7\u00f5es da covid-19, em mar\u00e7o de 2021.<\/p>\n\n\n\n<div class=\"wp-block-image\"><figure class=\"alignright size-large is-resized\"><img loading=\"lazy\" decoding=\"async\" src=\"https:\/\/jornalfatosenoticias.com.br\/wp-content\/uploads\/2020\/02\/logo-clinica-limoeiro.jpg\" alt=\"\" class=\"wp-image-34610\" width=\"291\" height=\"206\"\/><\/figure><\/div>\n\n\n\n<p>\u201cT\u00ednhamos acabado de receber este nosso motorhome, que \u00e9 fruto de d\u00e9cadas de trabalho conjunto e a concretiza\u00e7\u00e3o de um sonho pouco a pouco transformado em realidade. Passei 35 dias internado. Depois, precisei de meses de terapia intensiva para conseguir voltar a caminhar. Durante todo este tempo, amigos que fizemos por todo o Pa\u00eds, gra\u00e7as ao motorhome, se mobilizaram, rezaram pela minha melhora, enviaram mensagens. At\u00e9 que, em agosto [do ano passado], eu estava forte o suficiente para estrearmos nossa casa e fizemos nossa primeira viagem com um motorhome\u201d, celebrou o aposentado, que afirma j\u00e1 ter visitado quase toda a Am\u00e9rica do Sul e boa parte do Brasil junto com a esposa.<\/p>\n\n\n\n<div class=\"wp-block-image\"><figure class=\"aligncenter size-large\"><img loading=\"lazy\" decoding=\"async\" width=\"1024\" height=\"99\" src=\"https:\/\/jornalfatosenoticias.com.br\/wp-content\/uploads\/2020\/02\/Logo-Mizu-segunda-2-1024x99.png\" alt=\"\" class=\"wp-image-2353\" srcset=\"https:\/\/jornalfatosenoticias.com.br\/wp-content\/uploads\/2020\/02\/Logo-Mizu-segunda-2-1024x99.png 1024w, https:\/\/jornalfatosenoticias.com.br\/wp-content\/uploads\/2020\/02\/Logo-Mizu-segunda-2-300x29.png 300w, https:\/\/jornalfatosenoticias.com.br\/wp-content\/uploads\/2020\/02\/Logo-Mizu-segunda-2-768x74.png 768w, https:\/\/jornalfatosenoticias.com.br\/wp-content\/uploads\/2020\/02\/Logo-Mizu-segunda-2.png 1240w\" sizes=\"auto, (max-width: 1024px) 100vw, 1024px\" \/><\/figure><\/div>\n\n\n\n<p>\u201c\u00d3bvio que n\u00e3o \u00e9 algo barato, mas tamb\u00e9m n\u00e3o \u00e9 algo inacess\u00edvel, elitista, como muitos imaginam. At\u00e9 porque, nos \u00faltimos anos, com a maior procura e algumas mudan\u00e7as legais, surgiram muitos fabricantes de motorhomes por todo o Pa\u00eds. E a pessoa interessada pode come\u00e7ar com algo que caiba no seu bolso, adquirindo um modelo usado ou equipando um ve\u00edculo apenas com aquilo que julgar essencial. \u00c9 como adquirir um im\u00f3vel: h\u00e1 de quitinetes a mans\u00f5es e, normalmente, poucos come\u00e7am por uma cobertura\u201d, comparou Feite, que j\u00e1 presidiu o Grupo dos Estradeiros do Paran\u00e1, criado em 1990 para incentivar o campismo e o caravanismo. Ele garante que, tanto a infraestrutura nacional vem melhorando, como mais gente tem se interessado pela comodidade de viajar levando consigo sua pr\u00f3pria casa.<\/p>\n\n\n\n<div class=\"wp-block-image\"><figure class=\"aligncenter size-large\"><img decoding=\"async\" src=\"https:\/\/jornalfatosenoticias.com.br\/wp-content\/uploads\/2020\/02\/logo-embacia-1-1024x110.jpg\" alt=\"\" class=\"wp-image-33954\"\/><\/figure><\/div>\n\n\n\n<p><strong>Atra\u00e7\u00f5es<br><\/strong>Al\u00e9m do casal Feiten, outros 13 palestrantes foram convidados a participar da 6\u00aa Preview Expo Motorhome. Entre eles, o bi\u00f3logo e apresentador Richard Rasmussen, que, neste s\u00e1bado \u00e0 tarde, vai falar sobre ecoturismo no Brasil.<br>Segundo o presidente da Expo Motorhome, Alexandre Boff, a expectativa \u00e9 levar entre 25 mil e 30 mil pessoas ao Pavilh\u00e3o de Exposi\u00e7\u00e3o do Parque da Cidade, no centro de Bras\u00edlia, difundindo as novidades do setor e buscando atrair novos adeptos.<\/p>\n\n\n\n<div class=\"wp-block-image\"><figure class=\"aligncenter size-large\"><img loading=\"lazy\" decoding=\"async\" width=\"300\" height=\"250\" src=\"https:\/\/jornalfatosenoticias.com.br\/wp-content\/uploads\/2022\/08\/arte-Casarao.jpg\" alt=\"\" class=\"wp-image-33178\"\/><\/figure><\/div>\n\n\n\n<figure class=\"wp-block-pullquote\"><blockquote><p><span class=\"has-inline-color has-luminous-vivid-orange-color\">Nosso objetivo \u00e9 divulgar nosso modo de vida para pessoas que n\u00e3o tiveram oportunidade de conhecer as vantagens do campismo e do caravanismo. Al\u00e9m do mais, este \u00e9 um setor pujante da economia, um mercado muito amplo que ainda tem muito o que crescer\u201d, explicou Boff, destacando a participa\u00e7\u00e3o de representantes do Banco Nacional de Desenvolvimento Econ\u00f4mico e Social (BNDES) no evento e a atua\u00e7\u00e3o do Minist\u00e9rio do Turismo para estruturar e promover o segmento.<\/span><\/p><\/blockquote><\/figure>\n\n\n\n<div class=\"wp-block-image\"><figure class=\"aligncenter size-large\"><img decoding=\"async\" src=\"https:\/\/jornalfatosenoticias.com.br\/wp-content\/uploads\/2020\/02\/barao-das-carnes-300x164-1.jpg\" alt=\"\" class=\"wp-image-34339\"\/><\/figure><\/div>\n\n\n\n<p>Hoje (18), o p\u00fablico interessado pode visitar o evento das 14h \u00e0s 21h. Amanh\u00e3 (19), \u00faltimo dia da feira, os port\u00f5es ser\u00e3o abertos \u00e0s 10h. O valor do ingresso varia de R$ 30 a meia-entrada a R$ 60. Crian\u00e7as de at\u00e9 12 anos de idade n\u00e3o pagam. A programa\u00e7\u00e3o de palestras est\u00e1 dispon\u00edvel na p\u00e1gina do evento no Facebook. Mais informa\u00e7\u00f5es.<\/p>\n\n\n\n<div class=\"wp-block-image\"><figure class=\"aligncenter size-large\"><img decoding=\"async\" src=\"https:\/\/jornalfatosenoticias.com.br\/wp-content\/uploads\/2020\/02\/Serra-Grande-1024x160.png\" alt=\"\" class=\"wp-image-7836\"\/><\/figure><\/div>\n\n\n\n<p><strong><em>Fonte: <a href=\"https:\/\/agenciabrasil.ebc.com.br\/geral\/noticia\/2022-11\/brasilia-sedia-principal-feira-de-camping-e-motorhomes-do-pais\">Ag\u00eancia Brasil<\/a><\/em><\/strong><\/p>\n","protected":false},"excerpt":{"rendered":"<p>Mais de 25 mil pessoas devem ao Parque da Cidade At\u00e9 amanh\u00e3 (19), Bras\u00edlia sedia a mais importante feira de campismo e caravanismo do Brasil. Mais de 70 expositores que participam da 6\u00aa Preview Expo Motorhome exibem de ve\u00edculos transformados em verdadeiras casas ambulantes (os chamados motorhomes) a trailers e produtos especialmente projetados para aumentar [&hellip;]<\/p>\n","protected":false},"author":2,"featured_media":36114,"comment_status":"open","ping_status":"open","sticky":false,"template":"","format":"standard","meta":{"footnotes":""},"categories":[5],"tags":[1865,16964,16965],"class_list":["post-36113","post","type-post","status-publish","format-standard","has-post-thumbnail","hentry","category-geral","tag-brasilia","tag-feira-de-camping","tag-motorhomes"],"yoast_head":"<!-- This site is optimized with the Yoast SEO plugin v26.5 - https:\/\/yoast.com\/wordpress\/plugins\/seo\/ -->\n<title>Bras\u00edlia sedia principal feira de camping e motorhomes do Pa\u00eds - Jornal Fatos e Not\u00edcias<\/title>\n<meta name=\"robots\" content=\"index, follow, max-snippet:-1, max-image-preview:large, max-video-preview:-1\" \/>\n<link rel=\"canonical\" href=\"https:\/\/jornalfatosenoticias.com.br\/index.php\/2022\/11\/18\/brasilia-sedia-principal-feira-de-camping-e-motorhomes-do-pais\/\" \/>\n<meta property=\"og:locale\" content=\"pt_BR\" \/>\n<meta property=\"og:type\" content=\"article\" \/>\n<meta property=\"og:title\" content=\"Bras\u00edlia sedia principal feira de camping e motorhomes do Pa\u00eds - Jornal Fatos e Not\u00edcias\" \/>\n<meta property=\"og:description\" content=\"Mais de 25 mil pessoas devem ao Parque da Cidade At\u00e9 amanh\u00e3 (19), Bras\u00edlia sedia a mais importante feira de campismo e caravanismo do Brasil. Mais de 70 expositores que participam da 6\u00aa Preview Expo Motorhome exibem de ve\u00edculos transformados em verdadeiras casas ambulantes (os chamados motorhomes) a trailers e produtos especialmente projetados para aumentar [&hellip;]\" \/>\n<meta property=\"og:url\" content=\"https:\/\/jornalfatosenoticias.com.br\/index.php\/2022\/11\/18\/brasilia-sedia-principal-feira-de-camping-e-motorhomes-do-pais\/\" \/>\n<meta property=\"og:site_name\" content=\"Jornal Fatos e Not\u00edcias\" \/>\n<meta property=\"article:published_time\" content=\"2022-11-18T13:30:23+00:00\" \/>\n<meta property=\"article:modified_time\" content=\"2022-11-18T13:30:26+00:00\" \/>\n<meta property=\"og:image\" content=\"https:\/\/jornalfatosenoticias.com.br\/wp-content\/uploads\/2022\/11\/pavilhao_de_exposicoes_do_parque_da_cidade_fcpzzb_abr.jpg\" \/>\n\t<meta property=\"og:image:width\" content=\"1000\" \/>\n\t<meta property=\"og:image:height\" content=\"598\" \/>\n\t<meta property=\"og:image:type\" content=\"image\/jpeg\" \/>\n<meta name=\"author\" content=\"Luzimara Fernandes\" \/>\n<meta name=\"twitter:card\" content=\"summary_large_image\" \/>\n<meta name=\"twitter:label1\" content=\"Escrito por\" \/>\n\t<meta name=\"twitter:data1\" content=\"Luzimara Fernandes\" \/>\n\t<meta name=\"twitter:label2\" content=\"Est. tempo de leitura\" \/>\n\t<meta name=\"twitter:data2\" content=\"4 minutos\" \/>\n<script type=\"application\/ld+json\" class=\"yoast-schema-graph\">{\"@context\":\"https:\/\/schema.org\",\"@graph\":[{\"@type\":\"Article\",\"@id\":\"https:\/\/jornalfatosenoticias.com.br\/index.php\/2022\/11\/18\/brasilia-sedia-principal-feira-de-camping-e-motorhomes-do-pais\/#article\",\"isPartOf\":{\"@id\":\"https:\/\/jornalfatosenoticias.com.br\/index.php\/2022\/11\/18\/brasilia-sedia-principal-feira-de-camping-e-motorhomes-do-pais\/\"},\"author\":{\"name\":\"Luzimara Fernandes\",\"@id\":\"https:\/\/jornalfatosenoticias.com.br\/#\/schema\/person\/d63837fa13ac8666eb9e74e0985d6f81\"},\"headline\":\"Bras\u00edlia sedia principal feira de camping e motorhomes do Pa\u00eds\",\"datePublished\":\"2022-11-18T13:30:23+00:00\",\"dateModified\":\"2022-11-18T13:30:26+00:00\",\"mainEntityOfPage\":{\"@id\":\"https:\/\/jornalfatosenoticias.com.br\/index.php\/2022\/11\/18\/brasilia-sedia-principal-feira-de-camping-e-motorhomes-do-pais\/\"},\"wordCount\":804,\"commentCount\":0,\"publisher\":{\"@id\":\"https:\/\/jornalfatosenoticias.com.br\/#organization\"},\"image\":{\"@id\":\"https:\/\/jornalfatosenoticias.com.br\/index.php\/2022\/11\/18\/brasilia-sedia-principal-feira-de-camping-e-motorhomes-do-pais\/#primaryimage\"},\"thumbnailUrl\":\"https:\/\/jornalfatosenoticias.com.br\/wp-content\/uploads\/2022\/11\/pavilhao_de_exposicoes_do_parque_da_cidade_fcpzzb_abr.jpg\",\"keywords\":[\"Bras\u00edlia\",\"feira de camping\",\"motorhomes\"],\"articleSection\":[\"Geral\"],\"inLanguage\":\"pt-BR\",\"potentialAction\":[{\"@type\":\"CommentAction\",\"name\":\"Comment\",\"target\":[\"https:\/\/jornalfatosenoticias.com.br\/index.php\/2022\/11\/18\/brasilia-sedia-principal-feira-de-camping-e-motorhomes-do-pais\/#respond\"]}]},{\"@type\":\"WebPage\",\"@id\":\"https:\/\/jornalfatosenoticias.com.br\/index.php\/2022\/11\/18\/brasilia-sedia-principal-feira-de-camping-e-motorhomes-do-pais\/\",\"url\":\"https:\/\/jornalfatosenoticias.com.br\/index.php\/2022\/11\/18\/brasilia-sedia-principal-feira-de-camping-e-motorhomes-do-pais\/\",\"name\":\"Bras\u00edlia sedia principal feira de camping e motorhomes do Pa\u00eds - Jornal Fatos e Not\u00edcias\",\"isPartOf\":{\"@id\":\"https:\/\/jornalfatosenoticias.com.br\/#website\"},\"primaryImageOfPage\":{\"@id\":\"https:\/\/jornalfatosenoticias.com.br\/index.php\/2022\/11\/18\/brasilia-sedia-principal-feira-de-camping-e-motorhomes-do-pais\/#primaryimage\"},\"image\":{\"@id\":\"https:\/\/jornalfatosenoticias.com.br\/index.php\/2022\/11\/18\/brasilia-sedia-principal-feira-de-camping-e-motorhomes-do-pais\/#primaryimage\"},\"thumbnailUrl\":\"https:\/\/jornalfatosenoticias.com.br\/wp-content\/uploads\/2022\/11\/pavilhao_de_exposicoes_do_parque_da_cidade_fcpzzb_abr.jpg\",\"datePublished\":\"2022-11-18T13:30:23+00:00\",\"dateModified\":\"2022-11-18T13:30:26+00:00\",\"breadcrumb\":{\"@id\":\"https:\/\/jornalfatosenoticias.com.br\/index.php\/2022\/11\/18\/brasilia-sedia-principal-feira-de-camping-e-motorhomes-do-pais\/#breadcrumb\"},\"inLanguage\":\"pt-BR\",\"potentialAction\":[{\"@type\":\"ReadAction\",\"target\":[\"https:\/\/jornalfatosenoticias.com.br\/index.php\/2022\/11\/18\/brasilia-sedia-principal-feira-de-camping-e-motorhomes-do-pais\/\"]}]},{\"@type\":\"ImageObject\",\"inLanguage\":\"pt-BR\",\"@id\":\"https:\/\/jornalfatosenoticias.com.br\/index.php\/2022\/11\/18\/brasilia-sedia-principal-feira-de-camping-e-motorhomes-do-pais\/#primaryimage\",\"url\":\"https:\/\/jornalfatosenoticias.com.br\/wp-content\/uploads\/2022\/11\/pavilhao_de_exposicoes_do_parque_da_cidade_fcpzzb_abr.jpg\",\"contentUrl\":\"https:\/\/jornalfatosenoticias.com.br\/wp-content\/uploads\/2022\/11\/pavilhao_de_exposicoes_do_parque_da_cidade_fcpzzb_abr.jpg\",\"width\":1000,\"height\":598,\"caption\":\"6\u00aa Preview Expo Motorhome\"},{\"@type\":\"BreadcrumbList\",\"@id\":\"https:\/\/jornalfatosenoticias.com.br\/index.php\/2022\/11\/18\/brasilia-sedia-principal-feira-de-camping-e-motorhomes-do-pais\/#breadcrumb\",\"itemListElement\":[{\"@type\":\"ListItem\",\"position\":1,\"name\":\"In\u00edcio\",\"item\":\"https:\/\/jornalfatosenoticias.com.br\/\"},{\"@type\":\"ListItem\",\"position\":2,\"name\":\"Bras\u00edlia sedia principal feira de camping e motorhomes do Pa\u00eds\"}]},{\"@type\":\"WebSite\",\"@id\":\"https:\/\/jornalfatosenoticias.com.br\/#website\",\"url\":\"https:\/\/jornalfatosenoticias.com.br\/\",\"name\":\"Jornal Fatos e Not\u00edcias\",\"description\":\"Not\u00edcias em geral\",\"publisher\":{\"@id\":\"https:\/\/jornalfatosenoticias.com.br\/#organization\"},\"potentialAction\":[{\"@type\":\"SearchAction\",\"target\":{\"@type\":\"EntryPoint\",\"urlTemplate\":\"https:\/\/jornalfatosenoticias.com.br\/?s={search_term_string}\"},\"query-input\":{\"@type\":\"PropertyValueSpecification\",\"valueRequired\":true,\"valueName\":\"search_term_string\"}}],\"inLanguage\":\"pt-BR\"},{\"@type\":\"Organization\",\"@id\":\"https:\/\/jornalfatosenoticias.com.br\/#organization\",\"name\":\"Jornal Fatos e Not\u00edcias\",\"url\":\"https:\/\/jornalfatosenoticias.com.br\/\",\"logo\":{\"@type\":\"ImageObject\",\"inLanguage\":\"pt-BR\",\"@id\":\"https:\/\/jornalfatosenoticias.com.br\/#\/schema\/logo\/image\/\",\"url\":\"https:\/\/jornalfatosenoticias.com.br\/wp-content\/uploads\/2020\/02\/logo120.png\",\"contentUrl\":\"https:\/\/jornalfatosenoticias.com.br\/wp-content\/uploads\/2020\/02\/logo120.png\",\"width\":1227,\"height\":120,\"caption\":\"Jornal Fatos e Not\u00edcias\"},\"image\":{\"@id\":\"https:\/\/jornalfatosenoticias.com.br\/#\/schema\/logo\/image\/\"}},{\"@type\":\"Person\",\"@id\":\"https:\/\/jornalfatosenoticias.com.br\/#\/schema\/person\/d63837fa13ac8666eb9e74e0985d6f81\",\"name\":\"Luzimara Fernandes\",\"image\":{\"@type\":\"ImageObject\",\"inLanguage\":\"pt-BR\",\"@id\":\"https:\/\/jornalfatosenoticias.com.br\/#\/schema\/person\/image\/\",\"url\":\"https:\/\/jornalfatosenoticias.com.br\/wp-content\/uploads\/2025\/05\/EU_portal.jpg\",\"contentUrl\":\"https:\/\/jornalfatosenoticias.com.br\/wp-content\/uploads\/2025\/05\/EU_portal.jpg\",\"caption\":\"Luzimara Fernandes\"},\"description\":\"Jornalista MTB 2358-ES\",\"sameAs\":[\"https:\/\/jornalfatosenoticias.com.br\"],\"url\":\"https:\/\/jornalfatosenoticias.com.br\/index.php\/author\/luzimara\/\"}]}<\/script>\n<!-- \/ Yoast SEO plugin. -->","yoast_head_json":{"title":"Bras\u00edlia sedia principal feira de camping e motorhomes do Pa\u00eds - Jornal Fatos e Not\u00edcias","robots":{"index":"index","follow":"follow","max-snippet":"max-snippet:-1","max-image-preview":"max-image-preview:large","max-video-preview":"max-video-preview:-1"},"canonical":"https:\/\/jornalfatosenoticias.com.br\/index.php\/2022\/11\/18\/brasilia-sedia-principal-feira-de-camping-e-motorhomes-do-pais\/","og_locale":"pt_BR","og_type":"article","og_title":"Bras\u00edlia sedia principal feira de camping e motorhomes do Pa\u00eds - Jornal Fatos e Not\u00edcias","og_description":"Mais de 25 mil pessoas devem ao Parque da Cidade At\u00e9 amanh\u00e3 (19), Bras\u00edlia sedia a mais importante feira de campismo e caravanismo do Brasil. Mais de 70 expositores que participam da 6\u00aa Preview Expo Motorhome exibem de ve\u00edculos transformados em verdadeiras casas ambulantes (os chamados motorhomes) a trailers e produtos especialmente projetados para aumentar [&hellip;]","og_url":"https:\/\/jornalfatosenoticias.com.br\/index.php\/2022\/11\/18\/brasilia-sedia-principal-feira-de-camping-e-motorhomes-do-pais\/","og_site_name":"Jornal Fatos e Not\u00edcias","article_published_time":"2022-11-18T13:30:23+00:00","article_modified_time":"2022-11-18T13:30:26+00:00","og_image":[{"width":1000,"height":598,"url":"https:\/\/jornalfatosenoticias.com.br\/wp-content\/uploads\/2022\/11\/pavilhao_de_exposicoes_do_parque_da_cidade_fcpzzb_abr.jpg","type":"image\/jpeg"}],"author":"Luzimara Fernandes","twitter_card":"summary_large_image","twitter_misc":{"Escrito por":"Luzimara Fernandes","Est. tempo de leitura":"4 minutos"},"schema":{"@context":"https:\/\/schema.org","@graph":[{"@type":"Article","@id":"https:\/\/jornalfatosenoticias.com.br\/index.php\/2022\/11\/18\/brasilia-sedia-principal-feira-de-camping-e-motorhomes-do-pais\/#article","isPartOf":{"@id":"https:\/\/jornalfatosenoticias.com.br\/index.php\/2022\/11\/18\/brasilia-sedia-principal-feira-de-camping-e-motorhomes-do-pais\/"},"author":{"name":"Luzimara Fernandes","@id":"https:\/\/jornalfatosenoticias.com.br\/#\/schema\/person\/d63837fa13ac8666eb9e74e0985d6f81"},"headline":"Bras\u00edlia sedia principal feira de camping e motorhomes do Pa\u00eds","datePublished":"2022-11-18T13:30:23+00:00","dateModified":"2022-11-18T13:30:26+00:00","mainEntityOfPage":{"@id":"https:\/\/jornalfatosenoticias.com.br\/index.php\/2022\/11\/18\/brasilia-sedia-principal-feira-de-camping-e-motorhomes-do-pais\/"},"wordCount":804,"commentCount":0,"publisher":{"@id":"https:\/\/jornalfatosenoticias.com.br\/#organization"},"image":{"@id":"https:\/\/jornalfatosenoticias.com.br\/index.php\/2022\/11\/18\/brasilia-sedia-principal-feira-de-camping-e-motorhomes-do-pais\/#primaryimage"},"thumbnailUrl":"https:\/\/jornalfatosenoticias.com.br\/wp-content\/uploads\/2022\/11\/pavilhao_de_exposicoes_do_parque_da_cidade_fcpzzb_abr.jpg","keywords":["Bras\u00edlia","feira de camping","motorhomes"],"articleSection":["Geral"],"inLanguage":"pt-BR","potentialAction":[{"@type":"CommentAction","name":"Comment","target":["https:\/\/jornalfatosenoticias.com.br\/index.php\/2022\/11\/18\/brasilia-sedia-principal-feira-de-camping-e-motorhomes-do-pais\/#respond"]}]},{"@type":"WebPage","@id":"https:\/\/jornalfatosenoticias.com.br\/index.php\/2022\/11\/18\/brasilia-sedia-principal-feira-de-camping-e-motorhomes-do-pais\/","url":"https:\/\/jornalfatosenoticias.com.br\/index.php\/2022\/11\/18\/brasilia-sedia-principal-feira-de-camping-e-motorhomes-do-pais\/","name":"Bras\u00edlia sedia principal feira de camping e motorhomes do Pa\u00eds - Jornal Fatos e Not\u00edcias","isPartOf":{"@id":"https:\/\/jornalfatosenoticias.com.br\/#website"},"primaryImageOfPage":{"@id":"https:\/\/jornalfatosenoticias.com.br\/index.php\/2022\/11\/18\/brasilia-sedia-principal-feira-de-camping-e-motorhomes-do-pais\/#primaryimage"},"image":{"@id":"https:\/\/jornalfatosenoticias.com.br\/index.php\/2022\/11\/18\/brasilia-sedia-principal-feira-de-camping-e-motorhomes-do-pais\/#primaryimage"},"thumbnailUrl":"https:\/\/jornalfatosenoticias.com.br\/wp-content\/uploads\/2022\/11\/pavilhao_de_exposicoes_do_parque_da_cidade_fcpzzb_abr.jpg","datePublished":"2022-11-18T13:30:23+00:00","dateModified":"2022-11-18T13:30:26+00:00","breadcrumb":{"@id":"https:\/\/jornalfatosenoticias.com.br\/index.php\/2022\/11\/18\/brasilia-sedia-principal-feira-de-camping-e-motorhomes-do-pais\/#breadcrumb"},"inLanguage":"pt-BR","potentialAction":[{"@type":"ReadAction","target":["https:\/\/jornalfatosenoticias.com.br\/index.php\/2022\/11\/18\/brasilia-sedia-principal-feira-de-camping-e-motorhomes-do-pais\/"]}]},{"@type":"ImageObject","inLanguage":"pt-BR","@id":"https:\/\/jornalfatosenoticias.com.br\/index.php\/2022\/11\/18\/brasilia-sedia-principal-feira-de-camping-e-motorhomes-do-pais\/#primaryimage","url":"https:\/\/jornalfatosenoticias.com.br\/wp-content\/uploads\/2022\/11\/pavilhao_de_exposicoes_do_parque_da_cidade_fcpzzb_abr.jpg","contentUrl":"https:\/\/jornalfatosenoticias.com.br\/wp-content\/uploads\/2022\/11\/pavilhao_de_exposicoes_do_parque_da_cidade_fcpzzb_abr.jpg","width":1000,"height":598,"caption":"6\u00aa Preview Expo Motorhome"},{"@type":"BreadcrumbList","@id":"https:\/\/jornalfatosenoticias.com.br\/index.php\/2022\/11\/18\/brasilia-sedia-principal-feira-de-camping-e-motorhomes-do-pais\/#breadcrumb","itemListElement":[{"@type":"ListItem","position":1,"name":"In\u00edcio","item":"https:\/\/jornalfatosenoticias.com.br\/"},{"@type":"ListItem","position":2,"name":"Bras\u00edlia sedia principal feira de camping e motorhomes do Pa\u00eds"}]},{"@type":"WebSite","@id":"https:\/\/jornalfatosenoticias.com.br\/#website","url":"https:\/\/jornalfatosenoticias.com.br\/","name":"Jornal Fatos e Not\u00edcias","description":"Not\u00edcias em geral","publisher":{"@id":"https:\/\/jornalfatosenoticias.com.br\/#organization"},"potentialAction":[{"@type":"SearchAction","target":{"@type":"EntryPoint","urlTemplate":"https:\/\/jornalfatosenoticias.com.br\/?s={search_term_string}"},"query-input":{"@type":"PropertyValueSpecification","valueRequired":true,"valueName":"search_term_string"}}],"inLanguage":"pt-BR"},{"@type":"Organization","@id":"https:\/\/jornalfatosenoticias.com.br\/#organization","name":"Jornal Fatos e Not\u00edcias","url":"https:\/\/jornalfatosenoticias.com.br\/","logo":{"@type":"ImageObject","inLanguage":"pt-BR","@id":"https:\/\/jornalfatosenoticias.com.br\/#\/schema\/logo\/image\/","url":"https:\/\/jornalfatosenoticias.com.br\/wp-content\/uploads\/2020\/02\/logo120.png","contentUrl":"https:\/\/jornalfatosenoticias.com.br\/wp-content\/uploads\/2020\/02\/logo120.png","width":1227,"height":120,"caption":"Jornal Fatos e Not\u00edcias"},"image":{"@id":"https:\/\/jornalfatosenoticias.com.br\/#\/schema\/logo\/image\/"}},{"@type":"Person","@id":"https:\/\/jornalfatosenoticias.com.br\/#\/schema\/person\/d63837fa13ac8666eb9e74e0985d6f81","name":"Luzimara Fernandes","image":{"@type":"ImageObject","inLanguage":"pt-BR","@id":"https:\/\/jornalfatosenoticias.com.br\/#\/schema\/person\/image\/","url":"https:\/\/jornalfatosenoticias.com.br\/wp-content\/uploads\/2025\/05\/EU_portal.jpg","contentUrl":"https:\/\/jornalfatosenoticias.com.br\/wp-content\/uploads\/2025\/05\/EU_portal.jpg","caption":"Luzimara Fernandes"},"description":"Jornalista MTB 2358-ES","sameAs":["https:\/\/jornalfatosenoticias.com.br"],"url":"https:\/\/jornalfatosenoticias.com.br\/index.php\/author\/luzimara\/"}]}},"cc_featured_image_caption":{"caption_text":"(Foto: F\u00e1bio Rodrigues Pozzebom\/Ag\u00eancia Brasil) \r\n","source_text":"","source_url":""},"jetpack_featured_media_url":"https:\/\/jornalfatosenoticias.com.br\/wp-content\/uploads\/2022\/11\/pavilhao_de_exposicoes_do_parque_da_cidade_fcpzzb_abr.jpg","_links":{"self":[{"href":"https:\/\/jornalfatosenoticias.com.br\/index.php\/wp-json\/wp\/v2\/posts\/36113","targetHints":{"allow":["GET"]}}],"collection":[{"href":"https:\/\/jornalfatosenoticias.com.br\/index.php\/wp-json\/wp\/v2\/posts"}],"about":[{"href":"https:\/\/jornalfatosenoticias.com.br\/index.php\/wp-json\/wp\/v2\/types\/post"}],"author":[{"embeddable":true,"href":"https:\/\/jornalfatosenoticias.com.br\/index.php\/wp-json\/wp\/v2\/users\/2"}],"replies":[{"embeddable":true,"href":"https:\/\/jornalfatosenoticias.com.br\/index.php\/wp-json\/wp\/v2\/comments?post=36113"}],"version-history":[{"count":0,"href":"https:\/\/jornalfatosenoticias.com.br\/index.php\/wp-json\/wp\/v2\/posts\/36113\/revisions"}],"wp:featuredmedia":[{"embeddable":true,"href":"https:\/\/jornalfatosenoticias.com.br\/index.php\/wp-json\/wp\/v2\/media\/36114"}],"wp:attachment":[{"href":"https:\/\/jornalfatosenoticias.com.br\/index.php\/wp-json\/wp\/v2\/media?parent=36113"}],"wp:term":[{"taxonomy":"category","embeddable":true,"href":"https:\/\/jornalfatosenoticias.com.br\/index.php\/wp-json\/wp\/v2\/categories?post=36113"},{"taxonomy":"post_tag","embeddable":true,"href":"https:\/\/jornalfatosenoticias.com.br\/index.php\/wp-json\/wp\/v2\/tags?post=36113"}],"curies":[{"name":"wp","href":"https:\/\/api.w.org\/{rel}","templated":true}]}}