{"id":36142,"date":"2022-11-18T12:13:39","date_gmt":"2022-11-18T15:13:39","guid":{"rendered":"https:\/\/jornalfatosenoticias.com.br\/?p=36142"},"modified":"2022-11-18T12:13:43","modified_gmt":"2022-11-18T15:13:43","slug":"plastico-em-recifes-afeta-comportamento-alimentar-de-peixes","status":"publish","type":"post","link":"https:\/\/jornalfatosenoticias.com.br\/index.php\/2022\/11\/18\/plastico-em-recifes-afeta-comportamento-alimentar-de-peixes\/","title":{"rendered":"Pl\u00e1stico em recifes afeta comportamento alimentar de peixes"},"content":{"rendered":"\n<p><em><span class=\"has-inline-color has-black-color\">Pesquisadores da UFRN estudaram a rela\u00e7\u00e3o do aumento de res\u00edduos pl\u00e1sticos e o comportamento alimentar de peixes<\/span><\/em><\/p>\n\n\n\n<div class=\"wp-block-image\"><figure class=\"aligncenter size-large\"><img loading=\"lazy\" decoding=\"async\" width=\"1024\" height=\"110\" src=\"https:\/\/jornalfatosenoticias.com.br\/wp-content\/uploads\/2022\/10\/Arte-jornal-Zucchi-1120x120_Prancheta-1-1024x110.jpg\" alt=\"\" class=\"wp-image-34772\" srcset=\"https:\/\/jornalfatosenoticias.com.br\/wp-content\/uploads\/2022\/10\/Arte-jornal-Zucchi-1120x120_Prancheta-1-1024x110.jpg 1024w, https:\/\/jornalfatosenoticias.com.br\/wp-content\/uploads\/2022\/10\/Arte-jornal-Zucchi-1120x120_Prancheta-1-300x32.jpg 300w, https:\/\/jornalfatosenoticias.com.br\/wp-content\/uploads\/2022\/10\/Arte-jornal-Zucchi-1120x120_Prancheta-1-768x82.jpg 768w, https:\/\/jornalfatosenoticias.com.br\/wp-content\/uploads\/2022\/10\/Arte-jornal-Zucchi-1120x120_Prancheta-1-1536x165.jpg 1536w, https:\/\/jornalfatosenoticias.com.br\/wp-content\/uploads\/2022\/10\/Arte-jornal-Zucchi-1120x120_Prancheta-1-2048x219.jpg 2048w\" sizes=\"auto, (max-width: 1024px) 100vw, 1024px\" \/><\/figure><\/div>\n\n\n\n<p>O aumento da presen\u00e7a de compostos <a href=\"https:\/\/ciclovivo.com.br\/planeta\/meio-ambiente\/plasticos-nos-oceanos-triplicar-20\/\" target=\"_blank\" rel=\"noreferrer noopener\">pl\u00e1sticos nos mares<\/a> e oceanos t\u00eam causado preocupa\u00e7\u00e3o desde os anos 1970. Uma nova descoberta deste impacto \u00e9 trazida por pesquisadores do Departamento de Oceanografia e Limnologia da Universidade Federal do Rio Grande do Norte (UFRN). Eles identificaram que os pl\u00e1sticos presentes nos mares impactam a fauna marinha de maneiras sutis, como na prefer\u00eancia alimentar e nas intera\u00e7\u00f5es dos peixes com os recifes.<\/p>\n\n\n\n<div class=\"wp-block-image\"><figure class=\"alignright size-large\"><img loading=\"lazy\" decoding=\"async\" width=\"300\" height=\"250\" src=\"https:\/\/jornalfatosenoticias.com.br\/wp-content\/uploads\/2022\/08\/arte-Casarao.jpg\" alt=\"\" class=\"wp-image-33178\"\/><\/figure><\/div>\n\n\n\n<p>Os peixes evitam as \u00e1reas com maior concentra\u00e7\u00e3o de pl\u00e1sticos, se afastando e n\u00e3o se alimentando no local. O trabalho est\u00e1 <a href=\"https:\/\/www.sciencedirect.com\/science\/article\/abs\/pii\/S0025326X22010128\" target=\"_blank\" rel=\"noreferrer noopener\">publicado<\/a> na edi\u00e7\u00e3o desta semana da revista \u201cMarine Pollution Bulletin\u201d. Segundo dois dos autores, o professor Guilherme Longo, pesquisador do Departamento de Oceanografia da <a href=\"https:\/\/ciclovivo.com.br\/inovacao\/negocios\/estudantes-criam-repelente-natural-a-base-de-oleo-de-coco\/\" target=\"_blank\" rel=\"noreferrer noopener\">UFRN<\/a> e Maiara Menezes, doutoranda do Programa de P\u00f3s-Gradua\u00e7\u00e3o em Ecologia da mesma universidade, a presen\u00e7a dos pl\u00e1sticos nos chamados bentos (conjunto de organismos que recobrem o fundo dos recifes) tem reduzido a quantidade de mordidas que uma determinada \u00e1rea do fundo marinho recebe. Esse fen\u00f4meno significa que os peixes se afastam das \u00e1reas com lixos pl\u00e1sticos e reduzem a press\u00e3o alimentar no local.<\/p>\n\n\n\n<div class=\"wp-block-image\"><figure class=\"aligncenter size-large\"><img loading=\"lazy\" decoding=\"async\" width=\"1024\" height=\"111\" src=\"https:\/\/jornalfatosenoticias.com.br\/wp-content\/uploads\/2020\/02\/WhatsApp-Image-2022-09-23-at-12.09.18-1024x111.jpeg\" alt=\"\" class=\"wp-image-34527\" srcset=\"https:\/\/jornalfatosenoticias.com.br\/wp-content\/uploads\/2020\/02\/WhatsApp-Image-2022-09-23-at-12.09.18-1024x111.jpeg 1024w, https:\/\/jornalfatosenoticias.com.br\/wp-content\/uploads\/2020\/02\/WhatsApp-Image-2022-09-23-at-12.09.18-300x32.jpeg 300w, https:\/\/jornalfatosenoticias.com.br\/wp-content\/uploads\/2020\/02\/WhatsApp-Image-2022-09-23-at-12.09.18-768x83.jpeg 768w, https:\/\/jornalfatosenoticias.com.br\/wp-content\/uploads\/2020\/02\/WhatsApp-Image-2022-09-23-at-12.09.18.jpeg 1121w\" sizes=\"auto, (max-width: 1024px) 100vw, 1024px\" \/><\/figure><\/div>\n\n\n\n<p>Foram observados 212 peixes, com biomassa m\u00e9dia de 32,8 se alimentando dos bentos em 30 v\u00eddeos que foram registrados. A maioria estava se alimentando de grama de algas (71%), seguido 149 por macroalgas (21%), corais (3%) e substrato nu (1%). Os resultados sugerem que o pl\u00e1stico mais repeliu os <a href=\"https:\/\/ciclovivo.com.br\/planeta\/desenvolvimento\/o-pescado-que-comemos-impacta-a-saude-dos-oceanos\/\" target=\"_blank\" rel=\"noreferrer noopener\">peixes<\/a> do que os atraiu. A intera\u00e7\u00e3o alimentar foi menor nas \u00e1reas onde o pl\u00e1stico estava presente.<\/p>\n\n\n\n<div class=\"wp-block-image\"><figure class=\"aligncenter size-large\"><img decoding=\"async\" src=\"https:\/\/jornalfatosenoticias.com.br\/wp-content\/uploads\/2020\/02\/logo_esteio.jpg\" alt=\"\" class=\"wp-image-1214\"\/><\/figure><\/div>\n\n\n\n<figure class=\"wp-block-pullquote\"><blockquote><p><span class=\"has-inline-color has-luminous-vivid-orange-color\">Infelizmente, tem se tornado mais comum observarmos lixos pl\u00e1sticos depositados sobre os organismos que recobrem o fundo, incluindo algas. Inicialmente, esper\u00e1vamos observar altas taxas de ingest\u00e3o de pl\u00e1stico, por\u00e9m nossos resultados sugerem que esses <a href=\"https:\/\/ciclovivo.com.br\/inovacao\/tecnologia\/cientistas-criam-peixe-robo-para-coletar-microplasticos\/\" target=\"_blank\" rel=\"noreferrer noopener\">peixes<\/a> simplesmente n\u00e3o querem se alimentar em \u00e1reas com pl\u00e1stico e que n\u00e3o fazem parte da paisagem natural marinha, nem mesmo quando o pl\u00e1stico permaneceu no mar por meses e j\u00e1 est\u00e1 recoberto por pequenas microalgas\u201d, aponta Longo.<\/span><\/p><\/blockquote><\/figure>\n\n\n\n<div class=\"wp-block-image\"><figure class=\"aligncenter size-large\"><img loading=\"lazy\" decoding=\"async\" width=\"1024\" height=\"103\" src=\"https:\/\/jornalfatosenoticias.com.br\/wp-content\/uploads\/2022\/02\/Arte-Autoescola-Galatas_endereco_portal-1024x103.png\" alt=\"\" class=\"wp-image-27869\" srcset=\"https:\/\/jornalfatosenoticias.com.br\/wp-content\/uploads\/2022\/02\/Arte-Autoescola-Galatas_endereco_portal-1024x103.png 1024w, https:\/\/jornalfatosenoticias.com.br\/wp-content\/uploads\/2022\/02\/Arte-Autoescola-Galatas_endereco_portal-300x30.png 300w, https:\/\/jornalfatosenoticias.com.br\/wp-content\/uploads\/2022\/02\/Arte-Autoescola-Galatas_endereco_portal-768x77.png 768w, https:\/\/jornalfatosenoticias.com.br\/wp-content\/uploads\/2022\/02\/Arte-Autoescola-Galatas_endereco_portal.png 1223w\" sizes=\"auto, (max-width: 1024px) 100vw, 1024px\" \/><\/figure><\/div>\n\n\n\n<p>O trabalho mostra que nem mesmo o biofilme nos pl\u00e1sticos encontrados tornou o pl\u00e1stico mais atraente aos peixes. Apesar de serem nutritivos e\/ou f\u00e1ceis de digerir, os peixes declinaram as regi\u00f5es onde havia a presen\u00e7a de poluentes.<\/p>\n\n\n\n<div class=\"wp-block-image\"><figure class=\"aligncenter size-large\"><img loading=\"lazy\" decoding=\"async\" width=\"300\" height=\"300\" src=\"https:\/\/jornalfatosenoticias.com.br\/wp-content\/uploads\/2020\/02\/casa-do-torresmo_portal.jpg\" alt=\"\" class=\"wp-image-34472\" srcset=\"https:\/\/jornalfatosenoticias.com.br\/wp-content\/uploads\/2020\/02\/casa-do-torresmo_portal.jpg 300w, https:\/\/jornalfatosenoticias.com.br\/wp-content\/uploads\/2020\/02\/casa-do-torresmo_portal-150x150.jpg 150w\" sizes=\"auto, (max-width: 300px) 100vw, 300px\" \/><\/figure><\/div>\n\n\n\n<figure class=\"wp-block-pullquote\"><blockquote><p><span class=\"has-inline-color has-luminous-vivid-orange-color\">Acreditamos que a presen\u00e7a do objeto estranho foi mais determinante para impedir a alimenta\u00e7\u00e3o dos peixes, ou seja, \u00e9 poss\u00edvel que outros materiais \u2014 al\u00e9m do pl\u00e1stico e que fazem parte do lixo marinho \u2014 tenham um efeito parecido\u201d, acrescenta Maiara.<\/span><\/p><\/blockquote><\/figure>\n\n\n\n<div class=\"wp-block-image\"><figure class=\"alignleft size-large\"><img decoding=\"async\" src=\"https:\/\/jornalfatosenoticias.com.br\/wp-content\/uploads\/2020\/02\/barao-das-carnes-300x164-1.jpg\" alt=\"\" class=\"wp-image-34339\"\/><\/figure><\/div>\n\n\n\n<p>O experimento foi conduzido em um recife raso em Maracaja\u00fa, litoral norte do Rio Grande do Norte. Neste local, h\u00e1 forma\u00e7\u00e3o elevada de <a href=\"https:\/\/ciclovivo.com.br\/planeta\/meio-ambiente\/mergulhadores-retiram-39-t-de-redes-de-pesca-fantasma-de-recife-havaiano\/\" target=\"_blank\" rel=\"noreferrer noopener\">recifes<\/a>, com abund\u00e2ncia de gramados de algas, macroalgas frondosas e filamentosas, al\u00e9m de zoant\u00eddeos e corais duros. A \u00e1rea regulamenta as atividades de pesca artesanal e turismo de subsist\u00eancia (principalmente mergulho recreativo) e apresenta esp\u00e9cies de alimenta\u00e7\u00e3o bent\u00f4nica, incluindo herb\u00edvoros e detrit\u00edvoros e on\u00edvoros.<\/p>\n\n\n\n<div class=\"wp-block-image\"><figure class=\"aligncenter size-large\"><img loading=\"lazy\" decoding=\"async\" width=\"1024\" height=\"100\" src=\"https:\/\/jornalfatosenoticias.com.br\/wp-content\/uploads\/2022\/05\/NOVA-LOGO-CESCONETTO-1024x100.jpg\" alt=\"\" class=\"wp-image-30792\" srcset=\"https:\/\/jornalfatosenoticias.com.br\/wp-content\/uploads\/2022\/05\/NOVA-LOGO-CESCONETTO-1024x100.jpg 1024w, https:\/\/jornalfatosenoticias.com.br\/wp-content\/uploads\/2022\/05\/NOVA-LOGO-CESCONETTO-300x29.jpg 300w, https:\/\/jornalfatosenoticias.com.br\/wp-content\/uploads\/2022\/05\/NOVA-LOGO-CESCONETTO-768x75.jpg 768w, https:\/\/jornalfatosenoticias.com.br\/wp-content\/uploads\/2022\/05\/NOVA-LOGO-CESCONETTO.jpg 1280w\" sizes=\"auto, (max-width: 1024px) 100vw, 1024px\" \/><\/figure><\/div>\n\n\n\n<p>Os autores refor\u00e7am que muito se fala sobre o efeito direto da ingest\u00e3o do lixo pl\u00e1stico pelos organismos marinhos, por\u00e9m a pesquisa consegue demonstrar tamb\u00e9m aspectos indiretos no papel ecol\u00f3gico dos peixes de regular a presen\u00e7a e abund\u00e2ncia de algas e outros organismos que recobrem o fundo alterando o ecossistema.<\/p>\n\n\n\n<div class=\"wp-block-image\"><figure class=\"aligncenter size-large is-resized\"><img loading=\"lazy\" decoding=\"async\" src=\"https:\/\/jornalfatosenoticias.com.br\/wp-content\/uploads\/2020\/02\/nova-logo-Marquetti.jpg\" alt=\"\" class=\"wp-image-22331\" width=\"306\" height=\"205\" srcset=\"https:\/\/jornalfatosenoticias.com.br\/wp-content\/uploads\/2020\/02\/nova-logo-Marquetti.jpg 643w, https:\/\/jornalfatosenoticias.com.br\/wp-content\/uploads\/2020\/02\/nova-logo-Marquetti-300x202.jpg 300w\" sizes=\"auto, (max-width: 306px) 100vw, 306px\" \/><\/figure><\/div>\n\n\n\n<figure class=\"wp-block-pullquote\"><blockquote><p><span class=\"has-inline-color has-luminous-vivid-orange-color\">H\u00e1 uma necessidade urgente de resolver a polui\u00e7\u00e3o pl\u00e1stica nos oceanos e outros corpos d\u2019\u00e1gua, reduzindo sua produ\u00e7\u00e3o, incentivando a reutiliza\u00e7\u00e3o, descarte e tratamento adequado dos res\u00edduos\u201d, conclui Longo.<\/span><\/p><\/blockquote><\/figure>\n\n\n\n<div class=\"wp-block-image\"><figure class=\"aligncenter size-large is-resized\"><img loading=\"lazy\" decoding=\"async\" src=\"https:\/\/jornalfatosenoticias.com.br\/wp-content\/uploads\/2022\/07\/Logo-Grupo-SEI.jpg\" alt=\"\" class=\"wp-image-31973\" width=\"313\" height=\"164\" srcset=\"https:\/\/jornalfatosenoticias.com.br\/wp-content\/uploads\/2022\/07\/Logo-Grupo-SEI.jpg 713w, https:\/\/jornalfatosenoticias.com.br\/wp-content\/uploads\/2022\/07\/Logo-Grupo-SEI-300x158.jpg 300w\" sizes=\"auto, (max-width: 313px) 100vw, 313px\" \/><\/figure><\/div>\n\n\n\n<p><strong><em>Fonte: <a href=\"https:\/\/ciclovivo.com.br\/planeta\/meio-ambiente\/plastico-em-recifes-afeta-comportamento-alimentar-de-peixes\/\">CicloVivo<\/a><\/em><\/strong><\/p>\n","protected":false},"excerpt":{"rendered":"<p>Pesquisadores da UFRN estudaram a rela\u00e7\u00e3o do aumento de res\u00edduos pl\u00e1sticos e o comportamento alimentar de peixes O aumento da presen\u00e7a de compostos pl\u00e1sticos nos mares e oceanos t\u00eam causado preocupa\u00e7\u00e3o desde os anos 1970. Uma nova descoberta deste impacto \u00e9 trazida por pesquisadores do Departamento de Oceanografia e Limnologia da Universidade Federal do Rio [&hellip;]<\/p>\n","protected":false},"author":2,"featured_media":36143,"comment_status":"open","ping_status":"open","sticky":false,"template":"","format":"standard","meta":{"footnotes":""},"categories":[8],"tags":[16973,222,115,16974,16975,2695],"class_list":["post-36142","post","type-post","status-publish","format-standard","has-post-thumbnail","hentry","category-meio-ambiente","tag-comportamento-alimentar-de-peixes","tag-peixes","tag-pesquisa","tag-plastico-nos-mares","tag-plastico-nos-oceanos","tag-ufrn"],"yoast_head":"<!-- This site is optimized with the Yoast SEO plugin v26.5 - https:\/\/yoast.com\/wordpress\/plugins\/seo\/ -->\n<title>Pl\u00e1stico em recifes afeta comportamento alimentar de peixes - Jornal Fatos e Not\u00edcias<\/title>\n<meta name=\"robots\" content=\"index, follow, max-snippet:-1, max-image-preview:large, max-video-preview:-1\" \/>\n<link rel=\"canonical\" href=\"https:\/\/jornalfatosenoticias.com.br\/index.php\/2022\/11\/18\/plastico-em-recifes-afeta-comportamento-alimentar-de-peixes\/\" \/>\n<meta property=\"og:locale\" content=\"pt_BR\" \/>\n<meta property=\"og:type\" content=\"article\" \/>\n<meta property=\"og:title\" content=\"Pl\u00e1stico em recifes afeta comportamento alimentar de peixes - Jornal Fatos e Not\u00edcias\" \/>\n<meta property=\"og:description\" content=\"Pesquisadores da UFRN estudaram a rela\u00e7\u00e3o do aumento de res\u00edduos pl\u00e1sticos e o comportamento alimentar de peixes O aumento da presen\u00e7a de compostos pl\u00e1sticos nos mares e oceanos t\u00eam causado preocupa\u00e7\u00e3o desde os anos 1970. Uma nova descoberta deste impacto \u00e9 trazida por pesquisadores do Departamento de Oceanografia e Limnologia da Universidade Federal do Rio [&hellip;]\" \/>\n<meta property=\"og:url\" content=\"https:\/\/jornalfatosenoticias.com.br\/index.php\/2022\/11\/18\/plastico-em-recifes-afeta-comportamento-alimentar-de-peixes\/\" \/>\n<meta property=\"og:site_name\" content=\"Jornal Fatos e Not\u00edcias\" \/>\n<meta property=\"article:published_time\" content=\"2022-11-18T15:13:39+00:00\" \/>\n<meta property=\"article:modified_time\" content=\"2022-11-18T15:13:43+00:00\" \/>\n<meta property=\"og:image\" content=\"https:\/\/jornalfatosenoticias.com.br\/wp-content\/uploads\/2022\/11\/plasticos-peixes_iStock.jpg\" \/>\n\t<meta property=\"og:image:width\" content=\"1000\" \/>\n\t<meta property=\"og:image:height\" content=\"666\" \/>\n\t<meta property=\"og:image:type\" content=\"image\/jpeg\" \/>\n<meta name=\"author\" content=\"Luzimara Fernandes\" \/>\n<meta name=\"twitter:card\" content=\"summary_large_image\" \/>\n<meta name=\"twitter:label1\" content=\"Escrito por\" \/>\n\t<meta name=\"twitter:data1\" content=\"Luzimara Fernandes\" \/>\n\t<meta name=\"twitter:label2\" content=\"Est. tempo de leitura\" \/>\n\t<meta name=\"twitter:data2\" content=\"3 minutos\" \/>\n<script type=\"application\/ld+json\" class=\"yoast-schema-graph\">{\"@context\":\"https:\/\/schema.org\",\"@graph\":[{\"@type\":\"Article\",\"@id\":\"https:\/\/jornalfatosenoticias.com.br\/index.php\/2022\/11\/18\/plastico-em-recifes-afeta-comportamento-alimentar-de-peixes\/#article\",\"isPartOf\":{\"@id\":\"https:\/\/jornalfatosenoticias.com.br\/index.php\/2022\/11\/18\/plastico-em-recifes-afeta-comportamento-alimentar-de-peixes\/\"},\"author\":{\"name\":\"Luzimara Fernandes\",\"@id\":\"https:\/\/jornalfatosenoticias.com.br\/#\/schema\/person\/d63837fa13ac8666eb9e74e0985d6f81\"},\"headline\":\"Pl\u00e1stico em recifes afeta comportamento alimentar de peixes\",\"datePublished\":\"2022-11-18T15:13:39+00:00\",\"dateModified\":\"2022-11-18T15:13:43+00:00\",\"mainEntityOfPage\":{\"@id\":\"https:\/\/jornalfatosenoticias.com.br\/index.php\/2022\/11\/18\/plastico-em-recifes-afeta-comportamento-alimentar-de-peixes\/\"},\"wordCount\":626,\"commentCount\":0,\"publisher\":{\"@id\":\"https:\/\/jornalfatosenoticias.com.br\/#organization\"},\"image\":{\"@id\":\"https:\/\/jornalfatosenoticias.com.br\/index.php\/2022\/11\/18\/plastico-em-recifes-afeta-comportamento-alimentar-de-peixes\/#primaryimage\"},\"thumbnailUrl\":\"https:\/\/jornalfatosenoticias.com.br\/wp-content\/uploads\/2022\/11\/plasticos-peixes_iStock.jpg\",\"keywords\":[\"comportamento alimentar de peixes\",\"peixes\",\"pesquisa\",\"pl\u00e1stico nos mares\",\"pl\u00e1stico nos oceanos\",\"UFRN\"],\"articleSection\":[\"Meio ambiente\"],\"inLanguage\":\"pt-BR\",\"potentialAction\":[{\"@type\":\"CommentAction\",\"name\":\"Comment\",\"target\":[\"https:\/\/jornalfatosenoticias.com.br\/index.php\/2022\/11\/18\/plastico-em-recifes-afeta-comportamento-alimentar-de-peixes\/#respond\"]}]},{\"@type\":\"WebPage\",\"@id\":\"https:\/\/jornalfatosenoticias.com.br\/index.php\/2022\/11\/18\/plastico-em-recifes-afeta-comportamento-alimentar-de-peixes\/\",\"url\":\"https:\/\/jornalfatosenoticias.com.br\/index.php\/2022\/11\/18\/plastico-em-recifes-afeta-comportamento-alimentar-de-peixes\/\",\"name\":\"Pl\u00e1stico em recifes afeta comportamento alimentar de peixes - Jornal Fatos e Not\u00edcias\",\"isPartOf\":{\"@id\":\"https:\/\/jornalfatosenoticias.com.br\/#website\"},\"primaryImageOfPage\":{\"@id\":\"https:\/\/jornalfatosenoticias.com.br\/index.php\/2022\/11\/18\/plastico-em-recifes-afeta-comportamento-alimentar-de-peixes\/#primaryimage\"},\"image\":{\"@id\":\"https:\/\/jornalfatosenoticias.com.br\/index.php\/2022\/11\/18\/plastico-em-recifes-afeta-comportamento-alimentar-de-peixes\/#primaryimage\"},\"thumbnailUrl\":\"https:\/\/jornalfatosenoticias.com.br\/wp-content\/uploads\/2022\/11\/plasticos-peixes_iStock.jpg\",\"datePublished\":\"2022-11-18T15:13:39+00:00\",\"dateModified\":\"2022-11-18T15:13:43+00:00\",\"breadcrumb\":{\"@id\":\"https:\/\/jornalfatosenoticias.com.br\/index.php\/2022\/11\/18\/plastico-em-recifes-afeta-comportamento-alimentar-de-peixes\/#breadcrumb\"},\"inLanguage\":\"pt-BR\",\"potentialAction\":[{\"@type\":\"ReadAction\",\"target\":[\"https:\/\/jornalfatosenoticias.com.br\/index.php\/2022\/11\/18\/plastico-em-recifes-afeta-comportamento-alimentar-de-peixes\/\"]}]},{\"@type\":\"ImageObject\",\"inLanguage\":\"pt-BR\",\"@id\":\"https:\/\/jornalfatosenoticias.com.br\/index.php\/2022\/11\/18\/plastico-em-recifes-afeta-comportamento-alimentar-de-peixes\/#primaryimage\",\"url\":\"https:\/\/jornalfatosenoticias.com.br\/wp-content\/uploads\/2022\/11\/plasticos-peixes_iStock.jpg\",\"contentUrl\":\"https:\/\/jornalfatosenoticias.com.br\/wp-content\/uploads\/2022\/11\/plasticos-peixes_iStock.jpg\",\"width\":1000,\"height\":666},{\"@type\":\"BreadcrumbList\",\"@id\":\"https:\/\/jornalfatosenoticias.com.br\/index.php\/2022\/11\/18\/plastico-em-recifes-afeta-comportamento-alimentar-de-peixes\/#breadcrumb\",\"itemListElement\":[{\"@type\":\"ListItem\",\"position\":1,\"name\":\"In\u00edcio\",\"item\":\"https:\/\/jornalfatosenoticias.com.br\/\"},{\"@type\":\"ListItem\",\"position\":2,\"name\":\"Pl\u00e1stico em recifes afeta comportamento alimentar de peixes\"}]},{\"@type\":\"WebSite\",\"@id\":\"https:\/\/jornalfatosenoticias.com.br\/#website\",\"url\":\"https:\/\/jornalfatosenoticias.com.br\/\",\"name\":\"Jornal Fatos e Not\u00edcias\",\"description\":\"Not\u00edcias em geral\",\"publisher\":{\"@id\":\"https:\/\/jornalfatosenoticias.com.br\/#organization\"},\"potentialAction\":[{\"@type\":\"SearchAction\",\"target\":{\"@type\":\"EntryPoint\",\"urlTemplate\":\"https:\/\/jornalfatosenoticias.com.br\/?s={search_term_string}\"},\"query-input\":{\"@type\":\"PropertyValueSpecification\",\"valueRequired\":true,\"valueName\":\"search_term_string\"}}],\"inLanguage\":\"pt-BR\"},{\"@type\":\"Organization\",\"@id\":\"https:\/\/jornalfatosenoticias.com.br\/#organization\",\"name\":\"Jornal Fatos e Not\u00edcias\",\"url\":\"https:\/\/jornalfatosenoticias.com.br\/\",\"logo\":{\"@type\":\"ImageObject\",\"inLanguage\":\"pt-BR\",\"@id\":\"https:\/\/jornalfatosenoticias.com.br\/#\/schema\/logo\/image\/\",\"url\":\"https:\/\/jornalfatosenoticias.com.br\/wp-content\/uploads\/2020\/02\/logo120.png\",\"contentUrl\":\"https:\/\/jornalfatosenoticias.com.br\/wp-content\/uploads\/2020\/02\/logo120.png\",\"width\":1227,\"height\":120,\"caption\":\"Jornal Fatos e Not\u00edcias\"},\"image\":{\"@id\":\"https:\/\/jornalfatosenoticias.com.br\/#\/schema\/logo\/image\/\"}},{\"@type\":\"Person\",\"@id\":\"https:\/\/jornalfatosenoticias.com.br\/#\/schema\/person\/d63837fa13ac8666eb9e74e0985d6f81\",\"name\":\"Luzimara Fernandes\",\"image\":{\"@type\":\"ImageObject\",\"inLanguage\":\"pt-BR\",\"@id\":\"https:\/\/jornalfatosenoticias.com.br\/#\/schema\/person\/image\/\",\"url\":\"https:\/\/jornalfatosenoticias.com.br\/wp-content\/uploads\/2025\/05\/EU_portal.jpg\",\"contentUrl\":\"https:\/\/jornalfatosenoticias.com.br\/wp-content\/uploads\/2025\/05\/EU_portal.jpg\",\"caption\":\"Luzimara Fernandes\"},\"description\":\"Jornalista MTB 2358-ES\",\"sameAs\":[\"https:\/\/jornalfatosenoticias.com.br\"],\"url\":\"https:\/\/jornalfatosenoticias.com.br\/index.php\/author\/luzimara\/\"}]}<\/script>\n<!-- \/ Yoast SEO plugin. -->","yoast_head_json":{"title":"Pl\u00e1stico em recifes afeta comportamento alimentar de peixes - Jornal Fatos e Not\u00edcias","robots":{"index":"index","follow":"follow","max-snippet":"max-snippet:-1","max-image-preview":"max-image-preview:large","max-video-preview":"max-video-preview:-1"},"canonical":"https:\/\/jornalfatosenoticias.com.br\/index.php\/2022\/11\/18\/plastico-em-recifes-afeta-comportamento-alimentar-de-peixes\/","og_locale":"pt_BR","og_type":"article","og_title":"Pl\u00e1stico em recifes afeta comportamento alimentar de peixes - Jornal Fatos e Not\u00edcias","og_description":"Pesquisadores da UFRN estudaram a rela\u00e7\u00e3o do aumento de res\u00edduos pl\u00e1sticos e o comportamento alimentar de peixes O aumento da presen\u00e7a de compostos pl\u00e1sticos nos mares e oceanos t\u00eam causado preocupa\u00e7\u00e3o desde os anos 1970. Uma nova descoberta deste impacto \u00e9 trazida por pesquisadores do Departamento de Oceanografia e Limnologia da Universidade Federal do Rio [&hellip;]","og_url":"https:\/\/jornalfatosenoticias.com.br\/index.php\/2022\/11\/18\/plastico-em-recifes-afeta-comportamento-alimentar-de-peixes\/","og_site_name":"Jornal Fatos e Not\u00edcias","article_published_time":"2022-11-18T15:13:39+00:00","article_modified_time":"2022-11-18T15:13:43+00:00","og_image":[{"width":1000,"height":666,"url":"https:\/\/jornalfatosenoticias.com.br\/wp-content\/uploads\/2022\/11\/plasticos-peixes_iStock.jpg","type":"image\/jpeg"}],"author":"Luzimara Fernandes","twitter_card":"summary_large_image","twitter_misc":{"Escrito por":"Luzimara Fernandes","Est. tempo de leitura":"3 minutos"},"schema":{"@context":"https:\/\/schema.org","@graph":[{"@type":"Article","@id":"https:\/\/jornalfatosenoticias.com.br\/index.php\/2022\/11\/18\/plastico-em-recifes-afeta-comportamento-alimentar-de-peixes\/#article","isPartOf":{"@id":"https:\/\/jornalfatosenoticias.com.br\/index.php\/2022\/11\/18\/plastico-em-recifes-afeta-comportamento-alimentar-de-peixes\/"},"author":{"name":"Luzimara Fernandes","@id":"https:\/\/jornalfatosenoticias.com.br\/#\/schema\/person\/d63837fa13ac8666eb9e74e0985d6f81"},"headline":"Pl\u00e1stico em recifes afeta comportamento alimentar de peixes","datePublished":"2022-11-18T15:13:39+00:00","dateModified":"2022-11-18T15:13:43+00:00","mainEntityOfPage":{"@id":"https:\/\/jornalfatosenoticias.com.br\/index.php\/2022\/11\/18\/plastico-em-recifes-afeta-comportamento-alimentar-de-peixes\/"},"wordCount":626,"commentCount":0,"publisher":{"@id":"https:\/\/jornalfatosenoticias.com.br\/#organization"},"image":{"@id":"https:\/\/jornalfatosenoticias.com.br\/index.php\/2022\/11\/18\/plastico-em-recifes-afeta-comportamento-alimentar-de-peixes\/#primaryimage"},"thumbnailUrl":"https:\/\/jornalfatosenoticias.com.br\/wp-content\/uploads\/2022\/11\/plasticos-peixes_iStock.jpg","keywords":["comportamento alimentar de peixes","peixes","pesquisa","pl\u00e1stico nos mares","pl\u00e1stico nos oceanos","UFRN"],"articleSection":["Meio ambiente"],"inLanguage":"pt-BR","potentialAction":[{"@type":"CommentAction","name":"Comment","target":["https:\/\/jornalfatosenoticias.com.br\/index.php\/2022\/11\/18\/plastico-em-recifes-afeta-comportamento-alimentar-de-peixes\/#respond"]}]},{"@type":"WebPage","@id":"https:\/\/jornalfatosenoticias.com.br\/index.php\/2022\/11\/18\/plastico-em-recifes-afeta-comportamento-alimentar-de-peixes\/","url":"https:\/\/jornalfatosenoticias.com.br\/index.php\/2022\/11\/18\/plastico-em-recifes-afeta-comportamento-alimentar-de-peixes\/","name":"Pl\u00e1stico em recifes afeta comportamento alimentar de peixes - Jornal Fatos e Not\u00edcias","isPartOf":{"@id":"https:\/\/jornalfatosenoticias.com.br\/#website"},"primaryImageOfPage":{"@id":"https:\/\/jornalfatosenoticias.com.br\/index.php\/2022\/11\/18\/plastico-em-recifes-afeta-comportamento-alimentar-de-peixes\/#primaryimage"},"image":{"@id":"https:\/\/jornalfatosenoticias.com.br\/index.php\/2022\/11\/18\/plastico-em-recifes-afeta-comportamento-alimentar-de-peixes\/#primaryimage"},"thumbnailUrl":"https:\/\/jornalfatosenoticias.com.br\/wp-content\/uploads\/2022\/11\/plasticos-peixes_iStock.jpg","datePublished":"2022-11-18T15:13:39+00:00","dateModified":"2022-11-18T15:13:43+00:00","breadcrumb":{"@id":"https:\/\/jornalfatosenoticias.com.br\/index.php\/2022\/11\/18\/plastico-em-recifes-afeta-comportamento-alimentar-de-peixes\/#breadcrumb"},"inLanguage":"pt-BR","potentialAction":[{"@type":"ReadAction","target":["https:\/\/jornalfatosenoticias.com.br\/index.php\/2022\/11\/18\/plastico-em-recifes-afeta-comportamento-alimentar-de-peixes\/"]}]},{"@type":"ImageObject","inLanguage":"pt-BR","@id":"https:\/\/jornalfatosenoticias.com.br\/index.php\/2022\/11\/18\/plastico-em-recifes-afeta-comportamento-alimentar-de-peixes\/#primaryimage","url":"https:\/\/jornalfatosenoticias.com.br\/wp-content\/uploads\/2022\/11\/plasticos-peixes_iStock.jpg","contentUrl":"https:\/\/jornalfatosenoticias.com.br\/wp-content\/uploads\/2022\/11\/plasticos-peixes_iStock.jpg","width":1000,"height":666},{"@type":"BreadcrumbList","@id":"https:\/\/jornalfatosenoticias.com.br\/index.php\/2022\/11\/18\/plastico-em-recifes-afeta-comportamento-alimentar-de-peixes\/#breadcrumb","itemListElement":[{"@type":"ListItem","position":1,"name":"In\u00edcio","item":"https:\/\/jornalfatosenoticias.com.br\/"},{"@type":"ListItem","position":2,"name":"Pl\u00e1stico em recifes afeta comportamento alimentar de peixes"}]},{"@type":"WebSite","@id":"https:\/\/jornalfatosenoticias.com.br\/#website","url":"https:\/\/jornalfatosenoticias.com.br\/","name":"Jornal Fatos e Not\u00edcias","description":"Not\u00edcias em geral","publisher":{"@id":"https:\/\/jornalfatosenoticias.com.br\/#organization"},"potentialAction":[{"@type":"SearchAction","target":{"@type":"EntryPoint","urlTemplate":"https:\/\/jornalfatosenoticias.com.br\/?s={search_term_string}"},"query-input":{"@type":"PropertyValueSpecification","valueRequired":true,"valueName":"search_term_string"}}],"inLanguage":"pt-BR"},{"@type":"Organization","@id":"https:\/\/jornalfatosenoticias.com.br\/#organization","name":"Jornal Fatos e Not\u00edcias","url":"https:\/\/jornalfatosenoticias.com.br\/","logo":{"@type":"ImageObject","inLanguage":"pt-BR","@id":"https:\/\/jornalfatosenoticias.com.br\/#\/schema\/logo\/image\/","url":"https:\/\/jornalfatosenoticias.com.br\/wp-content\/uploads\/2020\/02\/logo120.png","contentUrl":"https:\/\/jornalfatosenoticias.com.br\/wp-content\/uploads\/2020\/02\/logo120.png","width":1227,"height":120,"caption":"Jornal Fatos e Not\u00edcias"},"image":{"@id":"https:\/\/jornalfatosenoticias.com.br\/#\/schema\/logo\/image\/"}},{"@type":"Person","@id":"https:\/\/jornalfatosenoticias.com.br\/#\/schema\/person\/d63837fa13ac8666eb9e74e0985d6f81","name":"Luzimara Fernandes","image":{"@type":"ImageObject","inLanguage":"pt-BR","@id":"https:\/\/jornalfatosenoticias.com.br\/#\/schema\/person\/image\/","url":"https:\/\/jornalfatosenoticias.com.br\/wp-content\/uploads\/2025\/05\/EU_portal.jpg","contentUrl":"https:\/\/jornalfatosenoticias.com.br\/wp-content\/uploads\/2025\/05\/EU_portal.jpg","caption":"Luzimara Fernandes"},"description":"Jornalista MTB 2358-ES","sameAs":["https:\/\/jornalfatosenoticias.com.br"],"url":"https:\/\/jornalfatosenoticias.com.br\/index.php\/author\/luzimara\/"}]}},"cc_featured_image_caption":{"caption_text":"(Foto: iStock)","source_text":"","source_url":""},"jetpack_featured_media_url":"https:\/\/jornalfatosenoticias.com.br\/wp-content\/uploads\/2022\/11\/plasticos-peixes_iStock.jpg","_links":{"self":[{"href":"https:\/\/jornalfatosenoticias.com.br\/index.php\/wp-json\/wp\/v2\/posts\/36142","targetHints":{"allow":["GET"]}}],"collection":[{"href":"https:\/\/jornalfatosenoticias.com.br\/index.php\/wp-json\/wp\/v2\/posts"}],"about":[{"href":"https:\/\/jornalfatosenoticias.com.br\/index.php\/wp-json\/wp\/v2\/types\/post"}],"author":[{"embeddable":true,"href":"https:\/\/jornalfatosenoticias.com.br\/index.php\/wp-json\/wp\/v2\/users\/2"}],"replies":[{"embeddable":true,"href":"https:\/\/jornalfatosenoticias.com.br\/index.php\/wp-json\/wp\/v2\/comments?post=36142"}],"version-history":[{"count":0,"href":"https:\/\/jornalfatosenoticias.com.br\/index.php\/wp-json\/wp\/v2\/posts\/36142\/revisions"}],"wp:featuredmedia":[{"embeddable":true,"href":"https:\/\/jornalfatosenoticias.com.br\/index.php\/wp-json\/wp\/v2\/media\/36143"}],"wp:attachment":[{"href":"https:\/\/jornalfatosenoticias.com.br\/index.php\/wp-json\/wp\/v2\/media?parent=36142"}],"wp:term":[{"taxonomy":"category","embeddable":true,"href":"https:\/\/jornalfatosenoticias.com.br\/index.php\/wp-json\/wp\/v2\/categories?post=36142"},{"taxonomy":"post_tag","embeddable":true,"href":"https:\/\/jornalfatosenoticias.com.br\/index.php\/wp-json\/wp\/v2\/tags?post=36142"}],"curies":[{"name":"wp","href":"https:\/\/api.w.org\/{rel}","templated":true}]}}