{"id":36219,"date":"2022-11-22T11:13:00","date_gmt":"2022-11-22T14:13:00","guid":{"rendered":"https:\/\/jornalfatosenoticias.com.br\/?p=36219"},"modified":"2022-11-22T11:13:04","modified_gmt":"2022-11-22T14:13:04","slug":"brasilia-tera-museu-que-reune-arte-ciencia-e-tecnologia","status":"publish","type":"post","link":"https:\/\/jornalfatosenoticias.com.br\/index.php\/2022\/11\/22\/brasilia-tera-museu-que-reune-arte-ciencia-e-tecnologia\/","title":{"rendered":"Bras\u00edlia ter\u00e1 museu que re\u00fane arte, ci\u00eancia e tecnologia"},"content":{"rendered":"\n<p><em><span class=\"has-inline-color has-black-color\">Sesi Lab ser\u00e1 100% interativo, voltado a aprendizado e conhecimento<\/span><\/em><\/p>\n\n\n\n<div class=\"wp-block-image\"><figure class=\"aligncenter size-large\"><img loading=\"lazy\" decoding=\"async\" width=\"1024\" height=\"111\" src=\"https:\/\/jornalfatosenoticias.com.br\/wp-content\/uploads\/2020\/02\/WhatsApp-Image-2022-09-23-at-12.09.18-1024x111.jpeg\" alt=\"\" class=\"wp-image-34527\" srcset=\"https:\/\/jornalfatosenoticias.com.br\/wp-content\/uploads\/2020\/02\/WhatsApp-Image-2022-09-23-at-12.09.18-1024x111.jpeg 1024w, https:\/\/jornalfatosenoticias.com.br\/wp-content\/uploads\/2020\/02\/WhatsApp-Image-2022-09-23-at-12.09.18-300x32.jpeg 300w, https:\/\/jornalfatosenoticias.com.br\/wp-content\/uploads\/2020\/02\/WhatsApp-Image-2022-09-23-at-12.09.18-768x83.jpeg 768w, https:\/\/jornalfatosenoticias.com.br\/wp-content\/uploads\/2020\/02\/WhatsApp-Image-2022-09-23-at-12.09.18.jpeg 1121w\" sizes=\"auto, (max-width: 1024px) 100vw, 1024px\" \/><\/figure><\/div>\n\n\n\n<p>Bras\u00edlia ter\u00e1 novo museu a partir do pr\u00f3ximo dia 30. O espa\u00e7o ter\u00e1 proposta diferenciada por unir arte, ci\u00eancia e tecnologia, conectadas a ambiente totalmente interativo. A ideia, segundo os organizadores, \u00e9 \u201ccompartilhar saberes de forma l\u00fadica, brincando de aprender dentro de uma verdadeira usina do conhecimento\u201d.<\/p>\n\n\n\n<div class=\"wp-block-image\"><figure class=\"aligncenter size-large\"><img decoding=\"async\" src=\"https:\/\/jornalfatosenoticias.com.br\/wp-content\/uploads\/2020\/02\/logo_esteio.jpg\" alt=\"\" class=\"wp-image-1214\"\/><\/figure><\/div>\n\n\n\n<p>A expectativa \u00e9 que o museu \u2014 uma iniciativa do Servi\u00e7o Social da Ind\u00fastria (Sesi) e do Servi\u00e7o Nacional de Aprendizagem Industrial (Senai) \u2014 receba anualmente cerca de 350 mil visitantes, al\u00e9m de 85 mil estudantes e tr\u00eas mil professores que poder\u00e3o participar de forma\u00e7\u00f5es, conhecer as quatro galerias expositivas e participar das oficinas, cursos, atividades culturais e sess\u00f5es de cinema.<\/p>\n\n\n\n<div class=\"wp-block-image\"><figure class=\"aligncenter size-large\"><img decoding=\"async\" src=\"https:\/\/jornalfatosenoticias.com.br\/wp-content\/uploads\/2020\/02\/logo-embacia-1-1024x110.jpg\" alt=\"\" class=\"wp-image-33954\"\/><\/figure><\/div>\n\n\n\n<p>O Sesi Lab funcionar\u00e1 na \u00e1rea central de Bras\u00edlia, no antigo Edif\u00edcio Touring Club, localizado pr\u00f3ximo \u00e0 rodovi\u00e1ria do Plano Piloto.<\/p>\n\n\n\n<figure class=\"wp-block-pullquote\"><blockquote><p><span class=\"has-inline-color has-luminous-vivid-orange-color\">Por ano, ser\u00e3o cerca de 300 oficinas maker e biomaker [espa\u00e7os de aprendizagem que t\u00eam como protagonistas os estudantes], 120 a\u00e7\u00f5es culturais e dez edi\u00e7\u00f5es de sess\u00f5es noturnas voltadas especialmente ao p\u00fablico acima de 18 anos\u201d, conforme informado pela Confedera\u00e7\u00e3o Nacional da Ind\u00fastria (CNI).<\/span><\/p><\/blockquote><\/figure>\n\n\n\n<div class=\"wp-block-image\"><figure class=\"aligncenter size-large\"><img loading=\"lazy\" decoding=\"async\" width=\"300\" height=\"250\" src=\"https:\/\/jornalfatosenoticias.com.br\/wp-content\/uploads\/2022\/08\/arte-Casarao.jpg\" alt=\"\" class=\"wp-image-33178\"\/><\/figure><\/div>\n\n\n\n<p>Projetado pelo arquiteto Oscar Niemeyer na \u00e9poca em que Bras\u00edlia foi constru\u00edda, o pr\u00e9dio tem \u00e1rea constru\u00edda de quase oito mil metros quadrados, onde haver\u00e1 espa\u00e7os expositivos, criativos e <em>maker,<\/em> salas interdisciplinares, um painel de LED com 84 metros quadrados, caf\u00e9 e loja conceito.<\/p>\n\n\n\n<figure class=\"wp-block-image size-large\"><img loading=\"lazy\" decoding=\"async\" width=\"1000\" height=\"667\" src=\"https:\/\/jornalfatosenoticias.com.br\/wp-content\/uploads\/2022\/11\/sesi-lab-museu_mcamgo_abr_2.jpg\" alt=\"\" class=\"wp-image-36220\" srcset=\"https:\/\/jornalfatosenoticias.com.br\/wp-content\/uploads\/2022\/11\/sesi-lab-museu_mcamgo_abr_2.jpg 1000w, https:\/\/jornalfatosenoticias.com.br\/wp-content\/uploads\/2022\/11\/sesi-lab-museu_mcamgo_abr_2-300x200.jpg 300w, https:\/\/jornalfatosenoticias.com.br\/wp-content\/uploads\/2022\/11\/sesi-lab-museu_mcamgo_abr_2-768x512.jpg 768w\" sizes=\"auto, (max-width: 1000px) 100vw, 1000px\" \/><figcaption><span class=\"has-inline-color has-black-color\"><em>Museu interativo Sesi Lab une arte, ci\u00eancia e tecnologia e tem como objetivo despertar o interesse das pessoas a partir de experi\u00eancias e viv\u00eancias. O espa\u00e7o abre as portas no antigo Edif\u00edcio Touring, ic\u00f4nico pr\u00e9dio projetado por Oscar Niemeyer (Foto: Marcelo Camargo\/Ag\u00eancia Brasil)<\/em><\/span><\/figcaption><\/figure>\n\n\n\n<h4 class=\"wp-block-heading\"><strong><span class=\"has-inline-color has-vivid-purple-color\">A\u00e7\u00f5es de sustentabilidade<\/span><\/strong><\/h4>\n\n\n\n<div class=\"wp-block-image\"><figure class=\"aligncenter size-large\"><img loading=\"lazy\" decoding=\"async\" width=\"560\" height=\"60\" src=\"https:\/\/jornalfatosenoticias.com.br\/wp-content\/uploads\/2022\/10\/Propaganda-RC-Radiadores-Jornal_page-0001.jpg\" alt=\"\" class=\"wp-image-35270\" srcset=\"https:\/\/jornalfatosenoticias.com.br\/wp-content\/uploads\/2022\/10\/Propaganda-RC-Radiadores-Jornal_page-0001.jpg 560w, https:\/\/jornalfatosenoticias.com.br\/wp-content\/uploads\/2022\/10\/Propaganda-RC-Radiadores-Jornal_page-0001-300x32.jpg 300w\" sizes=\"auto, (max-width: 560px) 100vw, 560px\" \/><\/figure><\/div>\n\n\n\n<p>H\u00e1 tamb\u00e9m uma \u00e1rea verde de 33 mil metros quadrados, com esp\u00e9cies nativas do Cerrado, instala\u00e7\u00f5es interativas e anfiteatro externo para <em>shows,<\/em> eventos e outras atividades culturais. Segundo os organizadores, est\u00e3o previstas, no entorno do pr\u00e9dio, a\u00e7\u00f5es de sustentabilidade, com programas sobre gest\u00e3o de res\u00edduos, uso eficiente da \u00e1gua, energia e materiais e a\u00e7\u00f5es educativas sobre os princ\u00edpios da Agenda 2030, da Organiza\u00e7\u00e3o das Na\u00e7\u00f5es Unidas (ONU).<\/p>\n\n\n\n<div class=\"wp-block-image\"><figure class=\"aligncenter size-large is-resized\"><img loading=\"lazy\" decoding=\"async\" src=\"https:\/\/jornalfatosenoticias.com.br\/wp-content\/uploads\/2022\/08\/logo-locau-veiculos-1024x573.png\" alt=\"\" class=\"wp-image-33078\" width=\"339\" height=\"189\"\/><\/figure><\/div>\n\n\n\n<p>O Espa\u00e7o Biomaker, \u00fanico no Brasil, oferecer\u00e1 atividades com diferentes n\u00edveis de complexidade, democratizando o acesso a tecnologias e metodologias ativas de aprendizagem criativa, com foco em temas de qu\u00edmica e biologia.<\/p>\n\n\n\n<div class=\"wp-block-image\"><figure class=\"aligncenter size-large is-resized\"><img loading=\"lazy\" decoding=\"async\" src=\"https:\/\/jornalfatosenoticias.com.br\/wp-content\/uploads\/2020\/02\/casa-do-torresmo_portal.jpg\" alt=\"\" class=\"wp-image-34472\" width=\"289\" height=\"289\" srcset=\"https:\/\/jornalfatosenoticias.com.br\/wp-content\/uploads\/2020\/02\/casa-do-torresmo_portal.jpg 300w, https:\/\/jornalfatosenoticias.com.br\/wp-content\/uploads\/2020\/02\/casa-do-torresmo_portal-150x150.jpg 150w\" sizes=\"auto, (max-width: 289px) 100vw, 289px\" \/><\/figure><\/div>\n\n\n\n<figure class=\"wp-block-pullquote\"><blockquote><p><span class=\"has-inline-color has-luminous-vivid-orange-color\">Em uma das galerias h\u00e1, por exemplo, uma instala\u00e7\u00e3o feita com col\u00f4nias de bact\u00e9rias, a Bacteri\u00f3polis \u2014 que cont\u00e9m um ecossistema com diferentes tipos de bact\u00e9rias que crescem em equil\u00edbrio\u201d, detalhou a CNI, referindo-se ao espa\u00e7o montado com lama do Lago Parano\u00e1 e compostos org\u00e2nicos do Cerrado. \u201cA cada visita, o visitante encontrar\u00e1 uma tela diferente a partir das transforma\u00e7\u00f5es org\u00e2nicas do terr\u00e1rio vivo\u201d, acrescentou.<\/span><\/p><\/blockquote><\/figure>\n\n\n\n<div class=\"wp-block-image\"><figure class=\"aligncenter size-large\"><img loading=\"lazy\" decoding=\"async\" width=\"1024\" height=\"110\" src=\"https:\/\/jornalfatosenoticias.com.br\/wp-content\/uploads\/2022\/10\/Arte-jornal-Zucchi-1120x120_Prancheta-1-1024x110.jpg\" alt=\"\" class=\"wp-image-34772\" srcset=\"https:\/\/jornalfatosenoticias.com.br\/wp-content\/uploads\/2022\/10\/Arte-jornal-Zucchi-1120x120_Prancheta-1-1024x110.jpg 1024w, https:\/\/jornalfatosenoticias.com.br\/wp-content\/uploads\/2022\/10\/Arte-jornal-Zucchi-1120x120_Prancheta-1-300x32.jpg 300w, https:\/\/jornalfatosenoticias.com.br\/wp-content\/uploads\/2022\/10\/Arte-jornal-Zucchi-1120x120_Prancheta-1-768x82.jpg 768w, https:\/\/jornalfatosenoticias.com.br\/wp-content\/uploads\/2022\/10\/Arte-jornal-Zucchi-1120x120_Prancheta-1-1536x165.jpg 1536w, https:\/\/jornalfatosenoticias.com.br\/wp-content\/uploads\/2022\/10\/Arte-jornal-Zucchi-1120x120_Prancheta-1-2048x219.jpg 2048w\" sizes=\"auto, (max-width: 1024px) 100vw, 1024px\" \/><\/figure><\/div>\n\n\n\n<p>O Sesi Lab come\u00e7a a funcionar no dia 30 de novembro, extraordinariamente das 9h \u00e0s 22h tendo na programa\u00e7\u00e3o musicais, DJs, conta\u00e7\u00f5es de hist\u00f3rias, oficinas <em>maker <\/em>e performances art\u00edsticas para p\u00fablicos de todas as idades. De ter\u00e7a a sexta-feira, funcionar\u00e1 das 9h \u00e0s 18h; s\u00e1bado, domingos e feriados, da 10 \u00e0s 19h.<\/p>\n\n\n\n<figure class=\"wp-block-image size-large\"><img loading=\"lazy\" decoding=\"async\" width=\"1000\" height=\"667\" src=\"https:\/\/jornalfatosenoticias.com.br\/wp-content\/uploads\/2022\/11\/sesi-lab-museu_mcamgo_abr_3.jpg\" alt=\"\" class=\"wp-image-36221\" srcset=\"https:\/\/jornalfatosenoticias.com.br\/wp-content\/uploads\/2022\/11\/sesi-lab-museu_mcamgo_abr_3.jpg 1000w, https:\/\/jornalfatosenoticias.com.br\/wp-content\/uploads\/2022\/11\/sesi-lab-museu_mcamgo_abr_3-300x200.jpg 300w, https:\/\/jornalfatosenoticias.com.br\/wp-content\/uploads\/2022\/11\/sesi-lab-museu_mcamgo_abr_3-768x512.jpg 768w\" sizes=\"auto, (max-width: 1000px) 100vw, 1000px\" \/><figcaption><em><span class=\"has-inline-color has-black-color\">Museu interativo Sesi Lab une arte, ci\u00eancia e tecnologia e tem como objetivo despertar o interesse das pessoas a partir de experi\u00eancias e viv\u00eancias. O espa\u00e7o abre as portas no antigo Edif\u00edcio Touring, ic\u00f4nico pr\u00e9dio projetado por Oscar Niemeyer (Foto: Marcelo Camargo\/Ag\u00eancia Brasil)<\/span><\/em><\/figcaption><\/figure>\n\n\n\n<h4 class=\"wp-block-heading\"><strong><span class=\"has-inline-color has-vivid-purple-color\">Ingressos<\/span><\/strong><\/h4>\n\n\n\n<div class=\"wp-block-image\"><figure class=\"alignright size-large\"><img decoding=\"async\" src=\"https:\/\/jornalfatosenoticias.com.br\/wp-content\/uploads\/2020\/02\/barao-das-carnes-300x164-1.jpg\" alt=\"\" class=\"wp-image-34339\"\/><\/figure><\/div>\n\n\n\n<p>A entrada ser\u00e1 gratuita no primeiro m\u00eas de abertura (dezembro). A partir de janeiro, a entrada inteira ser\u00e1 R$ 20 (meia a R$ 10 para estudantes, professores e idosos), mas uma vez por m\u00eas ser\u00e1 escolhido um dia de entrada gratuita a todos os p\u00fablicos.<br>Para conhecer a programa\u00e7\u00e3o e adquirir ingressos, basta acessar o <strong><a href=\"http:\/\/www.sesilab.com.br\/\" target=\"_blank\" rel=\"noreferrer noopener\"><em>site<\/em>\u00a0do Sesi Lab<\/a>.<\/strong><\/p>\n\n\n\n<div class=\"wp-block-image\"><figure class=\"aligncenter size-large\"><img decoding=\"async\" src=\"https:\/\/jornalfatosenoticias.com.br\/wp-content\/uploads\/2020\/02\/Serra-Grande-1024x160.png\" alt=\"\" class=\"wp-image-7836\"\/><\/figure><\/div>\n\n\n\n<p>O museu oferece gratuidade para crian\u00e7as com at\u00e9 10 anos de idade; pessoas com defici\u00eancia; professores e alunos da rede Sesi e Senai e da rede p\u00fablica; trabalhadores da ind\u00fastria e contribuintes do Sistema Ind\u00fastria; alunos de escolas p\u00fablicas, mediante agendamento pr\u00e9vio pela escola; p\u00fablicos em situa\u00e7\u00e3o de vulnerabilidade social, com agendamento por institui\u00e7\u00f5es sociais; e membros associados do Conselho Internacional de Museus (Icom).<\/p>\n\n\n\n<div class=\"wp-block-image\"><figure class=\"aligncenter size-large is-resized\"><img loading=\"lazy\" decoding=\"async\" src=\"https:\/\/jornalfatosenoticias.com.br\/wp-content\/uploads\/2022\/07\/Logo-Grupo-SEI.jpg\" alt=\"\" class=\"wp-image-31973\" width=\"301\" height=\"158\" srcset=\"https:\/\/jornalfatosenoticias.com.br\/wp-content\/uploads\/2022\/07\/Logo-Grupo-SEI.jpg 713w, https:\/\/jornalfatosenoticias.com.br\/wp-content\/uploads\/2022\/07\/Logo-Grupo-SEI-300x158.jpg 300w\" sizes=\"auto, (max-width: 301px) 100vw, 301px\" \/><\/figure><\/div>\n\n\n\n<p><strong><em>Fonte: <a href=\"https:\/\/agenciabrasil.ebc.com.br\/educacao\/noticia\/2022-11\/brasilia-tera-museu-que-reune-arte-ciencia-e-tecnologia\">Ag\u00eancia Brasil<\/a><\/em><\/strong><\/p>\n","protected":false},"excerpt":{"rendered":"<p>Sesi Lab ser\u00e1 100% interativo, voltado a aprendizado e conhecimento Bras\u00edlia ter\u00e1 novo museu a partir do pr\u00f3ximo dia 30. O espa\u00e7o ter\u00e1 proposta diferenciada por unir arte, ci\u00eancia e tecnologia, conectadas a ambiente totalmente interativo. A ideia, segundo os organizadores, \u00e9 \u201ccompartilhar saberes de forma l\u00fadica, brincando de aprender dentro de uma verdadeira usina [&hellip;]<\/p>\n","protected":false},"author":2,"featured_media":36222,"comment_status":"open","ping_status":"open","sticky":false,"template":"","format":"standard","meta":{"footnotes":""},"categories":[7,3],"tags":[1865,418,4630,17004],"class_list":["post-36219","post","type-post","status-publish","format-standard","has-post-thumbnail","hentry","category-educacao","category-tecnologia","tag-brasilia","tag-museu","tag-oscar-niemeyer","tag-sesi-lab"],"yoast_head":"<!-- This site is optimized with the Yoast SEO plugin v26.5 - https:\/\/yoast.com\/wordpress\/plugins\/seo\/ -->\n<title>Bras\u00edlia ter\u00e1 museu que re\u00fane arte, ci\u00eancia e tecnologia - Jornal Fatos e Not\u00edcias<\/title>\n<meta name=\"robots\" content=\"index, follow, max-snippet:-1, max-image-preview:large, max-video-preview:-1\" \/>\n<link rel=\"canonical\" href=\"https:\/\/jornalfatosenoticias.com.br\/index.php\/2022\/11\/22\/brasilia-tera-museu-que-reune-arte-ciencia-e-tecnologia\/\" \/>\n<meta property=\"og:locale\" content=\"pt_BR\" \/>\n<meta property=\"og:type\" content=\"article\" \/>\n<meta property=\"og:title\" content=\"Bras\u00edlia ter\u00e1 museu que re\u00fane arte, ci\u00eancia e tecnologia - Jornal Fatos e Not\u00edcias\" \/>\n<meta property=\"og:description\" content=\"Sesi Lab ser\u00e1 100% interativo, voltado a aprendizado e conhecimento Bras\u00edlia ter\u00e1 novo museu a partir do pr\u00f3ximo dia 30. O espa\u00e7o ter\u00e1 proposta diferenciada por unir arte, ci\u00eancia e tecnologia, conectadas a ambiente totalmente interativo. A ideia, segundo os organizadores, \u00e9 \u201ccompartilhar saberes de forma l\u00fadica, brincando de aprender dentro de uma verdadeira usina [&hellip;]\" \/>\n<meta property=\"og:url\" content=\"https:\/\/jornalfatosenoticias.com.br\/index.php\/2022\/11\/22\/brasilia-tera-museu-que-reune-arte-ciencia-e-tecnologia\/\" \/>\n<meta property=\"og:site_name\" content=\"Jornal Fatos e Not\u00edcias\" \/>\n<meta property=\"article:published_time\" content=\"2022-11-22T14:13:00+00:00\" \/>\n<meta property=\"article:modified_time\" content=\"2022-11-22T14:13:04+00:00\" \/>\n<meta property=\"og:image\" content=\"https:\/\/jornalfatosenoticias.com.br\/wp-content\/uploads\/2022\/11\/sesi-lab-museu_mcamgo_abr.jpg\" \/>\n\t<meta property=\"og:image:width\" content=\"1000\" \/>\n\t<meta property=\"og:image:height\" content=\"598\" \/>\n\t<meta property=\"og:image:type\" content=\"image\/jpeg\" \/>\n<meta name=\"author\" content=\"Luzimara Fernandes\" \/>\n<meta name=\"twitter:card\" content=\"summary_large_image\" \/>\n<meta name=\"twitter:label1\" content=\"Escrito por\" \/>\n\t<meta name=\"twitter:data1\" content=\"Luzimara Fernandes\" \/>\n\t<meta name=\"twitter:label2\" content=\"Est. tempo de leitura\" \/>\n\t<meta name=\"twitter:data2\" content=\"4 minutos\" \/>\n<script type=\"application\/ld+json\" class=\"yoast-schema-graph\">{\"@context\":\"https:\/\/schema.org\",\"@graph\":[{\"@type\":\"Article\",\"@id\":\"https:\/\/jornalfatosenoticias.com.br\/index.php\/2022\/11\/22\/brasilia-tera-museu-que-reune-arte-ciencia-e-tecnologia\/#article\",\"isPartOf\":{\"@id\":\"https:\/\/jornalfatosenoticias.com.br\/index.php\/2022\/11\/22\/brasilia-tera-museu-que-reune-arte-ciencia-e-tecnologia\/\"},\"author\":{\"name\":\"Luzimara Fernandes\",\"@id\":\"https:\/\/jornalfatosenoticias.com.br\/#\/schema\/person\/d63837fa13ac8666eb9e74e0985d6f81\"},\"headline\":\"Bras\u00edlia ter\u00e1 museu que re\u00fane arte, ci\u00eancia e tecnologia\",\"datePublished\":\"2022-11-22T14:13:00+00:00\",\"dateModified\":\"2022-11-22T14:13:04+00:00\",\"mainEntityOfPage\":{\"@id\":\"https:\/\/jornalfatosenoticias.com.br\/index.php\/2022\/11\/22\/brasilia-tera-museu-que-reune-arte-ciencia-e-tecnologia\/\"},\"wordCount\":750,\"commentCount\":0,\"publisher\":{\"@id\":\"https:\/\/jornalfatosenoticias.com.br\/#organization\"},\"image\":{\"@id\":\"https:\/\/jornalfatosenoticias.com.br\/index.php\/2022\/11\/22\/brasilia-tera-museu-que-reune-arte-ciencia-e-tecnologia\/#primaryimage\"},\"thumbnailUrl\":\"https:\/\/jornalfatosenoticias.com.br\/wp-content\/uploads\/2022\/11\/sesi-lab-museu_mcamgo_abr.jpg\",\"keywords\":[\"Bras\u00edlia\",\"museu\",\"Oscar Niemeyer\",\"Sesi Lab\"],\"articleSection\":[\"Educa\u00e7\u00e3o\",\"Tecnologia &amp; Inova\u00e7\u00e3o\"],\"inLanguage\":\"pt-BR\",\"potentialAction\":[{\"@type\":\"CommentAction\",\"name\":\"Comment\",\"target\":[\"https:\/\/jornalfatosenoticias.com.br\/index.php\/2022\/11\/22\/brasilia-tera-museu-que-reune-arte-ciencia-e-tecnologia\/#respond\"]}]},{\"@type\":\"WebPage\",\"@id\":\"https:\/\/jornalfatosenoticias.com.br\/index.php\/2022\/11\/22\/brasilia-tera-museu-que-reune-arte-ciencia-e-tecnologia\/\",\"url\":\"https:\/\/jornalfatosenoticias.com.br\/index.php\/2022\/11\/22\/brasilia-tera-museu-que-reune-arte-ciencia-e-tecnologia\/\",\"name\":\"Bras\u00edlia ter\u00e1 museu que re\u00fane arte, ci\u00eancia e tecnologia - Jornal Fatos e Not\u00edcias\",\"isPartOf\":{\"@id\":\"https:\/\/jornalfatosenoticias.com.br\/#website\"},\"primaryImageOfPage\":{\"@id\":\"https:\/\/jornalfatosenoticias.com.br\/index.php\/2022\/11\/22\/brasilia-tera-museu-que-reune-arte-ciencia-e-tecnologia\/#primaryimage\"},\"image\":{\"@id\":\"https:\/\/jornalfatosenoticias.com.br\/index.php\/2022\/11\/22\/brasilia-tera-museu-que-reune-arte-ciencia-e-tecnologia\/#primaryimage\"},\"thumbnailUrl\":\"https:\/\/jornalfatosenoticias.com.br\/wp-content\/uploads\/2022\/11\/sesi-lab-museu_mcamgo_abr.jpg\",\"datePublished\":\"2022-11-22T14:13:00+00:00\",\"dateModified\":\"2022-11-22T14:13:04+00:00\",\"breadcrumb\":{\"@id\":\"https:\/\/jornalfatosenoticias.com.br\/index.php\/2022\/11\/22\/brasilia-tera-museu-que-reune-arte-ciencia-e-tecnologia\/#breadcrumb\"},\"inLanguage\":\"pt-BR\",\"potentialAction\":[{\"@type\":\"ReadAction\",\"target\":[\"https:\/\/jornalfatosenoticias.com.br\/index.php\/2022\/11\/22\/brasilia-tera-museu-que-reune-arte-ciencia-e-tecnologia\/\"]}]},{\"@type\":\"ImageObject\",\"inLanguage\":\"pt-BR\",\"@id\":\"https:\/\/jornalfatosenoticias.com.br\/index.php\/2022\/11\/22\/brasilia-tera-museu-que-reune-arte-ciencia-e-tecnologia\/#primaryimage\",\"url\":\"https:\/\/jornalfatosenoticias.com.br\/wp-content\/uploads\/2022\/11\/sesi-lab-museu_mcamgo_abr.jpg\",\"contentUrl\":\"https:\/\/jornalfatosenoticias.com.br\/wp-content\/uploads\/2022\/11\/sesi-lab-museu_mcamgo_abr.jpg\",\"width\":1000,\"height\":598,\"caption\":\"Museu interativo SESI Lab une arte, ci\u00eancia e tecnologia e tem como objetivo despertar o interesse das pessoas a partir de experi\u00eancias e viv\u00eancias. O espa\u00e7o abre as portas no ponto de maior circula\u00e7\u00e3o de Bras\u00edlia, no antigo Edif\u00edcio Touring Club, ic\u00f4nico pr\u00e9dio projetado por Oscar Niemeyer na \u00e9poca da constru\u00e7\u00e3o da capital.\"},{\"@type\":\"BreadcrumbList\",\"@id\":\"https:\/\/jornalfatosenoticias.com.br\/index.php\/2022\/11\/22\/brasilia-tera-museu-que-reune-arte-ciencia-e-tecnologia\/#breadcrumb\",\"itemListElement\":[{\"@type\":\"ListItem\",\"position\":1,\"name\":\"In\u00edcio\",\"item\":\"https:\/\/jornalfatosenoticias.com.br\/\"},{\"@type\":\"ListItem\",\"position\":2,\"name\":\"Bras\u00edlia ter\u00e1 museu que re\u00fane arte, ci\u00eancia e tecnologia\"}]},{\"@type\":\"WebSite\",\"@id\":\"https:\/\/jornalfatosenoticias.com.br\/#website\",\"url\":\"https:\/\/jornalfatosenoticias.com.br\/\",\"name\":\"Jornal Fatos e Not\u00edcias\",\"description\":\"Not\u00edcias em geral\",\"publisher\":{\"@id\":\"https:\/\/jornalfatosenoticias.com.br\/#organization\"},\"potentialAction\":[{\"@type\":\"SearchAction\",\"target\":{\"@type\":\"EntryPoint\",\"urlTemplate\":\"https:\/\/jornalfatosenoticias.com.br\/?s={search_term_string}\"},\"query-input\":{\"@type\":\"PropertyValueSpecification\",\"valueRequired\":true,\"valueName\":\"search_term_string\"}}],\"inLanguage\":\"pt-BR\"},{\"@type\":\"Organization\",\"@id\":\"https:\/\/jornalfatosenoticias.com.br\/#organization\",\"name\":\"Jornal Fatos e Not\u00edcias\",\"url\":\"https:\/\/jornalfatosenoticias.com.br\/\",\"logo\":{\"@type\":\"ImageObject\",\"inLanguage\":\"pt-BR\",\"@id\":\"https:\/\/jornalfatosenoticias.com.br\/#\/schema\/logo\/image\/\",\"url\":\"https:\/\/jornalfatosenoticias.com.br\/wp-content\/uploads\/2020\/02\/logo120.png\",\"contentUrl\":\"https:\/\/jornalfatosenoticias.com.br\/wp-content\/uploads\/2020\/02\/logo120.png\",\"width\":1227,\"height\":120,\"caption\":\"Jornal Fatos e Not\u00edcias\"},\"image\":{\"@id\":\"https:\/\/jornalfatosenoticias.com.br\/#\/schema\/logo\/image\/\"}},{\"@type\":\"Person\",\"@id\":\"https:\/\/jornalfatosenoticias.com.br\/#\/schema\/person\/d63837fa13ac8666eb9e74e0985d6f81\",\"name\":\"Luzimara Fernandes\",\"image\":{\"@type\":\"ImageObject\",\"inLanguage\":\"pt-BR\",\"@id\":\"https:\/\/jornalfatosenoticias.com.br\/#\/schema\/person\/image\/\",\"url\":\"https:\/\/jornalfatosenoticias.com.br\/wp-content\/uploads\/2025\/05\/EU_portal.jpg\",\"contentUrl\":\"https:\/\/jornalfatosenoticias.com.br\/wp-content\/uploads\/2025\/05\/EU_portal.jpg\",\"caption\":\"Luzimara Fernandes\"},\"description\":\"Jornalista MTB 2358-ES\",\"sameAs\":[\"https:\/\/jornalfatosenoticias.com.br\"],\"url\":\"https:\/\/jornalfatosenoticias.com.br\/index.php\/author\/luzimara\/\"}]}<\/script>\n<!-- \/ Yoast SEO plugin. -->","yoast_head_json":{"title":"Bras\u00edlia ter\u00e1 museu que re\u00fane arte, ci\u00eancia e tecnologia - Jornal Fatos e Not\u00edcias","robots":{"index":"index","follow":"follow","max-snippet":"max-snippet:-1","max-image-preview":"max-image-preview:large","max-video-preview":"max-video-preview:-1"},"canonical":"https:\/\/jornalfatosenoticias.com.br\/index.php\/2022\/11\/22\/brasilia-tera-museu-que-reune-arte-ciencia-e-tecnologia\/","og_locale":"pt_BR","og_type":"article","og_title":"Bras\u00edlia ter\u00e1 museu que re\u00fane arte, ci\u00eancia e tecnologia - Jornal Fatos e Not\u00edcias","og_description":"Sesi Lab ser\u00e1 100% interativo, voltado a aprendizado e conhecimento Bras\u00edlia ter\u00e1 novo museu a partir do pr\u00f3ximo dia 30. O espa\u00e7o ter\u00e1 proposta diferenciada por unir arte, ci\u00eancia e tecnologia, conectadas a ambiente totalmente interativo. A ideia, segundo os organizadores, \u00e9 \u201ccompartilhar saberes de forma l\u00fadica, brincando de aprender dentro de uma verdadeira usina [&hellip;]","og_url":"https:\/\/jornalfatosenoticias.com.br\/index.php\/2022\/11\/22\/brasilia-tera-museu-que-reune-arte-ciencia-e-tecnologia\/","og_site_name":"Jornal Fatos e Not\u00edcias","article_published_time":"2022-11-22T14:13:00+00:00","article_modified_time":"2022-11-22T14:13:04+00:00","og_image":[{"width":1000,"height":598,"url":"https:\/\/jornalfatosenoticias.com.br\/wp-content\/uploads\/2022\/11\/sesi-lab-museu_mcamgo_abr.jpg","type":"image\/jpeg"}],"author":"Luzimara Fernandes","twitter_card":"summary_large_image","twitter_misc":{"Escrito por":"Luzimara Fernandes","Est. tempo de leitura":"4 minutos"},"schema":{"@context":"https:\/\/schema.org","@graph":[{"@type":"Article","@id":"https:\/\/jornalfatosenoticias.com.br\/index.php\/2022\/11\/22\/brasilia-tera-museu-que-reune-arte-ciencia-e-tecnologia\/#article","isPartOf":{"@id":"https:\/\/jornalfatosenoticias.com.br\/index.php\/2022\/11\/22\/brasilia-tera-museu-que-reune-arte-ciencia-e-tecnologia\/"},"author":{"name":"Luzimara Fernandes","@id":"https:\/\/jornalfatosenoticias.com.br\/#\/schema\/person\/d63837fa13ac8666eb9e74e0985d6f81"},"headline":"Bras\u00edlia ter\u00e1 museu que re\u00fane arte, ci\u00eancia e tecnologia","datePublished":"2022-11-22T14:13:00+00:00","dateModified":"2022-11-22T14:13:04+00:00","mainEntityOfPage":{"@id":"https:\/\/jornalfatosenoticias.com.br\/index.php\/2022\/11\/22\/brasilia-tera-museu-que-reune-arte-ciencia-e-tecnologia\/"},"wordCount":750,"commentCount":0,"publisher":{"@id":"https:\/\/jornalfatosenoticias.com.br\/#organization"},"image":{"@id":"https:\/\/jornalfatosenoticias.com.br\/index.php\/2022\/11\/22\/brasilia-tera-museu-que-reune-arte-ciencia-e-tecnologia\/#primaryimage"},"thumbnailUrl":"https:\/\/jornalfatosenoticias.com.br\/wp-content\/uploads\/2022\/11\/sesi-lab-museu_mcamgo_abr.jpg","keywords":["Bras\u00edlia","museu","Oscar Niemeyer","Sesi Lab"],"articleSection":["Educa\u00e7\u00e3o","Tecnologia &amp; Inova\u00e7\u00e3o"],"inLanguage":"pt-BR","potentialAction":[{"@type":"CommentAction","name":"Comment","target":["https:\/\/jornalfatosenoticias.com.br\/index.php\/2022\/11\/22\/brasilia-tera-museu-que-reune-arte-ciencia-e-tecnologia\/#respond"]}]},{"@type":"WebPage","@id":"https:\/\/jornalfatosenoticias.com.br\/index.php\/2022\/11\/22\/brasilia-tera-museu-que-reune-arte-ciencia-e-tecnologia\/","url":"https:\/\/jornalfatosenoticias.com.br\/index.php\/2022\/11\/22\/brasilia-tera-museu-que-reune-arte-ciencia-e-tecnologia\/","name":"Bras\u00edlia ter\u00e1 museu que re\u00fane arte, ci\u00eancia e tecnologia - Jornal Fatos e Not\u00edcias","isPartOf":{"@id":"https:\/\/jornalfatosenoticias.com.br\/#website"},"primaryImageOfPage":{"@id":"https:\/\/jornalfatosenoticias.com.br\/index.php\/2022\/11\/22\/brasilia-tera-museu-que-reune-arte-ciencia-e-tecnologia\/#primaryimage"},"image":{"@id":"https:\/\/jornalfatosenoticias.com.br\/index.php\/2022\/11\/22\/brasilia-tera-museu-que-reune-arte-ciencia-e-tecnologia\/#primaryimage"},"thumbnailUrl":"https:\/\/jornalfatosenoticias.com.br\/wp-content\/uploads\/2022\/11\/sesi-lab-museu_mcamgo_abr.jpg","datePublished":"2022-11-22T14:13:00+00:00","dateModified":"2022-11-22T14:13:04+00:00","breadcrumb":{"@id":"https:\/\/jornalfatosenoticias.com.br\/index.php\/2022\/11\/22\/brasilia-tera-museu-que-reune-arte-ciencia-e-tecnologia\/#breadcrumb"},"inLanguage":"pt-BR","potentialAction":[{"@type":"ReadAction","target":["https:\/\/jornalfatosenoticias.com.br\/index.php\/2022\/11\/22\/brasilia-tera-museu-que-reune-arte-ciencia-e-tecnologia\/"]}]},{"@type":"ImageObject","inLanguage":"pt-BR","@id":"https:\/\/jornalfatosenoticias.com.br\/index.php\/2022\/11\/22\/brasilia-tera-museu-que-reune-arte-ciencia-e-tecnologia\/#primaryimage","url":"https:\/\/jornalfatosenoticias.com.br\/wp-content\/uploads\/2022\/11\/sesi-lab-museu_mcamgo_abr.jpg","contentUrl":"https:\/\/jornalfatosenoticias.com.br\/wp-content\/uploads\/2022\/11\/sesi-lab-museu_mcamgo_abr.jpg","width":1000,"height":598,"caption":"Museu interativo SESI Lab une arte, ci\u00eancia e tecnologia e tem como objetivo despertar o interesse das pessoas a partir de experi\u00eancias e viv\u00eancias. O espa\u00e7o abre as portas no ponto de maior circula\u00e7\u00e3o de Bras\u00edlia, no antigo Edif\u00edcio Touring Club, ic\u00f4nico pr\u00e9dio projetado por Oscar Niemeyer na \u00e9poca da constru\u00e7\u00e3o da capital."},{"@type":"BreadcrumbList","@id":"https:\/\/jornalfatosenoticias.com.br\/index.php\/2022\/11\/22\/brasilia-tera-museu-que-reune-arte-ciencia-e-tecnologia\/#breadcrumb","itemListElement":[{"@type":"ListItem","position":1,"name":"In\u00edcio","item":"https:\/\/jornalfatosenoticias.com.br\/"},{"@type":"ListItem","position":2,"name":"Bras\u00edlia ter\u00e1 museu que re\u00fane arte, ci\u00eancia e tecnologia"}]},{"@type":"WebSite","@id":"https:\/\/jornalfatosenoticias.com.br\/#website","url":"https:\/\/jornalfatosenoticias.com.br\/","name":"Jornal Fatos e Not\u00edcias","description":"Not\u00edcias em geral","publisher":{"@id":"https:\/\/jornalfatosenoticias.com.br\/#organization"},"potentialAction":[{"@type":"SearchAction","target":{"@type":"EntryPoint","urlTemplate":"https:\/\/jornalfatosenoticias.com.br\/?s={search_term_string}"},"query-input":{"@type":"PropertyValueSpecification","valueRequired":true,"valueName":"search_term_string"}}],"inLanguage":"pt-BR"},{"@type":"Organization","@id":"https:\/\/jornalfatosenoticias.com.br\/#organization","name":"Jornal Fatos e Not\u00edcias","url":"https:\/\/jornalfatosenoticias.com.br\/","logo":{"@type":"ImageObject","inLanguage":"pt-BR","@id":"https:\/\/jornalfatosenoticias.com.br\/#\/schema\/logo\/image\/","url":"https:\/\/jornalfatosenoticias.com.br\/wp-content\/uploads\/2020\/02\/logo120.png","contentUrl":"https:\/\/jornalfatosenoticias.com.br\/wp-content\/uploads\/2020\/02\/logo120.png","width":1227,"height":120,"caption":"Jornal Fatos e Not\u00edcias"},"image":{"@id":"https:\/\/jornalfatosenoticias.com.br\/#\/schema\/logo\/image\/"}},{"@type":"Person","@id":"https:\/\/jornalfatosenoticias.com.br\/#\/schema\/person\/d63837fa13ac8666eb9e74e0985d6f81","name":"Luzimara Fernandes","image":{"@type":"ImageObject","inLanguage":"pt-BR","@id":"https:\/\/jornalfatosenoticias.com.br\/#\/schema\/person\/image\/","url":"https:\/\/jornalfatosenoticias.com.br\/wp-content\/uploads\/2025\/05\/EU_portal.jpg","contentUrl":"https:\/\/jornalfatosenoticias.com.br\/wp-content\/uploads\/2025\/05\/EU_portal.jpg","caption":"Luzimara Fernandes"},"description":"Jornalista MTB 2358-ES","sameAs":["https:\/\/jornalfatosenoticias.com.br"],"url":"https:\/\/jornalfatosenoticias.com.br\/index.php\/author\/luzimara\/"}]}},"cc_featured_image_caption":{"caption_text":"(Foto: Marcelo Camargo\/Ag\u00eancia Brasil)","source_text":"","source_url":""},"jetpack_featured_media_url":"https:\/\/jornalfatosenoticias.com.br\/wp-content\/uploads\/2022\/11\/sesi-lab-museu_mcamgo_abr.jpg","_links":{"self":[{"href":"https:\/\/jornalfatosenoticias.com.br\/index.php\/wp-json\/wp\/v2\/posts\/36219","targetHints":{"allow":["GET"]}}],"collection":[{"href":"https:\/\/jornalfatosenoticias.com.br\/index.php\/wp-json\/wp\/v2\/posts"}],"about":[{"href":"https:\/\/jornalfatosenoticias.com.br\/index.php\/wp-json\/wp\/v2\/types\/post"}],"author":[{"embeddable":true,"href":"https:\/\/jornalfatosenoticias.com.br\/index.php\/wp-json\/wp\/v2\/users\/2"}],"replies":[{"embeddable":true,"href":"https:\/\/jornalfatosenoticias.com.br\/index.php\/wp-json\/wp\/v2\/comments?post=36219"}],"version-history":[{"count":0,"href":"https:\/\/jornalfatosenoticias.com.br\/index.php\/wp-json\/wp\/v2\/posts\/36219\/revisions"}],"wp:featuredmedia":[{"embeddable":true,"href":"https:\/\/jornalfatosenoticias.com.br\/index.php\/wp-json\/wp\/v2\/media\/36222"}],"wp:attachment":[{"href":"https:\/\/jornalfatosenoticias.com.br\/index.php\/wp-json\/wp\/v2\/media?parent=36219"}],"wp:term":[{"taxonomy":"category","embeddable":true,"href":"https:\/\/jornalfatosenoticias.com.br\/index.php\/wp-json\/wp\/v2\/categories?post=36219"},{"taxonomy":"post_tag","embeddable":true,"href":"https:\/\/jornalfatosenoticias.com.br\/index.php\/wp-json\/wp\/v2\/tags?post=36219"}],"curies":[{"name":"wp","href":"https:\/\/api.w.org\/{rel}","templated":true}]}}