{"id":36251,"date":"2022-11-22T14:32:59","date_gmt":"2022-11-22T17:32:59","guid":{"rendered":"https:\/\/jornalfatosenoticias.com.br\/?p=36251"},"modified":"2022-11-22T14:33:00","modified_gmt":"2022-11-22T17:33:00","slug":"ampliar-em-2-a-area-protegida-da-mata-atlantica-ajudaria-a-conservar-cervideos-ameacados","status":"publish","type":"post","link":"https:\/\/jornalfatosenoticias.com.br\/index.php\/2022\/11\/22\/ampliar-em-2-a-area-protegida-da-mata-atlantica-ajudaria-a-conservar-cervideos-ameacados\/","title":{"rendered":"Ampliar em 2% a \u00e1rea protegida da Mata Atl\u00e2ntica ajudaria a conservar cerv\u00eddeos amea\u00e7ados"},"content":{"rendered":"\n<div class=\"wp-block-image\"><figure class=\"aligncenter size-large\"><img loading=\"lazy\" decoding=\"async\" width=\"1024\" height=\"111\" src=\"https:\/\/jornalfatosenoticias.com.br\/wp-content\/uploads\/2020\/02\/WhatsApp-Image-2022-09-23-at-12.09.18-1024x111.jpeg\" alt=\"\" class=\"wp-image-34527\" srcset=\"https:\/\/jornalfatosenoticias.com.br\/wp-content\/uploads\/2020\/02\/WhatsApp-Image-2022-09-23-at-12.09.18-1024x111.jpeg 1024w, https:\/\/jornalfatosenoticias.com.br\/wp-content\/uploads\/2020\/02\/WhatsApp-Image-2022-09-23-at-12.09.18-300x32.jpeg 300w, https:\/\/jornalfatosenoticias.com.br\/wp-content\/uploads\/2020\/02\/WhatsApp-Image-2022-09-23-at-12.09.18-768x83.jpeg 768w, https:\/\/jornalfatosenoticias.com.br\/wp-content\/uploads\/2020\/02\/WhatsApp-Image-2022-09-23-at-12.09.18.jpeg 1121w\" sizes=\"auto, (max-width: 1024px) 100vw, 1024px\" \/><\/figure><\/div>\n\n\n\n<p>Altamente dependentes das florestas, visados pela ca\u00e7a e vitimados por ataques de cachorros dom\u00e9sticos e doen\u00e7as do gado, os cerv\u00eddeos da Mata Atl\u00e2ntica est\u00e3o em sua maior parte vulner\u00e1veis \u00e0 extin\u00e7\u00e3o. A boa not\u00edcia \u00e9 que conservar 484 quil\u00f4metros quadrados (km\u00b2), ou 2% do total da \u00e1rea do bioma, pode ser suficiente para manter as popula\u00e7\u00f5es das tr\u00eas esp\u00e9cies brasileiras que vivem nessas matas. Pouco menos de 50% dessas \u00e1reas j\u00e1 possuem alguma prote\u00e7\u00e3o legal. A conclus\u00e3o \u00e9 de um estudo <strong>publicado<\/strong> no<em> Journal for Nature Conservation <\/em>por pesquisadores brasileiros apoiados pela Fapesp.<\/p>\n\n\n\n<div class=\"wp-block-image\"><figure class=\"aligncenter size-large is-resized\"><img loading=\"lazy\" decoding=\"async\" src=\"https:\/\/jornalfatosenoticias.com.br\/wp-content\/uploads\/2020\/02\/casa-do-torresmo_portal.jpg\" alt=\"\" class=\"wp-image-34472\" width=\"275\" height=\"275\" srcset=\"https:\/\/jornalfatosenoticias.com.br\/wp-content\/uploads\/2020\/02\/casa-do-torresmo_portal.jpg 300w, https:\/\/jornalfatosenoticias.com.br\/wp-content\/uploads\/2020\/02\/casa-do-torresmo_portal-150x150.jpg 150w\" sizes=\"auto, (max-width: 275px) 100vw, 275px\" \/><\/figure><\/div>\n\n\n\n<figure class=\"wp-block-pullquote\"><blockquote><p><span class=\"has-inline-color has-luminous-vivid-orange-color\">Essas esp\u00e9cies s\u00e3o estritamente florestais e, por isso, sua presen\u00e7a \u00e9 um importante indicador da qualidade das florestas da Mata Atl\u00e2ntica. Por isso, ao conservar os cerv\u00eddeos, estamos protegendo todo o ecossistema\u201d, explica M\u00e1rcio Leite de Oliveira, que realizou o trabalho durante est\u00e1gio de p\u00f3s-doutorado no N\u00facleo de Pesquisa e Conserva\u00e7\u00e3o de Cerv\u00eddeos (Nupecce) da Universidade Estadual Paulista (Unesp), em Jaboticabal, com bolsa da Fapesp.<\/span><\/p><\/blockquote><\/figure>\n\n\n\n<div class=\"wp-block-image\"><figure class=\"alignleft size-large is-resized\"><img loading=\"lazy\" decoding=\"async\" src=\"https:\/\/jornalfatosenoticias.com.br\/wp-content\/uploads\/2020\/02\/logo-clinica-limoeiro.jpg\" alt=\"\" class=\"wp-image-34610\" width=\"306\" height=\"217\"\/><\/figure><\/div>\n\n\n\n<p>O grupo de autores, que inclui pesquisadores das universidades federais da Integra\u00e7\u00e3o Latino-Americana (Unila), em Foz do Igua\u00e7u, e do Paran\u00e1 (UFPR), concluiu que 56,8% das \u00e1reas que deveriam ser priorit\u00e1rias para preserva\u00e7\u00e3o n\u00e3o est\u00e3o dentro de unidades de conserva\u00e7\u00e3o.<br>A outra parte est\u00e1 dentro de unidades de conserva\u00e7\u00e3o mais ou menos restritivas, como reservas biol\u00f3gicas e parques nacionais (20,7%), no primeiro caso, e \u00c1reas de Prote\u00e7\u00e3o Ambiental (APAs), no segundo, que totalizam 19,9%. Uma pequena por\u00e7\u00e3o (2,6%) est\u00e1 em Terras Ind\u00edgenas.<\/p>\n\n\n\n<div class=\"wp-block-image\"><figure class=\"aligncenter size-large\"><img loading=\"lazy\" decoding=\"async\" width=\"1024\" height=\"99\" src=\"https:\/\/jornalfatosenoticias.com.br\/wp-content\/uploads\/2020\/02\/Logo-Mizu-segunda-2-1024x99.png\" alt=\"\" class=\"wp-image-2353\" srcset=\"https:\/\/jornalfatosenoticias.com.br\/wp-content\/uploads\/2020\/02\/Logo-Mizu-segunda-2-1024x99.png 1024w, https:\/\/jornalfatosenoticias.com.br\/wp-content\/uploads\/2020\/02\/Logo-Mizu-segunda-2-300x29.png 300w, https:\/\/jornalfatosenoticias.com.br\/wp-content\/uploads\/2020\/02\/Logo-Mizu-segunda-2-768x74.png 768w, https:\/\/jornalfatosenoticias.com.br\/wp-content\/uploads\/2020\/02\/Logo-Mizu-segunda-2.png 1240w\" sizes=\"auto, (max-width: 1024px) 100vw, 1024px\" \/><\/figure><\/div>\n\n\n\n<p>Para chegar a esses valores, os pesquisadores mapearam todas as \u00e1reas onde o veado-mateiro (<em>Mazama rufa<\/em>), o veado-mateiro-pequeno (<em>Mazama jucunda<\/em>) e o veado-m\u00e3o-curta (<em>Mazama nana<\/em>) ocorrem na Mata Atl\u00e2ntica, seja no Brasil, na Argentina ou no Paraguai.<\/p>\n\n\n\n<div class=\"wp-block-image\"><figure class=\"aligncenter size-large is-resized\"><img loading=\"lazy\" decoding=\"async\" src=\"https:\/\/jornalfatosenoticias.com.br\/wp-content\/uploads\/2022\/08\/logo-locau-veiculos-1024x573.png\" alt=\"\" class=\"wp-image-33078\" width=\"333\" height=\"186\"\/><\/figure><\/div>\n\n\n\n<p><strong><span class=\"has-inline-color has-vivid-green-cyan-color\">Crit\u00e9rios<br><\/span><\/strong>No mapeamento, foi considerada a presen\u00e7a de florestas e de condi\u00e7\u00f5es bioclim\u00e1ticas para a sobreviv\u00eancia das esp\u00e9cies. Al\u00e9m disso, o grupo considerou a \u00e1rea m\u00ednima para a viabilidade de popula\u00e7\u00f5es de cada esp\u00e9cie (120 km\u00b2). Acrescentou-se no mapa, ainda, uma parte de \u00e1reas teoricamente adequadas para os animais, mas que ainda n\u00e3o possuem registros de ocorr\u00eancia. <\/p>\n\n\n\n<div class=\"wp-block-image\"><figure class=\"aligncenter size-large is-resized\"><img loading=\"lazy\" decoding=\"async\" src=\"https:\/\/jornalfatosenoticias.com.br\/wp-content\/uploads\/2022\/02\/Precisao-Contabilidade-1024x724.jpg\" alt=\"\" class=\"wp-image-28088\" width=\"304\" height=\"215\"\/><\/figure><\/div>\n\n\n\n<figure class=\"wp-block-pullquote\"><blockquote><p><span class=\"has-inline-color has-luminous-vivid-orange-color\">Como n\u00e3o se pode ter certeza de que as esp\u00e9cies ocorrem ou n\u00e3o, esses territ\u00f3rios tiveram seu peso reduzido no mapeamento\u201d, conta Oliveira.<\/span><\/p><\/blockquote><\/figure>\n\n\n\n<div class=\"wp-block-image\"><figure class=\"aligncenter size-large\"><img loading=\"lazy\" decoding=\"async\" width=\"1024\" height=\"110\" src=\"https:\/\/jornalfatosenoticias.com.br\/wp-content\/uploads\/2022\/10\/Arte-jornal-Zucchi-1120x120_Prancheta-1-1024x110.jpg\" alt=\"\" class=\"wp-image-34772\" srcset=\"https:\/\/jornalfatosenoticias.com.br\/wp-content\/uploads\/2022\/10\/Arte-jornal-Zucchi-1120x120_Prancheta-1-1024x110.jpg 1024w, https:\/\/jornalfatosenoticias.com.br\/wp-content\/uploads\/2022\/10\/Arte-jornal-Zucchi-1120x120_Prancheta-1-300x32.jpg 300w, https:\/\/jornalfatosenoticias.com.br\/wp-content\/uploads\/2022\/10\/Arte-jornal-Zucchi-1120x120_Prancheta-1-768x82.jpg 768w, https:\/\/jornalfatosenoticias.com.br\/wp-content\/uploads\/2022\/10\/Arte-jornal-Zucchi-1120x120_Prancheta-1-1536x165.jpg 1536w, https:\/\/jornalfatosenoticias.com.br\/wp-content\/uploads\/2022\/10\/Arte-jornal-Zucchi-1120x120_Prancheta-1-2048x219.jpg 2048w\" sizes=\"auto, (max-width: 1024px) 100vw, 1024px\" \/><\/figure><\/div>\n\n\n\n<p>Os autores constataram ainda que muitas \u00e1reas, mesmo dentro de unidades de conserva\u00e7\u00e3o, sofrem com diversas influ\u00eancias humanas, tais quais presen\u00e7a de ca\u00e7adores e esp\u00e9cies ex\u00f3ticas como cachorros dom\u00e9sticos (que perseguem e matam os cerv\u00eddeos), porcos, vacas, carneiros e javalis, que podem transmitir doen\u00e7as.<\/p>\n\n\n\n<div class=\"wp-block-image\"><figure class=\"aligncenter size-large is-resized\"><img loading=\"lazy\" decoding=\"async\" src=\"https:\/\/jornalfatosenoticias.com.br\/wp-content\/uploads\/2022\/07\/Logo-Grupo-SEI.jpg\" alt=\"\" class=\"wp-image-31973\" width=\"303\" height=\"159\" srcset=\"https:\/\/jornalfatosenoticias.com.br\/wp-content\/uploads\/2022\/07\/Logo-Grupo-SEI.jpg 713w, https:\/\/jornalfatosenoticias.com.br\/wp-content\/uploads\/2022\/07\/Logo-Grupo-SEI-300x158.jpg 300w\" sizes=\"auto, (max-width: 303px) 100vw, 303px\" \/><\/figure><\/div>\n\n\n\n<p>Por isso, metade da \u00e1rea proposta como priorit\u00e1ria tem grande influ\u00eancia humana, e a outra parte, menos. Assim, as pol\u00edticas p\u00fablicas a serem adotadas para a conserva\u00e7\u00e3o dessas esp\u00e9cies precisam ser diferentes. Nas \u00e1reas de grande influ\u00eancia humana fora de unidades de conserva\u00e7\u00e3o, os autores aconselham a cria\u00e7\u00e3o de \u00e1reas protegidas que permitem alguns usos sustent\u00e1veis, como as APAs. Nas que sofrem menos a\u00e7\u00e3o de pessoas, prop\u00f5em o estabelecimento de \u00e1reas mais restritivas, como parques e reservas.<\/p>\n\n\n\n<div class=\"wp-block-image\"><figure class=\"aligncenter size-large is-resized\"><img loading=\"lazy\" decoding=\"async\" src=\"https:\/\/jornalfatosenoticias.com.br\/wp-content\/uploads\/2022\/10\/RC_800x750_page-0001.jpg\" alt=\"\" class=\"wp-image-35338\" width=\"250\" height=\"234\" srcset=\"https:\/\/jornalfatosenoticias.com.br\/wp-content\/uploads\/2022\/10\/RC_800x750_page-0001.jpg 400w, https:\/\/jornalfatosenoticias.com.br\/wp-content\/uploads\/2022\/10\/RC_800x750_page-0001-300x281.jpg 300w\" sizes=\"auto, (max-width: 250px) 100vw, 250px\" \/><\/figure><\/div>\n\n\n\n<figure class=\"wp-block-pullquote\"><blockquote><p><span class=\"has-inline-color has-luminous-vivid-orange-color\">Identificamos 21 desses grandes maci\u00e7os florestais fora de \u00e1reas protegidas que podem sustentar popula\u00e7\u00f5es vi\u00e1veis de cerv\u00eddeos e poderiam ser transformados em novas unidades de conserva\u00e7\u00e3o\u201d, aponta Oliveira. <\/span><\/p><\/blockquote><\/figure>\n\n\n\n<div class=\"wp-block-image\"><figure class=\"aligncenter size-large\"><img decoding=\"async\" src=\"https:\/\/jornalfatosenoticias.com.br\/wp-content\/uploads\/2020\/02\/Serra-Grande-1024x160.png\" alt=\"\" class=\"wp-image-7836\"\/><\/figure><\/div>\n\n\n\n<p>Ainda que o n\u00edvel de prote\u00e7\u00e3o de algumas unidades de conserva\u00e7\u00e3o seja menor, a exist\u00eancia de uma prote\u00e7\u00e3o legal necessariamente tornaria mais rigoroso o processo de licenciamento ambiental para obras, resguardando de alguma forma os cerv\u00eddeos.<\/p>\n\n\n\n<div class=\"wp-block-image\"><figure class=\"aligncenter size-large\"><img decoding=\"async\" src=\"https:\/\/jornalfatosenoticias.com.br\/wp-content\/uploads\/2020\/02\/logo_esteio.jpg\" alt=\"\" class=\"wp-image-1214\"\/><\/figure><\/div>\n\n\n\n<p>Com o mapeamento, os pesquisadores esperam dar uma base realista, por\u00e9m efetiva, para gestores e comunidades conservarem esses mam\u00edferos e, por extens\u00e3o, os ecossistemas. O trabalho teve ainda apoio da Fapesp por meio de Bolsa de Doutorado concedida a Pedro Henrique de Faria Peres.<\/p>\n\n\n\n<div class=\"wp-block-image\"><figure class=\"aligncenter size-large\"><img loading=\"lazy\" decoding=\"async\" width=\"1024\" height=\"103\" src=\"https:\/\/jornalfatosenoticias.com.br\/wp-content\/uploads\/2022\/02\/Arte-Autoescola-Galatas_endereco_portal-1024x103.png\" alt=\"\" class=\"wp-image-27869\" srcset=\"https:\/\/jornalfatosenoticias.com.br\/wp-content\/uploads\/2022\/02\/Arte-Autoescola-Galatas_endereco_portal-1024x103.png 1024w, https:\/\/jornalfatosenoticias.com.br\/wp-content\/uploads\/2022\/02\/Arte-Autoescola-Galatas_endereco_portal-300x30.png 300w, https:\/\/jornalfatosenoticias.com.br\/wp-content\/uploads\/2022\/02\/Arte-Autoescola-Galatas_endereco_portal-768x77.png 768w, https:\/\/jornalfatosenoticias.com.br\/wp-content\/uploads\/2022\/02\/Arte-Autoescola-Galatas_endereco_portal.png 1223w\" sizes=\"auto, (max-width: 1024px) 100vw, 1024px\" \/><\/figure><\/div>\n\n\n\n<p><strong><span class=\"has-inline-color has-vivid-green-cyan-color\">Novo g\u00eanero<br><\/span><\/strong>O grupo do Nupecce, coordenado por <strong>Jos\u00e9 Maur\u00edcio Barbanti Duarte,<\/strong> professor da Faculdade de Ci\u00eancias Agr\u00e1rias e Veterin\u00e1rias (FCAV) da Unesp, em Jaboticabal, tem se dedicado nas \u00faltimas d\u00e9cadas a um exame aprofundado das esp\u00e9cies de cerv\u00eddeos sul-americanos (leia mais em: <em><strong><a href=\"https:\/\/agencia.fapesp.br\/37372\/\" target=\"_blank\" rel=\"noreferrer noopener\">agencia.fapesp.br\/37372\/<\/a><\/strong><\/em>).<\/p>\n\n\n\n<div class=\"wp-block-image\"><figure class=\"aligncenter size-large\"><img decoding=\"async\" src=\"https:\/\/jornalfatosenoticias.com.br\/wp-content\/uploads\/2020\/02\/barao-das-carnes-300x164-1.jpg\" alt=\"\" class=\"wp-image-34339\"\/><\/figure><\/div>\n\n\n\n<p>Como consequ\u00eancia, alguns grupos t\u00eam sido reclassificados, como o veado-mateiro, antes tido como apenas uma esp\u00e9cie (<em>Mazama americana<\/em>), mas que estudos gen\u00e9ticos e taxon\u00f4micos t\u00eam mostrado se tratar de um complexo que inclui, por exemplo, Mazama rufa, mencionada acima e recentemente <strong>revalidada.<\/strong><\/p>\n\n\n\n<div class=\"wp-block-image\"><figure class=\"alignright size-large is-resized\"><img loading=\"lazy\" decoding=\"async\" src=\"https:\/\/jornalfatosenoticias.com.br\/wp-content\/uploads\/2020\/02\/nova-logo-Marquetti.jpg\" alt=\"\" class=\"wp-image-22331\" width=\"299\" height=\"201\" srcset=\"https:\/\/jornalfatosenoticias.com.br\/wp-content\/uploads\/2020\/02\/nova-logo-Marquetti.jpg 643w, https:\/\/jornalfatosenoticias.com.br\/wp-content\/uploads\/2020\/02\/nova-logo-Marquetti-300x202.jpg 300w\" sizes=\"auto, (max-width: 299px) 100vw, 299px\" \/><\/figure><\/div>\n\n\n\n<p>Na esteira desses trabalhos, o grupo acaba de trazer de volta o g\u00eanero Subulo, originalmente descrito em 1827 e que foi posteriormente considerado sin\u00f4nimo de Mazama. Num <strong><a href=\"https:\/\/academic.oup.com\/jmammal\/advance-article-abstract\/doi\/10.1093\/jmammal\/gyac068\/6702645\" target=\"_blank\" rel=\"noreferrer noopener\">artigo publicado<\/a><\/strong> no <em>Journal of Mammalogy<\/em>, os pesquisadores retiram o veado-catingueiro do g\u00eanero <em>Mazama<\/em>. A esp\u00e9cie, que vive na Caatinga, Cerrado e cerrad\u00f5es, agora se chama <em>Subulo guazoubira<\/em>.<\/p>\n\n\n\n<div class=\"wp-block-image\"><figure class=\"aligncenter size-large\"><img decoding=\"async\" src=\"https:\/\/jornalfatosenoticias.com.br\/wp-content\/uploads\/2020\/02\/logo-embacia-1-1024x110.jpg\" alt=\"\" class=\"wp-image-33954\"\/><\/figure><\/div>\n\n\n\n<p>No trabalho, apoiado pela Fapesp por meio de dois projetos (<strong><a href=\"https:\/\/bv.fapesp.br\/pt\/auxilios\/100722\/\" target=\"_blank\" rel=\"noreferrer noopener\">17\/07014-8<\/a><\/strong>\u00a0e\u00a0<strong><a href=\"https:\/\/bv.fapesp.br\/pt\/auxilios\/106358\/\" target=\"_blank\" rel=\"noreferrer noopener\">19\/06940-1<\/a><\/strong>), os pesquisadores resolvem mais uma pe\u00e7a do complexo quebra-cabe\u00e7a evolutivo dos cerv\u00eddeos da Am\u00e9rica do Sul.<\/p>\n\n\n\n<div class=\"wp-block-image\"><figure class=\"aligncenter size-large\"><img loading=\"lazy\" decoding=\"async\" width=\"300\" height=\"250\" src=\"https:\/\/jornalfatosenoticias.com.br\/wp-content\/uploads\/2022\/08\/arte-Casarao.jpg\" alt=\"\" class=\"wp-image-33178\"\/><\/figure><\/div>\n\n\n\n<p>O artigo&nbsp;<em>Using niche modelling and human influence index to indicate conservation priorities for Atlantic forest deer species<\/em>&nbsp;pode ser lido em:&nbsp;<strong><a href=\"https:\/\/www.sciencedirect.com\/science\/article\/abs\/pii\/S1617138122001352\" target=\"_blank\" rel=\"noreferrer noopener\">www.sciencedirect.com\/science\/article\/abs\/pii\/S1617138122001352<\/a><\/strong>.<\/p>\n\n\n\n<div class=\"wp-block-image\"><figure class=\"aligncenter size-large\"><img loading=\"lazy\" decoding=\"async\" width=\"1024\" height=\"100\" src=\"https:\/\/jornalfatosenoticias.com.br\/wp-content\/uploads\/2022\/05\/NOVA-LOGO-CESCONETTO-1024x100.jpg\" alt=\"\" class=\"wp-image-30792\" srcset=\"https:\/\/jornalfatosenoticias.com.br\/wp-content\/uploads\/2022\/05\/NOVA-LOGO-CESCONETTO-1024x100.jpg 1024w, https:\/\/jornalfatosenoticias.com.br\/wp-content\/uploads\/2022\/05\/NOVA-LOGO-CESCONETTO-300x29.jpg 300w, https:\/\/jornalfatosenoticias.com.br\/wp-content\/uploads\/2022\/05\/NOVA-LOGO-CESCONETTO-768x75.jpg 768w, https:\/\/jornalfatosenoticias.com.br\/wp-content\/uploads\/2022\/05\/NOVA-LOGO-CESCONETTO.jpg 1280w\" sizes=\"auto, (max-width: 1024px) 100vw, 1024px\" \/><\/figure><\/div>\n\n\n\n<p>A redescri\u00e7\u00e3o do g\u00eanero&nbsp;<em>Subulo<\/em>&nbsp;est\u00e1 dispon\u00edvel em:&nbsp;<strong><a href=\"https:\/\/academic.oup.com\/jmammal\/advance-article-abstract\/doi\/10.1093\/jmammal\/gyac068\/6702645\" target=\"_blank\" rel=\"noreferrer noopener\">https:\/\/academic.oup.com\/jmammal\/advance-article-abstract\/doi\/10.1093\/jmammal\/gyac068\/6702645<\/a><\/strong>.<\/p>\n\n\n\n<div class=\"wp-block-image\"><figure class=\"aligncenter size-large\"><img loading=\"lazy\" decoding=\"async\" width=\"1024\" height=\"100\" src=\"https:\/\/jornalfatosenoticias.com.br\/wp-content\/uploads\/2020\/02\/banner_ferramentas-1024x100.jpg\" alt=\"\" class=\"wp-image-1258\" srcset=\"https:\/\/jornalfatosenoticias.com.br\/wp-content\/uploads\/2020\/02\/banner_ferramentas-1024x100.jpg 1024w, https:\/\/jornalfatosenoticias.com.br\/wp-content\/uploads\/2020\/02\/banner_ferramentas-300x29.jpg 300w, https:\/\/jornalfatosenoticias.com.br\/wp-content\/uploads\/2020\/02\/banner_ferramentas-768x75.jpg 768w, https:\/\/jornalfatosenoticias.com.br\/wp-content\/uploads\/2020\/02\/banner_ferramentas.jpg 1227w\" sizes=\"auto, (max-width: 1024px) 100vw, 1024px\" \/><\/figure><\/div>\n\n\n\n<p><strong><em>Fonte: <a href=\"https:\/\/territoriosecreto.com.br\/ampliar-em-2-a-area-protegida-da-mata-atlantica-ajudaria-a-conservar-cervideos-ameacados\/\">Territ\u00f3rio Secreto<\/a><\/em><\/strong><\/p>\n","protected":false},"excerpt":{"rendered":"<p>Altamente dependentes das florestas, visados pela ca\u00e7a e vitimados por ataques de cachorros dom\u00e9sticos e doen\u00e7as do gado, os cerv\u00eddeos da Mata Atl\u00e2ntica est\u00e3o em sua maior parte vulner\u00e1veis \u00e0 extin\u00e7\u00e3o. A boa not\u00edcia \u00e9 que conservar 484 quil\u00f4metros quadrados (km\u00b2), ou 2% do total da \u00e1rea do bioma, pode ser suficiente para manter as [&hellip;]<\/p>\n","protected":false},"author":2,"featured_media":36252,"comment_status":"open","ping_status":"open","sticky":false,"template":"","format":"standard","meta":{"footnotes":""},"categories":[8],"tags":[7846,17018,17016,17017,258],"class_list":["post-36251","post","type-post","status-publish","format-standard","has-post-thumbnail","hentry","category-meio-ambiente","tag-ameacados-de-extincao","tag-area-protegida","tag-cervideos","tag-conservar","tag-mata-atlantica"],"yoast_head":"<!-- This site is optimized with the Yoast SEO plugin v26.5 - https:\/\/yoast.com\/wordpress\/plugins\/seo\/ -->\n<title>Ampliar em 2% a \u00e1rea protegida da Mata Atl\u00e2ntica ajudaria a conservar cerv\u00eddeos amea\u00e7ados - Jornal Fatos e Not\u00edcias<\/title>\n<meta name=\"robots\" content=\"index, follow, max-snippet:-1, max-image-preview:large, max-video-preview:-1\" \/>\n<link rel=\"canonical\" href=\"https:\/\/jornalfatosenoticias.com.br\/index.php\/2022\/11\/22\/ampliar-em-2-a-area-protegida-da-mata-atlantica-ajudaria-a-conservar-cervideos-ameacados\/\" \/>\n<meta property=\"og:locale\" content=\"pt_BR\" \/>\n<meta property=\"og:type\" content=\"article\" \/>\n<meta property=\"og:title\" content=\"Ampliar em 2% a \u00e1rea protegida da Mata Atl\u00e2ntica ajudaria a conservar cerv\u00eddeos amea\u00e7ados - Jornal Fatos e Not\u00edcias\" \/>\n<meta property=\"og:description\" content=\"Altamente dependentes das florestas, visados pela ca\u00e7a e vitimados por ataques de cachorros dom\u00e9sticos e doen\u00e7as do gado, os cerv\u00eddeos da Mata Atl\u00e2ntica est\u00e3o em sua maior parte vulner\u00e1veis \u00e0 extin\u00e7\u00e3o. A boa not\u00edcia \u00e9 que conservar 484 quil\u00f4metros quadrados (km\u00b2), ou 2% do total da \u00e1rea do bioma, pode ser suficiente para manter as [&hellip;]\" \/>\n<meta property=\"og:url\" content=\"https:\/\/jornalfatosenoticias.com.br\/index.php\/2022\/11\/22\/ampliar-em-2-a-area-protegida-da-mata-atlantica-ajudaria-a-conservar-cervideos-ameacados\/\" \/>\n<meta property=\"og:site_name\" content=\"Jornal Fatos e Not\u00edcias\" \/>\n<meta property=\"article:published_time\" content=\"2022-11-22T17:32:59+00:00\" \/>\n<meta property=\"article:modified_time\" content=\"2022-11-22T17:33:00+00:00\" \/>\n<meta property=\"og:image\" content=\"https:\/\/jornalfatosenoticias.com.br\/wp-content\/uploads\/2022\/11\/Mata-Atlantica-ajudaria-a-conservar-cervideos-ameacados.png\" \/>\n\t<meta property=\"og:image:width\" content=\"1000\" \/>\n\t<meta property=\"og:image:height\" content=\"542\" \/>\n\t<meta property=\"og:image:type\" content=\"image\/png\" \/>\n<meta name=\"author\" content=\"Luzimara Fernandes\" \/>\n<meta name=\"twitter:card\" content=\"summary_large_image\" \/>\n<meta name=\"twitter:label1\" content=\"Escrito por\" \/>\n\t<meta name=\"twitter:data1\" content=\"Luzimara Fernandes\" \/>\n\t<meta name=\"twitter:label2\" content=\"Est. tempo de leitura\" \/>\n\t<meta name=\"twitter:data2\" content=\"5 minutos\" \/>\n<script type=\"application\/ld+json\" class=\"yoast-schema-graph\">{\"@context\":\"https:\/\/schema.org\",\"@graph\":[{\"@type\":\"Article\",\"@id\":\"https:\/\/jornalfatosenoticias.com.br\/index.php\/2022\/11\/22\/ampliar-em-2-a-area-protegida-da-mata-atlantica-ajudaria-a-conservar-cervideos-ameacados\/#article\",\"isPartOf\":{\"@id\":\"https:\/\/jornalfatosenoticias.com.br\/index.php\/2022\/11\/22\/ampliar-em-2-a-area-protegida-da-mata-atlantica-ajudaria-a-conservar-cervideos-ameacados\/\"},\"author\":{\"name\":\"Luzimara Fernandes\",\"@id\":\"https:\/\/jornalfatosenoticias.com.br\/#\/schema\/person\/d63837fa13ac8666eb9e74e0985d6f81\"},\"headline\":\"Ampliar em 2% a \u00e1rea protegida da Mata Atl\u00e2ntica ajudaria a conservar cerv\u00eddeos amea\u00e7ados\",\"datePublished\":\"2022-11-22T17:32:59+00:00\",\"dateModified\":\"2022-11-22T17:33:00+00:00\",\"mainEntityOfPage\":{\"@id\":\"https:\/\/jornalfatosenoticias.com.br\/index.php\/2022\/11\/22\/ampliar-em-2-a-area-protegida-da-mata-atlantica-ajudaria-a-conservar-cervideos-ameacados\/\"},\"wordCount\":934,\"commentCount\":0,\"publisher\":{\"@id\":\"https:\/\/jornalfatosenoticias.com.br\/#organization\"},\"image\":{\"@id\":\"https:\/\/jornalfatosenoticias.com.br\/index.php\/2022\/11\/22\/ampliar-em-2-a-area-protegida-da-mata-atlantica-ajudaria-a-conservar-cervideos-ameacados\/#primaryimage\"},\"thumbnailUrl\":\"https:\/\/jornalfatosenoticias.com.br\/wp-content\/uploads\/2022\/11\/Mata-Atlantica-ajudaria-a-conservar-cervideos-ameacados.png\",\"keywords\":[\"amea\u00e7ados de extin\u00e7\u00e3o\",\"\u00e1rea protegida\",\"cerv\u00eddeos\",\"conservar\",\"mata atl\u00e2ntica\"],\"articleSection\":[\"Meio ambiente\"],\"inLanguage\":\"pt-BR\",\"potentialAction\":[{\"@type\":\"CommentAction\",\"name\":\"Comment\",\"target\":[\"https:\/\/jornalfatosenoticias.com.br\/index.php\/2022\/11\/22\/ampliar-em-2-a-area-protegida-da-mata-atlantica-ajudaria-a-conservar-cervideos-ameacados\/#respond\"]}]},{\"@type\":\"WebPage\",\"@id\":\"https:\/\/jornalfatosenoticias.com.br\/index.php\/2022\/11\/22\/ampliar-em-2-a-area-protegida-da-mata-atlantica-ajudaria-a-conservar-cervideos-ameacados\/\",\"url\":\"https:\/\/jornalfatosenoticias.com.br\/index.php\/2022\/11\/22\/ampliar-em-2-a-area-protegida-da-mata-atlantica-ajudaria-a-conservar-cervideos-ameacados\/\",\"name\":\"Ampliar em 2% a \u00e1rea protegida da Mata Atl\u00e2ntica ajudaria a conservar cerv\u00eddeos amea\u00e7ados - Jornal Fatos e Not\u00edcias\",\"isPartOf\":{\"@id\":\"https:\/\/jornalfatosenoticias.com.br\/#website\"},\"primaryImageOfPage\":{\"@id\":\"https:\/\/jornalfatosenoticias.com.br\/index.php\/2022\/11\/22\/ampliar-em-2-a-area-protegida-da-mata-atlantica-ajudaria-a-conservar-cervideos-ameacados\/#primaryimage\"},\"image\":{\"@id\":\"https:\/\/jornalfatosenoticias.com.br\/index.php\/2022\/11\/22\/ampliar-em-2-a-area-protegida-da-mata-atlantica-ajudaria-a-conservar-cervideos-ameacados\/#primaryimage\"},\"thumbnailUrl\":\"https:\/\/jornalfatosenoticias.com.br\/wp-content\/uploads\/2022\/11\/Mata-Atlantica-ajudaria-a-conservar-cervideos-ameacados.png\",\"datePublished\":\"2022-11-22T17:32:59+00:00\",\"dateModified\":\"2022-11-22T17:33:00+00:00\",\"breadcrumb\":{\"@id\":\"https:\/\/jornalfatosenoticias.com.br\/index.php\/2022\/11\/22\/ampliar-em-2-a-area-protegida-da-mata-atlantica-ajudaria-a-conservar-cervideos-ameacados\/#breadcrumb\"},\"inLanguage\":\"pt-BR\",\"potentialAction\":[{\"@type\":\"ReadAction\",\"target\":[\"https:\/\/jornalfatosenoticias.com.br\/index.php\/2022\/11\/22\/ampliar-em-2-a-area-protegida-da-mata-atlantica-ajudaria-a-conservar-cervideos-ameacados\/\"]}]},{\"@type\":\"ImageObject\",\"inLanguage\":\"pt-BR\",\"@id\":\"https:\/\/jornalfatosenoticias.com.br\/index.php\/2022\/11\/22\/ampliar-em-2-a-area-protegida-da-mata-atlantica-ajudaria-a-conservar-cervideos-ameacados\/#primaryimage\",\"url\":\"https:\/\/jornalfatosenoticias.com.br\/wp-content\/uploads\/2022\/11\/Mata-Atlantica-ajudaria-a-conservar-cervideos-ameacados.png\",\"contentUrl\":\"https:\/\/jornalfatosenoticias.com.br\/wp-content\/uploads\/2022\/11\/Mata-Atlantica-ajudaria-a-conservar-cervideos-ameacados.png\",\"width\":1000,\"height\":542},{\"@type\":\"BreadcrumbList\",\"@id\":\"https:\/\/jornalfatosenoticias.com.br\/index.php\/2022\/11\/22\/ampliar-em-2-a-area-protegida-da-mata-atlantica-ajudaria-a-conservar-cervideos-ameacados\/#breadcrumb\",\"itemListElement\":[{\"@type\":\"ListItem\",\"position\":1,\"name\":\"In\u00edcio\",\"item\":\"https:\/\/jornalfatosenoticias.com.br\/\"},{\"@type\":\"ListItem\",\"position\":2,\"name\":\"Ampliar em 2% a \u00e1rea protegida da Mata Atl\u00e2ntica ajudaria a conservar cerv\u00eddeos amea\u00e7ados\"}]},{\"@type\":\"WebSite\",\"@id\":\"https:\/\/jornalfatosenoticias.com.br\/#website\",\"url\":\"https:\/\/jornalfatosenoticias.com.br\/\",\"name\":\"Jornal Fatos e Not\u00edcias\",\"description\":\"Not\u00edcias em geral\",\"publisher\":{\"@id\":\"https:\/\/jornalfatosenoticias.com.br\/#organization\"},\"potentialAction\":[{\"@type\":\"SearchAction\",\"target\":{\"@type\":\"EntryPoint\",\"urlTemplate\":\"https:\/\/jornalfatosenoticias.com.br\/?s={search_term_string}\"},\"query-input\":{\"@type\":\"PropertyValueSpecification\",\"valueRequired\":true,\"valueName\":\"search_term_string\"}}],\"inLanguage\":\"pt-BR\"},{\"@type\":\"Organization\",\"@id\":\"https:\/\/jornalfatosenoticias.com.br\/#organization\",\"name\":\"Jornal Fatos e Not\u00edcias\",\"url\":\"https:\/\/jornalfatosenoticias.com.br\/\",\"logo\":{\"@type\":\"ImageObject\",\"inLanguage\":\"pt-BR\",\"@id\":\"https:\/\/jornalfatosenoticias.com.br\/#\/schema\/logo\/image\/\",\"url\":\"https:\/\/jornalfatosenoticias.com.br\/wp-content\/uploads\/2020\/02\/logo120.png\",\"contentUrl\":\"https:\/\/jornalfatosenoticias.com.br\/wp-content\/uploads\/2020\/02\/logo120.png\",\"width\":1227,\"height\":120,\"caption\":\"Jornal Fatos e Not\u00edcias\"},\"image\":{\"@id\":\"https:\/\/jornalfatosenoticias.com.br\/#\/schema\/logo\/image\/\"}},{\"@type\":\"Person\",\"@id\":\"https:\/\/jornalfatosenoticias.com.br\/#\/schema\/person\/d63837fa13ac8666eb9e74e0985d6f81\",\"name\":\"Luzimara Fernandes\",\"image\":{\"@type\":\"ImageObject\",\"inLanguage\":\"pt-BR\",\"@id\":\"https:\/\/jornalfatosenoticias.com.br\/#\/schema\/person\/image\/\",\"url\":\"https:\/\/jornalfatosenoticias.com.br\/wp-content\/uploads\/2025\/05\/EU_portal.jpg\",\"contentUrl\":\"https:\/\/jornalfatosenoticias.com.br\/wp-content\/uploads\/2025\/05\/EU_portal.jpg\",\"caption\":\"Luzimara Fernandes\"},\"description\":\"Jornalista MTB 2358-ES\",\"sameAs\":[\"https:\/\/jornalfatosenoticias.com.br\"],\"url\":\"https:\/\/jornalfatosenoticias.com.br\/index.php\/author\/luzimara\/\"}]}<\/script>\n<!-- \/ Yoast SEO plugin. -->","yoast_head_json":{"title":"Ampliar em 2% a \u00e1rea protegida da Mata Atl\u00e2ntica ajudaria a conservar cerv\u00eddeos amea\u00e7ados - Jornal Fatos e Not\u00edcias","robots":{"index":"index","follow":"follow","max-snippet":"max-snippet:-1","max-image-preview":"max-image-preview:large","max-video-preview":"max-video-preview:-1"},"canonical":"https:\/\/jornalfatosenoticias.com.br\/index.php\/2022\/11\/22\/ampliar-em-2-a-area-protegida-da-mata-atlantica-ajudaria-a-conservar-cervideos-ameacados\/","og_locale":"pt_BR","og_type":"article","og_title":"Ampliar em 2% a \u00e1rea protegida da Mata Atl\u00e2ntica ajudaria a conservar cerv\u00eddeos amea\u00e7ados - Jornal Fatos e Not\u00edcias","og_description":"Altamente dependentes das florestas, visados pela ca\u00e7a e vitimados por ataques de cachorros dom\u00e9sticos e doen\u00e7as do gado, os cerv\u00eddeos da Mata Atl\u00e2ntica est\u00e3o em sua maior parte vulner\u00e1veis \u00e0 extin\u00e7\u00e3o. A boa not\u00edcia \u00e9 que conservar 484 quil\u00f4metros quadrados (km\u00b2), ou 2% do total da \u00e1rea do bioma, pode ser suficiente para manter as [&hellip;]","og_url":"https:\/\/jornalfatosenoticias.com.br\/index.php\/2022\/11\/22\/ampliar-em-2-a-area-protegida-da-mata-atlantica-ajudaria-a-conservar-cervideos-ameacados\/","og_site_name":"Jornal Fatos e Not\u00edcias","article_published_time":"2022-11-22T17:32:59+00:00","article_modified_time":"2022-11-22T17:33:00+00:00","og_image":[{"width":1000,"height":542,"url":"https:\/\/jornalfatosenoticias.com.br\/wp-content\/uploads\/2022\/11\/Mata-Atlantica-ajudaria-a-conservar-cervideos-ameacados.png","type":"image\/png"}],"author":"Luzimara Fernandes","twitter_card":"summary_large_image","twitter_misc":{"Escrito por":"Luzimara Fernandes","Est. tempo de leitura":"5 minutos"},"schema":{"@context":"https:\/\/schema.org","@graph":[{"@type":"Article","@id":"https:\/\/jornalfatosenoticias.com.br\/index.php\/2022\/11\/22\/ampliar-em-2-a-area-protegida-da-mata-atlantica-ajudaria-a-conservar-cervideos-ameacados\/#article","isPartOf":{"@id":"https:\/\/jornalfatosenoticias.com.br\/index.php\/2022\/11\/22\/ampliar-em-2-a-area-protegida-da-mata-atlantica-ajudaria-a-conservar-cervideos-ameacados\/"},"author":{"name":"Luzimara Fernandes","@id":"https:\/\/jornalfatosenoticias.com.br\/#\/schema\/person\/d63837fa13ac8666eb9e74e0985d6f81"},"headline":"Ampliar em 2% a \u00e1rea protegida da Mata Atl\u00e2ntica ajudaria a conservar cerv\u00eddeos amea\u00e7ados","datePublished":"2022-11-22T17:32:59+00:00","dateModified":"2022-11-22T17:33:00+00:00","mainEntityOfPage":{"@id":"https:\/\/jornalfatosenoticias.com.br\/index.php\/2022\/11\/22\/ampliar-em-2-a-area-protegida-da-mata-atlantica-ajudaria-a-conservar-cervideos-ameacados\/"},"wordCount":934,"commentCount":0,"publisher":{"@id":"https:\/\/jornalfatosenoticias.com.br\/#organization"},"image":{"@id":"https:\/\/jornalfatosenoticias.com.br\/index.php\/2022\/11\/22\/ampliar-em-2-a-area-protegida-da-mata-atlantica-ajudaria-a-conservar-cervideos-ameacados\/#primaryimage"},"thumbnailUrl":"https:\/\/jornalfatosenoticias.com.br\/wp-content\/uploads\/2022\/11\/Mata-Atlantica-ajudaria-a-conservar-cervideos-ameacados.png","keywords":["amea\u00e7ados de extin\u00e7\u00e3o","\u00e1rea protegida","cerv\u00eddeos","conservar","mata atl\u00e2ntica"],"articleSection":["Meio ambiente"],"inLanguage":"pt-BR","potentialAction":[{"@type":"CommentAction","name":"Comment","target":["https:\/\/jornalfatosenoticias.com.br\/index.php\/2022\/11\/22\/ampliar-em-2-a-area-protegida-da-mata-atlantica-ajudaria-a-conservar-cervideos-ameacados\/#respond"]}]},{"@type":"WebPage","@id":"https:\/\/jornalfatosenoticias.com.br\/index.php\/2022\/11\/22\/ampliar-em-2-a-area-protegida-da-mata-atlantica-ajudaria-a-conservar-cervideos-ameacados\/","url":"https:\/\/jornalfatosenoticias.com.br\/index.php\/2022\/11\/22\/ampliar-em-2-a-area-protegida-da-mata-atlantica-ajudaria-a-conservar-cervideos-ameacados\/","name":"Ampliar em 2% a \u00e1rea protegida da Mata Atl\u00e2ntica ajudaria a conservar cerv\u00eddeos amea\u00e7ados - Jornal Fatos e Not\u00edcias","isPartOf":{"@id":"https:\/\/jornalfatosenoticias.com.br\/#website"},"primaryImageOfPage":{"@id":"https:\/\/jornalfatosenoticias.com.br\/index.php\/2022\/11\/22\/ampliar-em-2-a-area-protegida-da-mata-atlantica-ajudaria-a-conservar-cervideos-ameacados\/#primaryimage"},"image":{"@id":"https:\/\/jornalfatosenoticias.com.br\/index.php\/2022\/11\/22\/ampliar-em-2-a-area-protegida-da-mata-atlantica-ajudaria-a-conservar-cervideos-ameacados\/#primaryimage"},"thumbnailUrl":"https:\/\/jornalfatosenoticias.com.br\/wp-content\/uploads\/2022\/11\/Mata-Atlantica-ajudaria-a-conservar-cervideos-ameacados.png","datePublished":"2022-11-22T17:32:59+00:00","dateModified":"2022-11-22T17:33:00+00:00","breadcrumb":{"@id":"https:\/\/jornalfatosenoticias.com.br\/index.php\/2022\/11\/22\/ampliar-em-2-a-area-protegida-da-mata-atlantica-ajudaria-a-conservar-cervideos-ameacados\/#breadcrumb"},"inLanguage":"pt-BR","potentialAction":[{"@type":"ReadAction","target":["https:\/\/jornalfatosenoticias.com.br\/index.php\/2022\/11\/22\/ampliar-em-2-a-area-protegida-da-mata-atlantica-ajudaria-a-conservar-cervideos-ameacados\/"]}]},{"@type":"ImageObject","inLanguage":"pt-BR","@id":"https:\/\/jornalfatosenoticias.com.br\/index.php\/2022\/11\/22\/ampliar-em-2-a-area-protegida-da-mata-atlantica-ajudaria-a-conservar-cervideos-ameacados\/#primaryimage","url":"https:\/\/jornalfatosenoticias.com.br\/wp-content\/uploads\/2022\/11\/Mata-Atlantica-ajudaria-a-conservar-cervideos-ameacados.png","contentUrl":"https:\/\/jornalfatosenoticias.com.br\/wp-content\/uploads\/2022\/11\/Mata-Atlantica-ajudaria-a-conservar-cervideos-ameacados.png","width":1000,"height":542},{"@type":"BreadcrumbList","@id":"https:\/\/jornalfatosenoticias.com.br\/index.php\/2022\/11\/22\/ampliar-em-2-a-area-protegida-da-mata-atlantica-ajudaria-a-conservar-cervideos-ameacados\/#breadcrumb","itemListElement":[{"@type":"ListItem","position":1,"name":"In\u00edcio","item":"https:\/\/jornalfatosenoticias.com.br\/"},{"@type":"ListItem","position":2,"name":"Ampliar em 2% a \u00e1rea protegida da Mata Atl\u00e2ntica ajudaria a conservar cerv\u00eddeos amea\u00e7ados"}]},{"@type":"WebSite","@id":"https:\/\/jornalfatosenoticias.com.br\/#website","url":"https:\/\/jornalfatosenoticias.com.br\/","name":"Jornal Fatos e Not\u00edcias","description":"Not\u00edcias em geral","publisher":{"@id":"https:\/\/jornalfatosenoticias.com.br\/#organization"},"potentialAction":[{"@type":"SearchAction","target":{"@type":"EntryPoint","urlTemplate":"https:\/\/jornalfatosenoticias.com.br\/?s={search_term_string}"},"query-input":{"@type":"PropertyValueSpecification","valueRequired":true,"valueName":"search_term_string"}}],"inLanguage":"pt-BR"},{"@type":"Organization","@id":"https:\/\/jornalfatosenoticias.com.br\/#organization","name":"Jornal Fatos e Not\u00edcias","url":"https:\/\/jornalfatosenoticias.com.br\/","logo":{"@type":"ImageObject","inLanguage":"pt-BR","@id":"https:\/\/jornalfatosenoticias.com.br\/#\/schema\/logo\/image\/","url":"https:\/\/jornalfatosenoticias.com.br\/wp-content\/uploads\/2020\/02\/logo120.png","contentUrl":"https:\/\/jornalfatosenoticias.com.br\/wp-content\/uploads\/2020\/02\/logo120.png","width":1227,"height":120,"caption":"Jornal Fatos e Not\u00edcias"},"image":{"@id":"https:\/\/jornalfatosenoticias.com.br\/#\/schema\/logo\/image\/"}},{"@type":"Person","@id":"https:\/\/jornalfatosenoticias.com.br\/#\/schema\/person\/d63837fa13ac8666eb9e74e0985d6f81","name":"Luzimara Fernandes","image":{"@type":"ImageObject","inLanguage":"pt-BR","@id":"https:\/\/jornalfatosenoticias.com.br\/#\/schema\/person\/image\/","url":"https:\/\/jornalfatosenoticias.com.br\/wp-content\/uploads\/2025\/05\/EU_portal.jpg","contentUrl":"https:\/\/jornalfatosenoticias.com.br\/wp-content\/uploads\/2025\/05\/EU_portal.jpg","caption":"Luzimara Fernandes"},"description":"Jornalista MTB 2358-ES","sameAs":["https:\/\/jornalfatosenoticias.com.br"],"url":"https:\/\/jornalfatosenoticias.com.br\/index.php\/author\/luzimara\/"}]}},"cc_featured_image_caption":{"caption_text":"(Foto: Projeto On\u00e7as do Igua\u00e7u) ","source_text":"","source_url":""},"jetpack_featured_media_url":"https:\/\/jornalfatosenoticias.com.br\/wp-content\/uploads\/2022\/11\/Mata-Atlantica-ajudaria-a-conservar-cervideos-ameacados.png","_links":{"self":[{"href":"https:\/\/jornalfatosenoticias.com.br\/index.php\/wp-json\/wp\/v2\/posts\/36251","targetHints":{"allow":["GET"]}}],"collection":[{"href":"https:\/\/jornalfatosenoticias.com.br\/index.php\/wp-json\/wp\/v2\/posts"}],"about":[{"href":"https:\/\/jornalfatosenoticias.com.br\/index.php\/wp-json\/wp\/v2\/types\/post"}],"author":[{"embeddable":true,"href":"https:\/\/jornalfatosenoticias.com.br\/index.php\/wp-json\/wp\/v2\/users\/2"}],"replies":[{"embeddable":true,"href":"https:\/\/jornalfatosenoticias.com.br\/index.php\/wp-json\/wp\/v2\/comments?post=36251"}],"version-history":[{"count":0,"href":"https:\/\/jornalfatosenoticias.com.br\/index.php\/wp-json\/wp\/v2\/posts\/36251\/revisions"}],"wp:featuredmedia":[{"embeddable":true,"href":"https:\/\/jornalfatosenoticias.com.br\/index.php\/wp-json\/wp\/v2\/media\/36252"}],"wp:attachment":[{"href":"https:\/\/jornalfatosenoticias.com.br\/index.php\/wp-json\/wp\/v2\/media?parent=36251"}],"wp:term":[{"taxonomy":"category","embeddable":true,"href":"https:\/\/jornalfatosenoticias.com.br\/index.php\/wp-json\/wp\/v2\/categories?post=36251"},{"taxonomy":"post_tag","embeddable":true,"href":"https:\/\/jornalfatosenoticias.com.br\/index.php\/wp-json\/wp\/v2\/tags?post=36251"}],"curies":[{"name":"wp","href":"https:\/\/api.w.org\/{rel}","templated":true}]}}