{"id":36271,"date":"2022-11-23T11:15:31","date_gmt":"2022-11-23T14:15:31","guid":{"rendered":"https:\/\/jornalfatosenoticias.com.br\/?p=36271"},"modified":"2022-11-23T11:15:34","modified_gmt":"2022-11-23T14:15:34","slug":"cafeteira-que-usa-capsulas-compostaveis-e-lancada-no-brasil","status":"publish","type":"post","link":"https:\/\/jornalfatosenoticias.com.br\/index.php\/2022\/11\/23\/cafeteira-que-usa-capsulas-compostaveis-e-lancada-no-brasil\/","title":{"rendered":"Cafeteira que usa c\u00e1psulas compost\u00e1veis \u00e9 lan\u00e7ada no Brasil"},"content":{"rendered":"\n<p><em><span class=\"has-inline-color has-black-color\">Feitas com papel, c\u00e1psulas se decomp\u00f5em em seis meses<\/span><\/em><\/p>\n\n\n\n<div class=\"wp-block-image\"><figure class=\"aligncenter size-large\"><img decoding=\"async\" src=\"https:\/\/jornalfatosenoticias.com.br\/wp-content\/uploads\/2020\/02\/Serra-Grande-1024x160.png\" alt=\"\" class=\"wp-image-7836\"\/><\/figure><\/div>\n\n\n\n<p>A Nestl\u00e9 anunciou o lan\u00e7amento da Nescaf\u00e9 Dolce Gusto NEO, uma m\u00e1quina feita para receber c\u00e1psulas compost\u00e1veis que une tecnologia de ponta e sustentabilidade. O Brasil \u00e9 o primeiro pa\u00eds a receber a inova\u00e7\u00e3o e produzir\u00e1 100% das c\u00e1psulas feitas com papel, na f\u00e1brica sustent\u00e1vel de Nescaf\u00e9 Dolce Gusto, em Montes Claros (MG). <\/p>\n\n\n\n<div class=\"wp-block-image\"><figure class=\"aligncenter size-large\"><img loading=\"lazy\" decoding=\"async\" width=\"300\" height=\"250\" src=\"https:\/\/jornalfatosenoticias.com.br\/wp-content\/uploads\/2022\/08\/arte-Casarao.jpg\" alt=\"\" class=\"wp-image-33178\"\/><\/figure><\/div>\n\n\n\n<p>Com foco na sustentabilidade desde o desenvolvimento das <a href=\"https:\/\/ciclovivo.com.br\/inovacao\/negocios\/capsulas-cafe-reutilizaveis-aco\/\" target=\"_blank\" rel=\"noreferrer noopener\">cafeteiras<\/a> at\u00e9 o p\u00f3s-consumo das c\u00e1psulas, o sistema NEO \u00e9 resultado de cinco anos de pesquisas feitas pela empresa.<\/p>\n\n\n\n<div class=\"wp-block-image\"><figure class=\"aligncenter size-large is-resized\"><img loading=\"lazy\" decoding=\"async\" src=\"https:\/\/jornalfatosenoticias.com.br\/wp-content\/uploads\/2020\/02\/casa-do-torresmo_portal.jpg\" alt=\"\" class=\"wp-image-34472\" width=\"254\" height=\"254\" srcset=\"https:\/\/jornalfatosenoticias.com.br\/wp-content\/uploads\/2020\/02\/casa-do-torresmo_portal.jpg 300w, https:\/\/jornalfatosenoticias.com.br\/wp-content\/uploads\/2020\/02\/casa-do-torresmo_portal-150x150.jpg 150w\" sizes=\"auto, (max-width: 254px) 100vw, 254px\" \/><\/figure><\/div>\n\n\n\n<figure class=\"wp-block-pullquote\"><blockquote><p><span class=\"has-inline-color has-luminous-vivid-orange-color\">NEO \u00e9 o futuro do sistema de c\u00e1psula\u201d, afirma Marcelo Melchior, CEO da Nestl\u00e9 Brasil. \u201cTornar a sustentabilidade escal\u00e1vel \u00e9 o grande desafio da ind\u00fastria. E NEO \u00e9 um marco tecnol\u00f3gico de baixo impacto ambiental que privilegia a experi\u00eancia do caf\u00e9, com foco na alta qualidade, do cultivo \u00e0 x\u00edcara final\u201d, completa Melchior.<\/span><\/p><\/blockquote><\/figure>\n\n\n\n<div class=\"wp-block-image\"><figure class=\"aligncenter size-large\"><img loading=\"lazy\" decoding=\"async\" width=\"1024\" height=\"110\" src=\"https:\/\/jornalfatosenoticias.com.br\/wp-content\/uploads\/2022\/10\/Arte-jornal-Zucchi-1120x120_Prancheta-1-1024x110.jpg\" alt=\"\" class=\"wp-image-34772\" srcset=\"https:\/\/jornalfatosenoticias.com.br\/wp-content\/uploads\/2022\/10\/Arte-jornal-Zucchi-1120x120_Prancheta-1-1024x110.jpg 1024w, https:\/\/jornalfatosenoticias.com.br\/wp-content\/uploads\/2022\/10\/Arte-jornal-Zucchi-1120x120_Prancheta-1-300x32.jpg 300w, https:\/\/jornalfatosenoticias.com.br\/wp-content\/uploads\/2022\/10\/Arte-jornal-Zucchi-1120x120_Prancheta-1-768x82.jpg 768w, https:\/\/jornalfatosenoticias.com.br\/wp-content\/uploads\/2022\/10\/Arte-jornal-Zucchi-1120x120_Prancheta-1-1536x165.jpg 1536w, https:\/\/jornalfatosenoticias.com.br\/wp-content\/uploads\/2022\/10\/Arte-jornal-Zucchi-1120x120_Prancheta-1-2048x219.jpg 2048w\" sizes=\"auto, (max-width: 1024px) 100vw, 1024px\" \/><\/figure><\/div>\n\n\n\n<p><strong><span class=\"has-inline-color has-vivid-cyan-blue-color\">C\u00e1psula compost\u00e1vel<br><\/span><\/strong>Feitas com papel certificado pela organiza\u00e7\u00e3o n\u00e3o governamental FSC (Forest Stewardship Council) e um pol\u00edmero biodegrad\u00e1vel compost\u00e1vel, a c\u00e1psula protege o caf\u00e9 de alta qualidade da oxida\u00e7\u00e3o e garante a extra\u00e7\u00e3o perfeita. <\/p>\n\n\n\n<div class=\"wp-block-image\"><figure class=\"aligncenter size-large is-resized\"><img loading=\"lazy\" decoding=\"async\" src=\"https:\/\/jornalfatosenoticias.com.br\/wp-content\/uploads\/2020\/02\/logo-clinica-limoeiro.jpg\" alt=\"\" class=\"wp-image-34610\" width=\"292\" height=\"207\"\/><\/figure><\/div>\n\n\n\n<p>Al\u00e9m disso, as c\u00e1psulas de NEO foram criadas para se decompor ao exemplo das cascas de fruta: de forma natural e em cerca de seis meses. Elas tamb\u00e9m possuem os selos OK Compost Home e OK Compost Industrial, que comprovam sua compostagem dom\u00e9stica e industrial pela certificadora ambiental TUV \u00c1ustria.<\/p>\n\n\n\n<div class=\"wp-block-image\"><figure class=\"aligncenter size-large\"><img loading=\"lazy\" decoding=\"async\" width=\"560\" height=\"60\" src=\"https:\/\/jornalfatosenoticias.com.br\/wp-content\/uploads\/2022\/10\/Propaganda-RC-Radiadores-Jornal_page-0001.jpg\" alt=\"\" class=\"wp-image-35270\" srcset=\"https:\/\/jornalfatosenoticias.com.br\/wp-content\/uploads\/2022\/10\/Propaganda-RC-Radiadores-Jornal_page-0001.jpg 560w, https:\/\/jornalfatosenoticias.com.br\/wp-content\/uploads\/2022\/10\/Propaganda-RC-Radiadores-Jornal_page-0001-300x32.jpg 300w\" sizes=\"auto, (max-width: 560px) 100vw, 560px\" \/><\/figure><\/div>\n\n\n\n<figure class=\"wp-block-image size-large\"><img loading=\"lazy\" decoding=\"async\" width=\"1000\" height=\"562\" src=\"https:\/\/jornalfatosenoticias.com.br\/wp-content\/uploads\/2022\/11\/Nescafe-Dolce-Gusto-NEO-2.jpg\" alt=\"\" class=\"wp-image-36272\" srcset=\"https:\/\/jornalfatosenoticias.com.br\/wp-content\/uploads\/2022\/11\/Nescafe-Dolce-Gusto-NEO-2.jpg 1000w, https:\/\/jornalfatosenoticias.com.br\/wp-content\/uploads\/2022\/11\/Nescafe-Dolce-Gusto-NEO-2-300x169.jpg 300w, https:\/\/jornalfatosenoticias.com.br\/wp-content\/uploads\/2022\/11\/Nescafe-Dolce-Gusto-NEO-2-768x432.jpg 768w\" sizes=\"auto, (max-width: 1000px) 100vw, 1000px\" \/><figcaption><em><span class=\"has-inline-color has-black-color\">(Foto: Divulga\u00e7\u00e3o\/Nestl\u00e9)<\/span><\/em><\/figcaption><\/figure>\n\n\n\n<p><strong><span class=\"has-inline-color has-vivid-cyan-blue-color\">M\u00e1quina feita para durar<br><\/span><\/strong>Segundo a Nestl\u00e9, as m\u00e1quinas NEO tamb\u00e9m foram projetadas com foco na durabilidade. <\/p>\n\n\n\n<div class=\"wp-block-image\"><figure class=\"aligncenter size-large is-resized\"><img loading=\"lazy\" decoding=\"async\" src=\"https:\/\/jornalfatosenoticias.com.br\/wp-content\/uploads\/2022\/07\/Logo-Grupo-SEI.jpg\" alt=\"\" class=\"wp-image-31973\" width=\"339\" height=\"178\" srcset=\"https:\/\/jornalfatosenoticias.com.br\/wp-content\/uploads\/2022\/07\/Logo-Grupo-SEI.jpg 713w, https:\/\/jornalfatosenoticias.com.br\/wp-content\/uploads\/2022\/07\/Logo-Grupo-SEI-300x158.jpg 300w\" sizes=\"auto, (max-width: 339px) 100vw, 339px\" \/><\/figure><\/div>\n\n\n\n<figure class=\"wp-block-pullquote\"><blockquote><p><span class=\"has-inline-color has-luminous-vivid-orange-color\">A partir do compromisso com a inova\u00e7\u00e3o sustent\u00e1vel de ponta a ponta, seu design resistente foi criado para dez anos de uso. Cuidadosamente pensada a fim de evitar o desperd\u00edcio e prezar o meio ambiente, cada m\u00e1quina \u00e9 feita com pe\u00e7as de alum\u00ednio e pl\u00e1stico reciclados e pode ser reparada com muito mais rapidez e facilidade que as comuns. Com desligamento autom\u00e1tico, tamb\u00e9m garante consumo eficiente de energia\u201d, disse a empresa em nota.<\/span><\/p><\/blockquote><\/figure>\n\n\n\n<div class=\"wp-block-image\"><figure class=\"aligncenter size-large\"><img loading=\"lazy\" decoding=\"async\" width=\"1024\" height=\"111\" src=\"https:\/\/jornalfatosenoticias.com.br\/wp-content\/uploads\/2020\/02\/WhatsApp-Image-2022-09-23-at-12.09.18-1024x111.jpeg\" alt=\"\" class=\"wp-image-34527\" srcset=\"https:\/\/jornalfatosenoticias.com.br\/wp-content\/uploads\/2020\/02\/WhatsApp-Image-2022-09-23-at-12.09.18-1024x111.jpeg 1024w, https:\/\/jornalfatosenoticias.com.br\/wp-content\/uploads\/2020\/02\/WhatsApp-Image-2022-09-23-at-12.09.18-300x32.jpeg 300w, https:\/\/jornalfatosenoticias.com.br\/wp-content\/uploads\/2020\/02\/WhatsApp-Image-2022-09-23-at-12.09.18-768x83.jpeg 768w, https:\/\/jornalfatosenoticias.com.br\/wp-content\/uploads\/2020\/02\/WhatsApp-Image-2022-09-23-at-12.09.18.jpeg 1121w\" sizes=\"auto, (max-width: 1024px) 100vw, 1024px\" \/><\/figure><\/div>\n\n\n\n<p><strong><span class=\"has-inline-color has-vivid-cyan-blue-color\">Fabrica\u00e7\u00e3o com baixa pegada de carbono<br><\/span><\/strong>As c\u00e1psulas ser\u00e3o produzidas na F\u00e1brica Triplo Zero, de Nescaf\u00e9 <a href=\"https:\/\/ciclovivo.com.br\/planeta\/meio-ambiente\/dolce-gusto-coleta-reciclagem-capsulas\/\" target=\"_blank\" rel=\"noreferrer noopener\">Dolce Gusto<\/a>, em Montes Claros (MG). Primeira unidade da Nestl\u00e9 no mundo a receber certifica\u00e7\u00e3o de Impacto Ambiental Neutro em todas as etapas industriais, a f\u00e1brica utiliza somente \u00e1gua de reuso, n\u00e3o gera res\u00edduos para aterros, e neutraliza 100% das suas emiss\u00f5es.<\/p>\n\n\n\n<div class=\"wp-block-image\"><figure class=\"aligncenter size-large is-resized\"><img loading=\"lazy\" decoding=\"async\" src=\"https:\/\/jornalfatosenoticias.com.br\/wp-content\/uploads\/2022\/08\/logo-locau-veiculos-1024x573.png\" alt=\"\" class=\"wp-image-33078\" width=\"321\" height=\"179\"\/><\/figure><\/div>\n\n\n\n<p>De acordo com a empresa, a m\u00e1quina Nescaf\u00e9 Dolce Gusto NEO estar\u00e1 \u00e0 venda a partir de 1\u00b0 de dezembro, <a href=\"https:\/\/www.nescafe-dolcegusto.com.br\/listaespera\" target=\"_blank\" rel=\"noreferrer noopener\">saiba mais aqui<\/a>.<\/p>\n\n\n\n<p><strong><em>Fonte: <a href=\"https:\/\/ciclovivo.com.br\/inovacao\/negocios\/cafeteira-que-usa-capsulas-compostaveis-e-lancada-no-brasil\/\">CicloVivo<\/a><\/em><\/strong><\/p>\n","protected":false},"excerpt":{"rendered":"<p>Feitas com papel, c\u00e1psulas se decomp\u00f5em em seis meses A Nestl\u00e9 anunciou o lan\u00e7amento da Nescaf\u00e9 Dolce Gusto NEO, uma m\u00e1quina feita para receber c\u00e1psulas compost\u00e1veis que une tecnologia de ponta e sustentabilidade. O Brasil \u00e9 o primeiro pa\u00eds a receber a inova\u00e7\u00e3o e produzir\u00e1 100% das c\u00e1psulas feitas com papel, na f\u00e1brica sustent\u00e1vel de [&hellip;]<\/p>\n","protected":false},"author":2,"featured_media":36273,"comment_status":"open","ping_status":"open","sticky":false,"template":"","format":"standard","meta":{"footnotes":""},"categories":[3],"tags":[17022,17023,17024,16081,17025],"class_list":["post-36271","post","type-post","status-publish","format-standard","has-post-thumbnail","hentry","category-tecnologia","tag-cafeteira","tag-capsulas","tag-capsulas-compostaveis","tag-capsulas-de-cafe","tag-nestle"],"yoast_head":"<!-- This site is optimized with the Yoast SEO plugin v26.5 - https:\/\/yoast.com\/wordpress\/plugins\/seo\/ -->\n<title>Cafeteira que usa c\u00e1psulas compost\u00e1veis \u00e9 lan\u00e7ada no Brasil - Jornal Fatos e Not\u00edcias<\/title>\n<meta name=\"robots\" content=\"index, follow, max-snippet:-1, max-image-preview:large, max-video-preview:-1\" \/>\n<link rel=\"canonical\" href=\"https:\/\/jornalfatosenoticias.com.br\/index.php\/2022\/11\/23\/cafeteira-que-usa-capsulas-compostaveis-e-lancada-no-brasil\/\" \/>\n<meta property=\"og:locale\" content=\"pt_BR\" \/>\n<meta property=\"og:type\" content=\"article\" \/>\n<meta property=\"og:title\" content=\"Cafeteira que usa c\u00e1psulas compost\u00e1veis \u00e9 lan\u00e7ada no Brasil - Jornal Fatos e Not\u00edcias\" \/>\n<meta property=\"og:description\" content=\"Feitas com papel, c\u00e1psulas se decomp\u00f5em em seis meses A Nestl\u00e9 anunciou o lan\u00e7amento da Nescaf\u00e9 Dolce Gusto NEO, uma m\u00e1quina feita para receber c\u00e1psulas compost\u00e1veis que une tecnologia de ponta e sustentabilidade. O Brasil \u00e9 o primeiro pa\u00eds a receber a inova\u00e7\u00e3o e produzir\u00e1 100% das c\u00e1psulas feitas com papel, na f\u00e1brica sustent\u00e1vel de [&hellip;]\" \/>\n<meta property=\"og:url\" content=\"https:\/\/jornalfatosenoticias.com.br\/index.php\/2022\/11\/23\/cafeteira-que-usa-capsulas-compostaveis-e-lancada-no-brasil\/\" \/>\n<meta property=\"og:site_name\" content=\"Jornal Fatos e Not\u00edcias\" \/>\n<meta property=\"article:published_time\" content=\"2022-11-23T14:15:31+00:00\" \/>\n<meta property=\"article:modified_time\" content=\"2022-11-23T14:15:34+00:00\" \/>\n<meta property=\"og:image\" content=\"https:\/\/jornalfatosenoticias.com.br\/wp-content\/uploads\/2022\/11\/Nescafe-Dolce-Gusto-NEO-capsulas-compostaveis.jpg\" \/>\n\t<meta property=\"og:image:width\" content=\"1000\" \/>\n\t<meta property=\"og:image:height\" content=\"537\" \/>\n\t<meta property=\"og:image:type\" content=\"image\/jpeg\" \/>\n<meta name=\"author\" content=\"Luzimara Fernandes\" \/>\n<meta name=\"twitter:card\" content=\"summary_large_image\" \/>\n<meta name=\"twitter:label1\" content=\"Escrito por\" \/>\n\t<meta name=\"twitter:data1\" content=\"Luzimara Fernandes\" \/>\n\t<meta name=\"twitter:label2\" content=\"Est. tempo de leitura\" \/>\n\t<meta name=\"twitter:data2\" content=\"2 minutos\" \/>\n<script type=\"application\/ld+json\" class=\"yoast-schema-graph\">{\"@context\":\"https:\/\/schema.org\",\"@graph\":[{\"@type\":\"Article\",\"@id\":\"https:\/\/jornalfatosenoticias.com.br\/index.php\/2022\/11\/23\/cafeteira-que-usa-capsulas-compostaveis-e-lancada-no-brasil\/#article\",\"isPartOf\":{\"@id\":\"https:\/\/jornalfatosenoticias.com.br\/index.php\/2022\/11\/23\/cafeteira-que-usa-capsulas-compostaveis-e-lancada-no-brasil\/\"},\"author\":{\"name\":\"Luzimara Fernandes\",\"@id\":\"https:\/\/jornalfatosenoticias.com.br\/#\/schema\/person\/d63837fa13ac8666eb9e74e0985d6f81\"},\"headline\":\"Cafeteira que usa c\u00e1psulas compost\u00e1veis \u00e9 lan\u00e7ada no Brasil\",\"datePublished\":\"2022-11-23T14:15:31+00:00\",\"dateModified\":\"2022-11-23T14:15:34+00:00\",\"mainEntityOfPage\":{\"@id\":\"https:\/\/jornalfatosenoticias.com.br\/index.php\/2022\/11\/23\/cafeteira-que-usa-capsulas-compostaveis-e-lancada-no-brasil\/\"},\"wordCount\":458,\"commentCount\":0,\"publisher\":{\"@id\":\"https:\/\/jornalfatosenoticias.com.br\/#organization\"},\"image\":{\"@id\":\"https:\/\/jornalfatosenoticias.com.br\/index.php\/2022\/11\/23\/cafeteira-que-usa-capsulas-compostaveis-e-lancada-no-brasil\/#primaryimage\"},\"thumbnailUrl\":\"https:\/\/jornalfatosenoticias.com.br\/wp-content\/uploads\/2022\/11\/Nescafe-Dolce-Gusto-NEO-capsulas-compostaveis.jpg\",\"keywords\":[\"cafeteira\",\"c\u00e1psulas\",\"c\u00e1psulas compost\u00e1veis\",\"c\u00e1psulas de caf\u00e9\",\"Nestl\u00e9\"],\"articleSection\":[\"Tecnologia &amp; Inova\u00e7\u00e3o\"],\"inLanguage\":\"pt-BR\",\"potentialAction\":[{\"@type\":\"CommentAction\",\"name\":\"Comment\",\"target\":[\"https:\/\/jornalfatosenoticias.com.br\/index.php\/2022\/11\/23\/cafeteira-que-usa-capsulas-compostaveis-e-lancada-no-brasil\/#respond\"]}]},{\"@type\":\"WebPage\",\"@id\":\"https:\/\/jornalfatosenoticias.com.br\/index.php\/2022\/11\/23\/cafeteira-que-usa-capsulas-compostaveis-e-lancada-no-brasil\/\",\"url\":\"https:\/\/jornalfatosenoticias.com.br\/index.php\/2022\/11\/23\/cafeteira-que-usa-capsulas-compostaveis-e-lancada-no-brasil\/\",\"name\":\"Cafeteira que usa c\u00e1psulas compost\u00e1veis \u00e9 lan\u00e7ada no Brasil - Jornal Fatos e Not\u00edcias\",\"isPartOf\":{\"@id\":\"https:\/\/jornalfatosenoticias.com.br\/#website\"},\"primaryImageOfPage\":{\"@id\":\"https:\/\/jornalfatosenoticias.com.br\/index.php\/2022\/11\/23\/cafeteira-que-usa-capsulas-compostaveis-e-lancada-no-brasil\/#primaryimage\"},\"image\":{\"@id\":\"https:\/\/jornalfatosenoticias.com.br\/index.php\/2022\/11\/23\/cafeteira-que-usa-capsulas-compostaveis-e-lancada-no-brasil\/#primaryimage\"},\"thumbnailUrl\":\"https:\/\/jornalfatosenoticias.com.br\/wp-content\/uploads\/2022\/11\/Nescafe-Dolce-Gusto-NEO-capsulas-compostaveis.jpg\",\"datePublished\":\"2022-11-23T14:15:31+00:00\",\"dateModified\":\"2022-11-23T14:15:34+00:00\",\"breadcrumb\":{\"@id\":\"https:\/\/jornalfatosenoticias.com.br\/index.php\/2022\/11\/23\/cafeteira-que-usa-capsulas-compostaveis-e-lancada-no-brasil\/#breadcrumb\"},\"inLanguage\":\"pt-BR\",\"potentialAction\":[{\"@type\":\"ReadAction\",\"target\":[\"https:\/\/jornalfatosenoticias.com.br\/index.php\/2022\/11\/23\/cafeteira-que-usa-capsulas-compostaveis-e-lancada-no-brasil\/\"]}]},{\"@type\":\"ImageObject\",\"inLanguage\":\"pt-BR\",\"@id\":\"https:\/\/jornalfatosenoticias.com.br\/index.php\/2022\/11\/23\/cafeteira-que-usa-capsulas-compostaveis-e-lancada-no-brasil\/#primaryimage\",\"url\":\"https:\/\/jornalfatosenoticias.com.br\/wp-content\/uploads\/2022\/11\/Nescafe-Dolce-Gusto-NEO-capsulas-compostaveis.jpg\",\"contentUrl\":\"https:\/\/jornalfatosenoticias.com.br\/wp-content\/uploads\/2022\/11\/Nescafe-Dolce-Gusto-NEO-capsulas-compostaveis.jpg\",\"width\":1000,\"height\":537},{\"@type\":\"BreadcrumbList\",\"@id\":\"https:\/\/jornalfatosenoticias.com.br\/index.php\/2022\/11\/23\/cafeteira-que-usa-capsulas-compostaveis-e-lancada-no-brasil\/#breadcrumb\",\"itemListElement\":[{\"@type\":\"ListItem\",\"position\":1,\"name\":\"In\u00edcio\",\"item\":\"https:\/\/jornalfatosenoticias.com.br\/\"},{\"@type\":\"ListItem\",\"position\":2,\"name\":\"Cafeteira que usa c\u00e1psulas compost\u00e1veis \u00e9 lan\u00e7ada no Brasil\"}]},{\"@type\":\"WebSite\",\"@id\":\"https:\/\/jornalfatosenoticias.com.br\/#website\",\"url\":\"https:\/\/jornalfatosenoticias.com.br\/\",\"name\":\"Jornal Fatos e Not\u00edcias\",\"description\":\"Not\u00edcias em geral\",\"publisher\":{\"@id\":\"https:\/\/jornalfatosenoticias.com.br\/#organization\"},\"potentialAction\":[{\"@type\":\"SearchAction\",\"target\":{\"@type\":\"EntryPoint\",\"urlTemplate\":\"https:\/\/jornalfatosenoticias.com.br\/?s={search_term_string}\"},\"query-input\":{\"@type\":\"PropertyValueSpecification\",\"valueRequired\":true,\"valueName\":\"search_term_string\"}}],\"inLanguage\":\"pt-BR\"},{\"@type\":\"Organization\",\"@id\":\"https:\/\/jornalfatosenoticias.com.br\/#organization\",\"name\":\"Jornal Fatos e Not\u00edcias\",\"url\":\"https:\/\/jornalfatosenoticias.com.br\/\",\"logo\":{\"@type\":\"ImageObject\",\"inLanguage\":\"pt-BR\",\"@id\":\"https:\/\/jornalfatosenoticias.com.br\/#\/schema\/logo\/image\/\",\"url\":\"https:\/\/jornalfatosenoticias.com.br\/wp-content\/uploads\/2020\/02\/logo120.png\",\"contentUrl\":\"https:\/\/jornalfatosenoticias.com.br\/wp-content\/uploads\/2020\/02\/logo120.png\",\"width\":1227,\"height\":120,\"caption\":\"Jornal Fatos e Not\u00edcias\"},\"image\":{\"@id\":\"https:\/\/jornalfatosenoticias.com.br\/#\/schema\/logo\/image\/\"}},{\"@type\":\"Person\",\"@id\":\"https:\/\/jornalfatosenoticias.com.br\/#\/schema\/person\/d63837fa13ac8666eb9e74e0985d6f81\",\"name\":\"Luzimara Fernandes\",\"image\":{\"@type\":\"ImageObject\",\"inLanguage\":\"pt-BR\",\"@id\":\"https:\/\/jornalfatosenoticias.com.br\/#\/schema\/person\/image\/\",\"url\":\"https:\/\/jornalfatosenoticias.com.br\/wp-content\/uploads\/2025\/05\/EU_portal.jpg\",\"contentUrl\":\"https:\/\/jornalfatosenoticias.com.br\/wp-content\/uploads\/2025\/05\/EU_portal.jpg\",\"caption\":\"Luzimara Fernandes\"},\"description\":\"Jornalista MTB 2358-ES\",\"sameAs\":[\"https:\/\/jornalfatosenoticias.com.br\"],\"url\":\"https:\/\/jornalfatosenoticias.com.br\/index.php\/author\/luzimara\/\"}]}<\/script>\n<!-- \/ Yoast SEO plugin. -->","yoast_head_json":{"title":"Cafeteira que usa c\u00e1psulas compost\u00e1veis \u00e9 lan\u00e7ada no Brasil - Jornal Fatos e Not\u00edcias","robots":{"index":"index","follow":"follow","max-snippet":"max-snippet:-1","max-image-preview":"max-image-preview:large","max-video-preview":"max-video-preview:-1"},"canonical":"https:\/\/jornalfatosenoticias.com.br\/index.php\/2022\/11\/23\/cafeteira-que-usa-capsulas-compostaveis-e-lancada-no-brasil\/","og_locale":"pt_BR","og_type":"article","og_title":"Cafeteira que usa c\u00e1psulas compost\u00e1veis \u00e9 lan\u00e7ada no Brasil - Jornal Fatos e Not\u00edcias","og_description":"Feitas com papel, c\u00e1psulas se decomp\u00f5em em seis meses A Nestl\u00e9 anunciou o lan\u00e7amento da Nescaf\u00e9 Dolce Gusto NEO, uma m\u00e1quina feita para receber c\u00e1psulas compost\u00e1veis que une tecnologia de ponta e sustentabilidade. O Brasil \u00e9 o primeiro pa\u00eds a receber a inova\u00e7\u00e3o e produzir\u00e1 100% das c\u00e1psulas feitas com papel, na f\u00e1brica sustent\u00e1vel de [&hellip;]","og_url":"https:\/\/jornalfatosenoticias.com.br\/index.php\/2022\/11\/23\/cafeteira-que-usa-capsulas-compostaveis-e-lancada-no-brasil\/","og_site_name":"Jornal Fatos e Not\u00edcias","article_published_time":"2022-11-23T14:15:31+00:00","article_modified_time":"2022-11-23T14:15:34+00:00","og_image":[{"width":1000,"height":537,"url":"https:\/\/jornalfatosenoticias.com.br\/wp-content\/uploads\/2022\/11\/Nescafe-Dolce-Gusto-NEO-capsulas-compostaveis.jpg","type":"image\/jpeg"}],"author":"Luzimara Fernandes","twitter_card":"summary_large_image","twitter_misc":{"Escrito por":"Luzimara Fernandes","Est. tempo de leitura":"2 minutos"},"schema":{"@context":"https:\/\/schema.org","@graph":[{"@type":"Article","@id":"https:\/\/jornalfatosenoticias.com.br\/index.php\/2022\/11\/23\/cafeteira-que-usa-capsulas-compostaveis-e-lancada-no-brasil\/#article","isPartOf":{"@id":"https:\/\/jornalfatosenoticias.com.br\/index.php\/2022\/11\/23\/cafeteira-que-usa-capsulas-compostaveis-e-lancada-no-brasil\/"},"author":{"name":"Luzimara Fernandes","@id":"https:\/\/jornalfatosenoticias.com.br\/#\/schema\/person\/d63837fa13ac8666eb9e74e0985d6f81"},"headline":"Cafeteira que usa c\u00e1psulas compost\u00e1veis \u00e9 lan\u00e7ada no Brasil","datePublished":"2022-11-23T14:15:31+00:00","dateModified":"2022-11-23T14:15:34+00:00","mainEntityOfPage":{"@id":"https:\/\/jornalfatosenoticias.com.br\/index.php\/2022\/11\/23\/cafeteira-que-usa-capsulas-compostaveis-e-lancada-no-brasil\/"},"wordCount":458,"commentCount":0,"publisher":{"@id":"https:\/\/jornalfatosenoticias.com.br\/#organization"},"image":{"@id":"https:\/\/jornalfatosenoticias.com.br\/index.php\/2022\/11\/23\/cafeteira-que-usa-capsulas-compostaveis-e-lancada-no-brasil\/#primaryimage"},"thumbnailUrl":"https:\/\/jornalfatosenoticias.com.br\/wp-content\/uploads\/2022\/11\/Nescafe-Dolce-Gusto-NEO-capsulas-compostaveis.jpg","keywords":["cafeteira","c\u00e1psulas","c\u00e1psulas compost\u00e1veis","c\u00e1psulas de caf\u00e9","Nestl\u00e9"],"articleSection":["Tecnologia &amp; Inova\u00e7\u00e3o"],"inLanguage":"pt-BR","potentialAction":[{"@type":"CommentAction","name":"Comment","target":["https:\/\/jornalfatosenoticias.com.br\/index.php\/2022\/11\/23\/cafeteira-que-usa-capsulas-compostaveis-e-lancada-no-brasil\/#respond"]}]},{"@type":"WebPage","@id":"https:\/\/jornalfatosenoticias.com.br\/index.php\/2022\/11\/23\/cafeteira-que-usa-capsulas-compostaveis-e-lancada-no-brasil\/","url":"https:\/\/jornalfatosenoticias.com.br\/index.php\/2022\/11\/23\/cafeteira-que-usa-capsulas-compostaveis-e-lancada-no-brasil\/","name":"Cafeteira que usa c\u00e1psulas compost\u00e1veis \u00e9 lan\u00e7ada no Brasil - Jornal Fatos e Not\u00edcias","isPartOf":{"@id":"https:\/\/jornalfatosenoticias.com.br\/#website"},"primaryImageOfPage":{"@id":"https:\/\/jornalfatosenoticias.com.br\/index.php\/2022\/11\/23\/cafeteira-que-usa-capsulas-compostaveis-e-lancada-no-brasil\/#primaryimage"},"image":{"@id":"https:\/\/jornalfatosenoticias.com.br\/index.php\/2022\/11\/23\/cafeteira-que-usa-capsulas-compostaveis-e-lancada-no-brasil\/#primaryimage"},"thumbnailUrl":"https:\/\/jornalfatosenoticias.com.br\/wp-content\/uploads\/2022\/11\/Nescafe-Dolce-Gusto-NEO-capsulas-compostaveis.jpg","datePublished":"2022-11-23T14:15:31+00:00","dateModified":"2022-11-23T14:15:34+00:00","breadcrumb":{"@id":"https:\/\/jornalfatosenoticias.com.br\/index.php\/2022\/11\/23\/cafeteira-que-usa-capsulas-compostaveis-e-lancada-no-brasil\/#breadcrumb"},"inLanguage":"pt-BR","potentialAction":[{"@type":"ReadAction","target":["https:\/\/jornalfatosenoticias.com.br\/index.php\/2022\/11\/23\/cafeteira-que-usa-capsulas-compostaveis-e-lancada-no-brasil\/"]}]},{"@type":"ImageObject","inLanguage":"pt-BR","@id":"https:\/\/jornalfatosenoticias.com.br\/index.php\/2022\/11\/23\/cafeteira-que-usa-capsulas-compostaveis-e-lancada-no-brasil\/#primaryimage","url":"https:\/\/jornalfatosenoticias.com.br\/wp-content\/uploads\/2022\/11\/Nescafe-Dolce-Gusto-NEO-capsulas-compostaveis.jpg","contentUrl":"https:\/\/jornalfatosenoticias.com.br\/wp-content\/uploads\/2022\/11\/Nescafe-Dolce-Gusto-NEO-capsulas-compostaveis.jpg","width":1000,"height":537},{"@type":"BreadcrumbList","@id":"https:\/\/jornalfatosenoticias.com.br\/index.php\/2022\/11\/23\/cafeteira-que-usa-capsulas-compostaveis-e-lancada-no-brasil\/#breadcrumb","itemListElement":[{"@type":"ListItem","position":1,"name":"In\u00edcio","item":"https:\/\/jornalfatosenoticias.com.br\/"},{"@type":"ListItem","position":2,"name":"Cafeteira que usa c\u00e1psulas compost\u00e1veis \u00e9 lan\u00e7ada no Brasil"}]},{"@type":"WebSite","@id":"https:\/\/jornalfatosenoticias.com.br\/#website","url":"https:\/\/jornalfatosenoticias.com.br\/","name":"Jornal Fatos e Not\u00edcias","description":"Not\u00edcias em geral","publisher":{"@id":"https:\/\/jornalfatosenoticias.com.br\/#organization"},"potentialAction":[{"@type":"SearchAction","target":{"@type":"EntryPoint","urlTemplate":"https:\/\/jornalfatosenoticias.com.br\/?s={search_term_string}"},"query-input":{"@type":"PropertyValueSpecification","valueRequired":true,"valueName":"search_term_string"}}],"inLanguage":"pt-BR"},{"@type":"Organization","@id":"https:\/\/jornalfatosenoticias.com.br\/#organization","name":"Jornal Fatos e Not\u00edcias","url":"https:\/\/jornalfatosenoticias.com.br\/","logo":{"@type":"ImageObject","inLanguage":"pt-BR","@id":"https:\/\/jornalfatosenoticias.com.br\/#\/schema\/logo\/image\/","url":"https:\/\/jornalfatosenoticias.com.br\/wp-content\/uploads\/2020\/02\/logo120.png","contentUrl":"https:\/\/jornalfatosenoticias.com.br\/wp-content\/uploads\/2020\/02\/logo120.png","width":1227,"height":120,"caption":"Jornal Fatos e Not\u00edcias"},"image":{"@id":"https:\/\/jornalfatosenoticias.com.br\/#\/schema\/logo\/image\/"}},{"@type":"Person","@id":"https:\/\/jornalfatosenoticias.com.br\/#\/schema\/person\/d63837fa13ac8666eb9e74e0985d6f81","name":"Luzimara Fernandes","image":{"@type":"ImageObject","inLanguage":"pt-BR","@id":"https:\/\/jornalfatosenoticias.com.br\/#\/schema\/person\/image\/","url":"https:\/\/jornalfatosenoticias.com.br\/wp-content\/uploads\/2025\/05\/EU_portal.jpg","contentUrl":"https:\/\/jornalfatosenoticias.com.br\/wp-content\/uploads\/2025\/05\/EU_portal.jpg","caption":"Luzimara Fernandes"},"description":"Jornalista MTB 2358-ES","sameAs":["https:\/\/jornalfatosenoticias.com.br"],"url":"https:\/\/jornalfatosenoticias.com.br\/index.php\/author\/luzimara\/"}]}},"cc_featured_image_caption":{"caption_text":"(Foto: Divulga\u00e7\u00e3o\/Nestl\u00e9) ","source_text":"","source_url":""},"jetpack_featured_media_url":"https:\/\/jornalfatosenoticias.com.br\/wp-content\/uploads\/2022\/11\/Nescafe-Dolce-Gusto-NEO-capsulas-compostaveis.jpg","_links":{"self":[{"href":"https:\/\/jornalfatosenoticias.com.br\/index.php\/wp-json\/wp\/v2\/posts\/36271","targetHints":{"allow":["GET"]}}],"collection":[{"href":"https:\/\/jornalfatosenoticias.com.br\/index.php\/wp-json\/wp\/v2\/posts"}],"about":[{"href":"https:\/\/jornalfatosenoticias.com.br\/index.php\/wp-json\/wp\/v2\/types\/post"}],"author":[{"embeddable":true,"href":"https:\/\/jornalfatosenoticias.com.br\/index.php\/wp-json\/wp\/v2\/users\/2"}],"replies":[{"embeddable":true,"href":"https:\/\/jornalfatosenoticias.com.br\/index.php\/wp-json\/wp\/v2\/comments?post=36271"}],"version-history":[{"count":0,"href":"https:\/\/jornalfatosenoticias.com.br\/index.php\/wp-json\/wp\/v2\/posts\/36271\/revisions"}],"wp:featuredmedia":[{"embeddable":true,"href":"https:\/\/jornalfatosenoticias.com.br\/index.php\/wp-json\/wp\/v2\/media\/36273"}],"wp:attachment":[{"href":"https:\/\/jornalfatosenoticias.com.br\/index.php\/wp-json\/wp\/v2\/media?parent=36271"}],"wp:term":[{"taxonomy":"category","embeddable":true,"href":"https:\/\/jornalfatosenoticias.com.br\/index.php\/wp-json\/wp\/v2\/categories?post=36271"},{"taxonomy":"post_tag","embeddable":true,"href":"https:\/\/jornalfatosenoticias.com.br\/index.php\/wp-json\/wp\/v2\/tags?post=36271"}],"curies":[{"name":"wp","href":"https:\/\/api.w.org\/{rel}","templated":true}]}}